{"id":33668,"date":"2024-04-25T22:27:55","date_gmt":"2024-04-25T20:27:55","guid":{"rendered":"https:\/\/www.radlobby.org\/noe\/?p=33668"},"modified":"2024-04-26T17:44:03","modified_gmt":"2024-04-26T15:44:03","slug":"5-wolkersdorfer-radparade","status":"publish","type":"post","link":"https:\/\/www.radlobby.org\/noe\/5-wolkersdorfer-radparade\/","title":{"rendered":"RADpaRADe und RADfest &#8211; Kind und Kegel radelt und feiert mit"},"content":{"rendered":"<h3><\/h3>\n<h4><a href=\"https:\/\/www.radlobby.org\/noe\/wp-content\/uploads\/2024_Radparade_Fest_Plakat_Wolkersdorf_2-rotated.jpg\" data-src=\"https:\/\/www.radlobby.org\/noe\/wp-content\/uploads\/2024_Radparade_Fest_Plakat_Wolkersdorf_2-rotated.jpg\" data-thumb=\"https:\/\/www.radlobby.org\/noe\/wp-content\/uploads\/2024_Radparade_Fest_Plakat_Wolkersdorf_2-212x300.jpg\" class=\"ml-lightbox-enabled\"><img loading=\"lazy\" decoding=\"async\" class=\"alignright wp-image-34275 size-medium\" src=\"https:\/\/www.radlobby.org\/noe\/wp-content\/uploads\/2024_Radparade_Fest_Plakat_Wolkersdorf_2-212x300.jpg\" alt=\"\" width=\"212\" height=\"300\" srcset=\"https:\/\/www.radlobby.org\/noe\/wp-content\/uploads\/2024_Radparade_Fest_Plakat_Wolkersdorf_2-212x300.jpg 212w, https:\/\/www.radlobby.org\/noe\/wp-content\/uploads\/2024_Radparade_Fest_Plakat_Wolkersdorf_2-rotated.jpg 455w\" sizes=\"auto, (max-width: 212px) 100vw, 212px\" \/><\/a>5. Wolkersdorfer RADpaRADe<\/h4>\n<p><span style=\"color: #000000;\">Unter dem Moto &#8220;Kind und Kegel&#8221; sind alle dazu aufgerufen zu zeigen, wer und was alles auf unseren Stra\u00dfen Platz ben\u00f6tigt. Schnappt eure Freundinnen, Freunde und Familien und kommt mit Fahrr\u00e4dern, Kinderr\u00e4dern, Lastenr\u00e4dern, Anh\u00e4ngern und was ihr sonst noch alles mit eurer Muskelkraft durch die Stra\u00dfen unserer Gemeinde bef\u00f6rdert.\u00a0<\/span><\/p>\n<p>&nbsp;<\/p>\n<h4><strong>RADfest<\/strong><\/h4>\n<p>Neben <strong>5 Jahre Wolkersdorfer RADpaRADe<\/strong> feiert die <strong>Radlobby Wolkersdorf<\/strong> selbst ebenfalls ein Jubil\u00e4um &#8211; bereits <strong>seit 10 Jahren<\/strong> setzt sich eine wachsende Gruppe Radbegeisterte f\u00fcr die F\u00f6rderung des Radverkehrs in unserer Gemeinde ein.<\/p>\n<p><a href=\"https:\/\/www.radlobby.org\/noe\/wp-content\/uploads\/Radparade_Wodo_2023_14_s.jpg\" data-src=\"https:\/\/www.radlobby.org\/noe\/wp-content\/uploads\/Radparade_Wodo_2023_14_s.jpg\" data-thumb=\"https:\/\/www.radlobby.org\/noe\/wp-content\/uploads\/Radparade_Wodo_2023_14_s-225x300.jpg\" class=\"ml-lightbox-enabled\"><img loading=\"lazy\" decoding=\"async\" class=\"alignright wp-image-29686\" src=\"https:\/\/www.radlobby.org\/noe\/wp-content\/uploads\/Radparade_Wodo_2023_14_s-225x300.jpg\" alt=\"\" width=\"212\" height=\"283\" srcset=\"https:\/\/www.radlobby.org\/noe\/wp-content\/uploads\/Radparade_Wodo_2023_14_s-225x300.jpg 225w, https:\/\/www.radlobby.org\/noe\/wp-content\/uploads\/Radparade_Wodo_2023_14_s-768x1024.jpg 768w, https:\/\/www.radlobby.org\/noe\/wp-content\/uploads\/Radparade_Wodo_2023_14_s-1152x1536.jpg 1152w, https:\/\/www.radlobby.org\/noe\/wp-content\/uploads\/Radparade_Wodo_2023_14_s.jpg 1512w\" sizes=\"auto, (max-width: 212px) 100vw, 212px\" \/><\/a>Als Interessensvertretung f\u00fcr Radler*innen bem\u00fcht sich die Radlobby Wolkersdorf um eine konsequente Ber\u00fccksichtigung des Radverkehrs beginnend mit Bewusstseinsbildung, \u00fcber Verkehrsorganisation, Infrastruktur, Stra\u00dfenbau bis hin zur Gesetzgebung. Das wollen wir im Anschluss an die Radparade mit einem <strong>RADfest f\u00fcr die ganze Familie<\/strong> feiern. Neben einem Buffet von den <a href=\"https:\/\/www.diezwoaweinviertla.at\">Zwoa Weinviertla<\/a> wird es Spiel, Spa\u00df und Action f\u00fcr Gro\u00df und Klein rund um das Thema Radfahren geben!<\/p>\n<ul>\n<li>Radparcour f\u00fcr Kinder<\/li>\n<li>Langsamfahrwettbewerb<\/li>\n<li>Fahrradquiz<\/li>\n<li>Dosenabschie\u00dfen<\/li>\n<li>Crazy.Bikes f\u00fcr verr\u00fccktes Testradeln<\/li>\n<li>gratis Radlcheck<\/li>\n<\/ul>\n<p>und, und, &#8230;&#8230;.<\/p>\n<p>Setze ein Zeichen f\u00fcr die nachhaltige Fortbewegung in Wolkersdorf &#8211; komm zur 5. Wolkersdorfer RADpaRADe.<\/p>\n<h5>Start RADpaRADe<br \/>\n27. April 2024, 10 Uhr \u2022 Hauptplatz Wolkersdorf<\/h5>\n<p>Im Anschluss findet am Schlossplatz das gro\u00dfe RADfest f\u00fcr Gro\u00df und Klein statt.<\/p>\n<h5>Start RADfest<br \/>\n27. April 2024, 11 &#8211; 14 Uhr \u2022 Schlossplatz Wolkersdorf<\/h5>\n<p>Setzen wir wieder gemeinsam ein Zeichen, dass der \u00f6ffentliche Raum \u2013 dazu z\u00e4hlen vor allem auch die Stra\u00dfen \u2013 uns allen geh\u00f6rt.<\/p>\n<div class=\"gmail_default\">\n<p class=\"gmail_default\"><span style=\"font-size: 16px;\">Die Runde der RADpaRADe wird ca. eine Stunde dauern.<\/span><\/p>\n<p><strong>Die Strecke:<\/strong><\/p>\n<\/div>\n<p><iframe loading=\"lazy\" src=\"https:\/\/www.komoot.de\/tour\/728968430\/embed?profile=1\" width=\"100%\" height=\"680\" frameborder=\"0\" scrolling=\"no\"><\/iframe><span style=\"color: #ffffff;\">.<\/span><\/p>\n<div>Hier ein paar Eindr\u00fccke der 4. Wolkersdorfer Radparade aus 2023:<\/div>\n<div><span style=\"color: #ffffff;\">.<\/span><\/div>\n<div class=\"gmail_default\"><img loading=\"lazy\" decoding=\"async\" class=\"alignnone size-medium wp-image-29820\" src=\"https:\/\/www.radlobby.org\/noe\/wp-content\/uploads\/Radparade_Wodo_2023_32-300x200.jpg\" alt=\"\" width=\"300\" height=\"200\" srcset=\"https:\/\/www.radlobby.org\/noe\/wp-content\/uploads\/Radparade_Wodo_2023_32-300x200.jpg 300w, https:\/\/www.radlobby.org\/noe\/wp-content\/uploads\/Radparade_Wodo_2023_32-768x512.jpg 768w, https:\/\/www.radlobby.org\/noe\/wp-content\/uploads\/Radparade_Wodo_2023_32-1536x1024.jpg 1536w, https:\/\/www.radlobby.org\/noe\/wp-content\/uploads\/Radparade_Wodo_2023_32-2048x1365.jpg 2048w\" sizes=\"auto, (max-width: 300px) 100vw, 300px\" \/> <img loading=\"lazy\" decoding=\"async\" class=\"alignnone size-medium wp-image-29821\" src=\"https:\/\/www.radlobby.org\/noe\/wp-content\/uploads\/Radparade_Wodo_2023_33-300x200.jpg\" alt=\"\" width=\"300\" height=\"200\" srcset=\"https:\/\/www.radlobby.org\/noe\/wp-content\/uploads\/Radparade_Wodo_2023_33-300x200.jpg 300w, https:\/\/www.radlobby.org\/noe\/wp-content\/uploads\/Radparade_Wodo_2023_33-768x512.jpg 768w, https:\/\/www.radlobby.org\/noe\/wp-content\/uploads\/Radparade_Wodo_2023_33-1536x1024.jpg 1536w, https:\/\/www.radlobby.org\/noe\/wp-content\/uploads\/Radparade_Wodo_2023_33-2048x1365.jpg 2048w\" sizes=\"auto, (max-width: 300px) 100vw, 300px\" \/> <img loading=\"lazy\" decoding=\"async\" class=\"alignnone size-medium wp-image-29696\" src=\"https:\/\/www.radlobby.org\/noe\/wp-content\/uploads\/Radparade_Wodo_2023_24_s-225x300.jpg\" alt=\"\" width=\"225\" height=\"300\" srcset=\"https:\/\/www.radlobby.org\/noe\/wp-content\/uploads\/Radparade_Wodo_2023_24_s-225x300.jpg 225w, https:\/\/www.radlobby.org\/noe\/wp-content\/uploads\/Radparade_Wodo_2023_24_s-768x1024.jpg 768w, https:\/\/www.radlobby.org\/noe\/wp-content\/uploads\/Radparade_Wodo_2023_24_s-1152x1536.jpg 1152w, https:\/\/www.radlobby.org\/noe\/wp-content\/uploads\/Radparade_Wodo_2023_24_s.jpg 1479w\" sizes=\"auto, (max-width: 225px) 100vw, 225px\" \/> <img loading=\"lazy\" decoding=\"async\" class=\"alignnone size-medium wp-image-29699\" src=\"https:\/\/www.radlobby.org\/noe\/wp-content\/uploads\/IRadparade_Wodo_2023_27_s-225x300.jpg\" alt=\"\" width=\"225\" height=\"300\" srcset=\"https:\/\/www.radlobby.org\/noe\/wp-content\/uploads\/IRadparade_Wodo_2023_27_s-225x300.jpg 225w, https:\/\/www.radlobby.org\/noe\/wp-content\/uploads\/IRadparade_Wodo_2023_27_s-768x1024.jpg 768w, https:\/\/www.radlobby.org\/noe\/wp-content\/uploads\/IRadparade_Wodo_2023_27_s-1152x1536.jpg 1152w, https:\/\/www.radlobby.org\/noe\/wp-content\/uploads\/IRadparade_Wodo_2023_27_s.jpg 1432w\" sizes=\"auto, (max-width: 225px) 100vw, 225px\" \/>\u00a0 <img loading=\"lazy\" decoding=\"async\" class=\"alignnone size-medium wp-image-29697\" src=\"https:\/\/www.radlobby.org\/noe\/wp-content\/uploads\/Radparade_Wodo_2023_25_s-225x300.jpg\" alt=\"\" width=\"225\" height=\"300\" srcset=\"https:\/\/www.radlobby.org\/noe\/wp-content\/uploads\/Radparade_Wodo_2023_25_s-225x300.jpg 225w, https:\/\/www.radlobby.org\/noe\/wp-content\/uploads\/Radparade_Wodo_2023_25_s-768x1023.jpg 768w, https:\/\/www.radlobby.org\/noe\/wp-content\/uploads\/Radparade_Wodo_2023_25_s-1153x1536.jpg 1153w, https:\/\/www.radlobby.org\/noe\/wp-content\/uploads\/Radparade_Wodo_2023_25_s.jpg 1221w\" sizes=\"auto, (max-width: 225px) 100vw, 225px\" \/> <img loading=\"lazy\" decoding=\"async\" class=\"alignnone size-medium wp-image-29694\" src=\"https:\/\/www.radlobby.org\/noe\/wp-content\/uploads\/Radparade_Wodo_2023_28_s-225x300.jpg\" alt=\"\" width=\"225\" height=\"300\" srcset=\"https:\/\/www.radlobby.org\/noe\/wp-content\/uploads\/Radparade_Wodo_2023_28_s-225x300.jpg 225w, https:\/\/www.radlobby.org\/noe\/wp-content\/uploads\/Radparade_Wodo_2023_28_s-768x1024.jpg 768w, https:\/\/www.radlobby.org\/noe\/wp-content\/uploads\/Radparade_Wodo_2023_28_s-1152x1536.jpg 1152w, https:\/\/www.radlobby.org\/noe\/wp-content\/uploads\/Radparade_Wodo_2023_28_s.jpg 1363w\" sizes=\"auto, (max-width: 225px) 100vw, 225px\" \/> <img loading=\"lazy\" decoding=\"async\" class=\"alignnone size-medium wp-image-29686\" src=\"https:\/\/www.radlobby.org\/noe\/wp-content\/uploads\/Radparade_Wodo_2023_14_s-225x300.jpg\" alt=\"\" width=\"225\" height=\"300\" srcset=\"https:\/\/www.radlobby.org\/noe\/wp-content\/uploads\/Radparade_Wodo_2023_14_s-225x300.jpg 225w, https:\/\/www.radlobby.org\/noe\/wp-content\/uploads\/Radparade_Wodo_2023_14_s-768x1024.jpg 768w, https:\/\/www.radlobby.org\/noe\/wp-content\/uploads\/Radparade_Wodo_2023_14_s-1152x1536.jpg 1152w, https:\/\/www.radlobby.org\/noe\/wp-content\/uploads\/Radparade_Wodo_2023_14_s.jpg 1512w\" sizes=\"auto, (max-width: 225px) 100vw, 225px\" \/> <img loading=\"lazy\" decoding=\"async\" class=\"alignnone size-medium wp-image-29685\" src=\"https:\/\/www.radlobby.org\/noe\/wp-content\/uploads\/Radparade_Wodo_2023_13_s-225x300.jpg\" alt=\"\" width=\"225\" height=\"300\" srcset=\"https:\/\/www.radlobby.org\/noe\/wp-content\/uploads\/Radparade_Wodo_2023_13_s-225x300.jpg 225w, https:\/\/www.radlobby.org\/noe\/wp-content\/uploads\/Radparade_Wodo_2023_13_s-768x1023.jpg 768w, https:\/\/www.radlobby.org\/noe\/wp-content\/uploads\/Radparade_Wodo_2023_13_s-1153x1536.jpg 1153w, https:\/\/www.radlobby.org\/noe\/wp-content\/uploads\/Radparade_Wodo_2023_13_s.jpg 1176w\" sizes=\"auto, (max-width: 225px) 100vw, 225px\" \/><\/div>\n","protected":false},"excerpt":{"rendered":"<p>5. Wolkersdorfer RADpaRADe Unter dem Moto &#8220;Kind und Kegel&#8221; sind alle dazu aufgerufen zu zeigen, wer und was alles auf unseren Stra\u00dfen Platz ben\u00f6tigt. Schnappt eure Freundinnen, Freunde und Familien und kommt mit Fahrr\u00e4dern, Kinderr\u00e4dern, Lastenr\u00e4dern, Anh\u00e4ngern und was ihr<\/p>\n","protected":false},"author":3,"featured_media":34275,"comment_status":"closed","ping_status":"closed","sticky":false,"template":"","format":"standard","meta":{"footnotes":""},"categories":[80,11,6,20,16],"tags":[689,30,79],"class_list":["post-33668","post","type-post","status-publish","format-standard","has-post-thumbnail","hentry","category-deutsch-wagram","category-korneuburg","category-mistelbach","category-niederoesterreich","category-wolkersdorf","tag-radfest","tag-radparade","tag-wolkersdorf"],"yoast_head":"<!-- This site is optimized with the Yoast SEO plugin v26.9 - https:\/\/yoast.com\/product\/yoast-seo-wordpress\/ -->\n<title>RADpaRADe und RADfest - Kind und Kegel radelt und feiert mit - Radlobby Nieder\u00f6sterreich<\/title>\n<meta name=\"robots\" content=\"index, follow, max-snippet:-1, max-image-preview:large, max-video-preview:-1\" \/>\n<link rel=\"canonical\" href=\"https:\/\/www.radlobby.org\/noe\/5-wolkersdorfer-radparade\/\" \/>\n<meta property=\"og:locale\" content=\"de_DE\" \/>\n<meta property=\"og:type\" content=\"article\" \/>\n<meta property=\"og:title\" content=\"RADpaRADe und RADfest - Kind und Kegel radelt und feiert mit - Radlobby Nieder\u00f6sterreich\" \/>\n<meta property=\"og:description\" content=\"5. Wolkersdorfer RADpaRADe Unter dem Moto &#8220;Kind und Kegel&#8221; sind alle dazu aufgerufen zu zeigen, wer und was alles auf unseren Stra\u00dfen Platz ben\u00f6tigt. Schnappt eure Freundinnen, Freunde und Familien und kommt mit Fahrr\u00e4dern, Kinderr\u00e4dern, Lastenr\u00e4dern, Anh\u00e4ngern und was ihr\" \/>\n<meta property=\"og:url\" content=\"https:\/\/www.radlobby.org\/noe\/5-wolkersdorfer-radparade\/\" \/>\n<meta property=\"og:site_name\" content=\"Radlobby Nieder\u00f6sterreich\" \/>\n<meta property=\"article:publisher\" content=\"https:\/\/www.facebook.com\/groups\/radfahren.in.noe\/\" \/>\n<meta property=\"article:published_time\" content=\"2024-04-25T20:27:55+00:00\" \/>\n<meta property=\"article:modified_time\" content=\"2024-04-26T15:44:03+00:00\" \/>\n<meta property=\"og:image\" content=\"https:\/\/www.radlobby.org\/noe\/wp-content\/uploads\/2024_Radparade_Fest_Plakat_Wolkersdorf_2-rotated.jpg\" \/>\n\t<meta property=\"og:image:width\" content=\"455\" \/>\n\t<meta property=\"og:image:height\" content=\"645\" \/>\n\t<meta property=\"og:image:type\" content=\"image\/jpeg\" \/>\n<meta name=\"author\" content=\"Hermann Hiebner\" \/>\n<meta name=\"twitter:card\" content=\"summary_large_image\" \/>\n<meta name=\"twitter:label1\" content=\"Verfasst von\" \/>\n\t<meta name=\"twitter:data1\" content=\"Hermann Hiebner\" \/>\n\t<meta name=\"twitter:label2\" content=\"Gesch\u00e4tzte Lesezeit\" \/>\n\t<meta name=\"twitter:data2\" content=\"4\u00a0Minuten\" \/>\n<script type=\"application\/ld+json\" class=\"yoast-schema-graph\">{\"@context\":\"https:\/\/schema.org\",\"@graph\":[{\"@type\":\"Article\",\"@id\":\"https:\/\/www.radlobby.org\/noe\/5-wolkersdorfer-radparade\/#article\",\"isPartOf\":{\"@id\":\"https:\/\/www.radlobby.org\/noe\/5-wolkersdorfer-radparade\/\"},\"author\":{\"name\":\"Hermann Hiebner\",\"@id\":\"https:\/\/www.radlobby.org\/noe\/#\/schema\/person\/c91605b70aca449bea4cb27190b0dbe2\"},\"headline\":\"RADpaRADe und RADfest &#8211; Kind und Kegel radelt und feiert mit\",\"datePublished\":\"2024-04-25T20:27:55+00:00\",\"dateModified\":\"2024-04-26T15:44:03+00:00\",\"mainEntityOfPage\":{\"@id\":\"https:\/\/www.radlobby.org\/noe\/5-wolkersdorfer-radparade\/\"},\"wordCount\":283,\"publisher\":{\"@id\":\"https:\/\/www.radlobby.org\/noe\/#organization\"},\"image\":{\"@id\":\"https:\/\/www.radlobby.org\/noe\/5-wolkersdorfer-radparade\/#primaryimage\"},\"thumbnailUrl\":\"https:\/\/www.radlobby.org\/noe\/wp-content\/uploads\/2024_Radparade_Fest_Plakat_Wolkersdorf_2-rotated.jpg\",\"keywords\":[\"Radfest\",\"Radparade\",\"wolkersdorf\"],\"articleSection\":[\"Radlobby Deutsch-Wagram\",\"Radlobby Korneuburg\",\"Radlobby Mistelbach\",\"Radlobby Nieder\u00f6sterreich\",\"Radlobby Wolkersdorf\"],\"inLanguage\":\"de\"},{\"@type\":\"WebPage\",\"@id\":\"https:\/\/www.radlobby.org\/noe\/5-wolkersdorfer-radparade\/\",\"url\":\"https:\/\/www.radlobby.org\/noe\/5-wolkersdorfer-radparade\/\",\"name\":\"RADpaRADe und RADfest - Kind und Kegel radelt und feiert mit - Radlobby Nieder\u00f6sterreich\",\"isPartOf\":{\"@id\":\"https:\/\/www.radlobby.org\/noe\/#website\"},\"primaryImageOfPage\":{\"@id\":\"https:\/\/www.radlobby.org\/noe\/5-wolkersdorfer-radparade\/#primaryimage\"},\"image\":{\"@id\":\"https:\/\/www.radlobby.org\/noe\/5-wolkersdorfer-radparade\/#primaryimage\"},\"thumbnailUrl\":\"https:\/\/www.radlobby.org\/noe\/wp-content\/uploads\/2024_Radparade_Fest_Plakat_Wolkersdorf_2-rotated.jpg\",\"datePublished\":\"2024-04-25T20:27:55+00:00\",\"dateModified\":\"2024-04-26T15:44:03+00:00\",\"breadcrumb\":{\"@id\":\"https:\/\/www.radlobby.org\/noe\/5-wolkersdorfer-radparade\/#breadcrumb\"},\"inLanguage\":\"de\",\"potentialAction\":[{\"@type\":\"ReadAction\",\"target\":[\"https:\/\/www.radlobby.org\/noe\/5-wolkersdorfer-radparade\/\"]}]},{\"@type\":\"ImageObject\",\"inLanguage\":\"de\",\"@id\":\"https:\/\/www.radlobby.org\/noe\/5-wolkersdorfer-radparade\/#primaryimage\",\"url\":\"https:\/\/www.radlobby.org\/noe\/wp-content\/uploads\/2024_Radparade_Fest_Plakat_Wolkersdorf_2-rotated.jpg\",\"contentUrl\":\"https:\/\/www.radlobby.org\/noe\/wp-content\/uploads\/2024_Radparade_Fest_Plakat_Wolkersdorf_2-rotated.jpg\",\"width\":455,\"height\":645},{\"@type\":\"BreadcrumbList\",\"@id\":\"https:\/\/www.radlobby.org\/noe\/5-wolkersdorfer-radparade\/#breadcrumb\",\"itemListElement\":[{\"@type\":\"ListItem\",\"position\":1,\"name\":\"Startseite\",\"item\":\"https:\/\/www.radlobby.org\/noe\/\"},{\"@type\":\"ListItem\",\"position\":2,\"name\":\"RADpaRADe und RADfest &#8211; Kind und Kegel radelt und feiert mit\"}]},{\"@type\":\"WebSite\",\"@id\":\"https:\/\/www.radlobby.org\/noe\/#website\",\"url\":\"https:\/\/www.radlobby.org\/noe\/\",\"name\":\"Radlobby Nieder\u00f6sterreich\",\"description\":\"Radverkehr, Fahrrad, Radfahren, Radreisen, Radtouren, Radweg\",\"publisher\":{\"@id\":\"https:\/\/www.radlobby.org\/noe\/#organization\"},\"potentialAction\":[{\"@type\":\"SearchAction\",\"target\":{\"@type\":\"EntryPoint\",\"urlTemplate\":\"https:\/\/www.radlobby.org\/noe\/?s={search_term_string}\"},\"query-input\":{\"@type\":\"PropertyValueSpecification\",\"valueRequired\":true,\"valueName\":\"search_term_string\"}}],\"inLanguage\":\"de\"},{\"@type\":\"Organization\",\"@id\":\"https:\/\/www.radlobby.org\/noe\/#organization\",\"name\":\"Radlobby Nieder\u00f6sterreich\",\"url\":\"https:\/\/www.radlobby.org\/noe\/\",\"logo\":{\"@type\":\"ImageObject\",\"inLanguage\":\"de\",\"@id\":\"https:\/\/www.radlobby.org\/noe\/#\/schema\/logo\/image\/\",\"url\":\"https:\/\/www.radlobby.org\/noe\/wp-content\/uploads\/2017\/01\/cropped-Logo_Radlobby_Niederoesterreich_50-400px_quer-1.jpg\",\"contentUrl\":\"https:\/\/www.radlobby.org\/noe\/wp-content\/uploads\/2017\/01\/cropped-Logo_Radlobby_Niederoesterreich_50-400px_quer-1.jpg\",\"width\":450,\"height\":124,\"caption\":\"Radlobby Nieder\u00f6sterreich\"},\"image\":{\"@id\":\"https:\/\/www.radlobby.org\/noe\/#\/schema\/logo\/image\/\"},\"sameAs\":[\"https:\/\/www.facebook.com\/groups\/radfahren.in.noe\/\"]},{\"@type\":\"Person\",\"@id\":\"https:\/\/www.radlobby.org\/noe\/#\/schema\/person\/c91605b70aca449bea4cb27190b0dbe2\",\"name\":\"Hermann Hiebner\",\"image\":{\"@type\":\"ImageObject\",\"inLanguage\":\"de\",\"@id\":\"https:\/\/www.radlobby.org\/noe\/#\/schema\/person\/image\/\",\"url\":\"https:\/\/secure.gravatar.com\/avatar\/d9d442cd70d260be25a46bab5f85206043aabce00da594192c593e7d4fc65f72?s=96&d=mm&r=g\",\"contentUrl\":\"https:\/\/secure.gravatar.com\/avatar\/d9d442cd70d260be25a46bab5f85206043aabce00da594192c593e7d4fc65f72?s=96&d=mm&r=g\",\"caption\":\"Hermann Hiebner\"},\"url\":\"https:\/\/www.radlobby.org\/noe\/author\/hermannhiebner\/\"}]}<\/script>\n<!-- \/ Yoast SEO plugin. -->","yoast_head_json":{"title":"RADpaRADe und RADfest - Kind und Kegel radelt und feiert mit - Radlobby Nieder\u00f6sterreich","robots":{"index":"index","follow":"follow","max-snippet":"max-snippet:-1","max-image-preview":"max-image-preview:large","max-video-preview":"max-video-preview:-1"},"canonical":"https:\/\/www.radlobby.org\/noe\/5-wolkersdorfer-radparade\/","og_locale":"de_DE","og_type":"article","og_title":"RADpaRADe und RADfest - Kind und Kegel radelt und feiert mit - Radlobby Nieder\u00f6sterreich","og_description":"5. Wolkersdorfer RADpaRADe Unter dem Moto &#8220;Kind und Kegel&#8221; sind alle dazu aufgerufen zu zeigen, wer und was alles auf unseren Stra\u00dfen Platz ben\u00f6tigt. Schnappt eure Freundinnen, Freunde und Familien und kommt mit Fahrr\u00e4dern, Kinderr\u00e4dern, Lastenr\u00e4dern, Anh\u00e4ngern und was ihr","og_url":"https:\/\/www.radlobby.org\/noe\/5-wolkersdorfer-radparade\/","og_site_name":"Radlobby Nieder\u00f6sterreich","article_publisher":"https:\/\/www.facebook.com\/groups\/radfahren.in.noe\/","article_published_time":"2024-04-25T20:27:55+00:00","article_modified_time":"2024-04-26T15:44:03+00:00","og_image":[{"width":455,"height":645,"url":"https:\/\/www.radlobby.org\/noe\/wp-content\/uploads\/2024_Radparade_Fest_Plakat_Wolkersdorf_2-rotated.jpg","type":"image\/jpeg"}],"author":"Hermann Hiebner","twitter_card":"summary_large_image","twitter_misc":{"Verfasst von":"Hermann Hiebner","Gesch\u00e4tzte Lesezeit":"4\u00a0Minuten"},"schema":{"@context":"https:\/\/schema.org","@graph":[{"@type":"Article","@id":"https:\/\/www.radlobby.org\/noe\/5-wolkersdorfer-radparade\/#article","isPartOf":{"@id":"https:\/\/www.radlobby.org\/noe\/5-wolkersdorfer-radparade\/"},"author":{"name":"Hermann Hiebner","@id":"https:\/\/www.radlobby.org\/noe\/#\/schema\/person\/c91605b70aca449bea4cb27190b0dbe2"},"headline":"RADpaRADe und RADfest &#8211; Kind und Kegel radelt und feiert mit","datePublished":"2024-04-25T20:27:55+00:00","dateModified":"2024-04-26T15:44:03+00:00","mainEntityOfPage":{"@id":"https:\/\/www.radlobby.org\/noe\/5-wolkersdorfer-radparade\/"},"wordCount":283,"publisher":{"@id":"https:\/\/www.radlobby.org\/noe\/#organization"},"image":{"@id":"https:\/\/www.radlobby.org\/noe\/5-wolkersdorfer-radparade\/#primaryimage"},"thumbnailUrl":"https:\/\/www.radlobby.org\/noe\/wp-content\/uploads\/2024_Radparade_Fest_Plakat_Wolkersdorf_2-rotated.jpg","keywords":["Radfest","Radparade","wolkersdorf"],"articleSection":["Radlobby Deutsch-Wagram","Radlobby Korneuburg","Radlobby Mistelbach","Radlobby Nieder\u00f6sterreich","Radlobby Wolkersdorf"],"inLanguage":"de"},{"@type":"WebPage","@id":"https:\/\/www.radlobby.org\/noe\/5-wolkersdorfer-radparade\/","url":"https:\/\/www.radlobby.org\/noe\/5-wolkersdorfer-radparade\/","name":"RADpaRADe und RADfest - Kind und Kegel radelt und feiert mit - Radlobby Nieder\u00f6sterreich","isPartOf":{"@id":"https:\/\/www.radlobby.org\/noe\/#website"},"primaryImageOfPage":{"@id":"https:\/\/www.radlobby.org\/noe\/5-wolkersdorfer-radparade\/#primaryimage"},"image":{"@id":"https:\/\/www.radlobby.org\/noe\/5-wolkersdorfer-radparade\/#primaryimage"},"thumbnailUrl":"https:\/\/www.radlobby.org\/noe\/wp-content\/uploads\/2024_Radparade_Fest_Plakat_Wolkersdorf_2-rotated.jpg","datePublished":"2024-04-25T20:27:55+00:00","dateModified":"2024-04-26T15:44:03+00:00","breadcrumb":{"@id":"https:\/\/www.radlobby.org\/noe\/5-wolkersdorfer-radparade\/#breadcrumb"},"inLanguage":"de","potentialAction":[{"@type":"ReadAction","target":["https:\/\/www.radlobby.org\/noe\/5-wolkersdorfer-radparade\/"]}]},{"@type":"ImageObject","inLanguage":"de","@id":"https:\/\/www.radlobby.org\/noe\/5-wolkersdorfer-radparade\/#primaryimage","url":"https:\/\/www.radlobby.org\/noe\/wp-content\/uploads\/2024_Radparade_Fest_Plakat_Wolkersdorf_2-rotated.jpg","contentUrl":"https:\/\/www.radlobby.org\/noe\/wp-content\/uploads\/2024_Radparade_Fest_Plakat_Wolkersdorf_2-rotated.jpg","width":455,"height":645},{"@type":"BreadcrumbList","@id":"https:\/\/www.radlobby.org\/noe\/5-wolkersdorfer-radparade\/#breadcrumb","itemListElement":[{"@type":"ListItem","position":1,"name":"Startseite","item":"https:\/\/www.radlobby.org\/noe\/"},{"@type":"ListItem","position":2,"name":"RADpaRADe und RADfest &#8211; Kind und Kegel radelt und feiert mit"}]},{"@type":"WebSite","@id":"https:\/\/www.radlobby.org\/noe\/#website","url":"https:\/\/www.radlobby.org\/noe\/","name":"Radlobby Nieder\u00f6sterreich","description":"Radverkehr, Fahrrad, Radfahren, Radreisen, Radtouren, Radweg","publisher":{"@id":"https:\/\/www.radlobby.org\/noe\/#organization"},"potentialAction":[{"@type":"SearchAction","target":{"@type":"EntryPoint","urlTemplate":"https:\/\/www.radlobby.org\/noe\/?s={search_term_string}"},"query-input":{"@type":"PropertyValueSpecification","valueRequired":true,"valueName":"search_term_string"}}],"inLanguage":"de"},{"@type":"Organization","@id":"https:\/\/www.radlobby.org\/noe\/#organization","name":"Radlobby Nieder\u00f6sterreich","url":"https:\/\/www.radlobby.org\/noe\/","logo":{"@type":"ImageObject","inLanguage":"de","@id":"https:\/\/www.radlobby.org\/noe\/#\/schema\/logo\/image\/","url":"https:\/\/www.radlobby.org\/noe\/wp-content\/uploads\/2017\/01\/cropped-Logo_Radlobby_Niederoesterreich_50-400px_quer-1.jpg","contentUrl":"https:\/\/www.radlobby.org\/noe\/wp-content\/uploads\/2017\/01\/cropped-Logo_Radlobby_Niederoesterreich_50-400px_quer-1.jpg","width":450,"height":124,"caption":"Radlobby Nieder\u00f6sterreich"},"image":{"@id":"https:\/\/www.radlobby.org\/noe\/#\/schema\/logo\/image\/"},"sameAs":["https:\/\/www.facebook.com\/groups\/radfahren.in.noe\/"]},{"@type":"Person","@id":"https:\/\/www.radlobby.org\/noe\/#\/schema\/person\/c91605b70aca449bea4cb27190b0dbe2","name":"Hermann Hiebner","image":{"@type":"ImageObject","inLanguage":"de","@id":"https:\/\/www.radlobby.org\/noe\/#\/schema\/person\/image\/","url":"https:\/\/secure.gravatar.com\/avatar\/d9d442cd70d260be25a46bab5f85206043aabce00da594192c593e7d4fc65f72?s=96&d=mm&r=g","contentUrl":"https:\/\/secure.gravatar.com\/avatar\/d9d442cd70d260be25a46bab5f85206043aabce00da594192c593e7d4fc65f72?s=96&d=mm&r=g","caption":"Hermann Hiebner"},"url":"https:\/\/www.radlobby.org\/noe\/author\/hermannhiebner\/"}]}},"_links":{"self":[{"href":"https:\/\/www.radlobby.org\/noe\/wp-json\/wp\/v2\/posts\/33668","targetHints":{"allow":["GET"]}}],"collection":[{"href":"https:\/\/www.radlobby.org\/noe\/wp-json\/wp\/v2\/posts"}],"about":[{"href":"https:\/\/www.radlobby.org\/noe\/wp-json\/wp\/v2\/types\/post"}],"author":[{"embeddable":true,"href":"https:\/\/www.radlobby.org\/noe\/wp-json\/wp\/v2\/users\/3"}],"replies":[{"embeddable":true,"href":"https:\/\/www.radlobby.org\/noe\/wp-json\/wp\/v2\/comments?post=33668"}],"version-history":[{"count":18,"href":"https:\/\/www.radlobby.org\/noe\/wp-json\/wp\/v2\/posts\/33668\/revisions"}],"predecessor-version":[{"id":34718,"href":"https:\/\/www.radlobby.org\/noe\/wp-json\/wp\/v2\/posts\/33668\/revisions\/34718"}],"wp:featuredmedia":[{"embeddable":true,"href":"https:\/\/www.radlobby.org\/noe\/wp-json\/wp\/v2\/media\/34275"}],"wp:attachment":[{"href":"https:\/\/www.radlobby.org\/noe\/wp-json\/wp\/v2\/media?parent=33668"}],"wp:term":[{"taxonomy":"category","embeddable":true,"href":"https:\/\/www.radlobby.org\/noe\/wp-json\/wp\/v2\/categories?post=33668"},{"taxonomy":"post_tag","embeddable":true,"href":"https:\/\/www.radlobby.org\/noe\/wp-json\/wp\/v2\/tags?post=33668"}],"curies":[{"name":"wp","href":"https:\/\/api.w.org\/{rel}","templated":true}]}}