{"id":33375,"date":"2023-12-24T16:31:47","date_gmt":"2023-12-24T15:31:47","guid":{"rendered":"https:\/\/www.radlobby.org\/noe\/?p=33375"},"modified":"2023-12-24T16:31:47","modified_gmt":"2023-12-24T15:31:47","slug":"ebreichsdorf-infoveranstaltung-laengsterpark","status":"publish","type":"post","link":"https:\/\/www.radlobby.org\/noe\/ebreichsdorf-infoveranstaltung-laengsterpark\/","title":{"rendered":"Bericht von Info-Veranstaltung &#8220;L\u00e4ngster Park&#8221; &#8211; Ebreichsdorf"},"content":{"rendered":"\n<p>Am 19. Dezember 2023 lud die Stadtgemeinde Ebreichsdorf zu einem weiteren Informationsabend zu dem Projekt &#8220;L\u00e4ngster Park&#8221; ein. Auch Vertreter der Radlobby Ebreichsdorf waren anwesend, weil der Park zu einer wichtigen Radwegverkehrsachse werden soll. In diesem Beitrag berichte ich \u00fcber die neuesten Informationen bez\u00fcglich der geplanten Radinfrastruktur.<\/p>\n\n\n\n<h2 class=\"wp-block-heading\">Einleitung zum Projekt &#8220;L\u00e4ngster Park&#8221;<\/h2>\n\n\n\n<p>Das Teilst\u00fcck der alten Bahntrasse der Pottendorferlinie im Stadtgebiet von Ebreichsdorf wurde von der Stadtgemeinde Ebreichsdorf gekauft, um ein Erholungsgebiet zu schaffen. Schnell war auch klar, dass dies eine ideale Gelegenheit w\u00e4re, um innerhalb der Stadtgemeinde eine Radverbindung zu schaffen. Des Weiteren war die Hoffnung, dass es damit endlich eine Radverbindung nach M\u00fcnchendorf entstehen k\u00f6nnte, damit das Pendeln mit dem Fahrrad nach Wien attraktiver wird.<\/p>\n\n\n\n<h2 class=\"wp-block-heading\">Geh- und Radweg auf der alten Bahntrasse<\/h2>\n\n\n\n<p>Zun\u00e4chst die gute Nachricht: Der Geh- und Radweg kommt und zwar relativ rasch. Schon im Sommer 2024 sollte es m\u00f6glich sein, Teile der Trasse auf einem ausgebauten Geh- und Radweg zu befahren.<br>Die schlechte Nachricht: Der Geh- und Radweg nur innerhalb des Gebietes des &#8220;L\u00e4ngsten Parks&#8221; gut ausgebaut sein. Richtung Guntramsdorf und Richtung Wampersdorf wird der Geh- und Radweg jeweils in die bestehenden Feldwege m\u00fcnden. Hier kam selbst von der anwesenden Politik die Aussage &#8220;Ja mit dem Rennrad wird man nicht fahren k\u00f6nnen, aber mit dem Montainbike&#8221; bzw. &#8220;wir m\u00fcssen doch auf die Bodenversiegelung achten&#8221;. Das Argument betreffend der Bodenversiegelung h\u00f6re ich in letzter Zeit immer \u00f6fters. Finde ich nur komisch, dass dieses Argument nur bei Radwegen kommt und nicht bei Strukturen die den Autoverkehr betreffen.<\/p>\n\n\n\n<p>In der unten stehenden Karte habe ich versucht durch Einf\u00e4rbungen die unterschiedlichen Bel\u00e4ge darzustellen.<\/p>\n\n\n\n<iframe loading=\"lazy\" width=\"100%\" height=\"550px\" frameborder=\"0\" allowfullscreen allow=\"geolocation\" src=\"\/\/umap.openstreetmap.fr\/de\/map\/langster-park_1001497?scaleControl=false&#038;miniMap=false&#038;scrollWheelZoom=false&#038;zoomControl=true&#038;editMode=disabled&#038;moreControl=true&#038;searchControl=null&#038;tilelayersControl=null&#038;embedControl=null&#038;datalayersControl=true&#038;onLoadPanel=undefined&#038;captionBar=false&#038;captionMenus=true\"><\/iframe><p><a href=\"\/\/umap.openstreetmap.fr\/de\/map\/langster-park_1001497?scaleControl=false&#038;miniMap=false&#038;scrollWheelZoom=true&#038;zoomControl=true&#038;editMode=disabled&#038;moreControl=true&#038;searchControl=null&#038;tilelayersControl=null&#038;embedControl=null&#038;datalayersControl=true&#038;onLoadPanel=undefined&#038;captionBar=false&#038;captionMenus=true\">Vollbildanzeige<\/a><\/p>\n\n\n\n<p>Bez\u00fcglich des Verlaufs wird der Radweg nicht durchg\u00e4ngig auf der alten Bahntrasse gef\u00fchrt. Zwischen Kalten Gang und Schafflerhof befindet sich der Radweg auf einem G\u00fcterweg, verl\u00e4uft dann weiter auf der ehemaligen Bahntrasse, ab der Silostra\u00dfe wechselt der Radweg dann auf die Stra\u00dfe, da diese zu einer Fahrradstra\u00dfe umgestaltet wird. Weiter geht der Verlauf \u00fcber die Linke Bahnzeile, die zu einer Einbahnstra\u00dfe ge\u00e4ndert wird und ab dem Gildenweg verl\u00e4uft der Radweg wieder im Parkgebiet.<br>Der hier beschriebene Verlauf kann teilweise von dem offiziellen Verlauf abweichen, da ich diesen nur aufgrund eines Ged\u00e4chnisprotokolls hier dokumentiert habe. Au\u00dferdem erfolgt erst n\u00e4chstes Jahr die Ausschreibung f\u00fcr den Geh- und Radweg und deshalb kann es hier zu weiteren Abweichungen kommen.<\/p>\n\n\n\n<h2 class=\"wp-block-heading\">Fazit<\/h2>\n\n\n\n<p>F\u00fcr Radlobby Ebreichsdorf ist es sehr erfreulich, dass die alte Bahntrasse zur Verbesserung der Fahrradinfrastruktur verwendet wird. Wir hoffen weiterhin gemeinsam mit der Stadtpolitik einen qualitativ hochwertigen Anschluss an das Fahrradnetz au\u00dferhalb des Stadtgebietes zu schaffen.<\/p>\n","protected":false},"excerpt":{"rendered":"<p>Am 2. September 2023 wurde der neue Bahnhof Ebreichsdorf feierlich er\u00f6ffnet. Die Radlobby war ebenfalls dabei und machte den Radcheck. Wie radfreundlich ist der neue Radweg? Wurden die Anmerkungen der Radlobby beim Bau beachtet. Folgend eine Zusammenstellung unserer Beobachtungen.<\/p>\n","protected":false},"author":58,"featured_media":33377,"comment_status":"closed","ping_status":"closed","sticky":false,"template":"","format":"standard","meta":{"footnotes":""},"categories":[384,195,343],"tags":[528,23,22],"class_list":["post-33375","post","type-post","status-publish","format-standard","has-post-thumbnail","hentry","category-gemeinden-betriebe","category-baden","category-ebreichsdorf","tag-bedingungen","tag-infrastruktur","tag-verkehrspolitik"],"yoast_head":"<!-- This site is optimized with the Yoast SEO plugin v26.9 - https:\/\/yoast.com\/product\/yoast-seo-wordpress\/ -->\n<title>Bericht von Info-Veranstaltung &quot;L\u00e4ngster Park&quot; - Ebreichsdorf - Radlobby Nieder\u00f6sterreich<\/title>\n<meta name=\"description\" content=\"Nicht alles was als &quot;Radweg&quot; erscheint, ist tats\u00e4chlich einer. Die Nutzung der Gehwege als Radwege zeigt, dass Bedarf besteht.\" \/>\n<meta name=\"robots\" content=\"index, follow, max-snippet:-1, max-image-preview:large, max-video-preview:-1\" \/>\n<link rel=\"canonical\" href=\"https:\/\/www.radlobby.org\/noe\/ebreichsdorf-infoveranstaltung-laengsterpark\/\" \/>\n<meta property=\"og:locale\" content=\"de_DE\" \/>\n<meta property=\"og:type\" content=\"article\" \/>\n<meta property=\"og:title\" content=\"Bericht von Info-Veranstaltung &quot;L\u00e4ngster Park&quot; - Ebreichsdorf - Radlobby Nieder\u00f6sterreich\" \/>\n<meta property=\"og:description\" content=\"Nicht alles was als &quot;Radweg&quot; erscheint, ist tats\u00e4chlich einer. Die Nutzung der Gehwege als Radwege zeigt, dass Bedarf besteht.\" \/>\n<meta property=\"og:url\" content=\"https:\/\/www.radlobby.org\/noe\/ebreichsdorf-infoveranstaltung-laengsterpark\/\" \/>\n<meta property=\"og:site_name\" content=\"Radlobby Nieder\u00f6sterreich\" \/>\n<meta property=\"article:publisher\" content=\"https:\/\/www.facebook.com\/groups\/radfahren.in.noe\/\" \/>\n<meta property=\"article:published_time\" content=\"2023-12-24T15:31:47+00:00\" \/>\n<meta property=\"og:image\" content=\"https:\/\/www.radlobby.org\/noe\/wp-content\/uploads\/2023-12-24_av-laengster-park-ebreichsdorf.png\" \/>\n\t<meta property=\"og:image:width\" content=\"484\" \/>\n\t<meta property=\"og:image:height\" content=\"477\" \/>\n\t<meta property=\"og:image:type\" content=\"image\/png\" \/>\n<meta name=\"author\" content=\"Andreas Voit\" \/>\n<meta name=\"twitter:card\" content=\"summary_large_image\" \/>\n<meta name=\"twitter:label1\" content=\"Verfasst von\" \/>\n\t<meta name=\"twitter:data1\" content=\"Andreas Voit\" \/>\n\t<meta name=\"twitter:label2\" content=\"Gesch\u00e4tzte Lesezeit\" \/>\n\t<meta name=\"twitter:data2\" content=\"3\u00a0Minuten\" \/>\n<script type=\"application\/ld+json\" class=\"yoast-schema-graph\">{\"@context\":\"https:\/\/schema.org\",\"@graph\":[{\"@type\":\"Article\",\"@id\":\"https:\/\/www.radlobby.org\/noe\/ebreichsdorf-infoveranstaltung-laengsterpark\/#article\",\"isPartOf\":{\"@id\":\"https:\/\/www.radlobby.org\/noe\/ebreichsdorf-infoveranstaltung-laengsterpark\/\"},\"author\":{\"name\":\"Andreas Voit\",\"@id\":\"https:\/\/www.radlobby.org\/noe\/#\/schema\/person\/87b079c7918348ad3627d8dd31de80c4\"},\"headline\":\"Bericht von Info-Veranstaltung &#8220;L\u00e4ngster Park&#8221; &#8211; Ebreichsdorf\",\"datePublished\":\"2023-12-24T15:31:47+00:00\",\"mainEntityOfPage\":{\"@id\":\"https:\/\/www.radlobby.org\/noe\/ebreichsdorf-infoveranstaltung-laengsterpark\/\"},\"wordCount\":455,\"publisher\":{\"@id\":\"https:\/\/www.radlobby.org\/noe\/#organization\"},\"image\":{\"@id\":\"https:\/\/www.radlobby.org\/noe\/ebreichsdorf-infoveranstaltung-laengsterpark\/#primaryimage\"},\"thumbnailUrl\":\"https:\/\/www.radlobby.org\/noe\/wp-content\/uploads\/2023-12-24_av-laengster-park-ebreichsdorf.png\",\"keywords\":[\"Bedingungen\",\"Infrastruktur\",\"Verkehrspolitik\"],\"articleSection\":[\"Gemeinden &amp; Betriebe\",\"Radlobby Baden\",\"Radlobby Ebreichsdorf\"],\"inLanguage\":\"de\"},{\"@type\":\"WebPage\",\"@id\":\"https:\/\/www.radlobby.org\/noe\/ebreichsdorf-infoveranstaltung-laengsterpark\/\",\"url\":\"https:\/\/www.radlobby.org\/noe\/ebreichsdorf-infoveranstaltung-laengsterpark\/\",\"name\":\"Bericht von Info-Veranstaltung \\\"L\u00e4ngster Park\\\" - Ebreichsdorf - Radlobby Nieder\u00f6sterreich\",\"isPartOf\":{\"@id\":\"https:\/\/www.radlobby.org\/noe\/#website\"},\"primaryImageOfPage\":{\"@id\":\"https:\/\/www.radlobby.org\/noe\/ebreichsdorf-infoveranstaltung-laengsterpark\/#primaryimage\"},\"image\":{\"@id\":\"https:\/\/www.radlobby.org\/noe\/ebreichsdorf-infoveranstaltung-laengsterpark\/#primaryimage\"},\"thumbnailUrl\":\"https:\/\/www.radlobby.org\/noe\/wp-content\/uploads\/2023-12-24_av-laengster-park-ebreichsdorf.png\",\"datePublished\":\"2023-12-24T15:31:47+00:00\",\"description\":\"Nicht alles was als \\\"Radweg\\\" erscheint, ist tats\u00e4chlich einer. Die Nutzung der Gehwege als Radwege zeigt, dass Bedarf besteht.\",\"breadcrumb\":{\"@id\":\"https:\/\/www.radlobby.org\/noe\/ebreichsdorf-infoveranstaltung-laengsterpark\/#breadcrumb\"},\"inLanguage\":\"de\",\"potentialAction\":[{\"@type\":\"ReadAction\",\"target\":[\"https:\/\/www.radlobby.org\/noe\/ebreichsdorf-infoveranstaltung-laengsterpark\/\"]}]},{\"@type\":\"ImageObject\",\"inLanguage\":\"de\",\"@id\":\"https:\/\/www.radlobby.org\/noe\/ebreichsdorf-infoveranstaltung-laengsterpark\/#primaryimage\",\"url\":\"https:\/\/www.radlobby.org\/noe\/wp-content\/uploads\/2023-12-24_av-laengster-park-ebreichsdorf.png\",\"contentUrl\":\"https:\/\/www.radlobby.org\/noe\/wp-content\/uploads\/2023-12-24_av-laengster-park-ebreichsdorf.png\",\"width\":484,\"height\":477,\"caption\":\"Verlauf des Radweges entlang des neuen Parkes in Ebreichsdorf\"},{\"@type\":\"BreadcrumbList\",\"@id\":\"https:\/\/www.radlobby.org\/noe\/ebreichsdorf-infoveranstaltung-laengsterpark\/#breadcrumb\",\"itemListElement\":[{\"@type\":\"ListItem\",\"position\":1,\"name\":\"Startseite\",\"item\":\"https:\/\/www.radlobby.org\/noe\/\"},{\"@type\":\"ListItem\",\"position\":2,\"name\":\"Bericht von Info-Veranstaltung &#8220;L\u00e4ngster Park&#8221; &#8211; Ebreichsdorf\"}]},{\"@type\":\"WebSite\",\"@id\":\"https:\/\/www.radlobby.org\/noe\/#website\",\"url\":\"https:\/\/www.radlobby.org\/noe\/\",\"name\":\"Radlobby Nieder\u00f6sterreich\",\"description\":\"Radverkehr, Fahrrad, Radfahren, Radreisen, Radtouren, Radweg\",\"publisher\":{\"@id\":\"https:\/\/www.radlobby.org\/noe\/#organization\"},\"potentialAction\":[{\"@type\":\"SearchAction\",\"target\":{\"@type\":\"EntryPoint\",\"urlTemplate\":\"https:\/\/www.radlobby.org\/noe\/?s={search_term_string}\"},\"query-input\":{\"@type\":\"PropertyValueSpecification\",\"valueRequired\":true,\"valueName\":\"search_term_string\"}}],\"inLanguage\":\"de\"},{\"@type\":\"Organization\",\"@id\":\"https:\/\/www.radlobby.org\/noe\/#organization\",\"name\":\"Radlobby Nieder\u00f6sterreich\",\"url\":\"https:\/\/www.radlobby.org\/noe\/\",\"logo\":{\"@type\":\"ImageObject\",\"inLanguage\":\"de\",\"@id\":\"https:\/\/www.radlobby.org\/noe\/#\/schema\/logo\/image\/\",\"url\":\"https:\/\/www.radlobby.org\/noe\/wp-content\/uploads\/2017\/01\/cropped-Logo_Radlobby_Niederoesterreich_50-400px_quer-1.jpg\",\"contentUrl\":\"https:\/\/www.radlobby.org\/noe\/wp-content\/uploads\/2017\/01\/cropped-Logo_Radlobby_Niederoesterreich_50-400px_quer-1.jpg\",\"width\":450,\"height\":124,\"caption\":\"Radlobby Nieder\u00f6sterreich\"},\"image\":{\"@id\":\"https:\/\/www.radlobby.org\/noe\/#\/schema\/logo\/image\/\"},\"sameAs\":[\"https:\/\/www.facebook.com\/groups\/radfahren.in.noe\/\"]},{\"@type\":\"Person\",\"@id\":\"https:\/\/www.radlobby.org\/noe\/#\/schema\/person\/87b079c7918348ad3627d8dd31de80c4\",\"name\":\"Andreas Voit\",\"image\":{\"@type\":\"ImageObject\",\"inLanguage\":\"de\",\"@id\":\"https:\/\/www.radlobby.org\/noe\/#\/schema\/person\/image\/\",\"url\":\"https:\/\/secure.gravatar.com\/avatar\/99925c9d0fb7df39c7837cd52fdc4deae9a100a3bf6df25fe5c454f4a2e40658?s=96&d=mm&r=g\",\"contentUrl\":\"https:\/\/secure.gravatar.com\/avatar\/99925c9d0fb7df39c7837cd52fdc4deae9a100a3bf6df25fe5c454f4a2e40658?s=96&d=mm&r=g\",\"caption\":\"Andreas Voit\"},\"url\":\"https:\/\/www.radlobby.org\/noe\/author\/andreas-voit\/\"}]}<\/script>\n<!-- \/ Yoast SEO plugin. -->","yoast_head_json":{"title":"Bericht von Info-Veranstaltung \"L\u00e4ngster Park\" - Ebreichsdorf - Radlobby Nieder\u00f6sterreich","description":"Nicht alles was als \"Radweg\" erscheint, ist tats\u00e4chlich einer. Die Nutzung der Gehwege als Radwege zeigt, dass Bedarf besteht.","robots":{"index":"index","follow":"follow","max-snippet":"max-snippet:-1","max-image-preview":"max-image-preview:large","max-video-preview":"max-video-preview:-1"},"canonical":"https:\/\/www.radlobby.org\/noe\/ebreichsdorf-infoveranstaltung-laengsterpark\/","og_locale":"de_DE","og_type":"article","og_title":"Bericht von Info-Veranstaltung \"L\u00e4ngster Park\" - Ebreichsdorf - Radlobby Nieder\u00f6sterreich","og_description":"Nicht alles was als \"Radweg\" erscheint, ist tats\u00e4chlich einer. Die Nutzung der Gehwege als Radwege zeigt, dass Bedarf besteht.","og_url":"https:\/\/www.radlobby.org\/noe\/ebreichsdorf-infoveranstaltung-laengsterpark\/","og_site_name":"Radlobby Nieder\u00f6sterreich","article_publisher":"https:\/\/www.facebook.com\/groups\/radfahren.in.noe\/","article_published_time":"2023-12-24T15:31:47+00:00","og_image":[{"width":484,"height":477,"url":"https:\/\/www.radlobby.org\/noe\/wp-content\/uploads\/2023-12-24_av-laengster-park-ebreichsdorf.png","type":"image\/png"}],"author":"Andreas Voit","twitter_card":"summary_large_image","twitter_misc":{"Verfasst von":"Andreas Voit","Gesch\u00e4tzte Lesezeit":"3\u00a0Minuten"},"schema":{"@context":"https:\/\/schema.org","@graph":[{"@type":"Article","@id":"https:\/\/www.radlobby.org\/noe\/ebreichsdorf-infoveranstaltung-laengsterpark\/#article","isPartOf":{"@id":"https:\/\/www.radlobby.org\/noe\/ebreichsdorf-infoveranstaltung-laengsterpark\/"},"author":{"name":"Andreas Voit","@id":"https:\/\/www.radlobby.org\/noe\/#\/schema\/person\/87b079c7918348ad3627d8dd31de80c4"},"headline":"Bericht von Info-Veranstaltung &#8220;L\u00e4ngster Park&#8221; &#8211; Ebreichsdorf","datePublished":"2023-12-24T15:31:47+00:00","mainEntityOfPage":{"@id":"https:\/\/www.radlobby.org\/noe\/ebreichsdorf-infoveranstaltung-laengsterpark\/"},"wordCount":455,"publisher":{"@id":"https:\/\/www.radlobby.org\/noe\/#organization"},"image":{"@id":"https:\/\/www.radlobby.org\/noe\/ebreichsdorf-infoveranstaltung-laengsterpark\/#primaryimage"},"thumbnailUrl":"https:\/\/www.radlobby.org\/noe\/wp-content\/uploads\/2023-12-24_av-laengster-park-ebreichsdorf.png","keywords":["Bedingungen","Infrastruktur","Verkehrspolitik"],"articleSection":["Gemeinden &amp; Betriebe","Radlobby Baden","Radlobby Ebreichsdorf"],"inLanguage":"de"},{"@type":"WebPage","@id":"https:\/\/www.radlobby.org\/noe\/ebreichsdorf-infoveranstaltung-laengsterpark\/","url":"https:\/\/www.radlobby.org\/noe\/ebreichsdorf-infoveranstaltung-laengsterpark\/","name":"Bericht von Info-Veranstaltung \"L\u00e4ngster Park\" - Ebreichsdorf - Radlobby Nieder\u00f6sterreich","isPartOf":{"@id":"https:\/\/www.radlobby.org\/noe\/#website"},"primaryImageOfPage":{"@id":"https:\/\/www.radlobby.org\/noe\/ebreichsdorf-infoveranstaltung-laengsterpark\/#primaryimage"},"image":{"@id":"https:\/\/www.radlobby.org\/noe\/ebreichsdorf-infoveranstaltung-laengsterpark\/#primaryimage"},"thumbnailUrl":"https:\/\/www.radlobby.org\/noe\/wp-content\/uploads\/2023-12-24_av-laengster-park-ebreichsdorf.png","datePublished":"2023-12-24T15:31:47+00:00","description":"Nicht alles was als \"Radweg\" erscheint, ist tats\u00e4chlich einer. Die Nutzung der Gehwege als Radwege zeigt, dass Bedarf besteht.","breadcrumb":{"@id":"https:\/\/www.radlobby.org\/noe\/ebreichsdorf-infoveranstaltung-laengsterpark\/#breadcrumb"},"inLanguage":"de","potentialAction":[{"@type":"ReadAction","target":["https:\/\/www.radlobby.org\/noe\/ebreichsdorf-infoveranstaltung-laengsterpark\/"]}]},{"@type":"ImageObject","inLanguage":"de","@id":"https:\/\/www.radlobby.org\/noe\/ebreichsdorf-infoveranstaltung-laengsterpark\/#primaryimage","url":"https:\/\/www.radlobby.org\/noe\/wp-content\/uploads\/2023-12-24_av-laengster-park-ebreichsdorf.png","contentUrl":"https:\/\/www.radlobby.org\/noe\/wp-content\/uploads\/2023-12-24_av-laengster-park-ebreichsdorf.png","width":484,"height":477,"caption":"Verlauf des Radweges entlang des neuen Parkes in Ebreichsdorf"},{"@type":"BreadcrumbList","@id":"https:\/\/www.radlobby.org\/noe\/ebreichsdorf-infoveranstaltung-laengsterpark\/#breadcrumb","itemListElement":[{"@type":"ListItem","position":1,"name":"Startseite","item":"https:\/\/www.radlobby.org\/noe\/"},{"@type":"ListItem","position":2,"name":"Bericht von Info-Veranstaltung &#8220;L\u00e4ngster Park&#8221; &#8211; Ebreichsdorf"}]},{"@type":"WebSite","@id":"https:\/\/www.radlobby.org\/noe\/#website","url":"https:\/\/www.radlobby.org\/noe\/","name":"Radlobby Nieder\u00f6sterreich","description":"Radverkehr, Fahrrad, Radfahren, Radreisen, Radtouren, Radweg","publisher":{"@id":"https:\/\/www.radlobby.org\/noe\/#organization"},"potentialAction":[{"@type":"SearchAction","target":{"@type":"EntryPoint","urlTemplate":"https:\/\/www.radlobby.org\/noe\/?s={search_term_string}"},"query-input":{"@type":"PropertyValueSpecification","valueRequired":true,"valueName":"search_term_string"}}],"inLanguage":"de"},{"@type":"Organization","@id":"https:\/\/www.radlobby.org\/noe\/#organization","name":"Radlobby Nieder\u00f6sterreich","url":"https:\/\/www.radlobby.org\/noe\/","logo":{"@type":"ImageObject","inLanguage":"de","@id":"https:\/\/www.radlobby.org\/noe\/#\/schema\/logo\/image\/","url":"https:\/\/www.radlobby.org\/noe\/wp-content\/uploads\/2017\/01\/cropped-Logo_Radlobby_Niederoesterreich_50-400px_quer-1.jpg","contentUrl":"https:\/\/www.radlobby.org\/noe\/wp-content\/uploads\/2017\/01\/cropped-Logo_Radlobby_Niederoesterreich_50-400px_quer-1.jpg","width":450,"height":124,"caption":"Radlobby Nieder\u00f6sterreich"},"image":{"@id":"https:\/\/www.radlobby.org\/noe\/#\/schema\/logo\/image\/"},"sameAs":["https:\/\/www.facebook.com\/groups\/radfahren.in.noe\/"]},{"@type":"Person","@id":"https:\/\/www.radlobby.org\/noe\/#\/schema\/person\/87b079c7918348ad3627d8dd31de80c4","name":"Andreas Voit","image":{"@type":"ImageObject","inLanguage":"de","@id":"https:\/\/www.radlobby.org\/noe\/#\/schema\/person\/image\/","url":"https:\/\/secure.gravatar.com\/avatar\/99925c9d0fb7df39c7837cd52fdc4deae9a100a3bf6df25fe5c454f4a2e40658?s=96&d=mm&r=g","contentUrl":"https:\/\/secure.gravatar.com\/avatar\/99925c9d0fb7df39c7837cd52fdc4deae9a100a3bf6df25fe5c454f4a2e40658?s=96&d=mm&r=g","caption":"Andreas Voit"},"url":"https:\/\/www.radlobby.org\/noe\/author\/andreas-voit\/"}]}},"_links":{"self":[{"href":"https:\/\/www.radlobby.org\/noe\/wp-json\/wp\/v2\/posts\/33375","targetHints":{"allow":["GET"]}}],"collection":[{"href":"https:\/\/www.radlobby.org\/noe\/wp-json\/wp\/v2\/posts"}],"about":[{"href":"https:\/\/www.radlobby.org\/noe\/wp-json\/wp\/v2\/types\/post"}],"author":[{"embeddable":true,"href":"https:\/\/www.radlobby.org\/noe\/wp-json\/wp\/v2\/users\/58"}],"replies":[{"embeddable":true,"href":"https:\/\/www.radlobby.org\/noe\/wp-json\/wp\/v2\/comments?post=33375"}],"version-history":[{"count":4,"href":"https:\/\/www.radlobby.org\/noe\/wp-json\/wp\/v2\/posts\/33375\/revisions"}],"predecessor-version":[{"id":33380,"href":"https:\/\/www.radlobby.org\/noe\/wp-json\/wp\/v2\/posts\/33375\/revisions\/33380"}],"wp:featuredmedia":[{"embeddable":true,"href":"https:\/\/www.radlobby.org\/noe\/wp-json\/wp\/v2\/media\/33377"}],"wp:attachment":[{"href":"https:\/\/www.radlobby.org\/noe\/wp-json\/wp\/v2\/media?parent=33375"}],"wp:term":[{"taxonomy":"category","embeddable":true,"href":"https:\/\/www.radlobby.org\/noe\/wp-json\/wp\/v2\/categories?post=33375"},{"taxonomy":"post_tag","embeddable":true,"href":"https:\/\/www.radlobby.org\/noe\/wp-json\/wp\/v2\/tags?post=33375"}],"curies":[{"name":"wp","href":"https:\/\/api.w.org\/{rel}","templated":true}]}}