{"id":32855,"date":"2025-12-31T10:00:00","date_gmt":"2025-12-31T09:00:00","guid":{"rendered":"https:\/\/www.radlobby.org\/noe\/?p=32855"},"modified":"2026-01-02T02:03:08","modified_gmt":"2026-01-02T01:03:08","slug":"neujahrsradeln-2026-in-ihrer-gemeinde","status":"publish","type":"post","link":"https:\/\/www.radlobby.org\/noe\/neujahrsradeln-2026-in-ihrer-gemeinde\/","title":{"rendered":"1. J\u00e4nner 2026<br>Neujahrsradeln in Ihrer Gemeinde!"},"content":{"rendered":"\r\n\r\n\r\n<p>Das Fahrrad bleibt das ganze Jahr \u00fcber das beste Verkehrsmittel. Deshalb l\u00e4utete die Radlobby zum Jahresbeginn die neue Radsaison 2026 ein.<\/p>\r\n\r\n\r\n\r\n<p>Die Radsaison-Er\u00f6ffnungen am 1. Januar hat mittlerweile Tradition und fanden bisher jedes Jahr parallel in vielen Bundesl\u00e4ndern statt.<\/p>\r\n<p><strong>Orte und Termine f\u00fcr 1. J\u00e4nner 2026<\/strong><\/p>\r\n<ul>\r\n<li>Bad V\u00f6slau, 9:30 Uhr &#8211; Ziel Thermalbad Bad Fischau, <a href=\"https:\/\/www.radlobby.org\/noe\/bad-voeslau-neujahrsradeln-zum-neujahrsschwimmen-am-1-1-2026\/\" target=\"_blank\" rel=\"noopener\">https:\/\/www.radlobby.org\/noe\/bad-voeslau-neujahrsradeln-zum-neujahrsschwimmen-am-1-1-2026\/<\/a>\u00a0<\/li>\r\n<li>Ebreichsdorf, 14:00 Uhr Hauptplatz Ebreichsdorf<\/li>\r\n<li>Eichgraben<\/li>\r\n<li>Enns-Donauwinkel<\/li>\r\n<li>Krems, 13:00 Uhr Welterbeplatz in Stein <a href=\"https:\/\/www.radlobby.org\/noe\/krems-neu-neujahrsradeln-2026\/\" target=\"_blank\" rel=\"noopener\">https:\/\/www.radlobby.org\/noe\/krems-neu-neujahrsradeln-2026\/<\/a><\/li>\r\n<li>Melk, 14:00 Uhr <a href=\"https:\/\/www.radlobby.org\/noe\/neujahrsradeln-melk-2026\/\" target=\"_blank\" rel=\"noopener\">https:\/\/www.radlobby.org\/noe\/neujahrsradeln-melk-2026\/<\/a>\u00a0<\/li>\r\n<li>St. P\u00f6lten, 14:30 Abfahrt St. P\u00f6ltner Hauptbahnhof, Bahnhofsvorplatz St. P\u00f6lten zum Prodest Podest, <a href=\"https:\/\/www.radlobby.org\/noe\/st-poeltner-neujahrsradeln\/\" target=\"_blank\" rel=\"noopener\">https:\/\/www.radlobby.org\/noe\/st-poeltner-neujahrsradeln\/<\/a><\/li>\r\n<li>Wiener Neustadt, 10:40 Abfahrt von Bahnhofsvorplatz Wiener Neustadt, <a href=\"https:\/\/www.radlobby.org\/noe\/neujahrsradeln-2026-wiener-neustadt\/\" target=\"_blank\" rel=\"noopener\">https:\/\/www.radlobby.org\/noe\/neujahrsradeln-2026-wiener-neustadt\/\u00a0<\/a><\/li>\r\n<li>Wolkersdorf, 14:00 Uhr, Schlossplatz,<a href=\"https:\/\/www.radlobby.org\/noe\/radsaisoneroeffnung-wolkersdorf-2026\/\" target=\"_blank\" rel=\"noopener\"> https:\/\/www.radlobby.org\/noe\/radsaisoneroeffnung-wolkersdorf-2026\/\u00a0<\/a><\/li>\r\n<\/ul>\r\n\r\n\r\n\r\n<h3><span style=\"font-size: 16px;\">Neujahrsradeln in ganz \u00d6sterreich<\/span><\/h3>\r\n<p class=\"wp-block-embed is-type-rich is-provider-handler-einbetten wp-block-embed-handler-einbetten\"><a href=\"https:\/\/www.radlobby.at\/neujahrsradeln2026\" target=\"_blank\" rel=\"noopener\">https:\/\/www.radlobby.at\/neujahrsradeln2026<\/a><\/p>\r\n<p><strong>Allein in Nieder\u00f6sterreich wurde die Radsaison 2025 in 10 Regionen er\u00f6ffnet.\u00a0<\/strong><\/p>\r\n\r\n\r\n\r\n<h4 class=\"wp-block-heading\"><strong>Termine und Impressionen in Nieder\u00f6sterreich<br \/>1. J\u00e4nner 2025<\/strong><\/h4>\r\n\r\n\r\n\r\n<ul class=\"wp-block-list\">\r\n<li>Ebreichsdorf, 14:00, Rathausplatz<br \/><img loading=\"lazy\" decoding=\"async\" class=\"\" src=\"https:\/\/www.radlobby.org\/noe\/wp-content\/uploads\/Ebreichsdorf-05-scaled.jpg\" alt=\"Ebreichsdorf\" width=\"203\" height=\"361\" \/><\/li>\r\n\r\n\r\n\r\n<li>Eichgraben, 14:00 Pumptrack beim Wienerwaldbad<\/li>\r\n\r\n\r\n\r\n<li>Enns-Donauwinkel<\/li>\r\n<li><a href=\"https:\/\/www.radlobby.org\/noe\/krems-neu-neujahrsradeln-2025\/\">Krems,13:30 in Krems-Stein,Welterbeplatz<\/a><br \/><img loading=\"lazy\" decoding=\"async\" class=\"\" src=\"https:\/\/www.radlobby.org\/noe\/wp-content\/uploads\/2025-01-Neujahrsradeln-Krems-Foto-Kermer.jpg\" alt=\"Krems\" width=\"537\" height=\"302\" \/><br \/><br \/><\/li>\r\n\r\n\r\n\r\n<li><a href=\"https:\/\/www.radlobby.org\/noe\/neujahrsradeln-melk-schoenbuehel-2025\/\">Melk, 14:00, Aussichtsplattform bei Hubbr\u00fccke<\/a><br \/><img loading=\"lazy\" decoding=\"async\" class=\"\" src=\"https:\/\/www.radlobby.org\/noe\/wp-content\/uploads\/image5.jpeg\" alt=\"Neujahrsradeln Melk\" width=\"567\" height=\"319\" \/><\/li>\r\n\r\n\r\n\r\n<li>Parndorf, Bahnhof Parndorf Ort, 14:00 &#8211; von Parndorf nach Bruck an der Leitha (Gemeinsam mit Radlobby Bruck an der Leitha)<\/li>\r\n<li>Pressbaum, Hauptplatz, 14:00 &#8211; von Pressbaum Zentrum bis zum Wienerwaldsee<\/li>\r\n\r\n\r\n\r\n<li><a class=\"ext\" href=\"https:\/\/www.radlobby.org\/noe\/st-poeltner-neujahrsradeln\/\" target=\"_blank\" rel=\"noopener noreferrer\">St. P\u00f6lten, 14:00, Bahnhofsvorplatz<\/a><br \/><img loading=\"lazy\" decoding=\"async\" class=\"alignnone\" src=\"https:\/\/www.radlobby.org\/noe\/wp-content\/uploads\/Neujahrsradeln_stp_20250101__zoegernitz.jpg\" alt=\"Neujahrsradeln in St. P\u00f6lten\" width=\"626\" height=\"341\" \/><\/li>\r\n\r\n\r\n\r\n<li><a href=\"https:\/\/www.radlobby.org\/noe\/neujahrsradeln-2026-wiener-neustadt\/\" target=\"_blank\" rel=\"noopener\">Wiener Neustadt, 10:40 Hauptbahnhof Wiener Neustadt<\/a><br \/>\r\n<p><a href=\"https:\/\/www.radlobby.org\/noe\/wp-content\/uploads\/20240101_103701_Neujahrsradeln@BF-1.jpg\" data-src=\"https:\/\/www.radlobby.org\/noe\/wp-content\/uploads\/20240101_103701_Neujahrsradeln@BF-1.jpg\" data-thumb=\"https:\/\/www.radlobby.org\/noe\/wp-content\/uploads\/20240101_103701_Neujahrsradeln@BF-1-300x143.jpg\" class=\"ml-lightbox-enabled\"><img loading=\"lazy\" decoding=\"async\" class=\"alignnone wp-image-37149 size-medium\" src=\"https:\/\/www.radlobby.org\/noe\/wp-content\/uploads\/20240101_103701_Neujahrsradeln@BF-1-300x143.jpg\" alt=\"Neujahrsradeln Wiener Neustadt\" width=\"300\" height=\"143\" srcset=\"https:\/\/www.radlobby.org\/noe\/wp-content\/uploads\/20240101_103701_Neujahrsradeln@BF-1-300x143.jpg 300w, https:\/\/www.radlobby.org\/noe\/wp-content\/uploads\/20240101_103701_Neujahrsradeln@BF-1-768x367.jpg 768w, https:\/\/www.radlobby.org\/noe\/wp-content\/uploads\/20240101_103701_Neujahrsradeln@BF-1-1536x734.jpg 1536w, https:\/\/www.radlobby.org\/noe\/wp-content\/uploads\/20240101_103701_Neujahrsradeln@BF-1.jpg 1920w\" sizes=\"auto, (max-width: 300px) 100vw, 300px\" \/><\/a><\/p>\r\n<\/li>\r\n<li><a href=\"https:\/\/www.radlobby.org\/noe\/radsaisoneroeffnung-wolkersdorf-2025-01-01-2\/\">Wolkersdorf<\/a>, 15:00 Schlossplatz<\/li>\r\n<\/ul>\r\n\r\n\r\n\r\n<p class=\"wp-block-embed is-type-rich is-provider-handler-einbetten wp-block-embed-handler-einbetten\">\u00a0<\/p>\r\n\r\n\r\n\r\n<h3>Radfahren der Vielfach-Gewinn f\u00fcr die Gesundheit<\/h3>\r\n<p>\r\n\r\n<\/p>\r\n<p>Wir w\u00fcnschen allen Nieder\u00f6sterreicherinnen, Nieder\u00f6sterreichern <span style=\"font-weight: 400;\">und G\u00e4sten eine gute und genussvolle Fahrt. Mit jeder Radfahrt leisten Sie einen Beitrag f\u00fcr Ihre Mitmenschen, in dem Sie\u00a0 schadstofffrei und ger\u00e4uscharm unterwegs sind. So vermindern Sie etwa das Risiko f\u00fcr\u00a0 Herz-Kreislauf-Erkrankungen, durch geringeren Verkehrsl\u00e4rm<span style=\"font-size: 8pt;\"> (siehe etwa: https:\/\/www.gesundheit.gv.at\/leben\/umwelt\/laerm\/verkehr.html)<\/span>. <\/span><span style=\"font-weight: 400;\">\u00a0Sie selbst profitieren dank gesteigerter Fitness und tun etwas Gutes f\u00fcr Ihre Gesundheit. &#8211; Jeder Kilometer z\u00e4hlt.<\/span><\/p>\r\n\r\n\r\n","protected":false},"excerpt":{"rendered":"<p>Die Radsaison-Er\u00f6ffnung am 1. Januar hat mittlerweile Tradition und findet jedes Jahr parallel in vielen Bundesl\u00e4ndern statt.<\/p>\n","protected":false},"author":33,"featured_media":12320,"comment_status":"closed","ping_status":"closed","sticky":false,"template":"","format":"standard","meta":{"footnotes":""},"categories":[668,383,20],"tags":[670,740,244,669,671],"class_list":["post-32855","post","type-post","status-publish","format-standard","has-post-thumbnail","hentry","category-aktion","category-presse-medien","category-niederoesterreich","tag-670","tag-neujahr","tag-neujahrsradeln","tag-prosit","tag-radsaison"],"yoast_head":"<!-- This site is optimized with the Yoast SEO plugin v26.9 - https:\/\/yoast.com\/product\/yoast-seo-wordpress\/ -->\n<title>1. J\u00e4nner 2026Neujahrsradeln in Ihrer Gemeinde! - Radlobby Nieder\u00f6sterreich<\/title>\n<meta name=\"robots\" content=\"index, follow, max-snippet:-1, max-image-preview:large, max-video-preview:-1\" \/>\n<link rel=\"canonical\" href=\"https:\/\/www.radlobby.org\/noe\/neujahrsradeln-2026-in-ihrer-gemeinde\/\" \/>\n<meta property=\"og:locale\" content=\"de_DE\" \/>\n<meta property=\"og:type\" content=\"article\" \/>\n<meta property=\"og:title\" content=\"1. J\u00e4nner 2026Neujahrsradeln in Ihrer Gemeinde! - Radlobby Nieder\u00f6sterreich\" \/>\n<meta property=\"og:description\" content=\"Die Radsaison-Er\u00f6ffnung am 1. Januar hat mittlerweile Tradition und findet jedes Jahr parallel in vielen Bundesl\u00e4ndern statt.\" \/>\n<meta property=\"og:url\" content=\"https:\/\/www.radlobby.org\/noe\/neujahrsradeln-2026-in-ihrer-gemeinde\/\" \/>\n<meta property=\"og:site_name\" content=\"Radlobby Nieder\u00f6sterreich\" \/>\n<meta property=\"article:publisher\" content=\"https:\/\/www.facebook.com\/groups\/radfahren.in.noe\/\" \/>\n<meta property=\"article:published_time\" content=\"2025-12-31T09:00:00+00:00\" \/>\n<meta property=\"article:modified_time\" content=\"2026-01-02T01:03:08+00:00\" \/>\n<meta property=\"og:image\" content=\"https:\/\/www.radlobby.org\/noe\/wp-content\/uploads\/20200102-Neujahrsstammtisch-St.-P\u00f6lten-Bild-Werner-Hrabak.jpg\" \/>\n\t<meta property=\"og:image:width\" content=\"1280\" \/>\n\t<meta property=\"og:image:height\" content=\"853\" \/>\n\t<meta property=\"og:image:type\" content=\"image\/jpeg\" \/>\n<meta name=\"author\" content=\"Maria Z\u00f6gernitz\" \/>\n<meta name=\"twitter:card\" content=\"summary_large_image\" \/>\n<meta name=\"twitter:label1\" content=\"Verfasst von\" \/>\n\t<meta name=\"twitter:data1\" content=\"Maria Z\u00f6gernitz\" \/>\n\t<meta name=\"twitter:label2\" content=\"Gesch\u00e4tzte Lesezeit\" \/>\n\t<meta name=\"twitter:data2\" content=\"3\u00a0Minuten\" \/>\n<script type=\"application\/ld+json\" class=\"yoast-schema-graph\">{\"@context\":\"https:\/\/schema.org\",\"@graph\":[{\"@type\":\"Article\",\"@id\":\"https:\/\/www.radlobby.org\/noe\/neujahrsradeln-2026-in-ihrer-gemeinde\/#article\",\"isPartOf\":{\"@id\":\"https:\/\/www.radlobby.org\/noe\/neujahrsradeln-2026-in-ihrer-gemeinde\/\"},\"author\":{\"name\":\"Maria Z\u00f6gernitz\",\"@id\":\"https:\/\/www.radlobby.org\/noe\/#\/schema\/person\/d1ad6d77ec2ff1837830735b5f074c95\"},\"headline\":\"1. J\u00e4nner 2026 Neujahrsradeln in Ihrer Gemeinde!\",\"datePublished\":\"2025-12-31T09:00:00+00:00\",\"dateModified\":\"2026-01-02T01:03:08+00:00\",\"mainEntityOfPage\":{\"@id\":\"https:\/\/www.radlobby.org\/noe\/neujahrsradeln-2026-in-ihrer-gemeinde\/\"},\"wordCount\":309,\"publisher\":{\"@id\":\"https:\/\/www.radlobby.org\/noe\/#organization\"},\"image\":{\"@id\":\"https:\/\/www.radlobby.org\/noe\/neujahrsradeln-2026-in-ihrer-gemeinde\/#primaryimage\"},\"thumbnailUrl\":\"https:\/\/www.radlobby.org\/noe\/wp-content\/uploads\/20200102-Neujahrsstammtisch-St.-P\u00f6lten-Bild-Werner-Hrabak.jpg\",\"keywords\":[\"2024\",\"Neujahr\",\"Neujahrsradeln\",\"Prosit\",\"Radsaison\"],\"articleSection\":[\"Aktion\",\"Presse &amp; Medien\",\"Radlobby Nieder\u00f6sterreich\"],\"inLanguage\":\"de\"},{\"@type\":\"WebPage\",\"@id\":\"https:\/\/www.radlobby.org\/noe\/neujahrsradeln-2026-in-ihrer-gemeinde\/\",\"url\":\"https:\/\/www.radlobby.org\/noe\/neujahrsradeln-2026-in-ihrer-gemeinde\/\",\"name\":\"1. J\u00e4nner 2026 Neujahrsradeln in Ihrer Gemeinde! - Radlobby Nieder\u00f6sterreich\",\"isPartOf\":{\"@id\":\"https:\/\/www.radlobby.org\/noe\/#website\"},\"primaryImageOfPage\":{\"@id\":\"https:\/\/www.radlobby.org\/noe\/neujahrsradeln-2026-in-ihrer-gemeinde\/#primaryimage\"},\"image\":{\"@id\":\"https:\/\/www.radlobby.org\/noe\/neujahrsradeln-2026-in-ihrer-gemeinde\/#primaryimage\"},\"thumbnailUrl\":\"https:\/\/www.radlobby.org\/noe\/wp-content\/uploads\/20200102-Neujahrsstammtisch-St.-P\u00f6lten-Bild-Werner-Hrabak.jpg\",\"datePublished\":\"2025-12-31T09:00:00+00:00\",\"dateModified\":\"2026-01-02T01:03:08+00:00\",\"breadcrumb\":{\"@id\":\"https:\/\/www.radlobby.org\/noe\/neujahrsradeln-2026-in-ihrer-gemeinde\/#breadcrumb\"},\"inLanguage\":\"de\",\"potentialAction\":[{\"@type\":\"ReadAction\",\"target\":[\"https:\/\/www.radlobby.org\/noe\/neujahrsradeln-2026-in-ihrer-gemeinde\/\"]}]},{\"@type\":\"ImageObject\",\"inLanguage\":\"de\",\"@id\":\"https:\/\/www.radlobby.org\/noe\/neujahrsradeln-2026-in-ihrer-gemeinde\/#primaryimage\",\"url\":\"https:\/\/www.radlobby.org\/noe\/wp-content\/uploads\/20200102-Neujahrsstammtisch-St.-P\u00f6lten-Bild-Werner-Hrabak.jpg\",\"contentUrl\":\"https:\/\/www.radlobby.org\/noe\/wp-content\/uploads\/20200102-Neujahrsstammtisch-St.-P\u00f6lten-Bild-Werner-Hrabak.jpg\",\"width\":1280,\"height\":853},{\"@type\":\"BreadcrumbList\",\"@id\":\"https:\/\/www.radlobby.org\/noe\/neujahrsradeln-2026-in-ihrer-gemeinde\/#breadcrumb\",\"itemListElement\":[{\"@type\":\"ListItem\",\"position\":1,\"name\":\"Startseite\",\"item\":\"https:\/\/www.radlobby.org\/noe\/\"},{\"@type\":\"ListItem\",\"position\":2,\"name\":\"1. J\u00e4nner 2026Neujahrsradeln in Ihrer Gemeinde!\"}]},{\"@type\":\"WebSite\",\"@id\":\"https:\/\/www.radlobby.org\/noe\/#website\",\"url\":\"https:\/\/www.radlobby.org\/noe\/\",\"name\":\"Radlobby Nieder\u00f6sterreich\",\"description\":\"Radverkehr, Fahrrad, Radfahren, Radreisen, Radtouren, Radweg\",\"publisher\":{\"@id\":\"https:\/\/www.radlobby.org\/noe\/#organization\"},\"potentialAction\":[{\"@type\":\"SearchAction\",\"target\":{\"@type\":\"EntryPoint\",\"urlTemplate\":\"https:\/\/www.radlobby.org\/noe\/?s={search_term_string}\"},\"query-input\":{\"@type\":\"PropertyValueSpecification\",\"valueRequired\":true,\"valueName\":\"search_term_string\"}}],\"inLanguage\":\"de\"},{\"@type\":\"Organization\",\"@id\":\"https:\/\/www.radlobby.org\/noe\/#organization\",\"name\":\"Radlobby Nieder\u00f6sterreich\",\"url\":\"https:\/\/www.radlobby.org\/noe\/\",\"logo\":{\"@type\":\"ImageObject\",\"inLanguage\":\"de\",\"@id\":\"https:\/\/www.radlobby.org\/noe\/#\/schema\/logo\/image\/\",\"url\":\"https:\/\/www.radlobby.org\/noe\/wp-content\/uploads\/2017\/01\/cropped-Logo_Radlobby_Niederoesterreich_50-400px_quer-1.jpg\",\"contentUrl\":\"https:\/\/www.radlobby.org\/noe\/wp-content\/uploads\/2017\/01\/cropped-Logo_Radlobby_Niederoesterreich_50-400px_quer-1.jpg\",\"width\":450,\"height\":124,\"caption\":\"Radlobby Nieder\u00f6sterreich\"},\"image\":{\"@id\":\"https:\/\/www.radlobby.org\/noe\/#\/schema\/logo\/image\/\"},\"sameAs\":[\"https:\/\/www.facebook.com\/groups\/radfahren.in.noe\/\"]},{\"@type\":\"Person\",\"@id\":\"https:\/\/www.radlobby.org\/noe\/#\/schema\/person\/d1ad6d77ec2ff1837830735b5f074c95\",\"name\":\"Maria Z\u00f6gernitz\",\"image\":{\"@type\":\"ImageObject\",\"inLanguage\":\"de\",\"@id\":\"https:\/\/www.radlobby.org\/noe\/#\/schema\/person\/image\/\",\"url\":\"https:\/\/secure.gravatar.com\/avatar\/f0ec056831cd418e44e25a41becb89b06234dc4c32d644fddd8329785f26d862?s=96&d=mm&r=g\",\"contentUrl\":\"https:\/\/secure.gravatar.com\/avatar\/f0ec056831cd418e44e25a41becb89b06234dc4c32d644fddd8329785f26d862?s=96&d=mm&r=g\",\"caption\":\"Maria Z\u00f6gernitz\"},\"description\":\"Ortsgruppe St. P\u00f6lten\",\"url\":\"https:\/\/www.radlobby.org\/noe\/author\/maria-zoegernitz\/\"}]}<\/script>\n<!-- \/ Yoast SEO plugin. -->","yoast_head_json":{"title":"1. J\u00e4nner 2026Neujahrsradeln in Ihrer Gemeinde! - Radlobby Nieder\u00f6sterreich","robots":{"index":"index","follow":"follow","max-snippet":"max-snippet:-1","max-image-preview":"max-image-preview:large","max-video-preview":"max-video-preview:-1"},"canonical":"https:\/\/www.radlobby.org\/noe\/neujahrsradeln-2026-in-ihrer-gemeinde\/","og_locale":"de_DE","og_type":"article","og_title":"1. J\u00e4nner 2026Neujahrsradeln in Ihrer Gemeinde! - Radlobby Nieder\u00f6sterreich","og_description":"Die Radsaison-Er\u00f6ffnung am 1. Januar hat mittlerweile Tradition und findet jedes Jahr parallel in vielen Bundesl\u00e4ndern statt.","og_url":"https:\/\/www.radlobby.org\/noe\/neujahrsradeln-2026-in-ihrer-gemeinde\/","og_site_name":"Radlobby Nieder\u00f6sterreich","article_publisher":"https:\/\/www.facebook.com\/groups\/radfahren.in.noe\/","article_published_time":"2025-12-31T09:00:00+00:00","article_modified_time":"2026-01-02T01:03:08+00:00","og_image":[{"width":1280,"height":853,"url":"https:\/\/www.radlobby.org\/noe\/wp-content\/uploads\/20200102-Neujahrsstammtisch-St.-P\u00f6lten-Bild-Werner-Hrabak.jpg","type":"image\/jpeg"}],"author":"Maria Z\u00f6gernitz","twitter_card":"summary_large_image","twitter_misc":{"Verfasst von":"Maria Z\u00f6gernitz","Gesch\u00e4tzte Lesezeit":"3\u00a0Minuten"},"schema":{"@context":"https:\/\/schema.org","@graph":[{"@type":"Article","@id":"https:\/\/www.radlobby.org\/noe\/neujahrsradeln-2026-in-ihrer-gemeinde\/#article","isPartOf":{"@id":"https:\/\/www.radlobby.org\/noe\/neujahrsradeln-2026-in-ihrer-gemeinde\/"},"author":{"name":"Maria Z\u00f6gernitz","@id":"https:\/\/www.radlobby.org\/noe\/#\/schema\/person\/d1ad6d77ec2ff1837830735b5f074c95"},"headline":"1. J\u00e4nner 2026 Neujahrsradeln in Ihrer Gemeinde!","datePublished":"2025-12-31T09:00:00+00:00","dateModified":"2026-01-02T01:03:08+00:00","mainEntityOfPage":{"@id":"https:\/\/www.radlobby.org\/noe\/neujahrsradeln-2026-in-ihrer-gemeinde\/"},"wordCount":309,"publisher":{"@id":"https:\/\/www.radlobby.org\/noe\/#organization"},"image":{"@id":"https:\/\/www.radlobby.org\/noe\/neujahrsradeln-2026-in-ihrer-gemeinde\/#primaryimage"},"thumbnailUrl":"https:\/\/www.radlobby.org\/noe\/wp-content\/uploads\/20200102-Neujahrsstammtisch-St.-P\u00f6lten-Bild-Werner-Hrabak.jpg","keywords":["2024","Neujahr","Neujahrsradeln","Prosit","Radsaison"],"articleSection":["Aktion","Presse &amp; Medien","Radlobby Nieder\u00f6sterreich"],"inLanguage":"de"},{"@type":"WebPage","@id":"https:\/\/www.radlobby.org\/noe\/neujahrsradeln-2026-in-ihrer-gemeinde\/","url":"https:\/\/www.radlobby.org\/noe\/neujahrsradeln-2026-in-ihrer-gemeinde\/","name":"1. J\u00e4nner 2026 Neujahrsradeln in Ihrer Gemeinde! - Radlobby Nieder\u00f6sterreich","isPartOf":{"@id":"https:\/\/www.radlobby.org\/noe\/#website"},"primaryImageOfPage":{"@id":"https:\/\/www.radlobby.org\/noe\/neujahrsradeln-2026-in-ihrer-gemeinde\/#primaryimage"},"image":{"@id":"https:\/\/www.radlobby.org\/noe\/neujahrsradeln-2026-in-ihrer-gemeinde\/#primaryimage"},"thumbnailUrl":"https:\/\/www.radlobby.org\/noe\/wp-content\/uploads\/20200102-Neujahrsstammtisch-St.-P\u00f6lten-Bild-Werner-Hrabak.jpg","datePublished":"2025-12-31T09:00:00+00:00","dateModified":"2026-01-02T01:03:08+00:00","breadcrumb":{"@id":"https:\/\/www.radlobby.org\/noe\/neujahrsradeln-2026-in-ihrer-gemeinde\/#breadcrumb"},"inLanguage":"de","potentialAction":[{"@type":"ReadAction","target":["https:\/\/www.radlobby.org\/noe\/neujahrsradeln-2026-in-ihrer-gemeinde\/"]}]},{"@type":"ImageObject","inLanguage":"de","@id":"https:\/\/www.radlobby.org\/noe\/neujahrsradeln-2026-in-ihrer-gemeinde\/#primaryimage","url":"https:\/\/www.radlobby.org\/noe\/wp-content\/uploads\/20200102-Neujahrsstammtisch-St.-P\u00f6lten-Bild-Werner-Hrabak.jpg","contentUrl":"https:\/\/www.radlobby.org\/noe\/wp-content\/uploads\/20200102-Neujahrsstammtisch-St.-P\u00f6lten-Bild-Werner-Hrabak.jpg","width":1280,"height":853},{"@type":"BreadcrumbList","@id":"https:\/\/www.radlobby.org\/noe\/neujahrsradeln-2026-in-ihrer-gemeinde\/#breadcrumb","itemListElement":[{"@type":"ListItem","position":1,"name":"Startseite","item":"https:\/\/www.radlobby.org\/noe\/"},{"@type":"ListItem","position":2,"name":"1. J\u00e4nner 2026Neujahrsradeln in Ihrer Gemeinde!"}]},{"@type":"WebSite","@id":"https:\/\/www.radlobby.org\/noe\/#website","url":"https:\/\/www.radlobby.org\/noe\/","name":"Radlobby Nieder\u00f6sterreich","description":"Radverkehr, Fahrrad, Radfahren, Radreisen, Radtouren, Radweg","publisher":{"@id":"https:\/\/www.radlobby.org\/noe\/#organization"},"potentialAction":[{"@type":"SearchAction","target":{"@type":"EntryPoint","urlTemplate":"https:\/\/www.radlobby.org\/noe\/?s={search_term_string}"},"query-input":{"@type":"PropertyValueSpecification","valueRequired":true,"valueName":"search_term_string"}}],"inLanguage":"de"},{"@type":"Organization","@id":"https:\/\/www.radlobby.org\/noe\/#organization","name":"Radlobby Nieder\u00f6sterreich","url":"https:\/\/www.radlobby.org\/noe\/","logo":{"@type":"ImageObject","inLanguage":"de","@id":"https:\/\/www.radlobby.org\/noe\/#\/schema\/logo\/image\/","url":"https:\/\/www.radlobby.org\/noe\/wp-content\/uploads\/2017\/01\/cropped-Logo_Radlobby_Niederoesterreich_50-400px_quer-1.jpg","contentUrl":"https:\/\/www.radlobby.org\/noe\/wp-content\/uploads\/2017\/01\/cropped-Logo_Radlobby_Niederoesterreich_50-400px_quer-1.jpg","width":450,"height":124,"caption":"Radlobby Nieder\u00f6sterreich"},"image":{"@id":"https:\/\/www.radlobby.org\/noe\/#\/schema\/logo\/image\/"},"sameAs":["https:\/\/www.facebook.com\/groups\/radfahren.in.noe\/"]},{"@type":"Person","@id":"https:\/\/www.radlobby.org\/noe\/#\/schema\/person\/d1ad6d77ec2ff1837830735b5f074c95","name":"Maria Z\u00f6gernitz","image":{"@type":"ImageObject","inLanguage":"de","@id":"https:\/\/www.radlobby.org\/noe\/#\/schema\/person\/image\/","url":"https:\/\/secure.gravatar.com\/avatar\/f0ec056831cd418e44e25a41becb89b06234dc4c32d644fddd8329785f26d862?s=96&d=mm&r=g","contentUrl":"https:\/\/secure.gravatar.com\/avatar\/f0ec056831cd418e44e25a41becb89b06234dc4c32d644fddd8329785f26d862?s=96&d=mm&r=g","caption":"Maria Z\u00f6gernitz"},"description":"Ortsgruppe St. P\u00f6lten","url":"https:\/\/www.radlobby.org\/noe\/author\/maria-zoegernitz\/"}]}},"_links":{"self":[{"href":"https:\/\/www.radlobby.org\/noe\/wp-json\/wp\/v2\/posts\/32855","targetHints":{"allow":["GET"]}}],"collection":[{"href":"https:\/\/www.radlobby.org\/noe\/wp-json\/wp\/v2\/posts"}],"about":[{"href":"https:\/\/www.radlobby.org\/noe\/wp-json\/wp\/v2\/types\/post"}],"author":[{"embeddable":true,"href":"https:\/\/www.radlobby.org\/noe\/wp-json\/wp\/v2\/users\/33"}],"replies":[{"embeddable":true,"href":"https:\/\/www.radlobby.org\/noe\/wp-json\/wp\/v2\/comments?post=32855"}],"version-history":[{"count":45,"href":"https:\/\/www.radlobby.org\/noe\/wp-json\/wp\/v2\/posts\/32855\/revisions"}],"predecessor-version":[{"id":40968,"href":"https:\/\/www.radlobby.org\/noe\/wp-json\/wp\/v2\/posts\/32855\/revisions\/40968"}],"wp:featuredmedia":[{"embeddable":true,"href":"https:\/\/www.radlobby.org\/noe\/wp-json\/wp\/v2\/media\/12320"}],"wp:attachment":[{"href":"https:\/\/www.radlobby.org\/noe\/wp-json\/wp\/v2\/media?parent=32855"}],"wp:term":[{"taxonomy":"category","embeddable":true,"href":"https:\/\/www.radlobby.org\/noe\/wp-json\/wp\/v2\/categories?post=32855"},{"taxonomy":"post_tag","embeddable":true,"href":"https:\/\/www.radlobby.org\/noe\/wp-json\/wp\/v2\/tags?post=32855"}],"curies":[{"name":"wp","href":"https:\/\/api.w.org\/{rel}","templated":true}]}}