{"id":32639,"date":"2023-11-22T22:02:49","date_gmt":"2023-11-22T21:02:49","guid":{"rendered":"https:\/\/www.radlobby.org\/noe\/?p=32639"},"modified":"2023-11-22T22:21:12","modified_gmt":"2023-11-22T21:21:12","slug":"parlamentarische-buergerinitiative-stopp-strassenbau-62-bi","status":"publish","type":"post","link":"https:\/\/www.radlobby.org\/noe\/parlamentarische-buergerinitiative-stopp-strassenbau-62-bi\/","title":{"rendered":"Parlamentarische B\u00fcrgerinitiative: Stopp Stra\u00dfenbau (62\/BI)"},"content":{"rendered":"<h2><span style=\"font-weight: 400;\">Stellungnahme Radlobby Nieder\u00f6sterreich zur parlamentarischen B\u00fcrgerinitiative Stopp Stra\u00dfenbau (62\/79\/BI)<\/span><\/h2>\n<h4><span style=\"font-weight: 400;\">Nieder\u00f6sterreich hat ein Klimaschutz-Problem im Verkehr<\/span><\/h4>\n<p><span style=\"font-weight: 400;\">Von 1990 bis 2020 haben die Treibhausgase im Sektor Verkehr um rund 52 Prozent in Nieder\u00f6sterreich zugenommen.<\/span>\u00a0<span style=\"font-weight: 400;\">Den gr\u00f6\u00dften Anteil der Gesamtemissionen in Nieder\u00f6sterreich verursacht der Verkehr mit 29 %<\/span><span style=\"font-weight: 400;\">. W\u00e4hrend man im Geb\u00e4udebereich inzwischen Einsparungen erzielen konnte, gibt es im Sektor Verkehr, im Gegensatz zu anderen Bundesl\u00e4ndern, bislang noch keine Trendwende in Nieder\u00f6sterreich.<img loading=\"lazy\" decoding=\"async\" class=\"alignleft\" src=\"https:\/\/www.radlobby.org\/noe\/wp-content\/uploads\/ParlamentUebergabeBlume_email.jpg\" alt=\"\u00dcbergabe der Parlamentarischen B\u00fcrgerinitiative Stopp Stra\u00dfenbau; Vertreter:innen: \" width=\"705\" height=\"1052\" \/><\/span><\/p>\n<h4><span style=\"font-weight: 400;\">Wer Stra\u00dfen s\u00e4t, wird Verkehr ernten<\/span><\/h4>\n<p><span style=\"font-weight: 400;\">Zahlreiche Umweltvertr\u00e4glichkeitspr\u00fcfungen zeigen, dass mit dem Ausbau und Bau von Stra\u00dfen der Autoverkehr ansteigt. So nimmt laut Umweltvertr\u00e4glichkeitsgutachten bei der S34 in St. P\u00f6lten das Gesamt-Autoverkehrsaufkommen genauso wie bei der Ostumfahrung Wiener Neustadt<\/span><span style=\"font-weight: 400;\"> oder der geplanten zus\u00e4tzlichen Donaubr\u00fccke Mauthausen zu<\/span><span style=\"font-weight: 400;\">. Um den Radverkehr zu f\u00f6rdern, was ein verkehrspolitisches Ziel in ganz \u00d6sterreich ist, braucht es jedoch weniger Kraftfahrzeuge , damit es attraktiver wird, mit dem Rad unterwegs zu sein [siehe RVS Radverkehr 03.02.13]. Radverkehr kann dann im Mischprinzip mit dem KFZ-Verkehr gef\u00fchrt werden. Eine Erh\u00f6hung des Autoanteils steigert die Kosten f\u00fcr eine Nachbesserung der Radinfrastruktur.<\/span><\/p>\n<h4><span style=\"font-weight: 400;\">Radlobby sieht die Politik in der Pflicht<\/span><\/h4>\n<p><span style=\"font-weight: 400;\">Wir fordern die politischen Vertreterinnen und Vertreter auf, proaktiv t\u00e4tig zu werden und den Verkehrskollaps pr\u00e4ventiv abzuwenden, gerade auch in Hinblick auf die steigenden Bev\u00f6lkerungszahlen in Nieder\u00f6sterreich. Aufgrund des Leidensdrucks durch hohen KFZ-Verkehr folgen R\u00fcckbauten innerorts aber auch schon vereinzelt au\u00dferorts<\/span><span style=\"font-weight: 400;\">. Mit dem Ausbau von Fu\u00df-, Radweg-Verbindungen, des \u00f6ffentlichen Verkehrs und kompakten Siedlungsstrukturen wurde der Modal Split in Richtung aktive, gesunde und umweltfreundliche Mobilit\u00e4t verschoben und das Verkehrsproblem tats\u00e4chlich an eine L\u00f6sung herangef\u00fchrt.<\/span><\/p>\n<h4><span style=\"font-weight: 400;\">Gelder richtig einsetzen<\/span><\/h4>\n<p><span style=\"font-weight: 400;\">Die nieder\u00f6sterreichweit geplanten Autostra\u00dfen-Projekte verschlingen viele Millionen Euro an Gemeinde-, Landes und Bundesmitteln (Beispiele: Ostumfahrung Wiener Neustadt: 35 Mio. Euro<\/span><span style=\"font-weight: 400;\">, S 34: 208 Mio. Euro<\/span><span style=\"font-weight: 400;\">, zus\u00e4tzliche Donaubr\u00fccke Mauthausen: 168 Mio. Euro<\/span><span style=\"font-weight: 400;\">).\u00a0 Budgetmittel, die in Nieder\u00f6sterreich f\u00fcr das Radwegenetz und kompakte Siedlungsstrukturen noch dringend fehlen (derzeit \u20ac 10 Mio Euro f\u00fcr ganz Nieder\u00f6sterreich f\u00fcr 2023<\/span><span style=\"font-weight: 400;\">).<\/span><\/p>\n<h4><span style=\"font-weight: 400;\">STOPP Stra\u00dfenbau &#8211;\u00a0 Ausbau von Fu\u00df-, Rad- und \u00d6V-Netzen<\/span><\/h4>\n<p><span style=\"font-weight: 400;\">\u00dcber 10.000 Personen zeigen allein in St. P\u00f6lten, dass eine zukunftsgewandte Verkehrspolitik mehrheitsf\u00e4hig ist.<\/span><span style=\"font-weight: 400;\"> Die laufend steigenden Mitgliederzahlen bei der Radlobby Nieder\u00f6sterreich verdeutlichen, dass sich die Nieder\u00f6sterreicherinnen und Nieder\u00f6sterreicher einen Ausbau der Radwege-Netze w\u00fcnschen. Radverkehr ist Angebotsplanung: Wenn Geld in den Ausbau von Stra\u00dfen in die Hand genommen wird, dann sollte es daf\u00fcr verwendet werden, qualit\u00e4tsvolle Bedingungen f\u00fcr die Menschen, die zu Fu\u00df und\/oder dem Rad unterwegs sind, zu schaffen.\u00a0<\/span><\/p>\n<h4>Zur Stellungnahme der Radlobby Nieder\u00f6sterreich<\/h4>\n<p><a href=\"https:\/\/www.parlament.gv.at\/PtWeb\/api\/s3serv\/file\/72c941fe-a239-46b5-b404-f71b1ffc3e6c\">https:\/\/www.parlament.gv.at\/PtWeb\/api\/s3serv\/file\/72c941fe-a239-46b5-b404-f71b1ffc3e6c\u00a0<\/a><\/p>\n<h4>Parlamentarische B\u00fcrgerinitiative Stopp Stra\u00dfenbau unterst\u00fctzen<\/h4>\n<p>Hier kannst du ein Zeichen setzen und eine <a href=\"https:\/\/www.parlament.gv.at\/gegenstand\/XXVII\/BI\/62?selectedStage=103\" target=\"_blank\" rel=\"noreferrer noopener\"><strong>Unterst\u00fctzungserkl\u00e4rung<\/strong><\/a> abgeben. Als Initiative oder selbst vom Stra\u00dfenbau Betroffene:r bringt auch Eure eigene <a href=\"https:\/\/www.parlament.gv.at\/gegenstand\/XXVII\/BI\/62?selectedStage=101\" target=\"_blank\" rel=\"noreferrer noopener\"><strong>Stellungnahme<\/strong><\/a> ein.<\/p>\n<p>Quellen<\/p>\n<ul>\n<li><a href=\"https:\/\/www.umweltbundesamt.at\/fileadmin\/site\/publikationen\/rep0817.pdf\"><span style=\"font-weight: 400;\">https:\/\/www.umweltbundesamt.at\/fileadmin\/site\/publikationen\/rep0817.pdf<\/span><\/a><span style=\"font-weight: 400;\"> [17.11.2023]<\/span><\/li>\n<li><a href=\"https:\/\/www.umweltbericht.at\/die-entwicklung-der-treibhausgasemissionen-in-niederoesterreich-gesamt\/\">https:\/\/www.umweltbericht.at\/die-entwicklung-der-treibhausgasemissionen-in-niederoesterreich-gesamt\/<\/a> [17.11.2023]<\/li>\n<li><span style=\"font-weight: 400;\">Dokumente zur Ostumfahrung Wiener Neustadt <\/span><a href=\"https:\/\/www.radlobby.org\/noe\/ostumfahrung-wiener-neustadt-ueberblick-zum-zeitablauf-und-zu-den-dokumenten\/\"><span style=\"font-weight: 400;\">https:\/\/www.radlobby.org\/noe\/ostumfahrung-wiener-neustadt-ueberblick-zum-zeitablauf-und-zu-den-dokumenten\/<\/span><\/a><span style=\"font-weight: 400;\"> [17.11.2023]<\/span><\/li>\n<li>https:\/\/www.noe.gv.at\/noe\/Umweltschutz\/UG_8.html<\/li>\n<li><a href=\"https:\/\/www.tuwien.at\/index.php?eID=dumpFile&amp;t=f&amp;f=164922&amp;token=0baca8d8112617d2e6b318873edea7ffdbd5b337\"><span style=\"font-weight: 400;\">https:\/\/www.tuwien.at\/index.php?eID=dumpFile&amp;t=f&amp;f=164922&amp;token=0baca8d8112617d2e6b318873edea7ffdbd5b337<\/span><\/a><span style=\"font-weight: 400;\"> [19.11.2023]<\/span><\/li>\n<li><strong><a href=\"https:\/\/www.noe.gv.at\/noe\/UVP-Bescheid_fuer_Ostumfahrung_Wr._Neustadt__Teil_2__erla.html\"><span style=\"font-weight: 400;\">https:\/\/www.noe.gv.at\/noe\/UVP-Bescheid_fuer_Ostumfahrung_Wr._Neustadt__Teil_2__erla.html<\/span><\/a><span style=\"font-weight: 400;\"> 35 Mio. Euro f\u00fcr 4,8 Kilometer (2019)<\/span><\/strong><\/li>\n<li><a href=\"https:\/\/www.asfinag.at\/bauen-erhalten\/bauprojekte\/s-34-traisental-schnellstrasse-neubau-st-polten-hafing-knoten-st-polten-west-wilhelmsburg\/\"><span style=\"font-weight: 400;\">https:\/\/www.asfinag.at\/bauen-erhalten\/bauprojekte\/s-34-traisental-schnellstrasse-neubau-st-polten-hafing-knoten-st-polten-west-wilhelmsburg\/<\/span><\/a><span style=\"font-weight: 400;\"> 9 Kilometer, 208 Mio Gesamtkosten <\/span><span style=\"font-weight: 400;\">[17.11.2023]<\/span><\/li>\n<li><a href=\"https:\/\/donaubruecke.at\/\"><span style=\"font-weight: 400;\">https:\/\/donaubruecke.at\/<\/span><\/a><span style=\"font-weight: 400;\"> [17.11.2023]<\/span><\/li>\n<li><span style=\"font-weight: 400;\">\u00a0<\/span><a href=\"https:\/\/www.noe.gv.at\/noe\/Budget\/Voranschlag_2023.pdf\"><span style=\"font-weight: 400;\">https:\/\/www.noe.gv.at\/noe\/Budget\/Voranschlag_2023.pdf<\/span><\/a><span style=\"font-weight: 400;\"> [17.11.2023]<\/span><\/li>\n<li><a href=\"https:\/\/www.openpetition.eu\/at\/petition\/online\/stopp-s-34-wir-kaempfen-um-unsere-natur\"><span style=\"font-weight: 400;\">https:\/\/www.openpetition.eu\/at\/petition\/online\/stopp-s-34-wir-kaempfen-um-unsere-natur<\/span><\/a><span style=\"font-weight: 400;\"> [17.11.2023]<\/span><\/li>\n<\/ul>\n<p>Stand: 22.11.2023<\/p>\n","protected":false},"excerpt":{"rendered":"<p>Stellungnahme Radlobby Nieder\u00f6sterreich zur parlamentarischen B\u00fcrgerinitiative Stopp Stra\u00dfenbau (62\/79\/BI)<\/p>\n","protected":false},"author":33,"featured_media":32641,"comment_status":"closed","ping_status":"closed","sticky":false,"template":"","format":"standard","meta":{"footnotes":""},"categories":[1,667],"tags":[],"class_list":["post-32639","post","type-post","status-publish","format-standard","has-post-thumbnail","hentry","category-allgemein","category-radpolitik-in-noe"],"yoast_head":"<!-- This site is optimized with the Yoast SEO plugin v26.9 - https:\/\/yoast.com\/product\/yoast-seo-wordpress\/ -->\n<title>Parlamentarische B\u00fcrgerinitiative: Stopp Stra\u00dfenbau (62\/BI) - Radlobby Nieder\u00f6sterreich<\/title>\n<meta name=\"robots\" content=\"index, follow, max-snippet:-1, max-image-preview:large, max-video-preview:-1\" \/>\n<link rel=\"canonical\" href=\"https:\/\/www.radlobby.org\/noe\/parlamentarische-buergerinitiative-stopp-strassenbau-62-bi\/\" \/>\n<meta property=\"og:locale\" content=\"de_DE\" \/>\n<meta property=\"og:type\" content=\"article\" \/>\n<meta property=\"og:title\" content=\"Parlamentarische B\u00fcrgerinitiative: Stopp Stra\u00dfenbau (62\/BI) - Radlobby Nieder\u00f6sterreich\" \/>\n<meta property=\"og:description\" content=\"Stellungnahme Radlobby Nieder\u00f6sterreich zur parlamentarischen B\u00fcrgerinitiative Stopp Stra\u00dfenbau (62\/79\/BI)\" \/>\n<meta property=\"og:url\" content=\"https:\/\/www.radlobby.org\/noe\/parlamentarische-buergerinitiative-stopp-strassenbau-62-bi\/\" \/>\n<meta property=\"og:site_name\" content=\"Radlobby Nieder\u00f6sterreich\" \/>\n<meta property=\"article:publisher\" content=\"https:\/\/www.facebook.com\/groups\/radfahren.in.noe\/\" \/>\n<meta property=\"article:published_time\" content=\"2023-11-22T21:02:49+00:00\" \/>\n<meta property=\"article:modified_time\" content=\"2023-11-22T21:21:12+00:00\" \/>\n<meta property=\"og:image\" content=\"https:\/\/www.radlobby.org\/noe\/wp-content\/uploads\/ParlamentUebergabeBlume_email.jpg\" \/>\n\t<meta property=\"og:image:width\" content=\"787\" \/>\n\t<meta property=\"og:image:height\" content=\"1174\" \/>\n\t<meta property=\"og:image:type\" content=\"image\/jpeg\" \/>\n<meta name=\"author\" content=\"Maria Z\u00f6gernitz\" \/>\n<meta name=\"twitter:card\" content=\"summary_large_image\" \/>\n<meta name=\"twitter:label1\" content=\"Verfasst von\" \/>\n\t<meta name=\"twitter:data1\" content=\"Maria Z\u00f6gernitz\" \/>\n\t<meta name=\"twitter:label2\" content=\"Gesch\u00e4tzte Lesezeit\" \/>\n\t<meta name=\"twitter:data2\" content=\"3\u00a0Minuten\" \/>\n<script type=\"application\/ld+json\" class=\"yoast-schema-graph\">{\"@context\":\"https:\/\/schema.org\",\"@graph\":[{\"@type\":\"Article\",\"@id\":\"https:\/\/www.radlobby.org\/noe\/parlamentarische-buergerinitiative-stopp-strassenbau-62-bi\/#article\",\"isPartOf\":{\"@id\":\"https:\/\/www.radlobby.org\/noe\/parlamentarische-buergerinitiative-stopp-strassenbau-62-bi\/\"},\"author\":{\"name\":\"Maria Z\u00f6gernitz\",\"@id\":\"https:\/\/www.radlobby.org\/noe\/#\/schema\/person\/d1ad6d77ec2ff1837830735b5f074c95\"},\"headline\":\"Parlamentarische B\u00fcrgerinitiative: Stopp Stra\u00dfenbau (62\/BI)\",\"datePublished\":\"2023-11-22T21:02:49+00:00\",\"dateModified\":\"2023-11-22T21:21:12+00:00\",\"mainEntityOfPage\":{\"@id\":\"https:\/\/www.radlobby.org\/noe\/parlamentarische-buergerinitiative-stopp-strassenbau-62-bi\/\"},\"wordCount\":606,\"publisher\":{\"@id\":\"https:\/\/www.radlobby.org\/noe\/#organization\"},\"image\":{\"@id\":\"https:\/\/www.radlobby.org\/noe\/parlamentarische-buergerinitiative-stopp-strassenbau-62-bi\/#primaryimage\"},\"thumbnailUrl\":\"https:\/\/www.radlobby.org\/noe\/wp-content\/uploads\/ParlamentUebergabeBlume_email.jpg\",\"articleSection\":{\"1\":\"Radpolitik in N\u00d6\"},\"inLanguage\":\"de\"},{\"@type\":\"WebPage\",\"@id\":\"https:\/\/www.radlobby.org\/noe\/parlamentarische-buergerinitiative-stopp-strassenbau-62-bi\/\",\"url\":\"https:\/\/www.radlobby.org\/noe\/parlamentarische-buergerinitiative-stopp-strassenbau-62-bi\/\",\"name\":\"Parlamentarische B\u00fcrgerinitiative: Stopp Stra\u00dfenbau (62\/BI) - Radlobby Nieder\u00f6sterreich\",\"isPartOf\":{\"@id\":\"https:\/\/www.radlobby.org\/noe\/#website\"},\"primaryImageOfPage\":{\"@id\":\"https:\/\/www.radlobby.org\/noe\/parlamentarische-buergerinitiative-stopp-strassenbau-62-bi\/#primaryimage\"},\"image\":{\"@id\":\"https:\/\/www.radlobby.org\/noe\/parlamentarische-buergerinitiative-stopp-strassenbau-62-bi\/#primaryimage\"},\"thumbnailUrl\":\"https:\/\/www.radlobby.org\/noe\/wp-content\/uploads\/ParlamentUebergabeBlume_email.jpg\",\"datePublished\":\"2023-11-22T21:02:49+00:00\",\"dateModified\":\"2023-11-22T21:21:12+00:00\",\"breadcrumb\":{\"@id\":\"https:\/\/www.radlobby.org\/noe\/parlamentarische-buergerinitiative-stopp-strassenbau-62-bi\/#breadcrumb\"},\"inLanguage\":\"de\",\"potentialAction\":[{\"@type\":\"ReadAction\",\"target\":[\"https:\/\/www.radlobby.org\/noe\/parlamentarische-buergerinitiative-stopp-strassenbau-62-bi\/\"]}]},{\"@type\":\"ImageObject\",\"inLanguage\":\"de\",\"@id\":\"https:\/\/www.radlobby.org\/noe\/parlamentarische-buergerinitiative-stopp-strassenbau-62-bi\/#primaryimage\",\"url\":\"https:\/\/www.radlobby.org\/noe\/wp-content\/uploads\/ParlamentUebergabeBlume_email.jpg\",\"contentUrl\":\"https:\/\/www.radlobby.org\/noe\/wp-content\/uploads\/ParlamentUebergabeBlume_email.jpg\",\"width\":787,\"height\":1174,\"caption\":\"\u00dcbergabe der Unterschriften der parl. B\u00fcrgerinitiative Stopp Stra\u00dfenbau\"},{\"@type\":\"BreadcrumbList\",\"@id\":\"https:\/\/www.radlobby.org\/noe\/parlamentarische-buergerinitiative-stopp-strassenbau-62-bi\/#breadcrumb\",\"itemListElement\":[{\"@type\":\"ListItem\",\"position\":1,\"name\":\"Startseite\",\"item\":\"https:\/\/www.radlobby.org\/noe\/\"},{\"@type\":\"ListItem\",\"position\":2,\"name\":\"Parlamentarische B\u00fcrgerinitiative: Stopp Stra\u00dfenbau (62\/BI)\"}]},{\"@type\":\"WebSite\",\"@id\":\"https:\/\/www.radlobby.org\/noe\/#website\",\"url\":\"https:\/\/www.radlobby.org\/noe\/\",\"name\":\"Radlobby Nieder\u00f6sterreich\",\"description\":\"Radverkehr, Fahrrad, Radfahren, Radreisen, Radtouren, Radweg\",\"publisher\":{\"@id\":\"https:\/\/www.radlobby.org\/noe\/#organization\"},\"potentialAction\":[{\"@type\":\"SearchAction\",\"target\":{\"@type\":\"EntryPoint\",\"urlTemplate\":\"https:\/\/www.radlobby.org\/noe\/?s={search_term_string}\"},\"query-input\":{\"@type\":\"PropertyValueSpecification\",\"valueRequired\":true,\"valueName\":\"search_term_string\"}}],\"inLanguage\":\"de\"},{\"@type\":\"Organization\",\"@id\":\"https:\/\/www.radlobby.org\/noe\/#organization\",\"name\":\"Radlobby Nieder\u00f6sterreich\",\"url\":\"https:\/\/www.radlobby.org\/noe\/\",\"logo\":{\"@type\":\"ImageObject\",\"inLanguage\":\"de\",\"@id\":\"https:\/\/www.radlobby.org\/noe\/#\/schema\/logo\/image\/\",\"url\":\"https:\/\/www.radlobby.org\/noe\/wp-content\/uploads\/2017\/01\/cropped-Logo_Radlobby_Niederoesterreich_50-400px_quer-1.jpg\",\"contentUrl\":\"https:\/\/www.radlobby.org\/noe\/wp-content\/uploads\/2017\/01\/cropped-Logo_Radlobby_Niederoesterreich_50-400px_quer-1.jpg\",\"width\":450,\"height\":124,\"caption\":\"Radlobby Nieder\u00f6sterreich\"},\"image\":{\"@id\":\"https:\/\/www.radlobby.org\/noe\/#\/schema\/logo\/image\/\"},\"sameAs\":[\"https:\/\/www.facebook.com\/groups\/radfahren.in.noe\/\"]},{\"@type\":\"Person\",\"@id\":\"https:\/\/www.radlobby.org\/noe\/#\/schema\/person\/d1ad6d77ec2ff1837830735b5f074c95\",\"name\":\"Maria Z\u00f6gernitz\",\"image\":{\"@type\":\"ImageObject\",\"inLanguage\":\"de\",\"@id\":\"https:\/\/www.radlobby.org\/noe\/#\/schema\/person\/image\/\",\"url\":\"https:\/\/secure.gravatar.com\/avatar\/f0ec056831cd418e44e25a41becb89b06234dc4c32d644fddd8329785f26d862?s=96&d=mm&r=g\",\"contentUrl\":\"https:\/\/secure.gravatar.com\/avatar\/f0ec056831cd418e44e25a41becb89b06234dc4c32d644fddd8329785f26d862?s=96&d=mm&r=g\",\"caption\":\"Maria Z\u00f6gernitz\"},\"description\":\"Ortsgruppe St. P\u00f6lten\",\"url\":\"https:\/\/www.radlobby.org\/noe\/author\/maria-zoegernitz\/\"}]}<\/script>\n<!-- \/ Yoast SEO plugin. -->","yoast_head_json":{"title":"Parlamentarische B\u00fcrgerinitiative: Stopp Stra\u00dfenbau (62\/BI) - Radlobby Nieder\u00f6sterreich","robots":{"index":"index","follow":"follow","max-snippet":"max-snippet:-1","max-image-preview":"max-image-preview:large","max-video-preview":"max-video-preview:-1"},"canonical":"https:\/\/www.radlobby.org\/noe\/parlamentarische-buergerinitiative-stopp-strassenbau-62-bi\/","og_locale":"de_DE","og_type":"article","og_title":"Parlamentarische B\u00fcrgerinitiative: Stopp Stra\u00dfenbau (62\/BI) - Radlobby Nieder\u00f6sterreich","og_description":"Stellungnahme Radlobby Nieder\u00f6sterreich zur parlamentarischen B\u00fcrgerinitiative Stopp Stra\u00dfenbau (62\/79\/BI)","og_url":"https:\/\/www.radlobby.org\/noe\/parlamentarische-buergerinitiative-stopp-strassenbau-62-bi\/","og_site_name":"Radlobby Nieder\u00f6sterreich","article_publisher":"https:\/\/www.facebook.com\/groups\/radfahren.in.noe\/","article_published_time":"2023-11-22T21:02:49+00:00","article_modified_time":"2023-11-22T21:21:12+00:00","og_image":[{"width":787,"height":1174,"url":"https:\/\/www.radlobby.org\/noe\/wp-content\/uploads\/ParlamentUebergabeBlume_email.jpg","type":"image\/jpeg"}],"author":"Maria Z\u00f6gernitz","twitter_card":"summary_large_image","twitter_misc":{"Verfasst von":"Maria Z\u00f6gernitz","Gesch\u00e4tzte Lesezeit":"3\u00a0Minuten"},"schema":{"@context":"https:\/\/schema.org","@graph":[{"@type":"Article","@id":"https:\/\/www.radlobby.org\/noe\/parlamentarische-buergerinitiative-stopp-strassenbau-62-bi\/#article","isPartOf":{"@id":"https:\/\/www.radlobby.org\/noe\/parlamentarische-buergerinitiative-stopp-strassenbau-62-bi\/"},"author":{"name":"Maria Z\u00f6gernitz","@id":"https:\/\/www.radlobby.org\/noe\/#\/schema\/person\/d1ad6d77ec2ff1837830735b5f074c95"},"headline":"Parlamentarische B\u00fcrgerinitiative: Stopp Stra\u00dfenbau (62\/BI)","datePublished":"2023-11-22T21:02:49+00:00","dateModified":"2023-11-22T21:21:12+00:00","mainEntityOfPage":{"@id":"https:\/\/www.radlobby.org\/noe\/parlamentarische-buergerinitiative-stopp-strassenbau-62-bi\/"},"wordCount":606,"publisher":{"@id":"https:\/\/www.radlobby.org\/noe\/#organization"},"image":{"@id":"https:\/\/www.radlobby.org\/noe\/parlamentarische-buergerinitiative-stopp-strassenbau-62-bi\/#primaryimage"},"thumbnailUrl":"https:\/\/www.radlobby.org\/noe\/wp-content\/uploads\/ParlamentUebergabeBlume_email.jpg","articleSection":{"1":"Radpolitik in N\u00d6"},"inLanguage":"de"},{"@type":"WebPage","@id":"https:\/\/www.radlobby.org\/noe\/parlamentarische-buergerinitiative-stopp-strassenbau-62-bi\/","url":"https:\/\/www.radlobby.org\/noe\/parlamentarische-buergerinitiative-stopp-strassenbau-62-bi\/","name":"Parlamentarische B\u00fcrgerinitiative: Stopp Stra\u00dfenbau (62\/BI) - Radlobby Nieder\u00f6sterreich","isPartOf":{"@id":"https:\/\/www.radlobby.org\/noe\/#website"},"primaryImageOfPage":{"@id":"https:\/\/www.radlobby.org\/noe\/parlamentarische-buergerinitiative-stopp-strassenbau-62-bi\/#primaryimage"},"image":{"@id":"https:\/\/www.radlobby.org\/noe\/parlamentarische-buergerinitiative-stopp-strassenbau-62-bi\/#primaryimage"},"thumbnailUrl":"https:\/\/www.radlobby.org\/noe\/wp-content\/uploads\/ParlamentUebergabeBlume_email.jpg","datePublished":"2023-11-22T21:02:49+00:00","dateModified":"2023-11-22T21:21:12+00:00","breadcrumb":{"@id":"https:\/\/www.radlobby.org\/noe\/parlamentarische-buergerinitiative-stopp-strassenbau-62-bi\/#breadcrumb"},"inLanguage":"de","potentialAction":[{"@type":"ReadAction","target":["https:\/\/www.radlobby.org\/noe\/parlamentarische-buergerinitiative-stopp-strassenbau-62-bi\/"]}]},{"@type":"ImageObject","inLanguage":"de","@id":"https:\/\/www.radlobby.org\/noe\/parlamentarische-buergerinitiative-stopp-strassenbau-62-bi\/#primaryimage","url":"https:\/\/www.radlobby.org\/noe\/wp-content\/uploads\/ParlamentUebergabeBlume_email.jpg","contentUrl":"https:\/\/www.radlobby.org\/noe\/wp-content\/uploads\/ParlamentUebergabeBlume_email.jpg","width":787,"height":1174,"caption":"\u00dcbergabe der Unterschriften der parl. B\u00fcrgerinitiative Stopp Stra\u00dfenbau"},{"@type":"BreadcrumbList","@id":"https:\/\/www.radlobby.org\/noe\/parlamentarische-buergerinitiative-stopp-strassenbau-62-bi\/#breadcrumb","itemListElement":[{"@type":"ListItem","position":1,"name":"Startseite","item":"https:\/\/www.radlobby.org\/noe\/"},{"@type":"ListItem","position":2,"name":"Parlamentarische B\u00fcrgerinitiative: Stopp Stra\u00dfenbau (62\/BI)"}]},{"@type":"WebSite","@id":"https:\/\/www.radlobby.org\/noe\/#website","url":"https:\/\/www.radlobby.org\/noe\/","name":"Radlobby Nieder\u00f6sterreich","description":"Radverkehr, Fahrrad, Radfahren, Radreisen, Radtouren, Radweg","publisher":{"@id":"https:\/\/www.radlobby.org\/noe\/#organization"},"potentialAction":[{"@type":"SearchAction","target":{"@type":"EntryPoint","urlTemplate":"https:\/\/www.radlobby.org\/noe\/?s={search_term_string}"},"query-input":{"@type":"PropertyValueSpecification","valueRequired":true,"valueName":"search_term_string"}}],"inLanguage":"de"},{"@type":"Organization","@id":"https:\/\/www.radlobby.org\/noe\/#organization","name":"Radlobby Nieder\u00f6sterreich","url":"https:\/\/www.radlobby.org\/noe\/","logo":{"@type":"ImageObject","inLanguage":"de","@id":"https:\/\/www.radlobby.org\/noe\/#\/schema\/logo\/image\/","url":"https:\/\/www.radlobby.org\/noe\/wp-content\/uploads\/2017\/01\/cropped-Logo_Radlobby_Niederoesterreich_50-400px_quer-1.jpg","contentUrl":"https:\/\/www.radlobby.org\/noe\/wp-content\/uploads\/2017\/01\/cropped-Logo_Radlobby_Niederoesterreich_50-400px_quer-1.jpg","width":450,"height":124,"caption":"Radlobby Nieder\u00f6sterreich"},"image":{"@id":"https:\/\/www.radlobby.org\/noe\/#\/schema\/logo\/image\/"},"sameAs":["https:\/\/www.facebook.com\/groups\/radfahren.in.noe\/"]},{"@type":"Person","@id":"https:\/\/www.radlobby.org\/noe\/#\/schema\/person\/d1ad6d77ec2ff1837830735b5f074c95","name":"Maria Z\u00f6gernitz","image":{"@type":"ImageObject","inLanguage":"de","@id":"https:\/\/www.radlobby.org\/noe\/#\/schema\/person\/image\/","url":"https:\/\/secure.gravatar.com\/avatar\/f0ec056831cd418e44e25a41becb89b06234dc4c32d644fddd8329785f26d862?s=96&d=mm&r=g","contentUrl":"https:\/\/secure.gravatar.com\/avatar\/f0ec056831cd418e44e25a41becb89b06234dc4c32d644fddd8329785f26d862?s=96&d=mm&r=g","caption":"Maria Z\u00f6gernitz"},"description":"Ortsgruppe St. P\u00f6lten","url":"https:\/\/www.radlobby.org\/noe\/author\/maria-zoegernitz\/"}]}},"_links":{"self":[{"href":"https:\/\/www.radlobby.org\/noe\/wp-json\/wp\/v2\/posts\/32639","targetHints":{"allow":["GET"]}}],"collection":[{"href":"https:\/\/www.radlobby.org\/noe\/wp-json\/wp\/v2\/posts"}],"about":[{"href":"https:\/\/www.radlobby.org\/noe\/wp-json\/wp\/v2\/types\/post"}],"author":[{"embeddable":true,"href":"https:\/\/www.radlobby.org\/noe\/wp-json\/wp\/v2\/users\/33"}],"replies":[{"embeddable":true,"href":"https:\/\/www.radlobby.org\/noe\/wp-json\/wp\/v2\/comments?post=32639"}],"version-history":[{"count":4,"href":"https:\/\/www.radlobby.org\/noe\/wp-json\/wp\/v2\/posts\/32639\/revisions"}],"predecessor-version":[{"id":32648,"href":"https:\/\/www.radlobby.org\/noe\/wp-json\/wp\/v2\/posts\/32639\/revisions\/32648"}],"wp:featuredmedia":[{"embeddable":true,"href":"https:\/\/www.radlobby.org\/noe\/wp-json\/wp\/v2\/media\/32641"}],"wp:attachment":[{"href":"https:\/\/www.radlobby.org\/noe\/wp-json\/wp\/v2\/media?parent=32639"}],"wp:term":[{"taxonomy":"category","embeddable":true,"href":"https:\/\/www.radlobby.org\/noe\/wp-json\/wp\/v2\/categories?post=32639"},{"taxonomy":"post_tag","embeddable":true,"href":"https:\/\/www.radlobby.org\/noe\/wp-json\/wp\/v2\/tags?post=32639"}],"curies":[{"name":"wp","href":"https:\/\/api.w.org\/{rel}","templated":true}]}}