{"id":32434,"date":"2023-11-03T16:27:27","date_gmt":"2023-11-03T15:27:27","guid":{"rendered":"https:\/\/www.radlobby.org\/noe\/?p=32434"},"modified":"2023-11-22T20:14:39","modified_gmt":"2023-11-22T19:14:39","slug":"zusatzliche-donaubrucke-bei-mauthausen","status":"publish","type":"post","link":"https:\/\/www.radlobby.org\/noe\/zusatzliche-donaubrucke-bei-mauthausen\/","title":{"rendered":"Zus\u00e4tzliche Donaubr\u00fccke bei Mauthausen"},"content":{"rendered":"<p>Von 2. bis 9. November 2023 liefen die Verhandlungen zur Umweltvertr\u00e4glichkeit (UVP) im VAZ St. P\u00f6lten. Die Radlobby Nieder\u00f6sterreich hat dazu eine Stellungnahme verfasst.<\/p>\n<h4>Stellungnahme der Radlobby Nieder\u00f6sterreich zur zus\u00e4tzlichen Donaubr\u00fccke und Ausbau B123b (DBM)<\/h4>\n<p><a href=\"https:\/\/www.radlobby.org\/noe\/wp-content\/uploads\/2023-Donaubruecke-bei-Mauthausen_Bruecken-Suedost_Stand20220520_mitBepflanzung.jpg\" data-src=\"https:\/\/www.radlobby.org\/noe\/wp-content\/uploads\/2023-Donaubruecke-bei-Mauthausen_Bruecken-Suedost_Stand20220520_mitBepflanzung.jpg\" data-thumb=\"https:\/\/www.radlobby.org\/noe\/wp-content\/uploads\/2023-Donaubruecke-bei-Mauthausen_Bruecken-Suedost_Stand20220520_mitBepflanzung-300x169.jpg\" class=\"ml-lightbox-enabled\"><img loading=\"lazy\" decoding=\"async\" class=\"wp-image-32456 size-medium alignright\" src=\"https:\/\/www.radlobby.org\/noe\/wp-content\/uploads\/2023-Donaubruecke-bei-Mauthausen_Bruecken-Suedost_Stand20220520_mitBepflanzung-300x169.jpg\" alt=\"\" width=\"300\" height=\"169\" srcset=\"https:\/\/www.radlobby.org\/noe\/wp-content\/uploads\/2023-Donaubruecke-bei-Mauthausen_Bruecken-Suedost_Stand20220520_mitBepflanzung-300x169.jpg 300w, https:\/\/www.radlobby.org\/noe\/wp-content\/uploads\/2023-Donaubruecke-bei-Mauthausen_Bruecken-Suedost_Stand20220520_mitBepflanzung-768x432.jpg 768w, https:\/\/www.radlobby.org\/noe\/wp-content\/uploads\/2023-Donaubruecke-bei-Mauthausen_Bruecken-Suedost_Stand20220520_mitBepflanzung-1536x864.jpg 1536w, https:\/\/www.radlobby.org\/noe\/wp-content\/uploads\/2023-Donaubruecke-bei-Mauthausen_Bruecken-Suedost_Stand20220520_mitBepflanzung.jpg 1920w\" sizes=\"auto, (max-width: 300px) 100vw, 300px\" \/><\/a>Die Radlobby Nieder\u00f6sterreich fordert die Ber\u00fccksichtigung der Interessen der \u00d6ffentlichkeit und der Anrainerinnen und Anrainer und damit die Reduktion von verkehrlichen Belastungen.<br \/>\nNur die Verlagerung des Modal Splits von Kraftfahrzeugverkehr in Richtung aktive Mobilit\u00e4t und Schiene entlastet die Region langfristig und erh\u00f6ht die Lebensqualit\u00e4t.<br \/>\n<strong>Die Radlobby N\u00d6 unterst\u00fctzt eindeutig eine Variante der Donaubr\u00fccke am bestehenden Standort mit einer entsprechenden Ausstattung mit Rad- und Fu\u00dfwege-Infrastruktur. Eine zus\u00e4tzliche Donaubr\u00fccke wird abgelehnt.<\/strong><\/p>\n<h4>Begr\u00fcndung<\/h4>\n<h5>Induzierter Verkehr aus der Variante 12 schwemmt Siedlungsraum mit Autoverkehr \u2013 Finanzierung f\u00fcr notwendige Begleitma\u00dfnahmen nicht vorgesehen<\/h5>\n<p><a href=\"https:\/\/www.radlobby.org\/noe\/wp-content\/uploads\/2023-Donaubruecke-bei-Mauthausen_Anbindung_B1.jpg\" data-src=\"https:\/\/www.radlobby.org\/noe\/wp-content\/uploads\/2023-Donaubruecke-bei-Mauthausen_Anbindung_B1.jpg\" data-thumb=\"https:\/\/www.radlobby.org\/noe\/wp-content\/uploads\/2023-Donaubruecke-bei-Mauthausen_Anbindung_B1-300x169.jpg\" class=\"ml-lightbox-enabled\"><img loading=\"lazy\" decoding=\"async\" class=\"alignright wp-image-32457 size-medium\" src=\"https:\/\/www.radlobby.org\/noe\/wp-content\/uploads\/2023-Donaubruecke-bei-Mauthausen_Anbindung_B1-300x169.jpg\" alt=\"\" width=\"300\" height=\"169\" srcset=\"https:\/\/www.radlobby.org\/noe\/wp-content\/uploads\/2023-Donaubruecke-bei-Mauthausen_Anbindung_B1-300x169.jpg 300w, https:\/\/www.radlobby.org\/noe\/wp-content\/uploads\/2023-Donaubruecke-bei-Mauthausen_Anbindung_B1-768x432.jpg 768w, https:\/\/www.radlobby.org\/noe\/wp-content\/uploads\/2023-Donaubruecke-bei-Mauthausen_Anbindung_B1-1536x864.jpg 1536w, https:\/\/www.radlobby.org\/noe\/wp-content\/uploads\/2023-Donaubruecke-bei-Mauthausen_Anbindung_B1-2048x1152.jpg 2048w\" sizes=\"auto, (max-width: 300px) 100vw, 300px\" \/><\/a>Zus\u00e4tzliche Auto-Stra\u00dfen induzieren weiteren Autoverkehr. Je weniger Kraftfahrzeuge unterwegs sind umso attraktiver wird es, mit dem Rad unterwegs zu sein [siehe RVS Radverkehr 03.02.13]. Die vorgeschlagene Variante induziert dabei weiteren Kraftfahrzeugverkehr. Der Quell- und Zielverkehr landet in den Siedlungsgebieten und dr\u00e4ngt die Menschen noch weiter an den Rand. Gehen und Radfahren auf den Stra\u00dfen, die f\u00fcr alle Verkehrsteilnehmenden gedacht sind (Stichwort Landesstra\u00dfen) wird verunm\u00f6glicht.<br \/>\nDiese Spirale gilt es aufzubrechen.<br \/>\nDie Projektwerber muten sehenden Auges Verschlechterungen f\u00fcr die Bev\u00f6lkerung besonders im Hinblick auf die sichere Aus\u00fcbung aktiv mobiler Mobilit\u00e4t zu, um g\u00e4nzlich unverbindliche Ma\u00dfnahmen (etwa LKW-Fahrverbote in Siedlungsr\u00e4umen, Tempo-Ma\u00dfnahmen, Radwegf\u00fchrungen etc.) [Quelle: INHALTSVERZEICHNIS (noe.gv.at), Stellungnahmen des Landes N\u00d6 \u201eNicht Projektbestandteil.\u201c] in Aussicht zu stellen. Die Projektwerber \u00fcbernehmen keine Verantwortung f\u00fcr die Verkehrsschwemme und \u00fcberlassen den Gemeinden, die Umsetzung und Budgetierung\/Finanzierung von Ma\u00dfnahmen um deren Bev\u00f6lkerung in den Siedlungsr\u00e4umen zu sch\u00fctzen und vom Verkehr zu entlasten.<\/p>\n<h5>Mit dem Projekt werden folgende Leitziele des N\u00d6 Raumordnungsgesetzes 2014 verletzt:<\/h5>\n<p style=\"text-align: left;\">[Quelle: Gesamte Rechtsvorschrift f\u00fcr N\u00d6 Raumordnungsgesetz 2014, Fassung vom 27.10.2023 Langtitel N\u00d6 Raumordnungsgesetz 2014 (N\u00d6 ROG 2014) StF: LGBl. Nr. 3\/2015 [CELEX-Nr.: 32012L0018, 31992L0043, 31997L0062, 31979L0409, 31981L0854, 31991L0244, 31994L0024, 31997L0049, 32001L0042, 32002L0049; n\u00c3\u2013 rog 2014, fassung vom 18.05.2021.pdf (bka.gv.at)]:<br \/>\n<em>b) Ausrichtung der Ma\u00dfnahmen der Raumordnung auf<\/em><br \/>\n<em>&#8211; schonende Verwendung nat\u00fcrlicher Ressourcen<\/em><br \/>\n<em>&#8211; Sicherung mineralischer Rohstoffvorkommen<\/em><br \/>\n<em>&#8211; nachhaltige Nutzbarkeit<\/em><br \/>\n<em>&#8211; sparsame Verwendung von Energie, insbesondere von nicht erneuerbaren Energiequellen<\/em><br \/>\n<em>&#8211; Ausbau der Gewinnung von erneuerbarer Energie<\/em><br \/>\n<em>-Reduktion von Treibhausgasemissionen (Klimaschutz)<\/em><br \/>\n<em>-wirtschaftlichen Einsatz von \u00f6ffentlichen Mitteln.\u201c<\/em><\/p>\n<p>Die Erneuerung der Bestandsbr\u00fccke mit Rad- und Fu\u00dfinfrastruktur schont nat\u00fcrliche Ressourcen, nutzt bestehendes, spart Energie, reduziert Treibhausgase und ist ein wirtschaftlicher Einsatz von \u00f6ffentlichen Mitteln. Es gibt hier unzureichende Erhebungen zur Pr\u00fcfung dieser Variante.<\/p>\n<h5>Unzureichende Erhebungen um die Anforderungen von Gehenden und Radfahrenden gerecht zu werden<\/h5>\n<p>In den Unterlagen sind unzureichend Verkehrsz\u00e4hlungen und Verkehrsprognosen hinsichtlich Radverkehr zu entnehmen. So wird etwa im Vorprojekt 2020, Fachbereich Verkehr und Technik Belastungspl\u00e4ne DTVw [Quelle: 11_Belastungsplan_PF 2035-V13.jpg (noe.gv.at)] ausschlie\u00dflich der Kfz- und LKW-Verkehr jedoch nicht das der Fu\u00df- und Radverkehr analysiert und f\u00fcr 2035 prognostiziert.<\/p>\n<h5>Radverkehr als L\u00f6sung zur Verkehrsentlastung<\/h5>\n<p>Mit der Zunahme von E-Bikes [Quelle: VSS\u00d6 Fahrradverkaufszahlen 2021 Fahrradverkaufszahlen 2021 \u2013 VSS\u00d6 (vsso.at)] und E-Lastenr\u00e4der nehmen auch die Reichweiten und Transportkapazit\u00e4ten des Rades zu. Dem muss die Verkehrsinfrastruktur und neue zukunftsorientiere Stra\u00dfenprojekte Rechnung tragen. Das analysierte Projektgebiet umfasst einen Radius von 10 Kilometer und 23 Gemeinden. [Quelle: UG_8_Kurzbeschreibung.pdf (noe.gv.at) B123b Mauthausener Stra\u00dfe, Abzweigung neue Donaubr\u00fccke Mauthausen, Einreichprojekt 2022, Allgemein verst\u00e4ndliche Zusammenfassung der Umweltvertr\u00e4glichkeitspr\u00fcfung]. Diese Wegl\u00e4ngen k\u00f6nnen zu einem gewissen Teil vom Kraftfahrzeug auf das Fahrrad verlagert werden.<\/p>\n<h5>Gezielte Sch\u00e4digung des Klimas ist verboten<\/h5>\n<p>Um Klimaschutz ernsthaft um zu setzen m\u00fcssen auf alle Ebenen Treibhausgase im jeweiligen Wirkungsbereich reduziert werden. Dabei wird durch das Projekt Donaubr\u00fccke V12 Kraftfahrzeugverkehr dauerhaft induziert und damit Treibgasemissionen auf subnationaler Ebene erh\u00f6ht. Das Projekt sch\u00e4digt damit in seinem Wirkungsbereich unser Klima und steht den Erfordernissen des Klimaschutzes und der Nieder\u00f6sterreichischen Landesverfassung [N\u00d6 Landesverfassung 1979, Fassung vom 27.10.2023 https:\/\/www.ris.bka.gv.at\/GeltendeFassung.wxe?Abfrage=LrNO&amp;Gesetzesnummer=20000038 ] entgegen.<\/p>\n<p style=\"text-align: left;\"><em>N\u00d6 Landesverfassung, Artikel 4, Abs. 3: \u201eLebensbedingungen:<\/em><br \/>\n<em>Das Land Nieder\u00f6sterreich hat in seinem Wirkungsbereich daf\u00fcr zu sorgen, dass die Lebensbedingungen der nieder\u00f6sterreichischen Bev\u00f6lkerung in den einzelnen Gemeinden und Regionen des Landes unter Ber\u00fccksichtigung der absch\u00e4tzbaren, wirtschaftlichen, sozialen und kulturellen Bed\u00fcrfnisse gew\u00e4hrleistet sind. Dabei kommen \u2026 dem Klimaschutz, dem Schutz und der Pflege von Umwelt, Natur, Landschaft und Ortsbild, besondere Bedeutung zu&#8230;\u201c<\/em><\/p>\n<p>Es steht weiters den nationalen Zielen zur Klimaneutralit\u00e4t bis 2040 Mobilit\u00e4tsmasterplan 2030 \u2013 Neuausrichtung des Mobilit\u00e4tssektors (bmk.gv.at) und den europ\u00e4ischen Klima-Zielen f\u00fcr 2030 entgegen.<br \/>\nDas Projekt f\u00fchrt nicht zur Reduktion von Treibhausgasemissionen.<br \/>\nDurch eine Verlagerung des Kraftfahrzeugverkehrs auf umweltfreundliche Mobilit\u00e4tsformen kann ein Beitrag zum Klimaschutz geleistet werden.<br \/>\nDie Umweltauswirkungen und Auswirkungen auf den Modal Split im Vergleich etwa zu einer Variante \u201eErneuerung der bestehenden Donaubr\u00fccke und Verbesserung der Rad- und Fu\u00dfinfrastruktur auf dieser und NICHT-Bau einer zus\u00e4tzlichen Br\u00fccke mit Anreizen in Rad-, Schienen- und Fu\u00dfinfrastruktur\u201c ist zu pr\u00fcfen. Eventuell kann mit dieser Variante ein Beitrag zum Klimaschutz geleistet werden. Hier gibt es zahlreiche Beispiele wie etwa die Entfernung der Autobahn in Seoul [Quelle: Lebensraum statt Autobahn in Seoul &#8211; Mobilit\u00e4t mit Zukunft (vcoe.at)] oder Uetrecht [Quelle: Mehr Gr\u00fcn und mehr Wasser &#8211; Utrecht legt einen Kanal frei und rei\u00dft daf\u00fcr eine Stadtautobahn ab | STERN.de].<\/p>\n<h5>Donaubr\u00fccke am alten Standort wichtig f\u00fcr Fu\u00df- und Radverkehr<\/h5>\n<p>Aktive Mobilit\u00e4tsformen wie Gehen und Radfahren sind sehr umwegsensibel. Alltagsradelnde suchen Direktheit und Durchg\u00e4ngigkeit und Abk\u00fcrzungen, wenn die Radwegsf\u00fchrung mit Umwegen verbunden ist- siehe Grunds\u00e4tze in Radverkehr RVS 03.02.13.<\/p>\n<p style=\"text-align: left;\"><em>\u201e\u2026 Alltagsradverkehr: \u2026 Planungsgrundlage: Sicherheit und Direktheit, Komfort, Attraktivit\u00e4t und Durchg\u00e4ngigkeit, sucht Abk\u00fcrzungen, wenn die Radverkehrsf\u00fchrung mit Umwegen verbunden ist;<\/em><br \/>\n<em>Die Ziel- und Quellpunkte sind sicher, attraktiv, komfortabel und direkt untereinander zu verbinden. Grunds\u00e4tze der Netzgestaltung sind aus dieser Sicht gegen\u00fcber den Bedarfskriterien (z.B. aktuelle Radverkehrsst\u00e4rken als Planungskriterien) in den Vordergrund zu stellen.<\/em><br \/>\n<em>Verbindung potenzieller Ziel- und Quellpunkte<\/em><br \/>\n<em>Das Radverkehrsnetz hat sich an diesen bzw. den sich daraus ergebenden Wunschlinien zu orientieren. Solche Quell- und Zielpunkte sind Wohngebiete, Bildungseinrichtungen, Wohnheime, \u00d6V-Haltestellen, Verwaltungs- und Gesch\u00e4ftszentren, Industrie- und Gewerbegebiete, Naherholungsgebiete, Sportst\u00e4tten, B\u00e4der, Sehensw\u00fcrdigkeiten usw.\u201c<\/em><\/p>\n<p>Daher ist die zus\u00e4tzliche Donaubr\u00fccke in der Variante 12 eine nicht ad\u00e4quate Variante. Bei einer Neuprojektierung ist bei der Verbindung \u00fcber die erneuerte Donaubr\u00fccke eine umwegfreie Anbindung vorzunehmen!<\/p>\n<h5>Projekt bindet dringend notwendige Gelder f\u00fcr den Radverkehr<\/h5>\n<p>Laut N\u00d6 Stra\u00dfengesetz ist bei Stra\u00dfenbauten \u201einsbesondere auf die Interessen der Fu\u00dfg\u00e4nger und Radfahrer Bedacht zu nehmen\u201c [Quelle: N\u00d6 Stra\u00dfengesetz 1999, Fassung vom 27.10.2023 https:\/\/www.ris.bka.gv.at\/GeltendeFassung.wxe?Abfrage=LrNO&amp;Gesetzesnummer=20000791 ]. Die aktuelle Variante bindet nach derzeitigen Berechnungen 168 Millionen Euro [Quelle: Start \u2013 B123b Neue Donaubr\u00fccke Mauthausen (donaubruecke.at)], welche im Bereich Radverkehr in Nieder\u00f6sterreich und Ober\u00f6sterreich dringend erforderlich sind. So umfasst das Radverkehrsbudget des Landes Nieder\u00f6sterreich derzeit 10 Millionen Euro [Quelle: https:\/\/www.noe.gv.at\/noe\/Budget\/Voranschlag_2023.pdf].<\/p>\n<p><a href=\"https:\/\/www.radlobby.org\/noe\/wp-content\/uploads\/StellungnahmeRadlobbyNOe_Donaubruecke_Mauthausen.pdf\">Stellungnahme RadlobbyN\u00d6_Donaubruecke_Mauthausen<\/a><\/p>\n<h4><\/h4>\n<h4>Verkehrswende.at ver\u00f6ffentlicht Gutachten zur Gef\u00e4hrdung der Gesundheit und des Lebens durch den Stra\u00dfenbau<\/h4>\n<p><a href=\"https:\/\/verkehrswende.at\/gutachten-dbm\">zum Gutachten<\/a><\/p>\n<h4>Hier zu den Unterlagen des Landes Nieder\u00f6sterreich und Landes Ober\u00f6sterreich<\/h4>\n<p><a href=\"https:\/\/www.noe.gv.at\/noe\/Umweltschutz\/UG_8.html\">https:\/\/www.noe.gv.at\/noe\/Umweltschutz\/UG_8.html<\/a><\/p>\n","protected":false},"excerpt":{"rendered":"<p>Die Radlobby Nieder\u00f6sterreich fordert die Ber\u00fccksichtigung der Interessen der \u00d6ffentlichkeit und der Anrainerinnen und Anrainer und damit die Reduktion von verkehrlichen Belastungen.<\/p>\n","protected":false},"author":33,"featured_media":32456,"comment_status":"closed","ping_status":"closed","sticky":false,"template":"","format":"standard","meta":{"footnotes":""},"categories":[383,321,20,667],"tags":[663,664,666,665],"class_list":["post-32434","post","type-post","status-publish","format-standard","has-post-thumbnail","hentry","category-presse-medien","category-enns-donauwinkel","category-niederoesterreich","category-radpolitik-in-noe","tag-donaubruecke","tag-mauthausen","tag-umweltvertraeglichkeitspruefung","tag-uvp"],"yoast_head":"<!-- This site is optimized with the Yoast SEO plugin v26.9 - https:\/\/yoast.com\/product\/yoast-seo-wordpress\/ -->\n<title>Zus\u00e4tzliche Donaubr\u00fccke bei Mauthausen - Radlobby Nieder\u00f6sterreich<\/title>\n<meta name=\"robots\" content=\"index, follow, max-snippet:-1, max-image-preview:large, max-video-preview:-1\" \/>\n<link rel=\"canonical\" href=\"https:\/\/www.radlobby.org\/noe\/zusatzliche-donaubrucke-bei-mauthausen\/\" \/>\n<meta property=\"og:locale\" content=\"de_DE\" \/>\n<meta property=\"og:type\" content=\"article\" \/>\n<meta property=\"og:title\" content=\"Zus\u00e4tzliche Donaubr\u00fccke bei Mauthausen - Radlobby Nieder\u00f6sterreich\" \/>\n<meta property=\"og:description\" content=\"Die Radlobby Nieder\u00f6sterreich fordert die Ber\u00fccksichtigung der Interessen der \u00d6ffentlichkeit und der Anrainerinnen und Anrainer und damit die Reduktion von verkehrlichen Belastungen.\" \/>\n<meta property=\"og:url\" content=\"https:\/\/www.radlobby.org\/noe\/zusatzliche-donaubrucke-bei-mauthausen\/\" \/>\n<meta property=\"og:site_name\" content=\"Radlobby Nieder\u00f6sterreich\" \/>\n<meta property=\"article:publisher\" content=\"https:\/\/www.facebook.com\/groups\/radfahren.in.noe\/\" \/>\n<meta property=\"article:published_time\" content=\"2023-11-03T15:27:27+00:00\" \/>\n<meta property=\"article:modified_time\" content=\"2023-11-22T19:14:39+00:00\" \/>\n<meta property=\"og:image\" content=\"https:\/\/www.radlobby.org\/noe\/wp-content\/uploads\/2023-Donaubruecke-bei-Mauthausen_Bruecken-Suedost_Stand20220520_mitBepflanzung.jpg\" \/>\n\t<meta property=\"og:image:width\" content=\"1920\" \/>\n\t<meta property=\"og:image:height\" content=\"1080\" \/>\n\t<meta property=\"og:image:type\" content=\"image\/jpeg\" \/>\n<meta name=\"author\" content=\"Maria Z\u00f6gernitz\" \/>\n<meta name=\"twitter:card\" content=\"summary_large_image\" \/>\n<meta name=\"twitter:label1\" content=\"Verfasst von\" \/>\n\t<meta name=\"twitter:data1\" content=\"Maria Z\u00f6gernitz\" \/>\n\t<meta name=\"twitter:label2\" content=\"Gesch\u00e4tzte Lesezeit\" \/>\n\t<meta name=\"twitter:data2\" content=\"7\u00a0Minuten\" \/>\n<script type=\"application\/ld+json\" class=\"yoast-schema-graph\">{\"@context\":\"https:\/\/schema.org\",\"@graph\":[{\"@type\":\"Article\",\"@id\":\"https:\/\/www.radlobby.org\/noe\/zusatzliche-donaubrucke-bei-mauthausen\/#article\",\"isPartOf\":{\"@id\":\"https:\/\/www.radlobby.org\/noe\/zusatzliche-donaubrucke-bei-mauthausen\/\"},\"author\":{\"name\":\"Maria Z\u00f6gernitz\",\"@id\":\"https:\/\/www.radlobby.org\/noe\/#\/schema\/person\/d1ad6d77ec2ff1837830735b5f074c95\"},\"headline\":\"Zus\u00e4tzliche Donaubr\u00fccke bei Mauthausen\",\"datePublished\":\"2023-11-03T15:27:27+00:00\",\"dateModified\":\"2023-11-22T19:14:39+00:00\",\"mainEntityOfPage\":{\"@id\":\"https:\/\/www.radlobby.org\/noe\/zusatzliche-donaubrucke-bei-mauthausen\/\"},\"wordCount\":1230,\"publisher\":{\"@id\":\"https:\/\/www.radlobby.org\/noe\/#organization\"},\"image\":{\"@id\":\"https:\/\/www.radlobby.org\/noe\/zusatzliche-donaubrucke-bei-mauthausen\/#primaryimage\"},\"thumbnailUrl\":\"https:\/\/www.radlobby.org\/noe\/wp-content\/uploads\/2023-Donaubruecke-bei-Mauthausen_Bruecken-Suedost_Stand20220520_mitBepflanzung.jpg\",\"keywords\":[\"Donaubr\u00fccke\",\"Mauthausen\",\"Umweltvertr\u00e4glichkeitspr\u00fcfung\",\"UVP\"],\"articleSection\":[\"Presse &amp; Medien\",\"Radlobby Enns-Donauwinkel\",\"Radlobby Nieder\u00f6sterreich\",\"Radpolitik in N\u00d6\"],\"inLanguage\":\"de\"},{\"@type\":\"WebPage\",\"@id\":\"https:\/\/www.radlobby.org\/noe\/zusatzliche-donaubrucke-bei-mauthausen\/\",\"url\":\"https:\/\/www.radlobby.org\/noe\/zusatzliche-donaubrucke-bei-mauthausen\/\",\"name\":\"Zus\u00e4tzliche Donaubr\u00fccke bei Mauthausen - Radlobby Nieder\u00f6sterreich\",\"isPartOf\":{\"@id\":\"https:\/\/www.radlobby.org\/noe\/#website\"},\"primaryImageOfPage\":{\"@id\":\"https:\/\/www.radlobby.org\/noe\/zusatzliche-donaubrucke-bei-mauthausen\/#primaryimage\"},\"image\":{\"@id\":\"https:\/\/www.radlobby.org\/noe\/zusatzliche-donaubrucke-bei-mauthausen\/#primaryimage\"},\"thumbnailUrl\":\"https:\/\/www.radlobby.org\/noe\/wp-content\/uploads\/2023-Donaubruecke-bei-Mauthausen_Bruecken-Suedost_Stand20220520_mitBepflanzung.jpg\",\"datePublished\":\"2023-11-03T15:27:27+00:00\",\"dateModified\":\"2023-11-22T19:14:39+00:00\",\"breadcrumb\":{\"@id\":\"https:\/\/www.radlobby.org\/noe\/zusatzliche-donaubrucke-bei-mauthausen\/#breadcrumb\"},\"inLanguage\":\"de\",\"potentialAction\":[{\"@type\":\"ReadAction\",\"target\":[\"https:\/\/www.radlobby.org\/noe\/zusatzliche-donaubrucke-bei-mauthausen\/\"]}]},{\"@type\":\"ImageObject\",\"inLanguage\":\"de\",\"@id\":\"https:\/\/www.radlobby.org\/noe\/zusatzliche-donaubrucke-bei-mauthausen\/#primaryimage\",\"url\":\"https:\/\/www.radlobby.org\/noe\/wp-content\/uploads\/2023-Donaubruecke-bei-Mauthausen_Bruecken-Suedost_Stand20220520_mitBepflanzung.jpg\",\"contentUrl\":\"https:\/\/www.radlobby.org\/noe\/wp-content\/uploads\/2023-Donaubruecke-bei-Mauthausen_Bruecken-Suedost_Stand20220520_mitBepflanzung.jpg\",\"width\":1920,\"height\":1080},{\"@type\":\"BreadcrumbList\",\"@id\":\"https:\/\/www.radlobby.org\/noe\/zusatzliche-donaubrucke-bei-mauthausen\/#breadcrumb\",\"itemListElement\":[{\"@type\":\"ListItem\",\"position\":1,\"name\":\"Startseite\",\"item\":\"https:\/\/www.radlobby.org\/noe\/\"},{\"@type\":\"ListItem\",\"position\":2,\"name\":\"Zus\u00e4tzliche Donaubr\u00fccke bei Mauthausen\"}]},{\"@type\":\"WebSite\",\"@id\":\"https:\/\/www.radlobby.org\/noe\/#website\",\"url\":\"https:\/\/www.radlobby.org\/noe\/\",\"name\":\"Radlobby Nieder\u00f6sterreich\",\"description\":\"Radverkehr, Fahrrad, Radfahren, Radreisen, Radtouren, Radweg\",\"publisher\":{\"@id\":\"https:\/\/www.radlobby.org\/noe\/#organization\"},\"potentialAction\":[{\"@type\":\"SearchAction\",\"target\":{\"@type\":\"EntryPoint\",\"urlTemplate\":\"https:\/\/www.radlobby.org\/noe\/?s={search_term_string}\"},\"query-input\":{\"@type\":\"PropertyValueSpecification\",\"valueRequired\":true,\"valueName\":\"search_term_string\"}}],\"inLanguage\":\"de\"},{\"@type\":\"Organization\",\"@id\":\"https:\/\/www.radlobby.org\/noe\/#organization\",\"name\":\"Radlobby Nieder\u00f6sterreich\",\"url\":\"https:\/\/www.radlobby.org\/noe\/\",\"logo\":{\"@type\":\"ImageObject\",\"inLanguage\":\"de\",\"@id\":\"https:\/\/www.radlobby.org\/noe\/#\/schema\/logo\/image\/\",\"url\":\"https:\/\/www.radlobby.org\/noe\/wp-content\/uploads\/2017\/01\/cropped-Logo_Radlobby_Niederoesterreich_50-400px_quer-1.jpg\",\"contentUrl\":\"https:\/\/www.radlobby.org\/noe\/wp-content\/uploads\/2017\/01\/cropped-Logo_Radlobby_Niederoesterreich_50-400px_quer-1.jpg\",\"width\":450,\"height\":124,\"caption\":\"Radlobby Nieder\u00f6sterreich\"},\"image\":{\"@id\":\"https:\/\/www.radlobby.org\/noe\/#\/schema\/logo\/image\/\"},\"sameAs\":[\"https:\/\/www.facebook.com\/groups\/radfahren.in.noe\/\"]},{\"@type\":\"Person\",\"@id\":\"https:\/\/www.radlobby.org\/noe\/#\/schema\/person\/d1ad6d77ec2ff1837830735b5f074c95\",\"name\":\"Maria Z\u00f6gernitz\",\"image\":{\"@type\":\"ImageObject\",\"inLanguage\":\"de\",\"@id\":\"https:\/\/www.radlobby.org\/noe\/#\/schema\/person\/image\/\",\"url\":\"https:\/\/secure.gravatar.com\/avatar\/f0ec056831cd418e44e25a41becb89b06234dc4c32d644fddd8329785f26d862?s=96&d=mm&r=g\",\"contentUrl\":\"https:\/\/secure.gravatar.com\/avatar\/f0ec056831cd418e44e25a41becb89b06234dc4c32d644fddd8329785f26d862?s=96&d=mm&r=g\",\"caption\":\"Maria Z\u00f6gernitz\"},\"description\":\"Ortsgruppe St. P\u00f6lten\",\"url\":\"https:\/\/www.radlobby.org\/noe\/author\/maria-zoegernitz\/\"}]}<\/script>\n<!-- \/ Yoast SEO plugin. -->","yoast_head_json":{"title":"Zus\u00e4tzliche Donaubr\u00fccke bei Mauthausen - Radlobby Nieder\u00f6sterreich","robots":{"index":"index","follow":"follow","max-snippet":"max-snippet:-1","max-image-preview":"max-image-preview:large","max-video-preview":"max-video-preview:-1"},"canonical":"https:\/\/www.radlobby.org\/noe\/zusatzliche-donaubrucke-bei-mauthausen\/","og_locale":"de_DE","og_type":"article","og_title":"Zus\u00e4tzliche Donaubr\u00fccke bei Mauthausen - Radlobby Nieder\u00f6sterreich","og_description":"Die Radlobby Nieder\u00f6sterreich fordert die Ber\u00fccksichtigung der Interessen der \u00d6ffentlichkeit und der Anrainerinnen und Anrainer und damit die Reduktion von verkehrlichen Belastungen.","og_url":"https:\/\/www.radlobby.org\/noe\/zusatzliche-donaubrucke-bei-mauthausen\/","og_site_name":"Radlobby Nieder\u00f6sterreich","article_publisher":"https:\/\/www.facebook.com\/groups\/radfahren.in.noe\/","article_published_time":"2023-11-03T15:27:27+00:00","article_modified_time":"2023-11-22T19:14:39+00:00","og_image":[{"width":1920,"height":1080,"url":"https:\/\/www.radlobby.org\/noe\/wp-content\/uploads\/2023-Donaubruecke-bei-Mauthausen_Bruecken-Suedost_Stand20220520_mitBepflanzung.jpg","type":"image\/jpeg"}],"author":"Maria Z\u00f6gernitz","twitter_card":"summary_large_image","twitter_misc":{"Verfasst von":"Maria Z\u00f6gernitz","Gesch\u00e4tzte Lesezeit":"7\u00a0Minuten"},"schema":{"@context":"https:\/\/schema.org","@graph":[{"@type":"Article","@id":"https:\/\/www.radlobby.org\/noe\/zusatzliche-donaubrucke-bei-mauthausen\/#article","isPartOf":{"@id":"https:\/\/www.radlobby.org\/noe\/zusatzliche-donaubrucke-bei-mauthausen\/"},"author":{"name":"Maria Z\u00f6gernitz","@id":"https:\/\/www.radlobby.org\/noe\/#\/schema\/person\/d1ad6d77ec2ff1837830735b5f074c95"},"headline":"Zus\u00e4tzliche Donaubr\u00fccke bei Mauthausen","datePublished":"2023-11-03T15:27:27+00:00","dateModified":"2023-11-22T19:14:39+00:00","mainEntityOfPage":{"@id":"https:\/\/www.radlobby.org\/noe\/zusatzliche-donaubrucke-bei-mauthausen\/"},"wordCount":1230,"publisher":{"@id":"https:\/\/www.radlobby.org\/noe\/#organization"},"image":{"@id":"https:\/\/www.radlobby.org\/noe\/zusatzliche-donaubrucke-bei-mauthausen\/#primaryimage"},"thumbnailUrl":"https:\/\/www.radlobby.org\/noe\/wp-content\/uploads\/2023-Donaubruecke-bei-Mauthausen_Bruecken-Suedost_Stand20220520_mitBepflanzung.jpg","keywords":["Donaubr\u00fccke","Mauthausen","Umweltvertr\u00e4glichkeitspr\u00fcfung","UVP"],"articleSection":["Presse &amp; Medien","Radlobby Enns-Donauwinkel","Radlobby Nieder\u00f6sterreich","Radpolitik in N\u00d6"],"inLanguage":"de"},{"@type":"WebPage","@id":"https:\/\/www.radlobby.org\/noe\/zusatzliche-donaubrucke-bei-mauthausen\/","url":"https:\/\/www.radlobby.org\/noe\/zusatzliche-donaubrucke-bei-mauthausen\/","name":"Zus\u00e4tzliche Donaubr\u00fccke bei Mauthausen - Radlobby Nieder\u00f6sterreich","isPartOf":{"@id":"https:\/\/www.radlobby.org\/noe\/#website"},"primaryImageOfPage":{"@id":"https:\/\/www.radlobby.org\/noe\/zusatzliche-donaubrucke-bei-mauthausen\/#primaryimage"},"image":{"@id":"https:\/\/www.radlobby.org\/noe\/zusatzliche-donaubrucke-bei-mauthausen\/#primaryimage"},"thumbnailUrl":"https:\/\/www.radlobby.org\/noe\/wp-content\/uploads\/2023-Donaubruecke-bei-Mauthausen_Bruecken-Suedost_Stand20220520_mitBepflanzung.jpg","datePublished":"2023-11-03T15:27:27+00:00","dateModified":"2023-11-22T19:14:39+00:00","breadcrumb":{"@id":"https:\/\/www.radlobby.org\/noe\/zusatzliche-donaubrucke-bei-mauthausen\/#breadcrumb"},"inLanguage":"de","potentialAction":[{"@type":"ReadAction","target":["https:\/\/www.radlobby.org\/noe\/zusatzliche-donaubrucke-bei-mauthausen\/"]}]},{"@type":"ImageObject","inLanguage":"de","@id":"https:\/\/www.radlobby.org\/noe\/zusatzliche-donaubrucke-bei-mauthausen\/#primaryimage","url":"https:\/\/www.radlobby.org\/noe\/wp-content\/uploads\/2023-Donaubruecke-bei-Mauthausen_Bruecken-Suedost_Stand20220520_mitBepflanzung.jpg","contentUrl":"https:\/\/www.radlobby.org\/noe\/wp-content\/uploads\/2023-Donaubruecke-bei-Mauthausen_Bruecken-Suedost_Stand20220520_mitBepflanzung.jpg","width":1920,"height":1080},{"@type":"BreadcrumbList","@id":"https:\/\/www.radlobby.org\/noe\/zusatzliche-donaubrucke-bei-mauthausen\/#breadcrumb","itemListElement":[{"@type":"ListItem","position":1,"name":"Startseite","item":"https:\/\/www.radlobby.org\/noe\/"},{"@type":"ListItem","position":2,"name":"Zus\u00e4tzliche Donaubr\u00fccke bei Mauthausen"}]},{"@type":"WebSite","@id":"https:\/\/www.radlobby.org\/noe\/#website","url":"https:\/\/www.radlobby.org\/noe\/","name":"Radlobby Nieder\u00f6sterreich","description":"Radverkehr, Fahrrad, Radfahren, Radreisen, Radtouren, Radweg","publisher":{"@id":"https:\/\/www.radlobby.org\/noe\/#organization"},"potentialAction":[{"@type":"SearchAction","target":{"@type":"EntryPoint","urlTemplate":"https:\/\/www.radlobby.org\/noe\/?s={search_term_string}"},"query-input":{"@type":"PropertyValueSpecification","valueRequired":true,"valueName":"search_term_string"}}],"inLanguage":"de"},{"@type":"Organization","@id":"https:\/\/www.radlobby.org\/noe\/#organization","name":"Radlobby Nieder\u00f6sterreich","url":"https:\/\/www.radlobby.org\/noe\/","logo":{"@type":"ImageObject","inLanguage":"de","@id":"https:\/\/www.radlobby.org\/noe\/#\/schema\/logo\/image\/","url":"https:\/\/www.radlobby.org\/noe\/wp-content\/uploads\/2017\/01\/cropped-Logo_Radlobby_Niederoesterreich_50-400px_quer-1.jpg","contentUrl":"https:\/\/www.radlobby.org\/noe\/wp-content\/uploads\/2017\/01\/cropped-Logo_Radlobby_Niederoesterreich_50-400px_quer-1.jpg","width":450,"height":124,"caption":"Radlobby Nieder\u00f6sterreich"},"image":{"@id":"https:\/\/www.radlobby.org\/noe\/#\/schema\/logo\/image\/"},"sameAs":["https:\/\/www.facebook.com\/groups\/radfahren.in.noe\/"]},{"@type":"Person","@id":"https:\/\/www.radlobby.org\/noe\/#\/schema\/person\/d1ad6d77ec2ff1837830735b5f074c95","name":"Maria Z\u00f6gernitz","image":{"@type":"ImageObject","inLanguage":"de","@id":"https:\/\/www.radlobby.org\/noe\/#\/schema\/person\/image\/","url":"https:\/\/secure.gravatar.com\/avatar\/f0ec056831cd418e44e25a41becb89b06234dc4c32d644fddd8329785f26d862?s=96&d=mm&r=g","contentUrl":"https:\/\/secure.gravatar.com\/avatar\/f0ec056831cd418e44e25a41becb89b06234dc4c32d644fddd8329785f26d862?s=96&d=mm&r=g","caption":"Maria Z\u00f6gernitz"},"description":"Ortsgruppe St. P\u00f6lten","url":"https:\/\/www.radlobby.org\/noe\/author\/maria-zoegernitz\/"}]}},"_links":{"self":[{"href":"https:\/\/www.radlobby.org\/noe\/wp-json\/wp\/v2\/posts\/32434","targetHints":{"allow":["GET"]}}],"collection":[{"href":"https:\/\/www.radlobby.org\/noe\/wp-json\/wp\/v2\/posts"}],"about":[{"href":"https:\/\/www.radlobby.org\/noe\/wp-json\/wp\/v2\/types\/post"}],"author":[{"embeddable":true,"href":"https:\/\/www.radlobby.org\/noe\/wp-json\/wp\/v2\/users\/33"}],"replies":[{"embeddable":true,"href":"https:\/\/www.radlobby.org\/noe\/wp-json\/wp\/v2\/comments?post=32434"}],"version-history":[{"count":7,"href":"https:\/\/www.radlobby.org\/noe\/wp-json\/wp\/v2\/posts\/32434\/revisions"}],"predecessor-version":[{"id":32629,"href":"https:\/\/www.radlobby.org\/noe\/wp-json\/wp\/v2\/posts\/32434\/revisions\/32629"}],"wp:featuredmedia":[{"embeddable":true,"href":"https:\/\/www.radlobby.org\/noe\/wp-json\/wp\/v2\/media\/32456"}],"wp:attachment":[{"href":"https:\/\/www.radlobby.org\/noe\/wp-json\/wp\/v2\/media?parent=32434"}],"wp:term":[{"taxonomy":"category","embeddable":true,"href":"https:\/\/www.radlobby.org\/noe\/wp-json\/wp\/v2\/categories?post=32434"},{"taxonomy":"post_tag","embeddable":true,"href":"https:\/\/www.radlobby.org\/noe\/wp-json\/wp\/v2\/tags?post=32434"}],"curies":[{"name":"wp","href":"https:\/\/api.w.org\/{rel}","templated":true}]}}