{"id":31791,"date":"2023-10-05T12:22:48","date_gmt":"2023-10-05T10:22:48","guid":{"rendered":"https:\/\/www.radlobby.org\/noe\/?p=31791"},"modified":"2025-01-09T15:31:13","modified_gmt":"2025-01-09T14:31:13","slug":"25-oktober-2023-ab-20-uhr-18-radlobby-pressbaum-treffen","status":"publish","type":"post","link":"https:\/\/www.radlobby.org\/noe\/25-oktober-2023-ab-20-uhr-18-radlobby-pressbaum-treffen\/","title":{"rendered":"Dienstag, 28.01.2025, 1. Stammtisch<br>der Radlobby Pressbaum in 2025<br>Blitzwirt, D\u00fcrrwienstra\u00dfe 27, 3021 Pressbaum"},"content":{"rendered":"<p><a href=\"https:\/\/www.radlobby.org\/noe\/wp-content\/uploads\/Einladung-RL-Pressbaum-28012025.jpg\" data-src=\"https:\/\/www.radlobby.org\/noe\/wp-content\/uploads\/Einladung-RL-Pressbaum-28012025.jpg\" data-thumb=\"https:\/\/www.radlobby.org\/noe\/wp-content\/uploads\/Einladung-RL-Pressbaum-28012025.jpg\" class=\"ml-lightbox-enabled\"><img loading=\"lazy\" decoding=\"async\" class=\"size-full wp-image-37731 aligncenter\" src=\"https:\/\/www.radlobby.org\/noe\/wp-content\/uploads\/Einladung-RL-Pressbaum-28012025.jpg\" alt=\"\" width=\"502\" height=\"704\" srcset=\"https:\/\/www.radlobby.org\/noe\/wp-content\/uploads\/Einladung-RL-Pressbaum-28012025.jpg 502w, https:\/\/www.radlobby.org\/noe\/wp-content\/uploads\/Einladung-RL-Pressbaum-28012025-214x300.jpg 214w\" sizes=\"auto, (max-width: 502px) 100vw, 502px\" \/><\/a><\/p>\n","protected":false},"excerpt":{"rendered":"<p>Die Radlobby Pressbaum l\u00e4dt dich herzlich ein zur n\u00e4chsten Stammtischrunde!<\/p>\n","protected":false},"author":56,"featured_media":37731,"comment_status":"closed","ping_status":"closed","sticky":false,"template":"","format":"standard","meta":{"footnotes":""},"categories":[266,616,374,283],"tags":[],"class_list":["post-31791","post","type-post","status-publish","format-standard","has-post-thumbnail","hentry","category-eichgraben","category-neulengbach","category-pressbaum","category-purkersdorf"],"yoast_head":"<!-- This site is optimized with the Yoast SEO plugin v26.9 - https:\/\/yoast.com\/product\/yoast-seo-wordpress\/ -->\n<title>Dienstag, 28.01.2025, 1. Stammtischder Radlobby Pressbaum in 2025Blitzwirt, D\u00fcrrwienstra\u00dfe 27, 3021 Pressbaum - Radlobby Nieder\u00f6sterreich<\/title>\n<meta name=\"robots\" content=\"index, follow, max-snippet:-1, max-image-preview:large, max-video-preview:-1\" \/>\n<link rel=\"canonical\" href=\"https:\/\/www.radlobby.org\/noe\/25-oktober-2023-ab-20-uhr-18-radlobby-pressbaum-treffen\/\" \/>\n<meta property=\"og:locale\" content=\"de_DE\" \/>\n<meta property=\"og:type\" content=\"article\" \/>\n<meta property=\"og:title\" content=\"Dienstag, 28.01.2025, 1. Stammtischder Radlobby Pressbaum in 2025Blitzwirt, D\u00fcrrwienstra\u00dfe 27, 3021 Pressbaum - Radlobby Nieder\u00f6sterreich\" \/>\n<meta property=\"og:description\" content=\"Die Radlobby Pressbaum l\u00e4dt dich herzlich ein zur n\u00e4chsten Stammtischrunde!\" \/>\n<meta property=\"og:url\" content=\"https:\/\/www.radlobby.org\/noe\/25-oktober-2023-ab-20-uhr-18-radlobby-pressbaum-treffen\/\" \/>\n<meta property=\"og:site_name\" content=\"Radlobby Nieder\u00f6sterreich\" \/>\n<meta property=\"article:publisher\" content=\"https:\/\/www.facebook.com\/groups\/radfahren.in.noe\/\" \/>\n<meta property=\"article:published_time\" content=\"2023-10-05T10:22:48+00:00\" \/>\n<meta property=\"article:modified_time\" content=\"2025-01-09T14:31:13+00:00\" \/>\n<meta property=\"og:image\" content=\"https:\/\/www.radlobby.org\/noe\/wp-content\/uploads\/Einladung-RL-Pressbaum-28012025.jpg\" \/>\n\t<meta property=\"og:image:width\" content=\"502\" \/>\n\t<meta property=\"og:image:height\" content=\"704\" \/>\n\t<meta property=\"og:image:type\" content=\"image\/jpeg\" \/>\n<meta name=\"author\" content=\"Katja Bohl\u00e4nder\" \/>\n<meta name=\"twitter:card\" content=\"summary_large_image\" \/>\n<meta name=\"twitter:label1\" content=\"Verfasst von\" \/>\n\t<meta name=\"twitter:data1\" content=\"Katja Bohl\u00e4nder\" \/>\n\t<meta name=\"twitter:label2\" content=\"Gesch\u00e4tzte Lesezeit\" \/>\n\t<meta name=\"twitter:data2\" content=\"1\u00a0Minute\" \/>\n<script type=\"application\/ld+json\" class=\"yoast-schema-graph\">{\"@context\":\"https:\/\/schema.org\",\"@graph\":[{\"@type\":\"Article\",\"@id\":\"https:\/\/www.radlobby.org\/noe\/25-oktober-2023-ab-20-uhr-18-radlobby-pressbaum-treffen\/#article\",\"isPartOf\":{\"@id\":\"https:\/\/www.radlobby.org\/noe\/25-oktober-2023-ab-20-uhr-18-radlobby-pressbaum-treffen\/\"},\"author\":{\"name\":\"Katja Bohl\u00e4nder\",\"@id\":\"https:\/\/www.radlobby.org\/noe\/#\/schema\/person\/79b7825e81e90ee0b2beae8813877296\"},\"headline\":\"Dienstag, 28.01.2025, 1. Stammtisch der Radlobby Pressbaum in 2025 Blitzwirt, D\u00fcrrwienstra\u00dfe 27, 3021 Pressbaum\",\"datePublished\":\"2023-10-05T10:22:48+00:00\",\"dateModified\":\"2025-01-09T14:31:13+00:00\",\"mainEntityOfPage\":{\"@id\":\"https:\/\/www.radlobby.org\/noe\/25-oktober-2023-ab-20-uhr-18-radlobby-pressbaum-treffen\/\"},\"wordCount\":10,\"publisher\":{\"@id\":\"https:\/\/www.radlobby.org\/noe\/#organization\"},\"image\":{\"@id\":\"https:\/\/www.radlobby.org\/noe\/25-oktober-2023-ab-20-uhr-18-radlobby-pressbaum-treffen\/#primaryimage\"},\"thumbnailUrl\":\"https:\/\/www.radlobby.org\/noe\/wp-content\/uploads\/Einladung-RL-Pressbaum-28012025.jpg\",\"articleSection\":[\"Radlobby Eichgraben\",\"Radlobby Neulengbach\",\"Radlobby Pressbaum\",\"Radlobby Purkersdorf\"],\"inLanguage\":\"de\"},{\"@type\":\"WebPage\",\"@id\":\"https:\/\/www.radlobby.org\/noe\/25-oktober-2023-ab-20-uhr-18-radlobby-pressbaum-treffen\/\",\"url\":\"https:\/\/www.radlobby.org\/noe\/25-oktober-2023-ab-20-uhr-18-radlobby-pressbaum-treffen\/\",\"name\":\"Dienstag, 28.01.2025, 1. Stammtisch der Radlobby Pressbaum in 2025 Blitzwirt, D\u00fcrrwienstra\u00dfe 27, 3021 Pressbaum - Radlobby Nieder\u00f6sterreich\",\"isPartOf\":{\"@id\":\"https:\/\/www.radlobby.org\/noe\/#website\"},\"primaryImageOfPage\":{\"@id\":\"https:\/\/www.radlobby.org\/noe\/25-oktober-2023-ab-20-uhr-18-radlobby-pressbaum-treffen\/#primaryimage\"},\"image\":{\"@id\":\"https:\/\/www.radlobby.org\/noe\/25-oktober-2023-ab-20-uhr-18-radlobby-pressbaum-treffen\/#primaryimage\"},\"thumbnailUrl\":\"https:\/\/www.radlobby.org\/noe\/wp-content\/uploads\/Einladung-RL-Pressbaum-28012025.jpg\",\"datePublished\":\"2023-10-05T10:22:48+00:00\",\"dateModified\":\"2025-01-09T14:31:13+00:00\",\"breadcrumb\":{\"@id\":\"https:\/\/www.radlobby.org\/noe\/25-oktober-2023-ab-20-uhr-18-radlobby-pressbaum-treffen\/#breadcrumb\"},\"inLanguage\":\"de\",\"potentialAction\":[{\"@type\":\"ReadAction\",\"target\":[\"https:\/\/www.radlobby.org\/noe\/25-oktober-2023-ab-20-uhr-18-radlobby-pressbaum-treffen\/\"]}]},{\"@type\":\"ImageObject\",\"inLanguage\":\"de\",\"@id\":\"https:\/\/www.radlobby.org\/noe\/25-oktober-2023-ab-20-uhr-18-radlobby-pressbaum-treffen\/#primaryimage\",\"url\":\"https:\/\/www.radlobby.org\/noe\/wp-content\/uploads\/Einladung-RL-Pressbaum-28012025.jpg\",\"contentUrl\":\"https:\/\/www.radlobby.org\/noe\/wp-content\/uploads\/Einladung-RL-Pressbaum-28012025.jpg\",\"width\":502,\"height\":704},{\"@type\":\"BreadcrumbList\",\"@id\":\"https:\/\/www.radlobby.org\/noe\/25-oktober-2023-ab-20-uhr-18-radlobby-pressbaum-treffen\/#breadcrumb\",\"itemListElement\":[{\"@type\":\"ListItem\",\"position\":1,\"name\":\"Startseite\",\"item\":\"https:\/\/www.radlobby.org\/noe\/\"},{\"@type\":\"ListItem\",\"position\":2,\"name\":\"Dienstag, 28.01.2025, 1. Stammtischder Radlobby Pressbaum in 2025Blitzwirt, D\u00fcrrwienstra\u00dfe 27, 3021 Pressbaum\"}]},{\"@type\":\"WebSite\",\"@id\":\"https:\/\/www.radlobby.org\/noe\/#website\",\"url\":\"https:\/\/www.radlobby.org\/noe\/\",\"name\":\"Radlobby Nieder\u00f6sterreich\",\"description\":\"Radverkehr, Fahrrad, Radfahren, Radreisen, Radtouren, Radweg\",\"publisher\":{\"@id\":\"https:\/\/www.radlobby.org\/noe\/#organization\"},\"potentialAction\":[{\"@type\":\"SearchAction\",\"target\":{\"@type\":\"EntryPoint\",\"urlTemplate\":\"https:\/\/www.radlobby.org\/noe\/?s={search_term_string}\"},\"query-input\":{\"@type\":\"PropertyValueSpecification\",\"valueRequired\":true,\"valueName\":\"search_term_string\"}}],\"inLanguage\":\"de\"},{\"@type\":\"Organization\",\"@id\":\"https:\/\/www.radlobby.org\/noe\/#organization\",\"name\":\"Radlobby Nieder\u00f6sterreich\",\"url\":\"https:\/\/www.radlobby.org\/noe\/\",\"logo\":{\"@type\":\"ImageObject\",\"inLanguage\":\"de\",\"@id\":\"https:\/\/www.radlobby.org\/noe\/#\/schema\/logo\/image\/\",\"url\":\"https:\/\/www.radlobby.org\/noe\/wp-content\/uploads\/2017\/01\/cropped-Logo_Radlobby_Niederoesterreich_50-400px_quer-1.jpg\",\"contentUrl\":\"https:\/\/www.radlobby.org\/noe\/wp-content\/uploads\/2017\/01\/cropped-Logo_Radlobby_Niederoesterreich_50-400px_quer-1.jpg\",\"width\":450,\"height\":124,\"caption\":\"Radlobby Nieder\u00f6sterreich\"},\"image\":{\"@id\":\"https:\/\/www.radlobby.org\/noe\/#\/schema\/logo\/image\/\"},\"sameAs\":[\"https:\/\/www.facebook.com\/groups\/radfahren.in.noe\/\"]},{\"@type\":\"Person\",\"@id\":\"https:\/\/www.radlobby.org\/noe\/#\/schema\/person\/79b7825e81e90ee0b2beae8813877296\",\"name\":\"Katja Bohl\u00e4nder\",\"image\":{\"@type\":\"ImageObject\",\"inLanguage\":\"de\",\"@id\":\"https:\/\/www.radlobby.org\/noe\/#\/schema\/person\/image\/\",\"url\":\"https:\/\/secure.gravatar.com\/avatar\/6d55cfa0f372e3c65aaa3380a961aaccc1c6253947e434f43842be12a2e9b6ff?s=96&d=mm&r=g\",\"contentUrl\":\"https:\/\/secure.gravatar.com\/avatar\/6d55cfa0f372e3c65aaa3380a961aaccc1c6253947e434f43842be12a2e9b6ff?s=96&d=mm&r=g\",\"caption\":\"Katja Bohl\u00e4nder\"},\"sameAs\":[\"KarlZaunerADMIN\"],\"url\":\"https:\/\/www.radlobby.org\/noe\/author\/katja-bohlaender\/\"}]}<\/script>\n<!-- \/ Yoast SEO plugin. -->","yoast_head_json":{"title":"Dienstag, 28.01.2025, 1. Stammtischder Radlobby Pressbaum in 2025Blitzwirt, D\u00fcrrwienstra\u00dfe 27, 3021 Pressbaum - Radlobby Nieder\u00f6sterreich","robots":{"index":"index","follow":"follow","max-snippet":"max-snippet:-1","max-image-preview":"max-image-preview:large","max-video-preview":"max-video-preview:-1"},"canonical":"https:\/\/www.radlobby.org\/noe\/25-oktober-2023-ab-20-uhr-18-radlobby-pressbaum-treffen\/","og_locale":"de_DE","og_type":"article","og_title":"Dienstag, 28.01.2025, 1. Stammtischder Radlobby Pressbaum in 2025Blitzwirt, D\u00fcrrwienstra\u00dfe 27, 3021 Pressbaum - Radlobby Nieder\u00f6sterreich","og_description":"Die Radlobby Pressbaum l\u00e4dt dich herzlich ein zur n\u00e4chsten Stammtischrunde!","og_url":"https:\/\/www.radlobby.org\/noe\/25-oktober-2023-ab-20-uhr-18-radlobby-pressbaum-treffen\/","og_site_name":"Radlobby Nieder\u00f6sterreich","article_publisher":"https:\/\/www.facebook.com\/groups\/radfahren.in.noe\/","article_published_time":"2023-10-05T10:22:48+00:00","article_modified_time":"2025-01-09T14:31:13+00:00","og_image":[{"width":502,"height":704,"url":"https:\/\/www.radlobby.org\/noe\/wp-content\/uploads\/Einladung-RL-Pressbaum-28012025.jpg","type":"image\/jpeg"}],"author":"Katja Bohl\u00e4nder","twitter_card":"summary_large_image","twitter_misc":{"Verfasst von":"Katja Bohl\u00e4nder","Gesch\u00e4tzte Lesezeit":"1\u00a0Minute"},"schema":{"@context":"https:\/\/schema.org","@graph":[{"@type":"Article","@id":"https:\/\/www.radlobby.org\/noe\/25-oktober-2023-ab-20-uhr-18-radlobby-pressbaum-treffen\/#article","isPartOf":{"@id":"https:\/\/www.radlobby.org\/noe\/25-oktober-2023-ab-20-uhr-18-radlobby-pressbaum-treffen\/"},"author":{"name":"Katja Bohl\u00e4nder","@id":"https:\/\/www.radlobby.org\/noe\/#\/schema\/person\/79b7825e81e90ee0b2beae8813877296"},"headline":"Dienstag, 28.01.2025, 1. Stammtisch der Radlobby Pressbaum in 2025 Blitzwirt, D\u00fcrrwienstra\u00dfe 27, 3021 Pressbaum","datePublished":"2023-10-05T10:22:48+00:00","dateModified":"2025-01-09T14:31:13+00:00","mainEntityOfPage":{"@id":"https:\/\/www.radlobby.org\/noe\/25-oktober-2023-ab-20-uhr-18-radlobby-pressbaum-treffen\/"},"wordCount":10,"publisher":{"@id":"https:\/\/www.radlobby.org\/noe\/#organization"},"image":{"@id":"https:\/\/www.radlobby.org\/noe\/25-oktober-2023-ab-20-uhr-18-radlobby-pressbaum-treffen\/#primaryimage"},"thumbnailUrl":"https:\/\/www.radlobby.org\/noe\/wp-content\/uploads\/Einladung-RL-Pressbaum-28012025.jpg","articleSection":["Radlobby Eichgraben","Radlobby Neulengbach","Radlobby Pressbaum","Radlobby Purkersdorf"],"inLanguage":"de"},{"@type":"WebPage","@id":"https:\/\/www.radlobby.org\/noe\/25-oktober-2023-ab-20-uhr-18-radlobby-pressbaum-treffen\/","url":"https:\/\/www.radlobby.org\/noe\/25-oktober-2023-ab-20-uhr-18-radlobby-pressbaum-treffen\/","name":"Dienstag, 28.01.2025, 1. Stammtisch der Radlobby Pressbaum in 2025 Blitzwirt, D\u00fcrrwienstra\u00dfe 27, 3021 Pressbaum - Radlobby Nieder\u00f6sterreich","isPartOf":{"@id":"https:\/\/www.radlobby.org\/noe\/#website"},"primaryImageOfPage":{"@id":"https:\/\/www.radlobby.org\/noe\/25-oktober-2023-ab-20-uhr-18-radlobby-pressbaum-treffen\/#primaryimage"},"image":{"@id":"https:\/\/www.radlobby.org\/noe\/25-oktober-2023-ab-20-uhr-18-radlobby-pressbaum-treffen\/#primaryimage"},"thumbnailUrl":"https:\/\/www.radlobby.org\/noe\/wp-content\/uploads\/Einladung-RL-Pressbaum-28012025.jpg","datePublished":"2023-10-05T10:22:48+00:00","dateModified":"2025-01-09T14:31:13+00:00","breadcrumb":{"@id":"https:\/\/www.radlobby.org\/noe\/25-oktober-2023-ab-20-uhr-18-radlobby-pressbaum-treffen\/#breadcrumb"},"inLanguage":"de","potentialAction":[{"@type":"ReadAction","target":["https:\/\/www.radlobby.org\/noe\/25-oktober-2023-ab-20-uhr-18-radlobby-pressbaum-treffen\/"]}]},{"@type":"ImageObject","inLanguage":"de","@id":"https:\/\/www.radlobby.org\/noe\/25-oktober-2023-ab-20-uhr-18-radlobby-pressbaum-treffen\/#primaryimage","url":"https:\/\/www.radlobby.org\/noe\/wp-content\/uploads\/Einladung-RL-Pressbaum-28012025.jpg","contentUrl":"https:\/\/www.radlobby.org\/noe\/wp-content\/uploads\/Einladung-RL-Pressbaum-28012025.jpg","width":502,"height":704},{"@type":"BreadcrumbList","@id":"https:\/\/www.radlobby.org\/noe\/25-oktober-2023-ab-20-uhr-18-radlobby-pressbaum-treffen\/#breadcrumb","itemListElement":[{"@type":"ListItem","position":1,"name":"Startseite","item":"https:\/\/www.radlobby.org\/noe\/"},{"@type":"ListItem","position":2,"name":"Dienstag, 28.01.2025, 1. Stammtischder Radlobby Pressbaum in 2025Blitzwirt, D\u00fcrrwienstra\u00dfe 27, 3021 Pressbaum"}]},{"@type":"WebSite","@id":"https:\/\/www.radlobby.org\/noe\/#website","url":"https:\/\/www.radlobby.org\/noe\/","name":"Radlobby Nieder\u00f6sterreich","description":"Radverkehr, Fahrrad, Radfahren, Radreisen, Radtouren, Radweg","publisher":{"@id":"https:\/\/www.radlobby.org\/noe\/#organization"},"potentialAction":[{"@type":"SearchAction","target":{"@type":"EntryPoint","urlTemplate":"https:\/\/www.radlobby.org\/noe\/?s={search_term_string}"},"query-input":{"@type":"PropertyValueSpecification","valueRequired":true,"valueName":"search_term_string"}}],"inLanguage":"de"},{"@type":"Organization","@id":"https:\/\/www.radlobby.org\/noe\/#organization","name":"Radlobby Nieder\u00f6sterreich","url":"https:\/\/www.radlobby.org\/noe\/","logo":{"@type":"ImageObject","inLanguage":"de","@id":"https:\/\/www.radlobby.org\/noe\/#\/schema\/logo\/image\/","url":"https:\/\/www.radlobby.org\/noe\/wp-content\/uploads\/2017\/01\/cropped-Logo_Radlobby_Niederoesterreich_50-400px_quer-1.jpg","contentUrl":"https:\/\/www.radlobby.org\/noe\/wp-content\/uploads\/2017\/01\/cropped-Logo_Radlobby_Niederoesterreich_50-400px_quer-1.jpg","width":450,"height":124,"caption":"Radlobby Nieder\u00f6sterreich"},"image":{"@id":"https:\/\/www.radlobby.org\/noe\/#\/schema\/logo\/image\/"},"sameAs":["https:\/\/www.facebook.com\/groups\/radfahren.in.noe\/"]},{"@type":"Person","@id":"https:\/\/www.radlobby.org\/noe\/#\/schema\/person\/79b7825e81e90ee0b2beae8813877296","name":"Katja Bohl\u00e4nder","image":{"@type":"ImageObject","inLanguage":"de","@id":"https:\/\/www.radlobby.org\/noe\/#\/schema\/person\/image\/","url":"https:\/\/secure.gravatar.com\/avatar\/6d55cfa0f372e3c65aaa3380a961aaccc1c6253947e434f43842be12a2e9b6ff?s=96&d=mm&r=g","contentUrl":"https:\/\/secure.gravatar.com\/avatar\/6d55cfa0f372e3c65aaa3380a961aaccc1c6253947e434f43842be12a2e9b6ff?s=96&d=mm&r=g","caption":"Katja Bohl\u00e4nder"},"sameAs":["KarlZaunerADMIN"],"url":"https:\/\/www.radlobby.org\/noe\/author\/katja-bohlaender\/"}]}},"_links":{"self":[{"href":"https:\/\/www.radlobby.org\/noe\/wp-json\/wp\/v2\/posts\/31791","targetHints":{"allow":["GET"]}}],"collection":[{"href":"https:\/\/www.radlobby.org\/noe\/wp-json\/wp\/v2\/posts"}],"about":[{"href":"https:\/\/www.radlobby.org\/noe\/wp-json\/wp\/v2\/types\/post"}],"author":[{"embeddable":true,"href":"https:\/\/www.radlobby.org\/noe\/wp-json\/wp\/v2\/users\/56"}],"replies":[{"embeddable":true,"href":"https:\/\/www.radlobby.org\/noe\/wp-json\/wp\/v2\/comments?post=31791"}],"version-history":[{"count":3,"href":"https:\/\/www.radlobby.org\/noe\/wp-json\/wp\/v2\/posts\/31791\/revisions"}],"predecessor-version":[{"id":37732,"href":"https:\/\/www.radlobby.org\/noe\/wp-json\/wp\/v2\/posts\/31791\/revisions\/37732"}],"wp:featuredmedia":[{"embeddable":true,"href":"https:\/\/www.radlobby.org\/noe\/wp-json\/wp\/v2\/media\/37731"}],"wp:attachment":[{"href":"https:\/\/www.radlobby.org\/noe\/wp-json\/wp\/v2\/media?parent=31791"}],"wp:term":[{"taxonomy":"category","embeddable":true,"href":"https:\/\/www.radlobby.org\/noe\/wp-json\/wp\/v2\/categories?post=31791"},{"taxonomy":"post_tag","embeddable":true,"href":"https:\/\/www.radlobby.org\/noe\/wp-json\/wp\/v2\/tags?post=31791"}],"curies":[{"name":"wp","href":"https:\/\/api.w.org\/{rel}","templated":true}]}}