{"id":31664,"date":"2023-09-25T18:25:45","date_gmt":"2023-09-25T16:25:45","guid":{"rendered":"https:\/\/www.radlobby.org\/noe\/?p=31664"},"modified":"2023-10-08T18:09:32","modified_gmt":"2023-10-08T16:09:32","slug":"wiener-neustadt-gemeinderadsitzung-25-september-2023","status":"publish","type":"post","link":"https:\/\/www.radlobby.org\/noe\/wiener-neustadt-gemeinderadsitzung-25-september-2023\/","title":{"rendered":"Wiener Neustadt | GemeindeRADsitzung 25. September 2023"},"content":{"rendered":"<p>Aussendung der Stadt Wiener Neustadt:<\/p>\n<p><strong>Anl\u00e4sslich der europ\u00e4ischen Mobilit\u00e4tswoche und des autofreien Tages, setzte die Wiener Neust\u00e4dter Politik am Montag, dem 25. September, mit der GemeindeRADsitzung ein Zeichen f\u00fcr ein Mehr zum Radverkehr. Daher kam ein Gro\u00dfteil der Mandatarinnen und Mandatare mit dem Fahrrad zu den Kasematten.<\/strong><\/p>\n<p><a href=\"https:\/\/www.radlobby.org\/noe\/wp-content\/uploads\/20230925-Wiener-Neustadt-Gemeinderadsitzung.jpg\" data-src=\"https:\/\/www.radlobby.org\/noe\/wp-content\/uploads\/20230925-Wiener-Neustadt-Gemeinderadsitzung.jpg\" data-thumb=\"https:\/\/www.radlobby.org\/noe\/wp-content\/uploads\/20230925-Wiener-Neustadt-Gemeinderadsitzung.jpg\" class=\"ml-lightbox-enabled\"><img loading=\"lazy\" decoding=\"async\" class=\"alignnone wp-image-31665 size-full\" src=\"https:\/\/www.radlobby.org\/noe\/wp-content\/uploads\/20230925-Wiener-Neustadt-Gemeinderadsitzung.jpg\" alt=\"\" width=\"1900\" height=\"470\" srcset=\"https:\/\/www.radlobby.org\/noe\/wp-content\/uploads\/20230925-Wiener-Neustadt-Gemeinderadsitzung.jpg 1900w, https:\/\/www.radlobby.org\/noe\/wp-content\/uploads\/20230925-Wiener-Neustadt-Gemeinderadsitzung-300x74.jpg 300w, https:\/\/www.radlobby.org\/noe\/wp-content\/uploads\/20230925-Wiener-Neustadt-Gemeinderadsitzung-768x190.jpg 768w, https:\/\/www.radlobby.org\/noe\/wp-content\/uploads\/20230925-Wiener-Neustadt-Gemeinderadsitzung-1536x380.jpg 1536w\" sizes=\"auto, (max-width: 1900px) 100vw, 1900px\" \/><\/a><\/p>\n<p>&#8220;Mit der GemeindeRADsitzung setzen wir den Schwerpunkt einmal mehr auf die Bewusstseinsbildung des Radverkehrs. Es ist ein weiterer Mosaikstein und ein sch\u00f6nes Zeichen, um aufzuzeigen, dass man gerade in Wiener Neustadt de facto alle Wege bequem mit dem Fahrrad absolvieren kann. Wir sind auf einem guten Weg, das Radnetzwerk noch weiter auszubauen und zu attraktivieren. Ich m\u00f6chte mich bei allen Mandatarinnen und Mandataren bedanken, die am Montag mit dem Fahrrad zur Sitzung kamen&#8221;, so B\u00fcrgermeister Klaus Schneeberger.<\/p>\n","protected":false},"excerpt":{"rendered":"<p>In einer Aussendung der Stadt Wiener Neustadt wurde berichtet, dass anl\u00e4sslich der europ\u00e4ischen Mobilit\u00e4tswoche und des autofreien Tages am Montag, dem 25. September ein Gro\u00dfteil der Mandatarinnen und Mandatare mit dem Fahrrad zur GemeindeRADsitzung in den Kasematten kam.<br \/>\nSehr erfreulich, dass diese Anregung der RADLOBBY Wr. Neustadt wieder aufgegriffen wurde!<\/p>\n","protected":false},"author":16,"featured_media":31665,"comment_status":"closed","ping_status":"closed","sticky":false,"template":"","format":"standard","meta":{"footnotes":""},"categories":[7],"tags":[],"class_list":["post-31664","post","type-post","status-publish","format-standard","has-post-thumbnail","hentry","category-wiener-neustadt"],"yoast_head":"<!-- This site is optimized with the Yoast SEO plugin v26.9 - https:\/\/yoast.com\/product\/yoast-seo-wordpress\/ -->\n<title>Wiener Neustadt | GemeindeRADsitzung 25. September 2023 - Radlobby Nieder\u00f6sterreich<\/title>\n<meta name=\"robots\" content=\"index, follow, max-snippet:-1, max-image-preview:large, max-video-preview:-1\" \/>\n<link rel=\"canonical\" href=\"https:\/\/www.radlobby.org\/noe\/wiener-neustadt-gemeinderadsitzung-25-september-2023\/\" \/>\n<meta property=\"og:locale\" content=\"de_DE\" \/>\n<meta property=\"og:type\" content=\"article\" \/>\n<meta property=\"og:title\" content=\"Wiener Neustadt | GemeindeRADsitzung 25. September 2023 - Radlobby Nieder\u00f6sterreich\" \/>\n<meta property=\"og:description\" content=\"In einer Aussendung der Stadt Wiener Neustadt wurde berichtet, dass anl\u00e4sslich der europ\u00e4ischen Mobilit\u00e4tswoche und des autofreien Tages am Montag, dem 25. September ein Gro\u00dfteil der Mandatarinnen und Mandatare mit dem Fahrrad zur GemeindeRADsitzung in den Kasematten kam. Sehr erfreulich, dass diese Anregung der RADLOBBY Wr. Neustadt wieder aufgegriffen wurde!\" \/>\n<meta property=\"og:url\" content=\"https:\/\/www.radlobby.org\/noe\/wiener-neustadt-gemeinderadsitzung-25-september-2023\/\" \/>\n<meta property=\"og:site_name\" content=\"Radlobby Nieder\u00f6sterreich\" \/>\n<meta property=\"article:publisher\" content=\"https:\/\/www.facebook.com\/groups\/radfahren.in.noe\/\" \/>\n<meta property=\"article:published_time\" content=\"2023-09-25T16:25:45+00:00\" \/>\n<meta property=\"article:modified_time\" content=\"2023-10-08T16:09:32+00:00\" \/>\n<meta property=\"og:image\" content=\"https:\/\/www.radlobby.org\/noe\/wp-content\/uploads\/20230925-Wiener-Neustadt-Gemeinderadsitzung.jpg\" \/>\n\t<meta property=\"og:image:width\" content=\"1900\" \/>\n\t<meta property=\"og:image:height\" content=\"470\" \/>\n\t<meta property=\"og:image:type\" content=\"image\/jpeg\" \/>\n<meta name=\"author\" content=\"Karl Zauner - Admin\" \/>\n<meta name=\"twitter:card\" content=\"summary_large_image\" \/>\n<meta name=\"twitter:label1\" content=\"Verfasst von\" \/>\n\t<meta name=\"twitter:data1\" content=\"Karl Zauner - Admin\" \/>\n\t<meta name=\"twitter:label2\" content=\"Gesch\u00e4tzte Lesezeit\" \/>\n\t<meta name=\"twitter:data2\" content=\"1\u00a0Minute\" \/>\n<script type=\"application\/ld+json\" class=\"yoast-schema-graph\">{\"@context\":\"https:\/\/schema.org\",\"@graph\":[{\"@type\":\"Article\",\"@id\":\"https:\/\/www.radlobby.org\/noe\/wiener-neustadt-gemeinderadsitzung-25-september-2023\/#article\",\"isPartOf\":{\"@id\":\"https:\/\/www.radlobby.org\/noe\/wiener-neustadt-gemeinderadsitzung-25-september-2023\/\"},\"author\":{\"name\":\"Karl Zauner - Admin\",\"@id\":\"https:\/\/www.radlobby.org\/noe\/#\/schema\/person\/10547574c40a9e9ea65f92c73f3c516b\"},\"headline\":\"Wiener Neustadt | GemeindeRADsitzung 25. September 2023\",\"datePublished\":\"2023-09-25T16:25:45+00:00\",\"dateModified\":\"2023-10-08T16:09:32+00:00\",\"mainEntityOfPage\":{\"@id\":\"https:\/\/www.radlobby.org\/noe\/wiener-neustadt-gemeinderadsitzung-25-september-2023\/\"},\"wordCount\":136,\"publisher\":{\"@id\":\"https:\/\/www.radlobby.org\/noe\/#organization\"},\"image\":{\"@id\":\"https:\/\/www.radlobby.org\/noe\/wiener-neustadt-gemeinderadsitzung-25-september-2023\/#primaryimage\"},\"thumbnailUrl\":\"https:\/\/www.radlobby.org\/noe\/wp-content\/uploads\/20230925-Wiener-Neustadt-Gemeinderadsitzung.jpg\",\"articleSection\":[\"Radlobby Wiener Neustadt\"],\"inLanguage\":\"de\"},{\"@type\":\"WebPage\",\"@id\":\"https:\/\/www.radlobby.org\/noe\/wiener-neustadt-gemeinderadsitzung-25-september-2023\/\",\"url\":\"https:\/\/www.radlobby.org\/noe\/wiener-neustadt-gemeinderadsitzung-25-september-2023\/\",\"name\":\"Wiener Neustadt | GemeindeRADsitzung 25. September 2023 - Radlobby Nieder\u00f6sterreich\",\"isPartOf\":{\"@id\":\"https:\/\/www.radlobby.org\/noe\/#website\"},\"primaryImageOfPage\":{\"@id\":\"https:\/\/www.radlobby.org\/noe\/wiener-neustadt-gemeinderadsitzung-25-september-2023\/#primaryimage\"},\"image\":{\"@id\":\"https:\/\/www.radlobby.org\/noe\/wiener-neustadt-gemeinderadsitzung-25-september-2023\/#primaryimage\"},\"thumbnailUrl\":\"https:\/\/www.radlobby.org\/noe\/wp-content\/uploads\/20230925-Wiener-Neustadt-Gemeinderadsitzung.jpg\",\"datePublished\":\"2023-09-25T16:25:45+00:00\",\"dateModified\":\"2023-10-08T16:09:32+00:00\",\"breadcrumb\":{\"@id\":\"https:\/\/www.radlobby.org\/noe\/wiener-neustadt-gemeinderadsitzung-25-september-2023\/#breadcrumb\"},\"inLanguage\":\"de\",\"potentialAction\":[{\"@type\":\"ReadAction\",\"target\":[\"https:\/\/www.radlobby.org\/noe\/wiener-neustadt-gemeinderadsitzung-25-september-2023\/\"]}]},{\"@type\":\"ImageObject\",\"inLanguage\":\"de\",\"@id\":\"https:\/\/www.radlobby.org\/noe\/wiener-neustadt-gemeinderadsitzung-25-september-2023\/#primaryimage\",\"url\":\"https:\/\/www.radlobby.org\/noe\/wp-content\/uploads\/20230925-Wiener-Neustadt-Gemeinderadsitzung.jpg\",\"contentUrl\":\"https:\/\/www.radlobby.org\/noe\/wp-content\/uploads\/20230925-Wiener-Neustadt-Gemeinderadsitzung.jpg\",\"width\":1900,\"height\":470},{\"@type\":\"BreadcrumbList\",\"@id\":\"https:\/\/www.radlobby.org\/noe\/wiener-neustadt-gemeinderadsitzung-25-september-2023\/#breadcrumb\",\"itemListElement\":[{\"@type\":\"ListItem\",\"position\":1,\"name\":\"Startseite\",\"item\":\"https:\/\/www.radlobby.org\/noe\/\"},{\"@type\":\"ListItem\",\"position\":2,\"name\":\"Wiener Neustadt | GemeindeRADsitzung 25. September 2023\"}]},{\"@type\":\"WebSite\",\"@id\":\"https:\/\/www.radlobby.org\/noe\/#website\",\"url\":\"https:\/\/www.radlobby.org\/noe\/\",\"name\":\"Radlobby Nieder\u00f6sterreich\",\"description\":\"Radverkehr, Fahrrad, Radfahren, Radreisen, Radtouren, Radweg\",\"publisher\":{\"@id\":\"https:\/\/www.radlobby.org\/noe\/#organization\"},\"potentialAction\":[{\"@type\":\"SearchAction\",\"target\":{\"@type\":\"EntryPoint\",\"urlTemplate\":\"https:\/\/www.radlobby.org\/noe\/?s={search_term_string}\"},\"query-input\":{\"@type\":\"PropertyValueSpecification\",\"valueRequired\":true,\"valueName\":\"search_term_string\"}}],\"inLanguage\":\"de\"},{\"@type\":\"Organization\",\"@id\":\"https:\/\/www.radlobby.org\/noe\/#organization\",\"name\":\"Radlobby Nieder\u00f6sterreich\",\"url\":\"https:\/\/www.radlobby.org\/noe\/\",\"logo\":{\"@type\":\"ImageObject\",\"inLanguage\":\"de\",\"@id\":\"https:\/\/www.radlobby.org\/noe\/#\/schema\/logo\/image\/\",\"url\":\"https:\/\/www.radlobby.org\/noe\/wp-content\/uploads\/2017\/01\/cropped-Logo_Radlobby_Niederoesterreich_50-400px_quer-1.jpg\",\"contentUrl\":\"https:\/\/www.radlobby.org\/noe\/wp-content\/uploads\/2017\/01\/cropped-Logo_Radlobby_Niederoesterreich_50-400px_quer-1.jpg\",\"width\":450,\"height\":124,\"caption\":\"Radlobby Nieder\u00f6sterreich\"},\"image\":{\"@id\":\"https:\/\/www.radlobby.org\/noe\/#\/schema\/logo\/image\/\"},\"sameAs\":[\"https:\/\/www.facebook.com\/groups\/radfahren.in.noe\/\"]},{\"@type\":\"Person\",\"@id\":\"https:\/\/www.radlobby.org\/noe\/#\/schema\/person\/10547574c40a9e9ea65f92c73f3c516b\",\"name\":\"Karl Zauner - Admin\",\"image\":{\"@type\":\"ImageObject\",\"inLanguage\":\"de\",\"@id\":\"https:\/\/www.radlobby.org\/noe\/#\/schema\/person\/image\/\",\"url\":\"https:\/\/secure.gravatar.com\/avatar\/c0be6303c1ffe16a7b1c79e07b12d4b29176a733c2a5e811b749965d4be12138?s=96&d=mm&r=g\",\"contentUrl\":\"https:\/\/secure.gravatar.com\/avatar\/c0be6303c1ffe16a7b1c79e07b12d4b29176a733c2a5e811b749965d4be12138?s=96&d=mm&r=g\",\"caption\":\"Karl Zauner - Admin\"},\"url\":\"https:\/\/www.radlobby.org\/noe\/author\/karlzauneradmin\/\"}]}<\/script>\n<!-- \/ Yoast SEO plugin. -->","yoast_head_json":{"title":"Wiener Neustadt | GemeindeRADsitzung 25. September 2023 - Radlobby Nieder\u00f6sterreich","robots":{"index":"index","follow":"follow","max-snippet":"max-snippet:-1","max-image-preview":"max-image-preview:large","max-video-preview":"max-video-preview:-1"},"canonical":"https:\/\/www.radlobby.org\/noe\/wiener-neustadt-gemeinderadsitzung-25-september-2023\/","og_locale":"de_DE","og_type":"article","og_title":"Wiener Neustadt | GemeindeRADsitzung 25. September 2023 - Radlobby Nieder\u00f6sterreich","og_description":"In einer Aussendung der Stadt Wiener Neustadt wurde berichtet, dass anl\u00e4sslich der europ\u00e4ischen Mobilit\u00e4tswoche und des autofreien Tages am Montag, dem 25. September ein Gro\u00dfteil der Mandatarinnen und Mandatare mit dem Fahrrad zur GemeindeRADsitzung in den Kasematten kam. Sehr erfreulich, dass diese Anregung der RADLOBBY Wr. Neustadt wieder aufgegriffen wurde!","og_url":"https:\/\/www.radlobby.org\/noe\/wiener-neustadt-gemeinderadsitzung-25-september-2023\/","og_site_name":"Radlobby Nieder\u00f6sterreich","article_publisher":"https:\/\/www.facebook.com\/groups\/radfahren.in.noe\/","article_published_time":"2023-09-25T16:25:45+00:00","article_modified_time":"2023-10-08T16:09:32+00:00","og_image":[{"width":1900,"height":470,"url":"https:\/\/www.radlobby.org\/noe\/wp-content\/uploads\/20230925-Wiener-Neustadt-Gemeinderadsitzung.jpg","type":"image\/jpeg"}],"author":"Karl Zauner - Admin","twitter_card":"summary_large_image","twitter_misc":{"Verfasst von":"Karl Zauner - Admin","Gesch\u00e4tzte Lesezeit":"1\u00a0Minute"},"schema":{"@context":"https:\/\/schema.org","@graph":[{"@type":"Article","@id":"https:\/\/www.radlobby.org\/noe\/wiener-neustadt-gemeinderadsitzung-25-september-2023\/#article","isPartOf":{"@id":"https:\/\/www.radlobby.org\/noe\/wiener-neustadt-gemeinderadsitzung-25-september-2023\/"},"author":{"name":"Karl Zauner - Admin","@id":"https:\/\/www.radlobby.org\/noe\/#\/schema\/person\/10547574c40a9e9ea65f92c73f3c516b"},"headline":"Wiener Neustadt | GemeindeRADsitzung 25. September 2023","datePublished":"2023-09-25T16:25:45+00:00","dateModified":"2023-10-08T16:09:32+00:00","mainEntityOfPage":{"@id":"https:\/\/www.radlobby.org\/noe\/wiener-neustadt-gemeinderadsitzung-25-september-2023\/"},"wordCount":136,"publisher":{"@id":"https:\/\/www.radlobby.org\/noe\/#organization"},"image":{"@id":"https:\/\/www.radlobby.org\/noe\/wiener-neustadt-gemeinderadsitzung-25-september-2023\/#primaryimage"},"thumbnailUrl":"https:\/\/www.radlobby.org\/noe\/wp-content\/uploads\/20230925-Wiener-Neustadt-Gemeinderadsitzung.jpg","articleSection":["Radlobby Wiener Neustadt"],"inLanguage":"de"},{"@type":"WebPage","@id":"https:\/\/www.radlobby.org\/noe\/wiener-neustadt-gemeinderadsitzung-25-september-2023\/","url":"https:\/\/www.radlobby.org\/noe\/wiener-neustadt-gemeinderadsitzung-25-september-2023\/","name":"Wiener Neustadt | GemeindeRADsitzung 25. September 2023 - Radlobby Nieder\u00f6sterreich","isPartOf":{"@id":"https:\/\/www.radlobby.org\/noe\/#website"},"primaryImageOfPage":{"@id":"https:\/\/www.radlobby.org\/noe\/wiener-neustadt-gemeinderadsitzung-25-september-2023\/#primaryimage"},"image":{"@id":"https:\/\/www.radlobby.org\/noe\/wiener-neustadt-gemeinderadsitzung-25-september-2023\/#primaryimage"},"thumbnailUrl":"https:\/\/www.radlobby.org\/noe\/wp-content\/uploads\/20230925-Wiener-Neustadt-Gemeinderadsitzung.jpg","datePublished":"2023-09-25T16:25:45+00:00","dateModified":"2023-10-08T16:09:32+00:00","breadcrumb":{"@id":"https:\/\/www.radlobby.org\/noe\/wiener-neustadt-gemeinderadsitzung-25-september-2023\/#breadcrumb"},"inLanguage":"de","potentialAction":[{"@type":"ReadAction","target":["https:\/\/www.radlobby.org\/noe\/wiener-neustadt-gemeinderadsitzung-25-september-2023\/"]}]},{"@type":"ImageObject","inLanguage":"de","@id":"https:\/\/www.radlobby.org\/noe\/wiener-neustadt-gemeinderadsitzung-25-september-2023\/#primaryimage","url":"https:\/\/www.radlobby.org\/noe\/wp-content\/uploads\/20230925-Wiener-Neustadt-Gemeinderadsitzung.jpg","contentUrl":"https:\/\/www.radlobby.org\/noe\/wp-content\/uploads\/20230925-Wiener-Neustadt-Gemeinderadsitzung.jpg","width":1900,"height":470},{"@type":"BreadcrumbList","@id":"https:\/\/www.radlobby.org\/noe\/wiener-neustadt-gemeinderadsitzung-25-september-2023\/#breadcrumb","itemListElement":[{"@type":"ListItem","position":1,"name":"Startseite","item":"https:\/\/www.radlobby.org\/noe\/"},{"@type":"ListItem","position":2,"name":"Wiener Neustadt | GemeindeRADsitzung 25. September 2023"}]},{"@type":"WebSite","@id":"https:\/\/www.radlobby.org\/noe\/#website","url":"https:\/\/www.radlobby.org\/noe\/","name":"Radlobby Nieder\u00f6sterreich","description":"Radverkehr, Fahrrad, Radfahren, Radreisen, Radtouren, Radweg","publisher":{"@id":"https:\/\/www.radlobby.org\/noe\/#organization"},"potentialAction":[{"@type":"SearchAction","target":{"@type":"EntryPoint","urlTemplate":"https:\/\/www.radlobby.org\/noe\/?s={search_term_string}"},"query-input":{"@type":"PropertyValueSpecification","valueRequired":true,"valueName":"search_term_string"}}],"inLanguage":"de"},{"@type":"Organization","@id":"https:\/\/www.radlobby.org\/noe\/#organization","name":"Radlobby Nieder\u00f6sterreich","url":"https:\/\/www.radlobby.org\/noe\/","logo":{"@type":"ImageObject","inLanguage":"de","@id":"https:\/\/www.radlobby.org\/noe\/#\/schema\/logo\/image\/","url":"https:\/\/www.radlobby.org\/noe\/wp-content\/uploads\/2017\/01\/cropped-Logo_Radlobby_Niederoesterreich_50-400px_quer-1.jpg","contentUrl":"https:\/\/www.radlobby.org\/noe\/wp-content\/uploads\/2017\/01\/cropped-Logo_Radlobby_Niederoesterreich_50-400px_quer-1.jpg","width":450,"height":124,"caption":"Radlobby Nieder\u00f6sterreich"},"image":{"@id":"https:\/\/www.radlobby.org\/noe\/#\/schema\/logo\/image\/"},"sameAs":["https:\/\/www.facebook.com\/groups\/radfahren.in.noe\/"]},{"@type":"Person","@id":"https:\/\/www.radlobby.org\/noe\/#\/schema\/person\/10547574c40a9e9ea65f92c73f3c516b","name":"Karl Zauner - Admin","image":{"@type":"ImageObject","inLanguage":"de","@id":"https:\/\/www.radlobby.org\/noe\/#\/schema\/person\/image\/","url":"https:\/\/secure.gravatar.com\/avatar\/c0be6303c1ffe16a7b1c79e07b12d4b29176a733c2a5e811b749965d4be12138?s=96&d=mm&r=g","contentUrl":"https:\/\/secure.gravatar.com\/avatar\/c0be6303c1ffe16a7b1c79e07b12d4b29176a733c2a5e811b749965d4be12138?s=96&d=mm&r=g","caption":"Karl Zauner - Admin"},"url":"https:\/\/www.radlobby.org\/noe\/author\/karlzauneradmin\/"}]}},"_links":{"self":[{"href":"https:\/\/www.radlobby.org\/noe\/wp-json\/wp\/v2\/posts\/31664","targetHints":{"allow":["GET"]}}],"collection":[{"href":"https:\/\/www.radlobby.org\/noe\/wp-json\/wp\/v2\/posts"}],"about":[{"href":"https:\/\/www.radlobby.org\/noe\/wp-json\/wp\/v2\/types\/post"}],"author":[{"embeddable":true,"href":"https:\/\/www.radlobby.org\/noe\/wp-json\/wp\/v2\/users\/16"}],"replies":[{"embeddable":true,"href":"https:\/\/www.radlobby.org\/noe\/wp-json\/wp\/v2\/comments?post=31664"}],"version-history":[{"count":4,"href":"https:\/\/www.radlobby.org\/noe\/wp-json\/wp\/v2\/posts\/31664\/revisions"}],"predecessor-version":[{"id":31809,"href":"https:\/\/www.radlobby.org\/noe\/wp-json\/wp\/v2\/posts\/31664\/revisions\/31809"}],"wp:featuredmedia":[{"embeddable":true,"href":"https:\/\/www.radlobby.org\/noe\/wp-json\/wp\/v2\/media\/31665"}],"wp:attachment":[{"href":"https:\/\/www.radlobby.org\/noe\/wp-json\/wp\/v2\/media?parent=31664"}],"wp:term":[{"taxonomy":"category","embeddable":true,"href":"https:\/\/www.radlobby.org\/noe\/wp-json\/wp\/v2\/categories?post=31664"},{"taxonomy":"post_tag","embeddable":true,"href":"https:\/\/www.radlobby.org\/noe\/wp-json\/wp\/v2\/tags?post=31664"}],"curies":[{"name":"wp","href":"https:\/\/api.w.org\/{rel}","templated":true}]}}