{"id":31533,"date":"2023-09-25T14:15:56","date_gmt":"2023-09-25T12:15:56","guid":{"rendered":"https:\/\/www.radlobby.org\/noe\/?p=31533"},"modified":"2023-09-25T16:50:32","modified_gmt":"2023-09-25T14:50:32","slug":"gmuend_l68-huetherkurve_230925","status":"publish","type":"post","link":"https:\/\/www.radlobby.org\/noe\/gmuend_l68-huetherkurve_230925\/","title":{"rendered":"Problem Zust\u00e4ndigkeit an Landesstra\u00dfen: Beispiel &#8220;H\u00fctherkurve&#8221; in Gm\u00fcnd"},"content":{"rendered":"<p>Die sogenannte &#8220;H\u00fctherkurve&#8221; \u2013 die Stadteinfahrt nach Gm\u00fcnd auf der Schremser Stra\u00dfe (L68) \u2013 ist seit Bestehen der Radlobby Gm\u00fcnd ein Dauerbrenner.<\/p>\n<p>Die genannte Stelle (siehe <a href=\"https:\/\/maps.app.goo.gl\/Qkr6HQq3KKwbAzsX7\" target=\"_blank\" rel=\"noopener\">Google Maps<\/a>) ist als wichtige Pendler-Verbindung Gm\u00fcnd\u2013Schrems Teil des Radbasisnetzes \u2013 doch das vom Land N\u00d6 mit reichlich PR-Ma\u00dfnahmen beworbene Radbasisnetz besteht nur auf Papier. Sogar ein Radschnellweg zwischen Gm\u00fcnd und Schrems wurde als fix angek\u00fcndigt, von einer Umsetzung ist nichts zu sehen. Derzeit bremsen die Bedingungen an dieser Stelle den Alltagsradverkehr erheblich ein und gef\u00e4hrden die Radfahrenden und Zufu\u00dfgehenden.<\/p>\n<p>Die Radlobby Gm\u00fcnd hat seit ihrer Gr\u00fcndung 2019 die Gemeinde auf diese Problemstelle hingewiesen. Zun\u00e4chst ging es darum, die gef\u00e4hrliche und f\u00fcr die restlichen Verkehrsteilnehmer verwirrende Einfahrt auf den (ben\u00fctzungspflichtigen) Radweg zu beseitigen. Radfahrende mussten dort vor einer Kurve die Schremser Stra\u00dfe queren, um auf den schmalen Geh- und Radweg auf der gegen\u00fcberliegenden Stra\u00dfenseite zu gelangen (siehe ab Minute 2:38 in diesem <a href=\"https:\/\/www.youtube.com\/watch?v=7FAnKBNs8zo\" target=\"_blank\" rel=\"noopener\">Video<\/a> von StadtLand.TV).<\/p>\n<p>Weiters haben wir wiederholt hartn\u00e4ckig auf die mangelnde Qualit\u00e4t des Geh- und Radwegs hingewiesen und damit zumindest erreicht, dass die Stadtgemeinde f\u00fcr regelm\u00e4\u00dfige Ausbesserungen der Oberfl\u00e4che gesorgt hat (Bilder siehe <a href=\"https:\/\/www.radlobby.org\/noe\/radinfrastruktur-in-gmuend\/\" target=\"_blank\" rel=\"noopener\">Radinfrastruktur in Gm\u00fcnd<\/a>).<\/p>\n<p>Hindernisse f\u00fcr eine Aufwertung waren bisher laut Angaben der Stadtgemeinde Gm\u00fcnd die Besitzverh\u00e4ltnisse der angrenzenden Grundst\u00fccke. Nun wurde jedoch im Sommer 2023 die Landestra\u00dfe L68 (Schremser Stra\u00dfe) von der Stadteinfahrt bis zur Kreuzung vor dem Gemeindeamt saniert. An der Br\u00fccke, wo auch der Geh- und Radweg im Zickzack den Bach quert, wurden umfangreiche Bauarbeiten ausgef\u00fchrt.<\/p>\n<p>Der Geh- und Radweg direkt daneben wurde jedoch nicht angegriffen, da das Land nur f\u00fcr die Fahrbahn zust\u00e4ndig ist, die sogenannten Nebenanlagen fallen in die Zust\u00e4ndigkeit der Gemeinde.<\/p>\n<p>Dieser \u201eSchildb\u00fcrgerstreich\u201c \u2013 umfangreiche Bauarbeiten auszuf\u00fchren, ohne die gesamte Anlage mitzuplanen, also f\u00fcr alle Verkehrsteilnehmer tauglich zu machen \u2013 wurde u. a. von einem Leser<a href=\"https:\/\/www.noen.at\/leserbriefe\/leserbrief-radweg-nadeloehr-in-gmuend-braucht-niedrigeres-tempo-limit-384958276\" target=\"_blank\" rel=\"noopener\"> in der N\u00d6N<\/a> kritisiert. Es folgten mehrere Artikel in der N\u00d6N, in denen die Problematik der geteilten Zust\u00e4ndigkeit Land\/Gemeinden angesprochen wird\u00a0 (vgl. <a href=\"https:\/\/www.radlobby.org\/noe\/radpolitik\/\" target=\"_blank\" rel=\"noopener\">Verkehrspolit. Programm der Radlobby N\u00d6<\/a>).<\/p>\n<ul>\n<li><strong>Bericht der N\u00d6N Gm\u00fcnd mit Einw\u00e4nden der Radlobby Gm\u00fcnd<\/strong> am <a href=\"https:\/\/www.noen.at\/gmuend\/unwuerdiges-zickzack-debatte-um-huether-kurve-radlobby-initiatorin-ortet-schildakurve-386658688\" target=\"_blank\" rel=\"noopener\">20. 9. 2023<\/a>:<\/li>\n<\/ul>\n<p><a href=\"https:\/\/www.radlobby.org\/noe\/wp-content\/uploads\/GD_NOEN_2023-09-20-Huetherkurve.jpg\" data-src=\"https:\/\/www.radlobby.org\/noe\/wp-content\/uploads\/GD_NOEN_2023-09-20-Huetherkurve.jpg\" data-thumb=\"https:\/\/www.radlobby.org\/noe\/wp-content\/uploads\/GD_NOEN_2023-09-20-Huetherkurve.jpg\" class=\"ml-lightbox-enabled\"><img loading=\"lazy\" decoding=\"async\" class=\"alignnone\" src=\"https:\/\/www.radlobby.org\/noe\/wp-content\/uploads\/GD_NOEN_2023-09-20-Huetherkurve.jpg\" alt=\"\" width=\"551\" height=\"545\" \/><\/a><\/p>\n<ul>\n<li><strong>Interview mit dem Verkehrsplaner David Wurz-Hermann<\/strong> in der <a href=\"https:\/\/www.noen.at\/gmuend\/david-wurz-hermann-verkehrsplaner-im-interview-dem-auto-wurde-viel-platz-eingeraeumt-385717476\" target=\"_blank\" rel=\"noopener\">N\u00d6N vom 16. 9. 2023<\/a>.<\/li>\n<li><a href=\"https:\/\/www.noen.at\/leserbriefe\/leserbrief-radweg-nadeloehr-in-gmuend-braucht-niedrigeres-tempo-limit-384958276\" target=\"_blank\" rel=\"noopener\">Leserbrief<\/a> von Hr. G\u00fcnter Prunbauer am 9. 9. 2023 an die N\u00d6N.<\/li>\n<\/ul>\n<p>&nbsp;<\/p>\n<blockquote>\n<h6>Wenn euch als Radfahrer:in oder auch Fu\u00dfg\u00e4nger:in in Gm\u00fcnd etwas fehlt, wenn ihr auf gef\u00e4hrliche Situationen sto\u00dft oder euch fragt, wie diese Radwege denn nun eigentlich zu benutzen sind &#8211; und nat\u00fcrlich auch, wenn ihr Anregungen habt, wie Radeln in Gm\u00fcnd sicherer und freudvoller werden kann, meldet euch bei uns &#8211; siehe <a href=\"https:\/\/www.radlobby.org\/noe\/gmuend-team\/\">Radlobby Gm\u00fcnd \u2013 Team<\/a>.<\/h6>\n<\/blockquote>\n<p>&nbsp;<\/p>\n","protected":false},"excerpt":{"rendered":"<p>Die sogenannte &#8220;H\u00fctherkurve&#8221; \u2013 die Stadteinfahrt nach Gm\u00fcnd auf der Schremser Stra\u00dfe (L68) \u2013 ist seit Bestehen der Radlobby Gm\u00fcnd ein Dauerbrenner. Die genannte Stelle (siehe Google Maps) ist als wichtige Pendler-Verbindung Gm\u00fcnd\u2013Schrems Teil des Radbasisnetzes \u2013 doch das vom<\/p>\n","protected":false},"author":27,"featured_media":31535,"comment_status":"closed","ping_status":"closed","sticky":false,"template":"","format":"standard","meta":{"footnotes":""},"categories":[282],"tags":[72,23,75,658,315],"class_list":["post-31533","post","type-post","status-publish","format-standard","has-post-thumbnail","hentry","category-gmuend","tag-gemeinden","tag-infrastruktur","tag-landespolitik","tag-landesstrassen","tag-radinfrastruktur"],"yoast_head":"<!-- This site is optimized with the Yoast SEO plugin v26.9 - https:\/\/yoast.com\/product\/yoast-seo-wordpress\/ -->\n<title>Problem Zust\u00e4ndigkeit an Landesstra\u00dfen: Beispiel &quot;H\u00fctherkurve&quot; in Gm\u00fcnd - Radlobby Nieder\u00f6sterreich<\/title>\n<meta name=\"description\" content=\"Das Land saniert die Landesstra\u00dfe L68 am Ortsrand von Gm\u00fcnd. Der desolate Geh- und Radweg Richtung Nachbarstadt bleibt unber\u00fchrt.\" \/>\n<meta name=\"robots\" content=\"index, follow, max-snippet:-1, max-image-preview:large, max-video-preview:-1\" \/>\n<link rel=\"canonical\" href=\"https:\/\/www.radlobby.org\/noe\/gmuend_l68-huetherkurve_230925\/\" \/>\n<meta property=\"og:locale\" content=\"de_DE\" \/>\n<meta property=\"og:type\" content=\"article\" \/>\n<meta property=\"og:title\" content=\"Problem Zust\u00e4ndigkeit an Landesstra\u00dfen: Beispiel &quot;H\u00fctherkurve&quot; in Gm\u00fcnd - Radlobby Nieder\u00f6sterreich\" \/>\n<meta property=\"og:description\" content=\"Das Land saniert die Landesstra\u00dfe L68 am Ortsrand von Gm\u00fcnd. Der desolate Geh- und Radweg Richtung Nachbarstadt bleibt unber\u00fchrt.\" \/>\n<meta property=\"og:url\" content=\"https:\/\/www.radlobby.org\/noe\/gmuend_l68-huetherkurve_230925\/\" \/>\n<meta property=\"og:site_name\" content=\"Radlobby Nieder\u00f6sterreich\" \/>\n<meta property=\"article:publisher\" content=\"https:\/\/www.facebook.com\/groups\/radfahren.in.noe\/\" \/>\n<meta property=\"article:published_time\" content=\"2023-09-25T12:15:56+00:00\" \/>\n<meta property=\"article:modified_time\" content=\"2023-09-25T14:50:32+00:00\" \/>\n<meta property=\"og:image\" content=\"https:\/\/www.radlobby.org\/noe\/wp-content\/uploads\/GD-huetherkurve-mini.jpg\" \/>\n\t<meta property=\"og:image:width\" content=\"500\" \/>\n\t<meta property=\"og:image:height\" content=\"455\" \/>\n\t<meta property=\"og:image:type\" content=\"image\/jpeg\" \/>\n<meta name=\"author\" content=\"Kristin Harrich\" \/>\n<meta name=\"twitter:card\" content=\"summary_large_image\" \/>\n<meta name=\"twitter:label1\" content=\"Verfasst von\" \/>\n\t<meta name=\"twitter:data1\" content=\"Kristin Harrich\" \/>\n\t<meta name=\"twitter:label2\" content=\"Gesch\u00e4tzte Lesezeit\" \/>\n\t<meta name=\"twitter:data2\" content=\"3\u00a0Minuten\" \/>\n<script type=\"application\/ld+json\" class=\"yoast-schema-graph\">{\"@context\":\"https:\/\/schema.org\",\"@graph\":[{\"@type\":\"Article\",\"@id\":\"https:\/\/www.radlobby.org\/noe\/gmuend_l68-huetherkurve_230925\/#article\",\"isPartOf\":{\"@id\":\"https:\/\/www.radlobby.org\/noe\/gmuend_l68-huetherkurve_230925\/\"},\"author\":{\"name\":\"Kristin Harrich\",\"@id\":\"https:\/\/www.radlobby.org\/noe\/#\/schema\/person\/6b0053ef563e368f14308d7792bfbfc0\"},\"headline\":\"Problem Zust\u00e4ndigkeit an Landesstra\u00dfen: Beispiel &#8220;H\u00fctherkurve&#8221; in Gm\u00fcnd\",\"datePublished\":\"2023-09-25T12:15:56+00:00\",\"dateModified\":\"2023-09-25T14:50:32+00:00\",\"mainEntityOfPage\":{\"@id\":\"https:\/\/www.radlobby.org\/noe\/gmuend_l68-huetherkurve_230925\/\"},\"wordCount\":471,\"publisher\":{\"@id\":\"https:\/\/www.radlobby.org\/noe\/#organization\"},\"image\":{\"@id\":\"https:\/\/www.radlobby.org\/noe\/gmuend_l68-huetherkurve_230925\/#primaryimage\"},\"thumbnailUrl\":\"https:\/\/www.radlobby.org\/noe\/wp-content\/uploads\/GD-huetherkurve-mini.jpg\",\"keywords\":[\"Gemeinden\",\"Infrastruktur\",\"Landespolitik\",\"Landesstra\u00dfen\",\"Radinfrastruktur\"],\"articleSection\":[\"Radlobby Gm\u00fcnd\"],\"inLanguage\":\"de\"},{\"@type\":\"WebPage\",\"@id\":\"https:\/\/www.radlobby.org\/noe\/gmuend_l68-huetherkurve_230925\/\",\"url\":\"https:\/\/www.radlobby.org\/noe\/gmuend_l68-huetherkurve_230925\/\",\"name\":\"Problem Zust\u00e4ndigkeit an Landesstra\u00dfen: Beispiel \\\"H\u00fctherkurve\\\" in Gm\u00fcnd - Radlobby Nieder\u00f6sterreich\",\"isPartOf\":{\"@id\":\"https:\/\/www.radlobby.org\/noe\/#website\"},\"primaryImageOfPage\":{\"@id\":\"https:\/\/www.radlobby.org\/noe\/gmuend_l68-huetherkurve_230925\/#primaryimage\"},\"image\":{\"@id\":\"https:\/\/www.radlobby.org\/noe\/gmuend_l68-huetherkurve_230925\/#primaryimage\"},\"thumbnailUrl\":\"https:\/\/www.radlobby.org\/noe\/wp-content\/uploads\/GD-huetherkurve-mini.jpg\",\"datePublished\":\"2023-09-25T12:15:56+00:00\",\"dateModified\":\"2023-09-25T14:50:32+00:00\",\"description\":\"Das Land saniert die Landesstra\u00dfe L68 am Ortsrand von Gm\u00fcnd. Der desolate Geh- und Radweg Richtung Nachbarstadt bleibt unber\u00fchrt.\",\"breadcrumb\":{\"@id\":\"https:\/\/www.radlobby.org\/noe\/gmuend_l68-huetherkurve_230925\/#breadcrumb\"},\"inLanguage\":\"de\",\"potentialAction\":[{\"@type\":\"ReadAction\",\"target\":[\"https:\/\/www.radlobby.org\/noe\/gmuend_l68-huetherkurve_230925\/\"]}]},{\"@type\":\"ImageObject\",\"inLanguage\":\"de\",\"@id\":\"https:\/\/www.radlobby.org\/noe\/gmuend_l68-huetherkurve_230925\/#primaryimage\",\"url\":\"https:\/\/www.radlobby.org\/noe\/wp-content\/uploads\/GD-huetherkurve-mini.jpg\",\"contentUrl\":\"https:\/\/www.radlobby.org\/noe\/wp-content\/uploads\/GD-huetherkurve-mini.jpg\",\"width\":500,\"height\":455},{\"@type\":\"BreadcrumbList\",\"@id\":\"https:\/\/www.radlobby.org\/noe\/gmuend_l68-huetherkurve_230925\/#breadcrumb\",\"itemListElement\":[{\"@type\":\"ListItem\",\"position\":1,\"name\":\"Startseite\",\"item\":\"https:\/\/www.radlobby.org\/noe\/\"},{\"@type\":\"ListItem\",\"position\":2,\"name\":\"Problem Zust\u00e4ndigkeit an Landesstra\u00dfen: Beispiel &#8220;H\u00fctherkurve&#8221; in Gm\u00fcnd\"}]},{\"@type\":\"WebSite\",\"@id\":\"https:\/\/www.radlobby.org\/noe\/#website\",\"url\":\"https:\/\/www.radlobby.org\/noe\/\",\"name\":\"Radlobby Nieder\u00f6sterreich\",\"description\":\"Radverkehr, Fahrrad, Radfahren, Radreisen, Radtouren, Radweg\",\"publisher\":{\"@id\":\"https:\/\/www.radlobby.org\/noe\/#organization\"},\"potentialAction\":[{\"@type\":\"SearchAction\",\"target\":{\"@type\":\"EntryPoint\",\"urlTemplate\":\"https:\/\/www.radlobby.org\/noe\/?s={search_term_string}\"},\"query-input\":{\"@type\":\"PropertyValueSpecification\",\"valueRequired\":true,\"valueName\":\"search_term_string\"}}],\"inLanguage\":\"de\"},{\"@type\":\"Organization\",\"@id\":\"https:\/\/www.radlobby.org\/noe\/#organization\",\"name\":\"Radlobby Nieder\u00f6sterreich\",\"url\":\"https:\/\/www.radlobby.org\/noe\/\",\"logo\":{\"@type\":\"ImageObject\",\"inLanguage\":\"de\",\"@id\":\"https:\/\/www.radlobby.org\/noe\/#\/schema\/logo\/image\/\",\"url\":\"https:\/\/www.radlobby.org\/noe\/wp-content\/uploads\/2017\/01\/cropped-Logo_Radlobby_Niederoesterreich_50-400px_quer-1.jpg\",\"contentUrl\":\"https:\/\/www.radlobby.org\/noe\/wp-content\/uploads\/2017\/01\/cropped-Logo_Radlobby_Niederoesterreich_50-400px_quer-1.jpg\",\"width\":450,\"height\":124,\"caption\":\"Radlobby Nieder\u00f6sterreich\"},\"image\":{\"@id\":\"https:\/\/www.radlobby.org\/noe\/#\/schema\/logo\/image\/\"},\"sameAs\":[\"https:\/\/www.facebook.com\/groups\/radfahren.in.noe\/\"]},{\"@type\":\"Person\",\"@id\":\"https:\/\/www.radlobby.org\/noe\/#\/schema\/person\/6b0053ef563e368f14308d7792bfbfc0\",\"name\":\"Kristin Harrich\",\"image\":{\"@type\":\"ImageObject\",\"inLanguage\":\"de\",\"@id\":\"https:\/\/www.radlobby.org\/noe\/#\/schema\/person\/image\/\",\"url\":\"https:\/\/secure.gravatar.com\/avatar\/fae3c9085f86cf2c3d0ec7ea03ae71cda2f36050a7f451f72c07840cdab68d7c?s=96&d=mm&r=g\",\"contentUrl\":\"https:\/\/secure.gravatar.com\/avatar\/fae3c9085f86cf2c3d0ec7ea03ae71cda2f36050a7f451f72c07840cdab68d7c?s=96&d=mm&r=g\",\"caption\":\"Kristin Harrich\"},\"url\":\"https:\/\/www.radlobby.org\/noe\/author\/kristinharrich\/\"}]}<\/script>\n<!-- \/ Yoast SEO plugin. -->","yoast_head_json":{"title":"Problem Zust\u00e4ndigkeit an Landesstra\u00dfen: Beispiel \"H\u00fctherkurve\" in Gm\u00fcnd - Radlobby Nieder\u00f6sterreich","description":"Das Land saniert die Landesstra\u00dfe L68 am Ortsrand von Gm\u00fcnd. Der desolate Geh- und Radweg Richtung Nachbarstadt bleibt unber\u00fchrt.","robots":{"index":"index","follow":"follow","max-snippet":"max-snippet:-1","max-image-preview":"max-image-preview:large","max-video-preview":"max-video-preview:-1"},"canonical":"https:\/\/www.radlobby.org\/noe\/gmuend_l68-huetherkurve_230925\/","og_locale":"de_DE","og_type":"article","og_title":"Problem Zust\u00e4ndigkeit an Landesstra\u00dfen: Beispiel \"H\u00fctherkurve\" in Gm\u00fcnd - Radlobby Nieder\u00f6sterreich","og_description":"Das Land saniert die Landesstra\u00dfe L68 am Ortsrand von Gm\u00fcnd. Der desolate Geh- und Radweg Richtung Nachbarstadt bleibt unber\u00fchrt.","og_url":"https:\/\/www.radlobby.org\/noe\/gmuend_l68-huetherkurve_230925\/","og_site_name":"Radlobby Nieder\u00f6sterreich","article_publisher":"https:\/\/www.facebook.com\/groups\/radfahren.in.noe\/","article_published_time":"2023-09-25T12:15:56+00:00","article_modified_time":"2023-09-25T14:50:32+00:00","og_image":[{"width":500,"height":455,"url":"https:\/\/www.radlobby.org\/noe\/wp-content\/uploads\/GD-huetherkurve-mini.jpg","type":"image\/jpeg"}],"author":"Kristin Harrich","twitter_card":"summary_large_image","twitter_misc":{"Verfasst von":"Kristin Harrich","Gesch\u00e4tzte Lesezeit":"3\u00a0Minuten"},"schema":{"@context":"https:\/\/schema.org","@graph":[{"@type":"Article","@id":"https:\/\/www.radlobby.org\/noe\/gmuend_l68-huetherkurve_230925\/#article","isPartOf":{"@id":"https:\/\/www.radlobby.org\/noe\/gmuend_l68-huetherkurve_230925\/"},"author":{"name":"Kristin Harrich","@id":"https:\/\/www.radlobby.org\/noe\/#\/schema\/person\/6b0053ef563e368f14308d7792bfbfc0"},"headline":"Problem Zust\u00e4ndigkeit an Landesstra\u00dfen: Beispiel &#8220;H\u00fctherkurve&#8221; in Gm\u00fcnd","datePublished":"2023-09-25T12:15:56+00:00","dateModified":"2023-09-25T14:50:32+00:00","mainEntityOfPage":{"@id":"https:\/\/www.radlobby.org\/noe\/gmuend_l68-huetherkurve_230925\/"},"wordCount":471,"publisher":{"@id":"https:\/\/www.radlobby.org\/noe\/#organization"},"image":{"@id":"https:\/\/www.radlobby.org\/noe\/gmuend_l68-huetherkurve_230925\/#primaryimage"},"thumbnailUrl":"https:\/\/www.radlobby.org\/noe\/wp-content\/uploads\/GD-huetherkurve-mini.jpg","keywords":["Gemeinden","Infrastruktur","Landespolitik","Landesstra\u00dfen","Radinfrastruktur"],"articleSection":["Radlobby Gm\u00fcnd"],"inLanguage":"de"},{"@type":"WebPage","@id":"https:\/\/www.radlobby.org\/noe\/gmuend_l68-huetherkurve_230925\/","url":"https:\/\/www.radlobby.org\/noe\/gmuend_l68-huetherkurve_230925\/","name":"Problem Zust\u00e4ndigkeit an Landesstra\u00dfen: Beispiel \"H\u00fctherkurve\" in Gm\u00fcnd - Radlobby Nieder\u00f6sterreich","isPartOf":{"@id":"https:\/\/www.radlobby.org\/noe\/#website"},"primaryImageOfPage":{"@id":"https:\/\/www.radlobby.org\/noe\/gmuend_l68-huetherkurve_230925\/#primaryimage"},"image":{"@id":"https:\/\/www.radlobby.org\/noe\/gmuend_l68-huetherkurve_230925\/#primaryimage"},"thumbnailUrl":"https:\/\/www.radlobby.org\/noe\/wp-content\/uploads\/GD-huetherkurve-mini.jpg","datePublished":"2023-09-25T12:15:56+00:00","dateModified":"2023-09-25T14:50:32+00:00","description":"Das Land saniert die Landesstra\u00dfe L68 am Ortsrand von Gm\u00fcnd. Der desolate Geh- und Radweg Richtung Nachbarstadt bleibt unber\u00fchrt.","breadcrumb":{"@id":"https:\/\/www.radlobby.org\/noe\/gmuend_l68-huetherkurve_230925\/#breadcrumb"},"inLanguage":"de","potentialAction":[{"@type":"ReadAction","target":["https:\/\/www.radlobby.org\/noe\/gmuend_l68-huetherkurve_230925\/"]}]},{"@type":"ImageObject","inLanguage":"de","@id":"https:\/\/www.radlobby.org\/noe\/gmuend_l68-huetherkurve_230925\/#primaryimage","url":"https:\/\/www.radlobby.org\/noe\/wp-content\/uploads\/GD-huetherkurve-mini.jpg","contentUrl":"https:\/\/www.radlobby.org\/noe\/wp-content\/uploads\/GD-huetherkurve-mini.jpg","width":500,"height":455},{"@type":"BreadcrumbList","@id":"https:\/\/www.radlobby.org\/noe\/gmuend_l68-huetherkurve_230925\/#breadcrumb","itemListElement":[{"@type":"ListItem","position":1,"name":"Startseite","item":"https:\/\/www.radlobby.org\/noe\/"},{"@type":"ListItem","position":2,"name":"Problem Zust\u00e4ndigkeit an Landesstra\u00dfen: Beispiel &#8220;H\u00fctherkurve&#8221; in Gm\u00fcnd"}]},{"@type":"WebSite","@id":"https:\/\/www.radlobby.org\/noe\/#website","url":"https:\/\/www.radlobby.org\/noe\/","name":"Radlobby Nieder\u00f6sterreich","description":"Radverkehr, Fahrrad, Radfahren, Radreisen, Radtouren, Radweg","publisher":{"@id":"https:\/\/www.radlobby.org\/noe\/#organization"},"potentialAction":[{"@type":"SearchAction","target":{"@type":"EntryPoint","urlTemplate":"https:\/\/www.radlobby.org\/noe\/?s={search_term_string}"},"query-input":{"@type":"PropertyValueSpecification","valueRequired":true,"valueName":"search_term_string"}}],"inLanguage":"de"},{"@type":"Organization","@id":"https:\/\/www.radlobby.org\/noe\/#organization","name":"Radlobby Nieder\u00f6sterreich","url":"https:\/\/www.radlobby.org\/noe\/","logo":{"@type":"ImageObject","inLanguage":"de","@id":"https:\/\/www.radlobby.org\/noe\/#\/schema\/logo\/image\/","url":"https:\/\/www.radlobby.org\/noe\/wp-content\/uploads\/2017\/01\/cropped-Logo_Radlobby_Niederoesterreich_50-400px_quer-1.jpg","contentUrl":"https:\/\/www.radlobby.org\/noe\/wp-content\/uploads\/2017\/01\/cropped-Logo_Radlobby_Niederoesterreich_50-400px_quer-1.jpg","width":450,"height":124,"caption":"Radlobby Nieder\u00f6sterreich"},"image":{"@id":"https:\/\/www.radlobby.org\/noe\/#\/schema\/logo\/image\/"},"sameAs":["https:\/\/www.facebook.com\/groups\/radfahren.in.noe\/"]},{"@type":"Person","@id":"https:\/\/www.radlobby.org\/noe\/#\/schema\/person\/6b0053ef563e368f14308d7792bfbfc0","name":"Kristin Harrich","image":{"@type":"ImageObject","inLanguage":"de","@id":"https:\/\/www.radlobby.org\/noe\/#\/schema\/person\/image\/","url":"https:\/\/secure.gravatar.com\/avatar\/fae3c9085f86cf2c3d0ec7ea03ae71cda2f36050a7f451f72c07840cdab68d7c?s=96&d=mm&r=g","contentUrl":"https:\/\/secure.gravatar.com\/avatar\/fae3c9085f86cf2c3d0ec7ea03ae71cda2f36050a7f451f72c07840cdab68d7c?s=96&d=mm&r=g","caption":"Kristin Harrich"},"url":"https:\/\/www.radlobby.org\/noe\/author\/kristinharrich\/"}]}},"_links":{"self":[{"href":"https:\/\/www.radlobby.org\/noe\/wp-json\/wp\/v2\/posts\/31533","targetHints":{"allow":["GET"]}}],"collection":[{"href":"https:\/\/www.radlobby.org\/noe\/wp-json\/wp\/v2\/posts"}],"about":[{"href":"https:\/\/www.radlobby.org\/noe\/wp-json\/wp\/v2\/types\/post"}],"author":[{"embeddable":true,"href":"https:\/\/www.radlobby.org\/noe\/wp-json\/wp\/v2\/users\/27"}],"replies":[{"embeddable":true,"href":"https:\/\/www.radlobby.org\/noe\/wp-json\/wp\/v2\/comments?post=31533"}],"version-history":[{"count":9,"href":"https:\/\/www.radlobby.org\/noe\/wp-json\/wp\/v2\/posts\/31533\/revisions"}],"predecessor-version":[{"id":31559,"href":"https:\/\/www.radlobby.org\/noe\/wp-json\/wp\/v2\/posts\/31533\/revisions\/31559"}],"wp:featuredmedia":[{"embeddable":true,"href":"https:\/\/www.radlobby.org\/noe\/wp-json\/wp\/v2\/media\/31535"}],"wp:attachment":[{"href":"https:\/\/www.radlobby.org\/noe\/wp-json\/wp\/v2\/media?parent=31533"}],"wp:term":[{"taxonomy":"category","embeddable":true,"href":"https:\/\/www.radlobby.org\/noe\/wp-json\/wp\/v2\/categories?post=31533"},{"taxonomy":"post_tag","embeddable":true,"href":"https:\/\/www.radlobby.org\/noe\/wp-json\/wp\/v2\/tags?post=31533"}],"curies":[{"name":"wp","href":"https:\/\/api.w.org\/{rel}","templated":true}]}}