{"id":30657,"date":"2023-07-30T20:40:33","date_gmt":"2023-07-30T18:40:33","guid":{"rendered":"https:\/\/www.radlobby.org\/noe\/?p=30657"},"modified":"2025-06-08T09:31:07","modified_gmt":"2025-06-08T07:31:07","slug":"ebreichsdorf-radweg-mythen","status":"publish","type":"post","link":"https:\/\/www.radlobby.org\/noe\/ebreichsdorf-radweg-mythen\/","title":{"rendered":"Ebreichsdorf &#8211; Radfreundliche Stadt mit Radweg Mythen"},"content":{"rendered":"\n<p>Da dem Autor schon \u00f6fters gesagt wurde &#8220;He, wir haben in Ebreichsdorf eh ganz viele Radwege&#8221;, hab ich mir gedacht einen Beitrag zu schreiben, der vermeintliche Radwege behandelt. Schlie\u00dflich ist Ebreichsdorf als radfreundliche Stadt ausgezeichnet worden. Da ich vorwiegend im n\u00f6rdlichen Bereich von Ebreichsdorf unterwegs bin, werden auch nur \u00fcber die Radinfrastruktur diesem Bereich behandelt. Mythen sind Erz\u00e4hlungen, die Wahrheiten behaupten, die nicht zwingend der Realit\u00e4t entsprechen.<\/p>\n\n\n\n<h2 class=\"wp-block-heading\">&#8220;Radweg&#8221; Piestingau &#8211; Status: in Planung<\/h2>\n\n\n\n<p>Diesen &#8220;Radweg&#8221; bin ich in meiner Kindheit oft gefahren, da der Weg sehr attraktiv zu befahren ist. Er ist verkehrsberuhigt und kann auch von Kindern einfach befahren werden. Allerdings fehlt die Beschriftung als Rad- oder Geh- und Radweg. Auf Nachfrage bei der Gemeinde ist eine Verordung im Zuge des neuen Radwegekonzeptes geplant. Das w\u00e4re einfach und schnell umsetzbar. Hoffentlich warten wir nicht lange auf die Verordnung.<\/p>\n\n\n\n<figure class=\"wp-block-image size-full\"><img loading=\"lazy\" decoding=\"async\" width=\"1753\" height=\"1240\" src=\"https:\/\/www.radlobby.org\/noe\/wp-content\/uploads\/AV_Pistingau.png\" alt=\"Vermeintlicher Radweg an der Schafflerhofstra\u00dfe in der Pistingau\" class=\"wp-image-30655\" srcset=\"https:\/\/www.radlobby.org\/noe\/wp-content\/uploads\/AV_Pistingau.png 1753w, https:\/\/www.radlobby.org\/noe\/wp-content\/uploads\/AV_Pistingau-300x212.png 300w, https:\/\/www.radlobby.org\/noe\/wp-content\/uploads\/AV_Pistingau-768x543.png 768w, https:\/\/www.radlobby.org\/noe\/wp-content\/uploads\/AV_Pistingau-1536x1087.png 1536w\" sizes=\"auto, (max-width: 1753px) 100vw, 1753px\" \/><figcaption class=\"wp-element-caption\">Vermeintlicher Radweg an der Schafflerhofstra\u00dfe in der Piestingau<\/figcaption><\/figure>\n\n\n\n<iframe loading=\"lazy\" width=\"640\" height=\"480\" src=\"https:\/\/www.mapillary.com\/embed?map_style=Mapillary%20streets&amp;image_key=138851061568416&amp;style=photo\" frameborder=\"0\"><\/iframe>\n\n\n\n<h2 class=\"wp-block-heading\">&#8220;Radweg&#8221; Ebreichsdorf Industriegebiet Nord (Linke Seite) &#8211; Status: ausbauf\u00e4hig<\/h2>\n\n\n\n<p>Der Weg entlang des Dammes der Aqualina-Wohnparks ist ebenfalls schon lange umgesetzt. Aber auch hier handelt es sich um keinen Rad- oder Geh- und Radweg. Dies erkennt man auch gut am Ende des Weges. Denn dort h\u00f6rt der Weg mit einer Randsteinh\u00f6he von mehr als 5cm zur Fahrbahn auf.<br>Hier w\u00fcrde sich der Autor ebenfalls eine Verordnung als Geh- und Radweg w\u00fcnschen, wobei am Ende selbstverst\u00e4ndlich eine entsprechende Abschr\u00e4gung zur Fahrbahn zu errichten ist. <\/p>\n\n\n\n<figure class=\"wp-block-image size-full\"><img loading=\"lazy\" decoding=\"async\" width=\"1753\" height=\"1240\" src=\"https:\/\/www.radlobby.org\/noe\/wp-content\/uploads\/AV_IndustriegebietLinks.png\" alt=\"Vermeintlicher Radweg bzw. Geh- und Radweg entlang des Aqualina Wohnparks\" class=\"wp-image-30653\" srcset=\"https:\/\/www.radlobby.org\/noe\/wp-content\/uploads\/AV_IndustriegebietLinks.png 1753w, https:\/\/www.radlobby.org\/noe\/wp-content\/uploads\/AV_IndustriegebietLinks-300x212.png 300w, https:\/\/www.radlobby.org\/noe\/wp-content\/uploads\/AV_IndustriegebietLinks-768x543.png 768w, https:\/\/www.radlobby.org\/noe\/wp-content\/uploads\/AV_IndustriegebietLinks-1536x1087.png 1536w\" sizes=\"auto, (max-width: 1753px) 100vw, 1753px\" \/><figcaption class=\"wp-element-caption\">Vermeintlicher Radweg bzw. Geh- und Radweg entlang des Aqualina Wohnparks<\/figcaption><\/figure>\n\n\n\n<iframe loading=\"lazy\" width=\"640\" height=\"480\" src=\"https:\/\/www.mapillary.com\/embed?map_style=Mapillary%20streets&amp;image_key=1177685682679422&amp;style=photo\" frameborder=\"0\"><\/iframe>\n\n\n\n<h2 class=\"wp-block-heading\">&#8220;Radweg&#8221; Ebreichsdorf Industriegebiet Nord (Rechte Seite) &#8211; Status: Gehweg wird als Radweg genutzt<\/h2>\n\n\n\n<p>Dieser Weg ist erst vor kurzem errichtet worden und er war urspr\u00fcnglich die Idee zu diesem Beitrag. Denn bei einer Radfahrt vom neuen Mc Donalds Lokal wurde ich von einem Autofahrer auf der Landstra\u00dfe angeschrien, dass ich gef\u00e4lligst den Radweg auf der Seite zu benutzen h\u00e4tte.<\/p>\n\n\n\n<p>Leider ist dieser aktuell nur als reiner Gehweg zu ben\u00fctzen. Hier hat der Autor ebenfalls von der Gemeinde die Info erhalten, dass die Verordnung als Geh- und Radweg geplant ist. Ich finde es sehr schade, dass dies nicht sofort nach Fertigstellung erfolgt ist, denn klarerweise wird dieser Weg bereits jetzt von vielen Radfahrenden verwendet. Ein weiteres Manko gibt es allerdings noch. Der Geh- und Radweg beginnt laut Gemeinde erst ab der Spinnereistra\u00dfe, davor ist er weiterhin als reiner Gehweg zu sehen.<\/p>\n\n\n\n<figure class=\"wp-block-image size-full\"><img loading=\"lazy\" decoding=\"async\" width=\"1753\" height=\"1240\" src=\"https:\/\/www.radlobby.org\/noe\/wp-content\/uploads\/AV_IndustriegebietRechts.png\" alt=\"\" class=\"wp-image-30654\" srcset=\"https:\/\/www.radlobby.org\/noe\/wp-content\/uploads\/AV_IndustriegebietRechts.png 1753w, https:\/\/www.radlobby.org\/noe\/wp-content\/uploads\/AV_IndustriegebietRechts-300x212.png 300w, https:\/\/www.radlobby.org\/noe\/wp-content\/uploads\/AV_IndustriegebietRechts-768x543.png 768w, https:\/\/www.radlobby.org\/noe\/wp-content\/uploads\/AV_IndustriegebietRechts-1536x1087.png 1536w\" sizes=\"auto, (max-width: 1753px) 100vw, 1753px\" \/><\/figure>\n\n\n\n<p><\/p>\n","protected":false},"excerpt":{"rendered":"<p>In Ebreichsdorf existieren viele vermeintliche Radwege. Auf eine kleine Auswahl geht der Autor in diesem Beitrag ein.<\/p>\n","protected":false},"author":58,"featured_media":30656,"comment_status":"closed","ping_status":"closed","sticky":false,"template":"","format":"standard","meta":{"footnotes":""},"categories":[384,195,343],"tags":[528,23,22],"class_list":["post-30657","post","type-post","status-publish","format-standard","has-post-thumbnail","hentry","category-gemeinden-betriebe","category-baden","category-ebreichsdorf","tag-bedingungen","tag-infrastruktur","tag-verkehrspolitik"],"yoast_head":"<!-- This site is optimized with the Yoast SEO plugin v26.9 - https:\/\/yoast.com\/product\/yoast-seo-wordpress\/ -->\n<title>Ebreichsdorf - Radfreundliche Stadt mit Radweg Mythen - Radlobby Nieder\u00f6sterreich<\/title>\n<meta name=\"description\" content=\"Nicht alles was als &quot;Radweg&quot; erscheint, ist tats\u00e4chlich einer. Die Nutzung der Gehwege als Radwege zeigt, dass Bedarf besteht.\" \/>\n<meta name=\"robots\" content=\"index, follow, max-snippet:-1, max-image-preview:large, max-video-preview:-1\" \/>\n<link rel=\"canonical\" href=\"https:\/\/www.radlobby.org\/noe\/ebreichsdorf-radweg-mythen\/\" \/>\n<meta property=\"og:locale\" content=\"de_DE\" \/>\n<meta property=\"og:type\" content=\"article\" \/>\n<meta property=\"og:title\" content=\"Ebreichsdorf - Radfreundliche Stadt mit Radweg Mythen - Radlobby Nieder\u00f6sterreich\" \/>\n<meta property=\"og:description\" content=\"Nicht alles was als &quot;Radweg&quot; erscheint, ist tats\u00e4chlich einer. Die Nutzung der Gehwege als Radwege zeigt, dass Bedarf besteht.\" \/>\n<meta property=\"og:url\" content=\"https:\/\/www.radlobby.org\/noe\/ebreichsdorf-radweg-mythen\/\" \/>\n<meta property=\"og:site_name\" content=\"Radlobby Nieder\u00f6sterreich\" \/>\n<meta property=\"article:publisher\" content=\"https:\/\/www.facebook.com\/groups\/radfahren.in.noe\/\" \/>\n<meta property=\"article:published_time\" content=\"2023-07-30T18:40:33+00:00\" \/>\n<meta property=\"article:modified_time\" content=\"2025-06-08T07:31:07+00:00\" \/>\n<meta property=\"og:image\" content=\"https:\/\/www.radlobby.org\/noe\/wp-content\/uploads\/AV_Radweg-Ende_VKZ.jpeg\" \/>\n\t<meta property=\"og:image:width\" content=\"600\" \/>\n\t<meta property=\"og:image:height\" content=\"600\" \/>\n\t<meta property=\"og:image:type\" content=\"image\/jpeg\" \/>\n<meta name=\"author\" content=\"Andreas Voit\" \/>\n<meta name=\"twitter:card\" content=\"summary_large_image\" \/>\n<meta name=\"twitter:label1\" content=\"Verfasst von\" \/>\n\t<meta name=\"twitter:data1\" content=\"Andreas Voit\" \/>\n\t<meta name=\"twitter:label2\" content=\"Gesch\u00e4tzte Lesezeit\" \/>\n\t<meta name=\"twitter:data2\" content=\"3\u00a0Minuten\" \/>\n<script type=\"application\/ld+json\" class=\"yoast-schema-graph\">{\"@context\":\"https:\/\/schema.org\",\"@graph\":[{\"@type\":\"Article\",\"@id\":\"https:\/\/www.radlobby.org\/noe\/ebreichsdorf-radweg-mythen\/#article\",\"isPartOf\":{\"@id\":\"https:\/\/www.radlobby.org\/noe\/ebreichsdorf-radweg-mythen\/\"},\"author\":{\"name\":\"Andreas Voit\",\"@id\":\"https:\/\/www.radlobby.org\/noe\/#\/schema\/person\/87b079c7918348ad3627d8dd31de80c4\"},\"headline\":\"Ebreichsdorf &#8211; Radfreundliche Stadt mit Radweg Mythen\",\"datePublished\":\"2023-07-30T18:40:33+00:00\",\"dateModified\":\"2025-06-08T07:31:07+00:00\",\"mainEntityOfPage\":{\"@id\":\"https:\/\/www.radlobby.org\/noe\/ebreichsdorf-radweg-mythen\/\"},\"wordCount\":406,\"publisher\":{\"@id\":\"https:\/\/www.radlobby.org\/noe\/#organization\"},\"image\":{\"@id\":\"https:\/\/www.radlobby.org\/noe\/ebreichsdorf-radweg-mythen\/#primaryimage\"},\"thumbnailUrl\":\"https:\/\/www.radlobby.org\/noe\/wp-content\/uploads\/AV_Radweg-Ende_VKZ.jpeg\",\"keywords\":[\"Bedingungen\",\"Infrastruktur\",\"Verkehrspolitik\"],\"articleSection\":[\"Gemeinden &amp; Betriebe\",\"Radlobby Baden\",\"Radlobby Ebreichsdorf\"],\"inLanguage\":\"de\"},{\"@type\":\"WebPage\",\"@id\":\"https:\/\/www.radlobby.org\/noe\/ebreichsdorf-radweg-mythen\/\",\"url\":\"https:\/\/www.radlobby.org\/noe\/ebreichsdorf-radweg-mythen\/\",\"name\":\"Ebreichsdorf - Radfreundliche Stadt mit Radweg Mythen - Radlobby Nieder\u00f6sterreich\",\"isPartOf\":{\"@id\":\"https:\/\/www.radlobby.org\/noe\/#website\"},\"primaryImageOfPage\":{\"@id\":\"https:\/\/www.radlobby.org\/noe\/ebreichsdorf-radweg-mythen\/#primaryimage\"},\"image\":{\"@id\":\"https:\/\/www.radlobby.org\/noe\/ebreichsdorf-radweg-mythen\/#primaryimage\"},\"thumbnailUrl\":\"https:\/\/www.radlobby.org\/noe\/wp-content\/uploads\/AV_Radweg-Ende_VKZ.jpeg\",\"datePublished\":\"2023-07-30T18:40:33+00:00\",\"dateModified\":\"2025-06-08T07:31:07+00:00\",\"description\":\"Nicht alles was als \\\"Radweg\\\" erscheint, ist tats\u00e4chlich einer. Die Nutzung der Gehwege als Radwege zeigt, dass Bedarf besteht.\",\"breadcrumb\":{\"@id\":\"https:\/\/www.radlobby.org\/noe\/ebreichsdorf-radweg-mythen\/#breadcrumb\"},\"inLanguage\":\"de\",\"potentialAction\":[{\"@type\":\"ReadAction\",\"target\":[\"https:\/\/www.radlobby.org\/noe\/ebreichsdorf-radweg-mythen\/\"]}]},{\"@type\":\"ImageObject\",\"inLanguage\":\"de\",\"@id\":\"https:\/\/www.radlobby.org\/noe\/ebreichsdorf-radweg-mythen\/#primaryimage\",\"url\":\"https:\/\/www.radlobby.org\/noe\/wp-content\/uploads\/AV_Radweg-Ende_VKZ.jpeg\",\"contentUrl\":\"https:\/\/www.radlobby.org\/noe\/wp-content\/uploads\/AV_Radweg-Ende_VKZ.jpeg\",\"width\":600,\"height\":600},{\"@type\":\"BreadcrumbList\",\"@id\":\"https:\/\/www.radlobby.org\/noe\/ebreichsdorf-radweg-mythen\/#breadcrumb\",\"itemListElement\":[{\"@type\":\"ListItem\",\"position\":1,\"name\":\"Startseite\",\"item\":\"https:\/\/www.radlobby.org\/noe\/\"},{\"@type\":\"ListItem\",\"position\":2,\"name\":\"Ebreichsdorf &#8211; Radfreundliche Stadt mit Radweg Mythen\"}]},{\"@type\":\"WebSite\",\"@id\":\"https:\/\/www.radlobby.org\/noe\/#website\",\"url\":\"https:\/\/www.radlobby.org\/noe\/\",\"name\":\"Radlobby Nieder\u00f6sterreich\",\"description\":\"Radverkehr, Fahrrad, Radfahren, Radreisen, Radtouren, Radweg\",\"publisher\":{\"@id\":\"https:\/\/www.radlobby.org\/noe\/#organization\"},\"potentialAction\":[{\"@type\":\"SearchAction\",\"target\":{\"@type\":\"EntryPoint\",\"urlTemplate\":\"https:\/\/www.radlobby.org\/noe\/?s={search_term_string}\"},\"query-input\":{\"@type\":\"PropertyValueSpecification\",\"valueRequired\":true,\"valueName\":\"search_term_string\"}}],\"inLanguage\":\"de\"},{\"@type\":\"Organization\",\"@id\":\"https:\/\/www.radlobby.org\/noe\/#organization\",\"name\":\"Radlobby Nieder\u00f6sterreich\",\"url\":\"https:\/\/www.radlobby.org\/noe\/\",\"logo\":{\"@type\":\"ImageObject\",\"inLanguage\":\"de\",\"@id\":\"https:\/\/www.radlobby.org\/noe\/#\/schema\/logo\/image\/\",\"url\":\"https:\/\/www.radlobby.org\/noe\/wp-content\/uploads\/2017\/01\/cropped-Logo_Radlobby_Niederoesterreich_50-400px_quer-1.jpg\",\"contentUrl\":\"https:\/\/www.radlobby.org\/noe\/wp-content\/uploads\/2017\/01\/cropped-Logo_Radlobby_Niederoesterreich_50-400px_quer-1.jpg\",\"width\":450,\"height\":124,\"caption\":\"Radlobby Nieder\u00f6sterreich\"},\"image\":{\"@id\":\"https:\/\/www.radlobby.org\/noe\/#\/schema\/logo\/image\/\"},\"sameAs\":[\"https:\/\/www.facebook.com\/groups\/radfahren.in.noe\/\"]},{\"@type\":\"Person\",\"@id\":\"https:\/\/www.radlobby.org\/noe\/#\/schema\/person\/87b079c7918348ad3627d8dd31de80c4\",\"name\":\"Andreas Voit\",\"image\":{\"@type\":\"ImageObject\",\"inLanguage\":\"de\",\"@id\":\"https:\/\/www.radlobby.org\/noe\/#\/schema\/person\/image\/\",\"url\":\"https:\/\/secure.gravatar.com\/avatar\/99925c9d0fb7df39c7837cd52fdc4deae9a100a3bf6df25fe5c454f4a2e40658?s=96&d=mm&r=g\",\"contentUrl\":\"https:\/\/secure.gravatar.com\/avatar\/99925c9d0fb7df39c7837cd52fdc4deae9a100a3bf6df25fe5c454f4a2e40658?s=96&d=mm&r=g\",\"caption\":\"Andreas Voit\"},\"url\":\"https:\/\/www.radlobby.org\/noe\/author\/andreas-voit\/\"}]}<\/script>\n<!-- \/ Yoast SEO plugin. -->","yoast_head_json":{"title":"Ebreichsdorf - Radfreundliche Stadt mit Radweg Mythen - Radlobby Nieder\u00f6sterreich","description":"Nicht alles was als \"Radweg\" erscheint, ist tats\u00e4chlich einer. Die Nutzung der Gehwege als Radwege zeigt, dass Bedarf besteht.","robots":{"index":"index","follow":"follow","max-snippet":"max-snippet:-1","max-image-preview":"max-image-preview:large","max-video-preview":"max-video-preview:-1"},"canonical":"https:\/\/www.radlobby.org\/noe\/ebreichsdorf-radweg-mythen\/","og_locale":"de_DE","og_type":"article","og_title":"Ebreichsdorf - Radfreundliche Stadt mit Radweg Mythen - Radlobby Nieder\u00f6sterreich","og_description":"Nicht alles was als \"Radweg\" erscheint, ist tats\u00e4chlich einer. Die Nutzung der Gehwege als Radwege zeigt, dass Bedarf besteht.","og_url":"https:\/\/www.radlobby.org\/noe\/ebreichsdorf-radweg-mythen\/","og_site_name":"Radlobby Nieder\u00f6sterreich","article_publisher":"https:\/\/www.facebook.com\/groups\/radfahren.in.noe\/","article_published_time":"2023-07-30T18:40:33+00:00","article_modified_time":"2025-06-08T07:31:07+00:00","og_image":[{"width":600,"height":600,"url":"https:\/\/www.radlobby.org\/noe\/wp-content\/uploads\/AV_Radweg-Ende_VKZ.jpeg","type":"image\/jpeg"}],"author":"Andreas Voit","twitter_card":"summary_large_image","twitter_misc":{"Verfasst von":"Andreas Voit","Gesch\u00e4tzte Lesezeit":"3\u00a0Minuten"},"schema":{"@context":"https:\/\/schema.org","@graph":[{"@type":"Article","@id":"https:\/\/www.radlobby.org\/noe\/ebreichsdorf-radweg-mythen\/#article","isPartOf":{"@id":"https:\/\/www.radlobby.org\/noe\/ebreichsdorf-radweg-mythen\/"},"author":{"name":"Andreas Voit","@id":"https:\/\/www.radlobby.org\/noe\/#\/schema\/person\/87b079c7918348ad3627d8dd31de80c4"},"headline":"Ebreichsdorf &#8211; Radfreundliche Stadt mit Radweg Mythen","datePublished":"2023-07-30T18:40:33+00:00","dateModified":"2025-06-08T07:31:07+00:00","mainEntityOfPage":{"@id":"https:\/\/www.radlobby.org\/noe\/ebreichsdorf-radweg-mythen\/"},"wordCount":406,"publisher":{"@id":"https:\/\/www.radlobby.org\/noe\/#organization"},"image":{"@id":"https:\/\/www.radlobby.org\/noe\/ebreichsdorf-radweg-mythen\/#primaryimage"},"thumbnailUrl":"https:\/\/www.radlobby.org\/noe\/wp-content\/uploads\/AV_Radweg-Ende_VKZ.jpeg","keywords":["Bedingungen","Infrastruktur","Verkehrspolitik"],"articleSection":["Gemeinden &amp; Betriebe","Radlobby Baden","Radlobby Ebreichsdorf"],"inLanguage":"de"},{"@type":"WebPage","@id":"https:\/\/www.radlobby.org\/noe\/ebreichsdorf-radweg-mythen\/","url":"https:\/\/www.radlobby.org\/noe\/ebreichsdorf-radweg-mythen\/","name":"Ebreichsdorf - Radfreundliche Stadt mit Radweg Mythen - Radlobby Nieder\u00f6sterreich","isPartOf":{"@id":"https:\/\/www.radlobby.org\/noe\/#website"},"primaryImageOfPage":{"@id":"https:\/\/www.radlobby.org\/noe\/ebreichsdorf-radweg-mythen\/#primaryimage"},"image":{"@id":"https:\/\/www.radlobby.org\/noe\/ebreichsdorf-radweg-mythen\/#primaryimage"},"thumbnailUrl":"https:\/\/www.radlobby.org\/noe\/wp-content\/uploads\/AV_Radweg-Ende_VKZ.jpeg","datePublished":"2023-07-30T18:40:33+00:00","dateModified":"2025-06-08T07:31:07+00:00","description":"Nicht alles was als \"Radweg\" erscheint, ist tats\u00e4chlich einer. Die Nutzung der Gehwege als Radwege zeigt, dass Bedarf besteht.","breadcrumb":{"@id":"https:\/\/www.radlobby.org\/noe\/ebreichsdorf-radweg-mythen\/#breadcrumb"},"inLanguage":"de","potentialAction":[{"@type":"ReadAction","target":["https:\/\/www.radlobby.org\/noe\/ebreichsdorf-radweg-mythen\/"]}]},{"@type":"ImageObject","inLanguage":"de","@id":"https:\/\/www.radlobby.org\/noe\/ebreichsdorf-radweg-mythen\/#primaryimage","url":"https:\/\/www.radlobby.org\/noe\/wp-content\/uploads\/AV_Radweg-Ende_VKZ.jpeg","contentUrl":"https:\/\/www.radlobby.org\/noe\/wp-content\/uploads\/AV_Radweg-Ende_VKZ.jpeg","width":600,"height":600},{"@type":"BreadcrumbList","@id":"https:\/\/www.radlobby.org\/noe\/ebreichsdorf-radweg-mythen\/#breadcrumb","itemListElement":[{"@type":"ListItem","position":1,"name":"Startseite","item":"https:\/\/www.radlobby.org\/noe\/"},{"@type":"ListItem","position":2,"name":"Ebreichsdorf &#8211; Radfreundliche Stadt mit Radweg Mythen"}]},{"@type":"WebSite","@id":"https:\/\/www.radlobby.org\/noe\/#website","url":"https:\/\/www.radlobby.org\/noe\/","name":"Radlobby Nieder\u00f6sterreich","description":"Radverkehr, Fahrrad, Radfahren, Radreisen, Radtouren, Radweg","publisher":{"@id":"https:\/\/www.radlobby.org\/noe\/#organization"},"potentialAction":[{"@type":"SearchAction","target":{"@type":"EntryPoint","urlTemplate":"https:\/\/www.radlobby.org\/noe\/?s={search_term_string}"},"query-input":{"@type":"PropertyValueSpecification","valueRequired":true,"valueName":"search_term_string"}}],"inLanguage":"de"},{"@type":"Organization","@id":"https:\/\/www.radlobby.org\/noe\/#organization","name":"Radlobby Nieder\u00f6sterreich","url":"https:\/\/www.radlobby.org\/noe\/","logo":{"@type":"ImageObject","inLanguage":"de","@id":"https:\/\/www.radlobby.org\/noe\/#\/schema\/logo\/image\/","url":"https:\/\/www.radlobby.org\/noe\/wp-content\/uploads\/2017\/01\/cropped-Logo_Radlobby_Niederoesterreich_50-400px_quer-1.jpg","contentUrl":"https:\/\/www.radlobby.org\/noe\/wp-content\/uploads\/2017\/01\/cropped-Logo_Radlobby_Niederoesterreich_50-400px_quer-1.jpg","width":450,"height":124,"caption":"Radlobby Nieder\u00f6sterreich"},"image":{"@id":"https:\/\/www.radlobby.org\/noe\/#\/schema\/logo\/image\/"},"sameAs":["https:\/\/www.facebook.com\/groups\/radfahren.in.noe\/"]},{"@type":"Person","@id":"https:\/\/www.radlobby.org\/noe\/#\/schema\/person\/87b079c7918348ad3627d8dd31de80c4","name":"Andreas Voit","image":{"@type":"ImageObject","inLanguage":"de","@id":"https:\/\/www.radlobby.org\/noe\/#\/schema\/person\/image\/","url":"https:\/\/secure.gravatar.com\/avatar\/99925c9d0fb7df39c7837cd52fdc4deae9a100a3bf6df25fe5c454f4a2e40658?s=96&d=mm&r=g","contentUrl":"https:\/\/secure.gravatar.com\/avatar\/99925c9d0fb7df39c7837cd52fdc4deae9a100a3bf6df25fe5c454f4a2e40658?s=96&d=mm&r=g","caption":"Andreas Voit"},"url":"https:\/\/www.radlobby.org\/noe\/author\/andreas-voit\/"}]}},"_links":{"self":[{"href":"https:\/\/www.radlobby.org\/noe\/wp-json\/wp\/v2\/posts\/30657","targetHints":{"allow":["GET"]}}],"collection":[{"href":"https:\/\/www.radlobby.org\/noe\/wp-json\/wp\/v2\/posts"}],"about":[{"href":"https:\/\/www.radlobby.org\/noe\/wp-json\/wp\/v2\/types\/post"}],"author":[{"embeddable":true,"href":"https:\/\/www.radlobby.org\/noe\/wp-json\/wp\/v2\/users\/58"}],"replies":[{"embeddable":true,"href":"https:\/\/www.radlobby.org\/noe\/wp-json\/wp\/v2\/comments?post=30657"}],"version-history":[{"count":3,"href":"https:\/\/www.radlobby.org\/noe\/wp-json\/wp\/v2\/posts\/30657\/revisions"}],"predecessor-version":[{"id":39384,"href":"https:\/\/www.radlobby.org\/noe\/wp-json\/wp\/v2\/posts\/30657\/revisions\/39384"}],"wp:featuredmedia":[{"embeddable":true,"href":"https:\/\/www.radlobby.org\/noe\/wp-json\/wp\/v2\/media\/30656"}],"wp:attachment":[{"href":"https:\/\/www.radlobby.org\/noe\/wp-json\/wp\/v2\/media?parent=30657"}],"wp:term":[{"taxonomy":"category","embeddable":true,"href":"https:\/\/www.radlobby.org\/noe\/wp-json\/wp\/v2\/categories?post=30657"},{"taxonomy":"post_tag","embeddable":true,"href":"https:\/\/www.radlobby.org\/noe\/wp-json\/wp\/v2\/tags?post=30657"}],"curies":[{"name":"wp","href":"https:\/\/api.w.org\/{rel}","templated":true}]}}