{"id":30479,"date":"2023-06-29T20:28:58","date_gmt":"2023-06-29T18:28:58","guid":{"rendered":"https:\/\/www.radlobby.org\/noe\/?p=30479"},"modified":"2023-06-29T20:37:57","modified_gmt":"2023-06-29T18:37:57","slug":"von-vorarlberg-ins-burgenland","status":"publish","type":"post","link":"https:\/\/www.radlobby.org\/noe\/von-vorarlberg-ins-burgenland\/","title":{"rendered":"Von Vorarlberg ins Burgenland"},"content":{"rendered":"<p>Wie kommt man von Vorarlberg ins Burgenland?<\/p>\n<p>Die meisten w\u00fcrden sagen, mit dem Zug oder mit dem Auto.<\/p>\n<p>Nicht so Philipp Kaider, Extremsportler aus Wolkersdorf. Er nahm f\u00fcr die knapp 700 km lange Strecke von Feldkirch in Vorarlberg nach Nickelsdorf im Burgenland das Fahrrad.<\/p>\n<figure id=\"attachment_30486\" aria-describedby=\"caption-attachment-30486\" style=\"width: 300px\" class=\"wp-caption alignnone\"><a href=\"https:\/\/www.radlobby.org\/noe\/wp-content\/uploads\/transAustria_Philipp_Kaider-scaled.jpeg\" data-src=\"https:\/\/www.radlobby.org\/noe\/wp-content\/uploads\/transAustria_Philipp_Kaider-scaled.jpeg\" data-thumb=\"https:\/\/www.radlobby.org\/noe\/wp-content\/uploads\/transAustria_Philipp_Kaider-300x200.jpeg\" class=\"ml-lightbox-enabled\"><img loading=\"lazy\" decoding=\"async\" class=\"wp-image-30486 size-medium\" src=\"https:\/\/www.radlobby.org\/noe\/wp-content\/uploads\/transAustria_Philipp_Kaider-300x200.jpeg\" alt=\"\" width=\"300\" height=\"200\" srcset=\"https:\/\/www.radlobby.org\/noe\/wp-content\/uploads\/transAustria_Philipp_Kaider-300x200.jpeg 300w, https:\/\/www.radlobby.org\/noe\/wp-content\/uploads\/transAustria_Philipp_Kaider-768x512.jpeg 768w, https:\/\/www.radlobby.org\/noe\/wp-content\/uploads\/transAustria_Philipp_Kaider-1536x1024.jpeg 1536w, https:\/\/www.radlobby.org\/noe\/wp-content\/uploads\/transAustria_Philipp_Kaider-2048x1365.jpeg 2048w\" sizes=\"auto, (max-width: 300px) 100vw, 300px\" \/><\/a><figcaption id=\"caption-attachment-30486\" class=\"wp-caption-text\">\u00a9 FlorianRogner<\/figcaption><\/figure>\n<p>Die Strecke konnte er selbst w\u00e4hlen. F\u00fcr die Distanz von 673 km und etwas mehr 4.000 H\u00f6henmeter ben\u00f6tigte er lediglich 19 Stunden, das ergibt eine Durchschnittsgeschwindigkeit von 35,42 km\/h<\/p>\n<p>Das ist neuer Weltrekord. Die Radlobby gratuliert zu dieser unglaublichen Leistung. &#x1f6b4;&#x200d;&#x2642;&#xfe0f;&#x1f44d;<\/p>\n","protected":false},"excerpt":{"rendered":"<p>Wie kommt man von Vorarlberg ins Burgenland? Die meisten w\u00fcrden sagen, mit dem Zug oder mit dem Auto. Nicht so Philipp Kaider, Extremsportler aus Wolkersdorf. Er nahm f\u00fcr die knapp 700 km lange Strecke von Feldkirch in Vorarlberg nach Nickelsdorf<\/p>\n","protected":false},"author":3,"featured_media":30486,"comment_status":"closed","ping_status":"closed","sticky":false,"template":"","format":"standard","meta":{"footnotes":""},"categories":[16],"tags":[],"class_list":["post-30479","post","type-post","status-publish","format-standard","has-post-thumbnail","hentry","category-wolkersdorf"],"yoast_head":"<!-- This site is optimized with the Yoast SEO plugin v26.9 - https:\/\/yoast.com\/product\/yoast-seo-wordpress\/ -->\n<title>Von Vorarlberg ins Burgenland - Radlobby Nieder\u00f6sterreich<\/title>\n<meta name=\"robots\" content=\"index, follow, max-snippet:-1, max-image-preview:large, max-video-preview:-1\" \/>\n<link rel=\"canonical\" href=\"https:\/\/www.radlobby.org\/noe\/von-vorarlberg-ins-burgenland\/\" \/>\n<meta property=\"og:locale\" content=\"de_DE\" \/>\n<meta property=\"og:type\" content=\"article\" \/>\n<meta property=\"og:title\" content=\"Von Vorarlberg ins Burgenland - Radlobby Nieder\u00f6sterreich\" \/>\n<meta property=\"og:description\" content=\"Wie kommt man von Vorarlberg ins Burgenland? Die meisten w\u00fcrden sagen, mit dem Zug oder mit dem Auto. Nicht so Philipp Kaider, Extremsportler aus Wolkersdorf. Er nahm f\u00fcr die knapp 700 km lange Strecke von Feldkirch in Vorarlberg nach Nickelsdorf\" \/>\n<meta property=\"og:url\" content=\"https:\/\/www.radlobby.org\/noe\/von-vorarlberg-ins-burgenland\/\" \/>\n<meta property=\"og:site_name\" content=\"Radlobby Nieder\u00f6sterreich\" \/>\n<meta property=\"article:publisher\" content=\"https:\/\/www.facebook.com\/groups\/radfahren.in.noe\/\" \/>\n<meta property=\"article:published_time\" content=\"2023-06-29T18:28:58+00:00\" \/>\n<meta property=\"article:modified_time\" content=\"2023-06-29T18:37:57+00:00\" \/>\n<meta property=\"og:image\" content=\"https:\/\/www.radlobby.org\/noe\/wp-content\/uploads\/transAustria_Philipp_Kaider-scaled.jpeg\" \/>\n\t<meta property=\"og:image:width\" content=\"2560\" \/>\n\t<meta property=\"og:image:height\" content=\"1707\" \/>\n\t<meta property=\"og:image:type\" content=\"image\/jpeg\" \/>\n<meta name=\"author\" content=\"Hermann Hiebner\" \/>\n<meta name=\"twitter:card\" content=\"summary_large_image\" \/>\n<meta name=\"twitter:label1\" content=\"Verfasst von\" \/>\n\t<meta name=\"twitter:data1\" content=\"Hermann Hiebner\" \/>\n\t<meta name=\"twitter:label2\" content=\"Gesch\u00e4tzte Lesezeit\" \/>\n\t<meta name=\"twitter:data2\" content=\"1\u00a0Minute\" \/>\n<script type=\"application\/ld+json\" class=\"yoast-schema-graph\">{\"@context\":\"https:\/\/schema.org\",\"@graph\":[{\"@type\":\"Article\",\"@id\":\"https:\/\/www.radlobby.org\/noe\/von-vorarlberg-ins-burgenland\/#article\",\"isPartOf\":{\"@id\":\"https:\/\/www.radlobby.org\/noe\/von-vorarlberg-ins-burgenland\/\"},\"author\":{\"name\":\"Hermann Hiebner\",\"@id\":\"https:\/\/www.radlobby.org\/noe\/#\/schema\/person\/c91605b70aca449bea4cb27190b0dbe2\"},\"headline\":\"Von Vorarlberg ins Burgenland\",\"datePublished\":\"2023-06-29T18:28:58+00:00\",\"dateModified\":\"2023-06-29T18:37:57+00:00\",\"mainEntityOfPage\":{\"@id\":\"https:\/\/www.radlobby.org\/noe\/von-vorarlberg-ins-burgenland\/\"},\"wordCount\":109,\"publisher\":{\"@id\":\"https:\/\/www.radlobby.org\/noe\/#organization\"},\"image\":{\"@id\":\"https:\/\/www.radlobby.org\/noe\/von-vorarlberg-ins-burgenland\/#primaryimage\"},\"thumbnailUrl\":\"https:\/\/www.radlobby.org\/noe\/wp-content\/uploads\/transAustria_Philipp_Kaider-scaled.jpeg\",\"articleSection\":[\"Radlobby Wolkersdorf\"],\"inLanguage\":\"de\"},{\"@type\":\"WebPage\",\"@id\":\"https:\/\/www.radlobby.org\/noe\/von-vorarlberg-ins-burgenland\/\",\"url\":\"https:\/\/www.radlobby.org\/noe\/von-vorarlberg-ins-burgenland\/\",\"name\":\"Von Vorarlberg ins Burgenland - Radlobby Nieder\u00f6sterreich\",\"isPartOf\":{\"@id\":\"https:\/\/www.radlobby.org\/noe\/#website\"},\"primaryImageOfPage\":{\"@id\":\"https:\/\/www.radlobby.org\/noe\/von-vorarlberg-ins-burgenland\/#primaryimage\"},\"image\":{\"@id\":\"https:\/\/www.radlobby.org\/noe\/von-vorarlberg-ins-burgenland\/#primaryimage\"},\"thumbnailUrl\":\"https:\/\/www.radlobby.org\/noe\/wp-content\/uploads\/transAustria_Philipp_Kaider-scaled.jpeg\",\"datePublished\":\"2023-06-29T18:28:58+00:00\",\"dateModified\":\"2023-06-29T18:37:57+00:00\",\"breadcrumb\":{\"@id\":\"https:\/\/www.radlobby.org\/noe\/von-vorarlberg-ins-burgenland\/#breadcrumb\"},\"inLanguage\":\"de\",\"potentialAction\":[{\"@type\":\"ReadAction\",\"target\":[\"https:\/\/www.radlobby.org\/noe\/von-vorarlberg-ins-burgenland\/\"]}]},{\"@type\":\"ImageObject\",\"inLanguage\":\"de\",\"@id\":\"https:\/\/www.radlobby.org\/noe\/von-vorarlberg-ins-burgenland\/#primaryimage\",\"url\":\"https:\/\/www.radlobby.org\/noe\/wp-content\/uploads\/transAustria_Philipp_Kaider-scaled.jpeg\",\"contentUrl\":\"https:\/\/www.radlobby.org\/noe\/wp-content\/uploads\/transAustria_Philipp_Kaider-scaled.jpeg\",\"width\":2560,\"height\":1707},{\"@type\":\"BreadcrumbList\",\"@id\":\"https:\/\/www.radlobby.org\/noe\/von-vorarlberg-ins-burgenland\/#breadcrumb\",\"itemListElement\":[{\"@type\":\"ListItem\",\"position\":1,\"name\":\"Startseite\",\"item\":\"https:\/\/www.radlobby.org\/noe\/\"},{\"@type\":\"ListItem\",\"position\":2,\"name\":\"Von Vorarlberg ins Burgenland\"}]},{\"@type\":\"WebSite\",\"@id\":\"https:\/\/www.radlobby.org\/noe\/#website\",\"url\":\"https:\/\/www.radlobby.org\/noe\/\",\"name\":\"Radlobby Nieder\u00f6sterreich\",\"description\":\"Radverkehr, Fahrrad, Radfahren, Radreisen, Radtouren, Radweg\",\"publisher\":{\"@id\":\"https:\/\/www.radlobby.org\/noe\/#organization\"},\"potentialAction\":[{\"@type\":\"SearchAction\",\"target\":{\"@type\":\"EntryPoint\",\"urlTemplate\":\"https:\/\/www.radlobby.org\/noe\/?s={search_term_string}\"},\"query-input\":{\"@type\":\"PropertyValueSpecification\",\"valueRequired\":true,\"valueName\":\"search_term_string\"}}],\"inLanguage\":\"de\"},{\"@type\":\"Organization\",\"@id\":\"https:\/\/www.radlobby.org\/noe\/#organization\",\"name\":\"Radlobby Nieder\u00f6sterreich\",\"url\":\"https:\/\/www.radlobby.org\/noe\/\",\"logo\":{\"@type\":\"ImageObject\",\"inLanguage\":\"de\",\"@id\":\"https:\/\/www.radlobby.org\/noe\/#\/schema\/logo\/image\/\",\"url\":\"https:\/\/www.radlobby.org\/noe\/wp-content\/uploads\/2017\/01\/cropped-Logo_Radlobby_Niederoesterreich_50-400px_quer-1.jpg\",\"contentUrl\":\"https:\/\/www.radlobby.org\/noe\/wp-content\/uploads\/2017\/01\/cropped-Logo_Radlobby_Niederoesterreich_50-400px_quer-1.jpg\",\"width\":450,\"height\":124,\"caption\":\"Radlobby Nieder\u00f6sterreich\"},\"image\":{\"@id\":\"https:\/\/www.radlobby.org\/noe\/#\/schema\/logo\/image\/\"},\"sameAs\":[\"https:\/\/www.facebook.com\/groups\/radfahren.in.noe\/\"]},{\"@type\":\"Person\",\"@id\":\"https:\/\/www.radlobby.org\/noe\/#\/schema\/person\/c91605b70aca449bea4cb27190b0dbe2\",\"name\":\"Hermann Hiebner\",\"image\":{\"@type\":\"ImageObject\",\"inLanguage\":\"de\",\"@id\":\"https:\/\/www.radlobby.org\/noe\/#\/schema\/person\/image\/\",\"url\":\"https:\/\/secure.gravatar.com\/avatar\/d9d442cd70d260be25a46bab5f85206043aabce00da594192c593e7d4fc65f72?s=96&d=mm&r=g\",\"contentUrl\":\"https:\/\/secure.gravatar.com\/avatar\/d9d442cd70d260be25a46bab5f85206043aabce00da594192c593e7d4fc65f72?s=96&d=mm&r=g\",\"caption\":\"Hermann Hiebner\"},\"url\":\"https:\/\/www.radlobby.org\/noe\/author\/hermannhiebner\/\"}]}<\/script>\n<!-- \/ Yoast SEO plugin. -->","yoast_head_json":{"title":"Von Vorarlberg ins Burgenland - Radlobby Nieder\u00f6sterreich","robots":{"index":"index","follow":"follow","max-snippet":"max-snippet:-1","max-image-preview":"max-image-preview:large","max-video-preview":"max-video-preview:-1"},"canonical":"https:\/\/www.radlobby.org\/noe\/von-vorarlberg-ins-burgenland\/","og_locale":"de_DE","og_type":"article","og_title":"Von Vorarlberg ins Burgenland - Radlobby Nieder\u00f6sterreich","og_description":"Wie kommt man von Vorarlberg ins Burgenland? Die meisten w\u00fcrden sagen, mit dem Zug oder mit dem Auto. Nicht so Philipp Kaider, Extremsportler aus Wolkersdorf. Er nahm f\u00fcr die knapp 700 km lange Strecke von Feldkirch in Vorarlberg nach Nickelsdorf","og_url":"https:\/\/www.radlobby.org\/noe\/von-vorarlberg-ins-burgenland\/","og_site_name":"Radlobby Nieder\u00f6sterreich","article_publisher":"https:\/\/www.facebook.com\/groups\/radfahren.in.noe\/","article_published_time":"2023-06-29T18:28:58+00:00","article_modified_time":"2023-06-29T18:37:57+00:00","og_image":[{"width":2560,"height":1707,"url":"https:\/\/www.radlobby.org\/noe\/wp-content\/uploads\/transAustria_Philipp_Kaider-scaled.jpeg","type":"image\/jpeg"}],"author":"Hermann Hiebner","twitter_card":"summary_large_image","twitter_misc":{"Verfasst von":"Hermann Hiebner","Gesch\u00e4tzte Lesezeit":"1\u00a0Minute"},"schema":{"@context":"https:\/\/schema.org","@graph":[{"@type":"Article","@id":"https:\/\/www.radlobby.org\/noe\/von-vorarlberg-ins-burgenland\/#article","isPartOf":{"@id":"https:\/\/www.radlobby.org\/noe\/von-vorarlberg-ins-burgenland\/"},"author":{"name":"Hermann Hiebner","@id":"https:\/\/www.radlobby.org\/noe\/#\/schema\/person\/c91605b70aca449bea4cb27190b0dbe2"},"headline":"Von Vorarlberg ins Burgenland","datePublished":"2023-06-29T18:28:58+00:00","dateModified":"2023-06-29T18:37:57+00:00","mainEntityOfPage":{"@id":"https:\/\/www.radlobby.org\/noe\/von-vorarlberg-ins-burgenland\/"},"wordCount":109,"publisher":{"@id":"https:\/\/www.radlobby.org\/noe\/#organization"},"image":{"@id":"https:\/\/www.radlobby.org\/noe\/von-vorarlberg-ins-burgenland\/#primaryimage"},"thumbnailUrl":"https:\/\/www.radlobby.org\/noe\/wp-content\/uploads\/transAustria_Philipp_Kaider-scaled.jpeg","articleSection":["Radlobby Wolkersdorf"],"inLanguage":"de"},{"@type":"WebPage","@id":"https:\/\/www.radlobby.org\/noe\/von-vorarlberg-ins-burgenland\/","url":"https:\/\/www.radlobby.org\/noe\/von-vorarlberg-ins-burgenland\/","name":"Von Vorarlberg ins Burgenland - Radlobby Nieder\u00f6sterreich","isPartOf":{"@id":"https:\/\/www.radlobby.org\/noe\/#website"},"primaryImageOfPage":{"@id":"https:\/\/www.radlobby.org\/noe\/von-vorarlberg-ins-burgenland\/#primaryimage"},"image":{"@id":"https:\/\/www.radlobby.org\/noe\/von-vorarlberg-ins-burgenland\/#primaryimage"},"thumbnailUrl":"https:\/\/www.radlobby.org\/noe\/wp-content\/uploads\/transAustria_Philipp_Kaider-scaled.jpeg","datePublished":"2023-06-29T18:28:58+00:00","dateModified":"2023-06-29T18:37:57+00:00","breadcrumb":{"@id":"https:\/\/www.radlobby.org\/noe\/von-vorarlberg-ins-burgenland\/#breadcrumb"},"inLanguage":"de","potentialAction":[{"@type":"ReadAction","target":["https:\/\/www.radlobby.org\/noe\/von-vorarlberg-ins-burgenland\/"]}]},{"@type":"ImageObject","inLanguage":"de","@id":"https:\/\/www.radlobby.org\/noe\/von-vorarlberg-ins-burgenland\/#primaryimage","url":"https:\/\/www.radlobby.org\/noe\/wp-content\/uploads\/transAustria_Philipp_Kaider-scaled.jpeg","contentUrl":"https:\/\/www.radlobby.org\/noe\/wp-content\/uploads\/transAustria_Philipp_Kaider-scaled.jpeg","width":2560,"height":1707},{"@type":"BreadcrumbList","@id":"https:\/\/www.radlobby.org\/noe\/von-vorarlberg-ins-burgenland\/#breadcrumb","itemListElement":[{"@type":"ListItem","position":1,"name":"Startseite","item":"https:\/\/www.radlobby.org\/noe\/"},{"@type":"ListItem","position":2,"name":"Von Vorarlberg ins Burgenland"}]},{"@type":"WebSite","@id":"https:\/\/www.radlobby.org\/noe\/#website","url":"https:\/\/www.radlobby.org\/noe\/","name":"Radlobby Nieder\u00f6sterreich","description":"Radverkehr, Fahrrad, Radfahren, Radreisen, Radtouren, Radweg","publisher":{"@id":"https:\/\/www.radlobby.org\/noe\/#organization"},"potentialAction":[{"@type":"SearchAction","target":{"@type":"EntryPoint","urlTemplate":"https:\/\/www.radlobby.org\/noe\/?s={search_term_string}"},"query-input":{"@type":"PropertyValueSpecification","valueRequired":true,"valueName":"search_term_string"}}],"inLanguage":"de"},{"@type":"Organization","@id":"https:\/\/www.radlobby.org\/noe\/#organization","name":"Radlobby Nieder\u00f6sterreich","url":"https:\/\/www.radlobby.org\/noe\/","logo":{"@type":"ImageObject","inLanguage":"de","@id":"https:\/\/www.radlobby.org\/noe\/#\/schema\/logo\/image\/","url":"https:\/\/www.radlobby.org\/noe\/wp-content\/uploads\/2017\/01\/cropped-Logo_Radlobby_Niederoesterreich_50-400px_quer-1.jpg","contentUrl":"https:\/\/www.radlobby.org\/noe\/wp-content\/uploads\/2017\/01\/cropped-Logo_Radlobby_Niederoesterreich_50-400px_quer-1.jpg","width":450,"height":124,"caption":"Radlobby Nieder\u00f6sterreich"},"image":{"@id":"https:\/\/www.radlobby.org\/noe\/#\/schema\/logo\/image\/"},"sameAs":["https:\/\/www.facebook.com\/groups\/radfahren.in.noe\/"]},{"@type":"Person","@id":"https:\/\/www.radlobby.org\/noe\/#\/schema\/person\/c91605b70aca449bea4cb27190b0dbe2","name":"Hermann Hiebner","image":{"@type":"ImageObject","inLanguage":"de","@id":"https:\/\/www.radlobby.org\/noe\/#\/schema\/person\/image\/","url":"https:\/\/secure.gravatar.com\/avatar\/d9d442cd70d260be25a46bab5f85206043aabce00da594192c593e7d4fc65f72?s=96&d=mm&r=g","contentUrl":"https:\/\/secure.gravatar.com\/avatar\/d9d442cd70d260be25a46bab5f85206043aabce00da594192c593e7d4fc65f72?s=96&d=mm&r=g","caption":"Hermann Hiebner"},"url":"https:\/\/www.radlobby.org\/noe\/author\/hermannhiebner\/"}]}},"_links":{"self":[{"href":"https:\/\/www.radlobby.org\/noe\/wp-json\/wp\/v2\/posts\/30479","targetHints":{"allow":["GET"]}}],"collection":[{"href":"https:\/\/www.radlobby.org\/noe\/wp-json\/wp\/v2\/posts"}],"about":[{"href":"https:\/\/www.radlobby.org\/noe\/wp-json\/wp\/v2\/types\/post"}],"author":[{"embeddable":true,"href":"https:\/\/www.radlobby.org\/noe\/wp-json\/wp\/v2\/users\/3"}],"replies":[{"embeddable":true,"href":"https:\/\/www.radlobby.org\/noe\/wp-json\/wp\/v2\/comments?post=30479"}],"version-history":[{"count":3,"href":"https:\/\/www.radlobby.org\/noe\/wp-json\/wp\/v2\/posts\/30479\/revisions"}],"predecessor-version":[{"id":30490,"href":"https:\/\/www.radlobby.org\/noe\/wp-json\/wp\/v2\/posts\/30479\/revisions\/30490"}],"wp:featuredmedia":[{"embeddable":true,"href":"https:\/\/www.radlobby.org\/noe\/wp-json\/wp\/v2\/media\/30486"}],"wp:attachment":[{"href":"https:\/\/www.radlobby.org\/noe\/wp-json\/wp\/v2\/media?parent=30479"}],"wp:term":[{"taxonomy":"category","embeddable":true,"href":"https:\/\/www.radlobby.org\/noe\/wp-json\/wp\/v2\/categories?post=30479"},{"taxonomy":"post_tag","embeddable":true,"href":"https:\/\/www.radlobby.org\/noe\/wp-json\/wp\/v2\/tags?post=30479"}],"curies":[{"name":"wp","href":"https:\/\/api.w.org\/{rel}","templated":true}]}}