{"id":29799,"date":"2023-05-18T21:52:15","date_gmt":"2023-05-18T19:52:15","guid":{"rendered":"https:\/\/www.radlobby.org\/noe\/?p=29799"},"modified":"2023-08-16T19:46:44","modified_gmt":"2023-08-16T17:46:44","slug":"mit-dem-rad-zum-neuen-bahnhof-was-radfahrerinnen-ab-september-2023-erwartet","status":"publish","type":"post","link":"https:\/\/www.radlobby.org\/noe\/mit-dem-rad-zum-neuen-bahnhof-was-radfahrerinnen-ab-september-2023-erwartet\/","title":{"rendered":"Mit dem Rad zum neuen Bahnhof &#8211; was Radfahrer:innen ab September 2023 erwartet"},"content":{"rendered":"<h2>Bahn und Rad &#8211; eine gute Kombi<\/h2>\n<p>Wenn Anfang September 2023 der Bahnhof in Ebreichsdorf am neuen Standort mit neuer Streckenf\u00fchrung er\u00f6ffnet wird, werden die alten Bahnh\u00f6fe in Ebreichsdorf und Weigelsdorf entfallen und die Trasse weicht einem Park.<\/p>\n<p>F\u00fcr viele bedeutet das, dass sich der herk\u00f6mmliche Weg zum Bahnhof ver\u00e4ndern wird. Die Radlobby Ebreichsdorf hat sich mit der zust\u00e4ndigen Stadtr\u00e4tin Claudia Dallinger in den letzten Jahren mehrmals getroffen, mit dem Ziel das Radfahren zum Bahnhof attraktiv und sicher zu machen.<\/p>\n<p>Im Mai 2023 fand ein weiteres Treffen statt. Wenige Monate vor der Er\u00f6ffnung im September k\u00f6nnen wir zusammenfassend festhalten, dass sich einiges getan hat zur Verbesserung der Radinfrastruktur. L\u00fccken bestehen leider weiterhin und deren Schlie\u00dfung wird noch dauern bzw. ist ungewiss, ob sie \u00fcberhaupt geschlossen werden.<\/p>\n<p>Der neue Bahnhof ist aus unserer Sicht eine Chance, dass noch mehr Menschen mit dem Rad zum Bahnhof kommen. Die t\u00e4gliche Bewegung f\u00f6rdert die Gesundheit, Klimaschutz inklusive. Der PKW-Binnenverkehr w\u00fcrde damit weniger werden und die Bodenversiegelung f\u00fcr die riesigen Parkfl\u00e4chen muss nicht weiterbetrieben werden.<\/p>\n<p>Wir haben uns vor der Er\u00f6ffnung angeschaut, wie man am Besten mit dem Rad zum Bahnhof kommen k\u00f6nnte und welche Barrieren (derzeit noch) bestehen.<\/p>\n<h2>Von Weigelsdorf zum Bahnhof<\/h2>\n<p>Wer aus Weigelsdorf mit dem Rad zum neuen Bahnhof f\u00e4hrt und den k\u00fcrzesten Weg nutzen m\u00f6chte, f\u00e4hrt am Besten zum Sportzentrum und dann auf dem Feldweg weiter Richtung Pfadfinderheim. Entlang der Fischa gibt es keine Beleuchtung, was in der dunklen Jahreszeit oder nachts f\u00fcr viele ein No-go ist. Die Gemeinde hat zwar einen Kostenvoranschlag f\u00fcr die Errichtung einer Beleuchtung eingeholt, ob die Ausgaben daf\u00fcr aber tats\u00e4chlich get\u00e4tigt werden, ist Stand Mitte Mai 2023 noch nicht beschlossen. Wer entlang des Fischaradweges f\u00e4hrt, wird auf beiden Seiten der Bahntrasse mit dem Rad bis zum Bahnhof fahren k\u00f6nnen. Fahren im Windschatten ist somit m\u00f6glich.<\/p>\n<p>Alternativ zum Feldweg entlang der Fischa, kann man \u00fcber die beleuchtete Betriebsstra\u00dfe fahren und dann am G\u00fcterweg entlang der Bahnstra\u00dfe\/Ebreichsdorferstra\u00dfe L150. An hei\u00dfen Tagen ist die Route entlang der Fischa sicher attraktiver, als entlang der Landestra\u00dfe.<\/p>\n<p>Laut Auskunft der Stadtr\u00e4tin wird es an beiden Eing\u00e4ngen des Bahnhofes Radabstellanlagen geben, das erspart Umwege f\u00fcr die Radfahrer:innen.<\/p>\n<p>F\u00fcr alle, die vom Ortsteil Boschan oder der Musikersiedlung und dem EHZ zum Bahnhof wollen, w\u00fcrde sich ab 2025 der Bahnhof in Wampersdorf als n\u00e4here Alternative anbieten. Obwohl die Verbindung nach Wampersdorf mit dem Rad durch die Br\u00fccke auf der B16 extrem verschlechtert wurde, werden die Verbesserungen f\u00fcr den Radverkehr Richtung Wampersdorf noch Jahre dauern bis sie umgesetzt werden. Wir haben das vielfach und bei allen zust\u00e4ndigen Stellen kritisiert. Es gibt eine aktualisierte Information dazu im Nachtrag am Ende des Beitrages.<\/p>\n<p>Gesch\u00e4tzte Fahrzeit mit dem Rad von der Fabriksstra\u00dfe in Weigelsdorf bis zum Bahnhof 10-15 Minuten, je nach Route.<\/p>\n<p><img loading=\"lazy\" decoding=\"async\" class=\"alignnone  wp-image-30701\" src=\"https:\/\/www.radlobby.org\/noe\/wp-content\/uploads\/Weigelsdorf_Final21-scaled.jpg\" alt=\"\" width=\"435\" height=\"616\" srcset=\"https:\/\/www.radlobby.org\/noe\/wp-content\/uploads\/Weigelsdorf_Final21-scaled.jpg 1809w, https:\/\/www.radlobby.org\/noe\/wp-content\/uploads\/Weigelsdorf_Final21-212x300.jpg 212w, https:\/\/www.radlobby.org\/noe\/wp-content\/uploads\/Weigelsdorf_Final21-768x1087.jpg 768w, https:\/\/www.radlobby.org\/noe\/wp-content\/uploads\/Weigelsdorf_Final21-1085x1536.jpg 1085w, https:\/\/www.radlobby.org\/noe\/wp-content\/uploads\/Weigelsdorf_Final21-1447x2048.jpg 1447w\" sizes=\"auto, (max-width: 435px) 100vw, 435px\" \/><\/p>\n<p>&nbsp;<\/p>\n<h2>Routen f\u00fcr Unterwaltersdorf<\/h2>\n<p>F\u00fcr die Unterwaltersdorfer:innen bietet sich, je nach dem von welcher Siedlung man kommt, an, entweder auf dem Radweg auf der Ebreichsdorferstra\u00dfe zu fahren und beim Bahnhof die Ebreichsdorferstra\u00dfe zu queren oder durch die Ackergasse zu fahren und dann auf der Seite des Bahnhofes auf dem Geh- und Radweg.<\/p>\n<p>Die Variante auf dem Radweg hat den Nachteil, dass zuerst die ampelgeregelte Piestingau-Zufahrt und dann die Landesstra\u00dfe gequert werden muss. Daf\u00fcr gibt es ebenfalls eine ampelgeregelte M\u00f6glichkeit f\u00fcr die Radfahrer:innen auf H\u00f6he des Bahnhofes.<\/p>\n<p>Wer \u00fcber die Ackergasse f\u00e4hrt, muss sich damit abfinden, dass der L\u00fcckenschluss zum gemischten Geh- und Radweg nur ein Gehweg sein wird und somit das Rad geschoben werden muss. Der Gehweg wird bis zur Er\u00f6ffnung des Bahnhofes vermutlich noch nicht fertiggestellt sein. Ab 2024 wird diese Variante m\u00f6glicherweise realisiert sein.<\/p>\n<p>F\u00fcr alle, die aus der Pollirm\u00fchlstra\u00dfe, dem Schlo\u00dfgrabenweg oder aus den Siedlungen Richtung Deutsch-Brodersdorf kommen, bietet sich an, dass sie entweder bis zum Sportzentrum in Weigelsdorf fahren und dann zum Bahnhof (siehe Routen f\u00fcr Weigelsdorf), in ferner Zukunft vielleicht auch \u00fcber eine Geh- und Rad Br\u00fccke \u00fcber die Fischa, gleich neben der Bahntrasse oder \u00fcber den Hauptplatz, der nicht radgerecht ist, \u00fcber die Wienerstra\u00dfe (teilweise Geh- und Radweg) zur Ebreichsdorferstra\u00dfe oder \u00fcber die Ackergasse weiter zum Bahnhof.<\/p>\n<p>Gesch\u00e4tzte Fahrzeit mit dem Rad von der Pollirm\u00fchlstra\u00dfe \u00fcber den Hauptplatz bis zum Bahnhof 8 Minuten.<\/p>\n<p><img loading=\"lazy\" decoding=\"async\" class=\"alignnone  wp-image-30702\" src=\"https:\/\/www.radlobby.org\/noe\/wp-content\/uploads\/Unterwaltersdorf_Final21-scaled.jpg\" alt=\"\" width=\"435\" height=\"616\" srcset=\"https:\/\/www.radlobby.org\/noe\/wp-content\/uploads\/Unterwaltersdorf_Final21-scaled.jpg 1809w, https:\/\/www.radlobby.org\/noe\/wp-content\/uploads\/Unterwaltersdorf_Final21-212x300.jpg 212w, https:\/\/www.radlobby.org\/noe\/wp-content\/uploads\/Unterwaltersdorf_Final21-768x1087.jpg 768w, https:\/\/www.radlobby.org\/noe\/wp-content\/uploads\/Unterwaltersdorf_Final21-1085x1536.jpg 1085w, https:\/\/www.radlobby.org\/noe\/wp-content\/uploads\/Unterwaltersdorf_Final21-1447x2048.jpg 1447w\" sizes=\"auto, (max-width: 435px) 100vw, 435px\" \/><\/p>\n<h2>Schranawand<\/h2>\n<p>Aus Schranawand bewegt man sich mit dem Rad am einfachsten \u00fcber Feldwege in Richtung \u00dcberfuhrbr\u00fccke bei der Piestingau und dann weiter \u00fcber die Feldstra\u00dfe zum Radweg auf der Piestingau &#8211; Zufahrt. Oder \u00fcber die Hutweidestra\u00dfe, Schulweg und Lindenallee bis zum Radweg auf der Don-Bosco-Stra\u00dfe.<\/p>\n<p>Gesch\u00e4tzte Fahrzeit von Schranawand je nach Route 10-15 Minuten mit dem Rad.<\/p>\n<p><img loading=\"lazy\" decoding=\"async\" class=\"alignnone  wp-image-30703\" src=\"https:\/\/www.radlobby.org\/noe\/wp-content\/uploads\/Schranawand_Final21-scaled.jpg\" alt=\"\" width=\"435\" height=\"615\" srcset=\"https:\/\/www.radlobby.org\/noe\/wp-content\/uploads\/Schranawand_Final21-scaled.jpg 1809w, https:\/\/www.radlobby.org\/noe\/wp-content\/uploads\/Schranawand_Final21-212x300.jpg 212w, https:\/\/www.radlobby.org\/noe\/wp-content\/uploads\/Schranawand_Final21-768x1087.jpg 768w, https:\/\/www.radlobby.org\/noe\/wp-content\/uploads\/Schranawand_Final21-1085x1536.jpg 1085w, https:\/\/www.radlobby.org\/noe\/wp-content\/uploads\/Schranawand_Final21-1447x2048.jpg 1447w\" sizes=\"auto, (max-width: 435px) 100vw, 435px\" \/><\/p>\n<p>&nbsp;<\/p>\n<h2>Ebreichsdorf<\/h2>\n<p>Besonders einfach kommen alle zum neuen Bahnhof, die in den Siedlungen entlang der L150 wohnen (R\u00f6sselhof, Piestingau, Schrebergartensiedlung), auf beiden Seiten entlang der Landesstra\u00dfe gibt es einen Geh- und Radweg &#8211; zumindest bis zu den Ortseinfahrten, aus der Piestingau kommend, gibt es ebenfalls zumindest nach der Br\u00fccke einen Radweg.<\/p>\n<p>L\u00fccken auf der Landesstra\u00dfe: Bei der Ortseinfahrt Unterwaltersdorf besteht die L\u00fccke vor der Ackergasse, in Richtung Ebreichsdorf ist der Geh- und Radweg derzeit bei der J\u00e4gerzeile zu Ende.<\/p>\n<p>Mit der Umgestaltung der alten Bahntrasse zu einem Park, wird sich die Situation f\u00fcrs Radfahren auch im Bereich zwischen Lagerhaus und J\u00e4gerzeile \u00e4ndern. Wann das sein wird und wie die konkrete Ausgestaltung aussehen wird, ist uns nicht bekannt. Im Jahr 2023 wird damit nicht mehr zu rechnen sein, so unsere Einsch\u00e4tzung.<\/p>\n<p>Gesch\u00e4tzte Fahrzeit aus der Piestingaustra\u00dfe bis zum Bahnhof 5 Minuten.<\/p>\n<p><img loading=\"lazy\" decoding=\"async\" class=\"alignnone  wp-image-30704\" src=\"https:\/\/www.radlobby.org\/noe\/wp-content\/uploads\/Ebreichsdorf_Final21-scaled.jpg\" alt=\"\" width=\"435\" height=\"615\" srcset=\"https:\/\/www.radlobby.org\/noe\/wp-content\/uploads\/Ebreichsdorf_Final21-scaled.jpg 1809w, https:\/\/www.radlobby.org\/noe\/wp-content\/uploads\/Ebreichsdorf_Final21-212x300.jpg 212w, https:\/\/www.radlobby.org\/noe\/wp-content\/uploads\/Ebreichsdorf_Final21-768x1087.jpg 768w, https:\/\/www.radlobby.org\/noe\/wp-content\/uploads\/Ebreichsdorf_Final21-1085x1536.jpg 1085w, https:\/\/www.radlobby.org\/noe\/wp-content\/uploads\/Ebreichsdorf_Final21-1447x2048.jpg 1447w\" sizes=\"auto, (max-width: 435px) 100vw, 435px\" \/><\/p>\n<p>&nbsp;<\/p>\n<h2>Fazit<\/h2>\n<p>Bei der Er\u00f6ffnung des Bahnhofes im September werden noch L\u00fccken bestehen in der Radinfrastruktur. Es ist aber aus allen Ortsteilen innerhalb von max. 15 Minuten machbar. Wer bisher noch nicht mit dem Rad zum Bahnhof gefahren ist, k\u00f6nnte den neuen Bahnhof als Chance sehen, es zumindest zu probieren.<\/p>\n<p>Die Abstellanlagen werden auf jeden Fall qualitativ besser sein, als sie es bisher am Bahnhof waren.<\/p>\n<p>Wir werden weiterhin mit der Gemeinde in Verbindung bleiben und uns daf\u00fcr einsetzen, dass Verbesserungen f\u00fcr den Radverkehr nicht auf die lange Bank geschoben werden.<\/p>\n<h2>Nachtrag von Verkehrsstadtr\u00e4tin Claudia Dallinger<\/h2>\n<p>Am 14.August.2023 haben wir folgende Informationen zu den beschriebenen Routen erhalten:<\/p>\n<p><strong>Aus Weigelsdorf zum Bahnhof Wampersdorf<\/strong><\/p>\n<p>Bhf Wampersdorf \u2013 es wird eine Rad- und Fu\u00dfg\u00e4ngerunterf\u00fchrung geben, welche ebenfalls mit der Er\u00f6ffnung des Bhfs Wampersdorf zu ben\u00fctzen ist.<\/p>\n<p><strong>Weg zum Bahnhof entlang der Bahnstra\u00dfe Ebreichsdorf<\/strong><\/p>\n<p>Man kann auch den Geh- und Radweg entlang der B60-B16-L150 benutzen. Einzige L\u00fccke Rechte Bahnzeile-J\u00e4gerzeile (Fertigstellung 2023, sp\u00e4testens 2024 \u2013 Beschluss ist bereits erfolgt)<\/p>\n<p><strong>Unterwaltersdorf<\/strong><\/p>\n<p>Der <strong>Gehweg<\/strong> von der Ackergasse ist beschlossen. Umsetzung sp\u00e4testens 2024.<\/p>\n","protected":false},"excerpt":{"rendered":"<p>Bahn und Rad &#8211; eine gute Kombi Wenn Anfang September 2023 der Bahnhof in Ebreichsdorf am neuen Standort mit neuer Streckenf\u00fchrung er\u00f6ffnet wird, werden die alten Bahnh\u00f6fe in Ebreichsdorf und Weigelsdorf entfallen und die Trasse weicht einem Park. F\u00fcr viele<\/p>\n","protected":false},"author":42,"featured_media":17919,"comment_status":"closed","ping_status":"closed","sticky":false,"template":"","format":"standard","meta":{"footnotes":""},"categories":[343,365],"tags":[],"class_list":["post-29799","post","type-post","status-publish","format-standard","has-post-thumbnail","hentry","category-ebreichsdorf","category-leithaebene"],"yoast_head":"<!-- This site is optimized with the Yoast SEO plugin v26.9 - https:\/\/yoast.com\/product\/yoast-seo-wordpress\/ -->\n<title>Mit dem Rad zum neuen Bahnhof - was Radfahrer:innen ab September 2023 erwartet - Radlobby Nieder\u00f6sterreich<\/title>\n<meta name=\"description\" content=\"Wenn Anfang September 2023 der Bahnhof in Ebreichsdorf am neuen Standort er\u00f6ffnet wird, bedeutet das neue Wege mit Rad zu finden .\" \/>\n<meta name=\"robots\" content=\"index, follow, max-snippet:-1, max-image-preview:large, max-video-preview:-1\" \/>\n<link rel=\"canonical\" href=\"https:\/\/www.radlobby.org\/noe\/mit-dem-rad-zum-neuen-bahnhof-was-radfahrerinnen-ab-september-2023-erwartet\/\" \/>\n<meta property=\"og:locale\" content=\"de_DE\" \/>\n<meta property=\"og:type\" content=\"article\" \/>\n<meta property=\"og:title\" content=\"Mit dem Rad zum neuen Bahnhof - was Radfahrer:innen ab September 2023 erwartet - Radlobby Nieder\u00f6sterreich\" \/>\n<meta property=\"og:description\" content=\"Wenn Anfang September 2023 der Bahnhof in Ebreichsdorf am neuen Standort er\u00f6ffnet wird, bedeutet das neue Wege mit Rad zu finden .\" \/>\n<meta property=\"og:url\" content=\"https:\/\/www.radlobby.org\/noe\/mit-dem-rad-zum-neuen-bahnhof-was-radfahrerinnen-ab-september-2023-erwartet\/\" \/>\n<meta property=\"og:site_name\" content=\"Radlobby Nieder\u00f6sterreich\" \/>\n<meta property=\"article:publisher\" content=\"https:\/\/www.facebook.com\/groups\/radfahren.in.noe\/\" \/>\n<meta property=\"article:published_time\" content=\"2023-05-18T19:52:15+00:00\" \/>\n<meta property=\"article:modified_time\" content=\"2023-08-16T17:46:44+00:00\" \/>\n<meta property=\"og:image\" content=\"https:\/\/www.radlobby.org\/noe\/wp-content\/uploads\/OeBB-Bahnhof-Gaenserndorf-Radabstellanlage.jpg\" \/>\n\t<meta property=\"og:image:width\" content=\"1600\" \/>\n\t<meta property=\"og:image:height\" content=\"800\" \/>\n\t<meta property=\"og:image:type\" content=\"image\/jpeg\" \/>\n<meta name=\"author\" content=\"Elisabeth F\u00fcssl\" \/>\n<meta name=\"twitter:card\" content=\"summary_large_image\" \/>\n<meta name=\"twitter:label1\" content=\"Verfasst von\" \/>\n\t<meta name=\"twitter:data1\" content=\"Elisabeth F\u00fcssl\" \/>\n\t<meta name=\"twitter:label2\" content=\"Gesch\u00e4tzte Lesezeit\" \/>\n\t<meta name=\"twitter:data2\" content=\"7\u00a0Minuten\" \/>\n<script type=\"application\/ld+json\" class=\"yoast-schema-graph\">{\"@context\":\"https:\/\/schema.org\",\"@graph\":[{\"@type\":\"Article\",\"@id\":\"https:\/\/www.radlobby.org\/noe\/mit-dem-rad-zum-neuen-bahnhof-was-radfahrerinnen-ab-september-2023-erwartet\/#article\",\"isPartOf\":{\"@id\":\"https:\/\/www.radlobby.org\/noe\/mit-dem-rad-zum-neuen-bahnhof-was-radfahrerinnen-ab-september-2023-erwartet\/\"},\"author\":{\"name\":\"Elisabeth F\u00fcssl\",\"@id\":\"https:\/\/www.radlobby.org\/noe\/#\/schema\/person\/18e43e1a260d8e6fa8d3ddcfea65577c\"},\"headline\":\"Mit dem Rad zum neuen Bahnhof &#8211; was Radfahrer:innen ab September 2023 erwartet\",\"datePublished\":\"2023-05-18T19:52:15+00:00\",\"dateModified\":\"2023-08-16T17:46:44+00:00\",\"mainEntityOfPage\":{\"@id\":\"https:\/\/www.radlobby.org\/noe\/mit-dem-rad-zum-neuen-bahnhof-was-radfahrerinnen-ab-september-2023-erwartet\/\"},\"wordCount\":1164,\"publisher\":{\"@id\":\"https:\/\/www.radlobby.org\/noe\/#organization\"},\"image\":{\"@id\":\"https:\/\/www.radlobby.org\/noe\/mit-dem-rad-zum-neuen-bahnhof-was-radfahrerinnen-ab-september-2023-erwartet\/#primaryimage\"},\"thumbnailUrl\":\"https:\/\/www.radlobby.org\/noe\/wp-content\/uploads\/OeBB-Bahnhof-Gaenserndorf-Radabstellanlage.jpg\",\"articleSection\":[\"Radlobby Ebreichsdorf\",\"Radlobby Leithaebene\"],\"inLanguage\":\"de\"},{\"@type\":\"WebPage\",\"@id\":\"https:\/\/www.radlobby.org\/noe\/mit-dem-rad-zum-neuen-bahnhof-was-radfahrerinnen-ab-september-2023-erwartet\/\",\"url\":\"https:\/\/www.radlobby.org\/noe\/mit-dem-rad-zum-neuen-bahnhof-was-radfahrerinnen-ab-september-2023-erwartet\/\",\"name\":\"Mit dem Rad zum neuen Bahnhof - was Radfahrer:innen ab September 2023 erwartet - Radlobby Nieder\u00f6sterreich\",\"isPartOf\":{\"@id\":\"https:\/\/www.radlobby.org\/noe\/#website\"},\"primaryImageOfPage\":{\"@id\":\"https:\/\/www.radlobby.org\/noe\/mit-dem-rad-zum-neuen-bahnhof-was-radfahrerinnen-ab-september-2023-erwartet\/#primaryimage\"},\"image\":{\"@id\":\"https:\/\/www.radlobby.org\/noe\/mit-dem-rad-zum-neuen-bahnhof-was-radfahrerinnen-ab-september-2023-erwartet\/#primaryimage\"},\"thumbnailUrl\":\"https:\/\/www.radlobby.org\/noe\/wp-content\/uploads\/OeBB-Bahnhof-Gaenserndorf-Radabstellanlage.jpg\",\"datePublished\":\"2023-05-18T19:52:15+00:00\",\"dateModified\":\"2023-08-16T17:46:44+00:00\",\"description\":\"Wenn Anfang September 2023 der Bahnhof in Ebreichsdorf am neuen Standort er\u00f6ffnet wird, bedeutet das neue Wege mit Rad zu finden .\",\"breadcrumb\":{\"@id\":\"https:\/\/www.radlobby.org\/noe\/mit-dem-rad-zum-neuen-bahnhof-was-radfahrerinnen-ab-september-2023-erwartet\/#breadcrumb\"},\"inLanguage\":\"de\",\"potentialAction\":[{\"@type\":\"ReadAction\",\"target\":[\"https:\/\/www.radlobby.org\/noe\/mit-dem-rad-zum-neuen-bahnhof-was-radfahrerinnen-ab-september-2023-erwartet\/\"]}]},{\"@type\":\"ImageObject\",\"inLanguage\":\"de\",\"@id\":\"https:\/\/www.radlobby.org\/noe\/mit-dem-rad-zum-neuen-bahnhof-was-radfahrerinnen-ab-september-2023-erwartet\/#primaryimage\",\"url\":\"https:\/\/www.radlobby.org\/noe\/wp-content\/uploads\/OeBB-Bahnhof-Gaenserndorf-Radabstellanlage.jpg\",\"contentUrl\":\"https:\/\/www.radlobby.org\/noe\/wp-content\/uploads\/OeBB-Bahnhof-Gaenserndorf-Radabstellanlage.jpg\",\"width\":1600,\"height\":800},{\"@type\":\"BreadcrumbList\",\"@id\":\"https:\/\/www.radlobby.org\/noe\/mit-dem-rad-zum-neuen-bahnhof-was-radfahrerinnen-ab-september-2023-erwartet\/#breadcrumb\",\"itemListElement\":[{\"@type\":\"ListItem\",\"position\":1,\"name\":\"Startseite\",\"item\":\"https:\/\/www.radlobby.org\/noe\/\"},{\"@type\":\"ListItem\",\"position\":2,\"name\":\"Mit dem Rad zum neuen Bahnhof &#8211; was Radfahrer:innen ab September 2023 erwartet\"}]},{\"@type\":\"WebSite\",\"@id\":\"https:\/\/www.radlobby.org\/noe\/#website\",\"url\":\"https:\/\/www.radlobby.org\/noe\/\",\"name\":\"Radlobby Nieder\u00f6sterreich\",\"description\":\"Radverkehr, Fahrrad, Radfahren, Radreisen, Radtouren, Radweg\",\"publisher\":{\"@id\":\"https:\/\/www.radlobby.org\/noe\/#organization\"},\"potentialAction\":[{\"@type\":\"SearchAction\",\"target\":{\"@type\":\"EntryPoint\",\"urlTemplate\":\"https:\/\/www.radlobby.org\/noe\/?s={search_term_string}\"},\"query-input\":{\"@type\":\"PropertyValueSpecification\",\"valueRequired\":true,\"valueName\":\"search_term_string\"}}],\"inLanguage\":\"de\"},{\"@type\":\"Organization\",\"@id\":\"https:\/\/www.radlobby.org\/noe\/#organization\",\"name\":\"Radlobby Nieder\u00f6sterreich\",\"url\":\"https:\/\/www.radlobby.org\/noe\/\",\"logo\":{\"@type\":\"ImageObject\",\"inLanguage\":\"de\",\"@id\":\"https:\/\/www.radlobby.org\/noe\/#\/schema\/logo\/image\/\",\"url\":\"https:\/\/www.radlobby.org\/noe\/wp-content\/uploads\/2017\/01\/cropped-Logo_Radlobby_Niederoesterreich_50-400px_quer-1.jpg\",\"contentUrl\":\"https:\/\/www.radlobby.org\/noe\/wp-content\/uploads\/2017\/01\/cropped-Logo_Radlobby_Niederoesterreich_50-400px_quer-1.jpg\",\"width\":450,\"height\":124,\"caption\":\"Radlobby Nieder\u00f6sterreich\"},\"image\":{\"@id\":\"https:\/\/www.radlobby.org\/noe\/#\/schema\/logo\/image\/\"},\"sameAs\":[\"https:\/\/www.facebook.com\/groups\/radfahren.in.noe\/\"]},{\"@type\":\"Person\",\"@id\":\"https:\/\/www.radlobby.org\/noe\/#\/schema\/person\/18e43e1a260d8e6fa8d3ddcfea65577c\",\"name\":\"Elisabeth F\u00fcssl\",\"image\":{\"@type\":\"ImageObject\",\"inLanguage\":\"de\",\"@id\":\"https:\/\/www.radlobby.org\/noe\/#\/schema\/person\/image\/\",\"url\":\"https:\/\/secure.gravatar.com\/avatar\/8da78945c4a86c541704ecb3d3b6f2dacb957459b67a69595a42faf62e078ab3?s=96&d=mm&r=g\",\"contentUrl\":\"https:\/\/secure.gravatar.com\/avatar\/8da78945c4a86c541704ecb3d3b6f2dacb957459b67a69595a42faf62e078ab3?s=96&d=mm&r=g\",\"caption\":\"Elisabeth F\u00fcssl\"},\"url\":\"https:\/\/www.radlobby.org\/noe\/author\/elisabeth-fuessl\/\"}]}<\/script>\n<!-- \/ Yoast SEO plugin. -->","yoast_head_json":{"title":"Mit dem Rad zum neuen Bahnhof - was Radfahrer:innen ab September 2023 erwartet - Radlobby Nieder\u00f6sterreich","description":"Wenn Anfang September 2023 der Bahnhof in Ebreichsdorf am neuen Standort er\u00f6ffnet wird, bedeutet das neue Wege mit Rad zu finden .","robots":{"index":"index","follow":"follow","max-snippet":"max-snippet:-1","max-image-preview":"max-image-preview:large","max-video-preview":"max-video-preview:-1"},"canonical":"https:\/\/www.radlobby.org\/noe\/mit-dem-rad-zum-neuen-bahnhof-was-radfahrerinnen-ab-september-2023-erwartet\/","og_locale":"de_DE","og_type":"article","og_title":"Mit dem Rad zum neuen Bahnhof - was Radfahrer:innen ab September 2023 erwartet - Radlobby Nieder\u00f6sterreich","og_description":"Wenn Anfang September 2023 der Bahnhof in Ebreichsdorf am neuen Standort er\u00f6ffnet wird, bedeutet das neue Wege mit Rad zu finden .","og_url":"https:\/\/www.radlobby.org\/noe\/mit-dem-rad-zum-neuen-bahnhof-was-radfahrerinnen-ab-september-2023-erwartet\/","og_site_name":"Radlobby Nieder\u00f6sterreich","article_publisher":"https:\/\/www.facebook.com\/groups\/radfahren.in.noe\/","article_published_time":"2023-05-18T19:52:15+00:00","article_modified_time":"2023-08-16T17:46:44+00:00","og_image":[{"width":1600,"height":800,"url":"https:\/\/www.radlobby.org\/noe\/wp-content\/uploads\/OeBB-Bahnhof-Gaenserndorf-Radabstellanlage.jpg","type":"image\/jpeg"}],"author":"Elisabeth F\u00fcssl","twitter_card":"summary_large_image","twitter_misc":{"Verfasst von":"Elisabeth F\u00fcssl","Gesch\u00e4tzte Lesezeit":"7\u00a0Minuten"},"schema":{"@context":"https:\/\/schema.org","@graph":[{"@type":"Article","@id":"https:\/\/www.radlobby.org\/noe\/mit-dem-rad-zum-neuen-bahnhof-was-radfahrerinnen-ab-september-2023-erwartet\/#article","isPartOf":{"@id":"https:\/\/www.radlobby.org\/noe\/mit-dem-rad-zum-neuen-bahnhof-was-radfahrerinnen-ab-september-2023-erwartet\/"},"author":{"name":"Elisabeth F\u00fcssl","@id":"https:\/\/www.radlobby.org\/noe\/#\/schema\/person\/18e43e1a260d8e6fa8d3ddcfea65577c"},"headline":"Mit dem Rad zum neuen Bahnhof &#8211; was Radfahrer:innen ab September 2023 erwartet","datePublished":"2023-05-18T19:52:15+00:00","dateModified":"2023-08-16T17:46:44+00:00","mainEntityOfPage":{"@id":"https:\/\/www.radlobby.org\/noe\/mit-dem-rad-zum-neuen-bahnhof-was-radfahrerinnen-ab-september-2023-erwartet\/"},"wordCount":1164,"publisher":{"@id":"https:\/\/www.radlobby.org\/noe\/#organization"},"image":{"@id":"https:\/\/www.radlobby.org\/noe\/mit-dem-rad-zum-neuen-bahnhof-was-radfahrerinnen-ab-september-2023-erwartet\/#primaryimage"},"thumbnailUrl":"https:\/\/www.radlobby.org\/noe\/wp-content\/uploads\/OeBB-Bahnhof-Gaenserndorf-Radabstellanlage.jpg","articleSection":["Radlobby Ebreichsdorf","Radlobby Leithaebene"],"inLanguage":"de"},{"@type":"WebPage","@id":"https:\/\/www.radlobby.org\/noe\/mit-dem-rad-zum-neuen-bahnhof-was-radfahrerinnen-ab-september-2023-erwartet\/","url":"https:\/\/www.radlobby.org\/noe\/mit-dem-rad-zum-neuen-bahnhof-was-radfahrerinnen-ab-september-2023-erwartet\/","name":"Mit dem Rad zum neuen Bahnhof - was Radfahrer:innen ab September 2023 erwartet - Radlobby Nieder\u00f6sterreich","isPartOf":{"@id":"https:\/\/www.radlobby.org\/noe\/#website"},"primaryImageOfPage":{"@id":"https:\/\/www.radlobby.org\/noe\/mit-dem-rad-zum-neuen-bahnhof-was-radfahrerinnen-ab-september-2023-erwartet\/#primaryimage"},"image":{"@id":"https:\/\/www.radlobby.org\/noe\/mit-dem-rad-zum-neuen-bahnhof-was-radfahrerinnen-ab-september-2023-erwartet\/#primaryimage"},"thumbnailUrl":"https:\/\/www.radlobby.org\/noe\/wp-content\/uploads\/OeBB-Bahnhof-Gaenserndorf-Radabstellanlage.jpg","datePublished":"2023-05-18T19:52:15+00:00","dateModified":"2023-08-16T17:46:44+00:00","description":"Wenn Anfang September 2023 der Bahnhof in Ebreichsdorf am neuen Standort er\u00f6ffnet wird, bedeutet das neue Wege mit Rad zu finden .","breadcrumb":{"@id":"https:\/\/www.radlobby.org\/noe\/mit-dem-rad-zum-neuen-bahnhof-was-radfahrerinnen-ab-september-2023-erwartet\/#breadcrumb"},"inLanguage":"de","potentialAction":[{"@type":"ReadAction","target":["https:\/\/www.radlobby.org\/noe\/mit-dem-rad-zum-neuen-bahnhof-was-radfahrerinnen-ab-september-2023-erwartet\/"]}]},{"@type":"ImageObject","inLanguage":"de","@id":"https:\/\/www.radlobby.org\/noe\/mit-dem-rad-zum-neuen-bahnhof-was-radfahrerinnen-ab-september-2023-erwartet\/#primaryimage","url":"https:\/\/www.radlobby.org\/noe\/wp-content\/uploads\/OeBB-Bahnhof-Gaenserndorf-Radabstellanlage.jpg","contentUrl":"https:\/\/www.radlobby.org\/noe\/wp-content\/uploads\/OeBB-Bahnhof-Gaenserndorf-Radabstellanlage.jpg","width":1600,"height":800},{"@type":"BreadcrumbList","@id":"https:\/\/www.radlobby.org\/noe\/mit-dem-rad-zum-neuen-bahnhof-was-radfahrerinnen-ab-september-2023-erwartet\/#breadcrumb","itemListElement":[{"@type":"ListItem","position":1,"name":"Startseite","item":"https:\/\/www.radlobby.org\/noe\/"},{"@type":"ListItem","position":2,"name":"Mit dem Rad zum neuen Bahnhof &#8211; was Radfahrer:innen ab September 2023 erwartet"}]},{"@type":"WebSite","@id":"https:\/\/www.radlobby.org\/noe\/#website","url":"https:\/\/www.radlobby.org\/noe\/","name":"Radlobby Nieder\u00f6sterreich","description":"Radverkehr, Fahrrad, Radfahren, Radreisen, Radtouren, Radweg","publisher":{"@id":"https:\/\/www.radlobby.org\/noe\/#organization"},"potentialAction":[{"@type":"SearchAction","target":{"@type":"EntryPoint","urlTemplate":"https:\/\/www.radlobby.org\/noe\/?s={search_term_string}"},"query-input":{"@type":"PropertyValueSpecification","valueRequired":true,"valueName":"search_term_string"}}],"inLanguage":"de"},{"@type":"Organization","@id":"https:\/\/www.radlobby.org\/noe\/#organization","name":"Radlobby Nieder\u00f6sterreich","url":"https:\/\/www.radlobby.org\/noe\/","logo":{"@type":"ImageObject","inLanguage":"de","@id":"https:\/\/www.radlobby.org\/noe\/#\/schema\/logo\/image\/","url":"https:\/\/www.radlobby.org\/noe\/wp-content\/uploads\/2017\/01\/cropped-Logo_Radlobby_Niederoesterreich_50-400px_quer-1.jpg","contentUrl":"https:\/\/www.radlobby.org\/noe\/wp-content\/uploads\/2017\/01\/cropped-Logo_Radlobby_Niederoesterreich_50-400px_quer-1.jpg","width":450,"height":124,"caption":"Radlobby Nieder\u00f6sterreich"},"image":{"@id":"https:\/\/www.radlobby.org\/noe\/#\/schema\/logo\/image\/"},"sameAs":["https:\/\/www.facebook.com\/groups\/radfahren.in.noe\/"]},{"@type":"Person","@id":"https:\/\/www.radlobby.org\/noe\/#\/schema\/person\/18e43e1a260d8e6fa8d3ddcfea65577c","name":"Elisabeth F\u00fcssl","image":{"@type":"ImageObject","inLanguage":"de","@id":"https:\/\/www.radlobby.org\/noe\/#\/schema\/person\/image\/","url":"https:\/\/secure.gravatar.com\/avatar\/8da78945c4a86c541704ecb3d3b6f2dacb957459b67a69595a42faf62e078ab3?s=96&d=mm&r=g","contentUrl":"https:\/\/secure.gravatar.com\/avatar\/8da78945c4a86c541704ecb3d3b6f2dacb957459b67a69595a42faf62e078ab3?s=96&d=mm&r=g","caption":"Elisabeth F\u00fcssl"},"url":"https:\/\/www.radlobby.org\/noe\/author\/elisabeth-fuessl\/"}]}},"_links":{"self":[{"href":"https:\/\/www.radlobby.org\/noe\/wp-json\/wp\/v2\/posts\/29799","targetHints":{"allow":["GET"]}}],"collection":[{"href":"https:\/\/www.radlobby.org\/noe\/wp-json\/wp\/v2\/posts"}],"about":[{"href":"https:\/\/www.radlobby.org\/noe\/wp-json\/wp\/v2\/types\/post"}],"author":[{"embeddable":true,"href":"https:\/\/www.radlobby.org\/noe\/wp-json\/wp\/v2\/users\/42"}],"replies":[{"embeddable":true,"href":"https:\/\/www.radlobby.org\/noe\/wp-json\/wp\/v2\/comments?post=29799"}],"version-history":[{"count":4,"href":"https:\/\/www.radlobby.org\/noe\/wp-json\/wp\/v2\/posts\/29799\/revisions"}],"predecessor-version":[{"id":30705,"href":"https:\/\/www.radlobby.org\/noe\/wp-json\/wp\/v2\/posts\/29799\/revisions\/30705"}],"wp:featuredmedia":[{"embeddable":true,"href":"https:\/\/www.radlobby.org\/noe\/wp-json\/wp\/v2\/media\/17919"}],"wp:attachment":[{"href":"https:\/\/www.radlobby.org\/noe\/wp-json\/wp\/v2\/media?parent=29799"}],"wp:term":[{"taxonomy":"category","embeddable":true,"href":"https:\/\/www.radlobby.org\/noe\/wp-json\/wp\/v2\/categories?post=29799"},{"taxonomy":"post_tag","embeddable":true,"href":"https:\/\/www.radlobby.org\/noe\/wp-json\/wp\/v2\/tags?post=29799"}],"curies":[{"name":"wp","href":"https:\/\/api.w.org\/{rel}","templated":true}]}}