{"id":29734,"date":"2023-07-26T18:09:15","date_gmt":"2023-07-26T16:09:15","guid":{"rendered":"https:\/\/www.radlobby.org\/noe\/?p=29734"},"modified":"2023-07-27T10:57:52","modified_gmt":"2023-07-27T08:57:52","slug":"klaradl-touren","status":"publish","type":"post","link":"https:\/\/www.radlobby.org\/noe\/klaradl-touren\/","title":{"rendered":"KLARadl-Touren"},"content":{"rendered":"<h3>KLARadl-Touren nach Obersdorf\/M\u00fcnichsthal\/Riedenthal.<\/h3>\n<p><a href=\"https:\/\/www.radlobby.org\/noe\/wp-content\/uploads\/230700_KLARadl-Touren_FlyerPlakat-scaled.jpg\" data-src=\"https:\/\/www.radlobby.org\/noe\/wp-content\/uploads\/230700_KLARadl-Touren_FlyerPlakat-scaled.jpg\" data-thumb=\"https:\/\/www.radlobby.org\/noe\/wp-content\/uploads\/230700_KLARadl-Touren_FlyerPlakat-212x300.jpg\" class=\"ml-lightbox-enabled\"><img loading=\"lazy\" decoding=\"async\" class=\"alignnone wp-image-30415 size-medium\" src=\"https:\/\/www.radlobby.org\/noe\/wp-content\/uploads\/230700_KLARadl-Touren_FlyerPlakat-212x300.jpg\" alt=\"\" width=\"212\" height=\"300\" srcset=\"https:\/\/www.radlobby.org\/noe\/wp-content\/uploads\/230700_KLARadl-Touren_FlyerPlakat-212x300.jpg 212w, https:\/\/www.radlobby.org\/noe\/wp-content\/uploads\/230700_KLARadl-Touren_FlyerPlakat-768x1087.jpg 768w, https:\/\/www.radlobby.org\/noe\/wp-content\/uploads\/230700_KLARadl-Touren_FlyerPlakat-1085x1536.jpg 1085w, https:\/\/www.radlobby.org\/noe\/wp-content\/uploads\/230700_KLARadl-Touren_FlyerPlakat-scaled.jpg 1808w\" sizes=\"auto, (max-width: 212px) 100vw, 212px\" \/><\/a><\/p>\n<p>Was ist KLAR? KLAR steht f\u00fcr <strong>KL<\/strong>ima<strong>A<\/strong>npassungs<strong>R<\/strong>egion.<\/p>\n<p>\u00d6sterreich ist schon massiv vom Klimawandel betroffen. Neben Klimaschutzma\u00dfnahmen, wie der Reduzierung von Treibhausgasemissionen, m\u00fcssen wir lernen, mit den sich ver\u00e4ndernden klimatischen Bedingungen umzugehen. Daher gilt es schon bestehenden Probleme, wie beispielsweise Hitze oder Starkregen, m\u00f6glichst abzumildern oder zu l\u00f6sen.<\/p>\n<p><span style=\"font-size: 16px;\">Im Zuge einer gem\u00fctlichen Runde mit dem Fahrrad sprechen wir \u00fcber die Tauglichkeit der Radwege (Beschaffenheit, Sicherheit, Sommertauglichkeit, Rastpl\u00e4tze, etc.) und halten Ausschau nach Anzeichen der Klimawandelfolgen im Weinviertel sowie den guten und weniger guten Beispielen f\u00fcr Klimawandelanpassung.<\/span><\/p>\n<p>Begleitet werden wir von Modellregionsmanager der KLAR! Mistelbach-Wolkersdorf i. Weinviertel und eine Biologen.<\/p>\n<p>Start ist jeweils am Hauptplatz in Wolkersdorf.<\/p>\n<p>Die Termine sind:<\/p>\n<p style=\"font-weight: 400;\">Mittwoch, 23.8.2023, 16:30 Uhr \u2013 Obersdorf<\/p>\n<p style=\"font-weight: 400;\">Samstag, 9.9.2023, 14:00 Uhr \u2013 M\u00fcnichsthal<\/p>\n<p style=\"font-weight: 400;\">Samstag, 7.10.2023, 13:30 Uhr \u2013 Riedenthal<\/p>\n<figure id=\"attachment_29739\" aria-describedby=\"caption-attachment-29739\" style=\"width: 300px\" class=\"wp-caption alignnone\"><img loading=\"lazy\" decoding=\"async\" class=\"size-medium wp-image-29739\" src=\"https:\/\/www.radlobby.org\/noe\/wp-content\/uploads\/KLAR-Mistelbach_402-300x200.jpg\" alt=\"\" width=\"300\" height=\"200\" srcset=\"https:\/\/www.radlobby.org\/noe\/wp-content\/uploads\/KLAR-Mistelbach_402-300x200.jpg 300w, https:\/\/www.radlobby.org\/noe\/wp-content\/uploads\/KLAR-Mistelbach_402-768x512.jpg 768w, https:\/\/www.radlobby.org\/noe\/wp-content\/uploads\/KLAR-Mistelbach_402.jpg 1352w\" sizes=\"auto, (max-width: 300px) 100vw, 300px\" \/><figcaption id=\"caption-attachment-29739\" class=\"wp-caption-text\">\u00a9 Hans Ringhofer &#8211; Ru\u00dfbach Anzengruberzeile Wolkersdorf<\/figcaption><\/figure>\n<figure id=\"attachment_29736\" aria-describedby=\"caption-attachment-29736\" style=\"width: 300px\" class=\"wp-caption alignnone\"><img loading=\"lazy\" decoding=\"async\" class=\"size-medium wp-image-29736\" src=\"https:\/\/www.radlobby.org\/noe\/wp-content\/uploads\/KLAR-Mistelbach_394-300x200.jpg\" alt=\"\" width=\"300\" height=\"200\" srcset=\"https:\/\/www.radlobby.org\/noe\/wp-content\/uploads\/KLAR-Mistelbach_394-300x200.jpg 300w, https:\/\/www.radlobby.org\/noe\/wp-content\/uploads\/KLAR-Mistelbach_394-768x512.jpg 768w, https:\/\/www.radlobby.org\/noe\/wp-content\/uploads\/KLAR-Mistelbach_394.jpg 1382w\" sizes=\"auto, (max-width: 300px) 100vw, 300px\" \/><figcaption id=\"caption-attachment-29736\" class=\"wp-caption-text\">\u00a9 Hans Ringhofer &#8211; Wolkersdorf, Alleegasse<\/figcaption><\/figure>\n<div class=\"mceTemp\"><\/div>\n<figure id=\"attachment_29737\" aria-describedby=\"caption-attachment-29737\" style=\"width: 300px\" class=\"wp-caption alignnone\"><img loading=\"lazy\" decoding=\"async\" class=\"size-medium wp-image-29737\" src=\"https:\/\/www.radlobby.org\/noe\/wp-content\/uploads\/KLAR-Mistelbach_351-300x200.jpg\" alt=\"\" width=\"300\" height=\"200\" srcset=\"https:\/\/www.radlobby.org\/noe\/wp-content\/uploads\/KLAR-Mistelbach_351-300x200.jpg 300w, https:\/\/www.radlobby.org\/noe\/wp-content\/uploads\/KLAR-Mistelbach_351-768x512.jpg 768w, https:\/\/www.radlobby.org\/noe\/wp-content\/uploads\/KLAR-Mistelbach_351.jpg 1382w\" sizes=\"auto, (max-width: 300px) 100vw, 300px\" \/><figcaption id=\"caption-attachment-29737\" class=\"wp-caption-text\">\u00a9 Hans Ringhofer &#8211; Retintionsbecken M\u00fcnichsthal<\/figcaption><\/figure>\n<figure id=\"attachment_29738\" aria-describedby=\"caption-attachment-29738\" style=\"width: 200px\" class=\"wp-caption alignnone\"><img loading=\"lazy\" decoding=\"async\" class=\"size-medium wp-image-29738\" src=\"https:\/\/www.radlobby.org\/noe\/wp-content\/uploads\/KLAR-Mistelbach_368-200x300.jpg\" alt=\"\" width=\"200\" height=\"300\" srcset=\"https:\/\/www.radlobby.org\/noe\/wp-content\/uploads\/KLAR-Mistelbach_368-200x300.jpg 200w, https:\/\/www.radlobby.org\/noe\/wp-content\/uploads\/KLAR-Mistelbach_368-768x1151.jpg 768w, https:\/\/www.radlobby.org\/noe\/wp-content\/uploads\/KLAR-Mistelbach_368.jpg 922w\" sizes=\"auto, (max-width: 200px) 100vw, 200px\" \/><figcaption id=\"caption-attachment-29738\" class=\"wp-caption-text\">\u00a9 Hans Ringhofer &#8211; Retentionsbecken, Blutweiderich<\/figcaption><\/figure>\n","protected":false},"excerpt":{"rendered":"<p>KLARadl-Touren nach Obersdorf\/M\u00fcnichsthal\/Riedenthal. Was ist KLAR? KLAR steht f\u00fcr KLimaAnpassungsRegion. \u00d6sterreich ist schon massiv vom Klimawandel betroffen. Neben Klimaschutzma\u00dfnahmen, wie der Reduzierung von Treibhausgasemissionen, m\u00fcssen wir lernen, mit den sich ver\u00e4ndernden klimatischen Bedingungen umzugehen. Daher gilt es schon bestehenden Probleme,<\/p>\n","protected":false},"author":3,"featured_media":29737,"comment_status":"closed","ping_status":"closed","sticky":false,"template":"","format":"standard","meta":{"footnotes":""},"categories":[16],"tags":[],"class_list":["post-29734","post","type-post","status-publish","format-standard","has-post-thumbnail","hentry","category-wolkersdorf"],"yoast_head":"<!-- This site is optimized with the Yoast SEO plugin v26.9 - https:\/\/yoast.com\/product\/yoast-seo-wordpress\/ -->\n<title>KLARadl-Touren - Radlobby Nieder\u00f6sterreich<\/title>\n<meta name=\"robots\" content=\"index, follow, max-snippet:-1, max-image-preview:large, max-video-preview:-1\" \/>\n<link rel=\"canonical\" href=\"https:\/\/www.radlobby.org\/noe\/klaradl-touren\/\" \/>\n<meta property=\"og:locale\" content=\"de_DE\" \/>\n<meta property=\"og:type\" content=\"article\" \/>\n<meta property=\"og:title\" content=\"KLARadl-Touren - Radlobby Nieder\u00f6sterreich\" \/>\n<meta property=\"og:description\" content=\"KLARadl-Touren nach Obersdorf\/M\u00fcnichsthal\/Riedenthal. Was ist KLAR? KLAR steht f\u00fcr KLimaAnpassungsRegion. \u00d6sterreich ist schon massiv vom Klimawandel betroffen. Neben Klimaschutzma\u00dfnahmen, wie der Reduzierung von Treibhausgasemissionen, m\u00fcssen wir lernen, mit den sich ver\u00e4ndernden klimatischen Bedingungen umzugehen. Daher gilt es schon bestehenden Probleme,\" \/>\n<meta property=\"og:url\" content=\"https:\/\/www.radlobby.org\/noe\/klaradl-touren\/\" \/>\n<meta property=\"og:site_name\" content=\"Radlobby Nieder\u00f6sterreich\" \/>\n<meta property=\"article:publisher\" content=\"https:\/\/www.facebook.com\/groups\/radfahren.in.noe\/\" \/>\n<meta property=\"article:published_time\" content=\"2023-07-26T16:09:15+00:00\" \/>\n<meta property=\"article:modified_time\" content=\"2023-07-27T08:57:52+00:00\" \/>\n<meta property=\"og:image\" content=\"https:\/\/www.radlobby.org\/noe\/wp-content\/uploads\/KLAR-Mistelbach_351.jpg\" \/>\n\t<meta property=\"og:image:width\" content=\"1382\" \/>\n\t<meta property=\"og:image:height\" content=\"922\" \/>\n\t<meta property=\"og:image:type\" content=\"image\/jpeg\" \/>\n<meta name=\"author\" content=\"Hermann Hiebner\" \/>\n<meta name=\"twitter:card\" content=\"summary_large_image\" \/>\n<meta name=\"twitter:label1\" content=\"Verfasst von\" \/>\n\t<meta name=\"twitter:data1\" content=\"Hermann Hiebner\" \/>\n\t<meta name=\"twitter:label2\" content=\"Gesch\u00e4tzte Lesezeit\" \/>\n\t<meta name=\"twitter:data2\" content=\"2\u00a0Minuten\" \/>\n<script type=\"application\/ld+json\" class=\"yoast-schema-graph\">{\"@context\":\"https:\/\/schema.org\",\"@graph\":[{\"@type\":\"Article\",\"@id\":\"https:\/\/www.radlobby.org\/noe\/klaradl-touren\/#article\",\"isPartOf\":{\"@id\":\"https:\/\/www.radlobby.org\/noe\/klaradl-touren\/\"},\"author\":{\"name\":\"Hermann Hiebner\",\"@id\":\"https:\/\/www.radlobby.org\/noe\/#\/schema\/person\/c91605b70aca449bea4cb27190b0dbe2\"},\"headline\":\"KLARadl-Touren\",\"datePublished\":\"2023-07-26T16:09:15+00:00\",\"dateModified\":\"2023-07-27T08:57:52+00:00\",\"mainEntityOfPage\":{\"@id\":\"https:\/\/www.radlobby.org\/noe\/klaradl-touren\/\"},\"wordCount\":185,\"publisher\":{\"@id\":\"https:\/\/www.radlobby.org\/noe\/#organization\"},\"image\":{\"@id\":\"https:\/\/www.radlobby.org\/noe\/klaradl-touren\/#primaryimage\"},\"thumbnailUrl\":\"https:\/\/www.radlobby.org\/noe\/wp-content\/uploads\/KLAR-Mistelbach_351.jpg\",\"articleSection\":[\"Radlobby Wolkersdorf\"],\"inLanguage\":\"de\"},{\"@type\":\"WebPage\",\"@id\":\"https:\/\/www.radlobby.org\/noe\/klaradl-touren\/\",\"url\":\"https:\/\/www.radlobby.org\/noe\/klaradl-touren\/\",\"name\":\"KLARadl-Touren - Radlobby Nieder\u00f6sterreich\",\"isPartOf\":{\"@id\":\"https:\/\/www.radlobby.org\/noe\/#website\"},\"primaryImageOfPage\":{\"@id\":\"https:\/\/www.radlobby.org\/noe\/klaradl-touren\/#primaryimage\"},\"image\":{\"@id\":\"https:\/\/www.radlobby.org\/noe\/klaradl-touren\/#primaryimage\"},\"thumbnailUrl\":\"https:\/\/www.radlobby.org\/noe\/wp-content\/uploads\/KLAR-Mistelbach_351.jpg\",\"datePublished\":\"2023-07-26T16:09:15+00:00\",\"dateModified\":\"2023-07-27T08:57:52+00:00\",\"breadcrumb\":{\"@id\":\"https:\/\/www.radlobby.org\/noe\/klaradl-touren\/#breadcrumb\"},\"inLanguage\":\"de\",\"potentialAction\":[{\"@type\":\"ReadAction\",\"target\":[\"https:\/\/www.radlobby.org\/noe\/klaradl-touren\/\"]}]},{\"@type\":\"ImageObject\",\"inLanguage\":\"de\",\"@id\":\"https:\/\/www.radlobby.org\/noe\/klaradl-touren\/#primaryimage\",\"url\":\"https:\/\/www.radlobby.org\/noe\/wp-content\/uploads\/KLAR-Mistelbach_351.jpg\",\"contentUrl\":\"https:\/\/www.radlobby.org\/noe\/wp-content\/uploads\/KLAR-Mistelbach_351.jpg\",\"width\":1382,\"height\":922,\"caption\":\"\u00a9 Hans Ringhofer - Retintionsbecken M\u00fcnichsthal\"},{\"@type\":\"BreadcrumbList\",\"@id\":\"https:\/\/www.radlobby.org\/noe\/klaradl-touren\/#breadcrumb\",\"itemListElement\":[{\"@type\":\"ListItem\",\"position\":1,\"name\":\"Startseite\",\"item\":\"https:\/\/www.radlobby.org\/noe\/\"},{\"@type\":\"ListItem\",\"position\":2,\"name\":\"KLARadl-Touren\"}]},{\"@type\":\"WebSite\",\"@id\":\"https:\/\/www.radlobby.org\/noe\/#website\",\"url\":\"https:\/\/www.radlobby.org\/noe\/\",\"name\":\"Radlobby Nieder\u00f6sterreich\",\"description\":\"Radverkehr, Fahrrad, Radfahren, Radreisen, Radtouren, Radweg\",\"publisher\":{\"@id\":\"https:\/\/www.radlobby.org\/noe\/#organization\"},\"potentialAction\":[{\"@type\":\"SearchAction\",\"target\":{\"@type\":\"EntryPoint\",\"urlTemplate\":\"https:\/\/www.radlobby.org\/noe\/?s={search_term_string}\"},\"query-input\":{\"@type\":\"PropertyValueSpecification\",\"valueRequired\":true,\"valueName\":\"search_term_string\"}}],\"inLanguage\":\"de\"},{\"@type\":\"Organization\",\"@id\":\"https:\/\/www.radlobby.org\/noe\/#organization\",\"name\":\"Radlobby Nieder\u00f6sterreich\",\"url\":\"https:\/\/www.radlobby.org\/noe\/\",\"logo\":{\"@type\":\"ImageObject\",\"inLanguage\":\"de\",\"@id\":\"https:\/\/www.radlobby.org\/noe\/#\/schema\/logo\/image\/\",\"url\":\"https:\/\/www.radlobby.org\/noe\/wp-content\/uploads\/2017\/01\/cropped-Logo_Radlobby_Niederoesterreich_50-400px_quer-1.jpg\",\"contentUrl\":\"https:\/\/www.radlobby.org\/noe\/wp-content\/uploads\/2017\/01\/cropped-Logo_Radlobby_Niederoesterreich_50-400px_quer-1.jpg\",\"width\":450,\"height\":124,\"caption\":\"Radlobby Nieder\u00f6sterreich\"},\"image\":{\"@id\":\"https:\/\/www.radlobby.org\/noe\/#\/schema\/logo\/image\/\"},\"sameAs\":[\"https:\/\/www.facebook.com\/groups\/radfahren.in.noe\/\"]},{\"@type\":\"Person\",\"@id\":\"https:\/\/www.radlobby.org\/noe\/#\/schema\/person\/c91605b70aca449bea4cb27190b0dbe2\",\"name\":\"Hermann Hiebner\",\"image\":{\"@type\":\"ImageObject\",\"inLanguage\":\"de\",\"@id\":\"https:\/\/www.radlobby.org\/noe\/#\/schema\/person\/image\/\",\"url\":\"https:\/\/secure.gravatar.com\/avatar\/d9d442cd70d260be25a46bab5f85206043aabce00da594192c593e7d4fc65f72?s=96&d=mm&r=g\",\"contentUrl\":\"https:\/\/secure.gravatar.com\/avatar\/d9d442cd70d260be25a46bab5f85206043aabce00da594192c593e7d4fc65f72?s=96&d=mm&r=g\",\"caption\":\"Hermann Hiebner\"},\"url\":\"https:\/\/www.radlobby.org\/noe\/author\/hermannhiebner\/\"}]}<\/script>\n<!-- \/ Yoast SEO plugin. -->","yoast_head_json":{"title":"KLARadl-Touren - Radlobby Nieder\u00f6sterreich","robots":{"index":"index","follow":"follow","max-snippet":"max-snippet:-1","max-image-preview":"max-image-preview:large","max-video-preview":"max-video-preview:-1"},"canonical":"https:\/\/www.radlobby.org\/noe\/klaradl-touren\/","og_locale":"de_DE","og_type":"article","og_title":"KLARadl-Touren - Radlobby Nieder\u00f6sterreich","og_description":"KLARadl-Touren nach Obersdorf\/M\u00fcnichsthal\/Riedenthal. Was ist KLAR? KLAR steht f\u00fcr KLimaAnpassungsRegion. \u00d6sterreich ist schon massiv vom Klimawandel betroffen. Neben Klimaschutzma\u00dfnahmen, wie der Reduzierung von Treibhausgasemissionen, m\u00fcssen wir lernen, mit den sich ver\u00e4ndernden klimatischen Bedingungen umzugehen. Daher gilt es schon bestehenden Probleme,","og_url":"https:\/\/www.radlobby.org\/noe\/klaradl-touren\/","og_site_name":"Radlobby Nieder\u00f6sterreich","article_publisher":"https:\/\/www.facebook.com\/groups\/radfahren.in.noe\/","article_published_time":"2023-07-26T16:09:15+00:00","article_modified_time":"2023-07-27T08:57:52+00:00","og_image":[{"width":1382,"height":922,"url":"https:\/\/www.radlobby.org\/noe\/wp-content\/uploads\/KLAR-Mistelbach_351.jpg","type":"image\/jpeg"}],"author":"Hermann Hiebner","twitter_card":"summary_large_image","twitter_misc":{"Verfasst von":"Hermann Hiebner","Gesch\u00e4tzte Lesezeit":"2\u00a0Minuten"},"schema":{"@context":"https:\/\/schema.org","@graph":[{"@type":"Article","@id":"https:\/\/www.radlobby.org\/noe\/klaradl-touren\/#article","isPartOf":{"@id":"https:\/\/www.radlobby.org\/noe\/klaradl-touren\/"},"author":{"name":"Hermann Hiebner","@id":"https:\/\/www.radlobby.org\/noe\/#\/schema\/person\/c91605b70aca449bea4cb27190b0dbe2"},"headline":"KLARadl-Touren","datePublished":"2023-07-26T16:09:15+00:00","dateModified":"2023-07-27T08:57:52+00:00","mainEntityOfPage":{"@id":"https:\/\/www.radlobby.org\/noe\/klaradl-touren\/"},"wordCount":185,"publisher":{"@id":"https:\/\/www.radlobby.org\/noe\/#organization"},"image":{"@id":"https:\/\/www.radlobby.org\/noe\/klaradl-touren\/#primaryimage"},"thumbnailUrl":"https:\/\/www.radlobby.org\/noe\/wp-content\/uploads\/KLAR-Mistelbach_351.jpg","articleSection":["Radlobby Wolkersdorf"],"inLanguage":"de"},{"@type":"WebPage","@id":"https:\/\/www.radlobby.org\/noe\/klaradl-touren\/","url":"https:\/\/www.radlobby.org\/noe\/klaradl-touren\/","name":"KLARadl-Touren - Radlobby Nieder\u00f6sterreich","isPartOf":{"@id":"https:\/\/www.radlobby.org\/noe\/#website"},"primaryImageOfPage":{"@id":"https:\/\/www.radlobby.org\/noe\/klaradl-touren\/#primaryimage"},"image":{"@id":"https:\/\/www.radlobby.org\/noe\/klaradl-touren\/#primaryimage"},"thumbnailUrl":"https:\/\/www.radlobby.org\/noe\/wp-content\/uploads\/KLAR-Mistelbach_351.jpg","datePublished":"2023-07-26T16:09:15+00:00","dateModified":"2023-07-27T08:57:52+00:00","breadcrumb":{"@id":"https:\/\/www.radlobby.org\/noe\/klaradl-touren\/#breadcrumb"},"inLanguage":"de","potentialAction":[{"@type":"ReadAction","target":["https:\/\/www.radlobby.org\/noe\/klaradl-touren\/"]}]},{"@type":"ImageObject","inLanguage":"de","@id":"https:\/\/www.radlobby.org\/noe\/klaradl-touren\/#primaryimage","url":"https:\/\/www.radlobby.org\/noe\/wp-content\/uploads\/KLAR-Mistelbach_351.jpg","contentUrl":"https:\/\/www.radlobby.org\/noe\/wp-content\/uploads\/KLAR-Mistelbach_351.jpg","width":1382,"height":922,"caption":"\u00a9 Hans Ringhofer - Retintionsbecken M\u00fcnichsthal"},{"@type":"BreadcrumbList","@id":"https:\/\/www.radlobby.org\/noe\/klaradl-touren\/#breadcrumb","itemListElement":[{"@type":"ListItem","position":1,"name":"Startseite","item":"https:\/\/www.radlobby.org\/noe\/"},{"@type":"ListItem","position":2,"name":"KLARadl-Touren"}]},{"@type":"WebSite","@id":"https:\/\/www.radlobby.org\/noe\/#website","url":"https:\/\/www.radlobby.org\/noe\/","name":"Radlobby Nieder\u00f6sterreich","description":"Radverkehr, Fahrrad, Radfahren, Radreisen, Radtouren, Radweg","publisher":{"@id":"https:\/\/www.radlobby.org\/noe\/#organization"},"potentialAction":[{"@type":"SearchAction","target":{"@type":"EntryPoint","urlTemplate":"https:\/\/www.radlobby.org\/noe\/?s={search_term_string}"},"query-input":{"@type":"PropertyValueSpecification","valueRequired":true,"valueName":"search_term_string"}}],"inLanguage":"de"},{"@type":"Organization","@id":"https:\/\/www.radlobby.org\/noe\/#organization","name":"Radlobby Nieder\u00f6sterreich","url":"https:\/\/www.radlobby.org\/noe\/","logo":{"@type":"ImageObject","inLanguage":"de","@id":"https:\/\/www.radlobby.org\/noe\/#\/schema\/logo\/image\/","url":"https:\/\/www.radlobby.org\/noe\/wp-content\/uploads\/2017\/01\/cropped-Logo_Radlobby_Niederoesterreich_50-400px_quer-1.jpg","contentUrl":"https:\/\/www.radlobby.org\/noe\/wp-content\/uploads\/2017\/01\/cropped-Logo_Radlobby_Niederoesterreich_50-400px_quer-1.jpg","width":450,"height":124,"caption":"Radlobby Nieder\u00f6sterreich"},"image":{"@id":"https:\/\/www.radlobby.org\/noe\/#\/schema\/logo\/image\/"},"sameAs":["https:\/\/www.facebook.com\/groups\/radfahren.in.noe\/"]},{"@type":"Person","@id":"https:\/\/www.radlobby.org\/noe\/#\/schema\/person\/c91605b70aca449bea4cb27190b0dbe2","name":"Hermann Hiebner","image":{"@type":"ImageObject","inLanguage":"de","@id":"https:\/\/www.radlobby.org\/noe\/#\/schema\/person\/image\/","url":"https:\/\/secure.gravatar.com\/avatar\/d9d442cd70d260be25a46bab5f85206043aabce00da594192c593e7d4fc65f72?s=96&d=mm&r=g","contentUrl":"https:\/\/secure.gravatar.com\/avatar\/d9d442cd70d260be25a46bab5f85206043aabce00da594192c593e7d4fc65f72?s=96&d=mm&r=g","caption":"Hermann Hiebner"},"url":"https:\/\/www.radlobby.org\/noe\/author\/hermannhiebner\/"}]}},"_links":{"self":[{"href":"https:\/\/www.radlobby.org\/noe\/wp-json\/wp\/v2\/posts\/29734","targetHints":{"allow":["GET"]}}],"collection":[{"href":"https:\/\/www.radlobby.org\/noe\/wp-json\/wp\/v2\/posts"}],"about":[{"href":"https:\/\/www.radlobby.org\/noe\/wp-json\/wp\/v2\/types\/post"}],"author":[{"embeddable":true,"href":"https:\/\/www.radlobby.org\/noe\/wp-json\/wp\/v2\/users\/3"}],"replies":[{"embeddable":true,"href":"https:\/\/www.radlobby.org\/noe\/wp-json\/wp\/v2\/comments?post=29734"}],"version-history":[{"count":8,"href":"https:\/\/www.radlobby.org\/noe\/wp-json\/wp\/v2\/posts\/29734\/revisions"}],"predecessor-version":[{"id":30637,"href":"https:\/\/www.radlobby.org\/noe\/wp-json\/wp\/v2\/posts\/29734\/revisions\/30637"}],"wp:featuredmedia":[{"embeddable":true,"href":"https:\/\/www.radlobby.org\/noe\/wp-json\/wp\/v2\/media\/29737"}],"wp:attachment":[{"href":"https:\/\/www.radlobby.org\/noe\/wp-json\/wp\/v2\/media?parent=29734"}],"wp:term":[{"taxonomy":"category","embeddable":true,"href":"https:\/\/www.radlobby.org\/noe\/wp-json\/wp\/v2\/categories?post=29734"},{"taxonomy":"post_tag","embeddable":true,"href":"https:\/\/www.radlobby.org\/noe\/wp-json\/wp\/v2\/tags?post=29734"}],"curies":[{"name":"wp","href":"https:\/\/api.w.org\/{rel}","templated":true}]}}