{"id":2886,"date":"2017-03-31T22:58:15","date_gmt":"2017-03-31T20:58:15","guid":{"rendered":"http:\/\/www.radlobby.org\/noe\/?p=2886"},"modified":"2017-03-31T22:58:15","modified_gmt":"2017-03-31T20:58:15","slug":"radbasar-in-mistelbach","status":"publish","type":"post","link":"https:\/\/www.radlobby.org\/noe\/radbasar-in-mistelbach\/","title":{"rendered":"Radbasar in Mistelbach"},"content":{"rendered":"<p>Wiederverwenden statt wegwerfen:<br \/>\nFahrradb\u00f6rse Mistelbach mit Gib- und Nimm-Markt<\/p>\n<p>Sie haben ein gebrauchtes Fahrrad zu viel oder haben noch ein Kinder- oder Jugendrad im Keller, aber die Kinder sind schon \u201erausgewachsen\u201c? Oder Sie suchen ein g\u00fcnstiges Fahrrad und wollen Ihren guten Vorsatz nach mehr Bewegung endlich und auch noch kosteng\u00fcnstig wahr machen? Dann sind Sie bei der Fahrradb\u00f6rse Mistelbach genau richtig! Wer ein Bike zu viel hat und es gerne verkaufen w\u00fcrde, kommt am Samstag, dem 1. April, einfach ab 10.00 Uhr zur Fahrradb\u00f6rse Mistelbach beim Conrad H\u00f6tzendorf-Patz und kann mit ein wenig Gl\u00fcck Geld daf\u00fcr kassieren! Und wer ein Fahrrad zum g\u00fcnstigen Preis sucht, ist ebenfalls richtig aufgehoben. Einfach ab 11.00 Uhr zur Fahrradb\u00f6rse schauen und nach Barbezahlung mit dem neuen Drahtesel nach Hause d\u00fcsen. Die Fahrradb\u00f6rse Mistelbach findet von 11.00 bis 13.00 Uhr statt, bei Schlechtwetter entf\u00e4llt die Veranstaltung.<\/p>\n<p>Gib- und Nimm-Markt des Talente-Tauschkreises:<br \/>\nZeitgleich veranstaltet der Talente-Tauschkreis einen Gib- und Nimm-Markt unter dem Motto \u201eTauschen statt kaufen\u201c! Dort k\u00f6nnen Sie geben, was Sie k\u00f6nnen und nehmen, was Sie brauchen, wie z.B. Kleidung (nur Sachen, die in Ordnung sind) Spielzeug, Haushaltswaren, Pflanzen, Dekoartikel usw.! M\u00f6bel und andere sperrige G\u00fcter sollen nur per Foto an der Pinnwand ver\u00f6ffentlicht werden. Ware, die \u00fcbrig bleibt, wird sozial t\u00e4tigen Vereinen zur Verf\u00fcgung gestellt. Vereine, die Interesse haben, sollen sich bitte nach Veranstaltungsende vor Ort bei den Mitarbeitern des Tauschkreises melden.<\/p>\n<p>N\u00e4here Informationen:<br \/>\nMartina P\u00fcrkl<br \/>\nTel.: 0699\/18100083<\/p>\n","protected":false},"excerpt":{"rendered":"<p>Wiederverwenden statt wegwerfen: Fahrradb\u00f6rse Mistelbach mit Gib- und Nimm-Markt Sie haben ein gebrauchtes Fahrrad zu viel oder haben noch ein Kinder- oder Jugendrad im Keller, aber die Kinder sind schon \u201erausgewachsen\u201c? Oder Sie suchen ein g\u00fcnstiges Fahrrad und wollen Ihren<\/p>\n","protected":false},"author":13,"featured_media":0,"comment_status":"closed","ping_status":"closed","sticky":false,"template":"","format":"standard","meta":{"footnotes":""},"categories":[6],"tags":[],"class_list":["post-2886","post","type-post","status-publish","format-standard","hentry","category-mistelbach"],"yoast_head":"<!-- This site is optimized with the Yoast SEO plugin v26.9 - https:\/\/yoast.com\/product\/yoast-seo-wordpress\/ -->\n<title>Radbasar in Mistelbach - Radlobby Nieder\u00f6sterreich<\/title>\n<meta name=\"robots\" content=\"index, follow, max-snippet:-1, max-image-preview:large, max-video-preview:-1\" \/>\n<link rel=\"canonical\" href=\"https:\/\/www.radlobby.org\/noe\/radbasar-in-mistelbach\/\" \/>\n<meta property=\"og:locale\" content=\"de_DE\" \/>\n<meta property=\"og:type\" content=\"article\" \/>\n<meta property=\"og:title\" content=\"Radbasar in Mistelbach - Radlobby Nieder\u00f6sterreich\" \/>\n<meta property=\"og:description\" content=\"Wiederverwenden statt wegwerfen: Fahrradb\u00f6rse Mistelbach mit Gib- und Nimm-Markt Sie haben ein gebrauchtes Fahrrad zu viel oder haben noch ein Kinder- oder Jugendrad im Keller, aber die Kinder sind schon \u201erausgewachsen\u201c? Oder Sie suchen ein g\u00fcnstiges Fahrrad und wollen Ihren\" \/>\n<meta property=\"og:url\" content=\"https:\/\/www.radlobby.org\/noe\/radbasar-in-mistelbach\/\" \/>\n<meta property=\"og:site_name\" content=\"Radlobby Nieder\u00f6sterreich\" \/>\n<meta property=\"article:publisher\" content=\"https:\/\/www.facebook.com\/groups\/radfahren.in.noe\/\" \/>\n<meta property=\"article:published_time\" content=\"2017-03-31T20:58:15+00:00\" \/>\n<meta property=\"og:image\" content=\"https:\/\/www.radlobby.org\/noe\/wp-content\/uploads\/20200101-RLWN-Neujahrsaradeln-DSC_0105a_1900px-1.jpg\" \/>\n\t<meta property=\"og:image:width\" content=\"1900\" \/>\n\t<meta property=\"og:image:height\" content=\"770\" \/>\n\t<meta property=\"og:image:type\" content=\"image\/jpeg\" \/>\n<meta name=\"author\" content=\"Hans Feichtinger\" \/>\n<meta name=\"twitter:card\" content=\"summary_large_image\" \/>\n<meta name=\"twitter:label1\" content=\"Verfasst von\" \/>\n\t<meta name=\"twitter:data1\" content=\"Hans Feichtinger\" \/>\n\t<meta name=\"twitter:label2\" content=\"Gesch\u00e4tzte Lesezeit\" \/>\n\t<meta name=\"twitter:data2\" content=\"1\u00a0Minute\" \/>\n<script type=\"application\/ld+json\" class=\"yoast-schema-graph\">{\"@context\":\"https:\/\/schema.org\",\"@graph\":[{\"@type\":\"Article\",\"@id\":\"https:\/\/www.radlobby.org\/noe\/radbasar-in-mistelbach\/#article\",\"isPartOf\":{\"@id\":\"https:\/\/www.radlobby.org\/noe\/radbasar-in-mistelbach\/\"},\"author\":{\"name\":\"Hans Feichtinger\",\"@id\":\"https:\/\/www.radlobby.org\/noe\/#\/schema\/person\/22869bcf908220447f09506c76ed8e53\"},\"headline\":\"Radbasar in Mistelbach\",\"datePublished\":\"2017-03-31T20:58:15+00:00\",\"mainEntityOfPage\":{\"@id\":\"https:\/\/www.radlobby.org\/noe\/radbasar-in-mistelbach\/\"},\"wordCount\":255,\"publisher\":{\"@id\":\"https:\/\/www.radlobby.org\/noe\/#organization\"},\"articleSection\":[\"Radlobby Mistelbach\"],\"inLanguage\":\"de\"},{\"@type\":\"WebPage\",\"@id\":\"https:\/\/www.radlobby.org\/noe\/radbasar-in-mistelbach\/\",\"url\":\"https:\/\/www.radlobby.org\/noe\/radbasar-in-mistelbach\/\",\"name\":\"Radbasar in Mistelbach - Radlobby Nieder\u00f6sterreich\",\"isPartOf\":{\"@id\":\"https:\/\/www.radlobby.org\/noe\/#website\"},\"datePublished\":\"2017-03-31T20:58:15+00:00\",\"breadcrumb\":{\"@id\":\"https:\/\/www.radlobby.org\/noe\/radbasar-in-mistelbach\/#breadcrumb\"},\"inLanguage\":\"de\",\"potentialAction\":[{\"@type\":\"ReadAction\",\"target\":[\"https:\/\/www.radlobby.org\/noe\/radbasar-in-mistelbach\/\"]}]},{\"@type\":\"BreadcrumbList\",\"@id\":\"https:\/\/www.radlobby.org\/noe\/radbasar-in-mistelbach\/#breadcrumb\",\"itemListElement\":[{\"@type\":\"ListItem\",\"position\":1,\"name\":\"Startseite\",\"item\":\"https:\/\/www.radlobby.org\/noe\/\"},{\"@type\":\"ListItem\",\"position\":2,\"name\":\"Radbasar in Mistelbach\"}]},{\"@type\":\"WebSite\",\"@id\":\"https:\/\/www.radlobby.org\/noe\/#website\",\"url\":\"https:\/\/www.radlobby.org\/noe\/\",\"name\":\"Radlobby Nieder\u00f6sterreich\",\"description\":\"Radverkehr, Fahrrad, Radfahren, Radreisen, Radtouren, Radweg\",\"publisher\":{\"@id\":\"https:\/\/www.radlobby.org\/noe\/#organization\"},\"potentialAction\":[{\"@type\":\"SearchAction\",\"target\":{\"@type\":\"EntryPoint\",\"urlTemplate\":\"https:\/\/www.radlobby.org\/noe\/?s={search_term_string}\"},\"query-input\":{\"@type\":\"PropertyValueSpecification\",\"valueRequired\":true,\"valueName\":\"search_term_string\"}}],\"inLanguage\":\"de\"},{\"@type\":\"Organization\",\"@id\":\"https:\/\/www.radlobby.org\/noe\/#organization\",\"name\":\"Radlobby Nieder\u00f6sterreich\",\"url\":\"https:\/\/www.radlobby.org\/noe\/\",\"logo\":{\"@type\":\"ImageObject\",\"inLanguage\":\"de\",\"@id\":\"https:\/\/www.radlobby.org\/noe\/#\/schema\/logo\/image\/\",\"url\":\"https:\/\/www.radlobby.org\/noe\/wp-content\/uploads\/2017\/01\/cropped-Logo_Radlobby_Niederoesterreich_50-400px_quer-1.jpg\",\"contentUrl\":\"https:\/\/www.radlobby.org\/noe\/wp-content\/uploads\/2017\/01\/cropped-Logo_Radlobby_Niederoesterreich_50-400px_quer-1.jpg\",\"width\":450,\"height\":124,\"caption\":\"Radlobby Nieder\u00f6sterreich\"},\"image\":{\"@id\":\"https:\/\/www.radlobby.org\/noe\/#\/schema\/logo\/image\/\"},\"sameAs\":[\"https:\/\/www.facebook.com\/groups\/radfahren.in.noe\/\"]},{\"@type\":\"Person\",\"@id\":\"https:\/\/www.radlobby.org\/noe\/#\/schema\/person\/22869bcf908220447f09506c76ed8e53\",\"name\":\"Hans Feichtinger\",\"image\":{\"@type\":\"ImageObject\",\"inLanguage\":\"de\",\"@id\":\"https:\/\/www.radlobby.org\/noe\/#\/schema\/person\/image\/\",\"url\":\"https:\/\/secure.gravatar.com\/avatar\/39566f4fc70e50cd2616029a3732af91cd3747f7adb54cb2a6ba1f29965ab372?s=96&d=mm&r=g\",\"contentUrl\":\"https:\/\/secure.gravatar.com\/avatar\/39566f4fc70e50cd2616029a3732af91cd3747f7adb54cb2a6ba1f29965ab372?s=96&d=mm&r=g\",\"caption\":\"Hans Feichtinger\"},\"url\":\"https:\/\/www.radlobby.org\/noe\/author\/hansfeichtinger\/\"}]}<\/script>\n<!-- \/ Yoast SEO plugin. -->","yoast_head_json":{"title":"Radbasar in Mistelbach - Radlobby Nieder\u00f6sterreich","robots":{"index":"index","follow":"follow","max-snippet":"max-snippet:-1","max-image-preview":"max-image-preview:large","max-video-preview":"max-video-preview:-1"},"canonical":"https:\/\/www.radlobby.org\/noe\/radbasar-in-mistelbach\/","og_locale":"de_DE","og_type":"article","og_title":"Radbasar in Mistelbach - Radlobby Nieder\u00f6sterreich","og_description":"Wiederverwenden statt wegwerfen: Fahrradb\u00f6rse Mistelbach mit Gib- und Nimm-Markt Sie haben ein gebrauchtes Fahrrad zu viel oder haben noch ein Kinder- oder Jugendrad im Keller, aber die Kinder sind schon \u201erausgewachsen\u201c? Oder Sie suchen ein g\u00fcnstiges Fahrrad und wollen Ihren","og_url":"https:\/\/www.radlobby.org\/noe\/radbasar-in-mistelbach\/","og_site_name":"Radlobby Nieder\u00f6sterreich","article_publisher":"https:\/\/www.facebook.com\/groups\/radfahren.in.noe\/","article_published_time":"2017-03-31T20:58:15+00:00","og_image":[{"width":1900,"height":770,"url":"https:\/\/www.radlobby.org\/noe\/wp-content\/uploads\/20200101-RLWN-Neujahrsaradeln-DSC_0105a_1900px-1.jpg","type":"image\/jpeg"}],"author":"Hans Feichtinger","twitter_card":"summary_large_image","twitter_misc":{"Verfasst von":"Hans Feichtinger","Gesch\u00e4tzte Lesezeit":"1\u00a0Minute"},"schema":{"@context":"https:\/\/schema.org","@graph":[{"@type":"Article","@id":"https:\/\/www.radlobby.org\/noe\/radbasar-in-mistelbach\/#article","isPartOf":{"@id":"https:\/\/www.radlobby.org\/noe\/radbasar-in-mistelbach\/"},"author":{"name":"Hans Feichtinger","@id":"https:\/\/www.radlobby.org\/noe\/#\/schema\/person\/22869bcf908220447f09506c76ed8e53"},"headline":"Radbasar in Mistelbach","datePublished":"2017-03-31T20:58:15+00:00","mainEntityOfPage":{"@id":"https:\/\/www.radlobby.org\/noe\/radbasar-in-mistelbach\/"},"wordCount":255,"publisher":{"@id":"https:\/\/www.radlobby.org\/noe\/#organization"},"articleSection":["Radlobby Mistelbach"],"inLanguage":"de"},{"@type":"WebPage","@id":"https:\/\/www.radlobby.org\/noe\/radbasar-in-mistelbach\/","url":"https:\/\/www.radlobby.org\/noe\/radbasar-in-mistelbach\/","name":"Radbasar in Mistelbach - Radlobby Nieder\u00f6sterreich","isPartOf":{"@id":"https:\/\/www.radlobby.org\/noe\/#website"},"datePublished":"2017-03-31T20:58:15+00:00","breadcrumb":{"@id":"https:\/\/www.radlobby.org\/noe\/radbasar-in-mistelbach\/#breadcrumb"},"inLanguage":"de","potentialAction":[{"@type":"ReadAction","target":["https:\/\/www.radlobby.org\/noe\/radbasar-in-mistelbach\/"]}]},{"@type":"BreadcrumbList","@id":"https:\/\/www.radlobby.org\/noe\/radbasar-in-mistelbach\/#breadcrumb","itemListElement":[{"@type":"ListItem","position":1,"name":"Startseite","item":"https:\/\/www.radlobby.org\/noe\/"},{"@type":"ListItem","position":2,"name":"Radbasar in Mistelbach"}]},{"@type":"WebSite","@id":"https:\/\/www.radlobby.org\/noe\/#website","url":"https:\/\/www.radlobby.org\/noe\/","name":"Radlobby Nieder\u00f6sterreich","description":"Radverkehr, Fahrrad, Radfahren, Radreisen, Radtouren, Radweg","publisher":{"@id":"https:\/\/www.radlobby.org\/noe\/#organization"},"potentialAction":[{"@type":"SearchAction","target":{"@type":"EntryPoint","urlTemplate":"https:\/\/www.radlobby.org\/noe\/?s={search_term_string}"},"query-input":{"@type":"PropertyValueSpecification","valueRequired":true,"valueName":"search_term_string"}}],"inLanguage":"de"},{"@type":"Organization","@id":"https:\/\/www.radlobby.org\/noe\/#organization","name":"Radlobby Nieder\u00f6sterreich","url":"https:\/\/www.radlobby.org\/noe\/","logo":{"@type":"ImageObject","inLanguage":"de","@id":"https:\/\/www.radlobby.org\/noe\/#\/schema\/logo\/image\/","url":"https:\/\/www.radlobby.org\/noe\/wp-content\/uploads\/2017\/01\/cropped-Logo_Radlobby_Niederoesterreich_50-400px_quer-1.jpg","contentUrl":"https:\/\/www.radlobby.org\/noe\/wp-content\/uploads\/2017\/01\/cropped-Logo_Radlobby_Niederoesterreich_50-400px_quer-1.jpg","width":450,"height":124,"caption":"Radlobby Nieder\u00f6sterreich"},"image":{"@id":"https:\/\/www.radlobby.org\/noe\/#\/schema\/logo\/image\/"},"sameAs":["https:\/\/www.facebook.com\/groups\/radfahren.in.noe\/"]},{"@type":"Person","@id":"https:\/\/www.radlobby.org\/noe\/#\/schema\/person\/22869bcf908220447f09506c76ed8e53","name":"Hans Feichtinger","image":{"@type":"ImageObject","inLanguage":"de","@id":"https:\/\/www.radlobby.org\/noe\/#\/schema\/person\/image\/","url":"https:\/\/secure.gravatar.com\/avatar\/39566f4fc70e50cd2616029a3732af91cd3747f7adb54cb2a6ba1f29965ab372?s=96&d=mm&r=g","contentUrl":"https:\/\/secure.gravatar.com\/avatar\/39566f4fc70e50cd2616029a3732af91cd3747f7adb54cb2a6ba1f29965ab372?s=96&d=mm&r=g","caption":"Hans Feichtinger"},"url":"https:\/\/www.radlobby.org\/noe\/author\/hansfeichtinger\/"}]}},"_links":{"self":[{"href":"https:\/\/www.radlobby.org\/noe\/wp-json\/wp\/v2\/posts\/2886","targetHints":{"allow":["GET"]}}],"collection":[{"href":"https:\/\/www.radlobby.org\/noe\/wp-json\/wp\/v2\/posts"}],"about":[{"href":"https:\/\/www.radlobby.org\/noe\/wp-json\/wp\/v2\/types\/post"}],"author":[{"embeddable":true,"href":"https:\/\/www.radlobby.org\/noe\/wp-json\/wp\/v2\/users\/13"}],"replies":[{"embeddable":true,"href":"https:\/\/www.radlobby.org\/noe\/wp-json\/wp\/v2\/comments?post=2886"}],"version-history":[{"count":0,"href":"https:\/\/www.radlobby.org\/noe\/wp-json\/wp\/v2\/posts\/2886\/revisions"}],"wp:attachment":[{"href":"https:\/\/www.radlobby.org\/noe\/wp-json\/wp\/v2\/media?parent=2886"}],"wp:term":[{"taxonomy":"category","embeddable":true,"href":"https:\/\/www.radlobby.org\/noe\/wp-json\/wp\/v2\/categories?post=2886"},{"taxonomy":"post_tag","embeddable":true,"href":"https:\/\/www.radlobby.org\/noe\/wp-json\/wp\/v2\/tags?post=2886"}],"curies":[{"name":"wp","href":"https:\/\/api.w.org\/{rel}","templated":true}]}}