{"id":2878,"date":"2017-03-31T14:04:51","date_gmt":"2017-03-31T12:04:51","guid":{"rendered":"http:\/\/www.radlobby.org\/noe\/?p=2878"},"modified":"2017-03-31T14:04:51","modified_gmt":"2017-03-31T12:04:51","slug":"schreiben-an-die-mitglieder-des-gemeinderates-von-mistelbach","status":"publish","type":"post","link":"https:\/\/www.radlobby.org\/noe\/schreiben-an-die-mitglieder-des-gemeinderates-von-mistelbach\/","title":{"rendered":"Schreiben an die Mitglieder des Gemeinderates von Mistelbach"},"content":{"rendered":"<p><strong>Die Radlobby stellt sich bei den Mitgliedern des Gemeinderats vor, mit einigen Anregungen <\/strong><\/p>\n<p>Mistelbach, 29. Januar 2017<\/p>\n<p><em>Sehr geehrter Herr B\u00fcrgermeister, sehr geehrte Damen und Herren des Gemeinderates<\/em><\/p>\n<p><em>(mit der Bitte auch um Weiterleitung an involvierte Mitarbeiter der Gemeinde!)<\/em><\/p>\n<p>Zuerst einmal darf ich mich vorstellen. Mein Name ist Dr. Hans G. Feichtinger. Ich wohne seit 20 Jahren in der Winzerschulgasse 96, hier in Mistelbach, mit meiner Familie (beide Kinder studieren in Wien). Ich war\/bin beruflich angewandter Mathematiker an der Fakult\u00e4t f\u00fcr Mathematik der Universit\u00e4t Wien und befinde mich seit Dez. 2015 im Ruhestand, bin aber weiterhin international lehrend und forschend t\u00e4tig, zuletzt im Radfahrerparadies Kopenhagen. Seit dem Vorjahr darf ich die Radlobby Nieder\u00f6sterreich als Sprecher f\u00fcr Mistelbach bzw. im Prinzip f\u00fcr das n\u00f6rdliche Weinviertel vertreten. Durch diese T\u00e4tigkeit m\u00f6chte ich dazu beitragen, dass radbezogene Problemlagen in der Gemeinde mehr Beachtung finden. In manchen F\u00e4llen werde ich sicherlich konkrete Vorschl\u00e4ge einbringen bzw. die Position der aktiven RadfahrerInnen in der Gemeinde (eine betr\u00e4chtliche Zahl von Personen) vertreten, in anderen nur auf leicht zu \u00fcbersehende Gefahrenstellen oder fehlende Beschilderung hinweisen, wie ich das schon teilweise in der Vergangenheit getan habe. Etliche Interessenten haben im letzten halben Jahr schon Kontakt mit mir aufgenommen.<\/p>\n<p>Die Homepage der Radlobby NOE <a href=\"https:\/\/www.radlobby.at\/niederoesterreich\">https:\/\/www.radlobby.at\/niederoesterreich<\/a> sagt in der \u00dcberschrift:<\/p>\n<p><strong>Wir setzen uns als gemeinn\u00fctziger, \u00fcberparteilicher Verein in Nieder\u00f6sterreich f\u00fcr die F\u00f6rderung des umweltfreundlichen Verkehrsmittels Fahrrad ein<\/strong>.<br \/>\nAls systematisch denkender Mensch habe ich versucht, die Lage der Radfahrer in Mistelbach aufgrund eigener Erfahrungen, mittlerweile aber auf aufgrund zahlreicher Gespr\u00e4che mit vielen radfahrenden Menschen in Mistelbach, zu beurteilen, und w\u00fcrde die Sto\u00dfrichtungen wie folgt beschreiben:<\/p>\n<ol>\n<li><strong>A<\/strong>lltagsradverkehr (im Bewu\u00dftsein der meisten Menschen weniger verankert)\u00a0 [A]<\/li>\n<li>Verbindungswege zu den <strong>N<\/strong>achbargemeinden [N]<\/li>\n<li>Erholungssport, <strong>F<\/strong>reizeit, <strong>F<\/strong>amilien-Aktivit\u00e4ten\u00a0\u00a0 [F]<\/li>\n<li><strong>T<\/strong>ouristen, G\u00e4ste, Besucher aus Wien und Umgebung\u00a0 [T]<\/li>\n<\/ol>\n<p>Von den erw\u00fcnschten oder zu treffenden Ma\u00dfnahmen ausgehend gliedere ich meine weiter unten ausgef\u00fchrten Vorschl\u00e4ge in dringende und langfristige, in leicht zu realisierende und komplizierte bzw. kostenaufw\u00e4ndige. Es gibt ja schon viele Vorarbeiten, Konzepte f\u00fcr den Radverkehr und Studien, aber es wurde bisher leider zuwenig umgesetzt. Selbst Ma\u00dfnahmen, die geringe Kosten verursachen werden immer wieder aufgeschoben.<\/p>\n<p>Generell m\u00f6chte ich meine Ausf\u00fchrungen damit beginnen, dass meiner Einsch\u00e4tzung nach die Lage f\u00fcr den Radverkehr vermutlich objektiv gesehen besser ist als von den meisten Befragten ge\u00e4u\u00dfert, andererseits aufgrund diverser, manchmal nur kleiner M\u00e4ngel oder fehlender Initiativen aber leider auch weit schlechter als sie leicht sein k\u00f6nnten. Mit anderen Worten: <em>es gibt gro\u00dfes Potential f\u00fcr wesentliche Verbesserungen,<\/em> gerade jetzt nach der Fertigstellung der Umfahrung von Mistelbach und den Umstellungen im Bereich des Hauptplatzes. Es gibt ja auch schon ein relativ umfangreiches Radnetz, dem allerdings wichtige Br\u00fcckenverbindungen fehlen, und das in den letzten Jahren seit seiner Erstellung nur in sehr geringem Umfang wirksam geworden ist.<\/p>\n<p>Gerade die derzeit stattfindende Expansion Mistelbachs (vor allem in Richtung Siebenhirten) bringt viele junge Familie mit sich, f\u00fcr die eine sichere (auch kindersichere) Anbindung an die wichtigsten Orte (Schule, Bahnhof, Einkaufsm\u00f6glichkeiten) wichtig sein wird. Stadtplanung sollte somit auch sichere Verkehrswege, auch f\u00fcr Radfahrer, beinhalten. Es ist nicht notwendig, dass jede Jungfamilie die finanziellen Lasten eines Zweitautos tragen muss, um den Alltag ohne Strapazen bew\u00e4ltigen zu k\u00f6nnen.<\/p>\n<ol>\n<li>A) [A] Ein neuralgischer, aber auch sehr wichtiger Punkt, ist er<strong> Hauptplatz<\/strong>. Derzeit ist der Hauptplatz nur unter Missachtung von Verkehrsregeln oder eigene Gef\u00e4hrdung (durch Benutzung der Hauptstra\u00dfe) befahrbar, obwohl nat\u00fcrlich Radfahrer gute Kunden f\u00fcr die Gesch\u00e4fte am Hauptplatz sind und f\u00fcr das Abstellen ihres Fahrzeuges wesentlich weniger Platz brauchen als Autos. Die technischen Fragen sind wohl separat mit den Verantwortlichen zu kl\u00e4ren, aber ich m\u00f6chte als erstes hier deponieren, das eine Befahrbarkeit des Hauptplatzes unbedingt relativ rasch hergestellt werden sollte. Vom Rathaus Richtung Marktgasse w\u00e4re das sofort m\u00f6glich, wenn man diese Strecke f\u00fcr eine gemischte Nutzung (vermutlich einfach mit einem Radfahrersymbol in der Stra\u00dfenmitte) kennzeichnen w\u00fcrde. In die umgekehrte Richtung w\u00e4re es unbedingt wichtig, die L\u00fccke zwischen der Abfahrt vom Bahnhof und dem Hauptplatz f\u00fcr den Radverkehr (gegen die aktuelle Einbahnrichtung, nur f\u00fcr Radfahrer) und dann auf der zweiten Reihe des Hauptplatzes bis zur neuen Ausfahrt (in Planung) gegen\u00fcber der Kirchengasse, von wo aus man gut zur Gr\u00fcnen Stra\u00dfe kommt.<\/li>\n<li>B) [A] Sie <strong>NMS (neue Mittelschule) bzw. Caf\u00e9 Harlekin<\/strong> sind derzeit sehr schlecht mit der Gr\u00fcnen Stra\u00dfe verbunden. Die Fertigstellung es gro\u00dfen Wohnblocks gegen\u00fcber der Post\/der Evangelischen Kirche sollte unbedingt dazu gen\u00fctzt werden um in der Mitscha-Stra\u00dfe ein kurzes St\u00fcck Radweg zu errichten, das bis zur evangelischen Kirche hinf\u00fchrt. Das w\u00e4re eine gro\u00dfe Erleichterung f\u00fcr viele Sch\u00fcler der NMS bzw. auch f\u00fcr Familien die im Sommer beim Cafe Harlekin ein Eis holen wollen, aber auch in die umgekehrte Richtung ein Beitrag zur Verbindung vom Bahnhof in Richtung Landesklinikum und M-City. Teil der Verbindung w\u00e4re die Fitzka-Gasse, die im Normalfall ohnehin wenig befahren ist und auch ohne Kennzeichnung als Radweg von Radfahrern sicher genutzt werden kann.<\/li>\n<li>C) [A] Ein gro\u00dfer Problembereich ist die Anbindung des <strong>Fachmarkzentrums bzw. von HOFER (bestehend) oder vom EKZ INTERSPAR<\/strong> an die Stadt. Der Radweg in der Josef Dunkl-Stra\u00dfe endet leider gleich beim Michael Jackson-Denkmal und sollte unbedingt in Richtung Stadt verl\u00e4ngert werden (via Mozartgasse). Das war\/ist zwar ohnehin geplant, sollte aber nochmals in Erinnerung gerufen werden. Da dies keine umfangreichen Ma\u00dfnahmen erfordert, sollte sich das leicht realisieren lassen. Am anderen Ende des Radwegs (Richtung EKZ INTERSPAR) haben wir eine komplizierte Situation, vor allem im Bereich des Bahn\u00fcberganges. Die Neugestaltung des Parkplatzes vor dem INTERSPAR sowie der Kreisverkehr mit Anbindung Richtung H\u00fcttendorf bedarf eine separaten Diskussion. Die Aktivierung des Gartenweges als Radzufahrt k\u00f6nnte einen Teil der Problematik erleichtern. Nach Fertigstellung des Neubaus des EKZ INTERSPAR (nun gibt es keine B\u00e4ume mehr am Parkplatz) w\u00e4re eine Neuausschilderung wichtig&#8230;<\/li>\n<li>D) [A] Nicht ganz so einfach ist die Anbindung des Fachmarktzentrums (KIKA, HOFER, Burger-King) an den Radweg in der Josef Dunkl-Stra\u00dfe bzw. auf der anderen Seite, d.h. Richtung Radweg Zayatal (Richtung Paasdorf). Dies ist eine viel-befahrene Stra\u00dfe, auf der aber nur sehr wenig Fu\u00dfg\u00e4nger unterwegs sind. Es w\u00e4re daher naheliegend zu \u00fcberlegen, ob der<strong> Gehweg auf der KIKA-Seite <\/strong>(vorbei beim Autohaus Wiesinger, etc.) nicht in einen <strong>gemischten Rad-Gehweg<\/strong> umgewidmet werden k\u00f6nnte. Das erfordert wenig Aufwand und gibt nur der aus der Not oft ge\u00fcbten Praxis von vorsichtigen Radfahrern eine juristische Basis.<\/li>\n<li>E) [A] Die Anbindung der neuen Siedlungen (Sonnensiedlung etc.) und des k\u00fcnftigen Bereiches Mistelbach NORD an die bestehende, sehr wichtige Achse &#8220;<strong>Gr\u00fcne Stra\u00dfe&#8221; im Bereich Triftweg <\/strong>(ebenso wie die Schlie\u00dfung der letzten L\u00fccke Richtung Siebenhirten) ist sicher ein ganz wichtiger Punkt. Auch jungen Eltern mit Kindern muss es m\u00f6glich sein, sicher die Gr\u00fcne Stra\u00dfe und von dort aus wichtige Ziele in der Stadt (Hauptplatz, Schule, Weinlandbad, etc.) sicher zu erreichen!<\/li>\n<li>F) [A] Eine weiterf\u00fchrende Idee von gr\u00f6\u00dferem Umfang zur Anbindung des Bereiches EKZ INTERSPAR (aber auch H\u00fcttendorf) w\u00e4re die Gestaltung er <strong>Ernstbrunnerstra\u00dfe <\/strong>(s\u00fcdlich vom alten Bahnhof, vom Reifenh\u00e4ndler Wittman hin zum Sportplatz, vorbei an der LOK IN-Zentrale) <strong>als Radverbindung<\/strong>. Schon jetzt ist das durchaus befahrbar (au\u00dfer bei Regen), weit abseits der Josef Dunkl-Stra\u00dfe und daher viel sicherer, aber wohl ein Projekt f\u00fcr die Zukunft. Die Frage der Eigentumsverh\u00e4ltnisse in diesem Bereich ist mir derzeit leider noch unklar.<\/li>\n<li>G) [A] Ich vermute, dass es im Bereich des neuen Krankenhauses,<strong> M-City, Ebendorf, Zayatal-Weg<\/strong> (im Bereich Autohaus Wieland), wo es im Herbst Asphaltierungsarbeiten gab, noch weitere Schritte seitens der Gemeinde zur Verbesserung der Querungsm\u00f6glichkeiten geben wird, ebenfalls nat\u00fcrlich im Laufe der Zeit eine bessere Anbindung der M-City an das Stadtzentrum per Rad. Aber hier gibt es im Moment weniger Gefahrenzonen als vielmehr holprige Abschnitte. Es ist zu sehen\/beobachten, welche Auswirkungen die Bauma\u00dfnahmen (hoffentlich positive) im Bereich der Autobahn f\u00fcr die Anbindung der Nachbargemeinden Wilfersdorf bzw. Eibesthal (eben nicht \u00fcber den Berg, sondern via M-City per Rad) haben werden. Auch der Radweg von Stadt in Richtung M-City sollte bald realisiert und befestigt werden. Die M-City sollte nicht nur den Autofahrern &#8220;nahegebracht&#8221; werden!<\/li>\n<li>H) [N] Was die Nachbargemeinden betrifft, bewegt sich ja wohl im Laufe des Jahres 2017 einiges, etwa in Richtung Wilfersdorf und Eibesthal, wegen der Autobahn. Aber auch die Verbindungen von Ladendorf, die Radwege nach Siebenhirten und dar\u00fcber hinaus nach H\u00f6rersdorf, die ja nicht nur dem Freizeitradfahren dienen, sollten nicht ganz vergessen werden. Jugendliche kommen hoffentlich im Sommer mit dem Rad ins Mistelbacher Freibad, etc.<\/li>\n<li>J) [T] Wenn man in diesem Sommer mit dem Rad in der Stadt unterwegs war (vielleicht auch mit dem Auto oder zu Fu\u00df) konnte man immer wieder Gruppen von <strong>Radtouristen<\/strong> sehen, die manchmal auf vielbefahrenen Stra\u00dfen (mangels richtiger Beschilderungen oder falscher Anweisungen ihrer GPS-basierten Ger\u00e4te) unterwegs waren, obwohl es parallel dazu bessere M\u00f6glichkeiten g\u00e4be. Vermutlich k\u00f6nnten stellenweise weitere Hinweistafeln am Ortsrand oder an neuralgischen Punkten helfen.<\/li>\n<li>K) [T] Im Moment bestehen <strong>KEINE M\u00f6glichkeiten im Raum Mistelbach R\u00e4der auszuborgen<\/strong>, und zwar weder in der Stadt noch in der n\u00e4heren Umgebung. Die Kooperation mit NEXTBIKE ist leider (aus vielleicht verst\u00e4ndlichen, finanzielle Gr\u00fcnden) eingestellt worden, aber auch andere M\u00f6glichkeiten privater Initiativen (Hotels, etc.) sind wieder beendet worden, vor allem aus Mangel an Nachfrage. Angesichts der Tatsache, dass Mistelbach gut per Bahn erreichbar ist (im Gegensatz zu Poysdorf etwa, wo eine Anfahrt nur per Bus oder Auto m\u00f6glich ist) und der geographischen Gegebenheiten, w\u00e4re Mistelbach ja ein idealer Ausgangspunkt f\u00fcr Radtouren, insbesondere mit E-Bikes. Vielleicht fehlt es an Werbung, an organisatorischem Hintergrund, was auch immer. Die Radlobby wird sich bem\u00fchen, in diesem Bereich konkrete Initiativen zu setzen, Radbegeisterte (vorerst mit eigenem Rad) vielleicht nach Mistelbach zu bringen, zum Nutzen der lokalen Gastronomie. Anregungen\/Hinweise und auch Hilfestellungen seitens der Gemeinde sind hier sicher auch sehr hilfreich.<\/li>\n<li>L) [A] Im Abschnitt der <strong>Gr\u00fcnen Stra\u00dfe <\/strong>(zwischen der B\u00e4ckerei Heindl und der Volksbank) sollte anstelle der VERPFLICHTENDEN Tafel die rechteckige Version verwendet werden, denn schnelle Radfahrer, oder in Situation, in denen Familien mit Kindern auf dem Gehsteig unterwegs sind, ist es besser, wenn die Radfahrer gemeinsam mit den Autos, die ja dort ohnehin nicht schnell fahren k\u00f6nnen\/sollten, sich auf der Stra\u00dfe bewegen. Auch die aus dem Neubau herauskommenden Personen werden eher von Radfahrern gef\u00e4hrdet, die auf dem Gehsteig fahren (m\u00fcssen), als wenn diese auf der Stra\u00dfe fahren. Vermutlich gab es zum Zeitpunkt der Errichtung diese Variante noch nicht! Ebenso sind diese Tafeln gar nicht sichtbar wenn man einerseits vom Penny-Markt oder vom Kino in die Gr\u00fcne Stra\u00dfe einf\u00e4hrt. Also auf jeden Fall eine (unn\u00f6tige) Problemlage. Daher bitte diese Art von Tafeln, zwischen Volksbank und B\u00e4ckerei Heindl:<\/li>\n<\/ol>\n<ul>\n<li><strong> 53\/28: &#8220;Geh- und Radweg ohne Ben\u00fctzungspflicht&#8221;<\/strong><\/li>\n<\/ul>\n<p>Zeigt den Beginn eines Geh- und Radweges <u>ohne Ben\u00fctzungspflicht an. <\/u><\/p>\n<ol>\n<li>M) [A] Die L\u00fccke im Bereich Bahnhof &#8211; Gasthof Pollak ist schmerzhaft f\u00fcr Radfahrer, die etwa vom Lagerhaus in Richtung Hauptplatz fahren wollen. Sollen Sie schieben? D\u00fcrfen Sie auf der Bahnseite auf dem Bahnsteig fahren? Nein! Das betrifft unter anderem alle Radfahrer, die von der Stadtseite kommen und ihr Rad auf dem gro\u00dfen Radabstellplatz auf der Lagerhausseite abstellen (ca. 20-30 R\u00e4der im Sommer). Der Radabstellplatz auf der anderen Seite des Bahnhofs ist zu klein f\u00fcr alle. Auch die M\u00f6glichkeit, durch die Unterf\u00fchrung bei der Volksschule fahrend die sogenannte (nicht ausgeschilderte) Quergasse Richtung Bahnstra\u00dfe gegen die wenig befahrene Einbahnstra\u00dfe zu fahren, wurde als Wunsch an mich herangetragen.<\/li>\n<li>N)\u00a0[A] \u00a0Im gesamten Bereich der Stadt gibt es immer wieder unangenehme &#8220;harte&#8221; oder &#8220;steile&#8221; <strong>Rampen<\/strong>, die v\u00f6llig unn\u00f6tig sind und mit eine wenig Asphalt leicht verbesserbar w\u00e4ren. Wir werden im Lauf der Zeit eine konkrete Wunschliste zu dem Thema formulieren, aber es ist sicher w\u00fcnschenswert, dass schon in n\u00e4chster Zeit bei Neubauten darauf R\u00fccksicht genommen wird. Teilweise fehlen solche Rampen auch einfach noch (etwa beim BILLA, Triftweg, Querung).<\/li>\n<li>O) [T] Die Stelle f\u00fcr Radtourismus der <strong>Weinviertel Tourismus GmbH in Poysdorf<\/strong> wurde zwar neu ausgeschrieben, ist aber noch immer nicht besetzt worden. Eine Kooperation mit diesem &#8220;Player&#8221; im Bereich Radfahren\/Radtourismus ist auf jeden Fall schon auf Schiene, auch wenn im Moment keine Aktivit\u00e4ten (etwa in Richtung Anlegen neuer Radwege, wie etwa: &#8220;Wir umradeln Mistelbach&#8221;) im Gange sind. Klarerweise sind solche Pl\u00e4ne mit der Gemeinde abzustimmen. Seit Herbst war die Stelle der Radverantwortlichen vor\u00fcbergehend verwaist.<\/li>\n<\/ol>\n<p><em>Ich darf zum Abschluss anmerken, dass ich bereits seit einigen Monaten durch Kontakte mit Mag. M. Sch\u00f6nmann viele Informationen ausgetauscht habe. Insbesondere hat er jeweils sehr rasch auf fehlende oder veraltete Informationen (betreffend Radfahren in Mistelbach) auf der Homepage der Gemeinde reagiert, sodass \u00fcber diesen Kanal eine gute Kommunikationsm\u00f6glichkeit zwischen Radlobby und der Gemeinde m\u00f6glich erscheint, die eine Aufbereitung von allseits erw\u00fcnschten positiven Ma\u00dfnahmen in der Zukunft sicherlich erleichtern wird<\/em>.<\/p>\n<p>Die Radlobby ist jedenfalls gespr\u00e4chsbereit, dankbar f\u00fcr Hinweise und insbesondere Umsetzung von Vorschl\u00e4gen, so wie es eben m\u00f6glich ist. Wir werden weiterhin beobachten, wie sich die Lage in der Gemeinde (hoffentlich) weiter verbessert und werden auch neue Vorschl\u00e4ge machen. Noch im Februar planen wir ein Treffen von Interessenten (eine wachsende Gruppe von Alltagsradfahrern) und im M\u00e4rz planen wir eine Informationsveranstaltung, die auf der Homepage der Radlobby Gruppe Mistelbach (im Aufbau) und im Mistelbach-Newsletter der Gemeinde angek\u00fcndigt werden wird.<\/p>\n<p>Mit besten Gr\u00fc\u00dfen, HGFei (Hans G. Feichtinger e.h.)<\/p>\n<p>&nbsp;<\/p>\n<p>Hans G. Feichtinger<br \/>\nGruppenverantwortlicher<br \/>\nRadlobby Mistelbach<br \/>\n&#8212;&#8212;&#8212;&#8212;&#8212;&#8212;&#8212;&#8212;&#8212;&#8212;&#8212;&#8212;&#8212;&#8212;&#8212;&#8212;&#8212;&#8212;&#8212;&#8212;&#8211;<br \/>\nRadlobby Mistelbach Winzerschulgasse 96<br \/>\n2130 Mistelbach<br \/>\n0664 817 4942<br \/>\n<a href=\"mailto:mistelbach@radlobby.at\">mistelbach@radlobby.at<\/a><br \/>\n&#8212;&#8212;&#8212;&#8212;&#8212;&#8212;&#8212;&#8212;&#8212;&#8212;&#8212;&#8212;&#8212;&#8212;&#8212;&#8212;&#8212;&#8212;&#8212;&#8212;&#8211;<br \/>\nDie Radlobby Mistelbach ist eine Gruppe des<br \/>\nVereines Radlobby Nieder\u00f6sterreich<br \/>\nZVR 853797691 \u00b7 DVR 4007417<br \/>\n&#8212;&#8212;&#8212;&#8212;&#8212;&#8212;&#8212;&#8212;&#8212;&#8212;&#8212;&#8212;&#8212;&#8212;&#8212;&#8212;&#8212;&#8212;&#8212;&#8212;&#8211;<br \/>\nLINKS: <a href=\"https:\/\/www.radlobby.at\/niederoesterreich\">https:\/\/www.radlobby.at\/niederoesterreich<\/a><br \/>\n<a href=\"https:\/\/www.radlobby.at\/radlobby-newsletter-abonnieren\">https:\/\/www.radlobby.at\/radlobby-newsletter-abonnieren<\/a><br \/>\n<a href=\"https:\/\/www.radlobby.at\/wolkersdorf\">https:\/\/www.radlobby.at\/wolkersdorf<\/a><br \/>\n<a href=\"https:\/\/www.radlobby.at\/mistelbach\">https:\/\/www.radlobby.at\/mistelbach<\/a> (erst im Aufbau begriffen)<\/p>\n","protected":false},"excerpt":{"rendered":"<p>Die Radlobby stellt sich bei den Mitgliedern des Gemeinderats vor, mit einigen Anregungen Mistelbach, 29. Januar 2017 Sehr geehrter Herr B\u00fcrgermeister, sehr geehrte Damen und Herren des Gemeinderates (mit der Bitte auch um Weiterleitung an involvierte Mitarbeiter der Gemeinde!) Zuerst<\/p>\n","protected":false},"author":13,"featured_media":0,"comment_status":"closed","ping_status":"closed","sticky":false,"template":"","format":"standard","meta":{"footnotes":""},"categories":[6],"tags":[],"class_list":["post-2878","post","type-post","status-publish","format-standard","hentry","category-mistelbach"],"yoast_head":"<!-- This site is optimized with the Yoast SEO plugin v26.9 - https:\/\/yoast.com\/product\/yoast-seo-wordpress\/ -->\n<title>Schreiben an die Mitglieder des Gemeinderates von Mistelbach - Radlobby Nieder\u00f6sterreich<\/title>\n<meta name=\"robots\" content=\"index, follow, max-snippet:-1, max-image-preview:large, max-video-preview:-1\" \/>\n<link rel=\"canonical\" href=\"https:\/\/www.radlobby.org\/noe\/schreiben-an-die-mitglieder-des-gemeinderates-von-mistelbach\/\" \/>\n<meta property=\"og:locale\" content=\"de_DE\" \/>\n<meta property=\"og:type\" content=\"article\" \/>\n<meta property=\"og:title\" content=\"Schreiben an die Mitglieder des Gemeinderates von Mistelbach - Radlobby Nieder\u00f6sterreich\" \/>\n<meta property=\"og:description\" content=\"Die Radlobby stellt sich bei den Mitgliedern des Gemeinderats vor, mit einigen Anregungen Mistelbach, 29. Januar 2017 Sehr geehrter Herr B\u00fcrgermeister, sehr geehrte Damen und Herren des Gemeinderates (mit der Bitte auch um Weiterleitung an involvierte Mitarbeiter der Gemeinde!) Zuerst\" \/>\n<meta property=\"og:url\" content=\"https:\/\/www.radlobby.org\/noe\/schreiben-an-die-mitglieder-des-gemeinderates-von-mistelbach\/\" \/>\n<meta property=\"og:site_name\" content=\"Radlobby Nieder\u00f6sterreich\" \/>\n<meta property=\"article:publisher\" content=\"https:\/\/www.facebook.com\/groups\/radfahren.in.noe\/\" \/>\n<meta property=\"article:published_time\" content=\"2017-03-31T12:04:51+00:00\" \/>\n<meta property=\"og:image\" content=\"https:\/\/www.radlobby.org\/noe\/wp-content\/uploads\/20200101-RLWN-Neujahrsaradeln-DSC_0105a_1900px-1.jpg\" \/>\n\t<meta property=\"og:image:width\" content=\"1900\" \/>\n\t<meta property=\"og:image:height\" content=\"770\" \/>\n\t<meta property=\"og:image:type\" content=\"image\/jpeg\" \/>\n<meta name=\"author\" content=\"Hans Feichtinger\" \/>\n<meta name=\"twitter:card\" content=\"summary_large_image\" \/>\n<meta name=\"twitter:label1\" content=\"Verfasst von\" \/>\n\t<meta name=\"twitter:data1\" content=\"Hans Feichtinger\" \/>\n\t<meta name=\"twitter:label2\" content=\"Gesch\u00e4tzte Lesezeit\" \/>\n\t<meta name=\"twitter:data2\" content=\"12\u00a0Minuten\" \/>\n<script type=\"application\/ld+json\" class=\"yoast-schema-graph\">{\"@context\":\"https:\/\/schema.org\",\"@graph\":[{\"@type\":\"Article\",\"@id\":\"https:\/\/www.radlobby.org\/noe\/schreiben-an-die-mitglieder-des-gemeinderates-von-mistelbach\/#article\",\"isPartOf\":{\"@id\":\"https:\/\/www.radlobby.org\/noe\/schreiben-an-die-mitglieder-des-gemeinderates-von-mistelbach\/\"},\"author\":{\"name\":\"Hans Feichtinger\",\"@id\":\"https:\/\/www.radlobby.org\/noe\/#\/schema\/person\/22869bcf908220447f09506c76ed8e53\"},\"headline\":\"Schreiben an die Mitglieder des Gemeinderates von Mistelbach\",\"datePublished\":\"2017-03-31T12:04:51+00:00\",\"mainEntityOfPage\":{\"@id\":\"https:\/\/www.radlobby.org\/noe\/schreiben-an-die-mitglieder-des-gemeinderates-von-mistelbach\/\"},\"wordCount\":2373,\"publisher\":{\"@id\":\"https:\/\/www.radlobby.org\/noe\/#organization\"},\"articleSection\":[\"Radlobby Mistelbach\"],\"inLanguage\":\"de\"},{\"@type\":\"WebPage\",\"@id\":\"https:\/\/www.radlobby.org\/noe\/schreiben-an-die-mitglieder-des-gemeinderates-von-mistelbach\/\",\"url\":\"https:\/\/www.radlobby.org\/noe\/schreiben-an-die-mitglieder-des-gemeinderates-von-mistelbach\/\",\"name\":\"Schreiben an die Mitglieder des Gemeinderates von Mistelbach - Radlobby Nieder\u00f6sterreich\",\"isPartOf\":{\"@id\":\"https:\/\/www.radlobby.org\/noe\/#website\"},\"datePublished\":\"2017-03-31T12:04:51+00:00\",\"breadcrumb\":{\"@id\":\"https:\/\/www.radlobby.org\/noe\/schreiben-an-die-mitglieder-des-gemeinderates-von-mistelbach\/#breadcrumb\"},\"inLanguage\":\"de\",\"potentialAction\":[{\"@type\":\"ReadAction\",\"target\":[\"https:\/\/www.radlobby.org\/noe\/schreiben-an-die-mitglieder-des-gemeinderates-von-mistelbach\/\"]}]},{\"@type\":\"BreadcrumbList\",\"@id\":\"https:\/\/www.radlobby.org\/noe\/schreiben-an-die-mitglieder-des-gemeinderates-von-mistelbach\/#breadcrumb\",\"itemListElement\":[{\"@type\":\"ListItem\",\"position\":1,\"name\":\"Startseite\",\"item\":\"https:\/\/www.radlobby.org\/noe\/\"},{\"@type\":\"ListItem\",\"position\":2,\"name\":\"Schreiben an die Mitglieder des Gemeinderates von Mistelbach\"}]},{\"@type\":\"WebSite\",\"@id\":\"https:\/\/www.radlobby.org\/noe\/#website\",\"url\":\"https:\/\/www.radlobby.org\/noe\/\",\"name\":\"Radlobby Nieder\u00f6sterreich\",\"description\":\"Radverkehr, Fahrrad, Radfahren, Radreisen, Radtouren, Radweg\",\"publisher\":{\"@id\":\"https:\/\/www.radlobby.org\/noe\/#organization\"},\"potentialAction\":[{\"@type\":\"SearchAction\",\"target\":{\"@type\":\"EntryPoint\",\"urlTemplate\":\"https:\/\/www.radlobby.org\/noe\/?s={search_term_string}\"},\"query-input\":{\"@type\":\"PropertyValueSpecification\",\"valueRequired\":true,\"valueName\":\"search_term_string\"}}],\"inLanguage\":\"de\"},{\"@type\":\"Organization\",\"@id\":\"https:\/\/www.radlobby.org\/noe\/#organization\",\"name\":\"Radlobby Nieder\u00f6sterreich\",\"url\":\"https:\/\/www.radlobby.org\/noe\/\",\"logo\":{\"@type\":\"ImageObject\",\"inLanguage\":\"de\",\"@id\":\"https:\/\/www.radlobby.org\/noe\/#\/schema\/logo\/image\/\",\"url\":\"https:\/\/www.radlobby.org\/noe\/wp-content\/uploads\/2017\/01\/cropped-Logo_Radlobby_Niederoesterreich_50-400px_quer-1.jpg\",\"contentUrl\":\"https:\/\/www.radlobby.org\/noe\/wp-content\/uploads\/2017\/01\/cropped-Logo_Radlobby_Niederoesterreich_50-400px_quer-1.jpg\",\"width\":450,\"height\":124,\"caption\":\"Radlobby Nieder\u00f6sterreich\"},\"image\":{\"@id\":\"https:\/\/www.radlobby.org\/noe\/#\/schema\/logo\/image\/\"},\"sameAs\":[\"https:\/\/www.facebook.com\/groups\/radfahren.in.noe\/\"]},{\"@type\":\"Person\",\"@id\":\"https:\/\/www.radlobby.org\/noe\/#\/schema\/person\/22869bcf908220447f09506c76ed8e53\",\"name\":\"Hans Feichtinger\",\"image\":{\"@type\":\"ImageObject\",\"inLanguage\":\"de\",\"@id\":\"https:\/\/www.radlobby.org\/noe\/#\/schema\/person\/image\/\",\"url\":\"https:\/\/secure.gravatar.com\/avatar\/39566f4fc70e50cd2616029a3732af91cd3747f7adb54cb2a6ba1f29965ab372?s=96&d=mm&r=g\",\"contentUrl\":\"https:\/\/secure.gravatar.com\/avatar\/39566f4fc70e50cd2616029a3732af91cd3747f7adb54cb2a6ba1f29965ab372?s=96&d=mm&r=g\",\"caption\":\"Hans Feichtinger\"},\"url\":\"https:\/\/www.radlobby.org\/noe\/author\/hansfeichtinger\/\"}]}<\/script>\n<!-- \/ Yoast SEO plugin. -->","yoast_head_json":{"title":"Schreiben an die Mitglieder des Gemeinderates von Mistelbach - Radlobby Nieder\u00f6sterreich","robots":{"index":"index","follow":"follow","max-snippet":"max-snippet:-1","max-image-preview":"max-image-preview:large","max-video-preview":"max-video-preview:-1"},"canonical":"https:\/\/www.radlobby.org\/noe\/schreiben-an-die-mitglieder-des-gemeinderates-von-mistelbach\/","og_locale":"de_DE","og_type":"article","og_title":"Schreiben an die Mitglieder des Gemeinderates von Mistelbach - Radlobby Nieder\u00f6sterreich","og_description":"Die Radlobby stellt sich bei den Mitgliedern des Gemeinderats vor, mit einigen Anregungen Mistelbach, 29. Januar 2017 Sehr geehrter Herr B\u00fcrgermeister, sehr geehrte Damen und Herren des Gemeinderates (mit der Bitte auch um Weiterleitung an involvierte Mitarbeiter der Gemeinde!) Zuerst","og_url":"https:\/\/www.radlobby.org\/noe\/schreiben-an-die-mitglieder-des-gemeinderates-von-mistelbach\/","og_site_name":"Radlobby Nieder\u00f6sterreich","article_publisher":"https:\/\/www.facebook.com\/groups\/radfahren.in.noe\/","article_published_time":"2017-03-31T12:04:51+00:00","og_image":[{"width":1900,"height":770,"url":"https:\/\/www.radlobby.org\/noe\/wp-content\/uploads\/20200101-RLWN-Neujahrsaradeln-DSC_0105a_1900px-1.jpg","type":"image\/jpeg"}],"author":"Hans Feichtinger","twitter_card":"summary_large_image","twitter_misc":{"Verfasst von":"Hans Feichtinger","Gesch\u00e4tzte Lesezeit":"12\u00a0Minuten"},"schema":{"@context":"https:\/\/schema.org","@graph":[{"@type":"Article","@id":"https:\/\/www.radlobby.org\/noe\/schreiben-an-die-mitglieder-des-gemeinderates-von-mistelbach\/#article","isPartOf":{"@id":"https:\/\/www.radlobby.org\/noe\/schreiben-an-die-mitglieder-des-gemeinderates-von-mistelbach\/"},"author":{"name":"Hans Feichtinger","@id":"https:\/\/www.radlobby.org\/noe\/#\/schema\/person\/22869bcf908220447f09506c76ed8e53"},"headline":"Schreiben an die Mitglieder des Gemeinderates von Mistelbach","datePublished":"2017-03-31T12:04:51+00:00","mainEntityOfPage":{"@id":"https:\/\/www.radlobby.org\/noe\/schreiben-an-die-mitglieder-des-gemeinderates-von-mistelbach\/"},"wordCount":2373,"publisher":{"@id":"https:\/\/www.radlobby.org\/noe\/#organization"},"articleSection":["Radlobby Mistelbach"],"inLanguage":"de"},{"@type":"WebPage","@id":"https:\/\/www.radlobby.org\/noe\/schreiben-an-die-mitglieder-des-gemeinderates-von-mistelbach\/","url":"https:\/\/www.radlobby.org\/noe\/schreiben-an-die-mitglieder-des-gemeinderates-von-mistelbach\/","name":"Schreiben an die Mitglieder des Gemeinderates von Mistelbach - Radlobby Nieder\u00f6sterreich","isPartOf":{"@id":"https:\/\/www.radlobby.org\/noe\/#website"},"datePublished":"2017-03-31T12:04:51+00:00","breadcrumb":{"@id":"https:\/\/www.radlobby.org\/noe\/schreiben-an-die-mitglieder-des-gemeinderates-von-mistelbach\/#breadcrumb"},"inLanguage":"de","potentialAction":[{"@type":"ReadAction","target":["https:\/\/www.radlobby.org\/noe\/schreiben-an-die-mitglieder-des-gemeinderates-von-mistelbach\/"]}]},{"@type":"BreadcrumbList","@id":"https:\/\/www.radlobby.org\/noe\/schreiben-an-die-mitglieder-des-gemeinderates-von-mistelbach\/#breadcrumb","itemListElement":[{"@type":"ListItem","position":1,"name":"Startseite","item":"https:\/\/www.radlobby.org\/noe\/"},{"@type":"ListItem","position":2,"name":"Schreiben an die Mitglieder des Gemeinderates von Mistelbach"}]},{"@type":"WebSite","@id":"https:\/\/www.radlobby.org\/noe\/#website","url":"https:\/\/www.radlobby.org\/noe\/","name":"Radlobby Nieder\u00f6sterreich","description":"Radverkehr, Fahrrad, Radfahren, Radreisen, Radtouren, Radweg","publisher":{"@id":"https:\/\/www.radlobby.org\/noe\/#organization"},"potentialAction":[{"@type":"SearchAction","target":{"@type":"EntryPoint","urlTemplate":"https:\/\/www.radlobby.org\/noe\/?s={search_term_string}"},"query-input":{"@type":"PropertyValueSpecification","valueRequired":true,"valueName":"search_term_string"}}],"inLanguage":"de"},{"@type":"Organization","@id":"https:\/\/www.radlobby.org\/noe\/#organization","name":"Radlobby Nieder\u00f6sterreich","url":"https:\/\/www.radlobby.org\/noe\/","logo":{"@type":"ImageObject","inLanguage":"de","@id":"https:\/\/www.radlobby.org\/noe\/#\/schema\/logo\/image\/","url":"https:\/\/www.radlobby.org\/noe\/wp-content\/uploads\/2017\/01\/cropped-Logo_Radlobby_Niederoesterreich_50-400px_quer-1.jpg","contentUrl":"https:\/\/www.radlobby.org\/noe\/wp-content\/uploads\/2017\/01\/cropped-Logo_Radlobby_Niederoesterreich_50-400px_quer-1.jpg","width":450,"height":124,"caption":"Radlobby Nieder\u00f6sterreich"},"image":{"@id":"https:\/\/www.radlobby.org\/noe\/#\/schema\/logo\/image\/"},"sameAs":["https:\/\/www.facebook.com\/groups\/radfahren.in.noe\/"]},{"@type":"Person","@id":"https:\/\/www.radlobby.org\/noe\/#\/schema\/person\/22869bcf908220447f09506c76ed8e53","name":"Hans Feichtinger","image":{"@type":"ImageObject","inLanguage":"de","@id":"https:\/\/www.radlobby.org\/noe\/#\/schema\/person\/image\/","url":"https:\/\/secure.gravatar.com\/avatar\/39566f4fc70e50cd2616029a3732af91cd3747f7adb54cb2a6ba1f29965ab372?s=96&d=mm&r=g","contentUrl":"https:\/\/secure.gravatar.com\/avatar\/39566f4fc70e50cd2616029a3732af91cd3747f7adb54cb2a6ba1f29965ab372?s=96&d=mm&r=g","caption":"Hans Feichtinger"},"url":"https:\/\/www.radlobby.org\/noe\/author\/hansfeichtinger\/"}]}},"_links":{"self":[{"href":"https:\/\/www.radlobby.org\/noe\/wp-json\/wp\/v2\/posts\/2878","targetHints":{"allow":["GET"]}}],"collection":[{"href":"https:\/\/www.radlobby.org\/noe\/wp-json\/wp\/v2\/posts"}],"about":[{"href":"https:\/\/www.radlobby.org\/noe\/wp-json\/wp\/v2\/types\/post"}],"author":[{"embeddable":true,"href":"https:\/\/www.radlobby.org\/noe\/wp-json\/wp\/v2\/users\/13"}],"replies":[{"embeddable":true,"href":"https:\/\/www.radlobby.org\/noe\/wp-json\/wp\/v2\/comments?post=2878"}],"version-history":[{"count":0,"href":"https:\/\/www.radlobby.org\/noe\/wp-json\/wp\/v2\/posts\/2878\/revisions"}],"wp:attachment":[{"href":"https:\/\/www.radlobby.org\/noe\/wp-json\/wp\/v2\/media?parent=2878"}],"wp:term":[{"taxonomy":"category","embeddable":true,"href":"https:\/\/www.radlobby.org\/noe\/wp-json\/wp\/v2\/categories?post=2878"},{"taxonomy":"post_tag","embeddable":true,"href":"https:\/\/www.radlobby.org\/noe\/wp-json\/wp\/v2\/tags?post=2878"}],"curies":[{"name":"wp","href":"https:\/\/api.w.org\/{rel}","templated":true}]}}