{"id":28013,"date":"2023-03-15T05:55:03","date_gmt":"2023-03-15T04:55:03","guid":{"rendered":"https:\/\/www.radlobby.org\/noe\/?p=28013"},"modified":"2023-03-17T04:06:05","modified_gmt":"2023-03-17T03:06:05","slug":"positives-feedback-geben","status":"publish","type":"post","link":"https:\/\/www.radlobby.org\/noe\/positives-feedback-geben\/","title":{"rendered":"Positives Feedback geben"},"content":{"rendered":"<p>In und um Wolkersdorf hat sich in den letzten Jahren betreffend Radinfrastruktur vieles zum Positiven ver\u00e4ndert, auch wenn sich die Radlobby mehr radfreundliche Infrastruktur w\u00fcnscht.<\/p>\n<p>Uns ist bewusst, dass manche B\u00fcrger*innen damit keine Freude haben und das auch lautstark gegen\u00fcber der Politik, den Gemeindevertretern und der Stadtverwaltung artikulieren.<\/p>\n<h5>Positives Feedback geben<\/h5>\n<p>Wir ermuntern daher alle Radler*innen, positive R\u00fcckmeldungen zu Projekten, die schon umgesetzt wurden oder noch werden, an die Stadtverwaltung, den B\u00fcrgermeister und andere Politiker*innen zu geben oder einfach Dank auszusprechen.<\/p>\n<p>Damit k\u00f6nnten die in der Wahrnehmung von Entscheidungstr\u00e4gerinnen und \u2013tr\u00e4gern negativen R\u00fcckmeldungen, Beschwerden und sogar Beschimpfungen, die sie erhalten, wieder zurechtger\u00fcckt werden.<\/p>\n<p>Verwirklichte Ma\u00dfnahmen:<\/p>\n<p>Seit es die Radlobby Wolkersdorf gibt, wurden in und rund um Wolkersdorf<\/p>\n<ul>\n<li>in der Hofgartenstra\u00dfe ein Geh-und Radweg als Zufahrt zum Billa errichtet<\/li>\n<li>entlang der Wienerstra\u00dfe von der Bahnstra\u00dfe bis zum Ortsende im S\u00fcden ein Geh- und Radweg errichtet<\/li>\n<li>der Weg von M\u00fcnichsthal nach Wolkersdorf zum Gro\u00dfteil asphaltiert<\/li>\n<li>die \u00dcberfahrt von der Hauptstra\u00dfe zum Hauptplatz durch rote Bodenmarkierungen sicherer gestaltet<\/li>\n<li>eine Radbr\u00fccke beim Obersdorfer Tennisplatz \u00fcber den Ru\u00dfbach errichtet<\/li>\n<li>in der Alleegasse vor der Wienerstra\u00dfe eine vorgezogene Haltebox markiert<\/li>\n<li>die Einbahn in der Bachgasse hinter dem Rathaus f\u00fcr Radfahrende ge\u00f6ffnet<\/li>\n<li>das Radfahrverbote, das es in einem Teil des Schlossparks gab, aufgehoben<\/li>\n<li>der Kreuzungsbereich der Obersdorfer Stra\u00dfe mit der Bahnallee durch rote Einf\u00e4rbung sicherer gemacht und eine radunfreundliche Schwelle entfernt<\/li>\n<li>der Geh- und Radweg von der Antoniusgasse zum Obersdorfer Bahnhof verbreitert und neu asphaltiert<\/li>\n<li>an den Bahnh\u00f6fen Wolkersdorf und Obersdorf neue Abstellanlagen errichtet<\/li>\n<li>zahlreiche Radb\u00fcgel bei der Volksschule, im Zentrum, in der Hauptstra\u00dfe, beim Outback aufgestellt<\/li>\n<li>am Bahnhof Wolkersdorf Radboxen aufgestellt<\/li>\n<li>die Dr. Werner Katzmann \u2013 Promenade als Geh- und Radweg errichtet<\/li>\n<li>der Geh- und Radweg in der Kirschenallee von der Umkehrschleife bis zur Volksschule verbreitert und verl\u00e4ngert<\/li>\n<li>die Einbahn in der Hofgartenstra\u00dfe ge\u00f6ffnet<\/li>\n<li>die Kapelle an der Ortsgrenze Obersdorf-Pillichsdorf, die den EuroVelo 9 einengte, versetzt<\/li>\n<li>Radwege mit Ben\u00fctzungspflicht in solche ohne Ben\u00fctzungspflicht umgewandelt<\/li>\n<li>von Schleinbach nach Ulrichskrichen entlang der L3104 ein stra\u00dfenbegleitender Geh- und Radweg errichtet<\/li>\n<li>in Ulrichskirchen auf einem Abschnitt der Schleinbacher Stra\u00dfe ein stra\u00dfenbegleitender Geh- und Radweg errichtet<\/li>\n<\/ul>\n<p>Und nat\u00fcrlich gibt es noch zahlreiche Anliegen und Projekte, die sicherere und schnellere Radverbindungen bringen w\u00fcrden (<a href=\"https:\/\/www.radlobby.org\/noe\/radstadt-wolkersdorf\/\">Konzept Radstadt Wolkersdorf der Radlobby<\/a>, <a href=\"https:\/\/www.wolkersdorf.at\/Unsere_Gemeinde\/Leben_Wohnen\/Mobilitaetskonzept\">Mobilit\u00e4tskonzept Wolkersdorf<\/a>).<\/p>\n<p>Also trauen Sie sich, schreiben Sie eine Nachricht oder rufen sie an.<\/p>\n<h5>Kontakte<\/h5>\n<p><a href=\"https:\/\/www.wolkersdorf.at\/Gemeindeamt_Politik\/Verwaltung\/Kontakt_Amtsstunden\">Hier<\/a> die Kontakte zur Stadtverwaltung:<\/p>\n<p>Telefon: +43 2245 2401 14<\/p>\n<p>E-Mail:<\/p>\n<p><a title=\"E-Mail an die Stadtgemeinde Wolkersdorf senden\" href=\"mailto:stadtamt@wolkersdorf.at\">stadtamt@wolkersdorf.at<\/a><\/p>\n<p>&nbsp;<\/p>\n<p>Und <a href=\"https:\/\/www.wolkersdorf.at\/Gemeindeamt_Politik\/Politik\/Buergermeister\">hier<\/a> die Kontakte zur Politik:<\/p>\n<p>Telefon: +43 2245 2401 14<\/p>\n<p>E-Mail:<\/p>\n<p><a href=\"mailto:buergermeister@wolkersdorf.at\">buergermeister@wolkersdorf.at<\/a><\/p>\n<p><a href=\"mailto:bors@wolkersdorf.at\">bors@wolkersdorf.at<\/a><\/p>\n<p><a href=\"mailto:ov.obersdorf@wolkersdorf.at\">ov.obersdorf@wolkersdorf.at<\/a><\/p>\n<p><a href=\"mailto:ov.muenichsthal@wolkersdorf.at\">ov.muenichsthal@wolkersdorf.at<\/a><\/p>\n<p><a href=\"mailto:ov.riedenthal@wolkersdorf.at\">ov.riedenthal@wolkersdorf.at<\/a><\/p>\n<p><a href=\"mailto:ov.pfoesing@wolkersdorf.at\">ov.pfoesing@wolkersdorf.at<\/a><\/p>\n<p><a href=\"mailto:ov.wolkersdorf@wolkersdorf.at\">ov.wolkersdorf@wolkersdorf.at<\/a><\/p>\n<p><img loading=\"lazy\" decoding=\"async\" class=\"alignnone size-medium wp-image-22688\" src=\"https:\/\/www.radlobby.org\/noe\/wp-content\/uploads\/Kirschenalle_VS_4-300x225.jpg\" alt=\"\" width=\"300\" height=\"225\" srcset=\"https:\/\/www.radlobby.org\/noe\/wp-content\/uploads\/Kirschenalle_VS_4-300x225.jpg 300w, https:\/\/www.radlobby.org\/noe\/wp-content\/uploads\/Kirschenalle_VS_4-768x576.jpg 768w, https:\/\/www.radlobby.org\/noe\/wp-content\/uploads\/Kirschenalle_VS_4.jpg 1312w\" sizes=\"auto, (max-width: 300px) 100vw, 300px\" \/> <img loading=\"lazy\" decoding=\"async\" class=\"alignnone size-medium wp-image-20839\" src=\"https:\/\/www.radlobby.org\/noe\/wp-content\/uploads\/Anzengruberzeile_2-300x225.jpg\" alt=\"\" width=\"300\" height=\"225\" srcset=\"https:\/\/www.radlobby.org\/noe\/wp-content\/uploads\/Anzengruberzeile_2-300x225.jpg 300w, https:\/\/www.radlobby.org\/noe\/wp-content\/uploads\/Anzengruberzeile_2-768x576.jpg 768w, https:\/\/www.radlobby.org\/noe\/wp-content\/uploads\/Anzengruberzeile_2.jpg 1312w\" sizes=\"auto, (max-width: 300px) 100vw, 300px\" \/> <img loading=\"lazy\" decoding=\"async\" class=\"alignnone size-medium wp-image-17522\" src=\"https:\/\/www.radlobby.org\/noe\/wp-content\/uploads\/Hauptplatz_2_202104-300x225.jpg\" alt=\"\" width=\"300\" height=\"225\" srcset=\"https:\/\/www.radlobby.org\/noe\/wp-content\/uploads\/Hauptplatz_2_202104-300x225.jpg 300w, https:\/\/www.radlobby.org\/noe\/wp-content\/uploads\/Hauptplatz_2_202104-768x576.jpg 768w, https:\/\/www.radlobby.org\/noe\/wp-content\/uploads\/Hauptplatz_2_202104-1536x1152.jpg 1536w, https:\/\/www.radlobby.org\/noe\/wp-content\/uploads\/Hauptplatz_2_202104.jpg 2016w\" sizes=\"auto, (max-width: 300px) 100vw, 300px\" \/> <img loading=\"lazy\" decoding=\"async\" class=\"alignnone size-medium wp-image-17521\" src=\"https:\/\/www.radlobby.org\/noe\/wp-content\/uploads\/Volksschule_202104-300x225.jpg\" alt=\"\" width=\"300\" height=\"225\" srcset=\"https:\/\/www.radlobby.org\/noe\/wp-content\/uploads\/Volksschule_202104-300x225.jpg 300w, https:\/\/www.radlobby.org\/noe\/wp-content\/uploads\/Volksschule_202104-768x576.jpg 768w, https:\/\/www.radlobby.org\/noe\/wp-content\/uploads\/Volksschule_202104-1536x1152.jpg 1536w, https:\/\/www.radlobby.org\/noe\/wp-content\/uploads\/Volksschule_202104.jpg 2016w\" sizes=\"auto, (max-width: 300px) 100vw, 300px\" \/><img loading=\"lazy\" decoding=\"async\" class=\"alignnone size-medium wp-image-15235\" src=\"https:\/\/www.radlobby.org\/noe\/wp-content\/uploads\/Radboxen-300x167.jpg\" alt=\"\" width=\"300\" height=\"167\" srcset=\"https:\/\/www.radlobby.org\/noe\/wp-content\/uploads\/Radboxen-300x167.jpg 300w, https:\/\/www.radlobby.org\/noe\/wp-content\/uploads\/Radboxen-768x428.jpg 768w, https:\/\/www.radlobby.org\/noe\/wp-content\/uploads\/Radboxen-1536x857.jpg 1536w, https:\/\/www.radlobby.org\/noe\/wp-content\/uploads\/Radboxen-2048x1142.jpg 2048w\" sizes=\"auto, (max-width: 300px) 100vw, 300px\" \/> <img loading=\"lazy\" decoding=\"async\" class=\"alignnone size-medium wp-image-11522\" src=\"https:\/\/www.radlobby.org\/noe\/wp-content\/uploads\/Schlosspark_ohne_Verbot_2-300x215.jpg\" alt=\"\" width=\"300\" height=\"215\" srcset=\"https:\/\/www.radlobby.org\/noe\/wp-content\/uploads\/Schlosspark_ohne_Verbot_2-300x215.jpg 300w, https:\/\/www.radlobby.org\/noe\/wp-content\/uploads\/Schlosspark_ohne_Verbot_2.jpg 548w\" sizes=\"auto, (max-width: 300px) 100vw, 300px\" \/> <img loading=\"lazy\" decoding=\"async\" class=\"alignnone size-medium wp-image-7629\" src=\"https:\/\/www.radlobby.org\/noe\/wp-content\/uploads\/Alleegasse_vorgezogene_Haltelinie-225x300.jpg\" alt=\"\" width=\"225\" height=\"300\" srcset=\"https:\/\/www.radlobby.org\/noe\/wp-content\/uploads\/Alleegasse_vorgezogene_Haltelinie-225x300.jpg 225w, https:\/\/www.radlobby.org\/noe\/wp-content\/uploads\/Alleegasse_vorgezogene_Haltelinie.jpg 768w\" sizes=\"auto, (max-width: 225px) 100vw, 225px\" \/> <img loading=\"lazy\" decoding=\"async\" class=\"alignnone size-medium wp-image-26965\" src=\"https:\/\/www.radlobby.org\/noe\/wp-content\/uploads\/Kapelle_Asphalterneuerung-227x300.jpg\" alt=\"\" width=\"227\" height=\"300\" srcset=\"https:\/\/www.radlobby.org\/noe\/wp-content\/uploads\/Kapelle_Asphalterneuerung-227x300.jpg 227w, https:\/\/www.radlobby.org\/noe\/wp-content\/uploads\/Kapelle_Asphalterneuerung-768x1014.jpg 768w, https:\/\/www.radlobby.org\/noe\/wp-content\/uploads\/Kapelle_Asphalterneuerung-1164x1536.jpg 1164w, https:\/\/www.radlobby.org\/noe\/wp-content\/uploads\/Kapelle_Asphalterneuerung-1552x2048.jpg 1552w, https:\/\/www.radlobby.org\/noe\/wp-content\/uploads\/Kapelle_Asphalterneuerung.jpg 1772w\" sizes=\"auto, (max-width: 227px) 100vw, 227px\" \/><\/p>\n<p><img loading=\"lazy\" decoding=\"async\" class=\"alignnone size-medium wp-image-6750\" src=\"https:\/\/www.radlobby.org\/noe\/wp-content\/uploads\/neu_4_PR-300x225.jpg\" alt=\"\" width=\"300\" height=\"225\" srcset=\"https:\/\/www.radlobby.org\/noe\/wp-content\/uploads\/neu_4_PR-300x225.jpg 300w, https:\/\/www.radlobby.org\/noe\/wp-content\/uploads\/neu_4_PR-768x576.jpg 768w, https:\/\/www.radlobby.org\/noe\/wp-content\/uploads\/neu_4_PR.jpg 1080w\" sizes=\"auto, (max-width: 300px) 100vw, 300px\" \/>\u00a0<img loading=\"lazy\" decoding=\"async\" class=\"size-full wp-image-4579\" src=\"https:\/\/www.radlobby.org\/noe\/wp-content\/uploads\/Bachgasse_neu_1_Beitragsbild.jpg\" alt=\"\" width=\"259\" height=\"194\" \/> <img loading=\"lazy\" decoding=\"async\" class=\"size-medium wp-image-4570\" src=\"https:\/\/www.radlobby.org\/noe\/wp-content\/uploads\/Hauptstrasse_Rathausplatz_neu_3-300x225.jpg\" alt=\"\" width=\"300\" height=\"225\" srcset=\"https:\/\/www.radlobby.org\/noe\/wp-content\/uploads\/Hauptstrasse_Rathausplatz_neu_3-300x225.jpg 300w, https:\/\/www.radlobby.org\/noe\/wp-content\/uploads\/Hauptstrasse_Rathausplatz_neu_3-768x576.jpg 768w, https:\/\/www.radlobby.org\/noe\/wp-content\/uploads\/Hauptstrasse_Rathausplatz_neu_3.jpg 1080w\" sizes=\"auto, (max-width: 300px) 100vw, 300px\" \/>\u00a0<img loading=\"lazy\" decoding=\"async\" class=\"alignnone size-medium wp-image-28016\" src=\"https:\/\/www.radlobby.org\/noe\/wp-content\/uploads\/Muenichsthal_neu1-300x225.jpg\" alt=\"\" width=\"300\" height=\"225\" srcset=\"https:\/\/www.radlobby.org\/noe\/wp-content\/uploads\/Muenichsthal_neu1-300x225.jpg 300w, https:\/\/www.radlobby.org\/noe\/wp-content\/uploads\/Muenichsthal_neu1.jpg 640w\" sizes=\"auto, (max-width: 300px) 100vw, 300px\" \/> <img loading=\"lazy\" decoding=\"async\" class=\"alignnone size-medium wp-image-7377\" src=\"https:\/\/www.radlobby.org\/noe\/wp-content\/uploads\/Obersdorferstr_Bahnallee-300x169.jpg\" alt=\"\" width=\"300\" height=\"169\" srcset=\"https:\/\/www.radlobby.org\/noe\/wp-content\/uploads\/Obersdorferstr_Bahnallee-300x169.jpg 300w, https:\/\/www.radlobby.org\/noe\/wp-content\/uploads\/Obersdorferstr_Bahnallee-768x432.jpg 768w, https:\/\/www.radlobby.org\/noe\/wp-content\/uploads\/Obersdorferstr_Bahnallee.jpg 960w\" sizes=\"auto, (max-width: 300px) 100vw, 300px\" \/> <img loading=\"lazy\" decoding=\"async\" class=\"alignnone size-medium wp-image-7373\" src=\"https:\/\/www.radlobby.org\/noe\/wp-content\/uploads\/Obersdorf_Bahnhof_1-300x169.jpg\" alt=\"\" width=\"300\" height=\"169\" srcset=\"https:\/\/www.radlobby.org\/noe\/wp-content\/uploads\/Obersdorf_Bahnhof_1-300x169.jpg 300w, https:\/\/www.radlobby.org\/noe\/wp-content\/uploads\/Obersdorf_Bahnhof_1-768x432.jpg 768w, https:\/\/www.radlobby.org\/noe\/wp-content\/uploads\/Obersdorf_Bahnhof_1.jpg 960w\" sizes=\"auto, (max-width: 300px) 100vw, 300px\" \/> <img loading=\"lazy\" decoding=\"async\" class=\"alignnone size-medium wp-image-28017\" src=\"https:\/\/www.radlobby.org\/noe\/wp-content\/uploads\/Billa-1-300x225.jpg\" alt=\"\" width=\"300\" height=\"225\" srcset=\"https:\/\/www.radlobby.org\/noe\/wp-content\/uploads\/Billa-1-300x225.jpg 300w, https:\/\/www.radlobby.org\/noe\/wp-content\/uploads\/Billa-1-768x576.jpg 768w, https:\/\/www.radlobby.org\/noe\/wp-content\/uploads\/Billa-1.jpg 1080w\" sizes=\"auto, (max-width: 300px) 100vw, 300px\" \/> <img loading=\"lazy\" decoding=\"async\" class=\"alignnone size-medium wp-image-28019\" src=\"https:\/\/www.radlobby.org\/noe\/wp-content\/uploads\/Hofgartenstrasse_Einbahn_19-300x225.jpg\" alt=\"\" width=\"300\" height=\"225\" srcset=\"https:\/\/www.radlobby.org\/noe\/wp-content\/uploads\/Hofgartenstrasse_Einbahn_19-300x225.jpg 300w, https:\/\/www.radlobby.org\/noe\/wp-content\/uploads\/Hofgartenstrasse_Einbahn_19-768x576.jpg 768w, https:\/\/www.radlobby.org\/noe\/wp-content\/uploads\/Hofgartenstrasse_Einbahn_19-1536x1152.jpg 1536w, https:\/\/www.radlobby.org\/noe\/wp-content\/uploads\/Hofgartenstrasse_Einbahn_19-2048x1536.jpg 2048w\" sizes=\"auto, (max-width: 300px) 100vw, 300px\" \/> <img loading=\"lazy\" decoding=\"async\" class=\"alignnone size-medium wp-image-11524\" src=\"https:\/\/www.radlobby.org\/noe\/wp-content\/uploads\/Schleinbach_Radweg_Gruppe_1-300x225.jpg\" alt=\"\" width=\"300\" height=\"225\" srcset=\"https:\/\/www.radlobby.org\/noe\/wp-content\/uploads\/Schleinbach_Radweg_Gruppe_1-300x225.jpg 300w, https:\/\/www.radlobby.org\/noe\/wp-content\/uploads\/Schleinbach_Radweg_Gruppe_1.jpg 656w\" sizes=\"auto, (max-width: 300px) 100vw, 300px\" \/><\/p>\n","protected":false},"excerpt":{"rendered":"<p>In und um Wolkersdorf hat sich in den letzten Jahren betreffend Radinfrastruktur vieles zum Positiven ver\u00e4ndert, auch wenn sich die Radlobby mehr radfreundliche Infrastruktur w\u00fcnscht. Uns ist bewusst, dass manche B\u00fcrger*innen damit keine Freude haben und das auch lautstark gegen\u00fcber<\/p>\n","protected":false},"author":3,"featured_media":4569,"comment_status":"closed","ping_status":"closed","sticky":false,"template":"","format":"standard","meta":{"footnotes":""},"categories":[16],"tags":[],"class_list":["post-28013","post","type-post","status-publish","format-standard","has-post-thumbnail","hentry","category-wolkersdorf"],"yoast_head":"<!-- This site is optimized with the Yoast SEO plugin v26.9 - https:\/\/yoast.com\/product\/yoast-seo-wordpress\/ -->\n<title>Positives Feedback geben - Radlobby Nieder\u00f6sterreich<\/title>\n<meta name=\"robots\" content=\"index, follow, max-snippet:-1, max-image-preview:large, max-video-preview:-1\" \/>\n<link rel=\"canonical\" href=\"https:\/\/www.radlobby.org\/noe\/positives-feedback-geben\/\" \/>\n<meta property=\"og:locale\" content=\"de_DE\" \/>\n<meta property=\"og:type\" content=\"article\" \/>\n<meta property=\"og:title\" content=\"Positives Feedback geben - Radlobby Nieder\u00f6sterreich\" \/>\n<meta property=\"og:description\" content=\"In und um Wolkersdorf hat sich in den letzten Jahren betreffend Radinfrastruktur vieles zum Positiven ver\u00e4ndert, auch wenn sich die Radlobby mehr radfreundliche Infrastruktur w\u00fcnscht. Uns ist bewusst, dass manche B\u00fcrger*innen damit keine Freude haben und das auch lautstark gegen\u00fcber\" \/>\n<meta property=\"og:url\" content=\"https:\/\/www.radlobby.org\/noe\/positives-feedback-geben\/\" \/>\n<meta property=\"og:site_name\" content=\"Radlobby Nieder\u00f6sterreich\" \/>\n<meta property=\"article:publisher\" content=\"https:\/\/www.facebook.com\/groups\/radfahren.in.noe\/\" \/>\n<meta property=\"article:published_time\" content=\"2023-03-15T04:55:03+00:00\" \/>\n<meta property=\"article:modified_time\" content=\"2023-03-17T03:06:05+00:00\" \/>\n<meta property=\"og:image\" content=\"https:\/\/www.radlobby.org\/noe\/wp-content\/uploads\/Hauptstrasse_Rathausplatz_neu_6.jpg\" \/>\n\t<meta property=\"og:image:width\" content=\"1080\" \/>\n\t<meta property=\"og:image:height\" content=\"810\" \/>\n\t<meta property=\"og:image:type\" content=\"image\/jpeg\" \/>\n<meta name=\"author\" content=\"Hermann Hiebner\" \/>\n<meta name=\"twitter:card\" content=\"summary_large_image\" \/>\n<meta name=\"twitter:label1\" content=\"Verfasst von\" \/>\n\t<meta name=\"twitter:data1\" content=\"Hermann Hiebner\" \/>\n\t<meta name=\"twitter:label2\" content=\"Gesch\u00e4tzte Lesezeit\" \/>\n\t<meta name=\"twitter:data2\" content=\"6\u00a0Minuten\" \/>\n<script type=\"application\/ld+json\" class=\"yoast-schema-graph\">{\"@context\":\"https:\/\/schema.org\",\"@graph\":[{\"@type\":\"Article\",\"@id\":\"https:\/\/www.radlobby.org\/noe\/positives-feedback-geben\/#article\",\"isPartOf\":{\"@id\":\"https:\/\/www.radlobby.org\/noe\/positives-feedback-geben\/\"},\"author\":{\"name\":\"Hermann Hiebner\",\"@id\":\"https:\/\/www.radlobby.org\/noe\/#\/schema\/person\/c91605b70aca449bea4cb27190b0dbe2\"},\"headline\":\"Positives Feedback geben\",\"datePublished\":\"2023-03-15T04:55:03+00:00\",\"dateModified\":\"2023-03-17T03:06:05+00:00\",\"mainEntityOfPage\":{\"@id\":\"https:\/\/www.radlobby.org\/noe\/positives-feedback-geben\/\"},\"wordCount\":470,\"publisher\":{\"@id\":\"https:\/\/www.radlobby.org\/noe\/#organization\"},\"image\":{\"@id\":\"https:\/\/www.radlobby.org\/noe\/positives-feedback-geben\/#primaryimage\"},\"thumbnailUrl\":\"https:\/\/www.radlobby.org\/noe\/wp-content\/uploads\/Hauptstrasse_Rathausplatz_neu_6.jpg\",\"articleSection\":[\"Radlobby Wolkersdorf\"],\"inLanguage\":\"de\"},{\"@type\":\"WebPage\",\"@id\":\"https:\/\/www.radlobby.org\/noe\/positives-feedback-geben\/\",\"url\":\"https:\/\/www.radlobby.org\/noe\/positives-feedback-geben\/\",\"name\":\"Positives Feedback geben - Radlobby Nieder\u00f6sterreich\",\"isPartOf\":{\"@id\":\"https:\/\/www.radlobby.org\/noe\/#website\"},\"primaryImageOfPage\":{\"@id\":\"https:\/\/www.radlobby.org\/noe\/positives-feedback-geben\/#primaryimage\"},\"image\":{\"@id\":\"https:\/\/www.radlobby.org\/noe\/positives-feedback-geben\/#primaryimage\"},\"thumbnailUrl\":\"https:\/\/www.radlobby.org\/noe\/wp-content\/uploads\/Hauptstrasse_Rathausplatz_neu_6.jpg\",\"datePublished\":\"2023-03-15T04:55:03+00:00\",\"dateModified\":\"2023-03-17T03:06:05+00:00\",\"breadcrumb\":{\"@id\":\"https:\/\/www.radlobby.org\/noe\/positives-feedback-geben\/#breadcrumb\"},\"inLanguage\":\"de\",\"potentialAction\":[{\"@type\":\"ReadAction\",\"target\":[\"https:\/\/www.radlobby.org\/noe\/positives-feedback-geben\/\"]}]},{\"@type\":\"ImageObject\",\"inLanguage\":\"de\",\"@id\":\"https:\/\/www.radlobby.org\/noe\/positives-feedback-geben\/#primaryimage\",\"url\":\"https:\/\/www.radlobby.org\/noe\/wp-content\/uploads\/Hauptstrasse_Rathausplatz_neu_6.jpg\",\"contentUrl\":\"https:\/\/www.radlobby.org\/noe\/wp-content\/uploads\/Hauptstrasse_Rathausplatz_neu_6.jpg\",\"width\":1080,\"height\":810,\"caption\":\"Wolkersdorf Kreuzung Hauptstra\u00dfe - Rathausplatz\"},{\"@type\":\"BreadcrumbList\",\"@id\":\"https:\/\/www.radlobby.org\/noe\/positives-feedback-geben\/#breadcrumb\",\"itemListElement\":[{\"@type\":\"ListItem\",\"position\":1,\"name\":\"Startseite\",\"item\":\"https:\/\/www.radlobby.org\/noe\/\"},{\"@type\":\"ListItem\",\"position\":2,\"name\":\"Positives Feedback geben\"}]},{\"@type\":\"WebSite\",\"@id\":\"https:\/\/www.radlobby.org\/noe\/#website\",\"url\":\"https:\/\/www.radlobby.org\/noe\/\",\"name\":\"Radlobby Nieder\u00f6sterreich\",\"description\":\"Radverkehr, Fahrrad, Radfahren, Radreisen, Radtouren, Radweg\",\"publisher\":{\"@id\":\"https:\/\/www.radlobby.org\/noe\/#organization\"},\"potentialAction\":[{\"@type\":\"SearchAction\",\"target\":{\"@type\":\"EntryPoint\",\"urlTemplate\":\"https:\/\/www.radlobby.org\/noe\/?s={search_term_string}\"},\"query-input\":{\"@type\":\"PropertyValueSpecification\",\"valueRequired\":true,\"valueName\":\"search_term_string\"}}],\"inLanguage\":\"de\"},{\"@type\":\"Organization\",\"@id\":\"https:\/\/www.radlobby.org\/noe\/#organization\",\"name\":\"Radlobby Nieder\u00f6sterreich\",\"url\":\"https:\/\/www.radlobby.org\/noe\/\",\"logo\":{\"@type\":\"ImageObject\",\"inLanguage\":\"de\",\"@id\":\"https:\/\/www.radlobby.org\/noe\/#\/schema\/logo\/image\/\",\"url\":\"https:\/\/www.radlobby.org\/noe\/wp-content\/uploads\/2017\/01\/cropped-Logo_Radlobby_Niederoesterreich_50-400px_quer-1.jpg\",\"contentUrl\":\"https:\/\/www.radlobby.org\/noe\/wp-content\/uploads\/2017\/01\/cropped-Logo_Radlobby_Niederoesterreich_50-400px_quer-1.jpg\",\"width\":450,\"height\":124,\"caption\":\"Radlobby Nieder\u00f6sterreich\"},\"image\":{\"@id\":\"https:\/\/www.radlobby.org\/noe\/#\/schema\/logo\/image\/\"},\"sameAs\":[\"https:\/\/www.facebook.com\/groups\/radfahren.in.noe\/\"]},{\"@type\":\"Person\",\"@id\":\"https:\/\/www.radlobby.org\/noe\/#\/schema\/person\/c91605b70aca449bea4cb27190b0dbe2\",\"name\":\"Hermann Hiebner\",\"image\":{\"@type\":\"ImageObject\",\"inLanguage\":\"de\",\"@id\":\"https:\/\/www.radlobby.org\/noe\/#\/schema\/person\/image\/\",\"url\":\"https:\/\/secure.gravatar.com\/avatar\/d9d442cd70d260be25a46bab5f85206043aabce00da594192c593e7d4fc65f72?s=96&d=mm&r=g\",\"contentUrl\":\"https:\/\/secure.gravatar.com\/avatar\/d9d442cd70d260be25a46bab5f85206043aabce00da594192c593e7d4fc65f72?s=96&d=mm&r=g\",\"caption\":\"Hermann Hiebner\"},\"url\":\"https:\/\/www.radlobby.org\/noe\/author\/hermannhiebner\/\"}]}<\/script>\n<!-- \/ Yoast SEO plugin. -->","yoast_head_json":{"title":"Positives Feedback geben - Radlobby Nieder\u00f6sterreich","robots":{"index":"index","follow":"follow","max-snippet":"max-snippet:-1","max-image-preview":"max-image-preview:large","max-video-preview":"max-video-preview:-1"},"canonical":"https:\/\/www.radlobby.org\/noe\/positives-feedback-geben\/","og_locale":"de_DE","og_type":"article","og_title":"Positives Feedback geben - Radlobby Nieder\u00f6sterreich","og_description":"In und um Wolkersdorf hat sich in den letzten Jahren betreffend Radinfrastruktur vieles zum Positiven ver\u00e4ndert, auch wenn sich die Radlobby mehr radfreundliche Infrastruktur w\u00fcnscht. Uns ist bewusst, dass manche B\u00fcrger*innen damit keine Freude haben und das auch lautstark gegen\u00fcber","og_url":"https:\/\/www.radlobby.org\/noe\/positives-feedback-geben\/","og_site_name":"Radlobby Nieder\u00f6sterreich","article_publisher":"https:\/\/www.facebook.com\/groups\/radfahren.in.noe\/","article_published_time":"2023-03-15T04:55:03+00:00","article_modified_time":"2023-03-17T03:06:05+00:00","og_image":[{"width":1080,"height":810,"url":"https:\/\/www.radlobby.org\/noe\/wp-content\/uploads\/Hauptstrasse_Rathausplatz_neu_6.jpg","type":"image\/jpeg"}],"author":"Hermann Hiebner","twitter_card":"summary_large_image","twitter_misc":{"Verfasst von":"Hermann Hiebner","Gesch\u00e4tzte Lesezeit":"6\u00a0Minuten"},"schema":{"@context":"https:\/\/schema.org","@graph":[{"@type":"Article","@id":"https:\/\/www.radlobby.org\/noe\/positives-feedback-geben\/#article","isPartOf":{"@id":"https:\/\/www.radlobby.org\/noe\/positives-feedback-geben\/"},"author":{"name":"Hermann Hiebner","@id":"https:\/\/www.radlobby.org\/noe\/#\/schema\/person\/c91605b70aca449bea4cb27190b0dbe2"},"headline":"Positives Feedback geben","datePublished":"2023-03-15T04:55:03+00:00","dateModified":"2023-03-17T03:06:05+00:00","mainEntityOfPage":{"@id":"https:\/\/www.radlobby.org\/noe\/positives-feedback-geben\/"},"wordCount":470,"publisher":{"@id":"https:\/\/www.radlobby.org\/noe\/#organization"},"image":{"@id":"https:\/\/www.radlobby.org\/noe\/positives-feedback-geben\/#primaryimage"},"thumbnailUrl":"https:\/\/www.radlobby.org\/noe\/wp-content\/uploads\/Hauptstrasse_Rathausplatz_neu_6.jpg","articleSection":["Radlobby Wolkersdorf"],"inLanguage":"de"},{"@type":"WebPage","@id":"https:\/\/www.radlobby.org\/noe\/positives-feedback-geben\/","url":"https:\/\/www.radlobby.org\/noe\/positives-feedback-geben\/","name":"Positives Feedback geben - Radlobby Nieder\u00f6sterreich","isPartOf":{"@id":"https:\/\/www.radlobby.org\/noe\/#website"},"primaryImageOfPage":{"@id":"https:\/\/www.radlobby.org\/noe\/positives-feedback-geben\/#primaryimage"},"image":{"@id":"https:\/\/www.radlobby.org\/noe\/positives-feedback-geben\/#primaryimage"},"thumbnailUrl":"https:\/\/www.radlobby.org\/noe\/wp-content\/uploads\/Hauptstrasse_Rathausplatz_neu_6.jpg","datePublished":"2023-03-15T04:55:03+00:00","dateModified":"2023-03-17T03:06:05+00:00","breadcrumb":{"@id":"https:\/\/www.radlobby.org\/noe\/positives-feedback-geben\/#breadcrumb"},"inLanguage":"de","potentialAction":[{"@type":"ReadAction","target":["https:\/\/www.radlobby.org\/noe\/positives-feedback-geben\/"]}]},{"@type":"ImageObject","inLanguage":"de","@id":"https:\/\/www.radlobby.org\/noe\/positives-feedback-geben\/#primaryimage","url":"https:\/\/www.radlobby.org\/noe\/wp-content\/uploads\/Hauptstrasse_Rathausplatz_neu_6.jpg","contentUrl":"https:\/\/www.radlobby.org\/noe\/wp-content\/uploads\/Hauptstrasse_Rathausplatz_neu_6.jpg","width":1080,"height":810,"caption":"Wolkersdorf Kreuzung Hauptstra\u00dfe - Rathausplatz"},{"@type":"BreadcrumbList","@id":"https:\/\/www.radlobby.org\/noe\/positives-feedback-geben\/#breadcrumb","itemListElement":[{"@type":"ListItem","position":1,"name":"Startseite","item":"https:\/\/www.radlobby.org\/noe\/"},{"@type":"ListItem","position":2,"name":"Positives Feedback geben"}]},{"@type":"WebSite","@id":"https:\/\/www.radlobby.org\/noe\/#website","url":"https:\/\/www.radlobby.org\/noe\/","name":"Radlobby Nieder\u00f6sterreich","description":"Radverkehr, Fahrrad, Radfahren, Radreisen, Radtouren, Radweg","publisher":{"@id":"https:\/\/www.radlobby.org\/noe\/#organization"},"potentialAction":[{"@type":"SearchAction","target":{"@type":"EntryPoint","urlTemplate":"https:\/\/www.radlobby.org\/noe\/?s={search_term_string}"},"query-input":{"@type":"PropertyValueSpecification","valueRequired":true,"valueName":"search_term_string"}}],"inLanguage":"de"},{"@type":"Organization","@id":"https:\/\/www.radlobby.org\/noe\/#organization","name":"Radlobby Nieder\u00f6sterreich","url":"https:\/\/www.radlobby.org\/noe\/","logo":{"@type":"ImageObject","inLanguage":"de","@id":"https:\/\/www.radlobby.org\/noe\/#\/schema\/logo\/image\/","url":"https:\/\/www.radlobby.org\/noe\/wp-content\/uploads\/2017\/01\/cropped-Logo_Radlobby_Niederoesterreich_50-400px_quer-1.jpg","contentUrl":"https:\/\/www.radlobby.org\/noe\/wp-content\/uploads\/2017\/01\/cropped-Logo_Radlobby_Niederoesterreich_50-400px_quer-1.jpg","width":450,"height":124,"caption":"Radlobby Nieder\u00f6sterreich"},"image":{"@id":"https:\/\/www.radlobby.org\/noe\/#\/schema\/logo\/image\/"},"sameAs":["https:\/\/www.facebook.com\/groups\/radfahren.in.noe\/"]},{"@type":"Person","@id":"https:\/\/www.radlobby.org\/noe\/#\/schema\/person\/c91605b70aca449bea4cb27190b0dbe2","name":"Hermann Hiebner","image":{"@type":"ImageObject","inLanguage":"de","@id":"https:\/\/www.radlobby.org\/noe\/#\/schema\/person\/image\/","url":"https:\/\/secure.gravatar.com\/avatar\/d9d442cd70d260be25a46bab5f85206043aabce00da594192c593e7d4fc65f72?s=96&d=mm&r=g","contentUrl":"https:\/\/secure.gravatar.com\/avatar\/d9d442cd70d260be25a46bab5f85206043aabce00da594192c593e7d4fc65f72?s=96&d=mm&r=g","caption":"Hermann Hiebner"},"url":"https:\/\/www.radlobby.org\/noe\/author\/hermannhiebner\/"}]}},"_links":{"self":[{"href":"https:\/\/www.radlobby.org\/noe\/wp-json\/wp\/v2\/posts\/28013","targetHints":{"allow":["GET"]}}],"collection":[{"href":"https:\/\/www.radlobby.org\/noe\/wp-json\/wp\/v2\/posts"}],"about":[{"href":"https:\/\/www.radlobby.org\/noe\/wp-json\/wp\/v2\/types\/post"}],"author":[{"embeddable":true,"href":"https:\/\/www.radlobby.org\/noe\/wp-json\/wp\/v2\/users\/3"}],"replies":[{"embeddable":true,"href":"https:\/\/www.radlobby.org\/noe\/wp-json\/wp\/v2\/comments?post=28013"}],"version-history":[{"count":4,"href":"https:\/\/www.radlobby.org\/noe\/wp-json\/wp\/v2\/posts\/28013\/revisions"}],"predecessor-version":[{"id":28027,"href":"https:\/\/www.radlobby.org\/noe\/wp-json\/wp\/v2\/posts\/28013\/revisions\/28027"}],"wp:featuredmedia":[{"embeddable":true,"href":"https:\/\/www.radlobby.org\/noe\/wp-json\/wp\/v2\/media\/4569"}],"wp:attachment":[{"href":"https:\/\/www.radlobby.org\/noe\/wp-json\/wp\/v2\/media?parent=28013"}],"wp:term":[{"taxonomy":"category","embeddable":true,"href":"https:\/\/www.radlobby.org\/noe\/wp-json\/wp\/v2\/categories?post=28013"},{"taxonomy":"post_tag","embeddable":true,"href":"https:\/\/www.radlobby.org\/noe\/wp-json\/wp\/v2\/tags?post=28013"}],"curies":[{"name":"wp","href":"https:\/\/api.w.org\/{rel}","templated":true}]}}