{"id":28001,"date":"2023-03-10T10:32:21","date_gmt":"2023-03-10T09:32:21","guid":{"rendered":"https:\/\/www.radlobby.org\/noe\/?p=28001"},"modified":"2023-03-11T10:34:31","modified_gmt":"2023-03-11T09:34:31","slug":"neulengbach-unterstuetzt-den-ankauf-von-lastenraedern","status":"publish","type":"post","link":"https:\/\/www.radlobby.org\/noe\/neulengbach-unterstuetzt-den-ankauf-von-lastenraedern\/","title":{"rendered":"Neulengbach unterst\u00fctzt den Ankauf von Lastenr\u00e4dern"},"content":{"rendered":"<div class=\"bild_box newsfoto_img float_right width35\">\n<div class=\"width100 width100\"><a title=\"e-bike cargo\" href=\"https:\/\/www.neulengbach.gv.at\/system\/web\/GetImage.ashx?fileid=2103741&amp;mode=T&amp;width=1280&amp;height=1024\" data-lbgroup=\"fg_3\"><img loading=\"lazy\" decoding=\"async\" class=\"width100 alignright\" src=\"https:\/\/www.neulengbach.gv.at\/system\/web\/GetImage.ashx?fileid=2103741&amp;mode=T&amp;width=640&amp;height=360&amp;cts=1648713904\" alt=\"e-bike cargo\" width=\"318\" height=\"213\" \/><\/a><strong>Der Gemeinderat Neulengbach beschlie\u00dft eine Erweiterung der Energie- und Klimaschutzf\u00f6rderungsrichtlinie<br \/>\n<\/strong>Bisher haben sich F\u00f6rderungsrichtlinien der Stadtgemeinde Neulengbach auf die F\u00f6rderung von Geb\u00e4udesanierungen und Photovoltaikanlagen konzentriert.<\/div>\n<\/div>\n<div class=\"text_box newstext_container\">\n<p>Auf Grund der aktuellen Diskussion um Ma\u00dfnahmen zur Ver\u00e4nderung der Mobilit\u00e4t hat der Gemeinderat nun beschlossen, dass der Ankauf von Transportfahrr\u00e4dern mit einem nicht r\u00fcckzahlbaren Zuschuss in der H\u00f6he von 10 % der Anschaffungskosten, maximal mit \u20ac 150,00, gef\u00f6rdert wird. F\u00fcr den Ankauf von Elektro-Transportfahrr\u00e4dern betr\u00e4gt der Gemeindebeitrag maximal \u20ac 300,00.<\/p>\n<p>Bgm. J\u00fcrgen Rummel und Vizebgm. Paul M\u00fchlbauer: \u201eWir wollen mit dieser F\u00f6rderung all jene unterst\u00fctzen, die ihre Alltagsfahrten mit einem Lastenfahrrad erledigen und damit einen wichtigen Beitrag zur Ressourcenschonung und zum Umweltschutz leisten. Gerade die Diskussionen in den letzten Wochen um die sprunghaft gestiegenen Treibstoffkosten und den Klimawandel geben hier Grund zum Nachdenken. Mit dieser F\u00f6rderung wollen wir die Entscheidungen positiv mitgestalten!\u201c<\/p>\n<\/div>\n<p>&nbsp;<\/p>\n","protected":false},"excerpt":{"rendered":"<p>Der Gemeinderat Neulengbach beschlie\u00dft eine Erweiterung der Energie- und Klimaschutzf\u00f6rderungsrichtlinie<\/p>\n","protected":false},"author":16,"featured_media":2272,"comment_status":"closed","ping_status":"closed","sticky":false,"template":"","format":"standard","meta":{"footnotes":""},"categories":[616],"tags":[],"class_list":["post-28001","post","type-post","status-publish","format-standard","has-post-thumbnail","hentry","category-neulengbach"],"yoast_head":"<!-- This site is optimized with the Yoast SEO plugin v26.9 - https:\/\/yoast.com\/product\/yoast-seo-wordpress\/ -->\n<title>Neulengbach unterst\u00fctzt den Ankauf von Lastenr\u00e4dern - Radlobby Nieder\u00f6sterreich<\/title>\n<meta name=\"robots\" content=\"index, follow, max-snippet:-1, max-image-preview:large, max-video-preview:-1\" \/>\n<link rel=\"canonical\" href=\"https:\/\/www.radlobby.org\/noe\/neulengbach-unterstuetzt-den-ankauf-von-lastenraedern\/\" \/>\n<meta property=\"og:locale\" content=\"de_DE\" \/>\n<meta property=\"og:type\" content=\"article\" \/>\n<meta property=\"og:title\" content=\"Neulengbach unterst\u00fctzt den Ankauf von Lastenr\u00e4dern - Radlobby Nieder\u00f6sterreich\" \/>\n<meta property=\"og:description\" content=\"Der Gemeinderat Neulengbach beschlie\u00dft eine Erweiterung der Energie- und Klimaschutzf\u00f6rderungsrichtlinie\" \/>\n<meta property=\"og:url\" content=\"https:\/\/www.radlobby.org\/noe\/neulengbach-unterstuetzt-den-ankauf-von-lastenraedern\/\" \/>\n<meta property=\"og:site_name\" content=\"Radlobby Nieder\u00f6sterreich\" \/>\n<meta property=\"article:publisher\" content=\"https:\/\/www.facebook.com\/groups\/radfahren.in.noe\/\" \/>\n<meta property=\"article:published_time\" content=\"2023-03-10T09:32:21+00:00\" \/>\n<meta property=\"article:modified_time\" content=\"2023-03-11T09:34:31+00:00\" \/>\n<meta property=\"og:image\" content=\"https:\/\/www.radlobby.org\/noe\/wp-content\/uploads\/2017\/01\/20140902_Bezirksblaetter_WienerNeustadt_Lastenrad-Botschafterin_Mariella_Goegele_03.jpg\" \/>\n\t<meta property=\"og:image:width\" content=\"894\" \/>\n\t<meta property=\"og:image:height\" content=\"659\" \/>\n\t<meta property=\"og:image:type\" content=\"image\/jpeg\" \/>\n<meta name=\"author\" content=\"Karl Zauner - Admin\" \/>\n<meta name=\"twitter:card\" content=\"summary_large_image\" \/>\n<meta name=\"twitter:label1\" content=\"Verfasst von\" \/>\n\t<meta name=\"twitter:data1\" content=\"Karl Zauner - Admin\" \/>\n\t<meta name=\"twitter:label2\" content=\"Gesch\u00e4tzte Lesezeit\" \/>\n\t<meta name=\"twitter:data2\" content=\"1\u00a0Minute\" \/>\n<script type=\"application\/ld+json\" class=\"yoast-schema-graph\">{\"@context\":\"https:\/\/schema.org\",\"@graph\":[{\"@type\":\"Article\",\"@id\":\"https:\/\/www.radlobby.org\/noe\/neulengbach-unterstuetzt-den-ankauf-von-lastenraedern\/#article\",\"isPartOf\":{\"@id\":\"https:\/\/www.radlobby.org\/noe\/neulengbach-unterstuetzt-den-ankauf-von-lastenraedern\/\"},\"author\":{\"name\":\"Karl Zauner - Admin\",\"@id\":\"https:\/\/www.radlobby.org\/noe\/#\/schema\/person\/10547574c40a9e9ea65f92c73f3c516b\"},\"headline\":\"Neulengbach unterst\u00fctzt den Ankauf von Lastenr\u00e4dern\",\"datePublished\":\"2023-03-10T09:32:21+00:00\",\"dateModified\":\"2023-03-11T09:34:31+00:00\",\"mainEntityOfPage\":{\"@id\":\"https:\/\/www.radlobby.org\/noe\/neulengbach-unterstuetzt-den-ankauf-von-lastenraedern\/\"},\"wordCount\":161,\"publisher\":{\"@id\":\"https:\/\/www.radlobby.org\/noe\/#organization\"},\"image\":{\"@id\":\"https:\/\/www.radlobby.org\/noe\/neulengbach-unterstuetzt-den-ankauf-von-lastenraedern\/#primaryimage\"},\"thumbnailUrl\":\"https:\/\/www.radlobby.org\/noe\/wp-content\/uploads\/2017\/01\/20140902_Bezirksblaetter_WienerNeustadt_Lastenrad-Botschafterin_Mariella_Goegele_03.jpg\",\"articleSection\":[\"Radlobby Neulengbach\"],\"inLanguage\":\"de\"},{\"@type\":\"WebPage\",\"@id\":\"https:\/\/www.radlobby.org\/noe\/neulengbach-unterstuetzt-den-ankauf-von-lastenraedern\/\",\"url\":\"https:\/\/www.radlobby.org\/noe\/neulengbach-unterstuetzt-den-ankauf-von-lastenraedern\/\",\"name\":\"Neulengbach unterst\u00fctzt den Ankauf von Lastenr\u00e4dern - Radlobby Nieder\u00f6sterreich\",\"isPartOf\":{\"@id\":\"https:\/\/www.radlobby.org\/noe\/#website\"},\"primaryImageOfPage\":{\"@id\":\"https:\/\/www.radlobby.org\/noe\/neulengbach-unterstuetzt-den-ankauf-von-lastenraedern\/#primaryimage\"},\"image\":{\"@id\":\"https:\/\/www.radlobby.org\/noe\/neulengbach-unterstuetzt-den-ankauf-von-lastenraedern\/#primaryimage\"},\"thumbnailUrl\":\"https:\/\/www.radlobby.org\/noe\/wp-content\/uploads\/2017\/01\/20140902_Bezirksblaetter_WienerNeustadt_Lastenrad-Botschafterin_Mariella_Goegele_03.jpg\",\"datePublished\":\"2023-03-10T09:32:21+00:00\",\"dateModified\":\"2023-03-11T09:34:31+00:00\",\"breadcrumb\":{\"@id\":\"https:\/\/www.radlobby.org\/noe\/neulengbach-unterstuetzt-den-ankauf-von-lastenraedern\/#breadcrumb\"},\"inLanguage\":\"de\",\"potentialAction\":[{\"@type\":\"ReadAction\",\"target\":[\"https:\/\/www.radlobby.org\/noe\/neulengbach-unterstuetzt-den-ankauf-von-lastenraedern\/\"]}]},{\"@type\":\"ImageObject\",\"inLanguage\":\"de\",\"@id\":\"https:\/\/www.radlobby.org\/noe\/neulengbach-unterstuetzt-den-ankauf-von-lastenraedern\/#primaryimage\",\"url\":\"https:\/\/www.radlobby.org\/noe\/wp-content\/uploads\/2017\/01\/20140902_Bezirksblaetter_WienerNeustadt_Lastenrad-Botschafterin_Mariella_Goegele_03.jpg\",\"contentUrl\":\"https:\/\/www.radlobby.org\/noe\/wp-content\/uploads\/2017\/01\/20140902_Bezirksblaetter_WienerNeustadt_Lastenrad-Botschafterin_Mariella_Goegele_03.jpg\",\"width\":894,\"height\":659},{\"@type\":\"BreadcrumbList\",\"@id\":\"https:\/\/www.radlobby.org\/noe\/neulengbach-unterstuetzt-den-ankauf-von-lastenraedern\/#breadcrumb\",\"itemListElement\":[{\"@type\":\"ListItem\",\"position\":1,\"name\":\"Startseite\",\"item\":\"https:\/\/www.radlobby.org\/noe\/\"},{\"@type\":\"ListItem\",\"position\":2,\"name\":\"Neulengbach unterst\u00fctzt den Ankauf von Lastenr\u00e4dern\"}]},{\"@type\":\"WebSite\",\"@id\":\"https:\/\/www.radlobby.org\/noe\/#website\",\"url\":\"https:\/\/www.radlobby.org\/noe\/\",\"name\":\"Radlobby Nieder\u00f6sterreich\",\"description\":\"Radverkehr, Fahrrad, Radfahren, Radreisen, Radtouren, Radweg\",\"publisher\":{\"@id\":\"https:\/\/www.radlobby.org\/noe\/#organization\"},\"potentialAction\":[{\"@type\":\"SearchAction\",\"target\":{\"@type\":\"EntryPoint\",\"urlTemplate\":\"https:\/\/www.radlobby.org\/noe\/?s={search_term_string}\"},\"query-input\":{\"@type\":\"PropertyValueSpecification\",\"valueRequired\":true,\"valueName\":\"search_term_string\"}}],\"inLanguage\":\"de\"},{\"@type\":\"Organization\",\"@id\":\"https:\/\/www.radlobby.org\/noe\/#organization\",\"name\":\"Radlobby Nieder\u00f6sterreich\",\"url\":\"https:\/\/www.radlobby.org\/noe\/\",\"logo\":{\"@type\":\"ImageObject\",\"inLanguage\":\"de\",\"@id\":\"https:\/\/www.radlobby.org\/noe\/#\/schema\/logo\/image\/\",\"url\":\"https:\/\/www.radlobby.org\/noe\/wp-content\/uploads\/2017\/01\/cropped-Logo_Radlobby_Niederoesterreich_50-400px_quer-1.jpg\",\"contentUrl\":\"https:\/\/www.radlobby.org\/noe\/wp-content\/uploads\/2017\/01\/cropped-Logo_Radlobby_Niederoesterreich_50-400px_quer-1.jpg\",\"width\":450,\"height\":124,\"caption\":\"Radlobby Nieder\u00f6sterreich\"},\"image\":{\"@id\":\"https:\/\/www.radlobby.org\/noe\/#\/schema\/logo\/image\/\"},\"sameAs\":[\"https:\/\/www.facebook.com\/groups\/radfahren.in.noe\/\"]},{\"@type\":\"Person\",\"@id\":\"https:\/\/www.radlobby.org\/noe\/#\/schema\/person\/10547574c40a9e9ea65f92c73f3c516b\",\"name\":\"Karl Zauner - Admin\",\"image\":{\"@type\":\"ImageObject\",\"inLanguage\":\"de\",\"@id\":\"https:\/\/www.radlobby.org\/noe\/#\/schema\/person\/image\/\",\"url\":\"https:\/\/secure.gravatar.com\/avatar\/c0be6303c1ffe16a7b1c79e07b12d4b29176a733c2a5e811b749965d4be12138?s=96&d=mm&r=g\",\"contentUrl\":\"https:\/\/secure.gravatar.com\/avatar\/c0be6303c1ffe16a7b1c79e07b12d4b29176a733c2a5e811b749965d4be12138?s=96&d=mm&r=g\",\"caption\":\"Karl Zauner - Admin\"},\"url\":\"https:\/\/www.radlobby.org\/noe\/author\/karlzauneradmin\/\"}]}<\/script>\n<!-- \/ Yoast SEO plugin. -->","yoast_head_json":{"title":"Neulengbach unterst\u00fctzt den Ankauf von Lastenr\u00e4dern - Radlobby Nieder\u00f6sterreich","robots":{"index":"index","follow":"follow","max-snippet":"max-snippet:-1","max-image-preview":"max-image-preview:large","max-video-preview":"max-video-preview:-1"},"canonical":"https:\/\/www.radlobby.org\/noe\/neulengbach-unterstuetzt-den-ankauf-von-lastenraedern\/","og_locale":"de_DE","og_type":"article","og_title":"Neulengbach unterst\u00fctzt den Ankauf von Lastenr\u00e4dern - Radlobby Nieder\u00f6sterreich","og_description":"Der Gemeinderat Neulengbach beschlie\u00dft eine Erweiterung der Energie- und Klimaschutzf\u00f6rderungsrichtlinie","og_url":"https:\/\/www.radlobby.org\/noe\/neulengbach-unterstuetzt-den-ankauf-von-lastenraedern\/","og_site_name":"Radlobby Nieder\u00f6sterreich","article_publisher":"https:\/\/www.facebook.com\/groups\/radfahren.in.noe\/","article_published_time":"2023-03-10T09:32:21+00:00","article_modified_time":"2023-03-11T09:34:31+00:00","og_image":[{"width":894,"height":659,"url":"https:\/\/www.radlobby.org\/noe\/wp-content\/uploads\/2017\/01\/20140902_Bezirksblaetter_WienerNeustadt_Lastenrad-Botschafterin_Mariella_Goegele_03.jpg","type":"image\/jpeg"}],"author":"Karl Zauner - Admin","twitter_card":"summary_large_image","twitter_misc":{"Verfasst von":"Karl Zauner - Admin","Gesch\u00e4tzte Lesezeit":"1\u00a0Minute"},"schema":{"@context":"https:\/\/schema.org","@graph":[{"@type":"Article","@id":"https:\/\/www.radlobby.org\/noe\/neulengbach-unterstuetzt-den-ankauf-von-lastenraedern\/#article","isPartOf":{"@id":"https:\/\/www.radlobby.org\/noe\/neulengbach-unterstuetzt-den-ankauf-von-lastenraedern\/"},"author":{"name":"Karl Zauner - Admin","@id":"https:\/\/www.radlobby.org\/noe\/#\/schema\/person\/10547574c40a9e9ea65f92c73f3c516b"},"headline":"Neulengbach unterst\u00fctzt den Ankauf von Lastenr\u00e4dern","datePublished":"2023-03-10T09:32:21+00:00","dateModified":"2023-03-11T09:34:31+00:00","mainEntityOfPage":{"@id":"https:\/\/www.radlobby.org\/noe\/neulengbach-unterstuetzt-den-ankauf-von-lastenraedern\/"},"wordCount":161,"publisher":{"@id":"https:\/\/www.radlobby.org\/noe\/#organization"},"image":{"@id":"https:\/\/www.radlobby.org\/noe\/neulengbach-unterstuetzt-den-ankauf-von-lastenraedern\/#primaryimage"},"thumbnailUrl":"https:\/\/www.radlobby.org\/noe\/wp-content\/uploads\/2017\/01\/20140902_Bezirksblaetter_WienerNeustadt_Lastenrad-Botschafterin_Mariella_Goegele_03.jpg","articleSection":["Radlobby Neulengbach"],"inLanguage":"de"},{"@type":"WebPage","@id":"https:\/\/www.radlobby.org\/noe\/neulengbach-unterstuetzt-den-ankauf-von-lastenraedern\/","url":"https:\/\/www.radlobby.org\/noe\/neulengbach-unterstuetzt-den-ankauf-von-lastenraedern\/","name":"Neulengbach unterst\u00fctzt den Ankauf von Lastenr\u00e4dern - Radlobby Nieder\u00f6sterreich","isPartOf":{"@id":"https:\/\/www.radlobby.org\/noe\/#website"},"primaryImageOfPage":{"@id":"https:\/\/www.radlobby.org\/noe\/neulengbach-unterstuetzt-den-ankauf-von-lastenraedern\/#primaryimage"},"image":{"@id":"https:\/\/www.radlobby.org\/noe\/neulengbach-unterstuetzt-den-ankauf-von-lastenraedern\/#primaryimage"},"thumbnailUrl":"https:\/\/www.radlobby.org\/noe\/wp-content\/uploads\/2017\/01\/20140902_Bezirksblaetter_WienerNeustadt_Lastenrad-Botschafterin_Mariella_Goegele_03.jpg","datePublished":"2023-03-10T09:32:21+00:00","dateModified":"2023-03-11T09:34:31+00:00","breadcrumb":{"@id":"https:\/\/www.radlobby.org\/noe\/neulengbach-unterstuetzt-den-ankauf-von-lastenraedern\/#breadcrumb"},"inLanguage":"de","potentialAction":[{"@type":"ReadAction","target":["https:\/\/www.radlobby.org\/noe\/neulengbach-unterstuetzt-den-ankauf-von-lastenraedern\/"]}]},{"@type":"ImageObject","inLanguage":"de","@id":"https:\/\/www.radlobby.org\/noe\/neulengbach-unterstuetzt-den-ankauf-von-lastenraedern\/#primaryimage","url":"https:\/\/www.radlobby.org\/noe\/wp-content\/uploads\/2017\/01\/20140902_Bezirksblaetter_WienerNeustadt_Lastenrad-Botschafterin_Mariella_Goegele_03.jpg","contentUrl":"https:\/\/www.radlobby.org\/noe\/wp-content\/uploads\/2017\/01\/20140902_Bezirksblaetter_WienerNeustadt_Lastenrad-Botschafterin_Mariella_Goegele_03.jpg","width":894,"height":659},{"@type":"BreadcrumbList","@id":"https:\/\/www.radlobby.org\/noe\/neulengbach-unterstuetzt-den-ankauf-von-lastenraedern\/#breadcrumb","itemListElement":[{"@type":"ListItem","position":1,"name":"Startseite","item":"https:\/\/www.radlobby.org\/noe\/"},{"@type":"ListItem","position":2,"name":"Neulengbach unterst\u00fctzt den Ankauf von Lastenr\u00e4dern"}]},{"@type":"WebSite","@id":"https:\/\/www.radlobby.org\/noe\/#website","url":"https:\/\/www.radlobby.org\/noe\/","name":"Radlobby Nieder\u00f6sterreich","description":"Radverkehr, Fahrrad, Radfahren, Radreisen, Radtouren, Radweg","publisher":{"@id":"https:\/\/www.radlobby.org\/noe\/#organization"},"potentialAction":[{"@type":"SearchAction","target":{"@type":"EntryPoint","urlTemplate":"https:\/\/www.radlobby.org\/noe\/?s={search_term_string}"},"query-input":{"@type":"PropertyValueSpecification","valueRequired":true,"valueName":"search_term_string"}}],"inLanguage":"de"},{"@type":"Organization","@id":"https:\/\/www.radlobby.org\/noe\/#organization","name":"Radlobby Nieder\u00f6sterreich","url":"https:\/\/www.radlobby.org\/noe\/","logo":{"@type":"ImageObject","inLanguage":"de","@id":"https:\/\/www.radlobby.org\/noe\/#\/schema\/logo\/image\/","url":"https:\/\/www.radlobby.org\/noe\/wp-content\/uploads\/2017\/01\/cropped-Logo_Radlobby_Niederoesterreich_50-400px_quer-1.jpg","contentUrl":"https:\/\/www.radlobby.org\/noe\/wp-content\/uploads\/2017\/01\/cropped-Logo_Radlobby_Niederoesterreich_50-400px_quer-1.jpg","width":450,"height":124,"caption":"Radlobby Nieder\u00f6sterreich"},"image":{"@id":"https:\/\/www.radlobby.org\/noe\/#\/schema\/logo\/image\/"},"sameAs":["https:\/\/www.facebook.com\/groups\/radfahren.in.noe\/"]},{"@type":"Person","@id":"https:\/\/www.radlobby.org\/noe\/#\/schema\/person\/10547574c40a9e9ea65f92c73f3c516b","name":"Karl Zauner - Admin","image":{"@type":"ImageObject","inLanguage":"de","@id":"https:\/\/www.radlobby.org\/noe\/#\/schema\/person\/image\/","url":"https:\/\/secure.gravatar.com\/avatar\/c0be6303c1ffe16a7b1c79e07b12d4b29176a733c2a5e811b749965d4be12138?s=96&d=mm&r=g","contentUrl":"https:\/\/secure.gravatar.com\/avatar\/c0be6303c1ffe16a7b1c79e07b12d4b29176a733c2a5e811b749965d4be12138?s=96&d=mm&r=g","caption":"Karl Zauner - Admin"},"url":"https:\/\/www.radlobby.org\/noe\/author\/karlzauneradmin\/"}]}},"_links":{"self":[{"href":"https:\/\/www.radlobby.org\/noe\/wp-json\/wp\/v2\/posts\/28001","targetHints":{"allow":["GET"]}}],"collection":[{"href":"https:\/\/www.radlobby.org\/noe\/wp-json\/wp\/v2\/posts"}],"about":[{"href":"https:\/\/www.radlobby.org\/noe\/wp-json\/wp\/v2\/types\/post"}],"author":[{"embeddable":true,"href":"https:\/\/www.radlobby.org\/noe\/wp-json\/wp\/v2\/users\/16"}],"replies":[{"embeddable":true,"href":"https:\/\/www.radlobby.org\/noe\/wp-json\/wp\/v2\/comments?post=28001"}],"version-history":[{"count":1,"href":"https:\/\/www.radlobby.org\/noe\/wp-json\/wp\/v2\/posts\/28001\/revisions"}],"predecessor-version":[{"id":28002,"href":"https:\/\/www.radlobby.org\/noe\/wp-json\/wp\/v2\/posts\/28001\/revisions\/28002"}],"wp:featuredmedia":[{"embeddable":true,"href":"https:\/\/www.radlobby.org\/noe\/wp-json\/wp\/v2\/media\/2272"}],"wp:attachment":[{"href":"https:\/\/www.radlobby.org\/noe\/wp-json\/wp\/v2\/media?parent=28001"}],"wp:term":[{"taxonomy":"category","embeddable":true,"href":"https:\/\/www.radlobby.org\/noe\/wp-json\/wp\/v2\/categories?post=28001"},{"taxonomy":"post_tag","embeddable":true,"href":"https:\/\/www.radlobby.org\/noe\/wp-json\/wp\/v2\/tags?post=28001"}],"curies":[{"name":"wp","href":"https:\/\/api.w.org\/{rel}","templated":true}]}}