{"id":27835,"date":"2023-03-17T09:26:14","date_gmt":"2023-03-17T08:26:14","guid":{"rendered":"https:\/\/www.radlobby.org\/noe\/?p=27835"},"modified":"2026-04-01T13:26:14","modified_gmt":"2026-04-01T11:26:14","slug":"cycle-cinema-im-cinema-paradiso-baden-am-18-3-2023-radlobby-bad-voeslau","status":"publish","type":"post","link":"https:\/\/www.radlobby.org\/noe\/cycle-cinema-im-cinema-paradiso-baden-am-18-3-2023-radlobby-bad-voeslau\/","title":{"rendered":"Baden \/ Bad V\u00f6slau | Cycle Cinema im Cinema Paradiso Baden am 18.3.2023"},"content":{"rendered":"<figure id=\"attachment_27836\" aria-describedby=\"caption-attachment-27836\" style=\"width: 214px\" class=\"wp-caption alignright\"><a href=\"https:\/\/www.radlobby.org\/noe\/wp-content\/uploads\/CP-Plakat-Bn-230202-Radlobby-st-Print03-scaled.jpg\" data-src=\"https:\/\/www.radlobby.org\/noe\/wp-content\/uploads\/CP-Plakat-Bn-230202-Radlobby-st-Print03-scaled.jpg\" data-thumb=\"https:\/\/www.radlobby.org\/noe\/wp-content\/uploads\/CP-Plakat-Bn-230202-Radlobby-st-Print03-214x300.jpg\" class=\"ml-lightbox-enabled\"><img loading=\"lazy\" decoding=\"async\" class=\"wp-image-27836 size-medium\" src=\"https:\/\/www.radlobby.org\/noe\/wp-content\/uploads\/CP-Plakat-Bn-230202-Radlobby-st-Print03-214x300.jpg\" alt=\"\" width=\"214\" height=\"300\" srcset=\"https:\/\/www.radlobby.org\/noe\/wp-content\/uploads\/CP-Plakat-Bn-230202-Radlobby-st-Print03-214x300.jpg 214w, https:\/\/www.radlobby.org\/noe\/wp-content\/uploads\/CP-Plakat-Bn-230202-Radlobby-st-Print03-768x1079.jpg 768w, https:\/\/www.radlobby.org\/noe\/wp-content\/uploads\/CP-Plakat-Bn-230202-Radlobby-st-Print03-1094x1536.jpg 1094w, https:\/\/www.radlobby.org\/noe\/wp-content\/uploads\/CP-Plakat-Bn-230202-Radlobby-st-Print03-1458x2048.jpg 1458w, https:\/\/www.radlobby.org\/noe\/wp-content\/uploads\/CP-Plakat-Bn-230202-Radlobby-st-Print03-scaled.jpg 1823w\" sizes=\"auto, (max-width: 214px) 100vw, 214px\" \/><\/a><figcaption id=\"caption-attachment-27836\" class=\"wp-caption-text\">Bildrechte: Cinema Paradiso<\/figcaption><\/figure>\n<p><span class=\"fontstyle0\">Am <strong>18.3.2023<\/strong> veranstalten wir gemeinsam mit dem <a href=\"https:\/\/www.cinema-paradiso.at\/baden\/programm\/\" target=\"_blank\" rel=\"noopener\">Cinema Paradiso<\/a> den &#8220;<strong>Cycle Cinema<\/strong>&#8220;-Event.<br \/>\n<\/span><\/p>\n<p>Um 9.00 starten wir mit einem k\u00f6stlichen, veganen Fr\u00fchst\u00fcck vom <span class=\"fontstyle2\"> <a href=\"https:\/\/www.weltladen.at\/baden\/\" target=\"_blank\" rel=\"noopener\">Weltladen Baden<\/a><\/span><span class=\"fontstyle0\">,<br \/>\n<\/span><span class=\"fontstyle0\">gleichzeitig k\u00f6nnen die R\u00e4der <\/span>beim <span class=\"fontstyle2\">Rad-Schnell-Check von der <a href=\"https:\/\/www.cycle-factory.at\/baden\/\" target=\"_blank\" rel=\"noopener\">Cycle Factory Baden<\/a><\/span><span class=\"fontstyle0\"> f\u00fcr den Fr\u00fchling abgecheckt werden.<\/span><\/p>\n<p><span class=\"fontstyle0\">Um 10.30 Uhr wird der inspirierende aber auch spannende Film &#8220;<a href=\"https:\/\/www.youtube.com\/watch?v=oSuGh0PIOMo&amp;ab_channel=kinofilme\" target=\"_blank\" rel=\"noopener\">Bikes vs. Cars<\/a>&#8221; gezeigt.<\/span><\/p>\n<p><span class=\"fontstyle2\">Und nach dem Film haben Interessierte die Chance mit Expert:innen der Umgebung Baden positive Beispiele zum Thema Fahrradfahren und Radwegkonzepte zu besprechen.<\/span><\/p>\n<p>Kartenreservierung wird empfohlen.<\/p>\n<p>*** Besonderer Hinweis: Cycle Factory verlost ein <a href=\"https:\/\/www.radlobby.org\/noe\/wp-content\/uploads\/printfile_Charity-Verlosung_A5_2023-02-05.pdf\" target=\"_blank\" rel=\"noopener\">Design-Fahrrad<\/a> f\u00fcr karitative Zwecke! ***<\/p>\n<p>Wir freuen uns auf einen spannenden Vormittag!<\/p>\n<p>&nbsp;<\/p>\n<p>&nbsp;<\/p>\n<p>&nbsp;<\/p>\n<p>&nbsp;<\/p>\n<p>[BadV\u00f6slau_Radparaden]<\/p>\n","protected":false},"excerpt":{"rendered":"<p>Am 18.3.2023 veranstalten wir gemeinsam mit dem Cinema Paradiso den &#8220;Cycle Cinema&#8220;-Event. Um 9.00 starten wir mit einem k\u00f6stlichen, veganen Fr\u00fchst\u00fcck vom Weltladen Baden, gleichzeitig k\u00f6nnen die R\u00e4der beim Rad-Schnell-Check von der Cycle Factory Baden f\u00fcr den Fr\u00fchling abgecheckt werden.<\/p>\n","protected":false},"author":65,"featured_media":27836,"comment_status":"closed","ping_status":"closed","sticky":false,"template":"","format":"standard","meta":{"footnotes":""},"categories":[547,195,343,5,20],"tags":[],"class_list":["post-27835","post","type-post","status-publish","format-standard","has-post-thumbnail","hentry","category-badvoeslau","category-baden","category-ebreichsdorf","category-moedling","category-niederoesterreich"],"yoast_head":"<!-- This site is optimized with the Yoast SEO plugin v26.9 - https:\/\/yoast.com\/product\/yoast-seo-wordpress\/ -->\n<title>Baden \/ Bad V\u00f6slau | Cycle Cinema im Cinema Paradiso Baden am 18.3.2023 - Radlobby Nieder\u00f6sterreich<\/title>\n<meta name=\"robots\" content=\"index, follow, max-snippet:-1, max-image-preview:large, max-video-preview:-1\" \/>\n<link rel=\"canonical\" href=\"https:\/\/www.radlobby.org\/noe\/cycle-cinema-im-cinema-paradiso-baden-am-18-3-2023-radlobby-bad-voeslau\/\" \/>\n<meta property=\"og:locale\" content=\"de_DE\" \/>\n<meta property=\"og:type\" content=\"article\" \/>\n<meta property=\"og:title\" content=\"Baden \/ Bad V\u00f6slau | Cycle Cinema im Cinema Paradiso Baden am 18.3.2023 - Radlobby Nieder\u00f6sterreich\" \/>\n<meta property=\"og:description\" content=\"Am 18.3.2023 veranstalten wir gemeinsam mit dem Cinema Paradiso den &#8220;Cycle Cinema&#8220;-Event. Um 9.00 starten wir mit einem k\u00f6stlichen, veganen Fr\u00fchst\u00fcck vom Weltladen Baden, gleichzeitig k\u00f6nnen die R\u00e4der beim Rad-Schnell-Check von der Cycle Factory Baden f\u00fcr den Fr\u00fchling abgecheckt werden.\" \/>\n<meta property=\"og:url\" content=\"https:\/\/www.radlobby.org\/noe\/cycle-cinema-im-cinema-paradiso-baden-am-18-3-2023-radlobby-bad-voeslau\/\" \/>\n<meta property=\"og:site_name\" content=\"Radlobby Nieder\u00f6sterreich\" \/>\n<meta property=\"article:publisher\" content=\"https:\/\/www.facebook.com\/groups\/radfahren.in.noe\/\" \/>\n<meta property=\"article:published_time\" content=\"2023-03-17T08:26:14+00:00\" \/>\n<meta property=\"article:modified_time\" content=\"2026-04-01T11:26:14+00:00\" \/>\n<meta property=\"og:image\" content=\"https:\/\/www.radlobby.org\/noe\/wp-content\/uploads\/CP-Plakat-Bn-230202-Radlobby-st-Print03-scaled.jpg\" \/>\n\t<meta property=\"og:image:width\" content=\"1823\" \/>\n\t<meta property=\"og:image:height\" content=\"2560\" \/>\n\t<meta property=\"og:image:type\" content=\"image\/jpeg\" \/>\n<meta name=\"author\" content=\"Laura Kafka\" \/>\n<meta name=\"twitter:card\" content=\"summary_large_image\" \/>\n<meta name=\"twitter:label1\" content=\"Verfasst von\" \/>\n\t<meta name=\"twitter:data1\" content=\"Laura Kafka\" \/>\n\t<meta name=\"twitter:label2\" content=\"Gesch\u00e4tzte Lesezeit\" \/>\n\t<meta name=\"twitter:data2\" content=\"1\u00a0Minute\" \/>\n<script type=\"application\/ld+json\" class=\"yoast-schema-graph\">{\"@context\":\"https:\/\/schema.org\",\"@graph\":[{\"@type\":\"Article\",\"@id\":\"https:\/\/www.radlobby.org\/noe\/cycle-cinema-im-cinema-paradiso-baden-am-18-3-2023-radlobby-bad-voeslau\/#article\",\"isPartOf\":{\"@id\":\"https:\/\/www.radlobby.org\/noe\/cycle-cinema-im-cinema-paradiso-baden-am-18-3-2023-radlobby-bad-voeslau\/\"},\"author\":{\"name\":\"Laura Kafka\",\"@id\":\"https:\/\/www.radlobby.org\/noe\/#\/schema\/person\/3d46d5baaa32e9fab65201812c570448\"},\"headline\":\"Baden \/ Bad V\u00f6slau | Cycle Cinema im Cinema Paradiso Baden am 18.3.2023\",\"datePublished\":\"2023-03-17T08:26:14+00:00\",\"dateModified\":\"2026-04-01T11:26:14+00:00\",\"mainEntityOfPage\":{\"@id\":\"https:\/\/www.radlobby.org\/noe\/cycle-cinema-im-cinema-paradiso-baden-am-18-3-2023-radlobby-bad-voeslau\/\"},\"wordCount\":131,\"publisher\":{\"@id\":\"https:\/\/www.radlobby.org\/noe\/#organization\"},\"image\":{\"@id\":\"https:\/\/www.radlobby.org\/noe\/cycle-cinema-im-cinema-paradiso-baden-am-18-3-2023-radlobby-bad-voeslau\/#primaryimage\"},\"thumbnailUrl\":\"https:\/\/www.radlobby.org\/noe\/wp-content\/uploads\/CP-Plakat-Bn-230202-Radlobby-st-Print03-scaled.jpg\",\"articleSection\":[\"Radlobby Bad V\u00f6slau\",\"Radlobby Baden\",\"Radlobby Ebreichsdorf\",\"Radlobby M\u00f6dling\",\"Radlobby Nieder\u00f6sterreich\"],\"inLanguage\":\"de\"},{\"@type\":\"WebPage\",\"@id\":\"https:\/\/www.radlobby.org\/noe\/cycle-cinema-im-cinema-paradiso-baden-am-18-3-2023-radlobby-bad-voeslau\/\",\"url\":\"https:\/\/www.radlobby.org\/noe\/cycle-cinema-im-cinema-paradiso-baden-am-18-3-2023-radlobby-bad-voeslau\/\",\"name\":\"Baden \/ Bad V\u00f6slau | Cycle Cinema im Cinema Paradiso Baden am 18.3.2023 - Radlobby Nieder\u00f6sterreich\",\"isPartOf\":{\"@id\":\"https:\/\/www.radlobby.org\/noe\/#website\"},\"primaryImageOfPage\":{\"@id\":\"https:\/\/www.radlobby.org\/noe\/cycle-cinema-im-cinema-paradiso-baden-am-18-3-2023-radlobby-bad-voeslau\/#primaryimage\"},\"image\":{\"@id\":\"https:\/\/www.radlobby.org\/noe\/cycle-cinema-im-cinema-paradiso-baden-am-18-3-2023-radlobby-bad-voeslau\/#primaryimage\"},\"thumbnailUrl\":\"https:\/\/www.radlobby.org\/noe\/wp-content\/uploads\/CP-Plakat-Bn-230202-Radlobby-st-Print03-scaled.jpg\",\"datePublished\":\"2023-03-17T08:26:14+00:00\",\"dateModified\":\"2026-04-01T11:26:14+00:00\",\"breadcrumb\":{\"@id\":\"https:\/\/www.radlobby.org\/noe\/cycle-cinema-im-cinema-paradiso-baden-am-18-3-2023-radlobby-bad-voeslau\/#breadcrumb\"},\"inLanguage\":\"de\",\"potentialAction\":[{\"@type\":\"ReadAction\",\"target\":[\"https:\/\/www.radlobby.org\/noe\/cycle-cinema-im-cinema-paradiso-baden-am-18-3-2023-radlobby-bad-voeslau\/\"]}]},{\"@type\":\"ImageObject\",\"inLanguage\":\"de\",\"@id\":\"https:\/\/www.radlobby.org\/noe\/cycle-cinema-im-cinema-paradiso-baden-am-18-3-2023-radlobby-bad-voeslau\/#primaryimage\",\"url\":\"https:\/\/www.radlobby.org\/noe\/wp-content\/uploads\/CP-Plakat-Bn-230202-Radlobby-st-Print03-scaled.jpg\",\"contentUrl\":\"https:\/\/www.radlobby.org\/noe\/wp-content\/uploads\/CP-Plakat-Bn-230202-Radlobby-st-Print03-scaled.jpg\",\"width\":1823,\"height\":2560},{\"@type\":\"BreadcrumbList\",\"@id\":\"https:\/\/www.radlobby.org\/noe\/cycle-cinema-im-cinema-paradiso-baden-am-18-3-2023-radlobby-bad-voeslau\/#breadcrumb\",\"itemListElement\":[{\"@type\":\"ListItem\",\"position\":1,\"name\":\"Startseite\",\"item\":\"https:\/\/www.radlobby.org\/noe\/\"},{\"@type\":\"ListItem\",\"position\":2,\"name\":\"Baden \/ Bad V\u00f6slau | Cycle Cinema im Cinema Paradiso Baden am 18.3.2023\"}]},{\"@type\":\"WebSite\",\"@id\":\"https:\/\/www.radlobby.org\/noe\/#website\",\"url\":\"https:\/\/www.radlobby.org\/noe\/\",\"name\":\"Radlobby Nieder\u00f6sterreich\",\"description\":\"Radverkehr, Fahrrad, Radfahren, Radreisen, Radtouren, Radweg\",\"publisher\":{\"@id\":\"https:\/\/www.radlobby.org\/noe\/#organization\"},\"potentialAction\":[{\"@type\":\"SearchAction\",\"target\":{\"@type\":\"EntryPoint\",\"urlTemplate\":\"https:\/\/www.radlobby.org\/noe\/?s={search_term_string}\"},\"query-input\":{\"@type\":\"PropertyValueSpecification\",\"valueRequired\":true,\"valueName\":\"search_term_string\"}}],\"inLanguage\":\"de\"},{\"@type\":\"Organization\",\"@id\":\"https:\/\/www.radlobby.org\/noe\/#organization\",\"name\":\"Radlobby Nieder\u00f6sterreich\",\"url\":\"https:\/\/www.radlobby.org\/noe\/\",\"logo\":{\"@type\":\"ImageObject\",\"inLanguage\":\"de\",\"@id\":\"https:\/\/www.radlobby.org\/noe\/#\/schema\/logo\/image\/\",\"url\":\"https:\/\/www.radlobby.org\/noe\/wp-content\/uploads\/2017\/01\/cropped-Logo_Radlobby_Niederoesterreich_50-400px_quer-1.jpg\",\"contentUrl\":\"https:\/\/www.radlobby.org\/noe\/wp-content\/uploads\/2017\/01\/cropped-Logo_Radlobby_Niederoesterreich_50-400px_quer-1.jpg\",\"width\":450,\"height\":124,\"caption\":\"Radlobby Nieder\u00f6sterreich\"},\"image\":{\"@id\":\"https:\/\/www.radlobby.org\/noe\/#\/schema\/logo\/image\/\"},\"sameAs\":[\"https:\/\/www.facebook.com\/groups\/radfahren.in.noe\/\"]},{\"@type\":\"Person\",\"@id\":\"https:\/\/www.radlobby.org\/noe\/#\/schema\/person\/3d46d5baaa32e9fab65201812c570448\",\"name\":\"Laura Kafka\",\"image\":{\"@type\":\"ImageObject\",\"inLanguage\":\"de\",\"@id\":\"https:\/\/www.radlobby.org\/noe\/#\/schema\/person\/image\/\",\"url\":\"https:\/\/secure.gravatar.com\/avatar\/141ec437f27b3084bc6c91857d881288555812a76d2e9c6af9f4ba5f626465e7?s=96&d=mm&r=g\",\"contentUrl\":\"https:\/\/secure.gravatar.com\/avatar\/141ec437f27b3084bc6c91857d881288555812a76d2e9c6af9f4ba5f626465e7?s=96&d=mm&r=g\",\"caption\":\"Laura Kafka\"},\"url\":\"https:\/\/www.radlobby.org\/noe\/author\/laura-kafka\/\"}]}<\/script>\n<!-- \/ Yoast SEO plugin. -->","yoast_head_json":{"title":"Baden \/ Bad V\u00f6slau | Cycle Cinema im Cinema Paradiso Baden am 18.3.2023 - Radlobby Nieder\u00f6sterreich","robots":{"index":"index","follow":"follow","max-snippet":"max-snippet:-1","max-image-preview":"max-image-preview:large","max-video-preview":"max-video-preview:-1"},"canonical":"https:\/\/www.radlobby.org\/noe\/cycle-cinema-im-cinema-paradiso-baden-am-18-3-2023-radlobby-bad-voeslau\/","og_locale":"de_DE","og_type":"article","og_title":"Baden \/ Bad V\u00f6slau | Cycle Cinema im Cinema Paradiso Baden am 18.3.2023 - Radlobby Nieder\u00f6sterreich","og_description":"Am 18.3.2023 veranstalten wir gemeinsam mit dem Cinema Paradiso den &#8220;Cycle Cinema&#8220;-Event. Um 9.00 starten wir mit einem k\u00f6stlichen, veganen Fr\u00fchst\u00fcck vom Weltladen Baden, gleichzeitig k\u00f6nnen die R\u00e4der beim Rad-Schnell-Check von der Cycle Factory Baden f\u00fcr den Fr\u00fchling abgecheckt werden.","og_url":"https:\/\/www.radlobby.org\/noe\/cycle-cinema-im-cinema-paradiso-baden-am-18-3-2023-radlobby-bad-voeslau\/","og_site_name":"Radlobby Nieder\u00f6sterreich","article_publisher":"https:\/\/www.facebook.com\/groups\/radfahren.in.noe\/","article_published_time":"2023-03-17T08:26:14+00:00","article_modified_time":"2026-04-01T11:26:14+00:00","og_image":[{"width":1823,"height":2560,"url":"https:\/\/www.radlobby.org\/noe\/wp-content\/uploads\/CP-Plakat-Bn-230202-Radlobby-st-Print03-scaled.jpg","type":"image\/jpeg"}],"author":"Laura Kafka","twitter_card":"summary_large_image","twitter_misc":{"Verfasst von":"Laura Kafka","Gesch\u00e4tzte Lesezeit":"1\u00a0Minute"},"schema":{"@context":"https:\/\/schema.org","@graph":[{"@type":"Article","@id":"https:\/\/www.radlobby.org\/noe\/cycle-cinema-im-cinema-paradiso-baden-am-18-3-2023-radlobby-bad-voeslau\/#article","isPartOf":{"@id":"https:\/\/www.radlobby.org\/noe\/cycle-cinema-im-cinema-paradiso-baden-am-18-3-2023-radlobby-bad-voeslau\/"},"author":{"name":"Laura Kafka","@id":"https:\/\/www.radlobby.org\/noe\/#\/schema\/person\/3d46d5baaa32e9fab65201812c570448"},"headline":"Baden \/ Bad V\u00f6slau | Cycle Cinema im Cinema Paradiso Baden am 18.3.2023","datePublished":"2023-03-17T08:26:14+00:00","dateModified":"2026-04-01T11:26:14+00:00","mainEntityOfPage":{"@id":"https:\/\/www.radlobby.org\/noe\/cycle-cinema-im-cinema-paradiso-baden-am-18-3-2023-radlobby-bad-voeslau\/"},"wordCount":131,"publisher":{"@id":"https:\/\/www.radlobby.org\/noe\/#organization"},"image":{"@id":"https:\/\/www.radlobby.org\/noe\/cycle-cinema-im-cinema-paradiso-baden-am-18-3-2023-radlobby-bad-voeslau\/#primaryimage"},"thumbnailUrl":"https:\/\/www.radlobby.org\/noe\/wp-content\/uploads\/CP-Plakat-Bn-230202-Radlobby-st-Print03-scaled.jpg","articleSection":["Radlobby Bad V\u00f6slau","Radlobby Baden","Radlobby Ebreichsdorf","Radlobby M\u00f6dling","Radlobby Nieder\u00f6sterreich"],"inLanguage":"de"},{"@type":"WebPage","@id":"https:\/\/www.radlobby.org\/noe\/cycle-cinema-im-cinema-paradiso-baden-am-18-3-2023-radlobby-bad-voeslau\/","url":"https:\/\/www.radlobby.org\/noe\/cycle-cinema-im-cinema-paradiso-baden-am-18-3-2023-radlobby-bad-voeslau\/","name":"Baden \/ Bad V\u00f6slau | Cycle Cinema im Cinema Paradiso Baden am 18.3.2023 - Radlobby Nieder\u00f6sterreich","isPartOf":{"@id":"https:\/\/www.radlobby.org\/noe\/#website"},"primaryImageOfPage":{"@id":"https:\/\/www.radlobby.org\/noe\/cycle-cinema-im-cinema-paradiso-baden-am-18-3-2023-radlobby-bad-voeslau\/#primaryimage"},"image":{"@id":"https:\/\/www.radlobby.org\/noe\/cycle-cinema-im-cinema-paradiso-baden-am-18-3-2023-radlobby-bad-voeslau\/#primaryimage"},"thumbnailUrl":"https:\/\/www.radlobby.org\/noe\/wp-content\/uploads\/CP-Plakat-Bn-230202-Radlobby-st-Print03-scaled.jpg","datePublished":"2023-03-17T08:26:14+00:00","dateModified":"2026-04-01T11:26:14+00:00","breadcrumb":{"@id":"https:\/\/www.radlobby.org\/noe\/cycle-cinema-im-cinema-paradiso-baden-am-18-3-2023-radlobby-bad-voeslau\/#breadcrumb"},"inLanguage":"de","potentialAction":[{"@type":"ReadAction","target":["https:\/\/www.radlobby.org\/noe\/cycle-cinema-im-cinema-paradiso-baden-am-18-3-2023-radlobby-bad-voeslau\/"]}]},{"@type":"ImageObject","inLanguage":"de","@id":"https:\/\/www.radlobby.org\/noe\/cycle-cinema-im-cinema-paradiso-baden-am-18-3-2023-radlobby-bad-voeslau\/#primaryimage","url":"https:\/\/www.radlobby.org\/noe\/wp-content\/uploads\/CP-Plakat-Bn-230202-Radlobby-st-Print03-scaled.jpg","contentUrl":"https:\/\/www.radlobby.org\/noe\/wp-content\/uploads\/CP-Plakat-Bn-230202-Radlobby-st-Print03-scaled.jpg","width":1823,"height":2560},{"@type":"BreadcrumbList","@id":"https:\/\/www.radlobby.org\/noe\/cycle-cinema-im-cinema-paradiso-baden-am-18-3-2023-radlobby-bad-voeslau\/#breadcrumb","itemListElement":[{"@type":"ListItem","position":1,"name":"Startseite","item":"https:\/\/www.radlobby.org\/noe\/"},{"@type":"ListItem","position":2,"name":"Baden \/ Bad V\u00f6slau | Cycle Cinema im Cinema Paradiso Baden am 18.3.2023"}]},{"@type":"WebSite","@id":"https:\/\/www.radlobby.org\/noe\/#website","url":"https:\/\/www.radlobby.org\/noe\/","name":"Radlobby Nieder\u00f6sterreich","description":"Radverkehr, Fahrrad, Radfahren, Radreisen, Radtouren, Radweg","publisher":{"@id":"https:\/\/www.radlobby.org\/noe\/#organization"},"potentialAction":[{"@type":"SearchAction","target":{"@type":"EntryPoint","urlTemplate":"https:\/\/www.radlobby.org\/noe\/?s={search_term_string}"},"query-input":{"@type":"PropertyValueSpecification","valueRequired":true,"valueName":"search_term_string"}}],"inLanguage":"de"},{"@type":"Organization","@id":"https:\/\/www.radlobby.org\/noe\/#organization","name":"Radlobby Nieder\u00f6sterreich","url":"https:\/\/www.radlobby.org\/noe\/","logo":{"@type":"ImageObject","inLanguage":"de","@id":"https:\/\/www.radlobby.org\/noe\/#\/schema\/logo\/image\/","url":"https:\/\/www.radlobby.org\/noe\/wp-content\/uploads\/2017\/01\/cropped-Logo_Radlobby_Niederoesterreich_50-400px_quer-1.jpg","contentUrl":"https:\/\/www.radlobby.org\/noe\/wp-content\/uploads\/2017\/01\/cropped-Logo_Radlobby_Niederoesterreich_50-400px_quer-1.jpg","width":450,"height":124,"caption":"Radlobby Nieder\u00f6sterreich"},"image":{"@id":"https:\/\/www.radlobby.org\/noe\/#\/schema\/logo\/image\/"},"sameAs":["https:\/\/www.facebook.com\/groups\/radfahren.in.noe\/"]},{"@type":"Person","@id":"https:\/\/www.radlobby.org\/noe\/#\/schema\/person\/3d46d5baaa32e9fab65201812c570448","name":"Laura Kafka","image":{"@type":"ImageObject","inLanguage":"de","@id":"https:\/\/www.radlobby.org\/noe\/#\/schema\/person\/image\/","url":"https:\/\/secure.gravatar.com\/avatar\/141ec437f27b3084bc6c91857d881288555812a76d2e9c6af9f4ba5f626465e7?s=96&d=mm&r=g","contentUrl":"https:\/\/secure.gravatar.com\/avatar\/141ec437f27b3084bc6c91857d881288555812a76d2e9c6af9f4ba5f626465e7?s=96&d=mm&r=g","caption":"Laura Kafka"},"url":"https:\/\/www.radlobby.org\/noe\/author\/laura-kafka\/"}]}},"_links":{"self":[{"href":"https:\/\/www.radlobby.org\/noe\/wp-json\/wp\/v2\/posts\/27835","targetHints":{"allow":["GET"]}}],"collection":[{"href":"https:\/\/www.radlobby.org\/noe\/wp-json\/wp\/v2\/posts"}],"about":[{"href":"https:\/\/www.radlobby.org\/noe\/wp-json\/wp\/v2\/types\/post"}],"author":[{"embeddable":true,"href":"https:\/\/www.radlobby.org\/noe\/wp-json\/wp\/v2\/users\/65"}],"replies":[{"embeddable":true,"href":"https:\/\/www.radlobby.org\/noe\/wp-json\/wp\/v2\/comments?post=27835"}],"version-history":[{"count":12,"href":"https:\/\/www.radlobby.org\/noe\/wp-json\/wp\/v2\/posts\/27835\/revisions"}],"predecessor-version":[{"id":41655,"href":"https:\/\/www.radlobby.org\/noe\/wp-json\/wp\/v2\/posts\/27835\/revisions\/41655"}],"wp:featuredmedia":[{"embeddable":true,"href":"https:\/\/www.radlobby.org\/noe\/wp-json\/wp\/v2\/media\/27836"}],"wp:attachment":[{"href":"https:\/\/www.radlobby.org\/noe\/wp-json\/wp\/v2\/media?parent=27835"}],"wp:term":[{"taxonomy":"category","embeddable":true,"href":"https:\/\/www.radlobby.org\/noe\/wp-json\/wp\/v2\/categories?post=27835"},{"taxonomy":"post_tag","embeddable":true,"href":"https:\/\/www.radlobby.org\/noe\/wp-json\/wp\/v2\/tags?post=27835"}],"curies":[{"name":"wp","href":"https:\/\/api.w.org\/{rel}","templated":true}]}}