{"id":27013,"date":"2023-01-02T21:11:16","date_gmt":"2023-01-02T20:11:16","guid":{"rendered":"https:\/\/www.radlobby.org\/noe\/?p=27013"},"modified":"2023-01-02T21:11:16","modified_gmt":"2023-01-02T20:11:16","slug":"neujahrsradeln-2023-radsaisoneroeffnung-fuer-eine-radfreundliche-stadtgemeinde","status":"publish","type":"post","link":"https:\/\/www.radlobby.org\/noe\/neujahrsradeln-2023-radsaisoneroeffnung-fuer-eine-radfreundliche-stadtgemeinde\/","title":{"rendered":"Neujahrsradeln 2023: Radsaisoner\u00f6ffnung f\u00fcr eine radfreundliche Stadtgemeinde"},"content":{"rendered":"<h2><strong>&#8230;mit Anregungen f\u00fcr die Stadtpolitik und Neujahrw\u00fcnschen an die neue Landesregierung im Gep\u00e4ck<\/strong><\/h2>\n<p>Die Radlobby Ebreichsdorf er\u00f6ffnet mit dem Neujahrsradeln am 1. J\u00e4nner 2023 vergn\u00fcglich die Radsaison- wie viele andere Radlobbygruppen in ganz \u00d6sterreich. Die Ausfahrten haben mittlerweile Tradition. Denn das Fahrrad hat als schnelles, umweltfreundliches und gesundes Alltagsverkehrsmittel immer Saison.<\/p>\n<p>Ebreichsdorf hat 2022 vom Land Nieder\u00f6sterreich eine Auszeichnung als radfreundliche Gemeinde erhalten. Diese Auszeichnung nehmen wir zum Anlass, um unsere W\u00fcnsche zu deponieren, damit das Pr\u00e4dikat \u201eradfreundlich\u201c erf\u00fcllt ist:<\/p>\n<ul>\n<li><strong>Mitbestimmung der Nutzer:innen<\/strong> \/ Alltagsradfahrer:innen, wenn es um die Planung und Gestaltung der Radinfrastruktur geht.<\/li>\n<li>Die <strong>Alltagsrouten<\/strong>\u00a0sollen Beachtung finden bei der Planung der Radinfrastruktur \u2013 das betrifft vor allem Querungsm\u00f6glichkeiten<\/li>\n<li>Ein <strong>l\u00fcckenloses Radwegenetz<\/strong>; derzeit ist es noch ein St\u00fcckwerk<\/li>\n<li>Sichere Radwege zu den <strong>Schulen<\/strong> und <strong>Kinderg\u00e4rten<\/strong>.<\/li>\n<li><strong>Gehsteige sollen den Fu\u00dfg\u00e4nger:innen geh\u00f6ren<\/strong>; sie sind ohnehin schmal und den Fu\u00dfg\u00e4nger:innen bleibt zu wenig Platz, wenn auch der Radverkehr darauf stattfinden soll.<\/li>\n<li><strong>Problemstellen<\/strong>, die eingemeldet wurden, sollen verbessert werden<\/li>\n<li>Und zu guter Letzt: Wir brauchen die gute <strong>Radinfrastruktur jetzt<\/strong> und m\u00f6chten nicht noch Jahre zuwarten<\/li>\n<\/ul>\n<p><img loading=\"lazy\" decoding=\"async\" class=\"alignnone size-full wp-image-27016\" src=\"https:\/\/www.radlobby.org\/noe\/wp-content\/uploads\/20230101_220756-ANIMATION.gif\" alt=\"\" width=\"1036\" height=\"593\" \/><\/p>\n<p>Einig dieser W\u00fcnsche richten sich auch an die zuk\u00fcnftige Landespolitik in N\u00d6.<\/p>\n<h2><strong>3 Neujahrsw\u00fcnsche an die neue Landesregierung<\/strong><\/h2>\n<p>Die Radlobby Nieder\u00f6sterreich hat 3 konkrete Neujahrsw\u00fcnsche an die neue Landesregierung:<\/p>\n<h3><strong>Transparenz<\/strong><\/h3>\n<p>Transparenz und B\u00fcrger:innenbeteiligung sind entscheidend, um die Qualit\u00e4t der Radinfastruktur in Nieder\u00f6sterreich zu heben und zielgerichtete alltagstaugliche L\u00f6sungen zu entwickeln.<\/p>\n<p>Konkret hei\u00dft das: Einsicht in Planungsunterlagen, Verbindliche Teilnahmem\u00f6glichkeit der Radlobby bei Verkehrsverhandlungen, B\u00fcrger:innenbeteiligungsprozesse bei neuen Infrastrukturprojekten<\/p>\n<h3><strong>Sichere und durchg\u00e4ngige Radinfrastruktur entlang von allen Landesstra\u00dfen<\/strong><\/h3>\n<p>Landesstra\u00dfen sind \u00fcberregionale Verbindungsachsen f\u00fcr Radfahrende. Sie m\u00fcssen durchg\u00e4ngig ausgebaut sein. Wir w\u00fcnschen uns, dass bei jeder Sanierung auch die Radinfrastruktur mit saniert und erg\u00e4nzt werden, jeder Ausbau muss genutzt werden, um Radinfrastruktur zu schaffen und zu verbessern muss.<\/p>\n<h3><strong>Alltag der kurzen Wege <\/strong><\/h3>\n<p>Unterlassung von Eingriffen in Raum- und Siedlungsstrukturen, die es schwierig machen Wege zu Fu\u00df oder mit dem Rad zu erledigen. Konkret bedeutet dies eine sorgsame Raumplanung und Innerortsentwicklung um einen Alltag der kurzen Wege zu erm\u00f6glichen.<\/p>\n<p>&nbsp;<\/p>\n<p><strong>In diesem Sinne w\u00fcnschen wir allen Radfahrer:innen und allen, die es noch werden ein gutes neues Jahr, viel Spa\u00df beim Radfahren und gute Fahrt!<\/strong><\/p>\n<p>&nbsp;<\/p>\n","protected":false},"excerpt":{"rendered":"<p>&#8230;mit Anregungen f\u00fcr die Stadtpolitik und Neujahrw\u00fcnschen an die neue Landesregierung im Gep\u00e4ck Die Radlobby Ebreichsdorf er\u00f6ffnet mit dem Neujahrsradeln am 1. J\u00e4nner 2023 vergn\u00fcglich die Radsaison- wie viele andere Radlobbygruppen in ganz \u00d6sterreich. Die Ausfahrten haben mittlerweile Tradition. Denn<\/p>\n","protected":false},"author":42,"featured_media":27017,"comment_status":"closed","ping_status":"closed","sticky":false,"template":"","format":"standard","meta":{"footnotes":""},"categories":[1,382,383,547,195,343,365,20],"tags":[],"class_list":["post-27013","post","type-post","status-publish","format-standard","has-post-thumbnail","hentry","category-allgemein","category-klima","category-presse-medien","category-badvoeslau","category-baden","category-ebreichsdorf","category-leithaebene","category-niederoesterreich"],"yoast_head":"<!-- This site is optimized with the Yoast SEO plugin v26.9 - https:\/\/yoast.com\/product\/yoast-seo-wordpress\/ -->\n<title>Neujahrsradeln 2023: Radsaisoner\u00f6ffnung f\u00fcr eine radfreundliche Stadtgemeinde - Radlobby Nieder\u00f6sterreich<\/title>\n<meta name=\"robots\" content=\"index, follow, max-snippet:-1, max-image-preview:large, max-video-preview:-1\" \/>\n<link rel=\"canonical\" href=\"https:\/\/www.radlobby.org\/noe\/neujahrsradeln-2023-radsaisoneroeffnung-fuer-eine-radfreundliche-stadtgemeinde\/\" \/>\n<meta property=\"og:locale\" content=\"de_DE\" \/>\n<meta property=\"og:type\" content=\"article\" \/>\n<meta property=\"og:title\" content=\"Neujahrsradeln 2023: Radsaisoner\u00f6ffnung f\u00fcr eine radfreundliche Stadtgemeinde - Radlobby Nieder\u00f6sterreich\" \/>\n<meta property=\"og:description\" content=\"&#8230;mit Anregungen f\u00fcr die Stadtpolitik und Neujahrw\u00fcnschen an die neue Landesregierung im Gep\u00e4ck Die Radlobby Ebreichsdorf er\u00f6ffnet mit dem Neujahrsradeln am 1. J\u00e4nner 2023 vergn\u00fcglich die Radsaison- wie viele andere Radlobbygruppen in ganz \u00d6sterreich. Die Ausfahrten haben mittlerweile Tradition. Denn\" \/>\n<meta property=\"og:url\" content=\"https:\/\/www.radlobby.org\/noe\/neujahrsradeln-2023-radsaisoneroeffnung-fuer-eine-radfreundliche-stadtgemeinde\/\" \/>\n<meta property=\"og:site_name\" content=\"Radlobby Nieder\u00f6sterreich\" \/>\n<meta property=\"article:publisher\" content=\"https:\/\/www.facebook.com\/groups\/radfahren.in.noe\/\" \/>\n<meta property=\"article:published_time\" content=\"2023-01-02T20:11:16+00:00\" \/>\n<meta property=\"og:image\" content=\"https:\/\/www.radlobby.org\/noe\/wp-content\/uploads\/neujahrsradeln-2023-scaled.jpg\" \/>\n\t<meta property=\"og:image:width\" content=\"2560\" \/>\n\t<meta property=\"og:image:height\" content=\"1715\" \/>\n\t<meta property=\"og:image:type\" content=\"image\/jpeg\" \/>\n<meta name=\"author\" content=\"Elisabeth F\u00fcssl\" \/>\n<meta name=\"twitter:card\" content=\"summary_large_image\" \/>\n<meta name=\"twitter:label1\" content=\"Verfasst von\" \/>\n\t<meta name=\"twitter:data1\" content=\"Elisabeth F\u00fcssl\" \/>\n\t<meta name=\"twitter:label2\" content=\"Gesch\u00e4tzte Lesezeit\" \/>\n\t<meta name=\"twitter:data2\" content=\"3\u00a0Minuten\" \/>\n<script type=\"application\/ld+json\" class=\"yoast-schema-graph\">{\"@context\":\"https:\/\/schema.org\",\"@graph\":[{\"@type\":\"Article\",\"@id\":\"https:\/\/www.radlobby.org\/noe\/neujahrsradeln-2023-radsaisoneroeffnung-fuer-eine-radfreundliche-stadtgemeinde\/#article\",\"isPartOf\":{\"@id\":\"https:\/\/www.radlobby.org\/noe\/neujahrsradeln-2023-radsaisoneroeffnung-fuer-eine-radfreundliche-stadtgemeinde\/\"},\"author\":{\"name\":\"Elisabeth F\u00fcssl\",\"@id\":\"https:\/\/www.radlobby.org\/noe\/#\/schema\/person\/18e43e1a260d8e6fa8d3ddcfea65577c\"},\"headline\":\"Neujahrsradeln 2023: Radsaisoner\u00f6ffnung f\u00fcr eine radfreundliche Stadtgemeinde\",\"datePublished\":\"2023-01-02T20:11:16+00:00\",\"mainEntityOfPage\":{\"@id\":\"https:\/\/www.radlobby.org\/noe\/neujahrsradeln-2023-radsaisoneroeffnung-fuer-eine-radfreundliche-stadtgemeinde\/\"},\"wordCount\":402,\"publisher\":{\"@id\":\"https:\/\/www.radlobby.org\/noe\/#organization\"},\"image\":{\"@id\":\"https:\/\/www.radlobby.org\/noe\/neujahrsradeln-2023-radsaisoneroeffnung-fuer-eine-radfreundliche-stadtgemeinde\/#primaryimage\"},\"thumbnailUrl\":\"https:\/\/www.radlobby.org\/noe\/wp-content\/uploads\/neujahrsradeln-2023-scaled.jpg\",\"articleSection\":{\"1\":\"Klima\",\"2\":\"Presse &amp; Medien\",\"3\":\"Radlobby Bad V\u00f6slau\",\"4\":\"Radlobby Baden\",\"5\":\"Radlobby Ebreichsdorf\",\"6\":\"Radlobby Leithaebene\",\"7\":\"Radlobby Nieder\u00f6sterreich\"},\"inLanguage\":\"de\"},{\"@type\":\"WebPage\",\"@id\":\"https:\/\/www.radlobby.org\/noe\/neujahrsradeln-2023-radsaisoneroeffnung-fuer-eine-radfreundliche-stadtgemeinde\/\",\"url\":\"https:\/\/www.radlobby.org\/noe\/neujahrsradeln-2023-radsaisoneroeffnung-fuer-eine-radfreundliche-stadtgemeinde\/\",\"name\":\"Neujahrsradeln 2023: Radsaisoner\u00f6ffnung f\u00fcr eine radfreundliche Stadtgemeinde - Radlobby Nieder\u00f6sterreich\",\"isPartOf\":{\"@id\":\"https:\/\/www.radlobby.org\/noe\/#website\"},\"primaryImageOfPage\":{\"@id\":\"https:\/\/www.radlobby.org\/noe\/neujahrsradeln-2023-radsaisoneroeffnung-fuer-eine-radfreundliche-stadtgemeinde\/#primaryimage\"},\"image\":{\"@id\":\"https:\/\/www.radlobby.org\/noe\/neujahrsradeln-2023-radsaisoneroeffnung-fuer-eine-radfreundliche-stadtgemeinde\/#primaryimage\"},\"thumbnailUrl\":\"https:\/\/www.radlobby.org\/noe\/wp-content\/uploads\/neujahrsradeln-2023-scaled.jpg\",\"datePublished\":\"2023-01-02T20:11:16+00:00\",\"breadcrumb\":{\"@id\":\"https:\/\/www.radlobby.org\/noe\/neujahrsradeln-2023-radsaisoneroeffnung-fuer-eine-radfreundliche-stadtgemeinde\/#breadcrumb\"},\"inLanguage\":\"de\",\"potentialAction\":[{\"@type\":\"ReadAction\",\"target\":[\"https:\/\/www.radlobby.org\/noe\/neujahrsradeln-2023-radsaisoneroeffnung-fuer-eine-radfreundliche-stadtgemeinde\/\"]}]},{\"@type\":\"ImageObject\",\"inLanguage\":\"de\",\"@id\":\"https:\/\/www.radlobby.org\/noe\/neujahrsradeln-2023-radsaisoneroeffnung-fuer-eine-radfreundliche-stadtgemeinde\/#primaryimage\",\"url\":\"https:\/\/www.radlobby.org\/noe\/wp-content\/uploads\/neujahrsradeln-2023-scaled.jpg\",\"contentUrl\":\"https:\/\/www.radlobby.org\/noe\/wp-content\/uploads\/neujahrsradeln-2023-scaled.jpg\",\"width\":2560,\"height\":1715},{\"@type\":\"BreadcrumbList\",\"@id\":\"https:\/\/www.radlobby.org\/noe\/neujahrsradeln-2023-radsaisoneroeffnung-fuer-eine-radfreundliche-stadtgemeinde\/#breadcrumb\",\"itemListElement\":[{\"@type\":\"ListItem\",\"position\":1,\"name\":\"Startseite\",\"item\":\"https:\/\/www.radlobby.org\/noe\/\"},{\"@type\":\"ListItem\",\"position\":2,\"name\":\"Neujahrsradeln 2023: Radsaisoner\u00f6ffnung f\u00fcr eine radfreundliche Stadtgemeinde\"}]},{\"@type\":\"WebSite\",\"@id\":\"https:\/\/www.radlobby.org\/noe\/#website\",\"url\":\"https:\/\/www.radlobby.org\/noe\/\",\"name\":\"Radlobby Nieder\u00f6sterreich\",\"description\":\"Radverkehr, Fahrrad, Radfahren, Radreisen, Radtouren, Radweg\",\"publisher\":{\"@id\":\"https:\/\/www.radlobby.org\/noe\/#organization\"},\"potentialAction\":[{\"@type\":\"SearchAction\",\"target\":{\"@type\":\"EntryPoint\",\"urlTemplate\":\"https:\/\/www.radlobby.org\/noe\/?s={search_term_string}\"},\"query-input\":{\"@type\":\"PropertyValueSpecification\",\"valueRequired\":true,\"valueName\":\"search_term_string\"}}],\"inLanguage\":\"de\"},{\"@type\":\"Organization\",\"@id\":\"https:\/\/www.radlobby.org\/noe\/#organization\",\"name\":\"Radlobby Nieder\u00f6sterreich\",\"url\":\"https:\/\/www.radlobby.org\/noe\/\",\"logo\":{\"@type\":\"ImageObject\",\"inLanguage\":\"de\",\"@id\":\"https:\/\/www.radlobby.org\/noe\/#\/schema\/logo\/image\/\",\"url\":\"https:\/\/www.radlobby.org\/noe\/wp-content\/uploads\/2017\/01\/cropped-Logo_Radlobby_Niederoesterreich_50-400px_quer-1.jpg\",\"contentUrl\":\"https:\/\/www.radlobby.org\/noe\/wp-content\/uploads\/2017\/01\/cropped-Logo_Radlobby_Niederoesterreich_50-400px_quer-1.jpg\",\"width\":450,\"height\":124,\"caption\":\"Radlobby Nieder\u00f6sterreich\"},\"image\":{\"@id\":\"https:\/\/www.radlobby.org\/noe\/#\/schema\/logo\/image\/\"},\"sameAs\":[\"https:\/\/www.facebook.com\/groups\/radfahren.in.noe\/\"]},{\"@type\":\"Person\",\"@id\":\"https:\/\/www.radlobby.org\/noe\/#\/schema\/person\/18e43e1a260d8e6fa8d3ddcfea65577c\",\"name\":\"Elisabeth F\u00fcssl\",\"image\":{\"@type\":\"ImageObject\",\"inLanguage\":\"de\",\"@id\":\"https:\/\/www.radlobby.org\/noe\/#\/schema\/person\/image\/\",\"url\":\"https:\/\/secure.gravatar.com\/avatar\/8da78945c4a86c541704ecb3d3b6f2dacb957459b67a69595a42faf62e078ab3?s=96&d=mm&r=g\",\"contentUrl\":\"https:\/\/secure.gravatar.com\/avatar\/8da78945c4a86c541704ecb3d3b6f2dacb957459b67a69595a42faf62e078ab3?s=96&d=mm&r=g\",\"caption\":\"Elisabeth F\u00fcssl\"},\"url\":\"https:\/\/www.radlobby.org\/noe\/author\/elisabeth-fuessl\/\"}]}<\/script>\n<!-- \/ Yoast SEO plugin. -->","yoast_head_json":{"title":"Neujahrsradeln 2023: Radsaisoner\u00f6ffnung f\u00fcr eine radfreundliche Stadtgemeinde - Radlobby Nieder\u00f6sterreich","robots":{"index":"index","follow":"follow","max-snippet":"max-snippet:-1","max-image-preview":"max-image-preview:large","max-video-preview":"max-video-preview:-1"},"canonical":"https:\/\/www.radlobby.org\/noe\/neujahrsradeln-2023-radsaisoneroeffnung-fuer-eine-radfreundliche-stadtgemeinde\/","og_locale":"de_DE","og_type":"article","og_title":"Neujahrsradeln 2023: Radsaisoner\u00f6ffnung f\u00fcr eine radfreundliche Stadtgemeinde - Radlobby Nieder\u00f6sterreich","og_description":"&#8230;mit Anregungen f\u00fcr die Stadtpolitik und Neujahrw\u00fcnschen an die neue Landesregierung im Gep\u00e4ck Die Radlobby Ebreichsdorf er\u00f6ffnet mit dem Neujahrsradeln am 1. J\u00e4nner 2023 vergn\u00fcglich die Radsaison- wie viele andere Radlobbygruppen in ganz \u00d6sterreich. Die Ausfahrten haben mittlerweile Tradition. Denn","og_url":"https:\/\/www.radlobby.org\/noe\/neujahrsradeln-2023-radsaisoneroeffnung-fuer-eine-radfreundliche-stadtgemeinde\/","og_site_name":"Radlobby Nieder\u00f6sterreich","article_publisher":"https:\/\/www.facebook.com\/groups\/radfahren.in.noe\/","article_published_time":"2023-01-02T20:11:16+00:00","og_image":[{"width":2560,"height":1715,"url":"https:\/\/www.radlobby.org\/noe\/wp-content\/uploads\/neujahrsradeln-2023-scaled.jpg","type":"image\/jpeg"}],"author":"Elisabeth F\u00fcssl","twitter_card":"summary_large_image","twitter_misc":{"Verfasst von":"Elisabeth F\u00fcssl","Gesch\u00e4tzte Lesezeit":"3\u00a0Minuten"},"schema":{"@context":"https:\/\/schema.org","@graph":[{"@type":"Article","@id":"https:\/\/www.radlobby.org\/noe\/neujahrsradeln-2023-radsaisoneroeffnung-fuer-eine-radfreundliche-stadtgemeinde\/#article","isPartOf":{"@id":"https:\/\/www.radlobby.org\/noe\/neujahrsradeln-2023-radsaisoneroeffnung-fuer-eine-radfreundliche-stadtgemeinde\/"},"author":{"name":"Elisabeth F\u00fcssl","@id":"https:\/\/www.radlobby.org\/noe\/#\/schema\/person\/18e43e1a260d8e6fa8d3ddcfea65577c"},"headline":"Neujahrsradeln 2023: Radsaisoner\u00f6ffnung f\u00fcr eine radfreundliche Stadtgemeinde","datePublished":"2023-01-02T20:11:16+00:00","mainEntityOfPage":{"@id":"https:\/\/www.radlobby.org\/noe\/neujahrsradeln-2023-radsaisoneroeffnung-fuer-eine-radfreundliche-stadtgemeinde\/"},"wordCount":402,"publisher":{"@id":"https:\/\/www.radlobby.org\/noe\/#organization"},"image":{"@id":"https:\/\/www.radlobby.org\/noe\/neujahrsradeln-2023-radsaisoneroeffnung-fuer-eine-radfreundliche-stadtgemeinde\/#primaryimage"},"thumbnailUrl":"https:\/\/www.radlobby.org\/noe\/wp-content\/uploads\/neujahrsradeln-2023-scaled.jpg","articleSection":{"1":"Klima","2":"Presse &amp; Medien","3":"Radlobby Bad V\u00f6slau","4":"Radlobby Baden","5":"Radlobby Ebreichsdorf","6":"Radlobby Leithaebene","7":"Radlobby Nieder\u00f6sterreich"},"inLanguage":"de"},{"@type":"WebPage","@id":"https:\/\/www.radlobby.org\/noe\/neujahrsradeln-2023-radsaisoneroeffnung-fuer-eine-radfreundliche-stadtgemeinde\/","url":"https:\/\/www.radlobby.org\/noe\/neujahrsradeln-2023-radsaisoneroeffnung-fuer-eine-radfreundliche-stadtgemeinde\/","name":"Neujahrsradeln 2023: Radsaisoner\u00f6ffnung f\u00fcr eine radfreundliche Stadtgemeinde - Radlobby Nieder\u00f6sterreich","isPartOf":{"@id":"https:\/\/www.radlobby.org\/noe\/#website"},"primaryImageOfPage":{"@id":"https:\/\/www.radlobby.org\/noe\/neujahrsradeln-2023-radsaisoneroeffnung-fuer-eine-radfreundliche-stadtgemeinde\/#primaryimage"},"image":{"@id":"https:\/\/www.radlobby.org\/noe\/neujahrsradeln-2023-radsaisoneroeffnung-fuer-eine-radfreundliche-stadtgemeinde\/#primaryimage"},"thumbnailUrl":"https:\/\/www.radlobby.org\/noe\/wp-content\/uploads\/neujahrsradeln-2023-scaled.jpg","datePublished":"2023-01-02T20:11:16+00:00","breadcrumb":{"@id":"https:\/\/www.radlobby.org\/noe\/neujahrsradeln-2023-radsaisoneroeffnung-fuer-eine-radfreundliche-stadtgemeinde\/#breadcrumb"},"inLanguage":"de","potentialAction":[{"@type":"ReadAction","target":["https:\/\/www.radlobby.org\/noe\/neujahrsradeln-2023-radsaisoneroeffnung-fuer-eine-radfreundliche-stadtgemeinde\/"]}]},{"@type":"ImageObject","inLanguage":"de","@id":"https:\/\/www.radlobby.org\/noe\/neujahrsradeln-2023-radsaisoneroeffnung-fuer-eine-radfreundliche-stadtgemeinde\/#primaryimage","url":"https:\/\/www.radlobby.org\/noe\/wp-content\/uploads\/neujahrsradeln-2023-scaled.jpg","contentUrl":"https:\/\/www.radlobby.org\/noe\/wp-content\/uploads\/neujahrsradeln-2023-scaled.jpg","width":2560,"height":1715},{"@type":"BreadcrumbList","@id":"https:\/\/www.radlobby.org\/noe\/neujahrsradeln-2023-radsaisoneroeffnung-fuer-eine-radfreundliche-stadtgemeinde\/#breadcrumb","itemListElement":[{"@type":"ListItem","position":1,"name":"Startseite","item":"https:\/\/www.radlobby.org\/noe\/"},{"@type":"ListItem","position":2,"name":"Neujahrsradeln 2023: Radsaisoner\u00f6ffnung f\u00fcr eine radfreundliche Stadtgemeinde"}]},{"@type":"WebSite","@id":"https:\/\/www.radlobby.org\/noe\/#website","url":"https:\/\/www.radlobby.org\/noe\/","name":"Radlobby Nieder\u00f6sterreich","description":"Radverkehr, Fahrrad, Radfahren, Radreisen, Radtouren, Radweg","publisher":{"@id":"https:\/\/www.radlobby.org\/noe\/#organization"},"potentialAction":[{"@type":"SearchAction","target":{"@type":"EntryPoint","urlTemplate":"https:\/\/www.radlobby.org\/noe\/?s={search_term_string}"},"query-input":{"@type":"PropertyValueSpecification","valueRequired":true,"valueName":"search_term_string"}}],"inLanguage":"de"},{"@type":"Organization","@id":"https:\/\/www.radlobby.org\/noe\/#organization","name":"Radlobby Nieder\u00f6sterreich","url":"https:\/\/www.radlobby.org\/noe\/","logo":{"@type":"ImageObject","inLanguage":"de","@id":"https:\/\/www.radlobby.org\/noe\/#\/schema\/logo\/image\/","url":"https:\/\/www.radlobby.org\/noe\/wp-content\/uploads\/2017\/01\/cropped-Logo_Radlobby_Niederoesterreich_50-400px_quer-1.jpg","contentUrl":"https:\/\/www.radlobby.org\/noe\/wp-content\/uploads\/2017\/01\/cropped-Logo_Radlobby_Niederoesterreich_50-400px_quer-1.jpg","width":450,"height":124,"caption":"Radlobby Nieder\u00f6sterreich"},"image":{"@id":"https:\/\/www.radlobby.org\/noe\/#\/schema\/logo\/image\/"},"sameAs":["https:\/\/www.facebook.com\/groups\/radfahren.in.noe\/"]},{"@type":"Person","@id":"https:\/\/www.radlobby.org\/noe\/#\/schema\/person\/18e43e1a260d8e6fa8d3ddcfea65577c","name":"Elisabeth F\u00fcssl","image":{"@type":"ImageObject","inLanguage":"de","@id":"https:\/\/www.radlobby.org\/noe\/#\/schema\/person\/image\/","url":"https:\/\/secure.gravatar.com\/avatar\/8da78945c4a86c541704ecb3d3b6f2dacb957459b67a69595a42faf62e078ab3?s=96&d=mm&r=g","contentUrl":"https:\/\/secure.gravatar.com\/avatar\/8da78945c4a86c541704ecb3d3b6f2dacb957459b67a69595a42faf62e078ab3?s=96&d=mm&r=g","caption":"Elisabeth F\u00fcssl"},"url":"https:\/\/www.radlobby.org\/noe\/author\/elisabeth-fuessl\/"}]}},"_links":{"self":[{"href":"https:\/\/www.radlobby.org\/noe\/wp-json\/wp\/v2\/posts\/27013","targetHints":{"allow":["GET"]}}],"collection":[{"href":"https:\/\/www.radlobby.org\/noe\/wp-json\/wp\/v2\/posts"}],"about":[{"href":"https:\/\/www.radlobby.org\/noe\/wp-json\/wp\/v2\/types\/post"}],"author":[{"embeddable":true,"href":"https:\/\/www.radlobby.org\/noe\/wp-json\/wp\/v2\/users\/42"}],"replies":[{"embeddable":true,"href":"https:\/\/www.radlobby.org\/noe\/wp-json\/wp\/v2\/comments?post=27013"}],"version-history":[{"count":0,"href":"https:\/\/www.radlobby.org\/noe\/wp-json\/wp\/v2\/posts\/27013\/revisions"}],"wp:featuredmedia":[{"embeddable":true,"href":"https:\/\/www.radlobby.org\/noe\/wp-json\/wp\/v2\/media\/27017"}],"wp:attachment":[{"href":"https:\/\/www.radlobby.org\/noe\/wp-json\/wp\/v2\/media?parent=27013"}],"wp:term":[{"taxonomy":"category","embeddable":true,"href":"https:\/\/www.radlobby.org\/noe\/wp-json\/wp\/v2\/categories?post=27013"},{"taxonomy":"post_tag","embeddable":true,"href":"https:\/\/www.radlobby.org\/noe\/wp-json\/wp\/v2\/tags?post=27013"}],"curies":[{"name":"wp","href":"https:\/\/api.w.org\/{rel}","templated":true}]}}