{"id":26916,"date":"2022-12-21T18:04:15","date_gmt":"2022-12-21T17:04:15","guid":{"rendered":"https:\/\/www.radlobby.org\/noe\/?p=26916"},"modified":"2022-12-21T18:07:53","modified_gmt":"2022-12-21T17:07:53","slug":"wr-neustadt-foehrenwald-2023-neubau-der-suedbahn-unterfuehrung","status":"publish","type":"post","link":"https:\/\/www.radlobby.org\/noe\/wr-neustadt-foehrenwald-2023-neubau-der-suedbahn-unterfuehrung\/","title":{"rendered":"Wr.Neustadt &#8211; F\u00f6hrenwald: 2023 Neubau der S\u00fcdbahn-Unterf\u00fchrung"},"content":{"rendered":"<p>Bedingt durch den Neubau der S\u00fcdbahn-Unterf\u00fchrung &#8220;Untere Trift&#8221; beim Metro, ca. 5 km s\u00fcdwestlich von Wr.Neustadt, sind die Freizeitradrouten von Weikersdorf und Wr.Neustadt-West zur Waldschule (und weiter nach F\u00f6hrenau etc.) das komplette Jahr 2023 nicht ben\u00fctzbar. Man muss relativ gro\u00dfr\u00e4umig ausweichen &#8211; leider!<\/p>\n","protected":false},"excerpt":{"rendered":"<p>Neubau der S\u00fcdbahn-Unterf\u00fchrung &#8220;Untere Trift&#8221; beim Metro s\u00fcdwestlich von Wr.Neustadt. Freizeitradrouten von Weikersdorf und Wr.Neustadt-West zur Waldschule sind 2023 nicht ben\u00fctzbar!<\/p>\n","protected":false},"author":55,"featured_media":26918,"comment_status":"closed","ping_status":"closed","sticky":false,"template":"","format":"standard","meta":{"footnotes":""},"categories":[7],"tags":[],"class_list":["post-26916","post","type-post","status-publish","format-standard","has-post-thumbnail","hentry","category-wiener-neustadt"],"yoast_head":"<!-- This site is optimized with the Yoast SEO plugin v26.9 - https:\/\/yoast.com\/product\/yoast-seo-wordpress\/ -->\n<title>Wr.Neustadt - F\u00f6hrenwald: 2023 Neubau der S\u00fcdbahn-Unterf\u00fchrung - Radlobby Nieder\u00f6sterreich<\/title>\n<meta name=\"robots\" content=\"index, follow, max-snippet:-1, max-image-preview:large, max-video-preview:-1\" \/>\n<link rel=\"canonical\" href=\"https:\/\/www.radlobby.org\/noe\/wr-neustadt-foehrenwald-2023-neubau-der-suedbahn-unterfuehrung\/\" \/>\n<meta property=\"og:locale\" content=\"de_DE\" \/>\n<meta property=\"og:type\" content=\"article\" \/>\n<meta property=\"og:title\" content=\"Wr.Neustadt - F\u00f6hrenwald: 2023 Neubau der S\u00fcdbahn-Unterf\u00fchrung - Radlobby Nieder\u00f6sterreich\" \/>\n<meta property=\"og:description\" content=\"Neubau der S\u00fcdbahn-Unterf\u00fchrung &quot;Untere Trift&quot; beim Metro s\u00fcdwestlich von Wr.Neustadt. Freizeitradrouten von Weikersdorf und Wr.Neustadt-West zur Waldschule sind 2023 nicht ben\u00fctzbar!\" \/>\n<meta property=\"og:url\" content=\"https:\/\/www.radlobby.org\/noe\/wr-neustadt-foehrenwald-2023-neubau-der-suedbahn-unterfuehrung\/\" \/>\n<meta property=\"og:site_name\" content=\"Radlobby Nieder\u00f6sterreich\" \/>\n<meta property=\"article:publisher\" content=\"https:\/\/www.facebook.com\/groups\/radfahren.in.noe\/\" \/>\n<meta property=\"article:published_time\" content=\"2022-12-21T17:04:15+00:00\" \/>\n<meta property=\"article:modified_time\" content=\"2022-12-21T17:07:53+00:00\" \/>\n<meta property=\"og:image\" content=\"https:\/\/www.radlobby.org\/noe\/wp-content\/uploads\/2023-SperreSuedbahn-Unterfuehrung.jpg\" \/>\n\t<meta property=\"og:image:width\" content=\"1137\" \/>\n\t<meta property=\"og:image:height\" content=\"1737\" \/>\n\t<meta property=\"og:image:type\" content=\"image\/jpeg\" \/>\n<meta name=\"author\" content=\"Gerold Petritsch\" \/>\n<meta name=\"twitter:card\" content=\"summary_large_image\" \/>\n<meta name=\"twitter:label1\" content=\"Verfasst von\" \/>\n\t<meta name=\"twitter:data1\" content=\"Gerold Petritsch\" \/>\n\t<meta name=\"twitter:label2\" content=\"Gesch\u00e4tzte Lesezeit\" \/>\n\t<meta name=\"twitter:data2\" content=\"1\u00a0Minute\" \/>\n<script type=\"application\/ld+json\" class=\"yoast-schema-graph\">{\"@context\":\"https:\/\/schema.org\",\"@graph\":[{\"@type\":\"Article\",\"@id\":\"https:\/\/www.radlobby.org\/noe\/wr-neustadt-foehrenwald-2023-neubau-der-suedbahn-unterfuehrung\/#article\",\"isPartOf\":{\"@id\":\"https:\/\/www.radlobby.org\/noe\/wr-neustadt-foehrenwald-2023-neubau-der-suedbahn-unterfuehrung\/\"},\"author\":{\"name\":\"Gerold Petritsch\",\"@id\":\"https:\/\/www.radlobby.org\/noe\/#\/schema\/person\/6575d09b0e7b7970d5b81d0bab520c61\"},\"headline\":\"Wr.Neustadt &#8211; F\u00f6hrenwald: 2023 Neubau der S\u00fcdbahn-Unterf\u00fchrung\",\"datePublished\":\"2022-12-21T17:04:15+00:00\",\"dateModified\":\"2022-12-21T17:07:53+00:00\",\"mainEntityOfPage\":{\"@id\":\"https:\/\/www.radlobby.org\/noe\/wr-neustadt-foehrenwald-2023-neubau-der-suedbahn-unterfuehrung\/\"},\"wordCount\":60,\"publisher\":{\"@id\":\"https:\/\/www.radlobby.org\/noe\/#organization\"},\"image\":{\"@id\":\"https:\/\/www.radlobby.org\/noe\/wr-neustadt-foehrenwald-2023-neubau-der-suedbahn-unterfuehrung\/#primaryimage\"},\"thumbnailUrl\":\"https:\/\/www.radlobby.org\/noe\/wp-content\/uploads\/2023-SperreSuedbahn-Unterfuehrung.jpg\",\"articleSection\":[\"Radlobby Wiener Neustadt\"],\"inLanguage\":\"de\"},{\"@type\":\"WebPage\",\"@id\":\"https:\/\/www.radlobby.org\/noe\/wr-neustadt-foehrenwald-2023-neubau-der-suedbahn-unterfuehrung\/\",\"url\":\"https:\/\/www.radlobby.org\/noe\/wr-neustadt-foehrenwald-2023-neubau-der-suedbahn-unterfuehrung\/\",\"name\":\"Wr.Neustadt - F\u00f6hrenwald: 2023 Neubau der S\u00fcdbahn-Unterf\u00fchrung - Radlobby Nieder\u00f6sterreich\",\"isPartOf\":{\"@id\":\"https:\/\/www.radlobby.org\/noe\/#website\"},\"primaryImageOfPage\":{\"@id\":\"https:\/\/www.radlobby.org\/noe\/wr-neustadt-foehrenwald-2023-neubau-der-suedbahn-unterfuehrung\/#primaryimage\"},\"image\":{\"@id\":\"https:\/\/www.radlobby.org\/noe\/wr-neustadt-foehrenwald-2023-neubau-der-suedbahn-unterfuehrung\/#primaryimage\"},\"thumbnailUrl\":\"https:\/\/www.radlobby.org\/noe\/wp-content\/uploads\/2023-SperreSuedbahn-Unterfuehrung.jpg\",\"datePublished\":\"2022-12-21T17:04:15+00:00\",\"dateModified\":\"2022-12-21T17:07:53+00:00\",\"breadcrumb\":{\"@id\":\"https:\/\/www.radlobby.org\/noe\/wr-neustadt-foehrenwald-2023-neubau-der-suedbahn-unterfuehrung\/#breadcrumb\"},\"inLanguage\":\"de\",\"potentialAction\":[{\"@type\":\"ReadAction\",\"target\":[\"https:\/\/www.radlobby.org\/noe\/wr-neustadt-foehrenwald-2023-neubau-der-suedbahn-unterfuehrung\/\"]}]},{\"@type\":\"ImageObject\",\"inLanguage\":\"de\",\"@id\":\"https:\/\/www.radlobby.org\/noe\/wr-neustadt-foehrenwald-2023-neubau-der-suedbahn-unterfuehrung\/#primaryimage\",\"url\":\"https:\/\/www.radlobby.org\/noe\/wp-content\/uploads\/2023-SperreSuedbahn-Unterfuehrung.jpg\",\"contentUrl\":\"https:\/\/www.radlobby.org\/noe\/wp-content\/uploads\/2023-SperreSuedbahn-Unterfuehrung.jpg\",\"width\":1137,\"height\":1737},{\"@type\":\"BreadcrumbList\",\"@id\":\"https:\/\/www.radlobby.org\/noe\/wr-neustadt-foehrenwald-2023-neubau-der-suedbahn-unterfuehrung\/#breadcrumb\",\"itemListElement\":[{\"@type\":\"ListItem\",\"position\":1,\"name\":\"Startseite\",\"item\":\"https:\/\/www.radlobby.org\/noe\/\"},{\"@type\":\"ListItem\",\"position\":2,\"name\":\"Wr.Neustadt &#8211; F\u00f6hrenwald: 2023 Neubau der S\u00fcdbahn-Unterf\u00fchrung\"}]},{\"@type\":\"WebSite\",\"@id\":\"https:\/\/www.radlobby.org\/noe\/#website\",\"url\":\"https:\/\/www.radlobby.org\/noe\/\",\"name\":\"Radlobby Nieder\u00f6sterreich\",\"description\":\"Radverkehr, Fahrrad, Radfahren, Radreisen, Radtouren, Radweg\",\"publisher\":{\"@id\":\"https:\/\/www.radlobby.org\/noe\/#organization\"},\"potentialAction\":[{\"@type\":\"SearchAction\",\"target\":{\"@type\":\"EntryPoint\",\"urlTemplate\":\"https:\/\/www.radlobby.org\/noe\/?s={search_term_string}\"},\"query-input\":{\"@type\":\"PropertyValueSpecification\",\"valueRequired\":true,\"valueName\":\"search_term_string\"}}],\"inLanguage\":\"de\"},{\"@type\":\"Organization\",\"@id\":\"https:\/\/www.radlobby.org\/noe\/#organization\",\"name\":\"Radlobby Nieder\u00f6sterreich\",\"url\":\"https:\/\/www.radlobby.org\/noe\/\",\"logo\":{\"@type\":\"ImageObject\",\"inLanguage\":\"de\",\"@id\":\"https:\/\/www.radlobby.org\/noe\/#\/schema\/logo\/image\/\",\"url\":\"https:\/\/www.radlobby.org\/noe\/wp-content\/uploads\/2017\/01\/cropped-Logo_Radlobby_Niederoesterreich_50-400px_quer-1.jpg\",\"contentUrl\":\"https:\/\/www.radlobby.org\/noe\/wp-content\/uploads\/2017\/01\/cropped-Logo_Radlobby_Niederoesterreich_50-400px_quer-1.jpg\",\"width\":450,\"height\":124,\"caption\":\"Radlobby Nieder\u00f6sterreich\"},\"image\":{\"@id\":\"https:\/\/www.radlobby.org\/noe\/#\/schema\/logo\/image\/\"},\"sameAs\":[\"https:\/\/www.facebook.com\/groups\/radfahren.in.noe\/\"]},{\"@type\":\"Person\",\"@id\":\"https:\/\/www.radlobby.org\/noe\/#\/schema\/person\/6575d09b0e7b7970d5b81d0bab520c61\",\"name\":\"Gerold Petritsch\",\"image\":{\"@type\":\"ImageObject\",\"inLanguage\":\"de\",\"@id\":\"https:\/\/www.radlobby.org\/noe\/#\/schema\/person\/image\/\",\"url\":\"https:\/\/secure.gravatar.com\/avatar\/9dc36f4c91f9894712dd7fdc25d6d6bc3448cf31a66187da4b2a4081af93013d?s=96&d=mm&r=g\",\"contentUrl\":\"https:\/\/secure.gravatar.com\/avatar\/9dc36f4c91f9894712dd7fdc25d6d6bc3448cf31a66187da4b2a4081af93013d?s=96&d=mm&r=g\",\"caption\":\"Gerold Petritsch\"},\"url\":\"https:\/\/www.radlobby.org\/noe\/author\/gerold-petritsch\/\"}]}<\/script>\n<!-- \/ Yoast SEO plugin. -->","yoast_head_json":{"title":"Wr.Neustadt - F\u00f6hrenwald: 2023 Neubau der S\u00fcdbahn-Unterf\u00fchrung - Radlobby Nieder\u00f6sterreich","robots":{"index":"index","follow":"follow","max-snippet":"max-snippet:-1","max-image-preview":"max-image-preview:large","max-video-preview":"max-video-preview:-1"},"canonical":"https:\/\/www.radlobby.org\/noe\/wr-neustadt-foehrenwald-2023-neubau-der-suedbahn-unterfuehrung\/","og_locale":"de_DE","og_type":"article","og_title":"Wr.Neustadt - F\u00f6hrenwald: 2023 Neubau der S\u00fcdbahn-Unterf\u00fchrung - Radlobby Nieder\u00f6sterreich","og_description":"Neubau der S\u00fcdbahn-Unterf\u00fchrung \"Untere Trift\" beim Metro s\u00fcdwestlich von Wr.Neustadt. Freizeitradrouten von Weikersdorf und Wr.Neustadt-West zur Waldschule sind 2023 nicht ben\u00fctzbar!","og_url":"https:\/\/www.radlobby.org\/noe\/wr-neustadt-foehrenwald-2023-neubau-der-suedbahn-unterfuehrung\/","og_site_name":"Radlobby Nieder\u00f6sterreich","article_publisher":"https:\/\/www.facebook.com\/groups\/radfahren.in.noe\/","article_published_time":"2022-12-21T17:04:15+00:00","article_modified_time":"2022-12-21T17:07:53+00:00","og_image":[{"width":1137,"height":1737,"url":"https:\/\/www.radlobby.org\/noe\/wp-content\/uploads\/2023-SperreSuedbahn-Unterfuehrung.jpg","type":"image\/jpeg"}],"author":"Gerold Petritsch","twitter_card":"summary_large_image","twitter_misc":{"Verfasst von":"Gerold Petritsch","Gesch\u00e4tzte Lesezeit":"1\u00a0Minute"},"schema":{"@context":"https:\/\/schema.org","@graph":[{"@type":"Article","@id":"https:\/\/www.radlobby.org\/noe\/wr-neustadt-foehrenwald-2023-neubau-der-suedbahn-unterfuehrung\/#article","isPartOf":{"@id":"https:\/\/www.radlobby.org\/noe\/wr-neustadt-foehrenwald-2023-neubau-der-suedbahn-unterfuehrung\/"},"author":{"name":"Gerold Petritsch","@id":"https:\/\/www.radlobby.org\/noe\/#\/schema\/person\/6575d09b0e7b7970d5b81d0bab520c61"},"headline":"Wr.Neustadt &#8211; F\u00f6hrenwald: 2023 Neubau der S\u00fcdbahn-Unterf\u00fchrung","datePublished":"2022-12-21T17:04:15+00:00","dateModified":"2022-12-21T17:07:53+00:00","mainEntityOfPage":{"@id":"https:\/\/www.radlobby.org\/noe\/wr-neustadt-foehrenwald-2023-neubau-der-suedbahn-unterfuehrung\/"},"wordCount":60,"publisher":{"@id":"https:\/\/www.radlobby.org\/noe\/#organization"},"image":{"@id":"https:\/\/www.radlobby.org\/noe\/wr-neustadt-foehrenwald-2023-neubau-der-suedbahn-unterfuehrung\/#primaryimage"},"thumbnailUrl":"https:\/\/www.radlobby.org\/noe\/wp-content\/uploads\/2023-SperreSuedbahn-Unterfuehrung.jpg","articleSection":["Radlobby Wiener Neustadt"],"inLanguage":"de"},{"@type":"WebPage","@id":"https:\/\/www.radlobby.org\/noe\/wr-neustadt-foehrenwald-2023-neubau-der-suedbahn-unterfuehrung\/","url":"https:\/\/www.radlobby.org\/noe\/wr-neustadt-foehrenwald-2023-neubau-der-suedbahn-unterfuehrung\/","name":"Wr.Neustadt - F\u00f6hrenwald: 2023 Neubau der S\u00fcdbahn-Unterf\u00fchrung - Radlobby Nieder\u00f6sterreich","isPartOf":{"@id":"https:\/\/www.radlobby.org\/noe\/#website"},"primaryImageOfPage":{"@id":"https:\/\/www.radlobby.org\/noe\/wr-neustadt-foehrenwald-2023-neubau-der-suedbahn-unterfuehrung\/#primaryimage"},"image":{"@id":"https:\/\/www.radlobby.org\/noe\/wr-neustadt-foehrenwald-2023-neubau-der-suedbahn-unterfuehrung\/#primaryimage"},"thumbnailUrl":"https:\/\/www.radlobby.org\/noe\/wp-content\/uploads\/2023-SperreSuedbahn-Unterfuehrung.jpg","datePublished":"2022-12-21T17:04:15+00:00","dateModified":"2022-12-21T17:07:53+00:00","breadcrumb":{"@id":"https:\/\/www.radlobby.org\/noe\/wr-neustadt-foehrenwald-2023-neubau-der-suedbahn-unterfuehrung\/#breadcrumb"},"inLanguage":"de","potentialAction":[{"@type":"ReadAction","target":["https:\/\/www.radlobby.org\/noe\/wr-neustadt-foehrenwald-2023-neubau-der-suedbahn-unterfuehrung\/"]}]},{"@type":"ImageObject","inLanguage":"de","@id":"https:\/\/www.radlobby.org\/noe\/wr-neustadt-foehrenwald-2023-neubau-der-suedbahn-unterfuehrung\/#primaryimage","url":"https:\/\/www.radlobby.org\/noe\/wp-content\/uploads\/2023-SperreSuedbahn-Unterfuehrung.jpg","contentUrl":"https:\/\/www.radlobby.org\/noe\/wp-content\/uploads\/2023-SperreSuedbahn-Unterfuehrung.jpg","width":1137,"height":1737},{"@type":"BreadcrumbList","@id":"https:\/\/www.radlobby.org\/noe\/wr-neustadt-foehrenwald-2023-neubau-der-suedbahn-unterfuehrung\/#breadcrumb","itemListElement":[{"@type":"ListItem","position":1,"name":"Startseite","item":"https:\/\/www.radlobby.org\/noe\/"},{"@type":"ListItem","position":2,"name":"Wr.Neustadt &#8211; F\u00f6hrenwald: 2023 Neubau der S\u00fcdbahn-Unterf\u00fchrung"}]},{"@type":"WebSite","@id":"https:\/\/www.radlobby.org\/noe\/#website","url":"https:\/\/www.radlobby.org\/noe\/","name":"Radlobby Nieder\u00f6sterreich","description":"Radverkehr, Fahrrad, Radfahren, Radreisen, Radtouren, Radweg","publisher":{"@id":"https:\/\/www.radlobby.org\/noe\/#organization"},"potentialAction":[{"@type":"SearchAction","target":{"@type":"EntryPoint","urlTemplate":"https:\/\/www.radlobby.org\/noe\/?s={search_term_string}"},"query-input":{"@type":"PropertyValueSpecification","valueRequired":true,"valueName":"search_term_string"}}],"inLanguage":"de"},{"@type":"Organization","@id":"https:\/\/www.radlobby.org\/noe\/#organization","name":"Radlobby Nieder\u00f6sterreich","url":"https:\/\/www.radlobby.org\/noe\/","logo":{"@type":"ImageObject","inLanguage":"de","@id":"https:\/\/www.radlobby.org\/noe\/#\/schema\/logo\/image\/","url":"https:\/\/www.radlobby.org\/noe\/wp-content\/uploads\/2017\/01\/cropped-Logo_Radlobby_Niederoesterreich_50-400px_quer-1.jpg","contentUrl":"https:\/\/www.radlobby.org\/noe\/wp-content\/uploads\/2017\/01\/cropped-Logo_Radlobby_Niederoesterreich_50-400px_quer-1.jpg","width":450,"height":124,"caption":"Radlobby Nieder\u00f6sterreich"},"image":{"@id":"https:\/\/www.radlobby.org\/noe\/#\/schema\/logo\/image\/"},"sameAs":["https:\/\/www.facebook.com\/groups\/radfahren.in.noe\/"]},{"@type":"Person","@id":"https:\/\/www.radlobby.org\/noe\/#\/schema\/person\/6575d09b0e7b7970d5b81d0bab520c61","name":"Gerold Petritsch","image":{"@type":"ImageObject","inLanguage":"de","@id":"https:\/\/www.radlobby.org\/noe\/#\/schema\/person\/image\/","url":"https:\/\/secure.gravatar.com\/avatar\/9dc36f4c91f9894712dd7fdc25d6d6bc3448cf31a66187da4b2a4081af93013d?s=96&d=mm&r=g","contentUrl":"https:\/\/secure.gravatar.com\/avatar\/9dc36f4c91f9894712dd7fdc25d6d6bc3448cf31a66187da4b2a4081af93013d?s=96&d=mm&r=g","caption":"Gerold Petritsch"},"url":"https:\/\/www.radlobby.org\/noe\/author\/gerold-petritsch\/"}]}},"_links":{"self":[{"href":"https:\/\/www.radlobby.org\/noe\/wp-json\/wp\/v2\/posts\/26916","targetHints":{"allow":["GET"]}}],"collection":[{"href":"https:\/\/www.radlobby.org\/noe\/wp-json\/wp\/v2\/posts"}],"about":[{"href":"https:\/\/www.radlobby.org\/noe\/wp-json\/wp\/v2\/types\/post"}],"author":[{"embeddable":true,"href":"https:\/\/www.radlobby.org\/noe\/wp-json\/wp\/v2\/users\/55"}],"replies":[{"embeddable":true,"href":"https:\/\/www.radlobby.org\/noe\/wp-json\/wp\/v2\/comments?post=26916"}],"version-history":[{"count":0,"href":"https:\/\/www.radlobby.org\/noe\/wp-json\/wp\/v2\/posts\/26916\/revisions"}],"wp:featuredmedia":[{"embeddable":true,"href":"https:\/\/www.radlobby.org\/noe\/wp-json\/wp\/v2\/media\/26918"}],"wp:attachment":[{"href":"https:\/\/www.radlobby.org\/noe\/wp-json\/wp\/v2\/media?parent=26916"}],"wp:term":[{"taxonomy":"category","embeddable":true,"href":"https:\/\/www.radlobby.org\/noe\/wp-json\/wp\/v2\/categories?post=26916"},{"taxonomy":"post_tag","embeddable":true,"href":"https:\/\/www.radlobby.org\/noe\/wp-json\/wp\/v2\/tags?post=26916"}],"curies":[{"name":"wp","href":"https:\/\/api.w.org\/{rel}","templated":true}]}}