{"id":26906,"date":"2023-03-16T06:05:26","date_gmt":"2023-03-16T05:05:26","guid":{"rendered":"https:\/\/www.radlobby.org\/noe\/?p=26906"},"modified":"2024-02-01T19:41:02","modified_gmt":"2024-02-01T18:41:02","slug":"wolkersdorf-radbazar23","status":"publish","type":"post","link":"https:\/\/www.radlobby.org\/noe\/wolkersdorf-radbazar23\/","title":{"rendered":"Radlobby Wolkersdorf Radbazar 2023"},"content":{"rendered":"<div style=\"float: left; height: 20%; width: 50%;\"><img loading=\"lazy\" decoding=\"async\" class=\"size-medium wp-image-5079 alignleft\" src=\"http:\/\/www.radlobby.org\/noe\/wp-content\/uploads\/Logo_Radlobby_Wolkersdorf_RGB_5cm_300dpi_hoch-1-300x218.jpg\" alt=\"\" width=\"300\" height=\"218\" srcset=\"https:\/\/www.radlobby.org\/noe\/wp-content\/uploads\/Logo_Radlobby_Wolkersdorf_RGB_5cm_300dpi_hoch-1-300x218.jpg 300w, https:\/\/www.radlobby.org\/noe\/wp-content\/uploads\/Logo_Radlobby_Wolkersdorf_RGB_5cm_300dpi_hoch-1.jpg 655w\" sizes=\"auto, (max-width: 300px) 100vw, 300px\" \/><\/div>\n<p><img loading=\"lazy\" decoding=\"async\" class=\"\" src=\"https:\/\/www.radlobby.org\/noe\/wp-content\/uploads\/qrcode.jpeg\" width=\"165\" height=\"165\" \/><\/p>\n<p style=\"margin-top: 15px; margin-bottom: 40px; float: left; height: 10%; width: 35%; font-family: 'Roboto Slab', serif; text-align: center; line-height: 100%; font-size: 110%;\"><a href=\"https:\/\/forms.gle\/dVgL71NxsF3DGd94A\"><br \/>\nHier geht&#8217;s gleich zur Online-Anmeldung<\/a><\/p>\n<div style=\"margin-bottom: 5px; float: left; height: 20%; width: 50%; color: #ffffff; background-color: #086a87; font-family: 'Roboto Slab', serif; text-align: center; line-height: 130%; font-size: 200%;\">Radbazar<\/div>\n<h2><\/h2>\n<div>\n<h2><\/h2>\n<h2><span style=\"float: left; line-height: 120%; background-color: #ffffff;\">Samstag, 25.3.2023 am Hauptplatz in Wolkersdorf <\/span><\/h2>\n<h2><span style=\"float: left; line-height: 120%; background-color: #ffffff;\">\u00a0(heuer wieder mit Online-Anmeldung):<\/span><\/h2>\n<\/div>\n<p style=\"float: left;\">Der Bazar findet gemeinsam mit dem Flohmarkt der Stadtgemeinde Wolkersdorf am Samstag, den 25. M\u00e4rz 2023 am Hauptplatz in Wolkersdorf <strong>von 9:00 Uhr bis 12:00 Uhr<\/strong> (ab 08:00 Annahme, bis 12:30 Auszahlung\/Abholung) statt. Bei Schlechtwetter wird er auf den 1. April 2023 verschoben.<br \/>\nMachen Sie Ihr altes Fahrrad zu Geld! Kaufen Sie g\u00fcnstig ein gebrauchtes Fahrrad!<br \/>\nZum g\u00fcnstigen Preis gibt es Scooter, Laufr\u00e4der, Kindersitze, Radanh\u00e4nger und nat\u00fcrlich jede Menge Fahrr\u00e4der.<\/p>\n<div style=\"width: 100%;\">\n<h2><span style=\"float: left; line-height: 120%; background-color: #ffffff;\">So funktioniert der Radbazar:<\/span><\/h2>\n<\/div>\n<div><span style=\"float: left;\">Sie bringen Ihr fahrt\u00fcchtiges Fahrrad zwischen 8 und 9 Uhr und Sie setzen den Verkaufspreis fest.<br \/>\nSie k\u00f6nnen Ihr Rad auch f\u00fcr die Radlobby N\u00d6 Wolkersdorf spenden.<br \/>\nDie Radlobby Wolkersdorf verkauft es f\u00fcr Sie.<br \/>\n10 % des Verkaufserl\u00f6ses sind eine Spende f\u00fcr die Radlobby N\u00d6 Wolkersdorf f\u00fcr die Organisation des Radbazars.<br \/>\nSie holen den Verkaufserl\u00f6s bzw. den\/die nicht verkauften Artikel zwischen 11:30 und 12:30 Uhr wieder ab.<br \/>\nDie Fahrr\u00e4der k\u00f6nnen kleine M\u00e4ngel aufweisen, m\u00fcssen aber fahrt\u00fcchtig sein.<\/span><\/div>\n<div style=\"width: 100%;\">\n<h2><span style=\"float: left; line-height: 120%; background-color: #ffffff;\">Heuer wieder mit Online-Anmeldung:<\/span><\/h2>\n<\/div>\n<p style=\"float: left;\">Weil die Radlobby wieder mit einem gro\u00dfen Andrang rechnet, wird es auch heuer wieder eine Online-Anmeldung geben. Die Anbieter\/Verk\u00e4ufer haben die M\u00f6glichkeit der Online-Anmeldung f\u00fcr ihre zu verkaufenden Artikel. Wer das macht, spart der Radlobby Arbeit und sich selbst Zeit. F\u00fcr online angemeldete Artikel wird es n\u00e4mlich eine eigene &#8220;Schnellannahmestation&#8221; geben.<\/p>\n<p style=\"width: 100%; text-align: center; float: left;\"><a href=\"https:\/\/forms.gle\/dVgL71NxsF3DGd94A\">Und hier geht\u00b4s gleich zur Online-Anmeldung:<\/a><\/p>\n","protected":false},"excerpt":{"rendered":"<p>Hier geht&#8217;s gleich zur Online-Anmeldung Radbazar Samstag, 25.3.2023 am Hauptplatz in Wolkersdorf \u00a0(heuer wieder mit Online-Anmeldung): Der Bazar findet gemeinsam mit dem Flohmarkt der Stadtgemeinde Wolkersdorf am Samstag, den 25. M\u00e4rz 2023 am Hauptplatz in Wolkersdorf von 9:00 Uhr bis<\/p>\n","protected":false},"author":4,"featured_media":3454,"comment_status":"closed","ping_status":"closed","sticky":false,"template":"","format":"standard","meta":{"footnotes":""},"categories":[80,411,548,11,6,185,380,13,16],"tags":[],"class_list":["post-26906","post","type-post","status-publish","format-standard","has-post-thumbnail","hentry","category-deutsch-wagram","category-gaenserndorf","category-gross-enzersdorf","category-korneuburg","category-mistelbach","category-poysdorf","category-stockerau","category-tulln","category-wolkersdorf"],"yoast_head":"<!-- This site is optimized with the Yoast SEO plugin v26.9 - https:\/\/yoast.com\/product\/yoast-seo-wordpress\/ -->\n<title>Radlobby Wolkersdorf Radbazar 2023 - Radlobby Nieder\u00f6sterreich<\/title>\n<meta name=\"robots\" content=\"index, follow, max-snippet:-1, max-image-preview:large, max-video-preview:-1\" \/>\n<link rel=\"canonical\" href=\"https:\/\/www.radlobby.org\/noe\/wolkersdorf-radbazar23\/\" \/>\n<meta property=\"og:locale\" content=\"de_DE\" \/>\n<meta property=\"og:type\" content=\"article\" \/>\n<meta property=\"og:title\" content=\"Radlobby Wolkersdorf Radbazar 2023 - Radlobby Nieder\u00f6sterreich\" \/>\n<meta property=\"og:description\" content=\"Hier geht&#8217;s gleich zur Online-Anmeldung Radbazar Samstag, 25.3.2023 am Hauptplatz in Wolkersdorf \u00a0(heuer wieder mit Online-Anmeldung): Der Bazar findet gemeinsam mit dem Flohmarkt der Stadtgemeinde Wolkersdorf am Samstag, den 25. M\u00e4rz 2023 am Hauptplatz in Wolkersdorf von 9:00 Uhr bis\" \/>\n<meta property=\"og:url\" content=\"https:\/\/www.radlobby.org\/noe\/wolkersdorf-radbazar23\/\" \/>\n<meta property=\"og:site_name\" content=\"Radlobby Nieder\u00f6sterreich\" \/>\n<meta property=\"article:publisher\" content=\"https:\/\/www.facebook.com\/groups\/radfahren.in.noe\/\" \/>\n<meta property=\"article:published_time\" content=\"2023-03-16T05:05:26+00:00\" \/>\n<meta property=\"article:modified_time\" content=\"2024-02-01T18:41:02+00:00\" \/>\n<meta property=\"og:image\" content=\"https:\/\/www.radlobby.org\/noe\/wp-content\/uploads\/Logo_Radlobby_Wolkersdorf_150px.jpg\" \/>\n\t<meta property=\"og:image:width\" content=\"150\" \/>\n\t<meta property=\"og:image:height\" content=\"124\" \/>\n\t<meta property=\"og:image:type\" content=\"image\/jpeg\" \/>\n<meta name=\"author\" content=\"Johannes Flandorfer\" \/>\n<meta name=\"twitter:card\" content=\"summary_large_image\" \/>\n<meta name=\"twitter:label1\" content=\"Verfasst von\" \/>\n\t<meta name=\"twitter:data1\" content=\"Johannes Flandorfer\" \/>\n\t<meta name=\"twitter:label2\" content=\"Gesch\u00e4tzte Lesezeit\" \/>\n\t<meta name=\"twitter:data2\" content=\"2\u00a0Minuten\" \/>\n<script type=\"application\/ld+json\" class=\"yoast-schema-graph\">{\"@context\":\"https:\/\/schema.org\",\"@graph\":[{\"@type\":\"Article\",\"@id\":\"https:\/\/www.radlobby.org\/noe\/wolkersdorf-radbazar23\/#article\",\"isPartOf\":{\"@id\":\"https:\/\/www.radlobby.org\/noe\/wolkersdorf-radbazar23\/\"},\"author\":{\"name\":\"Johannes Flandorfer\",\"@id\":\"https:\/\/www.radlobby.org\/noe\/#\/schema\/person\/fa682db4fa29d61cbf86a83948efbd7f\"},\"headline\":\"Radlobby Wolkersdorf Radbazar 2023\",\"datePublished\":\"2023-03-16T05:05:26+00:00\",\"dateModified\":\"2024-02-01T18:41:02+00:00\",\"mainEntityOfPage\":{\"@id\":\"https:\/\/www.radlobby.org\/noe\/wolkersdorf-radbazar23\/\"},\"wordCount\":247,\"publisher\":{\"@id\":\"https:\/\/www.radlobby.org\/noe\/#organization\"},\"image\":{\"@id\":\"https:\/\/www.radlobby.org\/noe\/wolkersdorf-radbazar23\/#primaryimage\"},\"thumbnailUrl\":\"https:\/\/www.radlobby.org\/noe\/wp-content\/uploads\/Logo_Radlobby_Wolkersdorf_150px.jpg\",\"articleSection\":[\"Radlobby Deutsch-Wagram\",\"Radlobby G\u00e4nserndorf\",\"Radlobby Gro\u00df-Enzersdorf\",\"Radlobby Korneuburg\",\"Radlobby Mistelbach\",\"Radlobby Poysdorf\",\"Radlobby Stockerau\",\"Radlobby Tulln\",\"Radlobby Wolkersdorf\"],\"inLanguage\":\"de\"},{\"@type\":\"WebPage\",\"@id\":\"https:\/\/www.radlobby.org\/noe\/wolkersdorf-radbazar23\/\",\"url\":\"https:\/\/www.radlobby.org\/noe\/wolkersdorf-radbazar23\/\",\"name\":\"Radlobby Wolkersdorf Radbazar 2023 - Radlobby Nieder\u00f6sterreich\",\"isPartOf\":{\"@id\":\"https:\/\/www.radlobby.org\/noe\/#website\"},\"primaryImageOfPage\":{\"@id\":\"https:\/\/www.radlobby.org\/noe\/wolkersdorf-radbazar23\/#primaryimage\"},\"image\":{\"@id\":\"https:\/\/www.radlobby.org\/noe\/wolkersdorf-radbazar23\/#primaryimage\"},\"thumbnailUrl\":\"https:\/\/www.radlobby.org\/noe\/wp-content\/uploads\/Logo_Radlobby_Wolkersdorf_150px.jpg\",\"datePublished\":\"2023-03-16T05:05:26+00:00\",\"dateModified\":\"2024-02-01T18:41:02+00:00\",\"breadcrumb\":{\"@id\":\"https:\/\/www.radlobby.org\/noe\/wolkersdorf-radbazar23\/#breadcrumb\"},\"inLanguage\":\"de\",\"potentialAction\":[{\"@type\":\"ReadAction\",\"target\":[\"https:\/\/www.radlobby.org\/noe\/wolkersdorf-radbazar23\/\"]}]},{\"@type\":\"ImageObject\",\"inLanguage\":\"de\",\"@id\":\"https:\/\/www.radlobby.org\/noe\/wolkersdorf-radbazar23\/#primaryimage\",\"url\":\"https:\/\/www.radlobby.org\/noe\/wp-content\/uploads\/Logo_Radlobby_Wolkersdorf_150px.jpg\",\"contentUrl\":\"https:\/\/www.radlobby.org\/noe\/wp-content\/uploads\/Logo_Radlobby_Wolkersdorf_150px.jpg\",\"width\":150,\"height\":124},{\"@type\":\"BreadcrumbList\",\"@id\":\"https:\/\/www.radlobby.org\/noe\/wolkersdorf-radbazar23\/#breadcrumb\",\"itemListElement\":[{\"@type\":\"ListItem\",\"position\":1,\"name\":\"Startseite\",\"item\":\"https:\/\/www.radlobby.org\/noe\/\"},{\"@type\":\"ListItem\",\"position\":2,\"name\":\"Radlobby Wolkersdorf Radbazar 2023\"}]},{\"@type\":\"WebSite\",\"@id\":\"https:\/\/www.radlobby.org\/noe\/#website\",\"url\":\"https:\/\/www.radlobby.org\/noe\/\",\"name\":\"Radlobby Nieder\u00f6sterreich\",\"description\":\"Radverkehr, Fahrrad, Radfahren, Radreisen, Radtouren, Radweg\",\"publisher\":{\"@id\":\"https:\/\/www.radlobby.org\/noe\/#organization\"},\"potentialAction\":[{\"@type\":\"SearchAction\",\"target\":{\"@type\":\"EntryPoint\",\"urlTemplate\":\"https:\/\/www.radlobby.org\/noe\/?s={search_term_string}\"},\"query-input\":{\"@type\":\"PropertyValueSpecification\",\"valueRequired\":true,\"valueName\":\"search_term_string\"}}],\"inLanguage\":\"de\"},{\"@type\":\"Organization\",\"@id\":\"https:\/\/www.radlobby.org\/noe\/#organization\",\"name\":\"Radlobby Nieder\u00f6sterreich\",\"url\":\"https:\/\/www.radlobby.org\/noe\/\",\"logo\":{\"@type\":\"ImageObject\",\"inLanguage\":\"de\",\"@id\":\"https:\/\/www.radlobby.org\/noe\/#\/schema\/logo\/image\/\",\"url\":\"https:\/\/www.radlobby.org\/noe\/wp-content\/uploads\/2017\/01\/cropped-Logo_Radlobby_Niederoesterreich_50-400px_quer-1.jpg\",\"contentUrl\":\"https:\/\/www.radlobby.org\/noe\/wp-content\/uploads\/2017\/01\/cropped-Logo_Radlobby_Niederoesterreich_50-400px_quer-1.jpg\",\"width\":450,\"height\":124,\"caption\":\"Radlobby Nieder\u00f6sterreich\"},\"image\":{\"@id\":\"https:\/\/www.radlobby.org\/noe\/#\/schema\/logo\/image\/\"},\"sameAs\":[\"https:\/\/www.facebook.com\/groups\/radfahren.in.noe\/\"]},{\"@type\":\"Person\",\"@id\":\"https:\/\/www.radlobby.org\/noe\/#\/schema\/person\/fa682db4fa29d61cbf86a83948efbd7f\",\"name\":\"Johannes Flandorfer\",\"image\":{\"@type\":\"ImageObject\",\"inLanguage\":\"de\",\"@id\":\"https:\/\/www.radlobby.org\/noe\/#\/schema\/person\/image\/\",\"url\":\"https:\/\/secure.gravatar.com\/avatar\/aba90e9f06879b7e6523bcc1e82d9b8dc9b6b45ec73d77a01373e9e71c513ef7?s=96&d=mm&r=g\",\"contentUrl\":\"https:\/\/secure.gravatar.com\/avatar\/aba90e9f06879b7e6523bcc1e82d9b8dc9b6b45ec73d77a01373e9e71c513ef7?s=96&d=mm&r=g\",\"caption\":\"Johannes Flandorfer\"},\"url\":\"https:\/\/www.radlobby.org\/noe\/author\/johannesflandorfer\/\"}]}<\/script>\n<!-- \/ Yoast SEO plugin. -->","yoast_head_json":{"title":"Radlobby Wolkersdorf Radbazar 2023 - Radlobby Nieder\u00f6sterreich","robots":{"index":"index","follow":"follow","max-snippet":"max-snippet:-1","max-image-preview":"max-image-preview:large","max-video-preview":"max-video-preview:-1"},"canonical":"https:\/\/www.radlobby.org\/noe\/wolkersdorf-radbazar23\/","og_locale":"de_DE","og_type":"article","og_title":"Radlobby Wolkersdorf Radbazar 2023 - Radlobby Nieder\u00f6sterreich","og_description":"Hier geht&#8217;s gleich zur Online-Anmeldung Radbazar Samstag, 25.3.2023 am Hauptplatz in Wolkersdorf \u00a0(heuer wieder mit Online-Anmeldung): Der Bazar findet gemeinsam mit dem Flohmarkt der Stadtgemeinde Wolkersdorf am Samstag, den 25. M\u00e4rz 2023 am Hauptplatz in Wolkersdorf von 9:00 Uhr bis","og_url":"https:\/\/www.radlobby.org\/noe\/wolkersdorf-radbazar23\/","og_site_name":"Radlobby Nieder\u00f6sterreich","article_publisher":"https:\/\/www.facebook.com\/groups\/radfahren.in.noe\/","article_published_time":"2023-03-16T05:05:26+00:00","article_modified_time":"2024-02-01T18:41:02+00:00","og_image":[{"width":150,"height":124,"url":"https:\/\/www.radlobby.org\/noe\/wp-content\/uploads\/Logo_Radlobby_Wolkersdorf_150px.jpg","type":"image\/jpeg"}],"author":"Johannes Flandorfer","twitter_card":"summary_large_image","twitter_misc":{"Verfasst von":"Johannes Flandorfer","Gesch\u00e4tzte Lesezeit":"2\u00a0Minuten"},"schema":{"@context":"https:\/\/schema.org","@graph":[{"@type":"Article","@id":"https:\/\/www.radlobby.org\/noe\/wolkersdorf-radbazar23\/#article","isPartOf":{"@id":"https:\/\/www.radlobby.org\/noe\/wolkersdorf-radbazar23\/"},"author":{"name":"Johannes Flandorfer","@id":"https:\/\/www.radlobby.org\/noe\/#\/schema\/person\/fa682db4fa29d61cbf86a83948efbd7f"},"headline":"Radlobby Wolkersdorf Radbazar 2023","datePublished":"2023-03-16T05:05:26+00:00","dateModified":"2024-02-01T18:41:02+00:00","mainEntityOfPage":{"@id":"https:\/\/www.radlobby.org\/noe\/wolkersdorf-radbazar23\/"},"wordCount":247,"publisher":{"@id":"https:\/\/www.radlobby.org\/noe\/#organization"},"image":{"@id":"https:\/\/www.radlobby.org\/noe\/wolkersdorf-radbazar23\/#primaryimage"},"thumbnailUrl":"https:\/\/www.radlobby.org\/noe\/wp-content\/uploads\/Logo_Radlobby_Wolkersdorf_150px.jpg","articleSection":["Radlobby Deutsch-Wagram","Radlobby G\u00e4nserndorf","Radlobby Gro\u00df-Enzersdorf","Radlobby Korneuburg","Radlobby Mistelbach","Radlobby Poysdorf","Radlobby Stockerau","Radlobby Tulln","Radlobby Wolkersdorf"],"inLanguage":"de"},{"@type":"WebPage","@id":"https:\/\/www.radlobby.org\/noe\/wolkersdorf-radbazar23\/","url":"https:\/\/www.radlobby.org\/noe\/wolkersdorf-radbazar23\/","name":"Radlobby Wolkersdorf Radbazar 2023 - Radlobby Nieder\u00f6sterreich","isPartOf":{"@id":"https:\/\/www.radlobby.org\/noe\/#website"},"primaryImageOfPage":{"@id":"https:\/\/www.radlobby.org\/noe\/wolkersdorf-radbazar23\/#primaryimage"},"image":{"@id":"https:\/\/www.radlobby.org\/noe\/wolkersdorf-radbazar23\/#primaryimage"},"thumbnailUrl":"https:\/\/www.radlobby.org\/noe\/wp-content\/uploads\/Logo_Radlobby_Wolkersdorf_150px.jpg","datePublished":"2023-03-16T05:05:26+00:00","dateModified":"2024-02-01T18:41:02+00:00","breadcrumb":{"@id":"https:\/\/www.radlobby.org\/noe\/wolkersdorf-radbazar23\/#breadcrumb"},"inLanguage":"de","potentialAction":[{"@type":"ReadAction","target":["https:\/\/www.radlobby.org\/noe\/wolkersdorf-radbazar23\/"]}]},{"@type":"ImageObject","inLanguage":"de","@id":"https:\/\/www.radlobby.org\/noe\/wolkersdorf-radbazar23\/#primaryimage","url":"https:\/\/www.radlobby.org\/noe\/wp-content\/uploads\/Logo_Radlobby_Wolkersdorf_150px.jpg","contentUrl":"https:\/\/www.radlobby.org\/noe\/wp-content\/uploads\/Logo_Radlobby_Wolkersdorf_150px.jpg","width":150,"height":124},{"@type":"BreadcrumbList","@id":"https:\/\/www.radlobby.org\/noe\/wolkersdorf-radbazar23\/#breadcrumb","itemListElement":[{"@type":"ListItem","position":1,"name":"Startseite","item":"https:\/\/www.radlobby.org\/noe\/"},{"@type":"ListItem","position":2,"name":"Radlobby Wolkersdorf Radbazar 2023"}]},{"@type":"WebSite","@id":"https:\/\/www.radlobby.org\/noe\/#website","url":"https:\/\/www.radlobby.org\/noe\/","name":"Radlobby Nieder\u00f6sterreich","description":"Radverkehr, Fahrrad, Radfahren, Radreisen, Radtouren, Radweg","publisher":{"@id":"https:\/\/www.radlobby.org\/noe\/#organization"},"potentialAction":[{"@type":"SearchAction","target":{"@type":"EntryPoint","urlTemplate":"https:\/\/www.radlobby.org\/noe\/?s={search_term_string}"},"query-input":{"@type":"PropertyValueSpecification","valueRequired":true,"valueName":"search_term_string"}}],"inLanguage":"de"},{"@type":"Organization","@id":"https:\/\/www.radlobby.org\/noe\/#organization","name":"Radlobby Nieder\u00f6sterreich","url":"https:\/\/www.radlobby.org\/noe\/","logo":{"@type":"ImageObject","inLanguage":"de","@id":"https:\/\/www.radlobby.org\/noe\/#\/schema\/logo\/image\/","url":"https:\/\/www.radlobby.org\/noe\/wp-content\/uploads\/2017\/01\/cropped-Logo_Radlobby_Niederoesterreich_50-400px_quer-1.jpg","contentUrl":"https:\/\/www.radlobby.org\/noe\/wp-content\/uploads\/2017\/01\/cropped-Logo_Radlobby_Niederoesterreich_50-400px_quer-1.jpg","width":450,"height":124,"caption":"Radlobby Nieder\u00f6sterreich"},"image":{"@id":"https:\/\/www.radlobby.org\/noe\/#\/schema\/logo\/image\/"},"sameAs":["https:\/\/www.facebook.com\/groups\/radfahren.in.noe\/"]},{"@type":"Person","@id":"https:\/\/www.radlobby.org\/noe\/#\/schema\/person\/fa682db4fa29d61cbf86a83948efbd7f","name":"Johannes Flandorfer","image":{"@type":"ImageObject","inLanguage":"de","@id":"https:\/\/www.radlobby.org\/noe\/#\/schema\/person\/image\/","url":"https:\/\/secure.gravatar.com\/avatar\/aba90e9f06879b7e6523bcc1e82d9b8dc9b6b45ec73d77a01373e9e71c513ef7?s=96&d=mm&r=g","contentUrl":"https:\/\/secure.gravatar.com\/avatar\/aba90e9f06879b7e6523bcc1e82d9b8dc9b6b45ec73d77a01373e9e71c513ef7?s=96&d=mm&r=g","caption":"Johannes Flandorfer"},"url":"https:\/\/www.radlobby.org\/noe\/author\/johannesflandorfer\/"}]}},"_links":{"self":[{"href":"https:\/\/www.radlobby.org\/noe\/wp-json\/wp\/v2\/posts\/26906","targetHints":{"allow":["GET"]}}],"collection":[{"href":"https:\/\/www.radlobby.org\/noe\/wp-json\/wp\/v2\/posts"}],"about":[{"href":"https:\/\/www.radlobby.org\/noe\/wp-json\/wp\/v2\/types\/post"}],"author":[{"embeddable":true,"href":"https:\/\/www.radlobby.org\/noe\/wp-json\/wp\/v2\/users\/4"}],"replies":[{"embeddable":true,"href":"https:\/\/www.radlobby.org\/noe\/wp-json\/wp\/v2\/comments?post=26906"}],"version-history":[{"count":1,"href":"https:\/\/www.radlobby.org\/noe\/wp-json\/wp\/v2\/posts\/26906\/revisions"}],"predecessor-version":[{"id":27258,"href":"https:\/\/www.radlobby.org\/noe\/wp-json\/wp\/v2\/posts\/26906\/revisions\/27258"}],"wp:featuredmedia":[{"embeddable":true,"href":"https:\/\/www.radlobby.org\/noe\/wp-json\/wp\/v2\/media\/3454"}],"wp:attachment":[{"href":"https:\/\/www.radlobby.org\/noe\/wp-json\/wp\/v2\/media?parent=26906"}],"wp:term":[{"taxonomy":"category","embeddable":true,"href":"https:\/\/www.radlobby.org\/noe\/wp-json\/wp\/v2\/categories?post=26906"},{"taxonomy":"post_tag","embeddable":true,"href":"https:\/\/www.radlobby.org\/noe\/wp-json\/wp\/v2\/tags?post=26906"}],"curies":[{"name":"wp","href":"https:\/\/api.w.org\/{rel}","templated":true}]}}