{"id":26792,"date":"2025-12-01T16:17:00","date_gmt":"2025-12-01T15:17:00","guid":{"rendered":"https:\/\/www.radlobby.org\/noe\/?p=26792"},"modified":"2025-12-05T17:55:02","modified_gmt":"2025-12-05T16:55:02","slug":"st-poeltner-neujahrsradeln","status":"publish","type":"post","link":"https:\/\/www.radlobby.org\/noe\/st-poeltner-neujahrsradeln\/","title":{"rendered":"Donnerstag, 1. J\u00e4nner 2026, 14:30Uhr<br>4. St. P\u00f6ltner Neujahrsradeln"},"content":{"rendered":"<h4>Radlsaison 2026 wird am 1. J\u00e4nner er\u00f6ffnet!<\/h4>\n<p style=\"font-weight: 400;\">Die Radlobby St. P\u00f6lten er\u00f6ffnet mit dem Neujahrsradeln am 1. J\u00e4nner 2026 vergn\u00fcglich die Radsaison. Die Ausfahrten haben mittlerweile \u00f6sterreichweit Tradition. In St. P\u00f6lten findet sie 2026 das vierte Mal statt. Denn das Fahrrad hat als schnelles, umweltfreundliches und gesundes Alltagsverkehrsmittel immer Saison.<\/p>\n<h4>Neujahrsw\u00fcnsche\u00a0 2026<\/h4>\n<p style=\"font-weight: 400;\">Dabei hat die Radlobby St. P\u00f6lten auch\u00a0 Neujahrsw\u00fcnsche im Gep\u00e4ck.<\/p>\n<figure style=\"width: 749px\" class=\"wp-caption alignnone\"><img loading=\"lazy\" decoding=\"async\" class=\"\" src=\"https:\/\/www.radlobby.org\/noe\/wp-content\/uploads\/Neujahrsradeln_stp_20250101__zoegernitz.jpg\" alt=\"Radsaison in der Region St. P\u00f6lten ist er\u00f6ffnet!\" width=\"749\" height=\"408\" \/><figcaption class=\"wp-caption-text\">Die Radlobby St. P\u00f6lten w\u00fcnscht ein Radljahr 2026 voller R\u00fcckenwind, sicherer Wege und vielen sch\u00f6nen Momenten im Sattel!<\/figcaption><\/figure>\n<p><span style=\"font-size: 10pt;\"><img loading=\"lazy\" decoding=\"async\" class=\"alignright\" src=\"https:\/\/www.radlobby.org\/noe\/wp-content\/uploads\/kleeblatt_Jonathan_Maria_zoegernitz_.jpg\" alt=\"St. P\u00f6ltner Neujahrsradeln\" width=\"187\" height=\"245\" \/><\/span><\/p>\n<p>1. J\u00e4nner 2026, 14:30 Uhr Uhr<\/p>\n<p><strong>Start:<\/strong> Bahnhofsvorplatz, 3100 St. P\u00f6lten; L\u00e4nge 10 Kilometer<\/p>\n<p>Fahrdauer etwa eine Stunde<\/p>\n<p><strong>Ziel: <\/strong>Prodest Podest in Nadelbach, 3100 St. P\u00f6lten<\/p>\n<p><strong>Impressionen zum Neujahrsradeln 2024<\/strong><\/p>\n<p><a href=\"https:\/\/www.radlobby.org\/noe\/wp-content\/uploads\/20240101_142915-1.mp4\">https:\/\/www.radlobby.org\/noe\/wp-content\/uploads\/20240101_142915-1.mp4<\/a><\/p>\n<h4>Weiteres Neujahrsradeln in Nieder\u00f6sterreich<\/h4>\n<p><a href=\"https:\/\/www.radlobby.org\/noe\/neujahrsradeln-2024-in-ihrer-gemeinde\/\" target=\"_blank\" rel=\"noopener\">https:\/\/www.radlobby.org\/noe\/neujahrsradeln-2026-in-ihrer-gemeinde\/\u00a0<\/a><\/p>\n","protected":false},"excerpt":{"rendered":"<p>Die Radlobby St. P\u00f6lten er\u00f6ffnet mit dem Neujahrsradeln am 1. J\u00e4nner vergn\u00fcglich die Radsaison.<\/p>\n","protected":false},"author":33,"featured_media":26794,"comment_status":"closed","ping_status":"closed","sticky":true,"template":"","format":"standard","meta":{"footnotes":""},"categories":[668,383,20,28],"tags":[605,244,429,238],"class_list":["post-26792","post","type-post","status-publish","format-standard","has-post-thumbnail","hentry","category-aktion","category-presse-medien","category-niederoesterreich","category-st-poelten","tag-ausfahrt","tag-neujahrsradeln","tag-radfahren","tag-radtour"],"yoast_head":"<!-- This site is optimized with the Yoast SEO plugin v26.9 - https:\/\/yoast.com\/product\/yoast-seo-wordpress\/ -->\n<title>Donnerstag, 1. J\u00e4nner 2026, 14:30Uhr4. St. P\u00f6ltner Neujahrsradeln - Radlobby Nieder\u00f6sterreich<\/title>\n<meta name=\"description\" content=\"Radsaison wird am 1. J\u00e4nner er\u00f6ffnet\" \/>\n<meta name=\"robots\" content=\"index, follow, max-snippet:-1, max-image-preview:large, max-video-preview:-1\" \/>\n<link rel=\"canonical\" href=\"https:\/\/www.radlobby.org\/noe\/st-poeltner-neujahrsradeln\/\" \/>\n<meta property=\"og:locale\" content=\"de_DE\" \/>\n<meta property=\"og:type\" content=\"article\" \/>\n<meta property=\"og:title\" content=\"Donnerstag, 1. J\u00e4nner 2026, 14:30Uhr4. St. P\u00f6ltner Neujahrsradeln - Radlobby Nieder\u00f6sterreich\" \/>\n<meta property=\"og:description\" content=\"Radsaison wird am 1. J\u00e4nner er\u00f6ffnet\" \/>\n<meta property=\"og:url\" content=\"https:\/\/www.radlobby.org\/noe\/st-poeltner-neujahrsradeln\/\" \/>\n<meta property=\"og:site_name\" content=\"Radlobby Nieder\u00f6sterreich\" \/>\n<meta property=\"article:publisher\" content=\"https:\/\/www.facebook.com\/groups\/radfahren.in.noe\/\" \/>\n<meta property=\"article:published_time\" content=\"2025-12-01T15:17:00+00:00\" \/>\n<meta property=\"article:modified_time\" content=\"2025-12-05T16:55:02+00:00\" \/>\n<meta property=\"og:image\" content=\"https:\/\/www.radlobby.org\/noe\/wp-content\/uploads\/kleeblatt_Jonathan_Maria_zoegernitz_.jpg\" \/>\n\t<meta property=\"og:image:width\" content=\"1912\" \/>\n\t<meta property=\"og:image:height\" content=\"2504\" \/>\n\t<meta property=\"og:image:type\" content=\"image\/jpeg\" \/>\n<meta name=\"author\" content=\"Maria Z\u00f6gernitz\" \/>\n<meta name=\"twitter:card\" content=\"summary_large_image\" \/>\n<meta name=\"twitter:label1\" content=\"Verfasst von\" \/>\n\t<meta name=\"twitter:data1\" content=\"Maria Z\u00f6gernitz\" \/>\n\t<meta name=\"twitter:label2\" content=\"Gesch\u00e4tzte Lesezeit\" \/>\n\t<meta name=\"twitter:data2\" content=\"2\u00a0Minuten\" \/>\n<script type=\"application\/ld+json\" class=\"yoast-schema-graph\">{\"@context\":\"https:\/\/schema.org\",\"@graph\":[{\"@type\":\"Article\",\"@id\":\"https:\/\/www.radlobby.org\/noe\/st-poeltner-neujahrsradeln\/#article\",\"isPartOf\":{\"@id\":\"https:\/\/www.radlobby.org\/noe\/st-poeltner-neujahrsradeln\/\"},\"author\":{\"name\":\"Maria Z\u00f6gernitz\",\"@id\":\"https:\/\/www.radlobby.org\/noe\/#\/schema\/person\/d1ad6d77ec2ff1837830735b5f074c95\"},\"headline\":\"Donnerstag, 1. J\u00e4nner 2026, 14:30Uhr 4. St. P\u00f6ltner Neujahrsradeln\",\"datePublished\":\"2025-12-01T15:17:00+00:00\",\"dateModified\":\"2025-12-05T16:55:02+00:00\",\"mainEntityOfPage\":{\"@id\":\"https:\/\/www.radlobby.org\/noe\/st-poeltner-neujahrsradeln\/\"},\"wordCount\":150,\"publisher\":{\"@id\":\"https:\/\/www.radlobby.org\/noe\/#organization\"},\"image\":{\"@id\":\"https:\/\/www.radlobby.org\/noe\/st-poeltner-neujahrsradeln\/#primaryimage\"},\"thumbnailUrl\":\"https:\/\/www.radlobby.org\/noe\/wp-content\/uploads\/kleeblatt_Jonathan_Maria_zoegernitz_.jpg\",\"keywords\":[\"Ausfahrt\",\"Neujahrsradeln\",\"Radfahren\",\"Radtour\"],\"articleSection\":[\"Aktion\",\"Presse &amp; Medien\",\"Radlobby Nieder\u00f6sterreich\",\"Radlobby St. P\u00f6lten\"],\"inLanguage\":\"de\"},{\"@type\":\"WebPage\",\"@id\":\"https:\/\/www.radlobby.org\/noe\/st-poeltner-neujahrsradeln\/\",\"url\":\"https:\/\/www.radlobby.org\/noe\/st-poeltner-neujahrsradeln\/\",\"name\":\"Donnerstag, 1. J\u00e4nner 2026, 14:30Uhr 4. St. P\u00f6ltner Neujahrsradeln - Radlobby Nieder\u00f6sterreich\",\"isPartOf\":{\"@id\":\"https:\/\/www.radlobby.org\/noe\/#website\"},\"primaryImageOfPage\":{\"@id\":\"https:\/\/www.radlobby.org\/noe\/st-poeltner-neujahrsradeln\/#primaryimage\"},\"image\":{\"@id\":\"https:\/\/www.radlobby.org\/noe\/st-poeltner-neujahrsradeln\/#primaryimage\"},\"thumbnailUrl\":\"https:\/\/www.radlobby.org\/noe\/wp-content\/uploads\/kleeblatt_Jonathan_Maria_zoegernitz_.jpg\",\"datePublished\":\"2025-12-01T15:17:00+00:00\",\"dateModified\":\"2025-12-05T16:55:02+00:00\",\"description\":\"Radsaison wird am 1. J\u00e4nner er\u00f6ffnet\",\"breadcrumb\":{\"@id\":\"https:\/\/www.radlobby.org\/noe\/st-poeltner-neujahrsradeln\/#breadcrumb\"},\"inLanguage\":\"de\",\"potentialAction\":[{\"@type\":\"ReadAction\",\"target\":[\"https:\/\/www.radlobby.org\/noe\/st-poeltner-neujahrsradeln\/\"]}]},{\"@type\":\"ImageObject\",\"inLanguage\":\"de\",\"@id\":\"https:\/\/www.radlobby.org\/noe\/st-poeltner-neujahrsradeln\/#primaryimage\",\"url\":\"https:\/\/www.radlobby.org\/noe\/wp-content\/uploads\/kleeblatt_Jonathan_Maria_zoegernitz_.jpg\",\"contentUrl\":\"https:\/\/www.radlobby.org\/noe\/wp-content\/uploads\/kleeblatt_Jonathan_Maria_zoegernitz_.jpg\",\"width\":1912,\"height\":2504,\"caption\":\"Fotocredit: JZ\"},{\"@type\":\"BreadcrumbList\",\"@id\":\"https:\/\/www.radlobby.org\/noe\/st-poeltner-neujahrsradeln\/#breadcrumb\",\"itemListElement\":[{\"@type\":\"ListItem\",\"position\":1,\"name\":\"Startseite\",\"item\":\"https:\/\/www.radlobby.org\/noe\/\"},{\"@type\":\"ListItem\",\"position\":2,\"name\":\"Donnerstag, 1. J\u00e4nner 2026, 14:30Uhr4. St. P\u00f6ltner Neujahrsradeln\"}]},{\"@type\":\"WebSite\",\"@id\":\"https:\/\/www.radlobby.org\/noe\/#website\",\"url\":\"https:\/\/www.radlobby.org\/noe\/\",\"name\":\"Radlobby Nieder\u00f6sterreich\",\"description\":\"Radverkehr, Fahrrad, Radfahren, Radreisen, Radtouren, Radweg\",\"publisher\":{\"@id\":\"https:\/\/www.radlobby.org\/noe\/#organization\"},\"potentialAction\":[{\"@type\":\"SearchAction\",\"target\":{\"@type\":\"EntryPoint\",\"urlTemplate\":\"https:\/\/www.radlobby.org\/noe\/?s={search_term_string}\"},\"query-input\":{\"@type\":\"PropertyValueSpecification\",\"valueRequired\":true,\"valueName\":\"search_term_string\"}}],\"inLanguage\":\"de\"},{\"@type\":\"Organization\",\"@id\":\"https:\/\/www.radlobby.org\/noe\/#organization\",\"name\":\"Radlobby Nieder\u00f6sterreich\",\"url\":\"https:\/\/www.radlobby.org\/noe\/\",\"logo\":{\"@type\":\"ImageObject\",\"inLanguage\":\"de\",\"@id\":\"https:\/\/www.radlobby.org\/noe\/#\/schema\/logo\/image\/\",\"url\":\"https:\/\/www.radlobby.org\/noe\/wp-content\/uploads\/2017\/01\/cropped-Logo_Radlobby_Niederoesterreich_50-400px_quer-1.jpg\",\"contentUrl\":\"https:\/\/www.radlobby.org\/noe\/wp-content\/uploads\/2017\/01\/cropped-Logo_Radlobby_Niederoesterreich_50-400px_quer-1.jpg\",\"width\":450,\"height\":124,\"caption\":\"Radlobby Nieder\u00f6sterreich\"},\"image\":{\"@id\":\"https:\/\/www.radlobby.org\/noe\/#\/schema\/logo\/image\/\"},\"sameAs\":[\"https:\/\/www.facebook.com\/groups\/radfahren.in.noe\/\"]},{\"@type\":\"Person\",\"@id\":\"https:\/\/www.radlobby.org\/noe\/#\/schema\/person\/d1ad6d77ec2ff1837830735b5f074c95\",\"name\":\"Maria Z\u00f6gernitz\",\"image\":{\"@type\":\"ImageObject\",\"inLanguage\":\"de\",\"@id\":\"https:\/\/www.radlobby.org\/noe\/#\/schema\/person\/image\/\",\"url\":\"https:\/\/secure.gravatar.com\/avatar\/f0ec056831cd418e44e25a41becb89b06234dc4c32d644fddd8329785f26d862?s=96&d=mm&r=g\",\"contentUrl\":\"https:\/\/secure.gravatar.com\/avatar\/f0ec056831cd418e44e25a41becb89b06234dc4c32d644fddd8329785f26d862?s=96&d=mm&r=g\",\"caption\":\"Maria Z\u00f6gernitz\"},\"description\":\"Ortsgruppe St. P\u00f6lten\",\"url\":\"https:\/\/www.radlobby.org\/noe\/author\/maria-zoegernitz\/\"}]}<\/script>\n<!-- \/ Yoast SEO plugin. -->","yoast_head_json":{"title":"Donnerstag, 1. J\u00e4nner 2026, 14:30Uhr4. St. P\u00f6ltner Neujahrsradeln - Radlobby Nieder\u00f6sterreich","description":"Radsaison wird am 1. J\u00e4nner er\u00f6ffnet","robots":{"index":"index","follow":"follow","max-snippet":"max-snippet:-1","max-image-preview":"max-image-preview:large","max-video-preview":"max-video-preview:-1"},"canonical":"https:\/\/www.radlobby.org\/noe\/st-poeltner-neujahrsradeln\/","og_locale":"de_DE","og_type":"article","og_title":"Donnerstag, 1. J\u00e4nner 2026, 14:30Uhr4. St. P\u00f6ltner Neujahrsradeln - Radlobby Nieder\u00f6sterreich","og_description":"Radsaison wird am 1. J\u00e4nner er\u00f6ffnet","og_url":"https:\/\/www.radlobby.org\/noe\/st-poeltner-neujahrsradeln\/","og_site_name":"Radlobby Nieder\u00f6sterreich","article_publisher":"https:\/\/www.facebook.com\/groups\/radfahren.in.noe\/","article_published_time":"2025-12-01T15:17:00+00:00","article_modified_time":"2025-12-05T16:55:02+00:00","og_image":[{"width":1912,"height":2504,"url":"https:\/\/www.radlobby.org\/noe\/wp-content\/uploads\/kleeblatt_Jonathan_Maria_zoegernitz_.jpg","type":"image\/jpeg"}],"author":"Maria Z\u00f6gernitz","twitter_card":"summary_large_image","twitter_misc":{"Verfasst von":"Maria Z\u00f6gernitz","Gesch\u00e4tzte Lesezeit":"2\u00a0Minuten"},"schema":{"@context":"https:\/\/schema.org","@graph":[{"@type":"Article","@id":"https:\/\/www.radlobby.org\/noe\/st-poeltner-neujahrsradeln\/#article","isPartOf":{"@id":"https:\/\/www.radlobby.org\/noe\/st-poeltner-neujahrsradeln\/"},"author":{"name":"Maria Z\u00f6gernitz","@id":"https:\/\/www.radlobby.org\/noe\/#\/schema\/person\/d1ad6d77ec2ff1837830735b5f074c95"},"headline":"Donnerstag, 1. J\u00e4nner 2026, 14:30Uhr 4. St. P\u00f6ltner Neujahrsradeln","datePublished":"2025-12-01T15:17:00+00:00","dateModified":"2025-12-05T16:55:02+00:00","mainEntityOfPage":{"@id":"https:\/\/www.radlobby.org\/noe\/st-poeltner-neujahrsradeln\/"},"wordCount":150,"publisher":{"@id":"https:\/\/www.radlobby.org\/noe\/#organization"},"image":{"@id":"https:\/\/www.radlobby.org\/noe\/st-poeltner-neujahrsradeln\/#primaryimage"},"thumbnailUrl":"https:\/\/www.radlobby.org\/noe\/wp-content\/uploads\/kleeblatt_Jonathan_Maria_zoegernitz_.jpg","keywords":["Ausfahrt","Neujahrsradeln","Radfahren","Radtour"],"articleSection":["Aktion","Presse &amp; Medien","Radlobby Nieder\u00f6sterreich","Radlobby St. P\u00f6lten"],"inLanguage":"de"},{"@type":"WebPage","@id":"https:\/\/www.radlobby.org\/noe\/st-poeltner-neujahrsradeln\/","url":"https:\/\/www.radlobby.org\/noe\/st-poeltner-neujahrsradeln\/","name":"Donnerstag, 1. J\u00e4nner 2026, 14:30Uhr 4. St. P\u00f6ltner Neujahrsradeln - Radlobby Nieder\u00f6sterreich","isPartOf":{"@id":"https:\/\/www.radlobby.org\/noe\/#website"},"primaryImageOfPage":{"@id":"https:\/\/www.radlobby.org\/noe\/st-poeltner-neujahrsradeln\/#primaryimage"},"image":{"@id":"https:\/\/www.radlobby.org\/noe\/st-poeltner-neujahrsradeln\/#primaryimage"},"thumbnailUrl":"https:\/\/www.radlobby.org\/noe\/wp-content\/uploads\/kleeblatt_Jonathan_Maria_zoegernitz_.jpg","datePublished":"2025-12-01T15:17:00+00:00","dateModified":"2025-12-05T16:55:02+00:00","description":"Radsaison wird am 1. J\u00e4nner er\u00f6ffnet","breadcrumb":{"@id":"https:\/\/www.radlobby.org\/noe\/st-poeltner-neujahrsradeln\/#breadcrumb"},"inLanguage":"de","potentialAction":[{"@type":"ReadAction","target":["https:\/\/www.radlobby.org\/noe\/st-poeltner-neujahrsradeln\/"]}]},{"@type":"ImageObject","inLanguage":"de","@id":"https:\/\/www.radlobby.org\/noe\/st-poeltner-neujahrsradeln\/#primaryimage","url":"https:\/\/www.radlobby.org\/noe\/wp-content\/uploads\/kleeblatt_Jonathan_Maria_zoegernitz_.jpg","contentUrl":"https:\/\/www.radlobby.org\/noe\/wp-content\/uploads\/kleeblatt_Jonathan_Maria_zoegernitz_.jpg","width":1912,"height":2504,"caption":"Fotocredit: JZ"},{"@type":"BreadcrumbList","@id":"https:\/\/www.radlobby.org\/noe\/st-poeltner-neujahrsradeln\/#breadcrumb","itemListElement":[{"@type":"ListItem","position":1,"name":"Startseite","item":"https:\/\/www.radlobby.org\/noe\/"},{"@type":"ListItem","position":2,"name":"Donnerstag, 1. J\u00e4nner 2026, 14:30Uhr4. St. P\u00f6ltner Neujahrsradeln"}]},{"@type":"WebSite","@id":"https:\/\/www.radlobby.org\/noe\/#website","url":"https:\/\/www.radlobby.org\/noe\/","name":"Radlobby Nieder\u00f6sterreich","description":"Radverkehr, Fahrrad, Radfahren, Radreisen, Radtouren, Radweg","publisher":{"@id":"https:\/\/www.radlobby.org\/noe\/#organization"},"potentialAction":[{"@type":"SearchAction","target":{"@type":"EntryPoint","urlTemplate":"https:\/\/www.radlobby.org\/noe\/?s={search_term_string}"},"query-input":{"@type":"PropertyValueSpecification","valueRequired":true,"valueName":"search_term_string"}}],"inLanguage":"de"},{"@type":"Organization","@id":"https:\/\/www.radlobby.org\/noe\/#organization","name":"Radlobby Nieder\u00f6sterreich","url":"https:\/\/www.radlobby.org\/noe\/","logo":{"@type":"ImageObject","inLanguage":"de","@id":"https:\/\/www.radlobby.org\/noe\/#\/schema\/logo\/image\/","url":"https:\/\/www.radlobby.org\/noe\/wp-content\/uploads\/2017\/01\/cropped-Logo_Radlobby_Niederoesterreich_50-400px_quer-1.jpg","contentUrl":"https:\/\/www.radlobby.org\/noe\/wp-content\/uploads\/2017\/01\/cropped-Logo_Radlobby_Niederoesterreich_50-400px_quer-1.jpg","width":450,"height":124,"caption":"Radlobby Nieder\u00f6sterreich"},"image":{"@id":"https:\/\/www.radlobby.org\/noe\/#\/schema\/logo\/image\/"},"sameAs":["https:\/\/www.facebook.com\/groups\/radfahren.in.noe\/"]},{"@type":"Person","@id":"https:\/\/www.radlobby.org\/noe\/#\/schema\/person\/d1ad6d77ec2ff1837830735b5f074c95","name":"Maria Z\u00f6gernitz","image":{"@type":"ImageObject","inLanguage":"de","@id":"https:\/\/www.radlobby.org\/noe\/#\/schema\/person\/image\/","url":"https:\/\/secure.gravatar.com\/avatar\/f0ec056831cd418e44e25a41becb89b06234dc4c32d644fddd8329785f26d862?s=96&d=mm&r=g","contentUrl":"https:\/\/secure.gravatar.com\/avatar\/f0ec056831cd418e44e25a41becb89b06234dc4c32d644fddd8329785f26d862?s=96&d=mm&r=g","caption":"Maria Z\u00f6gernitz"},"description":"Ortsgruppe St. P\u00f6lten","url":"https:\/\/www.radlobby.org\/noe\/author\/maria-zoegernitz\/"}]}},"_links":{"self":[{"href":"https:\/\/www.radlobby.org\/noe\/wp-json\/wp\/v2\/posts\/26792","targetHints":{"allow":["GET"]}}],"collection":[{"href":"https:\/\/www.radlobby.org\/noe\/wp-json\/wp\/v2\/posts"}],"about":[{"href":"https:\/\/www.radlobby.org\/noe\/wp-json\/wp\/v2\/types\/post"}],"author":[{"embeddable":true,"href":"https:\/\/www.radlobby.org\/noe\/wp-json\/wp\/v2\/users\/33"}],"replies":[{"embeddable":true,"href":"https:\/\/www.radlobby.org\/noe\/wp-json\/wp\/v2\/comments?post=26792"}],"version-history":[{"count":20,"href":"https:\/\/www.radlobby.org\/noe\/wp-json\/wp\/v2\/posts\/26792\/revisions"}],"predecessor-version":[{"id":40762,"href":"https:\/\/www.radlobby.org\/noe\/wp-json\/wp\/v2\/posts\/26792\/revisions\/40762"}],"wp:featuredmedia":[{"embeddable":true,"href":"https:\/\/www.radlobby.org\/noe\/wp-json\/wp\/v2\/media\/26794"}],"wp:attachment":[{"href":"https:\/\/www.radlobby.org\/noe\/wp-json\/wp\/v2\/media?parent=26792"}],"wp:term":[{"taxonomy":"category","embeddable":true,"href":"https:\/\/www.radlobby.org\/noe\/wp-json\/wp\/v2\/categories?post=26792"},{"taxonomy":"post_tag","embeddable":true,"href":"https:\/\/www.radlobby.org\/noe\/wp-json\/wp\/v2\/tags?post=26792"}],"curies":[{"name":"wp","href":"https:\/\/api.w.org\/{rel}","templated":true}]}}