{"id":25544,"date":"2022-09-24T08:21:48","date_gmt":"2022-09-24T06:21:48","guid":{"rendered":"https:\/\/www.radlobby.org\/noe\/?p=25544"},"modified":"2022-09-24T08:26:00","modified_gmt":"2022-09-24T06:26:00","slug":"fahrradschloesser","status":"publish","type":"post","link":"https:\/\/www.radlobby.org\/noe\/fahrradschloesser\/","title":{"rendered":"Fahrraddiebstahl vermeiden"},"content":{"rendered":"<h4><a href=\"https:\/\/www.radlobby.org\/noe\/wp-content\/uploads\/Radlobby-Rad-300px-1.png\" data-src=\"https:\/\/www.radlobby.org\/noe\/wp-content\/uploads\/Radlobby-Rad-300px-1.png\" data-thumb=\"https:\/\/www.radlobby.org\/noe\/wp-content\/uploads\/Radlobby-Rad-300px-1.png\" class=\"ml-lightbox-enabled\"><img loading=\"lazy\" decoding=\"async\" class=\"aligncenter size-full wp-image-18888\" src=\"https:\/\/www.radlobby.org\/noe\/wp-content\/uploads\/Radlobby-Rad-300px-1.png\" alt=\"\" width=\"100\" height=\"60\" \/><\/a><\/h4>\n<h4><\/h4>\n<h4><\/h4>\n<h4>TypenFahrradschloss<\/h4>\n<figure id=\"attachment_25545\" aria-describedby=\"caption-attachment-25545\" style=\"width: 1236px\" class=\"wp-caption aligncenter\"><a href=\"https:\/\/www.radlobby.org\/noe\/wp-content\/uploads\/Typen-Fahrradschloss.png\" data-src=\"https:\/\/www.radlobby.org\/noe\/wp-content\/uploads\/Typen-Fahrradschloss.png\" data-thumb=\"https:\/\/www.radlobby.org\/noe\/wp-content\/uploads\/Typen-Fahrradschloss.png\" class=\"ml-lightbox-enabled\"><img loading=\"lazy\" decoding=\"async\" class=\"size-full wp-image-25545\" src=\"https:\/\/www.radlobby.org\/noe\/wp-content\/uploads\/Typen-Fahrradschloss.png\" alt=\"\" width=\"1236\" height=\"176\" srcset=\"https:\/\/www.radlobby.org\/noe\/wp-content\/uploads\/Typen-Fahrradschloss.png 1236w, https:\/\/www.radlobby.org\/noe\/wp-content\/uploads\/Typen-Fahrradschloss-300x43.png 300w, https:\/\/www.radlobby.org\/noe\/wp-content\/uploads\/Typen-Fahrradschloss-768x109.png 768w\" sizes=\"auto, (max-width: 1236px) 100vw, 1236px\" \/><\/a><figcaption id=\"caption-attachment-25545\" class=\"wp-caption-text\">Graphik: Bikester.at<\/figcaption><\/figure>\n<h4><\/h4>\n<p>&nbsp;<\/p>\n<p><span style=\"font-weight: 400;\">\u00d6sterreich werden j\u00e4hrlich an die 22.500 Fahrr\u00e4der gestohlen. Die Aufkl\u00e4rungsquote liegt \u00f6sterreichweit nur mageren 5,5 Prozent. Doch kein Grund zur Panik &#8211; mit ein paar Grundregeln und dem richtigen Schloss sorgen Sie daf\u00fcr, dass Sie m\u00f6glichst lange etwas von Ihrem Fahrrad haben.<br \/>\n<\/span><span style=\"font-weight: 400;\">Es ist \u00e4rgerlich und meist teuer. Selbst bei versicherten Fahrr\u00e4dern, deren Wert erstattet wird, bleibt der \u00c4rger der Fahrradlosigkeit.\u00a0<\/span><\/p>\n<h4><span style=\"font-weight: 400;\">Was kann man dagegen tun:<\/span><\/h4>\n<ul>\n<li style=\"font-weight: 400;\" aria-level=\"1\"><span style=\"font-weight: 400;\">Verwendet hochwertige Schl\u00f6sser \u2014 je wertvoller das Fahrrad, desto wertiger auch teurer das Schloss &#8211; Richtwert ~10 % des Wertes des Fahrrades<\/span><\/li>\n<li style=\"font-weight: 400;\" aria-level=\"1\"><span style=\"font-weight: 400;\">Schlie\u00dft mindestens den Rahmen an einen den Fahrradb\u00fcgel<\/span><\/li>\n<li style=\"font-weight: 400;\" aria-level=\"1\"><span style=\"font-weight: 400;\">Vermeidet Schnellspanner bei den Laufr\u00e4dern oder sichert diese zus\u00e4tzlich mit einem Kabelschloss\u00a0<\/span><\/li>\n<li style=\"font-weight: 400;\" aria-level=\"1\"><span style=\"font-weight: 400;\">Abstellen an einem hellen, beleuchteten Ort am besten auch video\u00fcberwacht<\/span><\/li>\n<li style=\"font-weight: 400;\" aria-level=\"1\"><span style=\"font-weight: 400;\">Abstellort, wenn m\u00f6glich wechseln<\/span><\/li>\n<li style=\"font-weight: 400;\" aria-level=\"1\"><span style=\"font-weight: 400;\">Auch im Wohnbereich immer ansperren<\/span><\/li>\n<li style=\"font-weight: 400;\" aria-level=\"1\"><span style=\"font-weight: 400;\">ein billiges unattraktives \u201eBahnhofsrad\u201c verwenden<\/span><\/li>\n<li style=\"font-weight: 400;\" aria-level=\"1\"><span style=\"font-weight: 400;\">Diebstahlversicherung\u00a0<\/span><\/li>\n<li style=\"font-weight: 400;\" aria-level=\"1\"><span style=\"font-weight: 400;\">Rahmennummer und Fotos vom Fahrrad aufbewahren.\u00a0<\/span><\/li>\n<li style=\"font-weight: 400;\" aria-level=\"1\"><span style=\"font-weight: 400;\">Fahrrad registrieren<\/span><\/li>\n<\/ul>\n<p><span style=\"font-weight: 400;\">Vorab sei erw\u00e4hnt, dass zum sicheren Absperren auch ein <strong>richtiger B\u00fcgel<\/strong> zur Verf\u00fcgung stehen muss, dies ist gerade am Bahnhof in Stockerau nicht gegeben, auch die neuen B\u00fcgel in der Stadt sind nur bedingt tauglich. Man kann am Bahnhof gut erkennen, dass viele Fahrr\u00e4der neben der \u00fcberdachter Anlage am Gitter h\u00e4ngen, wo ein sicheres Versperren m\u00f6glich ist.\u00a0<\/span><\/p>\n<p><span style=\"font-weight: 400;\">Generell gilt: Schl\u00fcssel sind sicherer als Zahlen<\/span><\/p>\n<h2><span style=\"font-weight: 400;\">B\u00fcgelschl\u00f6sser\u00a0<\/span><\/h2>\n<ul>\n<li aria-level=\"1\"><span style=\"font-weight: 400;\">h\u00f6chste Sicherheit<\/span><\/li>\n<li style=\"font-weight: 400;\" aria-level=\"1\"><span style=\"font-weight: 400;\">Rahmen gut gesichert<\/span><\/li>\n<li style=\"font-weight: 400;\" aria-level=\"1\"><span style=\"font-weight: 400;\">schweres Werkzeug zum Knacken erforderlich<\/span><\/li>\n<li style=\"font-weight: 400;\" aria-level=\"1\"><span style=\"font-weight: 400;\">mit Halterung gut am Fahrrad zu transportieren<\/span><\/li>\n<\/ul>\n<ul>\n<li style=\"font-weight: 400;\" aria-level=\"1\"><span style=\"font-weight: 400; color: #ff0000;\">sperrig &amp; schwer<\/span><\/li>\n<li style=\"font-weight: 400;\" aria-level=\"1\"><span style=\"font-weight: 400; color: #ff0000;\">Max.. St\u00e4rke zum befestigen (Laternen sind oft zu dick)<\/span><\/li>\n<li style=\"font-weight: 400;\" aria-level=\"1\"><span style=\"font-weight: 400; color: #ff0000;\">relativ geringe Reichweite, Fahrrad muss exakt stehen.\u00a0<\/span><\/li>\n<\/ul>\n<p><span style=\"font-weight: 400;\">Ideal zum Ansperren sind Anlehnb\u00fcgel<\/span><\/p>\n<p>&nbsp;<\/p>\n<figure id=\"attachment_25566\" aria-describedby=\"caption-attachment-25566\" style=\"width: 1660px\" class=\"wp-caption aligncenter\"><a href=\"https:\/\/www.radlobby.org\/noe\/wp-content\/uploads\/Buegelschloss.png\" data-src=\"https:\/\/www.radlobby.org\/noe\/wp-content\/uploads\/Buegelschloss.png\" data-thumb=\"https:\/\/www.radlobby.org\/noe\/wp-content\/uploads\/Buegelschloss.png\" class=\"ml-lightbox-enabled\"><img loading=\"lazy\" decoding=\"async\" class=\"size-full wp-image-25566\" src=\"https:\/\/www.radlobby.org\/noe\/wp-content\/uploads\/Buegelschloss.png\" alt=\"\" width=\"1660\" height=\"809\" srcset=\"https:\/\/www.radlobby.org\/noe\/wp-content\/uploads\/Buegelschloss.png 1660w, https:\/\/www.radlobby.org\/noe\/wp-content\/uploads\/Buegelschloss-300x146.png 300w, https:\/\/www.radlobby.org\/noe\/wp-content\/uploads\/Buegelschloss-768x374.png 768w, https:\/\/www.radlobby.org\/noe\/wp-content\/uploads\/Buegelschloss-1536x749.png 1536w\" sizes=\"auto, (max-width: 1660px) 100vw, 1660px\" \/><\/a><figcaption id=\"caption-attachment-25566\" class=\"wp-caption-text\">Foto bicmo.com<\/figcaption><\/figure>\n<h4><a href=\"https:\/\/www.radlobby.org\/noe\/wp-content\/uploads\/Radlobby-Rad-300px-1.png\">Faltschloss<\/a><\/h4>\n<h2><span style=\"font-weight: 400;\">Faltschl\u00f6sser<\/span><\/h2>\n<ul>\n<li style=\"font-weight: 400;\" aria-level=\"1\"><span style=\"font-weight: 400;\">hohe Sicherheit<\/span><\/li>\n<li style=\"font-weight: 400;\" aria-level=\"1\"><span style=\"font-weight: 400;\">Rahmen gut gesichert\u00a0<\/span><\/li>\n<li style=\"font-weight: 400;\" aria-level=\"1\"><span style=\"font-weight: 400;\"><span style=\"font-weight: 400;\">versatiler als B\u00fcgelschl\u00f6sser<\/span><\/span><\/li>\n<li style=\"font-weight: 400;\" aria-level=\"1\"><span style=\"font-weight: 400; color: #ff0000;\">mit Halterung gut am Fahrrad zu transportieren\u00a0<\/span><\/li>\n<li style=\"font-weight: 400;\" aria-level=\"1\"><span style=\"color: #ff0000;\"><span style=\"font-weight: 400;\">aufw\u00e4ndiges Werkzeug zum Knacken erforderlich<br \/>\n<\/span><span style=\"font-weight: 400;\">nicht \u00fcberall einsetzbar\u00a0<\/span><\/span><\/li>\n<\/ul>\n<h4><\/h4>\n<h4><\/h4>\n<figure id=\"attachment_25569\" aria-describedby=\"caption-attachment-25569\" style=\"width: 1680px\" class=\"wp-caption aligncenter\"><a href=\"https:\/\/www.radlobby.org\/noe\/wp-content\/uploads\/faltschloss-1.jpg\" data-src=\"https:\/\/www.radlobby.org\/noe\/wp-content\/uploads\/faltschloss-1.jpg\" data-thumb=\"https:\/\/www.radlobby.org\/noe\/wp-content\/uploads\/faltschloss-1.jpg\" class=\"ml-lightbox-enabled\"><img loading=\"lazy\" decoding=\"async\" class=\"size-full wp-image-25569\" src=\"https:\/\/www.radlobby.org\/noe\/wp-content\/uploads\/faltschloss-1.jpg\" alt=\"\" width=\"1680\" height=\"1024\" srcset=\"https:\/\/www.radlobby.org\/noe\/wp-content\/uploads\/faltschloss-1.jpg 1680w, https:\/\/www.radlobby.org\/noe\/wp-content\/uploads\/faltschloss-1-300x183.jpg 300w, https:\/\/www.radlobby.org\/noe\/wp-content\/uploads\/faltschloss-1-768x468.jpg 768w, https:\/\/www.radlobby.org\/noe\/wp-content\/uploads\/faltschloss-1-1536x936.jpg 1536w\" sizes=\"auto, (max-width: 1680px) 100vw, 1680px\" \/><\/a><figcaption id=\"caption-attachment-25569\" class=\"wp-caption-text\">Foto: Abus.com<\/figcaption><\/figure>\n<h4><\/h4>\n<h2><span style=\"font-weight: 400;\">Kettenschl\u00f6sser<\/span><\/h2>\n<ul>\n<li style=\"font-weight: 400;\" aria-level=\"1\"><span style=\"font-weight: 400;\">hohe Sicherheit (von der Kette abh\u00e4ngig)\u00a0<\/span><\/li>\n<li style=\"font-weight: 400;\" aria-level=\"1\"><span style=\"font-weight: 400;\">Rahmen &amp; Laufrad k\u00f6nnen gesichert werden (abh\u00e4ngig von der L\u00e4nge)\u00a0<\/span><\/li>\n<li style=\"font-weight: 400;\" aria-level=\"1\"><span style=\"font-weight: 400;\">vielseitig einsetzbar\u00a0<\/span><\/li>\n<\/ul>\n<ul>\n<li style=\"font-weight: 400;\" aria-level=\"1\"><span style=\"font-weight: 400; color: #ff0000;\">bereits mit Bolzenschneider knackbar<\/span><\/li>\n<li style=\"font-weight: 400;\" aria-level=\"1\"><span style=\"font-weight: 400; color: #ff0000;\">f\u00fcr Transport Tasche \/ Korb, oder um die Sattelst\u00fctze wickeln\u00a0<\/span><\/li>\n<li aria-level=\"1\"><\/li>\n<\/ul>\n<figure id=\"attachment_25571\" aria-describedby=\"caption-attachment-25571\" style=\"width: 1280px\" class=\"wp-caption aligncenter\"><a href=\"https:\/\/www.radlobby.org\/noe\/wp-content\/uploads\/Kettenschloss.jpg\" data-src=\"https:\/\/www.radlobby.org\/noe\/wp-content\/uploads\/Kettenschloss.jpg\" data-thumb=\"https:\/\/www.radlobby.org\/noe\/wp-content\/uploads\/Kettenschloss.jpg\" class=\"ml-lightbox-enabled\"><img loading=\"lazy\" decoding=\"async\" class=\"size-full wp-image-25571\" src=\"https:\/\/www.radlobby.org\/noe\/wp-content\/uploads\/Kettenschloss.jpg\" alt=\"\" width=\"1280\" height=\"640\" srcset=\"https:\/\/www.radlobby.org\/noe\/wp-content\/uploads\/Kettenschloss.jpg 1280w, https:\/\/www.radlobby.org\/noe\/wp-content\/uploads\/Kettenschloss-300x150.jpg 300w, https:\/\/www.radlobby.org\/noe\/wp-content\/uploads\/Kettenschloss-768x384.jpg 768w\" sizes=\"auto, (max-width: 1280px) 100vw, 1280px\" \/><\/a><figcaption id=\"caption-attachment-25571\" class=\"wp-caption-text\">Foto: Taylor Wheels<\/figcaption><\/figure>\n<p>&nbsp;<\/p>\n<p>&nbsp;<\/p>\n<h2><span style=\"color: #ff0000;\"><span style=\"font-weight: 400;\">Seilschl\u00f6sser<\/span><\/span><\/h2>\n<p><span style=\"color: #ff0000;\"><span style=\"font-weight: 400;\">in verschiedenen Qualit\u00e4ten, die meisten sind jedoch mit einem einfachen Seitenschneider zu knacken, werden im Radlerjargon gerne als \u201eGeschenksb\u00e4nder\u201c bezeichnet. <\/span><span style=\"font-weight: 400;\"><br \/>\n<\/span><span style=\"font-weight: 400;\">Keine Empfehlung nur f\u00fcrs Kurz absperren, zB w\u00e4hrend des Einkaufs verwenden.\u00a0<\/span><\/span><\/p>\n<figure id=\"attachment_25573\" aria-describedby=\"caption-attachment-25573\" style=\"width: 794px\" class=\"wp-caption aligncenter\"><a href=\"https:\/\/www.radlobby.org\/noe\/wp-content\/uploads\/seilschloss.jpg\" data-src=\"https:\/\/www.radlobby.org\/noe\/wp-content\/uploads\/seilschloss.jpg\" data-thumb=\"https:\/\/www.radlobby.org\/noe\/wp-content\/uploads\/seilschloss.jpg\" class=\"ml-lightbox-enabled\"><img loading=\"lazy\" decoding=\"async\" class=\"size-full wp-image-25573\" src=\"https:\/\/www.radlobby.org\/noe\/wp-content\/uploads\/seilschloss.jpg\" alt=\"\" width=\"794\" height=\"435\" srcset=\"https:\/\/www.radlobby.org\/noe\/wp-content\/uploads\/seilschloss.jpg 794w, https:\/\/www.radlobby.org\/noe\/wp-content\/uploads\/seilschloss-300x164.jpg 300w, https:\/\/www.radlobby.org\/noe\/wp-content\/uploads\/seilschloss-768x421.jpg 768w\" sizes=\"auto, (max-width: 794px) 100vw, 794px\" \/><\/a><figcaption id=\"caption-attachment-25573\" class=\"wp-caption-text\">Foto: E-bike Test<\/figcaption><\/figure>\n<h2>Rahmenschl\u00f6sser<\/h2>\n<p>Von Abus gibt es Variante, mit der man zus\u00e4tzlich das Fahrrad an einem B\u00fcgel befestigen kann, von <span style=\"color: #ff0000;\">reinen Rahmenschl\u00f6ssern ist abzuraten, man kann das Fahrrad einfach wegtragen.\u00a0<\/span><\/p>\n<figure id=\"attachment_25576\" aria-describedby=\"caption-attachment-25576\" style=\"width: 960px\" class=\"wp-caption aligncenter\"><a href=\"https:\/\/www.radlobby.org\/noe\/wp-content\/uploads\/rahmenschloss.jpg\" data-src=\"https:\/\/www.radlobby.org\/noe\/wp-content\/uploads\/rahmenschloss.jpg\" data-thumb=\"https:\/\/www.radlobby.org\/noe\/wp-content\/uploads\/rahmenschloss.jpg\" class=\"ml-lightbox-enabled\"><img loading=\"lazy\" decoding=\"async\" class=\"size-full wp-image-25576\" src=\"https:\/\/www.radlobby.org\/noe\/wp-content\/uploads\/rahmenschloss.jpg\" alt=\"\" width=\"960\" height=\"540\" srcset=\"https:\/\/www.radlobby.org\/noe\/wp-content\/uploads\/rahmenschloss.jpg 960w, https:\/\/www.radlobby.org\/noe\/wp-content\/uploads\/rahmenschloss-300x169.jpg 300w, https:\/\/www.radlobby.org\/noe\/wp-content\/uploads\/rahmenschloss-768x432.jpg 768w\" sizes=\"auto, (max-width: 960px) 100vw, 960px\" \/><\/a><figcaption id=\"caption-attachment-25576\" class=\"wp-caption-text\">Foto Abus<\/figcaption><\/figure>\n<p>&nbsp;<\/p>\n<p><a href=\"https:\/\/www.radlobby.at\/wiedersehen-macht-freude\" target=\"_blank\" rel=\"noopener\">Weitere Informationen auf der Radlobby Seite\u00a0<\/a><\/p>\n<h1><\/h1>\n<h5><\/h5>\n<h4><\/h4>\n<h4><a href=\"https:\/\/www.radlobby.org\/noe\/wp-content\/uploads\/Radlobby-Rad-300px-1.png\" data-src=\"https:\/\/www.radlobby.org\/noe\/wp-content\/uploads\/Radlobby-Rad-300px-1.png\" data-thumb=\"https:\/\/www.radlobby.org\/noe\/wp-content\/uploads\/Radlobby-Rad-300px-1.png\" class=\"ml-lightbox-enabled\"><img loading=\"lazy\" decoding=\"async\" class=\"aligncenter size-full wp-image-18888\" src=\"https:\/\/www.radlobby.org\/noe\/wp-content\/uploads\/Radlobby-Rad-300px-1.png\" alt=\"\" width=\"100\" height=\"60\" \/><\/a><\/h4>\n<p><a href=\"https:\/\/www.radlobby.org\/noe\/wp-content\/uploads\/Radlobby-Rad-300px-1.png\" data-src=\"https:\/\/www.radlobby.org\/noe\/wp-content\/uploads\/Radlobby-Rad-300px-1.png\" data-thumb=\"https:\/\/www.radlobby.org\/noe\/wp-content\/uploads\/Radlobby-Rad-300px-1.png\" class=\"ml-lightbox-enabled\"><img loading=\"lazy\" decoding=\"async\" class=\"aligncenter size-full wp-image-18888\" src=\"https:\/\/www.radlobby.org\/noe\/wp-content\/uploads\/Radlobby-Rad-300px-1.png\" alt=\"\" width=\"100\" height=\"60\" \/><\/a><\/p>\n<p><a href=\"https:\/\/www.radlobby.org\/noe\/wp-content\/uploads\/Radlobby-Rad-300px-1.png\"><style>.wp-show-posts-columns#wpsp-16952 {margin-left: -2em; }.wp-show-posts-columns#wpsp-16952 .wp-show-posts-inner {margin: 0 0 2em 2em; }<\/style><section id=\"wpsp-16952\" class=\" wp-show-posts-columns wp-show-posts\" style=\"\"><article class=\" wp-show-posts-single post-41170 post type-post status-publish format-standard has-post-thumbnail hentry category-deutsch-wagram category-gaenserndorf category-gross-enzersdorf category-korneuburg category-mistelbach category-poysdorf category-stockerau category-tulln category-wolkersdorf wpsp-col-6\" itemtype=\"http:\/\/schema.org\/CreativeWork\" itemscope><div class=\"wp-show-posts-inner\" style=\"\">\t\t\t\t\t\t<header class=\"wp-show-posts-entry-header\">\n\t\t\t\t\t\t\t<p class=\"wp-show-posts-entry-title\" itemprop=\"headline\"><a href=\"https:\/\/www.radlobby.org\/noe\/wolkersdorf-radbazar\/\" rel=\"bookmark\">Radlobby Wolkersdorf Radbazar 2026<\/a><\/p>\t\t\t\t\t\t<\/header><!-- .entry-header -->\n\t\t\t\t\t\t\t<div class=\"wp-show-posts-image  wpsp-image-left \">\n\t\t\t<a href=\"https:\/\/www.radlobby.org\/noe\/wolkersdorf-radbazar\/\"  title=\"Radlobby Wolkersdorf Radbazar 2026\">\t\t\t\t\t<img decoding=\"async\" src=\"https:\/\/www.radlobby.org\/noe\/wp-content\/uploads\/2023_Radbazar_Wolkersdorf_05-180x138.jpg\" alt=\"Radlobby Wolkersdorf Radbazar 2026\" itemprop=\"image\" class=\"left\" \/>\n\t\t\t\t<\/a>\t\t<\/div>\n\t\t\t\t\t\t\t\t<div class=\"wp-show-posts-entry-summary\" itemprop=\"text\">\n\t\t\t\t\t\t\t<p>Hier geht&#8217;s gleich zur Online-Anmeldung &nbsp; Radbazar Samstag, 21.3.2026 am Hauptplatz in Wolkersdorf \u00a0(heuer wieder mit Online-Anmeldung): Der Bazar findet gemeinsam mit dem Flohmarkt der&#8230;<\/p>\n\t\t\t\t\t\t<\/div><!-- .entry-summary -->\n\t\t\t\t\t<\/div><!-- wp-show-posts-inner --><\/article><article class=\" wp-show-posts-single post-41098 post type-post status-publish format-standard has-post-thumbnail hentry category-klosterneuburg category-korneuburg category-mauerbach category-moedling category-neulengbach category-niederoesterreich category-pressbaum category-purkersdorf category-stockerau category-tulln category-tullnerfeld wpsp-col-6\" itemtype=\"http:\/\/schema.org\/CreativeWork\" itemscope><div class=\"wp-show-posts-inner\" style=\"\">\t\t\t\t\t\t<header class=\"wp-show-posts-entry-header\">\n\t\t\t\t\t\t\t<p class=\"wp-show-posts-entry-title\" itemprop=\"headline\"><a href=\"https:\/\/www.radlobby.org\/noe\/kinder-eis-anradeln-infoabend-am-28-3-2026\/\" rel=\"bookmark\">Infoabend am 28.3.2026<\/a><\/p>\t\t\t\t\t\t<\/header><!-- .entry-header -->\n\t\t\t\t\t\t\t<div class=\"wp-show-posts-image  wpsp-image-left \">\n\t\t\t<a href=\"https:\/\/www.radlobby.org\/noe\/kinder-eis-anradeln-infoabend-am-28-3-2026\/\"  title=\"Infoabend am 28.3.2026\">\t\t\t\t\t<img decoding=\"async\" src=\"https:\/\/www.radlobby.org\/noe\/wp-content\/uploads\/IMG_20240406_131414-1-scaled-180x135.jpg\" alt=\"Infoabend am 28.3.2026\" itemprop=\"image\" class=\"left\" \/>\n\t\t\t\t<\/a>\t\t<\/div>\n\t\t\t\t\t\t\t\t<div class=\"wp-show-posts-entry-summary\" itemprop=\"text\">\n\t\t\t\t\t\t\t<p>&#x26a0;&#xfe0f;Kinder-Eis-Anradeln verschoben wegen Schlechtwetter. Neuer Termin: 11. April&#x26a0;&#xfe0f; Kinder, es ist wieder Zeit zum Anradeln! Heuer d\u00fcrfen wir dabei einen besonderen Ehrengast begr\u00fc\u00dfen: Kurt Fischer&#8230;.<\/p>\n\t\t\t\t\t\t<\/div><!-- .entry-summary -->\n\t\t\t\t\t<\/div><!-- wp-show-posts-inner --><\/article><article class=\" wp-show-posts-single post-38040 post type-post status-publish format-standard has-post-thumbnail hentry category-deutsch-wagram category-gaenserndorf category-gross-enzersdorf category-korneuburg category-mistelbach category-poysdorf category-stockerau category-tulln category-wolkersdorf wpsp-col-6\" itemtype=\"http:\/\/schema.org\/CreativeWork\" itemscope><div class=\"wp-show-posts-inner\" style=\"\">\t\t\t\t\t\t<header class=\"wp-show-posts-entry-header\">\n\t\t\t\t\t\t\t<p class=\"wp-show-posts-entry-title\" itemprop=\"headline\"><a href=\"https:\/\/www.radlobby.org\/noe\/wolkersdorf-radbazar25\/\" rel=\"bookmark\">Radlobby Wolkersdorf Radbazar 2025<\/a><\/p>\t\t\t\t\t\t<\/header><!-- .entry-header -->\n\t\t\t\t\t\t\t<div class=\"wp-show-posts-image  wpsp-image-left \">\n\t\t\t<a href=\"https:\/\/www.radlobby.org\/noe\/wolkersdorf-radbazar25\/\"  title=\"Radlobby Wolkersdorf Radbazar 2025\">\t\t\t\t\t<img decoding=\"async\" src=\"https:\/\/www.radlobby.org\/noe\/wp-content\/uploads\/2023_Radbazar_Wolkersdorf_05-180x138.jpg\" alt=\"Radlobby Wolkersdorf Radbazar 2025\" itemprop=\"image\" class=\"left\" \/>\n\t\t\t\t<\/a>\t\t<\/div>\n\t\t\t\t\t\t\t\t<div class=\"wp-show-posts-entry-summary\" itemprop=\"text\">\n\t\t\t\t\t\t\t<p>&nbsp; Hier geht&#8217;s gleich zur Online-Anmeldung Radbazar Samstag, 12.4.2025 am Hauptplatz in Wolkersdorf \u00a0(heuer wieder mit Online-Anmeldung): Der Bazar findet gemeinsam mit dem Flohmarkt der&#8230;<\/p>\n\t\t\t\t\t\t<\/div><!-- .entry-summary -->\n\t\t\t\t\t<\/div><!-- wp-show-posts-inner --><\/article><article class=\" wp-show-posts-single post-38012 post type-post status-publish format-standard has-post-thumbnail hentry category-stockerau tag-fpoe tag-gemeinderatswahl-2025 tag-gruene tag-grw2025 tag-neos tag-parteien tag-spoe tag-stockerau tag-verkehr wpsp-col-6\" itemtype=\"http:\/\/schema.org\/CreativeWork\" itemscope><div class=\"wp-show-posts-inner\" style=\"\">\t\t\t\t\t\t<header class=\"wp-show-posts-entry-header\">\n\t\t\t\t\t\t\t<p class=\"wp-show-posts-entry-title\" itemprop=\"headline\"><a href=\"https:\/\/www.radlobby.org\/noe\/gr-wahlen-2025-stockerau\/\" rel=\"bookmark\">GR-Wahlen 2025 &#8211; Stockerau<\/a><\/p>\t\t\t\t\t\t<\/header><!-- .entry-header -->\n\t\t\t\t\t\t\t<div class=\"wp-show-posts-image  wpsp-image-left \">\n\t\t\t<a href=\"https:\/\/www.radlobby.org\/noe\/gr-wahlen-2025-stockerau\/\"  title=\"GR-Wahlen 2025 &#8211; Stockerau\">\t\t\t\t\t<img decoding=\"async\" src=\"https:\/\/www.radlobby.org\/noe\/wp-content\/uploads\/4seanons-180x180.jpg\" alt=\"GR-Wahlen 2025 &#8211; Stockerau\" itemprop=\"image\" class=\"left\" \/>\n\t\t\t\t<\/a>\t\t<\/div>\n\t\t\t\t\t\t\t\t<div class=\"wp-show-posts-entry-summary\" itemprop=\"text\">\n\t\t\t\t\t\t\t<p>In der Woche vor den Gemeinderatswahlen 2025 luden Patrick Hendler und Werner Bolek alle Wahlwerbenden ein, sich im 4seansons W\u00e4hler:innenfragen zu stellen. An dieser Stelle&#8230;<\/p>\n\t\t\t\t\t\t<\/div><!-- .entry-summary -->\n\t\t\t\t\t<\/div><!-- wp-show-posts-inner --><\/article><article class=\" wp-show-posts-single post-38023 post type-post status-publish format-standard hentry category-stockerau wpsp-col-6\" itemtype=\"http:\/\/schema.org\/CreativeWork\" itemscope><div class=\"wp-show-posts-inner\" style=\"\">\t\t\t\t\t\t<header class=\"wp-show-posts-entry-header\">\n\t\t\t\t\t\t\t<p class=\"wp-show-posts-entry-title\" itemprop=\"headline\"><a href=\"https:\/\/www.radlobby.org\/noe\/gr-wahl-2025-stockerau-parteiengespraeche\/\" rel=\"bookmark\">GR Wahl 2025 Stockerau -Parteiengespr\u00e4che<\/a><\/p>\t\t\t\t\t\t<\/header><!-- .entry-header -->\n\t\t\t\t\t\t\t\t\t\t\t<div class=\"wp-show-posts-entry-summary\" itemprop=\"text\">\n\t\t\t\t\t\t\t<p>&lt;span style=&#8221;font-weight: 400;&#8221;&gt;In der Woche vor den Gemeinderatswahlen 2025 luden Patrick Hendler und Werner Bolek alle Wahlwerbenden ein, sich im 4seansons W\u00e4hler:innenfragen zu stellen. An&#8230;<\/p>\n\t\t\t\t\t\t<\/div><!-- .entry-summary -->\n\t\t\t\t\t<\/div><!-- wp-show-posts-inner --><\/article><article class=\" wp-show-posts-single post-33742 post type-post status-publish format-standard has-post-thumbnail hentry category-deutsch-wagram category-gaenserndorf category-gross-enzersdorf category-korneuburg category-mistelbach category-poysdorf category-stockerau category-tulln category-wolkersdorf wpsp-col-6\" itemtype=\"http:\/\/schema.org\/CreativeWork\" itemscope><div class=\"wp-show-posts-inner\" style=\"\">\t\t\t\t\t\t<header class=\"wp-show-posts-entry-header\">\n\t\t\t\t\t\t\t<p class=\"wp-show-posts-entry-title\" itemprop=\"headline\"><a href=\"https:\/\/www.radlobby.org\/noe\/wolkersdorf-radbazar24\/\" rel=\"bookmark\">Radlobby Wolkersdorf Radbazar 2024<\/a><\/p>\t\t\t\t\t\t<\/header><!-- .entry-header -->\n\t\t\t\t\t\t\t<div class=\"wp-show-posts-image  wpsp-image-left \">\n\t\t\t<a href=\"https:\/\/www.radlobby.org\/noe\/wolkersdorf-radbazar24\/\"  title=\"Radlobby Wolkersdorf Radbazar 2024\"><img loading=\"lazy\" decoding=\"async\" width=\"150\" height=\"124\" src=\"https:\/\/www.radlobby.org\/noe\/wp-content\/uploads\/Logo_Radlobby_Wolkersdorf_150px.jpg\" class=\"attachment-full size-full wp-post-image\" alt=\"\" itemprop=\"image\" \/><\/a>\t\t<\/div>\n\t\t\t\t\t\t\t\t<div class=\"wp-show-posts-entry-summary\" itemprop=\"text\">\n\t\t\t\t\t\t\t<p>&nbsp; Hier geht&#8217;s gleich zur Online-Anmeldung Radbazar Samstag, 16.3.2024 am Hauptplatz in Wolkersdorf \u00a0(heuer wieder mit Online-Anmeldung): Der Bazar findet gemeinsam mit dem Flohmarkt der&#8230;<\/p>\n\t\t\t\t\t\t<\/div><!-- .entry-summary -->\n\t\t\t\t\t<\/div><!-- wp-show-posts-inner --><\/article><article class=\" wp-show-posts-single post-28492 post type-post status-publish format-standard has-post-thumbnail hentry category-deutsch-wagram category-gaenserndorf category-gross-enzersdorf category-klosterneuburg category-korneuburg category-leithaebene category-moedling category-niederoesterreich category-pressbaum category-purkersdorf category-stockerau category-wolkersdorf wpsp-col-6\" itemtype=\"http:\/\/schema.org\/CreativeWork\" itemscope><div class=\"wp-show-posts-inner\" style=\"\">\t\t\t\t\t\t<header class=\"wp-show-posts-entry-header\">\n\t\t\t\t\t\t\t<p class=\"wp-show-posts-entry-title\" itemprop=\"headline\"><a href=\"https:\/\/www.radlobby.org\/noe\/grosse-radparade-in-wien-am-kommenden-sonntag-16-april-2023-gemeinsame-anfahrt-auch-fuer-niederoesterreicher-innen\/\" rel=\"bookmark\">Gro\u00dfe RADpaRADe in Wien am kommenden Sonntag, 16. April 2023 <br>Gemeinsame Anfahrt &#8230; auch f\u00fcr Nieder\u00f6sterreicher.innen<\/a><\/p>\t\t\t\t\t\t<\/header><!-- .entry-header -->\n\t\t\t\t\t\t\t<div class=\"wp-show-posts-image  wpsp-image-left \">\n\t\t\t<a href=\"https:\/\/www.radlobby.org\/noe\/grosse-radparade-in-wien-am-kommenden-sonntag-16-april-2023-gemeinsame-anfahrt-auch-fuer-niederoesterreicher-innen\/\"  title=\"Gro\u00dfe RADpaRADe in Wien am kommenden Sonntag, 16. April 2023 Gemeinsame Anfahrt &#8230; auch f\u00fcr Nieder\u00f6sterreicher.innen\">\t\t\t\t\t<img decoding=\"async\" src=\"https:\/\/www.radlobby.org\/noe\/wp-content\/uploads\/20230416-Radlobby-Gemeinsam-zur-Radparade-radeln-180x127.jpg\" alt=\"Gro\u00dfe RADpaRADe in Wien am kommenden Sonntag, 16. April 2023 <br>Gemeinsame Anfahrt &#8230; auch f\u00fcr Nieder\u00f6sterreicher.innen\" itemprop=\"image\" class=\"left\" \/>\n\t\t\t\t<\/a>\t\t<\/div>\n\t\t\t\t\t\t\t\t<div class=\"wp-show-posts-entry-summary\" itemprop=\"text\">\n\t\t\t\t\t\t\t<p>Die Radlobby Bezirksgruppen radeln gemeinsam zur\u00a0RADpaRADe am Sonntag, 16. April! Einfach zu den angegebenen Stationen kommen und mitradeln, dann geht&#8217;s gemeinsam und entspannt zum Startpunkt&#8230;<\/p>\n\t\t\t\t\t\t<\/div><!-- .entry-summary -->\n\t\t\t\t\t<\/div><!-- wp-show-posts-inner --><\/article><article class=\" wp-show-posts-single post-28354 post type-post status-publish format-standard has-post-thumbnail hentry category-stockerau tag-klimafit tag-stockerau tag-verkehrswende tag-wende wpsp-col-6\" itemtype=\"http:\/\/schema.org\/CreativeWork\" itemscope><div class=\"wp-show-posts-inner\" style=\"\">\t\t\t\t\t\t<header class=\"wp-show-posts-entry-header\">\n\t\t\t\t\t\t\t<p class=\"wp-show-posts-entry-title\" itemprop=\"headline\"><a href=\"https:\/\/www.radlobby.org\/noe\/kehrtwende-in-stockerau\/\" rel=\"bookmark\">Kehrtwende in Stockerau<\/a><\/p>\t\t\t\t\t\t<\/header><!-- .entry-header -->\n\t\t\t\t\t\t\t<div class=\"wp-show-posts-image  wpsp-image-left \">\n\t\t\t<a href=\"https:\/\/www.radlobby.org\/noe\/kehrtwende-in-stockerau\/\"  title=\"Kehrtwende in Stockerau\">\t\t\t\t\t<img decoding=\"async\" src=\"https:\/\/www.radlobby.org\/noe\/wp-content\/uploads\/stockerauer-au-180x102.jpg\" alt=\"Kehrtwende in Stockerau\" itemprop=\"image\" class=\"left\" \/>\n\t\t\t\t<\/a>\t\t<\/div>\n\t\t\t\t\t\t\t\t<div class=\"wp-show-posts-entry-summary\" itemprop=\"text\">\n\t\t\t\t\t\t\t<p>Stockerau kehrt auf den richtigen Weg. In einem Gespr\u00e4ch mit der B\u00fcrgermeisterin und einigen Stadtr\u00e4ten erfuhr die Radlobby von bahnbrechenden Neuerungen, neben Transparenz in der Stadtregierung, udn Etablierung des Tullner Modells, &#8220;Die Stadt des Miteinander&#8221;, soll eine Baumschutzverornung und eine Begegnungszone kommen, ein \u00f6ffentliches Verkehrsnetz errichtet werden, Radweginfrastruktur massiv ausgebaut werden&#8230;.<\/p>\n\t\t\t\t\t\t<\/div><!-- .entry-summary -->\n\t\t\t\t\t<\/div><!-- wp-show-posts-inner --><\/article><article class=\" wp-show-posts-single post-26906 post type-post status-publish format-standard has-post-thumbnail hentry category-deutsch-wagram category-gaenserndorf category-gross-enzersdorf category-korneuburg category-mistelbach category-poysdorf category-stockerau category-tulln category-wolkersdorf wpsp-col-6\" itemtype=\"http:\/\/schema.org\/CreativeWork\" itemscope><div class=\"wp-show-posts-inner\" style=\"\">\t\t\t\t\t\t<header class=\"wp-show-posts-entry-header\">\n\t\t\t\t\t\t\t<p class=\"wp-show-posts-entry-title\" itemprop=\"headline\"><a href=\"https:\/\/www.radlobby.org\/noe\/wolkersdorf-radbazar23\/\" rel=\"bookmark\">Radlobby Wolkersdorf Radbazar 2023<\/a><\/p>\t\t\t\t\t\t<\/header><!-- .entry-header -->\n\t\t\t\t\t\t\t<div class=\"wp-show-posts-image  wpsp-image-left \">\n\t\t\t<a href=\"https:\/\/www.radlobby.org\/noe\/wolkersdorf-radbazar23\/\"  title=\"Radlobby Wolkersdorf Radbazar 2023\"><img loading=\"lazy\" decoding=\"async\" width=\"150\" height=\"124\" src=\"https:\/\/www.radlobby.org\/noe\/wp-content\/uploads\/Logo_Radlobby_Wolkersdorf_150px.jpg\" class=\"attachment-full size-full wp-post-image\" alt=\"\" itemprop=\"image\" \/><\/a>\t\t<\/div>\n\t\t\t\t\t\t\t\t<div class=\"wp-show-posts-entry-summary\" itemprop=\"text\">\n\t\t\t\t\t\t\t<p>Hier geht&#8217;s gleich zur Online-Anmeldung Radbazar Samstag, 25.3.2023 am Hauptplatz in Wolkersdorf \u00a0(heuer wieder mit Online-Anmeldung): Der Bazar findet gemeinsam mit dem Flohmarkt der Stadtgemeinde&#8230;<\/p>\n\t\t\t\t\t\t<\/div><!-- .entry-summary -->\n\t\t\t\t\t<\/div><!-- wp-show-posts-inner --><\/article><article class=\" wp-show-posts-single post-26413 post type-post status-publish format-standard has-post-thumbnail hentry category-stockerau tag-markierung tag-radweg tag-sagenhaft tag-stockerau tag-stoegergasse wpsp-col-6\" itemtype=\"http:\/\/schema.org\/CreativeWork\" itemscope><div class=\"wp-show-posts-inner\" style=\"\">\t\t\t\t\t\t<header class=\"wp-show-posts-entry-header\">\n\t\t\t\t\t\t\t<p class=\"wp-show-posts-entry-title\" itemprop=\"headline\"><a href=\"https:\/\/www.radlobby.org\/noe\/stoegergasse-fahrradueberfahrt\/\" rel=\"bookmark\">St\u00f6gergasse &#8211; Fahrrad\u00fcberfahrt<\/a><\/p>\t\t\t\t\t\t<\/header><!-- .entry-header -->\n\t\t\t\t\t\t\t<div class=\"wp-show-posts-image  wpsp-image-left \">\n\t\t\t<a href=\"https:\/\/www.radlobby.org\/noe\/stoegergasse-fahrradueberfahrt\/\"  title=\"St\u00f6gergasse &#8211; Fahrrad\u00fcberfahrt\">\t\t\t\t\t<img decoding=\"async\" src=\"https:\/\/www.radlobby.org\/noe\/wp-content\/uploads\/radweg-1-180x137.jpg\" alt=\"St\u00f6gergasse &#8211; Fahrrad\u00fcberfahrt\" itemprop=\"image\" class=\"left\" \/>\n\t\t\t\t<\/a>\t\t<\/div>\n\t\t\t\t\t\t\t\t<div class=\"wp-show-posts-entry-summary\" itemprop=\"text\">\n\t\t\t\t\t\t\t<p>St\u00f6gergasse # E. R\u00f6schstra\u00dfe &#8211; Gefahr durch Markierungsfehler, der der Gemeinde seit Jahren bekannt ist. <\/p>\n\t\t\t\t\t\t<\/div><!-- .entry-summary -->\n\t\t\t\t\t<\/div><!-- wp-show-posts-inner --><\/article><article class=\" wp-show-posts-single post-25375 post type-post status-publish format-standard has-post-thumbnail hentry category-stockerau tag-fahrrad tag-kidical-mass tag-km tag-radcorso tag-radkorso tag-stockerau wpsp-col-6\" itemtype=\"http:\/\/schema.org\/CreativeWork\" itemscope><div class=\"wp-show-posts-inner\" style=\"\">\t\t\t\t\t\t<header class=\"wp-show-posts-entry-header\">\n\t\t\t\t\t\t\t<p class=\"wp-show-posts-entry-title\" itemprop=\"headline\"><a href=\"https:\/\/www.radlobby.org\/noe\/kidical-mass-stockerau\/\" rel=\"bookmark\">Kidical Mass Stockerau<\/a><\/p>\t\t\t\t\t\t<\/header><!-- .entry-header -->\n\t\t\t\t\t\t\t<div class=\"wp-show-posts-image  wpsp-image-left \">\n\t\t\t<a href=\"https:\/\/www.radlobby.org\/noe\/kidical-mass-stockerau\/\"  title=\"Kidical Mass Stockerau\">\t\t\t\t\t<img decoding=\"async\" src=\"https:\/\/www.radlobby.org\/noe\/wp-content\/uploads\/KM-thumbnail-180x220.jpg\" alt=\"Kidical Mass Stockerau\" itemprop=\"image\" class=\"left\" \/>\n\t\t\t\t<\/a>\t\t<\/div>\n\t\t\t\t\t\t\t\t<div class=\"wp-show-posts-entry-summary\" itemprop=\"text\">\n\t\t\t\t\t\t\t<p>Jung und alt rollen durch die Stadt. Eine Initiative f\u00fcr mehr Sicherheit, bessere Radwege<\/p>\n\t\t\t\t\t\t<\/div><!-- .entry-summary -->\n\t\t\t\t\t<\/div><!-- wp-show-posts-inner --><\/article><article class=\" wp-show-posts-single post-24536 post type-post status-publish format-standard has-post-thumbnail hentry category-stockerau tag-fahrrad tag-novelle tag-radfahren tag-stvo wpsp-col-6\" itemtype=\"http:\/\/schema.org\/CreativeWork\" itemscope><div class=\"wp-show-posts-inner\" style=\"\">\t\t\t\t\t\t<header class=\"wp-show-posts-entry-header\">\n\t\t\t\t\t\t\t<p class=\"wp-show-posts-entry-title\" itemprop=\"headline\"><a href=\"https:\/\/www.radlobby.org\/noe\/33-stvo-novelle\/\" rel=\"bookmark\">33. StVO-Novelle<\/a><\/p>\t\t\t\t\t\t<\/header><!-- .entry-header -->\n\t\t\t\t\t\t\t<div class=\"wp-show-posts-image  wpsp-image-left \">\n\t\t\t<a href=\"https:\/\/www.radlobby.org\/noe\/33-stvo-novelle\/\"  title=\"33. StVO-Novelle\">\t\t\t\t\t<img decoding=\"async\" src=\"https:\/\/www.radlobby.org\/noe\/wp-content\/uploads\/idahored-180x129.png\" alt=\"33. StVO-Novelle\" itemprop=\"image\" class=\"left\" \/>\n\t\t\t\t<\/a>\t\t<\/div>\n\t\t\t\t\t\t\t\t<div class=\"wp-show-posts-entry-summary\" itemprop=\"text\">\n\t\t\t\t\t\t\t<p>StVO Novelle \u2014 was bringt sie<\/p>\n\t\t\t\t\t\t<\/div><!-- .entry-summary -->\n\t\t\t\t\t<\/div><!-- wp-show-posts-inner --><\/article><article class=\" wp-show-posts-single post-25617 post type-post status-publish format-standard hentry category-stockerau tag-fahrradpruefung tag-uebungsfahrt tag-volksschule tag-west tag-wondrak wpsp-col-6\" itemtype=\"http:\/\/schema.org\/CreativeWork\" itemscope><div class=\"wp-show-posts-inner\" style=\"\">\t\t\t\t\t\t<header class=\"wp-show-posts-entry-header\">\n\t\t\t\t\t\t\t<p class=\"wp-show-posts-entry-title\" itemprop=\"headline\"><a href=\"https:\/\/www.radlobby.org\/noe\/uebungsfahrt-fahrradpruefung\/\" rel=\"bookmark\">\u00dcbungsfahrt zur Fahrradpr\u00fcfung<\/a><\/p>\t\t\t\t\t\t<\/header><!-- .entry-header -->\n\t\t\t\t\t\t\t\t\t\t\t<div class=\"wp-show-posts-entry-summary\" itemprop=\"text\">\n\t\t\t\t\t\t\t<p>60 Volksch\u00fcler:innen nahmen an der \u00dcbungsfahrt zur Fahrradpr\u00fcfung teil <\/p>\n\t\t\t\t\t\t<\/div><!-- .entry-summary -->\n\t\t\t\t\t<\/div><!-- wp-show-posts-inner --><\/article><article class=\" wp-show-posts-single post-25544 post type-post status-publish format-standard hentry category-stockerau tag-diebstahl tag-fahrraddiebstahl tag-fahrradschloss tag-geschenksband tag-schloss wpsp-col-6\" itemtype=\"http:\/\/schema.org\/CreativeWork\" itemscope><div class=\"wp-show-posts-inner\" style=\"\">\t\t\t\t\t\t<header class=\"wp-show-posts-entry-header\">\n\t\t\t\t\t\t\t<p class=\"wp-show-posts-entry-title\" itemprop=\"headline\"><a href=\"https:\/\/www.radlobby.org\/noe\/fahrradschloesser\/\" rel=\"bookmark\">Fahrraddiebstahl vermeiden<\/a><\/p>\t\t\t\t\t\t<\/header><!-- .entry-header -->\n\t\t\t\t\t\t\t\t\t\t\t<div class=\"wp-show-posts-entry-summary\" itemprop=\"text\">\n\t\t\t\t\t\t\t<p>Fahrraddiebstahl, ein kurzer Leitfaden durch die Welt der Schl\u00f6sser <\/p>\n\t\t\t\t\t\t<\/div><!-- .entry-summary -->\n\t\t\t\t\t<\/div><!-- wp-show-posts-inner --><\/article><article class=\" wp-show-posts-single post-25191 post type-post status-publish format-standard has-post-thumbnail hentry category-amstetten category-bad-sauerbrunn category-badvoeslau category-baden category-bruck-an-der-leitha category-carnuntum category-deutsch-wagram category-ebreichsdorf category-eichgraben category-enns-donauwinkel category-gaenserndorf category-gmuend category-gross-enzersdorf category-klosterneuburg category-korneuburg category-leithaebene category-melk category-mistelbach category-moedling category-niederoesterreich category-poysdorf category-pressbaum category-purkersdorf category-retzer-land category-schwarzatal category-st-poelten category-stockerau category-tulln category-waidhofenthaya category-waidhofenybbs category-wiener-neustadt category-wolkersdorf category-ybbstal wpsp-col-6\" itemtype=\"http:\/\/schema.org\/CreativeWork\" itemscope><div class=\"wp-show-posts-inner\" style=\"\">\t\t\t\t\t\t<header class=\"wp-show-posts-entry-header\">\n\t\t\t\t\t\t\t<p class=\"wp-show-posts-entry-title\" itemprop=\"headline\"><a href=\"https:\/\/www.radlobby.org\/noe\/klimastreik-in-st-poelten23-sept-2022-%c2%b7-13-30-uhr-bahnhofplatz-st-poelten\/\" rel=\"bookmark\">Klimastreik in St. P\u00f6lten<br>23. Sept. 2022 \u00b7 13.30 Uhr Bahnhofplatz St. P\u00f6lten<\/a><\/p>\t\t\t\t\t\t<\/header><!-- .entry-header -->\n\t\t\t\t\t\t\t<div class=\"wp-show-posts-image  wpsp-image-left \">\n\t\t\t<a href=\"https:\/\/www.radlobby.org\/noe\/klimastreik-in-st-poelten23-sept-2022-%c2%b7-13-30-uhr-bahnhofplatz-st-poelten\/\"  title=\"Klimastreik in St. P\u00f6lten23. Sept. 2022 \u00b7 13.30 Uhr Bahnhofplatz St. P\u00f6lten\">\t\t\t\t\t<img decoding=\"async\" src=\"https:\/\/www.radlobby.org\/noe\/wp-content\/uploads\/20220923-Klimastreik-St.-Poelten-02-180x320.jpg\" alt=\"Klimastreik in St. P\u00f6lten<br>23. Sept. 2022 \u00b7 13.30 Uhr Bahnhofplatz St. P\u00f6lten\" itemprop=\"image\" class=\"left\" \/>\n\t\t\t\t<\/a>\t\t<\/div>\n\t\t\t\t\t\t\t\t<div class=\"wp-show-posts-entry-summary\" itemprop=\"text\">\n\t\t\t\t\t\t\t<p>Fridays for Future Nieder\u00f6sterreich ruft zum Weltweiten Klimastreik. Die Radlobby Nieder\u00f6sterreich unterst\u00fctzt diese Kundgebung.<br \/>\nKommt alle mit euren Fahrr\u00e4dern und Radlobby Fahnen.<\/p>\n\t\t\t\t\t\t<\/div><!-- .entry-summary -->\n\t\t\t\t\t<\/div><!-- wp-show-posts-inner --><\/article><article class=\" wp-show-posts-single post-25482 post type-post status-publish format-standard hentry category-stockerau tag-8-80 tag-fahrrad tag-fahrradpruefung tag-volksschuke tag-west tag-wondrak wpsp-col-6\" itemtype=\"http:\/\/schema.org\/CreativeWork\" itemscope><div class=\"wp-show-posts-inner\" style=\"\">\t\t\t\t\t\t<header class=\"wp-show-posts-entry-header\">\n\t\t\t\t\t\t\t<p class=\"wp-show-posts-entry-title\" itemprop=\"headline\"><a href=\"https:\/\/www.radlobby.org\/noe\/fahrradpruefung-stockerau\/\" rel=\"bookmark\">Fahrradpr\u00fcfung Stockerau<\/a><\/p>\t\t\t\t\t\t<\/header><!-- .entry-header -->\n\t\t\t\t\t\t\t\t\t\t\t<div class=\"wp-show-posts-entry-summary\" itemprop=\"text\">\n\t\t\t\t\t\t\t<p>Sicher Radfahren und sicher durch die Fahrradpr\u00fcfung kommen Termine September \/ Oktober 2022<\/p>\n\t\t\t\t\t\t<\/div><!-- .entry-summary -->\n\t\t\t\t\t<\/div><!-- wp-show-posts-inner --><\/article><article class=\" wp-show-posts-single post-25348 post type-post status-publish format-standard hentry category-stockerau tag-assistenzsystem tag-bike-box tag-fahrrad tag-gruenphase tag-lkw tag-rechtsabbiegen tag-stockerau tag-unfall tag-verkehrsunfall wpsp-col-6\" itemtype=\"http:\/\/schema.org\/CreativeWork\" itemscope><div class=\"wp-show-posts-inner\" style=\"\">\t\t\t\t\t\t<header class=\"wp-show-posts-entry-header\">\n\t\t\t\t\t\t\t<p class=\"wp-show-posts-entry-title\" itemprop=\"headline\"><a href=\"https:\/\/www.radlobby.org\/noe\/roesch-heid-vorschlaege\/\" rel=\"bookmark\">R\u00f6sch-Heid-Vorschl\u00e4ge<\/a><\/p>\t\t\t\t\t\t<\/header><!-- .entry-header -->\n\t\t\t\t\t\t\t\t\t\t\t<div class=\"wp-show-posts-entry-summary\" itemprop=\"text\">\n\t\t\t\t\t\t\t<p>Schwerer Verkehrsunfall B3, Eduard-R\u00f6schstra\u00dfe # Haidstra\u00dfe: LKW \u00fcberf\u00e4hrt Radfahrer beim Rechtsabbiegen und schleift ihn mit<\/p>\n\t\t\t\t\t\t<\/div><!-- .entry-summary -->\n\t\t\t\t\t<\/div><!-- wp-show-posts-inner --><\/article><article class=\" wp-show-posts-single post-25015 post type-post status-publish format-standard has-post-thumbnail hentry category-bad-sauerbrunn category-badvoeslau category-baden category-bruck-an-der-leitha category-carnuntum category-deutsch-wagram category-ebreichsdorf category-eichgraben category-enns-donauwinkel category-gaenserndorf category-gmuend category-gross-enzersdorf category-klosterneuburg category-korneuburg category-leithaebene category-melk category-mistelbach category-moedling category-niederoesterreich category-poysdorf category-pressbaum category-purkersdorf category-retzer-land category-schwarzatal category-st-poelten category-stockerau category-tulln category-waidhofenthaya category-waidhofenybbs category-wiener-neustadt category-wolkersdorf wpsp-col-6\" itemtype=\"http:\/\/schema.org\/CreativeWork\" itemscope><div class=\"wp-show-posts-inner\" style=\"\">\t\t\t\t\t\t<header class=\"wp-show-posts-entry-header\">\n\t\t\t\t\t\t\t<p class=\"wp-show-posts-entry-title\" itemprop=\"headline\"><a href=\"https:\/\/www.radlobby.org\/noe\/radlobby-fahrradklima-test-2022\/\" rel=\"bookmark\">Radlobby Fahrradklima-Test 2022<\/a><\/p>\t\t\t\t\t\t<\/header><!-- .entry-header -->\n\t\t\t\t\t\t\t<div class=\"wp-show-posts-image  wpsp-image-left \">\n\t\t\t<a href=\"https:\/\/www.radlobby.org\/noe\/radlobby-fahrradklima-test-2022\/\"  title=\"Radlobby Fahrradklima-Test 2022\">\t\t\t\t\t<img decoding=\"async\" src=\"https:\/\/www.radlobby.org\/noe\/wp-content\/uploads\/2022_fahrradklima-test_webbutton_1200x1200px-180x180.png\" alt=\"Radlobby Fahrradklima-Test 2022\" itemprop=\"image\" class=\"left\" \/>\n\t\t\t\t<\/a>\t\t<\/div>\n\t\t\t\t\t\t\t\t<div class=\"wp-show-posts-entry-summary\" itemprop=\"text\">\n\t\t\t\t\t\t\t<p>Der Radlobby Fahrradklima-Test erfasst die Zufriedenheit mit den Alltagsradrouten in \u00d6sterreich. Vom 1. 9. bis 30. 11. 2022 k\u00f6nnen Radfahrende das Fahrradklima in ihren Gemeinden bewerten.<\/p>\n\t\t\t\t\t\t<\/div><!-- .entry-summary -->\n\t\t\t\t\t<\/div><!-- wp-show-posts-inner --><\/article><article class=\" wp-show-posts-single post-24760 post type-post status-publish format-standard has-post-thumbnail hentry category-stockerau tag-christopherus tag-fahrrad tag-gruenphase tag-lkw tag-rechtsabbiegen tag-sparache tag-stockerau tag-unfall tag-verkehrsunfall tag-wording wpsp-col-6\" itemtype=\"http:\/\/schema.org\/CreativeWork\" itemscope><div class=\"wp-show-posts-inner\" style=\"\">\t\t\t\t\t\t<header class=\"wp-show-posts-entry-header\">\n\t\t\t\t\t\t\t<p class=\"wp-show-posts-entry-title\" itemprop=\"headline\"><a href=\"https:\/\/www.radlobby.org\/noe\/schwerer-unfall-eduard-roeschstrasse-heidstrasse\/\" rel=\"bookmark\">Schwerer Unfall Eduard-R\u00f6schstra\u00dfe-Heidstra\u00dfe<\/a><\/p>\t\t\t\t\t\t<\/header><!-- .entry-header -->\n\t\t\t\t\t\t\t<div class=\"wp-show-posts-image  wpsp-image-left \">\n\t\t\t<a href=\"https:\/\/www.radlobby.org\/noe\/schwerer-unfall-eduard-roeschstrasse-heidstrasse\/\"  title=\"Schwerer Unfall Eduard-R\u00f6schstra\u00dfe-Heidstra\u00dfe\">\t\t\t\t\t<img decoding=\"async\" src=\"https:\/\/www.radlobby.org\/noe\/wp-content\/uploads\/christopherus-180x120.jpg\" alt=\"Schwerer Unfall Eduard-R\u00f6schstra\u00dfe-Heidstra\u00dfe\" itemprop=\"image\" class=\"left\" \/>\n\t\t\t\t<\/a>\t\t<\/div>\n\t\t\t\t\t\t\t\t<div class=\"wp-show-posts-entry-summary\" itemprop=\"text\">\n\t\t\t\t\t\t\t<p>Schwerer Verkehrsunfall B3, Eduard-R\u00f6schstra\u00dfe # Haidstra\u00dfe: LKW \u00fcberf\u00e4hrt Radfahrer beim Rechtsabbiegen und schleift ihn mit<\/p>\n\t\t\t\t\t\t<\/div><!-- .entry-summary -->\n\t\t\t\t\t<\/div><!-- wp-show-posts-inner --><\/article><article class=\" wp-show-posts-single post-24631 post type-post status-publish format-standard has-post-thumbnail hentry category-stockerau tag-hausleiten tag-leitzersdorf tag-michelsberg tag-niederhollabrunn tag-niederoesterreich tag-radwege tag-schleritzko wpsp-col-6\" itemtype=\"http:\/\/schema.org\/CreativeWork\" itemscope><div class=\"wp-show-posts-inner\" style=\"\">\t\t\t\t\t\t<header class=\"wp-show-posts-entry-header\">\n\t\t\t\t\t\t\t<p class=\"wp-show-posts-entry-title\" itemprop=\"headline\"><a href=\"https:\/\/www.radlobby.org\/noe\/lr-schleritzko-6-mio-e-fuer-den-radwegebau-in-niederoesterreich\/\" rel=\"bookmark\">LR Schleritzko &#8211; 6 Mio \u20ac f\u00fcr den Radwegebau in Nieder\u00f6sterreich<\/a><\/p>\t\t\t\t\t\t<\/header><!-- .entry-header -->\n\t\t\t\t\t\t\t<div class=\"wp-show-posts-image  wpsp-image-left \">\n\t\t\t<a href=\"https:\/\/www.radlobby.org\/noe\/lr-schleritzko-6-mio-e-fuer-den-radwegebau-in-niederoesterreich\/\"  title=\"LR Schleritzko &#8211; 6 Mio \u20ac f\u00fcr den Radwegebau in Nieder\u00f6sterreich\">\t\t\t\t\t<img decoding=\"async\" src=\"https:\/\/www.radlobby.org\/noe\/wp-content\/uploads\/radweg-180x180.jpg\" alt=\"LR Schleritzko &#8211; 6 Mio \u20ac f\u00fcr den Radwegebau in Nieder\u00f6sterreich\" itemprop=\"image\" class=\"left\" \/>\n\t\t\t\t<\/a>\t\t<\/div>\n\t\t\t\t\t\t\t\t<div class=\"wp-show-posts-entry-summary\" itemprop=\"text\">\n\t\t\t\t\t\t\t<p>LR Ludwig Schleritzko stellt 6 Millionen \u20ac f\u00fcr neue Fahrradwege in Nieder\u00f6sterreich in Aussicht \u2014 was genau passieren soll bleibt aber unter Verschluss. <\/p>\n\t\t\t\t\t\t<\/div><!-- .entry-summary -->\n\t\t\t\t\t<\/div><!-- wp-show-posts-inner --><\/article><article class=\" wp-show-posts-single post-24228 post type-post status-publish format-standard has-post-thumbnail hentry category-deutsch-wagram category-gaenserndorf category-korneuburg category-mistelbach category-niederoesterreich category-poysdorf category-stockerau category-wolkersdorf tag-lastenraeder tag-transportraeder tag-transportradfestival wpsp-col-6\" itemtype=\"http:\/\/schema.org\/CreativeWork\" itemscope><div class=\"wp-show-posts-inner\" style=\"\">\t\t\t\t\t\t<header class=\"wp-show-posts-entry-header\">\n\t\t\t\t\t\t\t<p class=\"wp-show-posts-entry-title\" itemprop=\"headline\"><a href=\"https:\/\/www.radlobby.org\/noe\/1-weinviertler-transportradfestival-wodo-2022\/\" rel=\"bookmark\">Viel Interesse an Transportfahrr\u00e4dern<\/a><\/p>\t\t\t\t\t\t<\/header><!-- .entry-header -->\n\t\t\t\t\t\t\t<div class=\"wp-show-posts-image  wpsp-image-left \">\n\t\t\t<a href=\"https:\/\/www.radlobby.org\/noe\/1-weinviertler-transportradfestival-wodo-2022\/\"  title=\"Viel Interesse an Transportfahrr\u00e4dern\">\t\t\t\t\t<img decoding=\"async\" src=\"https:\/\/www.radlobby.org\/noe\/wp-content\/uploads\/01_Transportradfestival_Rikscha_Schober_Hiebner-180x240.jpg\" alt=\"Viel Interesse an Transportfahrr\u00e4dern\" itemprop=\"image\" class=\"left\" \/>\n\t\t\t\t<\/a>\t\t<\/div>\n\t\t\t\t\t\t\t\t<div class=\"wp-show-posts-entry-summary\" itemprop=\"text\">\n\t\t\t\t\t\t\t<p>Transportr\u00e4der sind gefragt Das Ende der 3. Wolkersdorfer RADpaRADe am 21.5.2022 am Schlossplatz war gleichzeitig der Start zum 1. Weinviertler Transportradfestival. Von den knapp 150&#8230;<\/p>\n\t\t\t\t\t\t<\/div><!-- .entry-summary -->\n\t\t\t\t\t<\/div><!-- wp-show-posts-inner --><\/article><article class=\" wp-show-posts-single post-23301 post type-post status-publish format-standard has-post-thumbnail hentry category-deutsch-wagram category-gaenserndorf category-korneuburg category-mistelbach category-niederoesterreich category-poysdorf category-stockerau category-wolkersdorf tag-lastenraeder tag-transportraeder tag-transportradfestival wpsp-col-6\" itemtype=\"http:\/\/schema.org\/CreativeWork\" itemscope><div class=\"wp-show-posts-inner\" style=\"\">\t\t\t\t\t\t<header class=\"wp-show-posts-entry-header\">\n\t\t\t\t\t\t\t<p class=\"wp-show-posts-entry-title\" itemprop=\"headline\"><a href=\"https:\/\/www.radlobby.org\/noe\/1-weinviertler-transportradfestival-wodo-2022-2\/\" rel=\"bookmark\">1. Weinviertler TransportRADfestival<\/a><\/p>\t\t\t\t\t\t<\/header><!-- .entry-header -->\n\t\t\t\t\t\t\t<div class=\"wp-show-posts-image  wpsp-image-left \">\n\t\t\t<a href=\"https:\/\/www.radlobby.org\/noe\/1-weinviertler-transportradfestival-wodo-2022-2\/\"  title=\"1. Weinviertler TransportRADfestival\">\t\t\t\t\t<img decoding=\"async\" src=\"https:\/\/www.radlobby.org\/noe\/wp-content\/uploads\/Transportradfestival_Titelbild-180x129.jpg\" alt=\"1. Weinviertler TransportRADfestival\" itemprop=\"image\" class=\"left\" \/>\n\t\t\t\t<\/a>\t\t<\/div>\n\t\t\t\t\t\t\t\t<div class=\"wp-show-posts-entry-summary\" itemprop=\"text\">\n\t\t\t\t\t\t\t<p>Vorbeischauen &#8211; Informieren &#8211; Testen &#8211; gut Essen &#8211; Gewinnen Am Samstag, den 21.5.2022 finden im Anschluss an die 3. Wolkersdorfer RADpaRADE das 1. Weinviertler&#8230;<\/p>\n\t\t\t\t\t\t<\/div><!-- .entry-summary -->\n\t\t\t\t\t<\/div><!-- wp-show-posts-inner --><\/article><article class=\" wp-show-posts-single post-23509 post type-post status-publish format-standard has-post-thumbnail hentry category-stockerau tag-bakfiets tag-bullit tag-cargoibike tag-lastenfahrrad wpsp-col-6\" itemtype=\"http:\/\/schema.org\/CreativeWork\" itemscope><div class=\"wp-show-posts-inner\" style=\"\">\t\t\t\t\t\t<header class=\"wp-show-posts-entry-header\">\n\t\t\t\t\t\t\t<p class=\"wp-show-posts-entry-title\" itemprop=\"headline\"><a href=\"https:\/\/www.radlobby.org\/noe\/zweiter-stockerauer-radkorso\/\" rel=\"bookmark\">2. Radkorso 7.Mai 2022<\/a><\/p>\t\t\t\t\t\t<\/header><!-- .entry-header -->\n\t\t\t\t\t\t\t<div class=\"wp-show-posts-image  wpsp-image-left \">\n\t\t\t<a href=\"https:\/\/www.radlobby.org\/noe\/zweiter-stockerauer-radkorso\/\"  title=\"2. Radkorso 7.Mai 2022\">\t\t\t\t\t<img decoding=\"async\" src=\"https:\/\/www.radlobby.org\/noe\/wp-content\/uploads\/FAZ-180x102.jpg\" alt=\"2. Radkorso 7.Mai 2022\" itemprop=\"image\" class=\"left\" \/>\n\t\t\t\t<\/a>\t\t<\/div>\n\t\t\t\t\t\t\t\t<div class=\"wp-show-posts-entry-summary\" itemprop=\"text\">\n\t\t\t\t\t\t\t<p>Lastenfahrr\u00e4der &#8211; Gr\u00e4tzelr\u00e4der<br \/>\nMan kann mit ihnen so gut wie alles des t\u00e4glichen Gebrauchs transportieren<\/p>\n\t\t\t\t\t\t<\/div><!-- .entry-summary -->\n\t\t\t\t\t<\/div><!-- wp-show-posts-inner --><\/article><article class=\" wp-show-posts-single post-22770 post type-post status-publish format-standard has-post-thumbnail hentry category-niederoesterreich category-stockerau wpsp-col-6\" itemtype=\"http:\/\/schema.org\/CreativeWork\" itemscope><div class=\"wp-show-posts-inner\" style=\"\">\t\t\t\t\t\t<header class=\"wp-show-posts-entry-header\">\n\t\t\t\t\t\t\t<p class=\"wp-show-posts-entry-title\" itemprop=\"headline\"><a href=\"https:\/\/www.radlobby.org\/noe\/weinviertel-radfahrverbot-auf-der-b4-absurde-radbegleitwege-und-fehlende-beschilderung\/\" rel=\"bookmark\">Weinviertel: Radfahrverbot auf der B4 | absurde Radbegleitwege und fehlende Beschilderung<\/a><\/p>\t\t\t\t\t\t<\/header><!-- .entry-header -->\n\t\t\t\t\t\t\t<div class=\"wp-show-posts-image  wpsp-image-left \">\n\t\t\t<a href=\"https:\/\/www.radlobby.org\/noe\/weinviertel-radfahrverbot-auf-der-b4-absurde-radbegleitwege-und-fehlende-beschilderung\/\"  title=\"Weinviertel: Radfahrverbot auf der B4 | absurde Radbegleitwege und fehlende Beschilderung\">\t\t\t\t\t<img decoding=\"async\" src=\"https:\/\/www.radlobby.org\/noe\/wp-content\/uploads\/Radbegleitweg-B4-180x148.jpg\" alt=\"Weinviertel: Radfahrverbot auf der B4 | absurde Radbegleitwege und fehlende Beschilderung\" itemprop=\"image\" class=\"left\" \/>\n\t\t\t\t<\/a>\t\t<\/div>\n\t\t\t\t\t\t\t\t<div class=\"wp-show-posts-entry-summary\" itemprop=\"text\">\n\t\t\t\t\t\t\t<p>Bei unserer Radfahrt von Stockerau nach Maissau und zur\u00fcck am letzten Samstag musste meine Gattin und ich feststellen, dass die Ersatzroute\/Begleitwege zur B4 in vielen Bereichen Schwachpunkte, z.T. auch gef\u00e4hrliche, und L\u00fccken in der Beschilderung aufweisen &#8230;<\/p>\n\t\t\t\t\t\t<\/div><!-- .entry-summary -->\n\t\t\t\t\t<\/div><!-- wp-show-posts-inner --><\/article><article class=\" wp-show-posts-single post-22765 post type-post status-publish format-standard has-post-thumbnail hentry category-stockerau wpsp-col-6\" itemtype=\"http:\/\/schema.org\/CreativeWork\" itemscope><div class=\"wp-show-posts-inner\" style=\"\">\t\t\t\t\t\t<header class=\"wp-show-posts-entry-header\">\n\t\t\t\t\t\t\t<p class=\"wp-show-posts-entry-title\" itemprop=\"headline\"><a href=\"https:\/\/www.radlobby.org\/noe\/8-neue-beton-felgenkiller-radstaender-in-hatzenbach-gemeinde-leitzersdorf\/\" rel=\"bookmark\">8 neue Beton-Felgenkiller-Radst\u00e4nder in Hatzenbach &#8211; Gemeinde Leitzersdorf<\/a><\/p>\t\t\t\t\t\t<\/header><!-- .entry-header -->\n\t\t\t\t\t\t\t<div class=\"wp-show-posts-image  wpsp-image-left \">\n\t\t\t<a href=\"https:\/\/www.radlobby.org\/noe\/8-neue-beton-felgenkiller-radstaender-in-hatzenbach-gemeinde-leitzersdorf\/\"  title=\"8 neue Beton-Felgenkiller-Radst\u00e4nder in Hatzenbach &#8211; Gemeinde Leitzersdorf\">\t\t\t\t\t<img decoding=\"async\" src=\"https:\/\/www.radlobby.org\/noe\/wp-content\/uploads\/20220330-NOeN-Stockerau-Korneuburgh-Radstaender-Hatzenbach-NOeN-13-2022-180x211.jpg\" alt=\"8 neue Beton-Felgenkiller-Radst\u00e4nder in Hatzenbach &#8211; Gemeinde Leitzersdorf\" itemprop=\"image\" class=\"left\" \/>\n\t\t\t\t<\/a>\t\t<\/div>\n\t\t\t\t\t\t\t\t<div class=\"wp-show-posts-entry-summary\" itemprop=\"text\">\n\t\t\t\t\t\t\t<p>Merkw\u00fcrdige Wertsch\u00e4tzung bekommen Radfahrende in der Gemeinde Leitzersdorf:<br \/>\n8 Beton-Felgenkiller wurden f\u00fcr den Ortsteil Hatzenbach beschafft.<\/p>\n\t\t\t\t\t\t<\/div><!-- .entry-summary -->\n\t\t\t\t\t<\/div><!-- wp-show-posts-inner --><\/article><article class=\" wp-show-posts-single post-22866 post type-post status-publish format-standard has-post-thumbnail hentry category-klima category-bad-sauerbrunn category-baden category-bruck-an-der-leitha category-carnuntum category-deutsch-wagram category-ebreichsdorf category-eichgraben category-enns-donauwinkel category-gaenserndorf category-gmuend category-klosterneuburg category-korneuburg category-leithaebene category-melk category-mistelbach category-moedling category-niederoesterreich category-poysdorf category-pressbaum category-purkersdorf category-retzer-land category-schwarzatal category-st-poelten category-stockerau category-tulln category-waidhofenthaya category-waidhofenybbs category-wiener-neustadt category-wolkersdorf wpsp-col-6\" itemtype=\"http:\/\/schema.org\/CreativeWork\" itemscope><div class=\"wp-show-posts-inner\" style=\"\">\t\t\t\t\t\t<header class=\"wp-show-posts-entry-header\">\n\t\t\t\t\t\t\t<p class=\"wp-show-posts-entry-title\" itemprop=\"headline\"><a href=\"https:\/\/www.radlobby.org\/noe\/videos-fotos-vom-weltweiten-klimastreik-am-25-maerz-2022-in-st-poelten\/\" rel=\"bookmark\">Videos &#038; Fotos vom Weltweiten Klimastreik am 25. M\u00e4rz 2022 in St. P\u00f6lten<\/a><\/p>\t\t\t\t\t\t<\/header><!-- .entry-header -->\n\t\t\t\t\t\t\t<div class=\"wp-show-posts-image  wpsp-image-left \">\n\t\t\t<a href=\"https:\/\/www.radlobby.org\/noe\/videos-fotos-vom-weltweiten-klimastreik-am-25-maerz-2022-in-st-poelten\/\"  title=\"Videos &#038; Fotos vom Weltweiten Klimastreik am 25. M\u00e4rz 2022 in St. P\u00f6lten\">\t\t\t\t\t<img decoding=\"async\" src=\"https:\/\/www.radlobby.org\/noe\/wp-content\/uploads\/20220325-Weltweiter-Klimastreik-St.-Poelten-FFF-Sujet-596px-180x180.jpg\" alt=\"Videos &#038; Fotos vom Weltweiten Klimastreik am 25. M\u00e4rz 2022 in St. P\u00f6lten\" itemprop=\"image\" class=\"left\" \/>\n\t\t\t\t<\/a>\t\t<\/div>\n\t\t\t\t\t\t\t\t<div class=\"wp-show-posts-entry-summary\" itemprop=\"text\">\n\t\t\t\t\t\t\t<p>Das Land N\u00d6 ist bestimmend, auch f\u00fcr die Bundepolitik. Daher kamen wir aus allen Regionen nach St. P\u00f6lten zum Klimastreik<\/p>\n\t\t\t\t\t\t<\/div><!-- .entry-summary -->\n\t\t\t\t\t<\/div><!-- wp-show-posts-inner --><\/article><article class=\" wp-show-posts-single post-22574 post type-post status-publish format-standard has-post-thumbnail hentry category-stockerau tag-abstellanlagen tag-bakfiets tag-bullit tag-cargoibike tag-diebstahl tag-fahrradparken tag-felgenmoerder tag-lastenfahrrad tag-parken tag-sicherheit tag-stockerau wpsp-col-6\" itemtype=\"http:\/\/schema.org\/CreativeWork\" itemscope><div class=\"wp-show-posts-inner\" style=\"\">\t\t\t\t\t\t<header class=\"wp-show-posts-entry-header\">\n\t\t\t\t\t\t\t<p class=\"wp-show-posts-entry-title\" itemprop=\"headline\"><a href=\"https:\/\/www.radlobby.org\/noe\/fahrradparken-stockerau\/\" rel=\"bookmark\">Fahrradparken &#8211; Stockerau<\/a><\/p>\t\t\t\t\t\t<\/header><!-- .entry-header -->\n\t\t\t\t\t\t\t<div class=\"wp-show-posts-image  wpsp-image-left \">\n\t\t\t<a href=\"https:\/\/www.radlobby.org\/noe\/fahrradparken-stockerau\/\"  title=\"Fahrradparken &#8211; Stockerau\">\t\t\t\t\t<img decoding=\"async\" src=\"https:\/\/www.radlobby.org\/noe\/wp-content\/uploads\/Fahrradparkplatz-180x180.gif\" alt=\"Fahrradparken &#8211; Stockerau\" itemprop=\"image\" class=\"left\" \/>\n\t\t\t\t<\/a>\t\t<\/div>\n\t\t\t\t\t\t\t\t<div class=\"wp-show-posts-entry-summary\" itemprop=\"text\">\n\t\t\t\t\t\t\t<p>Neue Fahrradparkpl\u00e4tze f\u00fcr Stockerau, leider keine sicheren Anlagen in Aussicht<\/p>\n\t\t\t\t\t\t<\/div><!-- .entry-summary -->\n\t\t\t\t\t<\/div><!-- wp-show-posts-inner --><\/article><article class=\" wp-show-posts-single post-22326 post type-post status-publish format-standard has-post-thumbnail hentry category-klima category-bad-sauerbrunn category-baden category-bruck-an-der-leitha category-carnuntum category-deutsch-wagram category-ebreichsdorf category-eichgraben category-enns-donauwinkel category-gaenserndorf category-gmuend category-klosterneuburg category-korneuburg category-leithaebene category-mistelbach category-moedling category-niederoesterreich category-poysdorf category-pressbaum category-purkersdorf category-retzer-land category-schwarzatal category-st-poelten category-stockerau category-tulln category-waidhofenthaya category-waidhofenybbs category-wiener-neustadt category-wolkersdorf wpsp-col-6\" itemtype=\"http:\/\/schema.org\/CreativeWork\" itemscope><div class=\"wp-show-posts-inner\" style=\"\">\t\t\t\t\t\t<header class=\"wp-show-posts-entry-header\">\n\t\t\t\t\t\t\t<p class=\"wp-show-posts-entry-title\" itemprop=\"headline\"><a href=\"https:\/\/www.radlobby.org\/noe\/25-maerz-radlobby-mitglieder-treffen-nach-dem-klimastreik-in-st-poelten\/\" rel=\"bookmark\">25. M\u00e4rz: Radlobby Mitglieder-Treffen nach dem Klimastreik in St. P\u00f6lten<\/a><\/p>\t\t\t\t\t\t<\/header><!-- .entry-header -->\n\t\t\t\t\t\t\t<div class=\"wp-show-posts-image  wpsp-image-left \">\n\t\t\t<a href=\"https:\/\/www.radlobby.org\/noe\/25-maerz-radlobby-mitglieder-treffen-nach-dem-klimastreik-in-st-poelten\/\"  title=\"25. M\u00e4rz: Radlobby Mitglieder-Treffen nach dem Klimastreik in St. P\u00f6lten\">\t\t\t\t\t<img decoding=\"async\" src=\"https:\/\/www.radlobby.org\/noe\/wp-content\/uploads\/20220325-Flyer-Weltweiter-Klimastreik-A6-02-WEB-2-180x254.jpg\" alt=\"25. M\u00e4rz: Radlobby Mitglieder-Treffen nach dem Klimastreik in St. P\u00f6lten\" itemprop=\"image\" class=\"left\" \/>\n\t\t\t\t<\/a>\t\t<\/div>\n\t\t\t\t\t\t\t\t<div class=\"wp-show-posts-entry-summary\" itemprop=\"text\">\n\t\t\t\t\t\t\t<p>Erstmals ein Wiedersehen und Kennenlernen \u00b7 Radlobby-Treffen im \u201eHaus des Lernens\u201c gleich beim Bahnhof \u00b7 Gro\u00dfes Radlobby Buffet: jeder bringt was mit!<br \/>\nMitglied werden geht vor Ort!<\/p>\n\t\t\t\t\t\t<\/div><!-- .entry-summary -->\n\t\t\t\t\t<\/div><!-- wp-show-posts-inner --><\/article><article class=\" wp-show-posts-single post-22420 post type-post status-publish format-standard has-post-thumbnail hentry category-stockerau tag-bakfiets tag-bullit tag-cargoibike tag-lastenfahrrad wpsp-col-6\" itemtype=\"http:\/\/schema.org\/CreativeWork\" itemscope><div class=\"wp-show-posts-inner\" style=\"\">\t\t\t\t\t\t<header class=\"wp-show-posts-entry-header\">\n\t\t\t\t\t\t\t<p class=\"wp-show-posts-entry-title\" itemprop=\"headline\"><a href=\"https:\/\/www.radlobby.org\/noe\/lastenfahrrad-graetzelrad-2\/\" rel=\"bookmark\">Lastenfahrr\u00e4der &#038; Gr\u00e4tzelr\u00e4der<\/a><\/p>\t\t\t\t\t\t<\/header><!-- .entry-header -->\n\t\t\t\t\t\t\t<div class=\"wp-show-posts-image  wpsp-image-left \">\n\t\t\t<a href=\"https:\/\/www.radlobby.org\/noe\/lastenfahrrad-graetzelrad-2\/\"  title=\"Lastenfahrr\u00e4der &#038; Gr\u00e4tzelr\u00e4der\">\t\t\t\t\t<img decoding=\"async\" src=\"https:\/\/www.radlobby.org\/noe\/wp-content\/uploads\/FAZ-180x102.jpg\" alt=\"Lastenfahrr\u00e4der &#038; Gr\u00e4tzelr\u00e4der\" itemprop=\"image\" class=\"left\" \/>\n\t\t\t\t<\/a>\t\t<\/div>\n\t\t\t\t\t\t\t\t<div class=\"wp-show-posts-entry-summary\" itemprop=\"text\">\n\t\t\t\t\t\t\t<p>Lastenfahrr\u00e4der &#8211; Gr\u00e4tzelr\u00e4der<br \/>\nMan kann mit ihnen so gut wie alles des t\u00e4glichen Gebrauchs transportieren<\/p>\n\t\t\t\t\t\t<\/div><!-- .entry-summary -->\n\t\t\t\t\t<\/div><!-- wp-show-posts-inner --><\/article><article class=\" wp-show-posts-single post-22394 post type-post status-publish format-standard has-post-thumbnail hentry category-stockerau tag-505 tag-schulweg tag-t30 tag-verkehrssicherheit wpsp-col-6\" itemtype=\"http:\/\/schema.org\/CreativeWork\" itemscope><div class=\"wp-show-posts-inner\" style=\"\">\t\t\t\t\t\t<header class=\"wp-show-posts-entry-header\">\n\t\t\t\t\t\t\t<p class=\"wp-show-posts-entry-title\" itemprop=\"headline\"><a href=\"https:\/\/www.radlobby.org\/noe\/tempo30\/\" rel=\"bookmark\">Tempo 30<\/a><\/p>\t\t\t\t\t\t<\/header><!-- .entry-header -->\n\t\t\t\t\t\t\t<div class=\"wp-show-posts-image  wpsp-image-left \">\n\t\t\t<a href=\"https:\/\/www.radlobby.org\/noe\/tempo30\/\"  title=\"Tempo 30\">\t\t\t\t\t<img decoding=\"async\" src=\"https:\/\/www.radlobby.org\/noe\/wp-content\/uploads\/Klosterneuburg-30-180x180.png\" alt=\"Tempo 30\" itemprop=\"image\" class=\"left\" \/>\n\t\t\t\t<\/a>\t\t<\/div>\n\t\t\t\t\t\t\t\t<div class=\"wp-show-posts-entry-summary\" itemprop=\"text\">\n\t\t\t\t\t\t\t<p>Warum Tempo 30?<br \/>\nWarum entschlie\u00dfen sich immer mehr Gemeinden daf\u00fcr? <\/p>\n\t\t\t\t\t\t<\/div><!-- .entry-summary -->\n\t\t\t\t\t<\/div><!-- wp-show-posts-inner --><\/article><div class=\"wpsp-clear\"><\/div><\/section><!-- .wp-show-posts --><div class=\"wpsp-load-more\"><span aria-current=\"page\" class=\"page-numbers current\">1<\/span>\n<a class=\"page-numbers\" href=\"https:\/\/www.radlobby.org\/noe\/wp-json\/wp\/v2\/posts\/25544\/page\/2\/\">2<\/a>\n<a class=\"next page-numbers\" href=\"https:\/\/www.radlobby.org\/noe\/wp-json\/wp\/v2\/posts\/25544\/page\/2\/\">N\u00e4chste &rarr;<\/a><\/div><\/a><\/p>\n<h1><\/h1>\n<p>&nbsp;<\/p>\n","protected":false},"excerpt":{"rendered":"<p>Fahrraddiebstahl, ein kurzer Leitfaden durch die Welt der Schl\u00f6sser <\/p>\n","protected":false},"author":47,"featured_media":0,"comment_status":"closed","ping_status":"closed","sticky":false,"template":"","format":"standard","meta":{"footnotes":""},"categories":[380],"tags":[515,572,574,575,573],"class_list":["post-25544","post","type-post","status-publish","format-standard","hentry","category-stockerau","tag-diebstahl","tag-fahrraddiebstahl","tag-fahrradschloss","tag-geschenksband","tag-schloss"],"yoast_head":"<!-- This site is optimized with the Yoast SEO plugin v26.9 - https:\/\/yoast.com\/product\/yoast-seo-wordpress\/ -->\n<title>Fahrraddiebstahl vermeiden - Radlobby Nieder\u00f6sterreich<\/title>\n<meta name=\"robots\" content=\"index, follow, max-snippet:-1, max-image-preview:large, max-video-preview:-1\" \/>\n<link rel=\"canonical\" href=\"https:\/\/www.radlobby.org\/noe\/fahrradschloesser\/\" \/>\n<meta property=\"og:locale\" content=\"de_DE\" \/>\n<meta property=\"og:type\" content=\"article\" \/>\n<meta property=\"og:title\" content=\"Fahrraddiebstahl vermeiden - Radlobby Nieder\u00f6sterreich\" \/>\n<meta property=\"og:description\" content=\"Fahrraddiebstahl, ein kurzer Leitfaden durch die Welt der Schl\u00f6sser\" \/>\n<meta property=\"og:url\" content=\"https:\/\/www.radlobby.org\/noe\/fahrradschloesser\/\" \/>\n<meta property=\"og:site_name\" content=\"Radlobby Nieder\u00f6sterreich\" \/>\n<meta property=\"article:publisher\" content=\"https:\/\/www.facebook.com\/groups\/radfahren.in.noe\/\" \/>\n<meta property=\"article:published_time\" content=\"2022-09-24T06:21:48+00:00\" \/>\n<meta property=\"article:modified_time\" content=\"2022-09-24T06:26:00+00:00\" \/>\n<meta property=\"og:image\" content=\"https:\/\/www.radlobby.org\/noe\/wp-content\/uploads\/kryptonite.png\" \/>\n\t<meta property=\"og:image:width\" content=\"572\" \/>\n\t<meta property=\"og:image:height\" content=\"889\" \/>\n\t<meta property=\"og:image:type\" content=\"image\/png\" \/>\n<meta name=\"author\" content=\"Stoffelix\" \/>\n<meta name=\"twitter:card\" content=\"summary_large_image\" \/>\n<meta name=\"twitter:label1\" content=\"Verfasst von\" \/>\n\t<meta name=\"twitter:data1\" content=\"Stoffelix\" \/>\n\t<meta name=\"twitter:label2\" content=\"Gesch\u00e4tzte Lesezeit\" \/>\n\t<meta name=\"twitter:data2\" content=\"5\u00a0Minuten\" \/>\n<script type=\"application\/ld+json\" class=\"yoast-schema-graph\">{\"@context\":\"https:\/\/schema.org\",\"@graph\":[{\"@type\":\"Article\",\"@id\":\"https:\/\/www.radlobby.org\/noe\/fahrradschloesser\/#article\",\"isPartOf\":{\"@id\":\"https:\/\/www.radlobby.org\/noe\/fahrradschloesser\/\"},\"author\":{\"name\":\"Stoffelix\",\"@id\":\"https:\/\/www.radlobby.org\/noe\/#\/schema\/person\/c33ee2648a519cc7eee4bb919afba50d\"},\"headline\":\"Fahrraddiebstahl vermeiden\",\"datePublished\":\"2022-09-24T06:21:48+00:00\",\"dateModified\":\"2022-09-24T06:26:00+00:00\",\"mainEntityOfPage\":{\"@id\":\"https:\/\/www.radlobby.org\/noe\/fahrradschloesser\/\"},\"wordCount\":483,\"publisher\":{\"@id\":\"https:\/\/www.radlobby.org\/noe\/#organization\"},\"image\":{\"@id\":\"https:\/\/www.radlobby.org\/noe\/fahrradschloesser\/#primaryimage\"},\"thumbnailUrl\":\"https:\/\/www.radlobby.org\/noe\/wp-content\/uploads\/Radlobby-Rad-300px-1.png\",\"keywords\":[\"Diebstahl\",\"Fahrraddiebstahl\",\"Fahrradschloss\",\"Geschenksband\",\"Schloss\"],\"articleSection\":[\"Radlobby Stockerau\"],\"inLanguage\":\"de\"},{\"@type\":\"WebPage\",\"@id\":\"https:\/\/www.radlobby.org\/noe\/fahrradschloesser\/\",\"url\":\"https:\/\/www.radlobby.org\/noe\/fahrradschloesser\/\",\"name\":\"Fahrraddiebstahl vermeiden - Radlobby Nieder\u00f6sterreich\",\"isPartOf\":{\"@id\":\"https:\/\/www.radlobby.org\/noe\/#website\"},\"primaryImageOfPage\":{\"@id\":\"https:\/\/www.radlobby.org\/noe\/fahrradschloesser\/#primaryimage\"},\"image\":{\"@id\":\"https:\/\/www.radlobby.org\/noe\/fahrradschloesser\/#primaryimage\"},\"thumbnailUrl\":\"https:\/\/www.radlobby.org\/noe\/wp-content\/uploads\/Radlobby-Rad-300px-1.png\",\"datePublished\":\"2022-09-24T06:21:48+00:00\",\"dateModified\":\"2022-09-24T06:26:00+00:00\",\"breadcrumb\":{\"@id\":\"https:\/\/www.radlobby.org\/noe\/fahrradschloesser\/#breadcrumb\"},\"inLanguage\":\"de\",\"potentialAction\":[{\"@type\":\"ReadAction\",\"target\":[\"https:\/\/www.radlobby.org\/noe\/fahrradschloesser\/\"]}]},{\"@type\":\"ImageObject\",\"inLanguage\":\"de\",\"@id\":\"https:\/\/www.radlobby.org\/noe\/fahrradschloesser\/#primaryimage\",\"url\":\"https:\/\/www.radlobby.org\/noe\/wp-content\/uploads\/Radlobby-Rad-300px-1.png\",\"contentUrl\":\"https:\/\/www.radlobby.org\/noe\/wp-content\/uploads\/Radlobby-Rad-300px-1.png\",\"width\":100,\"height\":60},{\"@type\":\"BreadcrumbList\",\"@id\":\"https:\/\/www.radlobby.org\/noe\/fahrradschloesser\/#breadcrumb\",\"itemListElement\":[{\"@type\":\"ListItem\",\"position\":1,\"name\":\"Startseite\",\"item\":\"https:\/\/www.radlobby.org\/noe\/\"},{\"@type\":\"ListItem\",\"position\":2,\"name\":\"Fahrraddiebstahl vermeiden\"}]},{\"@type\":\"WebSite\",\"@id\":\"https:\/\/www.radlobby.org\/noe\/#website\",\"url\":\"https:\/\/www.radlobby.org\/noe\/\",\"name\":\"Radlobby Nieder\u00f6sterreich\",\"description\":\"Radverkehr, Fahrrad, Radfahren, Radreisen, Radtouren, Radweg\",\"publisher\":{\"@id\":\"https:\/\/www.radlobby.org\/noe\/#organization\"},\"potentialAction\":[{\"@type\":\"SearchAction\",\"target\":{\"@type\":\"EntryPoint\",\"urlTemplate\":\"https:\/\/www.radlobby.org\/noe\/?s={search_term_string}\"},\"query-input\":{\"@type\":\"PropertyValueSpecification\",\"valueRequired\":true,\"valueName\":\"search_term_string\"}}],\"inLanguage\":\"de\"},{\"@type\":\"Organization\",\"@id\":\"https:\/\/www.radlobby.org\/noe\/#organization\",\"name\":\"Radlobby Nieder\u00f6sterreich\",\"url\":\"https:\/\/www.radlobby.org\/noe\/\",\"logo\":{\"@type\":\"ImageObject\",\"inLanguage\":\"de\",\"@id\":\"https:\/\/www.radlobby.org\/noe\/#\/schema\/logo\/image\/\",\"url\":\"https:\/\/www.radlobby.org\/noe\/wp-content\/uploads\/2017\/01\/cropped-Logo_Radlobby_Niederoesterreich_50-400px_quer-1.jpg\",\"contentUrl\":\"https:\/\/www.radlobby.org\/noe\/wp-content\/uploads\/2017\/01\/cropped-Logo_Radlobby_Niederoesterreich_50-400px_quer-1.jpg\",\"width\":450,\"height\":124,\"caption\":\"Radlobby Nieder\u00f6sterreich\"},\"image\":{\"@id\":\"https:\/\/www.radlobby.org\/noe\/#\/schema\/logo\/image\/\"},\"sameAs\":[\"https:\/\/www.facebook.com\/groups\/radfahren.in.noe\/\"]},{\"@type\":\"Person\",\"@id\":\"https:\/\/www.radlobby.org\/noe\/#\/schema\/person\/c33ee2648a519cc7eee4bb919afba50d\",\"name\":\"Stoffelix\",\"image\":{\"@type\":\"ImageObject\",\"inLanguage\":\"de\",\"@id\":\"https:\/\/www.radlobby.org\/noe\/#\/schema\/person\/image\/\",\"url\":\"https:\/\/secure.gravatar.com\/avatar\/cbbd4609d4e6f9ee3f68a6390d6d226e86fb3b3e54cb99c7da882fb1b87a7e34?s=96&d=mm&r=g\",\"contentUrl\":\"https:\/\/secure.gravatar.com\/avatar\/cbbd4609d4e6f9ee3f68a6390d6d226e86fb3b3e54cb99c7da882fb1b87a7e34?s=96&d=mm&r=g\",\"caption\":\"Stoffelix\"},\"url\":\"https:\/\/www.radlobby.org\/noe\/author\/christopher-ohmeyer\/\"}]}<\/script>\n<!-- \/ Yoast SEO plugin. -->","yoast_head_json":{"title":"Fahrraddiebstahl vermeiden - Radlobby Nieder\u00f6sterreich","robots":{"index":"index","follow":"follow","max-snippet":"max-snippet:-1","max-image-preview":"max-image-preview:large","max-video-preview":"max-video-preview:-1"},"canonical":"https:\/\/www.radlobby.org\/noe\/fahrradschloesser\/","og_locale":"de_DE","og_type":"article","og_title":"Fahrraddiebstahl vermeiden - Radlobby Nieder\u00f6sterreich","og_description":"Fahrraddiebstahl, ein kurzer Leitfaden durch die Welt der Schl\u00f6sser","og_url":"https:\/\/www.radlobby.org\/noe\/fahrradschloesser\/","og_site_name":"Radlobby Nieder\u00f6sterreich","article_publisher":"https:\/\/www.facebook.com\/groups\/radfahren.in.noe\/","article_published_time":"2022-09-24T06:21:48+00:00","article_modified_time":"2022-09-24T06:26:00+00:00","og_image":[{"width":572,"height":889,"url":"https:\/\/www.radlobby.org\/noe\/wp-content\/uploads\/kryptonite.png","type":"image\/png"}],"author":"Stoffelix","twitter_card":"summary_large_image","twitter_misc":{"Verfasst von":"Stoffelix","Gesch\u00e4tzte Lesezeit":"5\u00a0Minuten"},"schema":{"@context":"https:\/\/schema.org","@graph":[{"@type":"Article","@id":"https:\/\/www.radlobby.org\/noe\/fahrradschloesser\/#article","isPartOf":{"@id":"https:\/\/www.radlobby.org\/noe\/fahrradschloesser\/"},"author":{"name":"Stoffelix","@id":"https:\/\/www.radlobby.org\/noe\/#\/schema\/person\/c33ee2648a519cc7eee4bb919afba50d"},"headline":"Fahrraddiebstahl vermeiden","datePublished":"2022-09-24T06:21:48+00:00","dateModified":"2022-09-24T06:26:00+00:00","mainEntityOfPage":{"@id":"https:\/\/www.radlobby.org\/noe\/fahrradschloesser\/"},"wordCount":483,"publisher":{"@id":"https:\/\/www.radlobby.org\/noe\/#organization"},"image":{"@id":"https:\/\/www.radlobby.org\/noe\/fahrradschloesser\/#primaryimage"},"thumbnailUrl":"https:\/\/www.radlobby.org\/noe\/wp-content\/uploads\/Radlobby-Rad-300px-1.png","keywords":["Diebstahl","Fahrraddiebstahl","Fahrradschloss","Geschenksband","Schloss"],"articleSection":["Radlobby Stockerau"],"inLanguage":"de"},{"@type":"WebPage","@id":"https:\/\/www.radlobby.org\/noe\/fahrradschloesser\/","url":"https:\/\/www.radlobby.org\/noe\/fahrradschloesser\/","name":"Fahrraddiebstahl vermeiden - Radlobby Nieder\u00f6sterreich","isPartOf":{"@id":"https:\/\/www.radlobby.org\/noe\/#website"},"primaryImageOfPage":{"@id":"https:\/\/www.radlobby.org\/noe\/fahrradschloesser\/#primaryimage"},"image":{"@id":"https:\/\/www.radlobby.org\/noe\/fahrradschloesser\/#primaryimage"},"thumbnailUrl":"https:\/\/www.radlobby.org\/noe\/wp-content\/uploads\/Radlobby-Rad-300px-1.png","datePublished":"2022-09-24T06:21:48+00:00","dateModified":"2022-09-24T06:26:00+00:00","breadcrumb":{"@id":"https:\/\/www.radlobby.org\/noe\/fahrradschloesser\/#breadcrumb"},"inLanguage":"de","potentialAction":[{"@type":"ReadAction","target":["https:\/\/www.radlobby.org\/noe\/fahrradschloesser\/"]}]},{"@type":"ImageObject","inLanguage":"de","@id":"https:\/\/www.radlobby.org\/noe\/fahrradschloesser\/#primaryimage","url":"https:\/\/www.radlobby.org\/noe\/wp-content\/uploads\/Radlobby-Rad-300px-1.png","contentUrl":"https:\/\/www.radlobby.org\/noe\/wp-content\/uploads\/Radlobby-Rad-300px-1.png","width":100,"height":60},{"@type":"BreadcrumbList","@id":"https:\/\/www.radlobby.org\/noe\/fahrradschloesser\/#breadcrumb","itemListElement":[{"@type":"ListItem","position":1,"name":"Startseite","item":"https:\/\/www.radlobby.org\/noe\/"},{"@type":"ListItem","position":2,"name":"Fahrraddiebstahl vermeiden"}]},{"@type":"WebSite","@id":"https:\/\/www.radlobby.org\/noe\/#website","url":"https:\/\/www.radlobby.org\/noe\/","name":"Radlobby Nieder\u00f6sterreich","description":"Radverkehr, Fahrrad, Radfahren, Radreisen, Radtouren, Radweg","publisher":{"@id":"https:\/\/www.radlobby.org\/noe\/#organization"},"potentialAction":[{"@type":"SearchAction","target":{"@type":"EntryPoint","urlTemplate":"https:\/\/www.radlobby.org\/noe\/?s={search_term_string}"},"query-input":{"@type":"PropertyValueSpecification","valueRequired":true,"valueName":"search_term_string"}}],"inLanguage":"de"},{"@type":"Organization","@id":"https:\/\/www.radlobby.org\/noe\/#organization","name":"Radlobby Nieder\u00f6sterreich","url":"https:\/\/www.radlobby.org\/noe\/","logo":{"@type":"ImageObject","inLanguage":"de","@id":"https:\/\/www.radlobby.org\/noe\/#\/schema\/logo\/image\/","url":"https:\/\/www.radlobby.org\/noe\/wp-content\/uploads\/2017\/01\/cropped-Logo_Radlobby_Niederoesterreich_50-400px_quer-1.jpg","contentUrl":"https:\/\/www.radlobby.org\/noe\/wp-content\/uploads\/2017\/01\/cropped-Logo_Radlobby_Niederoesterreich_50-400px_quer-1.jpg","width":450,"height":124,"caption":"Radlobby Nieder\u00f6sterreich"},"image":{"@id":"https:\/\/www.radlobby.org\/noe\/#\/schema\/logo\/image\/"},"sameAs":["https:\/\/www.facebook.com\/groups\/radfahren.in.noe\/"]},{"@type":"Person","@id":"https:\/\/www.radlobby.org\/noe\/#\/schema\/person\/c33ee2648a519cc7eee4bb919afba50d","name":"Stoffelix","image":{"@type":"ImageObject","inLanguage":"de","@id":"https:\/\/www.radlobby.org\/noe\/#\/schema\/person\/image\/","url":"https:\/\/secure.gravatar.com\/avatar\/cbbd4609d4e6f9ee3f68a6390d6d226e86fb3b3e54cb99c7da882fb1b87a7e34?s=96&d=mm&r=g","contentUrl":"https:\/\/secure.gravatar.com\/avatar\/cbbd4609d4e6f9ee3f68a6390d6d226e86fb3b3e54cb99c7da882fb1b87a7e34?s=96&d=mm&r=g","caption":"Stoffelix"},"url":"https:\/\/www.radlobby.org\/noe\/author\/christopher-ohmeyer\/"}]}},"_links":{"self":[{"href":"https:\/\/www.radlobby.org\/noe\/wp-json\/wp\/v2\/posts\/25544","targetHints":{"allow":["GET"]}}],"collection":[{"href":"https:\/\/www.radlobby.org\/noe\/wp-json\/wp\/v2\/posts"}],"about":[{"href":"https:\/\/www.radlobby.org\/noe\/wp-json\/wp\/v2\/types\/post"}],"author":[{"embeddable":true,"href":"https:\/\/www.radlobby.org\/noe\/wp-json\/wp\/v2\/users\/47"}],"replies":[{"embeddable":true,"href":"https:\/\/www.radlobby.org\/noe\/wp-json\/wp\/v2\/comments?post=25544"}],"version-history":[{"count":0,"href":"https:\/\/www.radlobby.org\/noe\/wp-json\/wp\/v2\/posts\/25544\/revisions"}],"wp:attachment":[{"href":"https:\/\/www.radlobby.org\/noe\/wp-json\/wp\/v2\/media?parent=25544"}],"wp:term":[{"taxonomy":"category","embeddable":true,"href":"https:\/\/www.radlobby.org\/noe\/wp-json\/wp\/v2\/categories?post=25544"},{"taxonomy":"post_tag","embeddable":true,"href":"https:\/\/www.radlobby.org\/noe\/wp-json\/wp\/v2\/tags?post=25544"}],"curies":[{"name":"wp","href":"https:\/\/api.w.org\/{rel}","templated":true}]}}