{"id":25336,"date":"2022-09-14T10:18:26","date_gmt":"2022-09-14T08:18:26","guid":{"rendered":"https:\/\/www.radlobby.org\/noe\/?p=25336"},"modified":"2022-09-14T10:18:26","modified_gmt":"2022-09-14T08:18:26","slug":"gratis-radueberpruefung-gut-angenommen","status":"publish","type":"post","link":"https:\/\/www.radlobby.org\/noe\/gratis-radueberpruefung-gut-angenommen\/","title":{"rendered":"Gratis Rad\u00fcberpr\u00fcfung gut angenommen"},"content":{"rendered":"<figure id=\"attachment_25337\" aria-describedby=\"caption-attachment-25337\" style=\"width: 300px\" class=\"wp-caption alignnone\"><img loading=\"lazy\" decoding=\"async\" class=\"size-medium wp-image-25337\" src=\"https:\/\/www.radlobby.org\/noe\/wp-content\/uploads\/2022-09-10_RadcheckFoto-Reischauer-scaled-e1663143007373-300x200.jpg\" alt=\"\" width=\"300\" height=\"200\" srcset=\"https:\/\/www.radlobby.org\/noe\/wp-content\/uploads\/2022-09-10_RadcheckFoto-Reischauer-scaled-e1663143007373-300x200.jpg 300w, https:\/\/www.radlobby.org\/noe\/wp-content\/uploads\/2022-09-10_RadcheckFoto-Reischauer-scaled-e1663143007373-768x511.jpg 768w, https:\/\/www.radlobby.org\/noe\/wp-content\/uploads\/2022-09-10_RadcheckFoto-Reischauer-scaled-e1663143007373-1536x1021.jpg 1536w, https:\/\/www.radlobby.org\/noe\/wp-content\/uploads\/2022-09-10_RadcheckFoto-Reischauer-scaled-e1663143007373.jpg 1800w\" sizes=\"auto, (max-width: 300px) 100vw, 300px\" \/><figcaption id=\"caption-attachment-25337\" class=\"wp-caption-text\">Radcheck Traismauer \u00fcberraschend gut angenommen<\/figcaption><\/figure>\n<p>Am Samstag, den 10. September organisierte die Radlobby Traismauer im Rahmen des Fu\u00dfabdruck Festivals eine kostenlose Rad\u00fcberpr\u00fcfung, die von allen Altersgruppen \u00fcberraschend gut in Anspruch genommen wurde. Ein Rad nahm im Schnitt rund eine 1\/4 Stunde in Anspruch; \u00fcberpr\u00fcft wurden die wesentlichen Komponenten des Fahrrades wie Laufr\u00e4der, Bremsen und Schaltung. Der Fahrradmechaniker Josef Nestelberger von Rad &amp; Tat aus Reidling f\u00fchrte in rekordverd\u00e4chtiger Zeit nebenbei sogar noch kleine Reparaturen durch und sorgte auch f\u00fcr die richtige Einstellung des Sattels. Ing. Alfred Leithner und der Gruppenverantwortliche standen ihm als Assistenten zur Verf\u00fcgung.<\/p>\n","protected":false},"excerpt":{"rendered":"<p>Am Samstag, den 10. September organisierte die Radlobby Traismauer im Rahmen des Fu\u00dfabdruck Festivals eine kostenlose Rad\u00fcberpr\u00fcfung, die von allen Altersgruppen \u00fcberraschend gut in Anspruch genommen wurde. Ein Rad nahm im Schnitt rund eine 1\/4 Stunde in Anspruch; \u00fcberpr\u00fcft wurden<\/p>\n","protected":false},"author":53,"featured_media":25337,"comment_status":"closed","ping_status":"closed","sticky":false,"template":"","format":"standard","meta":{"footnotes":""},"categories":[412],"tags":[],"class_list":["post-25336","post","type-post","status-publish","format-standard","has-post-thumbnail","hentry","category-traismauer"],"yoast_head":"<!-- This site is optimized with the Yoast SEO plugin v26.9 - https:\/\/yoast.com\/product\/yoast-seo-wordpress\/ -->\n<title>Gratis Rad\u00fcberpr\u00fcfung gut angenommen - Radlobby Nieder\u00f6sterreich<\/title>\n<meta name=\"robots\" content=\"index, follow, max-snippet:-1, max-image-preview:large, max-video-preview:-1\" \/>\n<link rel=\"canonical\" href=\"https:\/\/www.radlobby.org\/noe\/gratis-radueberpruefung-gut-angenommen\/\" \/>\n<meta property=\"og:locale\" content=\"de_DE\" \/>\n<meta property=\"og:type\" content=\"article\" \/>\n<meta property=\"og:title\" content=\"Gratis Rad\u00fcberpr\u00fcfung gut angenommen - Radlobby Nieder\u00f6sterreich\" \/>\n<meta property=\"og:description\" content=\"Am Samstag, den 10. September organisierte die Radlobby Traismauer im Rahmen des Fu\u00dfabdruck Festivals eine kostenlose Rad\u00fcberpr\u00fcfung, die von allen Altersgruppen \u00fcberraschend gut in Anspruch genommen wurde. Ein Rad nahm im Schnitt rund eine 1\/4 Stunde in Anspruch; \u00fcberpr\u00fcft wurden\" \/>\n<meta property=\"og:url\" content=\"https:\/\/www.radlobby.org\/noe\/gratis-radueberpruefung-gut-angenommen\/\" \/>\n<meta property=\"og:site_name\" content=\"Radlobby Nieder\u00f6sterreich\" \/>\n<meta property=\"article:publisher\" content=\"https:\/\/www.facebook.com\/groups\/radfahren.in.noe\/\" \/>\n<meta property=\"article:published_time\" content=\"2022-09-14T08:18:26+00:00\" \/>\n<meta property=\"og:image\" content=\"https:\/\/www.radlobby.org\/noe\/wp-content\/uploads\/2022-09-10_RadcheckFoto-Reischauer-scaled-e1663143007373.jpg\" \/>\n\t<meta property=\"og:image:width\" content=\"1800\" \/>\n\t<meta property=\"og:image:height\" content=\"1197\" \/>\n\t<meta property=\"og:image:type\" content=\"image\/jpeg\" \/>\n<meta name=\"author\" content=\"Ernst Reischauer\" \/>\n<meta name=\"twitter:card\" content=\"summary_large_image\" \/>\n<meta name=\"twitter:label1\" content=\"Verfasst von\" \/>\n\t<meta name=\"twitter:data1\" content=\"Ernst Reischauer\" \/>\n\t<meta name=\"twitter:label2\" content=\"Gesch\u00e4tzte Lesezeit\" \/>\n\t<meta name=\"twitter:data2\" content=\"1\u00a0Minute\" \/>\n<script type=\"application\/ld+json\" class=\"yoast-schema-graph\">{\"@context\":\"https:\/\/schema.org\",\"@graph\":[{\"@type\":\"Article\",\"@id\":\"https:\/\/www.radlobby.org\/noe\/gratis-radueberpruefung-gut-angenommen\/#article\",\"isPartOf\":{\"@id\":\"https:\/\/www.radlobby.org\/noe\/gratis-radueberpruefung-gut-angenommen\/\"},\"author\":{\"name\":\"Ernst Reischauer\",\"@id\":\"https:\/\/www.radlobby.org\/noe\/#\/schema\/person\/2a54438f8204f2499e497e3db91a8f72\"},\"headline\":\"Gratis Rad\u00fcberpr\u00fcfung gut angenommen\",\"datePublished\":\"2022-09-14T08:18:26+00:00\",\"mainEntityOfPage\":{\"@id\":\"https:\/\/www.radlobby.org\/noe\/gratis-radueberpruefung-gut-angenommen\/\"},\"wordCount\":116,\"publisher\":{\"@id\":\"https:\/\/www.radlobby.org\/noe\/#organization\"},\"image\":{\"@id\":\"https:\/\/www.radlobby.org\/noe\/gratis-radueberpruefung-gut-angenommen\/#primaryimage\"},\"thumbnailUrl\":\"https:\/\/www.radlobby.org\/noe\/wp-content\/uploads\/2022-09-10_RadcheckFoto-Reischauer-scaled-e1663143007373.jpg\",\"articleSection\":[\"Radlobby Traismauer\"],\"inLanguage\":\"de\"},{\"@type\":\"WebPage\",\"@id\":\"https:\/\/www.radlobby.org\/noe\/gratis-radueberpruefung-gut-angenommen\/\",\"url\":\"https:\/\/www.radlobby.org\/noe\/gratis-radueberpruefung-gut-angenommen\/\",\"name\":\"Gratis Rad\u00fcberpr\u00fcfung gut angenommen - Radlobby Nieder\u00f6sterreich\",\"isPartOf\":{\"@id\":\"https:\/\/www.radlobby.org\/noe\/#website\"},\"primaryImageOfPage\":{\"@id\":\"https:\/\/www.radlobby.org\/noe\/gratis-radueberpruefung-gut-angenommen\/#primaryimage\"},\"image\":{\"@id\":\"https:\/\/www.radlobby.org\/noe\/gratis-radueberpruefung-gut-angenommen\/#primaryimage\"},\"thumbnailUrl\":\"https:\/\/www.radlobby.org\/noe\/wp-content\/uploads\/2022-09-10_RadcheckFoto-Reischauer-scaled-e1663143007373.jpg\",\"datePublished\":\"2022-09-14T08:18:26+00:00\",\"breadcrumb\":{\"@id\":\"https:\/\/www.radlobby.org\/noe\/gratis-radueberpruefung-gut-angenommen\/#breadcrumb\"},\"inLanguage\":\"de\",\"potentialAction\":[{\"@type\":\"ReadAction\",\"target\":[\"https:\/\/www.radlobby.org\/noe\/gratis-radueberpruefung-gut-angenommen\/\"]}]},{\"@type\":\"ImageObject\",\"inLanguage\":\"de\",\"@id\":\"https:\/\/www.radlobby.org\/noe\/gratis-radueberpruefung-gut-angenommen\/#primaryimage\",\"url\":\"https:\/\/www.radlobby.org\/noe\/wp-content\/uploads\/2022-09-10_RadcheckFoto-Reischauer-scaled-e1663143007373.jpg\",\"contentUrl\":\"https:\/\/www.radlobby.org\/noe\/wp-content\/uploads\/2022-09-10_RadcheckFoto-Reischauer-scaled-e1663143007373.jpg\",\"width\":1800,\"height\":1197,\"caption\":\"Kostenloser Radcheck in Traismauer am 10. Sept.2022\"},{\"@type\":\"BreadcrumbList\",\"@id\":\"https:\/\/www.radlobby.org\/noe\/gratis-radueberpruefung-gut-angenommen\/#breadcrumb\",\"itemListElement\":[{\"@type\":\"ListItem\",\"position\":1,\"name\":\"Startseite\",\"item\":\"https:\/\/www.radlobby.org\/noe\/\"},{\"@type\":\"ListItem\",\"position\":2,\"name\":\"Gratis Rad\u00fcberpr\u00fcfung gut angenommen\"}]},{\"@type\":\"WebSite\",\"@id\":\"https:\/\/www.radlobby.org\/noe\/#website\",\"url\":\"https:\/\/www.radlobby.org\/noe\/\",\"name\":\"Radlobby Nieder\u00f6sterreich\",\"description\":\"Radverkehr, Fahrrad, Radfahren, Radreisen, Radtouren, Radweg\",\"publisher\":{\"@id\":\"https:\/\/www.radlobby.org\/noe\/#organization\"},\"potentialAction\":[{\"@type\":\"SearchAction\",\"target\":{\"@type\":\"EntryPoint\",\"urlTemplate\":\"https:\/\/www.radlobby.org\/noe\/?s={search_term_string}\"},\"query-input\":{\"@type\":\"PropertyValueSpecification\",\"valueRequired\":true,\"valueName\":\"search_term_string\"}}],\"inLanguage\":\"de\"},{\"@type\":\"Organization\",\"@id\":\"https:\/\/www.radlobby.org\/noe\/#organization\",\"name\":\"Radlobby Nieder\u00f6sterreich\",\"url\":\"https:\/\/www.radlobby.org\/noe\/\",\"logo\":{\"@type\":\"ImageObject\",\"inLanguage\":\"de\",\"@id\":\"https:\/\/www.radlobby.org\/noe\/#\/schema\/logo\/image\/\",\"url\":\"https:\/\/www.radlobby.org\/noe\/wp-content\/uploads\/2017\/01\/cropped-Logo_Radlobby_Niederoesterreich_50-400px_quer-1.jpg\",\"contentUrl\":\"https:\/\/www.radlobby.org\/noe\/wp-content\/uploads\/2017\/01\/cropped-Logo_Radlobby_Niederoesterreich_50-400px_quer-1.jpg\",\"width\":450,\"height\":124,\"caption\":\"Radlobby Nieder\u00f6sterreich\"},\"image\":{\"@id\":\"https:\/\/www.radlobby.org\/noe\/#\/schema\/logo\/image\/\"},\"sameAs\":[\"https:\/\/www.facebook.com\/groups\/radfahren.in.noe\/\"]},{\"@type\":\"Person\",\"@id\":\"https:\/\/www.radlobby.org\/noe\/#\/schema\/person\/2a54438f8204f2499e497e3db91a8f72\",\"name\":\"Ernst Reischauer\",\"image\":{\"@type\":\"ImageObject\",\"inLanguage\":\"de\",\"@id\":\"https:\/\/www.radlobby.org\/noe\/#\/schema\/person\/image\/\",\"url\":\"https:\/\/secure.gravatar.com\/avatar\/a892db63abdfdced1eee4344eed5373f766aed0a520fae0d912d753935f36fcd?s=96&d=mm&r=g\",\"contentUrl\":\"https:\/\/secure.gravatar.com\/avatar\/a892db63abdfdced1eee4344eed5373f766aed0a520fae0d912d753935f36fcd?s=96&d=mm&r=g\",\"caption\":\"Ernst Reischauer\"},\"url\":\"https:\/\/www.radlobby.org\/noe\/author\/ernst-reischauer\/\"}]}<\/script>\n<!-- \/ Yoast SEO plugin. -->","yoast_head_json":{"title":"Gratis Rad\u00fcberpr\u00fcfung gut angenommen - Radlobby Nieder\u00f6sterreich","robots":{"index":"index","follow":"follow","max-snippet":"max-snippet:-1","max-image-preview":"max-image-preview:large","max-video-preview":"max-video-preview:-1"},"canonical":"https:\/\/www.radlobby.org\/noe\/gratis-radueberpruefung-gut-angenommen\/","og_locale":"de_DE","og_type":"article","og_title":"Gratis Rad\u00fcberpr\u00fcfung gut angenommen - Radlobby Nieder\u00f6sterreich","og_description":"Am Samstag, den 10. September organisierte die Radlobby Traismauer im Rahmen des Fu\u00dfabdruck Festivals eine kostenlose Rad\u00fcberpr\u00fcfung, die von allen Altersgruppen \u00fcberraschend gut in Anspruch genommen wurde. Ein Rad nahm im Schnitt rund eine 1\/4 Stunde in Anspruch; \u00fcberpr\u00fcft wurden","og_url":"https:\/\/www.radlobby.org\/noe\/gratis-radueberpruefung-gut-angenommen\/","og_site_name":"Radlobby Nieder\u00f6sterreich","article_publisher":"https:\/\/www.facebook.com\/groups\/radfahren.in.noe\/","article_published_time":"2022-09-14T08:18:26+00:00","og_image":[{"width":1800,"height":1197,"url":"https:\/\/www.radlobby.org\/noe\/wp-content\/uploads\/2022-09-10_RadcheckFoto-Reischauer-scaled-e1663143007373.jpg","type":"image\/jpeg"}],"author":"Ernst Reischauer","twitter_card":"summary_large_image","twitter_misc":{"Verfasst von":"Ernst Reischauer","Gesch\u00e4tzte Lesezeit":"1\u00a0Minute"},"schema":{"@context":"https:\/\/schema.org","@graph":[{"@type":"Article","@id":"https:\/\/www.radlobby.org\/noe\/gratis-radueberpruefung-gut-angenommen\/#article","isPartOf":{"@id":"https:\/\/www.radlobby.org\/noe\/gratis-radueberpruefung-gut-angenommen\/"},"author":{"name":"Ernst Reischauer","@id":"https:\/\/www.radlobby.org\/noe\/#\/schema\/person\/2a54438f8204f2499e497e3db91a8f72"},"headline":"Gratis Rad\u00fcberpr\u00fcfung gut angenommen","datePublished":"2022-09-14T08:18:26+00:00","mainEntityOfPage":{"@id":"https:\/\/www.radlobby.org\/noe\/gratis-radueberpruefung-gut-angenommen\/"},"wordCount":116,"publisher":{"@id":"https:\/\/www.radlobby.org\/noe\/#organization"},"image":{"@id":"https:\/\/www.radlobby.org\/noe\/gratis-radueberpruefung-gut-angenommen\/#primaryimage"},"thumbnailUrl":"https:\/\/www.radlobby.org\/noe\/wp-content\/uploads\/2022-09-10_RadcheckFoto-Reischauer-scaled-e1663143007373.jpg","articleSection":["Radlobby Traismauer"],"inLanguage":"de"},{"@type":"WebPage","@id":"https:\/\/www.radlobby.org\/noe\/gratis-radueberpruefung-gut-angenommen\/","url":"https:\/\/www.radlobby.org\/noe\/gratis-radueberpruefung-gut-angenommen\/","name":"Gratis Rad\u00fcberpr\u00fcfung gut angenommen - Radlobby Nieder\u00f6sterreich","isPartOf":{"@id":"https:\/\/www.radlobby.org\/noe\/#website"},"primaryImageOfPage":{"@id":"https:\/\/www.radlobby.org\/noe\/gratis-radueberpruefung-gut-angenommen\/#primaryimage"},"image":{"@id":"https:\/\/www.radlobby.org\/noe\/gratis-radueberpruefung-gut-angenommen\/#primaryimage"},"thumbnailUrl":"https:\/\/www.radlobby.org\/noe\/wp-content\/uploads\/2022-09-10_RadcheckFoto-Reischauer-scaled-e1663143007373.jpg","datePublished":"2022-09-14T08:18:26+00:00","breadcrumb":{"@id":"https:\/\/www.radlobby.org\/noe\/gratis-radueberpruefung-gut-angenommen\/#breadcrumb"},"inLanguage":"de","potentialAction":[{"@type":"ReadAction","target":["https:\/\/www.radlobby.org\/noe\/gratis-radueberpruefung-gut-angenommen\/"]}]},{"@type":"ImageObject","inLanguage":"de","@id":"https:\/\/www.radlobby.org\/noe\/gratis-radueberpruefung-gut-angenommen\/#primaryimage","url":"https:\/\/www.radlobby.org\/noe\/wp-content\/uploads\/2022-09-10_RadcheckFoto-Reischauer-scaled-e1663143007373.jpg","contentUrl":"https:\/\/www.radlobby.org\/noe\/wp-content\/uploads\/2022-09-10_RadcheckFoto-Reischauer-scaled-e1663143007373.jpg","width":1800,"height":1197,"caption":"Kostenloser Radcheck in Traismauer am 10. Sept.2022"},{"@type":"BreadcrumbList","@id":"https:\/\/www.radlobby.org\/noe\/gratis-radueberpruefung-gut-angenommen\/#breadcrumb","itemListElement":[{"@type":"ListItem","position":1,"name":"Startseite","item":"https:\/\/www.radlobby.org\/noe\/"},{"@type":"ListItem","position":2,"name":"Gratis Rad\u00fcberpr\u00fcfung gut angenommen"}]},{"@type":"WebSite","@id":"https:\/\/www.radlobby.org\/noe\/#website","url":"https:\/\/www.radlobby.org\/noe\/","name":"Radlobby Nieder\u00f6sterreich","description":"Radverkehr, Fahrrad, Radfahren, Radreisen, Radtouren, Radweg","publisher":{"@id":"https:\/\/www.radlobby.org\/noe\/#organization"},"potentialAction":[{"@type":"SearchAction","target":{"@type":"EntryPoint","urlTemplate":"https:\/\/www.radlobby.org\/noe\/?s={search_term_string}"},"query-input":{"@type":"PropertyValueSpecification","valueRequired":true,"valueName":"search_term_string"}}],"inLanguage":"de"},{"@type":"Organization","@id":"https:\/\/www.radlobby.org\/noe\/#organization","name":"Radlobby Nieder\u00f6sterreich","url":"https:\/\/www.radlobby.org\/noe\/","logo":{"@type":"ImageObject","inLanguage":"de","@id":"https:\/\/www.radlobby.org\/noe\/#\/schema\/logo\/image\/","url":"https:\/\/www.radlobby.org\/noe\/wp-content\/uploads\/2017\/01\/cropped-Logo_Radlobby_Niederoesterreich_50-400px_quer-1.jpg","contentUrl":"https:\/\/www.radlobby.org\/noe\/wp-content\/uploads\/2017\/01\/cropped-Logo_Radlobby_Niederoesterreich_50-400px_quer-1.jpg","width":450,"height":124,"caption":"Radlobby Nieder\u00f6sterreich"},"image":{"@id":"https:\/\/www.radlobby.org\/noe\/#\/schema\/logo\/image\/"},"sameAs":["https:\/\/www.facebook.com\/groups\/radfahren.in.noe\/"]},{"@type":"Person","@id":"https:\/\/www.radlobby.org\/noe\/#\/schema\/person\/2a54438f8204f2499e497e3db91a8f72","name":"Ernst Reischauer","image":{"@type":"ImageObject","inLanguage":"de","@id":"https:\/\/www.radlobby.org\/noe\/#\/schema\/person\/image\/","url":"https:\/\/secure.gravatar.com\/avatar\/a892db63abdfdced1eee4344eed5373f766aed0a520fae0d912d753935f36fcd?s=96&d=mm&r=g","contentUrl":"https:\/\/secure.gravatar.com\/avatar\/a892db63abdfdced1eee4344eed5373f766aed0a520fae0d912d753935f36fcd?s=96&d=mm&r=g","caption":"Ernst Reischauer"},"url":"https:\/\/www.radlobby.org\/noe\/author\/ernst-reischauer\/"}]}},"_links":{"self":[{"href":"https:\/\/www.radlobby.org\/noe\/wp-json\/wp\/v2\/posts\/25336","targetHints":{"allow":["GET"]}}],"collection":[{"href":"https:\/\/www.radlobby.org\/noe\/wp-json\/wp\/v2\/posts"}],"about":[{"href":"https:\/\/www.radlobby.org\/noe\/wp-json\/wp\/v2\/types\/post"}],"author":[{"embeddable":true,"href":"https:\/\/www.radlobby.org\/noe\/wp-json\/wp\/v2\/users\/53"}],"replies":[{"embeddable":true,"href":"https:\/\/www.radlobby.org\/noe\/wp-json\/wp\/v2\/comments?post=25336"}],"version-history":[{"count":0,"href":"https:\/\/www.radlobby.org\/noe\/wp-json\/wp\/v2\/posts\/25336\/revisions"}],"wp:featuredmedia":[{"embeddable":true,"href":"https:\/\/www.radlobby.org\/noe\/wp-json\/wp\/v2\/media\/25337"}],"wp:attachment":[{"href":"https:\/\/www.radlobby.org\/noe\/wp-json\/wp\/v2\/media?parent=25336"}],"wp:term":[{"taxonomy":"category","embeddable":true,"href":"https:\/\/www.radlobby.org\/noe\/wp-json\/wp\/v2\/categories?post=25336"},{"taxonomy":"post_tag","embeddable":true,"href":"https:\/\/www.radlobby.org\/noe\/wp-json\/wp\/v2\/tags?post=25336"}],"curies":[{"name":"wp","href":"https:\/\/api.w.org\/{rel}","templated":true}]}}