{"id":25191,"date":"2022-09-21T10:30:40","date_gmt":"2022-09-21T08:30:40","guid":{"rendered":"https:\/\/www.radlobby.org\/noe\/?p=25191"},"modified":"2024-01-10T15:01:56","modified_gmt":"2024-01-10T14:01:56","slug":"klimastreik-in-st-poelten23-sept-2022-%c2%b7-13-30-uhr-bahnhofplatz-st-poelten","status":"publish","type":"post","link":"https:\/\/www.radlobby.org\/noe\/klimastreik-in-st-poelten23-sept-2022-%c2%b7-13-30-uhr-bahnhofplatz-st-poelten\/","title":{"rendered":"Klimastreik in St. P\u00f6lten<br>23. Sept. 2022 \u00b7 13.30 Uhr Bahnhofplatz St. P\u00f6lten"},"content":{"rendered":"<h5>Fridays for Future Nieder\u00f6sterreich ruft zum Weltweiten Klimastreik.<\/h5>\n<p><strong>Die Radlobby Nieder\u00f6sterreich unterst\u00fctzt diese Kundgebung.<\/strong><br \/>\n<strong>Kommt alle mit euren Fahrr\u00e4dern und Radlobby Fahnen.<\/strong><\/p>\n<p><img loading=\"lazy\" decoding=\"async\" class=\"alignnone size-full wp-image-25192\" src=\"https:\/\/www.radlobby.org\/noe\/wp-content\/uploads\/20220923-Klimastreik-St.-Poelten-01.jpg\" alt=\"\" width=\"750\" height=\"342\" srcset=\"https:\/\/www.radlobby.org\/noe\/wp-content\/uploads\/20220923-Klimastreik-St.-Poelten-01.jpg 750w, https:\/\/www.radlobby.org\/noe\/wp-content\/uploads\/20220923-Klimastreik-St.-Poelten-01-300x137.jpg 300w\" sizes=\"auto, (max-width: 750px) 100vw, 750px\" \/><\/p>\n<p><img loading=\"lazy\" decoding=\"async\" class=\"wp-image-25193 alignleft\" src=\"https:\/\/www.radlobby.org\/noe\/wp-content\/uploads\/20220923-Klimastreik-St.-Poelten-02.jpg\" alt=\"\" width=\"254\" height=\"452\" srcset=\"https:\/\/www.radlobby.org\/noe\/wp-content\/uploads\/20220923-Klimastreik-St.-Poelten-02.jpg 450w, https:\/\/www.radlobby.org\/noe\/wp-content\/uploads\/20220923-Klimastreik-St.-Poelten-02-169x300.jpg 169w\" sizes=\"auto, (max-width: 254px) 100vw, 254px\" \/><\/p>\n<h4>Forderungen<\/h4>\n<h5>Bekenntnis zur Klimaneutralit\u00e4t bis 2030<\/h5>\n<p><strong>Nieder\u00f6sterreich hat im Gegensatz zu anderen Bundesl\u00e4ndern kein Ziel f\u00fcr die Klimaneutralit\u00e4t. Doch dies ist dringend notwendig. Denn mit dem derzeitigen Kurs kann weder das Pariser Klimaabkommen noch der europ\u00e4ische Green Deal eingehalten werden. Wir fordern, dass Nieder\u00f6sterreich die Klimaneutralit\u00e4t 2030 als Ziel verankert und dieses mit konkreten Ma\u00dfnahmen und regelm\u00e4\u00dfigen Zielanpassungen versieht.<\/strong><\/p>\n<h5>Geb\u00e4ude sanieren<\/h5>\n<p>Bis 2030 m\u00fcssen alle Geb\u00e4ude Nieder\u00f6sterreichs klimafit saniert sein. Daf\u00fcr braucht es einen festgelegten Sanierungspfad. Im Geb\u00e4udesektor ist au\u00dferdem ein Ausstieg aus der Nutzung von \u00d6l und Gas f\u00fcr die Raumw\u00e4rme bis 2030 unbedingt erforderlich.<\/p>\n<h5>Mobilit\u00e4t zukunftsfit gestalten<\/h5>\n<p>Es braucht ein Mobilit\u00e4tskonzept, das klimafreundliche Verkehrssysteme in den Mittelpunkt stellt. Gro\u00dfe Bauprojekte im Stra\u00dfenverkehr wie die S34 in St. P\u00f6lten, der S8 im Bezirk G\u00e4nserndorf, der S1 und des Lobautunnels in Wien haben darin keinen Platz. Der \u00f6ffentliche Verkehr sowie Alltags-Radwege m\u00fcssen ausgebaut und attraktiviert werden.<\/p>\n<h5><a href=\"https:\/\/www.radlobby.org\/noe\/wp-content\/uploads\/20220923-Klimastreik-St.-Poelten-04.jpg\" data-src=\"https:\/\/www.radlobby.org\/noe\/wp-content\/uploads\/20220923-Klimastreik-St.-Poelten-04.jpg\" data-thumb=\"https:\/\/www.radlobby.org\/noe\/wp-content\/uploads\/20220923-Klimastreik-St.-Poelten-04-212x300.jpg\" class=\"ml-lightbox-enabled\"><img loading=\"lazy\" decoding=\"async\" class=\"wp-image-25194 size-medium alignright\" src=\"https:\/\/www.radlobby.org\/noe\/wp-content\/uploads\/20220923-Klimastreik-St.-Poelten-04-212x300.jpg\" alt=\"\" width=\"212\" height=\"300\" srcset=\"https:\/\/www.radlobby.org\/noe\/wp-content\/uploads\/20220923-Klimastreik-St.-Poelten-04-212x300.jpg 212w, https:\/\/www.radlobby.org\/noe\/wp-content\/uploads\/20220923-Klimastreik-St.-Poelten-04.jpg 700w\" sizes=\"auto, (max-width: 212px) 100vw, 212px\" \/><\/a><\/h5>\n<h5>Erneuerbare Energieversorgung ausbauen<\/h5>\n<p>Da seit 1990 der Energieverbrauch um 68% gestiegen ist, braucht es einen klaren Reduktionspfad des Prim\u00e4renergieverbrauchs. Nieder\u00f6sterreich hat das Potential bei der Erzeugung erneuerbarer Energien eine Vorreiterrolle einzunehmen. Daf\u00fcr ist eine Ausweisungen neuer Fl\u00e4chen f\u00fcr Windkraft- und Photovoltaikanlagen dringend notwendig.<\/p>\n<h5>B\u00fcrger*innen beteiligen<\/h5>\n<p>Die Bev\u00f6lkerung soll durch B\u00fcrger*innenr\u00e4te und \u00e4hnliche partizipative Formate permanent in die Entscheidungsprozesse einbezogen werden. Eine lebenswerte und klimagerechte Zukunft braucht eine umfassende Demokratisierung. Ein B\u00fcrger*innenrat ist nur dann erfolgreich, wenn dieser 1. gut gemacht wird, 2. f\u00fcr alle transparent ist, 3. weithin sichtbar bleibt und 4. politisch wirksam wird.<\/p>\n<h5>Kreislaufwirtschaft priorisieren<\/h5>\n<p>Nicht nur die fossilen Brennstoffe sind im begrenztem Umfang verf\u00fcgbar, auch alle anderen Rohstoffe k\u00f6nnen nicht unendlich von uns Menschen abgebaut werden. Materialien und Produkte m\u00fcssen so ver\u00e4ndert werden, dass sie wiederverwendbar sind und nicht verbraucht werden. Rohstoffe aller Art m\u00fcssen so gut wie m\u00f6glich dem Kreislauf zur\u00fcckgef\u00fchrt werden.<\/p>\n<h5><a href=\"https:\/\/www.radlobby.org\/noe\/wp-content\/uploads\/20220923-Klimastreik-St.-Poelten-03.jpg\" data-src=\"https:\/\/www.radlobby.org\/noe\/wp-content\/uploads\/20220923-Klimastreik-St.-Poelten-03.jpg\" data-thumb=\"https:\/\/www.radlobby.org\/noe\/wp-content\/uploads\/20220923-Klimastreik-St.-Poelten-03-212x300.jpg\" class=\"ml-lightbox-enabled\"><img loading=\"lazy\" decoding=\"async\" class=\"wp-image-25195 size-medium alignright\" src=\"https:\/\/www.radlobby.org\/noe\/wp-content\/uploads\/20220923-Klimastreik-St.-Poelten-03-212x300.jpg\" alt=\"\" width=\"212\" height=\"300\" srcset=\"https:\/\/www.radlobby.org\/noe\/wp-content\/uploads\/20220923-Klimastreik-St.-Poelten-03-212x300.jpg 212w, https:\/\/www.radlobby.org\/noe\/wp-content\/uploads\/20220923-Klimastreik-St.-Poelten-03.jpg 700w\" sizes=\"auto, (max-width: 212px) 100vw, 212px\" \/><\/a><\/h5>\n<h5>Verteilungsgerechtigkeit anstreben<\/h5>\n<p>Die Folgen der Klimakrise treffen die \u00e4rmsten Teile der Bev\u00f6lkerung als erstes und am h\u00e4rtesten &#8211; sowohl lokal, wie auch global. Es muss daf\u00fcr gesorgt werden, dass materiell, finanziell oder sozial benachteiligte Menschen weder durch die Krise, noch durch Ma\u00dfnahmen gegen sie zus\u00e4tzlich belastet werden. Die Schere zwischen Arm und Reich muss auf ein Minimum reduziert werden.<\/p>\n<h5>Biodiversit\u00e4t sch\u00fctzen<\/h5>\n<p>Der Verlust an Biodiversit\u00e4t hat katastrophale Auswirkungen auf das \u00d6kosystem und gef\u00e4hrdet dadurch auch die menschliche Lebensgrundlage. Dem Erhalt sowie der F\u00f6rderung der Biodiversit\u00e4t muss deshalb hohe Priorit\u00e4t zugeordnet werden. Der Bodenverbrauch muss radikal reduziert, der Gebrauch von Pestiziden auf ein Minimum herabgesetzt und die Lebensgrundlagen f\u00fcr Tiere und Pflanzen in ausreichendem Ma\u00df sichergestellt werden. Daher braucht es konkrete Ma\u00dfnahmen zum Schutz und F\u00f6rderung der Biodiversit\u00e4t. Die Bodenversiegelung muss radikal reduziert sowie bereits versiegelte Fl\u00e4chen r\u00fcckgebaut werden.<\/p>\n<p>&nbsp;<\/p>\n<p>&nbsp;<\/p>\n<p>&nbsp;<\/p>\n<p>&nbsp;<\/p>\n","protected":false},"excerpt":{"rendered":"<p>Fridays for Future Nieder\u00f6sterreich ruft zum Weltweiten Klimastreik. Die Radlobby Nieder\u00f6sterreich unterst\u00fctzt diese Kundgebung.<br \/>\nKommt alle mit euren Fahrr\u00e4dern und Radlobby Fahnen.<\/p>\n","protected":false},"author":16,"featured_media":25193,"comment_status":"closed","ping_status":"closed","sticky":false,"template":"","format":"standard","meta":{"footnotes":""},"categories":[579,14,547,195,375,392,80,343,266,321,411,282,548,295,11,365,9,6,5,20,185,374,283,184,12,28,380,13,342,8,7,16,596],"tags":[],"class_list":["post-25191","post","type-post","status-publish","format-standard","has-post-thumbnail","hentry","category-amstetten","category-bad-sauerbrunn","category-badvoeslau","category-baden","category-bruck-an-der-leitha","category-carnuntum","category-deutsch-wagram","category-ebreichsdorf","category-eichgraben","category-enns-donauwinkel","category-gaenserndorf","category-gmuend","category-gross-enzersdorf","category-klosterneuburg","category-korneuburg","category-leithaebene","category-melk","category-mistelbach","category-moedling","category-niederoesterreich","category-poysdorf","category-pressbaum","category-purkersdorf","category-retzer-land","category-schwarzatal","category-st-poelten","category-stockerau","category-tulln","category-waidhofenthaya","category-waidhofenybbs","category-wiener-neustadt","category-wolkersdorf","category-ybbstal"],"yoast_head":"<!-- This site is optimized with the Yoast SEO plugin v26.9 - https:\/\/yoast.com\/product\/yoast-seo-wordpress\/ -->\n<title>Klimastreik in St. P\u00f6lten23. Sept. 2022 \u00b7 13.30 Uhr Bahnhofplatz St. P\u00f6lten - Radlobby Nieder\u00f6sterreich<\/title>\n<meta name=\"robots\" content=\"index, follow, max-snippet:-1, max-image-preview:large, max-video-preview:-1\" \/>\n<link rel=\"canonical\" href=\"https:\/\/www.radlobby.org\/noe\/klimastreik-in-st-poelten23-sept-2022-\u00b7-13-30-uhr-bahnhofplatz-st-poelten\/\" \/>\n<meta property=\"og:locale\" content=\"de_DE\" \/>\n<meta property=\"og:type\" content=\"article\" \/>\n<meta property=\"og:title\" content=\"Klimastreik in St. P\u00f6lten23. Sept. 2022 \u00b7 13.30 Uhr Bahnhofplatz St. P\u00f6lten - Radlobby Nieder\u00f6sterreich\" \/>\n<meta property=\"og:description\" content=\"Fridays for Future Nieder\u00f6sterreich ruft zum Weltweiten Klimastreik. Die Radlobby Nieder\u00f6sterreich unterst\u00fctzt diese Kundgebung. Kommt alle mit euren Fahrr\u00e4dern und Radlobby Fahnen.\" \/>\n<meta property=\"og:url\" content=\"https:\/\/www.radlobby.org\/noe\/klimastreik-in-st-poelten23-sept-2022-\u00b7-13-30-uhr-bahnhofplatz-st-poelten\/\" \/>\n<meta property=\"og:site_name\" content=\"Radlobby Nieder\u00f6sterreich\" \/>\n<meta property=\"article:publisher\" content=\"https:\/\/www.facebook.com\/groups\/radfahren.in.noe\/\" \/>\n<meta property=\"article:published_time\" content=\"2022-09-21T08:30:40+00:00\" \/>\n<meta property=\"article:modified_time\" content=\"2024-01-10T14:01:56+00:00\" \/>\n<meta property=\"og:image\" content=\"https:\/\/www.radlobby.org\/noe\/wp-content\/uploads\/20220923-Klimastreik-St.-Poelten-02.jpg\" \/>\n\t<meta property=\"og:image:width\" content=\"450\" \/>\n\t<meta property=\"og:image:height\" content=\"800\" \/>\n\t<meta property=\"og:image:type\" content=\"image\/jpeg\" \/>\n<meta name=\"author\" content=\"Karl Zauner - Admin\" \/>\n<meta name=\"twitter:card\" content=\"summary_large_image\" \/>\n<meta name=\"twitter:label1\" content=\"Verfasst von\" \/>\n\t<meta name=\"twitter:data1\" content=\"Karl Zauner - Admin\" \/>\n\t<meta name=\"twitter:label2\" content=\"Gesch\u00e4tzte Lesezeit\" \/>\n\t<meta name=\"twitter:data2\" content=\"4\u00a0Minuten\" \/>\n<script type=\"application\/ld+json\" class=\"yoast-schema-graph\">{\"@context\":\"https:\/\/schema.org\",\"@graph\":[{\"@type\":\"Article\",\"@id\":\"https:\/\/www.radlobby.org\/noe\/klimastreik-in-st-poelten23-sept-2022-%c2%b7-13-30-uhr-bahnhofplatz-st-poelten\/#article\",\"isPartOf\":{\"@id\":\"https:\/\/www.radlobby.org\/noe\/klimastreik-in-st-poelten23-sept-2022-%c2%b7-13-30-uhr-bahnhofplatz-st-poelten\/\"},\"author\":{\"name\":\"Karl Zauner - Admin\",\"@id\":\"https:\/\/www.radlobby.org\/noe\/#\/schema\/person\/10547574c40a9e9ea65f92c73f3c516b\"},\"headline\":\"Klimastreik in St. P\u00f6lten 23. Sept. 2022 \u00b7 13.30 Uhr Bahnhofplatz St. P\u00f6lten\",\"datePublished\":\"2022-09-21T08:30:40+00:00\",\"dateModified\":\"2024-01-10T14:01:56+00:00\",\"mainEntityOfPage\":{\"@id\":\"https:\/\/www.radlobby.org\/noe\/klimastreik-in-st-poelten23-sept-2022-%c2%b7-13-30-uhr-bahnhofplatz-st-poelten\/\"},\"wordCount\":527,\"publisher\":{\"@id\":\"https:\/\/www.radlobby.org\/noe\/#organization\"},\"image\":{\"@id\":\"https:\/\/www.radlobby.org\/noe\/klimastreik-in-st-poelten23-sept-2022-%c2%b7-13-30-uhr-bahnhofplatz-st-poelten\/#primaryimage\"},\"thumbnailUrl\":\"https:\/\/www.radlobby.org\/noe\/wp-content\/uploads\/20220923-Klimastreik-St.-Poelten-02.jpg\",\"articleSection\":[\"Radlobby Amstetten\",\"Radlobby Bad Sauerbrunn\",\"Radlobby Bad V\u00f6slau\",\"Radlobby Baden\",\"Radlobby Bruck an der Leitha\",\"Radlobby Carnuntum\",\"Radlobby Deutsch-Wagram\",\"Radlobby Ebreichsdorf\",\"Radlobby Eichgraben\",\"Radlobby Enns-Donauwinkel\",\"Radlobby G\u00e4nserndorf\",\"Radlobby Gm\u00fcnd\",\"Radlobby Gro\u00df-Enzersdorf\",\"Radlobby Klosterneuburg\",\"Radlobby Korneuburg\",\"Radlobby Leithaebene\",\"Radlobby Melk\",\"Radlobby Mistelbach\",\"Radlobby M\u00f6dling\",\"Radlobby Nieder\u00f6sterreich\",\"Radlobby Poysdorf\",\"Radlobby Pressbaum\",\"Radlobby Purkersdorf\",\"Radlobby Retzer-Land\",\"Radlobby Schwarzatal\",\"Radlobby St. P\u00f6lten\",\"Radlobby Stockerau\",\"Radlobby Tulln\",\"Radlobby WaidhofenThaya\",\"Radlobby WaidhofenYbbs\",\"Radlobby Wiener Neustadt\",\"Radlobby Wolkersdorf\",\"Radlobby Ybbstal\"],\"inLanguage\":\"de\"},{\"@type\":\"WebPage\",\"@id\":\"https:\/\/www.radlobby.org\/noe\/klimastreik-in-st-poelten23-sept-2022-%c2%b7-13-30-uhr-bahnhofplatz-st-poelten\/\",\"url\":\"https:\/\/www.radlobby.org\/noe\/klimastreik-in-st-poelten23-sept-2022-%c2%b7-13-30-uhr-bahnhofplatz-st-poelten\/\",\"name\":\"Klimastreik in St. P\u00f6lten 23. Sept. 2022 \u00b7 13.30 Uhr Bahnhofplatz St. P\u00f6lten - Radlobby Nieder\u00f6sterreich\",\"isPartOf\":{\"@id\":\"https:\/\/www.radlobby.org\/noe\/#website\"},\"primaryImageOfPage\":{\"@id\":\"https:\/\/www.radlobby.org\/noe\/klimastreik-in-st-poelten23-sept-2022-%c2%b7-13-30-uhr-bahnhofplatz-st-poelten\/#primaryimage\"},\"image\":{\"@id\":\"https:\/\/www.radlobby.org\/noe\/klimastreik-in-st-poelten23-sept-2022-%c2%b7-13-30-uhr-bahnhofplatz-st-poelten\/#primaryimage\"},\"thumbnailUrl\":\"https:\/\/www.radlobby.org\/noe\/wp-content\/uploads\/20220923-Klimastreik-St.-Poelten-02.jpg\",\"datePublished\":\"2022-09-21T08:30:40+00:00\",\"dateModified\":\"2024-01-10T14:01:56+00:00\",\"breadcrumb\":{\"@id\":\"https:\/\/www.radlobby.org\/noe\/klimastreik-in-st-poelten23-sept-2022-%c2%b7-13-30-uhr-bahnhofplatz-st-poelten\/#breadcrumb\"},\"inLanguage\":\"de\",\"potentialAction\":[{\"@type\":\"ReadAction\",\"target\":[\"https:\/\/www.radlobby.org\/noe\/klimastreik-in-st-poelten23-sept-2022-%c2%b7-13-30-uhr-bahnhofplatz-st-poelten\/\"]}]},{\"@type\":\"ImageObject\",\"inLanguage\":\"de\",\"@id\":\"https:\/\/www.radlobby.org\/noe\/klimastreik-in-st-poelten23-sept-2022-%c2%b7-13-30-uhr-bahnhofplatz-st-poelten\/#primaryimage\",\"url\":\"https:\/\/www.radlobby.org\/noe\/wp-content\/uploads\/20220923-Klimastreik-St.-Poelten-02.jpg\",\"contentUrl\":\"https:\/\/www.radlobby.org\/noe\/wp-content\/uploads\/20220923-Klimastreik-St.-Poelten-02.jpg\",\"width\":450,\"height\":800},{\"@type\":\"BreadcrumbList\",\"@id\":\"https:\/\/www.radlobby.org\/noe\/klimastreik-in-st-poelten23-sept-2022-%c2%b7-13-30-uhr-bahnhofplatz-st-poelten\/#breadcrumb\",\"itemListElement\":[{\"@type\":\"ListItem\",\"position\":1,\"name\":\"Startseite\",\"item\":\"https:\/\/www.radlobby.org\/noe\/\"},{\"@type\":\"ListItem\",\"position\":2,\"name\":\"Klimastreik in St. P\u00f6lten23. Sept. 2022 \u00b7 13.30 Uhr Bahnhofplatz St. P\u00f6lten\"}]},{\"@type\":\"WebSite\",\"@id\":\"https:\/\/www.radlobby.org\/noe\/#website\",\"url\":\"https:\/\/www.radlobby.org\/noe\/\",\"name\":\"Radlobby Nieder\u00f6sterreich\",\"description\":\"Radverkehr, Fahrrad, Radfahren, Radreisen, Radtouren, Radweg\",\"publisher\":{\"@id\":\"https:\/\/www.radlobby.org\/noe\/#organization\"},\"potentialAction\":[{\"@type\":\"SearchAction\",\"target\":{\"@type\":\"EntryPoint\",\"urlTemplate\":\"https:\/\/www.radlobby.org\/noe\/?s={search_term_string}\"},\"query-input\":{\"@type\":\"PropertyValueSpecification\",\"valueRequired\":true,\"valueName\":\"search_term_string\"}}],\"inLanguage\":\"de\"},{\"@type\":\"Organization\",\"@id\":\"https:\/\/www.radlobby.org\/noe\/#organization\",\"name\":\"Radlobby Nieder\u00f6sterreich\",\"url\":\"https:\/\/www.radlobby.org\/noe\/\",\"logo\":{\"@type\":\"ImageObject\",\"inLanguage\":\"de\",\"@id\":\"https:\/\/www.radlobby.org\/noe\/#\/schema\/logo\/image\/\",\"url\":\"https:\/\/www.radlobby.org\/noe\/wp-content\/uploads\/2017\/01\/cropped-Logo_Radlobby_Niederoesterreich_50-400px_quer-1.jpg\",\"contentUrl\":\"https:\/\/www.radlobby.org\/noe\/wp-content\/uploads\/2017\/01\/cropped-Logo_Radlobby_Niederoesterreich_50-400px_quer-1.jpg\",\"width\":450,\"height\":124,\"caption\":\"Radlobby Nieder\u00f6sterreich\"},\"image\":{\"@id\":\"https:\/\/www.radlobby.org\/noe\/#\/schema\/logo\/image\/\"},\"sameAs\":[\"https:\/\/www.facebook.com\/groups\/radfahren.in.noe\/\"]},{\"@type\":\"Person\",\"@id\":\"https:\/\/www.radlobby.org\/noe\/#\/schema\/person\/10547574c40a9e9ea65f92c73f3c516b\",\"name\":\"Karl Zauner - Admin\",\"image\":{\"@type\":\"ImageObject\",\"inLanguage\":\"de\",\"@id\":\"https:\/\/www.radlobby.org\/noe\/#\/schema\/person\/image\/\",\"url\":\"https:\/\/secure.gravatar.com\/avatar\/c0be6303c1ffe16a7b1c79e07b12d4b29176a733c2a5e811b749965d4be12138?s=96&d=mm&r=g\",\"contentUrl\":\"https:\/\/secure.gravatar.com\/avatar\/c0be6303c1ffe16a7b1c79e07b12d4b29176a733c2a5e811b749965d4be12138?s=96&d=mm&r=g\",\"caption\":\"Karl Zauner - Admin\"},\"url\":\"https:\/\/www.radlobby.org\/noe\/author\/karlzauneradmin\/\"}]}<\/script>\n<!-- \/ Yoast SEO plugin. -->","yoast_head_json":{"title":"Klimastreik in St. P\u00f6lten23. Sept. 2022 \u00b7 13.30 Uhr Bahnhofplatz St. P\u00f6lten - Radlobby Nieder\u00f6sterreich","robots":{"index":"index","follow":"follow","max-snippet":"max-snippet:-1","max-image-preview":"max-image-preview:large","max-video-preview":"max-video-preview:-1"},"canonical":"https:\/\/www.radlobby.org\/noe\/klimastreik-in-st-poelten23-sept-2022-\u00b7-13-30-uhr-bahnhofplatz-st-poelten\/","og_locale":"de_DE","og_type":"article","og_title":"Klimastreik in St. P\u00f6lten23. Sept. 2022 \u00b7 13.30 Uhr Bahnhofplatz St. P\u00f6lten - Radlobby Nieder\u00f6sterreich","og_description":"Fridays for Future Nieder\u00f6sterreich ruft zum Weltweiten Klimastreik. Die Radlobby Nieder\u00f6sterreich unterst\u00fctzt diese Kundgebung. Kommt alle mit euren Fahrr\u00e4dern und Radlobby Fahnen.","og_url":"https:\/\/www.radlobby.org\/noe\/klimastreik-in-st-poelten23-sept-2022-\u00b7-13-30-uhr-bahnhofplatz-st-poelten\/","og_site_name":"Radlobby Nieder\u00f6sterreich","article_publisher":"https:\/\/www.facebook.com\/groups\/radfahren.in.noe\/","article_published_time":"2022-09-21T08:30:40+00:00","article_modified_time":"2024-01-10T14:01:56+00:00","og_image":[{"width":450,"height":800,"url":"https:\/\/www.radlobby.org\/noe\/wp-content\/uploads\/20220923-Klimastreik-St.-Poelten-02.jpg","type":"image\/jpeg"}],"author":"Karl Zauner - Admin","twitter_card":"summary_large_image","twitter_misc":{"Verfasst von":"Karl Zauner - Admin","Gesch\u00e4tzte Lesezeit":"4\u00a0Minuten"},"schema":{"@context":"https:\/\/schema.org","@graph":[{"@type":"Article","@id":"https:\/\/www.radlobby.org\/noe\/klimastreik-in-st-poelten23-sept-2022-%c2%b7-13-30-uhr-bahnhofplatz-st-poelten\/#article","isPartOf":{"@id":"https:\/\/www.radlobby.org\/noe\/klimastreik-in-st-poelten23-sept-2022-%c2%b7-13-30-uhr-bahnhofplatz-st-poelten\/"},"author":{"name":"Karl Zauner - Admin","@id":"https:\/\/www.radlobby.org\/noe\/#\/schema\/person\/10547574c40a9e9ea65f92c73f3c516b"},"headline":"Klimastreik in St. P\u00f6lten 23. Sept. 2022 \u00b7 13.30 Uhr Bahnhofplatz St. P\u00f6lten","datePublished":"2022-09-21T08:30:40+00:00","dateModified":"2024-01-10T14:01:56+00:00","mainEntityOfPage":{"@id":"https:\/\/www.radlobby.org\/noe\/klimastreik-in-st-poelten23-sept-2022-%c2%b7-13-30-uhr-bahnhofplatz-st-poelten\/"},"wordCount":527,"publisher":{"@id":"https:\/\/www.radlobby.org\/noe\/#organization"},"image":{"@id":"https:\/\/www.radlobby.org\/noe\/klimastreik-in-st-poelten23-sept-2022-%c2%b7-13-30-uhr-bahnhofplatz-st-poelten\/#primaryimage"},"thumbnailUrl":"https:\/\/www.radlobby.org\/noe\/wp-content\/uploads\/20220923-Klimastreik-St.-Poelten-02.jpg","articleSection":["Radlobby Amstetten","Radlobby Bad Sauerbrunn","Radlobby Bad V\u00f6slau","Radlobby Baden","Radlobby Bruck an der Leitha","Radlobby Carnuntum","Radlobby Deutsch-Wagram","Radlobby Ebreichsdorf","Radlobby Eichgraben","Radlobby Enns-Donauwinkel","Radlobby G\u00e4nserndorf","Radlobby Gm\u00fcnd","Radlobby Gro\u00df-Enzersdorf","Radlobby Klosterneuburg","Radlobby Korneuburg","Radlobby Leithaebene","Radlobby Melk","Radlobby Mistelbach","Radlobby M\u00f6dling","Radlobby Nieder\u00f6sterreich","Radlobby Poysdorf","Radlobby Pressbaum","Radlobby Purkersdorf","Radlobby Retzer-Land","Radlobby Schwarzatal","Radlobby St. P\u00f6lten","Radlobby Stockerau","Radlobby Tulln","Radlobby WaidhofenThaya","Radlobby WaidhofenYbbs","Radlobby Wiener Neustadt","Radlobby Wolkersdorf","Radlobby Ybbstal"],"inLanguage":"de"},{"@type":"WebPage","@id":"https:\/\/www.radlobby.org\/noe\/klimastreik-in-st-poelten23-sept-2022-%c2%b7-13-30-uhr-bahnhofplatz-st-poelten\/","url":"https:\/\/www.radlobby.org\/noe\/klimastreik-in-st-poelten23-sept-2022-%c2%b7-13-30-uhr-bahnhofplatz-st-poelten\/","name":"Klimastreik in St. P\u00f6lten 23. Sept. 2022 \u00b7 13.30 Uhr Bahnhofplatz St. P\u00f6lten - Radlobby Nieder\u00f6sterreich","isPartOf":{"@id":"https:\/\/www.radlobby.org\/noe\/#website"},"primaryImageOfPage":{"@id":"https:\/\/www.radlobby.org\/noe\/klimastreik-in-st-poelten23-sept-2022-%c2%b7-13-30-uhr-bahnhofplatz-st-poelten\/#primaryimage"},"image":{"@id":"https:\/\/www.radlobby.org\/noe\/klimastreik-in-st-poelten23-sept-2022-%c2%b7-13-30-uhr-bahnhofplatz-st-poelten\/#primaryimage"},"thumbnailUrl":"https:\/\/www.radlobby.org\/noe\/wp-content\/uploads\/20220923-Klimastreik-St.-Poelten-02.jpg","datePublished":"2022-09-21T08:30:40+00:00","dateModified":"2024-01-10T14:01:56+00:00","breadcrumb":{"@id":"https:\/\/www.radlobby.org\/noe\/klimastreik-in-st-poelten23-sept-2022-%c2%b7-13-30-uhr-bahnhofplatz-st-poelten\/#breadcrumb"},"inLanguage":"de","potentialAction":[{"@type":"ReadAction","target":["https:\/\/www.radlobby.org\/noe\/klimastreik-in-st-poelten23-sept-2022-%c2%b7-13-30-uhr-bahnhofplatz-st-poelten\/"]}]},{"@type":"ImageObject","inLanguage":"de","@id":"https:\/\/www.radlobby.org\/noe\/klimastreik-in-st-poelten23-sept-2022-%c2%b7-13-30-uhr-bahnhofplatz-st-poelten\/#primaryimage","url":"https:\/\/www.radlobby.org\/noe\/wp-content\/uploads\/20220923-Klimastreik-St.-Poelten-02.jpg","contentUrl":"https:\/\/www.radlobby.org\/noe\/wp-content\/uploads\/20220923-Klimastreik-St.-Poelten-02.jpg","width":450,"height":800},{"@type":"BreadcrumbList","@id":"https:\/\/www.radlobby.org\/noe\/klimastreik-in-st-poelten23-sept-2022-%c2%b7-13-30-uhr-bahnhofplatz-st-poelten\/#breadcrumb","itemListElement":[{"@type":"ListItem","position":1,"name":"Startseite","item":"https:\/\/www.radlobby.org\/noe\/"},{"@type":"ListItem","position":2,"name":"Klimastreik in St. P\u00f6lten23. Sept. 2022 \u00b7 13.30 Uhr Bahnhofplatz St. P\u00f6lten"}]},{"@type":"WebSite","@id":"https:\/\/www.radlobby.org\/noe\/#website","url":"https:\/\/www.radlobby.org\/noe\/","name":"Radlobby Nieder\u00f6sterreich","description":"Radverkehr, Fahrrad, Radfahren, Radreisen, Radtouren, Radweg","publisher":{"@id":"https:\/\/www.radlobby.org\/noe\/#organization"},"potentialAction":[{"@type":"SearchAction","target":{"@type":"EntryPoint","urlTemplate":"https:\/\/www.radlobby.org\/noe\/?s={search_term_string}"},"query-input":{"@type":"PropertyValueSpecification","valueRequired":true,"valueName":"search_term_string"}}],"inLanguage":"de"},{"@type":"Organization","@id":"https:\/\/www.radlobby.org\/noe\/#organization","name":"Radlobby Nieder\u00f6sterreich","url":"https:\/\/www.radlobby.org\/noe\/","logo":{"@type":"ImageObject","inLanguage":"de","@id":"https:\/\/www.radlobby.org\/noe\/#\/schema\/logo\/image\/","url":"https:\/\/www.radlobby.org\/noe\/wp-content\/uploads\/2017\/01\/cropped-Logo_Radlobby_Niederoesterreich_50-400px_quer-1.jpg","contentUrl":"https:\/\/www.radlobby.org\/noe\/wp-content\/uploads\/2017\/01\/cropped-Logo_Radlobby_Niederoesterreich_50-400px_quer-1.jpg","width":450,"height":124,"caption":"Radlobby Nieder\u00f6sterreich"},"image":{"@id":"https:\/\/www.radlobby.org\/noe\/#\/schema\/logo\/image\/"},"sameAs":["https:\/\/www.facebook.com\/groups\/radfahren.in.noe\/"]},{"@type":"Person","@id":"https:\/\/www.radlobby.org\/noe\/#\/schema\/person\/10547574c40a9e9ea65f92c73f3c516b","name":"Karl Zauner - Admin","image":{"@type":"ImageObject","inLanguage":"de","@id":"https:\/\/www.radlobby.org\/noe\/#\/schema\/person\/image\/","url":"https:\/\/secure.gravatar.com\/avatar\/c0be6303c1ffe16a7b1c79e07b12d4b29176a733c2a5e811b749965d4be12138?s=96&d=mm&r=g","contentUrl":"https:\/\/secure.gravatar.com\/avatar\/c0be6303c1ffe16a7b1c79e07b12d4b29176a733c2a5e811b749965d4be12138?s=96&d=mm&r=g","caption":"Karl Zauner - Admin"},"url":"https:\/\/www.radlobby.org\/noe\/author\/karlzauneradmin\/"}]}},"_links":{"self":[{"href":"https:\/\/www.radlobby.org\/noe\/wp-json\/wp\/v2\/posts\/25191","targetHints":{"allow":["GET"]}}],"collection":[{"href":"https:\/\/www.radlobby.org\/noe\/wp-json\/wp\/v2\/posts"}],"about":[{"href":"https:\/\/www.radlobby.org\/noe\/wp-json\/wp\/v2\/types\/post"}],"author":[{"embeddable":true,"href":"https:\/\/www.radlobby.org\/noe\/wp-json\/wp\/v2\/users\/16"}],"replies":[{"embeddable":true,"href":"https:\/\/www.radlobby.org\/noe\/wp-json\/wp\/v2\/comments?post=25191"}],"version-history":[{"count":1,"href":"https:\/\/www.radlobby.org\/noe\/wp-json\/wp\/v2\/posts\/25191\/revisions"}],"predecessor-version":[{"id":28888,"href":"https:\/\/www.radlobby.org\/noe\/wp-json\/wp\/v2\/posts\/25191\/revisions\/28888"}],"wp:featuredmedia":[{"embeddable":true,"href":"https:\/\/www.radlobby.org\/noe\/wp-json\/wp\/v2\/media\/25193"}],"wp:attachment":[{"href":"https:\/\/www.radlobby.org\/noe\/wp-json\/wp\/v2\/media?parent=25191"}],"wp:term":[{"taxonomy":"category","embeddable":true,"href":"https:\/\/www.radlobby.org\/noe\/wp-json\/wp\/v2\/categories?post=25191"},{"taxonomy":"post_tag","embeddable":true,"href":"https:\/\/www.radlobby.org\/noe\/wp-json\/wp\/v2\/tags?post=25191"}],"curies":[{"name":"wp","href":"https:\/\/api.w.org\/{rel}","templated":true}]}}