{"id":25130,"date":"2022-09-06T00:34:30","date_gmt":"2022-09-05T22:34:30","guid":{"rendered":"https:\/\/www.radlobby.org\/noe\/?p=25130"},"modified":"2022-09-25T19:22:08","modified_gmt":"2022-09-25T17:22:08","slug":"24-september-kidicalmass-in-moedling","status":"publish","type":"post","link":"https:\/\/www.radlobby.org\/noe\/24-september-kidicalmass-in-moedling\/","title":{"rendered":"24. September: KidicalMass in M\u00f6dling"},"content":{"rendered":"<p>06.09.2022 Die Radlobby M\u00f6dling l\u00e4dt ein zur &#8220;KidicalMass&#8221;-Radparade in M\u00f6dling<a href=\"https:\/\/www.radlobby.org\/noe\/wp-content\/uploads\/20220924_Moedling_KidicalMass.jpg\" data-src=\"https:\/\/www.radlobby.org\/noe\/wp-content\/uploads\/20220924_Moedling_KidicalMass.jpg\" data-thumb=\"https:\/\/www.radlobby.org\/noe\/wp-content\/uploads\/20220924_Moedling_KidicalMass.jpg\" class=\"ml-lightbox-enabled\"><img loading=\"lazy\" decoding=\"async\" class=\"alignright wp-image-25127\" src=\"https:\/\/www.radlobby.org\/noe\/wp-content\/uploads\/20220924_Moedling_KidicalMass.jpg\" alt=\"\" width=\"375\" height=\"529\" srcset=\"https:\/\/www.radlobby.org\/noe\/wp-content\/uploads\/20220924_Moedling_KidicalMass.jpg 1200w, https:\/\/www.radlobby.org\/noe\/wp-content\/uploads\/20220924_Moedling_KidicalMass-213x300.jpg 213w, https:\/\/www.radlobby.org\/noe\/wp-content\/uploads\/20220924_Moedling_KidicalMass-768x1084.jpg 768w, https:\/\/www.radlobby.org\/noe\/wp-content\/uploads\/20220924_Moedling_KidicalMass-1089x1536.jpg 1089w\" sizes=\"auto, (max-width: 375px) 100vw, 375px\" \/><\/a><\/p>\n<p>am Samstag, 24. September 2022<br \/>\num 15:00 Uhr<br \/>\nTreffpunkt: vor dem Museum M\u00f6dling, Josef-Deutsch-Platz<br \/>\nWir fahren eine Rundroute durch M\u00f6dling und kommen wieder zum Museum zur\u00fcck.<\/p>\n<p>Die meisten Kinder fahren gerne Rad. Leider ist das in der Stadt oft nicht sicher m\u00f6glich. Deshalb fahren wir als Kidical Mass gemeinsam und gesch\u00fctzt durch die Stadt.<\/p>\n<p>Erwachsene Begleitpersonen und Ordner sind eingeladen, mitzufahren<\/p>\n<p>Die Kidical Mass ist aber mehr als eine Ausfahrt von radbegeisterten Kindern und Eltern:<br \/>\nDie Kidical Mass setzt sich f\u00fcr kinderfreundliche und lebenswerte St\u00e4dte ein. Auch Kinder sollen sich sicher und selbstst\u00e4ndig mit dem Fahrrad bewegen k\u00f6nnen. Allerdings lassen die Bedingungen f\u00fcr Radfahrende an vielen Stellen in allen \u00f6sterreichischen St\u00e4dten und Gemeinden im Hinblick auf Sicherheit und Komfort schwer zu w\u00fcnschen \u00fcbrig \u2013 was f\u00fcr radelnde Eltern und Kinder Dauerstress bedeutet.<\/p>\n<p>Die Forderungen der Kidcal Mass sind:<\/p>\n<ul>\n<li aria-level=\"1\">Kindergerechte Radinfrastruktur (breite Radwege; durchg\u00e4ngiges Radwegenetz)<\/li>\n<li aria-level=\"1\">Autofreie Zonen vor Schulen<\/li>\n<li aria-level=\"1\">Kreuzungen kindergerecht gestalten (Sichtbeziehungen; Aufstellfl\u00e4chen)<\/li>\n<li aria-level=\"1\">Radspielpl\u00e4tze in allen St\u00e4dten (den Umgang mit dem Rad \u00fcben)<\/li>\n<li aria-level=\"1\">Sichere Abstellpl\u00e4tze f\u00fcr Lastenr\u00e4der (Kindertransport)<\/li>\n<\/ul>\n<p>Die Radlobby M\u00f6dling setzt sich f\u00fcr solche Verbesserungen in der Stadt und im Bezirk M\u00f6dling ein. Besonders aktuell sind derzeit folgende Verbesserungsvorschl\u00e4ge:<\/p>\n<ul>\n<li aria-level=\"1\">Verbesserung des Radweges Demelgasse &#8211; Wei\u00dfes-Kreuz-Gasse<\/li>\n<li aria-level=\"1\">Bessere Zufahrt per Rad zur Jakob-Thoma-Schule und zur HTL<\/li>\n<\/ul>\n","protected":false},"excerpt":{"rendered":"<p>06.09.2022 Die Radlobby M\u00f6dling l\u00e4dt ein zur &#8220;KidicalMass&#8221;-Radparade in M\u00f6dling am Samstag, 24. September 2022 um 15:00 Uhr Treffpunkt: vor dem Museum M\u00f6dling, Josef-Deutsch-Platz Wir fahren eine Rundroute durch M\u00f6dling und kommen wieder zum Museum zur\u00fcck. Die meisten Kinder fahren<\/p>\n","protected":false},"author":63,"featured_media":25131,"comment_status":"closed","ping_status":"closed","sticky":false,"template":"","format":"standard","meta":{"footnotes":""},"categories":[5],"tags":[26,30,22],"class_list":["post-25130","post","type-post","status-publish","format-standard","has-post-thumbnail","hentry","category-moedling","tag-aktionen","tag-radparade","tag-verkehrspolitik"],"yoast_head":"<!-- This site is optimized with the Yoast SEO plugin v26.9 - https:\/\/yoast.com\/product\/yoast-seo-wordpress\/ -->\n<title>24. September: KidicalMass in M\u00f6dling - Radlobby Nieder\u00f6sterreich<\/title>\n<meta name=\"robots\" content=\"index, follow, max-snippet:-1, max-image-preview:large, max-video-preview:-1\" \/>\n<link rel=\"canonical\" href=\"https:\/\/www.radlobby.org\/noe\/24-september-kidicalmass-in-moedling\/\" \/>\n<meta property=\"og:locale\" content=\"de_DE\" \/>\n<meta property=\"og:type\" content=\"article\" \/>\n<meta property=\"og:title\" content=\"24. September: KidicalMass in M\u00f6dling - Radlobby Nieder\u00f6sterreich\" \/>\n<meta property=\"og:description\" content=\"06.09.2022 Die Radlobby M\u00f6dling l\u00e4dt ein zur &#8220;KidicalMass&#8221;-Radparade in M\u00f6dling am Samstag, 24. September 2022 um 15:00 Uhr Treffpunkt: vor dem Museum M\u00f6dling, Josef-Deutsch-Platz Wir fahren eine Rundroute durch M\u00f6dling und kommen wieder zum Museum zur\u00fcck. Die meisten Kinder fahren\" \/>\n<meta property=\"og:url\" content=\"https:\/\/www.radlobby.org\/noe\/24-september-kidicalmass-in-moedling\/\" \/>\n<meta property=\"og:site_name\" content=\"Radlobby Nieder\u00f6sterreich\" \/>\n<meta property=\"article:publisher\" content=\"https:\/\/www.facebook.com\/groups\/radfahren.in.noe\/\" \/>\n<meta property=\"article:published_time\" content=\"2022-09-05T22:34:30+00:00\" \/>\n<meta property=\"article:modified_time\" content=\"2022-09-25T17:22:08+00:00\" \/>\n<meta property=\"og:image\" content=\"https:\/\/www.radlobby.org\/noe\/wp-content\/uploads\/20220924_Moedling_KidicalMass_square.jpg\" \/>\n\t<meta property=\"og:image:width\" content=\"1200\" \/>\n\t<meta property=\"og:image:height\" content=\"1200\" \/>\n\t<meta property=\"og:image:type\" content=\"image\/jpeg\" \/>\n<meta name=\"author\" content=\"Radlobby M\u00f6dling - Webredaktion\" \/>\n<meta name=\"twitter:card\" content=\"summary_large_image\" \/>\n<meta name=\"twitter:label1\" content=\"Verfasst von\" \/>\n\t<meta name=\"twitter:data1\" content=\"Radlobby M\u00f6dling - Webredaktion\" \/>\n\t<meta name=\"twitter:label2\" content=\"Gesch\u00e4tzte Lesezeit\" \/>\n\t<meta name=\"twitter:data2\" content=\"2\u00a0Minuten\" \/>\n<script type=\"application\/ld+json\" class=\"yoast-schema-graph\">{\"@context\":\"https:\/\/schema.org\",\"@graph\":[{\"@type\":\"Article\",\"@id\":\"https:\/\/www.radlobby.org\/noe\/24-september-kidicalmass-in-moedling\/#article\",\"isPartOf\":{\"@id\":\"https:\/\/www.radlobby.org\/noe\/24-september-kidicalmass-in-moedling\/\"},\"author\":{\"name\":\"Radlobby M\u00f6dling - Webredaktion\",\"@id\":\"https:\/\/www.radlobby.org\/noe\/#\/schema\/person\/e00f998d02481a455b8108a643129f40\"},\"headline\":\"24. September: KidicalMass in M\u00f6dling\",\"datePublished\":\"2022-09-05T22:34:30+00:00\",\"dateModified\":\"2022-09-25T17:22:08+00:00\",\"mainEntityOfPage\":{\"@id\":\"https:\/\/www.radlobby.org\/noe\/24-september-kidicalmass-in-moedling\/\"},\"wordCount\":244,\"publisher\":{\"@id\":\"https:\/\/www.radlobby.org\/noe\/#organization\"},\"image\":{\"@id\":\"https:\/\/www.radlobby.org\/noe\/24-september-kidicalmass-in-moedling\/#primaryimage\"},\"thumbnailUrl\":\"https:\/\/www.radlobby.org\/noe\/wp-content\/uploads\/20220924_Moedling_KidicalMass_square.jpg\",\"keywords\":[\"Aktionen\",\"Radparade\",\"Verkehrspolitik\"],\"articleSection\":[\"Radlobby M\u00f6dling\"],\"inLanguage\":\"de\"},{\"@type\":\"WebPage\",\"@id\":\"https:\/\/www.radlobby.org\/noe\/24-september-kidicalmass-in-moedling\/\",\"url\":\"https:\/\/www.radlobby.org\/noe\/24-september-kidicalmass-in-moedling\/\",\"name\":\"24. September: KidicalMass in M\u00f6dling - Radlobby Nieder\u00f6sterreich\",\"isPartOf\":{\"@id\":\"https:\/\/www.radlobby.org\/noe\/#website\"},\"primaryImageOfPage\":{\"@id\":\"https:\/\/www.radlobby.org\/noe\/24-september-kidicalmass-in-moedling\/#primaryimage\"},\"image\":{\"@id\":\"https:\/\/www.radlobby.org\/noe\/24-september-kidicalmass-in-moedling\/#primaryimage\"},\"thumbnailUrl\":\"https:\/\/www.radlobby.org\/noe\/wp-content\/uploads\/20220924_Moedling_KidicalMass_square.jpg\",\"datePublished\":\"2022-09-05T22:34:30+00:00\",\"dateModified\":\"2022-09-25T17:22:08+00:00\",\"breadcrumb\":{\"@id\":\"https:\/\/www.radlobby.org\/noe\/24-september-kidicalmass-in-moedling\/#breadcrumb\"},\"inLanguage\":\"de\",\"potentialAction\":[{\"@type\":\"ReadAction\",\"target\":[\"https:\/\/www.radlobby.org\/noe\/24-september-kidicalmass-in-moedling\/\"]}]},{\"@type\":\"ImageObject\",\"inLanguage\":\"de\",\"@id\":\"https:\/\/www.radlobby.org\/noe\/24-september-kidicalmass-in-moedling\/#primaryimage\",\"url\":\"https:\/\/www.radlobby.org\/noe\/wp-content\/uploads\/20220924_Moedling_KidicalMass_square.jpg\",\"contentUrl\":\"https:\/\/www.radlobby.org\/noe\/wp-content\/uploads\/20220924_Moedling_KidicalMass_square.jpg\",\"width\":1200,\"height\":1200},{\"@type\":\"BreadcrumbList\",\"@id\":\"https:\/\/www.radlobby.org\/noe\/24-september-kidicalmass-in-moedling\/#breadcrumb\",\"itemListElement\":[{\"@type\":\"ListItem\",\"position\":1,\"name\":\"Startseite\",\"item\":\"https:\/\/www.radlobby.org\/noe\/\"},{\"@type\":\"ListItem\",\"position\":2,\"name\":\"24. September: KidicalMass in M\u00f6dling\"}]},{\"@type\":\"WebSite\",\"@id\":\"https:\/\/www.radlobby.org\/noe\/#website\",\"url\":\"https:\/\/www.radlobby.org\/noe\/\",\"name\":\"Radlobby Nieder\u00f6sterreich\",\"description\":\"Radverkehr, Fahrrad, Radfahren, Radreisen, Radtouren, Radweg\",\"publisher\":{\"@id\":\"https:\/\/www.radlobby.org\/noe\/#organization\"},\"potentialAction\":[{\"@type\":\"SearchAction\",\"target\":{\"@type\":\"EntryPoint\",\"urlTemplate\":\"https:\/\/www.radlobby.org\/noe\/?s={search_term_string}\"},\"query-input\":{\"@type\":\"PropertyValueSpecification\",\"valueRequired\":true,\"valueName\":\"search_term_string\"}}],\"inLanguage\":\"de\"},{\"@type\":\"Organization\",\"@id\":\"https:\/\/www.radlobby.org\/noe\/#organization\",\"name\":\"Radlobby Nieder\u00f6sterreich\",\"url\":\"https:\/\/www.radlobby.org\/noe\/\",\"logo\":{\"@type\":\"ImageObject\",\"inLanguage\":\"de\",\"@id\":\"https:\/\/www.radlobby.org\/noe\/#\/schema\/logo\/image\/\",\"url\":\"https:\/\/www.radlobby.org\/noe\/wp-content\/uploads\/2017\/01\/cropped-Logo_Radlobby_Niederoesterreich_50-400px_quer-1.jpg\",\"contentUrl\":\"https:\/\/www.radlobby.org\/noe\/wp-content\/uploads\/2017\/01\/cropped-Logo_Radlobby_Niederoesterreich_50-400px_quer-1.jpg\",\"width\":450,\"height\":124,\"caption\":\"Radlobby Nieder\u00f6sterreich\"},\"image\":{\"@id\":\"https:\/\/www.radlobby.org\/noe\/#\/schema\/logo\/image\/\"},\"sameAs\":[\"https:\/\/www.facebook.com\/groups\/radfahren.in.noe\/\"]},{\"@type\":\"Person\",\"@id\":\"https:\/\/www.radlobby.org\/noe\/#\/schema\/person\/e00f998d02481a455b8108a643129f40\",\"name\":\"Radlobby M\u00f6dling - Webredaktion\",\"image\":{\"@type\":\"ImageObject\",\"inLanguage\":\"de\",\"@id\":\"https:\/\/www.radlobby.org\/noe\/#\/schema\/person\/image\/\",\"url\":\"https:\/\/secure.gravatar.com\/avatar\/f4929f7bc3a54f5b7fcb3ffb8cc31faad3c55c61dbb5c09fbda208d055f03815?s=96&d=mm&r=g\",\"contentUrl\":\"https:\/\/secure.gravatar.com\/avatar\/f4929f7bc3a54f5b7fcb3ffb8cc31faad3c55c61dbb5c09fbda208d055f03815?s=96&d=mm&r=g\",\"caption\":\"Radlobby M\u00f6dling - Webredaktion\"},\"url\":\"https:\/\/www.radlobby.org\/noe\/author\/wolfgangpruschinskiredaktionmoedling\/\"}]}<\/script>\n<!-- \/ Yoast SEO plugin. -->","yoast_head_json":{"title":"24. September: KidicalMass in M\u00f6dling - Radlobby Nieder\u00f6sterreich","robots":{"index":"index","follow":"follow","max-snippet":"max-snippet:-1","max-image-preview":"max-image-preview:large","max-video-preview":"max-video-preview:-1"},"canonical":"https:\/\/www.radlobby.org\/noe\/24-september-kidicalmass-in-moedling\/","og_locale":"de_DE","og_type":"article","og_title":"24. September: KidicalMass in M\u00f6dling - Radlobby Nieder\u00f6sterreich","og_description":"06.09.2022 Die Radlobby M\u00f6dling l\u00e4dt ein zur &#8220;KidicalMass&#8221;-Radparade in M\u00f6dling am Samstag, 24. September 2022 um 15:00 Uhr Treffpunkt: vor dem Museum M\u00f6dling, Josef-Deutsch-Platz Wir fahren eine Rundroute durch M\u00f6dling und kommen wieder zum Museum zur\u00fcck. Die meisten Kinder fahren","og_url":"https:\/\/www.radlobby.org\/noe\/24-september-kidicalmass-in-moedling\/","og_site_name":"Radlobby Nieder\u00f6sterreich","article_publisher":"https:\/\/www.facebook.com\/groups\/radfahren.in.noe\/","article_published_time":"2022-09-05T22:34:30+00:00","article_modified_time":"2022-09-25T17:22:08+00:00","og_image":[{"width":1200,"height":1200,"url":"https:\/\/www.radlobby.org\/noe\/wp-content\/uploads\/20220924_Moedling_KidicalMass_square.jpg","type":"image\/jpeg"}],"author":"Radlobby M\u00f6dling - Webredaktion","twitter_card":"summary_large_image","twitter_misc":{"Verfasst von":"Radlobby M\u00f6dling - Webredaktion","Gesch\u00e4tzte Lesezeit":"2\u00a0Minuten"},"schema":{"@context":"https:\/\/schema.org","@graph":[{"@type":"Article","@id":"https:\/\/www.radlobby.org\/noe\/24-september-kidicalmass-in-moedling\/#article","isPartOf":{"@id":"https:\/\/www.radlobby.org\/noe\/24-september-kidicalmass-in-moedling\/"},"author":{"name":"Radlobby M\u00f6dling - Webredaktion","@id":"https:\/\/www.radlobby.org\/noe\/#\/schema\/person\/e00f998d02481a455b8108a643129f40"},"headline":"24. September: KidicalMass in M\u00f6dling","datePublished":"2022-09-05T22:34:30+00:00","dateModified":"2022-09-25T17:22:08+00:00","mainEntityOfPage":{"@id":"https:\/\/www.radlobby.org\/noe\/24-september-kidicalmass-in-moedling\/"},"wordCount":244,"publisher":{"@id":"https:\/\/www.radlobby.org\/noe\/#organization"},"image":{"@id":"https:\/\/www.radlobby.org\/noe\/24-september-kidicalmass-in-moedling\/#primaryimage"},"thumbnailUrl":"https:\/\/www.radlobby.org\/noe\/wp-content\/uploads\/20220924_Moedling_KidicalMass_square.jpg","keywords":["Aktionen","Radparade","Verkehrspolitik"],"articleSection":["Radlobby M\u00f6dling"],"inLanguage":"de"},{"@type":"WebPage","@id":"https:\/\/www.radlobby.org\/noe\/24-september-kidicalmass-in-moedling\/","url":"https:\/\/www.radlobby.org\/noe\/24-september-kidicalmass-in-moedling\/","name":"24. September: KidicalMass in M\u00f6dling - Radlobby Nieder\u00f6sterreich","isPartOf":{"@id":"https:\/\/www.radlobby.org\/noe\/#website"},"primaryImageOfPage":{"@id":"https:\/\/www.radlobby.org\/noe\/24-september-kidicalmass-in-moedling\/#primaryimage"},"image":{"@id":"https:\/\/www.radlobby.org\/noe\/24-september-kidicalmass-in-moedling\/#primaryimage"},"thumbnailUrl":"https:\/\/www.radlobby.org\/noe\/wp-content\/uploads\/20220924_Moedling_KidicalMass_square.jpg","datePublished":"2022-09-05T22:34:30+00:00","dateModified":"2022-09-25T17:22:08+00:00","breadcrumb":{"@id":"https:\/\/www.radlobby.org\/noe\/24-september-kidicalmass-in-moedling\/#breadcrumb"},"inLanguage":"de","potentialAction":[{"@type":"ReadAction","target":["https:\/\/www.radlobby.org\/noe\/24-september-kidicalmass-in-moedling\/"]}]},{"@type":"ImageObject","inLanguage":"de","@id":"https:\/\/www.radlobby.org\/noe\/24-september-kidicalmass-in-moedling\/#primaryimage","url":"https:\/\/www.radlobby.org\/noe\/wp-content\/uploads\/20220924_Moedling_KidicalMass_square.jpg","contentUrl":"https:\/\/www.radlobby.org\/noe\/wp-content\/uploads\/20220924_Moedling_KidicalMass_square.jpg","width":1200,"height":1200},{"@type":"BreadcrumbList","@id":"https:\/\/www.radlobby.org\/noe\/24-september-kidicalmass-in-moedling\/#breadcrumb","itemListElement":[{"@type":"ListItem","position":1,"name":"Startseite","item":"https:\/\/www.radlobby.org\/noe\/"},{"@type":"ListItem","position":2,"name":"24. September: KidicalMass in M\u00f6dling"}]},{"@type":"WebSite","@id":"https:\/\/www.radlobby.org\/noe\/#website","url":"https:\/\/www.radlobby.org\/noe\/","name":"Radlobby Nieder\u00f6sterreich","description":"Radverkehr, Fahrrad, Radfahren, Radreisen, Radtouren, Radweg","publisher":{"@id":"https:\/\/www.radlobby.org\/noe\/#organization"},"potentialAction":[{"@type":"SearchAction","target":{"@type":"EntryPoint","urlTemplate":"https:\/\/www.radlobby.org\/noe\/?s={search_term_string}"},"query-input":{"@type":"PropertyValueSpecification","valueRequired":true,"valueName":"search_term_string"}}],"inLanguage":"de"},{"@type":"Organization","@id":"https:\/\/www.radlobby.org\/noe\/#organization","name":"Radlobby Nieder\u00f6sterreich","url":"https:\/\/www.radlobby.org\/noe\/","logo":{"@type":"ImageObject","inLanguage":"de","@id":"https:\/\/www.radlobby.org\/noe\/#\/schema\/logo\/image\/","url":"https:\/\/www.radlobby.org\/noe\/wp-content\/uploads\/2017\/01\/cropped-Logo_Radlobby_Niederoesterreich_50-400px_quer-1.jpg","contentUrl":"https:\/\/www.radlobby.org\/noe\/wp-content\/uploads\/2017\/01\/cropped-Logo_Radlobby_Niederoesterreich_50-400px_quer-1.jpg","width":450,"height":124,"caption":"Radlobby Nieder\u00f6sterreich"},"image":{"@id":"https:\/\/www.radlobby.org\/noe\/#\/schema\/logo\/image\/"},"sameAs":["https:\/\/www.facebook.com\/groups\/radfahren.in.noe\/"]},{"@type":"Person","@id":"https:\/\/www.radlobby.org\/noe\/#\/schema\/person\/e00f998d02481a455b8108a643129f40","name":"Radlobby M\u00f6dling - Webredaktion","image":{"@type":"ImageObject","inLanguage":"de","@id":"https:\/\/www.radlobby.org\/noe\/#\/schema\/person\/image\/","url":"https:\/\/secure.gravatar.com\/avatar\/f4929f7bc3a54f5b7fcb3ffb8cc31faad3c55c61dbb5c09fbda208d055f03815?s=96&d=mm&r=g","contentUrl":"https:\/\/secure.gravatar.com\/avatar\/f4929f7bc3a54f5b7fcb3ffb8cc31faad3c55c61dbb5c09fbda208d055f03815?s=96&d=mm&r=g","caption":"Radlobby M\u00f6dling - Webredaktion"},"url":"https:\/\/www.radlobby.org\/noe\/author\/wolfgangpruschinskiredaktionmoedling\/"}]}},"_links":{"self":[{"href":"https:\/\/www.radlobby.org\/noe\/wp-json\/wp\/v2\/posts\/25130","targetHints":{"allow":["GET"]}}],"collection":[{"href":"https:\/\/www.radlobby.org\/noe\/wp-json\/wp\/v2\/posts"}],"about":[{"href":"https:\/\/www.radlobby.org\/noe\/wp-json\/wp\/v2\/types\/post"}],"author":[{"embeddable":true,"href":"https:\/\/www.radlobby.org\/noe\/wp-json\/wp\/v2\/users\/63"}],"replies":[{"embeddable":true,"href":"https:\/\/www.radlobby.org\/noe\/wp-json\/wp\/v2\/comments?post=25130"}],"version-history":[{"count":0,"href":"https:\/\/www.radlobby.org\/noe\/wp-json\/wp\/v2\/posts\/25130\/revisions"}],"wp:featuredmedia":[{"embeddable":true,"href":"https:\/\/www.radlobby.org\/noe\/wp-json\/wp\/v2\/media\/25131"}],"wp:attachment":[{"href":"https:\/\/www.radlobby.org\/noe\/wp-json\/wp\/v2\/media?parent=25130"}],"wp:term":[{"taxonomy":"category","embeddable":true,"href":"https:\/\/www.radlobby.org\/noe\/wp-json\/wp\/v2\/categories?post=25130"},{"taxonomy":"post_tag","embeddable":true,"href":"https:\/\/www.radlobby.org\/noe\/wp-json\/wp\/v2\/tags?post=25130"}],"curies":[{"name":"wp","href":"https:\/\/api.w.org\/{rel}","templated":true}]}}