{"id":25015,"date":"2022-09-05T18:11:47","date_gmt":"2022-09-05T16:11:47","guid":{"rendered":"https:\/\/www.radlobby.org\/noe\/?p=25015"},"modified":"2024-01-10T15:02:58","modified_gmt":"2024-01-10T14:02:58","slug":"radlobby-fahrradklima-test-2022","status":"publish","type":"post","link":"https:\/\/www.radlobby.org\/noe\/radlobby-fahrradklima-test-2022\/","title":{"rendered":"Radlobby Fahrradklima-Test 2022"},"content":{"rendered":"<h4 id=\"page-title\" class=\"title\">Wie fahrradfreundlich ist Ihr Wohnort?<br \/>\nDer \u00f6sterreichweite Radlobby Fahrradklima-Test 2022<\/h4>\n<p><strong>Der Radlobby Fahrradklima-Test erfasst die Zufriedenheit von Menschen, die ihre Alltagswege in \u00d6sterreich mit dem Fahrrad zur\u00fcck legen. Vom 1. September bis zum 30. November 2022 k\u00f6nnen Radfahrende das Fahrradklima in ihren St\u00e4dten und Gemeinden \u00fcber einen Online-Fragebogen bewerten.<br \/>\n<\/strong>Wie f\u00fchlt sich das Radfahren am Wohnort an?<br \/>\nWerden die Anliegen der Bev\u00f6lkerung\u00a0von Politik und Verwaltung ernst genommen?<br \/>\nWas ist den radfahrenden Menschen wichtig?<br \/>\nDie Fragen betreffen Sicherheitsgef\u00fchl und Komfort beim Radfahren, die Radverkehrsinfrastruktur und -f\u00f6rderung und den Stellenwert des Fahrrads als Alltagsverkehrsmittel.<\/p>\n<h2>Machen auch Sie mit!<\/h2>\n<table>\n<tbody>\n<tr>\n<td style=\"border-color: #aab622;\"><strong>\u203a <a href=\"https:\/\/survey.radlobby.at\/index.php\/854229?lang=de\" target=\"_blank\" rel=\"noopener\">Hier geht es zum Radlobby Fahrradklima-Test 2022<\/a><\/strong><\/td>\n<\/tr>\n<\/tbody>\n<\/table>\n<p>Geben Sie Ihren politischen Verantwortlichen R\u00fcckmeldung \u00fcber die Radfahrbedingungen in Ihrem Wohnort \u2013 in welchen Bereichen l\u00e4uft es gut, und wo gibt es noch Verbesserungspotential?\u00a0Die Ergebnisse werden im M\u00e4rz 2023 ver\u00f6ffentlicht.<\/p>\n<p><img loading=\"lazy\" decoding=\"async\" class=\"alignnone wp-image-25017 size-full\" src=\"https:\/\/www.radlobby.org\/noe\/wp-content\/uploads\/2022_fahrradklima-test_webartikel_1920x1280px22.png\" alt=\"\" width=\"607\" height=\"405\" srcset=\"https:\/\/www.radlobby.org\/noe\/wp-content\/uploads\/2022_fahrradklima-test_webartikel_1920x1280px22.png 607w, https:\/\/www.radlobby.org\/noe\/wp-content\/uploads\/2022_fahrradklima-test_webartikel_1920x1280px22-300x200.png 300w\" sizes=\"auto, (max-width: 607px) 100vw, 607px\" \/><\/p>\n<p>In Deutschland wird der ADFC-Fahrradklima-Test seit 2012 alle zwei Jahre durchgef\u00fchrt. Als Stimmungsbarometer gibt die Umfrage Aufschluss \u00fcber die Radfahrbedingungen aus Sicht der Radfahrenden, und stellt so ein wichtiges Feedback f\u00fcr Politik und Verwaltung dar. International werden auch in anderen L\u00e4ndern, wie zum Beispiel in der Schweiz, Frankreich und den Niederlanden, vergleichbare Umfragen durchgef\u00fchrt.<\/p>\n<p>Die Radlobby ARGUS hat zuletzt in den Jahren 1992 und 2002 Fahrrad-Klimatests\u00a0durchgef\u00fchrt. Daran m\u00f6chten die Radlobby mit dem Fahrradklima-Test 2022 ankn\u00fcpfen. Der ADFC-Fahrradklima-Test bildet\u00a0die Grundlage \u2013 Mit Dank an unsere deutschen Kolleg*innen vom ADFC. Bei Verwendung \u00e4hnlicher Fragen, k\u00f6nnen in weiterer Folge Vergleiche zwischen deutschen und \u00f6sterreichischen St\u00e4dten und Gemeinden gemacht werden.<\/p>\n<p>&nbsp;<\/p>\n<p>&nbsp;<\/p>\n<p>&nbsp;<\/p>\n<p>&nbsp;<\/p>\n<p>&nbsp;<\/p>\n<p>&nbsp;<\/p>\n<p>&nbsp;<\/p>\n<p>&nbsp;<\/p>\n<p>&nbsp;<\/p>\n<p>&nbsp;<\/p>\n<p>&nbsp;<\/p>\n<p>&nbsp;<\/p>\n<p>&nbsp;<\/p>\n<p>&nbsp;<\/p>\n<p>&nbsp;<\/p>\n","protected":false},"excerpt":{"rendered":"<p>Der Radlobby Fahrradklima-Test erfasst die Zufriedenheit mit den Alltagsradrouten in \u00d6sterreich. Vom 1. 9. bis 30. 11. 2022 k\u00f6nnen Radfahrende das Fahrradklima in ihren Gemeinden bewerten.<\/p>\n","protected":false},"author":16,"featured_media":25016,"comment_status":"closed","ping_status":"closed","sticky":false,"template":"","format":"standard","meta":{"footnotes":""},"categories":[14,547,195,375,392,80,343,266,321,411,282,548,295,11,365,9,6,5,20,185,374,283,184,12,28,380,13,342,8,7,16],"tags":[],"class_list":["post-25015","post","type-post","status-publish","format-standard","has-post-thumbnail","hentry","category-bad-sauerbrunn","category-badvoeslau","category-baden","category-bruck-an-der-leitha","category-carnuntum","category-deutsch-wagram","category-ebreichsdorf","category-eichgraben","category-enns-donauwinkel","category-gaenserndorf","category-gmuend","category-gross-enzersdorf","category-klosterneuburg","category-korneuburg","category-leithaebene","category-melk","category-mistelbach","category-moedling","category-niederoesterreich","category-poysdorf","category-pressbaum","category-purkersdorf","category-retzer-land","category-schwarzatal","category-st-poelten","category-stockerau","category-tulln","category-waidhofenthaya","category-waidhofenybbs","category-wiener-neustadt","category-wolkersdorf"],"yoast_head":"<!-- This site is optimized with the Yoast SEO plugin v26.9 - https:\/\/yoast.com\/product\/yoast-seo-wordpress\/ -->\n<title>Radlobby Fahrradklima-Test 2022 - Radlobby Nieder\u00f6sterreich<\/title>\n<meta name=\"robots\" content=\"index, follow, max-snippet:-1, max-image-preview:large, max-video-preview:-1\" \/>\n<link rel=\"canonical\" href=\"https:\/\/www.radlobby.org\/noe\/radlobby-fahrradklima-test-2022\/\" \/>\n<meta property=\"og:locale\" content=\"de_DE\" \/>\n<meta property=\"og:type\" content=\"article\" \/>\n<meta property=\"og:title\" content=\"Radlobby Fahrradklima-Test 2022 - Radlobby Nieder\u00f6sterreich\" \/>\n<meta property=\"og:description\" content=\"Der Radlobby Fahrradklima-Test erfasst die Zufriedenheit mit den Alltagsradrouten in \u00d6sterreich. Vom 1. 9. bis 30. 11. 2022 k\u00f6nnen Radfahrende das Fahrradklima in ihren Gemeinden bewerten.\" \/>\n<meta property=\"og:url\" content=\"https:\/\/www.radlobby.org\/noe\/radlobby-fahrradklima-test-2022\/\" \/>\n<meta property=\"og:site_name\" content=\"Radlobby Nieder\u00f6sterreich\" \/>\n<meta property=\"article:publisher\" content=\"https:\/\/www.facebook.com\/groups\/radfahren.in.noe\/\" \/>\n<meta property=\"article:published_time\" content=\"2022-09-05T16:11:47+00:00\" \/>\n<meta property=\"article:modified_time\" content=\"2024-01-10T14:02:58+00:00\" \/>\n<meta property=\"og:image\" content=\"https:\/\/www.radlobby.org\/noe\/wp-content\/uploads\/2022_fahrradklima-test_webbutton_1200x1200px.png\" \/>\n\t<meta property=\"og:image:width\" content=\"216\" \/>\n\t<meta property=\"og:image:height\" content=\"216\" \/>\n\t<meta property=\"og:image:type\" content=\"image\/png\" \/>\n<meta name=\"author\" content=\"Karl Zauner - Admin\" \/>\n<meta name=\"twitter:card\" content=\"summary_large_image\" \/>\n<meta name=\"twitter:label1\" content=\"Verfasst von\" \/>\n\t<meta name=\"twitter:data1\" content=\"Karl Zauner - Admin\" \/>\n\t<meta name=\"twitter:label2\" content=\"Gesch\u00e4tzte Lesezeit\" \/>\n\t<meta name=\"twitter:data2\" content=\"2\u00a0Minuten\" \/>\n<script type=\"application\/ld+json\" class=\"yoast-schema-graph\">{\"@context\":\"https:\/\/schema.org\",\"@graph\":[{\"@type\":\"Article\",\"@id\":\"https:\/\/www.radlobby.org\/noe\/radlobby-fahrradklima-test-2022\/#article\",\"isPartOf\":{\"@id\":\"https:\/\/www.radlobby.org\/noe\/radlobby-fahrradklima-test-2022\/\"},\"author\":{\"name\":\"Karl Zauner - Admin\",\"@id\":\"https:\/\/www.radlobby.org\/noe\/#\/schema\/person\/10547574c40a9e9ea65f92c73f3c516b\"},\"headline\":\"Radlobby Fahrradklima-Test 2022\",\"datePublished\":\"2022-09-05T16:11:47+00:00\",\"dateModified\":\"2024-01-10T14:02:58+00:00\",\"mainEntityOfPage\":{\"@id\":\"https:\/\/www.radlobby.org\/noe\/radlobby-fahrradklima-test-2022\/\"},\"wordCount\":270,\"publisher\":{\"@id\":\"https:\/\/www.radlobby.org\/noe\/#organization\"},\"image\":{\"@id\":\"https:\/\/www.radlobby.org\/noe\/radlobby-fahrradklima-test-2022\/#primaryimage\"},\"thumbnailUrl\":\"https:\/\/www.radlobby.org\/noe\/wp-content\/uploads\/2022_fahrradklima-test_webbutton_1200x1200px.png\",\"articleSection\":[\"Radlobby Bad Sauerbrunn\",\"Radlobby Bad V\u00f6slau\",\"Radlobby Baden\",\"Radlobby Bruck an der Leitha\",\"Radlobby Carnuntum\",\"Radlobby Deutsch-Wagram\",\"Radlobby Ebreichsdorf\",\"Radlobby Eichgraben\",\"Radlobby Enns-Donauwinkel\",\"Radlobby G\u00e4nserndorf\",\"Radlobby Gm\u00fcnd\",\"Radlobby Gro\u00df-Enzersdorf\",\"Radlobby Klosterneuburg\",\"Radlobby Korneuburg\",\"Radlobby Leithaebene\",\"Radlobby Melk\",\"Radlobby Mistelbach\",\"Radlobby M\u00f6dling\",\"Radlobby Nieder\u00f6sterreich\",\"Radlobby Poysdorf\",\"Radlobby Pressbaum\",\"Radlobby Purkersdorf\",\"Radlobby Retzer-Land\",\"Radlobby Schwarzatal\",\"Radlobby St. P\u00f6lten\",\"Radlobby Stockerau\",\"Radlobby Tulln\",\"Radlobby WaidhofenThaya\",\"Radlobby WaidhofenYbbs\",\"Radlobby Wiener Neustadt\",\"Radlobby Wolkersdorf\"],\"inLanguage\":\"de\"},{\"@type\":\"WebPage\",\"@id\":\"https:\/\/www.radlobby.org\/noe\/radlobby-fahrradklima-test-2022\/\",\"url\":\"https:\/\/www.radlobby.org\/noe\/radlobby-fahrradklima-test-2022\/\",\"name\":\"Radlobby Fahrradklima-Test 2022 - Radlobby Nieder\u00f6sterreich\",\"isPartOf\":{\"@id\":\"https:\/\/www.radlobby.org\/noe\/#website\"},\"primaryImageOfPage\":{\"@id\":\"https:\/\/www.radlobby.org\/noe\/radlobby-fahrradklima-test-2022\/#primaryimage\"},\"image\":{\"@id\":\"https:\/\/www.radlobby.org\/noe\/radlobby-fahrradklima-test-2022\/#primaryimage\"},\"thumbnailUrl\":\"https:\/\/www.radlobby.org\/noe\/wp-content\/uploads\/2022_fahrradklima-test_webbutton_1200x1200px.png\",\"datePublished\":\"2022-09-05T16:11:47+00:00\",\"dateModified\":\"2024-01-10T14:02:58+00:00\",\"breadcrumb\":{\"@id\":\"https:\/\/www.radlobby.org\/noe\/radlobby-fahrradklima-test-2022\/#breadcrumb\"},\"inLanguage\":\"de\",\"potentialAction\":[{\"@type\":\"ReadAction\",\"target\":[\"https:\/\/www.radlobby.org\/noe\/radlobby-fahrradklima-test-2022\/\"]}]},{\"@type\":\"ImageObject\",\"inLanguage\":\"de\",\"@id\":\"https:\/\/www.radlobby.org\/noe\/radlobby-fahrradklima-test-2022\/#primaryimage\",\"url\":\"https:\/\/www.radlobby.org\/noe\/wp-content\/uploads\/2022_fahrradklima-test_webbutton_1200x1200px.png\",\"contentUrl\":\"https:\/\/www.radlobby.org\/noe\/wp-content\/uploads\/2022_fahrradklima-test_webbutton_1200x1200px.png\",\"width\":216,\"height\":216},{\"@type\":\"BreadcrumbList\",\"@id\":\"https:\/\/www.radlobby.org\/noe\/radlobby-fahrradklima-test-2022\/#breadcrumb\",\"itemListElement\":[{\"@type\":\"ListItem\",\"position\":1,\"name\":\"Startseite\",\"item\":\"https:\/\/www.radlobby.org\/noe\/\"},{\"@type\":\"ListItem\",\"position\":2,\"name\":\"Radlobby Fahrradklima-Test 2022\"}]},{\"@type\":\"WebSite\",\"@id\":\"https:\/\/www.radlobby.org\/noe\/#website\",\"url\":\"https:\/\/www.radlobby.org\/noe\/\",\"name\":\"Radlobby Nieder\u00f6sterreich\",\"description\":\"Radverkehr, Fahrrad, Radfahren, Radreisen, Radtouren, Radweg\",\"publisher\":{\"@id\":\"https:\/\/www.radlobby.org\/noe\/#organization\"},\"potentialAction\":[{\"@type\":\"SearchAction\",\"target\":{\"@type\":\"EntryPoint\",\"urlTemplate\":\"https:\/\/www.radlobby.org\/noe\/?s={search_term_string}\"},\"query-input\":{\"@type\":\"PropertyValueSpecification\",\"valueRequired\":true,\"valueName\":\"search_term_string\"}}],\"inLanguage\":\"de\"},{\"@type\":\"Organization\",\"@id\":\"https:\/\/www.radlobby.org\/noe\/#organization\",\"name\":\"Radlobby Nieder\u00f6sterreich\",\"url\":\"https:\/\/www.radlobby.org\/noe\/\",\"logo\":{\"@type\":\"ImageObject\",\"inLanguage\":\"de\",\"@id\":\"https:\/\/www.radlobby.org\/noe\/#\/schema\/logo\/image\/\",\"url\":\"https:\/\/www.radlobby.org\/noe\/wp-content\/uploads\/2017\/01\/cropped-Logo_Radlobby_Niederoesterreich_50-400px_quer-1.jpg\",\"contentUrl\":\"https:\/\/www.radlobby.org\/noe\/wp-content\/uploads\/2017\/01\/cropped-Logo_Radlobby_Niederoesterreich_50-400px_quer-1.jpg\",\"width\":450,\"height\":124,\"caption\":\"Radlobby Nieder\u00f6sterreich\"},\"image\":{\"@id\":\"https:\/\/www.radlobby.org\/noe\/#\/schema\/logo\/image\/\"},\"sameAs\":[\"https:\/\/www.facebook.com\/groups\/radfahren.in.noe\/\"]},{\"@type\":\"Person\",\"@id\":\"https:\/\/www.radlobby.org\/noe\/#\/schema\/person\/10547574c40a9e9ea65f92c73f3c516b\",\"name\":\"Karl Zauner - Admin\",\"image\":{\"@type\":\"ImageObject\",\"inLanguage\":\"de\",\"@id\":\"https:\/\/www.radlobby.org\/noe\/#\/schema\/person\/image\/\",\"url\":\"https:\/\/secure.gravatar.com\/avatar\/c0be6303c1ffe16a7b1c79e07b12d4b29176a733c2a5e811b749965d4be12138?s=96&d=mm&r=g\",\"contentUrl\":\"https:\/\/secure.gravatar.com\/avatar\/c0be6303c1ffe16a7b1c79e07b12d4b29176a733c2a5e811b749965d4be12138?s=96&d=mm&r=g\",\"caption\":\"Karl Zauner - Admin\"},\"url\":\"https:\/\/www.radlobby.org\/noe\/author\/karlzauneradmin\/\"}]}<\/script>\n<!-- \/ Yoast SEO plugin. -->","yoast_head_json":{"title":"Radlobby Fahrradklima-Test 2022 - Radlobby Nieder\u00f6sterreich","robots":{"index":"index","follow":"follow","max-snippet":"max-snippet:-1","max-image-preview":"max-image-preview:large","max-video-preview":"max-video-preview:-1"},"canonical":"https:\/\/www.radlobby.org\/noe\/radlobby-fahrradklima-test-2022\/","og_locale":"de_DE","og_type":"article","og_title":"Radlobby Fahrradklima-Test 2022 - Radlobby Nieder\u00f6sterreich","og_description":"Der Radlobby Fahrradklima-Test erfasst die Zufriedenheit mit den Alltagsradrouten in \u00d6sterreich. Vom 1. 9. bis 30. 11. 2022 k\u00f6nnen Radfahrende das Fahrradklima in ihren Gemeinden bewerten.","og_url":"https:\/\/www.radlobby.org\/noe\/radlobby-fahrradklima-test-2022\/","og_site_name":"Radlobby Nieder\u00f6sterreich","article_publisher":"https:\/\/www.facebook.com\/groups\/radfahren.in.noe\/","article_published_time":"2022-09-05T16:11:47+00:00","article_modified_time":"2024-01-10T14:02:58+00:00","og_image":[{"width":216,"height":216,"url":"https:\/\/www.radlobby.org\/noe\/wp-content\/uploads\/2022_fahrradklima-test_webbutton_1200x1200px.png","type":"image\/png"}],"author":"Karl Zauner - Admin","twitter_card":"summary_large_image","twitter_misc":{"Verfasst von":"Karl Zauner - Admin","Gesch\u00e4tzte Lesezeit":"2\u00a0Minuten"},"schema":{"@context":"https:\/\/schema.org","@graph":[{"@type":"Article","@id":"https:\/\/www.radlobby.org\/noe\/radlobby-fahrradklima-test-2022\/#article","isPartOf":{"@id":"https:\/\/www.radlobby.org\/noe\/radlobby-fahrradklima-test-2022\/"},"author":{"name":"Karl Zauner - Admin","@id":"https:\/\/www.radlobby.org\/noe\/#\/schema\/person\/10547574c40a9e9ea65f92c73f3c516b"},"headline":"Radlobby Fahrradklima-Test 2022","datePublished":"2022-09-05T16:11:47+00:00","dateModified":"2024-01-10T14:02:58+00:00","mainEntityOfPage":{"@id":"https:\/\/www.radlobby.org\/noe\/radlobby-fahrradklima-test-2022\/"},"wordCount":270,"publisher":{"@id":"https:\/\/www.radlobby.org\/noe\/#organization"},"image":{"@id":"https:\/\/www.radlobby.org\/noe\/radlobby-fahrradklima-test-2022\/#primaryimage"},"thumbnailUrl":"https:\/\/www.radlobby.org\/noe\/wp-content\/uploads\/2022_fahrradklima-test_webbutton_1200x1200px.png","articleSection":["Radlobby Bad Sauerbrunn","Radlobby Bad V\u00f6slau","Radlobby Baden","Radlobby Bruck an der Leitha","Radlobby Carnuntum","Radlobby Deutsch-Wagram","Radlobby Ebreichsdorf","Radlobby Eichgraben","Radlobby Enns-Donauwinkel","Radlobby G\u00e4nserndorf","Radlobby Gm\u00fcnd","Radlobby Gro\u00df-Enzersdorf","Radlobby Klosterneuburg","Radlobby Korneuburg","Radlobby Leithaebene","Radlobby Melk","Radlobby Mistelbach","Radlobby M\u00f6dling","Radlobby Nieder\u00f6sterreich","Radlobby Poysdorf","Radlobby Pressbaum","Radlobby Purkersdorf","Radlobby Retzer-Land","Radlobby Schwarzatal","Radlobby St. P\u00f6lten","Radlobby Stockerau","Radlobby Tulln","Radlobby WaidhofenThaya","Radlobby WaidhofenYbbs","Radlobby Wiener Neustadt","Radlobby Wolkersdorf"],"inLanguage":"de"},{"@type":"WebPage","@id":"https:\/\/www.radlobby.org\/noe\/radlobby-fahrradklima-test-2022\/","url":"https:\/\/www.radlobby.org\/noe\/radlobby-fahrradklima-test-2022\/","name":"Radlobby Fahrradklima-Test 2022 - Radlobby Nieder\u00f6sterreich","isPartOf":{"@id":"https:\/\/www.radlobby.org\/noe\/#website"},"primaryImageOfPage":{"@id":"https:\/\/www.radlobby.org\/noe\/radlobby-fahrradklima-test-2022\/#primaryimage"},"image":{"@id":"https:\/\/www.radlobby.org\/noe\/radlobby-fahrradklima-test-2022\/#primaryimage"},"thumbnailUrl":"https:\/\/www.radlobby.org\/noe\/wp-content\/uploads\/2022_fahrradklima-test_webbutton_1200x1200px.png","datePublished":"2022-09-05T16:11:47+00:00","dateModified":"2024-01-10T14:02:58+00:00","breadcrumb":{"@id":"https:\/\/www.radlobby.org\/noe\/radlobby-fahrradklima-test-2022\/#breadcrumb"},"inLanguage":"de","potentialAction":[{"@type":"ReadAction","target":["https:\/\/www.radlobby.org\/noe\/radlobby-fahrradklima-test-2022\/"]}]},{"@type":"ImageObject","inLanguage":"de","@id":"https:\/\/www.radlobby.org\/noe\/radlobby-fahrradklima-test-2022\/#primaryimage","url":"https:\/\/www.radlobby.org\/noe\/wp-content\/uploads\/2022_fahrradklima-test_webbutton_1200x1200px.png","contentUrl":"https:\/\/www.radlobby.org\/noe\/wp-content\/uploads\/2022_fahrradklima-test_webbutton_1200x1200px.png","width":216,"height":216},{"@type":"BreadcrumbList","@id":"https:\/\/www.radlobby.org\/noe\/radlobby-fahrradklima-test-2022\/#breadcrumb","itemListElement":[{"@type":"ListItem","position":1,"name":"Startseite","item":"https:\/\/www.radlobby.org\/noe\/"},{"@type":"ListItem","position":2,"name":"Radlobby Fahrradklima-Test 2022"}]},{"@type":"WebSite","@id":"https:\/\/www.radlobby.org\/noe\/#website","url":"https:\/\/www.radlobby.org\/noe\/","name":"Radlobby Nieder\u00f6sterreich","description":"Radverkehr, Fahrrad, Radfahren, Radreisen, Radtouren, Radweg","publisher":{"@id":"https:\/\/www.radlobby.org\/noe\/#organization"},"potentialAction":[{"@type":"SearchAction","target":{"@type":"EntryPoint","urlTemplate":"https:\/\/www.radlobby.org\/noe\/?s={search_term_string}"},"query-input":{"@type":"PropertyValueSpecification","valueRequired":true,"valueName":"search_term_string"}}],"inLanguage":"de"},{"@type":"Organization","@id":"https:\/\/www.radlobby.org\/noe\/#organization","name":"Radlobby Nieder\u00f6sterreich","url":"https:\/\/www.radlobby.org\/noe\/","logo":{"@type":"ImageObject","inLanguage":"de","@id":"https:\/\/www.radlobby.org\/noe\/#\/schema\/logo\/image\/","url":"https:\/\/www.radlobby.org\/noe\/wp-content\/uploads\/2017\/01\/cropped-Logo_Radlobby_Niederoesterreich_50-400px_quer-1.jpg","contentUrl":"https:\/\/www.radlobby.org\/noe\/wp-content\/uploads\/2017\/01\/cropped-Logo_Radlobby_Niederoesterreich_50-400px_quer-1.jpg","width":450,"height":124,"caption":"Radlobby Nieder\u00f6sterreich"},"image":{"@id":"https:\/\/www.radlobby.org\/noe\/#\/schema\/logo\/image\/"},"sameAs":["https:\/\/www.facebook.com\/groups\/radfahren.in.noe\/"]},{"@type":"Person","@id":"https:\/\/www.radlobby.org\/noe\/#\/schema\/person\/10547574c40a9e9ea65f92c73f3c516b","name":"Karl Zauner - Admin","image":{"@type":"ImageObject","inLanguage":"de","@id":"https:\/\/www.radlobby.org\/noe\/#\/schema\/person\/image\/","url":"https:\/\/secure.gravatar.com\/avatar\/c0be6303c1ffe16a7b1c79e07b12d4b29176a733c2a5e811b749965d4be12138?s=96&d=mm&r=g","contentUrl":"https:\/\/secure.gravatar.com\/avatar\/c0be6303c1ffe16a7b1c79e07b12d4b29176a733c2a5e811b749965d4be12138?s=96&d=mm&r=g","caption":"Karl Zauner - Admin"},"url":"https:\/\/www.radlobby.org\/noe\/author\/karlzauneradmin\/"}]}},"_links":{"self":[{"href":"https:\/\/www.radlobby.org\/noe\/wp-json\/wp\/v2\/posts\/25015","targetHints":{"allow":["GET"]}}],"collection":[{"href":"https:\/\/www.radlobby.org\/noe\/wp-json\/wp\/v2\/posts"}],"about":[{"href":"https:\/\/www.radlobby.org\/noe\/wp-json\/wp\/v2\/types\/post"}],"author":[{"embeddable":true,"href":"https:\/\/www.radlobby.org\/noe\/wp-json\/wp\/v2\/users\/16"}],"replies":[{"embeddable":true,"href":"https:\/\/www.radlobby.org\/noe\/wp-json\/wp\/v2\/comments?post=25015"}],"version-history":[{"count":1,"href":"https:\/\/www.radlobby.org\/noe\/wp-json\/wp\/v2\/posts\/25015\/revisions"}],"predecessor-version":[{"id":32348,"href":"https:\/\/www.radlobby.org\/noe\/wp-json\/wp\/v2\/posts\/25015\/revisions\/32348"}],"wp:featuredmedia":[{"embeddable":true,"href":"https:\/\/www.radlobby.org\/noe\/wp-json\/wp\/v2\/media\/25016"}],"wp:attachment":[{"href":"https:\/\/www.radlobby.org\/noe\/wp-json\/wp\/v2\/media?parent=25015"}],"wp:term":[{"taxonomy":"category","embeddable":true,"href":"https:\/\/www.radlobby.org\/noe\/wp-json\/wp\/v2\/categories?post=25015"},{"taxonomy":"post_tag","embeddable":true,"href":"https:\/\/www.radlobby.org\/noe\/wp-json\/wp\/v2\/tags?post=25015"}],"curies":[{"name":"wp","href":"https:\/\/api.w.org\/{rel}","templated":true}]}}