{"id":24899,"date":"2022-08-25T18:35:08","date_gmt":"2022-08-25T16:35:08","guid":{"rendered":"https:\/\/www.radlobby.org\/noe\/?p=24899"},"modified":"2022-09-18T19:01:31","modified_gmt":"2022-09-18T17:01:31","slug":"gmuend-mobilitaetswoche_20220825","status":"publish","type":"post","link":"https:\/\/www.radlobby.org\/noe\/gmuend-mobilitaetswoche_20220825\/","title":{"rendered":"Radb\u00f6rse und Radparade in Gm\u00fcnd"},"content":{"rendered":"<p><strong><em>Im Rahmen der Europ\u00e4ischen Mobilit\u00e4tswoche (16. bis 22. September 2022) organisiert die Radlobby Gm\u00fcnd erstmals eine Radb\u00f6rse und eine Radparade.<br \/>\n<\/em><\/strong><\/p>\n<p>Die Stadtgemeinde Gm\u00fcnd nimmt heuer erstmals an der Europ\u00e4ischen Mobilit\u00e4tswoche teil. Die Radlobby Gm\u00fcnd ist in die Vorbereitungen eingebunden und beteiligt sich mit zwei eigenen Veranstaltungen: der ersten Radb\u00f6rse und der ersten Gm\u00fcnder Radparade.<\/p>\n<h4>Radb\u00f6rse: Samstag, 17. September 2022<\/h4>\n<p>Bei der AVIA-Station Gm\u00fcnd Mitte, 9:00\u201314:00<\/p>\n<h4>Radparade: Donnerstag, 22. September 2022<\/h4>\n<p>Treffpunkt Schubertplatz 16:00, Radparade 17:00<\/p>\n<h5><a href=\"https:\/\/www.radlobby.org\/noe\/wp-content\/uploads\/gmuend_2022_Radboerse_www.jpg\" data-src=\"https:\/\/www.radlobby.org\/noe\/wp-content\/uploads\/gmuend_2022_Radboerse_www.jpg\" data-thumb=\"https:\/\/www.radlobby.org\/noe\/wp-content\/uploads\/gmuend_2022_Radboerse_www.jpg\" class=\"ml-lightbox-enabled\"><img loading=\"lazy\" decoding=\"async\" class=\"alignnone\" src=\"https:\/\/www.radlobby.org\/noe\/wp-content\/uploads\/gmuend_2022_Radboerse_www.jpg\" alt=\"Flyer Radb\u00f6rse Gm\u00fcnd 2022\" width=\"370\" height=\"524\" \/><\/a> \u00a0\u00a0\u00a0\u00a0\u00a0\u00a0\u00a0\u00a0\u00a0\u00a0\u00a0\u00a0\u00a0\u00a0\u00a0\u00a0\u00a0\u00a0 <a href=\"https:\/\/www.radlobby.org\/noe\/wp-content\/uploads\/gmuend_2022_Radparade_web-klein.jpg\" data-src=\"https:\/\/www.radlobby.org\/noe\/wp-content\/uploads\/gmuend_2022_Radparade_web-klein.jpg\" data-thumb=\"https:\/\/www.radlobby.org\/noe\/wp-content\/uploads\/gmuend_2022_Radparade_web-klein.jpg\" class=\"ml-lightbox-enabled\"><img loading=\"lazy\" decoding=\"async\" class=\"alignnone\" src=\"https:\/\/www.radlobby.org\/noe\/wp-content\/uploads\/gmuend_2022_Radparade_web-klein.jpg\" alt=\"Flyer Radparade Gm\u00fcnd\" width=\"370\" height=\"524\" \/><\/a><\/h5>\n<blockquote>\n<h6>Wenn euch als Radfahrer:in oder auch Fu\u00dfg\u00e4nger:in in Gm\u00fcnd etwas fehlt, wenn ihr auf gef\u00e4hrliche Situationen sto\u00dft oder euch fragt, wie diese Radwege denn nun eigentlich zu benutzen sind &#8211; und nat\u00fcrlich auch, wenn ihr Anregungen habt, wie Radeln in Gm\u00fcnd sicherer und freudvoller werden kann, meldet euch bei uns &#8211; siehe <a href=\"https:\/\/www.radlobby.org\/noe\/gmuend-team\/\">Radlobby Gm\u00fcnd \u2013 Team<\/a>.<\/h6>\n<\/blockquote>\n<p>&nbsp;<\/p>\n","protected":false},"excerpt":{"rendered":"<p>Im Rahmen der Europ\u00e4ischen Mobilit\u00e4tswoche (16. bis 22. September 2022) organisiert die Radlobby Gm\u00fcnd erstmals eine Radb\u00f6rse und eine Radparade. Die Stadtgemeinde Gm\u00fcnd nimmt heuer erstmals an der Europ\u00e4ischen Mobilit\u00e4tswoche teil. Die Radlobby Gm\u00fcnd ist in die Vorbereitungen eingebunden und<\/p>\n","protected":false},"author":27,"featured_media":24904,"comment_status":"closed","ping_status":"closed","sticky":false,"template":"","format":"standard","meta":{"footnotes":""},"categories":[282,20],"tags":[72,222,69,41,30],"class_list":["post-24899","post","type-post","status-publish","format-standard","has-post-thumbnail","hentry","category-gmuend","category-niederoesterreich","tag-gemeinden","tag-mobilitaetswoche","tag-radbazar","tag-radboerse","tag-radparade"],"yoast_head":"<!-- This site is optimized with the Yoast SEO plugin v26.9 - https:\/\/yoast.com\/product\/yoast-seo-wordpress\/ -->\n<title>Radb\u00f6rse und Radparade in Gm\u00fcnd - Radlobby Nieder\u00f6sterreich<\/title>\n<meta name=\"description\" content=\"Europ\u00e4ische Mobilit\u00e4tswoche Radlobby Gm\u00fcnd Fahrradb\u00f6rse Radparade\" \/>\n<meta name=\"robots\" content=\"index, follow, max-snippet:-1, max-image-preview:large, max-video-preview:-1\" \/>\n<link rel=\"canonical\" href=\"https:\/\/www.radlobby.org\/noe\/gmuend-mobilitaetswoche_20220825\/\" \/>\n<meta property=\"og:locale\" content=\"de_DE\" \/>\n<meta property=\"og:type\" content=\"article\" \/>\n<meta property=\"og:title\" content=\"Radb\u00f6rse und Radparade in Gm\u00fcnd - Radlobby Nieder\u00f6sterreich\" \/>\n<meta property=\"og:description\" content=\"Europ\u00e4ische Mobilit\u00e4tswoche Radlobby Gm\u00fcnd Fahrradb\u00f6rse Radparade\" \/>\n<meta property=\"og:url\" content=\"https:\/\/www.radlobby.org\/noe\/gmuend-mobilitaetswoche_20220825\/\" \/>\n<meta property=\"og:site_name\" content=\"Radlobby Nieder\u00f6sterreich\" \/>\n<meta property=\"article:publisher\" content=\"https:\/\/www.facebook.com\/groups\/radfahren.in.noe\/\" \/>\n<meta property=\"article:published_time\" content=\"2022-08-25T16:35:08+00:00\" \/>\n<meta property=\"article:modified_time\" content=\"2022-09-18T17:01:31+00:00\" \/>\n<meta property=\"og:image\" content=\"https:\/\/www.radlobby.org\/noe\/wp-content\/uploads\/gmuend_radparade-mini-web.jpg\" \/>\n\t<meta property=\"og:image:width\" content=\"400\" \/>\n\t<meta property=\"og:image:height\" content=\"225\" \/>\n\t<meta property=\"og:image:type\" content=\"image\/jpeg\" \/>\n<meta name=\"author\" content=\"Kristin Harrich\" \/>\n<meta name=\"twitter:card\" content=\"summary_large_image\" \/>\n<meta name=\"twitter:label1\" content=\"Verfasst von\" \/>\n\t<meta name=\"twitter:data1\" content=\"Kristin Harrich\" \/>\n\t<meta name=\"twitter:label2\" content=\"Gesch\u00e4tzte Lesezeit\" \/>\n\t<meta name=\"twitter:data2\" content=\"2\u00a0Minuten\" \/>\n<script type=\"application\/ld+json\" class=\"yoast-schema-graph\">{\"@context\":\"https:\/\/schema.org\",\"@graph\":[{\"@type\":\"Article\",\"@id\":\"https:\/\/www.radlobby.org\/noe\/gmuend-mobilitaetswoche_20220825\/#article\",\"isPartOf\":{\"@id\":\"https:\/\/www.radlobby.org\/noe\/gmuend-mobilitaetswoche_20220825\/\"},\"author\":{\"name\":\"Kristin Harrich\",\"@id\":\"https:\/\/www.radlobby.org\/noe\/#\/schema\/person\/6b0053ef563e368f14308d7792bfbfc0\"},\"headline\":\"Radb\u00f6rse und Radparade in Gm\u00fcnd\",\"datePublished\":\"2022-08-25T16:35:08+00:00\",\"dateModified\":\"2022-09-18T17:01:31+00:00\",\"mainEntityOfPage\":{\"@id\":\"https:\/\/www.radlobby.org\/noe\/gmuend-mobilitaetswoche_20220825\/\"},\"wordCount\":150,\"publisher\":{\"@id\":\"https:\/\/www.radlobby.org\/noe\/#organization\"},\"image\":{\"@id\":\"https:\/\/www.radlobby.org\/noe\/gmuend-mobilitaetswoche_20220825\/#primaryimage\"},\"thumbnailUrl\":\"https:\/\/www.radlobby.org\/noe\/wp-content\/uploads\/gmuend_radparade-mini-web.jpg\",\"keywords\":[\"Gemeinden\",\"Mobilit\u00e4tswoche\",\"Radbazar\",\"Radb\u00f6rse\",\"Radparade\"],\"articleSection\":[\"Radlobby Gm\u00fcnd\",\"Radlobby Nieder\u00f6sterreich\"],\"inLanguage\":\"de\"},{\"@type\":\"WebPage\",\"@id\":\"https:\/\/www.radlobby.org\/noe\/gmuend-mobilitaetswoche_20220825\/\",\"url\":\"https:\/\/www.radlobby.org\/noe\/gmuend-mobilitaetswoche_20220825\/\",\"name\":\"Radb\u00f6rse und Radparade in Gm\u00fcnd - Radlobby Nieder\u00f6sterreich\",\"isPartOf\":{\"@id\":\"https:\/\/www.radlobby.org\/noe\/#website\"},\"primaryImageOfPage\":{\"@id\":\"https:\/\/www.radlobby.org\/noe\/gmuend-mobilitaetswoche_20220825\/#primaryimage\"},\"image\":{\"@id\":\"https:\/\/www.radlobby.org\/noe\/gmuend-mobilitaetswoche_20220825\/#primaryimage\"},\"thumbnailUrl\":\"https:\/\/www.radlobby.org\/noe\/wp-content\/uploads\/gmuend_radparade-mini-web.jpg\",\"datePublished\":\"2022-08-25T16:35:08+00:00\",\"dateModified\":\"2022-09-18T17:01:31+00:00\",\"description\":\"Europ\u00e4ische Mobilit\u00e4tswoche Radlobby Gm\u00fcnd Fahrradb\u00f6rse Radparade\",\"breadcrumb\":{\"@id\":\"https:\/\/www.radlobby.org\/noe\/gmuend-mobilitaetswoche_20220825\/#breadcrumb\"},\"inLanguage\":\"de\",\"potentialAction\":[{\"@type\":\"ReadAction\",\"target\":[\"https:\/\/www.radlobby.org\/noe\/gmuend-mobilitaetswoche_20220825\/\"]}]},{\"@type\":\"ImageObject\",\"inLanguage\":\"de\",\"@id\":\"https:\/\/www.radlobby.org\/noe\/gmuend-mobilitaetswoche_20220825\/#primaryimage\",\"url\":\"https:\/\/www.radlobby.org\/noe\/wp-content\/uploads\/gmuend_radparade-mini-web.jpg\",\"contentUrl\":\"https:\/\/www.radlobby.org\/noe\/wp-content\/uploads\/gmuend_radparade-mini-web.jpg\",\"width\":400,\"height\":225},{\"@type\":\"BreadcrumbList\",\"@id\":\"https:\/\/www.radlobby.org\/noe\/gmuend-mobilitaetswoche_20220825\/#breadcrumb\",\"itemListElement\":[{\"@type\":\"ListItem\",\"position\":1,\"name\":\"Startseite\",\"item\":\"https:\/\/www.radlobby.org\/noe\/\"},{\"@type\":\"ListItem\",\"position\":2,\"name\":\"Radb\u00f6rse und Radparade in Gm\u00fcnd\"}]},{\"@type\":\"WebSite\",\"@id\":\"https:\/\/www.radlobby.org\/noe\/#website\",\"url\":\"https:\/\/www.radlobby.org\/noe\/\",\"name\":\"Radlobby Nieder\u00f6sterreich\",\"description\":\"Radverkehr, Fahrrad, Radfahren, Radreisen, Radtouren, Radweg\",\"publisher\":{\"@id\":\"https:\/\/www.radlobby.org\/noe\/#organization\"},\"potentialAction\":[{\"@type\":\"SearchAction\",\"target\":{\"@type\":\"EntryPoint\",\"urlTemplate\":\"https:\/\/www.radlobby.org\/noe\/?s={search_term_string}\"},\"query-input\":{\"@type\":\"PropertyValueSpecification\",\"valueRequired\":true,\"valueName\":\"search_term_string\"}}],\"inLanguage\":\"de\"},{\"@type\":\"Organization\",\"@id\":\"https:\/\/www.radlobby.org\/noe\/#organization\",\"name\":\"Radlobby Nieder\u00f6sterreich\",\"url\":\"https:\/\/www.radlobby.org\/noe\/\",\"logo\":{\"@type\":\"ImageObject\",\"inLanguage\":\"de\",\"@id\":\"https:\/\/www.radlobby.org\/noe\/#\/schema\/logo\/image\/\",\"url\":\"https:\/\/www.radlobby.org\/noe\/wp-content\/uploads\/2017\/01\/cropped-Logo_Radlobby_Niederoesterreich_50-400px_quer-1.jpg\",\"contentUrl\":\"https:\/\/www.radlobby.org\/noe\/wp-content\/uploads\/2017\/01\/cropped-Logo_Radlobby_Niederoesterreich_50-400px_quer-1.jpg\",\"width\":450,\"height\":124,\"caption\":\"Radlobby Nieder\u00f6sterreich\"},\"image\":{\"@id\":\"https:\/\/www.radlobby.org\/noe\/#\/schema\/logo\/image\/\"},\"sameAs\":[\"https:\/\/www.facebook.com\/groups\/radfahren.in.noe\/\"]},{\"@type\":\"Person\",\"@id\":\"https:\/\/www.radlobby.org\/noe\/#\/schema\/person\/6b0053ef563e368f14308d7792bfbfc0\",\"name\":\"Kristin Harrich\",\"image\":{\"@type\":\"ImageObject\",\"inLanguage\":\"de\",\"@id\":\"https:\/\/www.radlobby.org\/noe\/#\/schema\/person\/image\/\",\"url\":\"https:\/\/secure.gravatar.com\/avatar\/fae3c9085f86cf2c3d0ec7ea03ae71cda2f36050a7f451f72c07840cdab68d7c?s=96&d=mm&r=g\",\"contentUrl\":\"https:\/\/secure.gravatar.com\/avatar\/fae3c9085f86cf2c3d0ec7ea03ae71cda2f36050a7f451f72c07840cdab68d7c?s=96&d=mm&r=g\",\"caption\":\"Kristin Harrich\"},\"url\":\"https:\/\/www.radlobby.org\/noe\/author\/kristinharrich\/\"}]}<\/script>\n<!-- \/ Yoast SEO plugin. -->","yoast_head_json":{"title":"Radb\u00f6rse und Radparade in Gm\u00fcnd - Radlobby Nieder\u00f6sterreich","description":"Europ\u00e4ische Mobilit\u00e4tswoche Radlobby Gm\u00fcnd Fahrradb\u00f6rse Radparade","robots":{"index":"index","follow":"follow","max-snippet":"max-snippet:-1","max-image-preview":"max-image-preview:large","max-video-preview":"max-video-preview:-1"},"canonical":"https:\/\/www.radlobby.org\/noe\/gmuend-mobilitaetswoche_20220825\/","og_locale":"de_DE","og_type":"article","og_title":"Radb\u00f6rse und Radparade in Gm\u00fcnd - Radlobby Nieder\u00f6sterreich","og_description":"Europ\u00e4ische Mobilit\u00e4tswoche Radlobby Gm\u00fcnd Fahrradb\u00f6rse Radparade","og_url":"https:\/\/www.radlobby.org\/noe\/gmuend-mobilitaetswoche_20220825\/","og_site_name":"Radlobby Nieder\u00f6sterreich","article_publisher":"https:\/\/www.facebook.com\/groups\/radfahren.in.noe\/","article_published_time":"2022-08-25T16:35:08+00:00","article_modified_time":"2022-09-18T17:01:31+00:00","og_image":[{"width":400,"height":225,"url":"https:\/\/www.radlobby.org\/noe\/wp-content\/uploads\/gmuend_radparade-mini-web.jpg","type":"image\/jpeg"}],"author":"Kristin Harrich","twitter_card":"summary_large_image","twitter_misc":{"Verfasst von":"Kristin Harrich","Gesch\u00e4tzte Lesezeit":"2\u00a0Minuten"},"schema":{"@context":"https:\/\/schema.org","@graph":[{"@type":"Article","@id":"https:\/\/www.radlobby.org\/noe\/gmuend-mobilitaetswoche_20220825\/#article","isPartOf":{"@id":"https:\/\/www.radlobby.org\/noe\/gmuend-mobilitaetswoche_20220825\/"},"author":{"name":"Kristin Harrich","@id":"https:\/\/www.radlobby.org\/noe\/#\/schema\/person\/6b0053ef563e368f14308d7792bfbfc0"},"headline":"Radb\u00f6rse und Radparade in Gm\u00fcnd","datePublished":"2022-08-25T16:35:08+00:00","dateModified":"2022-09-18T17:01:31+00:00","mainEntityOfPage":{"@id":"https:\/\/www.radlobby.org\/noe\/gmuend-mobilitaetswoche_20220825\/"},"wordCount":150,"publisher":{"@id":"https:\/\/www.radlobby.org\/noe\/#organization"},"image":{"@id":"https:\/\/www.radlobby.org\/noe\/gmuend-mobilitaetswoche_20220825\/#primaryimage"},"thumbnailUrl":"https:\/\/www.radlobby.org\/noe\/wp-content\/uploads\/gmuend_radparade-mini-web.jpg","keywords":["Gemeinden","Mobilit\u00e4tswoche","Radbazar","Radb\u00f6rse","Radparade"],"articleSection":["Radlobby Gm\u00fcnd","Radlobby Nieder\u00f6sterreich"],"inLanguage":"de"},{"@type":"WebPage","@id":"https:\/\/www.radlobby.org\/noe\/gmuend-mobilitaetswoche_20220825\/","url":"https:\/\/www.radlobby.org\/noe\/gmuend-mobilitaetswoche_20220825\/","name":"Radb\u00f6rse und Radparade in Gm\u00fcnd - Radlobby Nieder\u00f6sterreich","isPartOf":{"@id":"https:\/\/www.radlobby.org\/noe\/#website"},"primaryImageOfPage":{"@id":"https:\/\/www.radlobby.org\/noe\/gmuend-mobilitaetswoche_20220825\/#primaryimage"},"image":{"@id":"https:\/\/www.radlobby.org\/noe\/gmuend-mobilitaetswoche_20220825\/#primaryimage"},"thumbnailUrl":"https:\/\/www.radlobby.org\/noe\/wp-content\/uploads\/gmuend_radparade-mini-web.jpg","datePublished":"2022-08-25T16:35:08+00:00","dateModified":"2022-09-18T17:01:31+00:00","description":"Europ\u00e4ische Mobilit\u00e4tswoche Radlobby Gm\u00fcnd Fahrradb\u00f6rse Radparade","breadcrumb":{"@id":"https:\/\/www.radlobby.org\/noe\/gmuend-mobilitaetswoche_20220825\/#breadcrumb"},"inLanguage":"de","potentialAction":[{"@type":"ReadAction","target":["https:\/\/www.radlobby.org\/noe\/gmuend-mobilitaetswoche_20220825\/"]}]},{"@type":"ImageObject","inLanguage":"de","@id":"https:\/\/www.radlobby.org\/noe\/gmuend-mobilitaetswoche_20220825\/#primaryimage","url":"https:\/\/www.radlobby.org\/noe\/wp-content\/uploads\/gmuend_radparade-mini-web.jpg","contentUrl":"https:\/\/www.radlobby.org\/noe\/wp-content\/uploads\/gmuend_radparade-mini-web.jpg","width":400,"height":225},{"@type":"BreadcrumbList","@id":"https:\/\/www.radlobby.org\/noe\/gmuend-mobilitaetswoche_20220825\/#breadcrumb","itemListElement":[{"@type":"ListItem","position":1,"name":"Startseite","item":"https:\/\/www.radlobby.org\/noe\/"},{"@type":"ListItem","position":2,"name":"Radb\u00f6rse und Radparade in Gm\u00fcnd"}]},{"@type":"WebSite","@id":"https:\/\/www.radlobby.org\/noe\/#website","url":"https:\/\/www.radlobby.org\/noe\/","name":"Radlobby Nieder\u00f6sterreich","description":"Radverkehr, Fahrrad, Radfahren, Radreisen, Radtouren, Radweg","publisher":{"@id":"https:\/\/www.radlobby.org\/noe\/#organization"},"potentialAction":[{"@type":"SearchAction","target":{"@type":"EntryPoint","urlTemplate":"https:\/\/www.radlobby.org\/noe\/?s={search_term_string}"},"query-input":{"@type":"PropertyValueSpecification","valueRequired":true,"valueName":"search_term_string"}}],"inLanguage":"de"},{"@type":"Organization","@id":"https:\/\/www.radlobby.org\/noe\/#organization","name":"Radlobby Nieder\u00f6sterreich","url":"https:\/\/www.radlobby.org\/noe\/","logo":{"@type":"ImageObject","inLanguage":"de","@id":"https:\/\/www.radlobby.org\/noe\/#\/schema\/logo\/image\/","url":"https:\/\/www.radlobby.org\/noe\/wp-content\/uploads\/2017\/01\/cropped-Logo_Radlobby_Niederoesterreich_50-400px_quer-1.jpg","contentUrl":"https:\/\/www.radlobby.org\/noe\/wp-content\/uploads\/2017\/01\/cropped-Logo_Radlobby_Niederoesterreich_50-400px_quer-1.jpg","width":450,"height":124,"caption":"Radlobby Nieder\u00f6sterreich"},"image":{"@id":"https:\/\/www.radlobby.org\/noe\/#\/schema\/logo\/image\/"},"sameAs":["https:\/\/www.facebook.com\/groups\/radfahren.in.noe\/"]},{"@type":"Person","@id":"https:\/\/www.radlobby.org\/noe\/#\/schema\/person\/6b0053ef563e368f14308d7792bfbfc0","name":"Kristin Harrich","image":{"@type":"ImageObject","inLanguage":"de","@id":"https:\/\/www.radlobby.org\/noe\/#\/schema\/person\/image\/","url":"https:\/\/secure.gravatar.com\/avatar\/fae3c9085f86cf2c3d0ec7ea03ae71cda2f36050a7f451f72c07840cdab68d7c?s=96&d=mm&r=g","contentUrl":"https:\/\/secure.gravatar.com\/avatar\/fae3c9085f86cf2c3d0ec7ea03ae71cda2f36050a7f451f72c07840cdab68d7c?s=96&d=mm&r=g","caption":"Kristin Harrich"},"url":"https:\/\/www.radlobby.org\/noe\/author\/kristinharrich\/"}]}},"_links":{"self":[{"href":"https:\/\/www.radlobby.org\/noe\/wp-json\/wp\/v2\/posts\/24899","targetHints":{"allow":["GET"]}}],"collection":[{"href":"https:\/\/www.radlobby.org\/noe\/wp-json\/wp\/v2\/posts"}],"about":[{"href":"https:\/\/www.radlobby.org\/noe\/wp-json\/wp\/v2\/types\/post"}],"author":[{"embeddable":true,"href":"https:\/\/www.radlobby.org\/noe\/wp-json\/wp\/v2\/users\/27"}],"replies":[{"embeddable":true,"href":"https:\/\/www.radlobby.org\/noe\/wp-json\/wp\/v2\/comments?post=24899"}],"version-history":[{"count":0,"href":"https:\/\/www.radlobby.org\/noe\/wp-json\/wp\/v2\/posts\/24899\/revisions"}],"wp:featuredmedia":[{"embeddable":true,"href":"https:\/\/www.radlobby.org\/noe\/wp-json\/wp\/v2\/media\/24904"}],"wp:attachment":[{"href":"https:\/\/www.radlobby.org\/noe\/wp-json\/wp\/v2\/media?parent=24899"}],"wp:term":[{"taxonomy":"category","embeddable":true,"href":"https:\/\/www.radlobby.org\/noe\/wp-json\/wp\/v2\/categories?post=24899"},{"taxonomy":"post_tag","embeddable":true,"href":"https:\/\/www.radlobby.org\/noe\/wp-json\/wp\/v2\/tags?post=24899"}],"curies":[{"name":"wp","href":"https:\/\/api.w.org\/{rel}","templated":true}]}}