{"id":24866,"date":"2022-06-26T18:10:00","date_gmt":"2022-06-26T16:10:00","guid":{"rendered":"https:\/\/www.radlobby.org\/noe\/?p=24866"},"modified":"2022-08-25T18:42:20","modified_gmt":"2022-08-25T16:42:20","slug":"gmuend_noe100_220625","status":"publish","type":"post","link":"https:\/\/www.radlobby.org\/noe\/gmuend_noe100_220625\/","title":{"rendered":"\u201e100 Jahre N\u00d6\u201c: Radlobby Gm\u00fcnd beim Bezirksfest"},"content":{"rendered":"<p>Am 25. und 26. Juni 2022 fand im Gm\u00fcnder Schlosspark das Bezirksfest anl\u00e4sslich 100 Jahre Nieder\u00f6sterreich statt. Die Radlobby Gm\u00fcnd war eingeladen, sich mit einem Infostand im Schlosspark zu pr\u00e4sentieren.<\/p>\n<p>Zahlreiche Besucherinnen und Besucher aller Altersgruppen kamen beim Radlobby-Stand vorbei, informierten sich \u00fcber unsere Arbeit und nutzten die Gelegenheit zum Erfahrungsaustausch.<\/p>\n<p>Besondere Highlights am Samstag war der Reparatur-Stand des Fahrrad-Fachgesch\u00e4fts <a href=\"https:\/\/radfuchs-gmuend.at\/\" target=\"_blank\" rel=\"noopener\">Rad Fuchs Gm\u00fcnd<\/a>. Radmechaniker \u201eJimi\u201c erledigte kleine Reparaturen und gab wissenswerte Tipps aus der Praxis.<\/p>\n<p>Sch\u00fclerinnen und Sch\u00fcler der <a href=\"https:\/\/oekommsgmuend.edupage.org\/\" target=\"_blank\" rel=\"noopener\">\u00d6kofit-Mittelschule Gm\u00fcnd<\/a> sowie des <a href=\"http:\/\/www.bggmuend.ac.at\/\" target=\"_blank\" rel=\"noopener\">Gymnasiums Gm\u00fcnd<\/a> errichteten nebenan einen Geschicklichkeitsparcours, der ebenfalls viele junge Radler\/innen anlockte. Bei Bew\u00e4ltigung des Parcours gab es zur Belohnung einen Eisgutschein von Franzis Eisplatz&#8217;l.<\/p>\n<p>Die Radlobby-Mitglieder am Stand freuten sich \u00fcber die \u00fcberraschend zahlreichen Besucher. Wir danken allen f\u00fcrs Mitmachen und den beiden Sponsoren, dank deren Beitrag ein Besuch bei unserem Stand noch attraktiver wurde.<\/p>\n<div id=\"metaslider-id-24148\" style=\"width: 100%;\" class=\"ml-slider-3-105-0 metaslider metaslider-flex metaslider-24148 ml-slider has-carousel-mode ml-slider-lightbox-2-22-0 firelight-lightbox-2-3-17 ms-theme-default nav-hidden\" role=\"region\" aria-label=\"Radlobby Gm\u00fcnd @ 100 Jahre N\u00d6\" data-height=\"750\" data-width=\"750\">\n    <div id=\"metaslider_container_24148\">\n        <div id=\"metaslider_24148\" class=\"flexslider\">\n            <ul class='slides'>\n                <li style=\"display: none; width: 100%;\" class=\"slide-24888 ms-image \" aria-roledescription=\"slide\" data-date=\"2022-08-25 18:17:35\" data-filename=\"Gruppe-1_bezirksblatt.jpg\" data-slide-type=\"image\"><a href=\"https:\/\/www.radlobby.org\/noe\/wp-content\/uploads\/Gruppe-1_bezirksblatt.jpg\" data-src=\"https:\/\/www.radlobby.org\/noe\/wp-content\/uploads\/Gruppe-1_bezirksblatt.jpg\" data-thumb=\"https:\/\/www.radlobby.org\/noe\/wp-content\/uploads\/Gruppe-1_bezirksblatt.jpg\" class=\"ml-lightbox-enabled\"><img loading=\"lazy\" decoding=\"async\" width=\"1373\" height=\"984\" src=\"https:\/\/www.radlobby.org\/noe\/wp-content\/uploads\/Gruppe-1_bezirksblatt.jpg\" class=\"slider-24148 slide-24888 msDefaultImage\" alt=\"\" rel=\"\" title=\"Gruppe 1_bezirksblatt\" srcset=\"https:\/\/www.radlobby.org\/noe\/wp-content\/uploads\/Gruppe-1_bezirksblatt.jpg 1373w, https:\/\/www.radlobby.org\/noe\/wp-content\/uploads\/Gruppe-1_bezirksblatt-300x215.jpg 300w, https:\/\/www.radlobby.org\/noe\/wp-content\/uploads\/Gruppe-1_bezirksblatt-768x550.jpg 768w\" sizes=\"auto, (max-width: 1373px) 100vw, 1373px\" \/><\/a><\/li>\n                <li style=\"display: none; width: 100%;\" class=\"slide-24889 ms-image \" aria-roledescription=\"slide\" data-date=\"2022-08-25 18:17:35\" data-filename=\"gmuend_noefest_stand2-original-scaled.jpg\" data-slide-type=\"image\"><a href=\"https:\/\/www.radlobby.org\/noe\/wp-content\/uploads\/gmuend_noefest_stand2-original-scaled.jpg\" data-src=\"https:\/\/www.radlobby.org\/noe\/wp-content\/uploads\/gmuend_noefest_stand2-original-scaled.jpg\" data-thumb=\"https:\/\/www.radlobby.org\/noe\/wp-content\/uploads\/gmuend_noefest_stand2-original-scaled.jpg\" class=\"ml-lightbox-enabled\"><img loading=\"lazy\" decoding=\"async\" width=\"2560\" height=\"1915\" src=\"https:\/\/www.radlobby.org\/noe\/wp-content\/uploads\/gmuend_noefest_stand2-original-scaled.jpg\" class=\"slider-24148 slide-24889 msDefaultImage\" alt=\"\" rel=\"\" title=\"hdr\" srcset=\"https:\/\/www.radlobby.org\/noe\/wp-content\/uploads\/gmuend_noefest_stand2-original-scaled.jpg 2560w, https:\/\/www.radlobby.org\/noe\/wp-content\/uploads\/gmuend_noefest_stand2-original-300x224.jpg 300w, https:\/\/www.radlobby.org\/noe\/wp-content\/uploads\/gmuend_noefest_stand2-original-768x575.jpg 768w, https:\/\/www.radlobby.org\/noe\/wp-content\/uploads\/gmuend_noefest_stand2-original-1536x1149.jpg 1536w, https:\/\/www.radlobby.org\/noe\/wp-content\/uploads\/gmuend_noefest_stand2-original-2048x1532.jpg 2048w\" sizes=\"auto, (max-width: 2560px) 100vw, 2560px\" \/><\/a><div class=\"caption-wrap\"><div class=\"caption\">Infostand der Radlobby Gm\u00fcnd im Schlosspark<\/div><\/div><\/li>\n                <li style=\"display: none; width: 100%;\" class=\"slide-24891 ms-image \" aria-roledescription=\"slide\" data-date=\"2022-08-25 18:17:35\" data-filename=\"gmuend_noefest_radfuchs1.jpg\" data-slide-type=\"image\"><a href=\"https:\/\/www.radlobby.org\/noe\/wp-content\/uploads\/gmuend_noefest_radfuchs1.jpg\" data-src=\"https:\/\/www.radlobby.org\/noe\/wp-content\/uploads\/gmuend_noefest_radfuchs1.jpg\" data-thumb=\"https:\/\/www.radlobby.org\/noe\/wp-content\/uploads\/gmuend_noefest_radfuchs1.jpg\" class=\"ml-lightbox-enabled\"><img loading=\"lazy\" decoding=\"async\" width=\"1800\" height=\"1346\" src=\"https:\/\/www.radlobby.org\/noe\/wp-content\/uploads\/gmuend_noefest_radfuchs1.jpg\" class=\"slider-24148 slide-24891 msDefaultImage\" alt=\"\" rel=\"\" title=\"hdr\" srcset=\"https:\/\/www.radlobby.org\/noe\/wp-content\/uploads\/gmuend_noefest_radfuchs1.jpg 1800w, https:\/\/www.radlobby.org\/noe\/wp-content\/uploads\/gmuend_noefest_radfuchs1-300x224.jpg 300w, https:\/\/www.radlobby.org\/noe\/wp-content\/uploads\/gmuend_noefest_radfuchs1-768x574.jpg 768w, https:\/\/www.radlobby.org\/noe\/wp-content\/uploads\/gmuend_noefest_radfuchs1-1536x1149.jpg 1536w\" sizes=\"auto, (max-width: 1800px) 100vw, 1800px\" \/><\/a><div class=\"caption-wrap\"><div class=\"caption\">Reparaturservice von Rad Fuchs Gm\u00fcnd<\/div><\/div><\/li>\n                <li style=\"display: none; width: 100%;\" class=\"slide-24892 ms-image \" aria-roledescription=\"slide\" data-date=\"2022-08-25 18:17:35\" data-filename=\"gmuend_noefest_parcours2.jpg\" data-slide-type=\"image\"><a href=\"https:\/\/www.radlobby.org\/noe\/wp-content\/uploads\/gmuend_noefest_parcours2.jpg\" data-src=\"https:\/\/www.radlobby.org\/noe\/wp-content\/uploads\/gmuend_noefest_parcours2.jpg\" data-thumb=\"https:\/\/www.radlobby.org\/noe\/wp-content\/uploads\/gmuend_noefest_parcours2.jpg\" class=\"ml-lightbox-enabled\"><img loading=\"lazy\" decoding=\"async\" width=\"1800\" height=\"1346\" src=\"https:\/\/www.radlobby.org\/noe\/wp-content\/uploads\/gmuend_noefest_parcours2.jpg\" class=\"slider-24148 slide-24892 msDefaultImage\" alt=\"\" rel=\"\" title=\"dav\" srcset=\"https:\/\/www.radlobby.org\/noe\/wp-content\/uploads\/gmuend_noefest_parcours2.jpg 1800w, https:\/\/www.radlobby.org\/noe\/wp-content\/uploads\/gmuend_noefest_parcours2-300x224.jpg 300w, https:\/\/www.radlobby.org\/noe\/wp-content\/uploads\/gmuend_noefest_parcours2-768x574.jpg 768w, https:\/\/www.radlobby.org\/noe\/wp-content\/uploads\/gmuend_noefest_parcours2-1536x1149.jpg 1536w\" sizes=\"auto, (max-width: 1800px) 100vw, 1800px\" \/><\/a><div class=\"caption-wrap\"><div class=\"caption\">Geschicklichkeitsparcours betreut von BRG Gm\u00fcnd und MMS Gm\u00fcnd f\u00fcr Musik und \u00d6kologie<\/div><\/div><\/li>\n                <li style=\"display: none; width: 100%;\" class=\"slide-24893 ms-image \" aria-roledescription=\"slide\" data-date=\"2022-08-25 18:17:35\" data-filename=\"gmuend_noefest_parcours1.jpg\" data-slide-type=\"image\"><a href=\"https:\/\/www.radlobby.org\/noe\/wp-content\/uploads\/gmuend_noefest_parcours1.jpg\" data-src=\"https:\/\/www.radlobby.org\/noe\/wp-content\/uploads\/gmuend_noefest_parcours1.jpg\" data-thumb=\"https:\/\/www.radlobby.org\/noe\/wp-content\/uploads\/gmuend_noefest_parcours1.jpg\" class=\"ml-lightbox-enabled\"><img loading=\"lazy\" decoding=\"async\" width=\"1800\" height=\"1346\" src=\"https:\/\/www.radlobby.org\/noe\/wp-content\/uploads\/gmuend_noefest_parcours1.jpg\" class=\"slider-24148 slide-24893 msDefaultImage\" alt=\"\" rel=\"\" title=\"hdr\" srcset=\"https:\/\/www.radlobby.org\/noe\/wp-content\/uploads\/gmuend_noefest_parcours1.jpg 1800w, https:\/\/www.radlobby.org\/noe\/wp-content\/uploads\/gmuend_noefest_parcours1-300x224.jpg 300w, https:\/\/www.radlobby.org\/noe\/wp-content\/uploads\/gmuend_noefest_parcours1-768x574.jpg 768w, https:\/\/www.radlobby.org\/noe\/wp-content\/uploads\/gmuend_noefest_parcours1-1536x1149.jpg 1536w\" sizes=\"auto, (max-width: 1800px) 100vw, 1800px\" \/><\/a><div class=\"caption-wrap\"><div class=\"caption\">Geschicklichkeitsparcours betreut von BRG Gm\u00fcnd und MMS Gm\u00fcnd f\u00fcr Musik und \u00d6kologie<\/div><\/div><\/li>\n                <li style=\"display: none; width: 100%;\" class=\"slide-24897 ms-image \" aria-roledescription=\"slide\" data-date=\"2022-08-25 18:18:33\" data-filename=\"Buehne.jpg\" data-slide-type=\"image\"><a href=\"https:\/\/www.radlobby.org\/noe\/wp-content\/uploads\/Buehne.jpg\" data-src=\"https:\/\/www.radlobby.org\/noe\/wp-content\/uploads\/Buehne.jpg\" data-thumb=\"https:\/\/www.radlobby.org\/noe\/wp-content\/uploads\/Buehne.jpg\" class=\"ml-lightbox-enabled\"><img loading=\"lazy\" decoding=\"async\" width=\"1379\" height=\"973\" src=\"https:\/\/www.radlobby.org\/noe\/wp-content\/uploads\/Buehne.jpg\" class=\"slider-24148 slide-24897 msDefaultImage\" alt=\"\" rel=\"\" title=\"Buehne\" srcset=\"https:\/\/www.radlobby.org\/noe\/wp-content\/uploads\/Buehne.jpg 1379w, https:\/\/www.radlobby.org\/noe\/wp-content\/uploads\/Buehne-300x212.jpg 300w, https:\/\/www.radlobby.org\/noe\/wp-content\/uploads\/Buehne-768x542.jpg 768w\" sizes=\"auto, (max-width: 1379px) 100vw, 1379px\" \/><\/a><\/li>\n                <li style=\"display: none; width: 100%;\" class=\"slide-24894 ms-image \" aria-roledescription=\"slide\" data-date=\"2022-08-25 18:17:36\" data-filename=\"gmuend_noefest_carptrails.jpg\" data-slide-type=\"image\"><a href=\"https:\/\/www.radlobby.org\/noe\/wp-content\/uploads\/gmuend_noefest_carptrails.jpg\" data-src=\"https:\/\/www.radlobby.org\/noe\/wp-content\/uploads\/gmuend_noefest_carptrails.jpg\" data-thumb=\"https:\/\/www.radlobby.org\/noe\/wp-content\/uploads\/gmuend_noefest_carptrails.jpg\" class=\"ml-lightbox-enabled\"><img loading=\"lazy\" decoding=\"async\" width=\"1800\" height=\"1346\" src=\"https:\/\/www.radlobby.org\/noe\/wp-content\/uploads\/gmuend_noefest_carptrails.jpg\" class=\"slider-24148 slide-24894 msDefaultImage\" alt=\"\" rel=\"\" title=\"hdr\" srcset=\"https:\/\/www.radlobby.org\/noe\/wp-content\/uploads\/gmuend_noefest_carptrails.jpg 1800w, https:\/\/www.radlobby.org\/noe\/wp-content\/uploads\/gmuend_noefest_carptrails-300x224.jpg 300w, https:\/\/www.radlobby.org\/noe\/wp-content\/uploads\/gmuend_noefest_carptrails-768x574.jpg 768w, https:\/\/www.radlobby.org\/noe\/wp-content\/uploads\/gmuend_noefest_carptrails-1536x1149.jpg 1536w\" sizes=\"auto, (max-width: 1800px) 100vw, 1800px\" \/><\/a><div class=\"caption-wrap\"><div class=\"caption\">hdr<\/div><\/div><\/li>\n            <\/ul>\n        <\/div>\n        \n    <\/div>\n<\/div>\n<blockquote>\n<h6>Wenn euch als Radfahrer:in oder auch Fu\u00dfg\u00e4nger:in in Gm\u00fcnd etwas fehlt, wenn ihr auf gef\u00e4hrliche Situationen sto\u00dft oder euch fragt, wie diese Radwege denn nun eigentlich zu benutzen sind &#8211; und nat\u00fcrlich auch, wenn ihr Anregungen habt, wie Radeln in Gm\u00fcnd sicherer und freudvoller werden kann, meldet euch bei uns &#8211; siehe <a href=\"https:\/\/www.radlobby.org\/noe\/gmuend-team\/\">Radlobby Gm\u00fcnd \u2013 Team<\/a>.<\/h6>\n<\/blockquote>\n","protected":false},"excerpt":{"rendered":"<p>Am 25. und 26. Juni 2022 fand im Gm\u00fcnder Schlosspark das Bezirksfest anl\u00e4sslich 100 Jahre Nieder\u00f6sterreich statt. Die Radlobby Gm\u00fcnd war eingeladen, sich mit einem Infostand im Schlosspark zu pr\u00e4sentieren. Zahlreiche Besucherinnen und Besucher aller Altersgruppen kamen beim Radlobby-Stand vorbei,<\/p>\n","protected":false},"author":27,"featured_media":24868,"comment_status":"closed","ping_status":"closed","sticky":false,"template":"","format":"standard","meta":{"footnotes":""},"categories":[384,282],"tags":[72],"class_list":["post-24866","post","type-post","status-publish","format-standard","has-post-thumbnail","hentry","category-gemeinden-betriebe","category-gmuend","tag-gemeinden"],"yoast_head":"<!-- This site is optimized with the Yoast SEO plugin v26.9 - https:\/\/yoast.com\/product\/yoast-seo-wordpress\/ -->\n<title>\u201e100 Jahre N\u00d6\u201c: Radlobby Gm\u00fcnd beim Bezirksfest - Radlobby Nieder\u00f6sterreich<\/title>\n<meta name=\"description\" content=\"Infostand der Radlobby Gm\u00fcnd beim Bezirksfest 100 Jahre N\u00d6\" \/>\n<meta name=\"robots\" content=\"index, follow, max-snippet:-1, max-image-preview:large, max-video-preview:-1\" \/>\n<link rel=\"canonical\" href=\"https:\/\/www.radlobby.org\/noe\/gmuend_noe100_220625\/\" \/>\n<meta property=\"og:locale\" content=\"de_DE\" \/>\n<meta property=\"og:type\" content=\"article\" \/>\n<meta property=\"og:title\" content=\"\u201e100 Jahre N\u00d6\u201c: Radlobby Gm\u00fcnd beim Bezirksfest - Radlobby Nieder\u00f6sterreich\" \/>\n<meta property=\"og:description\" content=\"Infostand der Radlobby Gm\u00fcnd beim Bezirksfest 100 Jahre N\u00d6\" \/>\n<meta property=\"og:url\" content=\"https:\/\/www.radlobby.org\/noe\/gmuend_noe100_220625\/\" \/>\n<meta property=\"og:site_name\" content=\"Radlobby Nieder\u00f6sterreich\" \/>\n<meta property=\"article:publisher\" content=\"https:\/\/www.facebook.com\/groups\/radfahren.in.noe\/\" \/>\n<meta property=\"article:published_time\" content=\"2022-06-26T16:10:00+00:00\" \/>\n<meta property=\"article:modified_time\" content=\"2022-08-25T16:42:20+00:00\" \/>\n<meta property=\"og:image\" content=\"https:\/\/www.radlobby.org\/noe\/wp-content\/uploads\/gmuend_noefest_stand2.jpg\" \/>\n\t<meta property=\"og:image:width\" content=\"1090\" \/>\n\t<meta property=\"og:image:height\" content=\"815\" \/>\n\t<meta property=\"og:image:type\" content=\"image\/jpeg\" \/>\n<meta name=\"author\" content=\"Kristin Harrich\" \/>\n<meta name=\"twitter:card\" content=\"summary_large_image\" \/>\n<meta name=\"twitter:label1\" content=\"Verfasst von\" \/>\n\t<meta name=\"twitter:data1\" content=\"Kristin Harrich\" \/>\n\t<meta name=\"twitter:label2\" content=\"Gesch\u00e4tzte Lesezeit\" \/>\n\t<meta name=\"twitter:data2\" content=\"2\u00a0Minuten\" \/>\n<script type=\"application\/ld+json\" class=\"yoast-schema-graph\">{\"@context\":\"https:\/\/schema.org\",\"@graph\":[{\"@type\":\"Article\",\"@id\":\"https:\/\/www.radlobby.org\/noe\/gmuend_noe100_220625\/#article\",\"isPartOf\":{\"@id\":\"https:\/\/www.radlobby.org\/noe\/gmuend_noe100_220625\/\"},\"author\":{\"name\":\"Kristin Harrich\",\"@id\":\"https:\/\/www.radlobby.org\/noe\/#\/schema\/person\/6b0053ef563e368f14308d7792bfbfc0\"},\"headline\":\"\u201e100 Jahre N\u00d6\u201c: Radlobby Gm\u00fcnd beim Bezirksfest\",\"datePublished\":\"2022-06-26T16:10:00+00:00\",\"dateModified\":\"2022-08-25T16:42:20+00:00\",\"mainEntityOfPage\":{\"@id\":\"https:\/\/www.radlobby.org\/noe\/gmuend_noe100_220625\/\"},\"wordCount\":224,\"publisher\":{\"@id\":\"https:\/\/www.radlobby.org\/noe\/#organization\"},\"image\":{\"@id\":\"https:\/\/www.radlobby.org\/noe\/gmuend_noe100_220625\/#primaryimage\"},\"thumbnailUrl\":\"https:\/\/www.radlobby.org\/noe\/wp-content\/uploads\/gmuend_noefest_stand2.jpg\",\"keywords\":[\"Gemeinden\"],\"articleSection\":[\"Gemeinden &amp; Betriebe\",\"Radlobby Gm\u00fcnd\"],\"inLanguage\":\"de\"},{\"@type\":\"WebPage\",\"@id\":\"https:\/\/www.radlobby.org\/noe\/gmuend_noe100_220625\/\",\"url\":\"https:\/\/www.radlobby.org\/noe\/gmuend_noe100_220625\/\",\"name\":\"\u201e100 Jahre N\u00d6\u201c: Radlobby Gm\u00fcnd beim Bezirksfest - Radlobby Nieder\u00f6sterreich\",\"isPartOf\":{\"@id\":\"https:\/\/www.radlobby.org\/noe\/#website\"},\"primaryImageOfPage\":{\"@id\":\"https:\/\/www.radlobby.org\/noe\/gmuend_noe100_220625\/#primaryimage\"},\"image\":{\"@id\":\"https:\/\/www.radlobby.org\/noe\/gmuend_noe100_220625\/#primaryimage\"},\"thumbnailUrl\":\"https:\/\/www.radlobby.org\/noe\/wp-content\/uploads\/gmuend_noefest_stand2.jpg\",\"datePublished\":\"2022-06-26T16:10:00+00:00\",\"dateModified\":\"2022-08-25T16:42:20+00:00\",\"description\":\"Infostand der Radlobby Gm\u00fcnd beim Bezirksfest 100 Jahre N\u00d6\",\"breadcrumb\":{\"@id\":\"https:\/\/www.radlobby.org\/noe\/gmuend_noe100_220625\/#breadcrumb\"},\"inLanguage\":\"de\",\"potentialAction\":[{\"@type\":\"ReadAction\",\"target\":[\"https:\/\/www.radlobby.org\/noe\/gmuend_noe100_220625\/\"]}]},{\"@type\":\"ImageObject\",\"inLanguage\":\"de\",\"@id\":\"https:\/\/www.radlobby.org\/noe\/gmuend_noe100_220625\/#primaryimage\",\"url\":\"https:\/\/www.radlobby.org\/noe\/wp-content\/uploads\/gmuend_noefest_stand2.jpg\",\"contentUrl\":\"https:\/\/www.radlobby.org\/noe\/wp-content\/uploads\/gmuend_noefest_stand2.jpg\",\"width\":1090,\"height\":815,\"caption\":\"Radlobby Gm\u00fcnd, Bezirksfest 100 Jahre N\u00d6\"},{\"@type\":\"BreadcrumbList\",\"@id\":\"https:\/\/www.radlobby.org\/noe\/gmuend_noe100_220625\/#breadcrumb\",\"itemListElement\":[{\"@type\":\"ListItem\",\"position\":1,\"name\":\"Startseite\",\"item\":\"https:\/\/www.radlobby.org\/noe\/\"},{\"@type\":\"ListItem\",\"position\":2,\"name\":\"\u201e100 Jahre N\u00d6\u201c: Radlobby Gm\u00fcnd beim Bezirksfest\"}]},{\"@type\":\"WebSite\",\"@id\":\"https:\/\/www.radlobby.org\/noe\/#website\",\"url\":\"https:\/\/www.radlobby.org\/noe\/\",\"name\":\"Radlobby Nieder\u00f6sterreich\",\"description\":\"Radverkehr, Fahrrad, Radfahren, Radreisen, Radtouren, Radweg\",\"publisher\":{\"@id\":\"https:\/\/www.radlobby.org\/noe\/#organization\"},\"potentialAction\":[{\"@type\":\"SearchAction\",\"target\":{\"@type\":\"EntryPoint\",\"urlTemplate\":\"https:\/\/www.radlobby.org\/noe\/?s={search_term_string}\"},\"query-input\":{\"@type\":\"PropertyValueSpecification\",\"valueRequired\":true,\"valueName\":\"search_term_string\"}}],\"inLanguage\":\"de\"},{\"@type\":\"Organization\",\"@id\":\"https:\/\/www.radlobby.org\/noe\/#organization\",\"name\":\"Radlobby Nieder\u00f6sterreich\",\"url\":\"https:\/\/www.radlobby.org\/noe\/\",\"logo\":{\"@type\":\"ImageObject\",\"inLanguage\":\"de\",\"@id\":\"https:\/\/www.radlobby.org\/noe\/#\/schema\/logo\/image\/\",\"url\":\"https:\/\/www.radlobby.org\/noe\/wp-content\/uploads\/2017\/01\/cropped-Logo_Radlobby_Niederoesterreich_50-400px_quer-1.jpg\",\"contentUrl\":\"https:\/\/www.radlobby.org\/noe\/wp-content\/uploads\/2017\/01\/cropped-Logo_Radlobby_Niederoesterreich_50-400px_quer-1.jpg\",\"width\":450,\"height\":124,\"caption\":\"Radlobby Nieder\u00f6sterreich\"},\"image\":{\"@id\":\"https:\/\/www.radlobby.org\/noe\/#\/schema\/logo\/image\/\"},\"sameAs\":[\"https:\/\/www.facebook.com\/groups\/radfahren.in.noe\/\"]},{\"@type\":\"Person\",\"@id\":\"https:\/\/www.radlobby.org\/noe\/#\/schema\/person\/6b0053ef563e368f14308d7792bfbfc0\",\"name\":\"Kristin Harrich\",\"image\":{\"@type\":\"ImageObject\",\"inLanguage\":\"de\",\"@id\":\"https:\/\/www.radlobby.org\/noe\/#\/schema\/person\/image\/\",\"url\":\"https:\/\/secure.gravatar.com\/avatar\/fae3c9085f86cf2c3d0ec7ea03ae71cda2f36050a7f451f72c07840cdab68d7c?s=96&d=mm&r=g\",\"contentUrl\":\"https:\/\/secure.gravatar.com\/avatar\/fae3c9085f86cf2c3d0ec7ea03ae71cda2f36050a7f451f72c07840cdab68d7c?s=96&d=mm&r=g\",\"caption\":\"Kristin Harrich\"},\"url\":\"https:\/\/www.radlobby.org\/noe\/author\/kristinharrich\/\"}]}<\/script>\n<!-- \/ Yoast SEO plugin. -->","yoast_head_json":{"title":"\u201e100 Jahre N\u00d6\u201c: Radlobby Gm\u00fcnd beim Bezirksfest - Radlobby Nieder\u00f6sterreich","description":"Infostand der Radlobby Gm\u00fcnd beim Bezirksfest 100 Jahre N\u00d6","robots":{"index":"index","follow":"follow","max-snippet":"max-snippet:-1","max-image-preview":"max-image-preview:large","max-video-preview":"max-video-preview:-1"},"canonical":"https:\/\/www.radlobby.org\/noe\/gmuend_noe100_220625\/","og_locale":"de_DE","og_type":"article","og_title":"\u201e100 Jahre N\u00d6\u201c: Radlobby Gm\u00fcnd beim Bezirksfest - Radlobby Nieder\u00f6sterreich","og_description":"Infostand der Radlobby Gm\u00fcnd beim Bezirksfest 100 Jahre N\u00d6","og_url":"https:\/\/www.radlobby.org\/noe\/gmuend_noe100_220625\/","og_site_name":"Radlobby Nieder\u00f6sterreich","article_publisher":"https:\/\/www.facebook.com\/groups\/radfahren.in.noe\/","article_published_time":"2022-06-26T16:10:00+00:00","article_modified_time":"2022-08-25T16:42:20+00:00","og_image":[{"width":1090,"height":815,"url":"https:\/\/www.radlobby.org\/noe\/wp-content\/uploads\/gmuend_noefest_stand2.jpg","type":"image\/jpeg"}],"author":"Kristin Harrich","twitter_card":"summary_large_image","twitter_misc":{"Verfasst von":"Kristin Harrich","Gesch\u00e4tzte Lesezeit":"2\u00a0Minuten"},"schema":{"@context":"https:\/\/schema.org","@graph":[{"@type":"Article","@id":"https:\/\/www.radlobby.org\/noe\/gmuend_noe100_220625\/#article","isPartOf":{"@id":"https:\/\/www.radlobby.org\/noe\/gmuend_noe100_220625\/"},"author":{"name":"Kristin Harrich","@id":"https:\/\/www.radlobby.org\/noe\/#\/schema\/person\/6b0053ef563e368f14308d7792bfbfc0"},"headline":"\u201e100 Jahre N\u00d6\u201c: Radlobby Gm\u00fcnd beim Bezirksfest","datePublished":"2022-06-26T16:10:00+00:00","dateModified":"2022-08-25T16:42:20+00:00","mainEntityOfPage":{"@id":"https:\/\/www.radlobby.org\/noe\/gmuend_noe100_220625\/"},"wordCount":224,"publisher":{"@id":"https:\/\/www.radlobby.org\/noe\/#organization"},"image":{"@id":"https:\/\/www.radlobby.org\/noe\/gmuend_noe100_220625\/#primaryimage"},"thumbnailUrl":"https:\/\/www.radlobby.org\/noe\/wp-content\/uploads\/gmuend_noefest_stand2.jpg","keywords":["Gemeinden"],"articleSection":["Gemeinden &amp; Betriebe","Radlobby Gm\u00fcnd"],"inLanguage":"de"},{"@type":"WebPage","@id":"https:\/\/www.radlobby.org\/noe\/gmuend_noe100_220625\/","url":"https:\/\/www.radlobby.org\/noe\/gmuend_noe100_220625\/","name":"\u201e100 Jahre N\u00d6\u201c: Radlobby Gm\u00fcnd beim Bezirksfest - Radlobby Nieder\u00f6sterreich","isPartOf":{"@id":"https:\/\/www.radlobby.org\/noe\/#website"},"primaryImageOfPage":{"@id":"https:\/\/www.radlobby.org\/noe\/gmuend_noe100_220625\/#primaryimage"},"image":{"@id":"https:\/\/www.radlobby.org\/noe\/gmuend_noe100_220625\/#primaryimage"},"thumbnailUrl":"https:\/\/www.radlobby.org\/noe\/wp-content\/uploads\/gmuend_noefest_stand2.jpg","datePublished":"2022-06-26T16:10:00+00:00","dateModified":"2022-08-25T16:42:20+00:00","description":"Infostand der Radlobby Gm\u00fcnd beim Bezirksfest 100 Jahre N\u00d6","breadcrumb":{"@id":"https:\/\/www.radlobby.org\/noe\/gmuend_noe100_220625\/#breadcrumb"},"inLanguage":"de","potentialAction":[{"@type":"ReadAction","target":["https:\/\/www.radlobby.org\/noe\/gmuend_noe100_220625\/"]}]},{"@type":"ImageObject","inLanguage":"de","@id":"https:\/\/www.radlobby.org\/noe\/gmuend_noe100_220625\/#primaryimage","url":"https:\/\/www.radlobby.org\/noe\/wp-content\/uploads\/gmuend_noefest_stand2.jpg","contentUrl":"https:\/\/www.radlobby.org\/noe\/wp-content\/uploads\/gmuend_noefest_stand2.jpg","width":1090,"height":815,"caption":"Radlobby Gm\u00fcnd, Bezirksfest 100 Jahre N\u00d6"},{"@type":"BreadcrumbList","@id":"https:\/\/www.radlobby.org\/noe\/gmuend_noe100_220625\/#breadcrumb","itemListElement":[{"@type":"ListItem","position":1,"name":"Startseite","item":"https:\/\/www.radlobby.org\/noe\/"},{"@type":"ListItem","position":2,"name":"\u201e100 Jahre N\u00d6\u201c: Radlobby Gm\u00fcnd beim Bezirksfest"}]},{"@type":"WebSite","@id":"https:\/\/www.radlobby.org\/noe\/#website","url":"https:\/\/www.radlobby.org\/noe\/","name":"Radlobby Nieder\u00f6sterreich","description":"Radverkehr, Fahrrad, Radfahren, Radreisen, Radtouren, Radweg","publisher":{"@id":"https:\/\/www.radlobby.org\/noe\/#organization"},"potentialAction":[{"@type":"SearchAction","target":{"@type":"EntryPoint","urlTemplate":"https:\/\/www.radlobby.org\/noe\/?s={search_term_string}"},"query-input":{"@type":"PropertyValueSpecification","valueRequired":true,"valueName":"search_term_string"}}],"inLanguage":"de"},{"@type":"Organization","@id":"https:\/\/www.radlobby.org\/noe\/#organization","name":"Radlobby Nieder\u00f6sterreich","url":"https:\/\/www.radlobby.org\/noe\/","logo":{"@type":"ImageObject","inLanguage":"de","@id":"https:\/\/www.radlobby.org\/noe\/#\/schema\/logo\/image\/","url":"https:\/\/www.radlobby.org\/noe\/wp-content\/uploads\/2017\/01\/cropped-Logo_Radlobby_Niederoesterreich_50-400px_quer-1.jpg","contentUrl":"https:\/\/www.radlobby.org\/noe\/wp-content\/uploads\/2017\/01\/cropped-Logo_Radlobby_Niederoesterreich_50-400px_quer-1.jpg","width":450,"height":124,"caption":"Radlobby Nieder\u00f6sterreich"},"image":{"@id":"https:\/\/www.radlobby.org\/noe\/#\/schema\/logo\/image\/"},"sameAs":["https:\/\/www.facebook.com\/groups\/radfahren.in.noe\/"]},{"@type":"Person","@id":"https:\/\/www.radlobby.org\/noe\/#\/schema\/person\/6b0053ef563e368f14308d7792bfbfc0","name":"Kristin Harrich","image":{"@type":"ImageObject","inLanguage":"de","@id":"https:\/\/www.radlobby.org\/noe\/#\/schema\/person\/image\/","url":"https:\/\/secure.gravatar.com\/avatar\/fae3c9085f86cf2c3d0ec7ea03ae71cda2f36050a7f451f72c07840cdab68d7c?s=96&d=mm&r=g","contentUrl":"https:\/\/secure.gravatar.com\/avatar\/fae3c9085f86cf2c3d0ec7ea03ae71cda2f36050a7f451f72c07840cdab68d7c?s=96&d=mm&r=g","caption":"Kristin Harrich"},"url":"https:\/\/www.radlobby.org\/noe\/author\/kristinharrich\/"}]}},"_links":{"self":[{"href":"https:\/\/www.radlobby.org\/noe\/wp-json\/wp\/v2\/posts\/24866","targetHints":{"allow":["GET"]}}],"collection":[{"href":"https:\/\/www.radlobby.org\/noe\/wp-json\/wp\/v2\/posts"}],"about":[{"href":"https:\/\/www.radlobby.org\/noe\/wp-json\/wp\/v2\/types\/post"}],"author":[{"embeddable":true,"href":"https:\/\/www.radlobby.org\/noe\/wp-json\/wp\/v2\/users\/27"}],"replies":[{"embeddable":true,"href":"https:\/\/www.radlobby.org\/noe\/wp-json\/wp\/v2\/comments?post=24866"}],"version-history":[{"count":0,"href":"https:\/\/www.radlobby.org\/noe\/wp-json\/wp\/v2\/posts\/24866\/revisions"}],"wp:featuredmedia":[{"embeddable":true,"href":"https:\/\/www.radlobby.org\/noe\/wp-json\/wp\/v2\/media\/24868"}],"wp:attachment":[{"href":"https:\/\/www.radlobby.org\/noe\/wp-json\/wp\/v2\/media?parent=24866"}],"wp:term":[{"taxonomy":"category","embeddable":true,"href":"https:\/\/www.radlobby.org\/noe\/wp-json\/wp\/v2\/categories?post=24866"},{"taxonomy":"post_tag","embeddable":true,"href":"https:\/\/www.radlobby.org\/noe\/wp-json\/wp\/v2\/tags?post=24866"}],"curies":[{"name":"wp","href":"https:\/\/api.w.org\/{rel}","templated":true}]}}