{"id":24788,"date":"2022-08-20T08:46:56","date_gmt":"2022-08-20T06:46:56","guid":{"rendered":"https:\/\/www.radlobby.org\/noe\/?p=24788"},"modified":"2026-04-01T13:18:20","modified_gmt":"2026-04-01T11:18:20","slug":"grenzenlos-picknick-28-8","status":"publish","type":"post","link":"https:\/\/www.radlobby.org\/noe\/grenzenlos-picknick-28-8\/","title":{"rendered":"Bad V\u00f6slau | Grenzenlos Picknick 28.8.2022"},"content":{"rendered":"<p>Am 28.8. werden wir uns beim <a href=\"https:\/\/www.facebook.com\/groups\/769593926557226\/permalink\/2120078028175469\">Grenzenlos Picknick<\/a> im V\u00f6slauer Schlo\u00dfpark vorstellen und Parkrundfahrten mit einem Fahrradrikscha anbieten.<\/p>\n<p>Ganz im Sinne von Miteinander in V\u00f6slau d\u00fcrfen wir gemeinsam mit dem Verein <a href=\"https:\/\/www.voemit.at\/\">V\u00f6Mit<\/a> im Schlo\u00dfpark feiern, essen, spielen, &#8230; \ud83d\ude42<\/p>\n<p>Die Fahrradrikscha wird\u00a0 uns freundlicherweise vom Verein &#8220;<a href=\"https:\/\/www.primaklimaperchtoldsdorf.at\/unsere-projekte\/radeln-ohne-alter\">Radln ohne Alter<\/a>&#8221; aus Perchtoldsdorf zur Verf\u00fcgung gestellt.<\/p>\n<p>Wir freuen uns \u00fcber zahlreiches Kommen f\u00fcr ein Miteinander in Bad V\u00f6slau!<\/p>\n<figure id=\"attachment_24789\" aria-describedby=\"caption-attachment-24789\" style=\"width: 300px\" class=\"wp-caption alignnone\"><a href=\"https:\/\/www.facebook.com\/groups\/769593926557226\/\"><img loading=\"lazy\" decoding=\"async\" class=\"wp-image-24789 size-medium\" src=\"https:\/\/www.radlobby.org\/noe\/wp-content\/uploads\/Grenzenlos_2022-300x212.png\" alt=\"\" width=\"300\" height=\"212\" srcset=\"https:\/\/www.radlobby.org\/noe\/wp-content\/uploads\/Grenzenlos_2022-300x212.png 300w, https:\/\/www.radlobby.org\/noe\/wp-content\/uploads\/Grenzenlos_2022-768x543.png 768w, https:\/\/www.radlobby.org\/noe\/wp-content\/uploads\/Grenzenlos_2022-1536x1086.png 1536w, https:\/\/www.radlobby.org\/noe\/wp-content\/uploads\/Grenzenlos_2022-2048x1448.png 2048w\" sizes=\"auto, (max-width: 300px) 100vw, 300px\" \/><\/a><figcaption id=\"caption-attachment-24789\" class=\"wp-caption-text\">Bildrechte: V\u00d6MIT<\/figcaption><\/figure>\n","protected":false},"excerpt":{"rendered":"<p>Am 28.8. werden wir uns beim Grenzenlos Picknick im V\u00f6slauer Schlo\u00dfpark vorstellen und Parkrundfahrten mit einem Fahrradrikscha anbieten. Ganz im Sinne von Miteinander in V\u00f6slau d\u00fcrfen wir gemeinsam mit dem Verein V\u00f6Mit im Schlo\u00dfpark feiern, essen, spielen, &#8230; \ud83d\ude42 Die<\/p>\n","protected":false},"author":65,"featured_media":24789,"comment_status":"closed","ping_status":"closed","sticky":false,"template":"","format":"standard","meta":{"footnotes":""},"categories":[547],"tags":[],"class_list":["post-24788","post","type-post","status-publish","format-standard","has-post-thumbnail","hentry","category-badvoeslau"],"yoast_head":"<!-- This site is optimized with the Yoast SEO plugin v26.9 - https:\/\/yoast.com\/product\/yoast-seo-wordpress\/ -->\n<title>Bad V\u00f6slau | Grenzenlos Picknick 28.8.2022 - Radlobby Nieder\u00f6sterreich<\/title>\n<meta name=\"robots\" content=\"index, follow, max-snippet:-1, max-image-preview:large, max-video-preview:-1\" \/>\n<link rel=\"canonical\" href=\"https:\/\/www.radlobby.org\/noe\/grenzenlos-picknick-28-8\/\" \/>\n<meta property=\"og:locale\" content=\"de_DE\" \/>\n<meta property=\"og:type\" content=\"article\" \/>\n<meta property=\"og:title\" content=\"Bad V\u00f6slau | Grenzenlos Picknick 28.8.2022 - Radlobby Nieder\u00f6sterreich\" \/>\n<meta property=\"og:description\" content=\"Am 28.8. werden wir uns beim Grenzenlos Picknick im V\u00f6slauer Schlo\u00dfpark vorstellen und Parkrundfahrten mit einem Fahrradrikscha anbieten. Ganz im Sinne von Miteinander in V\u00f6slau d\u00fcrfen wir gemeinsam mit dem Verein V\u00f6Mit im Schlo\u00dfpark feiern, essen, spielen, &#8230; \ud83d\ude42 Die\" \/>\n<meta property=\"og:url\" content=\"https:\/\/www.radlobby.org\/noe\/grenzenlos-picknick-28-8\/\" \/>\n<meta property=\"og:site_name\" content=\"Radlobby Nieder\u00f6sterreich\" \/>\n<meta property=\"article:publisher\" content=\"https:\/\/www.facebook.com\/groups\/radfahren.in.noe\/\" \/>\n<meta property=\"article:published_time\" content=\"2022-08-20T06:46:56+00:00\" \/>\n<meta property=\"article:modified_time\" content=\"2026-04-01T11:18:20+00:00\" \/>\n<meta property=\"og:image\" content=\"https:\/\/www.radlobby.org\/noe\/wp-content\/uploads\/Grenzenlos_2022.png\" \/>\n\t<meta property=\"og:image:width\" content=\"750\" \/>\n\t<meta property=\"og:image:height\" content=\"530\" \/>\n\t<meta property=\"og:image:type\" content=\"image\/png\" \/>\n<meta name=\"author\" content=\"Laura Kafka\" \/>\n<meta name=\"twitter:card\" content=\"summary_large_image\" \/>\n<meta name=\"twitter:label1\" content=\"Verfasst von\" \/>\n\t<meta name=\"twitter:data1\" content=\"Laura Kafka\" \/>\n\t<meta name=\"twitter:label2\" content=\"Gesch\u00e4tzte Lesezeit\" \/>\n\t<meta name=\"twitter:data2\" content=\"1\u00a0Minute\" \/>\n<script type=\"application\/ld+json\" class=\"yoast-schema-graph\">{\"@context\":\"https:\/\/schema.org\",\"@graph\":[{\"@type\":\"Article\",\"@id\":\"https:\/\/www.radlobby.org\/noe\/grenzenlos-picknick-28-8\/#article\",\"isPartOf\":{\"@id\":\"https:\/\/www.radlobby.org\/noe\/grenzenlos-picknick-28-8\/\"},\"author\":{\"name\":\"Laura Kafka\",\"@id\":\"https:\/\/www.radlobby.org\/noe\/#\/schema\/person\/3d46d5baaa32e9fab65201812c570448\"},\"headline\":\"Bad V\u00f6slau | Grenzenlos Picknick 28.8.2022\",\"datePublished\":\"2022-08-20T06:46:56+00:00\",\"dateModified\":\"2026-04-01T11:18:20+00:00\",\"mainEntityOfPage\":{\"@id\":\"https:\/\/www.radlobby.org\/noe\/grenzenlos-picknick-28-8\/\"},\"wordCount\":88,\"publisher\":{\"@id\":\"https:\/\/www.radlobby.org\/noe\/#organization\"},\"image\":{\"@id\":\"https:\/\/www.radlobby.org\/noe\/grenzenlos-picknick-28-8\/#primaryimage\"},\"thumbnailUrl\":\"https:\/\/www.radlobby.org\/noe\/wp-content\/uploads\/Grenzenlos_2022.png\",\"articleSection\":[\"Radlobby Bad V\u00f6slau\"],\"inLanguage\":\"de\"},{\"@type\":\"WebPage\",\"@id\":\"https:\/\/www.radlobby.org\/noe\/grenzenlos-picknick-28-8\/\",\"url\":\"https:\/\/www.radlobby.org\/noe\/grenzenlos-picknick-28-8\/\",\"name\":\"Bad V\u00f6slau | Grenzenlos Picknick 28.8.2022 - Radlobby Nieder\u00f6sterreich\",\"isPartOf\":{\"@id\":\"https:\/\/www.radlobby.org\/noe\/#website\"},\"primaryImageOfPage\":{\"@id\":\"https:\/\/www.radlobby.org\/noe\/grenzenlos-picknick-28-8\/#primaryimage\"},\"image\":{\"@id\":\"https:\/\/www.radlobby.org\/noe\/grenzenlos-picknick-28-8\/#primaryimage\"},\"thumbnailUrl\":\"https:\/\/www.radlobby.org\/noe\/wp-content\/uploads\/Grenzenlos_2022.png\",\"datePublished\":\"2022-08-20T06:46:56+00:00\",\"dateModified\":\"2026-04-01T11:18:20+00:00\",\"breadcrumb\":{\"@id\":\"https:\/\/www.radlobby.org\/noe\/grenzenlos-picknick-28-8\/#breadcrumb\"},\"inLanguage\":\"de\",\"potentialAction\":[{\"@type\":\"ReadAction\",\"target\":[\"https:\/\/www.radlobby.org\/noe\/grenzenlos-picknick-28-8\/\"]}]},{\"@type\":\"ImageObject\",\"inLanguage\":\"de\",\"@id\":\"https:\/\/www.radlobby.org\/noe\/grenzenlos-picknick-28-8\/#primaryimage\",\"url\":\"https:\/\/www.radlobby.org\/noe\/wp-content\/uploads\/Grenzenlos_2022.png\",\"contentUrl\":\"https:\/\/www.radlobby.org\/noe\/wp-content\/uploads\/Grenzenlos_2022.png\",\"width\":2245,\"height\":1587},{\"@type\":\"BreadcrumbList\",\"@id\":\"https:\/\/www.radlobby.org\/noe\/grenzenlos-picknick-28-8\/#breadcrumb\",\"itemListElement\":[{\"@type\":\"ListItem\",\"position\":1,\"name\":\"Startseite\",\"item\":\"https:\/\/www.radlobby.org\/noe\/\"},{\"@type\":\"ListItem\",\"position\":2,\"name\":\"Bad V\u00f6slau | Grenzenlos Picknick 28.8.2022\"}]},{\"@type\":\"WebSite\",\"@id\":\"https:\/\/www.radlobby.org\/noe\/#website\",\"url\":\"https:\/\/www.radlobby.org\/noe\/\",\"name\":\"Radlobby Nieder\u00f6sterreich\",\"description\":\"Radverkehr, Fahrrad, Radfahren, Radreisen, Radtouren, Radweg\",\"publisher\":{\"@id\":\"https:\/\/www.radlobby.org\/noe\/#organization\"},\"potentialAction\":[{\"@type\":\"SearchAction\",\"target\":{\"@type\":\"EntryPoint\",\"urlTemplate\":\"https:\/\/www.radlobby.org\/noe\/?s={search_term_string}\"},\"query-input\":{\"@type\":\"PropertyValueSpecification\",\"valueRequired\":true,\"valueName\":\"search_term_string\"}}],\"inLanguage\":\"de\"},{\"@type\":\"Organization\",\"@id\":\"https:\/\/www.radlobby.org\/noe\/#organization\",\"name\":\"Radlobby Nieder\u00f6sterreich\",\"url\":\"https:\/\/www.radlobby.org\/noe\/\",\"logo\":{\"@type\":\"ImageObject\",\"inLanguage\":\"de\",\"@id\":\"https:\/\/www.radlobby.org\/noe\/#\/schema\/logo\/image\/\",\"url\":\"https:\/\/www.radlobby.org\/noe\/wp-content\/uploads\/2017\/01\/cropped-Logo_Radlobby_Niederoesterreich_50-400px_quer-1.jpg\",\"contentUrl\":\"https:\/\/www.radlobby.org\/noe\/wp-content\/uploads\/2017\/01\/cropped-Logo_Radlobby_Niederoesterreich_50-400px_quer-1.jpg\",\"width\":450,\"height\":124,\"caption\":\"Radlobby Nieder\u00f6sterreich\"},\"image\":{\"@id\":\"https:\/\/www.radlobby.org\/noe\/#\/schema\/logo\/image\/\"},\"sameAs\":[\"https:\/\/www.facebook.com\/groups\/radfahren.in.noe\/\"]},{\"@type\":\"Person\",\"@id\":\"https:\/\/www.radlobby.org\/noe\/#\/schema\/person\/3d46d5baaa32e9fab65201812c570448\",\"name\":\"Laura Kafka\",\"image\":{\"@type\":\"ImageObject\",\"inLanguage\":\"de\",\"@id\":\"https:\/\/www.radlobby.org\/noe\/#\/schema\/person\/image\/\",\"url\":\"https:\/\/secure.gravatar.com\/avatar\/141ec437f27b3084bc6c91857d881288555812a76d2e9c6af9f4ba5f626465e7?s=96&d=mm&r=g\",\"contentUrl\":\"https:\/\/secure.gravatar.com\/avatar\/141ec437f27b3084bc6c91857d881288555812a76d2e9c6af9f4ba5f626465e7?s=96&d=mm&r=g\",\"caption\":\"Laura Kafka\"},\"url\":\"https:\/\/www.radlobby.org\/noe\/author\/laura-kafka\/\"}]}<\/script>\n<!-- \/ Yoast SEO plugin. -->","yoast_head_json":{"title":"Bad V\u00f6slau | Grenzenlos Picknick 28.8.2022 - Radlobby Nieder\u00f6sterreich","robots":{"index":"index","follow":"follow","max-snippet":"max-snippet:-1","max-image-preview":"max-image-preview:large","max-video-preview":"max-video-preview:-1"},"canonical":"https:\/\/www.radlobby.org\/noe\/grenzenlos-picknick-28-8\/","og_locale":"de_DE","og_type":"article","og_title":"Bad V\u00f6slau | Grenzenlos Picknick 28.8.2022 - Radlobby Nieder\u00f6sterreich","og_description":"Am 28.8. werden wir uns beim Grenzenlos Picknick im V\u00f6slauer Schlo\u00dfpark vorstellen und Parkrundfahrten mit einem Fahrradrikscha anbieten. Ganz im Sinne von Miteinander in V\u00f6slau d\u00fcrfen wir gemeinsam mit dem Verein V\u00f6Mit im Schlo\u00dfpark feiern, essen, spielen, &#8230; \ud83d\ude42 Die","og_url":"https:\/\/www.radlobby.org\/noe\/grenzenlos-picknick-28-8\/","og_site_name":"Radlobby Nieder\u00f6sterreich","article_publisher":"https:\/\/www.facebook.com\/groups\/radfahren.in.noe\/","article_published_time":"2022-08-20T06:46:56+00:00","article_modified_time":"2026-04-01T11:18:20+00:00","og_image":[{"url":"https:\/\/www.radlobby.org\/noe\/wp-content\/uploads\/Grenzenlos_2022.png","width":750,"height":530,"type":"image\/png"}],"author":"Laura Kafka","twitter_card":"summary_large_image","twitter_misc":{"Verfasst von":"Laura Kafka","Gesch\u00e4tzte Lesezeit":"1\u00a0Minute"},"schema":{"@context":"https:\/\/schema.org","@graph":[{"@type":"Article","@id":"https:\/\/www.radlobby.org\/noe\/grenzenlos-picknick-28-8\/#article","isPartOf":{"@id":"https:\/\/www.radlobby.org\/noe\/grenzenlos-picknick-28-8\/"},"author":{"name":"Laura Kafka","@id":"https:\/\/www.radlobby.org\/noe\/#\/schema\/person\/3d46d5baaa32e9fab65201812c570448"},"headline":"Bad V\u00f6slau | Grenzenlos Picknick 28.8.2022","datePublished":"2022-08-20T06:46:56+00:00","dateModified":"2026-04-01T11:18:20+00:00","mainEntityOfPage":{"@id":"https:\/\/www.radlobby.org\/noe\/grenzenlos-picknick-28-8\/"},"wordCount":88,"publisher":{"@id":"https:\/\/www.radlobby.org\/noe\/#organization"},"image":{"@id":"https:\/\/www.radlobby.org\/noe\/grenzenlos-picknick-28-8\/#primaryimage"},"thumbnailUrl":"https:\/\/www.radlobby.org\/noe\/wp-content\/uploads\/Grenzenlos_2022.png","articleSection":["Radlobby Bad V\u00f6slau"],"inLanguage":"de"},{"@type":"WebPage","@id":"https:\/\/www.radlobby.org\/noe\/grenzenlos-picknick-28-8\/","url":"https:\/\/www.radlobby.org\/noe\/grenzenlos-picknick-28-8\/","name":"Bad V\u00f6slau | Grenzenlos Picknick 28.8.2022 - Radlobby Nieder\u00f6sterreich","isPartOf":{"@id":"https:\/\/www.radlobby.org\/noe\/#website"},"primaryImageOfPage":{"@id":"https:\/\/www.radlobby.org\/noe\/grenzenlos-picknick-28-8\/#primaryimage"},"image":{"@id":"https:\/\/www.radlobby.org\/noe\/grenzenlos-picknick-28-8\/#primaryimage"},"thumbnailUrl":"https:\/\/www.radlobby.org\/noe\/wp-content\/uploads\/Grenzenlos_2022.png","datePublished":"2022-08-20T06:46:56+00:00","dateModified":"2026-04-01T11:18:20+00:00","breadcrumb":{"@id":"https:\/\/www.radlobby.org\/noe\/grenzenlos-picknick-28-8\/#breadcrumb"},"inLanguage":"de","potentialAction":[{"@type":"ReadAction","target":["https:\/\/www.radlobby.org\/noe\/grenzenlos-picknick-28-8\/"]}]},{"@type":"ImageObject","inLanguage":"de","@id":"https:\/\/www.radlobby.org\/noe\/grenzenlos-picknick-28-8\/#primaryimage","url":"https:\/\/www.radlobby.org\/noe\/wp-content\/uploads\/Grenzenlos_2022.png","contentUrl":"https:\/\/www.radlobby.org\/noe\/wp-content\/uploads\/Grenzenlos_2022.png","width":2245,"height":1587},{"@type":"BreadcrumbList","@id":"https:\/\/www.radlobby.org\/noe\/grenzenlos-picknick-28-8\/#breadcrumb","itemListElement":[{"@type":"ListItem","position":1,"name":"Startseite","item":"https:\/\/www.radlobby.org\/noe\/"},{"@type":"ListItem","position":2,"name":"Bad V\u00f6slau | Grenzenlos Picknick 28.8.2022"}]},{"@type":"WebSite","@id":"https:\/\/www.radlobby.org\/noe\/#website","url":"https:\/\/www.radlobby.org\/noe\/","name":"Radlobby Nieder\u00f6sterreich","description":"Radverkehr, Fahrrad, Radfahren, Radreisen, Radtouren, Radweg","publisher":{"@id":"https:\/\/www.radlobby.org\/noe\/#organization"},"potentialAction":[{"@type":"SearchAction","target":{"@type":"EntryPoint","urlTemplate":"https:\/\/www.radlobby.org\/noe\/?s={search_term_string}"},"query-input":{"@type":"PropertyValueSpecification","valueRequired":true,"valueName":"search_term_string"}}],"inLanguage":"de"},{"@type":"Organization","@id":"https:\/\/www.radlobby.org\/noe\/#organization","name":"Radlobby Nieder\u00f6sterreich","url":"https:\/\/www.radlobby.org\/noe\/","logo":{"@type":"ImageObject","inLanguage":"de","@id":"https:\/\/www.radlobby.org\/noe\/#\/schema\/logo\/image\/","url":"https:\/\/www.radlobby.org\/noe\/wp-content\/uploads\/2017\/01\/cropped-Logo_Radlobby_Niederoesterreich_50-400px_quer-1.jpg","contentUrl":"https:\/\/www.radlobby.org\/noe\/wp-content\/uploads\/2017\/01\/cropped-Logo_Radlobby_Niederoesterreich_50-400px_quer-1.jpg","width":450,"height":124,"caption":"Radlobby Nieder\u00f6sterreich"},"image":{"@id":"https:\/\/www.radlobby.org\/noe\/#\/schema\/logo\/image\/"},"sameAs":["https:\/\/www.facebook.com\/groups\/radfahren.in.noe\/"]},{"@type":"Person","@id":"https:\/\/www.radlobby.org\/noe\/#\/schema\/person\/3d46d5baaa32e9fab65201812c570448","name":"Laura Kafka","image":{"@type":"ImageObject","inLanguage":"de","@id":"https:\/\/www.radlobby.org\/noe\/#\/schema\/person\/image\/","url":"https:\/\/secure.gravatar.com\/avatar\/141ec437f27b3084bc6c91857d881288555812a76d2e9c6af9f4ba5f626465e7?s=96&d=mm&r=g","contentUrl":"https:\/\/secure.gravatar.com\/avatar\/141ec437f27b3084bc6c91857d881288555812a76d2e9c6af9f4ba5f626465e7?s=96&d=mm&r=g","caption":"Laura Kafka"},"url":"https:\/\/www.radlobby.org\/noe\/author\/laura-kafka\/"}]}},"_links":{"self":[{"href":"https:\/\/www.radlobby.org\/noe\/wp-json\/wp\/v2\/posts\/24788","targetHints":{"allow":["GET"]}}],"collection":[{"href":"https:\/\/www.radlobby.org\/noe\/wp-json\/wp\/v2\/posts"}],"about":[{"href":"https:\/\/www.radlobby.org\/noe\/wp-json\/wp\/v2\/types\/post"}],"author":[{"embeddable":true,"href":"https:\/\/www.radlobby.org\/noe\/wp-json\/wp\/v2\/users\/65"}],"replies":[{"embeddable":true,"href":"https:\/\/www.radlobby.org\/noe\/wp-json\/wp\/v2\/comments?post=24788"}],"version-history":[{"count":1,"href":"https:\/\/www.radlobby.org\/noe\/wp-json\/wp\/v2\/posts\/24788\/revisions"}],"predecessor-version":[{"id":41643,"href":"https:\/\/www.radlobby.org\/noe\/wp-json\/wp\/v2\/posts\/24788\/revisions\/41643"}],"wp:featuredmedia":[{"embeddable":true,"href":"https:\/\/www.radlobby.org\/noe\/wp-json\/wp\/v2\/media\/24789"}],"wp:attachment":[{"href":"https:\/\/www.radlobby.org\/noe\/wp-json\/wp\/v2\/media?parent=24788"}],"wp:term":[{"taxonomy":"category","embeddable":true,"href":"https:\/\/www.radlobby.org\/noe\/wp-json\/wp\/v2\/categories?post=24788"},{"taxonomy":"post_tag","embeddable":true,"href":"https:\/\/www.radlobby.org\/noe\/wp-json\/wp\/v2\/tags?post=24788"}],"curies":[{"name":"wp","href":"https:\/\/api.w.org\/{rel}","templated":true}]}}