{"id":24592,"date":"2022-06-27T21:47:52","date_gmt":"2022-06-27T19:47:52","guid":{"rendered":"https:\/\/www.radlobby.org\/noe\/?p=24592"},"modified":"2022-06-30T21:49:57","modified_gmt":"2022-06-30T19:49:57","slug":"radlobby-foerdert-mobilitaet-im-kindergarten","status":"publish","type":"post","link":"https:\/\/www.radlobby.org\/noe\/radlobby-foerdert-mobilitaet-im-kindergarten\/","title":{"rendered":"Radlobby f\u00f6rdert Mobilit\u00e4t im Kindergarten"},"content":{"rendered":"<p>Die Radlobby Wolkersdorf f\u00f6rdert schon bei den Kleinsten die Lust an Bewegung!<br \/>\nAus den Einnahmen des Radbazars 2022 wurden dieses Mal dem Kindergarten M\u00fcnichsthal ein Ampel zur Verkehrserziehung und eine eine Dreh- und Balancierscheibe finanziert.<\/p>\n<p><a href=\"https:\/\/www.radlobby.org\/noe\/wp-content\/uploads\/Spende_KIGA_Muenichsthal.jpg\" data-src=\"https:\/\/www.radlobby.org\/noe\/wp-content\/uploads\/Spende_KIGA_Muenichsthal.jpg\" data-thumb=\"https:\/\/www.radlobby.org\/noe\/wp-content\/uploads\/Spende_KIGA_Muenichsthal-300x225.jpg\" class=\"ml-lightbox-enabled\"><img loading=\"lazy\" decoding=\"async\" class=\"alignnone wp-image-24596 size-medium\" src=\"https:\/\/www.radlobby.org\/noe\/wp-content\/uploads\/Spende_KIGA_Muenichsthal-300x225.jpg\" alt=\"\" width=\"300\" height=\"225\" srcset=\"https:\/\/www.radlobby.org\/noe\/wp-content\/uploads\/Spende_KIGA_Muenichsthal-300x225.jpg 300w, https:\/\/www.radlobby.org\/noe\/wp-content\/uploads\/Spende_KIGA_Muenichsthal-768x576.jpg 768w, https:\/\/www.radlobby.org\/noe\/wp-content\/uploads\/Spende_KIGA_Muenichsthal.jpg 1008w\" sizes=\"auto, (max-width: 300px) 100vw, 300px\" \/><\/a><\/p>\n<p>Die Spende wurde von Christian Jostmann von der Radlobby an Frau Rinder, Kindergartenleiterin, \u00fcbergeben. Der <a href=\"https:\/\/www.radlobby.org\/noe\/radbazar-wolkersdorf-20220326\/\">Radbazar<\/a> wurde von der Radlobby mit Unterst\u00fctzung der Stadtgemeinde am 26.3.2022 am Hauptplatz durchgef\u00fchrt, heuer \u00fcbrigens schon zum 6. Mal. B\u00fcrgermeister Dominic Litzka war bei der \u00dcberreichung auch dabei.<\/p>\n<p>\u00dcbrigens wurde der neue Kindergarten mit stylischen Radabstellanlagen ausgestattet. Das freut die Kinder und die Radlobby.<\/p>\n<p><img decoding=\"async\" src=\"https:\/\/smiley-bedeutung.de\/wp-content\/uploads\/2016\/01\/lachen.png\" alt=\"Lachender Smiley\" \/><\/p>\n<p><a href=\"https:\/\/www.radlobby.org\/noe\/wp-content\/uploads\/KIGA_Muenichsthal.jpg\" data-src=\"https:\/\/www.radlobby.org\/noe\/wp-content\/uploads\/KIGA_Muenichsthal.jpg\" data-thumb=\"https:\/\/www.radlobby.org\/noe\/wp-content\/uploads\/KIGA_Muenichsthal-300x225.jpg\" class=\"ml-lightbox-enabled\"><img loading=\"lazy\" decoding=\"async\" class=\"alignnone wp-image-24595 size-medium\" src=\"https:\/\/www.radlobby.org\/noe\/wp-content\/uploads\/KIGA_Muenichsthal-300x225.jpg\" alt=\"\" width=\"300\" height=\"225\" srcset=\"https:\/\/www.radlobby.org\/noe\/wp-content\/uploads\/KIGA_Muenichsthal-300x225.jpg 300w, https:\/\/www.radlobby.org\/noe\/wp-content\/uploads\/KIGA_Muenichsthal-768x576.jpg 768w, https:\/\/www.radlobby.org\/noe\/wp-content\/uploads\/KIGA_Muenichsthal.jpg 1008w\" sizes=\"auto, (max-width: 300px) 100vw, 300px\" \/><\/a><\/p>\n","protected":false},"excerpt":{"rendered":"<p>Die Radlobby Wolkersdorf f\u00f6rdert schon bei den Kleinsten die Lust an Bewegung! Aus den Einnahmen des Radbazars 2022 wurden dieses Mal dem Kindergarten M\u00fcnichsthal ein Ampel zur Verkehrserziehung und eine eine Dreh- und Balancierscheibe finanziert. Die Spende wurde von Christian<\/p>\n","protected":false},"author":3,"featured_media":24596,"comment_status":"closed","ping_status":"closed","sticky":false,"template":"","format":"standard","meta":{"footnotes":""},"categories":[16],"tags":[538],"class_list":["post-24592","post","type-post","status-publish","format-standard","has-post-thumbnail","hentry","category-wolkersdorf","tag-spende-kindergarten"],"yoast_head":"<!-- This site is optimized with the Yoast SEO plugin v26.9 - https:\/\/yoast.com\/product\/yoast-seo-wordpress\/ -->\n<title>Radlobby f\u00f6rdert Mobilit\u00e4t im Kindergarten - Radlobby Nieder\u00f6sterreich<\/title>\n<meta name=\"robots\" content=\"index, follow, max-snippet:-1, max-image-preview:large, max-video-preview:-1\" \/>\n<link rel=\"canonical\" href=\"https:\/\/www.radlobby.org\/noe\/radlobby-foerdert-mobilitaet-im-kindergarten\/\" \/>\n<meta property=\"og:locale\" content=\"de_DE\" \/>\n<meta property=\"og:type\" content=\"article\" \/>\n<meta property=\"og:title\" content=\"Radlobby f\u00f6rdert Mobilit\u00e4t im Kindergarten - Radlobby Nieder\u00f6sterreich\" \/>\n<meta property=\"og:description\" content=\"Die Radlobby Wolkersdorf f\u00f6rdert schon bei den Kleinsten die Lust an Bewegung! Aus den Einnahmen des Radbazars 2022 wurden dieses Mal dem Kindergarten M\u00fcnichsthal ein Ampel zur Verkehrserziehung und eine eine Dreh- und Balancierscheibe finanziert. Die Spende wurde von Christian\" \/>\n<meta property=\"og:url\" content=\"https:\/\/www.radlobby.org\/noe\/radlobby-foerdert-mobilitaet-im-kindergarten\/\" \/>\n<meta property=\"og:site_name\" content=\"Radlobby Nieder\u00f6sterreich\" \/>\n<meta property=\"article:publisher\" content=\"https:\/\/www.facebook.com\/groups\/radfahren.in.noe\/\" \/>\n<meta property=\"article:published_time\" content=\"2022-06-27T19:47:52+00:00\" \/>\n<meta property=\"article:modified_time\" content=\"2022-06-30T19:49:57+00:00\" \/>\n<meta property=\"og:image\" content=\"https:\/\/www.radlobby.org\/noe\/wp-content\/uploads\/Spende_KIGA_Muenichsthal.jpg\" \/>\n\t<meta property=\"og:image:width\" content=\"1008\" \/>\n\t<meta property=\"og:image:height\" content=\"756\" \/>\n\t<meta property=\"og:image:type\" content=\"image\/jpeg\" \/>\n<meta name=\"author\" content=\"Hermann Hiebner\" \/>\n<meta name=\"twitter:card\" content=\"summary_large_image\" \/>\n<meta name=\"twitter:label1\" content=\"Verfasst von\" \/>\n\t<meta name=\"twitter:data1\" content=\"Hermann Hiebner\" \/>\n\t<meta name=\"twitter:label2\" content=\"Gesch\u00e4tzte Lesezeit\" \/>\n\t<meta name=\"twitter:data2\" content=\"2\u00a0Minuten\" \/>\n<script type=\"application\/ld+json\" class=\"yoast-schema-graph\">{\"@context\":\"https:\/\/schema.org\",\"@graph\":[{\"@type\":\"Article\",\"@id\":\"https:\/\/www.radlobby.org\/noe\/radlobby-foerdert-mobilitaet-im-kindergarten\/#article\",\"isPartOf\":{\"@id\":\"https:\/\/www.radlobby.org\/noe\/radlobby-foerdert-mobilitaet-im-kindergarten\/\"},\"author\":{\"name\":\"Hermann Hiebner\",\"@id\":\"https:\/\/www.radlobby.org\/noe\/#\/schema\/person\/c91605b70aca449bea4cb27190b0dbe2\"},\"headline\":\"Radlobby f\u00f6rdert Mobilit\u00e4t im Kindergarten\",\"datePublished\":\"2022-06-27T19:47:52+00:00\",\"dateModified\":\"2022-06-30T19:49:57+00:00\",\"mainEntityOfPage\":{\"@id\":\"https:\/\/www.radlobby.org\/noe\/radlobby-foerdert-mobilitaet-im-kindergarten\/\"},\"wordCount\":104,\"publisher\":{\"@id\":\"https:\/\/www.radlobby.org\/noe\/#organization\"},\"image\":{\"@id\":\"https:\/\/www.radlobby.org\/noe\/radlobby-foerdert-mobilitaet-im-kindergarten\/#primaryimage\"},\"thumbnailUrl\":\"https:\/\/www.radlobby.org\/noe\/wp-content\/uploads\/Spende_KIGA_Muenichsthal.jpg\",\"keywords\":[\"Spende Kindergarten\"],\"articleSection\":[\"Radlobby Wolkersdorf\"],\"inLanguage\":\"de\"},{\"@type\":\"WebPage\",\"@id\":\"https:\/\/www.radlobby.org\/noe\/radlobby-foerdert-mobilitaet-im-kindergarten\/\",\"url\":\"https:\/\/www.radlobby.org\/noe\/radlobby-foerdert-mobilitaet-im-kindergarten\/\",\"name\":\"Radlobby f\u00f6rdert Mobilit\u00e4t im Kindergarten - Radlobby Nieder\u00f6sterreich\",\"isPartOf\":{\"@id\":\"https:\/\/www.radlobby.org\/noe\/#website\"},\"primaryImageOfPage\":{\"@id\":\"https:\/\/www.radlobby.org\/noe\/radlobby-foerdert-mobilitaet-im-kindergarten\/#primaryimage\"},\"image\":{\"@id\":\"https:\/\/www.radlobby.org\/noe\/radlobby-foerdert-mobilitaet-im-kindergarten\/#primaryimage\"},\"thumbnailUrl\":\"https:\/\/www.radlobby.org\/noe\/wp-content\/uploads\/Spende_KIGA_Muenichsthal.jpg\",\"datePublished\":\"2022-06-27T19:47:52+00:00\",\"dateModified\":\"2022-06-30T19:49:57+00:00\",\"breadcrumb\":{\"@id\":\"https:\/\/www.radlobby.org\/noe\/radlobby-foerdert-mobilitaet-im-kindergarten\/#breadcrumb\"},\"inLanguage\":\"de\",\"potentialAction\":[{\"@type\":\"ReadAction\",\"target\":[\"https:\/\/www.radlobby.org\/noe\/radlobby-foerdert-mobilitaet-im-kindergarten\/\"]}]},{\"@type\":\"ImageObject\",\"inLanguage\":\"de\",\"@id\":\"https:\/\/www.radlobby.org\/noe\/radlobby-foerdert-mobilitaet-im-kindergarten\/#primaryimage\",\"url\":\"https:\/\/www.radlobby.org\/noe\/wp-content\/uploads\/Spende_KIGA_Muenichsthal.jpg\",\"contentUrl\":\"https:\/\/www.radlobby.org\/noe\/wp-content\/uploads\/Spende_KIGA_Muenichsthal.jpg\",\"width\":1008,\"height\":756},{\"@type\":\"BreadcrumbList\",\"@id\":\"https:\/\/www.radlobby.org\/noe\/radlobby-foerdert-mobilitaet-im-kindergarten\/#breadcrumb\",\"itemListElement\":[{\"@type\":\"ListItem\",\"position\":1,\"name\":\"Startseite\",\"item\":\"https:\/\/www.radlobby.org\/noe\/\"},{\"@type\":\"ListItem\",\"position\":2,\"name\":\"Radlobby f\u00f6rdert Mobilit\u00e4t im Kindergarten\"}]},{\"@type\":\"WebSite\",\"@id\":\"https:\/\/www.radlobby.org\/noe\/#website\",\"url\":\"https:\/\/www.radlobby.org\/noe\/\",\"name\":\"Radlobby Nieder\u00f6sterreich\",\"description\":\"Radverkehr, Fahrrad, Radfahren, Radreisen, Radtouren, Radweg\",\"publisher\":{\"@id\":\"https:\/\/www.radlobby.org\/noe\/#organization\"},\"potentialAction\":[{\"@type\":\"SearchAction\",\"target\":{\"@type\":\"EntryPoint\",\"urlTemplate\":\"https:\/\/www.radlobby.org\/noe\/?s={search_term_string}\"},\"query-input\":{\"@type\":\"PropertyValueSpecification\",\"valueRequired\":true,\"valueName\":\"search_term_string\"}}],\"inLanguage\":\"de\"},{\"@type\":\"Organization\",\"@id\":\"https:\/\/www.radlobby.org\/noe\/#organization\",\"name\":\"Radlobby Nieder\u00f6sterreich\",\"url\":\"https:\/\/www.radlobby.org\/noe\/\",\"logo\":{\"@type\":\"ImageObject\",\"inLanguage\":\"de\",\"@id\":\"https:\/\/www.radlobby.org\/noe\/#\/schema\/logo\/image\/\",\"url\":\"https:\/\/www.radlobby.org\/noe\/wp-content\/uploads\/2017\/01\/cropped-Logo_Radlobby_Niederoesterreich_50-400px_quer-1.jpg\",\"contentUrl\":\"https:\/\/www.radlobby.org\/noe\/wp-content\/uploads\/2017\/01\/cropped-Logo_Radlobby_Niederoesterreich_50-400px_quer-1.jpg\",\"width\":450,\"height\":124,\"caption\":\"Radlobby Nieder\u00f6sterreich\"},\"image\":{\"@id\":\"https:\/\/www.radlobby.org\/noe\/#\/schema\/logo\/image\/\"},\"sameAs\":[\"https:\/\/www.facebook.com\/groups\/radfahren.in.noe\/\"]},{\"@type\":\"Person\",\"@id\":\"https:\/\/www.radlobby.org\/noe\/#\/schema\/person\/c91605b70aca449bea4cb27190b0dbe2\",\"name\":\"Hermann Hiebner\",\"image\":{\"@type\":\"ImageObject\",\"inLanguage\":\"de\",\"@id\":\"https:\/\/www.radlobby.org\/noe\/#\/schema\/person\/image\/\",\"url\":\"https:\/\/secure.gravatar.com\/avatar\/d9d442cd70d260be25a46bab5f85206043aabce00da594192c593e7d4fc65f72?s=96&d=mm&r=g\",\"contentUrl\":\"https:\/\/secure.gravatar.com\/avatar\/d9d442cd70d260be25a46bab5f85206043aabce00da594192c593e7d4fc65f72?s=96&d=mm&r=g\",\"caption\":\"Hermann Hiebner\"},\"url\":\"https:\/\/www.radlobby.org\/noe\/author\/hermannhiebner\/\"}]}<\/script>\n<!-- \/ Yoast SEO plugin. -->","yoast_head_json":{"title":"Radlobby f\u00f6rdert Mobilit\u00e4t im Kindergarten - Radlobby Nieder\u00f6sterreich","robots":{"index":"index","follow":"follow","max-snippet":"max-snippet:-1","max-image-preview":"max-image-preview:large","max-video-preview":"max-video-preview:-1"},"canonical":"https:\/\/www.radlobby.org\/noe\/radlobby-foerdert-mobilitaet-im-kindergarten\/","og_locale":"de_DE","og_type":"article","og_title":"Radlobby f\u00f6rdert Mobilit\u00e4t im Kindergarten - Radlobby Nieder\u00f6sterreich","og_description":"Die Radlobby Wolkersdorf f\u00f6rdert schon bei den Kleinsten die Lust an Bewegung! Aus den Einnahmen des Radbazars 2022 wurden dieses Mal dem Kindergarten M\u00fcnichsthal ein Ampel zur Verkehrserziehung und eine eine Dreh- und Balancierscheibe finanziert. Die Spende wurde von Christian","og_url":"https:\/\/www.radlobby.org\/noe\/radlobby-foerdert-mobilitaet-im-kindergarten\/","og_site_name":"Radlobby Nieder\u00f6sterreich","article_publisher":"https:\/\/www.facebook.com\/groups\/radfahren.in.noe\/","article_published_time":"2022-06-27T19:47:52+00:00","article_modified_time":"2022-06-30T19:49:57+00:00","og_image":[{"width":1008,"height":756,"url":"https:\/\/www.radlobby.org\/noe\/wp-content\/uploads\/Spende_KIGA_Muenichsthal.jpg","type":"image\/jpeg"}],"author":"Hermann Hiebner","twitter_card":"summary_large_image","twitter_misc":{"Verfasst von":"Hermann Hiebner","Gesch\u00e4tzte Lesezeit":"2\u00a0Minuten"},"schema":{"@context":"https:\/\/schema.org","@graph":[{"@type":"Article","@id":"https:\/\/www.radlobby.org\/noe\/radlobby-foerdert-mobilitaet-im-kindergarten\/#article","isPartOf":{"@id":"https:\/\/www.radlobby.org\/noe\/radlobby-foerdert-mobilitaet-im-kindergarten\/"},"author":{"name":"Hermann Hiebner","@id":"https:\/\/www.radlobby.org\/noe\/#\/schema\/person\/c91605b70aca449bea4cb27190b0dbe2"},"headline":"Radlobby f\u00f6rdert Mobilit\u00e4t im Kindergarten","datePublished":"2022-06-27T19:47:52+00:00","dateModified":"2022-06-30T19:49:57+00:00","mainEntityOfPage":{"@id":"https:\/\/www.radlobby.org\/noe\/radlobby-foerdert-mobilitaet-im-kindergarten\/"},"wordCount":104,"publisher":{"@id":"https:\/\/www.radlobby.org\/noe\/#organization"},"image":{"@id":"https:\/\/www.radlobby.org\/noe\/radlobby-foerdert-mobilitaet-im-kindergarten\/#primaryimage"},"thumbnailUrl":"https:\/\/www.radlobby.org\/noe\/wp-content\/uploads\/Spende_KIGA_Muenichsthal.jpg","keywords":["Spende Kindergarten"],"articleSection":["Radlobby Wolkersdorf"],"inLanguage":"de"},{"@type":"WebPage","@id":"https:\/\/www.radlobby.org\/noe\/radlobby-foerdert-mobilitaet-im-kindergarten\/","url":"https:\/\/www.radlobby.org\/noe\/radlobby-foerdert-mobilitaet-im-kindergarten\/","name":"Radlobby f\u00f6rdert Mobilit\u00e4t im Kindergarten - Radlobby Nieder\u00f6sterreich","isPartOf":{"@id":"https:\/\/www.radlobby.org\/noe\/#website"},"primaryImageOfPage":{"@id":"https:\/\/www.radlobby.org\/noe\/radlobby-foerdert-mobilitaet-im-kindergarten\/#primaryimage"},"image":{"@id":"https:\/\/www.radlobby.org\/noe\/radlobby-foerdert-mobilitaet-im-kindergarten\/#primaryimage"},"thumbnailUrl":"https:\/\/www.radlobby.org\/noe\/wp-content\/uploads\/Spende_KIGA_Muenichsthal.jpg","datePublished":"2022-06-27T19:47:52+00:00","dateModified":"2022-06-30T19:49:57+00:00","breadcrumb":{"@id":"https:\/\/www.radlobby.org\/noe\/radlobby-foerdert-mobilitaet-im-kindergarten\/#breadcrumb"},"inLanguage":"de","potentialAction":[{"@type":"ReadAction","target":["https:\/\/www.radlobby.org\/noe\/radlobby-foerdert-mobilitaet-im-kindergarten\/"]}]},{"@type":"ImageObject","inLanguage":"de","@id":"https:\/\/www.radlobby.org\/noe\/radlobby-foerdert-mobilitaet-im-kindergarten\/#primaryimage","url":"https:\/\/www.radlobby.org\/noe\/wp-content\/uploads\/Spende_KIGA_Muenichsthal.jpg","contentUrl":"https:\/\/www.radlobby.org\/noe\/wp-content\/uploads\/Spende_KIGA_Muenichsthal.jpg","width":1008,"height":756},{"@type":"BreadcrumbList","@id":"https:\/\/www.radlobby.org\/noe\/radlobby-foerdert-mobilitaet-im-kindergarten\/#breadcrumb","itemListElement":[{"@type":"ListItem","position":1,"name":"Startseite","item":"https:\/\/www.radlobby.org\/noe\/"},{"@type":"ListItem","position":2,"name":"Radlobby f\u00f6rdert Mobilit\u00e4t im Kindergarten"}]},{"@type":"WebSite","@id":"https:\/\/www.radlobby.org\/noe\/#website","url":"https:\/\/www.radlobby.org\/noe\/","name":"Radlobby Nieder\u00f6sterreich","description":"Radverkehr, Fahrrad, Radfahren, Radreisen, Radtouren, Radweg","publisher":{"@id":"https:\/\/www.radlobby.org\/noe\/#organization"},"potentialAction":[{"@type":"SearchAction","target":{"@type":"EntryPoint","urlTemplate":"https:\/\/www.radlobby.org\/noe\/?s={search_term_string}"},"query-input":{"@type":"PropertyValueSpecification","valueRequired":true,"valueName":"search_term_string"}}],"inLanguage":"de"},{"@type":"Organization","@id":"https:\/\/www.radlobby.org\/noe\/#organization","name":"Radlobby Nieder\u00f6sterreich","url":"https:\/\/www.radlobby.org\/noe\/","logo":{"@type":"ImageObject","inLanguage":"de","@id":"https:\/\/www.radlobby.org\/noe\/#\/schema\/logo\/image\/","url":"https:\/\/www.radlobby.org\/noe\/wp-content\/uploads\/2017\/01\/cropped-Logo_Radlobby_Niederoesterreich_50-400px_quer-1.jpg","contentUrl":"https:\/\/www.radlobby.org\/noe\/wp-content\/uploads\/2017\/01\/cropped-Logo_Radlobby_Niederoesterreich_50-400px_quer-1.jpg","width":450,"height":124,"caption":"Radlobby Nieder\u00f6sterreich"},"image":{"@id":"https:\/\/www.radlobby.org\/noe\/#\/schema\/logo\/image\/"},"sameAs":["https:\/\/www.facebook.com\/groups\/radfahren.in.noe\/"]},{"@type":"Person","@id":"https:\/\/www.radlobby.org\/noe\/#\/schema\/person\/c91605b70aca449bea4cb27190b0dbe2","name":"Hermann Hiebner","image":{"@type":"ImageObject","inLanguage":"de","@id":"https:\/\/www.radlobby.org\/noe\/#\/schema\/person\/image\/","url":"https:\/\/secure.gravatar.com\/avatar\/d9d442cd70d260be25a46bab5f85206043aabce00da594192c593e7d4fc65f72?s=96&d=mm&r=g","contentUrl":"https:\/\/secure.gravatar.com\/avatar\/d9d442cd70d260be25a46bab5f85206043aabce00da594192c593e7d4fc65f72?s=96&d=mm&r=g","caption":"Hermann Hiebner"},"url":"https:\/\/www.radlobby.org\/noe\/author\/hermannhiebner\/"}]}},"_links":{"self":[{"href":"https:\/\/www.radlobby.org\/noe\/wp-json\/wp\/v2\/posts\/24592","targetHints":{"allow":["GET"]}}],"collection":[{"href":"https:\/\/www.radlobby.org\/noe\/wp-json\/wp\/v2\/posts"}],"about":[{"href":"https:\/\/www.radlobby.org\/noe\/wp-json\/wp\/v2\/types\/post"}],"author":[{"embeddable":true,"href":"https:\/\/www.radlobby.org\/noe\/wp-json\/wp\/v2\/users\/3"}],"replies":[{"embeddable":true,"href":"https:\/\/www.radlobby.org\/noe\/wp-json\/wp\/v2\/comments?post=24592"}],"version-history":[{"count":0,"href":"https:\/\/www.radlobby.org\/noe\/wp-json\/wp\/v2\/posts\/24592\/revisions"}],"wp:featuredmedia":[{"embeddable":true,"href":"https:\/\/www.radlobby.org\/noe\/wp-json\/wp\/v2\/media\/24596"}],"wp:attachment":[{"href":"https:\/\/www.radlobby.org\/noe\/wp-json\/wp\/v2\/media?parent=24592"}],"wp:term":[{"taxonomy":"category","embeddable":true,"href":"https:\/\/www.radlobby.org\/noe\/wp-json\/wp\/v2\/categories?post=24592"},{"taxonomy":"post_tag","embeddable":true,"href":"https:\/\/www.radlobby.org\/noe\/wp-json\/wp\/v2\/tags?post=24592"}],"curies":[{"name":"wp","href":"https:\/\/api.w.org\/{rel}","templated":true}]}}