{"id":23938,"date":"2022-05-15T13:28:56","date_gmt":"2022-05-15T11:28:56","guid":{"rendered":"https:\/\/www.radlobby.org\/noe\/?p=23938"},"modified":"2022-08-08T09:21:21","modified_gmt":"2022-08-08T07:21:21","slug":"gmuend_vs-radeln_20220515","status":"publish","type":"post","link":"https:\/\/www.radlobby.org\/noe\/gmuend_vs-radeln_20220515\/","title":{"rendered":"Wir radeln in die Volksschule!"},"content":{"rendered":"<p>Die Radlobby Gm\u00fcnd radelte am Freitag, den 13. Mai 2022 mit Radfahr-F\u00fchrerschein-Neulingen zur Schule. Die Kinder wurden von zu Hause abgeholt und radelten in Begleitung einiger Freiwilliger und einiger Eltern zur Schule und nach der Schule wieder nach Hause.<\/p>\n<p>Ziel dieses ersten Radtags war es, den Kindern und ihren Eltern einen Schulweg mit dem Rad aufzuzeigen und eine Alternative zum Auto ins Spiel zu bringen. Radfahren erm\u00f6glicht Kindern Eigenst\u00e4ndigkeit in ihrem Alltag und k\u00f6nnte in vielen F\u00e4llen das Elterntaxi \u2013 auch am Nachmittag \u2013 entlasten. Zudem ist der aktiv zur\u00fcckgelegte Schulweg der erste und selbstverst\u00e4ndlichste Anlass f\u00fcr Bewegung im Alltag, unabh\u00e4ngig von Ma\u00dfnahmen wie der aktuell diskutierten t\u00e4glichen Bewegungseinheit im Stundenplan.<\/p>\n<p>Trotz des nassen Wetters fuhren die meisten der angemeldeten Teilnhmer:innen mit. Gefahren wurde auf 2 Strecken \u2013 von der Ludwigstalerstra\u00dfe in Eibenstein \u00fcber Wasserfeld, Stadtplatz, Palmenhaus zur Schule und von Gm\u00fcnd Neustadt \u00fcber Bleyleben \u00fcber das Palmenhaus zum Ziel.<\/p>\n<p>Volksschullehrerin und Initiatorin Petra Th\u00fcr \u00fcber die Idee zum Radtag: \u201eDie Kinder, die im April die freiwillige Radfahrpr\u00fcfung absolviert haben, sollten jetzt am Ball oder vielmehr: am Rad bleiben und ihre Motivation zum Radeln nicht verlieren.\u201c<\/p>\n<p>Norbert Anderl, selbst Vater von 2 Kindern und Mitgr\u00fcnder der Radlobby Gm\u00fcnd zog ein gemischtes Resumee: \u201eEs ist m\u00f6glich mit dem Rad in Gm\u00fcnd zur Volksschule zu fahren. Die Entfernungen sind ideal f\u00fcr das Fahrrad, aber bei den Wegen gibt es noch viel Verbesserungspotenzial.\u201c<\/p>\n<div id=\"metaslider-id-24147\" style=\"width: 100%;\" class=\"ml-slider-3-105-0 metaslider metaslider-flex metaslider-24147 ml-slider has-carousel-mode ml-slider-lightbox-2-22-0 firelight-lightbox-2-3-17 ms-theme-default nav-hidden\" role=\"region\" aria-label=\"Radlobby Gm\u00fcnd @ 100 Jahre N\u00d6\" data-height=\"750\" data-width=\"750\">\n    <div id=\"metaslider_container_24147\">\n        <div id=\"metaslider_24147\" class=\"flexslider\">\n            <ul class='slides'>\n                <li style=\"display: none; width: 100%;\" class=\"slide-24149 ms-image \" aria-roledescription=\"slide\" data-date=\"2022-05-19 11:43:13\" data-filename=\"GD_220515_VS_3_ausschnitt.jpg\" data-slide-type=\"image\"><a href=\"https:\/\/www.radlobby.org\/noe\/wp-content\/uploads\/GD_220515_VS_3_ausschnitt.jpg\" data-src=\"https:\/\/www.radlobby.org\/noe\/wp-content\/uploads\/GD_220515_VS_3_ausschnitt.jpg\" data-thumb=\"https:\/\/www.radlobby.org\/noe\/wp-content\/uploads\/GD_220515_VS_3_ausschnitt.jpg\" class=\"ml-lightbox-enabled\"><img loading=\"lazy\" decoding=\"async\" width=\"2488\" height=\"1460\" src=\"https:\/\/www.radlobby.org\/noe\/wp-content\/uploads\/GD_220515_VS_3_ausschnitt.jpg\" class=\"slider-24147 slide-24149 msDefaultImage\" alt=\"\" rel=\"\" title=\"dav\" srcset=\"https:\/\/www.radlobby.org\/noe\/wp-content\/uploads\/GD_220515_VS_3_ausschnitt.jpg 2488w, https:\/\/www.radlobby.org\/noe\/wp-content\/uploads\/GD_220515_VS_3_ausschnitt-300x176.jpg 300w, https:\/\/www.radlobby.org\/noe\/wp-content\/uploads\/GD_220515_VS_3_ausschnitt-768x451.jpg 768w, https:\/\/www.radlobby.org\/noe\/wp-content\/uploads\/GD_220515_VS_3_ausschnitt-1536x901.jpg 1536w, https:\/\/www.radlobby.org\/noe\/wp-content\/uploads\/GD_220515_VS_3_ausschnitt-2048x1202.jpg 2048w\" sizes=\"auto, (max-width: 2488px) 100vw, 2488px\" \/><\/a><div class=\"caption-wrap\"><div class=\"caption\">Gm\u00fcnd - wir radeln zur Volksschule<\/div><\/div><\/li>\n                <li style=\"display: none; width: 100%;\" class=\"slide-24150 ms-image \" aria-roledescription=\"slide\" data-date=\"2022-05-19 11:43:13\" data-filename=\"GD_220515_VS_4-scaled.jpg\" data-slide-type=\"image\"><a href=\"https:\/\/www.radlobby.org\/noe\/wp-content\/uploads\/GD_220515_VS_4-scaled.jpg\" data-src=\"https:\/\/www.radlobby.org\/noe\/wp-content\/uploads\/GD_220515_VS_4-scaled.jpg\" data-thumb=\"https:\/\/www.radlobby.org\/noe\/wp-content\/uploads\/GD_220515_VS_4-scaled.jpg\" class=\"ml-lightbox-enabled\"><img loading=\"lazy\" decoding=\"async\" width=\"2560\" height=\"1708\" src=\"https:\/\/www.radlobby.org\/noe\/wp-content\/uploads\/GD_220515_VS_4-scaled.jpg\" class=\"slider-24147 slide-24150 msDefaultImage\" alt=\"\" rel=\"\" title=\"VS-Radeln_4\" srcset=\"https:\/\/www.radlobby.org\/noe\/wp-content\/uploads\/GD_220515_VS_4-scaled.jpg 2560w, https:\/\/www.radlobby.org\/noe\/wp-content\/uploads\/GD_220515_VS_4-300x200.jpg 300w, https:\/\/www.radlobby.org\/noe\/wp-content\/uploads\/GD_220515_VS_4-768x512.jpg 768w, https:\/\/www.radlobby.org\/noe\/wp-content\/uploads\/GD_220515_VS_4-1536x1025.jpg 1536w, https:\/\/www.radlobby.org\/noe\/wp-content\/uploads\/GD_220515_VS_4-2048x1366.jpg 2048w\" sizes=\"auto, (max-width: 2560px) 100vw, 2560px\" \/><\/a><div class=\"caption-wrap\"><div class=\"caption\">Radlobby Gm\u00fcnd - Wir radeln zur Volksschule<\/div><\/div><\/li>\n                <li style=\"display: none; width: 100%;\" class=\"slide-24151 ms-image \" aria-roledescription=\"slide\" data-date=\"2022-05-19 11:43:13\" data-filename=\"GD_220515_VS_2.jpg\" data-slide-type=\"image\"><a href=\"https:\/\/www.radlobby.org\/noe\/wp-content\/uploads\/GD_220515_VS_2.jpg\" data-src=\"https:\/\/www.radlobby.org\/noe\/wp-content\/uploads\/GD_220515_VS_2.jpg\" data-thumb=\"https:\/\/www.radlobby.org\/noe\/wp-content\/uploads\/GD_220515_VS_2.jpg\" class=\"ml-lightbox-enabled\"><img loading=\"lazy\" decoding=\"async\" width=\"1976\" height=\"1336\" src=\"https:\/\/www.radlobby.org\/noe\/wp-content\/uploads\/GD_220515_VS_2.jpg\" class=\"slider-24147 slide-24151 msDefaultImage\" alt=\"\" rel=\"\" title=\"VS-Radeln 1\" srcset=\"https:\/\/www.radlobby.org\/noe\/wp-content\/uploads\/GD_220515_VS_2.jpg 1976w, https:\/\/www.radlobby.org\/noe\/wp-content\/uploads\/GD_220515_VS_2-300x203.jpg 300w, https:\/\/www.radlobby.org\/noe\/wp-content\/uploads\/GD_220515_VS_2-768x519.jpg 768w, https:\/\/www.radlobby.org\/noe\/wp-content\/uploads\/GD_220515_VS_2-1536x1039.jpg 1536w\" sizes=\"auto, (max-width: 1976px) 100vw, 1976px\" \/><\/a><div class=\"caption-wrap\"><div class=\"caption\">Radlobby Gm\u00fcnd - Wir radeln zur Volksschule<\/div><\/div><\/li>\n                <li style=\"display: none; width: 100%;\" class=\"slide-24152 ms-image \" aria-roledescription=\"slide\" data-date=\"2022-05-19 11:43:13\" data-filename=\"GD_220515_VS_1-scaled.jpg\" data-slide-type=\"image\"><a href=\"https:\/\/www.radlobby.org\/noe\/wp-content\/uploads\/GD_220515_VS_1-scaled.jpg\" data-src=\"https:\/\/www.radlobby.org\/noe\/wp-content\/uploads\/GD_220515_VS_1-scaled.jpg\" data-thumb=\"https:\/\/www.radlobby.org\/noe\/wp-content\/uploads\/GD_220515_VS_1-scaled.jpg\" class=\"ml-lightbox-enabled\"><img loading=\"lazy\" decoding=\"async\" width=\"2560\" height=\"1724\" src=\"https:\/\/www.radlobby.org\/noe\/wp-content\/uploads\/GD_220515_VS_1-scaled.jpg\" class=\"slider-24147 slide-24152 msDefaultImage\" alt=\"\" rel=\"\" title=\"VS-Radeln 1\" srcset=\"https:\/\/www.radlobby.org\/noe\/wp-content\/uploads\/GD_220515_VS_1-scaled.jpg 2560w, https:\/\/www.radlobby.org\/noe\/wp-content\/uploads\/GD_220515_VS_1-300x202.jpg 300w, https:\/\/www.radlobby.org\/noe\/wp-content\/uploads\/GD_220515_VS_1-768x517.jpg 768w, https:\/\/www.radlobby.org\/noe\/wp-content\/uploads\/GD_220515_VS_1-1536x1034.jpg 1536w, https:\/\/www.radlobby.org\/noe\/wp-content\/uploads\/GD_220515_VS_1-2048x1379.jpg 2048w\" sizes=\"auto, (max-width: 2560px) 100vw, 2560px\" \/><\/a><div class=\"caption-wrap\"><div class=\"caption\">Radlobby Gm\u00fcnd - Wir radeln zur Volksschule<\/div><\/div><\/li>\n                <li style=\"display: none; width: 100%;\" class=\"slide-24157 ms-image \" aria-roledescription=\"slide\" data-date=\"2022-05-19 18:35:23\" data-filename=\"VS-Radeln_GruppeWinkler220513_klein.jpg\" data-slide-type=\"image\"><a href=\"https:\/\/www.radlobby.org\/noe\/wp-content\/uploads\/VS-Radeln_GruppeWinkler220513_klein.jpg\" data-src=\"https:\/\/www.radlobby.org\/noe\/wp-content\/uploads\/VS-Radeln_GruppeWinkler220513_klein.jpg\" data-thumb=\"https:\/\/www.radlobby.org\/noe\/wp-content\/uploads\/VS-Radeln_GruppeWinkler220513_klein.jpg\" class=\"ml-lightbox-enabled\"><img loading=\"lazy\" decoding=\"async\" width=\"1984\" height=\"1342\" src=\"https:\/\/www.radlobby.org\/noe\/wp-content\/uploads\/VS-Radeln_GruppeWinkler220513_klein.jpg\" class=\"slider-24147 slide-24157 msDefaultImage\" alt=\"\" rel=\"\" title=\"GD_220513_Volksschule\" srcset=\"https:\/\/www.radlobby.org\/noe\/wp-content\/uploads\/VS-Radeln_GruppeWinkler220513_klein.jpg 1984w, https:\/\/www.radlobby.org\/noe\/wp-content\/uploads\/VS-Radeln_GruppeWinkler220513_klein-300x203.jpg 300w, https:\/\/www.radlobby.org\/noe\/wp-content\/uploads\/VS-Radeln_GruppeWinkler220513_klein-768x519.jpg 768w, https:\/\/www.radlobby.org\/noe\/wp-content\/uploads\/VS-Radeln_GruppeWinkler220513_klein-1536x1039.jpg 1536w\" sizes=\"auto, (max-width: 1984px) 100vw, 1984px\" \/><\/a><div class=\"caption-wrap\"><div class=\"caption\">Im Bild: Sebastian und Andrea Fillek, Thomas Lenz, Paul, Peter und Franz Grossauer, Mia und Thomas Miksch, Direktorin Beatrix Skoll, Lehrerinnen Manuela Dumser-Hawle, Birgit Kernstock und Petra Th\u00fcr, von der Radlobby Kristin Harrich und Norbert Anderl sowie die Stadtpolizisten Ren\u00e9 Schreiber und Peter Haumer. Foto: Stadtgemeinde Gm\u00fcnd<\/div><\/div><\/li>\n                <li style=\"display: none; width: 100%;\" class=\"slide-24878 ms-image \" aria-roledescription=\"slide\" data-date=\"2022-08-25 18:15:27\" data-filename=\"Gruppe-1_bezirksblatt.jpg\" data-slide-type=\"image\"><a href=\"https:\/\/www.radlobby.org\/noe\/wp-content\/uploads\/Gruppe-1_bezirksblatt.jpg\" data-src=\"https:\/\/www.radlobby.org\/noe\/wp-content\/uploads\/Gruppe-1_bezirksblatt.jpg\" data-thumb=\"https:\/\/www.radlobby.org\/noe\/wp-content\/uploads\/Gruppe-1_bezirksblatt.jpg\" class=\"ml-lightbox-enabled\"><img loading=\"lazy\" decoding=\"async\" width=\"1373\" height=\"984\" src=\"https:\/\/www.radlobby.org\/noe\/wp-content\/uploads\/Gruppe-1_bezirksblatt.jpg\" class=\"slider-24147 slide-24878 msDefaultImage\" alt=\"\" rel=\"\" title=\"Gruppe 1_bezirksblatt\" srcset=\"https:\/\/www.radlobby.org\/noe\/wp-content\/uploads\/Gruppe-1_bezirksblatt.jpg 1373w, https:\/\/www.radlobby.org\/noe\/wp-content\/uploads\/Gruppe-1_bezirksblatt-300x215.jpg 300w, https:\/\/www.radlobby.org\/noe\/wp-content\/uploads\/Gruppe-1_bezirksblatt-768x550.jpg 768w\" sizes=\"auto, (max-width: 1373px) 100vw, 1373px\" \/><\/a><\/li>\n                <li style=\"display: none; width: 100%;\" class=\"slide-24880 ms-image \" aria-roledescription=\"slide\" data-date=\"2022-08-25 18:15:28\" data-filename=\"gmuend_noefest_stand2-1.jpg\" data-slide-type=\"image\"><a href=\"https:\/\/www.radlobby.org\/noe\/wp-content\/uploads\/gmuend_noefest_stand2-1.jpg\" data-src=\"https:\/\/www.radlobby.org\/noe\/wp-content\/uploads\/gmuend_noefest_stand2-1.jpg\" data-thumb=\"https:\/\/www.radlobby.org\/noe\/wp-content\/uploads\/gmuend_noefest_stand2-1.jpg\" class=\"ml-lightbox-enabled\"><img loading=\"lazy\" decoding=\"async\" width=\"1090\" height=\"815\" src=\"https:\/\/www.radlobby.org\/noe\/wp-content\/uploads\/gmuend_noefest_stand2-1.jpg\" class=\"slider-24147 slide-24880 msDefaultImage\" alt=\"\" rel=\"\" title=\"hdr\" srcset=\"https:\/\/www.radlobby.org\/noe\/wp-content\/uploads\/gmuend_noefest_stand2-1.jpg 1090w, https:\/\/www.radlobby.org\/noe\/wp-content\/uploads\/gmuend_noefest_stand2-1-300x224.jpg 300w, https:\/\/www.radlobby.org\/noe\/wp-content\/uploads\/gmuend_noefest_stand2-1-768x574.jpg 768w\" sizes=\"auto, (max-width: 1090px) 100vw, 1090px\" \/><\/a><div class=\"caption-wrap\"><div class=\"caption\">hdr<\/div><\/div><\/li>\n                <li style=\"display: none; width: 100%;\" class=\"slide-24881 ms-image \" aria-roledescription=\"slide\" data-date=\"2022-08-25 18:15:28\" data-filename=\"gmuend_noefest_stand2-original-scaled.jpg\" data-slide-type=\"image\"><a href=\"https:\/\/www.radlobby.org\/noe\/wp-content\/uploads\/gmuend_noefest_stand2-original-scaled.jpg\" data-src=\"https:\/\/www.radlobby.org\/noe\/wp-content\/uploads\/gmuend_noefest_stand2-original-scaled.jpg\" data-thumb=\"https:\/\/www.radlobby.org\/noe\/wp-content\/uploads\/gmuend_noefest_stand2-original-scaled.jpg\" class=\"ml-lightbox-enabled\"><img loading=\"lazy\" decoding=\"async\" width=\"2560\" height=\"1915\" src=\"https:\/\/www.radlobby.org\/noe\/wp-content\/uploads\/gmuend_noefest_stand2-original-scaled.jpg\" class=\"slider-24147 slide-24881 msDefaultImage\" alt=\"\" rel=\"\" title=\"hdr\" srcset=\"https:\/\/www.radlobby.org\/noe\/wp-content\/uploads\/gmuend_noefest_stand2-original-scaled.jpg 2560w, https:\/\/www.radlobby.org\/noe\/wp-content\/uploads\/gmuend_noefest_stand2-original-300x224.jpg 300w, https:\/\/www.radlobby.org\/noe\/wp-content\/uploads\/gmuend_noefest_stand2-original-768x575.jpg 768w, https:\/\/www.radlobby.org\/noe\/wp-content\/uploads\/gmuend_noefest_stand2-original-1536x1149.jpg 1536w, https:\/\/www.radlobby.org\/noe\/wp-content\/uploads\/gmuend_noefest_stand2-original-2048x1532.jpg 2048w\" sizes=\"auto, (max-width: 2560px) 100vw, 2560px\" \/><\/a><div class=\"caption-wrap\"><div class=\"caption\">hdr<\/div><\/div><\/li>\n                <li style=\"display: none; width: 100%;\" class=\"slide-24882 ms-image \" aria-roledescription=\"slide\" data-date=\"2022-08-25 18:15:28\" data-filename=\"gmuend_noefest_stand1.jpg\" data-slide-type=\"image\"><a href=\"https:\/\/www.radlobby.org\/noe\/wp-content\/uploads\/gmuend_noefest_stand1.jpg\" data-src=\"https:\/\/www.radlobby.org\/noe\/wp-content\/uploads\/gmuend_noefest_stand1.jpg\" data-thumb=\"https:\/\/www.radlobby.org\/noe\/wp-content\/uploads\/gmuend_noefest_stand1.jpg\" class=\"ml-lightbox-enabled\"><img loading=\"lazy\" decoding=\"async\" width=\"1800\" height=\"1346\" src=\"https:\/\/www.radlobby.org\/noe\/wp-content\/uploads\/gmuend_noefest_stand1.jpg\" class=\"slider-24147 slide-24882 msDefaultImage\" alt=\"\" rel=\"\" title=\"hdr\" srcset=\"https:\/\/www.radlobby.org\/noe\/wp-content\/uploads\/gmuend_noefest_stand1.jpg 1800w, https:\/\/www.radlobby.org\/noe\/wp-content\/uploads\/gmuend_noefest_stand1-300x224.jpg 300w, https:\/\/www.radlobby.org\/noe\/wp-content\/uploads\/gmuend_noefest_stand1-768x574.jpg 768w, https:\/\/www.radlobby.org\/noe\/wp-content\/uploads\/gmuend_noefest_stand1-1536x1149.jpg 1536w\" sizes=\"auto, (max-width: 1800px) 100vw, 1800px\" \/><\/a><div class=\"caption-wrap\"><div class=\"caption\">hdr<\/div><\/div><\/li>\n                <li style=\"display: none; width: 100%;\" class=\"slide-24883 ms-image \" aria-roledescription=\"slide\" data-date=\"2022-08-25 18:15:28\" data-filename=\"gmuend_noefest_radfuchs1.jpg\" data-slide-type=\"image\"><a href=\"https:\/\/www.radlobby.org\/noe\/wp-content\/uploads\/gmuend_noefest_radfuchs1.jpg\" data-src=\"https:\/\/www.radlobby.org\/noe\/wp-content\/uploads\/gmuend_noefest_radfuchs1.jpg\" data-thumb=\"https:\/\/www.radlobby.org\/noe\/wp-content\/uploads\/gmuend_noefest_radfuchs1.jpg\" class=\"ml-lightbox-enabled\"><img loading=\"lazy\" decoding=\"async\" width=\"1800\" height=\"1346\" src=\"https:\/\/www.radlobby.org\/noe\/wp-content\/uploads\/gmuend_noefest_radfuchs1.jpg\" class=\"slider-24147 slide-24883 msDefaultImage\" alt=\"\" rel=\"\" title=\"hdr\" srcset=\"https:\/\/www.radlobby.org\/noe\/wp-content\/uploads\/gmuend_noefest_radfuchs1.jpg 1800w, https:\/\/www.radlobby.org\/noe\/wp-content\/uploads\/gmuend_noefest_radfuchs1-300x224.jpg 300w, https:\/\/www.radlobby.org\/noe\/wp-content\/uploads\/gmuend_noefest_radfuchs1-768x574.jpg 768w, https:\/\/www.radlobby.org\/noe\/wp-content\/uploads\/gmuend_noefest_radfuchs1-1536x1149.jpg 1536w\" sizes=\"auto, (max-width: 1800px) 100vw, 1800px\" \/><\/a><div class=\"caption-wrap\"><div class=\"caption\">hdr<\/div><\/div><\/li>\n                <li style=\"display: none; width: 100%;\" class=\"slide-24884 ms-image \" aria-roledescription=\"slide\" data-date=\"2022-08-25 18:15:28\" data-filename=\"gmuend_noefest_parcours2.jpg\" data-slide-type=\"image\"><a href=\"https:\/\/www.radlobby.org\/noe\/wp-content\/uploads\/gmuend_noefest_parcours2.jpg\" data-src=\"https:\/\/www.radlobby.org\/noe\/wp-content\/uploads\/gmuend_noefest_parcours2.jpg\" data-thumb=\"https:\/\/www.radlobby.org\/noe\/wp-content\/uploads\/gmuend_noefest_parcours2.jpg\" class=\"ml-lightbox-enabled\"><img loading=\"lazy\" decoding=\"async\" width=\"1800\" height=\"1346\" src=\"https:\/\/www.radlobby.org\/noe\/wp-content\/uploads\/gmuend_noefest_parcours2.jpg\" class=\"slider-24147 slide-24884 msDefaultImage\" alt=\"\" rel=\"\" title=\"dav\" srcset=\"https:\/\/www.radlobby.org\/noe\/wp-content\/uploads\/gmuend_noefest_parcours2.jpg 1800w, https:\/\/www.radlobby.org\/noe\/wp-content\/uploads\/gmuend_noefest_parcours2-300x224.jpg 300w, https:\/\/www.radlobby.org\/noe\/wp-content\/uploads\/gmuend_noefest_parcours2-768x574.jpg 768w, https:\/\/www.radlobby.org\/noe\/wp-content\/uploads\/gmuend_noefest_parcours2-1536x1149.jpg 1536w\" sizes=\"auto, (max-width: 1800px) 100vw, 1800px\" \/><\/a><div class=\"caption-wrap\"><div class=\"caption\">dav<\/div><\/div><\/li>\n                <li style=\"display: none; width: 100%;\" class=\"slide-24885 ms-image \" aria-roledescription=\"slide\" data-date=\"2022-08-25 18:15:28\" data-filename=\"gmuend_noefest_parcours1.jpg\" data-slide-type=\"image\"><a href=\"https:\/\/www.radlobby.org\/noe\/wp-content\/uploads\/gmuend_noefest_parcours1.jpg\" data-src=\"https:\/\/www.radlobby.org\/noe\/wp-content\/uploads\/gmuend_noefest_parcours1.jpg\" data-thumb=\"https:\/\/www.radlobby.org\/noe\/wp-content\/uploads\/gmuend_noefest_parcours1.jpg\" class=\"ml-lightbox-enabled\"><img loading=\"lazy\" decoding=\"async\" width=\"1800\" height=\"1346\" src=\"https:\/\/www.radlobby.org\/noe\/wp-content\/uploads\/gmuend_noefest_parcours1.jpg\" class=\"slider-24147 slide-24885 msDefaultImage\" alt=\"\" rel=\"\" title=\"hdr\" srcset=\"https:\/\/www.radlobby.org\/noe\/wp-content\/uploads\/gmuend_noefest_parcours1.jpg 1800w, https:\/\/www.radlobby.org\/noe\/wp-content\/uploads\/gmuend_noefest_parcours1-300x224.jpg 300w, https:\/\/www.radlobby.org\/noe\/wp-content\/uploads\/gmuend_noefest_parcours1-768x574.jpg 768w, https:\/\/www.radlobby.org\/noe\/wp-content\/uploads\/gmuend_noefest_parcours1-1536x1149.jpg 1536w\" sizes=\"auto, (max-width: 1800px) 100vw, 1800px\" \/><\/a><div class=\"caption-wrap\"><div class=\"caption\">hdr<\/div><\/div><\/li>\n                <li style=\"display: none; width: 100%;\" class=\"slide-24886 ms-image \" aria-roledescription=\"slide\" data-date=\"2022-08-25 18:15:28\" data-filename=\"gmuend_noefest_carptrails.jpg\" data-slide-type=\"image\"><a href=\"https:\/\/www.radlobby.org\/noe\/wp-content\/uploads\/gmuend_noefest_carptrails.jpg\" data-src=\"https:\/\/www.radlobby.org\/noe\/wp-content\/uploads\/gmuend_noefest_carptrails.jpg\" data-thumb=\"https:\/\/www.radlobby.org\/noe\/wp-content\/uploads\/gmuend_noefest_carptrails.jpg\" class=\"ml-lightbox-enabled\"><img loading=\"lazy\" decoding=\"async\" width=\"1800\" height=\"1346\" src=\"https:\/\/www.radlobby.org\/noe\/wp-content\/uploads\/gmuend_noefest_carptrails.jpg\" class=\"slider-24147 slide-24886 msDefaultImage\" alt=\"\" rel=\"\" title=\"hdr\" srcset=\"https:\/\/www.radlobby.org\/noe\/wp-content\/uploads\/gmuend_noefest_carptrails.jpg 1800w, https:\/\/www.radlobby.org\/noe\/wp-content\/uploads\/gmuend_noefest_carptrails-300x224.jpg 300w, https:\/\/www.radlobby.org\/noe\/wp-content\/uploads\/gmuend_noefest_carptrails-768x574.jpg 768w, https:\/\/www.radlobby.org\/noe\/wp-content\/uploads\/gmuend_noefest_carptrails-1536x1149.jpg 1536w\" sizes=\"auto, (max-width: 1800px) 100vw, 1800px\" \/><\/a><div class=\"caption-wrap\"><div class=\"caption\">hdr<\/div><\/div><\/li>\n                <li style=\"display: none; width: 100%;\" class=\"slide-24887 ms-image \" aria-roledescription=\"slide\" data-date=\"2022-08-25 18:15:28\" data-filename=\"gmuend_noefest_stand2.jpg\" data-slide-type=\"image\"><a href=\"https:\/\/www.radlobby.org\/noe\/wp-content\/uploads\/gmuend_noefest_stand2.jpg\" data-src=\"https:\/\/www.radlobby.org\/noe\/wp-content\/uploads\/gmuend_noefest_stand2.jpg\" data-thumb=\"https:\/\/www.radlobby.org\/noe\/wp-content\/uploads\/gmuend_noefest_stand2.jpg\" class=\"ml-lightbox-enabled\"><img loading=\"lazy\" decoding=\"async\" width=\"1090\" height=\"815\" src=\"https:\/\/www.radlobby.org\/noe\/wp-content\/uploads\/gmuend_noefest_stand2.jpg\" class=\"slider-24147 slide-24887 msDefaultImage\" alt=\"\" rel=\"\" title=\"gmuend_220625\" srcset=\"https:\/\/www.radlobby.org\/noe\/wp-content\/uploads\/gmuend_noefest_stand2.jpg 1090w, https:\/\/www.radlobby.org\/noe\/wp-content\/uploads\/gmuend_noefest_stand2-300x224.jpg 300w, https:\/\/www.radlobby.org\/noe\/wp-content\/uploads\/gmuend_noefest_stand2-768x574.jpg 768w\" sizes=\"auto, (max-width: 1090px) 100vw, 1090px\" \/><\/a><div class=\"caption-wrap\"><div class=\"caption\">Radlobby Gm\u00fcnd, Bezirksfest 100 Jahre N\u00d6<\/div><\/div><\/li>\n            <\/ul>\n        <\/div>\n        \n    <\/div>\n<\/div>\n<p>&nbsp;<\/p>\n<blockquote>\n<h6>Wenn euch als Radfahrer:in oder auch Fu\u00dfg\u00e4nger:in in Gm\u00fcnd etwas fehlt, wenn ihr auf gef\u00e4hrliche Situationen sto\u00dft oder euch fragt, wie diese Radwege denn nun eigentlich zu benutzen sind &#8211; und nat\u00fcrlich auch, wenn ihr Anregungen habt, wie Radeln in Gm\u00fcnd sicherer und freudvoller werden kann, meldet euch bei uns &#8211; siehe <a href=\"https:\/\/www.radlobby.org\/noe\/gmuend-team\/\">Radlobby Gm\u00fcnd \u2013 Team<\/a>.<\/h6>\n<\/blockquote>\n<p>&nbsp;<\/p>\n","protected":false},"excerpt":{"rendered":"<p>Die Radlobby Gm\u00fcnd radelte am Freitag, den 13. Mai 2022 mit Radfahr-F\u00fchrerschein-Neulingen zur Schule. Die Kinder wurden von zu Hause abgeholt und radelten in Begleitung einiger Freiwilliger und einiger Eltern zur Schule und nach der Schule wieder nach Hause. Ziel<\/p>\n","protected":false},"author":27,"featured_media":23942,"comment_status":"closed","ping_status":"closed","sticky":false,"template":"","format":"standard","meta":{"footnotes":""},"categories":[384,282],"tags":[72,119,137],"class_list":["post-23938","post","type-post","status-publish","format-standard","has-post-thumbnail","hentry","category-gemeinden-betriebe","category-gmuend","tag-gemeinden","tag-kinder","tag-schulweg"],"yoast_head":"<!-- This site is optimized with the Yoast SEO plugin v26.9 - https:\/\/yoast.com\/product\/yoast-seo-wordpress\/ -->\n<title>Wir radeln in die Volksschule! - Radlobby Nieder\u00f6sterreich<\/title>\n<meta name=\"description\" content=\"Wir radeln in die Volksschule - Radlobby Gm\u00fcnd zeigt Wege auf.\" \/>\n<meta name=\"robots\" content=\"index, follow, max-snippet:-1, max-image-preview:large, max-video-preview:-1\" \/>\n<link rel=\"canonical\" href=\"https:\/\/www.radlobby.org\/noe\/gmuend_vs-radeln_20220515\/\" \/>\n<meta property=\"og:locale\" content=\"de_DE\" \/>\n<meta property=\"og:type\" content=\"article\" \/>\n<meta property=\"og:title\" content=\"Wir radeln in die Volksschule! - Radlobby Nieder\u00f6sterreich\" \/>\n<meta property=\"og:description\" content=\"Wir radeln in die Volksschule - Radlobby Gm\u00fcnd zeigt Wege auf.\" \/>\n<meta property=\"og:url\" content=\"https:\/\/www.radlobby.org\/noe\/gmuend_vs-radeln_20220515\/\" \/>\n<meta property=\"og:site_name\" content=\"Radlobby Nieder\u00f6sterreich\" \/>\n<meta property=\"article:publisher\" content=\"https:\/\/www.facebook.com\/groups\/radfahren.in.noe\/\" \/>\n<meta property=\"article:published_time\" content=\"2022-05-15T11:28:56+00:00\" \/>\n<meta property=\"article:modified_time\" content=\"2022-08-08T07:21:21+00:00\" \/>\n<meta property=\"og:image\" content=\"https:\/\/www.radlobby.org\/noe\/wp-content\/uploads\/GD_220515_VS_4-scaled.jpg\" \/>\n\t<meta property=\"og:image:width\" content=\"2560\" \/>\n\t<meta property=\"og:image:height\" content=\"1708\" \/>\n\t<meta property=\"og:image:type\" content=\"image\/jpeg\" \/>\n<meta name=\"author\" content=\"Kristin Harrich\" \/>\n<meta name=\"twitter:card\" content=\"summary_large_image\" \/>\n<meta name=\"twitter:label1\" content=\"Verfasst von\" \/>\n\t<meta name=\"twitter:data1\" content=\"Kristin Harrich\" \/>\n\t<meta name=\"twitter:label2\" content=\"Gesch\u00e4tzte Lesezeit\" \/>\n\t<meta name=\"twitter:data2\" content=\"2\u00a0Minuten\" \/>\n<script type=\"application\/ld+json\" class=\"yoast-schema-graph\">{\"@context\":\"https:\/\/schema.org\",\"@graph\":[{\"@type\":\"Article\",\"@id\":\"https:\/\/www.radlobby.org\/noe\/gmuend_vs-radeln_20220515\/#article\",\"isPartOf\":{\"@id\":\"https:\/\/www.radlobby.org\/noe\/gmuend_vs-radeln_20220515\/\"},\"author\":{\"name\":\"Kristin Harrich\",\"@id\":\"https:\/\/www.radlobby.org\/noe\/#\/schema\/person\/6b0053ef563e368f14308d7792bfbfc0\"},\"headline\":\"Wir radeln in die Volksschule!\",\"datePublished\":\"2022-05-15T11:28:56+00:00\",\"dateModified\":\"2022-08-08T07:21:21+00:00\",\"mainEntityOfPage\":{\"@id\":\"https:\/\/www.radlobby.org\/noe\/gmuend_vs-radeln_20220515\/\"},\"wordCount\":319,\"publisher\":{\"@id\":\"https:\/\/www.radlobby.org\/noe\/#organization\"},\"image\":{\"@id\":\"https:\/\/www.radlobby.org\/noe\/gmuend_vs-radeln_20220515\/#primaryimage\"},\"thumbnailUrl\":\"https:\/\/www.radlobby.org\/noe\/wp-content\/uploads\/GD_220515_VS_4-scaled.jpg\",\"keywords\":[\"Gemeinden\",\"Kinder\",\"Schulweg\"],\"articleSection\":[\"Gemeinden &amp; Betriebe\",\"Radlobby Gm\u00fcnd\"],\"inLanguage\":\"de\"},{\"@type\":\"WebPage\",\"@id\":\"https:\/\/www.radlobby.org\/noe\/gmuend_vs-radeln_20220515\/\",\"url\":\"https:\/\/www.radlobby.org\/noe\/gmuend_vs-radeln_20220515\/\",\"name\":\"Wir radeln in die Volksschule! - Radlobby Nieder\u00f6sterreich\",\"isPartOf\":{\"@id\":\"https:\/\/www.radlobby.org\/noe\/#website\"},\"primaryImageOfPage\":{\"@id\":\"https:\/\/www.radlobby.org\/noe\/gmuend_vs-radeln_20220515\/#primaryimage\"},\"image\":{\"@id\":\"https:\/\/www.radlobby.org\/noe\/gmuend_vs-radeln_20220515\/#primaryimage\"},\"thumbnailUrl\":\"https:\/\/www.radlobby.org\/noe\/wp-content\/uploads\/GD_220515_VS_4-scaled.jpg\",\"datePublished\":\"2022-05-15T11:28:56+00:00\",\"dateModified\":\"2022-08-08T07:21:21+00:00\",\"description\":\"Wir radeln in die Volksschule - Radlobby Gm\u00fcnd zeigt Wege auf.\",\"breadcrumb\":{\"@id\":\"https:\/\/www.radlobby.org\/noe\/gmuend_vs-radeln_20220515\/#breadcrumb\"},\"inLanguage\":\"de\",\"potentialAction\":[{\"@type\":\"ReadAction\",\"target\":[\"https:\/\/www.radlobby.org\/noe\/gmuend_vs-radeln_20220515\/\"]}]},{\"@type\":\"ImageObject\",\"inLanguage\":\"de\",\"@id\":\"https:\/\/www.radlobby.org\/noe\/gmuend_vs-radeln_20220515\/#primaryimage\",\"url\":\"https:\/\/www.radlobby.org\/noe\/wp-content\/uploads\/GD_220515_VS_4-scaled.jpg\",\"contentUrl\":\"https:\/\/www.radlobby.org\/noe\/wp-content\/uploads\/GD_220515_VS_4-scaled.jpg\",\"width\":2560,\"height\":1708,\"caption\":\"Radlobby Gm\u00fcnd - Wir radeln zur Volksschule\"},{\"@type\":\"BreadcrumbList\",\"@id\":\"https:\/\/www.radlobby.org\/noe\/gmuend_vs-radeln_20220515\/#breadcrumb\",\"itemListElement\":[{\"@type\":\"ListItem\",\"position\":1,\"name\":\"Startseite\",\"item\":\"https:\/\/www.radlobby.org\/noe\/\"},{\"@type\":\"ListItem\",\"position\":2,\"name\":\"Wir radeln in die Volksschule!\"}]},{\"@type\":\"WebSite\",\"@id\":\"https:\/\/www.radlobby.org\/noe\/#website\",\"url\":\"https:\/\/www.radlobby.org\/noe\/\",\"name\":\"Radlobby Nieder\u00f6sterreich\",\"description\":\"Radverkehr, Fahrrad, Radfahren, Radreisen, Radtouren, Radweg\",\"publisher\":{\"@id\":\"https:\/\/www.radlobby.org\/noe\/#organization\"},\"potentialAction\":[{\"@type\":\"SearchAction\",\"target\":{\"@type\":\"EntryPoint\",\"urlTemplate\":\"https:\/\/www.radlobby.org\/noe\/?s={search_term_string}\"},\"query-input\":{\"@type\":\"PropertyValueSpecification\",\"valueRequired\":true,\"valueName\":\"search_term_string\"}}],\"inLanguage\":\"de\"},{\"@type\":\"Organization\",\"@id\":\"https:\/\/www.radlobby.org\/noe\/#organization\",\"name\":\"Radlobby Nieder\u00f6sterreich\",\"url\":\"https:\/\/www.radlobby.org\/noe\/\",\"logo\":{\"@type\":\"ImageObject\",\"inLanguage\":\"de\",\"@id\":\"https:\/\/www.radlobby.org\/noe\/#\/schema\/logo\/image\/\",\"url\":\"https:\/\/www.radlobby.org\/noe\/wp-content\/uploads\/2017\/01\/cropped-Logo_Radlobby_Niederoesterreich_50-400px_quer-1.jpg\",\"contentUrl\":\"https:\/\/www.radlobby.org\/noe\/wp-content\/uploads\/2017\/01\/cropped-Logo_Radlobby_Niederoesterreich_50-400px_quer-1.jpg\",\"width\":450,\"height\":124,\"caption\":\"Radlobby Nieder\u00f6sterreich\"},\"image\":{\"@id\":\"https:\/\/www.radlobby.org\/noe\/#\/schema\/logo\/image\/\"},\"sameAs\":[\"https:\/\/www.facebook.com\/groups\/radfahren.in.noe\/\"]},{\"@type\":\"Person\",\"@id\":\"https:\/\/www.radlobby.org\/noe\/#\/schema\/person\/6b0053ef563e368f14308d7792bfbfc0\",\"name\":\"Kristin Harrich\",\"image\":{\"@type\":\"ImageObject\",\"inLanguage\":\"de\",\"@id\":\"https:\/\/www.radlobby.org\/noe\/#\/schema\/person\/image\/\",\"url\":\"https:\/\/secure.gravatar.com\/avatar\/fae3c9085f86cf2c3d0ec7ea03ae71cda2f36050a7f451f72c07840cdab68d7c?s=96&d=mm&r=g\",\"contentUrl\":\"https:\/\/secure.gravatar.com\/avatar\/fae3c9085f86cf2c3d0ec7ea03ae71cda2f36050a7f451f72c07840cdab68d7c?s=96&d=mm&r=g\",\"caption\":\"Kristin Harrich\"},\"url\":\"https:\/\/www.radlobby.org\/noe\/author\/kristinharrich\/\"}]}<\/script>\n<!-- \/ Yoast SEO plugin. -->","yoast_head_json":{"title":"Wir radeln in die Volksschule! - Radlobby Nieder\u00f6sterreich","description":"Wir radeln in die Volksschule - Radlobby Gm\u00fcnd zeigt Wege auf.","robots":{"index":"index","follow":"follow","max-snippet":"max-snippet:-1","max-image-preview":"max-image-preview:large","max-video-preview":"max-video-preview:-1"},"canonical":"https:\/\/www.radlobby.org\/noe\/gmuend_vs-radeln_20220515\/","og_locale":"de_DE","og_type":"article","og_title":"Wir radeln in die Volksschule! - Radlobby Nieder\u00f6sterreich","og_description":"Wir radeln in die Volksschule - Radlobby Gm\u00fcnd zeigt Wege auf.","og_url":"https:\/\/www.radlobby.org\/noe\/gmuend_vs-radeln_20220515\/","og_site_name":"Radlobby Nieder\u00f6sterreich","article_publisher":"https:\/\/www.facebook.com\/groups\/radfahren.in.noe\/","article_published_time":"2022-05-15T11:28:56+00:00","article_modified_time":"2022-08-08T07:21:21+00:00","og_image":[{"width":2560,"height":1708,"url":"https:\/\/www.radlobby.org\/noe\/wp-content\/uploads\/GD_220515_VS_4-scaled.jpg","type":"image\/jpeg"}],"author":"Kristin Harrich","twitter_card":"summary_large_image","twitter_misc":{"Verfasst von":"Kristin Harrich","Gesch\u00e4tzte Lesezeit":"2\u00a0Minuten"},"schema":{"@context":"https:\/\/schema.org","@graph":[{"@type":"Article","@id":"https:\/\/www.radlobby.org\/noe\/gmuend_vs-radeln_20220515\/#article","isPartOf":{"@id":"https:\/\/www.radlobby.org\/noe\/gmuend_vs-radeln_20220515\/"},"author":{"name":"Kristin Harrich","@id":"https:\/\/www.radlobby.org\/noe\/#\/schema\/person\/6b0053ef563e368f14308d7792bfbfc0"},"headline":"Wir radeln in die Volksschule!","datePublished":"2022-05-15T11:28:56+00:00","dateModified":"2022-08-08T07:21:21+00:00","mainEntityOfPage":{"@id":"https:\/\/www.radlobby.org\/noe\/gmuend_vs-radeln_20220515\/"},"wordCount":319,"publisher":{"@id":"https:\/\/www.radlobby.org\/noe\/#organization"},"image":{"@id":"https:\/\/www.radlobby.org\/noe\/gmuend_vs-radeln_20220515\/#primaryimage"},"thumbnailUrl":"https:\/\/www.radlobby.org\/noe\/wp-content\/uploads\/GD_220515_VS_4-scaled.jpg","keywords":["Gemeinden","Kinder","Schulweg"],"articleSection":["Gemeinden &amp; Betriebe","Radlobby Gm\u00fcnd"],"inLanguage":"de"},{"@type":"WebPage","@id":"https:\/\/www.radlobby.org\/noe\/gmuend_vs-radeln_20220515\/","url":"https:\/\/www.radlobby.org\/noe\/gmuend_vs-radeln_20220515\/","name":"Wir radeln in die Volksschule! - Radlobby Nieder\u00f6sterreich","isPartOf":{"@id":"https:\/\/www.radlobby.org\/noe\/#website"},"primaryImageOfPage":{"@id":"https:\/\/www.radlobby.org\/noe\/gmuend_vs-radeln_20220515\/#primaryimage"},"image":{"@id":"https:\/\/www.radlobby.org\/noe\/gmuend_vs-radeln_20220515\/#primaryimage"},"thumbnailUrl":"https:\/\/www.radlobby.org\/noe\/wp-content\/uploads\/GD_220515_VS_4-scaled.jpg","datePublished":"2022-05-15T11:28:56+00:00","dateModified":"2022-08-08T07:21:21+00:00","description":"Wir radeln in die Volksschule - Radlobby Gm\u00fcnd zeigt Wege auf.","breadcrumb":{"@id":"https:\/\/www.radlobby.org\/noe\/gmuend_vs-radeln_20220515\/#breadcrumb"},"inLanguage":"de","potentialAction":[{"@type":"ReadAction","target":["https:\/\/www.radlobby.org\/noe\/gmuend_vs-radeln_20220515\/"]}]},{"@type":"ImageObject","inLanguage":"de","@id":"https:\/\/www.radlobby.org\/noe\/gmuend_vs-radeln_20220515\/#primaryimage","url":"https:\/\/www.radlobby.org\/noe\/wp-content\/uploads\/GD_220515_VS_4-scaled.jpg","contentUrl":"https:\/\/www.radlobby.org\/noe\/wp-content\/uploads\/GD_220515_VS_4-scaled.jpg","width":2560,"height":1708,"caption":"Radlobby Gm\u00fcnd - Wir radeln zur Volksschule"},{"@type":"BreadcrumbList","@id":"https:\/\/www.radlobby.org\/noe\/gmuend_vs-radeln_20220515\/#breadcrumb","itemListElement":[{"@type":"ListItem","position":1,"name":"Startseite","item":"https:\/\/www.radlobby.org\/noe\/"},{"@type":"ListItem","position":2,"name":"Wir radeln in die Volksschule!"}]},{"@type":"WebSite","@id":"https:\/\/www.radlobby.org\/noe\/#website","url":"https:\/\/www.radlobby.org\/noe\/","name":"Radlobby Nieder\u00f6sterreich","description":"Radverkehr, Fahrrad, Radfahren, Radreisen, Radtouren, Radweg","publisher":{"@id":"https:\/\/www.radlobby.org\/noe\/#organization"},"potentialAction":[{"@type":"SearchAction","target":{"@type":"EntryPoint","urlTemplate":"https:\/\/www.radlobby.org\/noe\/?s={search_term_string}"},"query-input":{"@type":"PropertyValueSpecification","valueRequired":true,"valueName":"search_term_string"}}],"inLanguage":"de"},{"@type":"Organization","@id":"https:\/\/www.radlobby.org\/noe\/#organization","name":"Radlobby Nieder\u00f6sterreich","url":"https:\/\/www.radlobby.org\/noe\/","logo":{"@type":"ImageObject","inLanguage":"de","@id":"https:\/\/www.radlobby.org\/noe\/#\/schema\/logo\/image\/","url":"https:\/\/www.radlobby.org\/noe\/wp-content\/uploads\/2017\/01\/cropped-Logo_Radlobby_Niederoesterreich_50-400px_quer-1.jpg","contentUrl":"https:\/\/www.radlobby.org\/noe\/wp-content\/uploads\/2017\/01\/cropped-Logo_Radlobby_Niederoesterreich_50-400px_quer-1.jpg","width":450,"height":124,"caption":"Radlobby Nieder\u00f6sterreich"},"image":{"@id":"https:\/\/www.radlobby.org\/noe\/#\/schema\/logo\/image\/"},"sameAs":["https:\/\/www.facebook.com\/groups\/radfahren.in.noe\/"]},{"@type":"Person","@id":"https:\/\/www.radlobby.org\/noe\/#\/schema\/person\/6b0053ef563e368f14308d7792bfbfc0","name":"Kristin Harrich","image":{"@type":"ImageObject","inLanguage":"de","@id":"https:\/\/www.radlobby.org\/noe\/#\/schema\/person\/image\/","url":"https:\/\/secure.gravatar.com\/avatar\/fae3c9085f86cf2c3d0ec7ea03ae71cda2f36050a7f451f72c07840cdab68d7c?s=96&d=mm&r=g","contentUrl":"https:\/\/secure.gravatar.com\/avatar\/fae3c9085f86cf2c3d0ec7ea03ae71cda2f36050a7f451f72c07840cdab68d7c?s=96&d=mm&r=g","caption":"Kristin Harrich"},"url":"https:\/\/www.radlobby.org\/noe\/author\/kristinharrich\/"}]}},"_links":{"self":[{"href":"https:\/\/www.radlobby.org\/noe\/wp-json\/wp\/v2\/posts\/23938","targetHints":{"allow":["GET"]}}],"collection":[{"href":"https:\/\/www.radlobby.org\/noe\/wp-json\/wp\/v2\/posts"}],"about":[{"href":"https:\/\/www.radlobby.org\/noe\/wp-json\/wp\/v2\/types\/post"}],"author":[{"embeddable":true,"href":"https:\/\/www.radlobby.org\/noe\/wp-json\/wp\/v2\/users\/27"}],"replies":[{"embeddable":true,"href":"https:\/\/www.radlobby.org\/noe\/wp-json\/wp\/v2\/comments?post=23938"}],"version-history":[{"count":0,"href":"https:\/\/www.radlobby.org\/noe\/wp-json\/wp\/v2\/posts\/23938\/revisions"}],"wp:featuredmedia":[{"embeddable":true,"href":"https:\/\/www.radlobby.org\/noe\/wp-json\/wp\/v2\/media\/23942"}],"wp:attachment":[{"href":"https:\/\/www.radlobby.org\/noe\/wp-json\/wp\/v2\/media?parent=23938"}],"wp:term":[{"taxonomy":"category","embeddable":true,"href":"https:\/\/www.radlobby.org\/noe\/wp-json\/wp\/v2\/categories?post=23938"},{"taxonomy":"post_tag","embeddable":true,"href":"https:\/\/www.radlobby.org\/noe\/wp-json\/wp\/v2\/tags?post=23938"}],"curies":[{"name":"wp","href":"https:\/\/api.w.org\/{rel}","templated":true}]}}