{"id":22795,"date":"2022-04-04T21:47:00","date_gmt":"2022-04-04T19:47:00","guid":{"rendered":"https:\/\/www.radlobby.org\/noe\/?p=22795"},"modified":"2022-05-24T20:27:36","modified_gmt":"2022-05-24T18:27:36","slug":"11-wiener-radparade-2022-wodo","status":"publish","type":"post","link":"https:\/\/www.radlobby.org\/noe\/11-wiener-radparade-2022-wodo\/","title":{"rendered":"11. Wiener RADpaRADe <br>Radfahren macht Spa\u00df, auch Obelix"},"content":{"rendered":"<p>Trotzdem es in der Nacht von Samstag, den 2.4. auf Sonntag den 3.4.2022 Schneefall gab und es am Morgen des 3.4.2022 Temperaturen um den Gefrierpunkt gab, konnte uns das nicht von einer Radtour zur 11. Wiener RADpaRADE abhalten.<\/p>\n<h4>Treffpunkt Floridsdorf<\/h4>\n<p>Um 10 Uhr trafen wir uns in Floridsdorf im Caf\u00e9 Jonas mit anderen Radlobby-Gruppen aus Deutsch-Wagram, Korneuburg, Stockerau, Wien-Donaustadt und nat\u00fcrlich Floridsdorf.<\/p>\n<p><a href=\"https:\/\/www.radlobby.org\/noe\/wp-content\/uploads\/2022_Radparade_Wien_29.jpg\" data-src=\"https:\/\/www.radlobby.org\/noe\/wp-content\/uploads\/2022_Radparade_Wien_29.jpg\" data-thumb=\"https:\/\/www.radlobby.org\/noe\/wp-content\/uploads\/2022_Radparade_Wien_29-300x200.jpg\" class=\"ml-lightbox-enabled\"><img loading=\"lazy\" decoding=\"async\" class=\"alignnone wp-image-22842 size-medium\" src=\"https:\/\/www.radlobby.org\/noe\/wp-content\/uploads\/2022_Radparade_Wien_29-300x200.jpg\" alt=\"\" width=\"300\" height=\"200\" srcset=\"https:\/\/www.radlobby.org\/noe\/wp-content\/uploads\/2022_Radparade_Wien_29-300x200.jpg 300w, https:\/\/www.radlobby.org\/noe\/wp-content\/uploads\/2022_Radparade_Wien_29-768x512.jpg 768w, https:\/\/www.radlobby.org\/noe\/wp-content\/uploads\/2022_Radparade_Wien_29-1536x1024.jpg 1536w, https:\/\/www.radlobby.org\/noe\/wp-content\/uploads\/2022_Radparade_Wien_29.jpg 2000w\" sizes=\"auto, (max-width: 300px) 100vw, 300px\" \/><\/a><br \/>\nMit Polizeibegleitung ging\u00b4s weiter in den 2. Bezirk.<\/p>\n<h2><img loading=\"lazy\" decoding=\"async\" class=\"alignnone size-medium wp-image-22840\" src=\"https:\/\/www.radlobby.org\/noe\/wp-content\/uploads\/2022_Radparade_Wien_27-300x199.jpg\" alt=\"\" width=\"300\" height=\"199\" srcset=\"https:\/\/www.radlobby.org\/noe\/wp-content\/uploads\/2022_Radparade_Wien_27-300x199.jpg 300w, https:\/\/www.radlobby.org\/noe\/wp-content\/uploads\/2022_Radparade_Wien_27-768x509.jpg 768w, https:\/\/www.radlobby.org\/noe\/wp-content\/uploads\/2022_Radparade_Wien_27-1536x1018.jpg 1536w, https:\/\/www.radlobby.org\/noe\/wp-content\/uploads\/2022_Radparade_Wien_27-2048x1357.jpg 2048w\" sizes=\"auto, (max-width: 300px) 100vw, 300px\" \/><\/h2>\n<h4>Treffpunkt Brigittenau<\/h4>\n<p>Am Gau\u00dfplatz wurden wir von Teilnehmerinnen und Teilnehmern aus der Brigittenau empfangen.<\/p>\n<h2><a href=\"https:\/\/www.radlobby.org\/noe\/wp-content\/uploads\/2022_Radparade_Wien_28.jpg\" data-src=\"https:\/\/www.radlobby.org\/noe\/wp-content\/uploads\/2022_Radparade_Wien_28.jpg\" data-thumb=\"https:\/\/www.radlobby.org\/noe\/wp-content\/uploads\/2022_Radparade_Wien_28-300x225.jpg\" class=\"ml-lightbox-enabled\"><img loading=\"lazy\" decoding=\"async\" class=\"alignnone wp-image-22841 size-medium\" src=\"https:\/\/www.radlobby.org\/noe\/wp-content\/uploads\/2022_Radparade_Wien_28-300x225.jpg\" alt=\"\" width=\"300\" height=\"225\" srcset=\"https:\/\/www.radlobby.org\/noe\/wp-content\/uploads\/2022_Radparade_Wien_28-300x225.jpg 300w, https:\/\/www.radlobby.org\/noe\/wp-content\/uploads\/2022_Radparade_Wien_28-768x576.jpg 768w, https:\/\/www.radlobby.org\/noe\/wp-content\/uploads\/2022_Radparade_Wien_28.jpg 1152w\" sizes=\"auto, (max-width: 300px) 100vw, 300px\" \/><\/a><\/h2>\n<h4>Die RADpaRADe<\/h4>\n<p>Wegen einer Laufveranstaltung im Prater gab es eine Routen\u00e4nderung. Vom Rathausplatz \/ Burgtheater ging die Route \u00fcber den Schottenring, die Praterstra\u00dfe bis zum Praterstern, eine Runde um den Praterstern, die Praterstra\u00dfe wieder zur\u00fcck und den Ring bis zum Wiener Rathaus. Das l\u00e4ssige daran war die Begegnung der tausenden Radfahrenden in der Praterstra\u00dfe. Minutenlange sah man auf der anderen Stra\u00dfenseite Radfahrer*innen auf die verschiedensten R\u00e4dern in lustigen Kost\u00fcmen und alle in guter Laune. Das war echt beeindruckend.<\/p>\n<p><strong>Radfahren ist \u00f6kologisch, \u00f6konomisch, schont die Umwelt, braucht wenig Platz, ist gesund und macht ganz einfach Spa\u00df!<\/strong><\/p>\n<p>Davon konnte man sich auf der 11. Wiener RADpaRADe \u00fcberzeugen. Sogar Obelix war dabei!<\/p>\n<p><a href=\"https:\/\/www.radlobby.org\/noe\/wp-content\/uploads\/2022_Radparade_Wien_08.jpg\" data-src=\"https:\/\/www.radlobby.org\/noe\/wp-content\/uploads\/2022_Radparade_Wien_08.jpg\" data-thumb=\"https:\/\/www.radlobby.org\/noe\/wp-content\/uploads\/2022_Radparade_Wien_08-300x225.jpg\" class=\"ml-lightbox-enabled\"><img loading=\"lazy\" decoding=\"async\" class=\"alignnone wp-image-22807 size-medium\" src=\"https:\/\/www.radlobby.org\/noe\/wp-content\/uploads\/2022_Radparade_Wien_08-300x225.jpg\" alt=\"\" width=\"300\" height=\"225\" srcset=\"https:\/\/www.radlobby.org\/noe\/wp-content\/uploads\/2022_Radparade_Wien_08-300x225.jpg 300w, https:\/\/www.radlobby.org\/noe\/wp-content\/uploads\/2022_Radparade_Wien_08-768x576.jpg 768w, https:\/\/www.radlobby.org\/noe\/wp-content\/uploads\/2022_Radparade_Wien_08-1536x1152.jpg 1536w, https:\/\/www.radlobby.org\/noe\/wp-content\/uploads\/2022_Radparade_Wien_08.jpg 2016w\" sizes=\"auto, (max-width: 300px) 100vw, 300px\" \/><\/a><\/p>\n<p>Und auch viele andere lustige, l\u00e4ssige, coole Pedalritter!<\/p>\n<p><a href=\"https:\/\/www.radlobby.org\/noe\/wp-content\/uploads\/2022_Radparade_Wien_01.jpg\" data-src=\"https:\/\/www.radlobby.org\/noe\/wp-content\/uploads\/2022_Radparade_Wien_01.jpg\" data-thumb=\"https:\/\/www.radlobby.org\/noe\/wp-content\/uploads\/2022_Radparade_Wien_01-300x225.jpg\" class=\"ml-lightbox-enabled\"><img loading=\"lazy\" decoding=\"async\" class=\"alignnone wp-image-22800 size-medium\" src=\"https:\/\/www.radlobby.org\/noe\/wp-content\/uploads\/2022_Radparade_Wien_01-300x225.jpg\" alt=\"\" width=\"300\" height=\"225\" srcset=\"https:\/\/www.radlobby.org\/noe\/wp-content\/uploads\/2022_Radparade_Wien_01-300x225.jpg 300w, https:\/\/www.radlobby.org\/noe\/wp-content\/uploads\/2022_Radparade_Wien_01-768x576.jpg 768w, https:\/\/www.radlobby.org\/noe\/wp-content\/uploads\/2022_Radparade_Wien_01-1536x1152.jpg 1536w, https:\/\/www.radlobby.org\/noe\/wp-content\/uploads\/2022_Radparade_Wien_01.jpg 2016w\" sizes=\"auto, (max-width: 300px) 100vw, 300px\" \/><\/a> <a href=\"https:\/\/www.radlobby.org\/noe\/wp-content\/uploads\/2022_Radparade_Wien_02.jpg\" data-src=\"https:\/\/www.radlobby.org\/noe\/wp-content\/uploads\/2022_Radparade_Wien_02.jpg\" data-thumb=\"https:\/\/www.radlobby.org\/noe\/wp-content\/uploads\/2022_Radparade_Wien_02-300x225.jpg\" class=\"ml-lightbox-enabled\"><img loading=\"lazy\" decoding=\"async\" class=\"alignnone wp-image-22801 size-medium\" src=\"https:\/\/www.radlobby.org\/noe\/wp-content\/uploads\/2022_Radparade_Wien_02-300x225.jpg\" alt=\"\" width=\"300\" height=\"225\" srcset=\"https:\/\/www.radlobby.org\/noe\/wp-content\/uploads\/2022_Radparade_Wien_02-300x225.jpg 300w, https:\/\/www.radlobby.org\/noe\/wp-content\/uploads\/2022_Radparade_Wien_02-768x576.jpg 768w, https:\/\/www.radlobby.org\/noe\/wp-content\/uploads\/2022_Radparade_Wien_02-1536x1152.jpg 1536w, https:\/\/www.radlobby.org\/noe\/wp-content\/uploads\/2022_Radparade_Wien_02.jpg 2016w\" sizes=\"auto, (max-width: 300px) 100vw, 300px\" \/><\/a> <a href=\"https:\/\/www.radlobby.org\/noe\/wp-content\/uploads\/2022_Radparade_Wien_03.jpg\" data-src=\"https:\/\/www.radlobby.org\/noe\/wp-content\/uploads\/2022_Radparade_Wien_03.jpg\" data-thumb=\"https:\/\/www.radlobby.org\/noe\/wp-content\/uploads\/2022_Radparade_Wien_03-300x225.jpg\" class=\"ml-lightbox-enabled\"><img loading=\"lazy\" decoding=\"async\" class=\"alignnone wp-image-22802 size-medium\" src=\"https:\/\/www.radlobby.org\/noe\/wp-content\/uploads\/2022_Radparade_Wien_03-300x225.jpg\" alt=\"\" width=\"300\" height=\"225\" srcset=\"https:\/\/www.radlobby.org\/noe\/wp-content\/uploads\/2022_Radparade_Wien_03-300x225.jpg 300w, https:\/\/www.radlobby.org\/noe\/wp-content\/uploads\/2022_Radparade_Wien_03-768x576.jpg 768w, https:\/\/www.radlobby.org\/noe\/wp-content\/uploads\/2022_Radparade_Wien_03-1536x1152.jpg 1536w, https:\/\/www.radlobby.org\/noe\/wp-content\/uploads\/2022_Radparade_Wien_03.jpg 2016w\" sizes=\"auto, (max-width: 300px) 100vw, 300px\" \/><\/a> <a href=\"https:\/\/www.radlobby.org\/noe\/wp-content\/uploads\/2022_Radparade_Wien_05.jpg\" data-src=\"https:\/\/www.radlobby.org\/noe\/wp-content\/uploads\/2022_Radparade_Wien_05.jpg\" data-thumb=\"https:\/\/www.radlobby.org\/noe\/wp-content\/uploads\/2022_Radparade_Wien_05-300x225.jpg\" class=\"ml-lightbox-enabled\"><img loading=\"lazy\" decoding=\"async\" class=\"alignnone wp-image-22804 size-medium\" src=\"https:\/\/www.radlobby.org\/noe\/wp-content\/uploads\/2022_Radparade_Wien_05-300x225.jpg\" alt=\"\" width=\"300\" height=\"225\" srcset=\"https:\/\/www.radlobby.org\/noe\/wp-content\/uploads\/2022_Radparade_Wien_05-300x225.jpg 300w, https:\/\/www.radlobby.org\/noe\/wp-content\/uploads\/2022_Radparade_Wien_05-768x576.jpg 768w, https:\/\/www.radlobby.org\/noe\/wp-content\/uploads\/2022_Radparade_Wien_05-1536x1152.jpg 1536w, https:\/\/www.radlobby.org\/noe\/wp-content\/uploads\/2022_Radparade_Wien_05.jpg 2016w\" sizes=\"auto, (max-width: 300px) 100vw, 300px\" \/><\/a> <a href=\"https:\/\/www.radlobby.org\/noe\/wp-content\/uploads\/2022_Radparade_Wien_06.jpg\" data-src=\"https:\/\/www.radlobby.org\/noe\/wp-content\/uploads\/2022_Radparade_Wien_06.jpg\" data-thumb=\"https:\/\/www.radlobby.org\/noe\/wp-content\/uploads\/2022_Radparade_Wien_06-300x225.jpg\" class=\"ml-lightbox-enabled\"><img loading=\"lazy\" decoding=\"async\" class=\"alignnone wp-image-22805 size-medium\" src=\"https:\/\/www.radlobby.org\/noe\/wp-content\/uploads\/2022_Radparade_Wien_06-300x225.jpg\" alt=\"\" width=\"300\" height=\"225\" srcset=\"https:\/\/www.radlobby.org\/noe\/wp-content\/uploads\/2022_Radparade_Wien_06-300x225.jpg 300w, https:\/\/www.radlobby.org\/noe\/wp-content\/uploads\/2022_Radparade_Wien_06-768x576.jpg 768w, https:\/\/www.radlobby.org\/noe\/wp-content\/uploads\/2022_Radparade_Wien_06-1536x1152.jpg 1536w, https:\/\/www.radlobby.org\/noe\/wp-content\/uploads\/2022_Radparade_Wien_06.jpg 2016w\" sizes=\"auto, (max-width: 300px) 100vw, 300px\" \/><\/a> <a href=\"https:\/\/www.radlobby.org\/noe\/wp-content\/uploads\/2022_Radparade_Wien_07.jpg\" data-src=\"https:\/\/www.radlobby.org\/noe\/wp-content\/uploads\/2022_Radparade_Wien_07.jpg\" data-thumb=\"https:\/\/www.radlobby.org\/noe\/wp-content\/uploads\/2022_Radparade_Wien_07-300x225.jpg\" class=\"ml-lightbox-enabled\"><img loading=\"lazy\" decoding=\"async\" class=\"alignnone wp-image-22806 size-medium\" src=\"https:\/\/www.radlobby.org\/noe\/wp-content\/uploads\/2022_Radparade_Wien_07-300x225.jpg\" alt=\"\" width=\"300\" height=\"225\" srcset=\"https:\/\/www.radlobby.org\/noe\/wp-content\/uploads\/2022_Radparade_Wien_07-300x225.jpg 300w, https:\/\/www.radlobby.org\/noe\/wp-content\/uploads\/2022_Radparade_Wien_07-768x576.jpg 768w, https:\/\/www.radlobby.org\/noe\/wp-content\/uploads\/2022_Radparade_Wien_07-1536x1152.jpg 1536w, https:\/\/www.radlobby.org\/noe\/wp-content\/uploads\/2022_Radparade_Wien_07.jpg 2016w\" sizes=\"auto, (max-width: 300px) 100vw, 300px\" \/><\/a> <a href=\"https:\/\/www.radlobby.org\/noe\/wp-content\/uploads\/2022_Radparade_Wien_09.jpg\" data-src=\"https:\/\/www.radlobby.org\/noe\/wp-content\/uploads\/2022_Radparade_Wien_09.jpg\" data-thumb=\"https:\/\/www.radlobby.org\/noe\/wp-content\/uploads\/2022_Radparade_Wien_09-300x225.jpg\" class=\"ml-lightbox-enabled\"><img loading=\"lazy\" decoding=\"async\" class=\"alignnone wp-image-22808 size-medium\" src=\"https:\/\/www.radlobby.org\/noe\/wp-content\/uploads\/2022_Radparade_Wien_09-300x225.jpg\" alt=\"\" width=\"300\" height=\"225\" srcset=\"https:\/\/www.radlobby.org\/noe\/wp-content\/uploads\/2022_Radparade_Wien_09-300x225.jpg 300w, https:\/\/www.radlobby.org\/noe\/wp-content\/uploads\/2022_Radparade_Wien_09-768x576.jpg 768w, https:\/\/www.radlobby.org\/noe\/wp-content\/uploads\/2022_Radparade_Wien_09-1536x1152.jpg 1536w, https:\/\/www.radlobby.org\/noe\/wp-content\/uploads\/2022_Radparade_Wien_09.jpg 2016w\" sizes=\"auto, (max-width: 300px) 100vw, 300px\" \/><\/a> <a href=\"https:\/\/www.radlobby.org\/noe\/wp-content\/uploads\/2022_Radparade_Wien_11.jpg\" data-src=\"https:\/\/www.radlobby.org\/noe\/wp-content\/uploads\/2022_Radparade_Wien_11.jpg\" data-thumb=\"https:\/\/www.radlobby.org\/noe\/wp-content\/uploads\/2022_Radparade_Wien_11-300x225.jpg\" class=\"ml-lightbox-enabled\"><img loading=\"lazy\" decoding=\"async\" class=\"alignnone wp-image-22810 size-medium\" src=\"https:\/\/www.radlobby.org\/noe\/wp-content\/uploads\/2022_Radparade_Wien_11-300x225.jpg\" alt=\"\" width=\"300\" height=\"225\" srcset=\"https:\/\/www.radlobby.org\/noe\/wp-content\/uploads\/2022_Radparade_Wien_11-300x225.jpg 300w, https:\/\/www.radlobby.org\/noe\/wp-content\/uploads\/2022_Radparade_Wien_11-768x576.jpg 768w, https:\/\/www.radlobby.org\/noe\/wp-content\/uploads\/2022_Radparade_Wien_11-1536x1152.jpg 1536w, https:\/\/www.radlobby.org\/noe\/wp-content\/uploads\/2022_Radparade_Wien_11.jpg 2016w\" sizes=\"auto, (max-width: 300px) 100vw, 300px\" \/> <\/a><a href=\"https:\/\/www.radlobby.org\/noe\/wp-content\/uploads\/2022_Radparade_Wien_30.jpg\" data-src=\"https:\/\/www.radlobby.org\/noe\/wp-content\/uploads\/2022_Radparade_Wien_30.jpg\" data-thumb=\"https:\/\/www.radlobby.org\/noe\/wp-content\/uploads\/2022_Radparade_Wien_30-300x200.jpg\" class=\"ml-lightbox-enabled\"><img loading=\"lazy\" decoding=\"async\" class=\"alignnone wp-image-22843 size-medium\" src=\"https:\/\/www.radlobby.org\/noe\/wp-content\/uploads\/2022_Radparade_Wien_30-300x200.jpg\" alt=\"\" width=\"300\" height=\"200\" srcset=\"https:\/\/www.radlobby.org\/noe\/wp-content\/uploads\/2022_Radparade_Wien_30-300x200.jpg 300w, https:\/\/www.radlobby.org\/noe\/wp-content\/uploads\/2022_Radparade_Wien_30-768x512.jpg 768w, https:\/\/www.radlobby.org\/noe\/wp-content\/uploads\/2022_Radparade_Wien_30-1536x1024.jpg 1536w, https:\/\/www.radlobby.org\/noe\/wp-content\/uploads\/2022_Radparade_Wien_30.jpg 2000w\" sizes=\"auto, (max-width: 300px) 100vw, 300px\" \/><\/a> <a href=\"https:\/\/www.radlobby.org\/noe\/wp-content\/uploads\/2022_Radparade_Wien_12.jpg\" data-src=\"https:\/\/www.radlobby.org\/noe\/wp-content\/uploads\/2022_Radparade_Wien_12.jpg\" data-thumb=\"https:\/\/www.radlobby.org\/noe\/wp-content\/uploads\/2022_Radparade_Wien_12-300x225.jpg\" class=\"ml-lightbox-enabled\"><img loading=\"lazy\" decoding=\"async\" class=\"alignnone wp-image-22811 size-medium\" src=\"https:\/\/www.radlobby.org\/noe\/wp-content\/uploads\/2022_Radparade_Wien_12-300x225.jpg\" alt=\"\" width=\"300\" height=\"225\" srcset=\"https:\/\/www.radlobby.org\/noe\/wp-content\/uploads\/2022_Radparade_Wien_12-300x225.jpg 300w, https:\/\/www.radlobby.org\/noe\/wp-content\/uploads\/2022_Radparade_Wien_12-768x576.jpg 768w, https:\/\/www.radlobby.org\/noe\/wp-content\/uploads\/2022_Radparade_Wien_12-1536x1152.jpg 1536w, https:\/\/www.radlobby.org\/noe\/wp-content\/uploads\/2022_Radparade_Wien_12.jpg 2016w\" sizes=\"auto, (max-width: 300px) 100vw, 300px\" \/><\/a> <a href=\"https:\/\/www.radlobby.org\/noe\/wp-content\/uploads\/2022_Radparade_Wien_14.jpg\" data-src=\"https:\/\/www.radlobby.org\/noe\/wp-content\/uploads\/2022_Radparade_Wien_14.jpg\" data-thumb=\"https:\/\/www.radlobby.org\/noe\/wp-content\/uploads\/2022_Radparade_Wien_14-300x225.jpg\" class=\"ml-lightbox-enabled\"><img loading=\"lazy\" decoding=\"async\" class=\"alignnone wp-image-22813 size-medium\" src=\"https:\/\/www.radlobby.org\/noe\/wp-content\/uploads\/2022_Radparade_Wien_14-300x225.jpg\" alt=\"\" width=\"300\" height=\"225\" srcset=\"https:\/\/www.radlobby.org\/noe\/wp-content\/uploads\/2022_Radparade_Wien_14-300x225.jpg 300w, https:\/\/www.radlobby.org\/noe\/wp-content\/uploads\/2022_Radparade_Wien_14-768x576.jpg 768w, https:\/\/www.radlobby.org\/noe\/wp-content\/uploads\/2022_Radparade_Wien_14-1536x1152.jpg 1536w, https:\/\/www.radlobby.org\/noe\/wp-content\/uploads\/2022_Radparade_Wien_14.jpg 2016w\" sizes=\"auto, (max-width: 300px) 100vw, 300px\" \/><\/a> <a href=\"https:\/\/www.radlobby.org\/noe\/wp-content\/uploads\/2022_Radparade_Wien_15.jpg\" data-src=\"https:\/\/www.radlobby.org\/noe\/wp-content\/uploads\/2022_Radparade_Wien_15.jpg\" data-thumb=\"https:\/\/www.radlobby.org\/noe\/wp-content\/uploads\/2022_Radparade_Wien_15-300x225.jpg\" class=\"ml-lightbox-enabled\"><img loading=\"lazy\" decoding=\"async\" class=\"alignnone wp-image-22814 size-medium\" src=\"https:\/\/www.radlobby.org\/noe\/wp-content\/uploads\/2022_Radparade_Wien_15-300x225.jpg\" alt=\"\" width=\"300\" height=\"225\" srcset=\"https:\/\/www.radlobby.org\/noe\/wp-content\/uploads\/2022_Radparade_Wien_15-300x225.jpg 300w, https:\/\/www.radlobby.org\/noe\/wp-content\/uploads\/2022_Radparade_Wien_15-768x576.jpg 768w, https:\/\/www.radlobby.org\/noe\/wp-content\/uploads\/2022_Radparade_Wien_15-1536x1152.jpg 1536w, https:\/\/www.radlobby.org\/noe\/wp-content\/uploads\/2022_Radparade_Wien_15.jpg 2016w\" sizes=\"auto, (max-width: 300px) 100vw, 300px\" \/><\/a> <a href=\"https:\/\/www.radlobby.org\/noe\/wp-content\/uploads\/2022_Radparade_Wien_17.jpg\" data-src=\"https:\/\/www.radlobby.org\/noe\/wp-content\/uploads\/2022_Radparade_Wien_17.jpg\" data-thumb=\"https:\/\/www.radlobby.org\/noe\/wp-content\/uploads\/2022_Radparade_Wien_17-300x225.jpg\" class=\"ml-lightbox-enabled\"><img loading=\"lazy\" decoding=\"async\" class=\"alignnone wp-image-22816 size-medium\" src=\"https:\/\/www.radlobby.org\/noe\/wp-content\/uploads\/2022_Radparade_Wien_17-300x225.jpg\" alt=\"\" width=\"300\" height=\"225\" srcset=\"https:\/\/www.radlobby.org\/noe\/wp-content\/uploads\/2022_Radparade_Wien_17-300x225.jpg 300w, https:\/\/www.radlobby.org\/noe\/wp-content\/uploads\/2022_Radparade_Wien_17-768x576.jpg 768w, https:\/\/www.radlobby.org\/noe\/wp-content\/uploads\/2022_Radparade_Wien_17-1536x1152.jpg 1536w, https:\/\/www.radlobby.org\/noe\/wp-content\/uploads\/2022_Radparade_Wien_17.jpg 2016w\" sizes=\"auto, (max-width: 300px) 100vw, 300px\" \/><\/a> <a href=\"https:\/\/www.radlobby.org\/noe\/wp-content\/uploads\/2022_Radparade_Wien_19.jpg\" data-src=\"https:\/\/www.radlobby.org\/noe\/wp-content\/uploads\/2022_Radparade_Wien_19.jpg\" data-thumb=\"https:\/\/www.radlobby.org\/noe\/wp-content\/uploads\/2022_Radparade_Wien_19-300x225.jpg\" class=\"ml-lightbox-enabled\"><img loading=\"lazy\" decoding=\"async\" class=\"alignnone wp-image-22818 size-medium\" src=\"https:\/\/www.radlobby.org\/noe\/wp-content\/uploads\/2022_Radparade_Wien_19-300x225.jpg\" alt=\"\" width=\"300\" height=\"225\" srcset=\"https:\/\/www.radlobby.org\/noe\/wp-content\/uploads\/2022_Radparade_Wien_19-300x225.jpg 300w, https:\/\/www.radlobby.org\/noe\/wp-content\/uploads\/2022_Radparade_Wien_19-768x576.jpg 768w, https:\/\/www.radlobby.org\/noe\/wp-content\/uploads\/2022_Radparade_Wien_19-1536x1152.jpg 1536w, https:\/\/www.radlobby.org\/noe\/wp-content\/uploads\/2022_Radparade_Wien_19.jpg 2016w\" sizes=\"auto, (max-width: 300px) 100vw, 300px\" \/><\/a> <a href=\"https:\/\/www.radlobby.org\/noe\/wp-content\/uploads\/2022_Radparade_Wien_23.jpg\" data-src=\"https:\/\/www.radlobby.org\/noe\/wp-content\/uploads\/2022_Radparade_Wien_23.jpg\" data-thumb=\"https:\/\/www.radlobby.org\/noe\/wp-content\/uploads\/2022_Radparade_Wien_23-300x225.jpg\" class=\"ml-lightbox-enabled\"><img loading=\"lazy\" decoding=\"async\" class=\"alignnone wp-image-22821 size-medium\" src=\"https:\/\/www.radlobby.org\/noe\/wp-content\/uploads\/2022_Radparade_Wien_23-300x225.jpg\" alt=\"\" width=\"300\" height=\"225\" srcset=\"https:\/\/www.radlobby.org\/noe\/wp-content\/uploads\/2022_Radparade_Wien_23-300x225.jpg 300w, https:\/\/www.radlobby.org\/noe\/wp-content\/uploads\/2022_Radparade_Wien_23-768x576.jpg 768w, https:\/\/www.radlobby.org\/noe\/wp-content\/uploads\/2022_Radparade_Wien_23-1536x1152.jpg 1536w, https:\/\/www.radlobby.org\/noe\/wp-content\/uploads\/2022_Radparade_Wien_23.jpg 2016w\" sizes=\"auto, (max-width: 300px) 100vw, 300px\" \/><\/a> \u00a0<a href=\"https:\/\/www.radlobby.org\/noe\/wp-content\/uploads\/2022_Radparade_Wien_25.jpg\" data-src=\"https:\/\/www.radlobby.org\/noe\/wp-content\/uploads\/2022_Radparade_Wien_25.jpg\" data-thumb=\"https:\/\/www.radlobby.org\/noe\/wp-content\/uploads\/2022_Radparade_Wien_25-300x225.jpg\" class=\"ml-lightbox-enabled\"><img loading=\"lazy\" decoding=\"async\" class=\"alignnone wp-image-22823 size-medium\" src=\"https:\/\/www.radlobby.org\/noe\/wp-content\/uploads\/2022_Radparade_Wien_25-300x225.jpg\" alt=\"\" width=\"300\" height=\"225\" srcset=\"https:\/\/www.radlobby.org\/noe\/wp-content\/uploads\/2022_Radparade_Wien_25-300x225.jpg 300w, https:\/\/www.radlobby.org\/noe\/wp-content\/uploads\/2022_Radparade_Wien_25-768x576.jpg 768w, https:\/\/www.radlobby.org\/noe\/wp-content\/uploads\/2022_Radparade_Wien_25-1536x1152.jpg 1536w, https:\/\/www.radlobby.org\/noe\/wp-content\/uploads\/2022_Radparade_Wien_25.jpg 2016w\" sizes=\"auto, (max-width: 300px) 100vw, 300px\" \/><\/a><\/p>\n<p>Cool im wahrsten Sinn des Wortes. Hartgesottene Radler fuhren auch bei Null Grad Celsius mit kurzer Hose.<\/p>\n<p><a href=\"https:\/\/www.radlobby.org\/noe\/wp-content\/uploads\/2022_Radparade_Wien_24.jpg\" data-src=\"https:\/\/www.radlobby.org\/noe\/wp-content\/uploads\/2022_Radparade_Wien_24.jpg\" data-thumb=\"https:\/\/www.radlobby.org\/noe\/wp-content\/uploads\/2022_Radparade_Wien_24-300x225.jpg\" class=\"ml-lightbox-enabled\"><img loading=\"lazy\" decoding=\"async\" class=\"alignnone wp-image-22822 size-medium\" src=\"https:\/\/www.radlobby.org\/noe\/wp-content\/uploads\/2022_Radparade_Wien_24-300x225.jpg\" alt=\"\" width=\"300\" height=\"225\" srcset=\"https:\/\/www.radlobby.org\/noe\/wp-content\/uploads\/2022_Radparade_Wien_24-300x225.jpg 300w, https:\/\/www.radlobby.org\/noe\/wp-content\/uploads\/2022_Radparade_Wien_24-768x576.jpg 768w, https:\/\/www.radlobby.org\/noe\/wp-content\/uploads\/2022_Radparade_Wien_24-1536x1152.jpg 1536w, https:\/\/www.radlobby.org\/noe\/wp-content\/uploads\/2022_Radparade_Wien_24.jpg 2016w\" sizes=\"auto, (max-width: 300px) 100vw, 300px\" \/><\/a><\/p>\n<p>Und dann gab\u00b4s auch noch einen ganz lieben Teddyb\u00e4r. Der und die Radlobby setzen sich f\u00fcr kindersicheren Radverkehr ein!<\/p>\n<p class=\"title\"><a href=\"https:\/\/www.radlobby.org\/noe\/wp-content\/uploads\/2022_Radparade_Wien_26.jpg\" data-src=\"https:\/\/www.radlobby.org\/noe\/wp-content\/uploads\/2022_Radparade_Wien_26.jpg\" data-thumb=\"https:\/\/www.radlobby.org\/noe\/wp-content\/uploads\/2022_Radparade_Wien_26-225x300.jpg\" class=\"ml-lightbox-enabled\"><img loading=\"lazy\" decoding=\"async\" class=\"alignnone wp-image-22799 size-medium\" src=\"https:\/\/www.radlobby.org\/noe\/wp-content\/uploads\/2022_Radparade_Wien_26-225x300.jpg\" alt=\"\" width=\"225\" height=\"300\" srcset=\"https:\/\/www.radlobby.org\/noe\/wp-content\/uploads\/2022_Radparade_Wien_26-225x300.jpg 225w, https:\/\/www.radlobby.org\/noe\/wp-content\/uploads\/2022_Radparade_Wien_26-768x1024.jpg 768w, https:\/\/www.radlobby.org\/noe\/wp-content\/uploads\/2022_Radparade_Wien_26-1152x1536.jpg 1152w, https:\/\/www.radlobby.org\/noe\/wp-content\/uploads\/2022_Radparade_Wien_26.jpg 1512w\" sizes=\"auto, (max-width: 225px) 100vw, 225px\" \/><\/a><\/p>\n","protected":false},"excerpt":{"rendered":"<p>Trotzdem es in der Nacht von Samstag, den 2.4. auf Sonntag den 3.4.2022 Schneefall gab und es am Morgen des 3.4.2022 Temperaturen um den Gefrierpunkt gab, konnte uns das nicht von einer Radtour zur 11. Wiener RADpaRADE abhalten. Treffpunkt Floridsdorf<\/p>\n","protected":false},"author":3,"featured_media":22807,"comment_status":"closed","ping_status":"closed","sticky":false,"template":"","format":"standard","meta":{"footnotes":""},"categories":[6,20,185,16],"tags":[30],"class_list":["post-22795","post","type-post","status-publish","format-standard","has-post-thumbnail","hentry","category-mistelbach","category-niederoesterreich","category-poysdorf","category-wolkersdorf","tag-radparade"],"yoast_head":"<!-- This site is optimized with the Yoast SEO plugin v26.9 - https:\/\/yoast.com\/product\/yoast-seo-wordpress\/ -->\n<title>11. Wiener RADpaRADe Radfahren macht Spa\u00df, auch Obelix - Radlobby Nieder\u00f6sterreich<\/title>\n<meta name=\"robots\" content=\"index, follow, max-snippet:-1, max-image-preview:large, max-video-preview:-1\" \/>\n<link rel=\"canonical\" href=\"https:\/\/www.radlobby.org\/noe\/11-wiener-radparade-2022-wodo\/\" \/>\n<meta property=\"og:locale\" content=\"de_DE\" \/>\n<meta property=\"og:type\" content=\"article\" \/>\n<meta property=\"og:title\" content=\"11. Wiener RADpaRADe Radfahren macht Spa\u00df, auch Obelix - Radlobby Nieder\u00f6sterreich\" \/>\n<meta property=\"og:description\" content=\"Trotzdem es in der Nacht von Samstag, den 2.4. auf Sonntag den 3.4.2022 Schneefall gab und es am Morgen des 3.4.2022 Temperaturen um den Gefrierpunkt gab, konnte uns das nicht von einer Radtour zur 11. Wiener RADpaRADE abhalten. Treffpunkt Floridsdorf\" \/>\n<meta property=\"og:url\" content=\"https:\/\/www.radlobby.org\/noe\/11-wiener-radparade-2022-wodo\/\" \/>\n<meta property=\"og:site_name\" content=\"Radlobby Nieder\u00f6sterreich\" \/>\n<meta property=\"article:publisher\" content=\"https:\/\/www.facebook.com\/groups\/radfahren.in.noe\/\" \/>\n<meta property=\"article:published_time\" content=\"2022-04-04T19:47:00+00:00\" \/>\n<meta property=\"article:modified_time\" content=\"2022-05-24T18:27:36+00:00\" \/>\n<meta property=\"og:image\" content=\"https:\/\/www.radlobby.org\/noe\/wp-content\/uploads\/2022_Radparade_Wien_08.jpg\" \/>\n\t<meta property=\"og:image:width\" content=\"2016\" \/>\n\t<meta property=\"og:image:height\" content=\"1512\" \/>\n\t<meta property=\"og:image:type\" content=\"image\/jpeg\" \/>\n<meta name=\"author\" content=\"Hermann Hiebner\" \/>\n<meta name=\"twitter:card\" content=\"summary_large_image\" \/>\n<meta name=\"twitter:label1\" content=\"Verfasst von\" \/>\n\t<meta name=\"twitter:data1\" content=\"Hermann Hiebner\" \/>\n\t<meta name=\"twitter:label2\" content=\"Gesch\u00e4tzte Lesezeit\" \/>\n\t<meta name=\"twitter:data2\" content=\"6\u00a0Minuten\" \/>\n<script type=\"application\/ld+json\" class=\"yoast-schema-graph\">{\"@context\":\"https:\/\/schema.org\",\"@graph\":[{\"@type\":\"Article\",\"@id\":\"https:\/\/www.radlobby.org\/noe\/11-wiener-radparade-2022-wodo\/#article\",\"isPartOf\":{\"@id\":\"https:\/\/www.radlobby.org\/noe\/11-wiener-radparade-2022-wodo\/\"},\"author\":{\"name\":\"Hermann Hiebner\",\"@id\":\"https:\/\/www.radlobby.org\/noe\/#\/schema\/person\/c91605b70aca449bea4cb27190b0dbe2\"},\"headline\":\"11. Wiener RADpaRADe Radfahren macht Spa\u00df, auch Obelix\",\"datePublished\":\"2022-04-04T19:47:00+00:00\",\"dateModified\":\"2022-05-24T18:27:36+00:00\",\"mainEntityOfPage\":{\"@id\":\"https:\/\/www.radlobby.org\/noe\/11-wiener-radparade-2022-wodo\/\"},\"wordCount\":253,\"publisher\":{\"@id\":\"https:\/\/www.radlobby.org\/noe\/#organization\"},\"image\":{\"@id\":\"https:\/\/www.radlobby.org\/noe\/11-wiener-radparade-2022-wodo\/#primaryimage\"},\"thumbnailUrl\":\"https:\/\/www.radlobby.org\/noe\/wp-content\/uploads\/2022_Radparade_Wien_08.jpg\",\"keywords\":[\"Radparade\"],\"articleSection\":[\"Radlobby Mistelbach\",\"Radlobby Nieder\u00f6sterreich\",\"Radlobby Poysdorf\",\"Radlobby Wolkersdorf\"],\"inLanguage\":\"de\"},{\"@type\":\"WebPage\",\"@id\":\"https:\/\/www.radlobby.org\/noe\/11-wiener-radparade-2022-wodo\/\",\"url\":\"https:\/\/www.radlobby.org\/noe\/11-wiener-radparade-2022-wodo\/\",\"name\":\"11. Wiener RADpaRADe Radfahren macht Spa\u00df, auch Obelix - Radlobby Nieder\u00f6sterreich\",\"isPartOf\":{\"@id\":\"https:\/\/www.radlobby.org\/noe\/#website\"},\"primaryImageOfPage\":{\"@id\":\"https:\/\/www.radlobby.org\/noe\/11-wiener-radparade-2022-wodo\/#primaryimage\"},\"image\":{\"@id\":\"https:\/\/www.radlobby.org\/noe\/11-wiener-radparade-2022-wodo\/#primaryimage\"},\"thumbnailUrl\":\"https:\/\/www.radlobby.org\/noe\/wp-content\/uploads\/2022_Radparade_Wien_08.jpg\",\"datePublished\":\"2022-04-04T19:47:00+00:00\",\"dateModified\":\"2022-05-24T18:27:36+00:00\",\"breadcrumb\":{\"@id\":\"https:\/\/www.radlobby.org\/noe\/11-wiener-radparade-2022-wodo\/#breadcrumb\"},\"inLanguage\":\"de\",\"potentialAction\":[{\"@type\":\"ReadAction\",\"target\":[\"https:\/\/www.radlobby.org\/noe\/11-wiener-radparade-2022-wodo\/\"]}]},{\"@type\":\"ImageObject\",\"inLanguage\":\"de\",\"@id\":\"https:\/\/www.radlobby.org\/noe\/11-wiener-radparade-2022-wodo\/#primaryimage\",\"url\":\"https:\/\/www.radlobby.org\/noe\/wp-content\/uploads\/2022_Radparade_Wien_08.jpg\",\"contentUrl\":\"https:\/\/www.radlobby.org\/noe\/wp-content\/uploads\/2022_Radparade_Wien_08.jpg\",\"width\":2016,\"height\":1512},{\"@type\":\"BreadcrumbList\",\"@id\":\"https:\/\/www.radlobby.org\/noe\/11-wiener-radparade-2022-wodo\/#breadcrumb\",\"itemListElement\":[{\"@type\":\"ListItem\",\"position\":1,\"name\":\"Startseite\",\"item\":\"https:\/\/www.radlobby.org\/noe\/\"},{\"@type\":\"ListItem\",\"position\":2,\"name\":\"11. Wiener RADpaRADe Radfahren macht Spa\u00df, auch Obelix\"}]},{\"@type\":\"WebSite\",\"@id\":\"https:\/\/www.radlobby.org\/noe\/#website\",\"url\":\"https:\/\/www.radlobby.org\/noe\/\",\"name\":\"Radlobby Nieder\u00f6sterreich\",\"description\":\"Radverkehr, Fahrrad, Radfahren, Radreisen, Radtouren, Radweg\",\"publisher\":{\"@id\":\"https:\/\/www.radlobby.org\/noe\/#organization\"},\"potentialAction\":[{\"@type\":\"SearchAction\",\"target\":{\"@type\":\"EntryPoint\",\"urlTemplate\":\"https:\/\/www.radlobby.org\/noe\/?s={search_term_string}\"},\"query-input\":{\"@type\":\"PropertyValueSpecification\",\"valueRequired\":true,\"valueName\":\"search_term_string\"}}],\"inLanguage\":\"de\"},{\"@type\":\"Organization\",\"@id\":\"https:\/\/www.radlobby.org\/noe\/#organization\",\"name\":\"Radlobby Nieder\u00f6sterreich\",\"url\":\"https:\/\/www.radlobby.org\/noe\/\",\"logo\":{\"@type\":\"ImageObject\",\"inLanguage\":\"de\",\"@id\":\"https:\/\/www.radlobby.org\/noe\/#\/schema\/logo\/image\/\",\"url\":\"https:\/\/www.radlobby.org\/noe\/wp-content\/uploads\/2017\/01\/cropped-Logo_Radlobby_Niederoesterreich_50-400px_quer-1.jpg\",\"contentUrl\":\"https:\/\/www.radlobby.org\/noe\/wp-content\/uploads\/2017\/01\/cropped-Logo_Radlobby_Niederoesterreich_50-400px_quer-1.jpg\",\"width\":450,\"height\":124,\"caption\":\"Radlobby Nieder\u00f6sterreich\"},\"image\":{\"@id\":\"https:\/\/www.radlobby.org\/noe\/#\/schema\/logo\/image\/\"},\"sameAs\":[\"https:\/\/www.facebook.com\/groups\/radfahren.in.noe\/\"]},{\"@type\":\"Person\",\"@id\":\"https:\/\/www.radlobby.org\/noe\/#\/schema\/person\/c91605b70aca449bea4cb27190b0dbe2\",\"name\":\"Hermann Hiebner\",\"image\":{\"@type\":\"ImageObject\",\"inLanguage\":\"de\",\"@id\":\"https:\/\/www.radlobby.org\/noe\/#\/schema\/person\/image\/\",\"url\":\"https:\/\/secure.gravatar.com\/avatar\/d9d442cd70d260be25a46bab5f85206043aabce00da594192c593e7d4fc65f72?s=96&d=mm&r=g\",\"contentUrl\":\"https:\/\/secure.gravatar.com\/avatar\/d9d442cd70d260be25a46bab5f85206043aabce00da594192c593e7d4fc65f72?s=96&d=mm&r=g\",\"caption\":\"Hermann Hiebner\"},\"url\":\"https:\/\/www.radlobby.org\/noe\/author\/hermannhiebner\/\"}]}<\/script>\n<!-- \/ Yoast SEO plugin. -->","yoast_head_json":{"title":"11. Wiener RADpaRADe Radfahren macht Spa\u00df, auch Obelix - Radlobby Nieder\u00f6sterreich","robots":{"index":"index","follow":"follow","max-snippet":"max-snippet:-1","max-image-preview":"max-image-preview:large","max-video-preview":"max-video-preview:-1"},"canonical":"https:\/\/www.radlobby.org\/noe\/11-wiener-radparade-2022-wodo\/","og_locale":"de_DE","og_type":"article","og_title":"11. Wiener RADpaRADe Radfahren macht Spa\u00df, auch Obelix - Radlobby Nieder\u00f6sterreich","og_description":"Trotzdem es in der Nacht von Samstag, den 2.4. auf Sonntag den 3.4.2022 Schneefall gab und es am Morgen des 3.4.2022 Temperaturen um den Gefrierpunkt gab, konnte uns das nicht von einer Radtour zur 11. Wiener RADpaRADE abhalten. Treffpunkt Floridsdorf","og_url":"https:\/\/www.radlobby.org\/noe\/11-wiener-radparade-2022-wodo\/","og_site_name":"Radlobby Nieder\u00f6sterreich","article_publisher":"https:\/\/www.facebook.com\/groups\/radfahren.in.noe\/","article_published_time":"2022-04-04T19:47:00+00:00","article_modified_time":"2022-05-24T18:27:36+00:00","og_image":[{"width":2016,"height":1512,"url":"https:\/\/www.radlobby.org\/noe\/wp-content\/uploads\/2022_Radparade_Wien_08.jpg","type":"image\/jpeg"}],"author":"Hermann Hiebner","twitter_card":"summary_large_image","twitter_misc":{"Verfasst von":"Hermann Hiebner","Gesch\u00e4tzte Lesezeit":"6\u00a0Minuten"},"schema":{"@context":"https:\/\/schema.org","@graph":[{"@type":"Article","@id":"https:\/\/www.radlobby.org\/noe\/11-wiener-radparade-2022-wodo\/#article","isPartOf":{"@id":"https:\/\/www.radlobby.org\/noe\/11-wiener-radparade-2022-wodo\/"},"author":{"name":"Hermann Hiebner","@id":"https:\/\/www.radlobby.org\/noe\/#\/schema\/person\/c91605b70aca449bea4cb27190b0dbe2"},"headline":"11. Wiener RADpaRADe Radfahren macht Spa\u00df, auch Obelix","datePublished":"2022-04-04T19:47:00+00:00","dateModified":"2022-05-24T18:27:36+00:00","mainEntityOfPage":{"@id":"https:\/\/www.radlobby.org\/noe\/11-wiener-radparade-2022-wodo\/"},"wordCount":253,"publisher":{"@id":"https:\/\/www.radlobby.org\/noe\/#organization"},"image":{"@id":"https:\/\/www.radlobby.org\/noe\/11-wiener-radparade-2022-wodo\/#primaryimage"},"thumbnailUrl":"https:\/\/www.radlobby.org\/noe\/wp-content\/uploads\/2022_Radparade_Wien_08.jpg","keywords":["Radparade"],"articleSection":["Radlobby Mistelbach","Radlobby Nieder\u00f6sterreich","Radlobby Poysdorf","Radlobby Wolkersdorf"],"inLanguage":"de"},{"@type":"WebPage","@id":"https:\/\/www.radlobby.org\/noe\/11-wiener-radparade-2022-wodo\/","url":"https:\/\/www.radlobby.org\/noe\/11-wiener-radparade-2022-wodo\/","name":"11. Wiener RADpaRADe Radfahren macht Spa\u00df, auch Obelix - Radlobby Nieder\u00f6sterreich","isPartOf":{"@id":"https:\/\/www.radlobby.org\/noe\/#website"},"primaryImageOfPage":{"@id":"https:\/\/www.radlobby.org\/noe\/11-wiener-radparade-2022-wodo\/#primaryimage"},"image":{"@id":"https:\/\/www.radlobby.org\/noe\/11-wiener-radparade-2022-wodo\/#primaryimage"},"thumbnailUrl":"https:\/\/www.radlobby.org\/noe\/wp-content\/uploads\/2022_Radparade_Wien_08.jpg","datePublished":"2022-04-04T19:47:00+00:00","dateModified":"2022-05-24T18:27:36+00:00","breadcrumb":{"@id":"https:\/\/www.radlobby.org\/noe\/11-wiener-radparade-2022-wodo\/#breadcrumb"},"inLanguage":"de","potentialAction":[{"@type":"ReadAction","target":["https:\/\/www.radlobby.org\/noe\/11-wiener-radparade-2022-wodo\/"]}]},{"@type":"ImageObject","inLanguage":"de","@id":"https:\/\/www.radlobby.org\/noe\/11-wiener-radparade-2022-wodo\/#primaryimage","url":"https:\/\/www.radlobby.org\/noe\/wp-content\/uploads\/2022_Radparade_Wien_08.jpg","contentUrl":"https:\/\/www.radlobby.org\/noe\/wp-content\/uploads\/2022_Radparade_Wien_08.jpg","width":2016,"height":1512},{"@type":"BreadcrumbList","@id":"https:\/\/www.radlobby.org\/noe\/11-wiener-radparade-2022-wodo\/#breadcrumb","itemListElement":[{"@type":"ListItem","position":1,"name":"Startseite","item":"https:\/\/www.radlobby.org\/noe\/"},{"@type":"ListItem","position":2,"name":"11. Wiener RADpaRADe Radfahren macht Spa\u00df, auch Obelix"}]},{"@type":"WebSite","@id":"https:\/\/www.radlobby.org\/noe\/#website","url":"https:\/\/www.radlobby.org\/noe\/","name":"Radlobby Nieder\u00f6sterreich","description":"Radverkehr, Fahrrad, Radfahren, Radreisen, Radtouren, Radweg","publisher":{"@id":"https:\/\/www.radlobby.org\/noe\/#organization"},"potentialAction":[{"@type":"SearchAction","target":{"@type":"EntryPoint","urlTemplate":"https:\/\/www.radlobby.org\/noe\/?s={search_term_string}"},"query-input":{"@type":"PropertyValueSpecification","valueRequired":true,"valueName":"search_term_string"}}],"inLanguage":"de"},{"@type":"Organization","@id":"https:\/\/www.radlobby.org\/noe\/#organization","name":"Radlobby Nieder\u00f6sterreich","url":"https:\/\/www.radlobby.org\/noe\/","logo":{"@type":"ImageObject","inLanguage":"de","@id":"https:\/\/www.radlobby.org\/noe\/#\/schema\/logo\/image\/","url":"https:\/\/www.radlobby.org\/noe\/wp-content\/uploads\/2017\/01\/cropped-Logo_Radlobby_Niederoesterreich_50-400px_quer-1.jpg","contentUrl":"https:\/\/www.radlobby.org\/noe\/wp-content\/uploads\/2017\/01\/cropped-Logo_Radlobby_Niederoesterreich_50-400px_quer-1.jpg","width":450,"height":124,"caption":"Radlobby Nieder\u00f6sterreich"},"image":{"@id":"https:\/\/www.radlobby.org\/noe\/#\/schema\/logo\/image\/"},"sameAs":["https:\/\/www.facebook.com\/groups\/radfahren.in.noe\/"]},{"@type":"Person","@id":"https:\/\/www.radlobby.org\/noe\/#\/schema\/person\/c91605b70aca449bea4cb27190b0dbe2","name":"Hermann Hiebner","image":{"@type":"ImageObject","inLanguage":"de","@id":"https:\/\/www.radlobby.org\/noe\/#\/schema\/person\/image\/","url":"https:\/\/secure.gravatar.com\/avatar\/d9d442cd70d260be25a46bab5f85206043aabce00da594192c593e7d4fc65f72?s=96&d=mm&r=g","contentUrl":"https:\/\/secure.gravatar.com\/avatar\/d9d442cd70d260be25a46bab5f85206043aabce00da594192c593e7d4fc65f72?s=96&d=mm&r=g","caption":"Hermann Hiebner"},"url":"https:\/\/www.radlobby.org\/noe\/author\/hermannhiebner\/"}]}},"_links":{"self":[{"href":"https:\/\/www.radlobby.org\/noe\/wp-json\/wp\/v2\/posts\/22795","targetHints":{"allow":["GET"]}}],"collection":[{"href":"https:\/\/www.radlobby.org\/noe\/wp-json\/wp\/v2\/posts"}],"about":[{"href":"https:\/\/www.radlobby.org\/noe\/wp-json\/wp\/v2\/types\/post"}],"author":[{"embeddable":true,"href":"https:\/\/www.radlobby.org\/noe\/wp-json\/wp\/v2\/users\/3"}],"replies":[{"embeddable":true,"href":"https:\/\/www.radlobby.org\/noe\/wp-json\/wp\/v2\/comments?post=22795"}],"version-history":[{"count":0,"href":"https:\/\/www.radlobby.org\/noe\/wp-json\/wp\/v2\/posts\/22795\/revisions"}],"wp:featuredmedia":[{"embeddable":true,"href":"https:\/\/www.radlobby.org\/noe\/wp-json\/wp\/v2\/media\/22807"}],"wp:attachment":[{"href":"https:\/\/www.radlobby.org\/noe\/wp-json\/wp\/v2\/media?parent=22795"}],"wp:term":[{"taxonomy":"category","embeddable":true,"href":"https:\/\/www.radlobby.org\/noe\/wp-json\/wp\/v2\/categories?post=22795"},{"taxonomy":"post_tag","embeddable":true,"href":"https:\/\/www.radlobby.org\/noe\/wp-json\/wp\/v2\/tags?post=22795"}],"curies":[{"name":"wp","href":"https:\/\/api.w.org\/{rel}","templated":true}]}}