{"id":22420,"date":"2022-03-14T14:27:54","date_gmt":"2022-03-14T13:27:54","guid":{"rendered":"https:\/\/www.radlobby.org\/noe\/?p=22420"},"modified":"2022-03-15T08:32:31","modified_gmt":"2022-03-15T07:32:31","slug":"lastenfahrrad-graetzelrad-2","status":"publish","type":"post","link":"https:\/\/www.radlobby.org\/noe\/lastenfahrrad-graetzelrad-2\/","title":{"rendered":"Lastenfahrr\u00e4der &#038; Gr\u00e4tzelr\u00e4der"},"content":{"rendered":"<p>&nbsp;<\/p>\n<h1><\/h1>\n<p><a href=\"https:\/\/www.radlobby.org\/noe\/wp-content\/uploads\/Radlobby-Rad-300px-1.png\" data-src=\"https:\/\/www.radlobby.org\/noe\/wp-content\/uploads\/Radlobby-Rad-300px-1.png\" data-thumb=\"https:\/\/www.radlobby.org\/noe\/wp-content\/uploads\/Radlobby-Rad-300px-1.png\" class=\"ml-lightbox-enabled\"><img loading=\"lazy\" decoding=\"async\" class=\"aligncenter size-full wp-image-18888\" src=\"https:\/\/www.radlobby.org\/noe\/wp-content\/uploads\/Radlobby-Rad-300px-1.png\" alt=\"\" width=\"100\" height=\"60\" \/><\/a><a href=\"https:\/\/www.radlobby.org\/noe\/wp-content\/uploads\/Radlobby-Rad-300px-1.png\" data-src=\"https:\/\/www.radlobby.org\/noe\/wp-content\/uploads\/Radlobby-Rad-300px-1.png\" data-thumb=\"https:\/\/www.radlobby.org\/noe\/wp-content\/uploads\/Radlobby-Rad-300px-1.png\" class=\"ml-lightbox-enabled\"><img loading=\"lazy\" decoding=\"async\" class=\"aligncenter size-full wp-image-18888\" src=\"https:\/\/www.radlobby.org\/noe\/wp-content\/uploads\/Radlobby-Rad-300px-1.png\" alt=\"\" width=\"100\" height=\"60\" \/><\/a><\/p>\n<p>&nbsp;<\/p>\n<h1><span style=\"font-weight: 400;\">Gr\u00e4tzelr\u00e4der<\/span><\/h1>\n<p><span style=\"font-weight: 400;\">In Wien haben sich in den vergangenen Jahren sogenannte Gr\u00e4tzelr\u00e4der bew\u00e4hrt; meist elektrische Lastenfahrr\u00e4der, die gratis f\u00fcr 24h bzw. \u00fcber Wochenende zu entleihen sind. <\/span><span style=\"font-weight: 400;\">Risikolos reinschnuppern in die Welt der Cargobikes<\/span><\/p>\n<p><span style=\"font-weight: 400;\">Da in Wien viele Modelle zur Auswahl stehen k\u00f6nnen sich die Nutzer:innen einen guten \u00dcberblick verschaffen, welches Lastenfahrrad das geeignete f\u00fcr ihre Anspr\u00fcche ist.<\/span><\/p>\n<p><span style=\"font-weight: 400;\"><a href=\"https:\/\/www.radlobby.org\/noe\/wp-content\/uploads\/FAZ.jpg\" data-src=\"https:\/\/www.radlobby.org\/noe\/wp-content\/uploads\/FAZ.jpg\" data-thumb=\"https:\/\/www.radlobby.org\/noe\/wp-content\/uploads\/FAZ-300x169.jpg\" class=\"ml-lightbox-enabled\"><img loading=\"lazy\" decoding=\"async\" class=\"aligncenter size-medium wp-image-22403\" src=\"https:\/\/www.radlobby.org\/noe\/wp-content\/uploads\/FAZ-300x169.jpg\" alt=\"(c) FAZ\" width=\"300\" height=\"169\" srcset=\"https:\/\/www.radlobby.org\/noe\/wp-content\/uploads\/FAZ-300x169.jpg 300w, https:\/\/www.radlobby.org\/noe\/wp-content\/uploads\/FAZ.jpg 610w\" sizes=\"auto, (max-width: 300px) 100vw, 300px\" \/><\/a>Generell kann man die Lastenfahrr\u00e4der in drei Gruppen einteilen<\/span><\/p>\n<ul>\n<li style=\"font-weight: 400;\" aria-level=\"1\"><span style=\"font-weight: 400;\">Long John (Bakfiets, Bullit)<\/span><\/li>\n<li style=\"font-weight: 400;\" aria-level=\"1\"><span style=\"font-weight: 400;\">Long Tail (Yuba, X-tra Cycle)<\/span><\/li>\n<li style=\"font-weight: 400;\" aria-level=\"1\"><span style=\"font-weight: 400;\">3 -Rad Kisten (2 R\u00e4der vorne) <\/span><span style=\"font-weight: 400;\"><span style=\"font-weight: 400;\">3-Rad (2 R\u00e4der hinten, eher selten &#8211; Spezialfahrr\u00e4der f\u00fcr Firmen, hohe Ladekapazit\u00e4t, oder f\u00fcr Menschen mit Beeintr\u00e4chtigung)<br \/>\n<\/span><\/span><\/p>\n<h1><a href=\"https:\/\/www.radlobby.org\/noe\/wp-content\/uploads\/Radlobby-Rad-300px-1.png\" data-src=\"https:\/\/www.radlobby.org\/noe\/wp-content\/uploads\/Radlobby-Rad-300px-1.png\" data-thumb=\"https:\/\/www.radlobby.org\/noe\/wp-content\/uploads\/Radlobby-Rad-300px-1.png\" class=\"ml-lightbox-enabled\"><img loading=\"lazy\" decoding=\"async\" class=\"aligncenter size-full wp-image-18888\" src=\"https:\/\/www.radlobby.org\/noe\/wp-content\/uploads\/Radlobby-Rad-300px-1.png\" alt=\"\" width=\"100\" height=\"60\" \/><\/a><\/h1>\n<\/li>\n<\/ul>\n<p>&nbsp;<\/p>\n<p><span style=\"font-weight: 400;\">Long &#8211; Johns und Long-Tails sind l\u00e4nger als \u201cnormale\u201d Fahrr\u00e4der, daf\u00fcr bieten sie zus\u00e4tzlich Ladefl\u00e4che \/ Stauraum an. Erstere fahren sich fast wie ein \u201cnormales\u201d Fahrrad, die long-johns wirken zu Anfang zwar etwas respekteinfl\u00f6\u00dfend, da das gelenkte Vorderrad doch so weit entfernt scheint, doch man gew\u00f6hnt sich schnell daran.\u00a0<\/span><\/p>\n<p><span style=\"font-weight: 400;\">Die Dreirad Kisten sind superstabil, allerdings auch deutlich breiter (ca 100cm). #<\/span><\/p>\n<p>Abschlie\u00dfend seien noch Anh\u00e4nger erw\u00e4hnt. Mit wenigen Handgriffen wird ein &#8220;normales&#8221; Fahrrad zum Transporter<br \/>\nDie Modelle und Einsatzzwecke sind vielseitig udn reichen ebenfalls vom Lastentransport bis zum Kindertransport.<\/p>\n<p>Auf der <a href=\"https:\/\/www.radanh\u00e4nger.at\" target=\"_blank\" rel=\"noopener\">Webseite der von radanhaenger.at<\/a> finden sie zahlreiche Modelle &amp; Varianten<\/p>\n<p><a href=\"https:\/\/www.radlobby.org\/noe\/wp-content\/uploads\/Kinderanhaenger.jpg\" data-src=\"https:\/\/www.radlobby.org\/noe\/wp-content\/uploads\/Kinderanhaenger.jpg\" data-thumb=\"https:\/\/www.radlobby.org\/noe\/wp-content\/uploads\/Kinderanhaenger-300x225.jpg\" class=\"ml-lightbox-enabled\"><img loading=\"lazy\" decoding=\"async\" class=\"aligncenter size-medium wp-image-22390\" src=\"https:\/\/www.radlobby.org\/noe\/wp-content\/uploads\/Kinderanhaenger-300x225.jpg\" alt=\"Foto: Bikemagazion.de\" width=\"300\" height=\"225\" srcset=\"https:\/\/www.radlobby.org\/noe\/wp-content\/uploads\/Kinderanhaenger-300x225.jpg 300w, https:\/\/www.radlobby.org\/noe\/wp-content\/uploads\/Kinderanhaenger-768x576.jpg 768w, https:\/\/www.radlobby.org\/noe\/wp-content\/uploads\/Kinderanhaenger.jpg 854w\" sizes=\"auto, (max-width: 300px) 100vw, 300px\" \/><\/a><\/p>\n<p><a href=\"https:\/\/www.radlobby.org\/noe\/wp-content\/uploads\/carlacargo-max-messenger.600x400.jpg\" data-src=\"https:\/\/www.radlobby.org\/noe\/wp-content\/uploads\/carlacargo-max-messenger.600x400.jpg\" data-thumb=\"https:\/\/www.radlobby.org\/noe\/wp-content\/uploads\/carlacargo-max-messenger.600x400-300x200.jpg\" class=\"ml-lightbox-enabled\"><img loading=\"lazy\" decoding=\"async\" class=\"aligncenter size-medium wp-image-22389\" src=\"https:\/\/www.radlobby.org\/noe\/wp-content\/uploads\/carlacargo-max-messenger.600x400-300x200.jpg\" alt=\"Bild: Carla Cargo\" width=\"300\" height=\"200\" srcset=\"https:\/\/www.radlobby.org\/noe\/wp-content\/uploads\/carlacargo-max-messenger.600x400-300x200.jpg 300w, https:\/\/www.radlobby.org\/noe\/wp-content\/uploads\/carlacargo-max-messenger.600x400.jpg 600w\" sizes=\"auto, (max-width: 300px) 100vw, 300px\" \/><\/a><\/p>\n<h5>Lastenrad Modelle<\/h5>\n<h1><a href=\"https:\/\/www.radlobby.org\/noe\/wp-content\/uploads\/Radlobby-Rad-300px-1.png\" data-src=\"https:\/\/www.radlobby.org\/noe\/wp-content\/uploads\/Radlobby-Rad-300px-1.png\" data-thumb=\"https:\/\/www.radlobby.org\/noe\/wp-content\/uploads\/Radlobby-Rad-300px-1.png\" class=\"ml-lightbox-enabled\"><img loading=\"lazy\" decoding=\"async\" class=\"aligncenter size-full wp-image-18888\" src=\"https:\/\/www.radlobby.org\/noe\/wp-content\/uploads\/Radlobby-Rad-300px-1.png\" alt=\"\" width=\"100\" height=\"60\" \/><\/a><\/h1>\n<p>Einspurig &#8211; mit verl\u00e4ngertem Gep\u00e4ckstr\u00e4ger, auch zum Persaonentransport sogenannte <strong>long-tails<\/strong> geeignet (Haltegriffe, Fu\u00dfabstellm\u00f6glichkeit, und Speichenschutz), die Long-Johns<\/p>\n<h1><span style=\"font-weight: 400;\"><a href=\"https:\/\/www.radlobby.org\/noe\/wp-content\/uploads\/yuba.jpg\" data-src=\"https:\/\/www.radlobby.org\/noe\/wp-content\/uploads\/yuba.jpg\" data-thumb=\"https:\/\/www.radlobby.org\/noe\/wp-content\/uploads\/yuba-300x164.jpg\" class=\"ml-lightbox-enabled\"><img loading=\"lazy\" decoding=\"async\" class=\"aligncenter wp-image-22276 size-medium\" src=\"https:\/\/www.radlobby.org\/noe\/wp-content\/uploads\/yuba-300x164.jpg\" alt=\" Foto: e-lastenrad.de\" width=\"300\" height=\"164\" srcset=\"https:\/\/www.radlobby.org\/noe\/wp-content\/uploads\/yuba-300x164.jpg 300w, https:\/\/www.radlobby.org\/noe\/wp-content\/uploads\/yuba.jpg 730w\" sizes=\"auto, (max-width: 300px) 100vw, 300px\" \/><\/a><\/span><\/h1>\n<p><a href=\"https:\/\/www.radlobby.org\/noe\/wp-content\/uploads\/long-tail-Haenger-Kristian-Karl-Conway-DoakFB.jpg\" data-src=\"https:\/\/www.radlobby.org\/noe\/wp-content\/uploads\/long-tail-Haenger-Kristian-Karl-Conway-DoakFB.jpg\" data-thumb=\"https:\/\/www.radlobby.org\/noe\/wp-content\/uploads\/long-tail-Haenger-Kristian-Karl-Conway-DoakFB-300x225.jpg\" class=\"ml-lightbox-enabled\"><img loading=\"lazy\" decoding=\"async\" class=\"aligncenter size-medium wp-image-22275\" src=\"https:\/\/www.radlobby.org\/noe\/wp-content\/uploads\/long-tail-Haenger-Kristian-Karl-Conway-DoakFB-300x225.jpg\" alt=\"long-tail-Haenger-Kristian-Karl-Conway-DoakFB.jpg\" width=\"300\" height=\"225\" srcset=\"https:\/\/www.radlobby.org\/noe\/wp-content\/uploads\/long-tail-Haenger-Kristian-Karl-Conway-DoakFB-300x225.jpg 300w, https:\/\/www.radlobby.org\/noe\/wp-content\/uploads\/long-tail-Haenger-Kristian-Karl-Conway-DoakFB-768x576.jpg 768w, https:\/\/www.radlobby.org\/noe\/wp-content\/uploads\/long-tail-Haenger-Kristian-Karl-Conway-DoakFB-1536x1152.jpg 1536w, https:\/\/www.radlobby.org\/noe\/wp-content\/uploads\/long-tail-Haenger-Kristian-Karl-Conway-DoakFB.jpg 2048w\" sizes=\"auto, (max-width: 300px) 100vw, 300px\" \/><\/a><\/p>\n<h1><a href=\"https:\/\/www.radlobby.org\/noe\/wp-content\/uploads\/Radlobby-Rad-300px-1.png\" data-src=\"https:\/\/www.radlobby.org\/noe\/wp-content\/uploads\/Radlobby-Rad-300px-1.png\" data-thumb=\"https:\/\/www.radlobby.org\/noe\/wp-content\/uploads\/Radlobby-Rad-300px-1.png\" class=\"ml-lightbox-enabled\"><img loading=\"lazy\" decoding=\"async\" class=\"aligncenter size-full wp-image-18888\" src=\"https:\/\/www.radlobby.org\/noe\/wp-content\/uploads\/Radlobby-Rad-300px-1.png\" alt=\"\" width=\"100\" height=\"60\" \/><\/a><\/h1>\n<p>&nbsp;<\/p>\n<p>&nbsp;<\/p>\n<p>bzw. die <strong>long-johns<\/strong>, wie etwa bakfiets oder bullit, mit oder ohne Transportkiste. F\u00fcr Kindertransporte werden Fahrr\u00e4der mit Gurtsystem und Sitzbank angeboten<\/p>\n<h1><\/h1>\n<h5><span style=\"font-weight: 400;\"><a href=\"https:\/\/www.radlobby.org\/noe\/wp-content\/uploads\/bullit-Walter-Tieze.jpg\" data-src=\"https:\/\/www.radlobby.org\/noe\/wp-content\/uploads\/bullit-Walter-Tieze.jpg\" data-thumb=\"https:\/\/www.radlobby.org\/noe\/wp-content\/uploads\/bullit-Walter-Tieze-300x200.jpg\" class=\"ml-lightbox-enabled\"><img loading=\"lazy\" decoding=\"async\" class=\"aligncenter size-medium wp-image-22387\" src=\"https:\/\/www.radlobby.org\/noe\/wp-content\/uploads\/bullit-Walter-Tieze-300x200.jpg\" alt=\"Foto Walter Tieze\" width=\"300\" height=\"200\" srcset=\"https:\/\/www.radlobby.org\/noe\/wp-content\/uploads\/bullit-Walter-Tieze-300x200.jpg 300w, https:\/\/www.radlobby.org\/noe\/wp-content\/uploads\/bullit-Walter-Tieze.jpg 640w\" sizes=\"auto, (max-width: 300px) 100vw, 300px\" \/><\/a><br \/>\n<img loading=\"lazy\" decoding=\"async\" class=\"aligncenter size-medium wp-image-22274\" src=\"https:\/\/www.radlobby.org\/noe\/wp-content\/uploads\/long-john-Guy-Dorrell-FB-300x200.jpg\" alt=\"long-john-Guy-Dorrell-FB.jpg\" width=\"300\" height=\"200\" srcset=\"https:\/\/www.radlobby.org\/noe\/wp-content\/uploads\/long-john-Guy-Dorrell-FB-300x200.jpg 300w, https:\/\/www.radlobby.org\/noe\/wp-content\/uploads\/long-john-Guy-Dorrell-FB-768x512.jpg 768w, https:\/\/www.radlobby.org\/noe\/wp-content\/uploads\/long-john-Guy-Dorrell-FB-1536x1025.jpg 1536w, https:\/\/www.radlobby.org\/noe\/wp-content\/uploads\/long-john-Guy-Dorrell-FB.jpg 1988w\" sizes=\"auto, (max-width: 300px) 100vw, 300px\" \/><\/span><\/h5>\n<h1><a href=\"https:\/\/www.radlobby.org\/noe\/wp-content\/uploads\/Radlobby-Rad-300px-1.png\" data-src=\"https:\/\/www.radlobby.org\/noe\/wp-content\/uploads\/Radlobby-Rad-300px-1.png\" data-thumb=\"https:\/\/www.radlobby.org\/noe\/wp-content\/uploads\/Radlobby-Rad-300px-1.png\" class=\"ml-lightbox-enabled\"><img loading=\"lazy\" decoding=\"async\" class=\"aligncenter size-full wp-image-18888\" src=\"https:\/\/www.radlobby.org\/noe\/wp-content\/uploads\/Radlobby-Rad-300px-1.png\" alt=\"\" width=\"100\" height=\"60\" \/><\/a><\/h1>\n<p><span style=\"font-weight: 400;\">Mehrspurige Kistenfahrr\u00e4der f\u00fcr Last- oder Personentransport, ebenfalls mit optionalem Gurtsystem f\u00fcr Kinder- oder Lastentransporte<\/span><\/p>\n<h5><span style=\"font-weight: 400;\"><a href=\"https:\/\/www.radlobby.org\/noe\/wp-content\/uploads\/nihola-2.jpg\" data-src=\"https:\/\/www.radlobby.org\/noe\/wp-content\/uploads\/nihola-2.jpg\" data-thumb=\"https:\/\/www.radlobby.org\/noe\/wp-content\/uploads\/nihola-2-300x183.jpg\" class=\"ml-lightbox-enabled\"><img loading=\"lazy\" decoding=\"async\" class=\"aligncenter size-medium wp-image-22279\" src=\"https:\/\/www.radlobby.org\/noe\/wp-content\/uploads\/nihola-2-300x183.jpg\" alt=\"Foto: klimaentlaster.de\" width=\"300\" height=\"183\" srcset=\"https:\/\/www.radlobby.org\/noe\/wp-content\/uploads\/nihola-2-300x183.jpg 300w, https:\/\/www.radlobby.org\/noe\/wp-content\/uploads\/nihola-2.jpg 630w\" sizes=\"auto, (max-width: 300px) 100vw, 300px\" \/><\/a><a href=\"https:\/\/www.radlobby.org\/noe\/wp-content\/uploads\/dreirad.jpg\" data-src=\"https:\/\/www.radlobby.org\/noe\/wp-content\/uploads\/dreirad.jpg\" data-thumb=\"https:\/\/www.radlobby.org\/noe\/wp-content\/uploads\/dreirad-300x300.jpg\" class=\"ml-lightbox-enabled\"><img loading=\"lazy\" decoding=\"async\" class=\"aligncenter size-medium wp-image-22277\" src=\"https:\/\/www.radlobby.org\/noe\/wp-content\/uploads\/dreirad-300x300.jpg\" alt=\"\" width=\"300\" height=\"300\" srcset=\"https:\/\/www.radlobby.org\/noe\/wp-content\/uploads\/dreirad-300x300.jpg 300w, https:\/\/www.radlobby.org\/noe\/wp-content\/uploads\/dreirad-150x150.jpg 150w, https:\/\/www.radlobby.org\/noe\/wp-content\/uploads\/dreirad-75x75.jpg 75w, https:\/\/www.radlobby.org\/noe\/wp-content\/uploads\/dreirad-270x270.jpg 270w, https:\/\/www.radlobby.org\/noe\/wp-content\/uploads\/dreirad-230x230.jpg 230w, https:\/\/www.radlobby.org\/noe\/wp-content\/uploads\/dreirad.jpg 640w\" sizes=\"auto, (max-width: 300px) 100vw, 300px\" \/><\/a><\/span><\/h5>\n<h1><span style=\"font-weight: 400;\"><a href=\"https:\/\/www.radlobby.org\/noe\/wp-content\/uploads\/Radkutsche.jpg\" data-src=\"https:\/\/www.radlobby.org\/noe\/wp-content\/uploads\/Radkutsche.jpg\" data-thumb=\"https:\/\/www.radlobby.org\/noe\/wp-content\/uploads\/Radkutsche-300x169.jpg\" class=\"ml-lightbox-enabled\"><img loading=\"lazy\" decoding=\"async\" class=\"aligncenter size-medium wp-image-22280\" src=\"https:\/\/www.radlobby.org\/noe\/wp-content\/uploads\/Radkutsche-300x169.jpg\" alt=\"Foto Radkutsche.de\" width=\"300\" height=\"169\" srcset=\"https:\/\/www.radlobby.org\/noe\/wp-content\/uploads\/Radkutsche-300x169.jpg 300w, https:\/\/www.radlobby.org\/noe\/wp-content\/uploads\/Radkutsche-768x432.jpg 768w, https:\/\/www.radlobby.org\/noe\/wp-content\/uploads\/Radkutsche-1536x864.jpg 1536w, https:\/\/www.radlobby.org\/noe\/wp-content\/uploads\/Radkutsche.jpg 1920w\" sizes=\"auto, (max-width: 300px) 100vw, 300px\" \/><\/a><\/span><\/h1>\n<h1><\/h1>\n<h1><a href=\"https:\/\/www.radlobby.org\/noe\/wp-content\/uploads\/Radlobby-Rad-300px-1.png\" data-src=\"https:\/\/www.radlobby.org\/noe\/wp-content\/uploads\/Radlobby-Rad-300px-1.png\" data-thumb=\"https:\/\/www.radlobby.org\/noe\/wp-content\/uploads\/Radlobby-Rad-300px-1.png\" class=\"ml-lightbox-enabled\"><img loading=\"lazy\" decoding=\"async\" class=\"aligncenter size-full wp-image-18888\" src=\"https:\/\/www.radlobby.org\/noe\/wp-content\/uploads\/Radlobby-Rad-300px-1.png\" alt=\"\" width=\"100\" height=\"60\" \/><\/a><\/h1>\n<h1><a href=\"https:\/\/www.radlobby.org\/noe\/wp-content\/uploads\/Radlobby-Rad-300px-1.png\" data-src=\"https:\/\/www.radlobby.org\/noe\/wp-content\/uploads\/Radlobby-Rad-300px-1.png\" data-thumb=\"https:\/\/www.radlobby.org\/noe\/wp-content\/uploads\/Radlobby-Rad-300px-1.png\" class=\"ml-lightbox-enabled\"><img loading=\"lazy\" decoding=\"async\" class=\"aligncenter size-full wp-image-18888\" src=\"https:\/\/www.radlobby.org\/noe\/wp-content\/uploads\/Radlobby-Rad-300px-1.png\" alt=\"\" width=\"100\" height=\"60\" \/><\/a><\/h1>\n","protected":false},"excerpt":{"rendered":"<p>Lastenfahrr\u00e4der &#8211; Gr\u00e4tzelr\u00e4der<br \/>\nMan kann mit ihnen so gut wie alles des t\u00e4glichen Gebrauchs transportieren<\/p>\n","protected":false},"author":47,"featured_media":22403,"comment_status":"closed","ping_status":"closed","sticky":false,"template":"","format":"standard","meta":{"footnotes":""},"categories":[380],"tags":[509,508,507,463],"class_list":["post-22420","post","type-post","status-publish","format-standard","has-post-thumbnail","hentry","category-stockerau","tag-bakfiets","tag-bullit","tag-cargoibike","tag-lastenfahrrad"],"yoast_head":"<!-- This site is optimized with the Yoast SEO plugin v26.9 - https:\/\/yoast.com\/product\/yoast-seo-wordpress\/ -->\n<title>Lastenfahrr\u00e4der &amp; Gr\u00e4tzelr\u00e4der - Radlobby Nieder\u00f6sterreich<\/title>\n<meta name=\"robots\" content=\"index, follow, max-snippet:-1, max-image-preview:large, max-video-preview:-1\" \/>\n<link rel=\"canonical\" href=\"https:\/\/www.radlobby.org\/noe\/lastenfahrrad-graetzelrad-2\/\" \/>\n<meta property=\"og:locale\" content=\"de_DE\" \/>\n<meta property=\"og:type\" content=\"article\" \/>\n<meta property=\"og:title\" content=\"Lastenfahrr\u00e4der &amp; Gr\u00e4tzelr\u00e4der - Radlobby Nieder\u00f6sterreich\" \/>\n<meta property=\"og:description\" content=\"Lastenfahrr\u00e4der - Gr\u00e4tzelr\u00e4der Man kann mit ihnen so gut wie alles des t\u00e4glichen Gebrauchs transportieren\" \/>\n<meta property=\"og:url\" content=\"https:\/\/www.radlobby.org\/noe\/lastenfahrrad-graetzelrad-2\/\" \/>\n<meta property=\"og:site_name\" content=\"Radlobby Nieder\u00f6sterreich\" \/>\n<meta property=\"article:publisher\" content=\"https:\/\/www.facebook.com\/groups\/radfahren.in.noe\/\" \/>\n<meta property=\"article:published_time\" content=\"2022-03-14T13:27:54+00:00\" \/>\n<meta property=\"article:modified_time\" content=\"2022-03-15T07:32:31+00:00\" \/>\n<meta property=\"og:image\" content=\"https:\/\/www.radlobby.org\/noe\/wp-content\/uploads\/FAZ.jpg\" \/>\n\t<meta property=\"og:image:width\" content=\"610\" \/>\n\t<meta property=\"og:image:height\" content=\"344\" \/>\n\t<meta property=\"og:image:type\" content=\"image\/jpeg\" \/>\n<meta name=\"author\" content=\"Stoffelix\" \/>\n<meta name=\"twitter:card\" content=\"summary_large_image\" \/>\n<meta name=\"twitter:label1\" content=\"Verfasst von\" \/>\n\t<meta name=\"twitter:data1\" content=\"Stoffelix\" \/>\n\t<meta name=\"twitter:label2\" content=\"Gesch\u00e4tzte Lesezeit\" \/>\n\t<meta name=\"twitter:data2\" content=\"5\u00a0Minuten\" \/>\n<script type=\"application\/ld+json\" class=\"yoast-schema-graph\">{\"@context\":\"https:\/\/schema.org\",\"@graph\":[{\"@type\":\"Article\",\"@id\":\"https:\/\/www.radlobby.org\/noe\/lastenfahrrad-graetzelrad-2\/#article\",\"isPartOf\":{\"@id\":\"https:\/\/www.radlobby.org\/noe\/lastenfahrrad-graetzelrad-2\/\"},\"author\":{\"name\":\"Stoffelix\",\"@id\":\"https:\/\/www.radlobby.org\/noe\/#\/schema\/person\/c33ee2648a519cc7eee4bb919afba50d\"},\"headline\":\"Lastenfahrr\u00e4der &#038; Gr\u00e4tzelr\u00e4der\",\"datePublished\":\"2022-03-14T13:27:54+00:00\",\"dateModified\":\"2022-03-15T07:32:31+00:00\",\"mainEntityOfPage\":{\"@id\":\"https:\/\/www.radlobby.org\/noe\/lastenfahrrad-graetzelrad-2\/\"},\"wordCount\":297,\"publisher\":{\"@id\":\"https:\/\/www.radlobby.org\/noe\/#organization\"},\"image\":{\"@id\":\"https:\/\/www.radlobby.org\/noe\/lastenfahrrad-graetzelrad-2\/#primaryimage\"},\"thumbnailUrl\":\"https:\/\/www.radlobby.org\/noe\/wp-content\/uploads\/FAZ.jpg\",\"keywords\":[\"bakfiets\",\"bullit\",\"Cargoibike\",\"Lastenfahrrad\"],\"articleSection\":[\"Radlobby Stockerau\"],\"inLanguage\":\"de\"},{\"@type\":\"WebPage\",\"@id\":\"https:\/\/www.radlobby.org\/noe\/lastenfahrrad-graetzelrad-2\/\",\"url\":\"https:\/\/www.radlobby.org\/noe\/lastenfahrrad-graetzelrad-2\/\",\"name\":\"Lastenfahrr\u00e4der & Gr\u00e4tzelr\u00e4der - Radlobby Nieder\u00f6sterreich\",\"isPartOf\":{\"@id\":\"https:\/\/www.radlobby.org\/noe\/#website\"},\"primaryImageOfPage\":{\"@id\":\"https:\/\/www.radlobby.org\/noe\/lastenfahrrad-graetzelrad-2\/#primaryimage\"},\"image\":{\"@id\":\"https:\/\/www.radlobby.org\/noe\/lastenfahrrad-graetzelrad-2\/#primaryimage\"},\"thumbnailUrl\":\"https:\/\/www.radlobby.org\/noe\/wp-content\/uploads\/FAZ.jpg\",\"datePublished\":\"2022-03-14T13:27:54+00:00\",\"dateModified\":\"2022-03-15T07:32:31+00:00\",\"breadcrumb\":{\"@id\":\"https:\/\/www.radlobby.org\/noe\/lastenfahrrad-graetzelrad-2\/#breadcrumb\"},\"inLanguage\":\"de\",\"potentialAction\":[{\"@type\":\"ReadAction\",\"target\":[\"https:\/\/www.radlobby.org\/noe\/lastenfahrrad-graetzelrad-2\/\"]}]},{\"@type\":\"ImageObject\",\"inLanguage\":\"de\",\"@id\":\"https:\/\/www.radlobby.org\/noe\/lastenfahrrad-graetzelrad-2\/#primaryimage\",\"url\":\"https:\/\/www.radlobby.org\/noe\/wp-content\/uploads\/FAZ.jpg\",\"contentUrl\":\"https:\/\/www.radlobby.org\/noe\/wp-content\/uploads\/FAZ.jpg\",\"width\":610,\"height\":344,\"caption\":\"(c) FAZ\"},{\"@type\":\"BreadcrumbList\",\"@id\":\"https:\/\/www.radlobby.org\/noe\/lastenfahrrad-graetzelrad-2\/#breadcrumb\",\"itemListElement\":[{\"@type\":\"ListItem\",\"position\":1,\"name\":\"Startseite\",\"item\":\"https:\/\/www.radlobby.org\/noe\/\"},{\"@type\":\"ListItem\",\"position\":2,\"name\":\"Lastenfahrr\u00e4der &#038; Gr\u00e4tzelr\u00e4der\"}]},{\"@type\":\"WebSite\",\"@id\":\"https:\/\/www.radlobby.org\/noe\/#website\",\"url\":\"https:\/\/www.radlobby.org\/noe\/\",\"name\":\"Radlobby Nieder\u00f6sterreich\",\"description\":\"Radverkehr, Fahrrad, Radfahren, Radreisen, Radtouren, Radweg\",\"publisher\":{\"@id\":\"https:\/\/www.radlobby.org\/noe\/#organization\"},\"potentialAction\":[{\"@type\":\"SearchAction\",\"target\":{\"@type\":\"EntryPoint\",\"urlTemplate\":\"https:\/\/www.radlobby.org\/noe\/?s={search_term_string}\"},\"query-input\":{\"@type\":\"PropertyValueSpecification\",\"valueRequired\":true,\"valueName\":\"search_term_string\"}}],\"inLanguage\":\"de\"},{\"@type\":\"Organization\",\"@id\":\"https:\/\/www.radlobby.org\/noe\/#organization\",\"name\":\"Radlobby Nieder\u00f6sterreich\",\"url\":\"https:\/\/www.radlobby.org\/noe\/\",\"logo\":{\"@type\":\"ImageObject\",\"inLanguage\":\"de\",\"@id\":\"https:\/\/www.radlobby.org\/noe\/#\/schema\/logo\/image\/\",\"url\":\"https:\/\/www.radlobby.org\/noe\/wp-content\/uploads\/2017\/01\/cropped-Logo_Radlobby_Niederoesterreich_50-400px_quer-1.jpg\",\"contentUrl\":\"https:\/\/www.radlobby.org\/noe\/wp-content\/uploads\/2017\/01\/cropped-Logo_Radlobby_Niederoesterreich_50-400px_quer-1.jpg\",\"width\":450,\"height\":124,\"caption\":\"Radlobby Nieder\u00f6sterreich\"},\"image\":{\"@id\":\"https:\/\/www.radlobby.org\/noe\/#\/schema\/logo\/image\/\"},\"sameAs\":[\"https:\/\/www.facebook.com\/groups\/radfahren.in.noe\/\"]},{\"@type\":\"Person\",\"@id\":\"https:\/\/www.radlobby.org\/noe\/#\/schema\/person\/c33ee2648a519cc7eee4bb919afba50d\",\"name\":\"Stoffelix\",\"image\":{\"@type\":\"ImageObject\",\"inLanguage\":\"de\",\"@id\":\"https:\/\/www.radlobby.org\/noe\/#\/schema\/person\/image\/\",\"url\":\"https:\/\/secure.gravatar.com\/avatar\/cbbd4609d4e6f9ee3f68a6390d6d226e86fb3b3e54cb99c7da882fb1b87a7e34?s=96&d=mm&r=g\",\"contentUrl\":\"https:\/\/secure.gravatar.com\/avatar\/cbbd4609d4e6f9ee3f68a6390d6d226e86fb3b3e54cb99c7da882fb1b87a7e34?s=96&d=mm&r=g\",\"caption\":\"Stoffelix\"},\"url\":\"https:\/\/www.radlobby.org\/noe\/author\/christopher-ohmeyer\/\"}]}<\/script>\n<!-- \/ Yoast SEO plugin. -->","yoast_head_json":{"title":"Lastenfahrr\u00e4der & Gr\u00e4tzelr\u00e4der - Radlobby Nieder\u00f6sterreich","robots":{"index":"index","follow":"follow","max-snippet":"max-snippet:-1","max-image-preview":"max-image-preview:large","max-video-preview":"max-video-preview:-1"},"canonical":"https:\/\/www.radlobby.org\/noe\/lastenfahrrad-graetzelrad-2\/","og_locale":"de_DE","og_type":"article","og_title":"Lastenfahrr\u00e4der & Gr\u00e4tzelr\u00e4der - Radlobby Nieder\u00f6sterreich","og_description":"Lastenfahrr\u00e4der - Gr\u00e4tzelr\u00e4der Man kann mit ihnen so gut wie alles des t\u00e4glichen Gebrauchs transportieren","og_url":"https:\/\/www.radlobby.org\/noe\/lastenfahrrad-graetzelrad-2\/","og_site_name":"Radlobby Nieder\u00f6sterreich","article_publisher":"https:\/\/www.facebook.com\/groups\/radfahren.in.noe\/","article_published_time":"2022-03-14T13:27:54+00:00","article_modified_time":"2022-03-15T07:32:31+00:00","og_image":[{"width":610,"height":344,"url":"https:\/\/www.radlobby.org\/noe\/wp-content\/uploads\/FAZ.jpg","type":"image\/jpeg"}],"author":"Stoffelix","twitter_card":"summary_large_image","twitter_misc":{"Verfasst von":"Stoffelix","Gesch\u00e4tzte Lesezeit":"5\u00a0Minuten"},"schema":{"@context":"https:\/\/schema.org","@graph":[{"@type":"Article","@id":"https:\/\/www.radlobby.org\/noe\/lastenfahrrad-graetzelrad-2\/#article","isPartOf":{"@id":"https:\/\/www.radlobby.org\/noe\/lastenfahrrad-graetzelrad-2\/"},"author":{"name":"Stoffelix","@id":"https:\/\/www.radlobby.org\/noe\/#\/schema\/person\/c33ee2648a519cc7eee4bb919afba50d"},"headline":"Lastenfahrr\u00e4der &#038; Gr\u00e4tzelr\u00e4der","datePublished":"2022-03-14T13:27:54+00:00","dateModified":"2022-03-15T07:32:31+00:00","mainEntityOfPage":{"@id":"https:\/\/www.radlobby.org\/noe\/lastenfahrrad-graetzelrad-2\/"},"wordCount":297,"publisher":{"@id":"https:\/\/www.radlobby.org\/noe\/#organization"},"image":{"@id":"https:\/\/www.radlobby.org\/noe\/lastenfahrrad-graetzelrad-2\/#primaryimage"},"thumbnailUrl":"https:\/\/www.radlobby.org\/noe\/wp-content\/uploads\/FAZ.jpg","keywords":["bakfiets","bullit","Cargoibike","Lastenfahrrad"],"articleSection":["Radlobby Stockerau"],"inLanguage":"de"},{"@type":"WebPage","@id":"https:\/\/www.radlobby.org\/noe\/lastenfahrrad-graetzelrad-2\/","url":"https:\/\/www.radlobby.org\/noe\/lastenfahrrad-graetzelrad-2\/","name":"Lastenfahrr\u00e4der & Gr\u00e4tzelr\u00e4der - Radlobby Nieder\u00f6sterreich","isPartOf":{"@id":"https:\/\/www.radlobby.org\/noe\/#website"},"primaryImageOfPage":{"@id":"https:\/\/www.radlobby.org\/noe\/lastenfahrrad-graetzelrad-2\/#primaryimage"},"image":{"@id":"https:\/\/www.radlobby.org\/noe\/lastenfahrrad-graetzelrad-2\/#primaryimage"},"thumbnailUrl":"https:\/\/www.radlobby.org\/noe\/wp-content\/uploads\/FAZ.jpg","datePublished":"2022-03-14T13:27:54+00:00","dateModified":"2022-03-15T07:32:31+00:00","breadcrumb":{"@id":"https:\/\/www.radlobby.org\/noe\/lastenfahrrad-graetzelrad-2\/#breadcrumb"},"inLanguage":"de","potentialAction":[{"@type":"ReadAction","target":["https:\/\/www.radlobby.org\/noe\/lastenfahrrad-graetzelrad-2\/"]}]},{"@type":"ImageObject","inLanguage":"de","@id":"https:\/\/www.radlobby.org\/noe\/lastenfahrrad-graetzelrad-2\/#primaryimage","url":"https:\/\/www.radlobby.org\/noe\/wp-content\/uploads\/FAZ.jpg","contentUrl":"https:\/\/www.radlobby.org\/noe\/wp-content\/uploads\/FAZ.jpg","width":610,"height":344,"caption":"(c) FAZ"},{"@type":"BreadcrumbList","@id":"https:\/\/www.radlobby.org\/noe\/lastenfahrrad-graetzelrad-2\/#breadcrumb","itemListElement":[{"@type":"ListItem","position":1,"name":"Startseite","item":"https:\/\/www.radlobby.org\/noe\/"},{"@type":"ListItem","position":2,"name":"Lastenfahrr\u00e4der &#038; Gr\u00e4tzelr\u00e4der"}]},{"@type":"WebSite","@id":"https:\/\/www.radlobby.org\/noe\/#website","url":"https:\/\/www.radlobby.org\/noe\/","name":"Radlobby Nieder\u00f6sterreich","description":"Radverkehr, Fahrrad, Radfahren, Radreisen, Radtouren, Radweg","publisher":{"@id":"https:\/\/www.radlobby.org\/noe\/#organization"},"potentialAction":[{"@type":"SearchAction","target":{"@type":"EntryPoint","urlTemplate":"https:\/\/www.radlobby.org\/noe\/?s={search_term_string}"},"query-input":{"@type":"PropertyValueSpecification","valueRequired":true,"valueName":"search_term_string"}}],"inLanguage":"de"},{"@type":"Organization","@id":"https:\/\/www.radlobby.org\/noe\/#organization","name":"Radlobby Nieder\u00f6sterreich","url":"https:\/\/www.radlobby.org\/noe\/","logo":{"@type":"ImageObject","inLanguage":"de","@id":"https:\/\/www.radlobby.org\/noe\/#\/schema\/logo\/image\/","url":"https:\/\/www.radlobby.org\/noe\/wp-content\/uploads\/2017\/01\/cropped-Logo_Radlobby_Niederoesterreich_50-400px_quer-1.jpg","contentUrl":"https:\/\/www.radlobby.org\/noe\/wp-content\/uploads\/2017\/01\/cropped-Logo_Radlobby_Niederoesterreich_50-400px_quer-1.jpg","width":450,"height":124,"caption":"Radlobby Nieder\u00f6sterreich"},"image":{"@id":"https:\/\/www.radlobby.org\/noe\/#\/schema\/logo\/image\/"},"sameAs":["https:\/\/www.facebook.com\/groups\/radfahren.in.noe\/"]},{"@type":"Person","@id":"https:\/\/www.radlobby.org\/noe\/#\/schema\/person\/c33ee2648a519cc7eee4bb919afba50d","name":"Stoffelix","image":{"@type":"ImageObject","inLanguage":"de","@id":"https:\/\/www.radlobby.org\/noe\/#\/schema\/person\/image\/","url":"https:\/\/secure.gravatar.com\/avatar\/cbbd4609d4e6f9ee3f68a6390d6d226e86fb3b3e54cb99c7da882fb1b87a7e34?s=96&d=mm&r=g","contentUrl":"https:\/\/secure.gravatar.com\/avatar\/cbbd4609d4e6f9ee3f68a6390d6d226e86fb3b3e54cb99c7da882fb1b87a7e34?s=96&d=mm&r=g","caption":"Stoffelix"},"url":"https:\/\/www.radlobby.org\/noe\/author\/christopher-ohmeyer\/"}]}},"_links":{"self":[{"href":"https:\/\/www.radlobby.org\/noe\/wp-json\/wp\/v2\/posts\/22420","targetHints":{"allow":["GET"]}}],"collection":[{"href":"https:\/\/www.radlobby.org\/noe\/wp-json\/wp\/v2\/posts"}],"about":[{"href":"https:\/\/www.radlobby.org\/noe\/wp-json\/wp\/v2\/types\/post"}],"author":[{"embeddable":true,"href":"https:\/\/www.radlobby.org\/noe\/wp-json\/wp\/v2\/users\/47"}],"replies":[{"embeddable":true,"href":"https:\/\/www.radlobby.org\/noe\/wp-json\/wp\/v2\/comments?post=22420"}],"version-history":[{"count":0,"href":"https:\/\/www.radlobby.org\/noe\/wp-json\/wp\/v2\/posts\/22420\/revisions"}],"wp:featuredmedia":[{"embeddable":true,"href":"https:\/\/www.radlobby.org\/noe\/wp-json\/wp\/v2\/media\/22403"}],"wp:attachment":[{"href":"https:\/\/www.radlobby.org\/noe\/wp-json\/wp\/v2\/media?parent=22420"}],"wp:term":[{"taxonomy":"category","embeddable":true,"href":"https:\/\/www.radlobby.org\/noe\/wp-json\/wp\/v2\/categories?post=22420"},{"taxonomy":"post_tag","embeddable":true,"href":"https:\/\/www.radlobby.org\/noe\/wp-json\/wp\/v2\/tags?post=22420"}],"curies":[{"name":"wp","href":"https:\/\/api.w.org\/{rel}","templated":true}]}}