{"id":22334,"date":"2022-03-13T12:42:03","date_gmt":"2022-03-13T11:42:03","guid":{"rendered":"https:\/\/www.radlobby.org\/noe\/?p=22334"},"modified":"2022-03-13T12:42:04","modified_gmt":"2022-03-13T11:42:04","slug":"niederoesterreich-radelt","status":"publish","type":"post","link":"https:\/\/www.radlobby.org\/noe\/niederoesterreich-radelt\/","title":{"rendered":"Nieder\u00f6sterreich.radelt: Start am 20. M\u00e4rz 2022"},"content":{"rendered":"<p>Am 20. M\u00e4rz startet die n\u00e4chste Radsaison f\u00fcr <a href=\"https:\/\/niederoesterreich.radelt.at\">Nieder\u00f6sterreich.radelt<\/a> im Zuge der \u00f6sterreichweiten Aktion <a href=\"https:\/\/www.radelt.at\">\u00d6sterreich.radelt<\/a>. Ziel der Aktion ist es m\u00f6glichst viele B\u00fcrger:innen zum Fahrradfahren zu motivieren. Um die Motivation zu steigern gibt es in bestimmten Zeitr\u00e4umen Verlosungen von Sachpreisen wie Radzubeh\u00f6r, Gutscheine und sogar eBikes zu gewinnen. Das Mitmachen zahlt sich jedenfalls aus, auch wenn man nicht bei den Verlosungen gewinnt, verbringt man doch mehr Zeit am Fahrrad und wird vielleicht so das eine oder andere Pandemiekilo los.<\/p>\n<h4>Wie funktioniert<\/h4>\n<p>Zur Teilnahme ist die Registrierung auf <a href=\"https:\/\/niederoesterreich.radelt.at\">Nieder\u00f6sterreich.radelt<\/a> erforderlich. Nach Eingabe von Emailadresse, Passwort und ein paar postalischen Angaben ist man schon bei der Aktion dabei. Wer sich vor dem 20. M\u00e4rz registriert ist es wichtig, dass man danach unter <strong>Meine Aktionen<\/strong> die neue Nieder\u00f6sterreich Radelt 2022 Aktion ausw\u00e4hlt. Die letzten Jahre war es so, dass man noch die Heimatgemeinde, Schule, Arbeitsst\u00e4tte oder Verein &#8211; sofern sie bei der Aktion mitmachen &#8211; ausw\u00e4hlen kann. Denn es gibt oft Wettbewerbe unter den Firmen oder Vereinen.<\/p>\n<p>Die Aufzeichnung der Radkilometer kann entweder \u00fcber Eingabe per App (Download Links sind auf <a style=\"outline-width: 0px !important; user-select: auto !important;\" href=\"https:\/\/niederoesterreich.radelt.at\">Nieder\u00f6sterreich.radelt<\/a> zu finden) oder direkt auf der Webseite von <a style=\"outline-width: 0px !important; user-select: auto !important;\" href=\"https:\/\/niederoesterreich.radelt.at\">Nieder\u00f6sterreich.radelt<\/a>.<\/p>\n<h4>Erfahrungen aus den letzten Jahren<\/h4>\n<p><a href=\"https:\/\/www.radlobby.org\/noe\/wp-content\/uploads\/noe-radelt-voit.png\" data-src=\"https:\/\/www.radlobby.org\/noe\/wp-content\/uploads\/noe-radelt-voit.png\" data-thumb=\"https:\/\/www.radlobby.org\/noe\/wp-content\/uploads\/noe-radelt-voit-150x150.png\" class=\"ml-lightbox-enabled\"><img loading=\"lazy\" decoding=\"async\" class=\"alignleft size-thumbnail wp-image-22338\" src=\"https:\/\/www.radlobby.org\/noe\/wp-content\/uploads\/noe-radelt-voit-150x150.png\" alt=\"\" width=\"150\" height=\"150\" srcset=\"https:\/\/www.radlobby.org\/noe\/wp-content\/uploads\/noe-radelt-voit-150x150.png 150w, https:\/\/www.radlobby.org\/noe\/wp-content\/uploads\/noe-radelt-voit-75x75.png 75w, https:\/\/www.radlobby.org\/noe\/wp-content\/uploads\/noe-radelt-voit-270x270.png 270w, https:\/\/www.radlobby.org\/noe\/wp-content\/uploads\/noe-radelt-voit-230x230.png 230w\" sizes=\"auto, (max-width: 150px) 100vw, 150px\" \/><\/a>Ich nehme schon seit 2016 an den Radaktionen teil (in der Grafik sind nur die Radaktionen seit 2019 aufgelistet, da zuvor die Aktionen \u00fcber eine andere Plattform gelaufen sind), da ich mich damals entschlossen hatte, den Gro\u00dfteil meiner Strecken mit dem Fahrrad als mit dem Auto zur\u00fcckzulegen. Zugegebenerma\u00dfen war das Pendeln von Ebreichsdorf nach M\u00f6dling oft eine Herausforderung. Vor allem in den Wintermonaten mit Schnee und Eis bedeckten Feldwegen war es nicht immer leicht.<\/p>\n<p>Doch in dem Fall war die Fahrradaktion eine zus\u00e4tzliche Motivation f\u00fcr mich, diese hie\u00df damals n\u00e4mlich radelt zur Arbeit. In der Teamwertung gewannen wir sogar eine Reise f\u00fcr 3 Tage nach Amsterdam.\u00a0 Die Firma selbst hat ebenfalls von der Radaktion profitiert. In den Jahren der Teilnahme wurden 3 moderne Fahrradabstellanlagen gewonnen, weshalb weitere Mitarbeiter:innen zum Umstieg auf das Fahrrad motiviert werden konnten. <a href=\"https:\/\/www.radlobby.org\/noe\/wp-content\/uploads\/bike_schnee_winter-voit.png\" data-src=\"https:\/\/www.radlobby.org\/noe\/wp-content\/uploads\/bike_schnee_winter-voit.png\" data-thumb=\"https:\/\/www.radlobby.org\/noe\/wp-content\/uploads\/bike_schnee_winter-voit-150x150.png\" class=\"ml-lightbox-enabled\"><img loading=\"lazy\" decoding=\"async\" class=\"alignleft size-thumbnail wp-image-22341\" src=\"https:\/\/www.radlobby.org\/noe\/wp-content\/uploads\/bike_schnee_winter-voit-150x150.png\" alt=\"\" width=\"150\" height=\"150\" srcset=\"https:\/\/www.radlobby.org\/noe\/wp-content\/uploads\/bike_schnee_winter-voit-150x150.png 150w, https:\/\/www.radlobby.org\/noe\/wp-content\/uploads\/bike_schnee_winter-voit-75x75.png 75w, https:\/\/www.radlobby.org\/noe\/wp-content\/uploads\/bike_schnee_winter-voit-270x270.png 270w, https:\/\/www.radlobby.org\/noe\/wp-content\/uploads\/bike_schnee_winter-voit-230x230.png 230w\" sizes=\"auto, (max-width: 150px) 100vw, 150px\" \/><\/a>Daher zahlt sich die Teilnahme als Firma ebenfalls aus.<\/p>\n<p>Nach einer beruflichen Neuorientierung befindet sich nun mein Arbeitsplatz in Wien (vor der Zeit von Homeoffice), was aber nicht bedeutet das mit dem Fahrrad-Pendeln Schluss ist. Nein, denn einerseits ist es m\u00f6glich mit dem Fahrrad nach Wien zu pendeln und andererseits mache ich Rad-Zug-Rad-Pendeln.<\/p>\n<figure id=\"attachment_21784\" aria-describedby=\"caption-attachment-21784\" style=\"width: 150px\" class=\"wp-caption alignleft\"><a href=\"https:\/\/www.radlobby.org\/noe\/wp-content\/uploads\/20220121_Fahrrad-mit-Anhaenger_Andreas-Voit.jpg\" data-src=\"https:\/\/www.radlobby.org\/noe\/wp-content\/uploads\/20220121_Fahrrad-mit-Anhaenger_Andreas-Voit.jpg\" data-thumb=\"https:\/\/www.radlobby.org\/noe\/wp-content\/uploads\/20220121_Fahrrad-mit-Anhaenger_Andreas-Voit-150x150.jpg\" class=\"ml-lightbox-enabled\"><img loading=\"lazy\" decoding=\"async\" class=\"size-thumbnail wp-image-21784\" src=\"https:\/\/www.radlobby.org\/noe\/wp-content\/uploads\/20220121_Fahrrad-mit-Anhaenger_Andreas-Voit-150x150.jpg\" alt=\"Fahrrad mit Anhaenger\" width=\"150\" height=\"150\" srcset=\"https:\/\/www.radlobby.org\/noe\/wp-content\/uploads\/20220121_Fahrrad-mit-Anhaenger_Andreas-Voit-150x150.jpg 150w, https:\/\/www.radlobby.org\/noe\/wp-content\/uploads\/20220121_Fahrrad-mit-Anhaenger_Andreas-Voit-75x75.jpg 75w\" sizes=\"auto, (max-width: 150px) 100vw, 150px\" \/><\/a><figcaption id=\"caption-attachment-21784\" class=\"wp-caption-text\">Fahrrad mit Anh\u00e4nger<\/figcaption><\/figure>\n<p>Bis jetzt hab ich allerdings nur die beruflichen Wege beschrieben. Nat\u00fcrlich auch die privaten Wege lassen sich hervorragend mit dem Fahrrad zur\u00fccklegen. F\u00fcr die Eink\u00e4ufe hab ich mir einen Fahrradanh\u00e4nger zugelegt.<\/p>\n<p>Des Weiteren habe ich viele neue Eindr\u00fccke von Nieder\u00f6sterreich mit dem Fahrrad bekommen. Durch das jahrelange Autofahren zuvor hatte sich in meinem Kopf nur das Autobahnen- und Stra\u00dfennetz eingepr\u00e4gt. Wie ich auf das Fahrrad umgestiegen bin, hat sich meine Sicht auf meine Umgebung erweitert. Mir wurden neue Verbindungen zwischen Ortschaften bewusst. Auch die Natur konnte ich so besser wahrnehmen und war mehr in Kontakt mit Wildtieren oder umliegenden W\u00e4ldern. Man muss nicht 100 km mit dem Auto oder Bahn fortfahren, um in der Natur Rad zu fahren. Nein, es befindet sich vieles gleich direkt vor der Haust\u00fcr oder ein oder zwei Ortschaften entfernt.<\/p>\n<h6>Fazit<\/h6>\n<p><a href=\"https:\/\/niederoesterreich.radelt.at\">Nieder\u00f6sterreich.radelt<\/a> ist eine sehr sch\u00f6ne Aktion und ich hoffe damit werden noch mehr B\u00fcrger:innen zum Umstieg auf das Fahrrad motiviert.<\/p>\n","protected":false},"excerpt":{"rendered":"<p>Am 20. M\u00e4rz startet die n\u00e4chste Radsaison f\u00fcr Nieder\u00f6sterreich.radelt im Zuge der \u00f6sterreichweiten Aktion \u00d6sterreich.radelt. Ziel der Aktion ist es m\u00f6glichst viele B\u00fcrger:innen zum Fahrradfahren zu motivieren. Um die Motivation zu steigern gibt es in bestimmten Zeitr\u00e4umen Verlosungen von Sachpreisen<\/p>\n","protected":false},"author":58,"featured_media":22337,"comment_status":"closed","ping_status":"closed","sticky":false,"template":"","format":"standard","meta":{"footnotes":""},"categories":[343,20],"tags":[],"class_list":["post-22334","post","type-post","status-publish","format-standard","has-post-thumbnail","hentry","category-ebreichsdorf","category-niederoesterreich"],"yoast_head":"<!-- This site is optimized with the Yoast SEO plugin v26.9 - https:\/\/yoast.com\/product\/yoast-seo-wordpress\/ -->\n<title>Nieder\u00f6sterreich.radelt: Start am 20. M\u00e4rz 2022 - Radlobby Nieder\u00f6sterreich<\/title>\n<meta name=\"description\" content=\"Ank\u00fcndigung und Erfahrungsbericht eines langj\u00e4hrigen Teilnehmers zu nieder\u00f6sterreich radelt bzw. radelt.at\" \/>\n<meta name=\"robots\" content=\"index, follow, max-snippet:-1, max-image-preview:large, max-video-preview:-1\" \/>\n<link rel=\"canonical\" href=\"https:\/\/www.radlobby.org\/noe\/niederoesterreich-radelt\/\" \/>\n<meta property=\"og:locale\" content=\"de_DE\" \/>\n<meta property=\"og:type\" content=\"article\" \/>\n<meta property=\"og:title\" content=\"Nieder\u00f6sterreich.radelt: Start am 20. M\u00e4rz 2022 - Radlobby Nieder\u00f6sterreich\" \/>\n<meta property=\"og:description\" content=\"Ank\u00fcndigung und Erfahrungsbericht eines langj\u00e4hrigen Teilnehmers zu nieder\u00f6sterreich radelt bzw. radelt.at\" \/>\n<meta property=\"og:url\" content=\"https:\/\/www.radlobby.org\/noe\/niederoesterreich-radelt\/\" \/>\n<meta property=\"og:site_name\" content=\"Radlobby Nieder\u00f6sterreich\" \/>\n<meta property=\"article:publisher\" content=\"https:\/\/www.facebook.com\/groups\/radfahren.in.noe\/\" \/>\n<meta property=\"article:published_time\" content=\"2022-03-13T11:42:03+00:00\" \/>\n<meta property=\"article:modified_time\" content=\"2022-03-13T11:42:04+00:00\" \/>\n<meta property=\"og:image\" content=\"https:\/\/www.radlobby.org\/noe\/wp-content\/uploads\/noe_radelt-1.png\" \/>\n\t<meta property=\"og:image:width\" content=\"200\" \/>\n\t<meta property=\"og:image:height\" content=\"133\" \/>\n\t<meta property=\"og:image:type\" content=\"image\/png\" \/>\n<meta name=\"author\" content=\"Andreas Voit\" \/>\n<meta name=\"twitter:card\" content=\"summary_large_image\" \/>\n<meta name=\"twitter:label1\" content=\"Verfasst von\" \/>\n\t<meta name=\"twitter:data1\" content=\"Andreas Voit\" \/>\n\t<meta name=\"twitter:label2\" content=\"Gesch\u00e4tzte Lesezeit\" \/>\n\t<meta name=\"twitter:data2\" content=\"4\u00a0Minuten\" \/>\n<script type=\"application\/ld+json\" class=\"yoast-schema-graph\">{\"@context\":\"https:\/\/schema.org\",\"@graph\":[{\"@type\":\"Article\",\"@id\":\"https:\/\/www.radlobby.org\/noe\/niederoesterreich-radelt\/#article\",\"isPartOf\":{\"@id\":\"https:\/\/www.radlobby.org\/noe\/niederoesterreich-radelt\/\"},\"author\":{\"name\":\"Andreas Voit\",\"@id\":\"https:\/\/www.radlobby.org\/noe\/#\/schema\/person\/87b079c7918348ad3627d8dd31de80c4\"},\"headline\":\"Nieder\u00f6sterreich.radelt: Start am 20. M\u00e4rz 2022\",\"datePublished\":\"2022-03-13T11:42:03+00:00\",\"dateModified\":\"2022-03-13T11:42:04+00:00\",\"mainEntityOfPage\":{\"@id\":\"https:\/\/www.radlobby.org\/noe\/niederoesterreich-radelt\/\"},\"wordCount\":595,\"publisher\":{\"@id\":\"https:\/\/www.radlobby.org\/noe\/#organization\"},\"image\":{\"@id\":\"https:\/\/www.radlobby.org\/noe\/niederoesterreich-radelt\/#primaryimage\"},\"thumbnailUrl\":\"https:\/\/www.radlobby.org\/noe\/wp-content\/uploads\/noe_radelt-1.png\",\"articleSection\":[\"Radlobby Ebreichsdorf\",\"Radlobby Nieder\u00f6sterreich\"],\"inLanguage\":\"de\"},{\"@type\":\"WebPage\",\"@id\":\"https:\/\/www.radlobby.org\/noe\/niederoesterreich-radelt\/\",\"url\":\"https:\/\/www.radlobby.org\/noe\/niederoesterreich-radelt\/\",\"name\":\"Nieder\u00f6sterreich.radelt: Start am 20. M\u00e4rz 2022 - Radlobby Nieder\u00f6sterreich\",\"isPartOf\":{\"@id\":\"https:\/\/www.radlobby.org\/noe\/#website\"},\"primaryImageOfPage\":{\"@id\":\"https:\/\/www.radlobby.org\/noe\/niederoesterreich-radelt\/#primaryimage\"},\"image\":{\"@id\":\"https:\/\/www.radlobby.org\/noe\/niederoesterreich-radelt\/#primaryimage\"},\"thumbnailUrl\":\"https:\/\/www.radlobby.org\/noe\/wp-content\/uploads\/noe_radelt-1.png\",\"datePublished\":\"2022-03-13T11:42:03+00:00\",\"dateModified\":\"2022-03-13T11:42:04+00:00\",\"description\":\"Ank\u00fcndigung und Erfahrungsbericht eines langj\u00e4hrigen Teilnehmers zu nieder\u00f6sterreich radelt bzw. radelt.at\",\"breadcrumb\":{\"@id\":\"https:\/\/www.radlobby.org\/noe\/niederoesterreich-radelt\/#breadcrumb\"},\"inLanguage\":\"de\",\"potentialAction\":[{\"@type\":\"ReadAction\",\"target\":[\"https:\/\/www.radlobby.org\/noe\/niederoesterreich-radelt\/\"]}]},{\"@type\":\"ImageObject\",\"inLanguage\":\"de\",\"@id\":\"https:\/\/www.radlobby.org\/noe\/niederoesterreich-radelt\/#primaryimage\",\"url\":\"https:\/\/www.radlobby.org\/noe\/wp-content\/uploads\/noe_radelt-1.png\",\"contentUrl\":\"https:\/\/www.radlobby.org\/noe\/wp-content\/uploads\/noe_radelt-1.png\",\"width\":200,\"height\":133},{\"@type\":\"BreadcrumbList\",\"@id\":\"https:\/\/www.radlobby.org\/noe\/niederoesterreich-radelt\/#breadcrumb\",\"itemListElement\":[{\"@type\":\"ListItem\",\"position\":1,\"name\":\"Startseite\",\"item\":\"https:\/\/www.radlobby.org\/noe\/\"},{\"@type\":\"ListItem\",\"position\":2,\"name\":\"Nieder\u00f6sterreich.radelt: Start am 20. M\u00e4rz 2022\"}]},{\"@type\":\"WebSite\",\"@id\":\"https:\/\/www.radlobby.org\/noe\/#website\",\"url\":\"https:\/\/www.radlobby.org\/noe\/\",\"name\":\"Radlobby Nieder\u00f6sterreich\",\"description\":\"Radverkehr, Fahrrad, Radfahren, Radreisen, Radtouren, Radweg\",\"publisher\":{\"@id\":\"https:\/\/www.radlobby.org\/noe\/#organization\"},\"potentialAction\":[{\"@type\":\"SearchAction\",\"target\":{\"@type\":\"EntryPoint\",\"urlTemplate\":\"https:\/\/www.radlobby.org\/noe\/?s={search_term_string}\"},\"query-input\":{\"@type\":\"PropertyValueSpecification\",\"valueRequired\":true,\"valueName\":\"search_term_string\"}}],\"inLanguage\":\"de\"},{\"@type\":\"Organization\",\"@id\":\"https:\/\/www.radlobby.org\/noe\/#organization\",\"name\":\"Radlobby Nieder\u00f6sterreich\",\"url\":\"https:\/\/www.radlobby.org\/noe\/\",\"logo\":{\"@type\":\"ImageObject\",\"inLanguage\":\"de\",\"@id\":\"https:\/\/www.radlobby.org\/noe\/#\/schema\/logo\/image\/\",\"url\":\"https:\/\/www.radlobby.org\/noe\/wp-content\/uploads\/2017\/01\/cropped-Logo_Radlobby_Niederoesterreich_50-400px_quer-1.jpg\",\"contentUrl\":\"https:\/\/www.radlobby.org\/noe\/wp-content\/uploads\/2017\/01\/cropped-Logo_Radlobby_Niederoesterreich_50-400px_quer-1.jpg\",\"width\":450,\"height\":124,\"caption\":\"Radlobby Nieder\u00f6sterreich\"},\"image\":{\"@id\":\"https:\/\/www.radlobby.org\/noe\/#\/schema\/logo\/image\/\"},\"sameAs\":[\"https:\/\/www.facebook.com\/groups\/radfahren.in.noe\/\"]},{\"@type\":\"Person\",\"@id\":\"https:\/\/www.radlobby.org\/noe\/#\/schema\/person\/87b079c7918348ad3627d8dd31de80c4\",\"name\":\"Andreas Voit\",\"image\":{\"@type\":\"ImageObject\",\"inLanguage\":\"de\",\"@id\":\"https:\/\/www.radlobby.org\/noe\/#\/schema\/person\/image\/\",\"url\":\"https:\/\/secure.gravatar.com\/avatar\/99925c9d0fb7df39c7837cd52fdc4deae9a100a3bf6df25fe5c454f4a2e40658?s=96&d=mm&r=g\",\"contentUrl\":\"https:\/\/secure.gravatar.com\/avatar\/99925c9d0fb7df39c7837cd52fdc4deae9a100a3bf6df25fe5c454f4a2e40658?s=96&d=mm&r=g\",\"caption\":\"Andreas Voit\"},\"url\":\"https:\/\/www.radlobby.org\/noe\/author\/andreas-voit\/\"}]}<\/script>\n<!-- \/ Yoast SEO plugin. -->","yoast_head_json":{"title":"Nieder\u00f6sterreich.radelt: Start am 20. M\u00e4rz 2022 - Radlobby Nieder\u00f6sterreich","description":"Ank\u00fcndigung und Erfahrungsbericht eines langj\u00e4hrigen Teilnehmers zu nieder\u00f6sterreich radelt bzw. radelt.at","robots":{"index":"index","follow":"follow","max-snippet":"max-snippet:-1","max-image-preview":"max-image-preview:large","max-video-preview":"max-video-preview:-1"},"canonical":"https:\/\/www.radlobby.org\/noe\/niederoesterreich-radelt\/","og_locale":"de_DE","og_type":"article","og_title":"Nieder\u00f6sterreich.radelt: Start am 20. M\u00e4rz 2022 - Radlobby Nieder\u00f6sterreich","og_description":"Ank\u00fcndigung und Erfahrungsbericht eines langj\u00e4hrigen Teilnehmers zu nieder\u00f6sterreich radelt bzw. radelt.at","og_url":"https:\/\/www.radlobby.org\/noe\/niederoesterreich-radelt\/","og_site_name":"Radlobby Nieder\u00f6sterreich","article_publisher":"https:\/\/www.facebook.com\/groups\/radfahren.in.noe\/","article_published_time":"2022-03-13T11:42:03+00:00","article_modified_time":"2022-03-13T11:42:04+00:00","og_image":[{"width":200,"height":133,"url":"https:\/\/www.radlobby.org\/noe\/wp-content\/uploads\/noe_radelt-1.png","type":"image\/png"}],"author":"Andreas Voit","twitter_card":"summary_large_image","twitter_misc":{"Verfasst von":"Andreas Voit","Gesch\u00e4tzte Lesezeit":"4\u00a0Minuten"},"schema":{"@context":"https:\/\/schema.org","@graph":[{"@type":"Article","@id":"https:\/\/www.radlobby.org\/noe\/niederoesterreich-radelt\/#article","isPartOf":{"@id":"https:\/\/www.radlobby.org\/noe\/niederoesterreich-radelt\/"},"author":{"name":"Andreas Voit","@id":"https:\/\/www.radlobby.org\/noe\/#\/schema\/person\/87b079c7918348ad3627d8dd31de80c4"},"headline":"Nieder\u00f6sterreich.radelt: Start am 20. M\u00e4rz 2022","datePublished":"2022-03-13T11:42:03+00:00","dateModified":"2022-03-13T11:42:04+00:00","mainEntityOfPage":{"@id":"https:\/\/www.radlobby.org\/noe\/niederoesterreich-radelt\/"},"wordCount":595,"publisher":{"@id":"https:\/\/www.radlobby.org\/noe\/#organization"},"image":{"@id":"https:\/\/www.radlobby.org\/noe\/niederoesterreich-radelt\/#primaryimage"},"thumbnailUrl":"https:\/\/www.radlobby.org\/noe\/wp-content\/uploads\/noe_radelt-1.png","articleSection":["Radlobby Ebreichsdorf","Radlobby Nieder\u00f6sterreich"],"inLanguage":"de"},{"@type":"WebPage","@id":"https:\/\/www.radlobby.org\/noe\/niederoesterreich-radelt\/","url":"https:\/\/www.radlobby.org\/noe\/niederoesterreich-radelt\/","name":"Nieder\u00f6sterreich.radelt: Start am 20. M\u00e4rz 2022 - Radlobby Nieder\u00f6sterreich","isPartOf":{"@id":"https:\/\/www.radlobby.org\/noe\/#website"},"primaryImageOfPage":{"@id":"https:\/\/www.radlobby.org\/noe\/niederoesterreich-radelt\/#primaryimage"},"image":{"@id":"https:\/\/www.radlobby.org\/noe\/niederoesterreich-radelt\/#primaryimage"},"thumbnailUrl":"https:\/\/www.radlobby.org\/noe\/wp-content\/uploads\/noe_radelt-1.png","datePublished":"2022-03-13T11:42:03+00:00","dateModified":"2022-03-13T11:42:04+00:00","description":"Ank\u00fcndigung und Erfahrungsbericht eines langj\u00e4hrigen Teilnehmers zu nieder\u00f6sterreich radelt bzw. radelt.at","breadcrumb":{"@id":"https:\/\/www.radlobby.org\/noe\/niederoesterreich-radelt\/#breadcrumb"},"inLanguage":"de","potentialAction":[{"@type":"ReadAction","target":["https:\/\/www.radlobby.org\/noe\/niederoesterreich-radelt\/"]}]},{"@type":"ImageObject","inLanguage":"de","@id":"https:\/\/www.radlobby.org\/noe\/niederoesterreich-radelt\/#primaryimage","url":"https:\/\/www.radlobby.org\/noe\/wp-content\/uploads\/noe_radelt-1.png","contentUrl":"https:\/\/www.radlobby.org\/noe\/wp-content\/uploads\/noe_radelt-1.png","width":200,"height":133},{"@type":"BreadcrumbList","@id":"https:\/\/www.radlobby.org\/noe\/niederoesterreich-radelt\/#breadcrumb","itemListElement":[{"@type":"ListItem","position":1,"name":"Startseite","item":"https:\/\/www.radlobby.org\/noe\/"},{"@type":"ListItem","position":2,"name":"Nieder\u00f6sterreich.radelt: Start am 20. M\u00e4rz 2022"}]},{"@type":"WebSite","@id":"https:\/\/www.radlobby.org\/noe\/#website","url":"https:\/\/www.radlobby.org\/noe\/","name":"Radlobby Nieder\u00f6sterreich","description":"Radverkehr, Fahrrad, Radfahren, Radreisen, Radtouren, Radweg","publisher":{"@id":"https:\/\/www.radlobby.org\/noe\/#organization"},"potentialAction":[{"@type":"SearchAction","target":{"@type":"EntryPoint","urlTemplate":"https:\/\/www.radlobby.org\/noe\/?s={search_term_string}"},"query-input":{"@type":"PropertyValueSpecification","valueRequired":true,"valueName":"search_term_string"}}],"inLanguage":"de"},{"@type":"Organization","@id":"https:\/\/www.radlobby.org\/noe\/#organization","name":"Radlobby Nieder\u00f6sterreich","url":"https:\/\/www.radlobby.org\/noe\/","logo":{"@type":"ImageObject","inLanguage":"de","@id":"https:\/\/www.radlobby.org\/noe\/#\/schema\/logo\/image\/","url":"https:\/\/www.radlobby.org\/noe\/wp-content\/uploads\/2017\/01\/cropped-Logo_Radlobby_Niederoesterreich_50-400px_quer-1.jpg","contentUrl":"https:\/\/www.radlobby.org\/noe\/wp-content\/uploads\/2017\/01\/cropped-Logo_Radlobby_Niederoesterreich_50-400px_quer-1.jpg","width":450,"height":124,"caption":"Radlobby Nieder\u00f6sterreich"},"image":{"@id":"https:\/\/www.radlobby.org\/noe\/#\/schema\/logo\/image\/"},"sameAs":["https:\/\/www.facebook.com\/groups\/radfahren.in.noe\/"]},{"@type":"Person","@id":"https:\/\/www.radlobby.org\/noe\/#\/schema\/person\/87b079c7918348ad3627d8dd31de80c4","name":"Andreas Voit","image":{"@type":"ImageObject","inLanguage":"de","@id":"https:\/\/www.radlobby.org\/noe\/#\/schema\/person\/image\/","url":"https:\/\/secure.gravatar.com\/avatar\/99925c9d0fb7df39c7837cd52fdc4deae9a100a3bf6df25fe5c454f4a2e40658?s=96&d=mm&r=g","contentUrl":"https:\/\/secure.gravatar.com\/avatar\/99925c9d0fb7df39c7837cd52fdc4deae9a100a3bf6df25fe5c454f4a2e40658?s=96&d=mm&r=g","caption":"Andreas Voit"},"url":"https:\/\/www.radlobby.org\/noe\/author\/andreas-voit\/"}]}},"_links":{"self":[{"href":"https:\/\/www.radlobby.org\/noe\/wp-json\/wp\/v2\/posts\/22334","targetHints":{"allow":["GET"]}}],"collection":[{"href":"https:\/\/www.radlobby.org\/noe\/wp-json\/wp\/v2\/posts"}],"about":[{"href":"https:\/\/www.radlobby.org\/noe\/wp-json\/wp\/v2\/types\/post"}],"author":[{"embeddable":true,"href":"https:\/\/www.radlobby.org\/noe\/wp-json\/wp\/v2\/users\/58"}],"replies":[{"embeddable":true,"href":"https:\/\/www.radlobby.org\/noe\/wp-json\/wp\/v2\/comments?post=22334"}],"version-history":[{"count":0,"href":"https:\/\/www.radlobby.org\/noe\/wp-json\/wp\/v2\/posts\/22334\/revisions"}],"wp:featuredmedia":[{"embeddable":true,"href":"https:\/\/www.radlobby.org\/noe\/wp-json\/wp\/v2\/media\/22337"}],"wp:attachment":[{"href":"https:\/\/www.radlobby.org\/noe\/wp-json\/wp\/v2\/media?parent=22334"}],"wp:term":[{"taxonomy":"category","embeddable":true,"href":"https:\/\/www.radlobby.org\/noe\/wp-json\/wp\/v2\/categories?post=22334"},{"taxonomy":"post_tag","embeddable":true,"href":"https:\/\/www.radlobby.org\/noe\/wp-json\/wp\/v2\/tags?post=22334"}],"curies":[{"name":"wp","href":"https:\/\/api.w.org\/{rel}","templated":true}]}}