{"id":22326,"date":"2022-03-22T15:56:55","date_gmt":"2022-03-22T14:56:55","guid":{"rendered":"https:\/\/www.radlobby.org\/noe\/?p=22326"},"modified":"2024-01-10T16:16:10","modified_gmt":"2024-01-10T15:16:10","slug":"25-maerz-radlobby-mitglieder-treffen-nach-dem-klimastreik-in-st-poelten","status":"publish","type":"post","link":"https:\/\/www.radlobby.org\/noe\/25-maerz-radlobby-mitglieder-treffen-nach-dem-klimastreik-in-st-poelten\/","title":{"rendered":"25. M\u00e4rz: Radlobby Mitglieder-Treffen nach dem Klimastreik in St. P\u00f6lten"},"content":{"rendered":"<h6><a href=\"https:\/\/www.radlobby.org\/noe\/wp-content\/uploads\/20220325-Flyer-Weltweiter-Klimastreik-A6-02-WEB-2.jpg\" data-src=\"https:\/\/www.radlobby.org\/noe\/wp-content\/uploads\/20220325-Flyer-Weltweiter-Klimastreik-A6-02-WEB-2.jpg\" data-thumb=\"https:\/\/www.radlobby.org\/noe\/wp-content\/uploads\/20220325-Flyer-Weltweiter-Klimastreik-A6-02-WEB-2.jpg\" class=\"ml-lightbox-enabled\"><img loading=\"lazy\" decoding=\"async\" class=\"alignright wp-image-22266\" src=\"https:\/\/www.radlobby.org\/noe\/wp-content\/uploads\/20220325-Flyer-Weltweiter-Klimastreik-A6-02-WEB-2.jpg\" alt=\"\" width=\"300\" height=\"423\" srcset=\"https:\/\/www.radlobby.org\/noe\/wp-content\/uploads\/20220325-Flyer-Weltweiter-Klimastreik-A6-02-WEB-2.jpg 750w, https:\/\/www.radlobby.org\/noe\/wp-content\/uploads\/20220325-Flyer-Weltweiter-Klimastreik-A6-02-WEB-2-213x300.jpg 213w\" sizes=\"auto, (max-width: 300px) 100vw, 300px\" \/><\/a>Ein Wiedersehen und Kennenlernen:<br \/>\nRadlobby-Treffen im \u201eHaus des Lernens\u201c gleich beim Bahnhof<\/h6>\n<h6>Gro\u00dfes Radlobby Buffet: jede.r bringt was mit!<br \/>\nMitglied werden geht vor Ort!<\/h6>\n<p><strong>Nach 2 Jahren erstmals wieder pers\u00f6nliche Treffen, Wiedersehen und Kennenlernen.<br \/>\n<\/strong>In den letzten 2 Jahren ist die Radlobby N\u00d6 kr\u00e4ftig gewachsen. Viele neue Mitglieder. Inzwischen gibt es 27 Gruppen in N\u00d6 und 4 Gruppen im Burgenland.<\/p>\n<div class=\"inhalt-xhtml\"><\/div>\n<p><strong>Der Klimastreik in St. P\u00f6lten bietet die M\u00f6glichkeit einander zu Treffen und gemeinsam f\u00fcr das Radfahren aufzutreten.<\/strong><br \/>\nNieder\u00f6sterreich ist bestimmend f\u00fcr die Verkehrspolitik in \u00d6sterreich. Die Landesregierung tut so, als ob Radverkehr ein Anliegen w\u00e4re. Dabei baut\u00a0 sie uns rad- und gehweglose Br\u00fccken, Unterf\u00fchrungen, Umfahrungen als Sperren in den Weg.<br \/>\nGleichzeitig posaunt die Landesregierung hinaus: Mit dem Autoverkehr geht es weiter wie bisher. Mehr noch, sie wollen und sogar inzwischen abgesagte weitere Autobahnen und Schellstra\u00dfen zwischen die Speichen werfen.<br \/>\nGleichzeitig legen sie Regionalbahnen still, reissen Schienen heraus und vernichten damit\u00a0 wichtige Strukturen f\u00fcr den \u00f6ffentlichen Verkehr.<\/p>\n<h4>16 Uhr \u00b7 Radlobby Mitglieder-Treffen im \u201eHaus des Lernens\u201c<br \/>\n<span style=\"color: #800080;\">Eintreffen ab 15.30 Uhr<\/span><\/h4>\n<h4>Gro\u00dfes Radlobby Buffet: jede.r bringt was mit!<\/h4>\n<p><strong>Eintreffen ist ab 15 Uhr m\u00f6glich.<br \/>\n<\/strong>Ort: \u201eHaus des Lernens\u201c, Kerensstra\u00dfe 14, 3100 St. P\u00f6lten. \u203a <a href=\"https:\/\/umap.openstreetmap.fr\/de\/map\/bahnhof-st-polten-haus-des-lernens_730539#18\/48.20929\/15.62680\" target=\"_blank\" rel=\"noopener\">Lageplan \/ Fu\u00dfweg<\/a> 480 m<\/p>\n<p><a href=\"https:\/\/www.radlobby.org\/noe\/wp-content\/uploads\/Radlobby-Buffet.jpg\" data-src=\"https:\/\/www.radlobby.org\/noe\/wp-content\/uploads\/Radlobby-Buffet.jpg\" data-thumb=\"https:\/\/www.radlobby.org\/noe\/wp-content\/uploads\/Radlobby-Buffet-300x138.jpg\" class=\"ml-lightbox-enabled\"><img loading=\"lazy\" decoding=\"async\" class=\"alignright size-medium wp-image-22369\" src=\"https:\/\/www.radlobby.org\/noe\/wp-content\/uploads\/Radlobby-Buffet-300x138.jpg\" alt=\"\" width=\"300\" height=\"138\" srcset=\"https:\/\/www.radlobby.org\/noe\/wp-content\/uploads\/Radlobby-Buffet-300x138.jpg 300w, https:\/\/www.radlobby.org\/noe\/wp-content\/uploads\/Radlobby-Buffet.jpg 760w\" sizes=\"auto, (max-width: 300px) 100vw, 300px\" \/><\/a>Da wir alle nach dem Klimastreik hungrig sein werden, aber nicht wissen, wieviele Radlobby-Mitglieder kommen, organisieren wir das Buffet so, dass jede.r Essen und ein Getr\u00e4nk mitbringt. Wir legen die mitgebrachten Sachen auf die Tische und gestalten damit ein gemeinsames Buffet!<\/p>\n<p><strong>Das Treffen ist ohne Programm.<br \/>\nEs geht ums Wiedersehen und ums Kennenlernen.<\/strong><\/p>\n<p>Nehmt f\u00fcr den Klimastreik eure Fahnen, Radlobby Warnwesten, Transparente &#8230; mit.<br \/>\nEiniges ist noch im Radlobby-B\u00fcro lagernd: bitte bestellen 0664 7512 6908, <a href=\"mailto:noe.service@radlobby.at\">noe.service@radlobby.at<\/a><\/p>\n<h4>Treffpunkt \u201eHaus des Lernens\u201c<\/h4>\n<p>Das \u201eHaus des Lernens\u201c ist ein Energie-Passivhaus der <a href=\"https:\/\/www.gesa-noe.at\/ueber-gesa\/\"><em>Gemeinn\u00fctzigen Sanierungs- und Besch\u00e4ftigungs-GmbH &#8211; GESA<\/em><\/a>. Da gibt es optimale gro\u00dfe und kleine Veranstaltungsr\u00e4ume, die wir f\u00fcr die Radlobby nutzen k\u00f6nnen. Das vorbildliche Passivhaus ist ein gemeinn\u00fctziges Sozial- und Bildungsprojekt, das bereits viele Preise gewonnen hat.<\/p>\n<p>Plenarsaal 1<br \/>\n<a href=\"https:\/\/www.radlobby.org\/noe\/wp-content\/uploads\/20220313-Haus-des-Lernens-GESA-Imagebilder-Plenumsraum_DSC7475-HDR-1400px.jpg\" data-src=\"https:\/\/www.radlobby.org\/noe\/wp-content\/uploads\/20220313-Haus-des-Lernens-GESA-Imagebilder-Plenumsraum_DSC7475-HDR-1400px.jpg\" data-thumb=\"https:\/\/www.radlobby.org\/noe\/wp-content\/uploads\/20220313-Haus-des-Lernens-GESA-Imagebilder-Plenumsraum_DSC7475-HDR-1400px-300x200.jpg\" class=\"ml-lightbox-enabled\"><img loading=\"lazy\" decoding=\"async\" class=\"alignnone wp-image-22428 size-medium\" src=\"https:\/\/www.radlobby.org\/noe\/wp-content\/uploads\/20220313-Haus-des-Lernens-GESA-Imagebilder-Plenumsraum_DSC7475-HDR-1400px-300x200.jpg\" alt=\"\" width=\"300\" height=\"200\" srcset=\"https:\/\/www.radlobby.org\/noe\/wp-content\/uploads\/20220313-Haus-des-Lernens-GESA-Imagebilder-Plenumsraum_DSC7475-HDR-1400px-300x200.jpg 300w, https:\/\/www.radlobby.org\/noe\/wp-content\/uploads\/20220313-Haus-des-Lernens-GESA-Imagebilder-Plenumsraum_DSC7475-HDR-1400px-768x513.jpg 768w, https:\/\/www.radlobby.org\/noe\/wp-content\/uploads\/20220313-Haus-des-Lernens-GESA-Imagebilder-Plenumsraum_DSC7475-HDR-1400px.jpg 1400w\" sizes=\"auto, (max-width: 300px) 100vw, 300px\" \/><\/a><\/p>\n<p>Einige Eindr\u00fccke von der Passivhaus-Baustelle<br \/>\n<a href=\"https:\/\/www.radlobby.org\/noe\/wp-content\/uploads\/20220325-Haus-des-Lernens-GESA-Imagebilder180829-0078_900px.jpg\" data-src=\"https:\/\/www.radlobby.org\/noe\/wp-content\/uploads\/20220325-Haus-des-Lernens-GESA-Imagebilder180829-0078_900px.jpg\" data-thumb=\"https:\/\/www.radlobby.org\/noe\/wp-content\/uploads\/20220325-Haus-des-Lernens-GESA-Imagebilder180829-0078_900px-150x150.jpg\" class=\"ml-lightbox-enabled\"><img loading=\"lazy\" decoding=\"async\" class=\"alignnone wp-image-22348 size-thumbnail\" src=\"https:\/\/www.radlobby.org\/noe\/wp-content\/uploads\/20220325-Haus-des-Lernens-GESA-Imagebilder180829-0078_900px-150x150.jpg\" alt=\"\" width=\"150\" height=\"150\" srcset=\"https:\/\/www.radlobby.org\/noe\/wp-content\/uploads\/20220325-Haus-des-Lernens-GESA-Imagebilder180829-0078_900px-150x150.jpg 150w, https:\/\/www.radlobby.org\/noe\/wp-content\/uploads\/20220325-Haus-des-Lernens-GESA-Imagebilder180829-0078_900px-75x75.jpg 75w, https:\/\/www.radlobby.org\/noe\/wp-content\/uploads\/20220325-Haus-des-Lernens-GESA-Imagebilder180829-0078_900px-270x270.jpg 270w, https:\/\/www.radlobby.org\/noe\/wp-content\/uploads\/20220325-Haus-des-Lernens-GESA-Imagebilder180829-0078_900px-230x230.jpg 230w\" sizes=\"auto, (max-width: 150px) 100vw, 150px\" \/><\/a> <a href=\"https:\/\/www.radlobby.org\/noe\/wp-content\/uploads\/20220325-Haus-des-Lernens-GESA-Imagebilder-Waehrend-des-Baues-05.jpg\" data-src=\"https:\/\/www.radlobby.org\/noe\/wp-content\/uploads\/20220325-Haus-des-Lernens-GESA-Imagebilder-Waehrend-des-Baues-05.jpg\" data-thumb=\"https:\/\/www.radlobby.org\/noe\/wp-content\/uploads\/20220325-Haus-des-Lernens-GESA-Imagebilder-Waehrend-des-Baues-05-150x150.jpg\" class=\"ml-lightbox-enabled\"><img loading=\"lazy\" decoding=\"async\" class=\"alignnone wp-image-22351 size-thumbnail\" src=\"https:\/\/www.radlobby.org\/noe\/wp-content\/uploads\/20220325-Haus-des-Lernens-GESA-Imagebilder-Waehrend-des-Baues-05-150x150.jpg\" alt=\"\" width=\"150\" height=\"150\" srcset=\"https:\/\/www.radlobby.org\/noe\/wp-content\/uploads\/20220325-Haus-des-Lernens-GESA-Imagebilder-Waehrend-des-Baues-05-150x150.jpg 150w, https:\/\/www.radlobby.org\/noe\/wp-content\/uploads\/20220325-Haus-des-Lernens-GESA-Imagebilder-Waehrend-des-Baues-05-75x75.jpg 75w, https:\/\/www.radlobby.org\/noe\/wp-content\/uploads\/20220325-Haus-des-Lernens-GESA-Imagebilder-Waehrend-des-Baues-05-270x270.jpg 270w, https:\/\/www.radlobby.org\/noe\/wp-content\/uploads\/20220325-Haus-des-Lernens-GESA-Imagebilder-Waehrend-des-Baues-05-230x230.jpg 230w\" sizes=\"auto, (max-width: 150px) 100vw, 150px\" \/><\/a> <a href=\"https:\/\/www.radlobby.org\/noe\/wp-content\/uploads\/20220325-Haus-des-Lernens-GESA-Imagebilder-Waehrend-des-Baues-02.jpg\" data-src=\"https:\/\/www.radlobby.org\/noe\/wp-content\/uploads\/20220325-Haus-des-Lernens-GESA-Imagebilder-Waehrend-des-Baues-02.jpg\" data-thumb=\"https:\/\/www.radlobby.org\/noe\/wp-content\/uploads\/20220325-Haus-des-Lernens-GESA-Imagebilder-Waehrend-des-Baues-02-150x150.jpg\" class=\"ml-lightbox-enabled\"><img loading=\"lazy\" decoding=\"async\" class=\"alignnone wp-image-22349 size-thumbnail\" src=\"https:\/\/www.radlobby.org\/noe\/wp-content\/uploads\/20220325-Haus-des-Lernens-GESA-Imagebilder-Waehrend-des-Baues-02-150x150.jpg\" alt=\"\" width=\"150\" height=\"150\" srcset=\"https:\/\/www.radlobby.org\/noe\/wp-content\/uploads\/20220325-Haus-des-Lernens-GESA-Imagebilder-Waehrend-des-Baues-02-150x150.jpg 150w, https:\/\/www.radlobby.org\/noe\/wp-content\/uploads\/20220325-Haus-des-Lernens-GESA-Imagebilder-Waehrend-des-Baues-02-75x75.jpg 75w, https:\/\/www.radlobby.org\/noe\/wp-content\/uploads\/20220325-Haus-des-Lernens-GESA-Imagebilder-Waehrend-des-Baues-02-270x270.jpg 270w, https:\/\/www.radlobby.org\/noe\/wp-content\/uploads\/20220325-Haus-des-Lernens-GESA-Imagebilder-Waehrend-des-Baues-02-230x230.jpg 230w\" sizes=\"auto, (max-width: 150px) 100vw, 150px\" \/><\/a><br \/>\n<a href=\"https:\/\/www.radlobby.org\/noe\/wp-content\/uploads\/20220325-Haus-des-Lernens-GESA-Imagebilder-180829-0042_900px.jpg\" data-src=\"https:\/\/www.radlobby.org\/noe\/wp-content\/uploads\/20220325-Haus-des-Lernens-GESA-Imagebilder-180829-0042_900px.jpg\" data-thumb=\"https:\/\/www.radlobby.org\/noe\/wp-content\/uploads\/20220325-Haus-des-Lernens-GESA-Imagebilder-180829-0042_900px-150x150.jpg\" class=\"ml-lightbox-enabled\"><img loading=\"lazy\" decoding=\"async\" class=\"wp-image-22352 size-thumbnail alignnone\" src=\"https:\/\/www.radlobby.org\/noe\/wp-content\/uploads\/20220325-Haus-des-Lernens-GESA-Imagebilder-180829-0042_900px-150x150.jpg\" alt=\"\" width=\"150\" height=\"150\" srcset=\"https:\/\/www.radlobby.org\/noe\/wp-content\/uploads\/20220325-Haus-des-Lernens-GESA-Imagebilder-180829-0042_900px-150x150.jpg 150w, https:\/\/www.radlobby.org\/noe\/wp-content\/uploads\/20220325-Haus-des-Lernens-GESA-Imagebilder-180829-0042_900px-75x75.jpg 75w, https:\/\/www.radlobby.org\/noe\/wp-content\/uploads\/20220325-Haus-des-Lernens-GESA-Imagebilder-180829-0042_900px-270x270.jpg 270w, https:\/\/www.radlobby.org\/noe\/wp-content\/uploads\/20220325-Haus-des-Lernens-GESA-Imagebilder-180829-0042_900px-230x230.jpg 230w\" sizes=\"auto, (max-width: 150px) 100vw, 150px\" \/><\/a> <a href=\"https:\/\/www.radlobby.org\/noe\/wp-content\/uploads\/20220325-Haus-des-Lernens-GESA-Imagebilder-Waehrend-des-Baues-03.jpg\" data-src=\"https:\/\/www.radlobby.org\/noe\/wp-content\/uploads\/20220325-Haus-des-Lernens-GESA-Imagebilder-Waehrend-des-Baues-03.jpg\" data-thumb=\"https:\/\/www.radlobby.org\/noe\/wp-content\/uploads\/20220325-Haus-des-Lernens-GESA-Imagebilder-Waehrend-des-Baues-03-150x150.jpg\" class=\"ml-lightbox-enabled\"><img loading=\"lazy\" decoding=\"async\" class=\"alignnone size-thumbnail wp-image-22354\" src=\"https:\/\/www.radlobby.org\/noe\/wp-content\/uploads\/20220325-Haus-des-Lernens-GESA-Imagebilder-Waehrend-des-Baues-03-150x150.jpg\" alt=\"\" width=\"150\" height=\"150\" srcset=\"https:\/\/www.radlobby.org\/noe\/wp-content\/uploads\/20220325-Haus-des-Lernens-GESA-Imagebilder-Waehrend-des-Baues-03-150x150.jpg 150w, https:\/\/www.radlobby.org\/noe\/wp-content\/uploads\/20220325-Haus-des-Lernens-GESA-Imagebilder-Waehrend-des-Baues-03-75x75.jpg 75w, https:\/\/www.radlobby.org\/noe\/wp-content\/uploads\/20220325-Haus-des-Lernens-GESA-Imagebilder-Waehrend-des-Baues-03-270x270.jpg 270w, https:\/\/www.radlobby.org\/noe\/wp-content\/uploads\/20220325-Haus-des-Lernens-GESA-Imagebilder-Waehrend-des-Baues-03-230x230.jpg 230w\" sizes=\"auto, (max-width: 150px) 100vw, 150px\" \/><\/a><\/p>\n<p>[include-page id=&#8221;22357&#8243;]<\/p>\n<p>&nbsp;<\/p>\n","protected":false},"excerpt":{"rendered":"<p>Erstmals ein Wiedersehen und Kennenlernen \u00b7 Radlobby-Treffen im \u201eHaus des Lernens\u201c gleich beim Bahnhof \u00b7 Gro\u00dfes Radlobby Buffet: jeder bringt was mit!<br \/>\nMitglied werden geht vor Ort!<\/p>\n","protected":false},"author":16,"featured_media":22266,"comment_status":"closed","ping_status":"closed","sticky":false,"template":"","format":"standard","meta":{"footnotes":""},"categories":[382,14,195,375,392,80,343,266,321,411,282,295,11,365,6,5,20,185,374,283,184,12,28,380,13,342,8,7,16],"tags":[],"class_list":["post-22326","post","type-post","status-publish","format-standard","has-post-thumbnail","hentry","category-klima","category-bad-sauerbrunn","category-baden","category-bruck-an-der-leitha","category-carnuntum","category-deutsch-wagram","category-ebreichsdorf","category-eichgraben","category-enns-donauwinkel","category-gaenserndorf","category-gmuend","category-klosterneuburg","category-korneuburg","category-leithaebene","category-mistelbach","category-moedling","category-niederoesterreich","category-poysdorf","category-pressbaum","category-purkersdorf","category-retzer-land","category-schwarzatal","category-st-poelten","category-stockerau","category-tulln","category-waidhofenthaya","category-waidhofenybbs","category-wiener-neustadt","category-wolkersdorf"],"yoast_head":"<!-- This site is optimized with the Yoast SEO plugin v26.9 - https:\/\/yoast.com\/product\/yoast-seo-wordpress\/ -->\n<title>25. M\u00e4rz: Radlobby Mitglieder-Treffen nach dem Klimastreik in St. P\u00f6lten - Radlobby Nieder\u00f6sterreich<\/title>\n<meta name=\"robots\" content=\"index, follow, max-snippet:-1, max-image-preview:large, max-video-preview:-1\" \/>\n<link rel=\"canonical\" href=\"https:\/\/www.radlobby.org\/noe\/25-maerz-radlobby-mitglieder-treffen-nach-dem-klimastreik-in-st-poelten\/\" \/>\n<meta property=\"og:locale\" content=\"de_DE\" \/>\n<meta property=\"og:type\" content=\"article\" \/>\n<meta property=\"og:title\" content=\"25. M\u00e4rz: Radlobby Mitglieder-Treffen nach dem Klimastreik in St. P\u00f6lten - Radlobby Nieder\u00f6sterreich\" \/>\n<meta property=\"og:description\" content=\"Erstmals ein Wiedersehen und Kennenlernen \u00b7 Radlobby-Treffen im \u201eHaus des Lernens\u201c gleich beim Bahnhof \u00b7 Gro\u00dfes Radlobby Buffet: jeder bringt was mit! Mitglied werden geht vor Ort!\" \/>\n<meta property=\"og:url\" content=\"https:\/\/www.radlobby.org\/noe\/25-maerz-radlobby-mitglieder-treffen-nach-dem-klimastreik-in-st-poelten\/\" \/>\n<meta property=\"og:site_name\" content=\"Radlobby Nieder\u00f6sterreich\" \/>\n<meta property=\"article:publisher\" content=\"https:\/\/www.facebook.com\/groups\/radfahren.in.noe\/\" \/>\n<meta property=\"article:published_time\" content=\"2022-03-22T14:56:55+00:00\" \/>\n<meta property=\"article:modified_time\" content=\"2024-01-10T15:16:10+00:00\" \/>\n<meta property=\"og:image\" content=\"https:\/\/www.radlobby.org\/noe\/wp-content\/uploads\/20220325-Flyer-Weltweiter-Klimastreik-A6-02-WEB-2.jpg\" \/>\n\t<meta property=\"og:image:width\" content=\"750\" \/>\n\t<meta property=\"og:image:height\" content=\"1057\" \/>\n\t<meta property=\"og:image:type\" content=\"image\/jpeg\" \/>\n<meta name=\"author\" content=\"Karl Zauner - Admin\" \/>\n<meta name=\"twitter:card\" content=\"summary_large_image\" \/>\n<meta name=\"twitter:label1\" content=\"Verfasst von\" \/>\n\t<meta name=\"twitter:data1\" content=\"Karl Zauner - Admin\" \/>\n\t<meta name=\"twitter:label2\" content=\"Gesch\u00e4tzte Lesezeit\" \/>\n\t<meta name=\"twitter:data2\" content=\"4\u00a0Minuten\" \/>\n<script type=\"application\/ld+json\" class=\"yoast-schema-graph\">{\"@context\":\"https:\/\/schema.org\",\"@graph\":[{\"@type\":\"Article\",\"@id\":\"https:\/\/www.radlobby.org\/noe\/25-maerz-radlobby-mitglieder-treffen-nach-dem-klimastreik-in-st-poelten\/#article\",\"isPartOf\":{\"@id\":\"https:\/\/www.radlobby.org\/noe\/25-maerz-radlobby-mitglieder-treffen-nach-dem-klimastreik-in-st-poelten\/\"},\"author\":{\"name\":\"Karl Zauner - Admin\",\"@id\":\"https:\/\/www.radlobby.org\/noe\/#\/schema\/person\/10547574c40a9e9ea65f92c73f3c516b\"},\"headline\":\"25. M\u00e4rz: Radlobby Mitglieder-Treffen nach dem Klimastreik in St. P\u00f6lten\",\"datePublished\":\"2022-03-22T14:56:55+00:00\",\"dateModified\":\"2024-01-10T15:16:10+00:00\",\"mainEntityOfPage\":{\"@id\":\"https:\/\/www.radlobby.org\/noe\/25-maerz-radlobby-mitglieder-treffen-nach-dem-klimastreik-in-st-poelten\/\"},\"wordCount\":359,\"publisher\":{\"@id\":\"https:\/\/www.radlobby.org\/noe\/#organization\"},\"image\":{\"@id\":\"https:\/\/www.radlobby.org\/noe\/25-maerz-radlobby-mitglieder-treffen-nach-dem-klimastreik-in-st-poelten\/#primaryimage\"},\"thumbnailUrl\":\"https:\/\/www.radlobby.org\/noe\/wp-content\/uploads\/20220325-Flyer-Weltweiter-Klimastreik-A6-02-WEB-2.jpg\",\"articleSection\":[\"Klima\",\"Radlobby Bad Sauerbrunn\",\"Radlobby Baden\",\"Radlobby Bruck an der Leitha\",\"Radlobby Carnuntum\",\"Radlobby Deutsch-Wagram\",\"Radlobby Ebreichsdorf\",\"Radlobby Eichgraben\",\"Radlobby Enns-Donauwinkel\",\"Radlobby G\u00e4nserndorf\",\"Radlobby Gm\u00fcnd\",\"Radlobby Klosterneuburg\",\"Radlobby Korneuburg\",\"Radlobby Leithaebene\",\"Radlobby Mistelbach\",\"Radlobby M\u00f6dling\",\"Radlobby Nieder\u00f6sterreich\",\"Radlobby Poysdorf\",\"Radlobby Pressbaum\",\"Radlobby Purkersdorf\",\"Radlobby Retzer-Land\",\"Radlobby Schwarzatal\",\"Radlobby St. P\u00f6lten\",\"Radlobby Stockerau\",\"Radlobby Tulln\",\"Radlobby WaidhofenThaya\",\"Radlobby WaidhofenYbbs\",\"Radlobby Wiener Neustadt\",\"Radlobby Wolkersdorf\"],\"inLanguage\":\"de\"},{\"@type\":\"WebPage\",\"@id\":\"https:\/\/www.radlobby.org\/noe\/25-maerz-radlobby-mitglieder-treffen-nach-dem-klimastreik-in-st-poelten\/\",\"url\":\"https:\/\/www.radlobby.org\/noe\/25-maerz-radlobby-mitglieder-treffen-nach-dem-klimastreik-in-st-poelten\/\",\"name\":\"25. M\u00e4rz: Radlobby Mitglieder-Treffen nach dem Klimastreik in St. P\u00f6lten - Radlobby Nieder\u00f6sterreich\",\"isPartOf\":{\"@id\":\"https:\/\/www.radlobby.org\/noe\/#website\"},\"primaryImageOfPage\":{\"@id\":\"https:\/\/www.radlobby.org\/noe\/25-maerz-radlobby-mitglieder-treffen-nach-dem-klimastreik-in-st-poelten\/#primaryimage\"},\"image\":{\"@id\":\"https:\/\/www.radlobby.org\/noe\/25-maerz-radlobby-mitglieder-treffen-nach-dem-klimastreik-in-st-poelten\/#primaryimage\"},\"thumbnailUrl\":\"https:\/\/www.radlobby.org\/noe\/wp-content\/uploads\/20220325-Flyer-Weltweiter-Klimastreik-A6-02-WEB-2.jpg\",\"datePublished\":\"2022-03-22T14:56:55+00:00\",\"dateModified\":\"2024-01-10T15:16:10+00:00\",\"breadcrumb\":{\"@id\":\"https:\/\/www.radlobby.org\/noe\/25-maerz-radlobby-mitglieder-treffen-nach-dem-klimastreik-in-st-poelten\/#breadcrumb\"},\"inLanguage\":\"de\",\"potentialAction\":[{\"@type\":\"ReadAction\",\"target\":[\"https:\/\/www.radlobby.org\/noe\/25-maerz-radlobby-mitglieder-treffen-nach-dem-klimastreik-in-st-poelten\/\"]}]},{\"@type\":\"ImageObject\",\"inLanguage\":\"de\",\"@id\":\"https:\/\/www.radlobby.org\/noe\/25-maerz-radlobby-mitglieder-treffen-nach-dem-klimastreik-in-st-poelten\/#primaryimage\",\"url\":\"https:\/\/www.radlobby.org\/noe\/wp-content\/uploads\/20220325-Flyer-Weltweiter-Klimastreik-A6-02-WEB-2.jpg\",\"contentUrl\":\"https:\/\/www.radlobby.org\/noe\/wp-content\/uploads\/20220325-Flyer-Weltweiter-Klimastreik-A6-02-WEB-2.jpg\",\"width\":750,\"height\":1057},{\"@type\":\"BreadcrumbList\",\"@id\":\"https:\/\/www.radlobby.org\/noe\/25-maerz-radlobby-mitglieder-treffen-nach-dem-klimastreik-in-st-poelten\/#breadcrumb\",\"itemListElement\":[{\"@type\":\"ListItem\",\"position\":1,\"name\":\"Startseite\",\"item\":\"https:\/\/www.radlobby.org\/noe\/\"},{\"@type\":\"ListItem\",\"position\":2,\"name\":\"25. M\u00e4rz: Radlobby Mitglieder-Treffen nach dem Klimastreik in St. P\u00f6lten\"}]},{\"@type\":\"WebSite\",\"@id\":\"https:\/\/www.radlobby.org\/noe\/#website\",\"url\":\"https:\/\/www.radlobby.org\/noe\/\",\"name\":\"Radlobby Nieder\u00f6sterreich\",\"description\":\"Radverkehr, Fahrrad, Radfahren, Radreisen, Radtouren, Radweg\",\"publisher\":{\"@id\":\"https:\/\/www.radlobby.org\/noe\/#organization\"},\"potentialAction\":[{\"@type\":\"SearchAction\",\"target\":{\"@type\":\"EntryPoint\",\"urlTemplate\":\"https:\/\/www.radlobby.org\/noe\/?s={search_term_string}\"},\"query-input\":{\"@type\":\"PropertyValueSpecification\",\"valueRequired\":true,\"valueName\":\"search_term_string\"}}],\"inLanguage\":\"de\"},{\"@type\":\"Organization\",\"@id\":\"https:\/\/www.radlobby.org\/noe\/#organization\",\"name\":\"Radlobby Nieder\u00f6sterreich\",\"url\":\"https:\/\/www.radlobby.org\/noe\/\",\"logo\":{\"@type\":\"ImageObject\",\"inLanguage\":\"de\",\"@id\":\"https:\/\/www.radlobby.org\/noe\/#\/schema\/logo\/image\/\",\"url\":\"https:\/\/www.radlobby.org\/noe\/wp-content\/uploads\/2017\/01\/cropped-Logo_Radlobby_Niederoesterreich_50-400px_quer-1.jpg\",\"contentUrl\":\"https:\/\/www.radlobby.org\/noe\/wp-content\/uploads\/2017\/01\/cropped-Logo_Radlobby_Niederoesterreich_50-400px_quer-1.jpg\",\"width\":450,\"height\":124,\"caption\":\"Radlobby Nieder\u00f6sterreich\"},\"image\":{\"@id\":\"https:\/\/www.radlobby.org\/noe\/#\/schema\/logo\/image\/\"},\"sameAs\":[\"https:\/\/www.facebook.com\/groups\/radfahren.in.noe\/\"]},{\"@type\":\"Person\",\"@id\":\"https:\/\/www.radlobby.org\/noe\/#\/schema\/person\/10547574c40a9e9ea65f92c73f3c516b\",\"name\":\"Karl Zauner - Admin\",\"image\":{\"@type\":\"ImageObject\",\"inLanguage\":\"de\",\"@id\":\"https:\/\/www.radlobby.org\/noe\/#\/schema\/person\/image\/\",\"url\":\"https:\/\/secure.gravatar.com\/avatar\/c0be6303c1ffe16a7b1c79e07b12d4b29176a733c2a5e811b749965d4be12138?s=96&d=mm&r=g\",\"contentUrl\":\"https:\/\/secure.gravatar.com\/avatar\/c0be6303c1ffe16a7b1c79e07b12d4b29176a733c2a5e811b749965d4be12138?s=96&d=mm&r=g\",\"caption\":\"Karl Zauner - Admin\"},\"url\":\"https:\/\/www.radlobby.org\/noe\/author\/karlzauneradmin\/\"}]}<\/script>\n<!-- \/ Yoast SEO plugin. -->","yoast_head_json":{"title":"25. M\u00e4rz: Radlobby Mitglieder-Treffen nach dem Klimastreik in St. P\u00f6lten - Radlobby Nieder\u00f6sterreich","robots":{"index":"index","follow":"follow","max-snippet":"max-snippet:-1","max-image-preview":"max-image-preview:large","max-video-preview":"max-video-preview:-1"},"canonical":"https:\/\/www.radlobby.org\/noe\/25-maerz-radlobby-mitglieder-treffen-nach-dem-klimastreik-in-st-poelten\/","og_locale":"de_DE","og_type":"article","og_title":"25. M\u00e4rz: Radlobby Mitglieder-Treffen nach dem Klimastreik in St. P\u00f6lten - Radlobby Nieder\u00f6sterreich","og_description":"Erstmals ein Wiedersehen und Kennenlernen \u00b7 Radlobby-Treffen im \u201eHaus des Lernens\u201c gleich beim Bahnhof \u00b7 Gro\u00dfes Radlobby Buffet: jeder bringt was mit! Mitglied werden geht vor Ort!","og_url":"https:\/\/www.radlobby.org\/noe\/25-maerz-radlobby-mitglieder-treffen-nach-dem-klimastreik-in-st-poelten\/","og_site_name":"Radlobby Nieder\u00f6sterreich","article_publisher":"https:\/\/www.facebook.com\/groups\/radfahren.in.noe\/","article_published_time":"2022-03-22T14:56:55+00:00","article_modified_time":"2024-01-10T15:16:10+00:00","og_image":[{"width":750,"height":1057,"url":"https:\/\/www.radlobby.org\/noe\/wp-content\/uploads\/20220325-Flyer-Weltweiter-Klimastreik-A6-02-WEB-2.jpg","type":"image\/jpeg"}],"author":"Karl Zauner - Admin","twitter_card":"summary_large_image","twitter_misc":{"Verfasst von":"Karl Zauner - Admin","Gesch\u00e4tzte Lesezeit":"4\u00a0Minuten"},"schema":{"@context":"https:\/\/schema.org","@graph":[{"@type":"Article","@id":"https:\/\/www.radlobby.org\/noe\/25-maerz-radlobby-mitglieder-treffen-nach-dem-klimastreik-in-st-poelten\/#article","isPartOf":{"@id":"https:\/\/www.radlobby.org\/noe\/25-maerz-radlobby-mitglieder-treffen-nach-dem-klimastreik-in-st-poelten\/"},"author":{"name":"Karl Zauner - Admin","@id":"https:\/\/www.radlobby.org\/noe\/#\/schema\/person\/10547574c40a9e9ea65f92c73f3c516b"},"headline":"25. M\u00e4rz: Radlobby Mitglieder-Treffen nach dem Klimastreik in St. P\u00f6lten","datePublished":"2022-03-22T14:56:55+00:00","dateModified":"2024-01-10T15:16:10+00:00","mainEntityOfPage":{"@id":"https:\/\/www.radlobby.org\/noe\/25-maerz-radlobby-mitglieder-treffen-nach-dem-klimastreik-in-st-poelten\/"},"wordCount":359,"publisher":{"@id":"https:\/\/www.radlobby.org\/noe\/#organization"},"image":{"@id":"https:\/\/www.radlobby.org\/noe\/25-maerz-radlobby-mitglieder-treffen-nach-dem-klimastreik-in-st-poelten\/#primaryimage"},"thumbnailUrl":"https:\/\/www.radlobby.org\/noe\/wp-content\/uploads\/20220325-Flyer-Weltweiter-Klimastreik-A6-02-WEB-2.jpg","articleSection":["Klima","Radlobby Bad Sauerbrunn","Radlobby Baden","Radlobby Bruck an der Leitha","Radlobby Carnuntum","Radlobby Deutsch-Wagram","Radlobby Ebreichsdorf","Radlobby Eichgraben","Radlobby Enns-Donauwinkel","Radlobby G\u00e4nserndorf","Radlobby Gm\u00fcnd","Radlobby Klosterneuburg","Radlobby Korneuburg","Radlobby Leithaebene","Radlobby Mistelbach","Radlobby M\u00f6dling","Radlobby Nieder\u00f6sterreich","Radlobby Poysdorf","Radlobby Pressbaum","Radlobby Purkersdorf","Radlobby Retzer-Land","Radlobby Schwarzatal","Radlobby St. P\u00f6lten","Radlobby Stockerau","Radlobby Tulln","Radlobby WaidhofenThaya","Radlobby WaidhofenYbbs","Radlobby Wiener Neustadt","Radlobby Wolkersdorf"],"inLanguage":"de"},{"@type":"WebPage","@id":"https:\/\/www.radlobby.org\/noe\/25-maerz-radlobby-mitglieder-treffen-nach-dem-klimastreik-in-st-poelten\/","url":"https:\/\/www.radlobby.org\/noe\/25-maerz-radlobby-mitglieder-treffen-nach-dem-klimastreik-in-st-poelten\/","name":"25. M\u00e4rz: Radlobby Mitglieder-Treffen nach dem Klimastreik in St. P\u00f6lten - Radlobby Nieder\u00f6sterreich","isPartOf":{"@id":"https:\/\/www.radlobby.org\/noe\/#website"},"primaryImageOfPage":{"@id":"https:\/\/www.radlobby.org\/noe\/25-maerz-radlobby-mitglieder-treffen-nach-dem-klimastreik-in-st-poelten\/#primaryimage"},"image":{"@id":"https:\/\/www.radlobby.org\/noe\/25-maerz-radlobby-mitglieder-treffen-nach-dem-klimastreik-in-st-poelten\/#primaryimage"},"thumbnailUrl":"https:\/\/www.radlobby.org\/noe\/wp-content\/uploads\/20220325-Flyer-Weltweiter-Klimastreik-A6-02-WEB-2.jpg","datePublished":"2022-03-22T14:56:55+00:00","dateModified":"2024-01-10T15:16:10+00:00","breadcrumb":{"@id":"https:\/\/www.radlobby.org\/noe\/25-maerz-radlobby-mitglieder-treffen-nach-dem-klimastreik-in-st-poelten\/#breadcrumb"},"inLanguage":"de","potentialAction":[{"@type":"ReadAction","target":["https:\/\/www.radlobby.org\/noe\/25-maerz-radlobby-mitglieder-treffen-nach-dem-klimastreik-in-st-poelten\/"]}]},{"@type":"ImageObject","inLanguage":"de","@id":"https:\/\/www.radlobby.org\/noe\/25-maerz-radlobby-mitglieder-treffen-nach-dem-klimastreik-in-st-poelten\/#primaryimage","url":"https:\/\/www.radlobby.org\/noe\/wp-content\/uploads\/20220325-Flyer-Weltweiter-Klimastreik-A6-02-WEB-2.jpg","contentUrl":"https:\/\/www.radlobby.org\/noe\/wp-content\/uploads\/20220325-Flyer-Weltweiter-Klimastreik-A6-02-WEB-2.jpg","width":750,"height":1057},{"@type":"BreadcrumbList","@id":"https:\/\/www.radlobby.org\/noe\/25-maerz-radlobby-mitglieder-treffen-nach-dem-klimastreik-in-st-poelten\/#breadcrumb","itemListElement":[{"@type":"ListItem","position":1,"name":"Startseite","item":"https:\/\/www.radlobby.org\/noe\/"},{"@type":"ListItem","position":2,"name":"25. M\u00e4rz: Radlobby Mitglieder-Treffen nach dem Klimastreik in St. P\u00f6lten"}]},{"@type":"WebSite","@id":"https:\/\/www.radlobby.org\/noe\/#website","url":"https:\/\/www.radlobby.org\/noe\/","name":"Radlobby Nieder\u00f6sterreich","description":"Radverkehr, Fahrrad, Radfahren, Radreisen, Radtouren, Radweg","publisher":{"@id":"https:\/\/www.radlobby.org\/noe\/#organization"},"potentialAction":[{"@type":"SearchAction","target":{"@type":"EntryPoint","urlTemplate":"https:\/\/www.radlobby.org\/noe\/?s={search_term_string}"},"query-input":{"@type":"PropertyValueSpecification","valueRequired":true,"valueName":"search_term_string"}}],"inLanguage":"de"},{"@type":"Organization","@id":"https:\/\/www.radlobby.org\/noe\/#organization","name":"Radlobby Nieder\u00f6sterreich","url":"https:\/\/www.radlobby.org\/noe\/","logo":{"@type":"ImageObject","inLanguage":"de","@id":"https:\/\/www.radlobby.org\/noe\/#\/schema\/logo\/image\/","url":"https:\/\/www.radlobby.org\/noe\/wp-content\/uploads\/2017\/01\/cropped-Logo_Radlobby_Niederoesterreich_50-400px_quer-1.jpg","contentUrl":"https:\/\/www.radlobby.org\/noe\/wp-content\/uploads\/2017\/01\/cropped-Logo_Radlobby_Niederoesterreich_50-400px_quer-1.jpg","width":450,"height":124,"caption":"Radlobby Nieder\u00f6sterreich"},"image":{"@id":"https:\/\/www.radlobby.org\/noe\/#\/schema\/logo\/image\/"},"sameAs":["https:\/\/www.facebook.com\/groups\/radfahren.in.noe\/"]},{"@type":"Person","@id":"https:\/\/www.radlobby.org\/noe\/#\/schema\/person\/10547574c40a9e9ea65f92c73f3c516b","name":"Karl Zauner - Admin","image":{"@type":"ImageObject","inLanguage":"de","@id":"https:\/\/www.radlobby.org\/noe\/#\/schema\/person\/image\/","url":"https:\/\/secure.gravatar.com\/avatar\/c0be6303c1ffe16a7b1c79e07b12d4b29176a733c2a5e811b749965d4be12138?s=96&d=mm&r=g","contentUrl":"https:\/\/secure.gravatar.com\/avatar\/c0be6303c1ffe16a7b1c79e07b12d4b29176a733c2a5e811b749965d4be12138?s=96&d=mm&r=g","caption":"Karl Zauner - Admin"},"url":"https:\/\/www.radlobby.org\/noe\/author\/karlzauneradmin\/"}]}},"_links":{"self":[{"href":"https:\/\/www.radlobby.org\/noe\/wp-json\/wp\/v2\/posts\/22326","targetHints":{"allow":["GET"]}}],"collection":[{"href":"https:\/\/www.radlobby.org\/noe\/wp-json\/wp\/v2\/posts"}],"about":[{"href":"https:\/\/www.radlobby.org\/noe\/wp-json\/wp\/v2\/types\/post"}],"author":[{"embeddable":true,"href":"https:\/\/www.radlobby.org\/noe\/wp-json\/wp\/v2\/users\/16"}],"replies":[{"embeddable":true,"href":"https:\/\/www.radlobby.org\/noe\/wp-json\/wp\/v2\/comments?post=22326"}],"version-history":[{"count":1,"href":"https:\/\/www.radlobby.org\/noe\/wp-json\/wp\/v2\/posts\/22326\/revisions"}],"predecessor-version":[{"id":33628,"href":"https:\/\/www.radlobby.org\/noe\/wp-json\/wp\/v2\/posts\/22326\/revisions\/33628"}],"wp:featuredmedia":[{"embeddable":true,"href":"https:\/\/www.radlobby.org\/noe\/wp-json\/wp\/v2\/media\/22266"}],"wp:attachment":[{"href":"https:\/\/www.radlobby.org\/noe\/wp-json\/wp\/v2\/media?parent=22326"}],"wp:term":[{"taxonomy":"category","embeddable":true,"href":"https:\/\/www.radlobby.org\/noe\/wp-json\/wp\/v2\/categories?post=22326"},{"taxonomy":"post_tag","embeddable":true,"href":"https:\/\/www.radlobby.org\/noe\/wp-json\/wp\/v2\/tags?post=22326"}],"curies":[{"name":"wp","href":"https:\/\/api.w.org\/{rel}","templated":true}]}}