{"id":22310,"date":"2022-03-12T19:17:00","date_gmt":"2022-03-12T18:17:00","guid":{"rendered":"https:\/\/www.radlobby.org\/noe\/?p=22310"},"modified":"2024-01-10T16:16:48","modified_gmt":"2024-01-10T15:16:48","slug":"fridays-for-future-noe-nehmen-landesregierung-in-die-pflicht","status":"publish","type":"post","link":"https:\/\/www.radlobby.org\/noe\/fridays-for-future-noe-nehmen-landesregierung-in-die-pflicht\/","title":{"rendered":"Fridays for Future N\u00d6 nehmen Landesregierung in die Pflicht"},"content":{"rendered":"<p><strong><img loading=\"lazy\" decoding=\"async\" class=\"alignnone wp-image-22195 size-medium\" src=\"https:\/\/www.radlobby.org\/noe\/wp-content\/uploads\/20220325-Weltweiter-Klimastreik-St.-Poelten-FFF-Sujet-889px-300x297.jpg\" alt=\"\" width=\"300\" height=\"297\" srcset=\"https:\/\/www.radlobby.org\/noe\/wp-content\/uploads\/20220325-Weltweiter-Klimastreik-St.-Poelten-FFF-Sujet-889px-300x297.jpg 300w, https:\/\/www.radlobby.org\/noe\/wp-content\/uploads\/20220325-Weltweiter-Klimastreik-St.-Poelten-FFF-Sujet-889px-150x150.jpg 150w, https:\/\/www.radlobby.org\/noe\/wp-content\/uploads\/20220325-Weltweiter-Klimastreik-St.-Poelten-FFF-Sujet-889px-768x759.jpg 768w, https:\/\/www.radlobby.org\/noe\/wp-content\/uploads\/20220325-Weltweiter-Klimastreik-St.-Poelten-FFF-Sujet-889px-75x75.jpg 75w, https:\/\/www.radlobby.org\/noe\/wp-content\/uploads\/20220325-Weltweiter-Klimastreik-St.-Poelten-FFF-Sujet-889px.jpg 889w\" sizes=\"auto, (max-width: 300px) 100vw, 300px\" \/> \u00a0 \u00a0 <a href=\"https:\/\/www.radlobby.org\/noe\/wp-content\/uploads\/Fridays-for-Future-Niederoesterreich.jpg\" data-src=\"https:\/\/www.radlobby.org\/noe\/wp-content\/uploads\/Fridays-for-Future-Niederoesterreich.jpg\" data-thumb=\"https:\/\/www.radlobby.org\/noe\/wp-content\/uploads\/Fridays-for-Future-Niederoesterreich-300x300.jpg\" class=\"ml-lightbox-enabled\"><img loading=\"lazy\" decoding=\"async\" class=\"wp-image-22025 alignnone\" src=\"https:\/\/www.radlobby.org\/noe\/wp-content\/uploads\/Fridays-for-Future-Niederoesterreich-300x300.jpg\" alt=\"\" width=\"173\" height=\"182\" \/><\/a><\/strong><\/p>\n<h4 class=\"untertitel\">Ma\u00dfnahmen &#8220;f\u00fcr echten, wirksamen Klimaschutz&#8221; gefordert<br \/>\nKundgebung am 25. M\u00e4rz in St. P\u00f6lten<\/h4>\n<div class=\"inhalt-xhtml\">\n<p><strong>Fridays for Future (FFF) Nieder\u00f6sterreich haben f\u00fcr den weltweiten Klimastreik am 25. M\u00e4rz zu einer Demo in St. P\u00f6lten aufgerufen. &#8220;Wir fordern die nieder\u00f6sterreichische Landesregierung auf, Ma\u00dfnahmen f\u00fcr echten, wirksamen Klimaschutz zu setzen&#8221;, sagte Flora Peham von FFF St. P\u00f6lten bei einer Pressekonferenz am Freitag. In Wien demonstrierte Fridays For Future vor der Wirtschaftskammer unter dem Motto &#8220;Putins Krieg oder Klima und Friede? Harald Mahrer muss sich entscheiden.&#8221;<\/strong><\/p>\n<p><a href=\"https:\/\/www.radlobby.org\/noe\/wp-content\/uploads\/FFF.Presse_Katie-Aileen.Dempsey-26-von-28_1400px.jpg\" data-src=\"https:\/\/www.radlobby.org\/noe\/wp-content\/uploads\/FFF.Presse_Katie-Aileen.Dempsey-26-von-28_1400px.jpg\" data-thumb=\"https:\/\/www.radlobby.org\/noe\/wp-content\/uploads\/FFF.Presse_Katie-Aileen.Dempsey-26-von-28_1400px-300x266.jpg\" class=\"ml-lightbox-enabled\"><img loading=\"lazy\" decoding=\"async\" class=\"alignright wp-image-22323 size-medium\" src=\"https:\/\/www.radlobby.org\/noe\/wp-content\/uploads\/FFF.Presse_Katie-Aileen.Dempsey-26-von-28_1400px-300x266.jpg\" alt=\"\" width=\"300\" height=\"266\" srcset=\"https:\/\/www.radlobby.org\/noe\/wp-content\/uploads\/FFF.Presse_Katie-Aileen.Dempsey-26-von-28_1400px-300x266.jpg 300w, https:\/\/www.radlobby.org\/noe\/wp-content\/uploads\/FFF.Presse_Katie-Aileen.Dempsey-26-von-28_1400px-768x681.jpg 768w, https:\/\/www.radlobby.org\/noe\/wp-content\/uploads\/FFF.Presse_Katie-Aileen.Dempsey-26-von-28_1400px.jpg 1400w\" sizes=\"auto, (max-width: 300px) 100vw, 300px\" \/><\/a>Vor der zweiten gemeinsamen Kundgebung der regionalen FFF-Bewegungen in Nieder\u00f6sterreich wird zur Teilnahme am ersten Demo-Schild-Wettbewerb eingeladen. Der Streik startet am 25. M\u00e4rz um 12.30 Uhr am Hauptbahnhof St. P\u00f6lten. Die Route f\u00fchrt zum Landhaus, der Abschluss findet vor dem Rathaus statt. Bei der ersten gemeinsamen Kundgebung in der nieder\u00f6sterreichischen Landeshauptstadt am 24. September des Vorjahres wurden laut FFF rund 2.000 Teilnehmer gez\u00e4hlt, laut fr\u00fcheren Polizeiangaben waren es etwa 1.500.<\/p>\n<p><strong>Beim ersten \u203a <a href=\"https:\/\/www.radlobby.org\/noe\/wp-content\/uploads\/20220311-PA-Erster-Demoschild-Wettbewerb.pdf\" target=\"_blank\" rel=\"noopener\">Demo-Schild-Wettbewerb<\/a> <\/strong>k\u00f6nnen Personen vom 14. bis zum 26. Lebensjahr mit Wohnsitz in \u00d6sterreich teilnehmen, ein Foto muss auf Instagram gepostet werden \u203a <a href=\"https:\/\/www.radlobby.org\/noe\/wp-content\/uploads\/20220311-demoschild-wettbewerb-Teilnahmebedingungen.pdf\" target=\"_blank\" rel=\"noopener\">Teilnahmebedingungen<\/a>. Zu gewinnen gibt es ein Klimaticket Jugend.<\/p>\n<p><strong><a href=\"https:\/\/www.radlobby.org\/noe\/wp-content\/uploads\/FFF.Presse_Katie-Aileen.Dempsey-18-von-28_1400px.jpg\" data-src=\"https:\/\/www.radlobby.org\/noe\/wp-content\/uploads\/FFF.Presse_Katie-Aileen.Dempsey-18-von-28_1400px.jpg\" data-thumb=\"https:\/\/www.radlobby.org\/noe\/wp-content\/uploads\/FFF.Presse_Katie-Aileen.Dempsey-18-von-28_1400px-300x284.jpg\" class=\"ml-lightbox-enabled\"><img loading=\"lazy\" decoding=\"async\" class=\"alignright wp-image-22322 size-medium\" src=\"https:\/\/www.radlobby.org\/noe\/wp-content\/uploads\/FFF.Presse_Katie-Aileen.Dempsey-18-von-28_1400px-300x284.jpg\" alt=\"\" width=\"300\" height=\"284\" srcset=\"https:\/\/www.radlobby.org\/noe\/wp-content\/uploads\/FFF.Presse_Katie-Aileen.Dempsey-18-von-28_1400px-300x284.jpg 300w, https:\/\/www.radlobby.org\/noe\/wp-content\/uploads\/FFF.Presse_Katie-Aileen.Dempsey-18-von-28_1400px-768x728.jpg 768w, https:\/\/www.radlobby.org\/noe\/wp-content\/uploads\/FFF.Presse_Katie-Aileen.Dempsey-18-von-28_1400px.jpg 1400w\" sizes=\"auto, (max-width: 300px) 100vw, 300px\" \/><\/a>Angesichts des Ukraine-Krieges und der Gaskrise brauche es Druck auf Landesebene<\/strong>, weil Themen wie Energiewende und Klimaschutz L\u00e4ndersache sind, betonten FFF. &#8220;Nieder\u00f6sterreich muss sich klar zur Klimaneutralit\u00e4t 2030 bekennen, die bisherigen Ziele sind v\u00f6llig unzureichend&#8221;, erkl\u00e4rte Peham, die auch einen &#8220;klaren Pfad zur Halbierung des Energieverbrauchs&#8221; im Bundesland verlangte. Rebecca Amberger von FFF St. P\u00f6lten forderte &#8220;eine sofortige Energiewende f\u00fcr Frieden und Klima&#8221; sowie einen Ausstieg aus \u00d6l- f\u00fcr Gasheizungen und die gesamte Verwendung fossiler Brennstoffe. Verlangt wird weiters die Sanierung von nicht klimafitten Geb\u00e4uden bis 2030 sowie ein Mobilit\u00e4tskonzept, das klimafreundliche Verkehrssysteme in den Mittelpunkt stellt.<\/p>\n<p><strong><a href=\"https:\/\/www.radlobby.org\/noe\/wp-content\/uploads\/FFF.Presse_Katie-Aileen.Dempsey-1-von-28_a_1400px.jpg\" data-src=\"https:\/\/www.radlobby.org\/noe\/wp-content\/uploads\/FFF.Presse_Katie-Aileen.Dempsey-1-von-28_a_1400px.jpg\" data-thumb=\"https:\/\/www.radlobby.org\/noe\/wp-content\/uploads\/FFF.Presse_Katie-Aileen.Dempsey-1-von-28_a_1400px-300x140.jpg\" class=\"ml-lightbox-enabled\"><img loading=\"lazy\" decoding=\"async\" class=\"alignright size-medium wp-image-22321\" src=\"https:\/\/www.radlobby.org\/noe\/wp-content\/uploads\/FFF.Presse_Katie-Aileen.Dempsey-1-von-28_a_1400px-300x140.jpg\" alt=\"\" width=\"300\" height=\"140\" srcset=\"https:\/\/www.radlobby.org\/noe\/wp-content\/uploads\/FFF.Presse_Katie-Aileen.Dempsey-1-von-28_a_1400px-300x140.jpg 300w, https:\/\/www.radlobby.org\/noe\/wp-content\/uploads\/FFF.Presse_Katie-Aileen.Dempsey-1-von-28_a_1400px-768x358.jpg 768w, https:\/\/www.radlobby.org\/noe\/wp-content\/uploads\/FFF.Presse_Katie-Aileen.Dempsey-1-von-28_a_1400px-750x350.jpg 750w, https:\/\/www.radlobby.org\/noe\/wp-content\/uploads\/FFF.Presse_Katie-Aileen.Dempsey-1-von-28_a_1400px-642x300.jpg 642w, https:\/\/www.radlobby.org\/noe\/wp-content\/uploads\/FFF.Presse_Katie-Aileen.Dempsey-1-von-28_a_1400px.jpg 1400w\" sizes=\"auto, (max-width: 300px) 100vw, 300px\" \/><\/a>Die Landesregierung behaupte zwar, viel gegen die Klimakrise zu unternehmen, tue tats\u00e4chlich aber wenig,<\/strong> so der Vorwurf von FFF. Im Herbst wurden Forderungen an die Landespolitik \u00fcbergeben. In Folge kam es auch zu einem Gespr\u00e4ch der Aktivisten mit Landeshauptfrau Johanna Mikl-Leitner und ihrem Stellvertreter Stephan Pernkopf (beide \u00d6VP). Von den Forderungen sei jedoch nichts umgesetzt worden. &#8220;Die Politik schl\u00e4ft noch immer in einem wunderbaren Dornr\u00f6schenschlaf. Damit muss Schluss sein, jetzt sofort&#8221;, verlangte Frida Fliegenschnee von FFF M\u00f6dling. \u203a <a href=\"https:\/\/www.radlobby.org\/noe\/wp-content\/uploads\/20220315-FFF-Forderungen-an-die-Landespolitik-in-NOe.pdf\" target=\"_blank\" rel=\"noopener\">Forderungen von FFF an die Landespolitik in N\u00d6<\/a>\u00a0(PDF)<\/p>\n<h4>Schulen k\u00f6nnen die Teilnahme am Klimastreik erm\u00f6glichen<\/h4>\n<p>Der <a href=\"https:\/\/www.radlobby.org\/noe\/wp-content\/uploads\/20220304-Bildungsdirektion-Niederoesterreich-Erlass-Klimastreik.pdf\" target=\"_blank\" rel=\"noopener\">Erlass der N\u00d6 Bildungsdirektion ist hier downloadbar<\/a> (PDF)<br \/>\n<strong>Die Bildungsdirektion Nieder\u00f6sterreich hat den Klimastreik zwar nicht generell zur schulbezogenen Veranstaltung erkl\u00e4rt. Schulische Entscheidungstr\u00e4ger k\u00f6nnen dies aber tun und damit die Teilnahme erm\u00f6glichen, freuten sich FFF \u00fcber dieses &#8220;Novum&#8221;.<\/strong><\/p>\n<\/div>\n<p><a href=\"https:\/\/www.radlobby.org\/noe\/wp-content\/uploads\/Fridays-for-Future-Niederoesterreich.jpg\" data-src=\"https:\/\/www.radlobby.org\/noe\/wp-content\/uploads\/Fridays-for-Future-Niederoesterreich.jpg\" data-thumb=\"https:\/\/www.radlobby.org\/noe\/wp-content\/uploads\/Fridays-for-Future-Niederoesterreich-300x300.jpg\" class=\"ml-lightbox-enabled\"><img loading=\"lazy\" decoding=\"async\" class=\" wp-image-22025 alignleft\" src=\"https:\/\/www.radlobby.org\/noe\/wp-content\/uploads\/Fridays-for-Future-Niederoesterreich-300x300.jpg\" alt=\"\" width=\"158\" height=\"158\" srcset=\"https:\/\/www.radlobby.org\/noe\/wp-content\/uploads\/Fridays-for-Future-Niederoesterreich-300x300.jpg 300w, https:\/\/www.radlobby.org\/noe\/wp-content\/uploads\/Fridays-for-Future-Niederoesterreich-150x150.jpg 150w, https:\/\/www.radlobby.org\/noe\/wp-content\/uploads\/Fridays-for-Future-Niederoesterreich-75x75.jpg 75w, https:\/\/www.radlobby.org\/noe\/wp-content\/uploads\/Fridays-for-Future-Niederoesterreich-270x270.jpg 270w, https:\/\/www.radlobby.org\/noe\/wp-content\/uploads\/Fridays-for-Future-Niederoesterreich-230x230.jpg 230w, https:\/\/www.radlobby.org\/noe\/wp-content\/uploads\/Fridays-for-Future-Niederoesterreich.jpg 720w\" sizes=\"auto, (max-width: 158px) 100vw, 158px\" \/><\/a>Veranstalter:<br \/>\n<strong>Fridays For Future Nieder\u00f6sterreich<\/strong><br \/>\n<strong>Parents for future Waldviertel<\/strong><br \/>\n<strong>Fridays For Future Tulln<\/strong><br \/>\n<strong>Fridays for Future Krems<\/strong><br \/>\n<strong>Fridays For Future St. P\u00f6lten<\/strong><\/p>\n","protected":false},"excerpt":{"rendered":"<p>Fridays for Future (FFF) Nieder\u00f6sterreich haben f\u00fcr den weltweiten Klimastreik am 25. M\u00e4rz zu einer Demo in St. P\u00f6lten aufgerufen<\/p>\n","protected":false},"author":16,"featured_media":22025,"comment_status":"closed","ping_status":"closed","sticky":false,"template":"","format":"standard","meta":{"footnotes":""},"categories":[382,14,195,375,392,80,343,266,321,411,282,295,11,365,6,5,20,185,374,283,184,12,28,380,13,342,8,7,16],"tags":[],"class_list":["post-22310","post","type-post","status-publish","format-standard","has-post-thumbnail","hentry","category-klima","category-bad-sauerbrunn","category-baden","category-bruck-an-der-leitha","category-carnuntum","category-deutsch-wagram","category-ebreichsdorf","category-eichgraben","category-enns-donauwinkel","category-gaenserndorf","category-gmuend","category-klosterneuburg","category-korneuburg","category-leithaebene","category-mistelbach","category-moedling","category-niederoesterreich","category-poysdorf","category-pressbaum","category-purkersdorf","category-retzer-land","category-schwarzatal","category-st-poelten","category-stockerau","category-tulln","category-waidhofenthaya","category-waidhofenybbs","category-wiener-neustadt","category-wolkersdorf"],"yoast_head":"<!-- This site is optimized with the Yoast SEO plugin v26.9 - https:\/\/yoast.com\/product\/yoast-seo-wordpress\/ -->\n<title>Fridays for Future N\u00d6 nehmen Landesregierung in die Pflicht - Radlobby Nieder\u00f6sterreich<\/title>\n<meta name=\"robots\" content=\"index, follow, max-snippet:-1, max-image-preview:large, max-video-preview:-1\" \/>\n<link rel=\"canonical\" href=\"https:\/\/www.radlobby.org\/noe\/fridays-for-future-noe-nehmen-landesregierung-in-die-pflicht\/\" \/>\n<meta property=\"og:locale\" content=\"de_DE\" \/>\n<meta property=\"og:type\" content=\"article\" \/>\n<meta property=\"og:title\" content=\"Fridays for Future N\u00d6 nehmen Landesregierung in die Pflicht - Radlobby Nieder\u00f6sterreich\" \/>\n<meta property=\"og:description\" content=\"Fridays for Future (FFF) Nieder\u00f6sterreich haben f\u00fcr den weltweiten Klimastreik am 25. M\u00e4rz zu einer Demo in St. P\u00f6lten aufgerufen\" \/>\n<meta property=\"og:url\" content=\"https:\/\/www.radlobby.org\/noe\/fridays-for-future-noe-nehmen-landesregierung-in-die-pflicht\/\" \/>\n<meta property=\"og:site_name\" content=\"Radlobby Nieder\u00f6sterreich\" \/>\n<meta property=\"article:publisher\" content=\"https:\/\/www.facebook.com\/groups\/radfahren.in.noe\/\" \/>\n<meta property=\"article:published_time\" content=\"2022-03-12T18:17:00+00:00\" \/>\n<meta property=\"article:modified_time\" content=\"2024-01-10T15:16:48+00:00\" \/>\n<meta property=\"og:image\" content=\"https:\/\/www.radlobby.org\/noe\/wp-content\/uploads\/Fridays-for-Future-Niederoesterreich.jpg\" \/>\n\t<meta property=\"og:image:width\" content=\"720\" \/>\n\t<meta property=\"og:image:height\" content=\"720\" \/>\n\t<meta property=\"og:image:type\" content=\"image\/jpeg\" \/>\n<meta name=\"author\" content=\"Karl Zauner - Admin\" \/>\n<meta name=\"twitter:card\" content=\"summary_large_image\" \/>\n<meta name=\"twitter:label1\" content=\"Verfasst von\" \/>\n\t<meta name=\"twitter:data1\" content=\"Karl Zauner - Admin\" \/>\n\t<meta name=\"twitter:label2\" content=\"Gesch\u00e4tzte Lesezeit\" \/>\n\t<meta name=\"twitter:data2\" content=\"4\u00a0Minuten\" \/>\n<script type=\"application\/ld+json\" class=\"yoast-schema-graph\">{\"@context\":\"https:\/\/schema.org\",\"@graph\":[{\"@type\":\"Article\",\"@id\":\"https:\/\/www.radlobby.org\/noe\/fridays-for-future-noe-nehmen-landesregierung-in-die-pflicht\/#article\",\"isPartOf\":{\"@id\":\"https:\/\/www.radlobby.org\/noe\/fridays-for-future-noe-nehmen-landesregierung-in-die-pflicht\/\"},\"author\":{\"name\":\"Karl Zauner - Admin\",\"@id\":\"https:\/\/www.radlobby.org\/noe\/#\/schema\/person\/10547574c40a9e9ea65f92c73f3c516b\"},\"headline\":\"Fridays for Future N\u00d6 nehmen Landesregierung in die Pflicht\",\"datePublished\":\"2022-03-12T18:17:00+00:00\",\"dateModified\":\"2024-01-10T15:16:48+00:00\",\"mainEntityOfPage\":{\"@id\":\"https:\/\/www.radlobby.org\/noe\/fridays-for-future-noe-nehmen-landesregierung-in-die-pflicht\/\"},\"wordCount\":475,\"publisher\":{\"@id\":\"https:\/\/www.radlobby.org\/noe\/#organization\"},\"image\":{\"@id\":\"https:\/\/www.radlobby.org\/noe\/fridays-for-future-noe-nehmen-landesregierung-in-die-pflicht\/#primaryimage\"},\"thumbnailUrl\":\"https:\/\/www.radlobby.org\/noe\/wp-content\/uploads\/Fridays-for-Future-Niederoesterreich.jpg\",\"articleSection\":[\"Klima\",\"Radlobby Bad Sauerbrunn\",\"Radlobby Baden\",\"Radlobby Bruck an der Leitha\",\"Radlobby Carnuntum\",\"Radlobby Deutsch-Wagram\",\"Radlobby Ebreichsdorf\",\"Radlobby Eichgraben\",\"Radlobby Enns-Donauwinkel\",\"Radlobby G\u00e4nserndorf\",\"Radlobby Gm\u00fcnd\",\"Radlobby Klosterneuburg\",\"Radlobby Korneuburg\",\"Radlobby Leithaebene\",\"Radlobby Mistelbach\",\"Radlobby M\u00f6dling\",\"Radlobby Nieder\u00f6sterreich\",\"Radlobby Poysdorf\",\"Radlobby Pressbaum\",\"Radlobby Purkersdorf\",\"Radlobby Retzer-Land\",\"Radlobby Schwarzatal\",\"Radlobby St. P\u00f6lten\",\"Radlobby Stockerau\",\"Radlobby Tulln\",\"Radlobby WaidhofenThaya\",\"Radlobby WaidhofenYbbs\",\"Radlobby Wiener Neustadt\",\"Radlobby Wolkersdorf\"],\"inLanguage\":\"de\"},{\"@type\":\"WebPage\",\"@id\":\"https:\/\/www.radlobby.org\/noe\/fridays-for-future-noe-nehmen-landesregierung-in-die-pflicht\/\",\"url\":\"https:\/\/www.radlobby.org\/noe\/fridays-for-future-noe-nehmen-landesregierung-in-die-pflicht\/\",\"name\":\"Fridays for Future N\u00d6 nehmen Landesregierung in die Pflicht - Radlobby Nieder\u00f6sterreich\",\"isPartOf\":{\"@id\":\"https:\/\/www.radlobby.org\/noe\/#website\"},\"primaryImageOfPage\":{\"@id\":\"https:\/\/www.radlobby.org\/noe\/fridays-for-future-noe-nehmen-landesregierung-in-die-pflicht\/#primaryimage\"},\"image\":{\"@id\":\"https:\/\/www.radlobby.org\/noe\/fridays-for-future-noe-nehmen-landesregierung-in-die-pflicht\/#primaryimage\"},\"thumbnailUrl\":\"https:\/\/www.radlobby.org\/noe\/wp-content\/uploads\/Fridays-for-Future-Niederoesterreich.jpg\",\"datePublished\":\"2022-03-12T18:17:00+00:00\",\"dateModified\":\"2024-01-10T15:16:48+00:00\",\"breadcrumb\":{\"@id\":\"https:\/\/www.radlobby.org\/noe\/fridays-for-future-noe-nehmen-landesregierung-in-die-pflicht\/#breadcrumb\"},\"inLanguage\":\"de\",\"potentialAction\":[{\"@type\":\"ReadAction\",\"target\":[\"https:\/\/www.radlobby.org\/noe\/fridays-for-future-noe-nehmen-landesregierung-in-die-pflicht\/\"]}]},{\"@type\":\"ImageObject\",\"inLanguage\":\"de\",\"@id\":\"https:\/\/www.radlobby.org\/noe\/fridays-for-future-noe-nehmen-landesregierung-in-die-pflicht\/#primaryimage\",\"url\":\"https:\/\/www.radlobby.org\/noe\/wp-content\/uploads\/Fridays-for-Future-Niederoesterreich.jpg\",\"contentUrl\":\"https:\/\/www.radlobby.org\/noe\/wp-content\/uploads\/Fridays-for-Future-Niederoesterreich.jpg\",\"width\":720,\"height\":720},{\"@type\":\"BreadcrumbList\",\"@id\":\"https:\/\/www.radlobby.org\/noe\/fridays-for-future-noe-nehmen-landesregierung-in-die-pflicht\/#breadcrumb\",\"itemListElement\":[{\"@type\":\"ListItem\",\"position\":1,\"name\":\"Startseite\",\"item\":\"https:\/\/www.radlobby.org\/noe\/\"},{\"@type\":\"ListItem\",\"position\":2,\"name\":\"Fridays for Future N\u00d6 nehmen Landesregierung in die Pflicht\"}]},{\"@type\":\"WebSite\",\"@id\":\"https:\/\/www.radlobby.org\/noe\/#website\",\"url\":\"https:\/\/www.radlobby.org\/noe\/\",\"name\":\"Radlobby Nieder\u00f6sterreich\",\"description\":\"Radverkehr, Fahrrad, Radfahren, Radreisen, Radtouren, Radweg\",\"publisher\":{\"@id\":\"https:\/\/www.radlobby.org\/noe\/#organization\"},\"potentialAction\":[{\"@type\":\"SearchAction\",\"target\":{\"@type\":\"EntryPoint\",\"urlTemplate\":\"https:\/\/www.radlobby.org\/noe\/?s={search_term_string}\"},\"query-input\":{\"@type\":\"PropertyValueSpecification\",\"valueRequired\":true,\"valueName\":\"search_term_string\"}}],\"inLanguage\":\"de\"},{\"@type\":\"Organization\",\"@id\":\"https:\/\/www.radlobby.org\/noe\/#organization\",\"name\":\"Radlobby Nieder\u00f6sterreich\",\"url\":\"https:\/\/www.radlobby.org\/noe\/\",\"logo\":{\"@type\":\"ImageObject\",\"inLanguage\":\"de\",\"@id\":\"https:\/\/www.radlobby.org\/noe\/#\/schema\/logo\/image\/\",\"url\":\"https:\/\/www.radlobby.org\/noe\/wp-content\/uploads\/2017\/01\/cropped-Logo_Radlobby_Niederoesterreich_50-400px_quer-1.jpg\",\"contentUrl\":\"https:\/\/www.radlobby.org\/noe\/wp-content\/uploads\/2017\/01\/cropped-Logo_Radlobby_Niederoesterreich_50-400px_quer-1.jpg\",\"width\":450,\"height\":124,\"caption\":\"Radlobby Nieder\u00f6sterreich\"},\"image\":{\"@id\":\"https:\/\/www.radlobby.org\/noe\/#\/schema\/logo\/image\/\"},\"sameAs\":[\"https:\/\/www.facebook.com\/groups\/radfahren.in.noe\/\"]},{\"@type\":\"Person\",\"@id\":\"https:\/\/www.radlobby.org\/noe\/#\/schema\/person\/10547574c40a9e9ea65f92c73f3c516b\",\"name\":\"Karl Zauner - Admin\",\"image\":{\"@type\":\"ImageObject\",\"inLanguage\":\"de\",\"@id\":\"https:\/\/www.radlobby.org\/noe\/#\/schema\/person\/image\/\",\"url\":\"https:\/\/secure.gravatar.com\/avatar\/c0be6303c1ffe16a7b1c79e07b12d4b29176a733c2a5e811b749965d4be12138?s=96&d=mm&r=g\",\"contentUrl\":\"https:\/\/secure.gravatar.com\/avatar\/c0be6303c1ffe16a7b1c79e07b12d4b29176a733c2a5e811b749965d4be12138?s=96&d=mm&r=g\",\"caption\":\"Karl Zauner - Admin\"},\"url\":\"https:\/\/www.radlobby.org\/noe\/author\/karlzauneradmin\/\"}]}<\/script>\n<!-- \/ Yoast SEO plugin. -->","yoast_head_json":{"title":"Fridays for Future N\u00d6 nehmen Landesregierung in die Pflicht - Radlobby Nieder\u00f6sterreich","robots":{"index":"index","follow":"follow","max-snippet":"max-snippet:-1","max-image-preview":"max-image-preview:large","max-video-preview":"max-video-preview:-1"},"canonical":"https:\/\/www.radlobby.org\/noe\/fridays-for-future-noe-nehmen-landesregierung-in-die-pflicht\/","og_locale":"de_DE","og_type":"article","og_title":"Fridays for Future N\u00d6 nehmen Landesregierung in die Pflicht - Radlobby Nieder\u00f6sterreich","og_description":"Fridays for Future (FFF) Nieder\u00f6sterreich haben f\u00fcr den weltweiten Klimastreik am 25. M\u00e4rz zu einer Demo in St. P\u00f6lten aufgerufen","og_url":"https:\/\/www.radlobby.org\/noe\/fridays-for-future-noe-nehmen-landesregierung-in-die-pflicht\/","og_site_name":"Radlobby Nieder\u00f6sterreich","article_publisher":"https:\/\/www.facebook.com\/groups\/radfahren.in.noe\/","article_published_time":"2022-03-12T18:17:00+00:00","article_modified_time":"2024-01-10T15:16:48+00:00","og_image":[{"width":720,"height":720,"url":"https:\/\/www.radlobby.org\/noe\/wp-content\/uploads\/Fridays-for-Future-Niederoesterreich.jpg","type":"image\/jpeg"}],"author":"Karl Zauner - Admin","twitter_card":"summary_large_image","twitter_misc":{"Verfasst von":"Karl Zauner - Admin","Gesch\u00e4tzte Lesezeit":"4\u00a0Minuten"},"schema":{"@context":"https:\/\/schema.org","@graph":[{"@type":"Article","@id":"https:\/\/www.radlobby.org\/noe\/fridays-for-future-noe-nehmen-landesregierung-in-die-pflicht\/#article","isPartOf":{"@id":"https:\/\/www.radlobby.org\/noe\/fridays-for-future-noe-nehmen-landesregierung-in-die-pflicht\/"},"author":{"name":"Karl Zauner - Admin","@id":"https:\/\/www.radlobby.org\/noe\/#\/schema\/person\/10547574c40a9e9ea65f92c73f3c516b"},"headline":"Fridays for Future N\u00d6 nehmen Landesregierung in die Pflicht","datePublished":"2022-03-12T18:17:00+00:00","dateModified":"2024-01-10T15:16:48+00:00","mainEntityOfPage":{"@id":"https:\/\/www.radlobby.org\/noe\/fridays-for-future-noe-nehmen-landesregierung-in-die-pflicht\/"},"wordCount":475,"publisher":{"@id":"https:\/\/www.radlobby.org\/noe\/#organization"},"image":{"@id":"https:\/\/www.radlobby.org\/noe\/fridays-for-future-noe-nehmen-landesregierung-in-die-pflicht\/#primaryimage"},"thumbnailUrl":"https:\/\/www.radlobby.org\/noe\/wp-content\/uploads\/Fridays-for-Future-Niederoesterreich.jpg","articleSection":["Klima","Radlobby Bad Sauerbrunn","Radlobby Baden","Radlobby Bruck an der Leitha","Radlobby Carnuntum","Radlobby Deutsch-Wagram","Radlobby Ebreichsdorf","Radlobby Eichgraben","Radlobby Enns-Donauwinkel","Radlobby G\u00e4nserndorf","Radlobby Gm\u00fcnd","Radlobby Klosterneuburg","Radlobby Korneuburg","Radlobby Leithaebene","Radlobby Mistelbach","Radlobby M\u00f6dling","Radlobby Nieder\u00f6sterreich","Radlobby Poysdorf","Radlobby Pressbaum","Radlobby Purkersdorf","Radlobby Retzer-Land","Radlobby Schwarzatal","Radlobby St. P\u00f6lten","Radlobby Stockerau","Radlobby Tulln","Radlobby WaidhofenThaya","Radlobby WaidhofenYbbs","Radlobby Wiener Neustadt","Radlobby Wolkersdorf"],"inLanguage":"de"},{"@type":"WebPage","@id":"https:\/\/www.radlobby.org\/noe\/fridays-for-future-noe-nehmen-landesregierung-in-die-pflicht\/","url":"https:\/\/www.radlobby.org\/noe\/fridays-for-future-noe-nehmen-landesregierung-in-die-pflicht\/","name":"Fridays for Future N\u00d6 nehmen Landesregierung in die Pflicht - Radlobby Nieder\u00f6sterreich","isPartOf":{"@id":"https:\/\/www.radlobby.org\/noe\/#website"},"primaryImageOfPage":{"@id":"https:\/\/www.radlobby.org\/noe\/fridays-for-future-noe-nehmen-landesregierung-in-die-pflicht\/#primaryimage"},"image":{"@id":"https:\/\/www.radlobby.org\/noe\/fridays-for-future-noe-nehmen-landesregierung-in-die-pflicht\/#primaryimage"},"thumbnailUrl":"https:\/\/www.radlobby.org\/noe\/wp-content\/uploads\/Fridays-for-Future-Niederoesterreich.jpg","datePublished":"2022-03-12T18:17:00+00:00","dateModified":"2024-01-10T15:16:48+00:00","breadcrumb":{"@id":"https:\/\/www.radlobby.org\/noe\/fridays-for-future-noe-nehmen-landesregierung-in-die-pflicht\/#breadcrumb"},"inLanguage":"de","potentialAction":[{"@type":"ReadAction","target":["https:\/\/www.radlobby.org\/noe\/fridays-for-future-noe-nehmen-landesregierung-in-die-pflicht\/"]}]},{"@type":"ImageObject","inLanguage":"de","@id":"https:\/\/www.radlobby.org\/noe\/fridays-for-future-noe-nehmen-landesregierung-in-die-pflicht\/#primaryimage","url":"https:\/\/www.radlobby.org\/noe\/wp-content\/uploads\/Fridays-for-Future-Niederoesterreich.jpg","contentUrl":"https:\/\/www.radlobby.org\/noe\/wp-content\/uploads\/Fridays-for-Future-Niederoesterreich.jpg","width":720,"height":720},{"@type":"BreadcrumbList","@id":"https:\/\/www.radlobby.org\/noe\/fridays-for-future-noe-nehmen-landesregierung-in-die-pflicht\/#breadcrumb","itemListElement":[{"@type":"ListItem","position":1,"name":"Startseite","item":"https:\/\/www.radlobby.org\/noe\/"},{"@type":"ListItem","position":2,"name":"Fridays for Future N\u00d6 nehmen Landesregierung in die Pflicht"}]},{"@type":"WebSite","@id":"https:\/\/www.radlobby.org\/noe\/#website","url":"https:\/\/www.radlobby.org\/noe\/","name":"Radlobby Nieder\u00f6sterreich","description":"Radverkehr, Fahrrad, Radfahren, Radreisen, Radtouren, Radweg","publisher":{"@id":"https:\/\/www.radlobby.org\/noe\/#organization"},"potentialAction":[{"@type":"SearchAction","target":{"@type":"EntryPoint","urlTemplate":"https:\/\/www.radlobby.org\/noe\/?s={search_term_string}"},"query-input":{"@type":"PropertyValueSpecification","valueRequired":true,"valueName":"search_term_string"}}],"inLanguage":"de"},{"@type":"Organization","@id":"https:\/\/www.radlobby.org\/noe\/#organization","name":"Radlobby Nieder\u00f6sterreich","url":"https:\/\/www.radlobby.org\/noe\/","logo":{"@type":"ImageObject","inLanguage":"de","@id":"https:\/\/www.radlobby.org\/noe\/#\/schema\/logo\/image\/","url":"https:\/\/www.radlobby.org\/noe\/wp-content\/uploads\/2017\/01\/cropped-Logo_Radlobby_Niederoesterreich_50-400px_quer-1.jpg","contentUrl":"https:\/\/www.radlobby.org\/noe\/wp-content\/uploads\/2017\/01\/cropped-Logo_Radlobby_Niederoesterreich_50-400px_quer-1.jpg","width":450,"height":124,"caption":"Radlobby Nieder\u00f6sterreich"},"image":{"@id":"https:\/\/www.radlobby.org\/noe\/#\/schema\/logo\/image\/"},"sameAs":["https:\/\/www.facebook.com\/groups\/radfahren.in.noe\/"]},{"@type":"Person","@id":"https:\/\/www.radlobby.org\/noe\/#\/schema\/person\/10547574c40a9e9ea65f92c73f3c516b","name":"Karl Zauner - Admin","image":{"@type":"ImageObject","inLanguage":"de","@id":"https:\/\/www.radlobby.org\/noe\/#\/schema\/person\/image\/","url":"https:\/\/secure.gravatar.com\/avatar\/c0be6303c1ffe16a7b1c79e07b12d4b29176a733c2a5e811b749965d4be12138?s=96&d=mm&r=g","contentUrl":"https:\/\/secure.gravatar.com\/avatar\/c0be6303c1ffe16a7b1c79e07b12d4b29176a733c2a5e811b749965d4be12138?s=96&d=mm&r=g","caption":"Karl Zauner - Admin"},"url":"https:\/\/www.radlobby.org\/noe\/author\/karlzauneradmin\/"}]}},"_links":{"self":[{"href":"https:\/\/www.radlobby.org\/noe\/wp-json\/wp\/v2\/posts\/22310","targetHints":{"allow":["GET"]}}],"collection":[{"href":"https:\/\/www.radlobby.org\/noe\/wp-json\/wp\/v2\/posts"}],"about":[{"href":"https:\/\/www.radlobby.org\/noe\/wp-json\/wp\/v2\/types\/post"}],"author":[{"embeddable":true,"href":"https:\/\/www.radlobby.org\/noe\/wp-json\/wp\/v2\/users\/16"}],"replies":[{"embeddable":true,"href":"https:\/\/www.radlobby.org\/noe\/wp-json\/wp\/v2\/comments?post=22310"}],"version-history":[{"count":1,"href":"https:\/\/www.radlobby.org\/noe\/wp-json\/wp\/v2\/posts\/22310\/revisions"}],"predecessor-version":[{"id":33629,"href":"https:\/\/www.radlobby.org\/noe\/wp-json\/wp\/v2\/posts\/22310\/revisions\/33629"}],"wp:featuredmedia":[{"embeddable":true,"href":"https:\/\/www.radlobby.org\/noe\/wp-json\/wp\/v2\/media\/22025"}],"wp:attachment":[{"href":"https:\/\/www.radlobby.org\/noe\/wp-json\/wp\/v2\/media?parent=22310"}],"wp:term":[{"taxonomy":"category","embeddable":true,"href":"https:\/\/www.radlobby.org\/noe\/wp-json\/wp\/v2\/categories?post=22310"},{"taxonomy":"post_tag","embeddable":true,"href":"https:\/\/www.radlobby.org\/noe\/wp-json\/wp\/v2\/tags?post=22310"}],"curies":[{"name":"wp","href":"https:\/\/api.w.org\/{rel}","templated":true}]}}