{"id":20825,"date":"2021-10-22T07:38:34","date_gmt":"2021-10-22T05:38:34","guid":{"rendered":"https:\/\/www.radlobby.org\/noe\/?p=20825"},"modified":"2021-10-22T09:39:36","modified_gmt":"2021-10-22T07:39:36","slug":"gruene-noe-oevp-niederoesterreich-soll-endlich-beim-oeffentlichen-verkehr-seine-hausaufgaben-machen","status":"publish","type":"post","link":"https:\/\/www.radlobby.org\/noe\/gruene-noe-oevp-niederoesterreich-soll-endlich-beim-oeffentlichen-verkehr-seine-hausaufgaben-machen\/","title":{"rendered":"Gr\u00fcne N\u00d6: \u00d6VP Nieder\u00f6sterreich soll endlich beim \u00f6ffentlichen Verkehr seine Hausaufgaben machen"},"content":{"rendered":"<p>Die Gr\u00fcnen N\u00d6 setzen sich f\u00fcr ein Radwegenetz und f\u00fcr den \u00f6ffentlichen Verkehr ein:<\/p>\n<p><a href=\"https:\/\/www.radlobby.org\/noe\/wp-content\/uploads\/linie_gruen_c1c400.gif\" data-src=\"https:\/\/www.radlobby.org\/noe\/wp-content\/uploads\/linie_gruen_c1c400.gif\" data-thumb=\"http:\/\/www.radlobby.org\/noe\/wp-content\/uploads\/linie_gruen_c1c400.gif\" class=\"ml-lightbox-enabled\"><img loading=\"lazy\" decoding=\"async\" class=\"alignnone size-full wp-image-6941\" src=\"http:\/\/www.radlobby.org\/noe\/wp-content\/uploads\/linie_gruen_c1c400.gif\" alt=\"\" width=\"750\" height=\"2\" \/><\/a><\/p>\n<h5>Hier finden Sie die aktuelle Presseinformation der Gr\u00fcnen N\u00d6:<\/h5>\n<p><iframe loading=\"lazy\" src=\"https:\/\/www.ots.at\/presseaussendung\/OTS_20211021_OTS0203\/georg-ecker-oevp-niederoesterreich-soll-endlich-beim-oeffentlichen-verkehr-seine-hausaufgaben-machen\" width=\"750\" height=\"2000\" frameborder=\"0\" marginwidth=\"0\" marginheight=\"0\" scrolling=\"yes\"><span data-mce-type=\"bookmark\" style=\"display: inline-block; width: 0px; overflow: hidden; line-height: 0;\" class=\"mce_SELRES_start\">\ufeff<\/span><span data-mce-type=\"bookmark\" style=\"display: inline-block; width: 0px; overflow: hidden; line-height: 0;\" class=\"mce_SELRES_start\">\ufeff<\/span><span data-mce-type=\"bookmark\" style=\"display: inline-block; width: 0px; overflow: hidden; line-height: 0;\" class=\"mce_SELRES_start\">\ufeff<\/span><span data-mce-type=\"bookmark\" style=\"display: inline-block; width: 0px; overflow: hidden; line-height: 0;\" class=\"mce_SELRES_start\">\ufeff<\/span><span data-mce-type=\"bookmark\" style=\"display: inline-block; width: 0px; overflow: hidden; line-height: 0;\" class=\"mce_SELRES_start\">\ufeff<\/span><span data-mce-type=\"bookmark\" style=\"display: inline-block; width: 0px; overflow: hidden; line-height: 0;\" class=\"mce_SELRES_start\">\ufeff<\/span><span data-mce-type=\"bookmark\" style=\"display: inline-block; width: 0px; overflow: hidden; line-height: 0;\" class=\"mce_SELRES_start\">\ufeff<\/span><span data-mce-type=\"bookmark\" style=\"display: inline-block; width: 0px; overflow: hidden; line-height: 0;\" class=\"mce_SELRES_start\">\ufeff<\/span><span data-mce-type=\"bookmark\" style=\"display: inline-block; width: 0px; overflow: hidden; line-height: 0;\" class=\"mce_SELRES_start\">\ufeff<\/span><span data-mce-type=\"bookmark\" style=\"display: inline-block; width: 0px; overflow: hidden; line-height: 0;\" class=\"mce_SELRES_start\">\ufeff<\/span><span data-mce-type=\"bookmark\" style=\"display: inline-block; width: 0px; overflow: hidden; line-height: 0;\" class=\"mce_SELRES_start\"><span data-mce-type=\"bookmark\" style=\"display: inline-block; width: 0px; overflow: hidden; line-height: 0;\" class=\"mce_SELRES_start\">\ufeff<\/span>\ufeff<\/span><\/iframe><\/p>\n<p>&nbsp;<\/p>\n","protected":false},"excerpt":{"rendered":"<p>Kein einziges eigenes konkretes Projekt, das die N\u00d6 Landesregierung im Land umsetzen m\u00f6chte. Das ist ein Armutszeugnis f\u00fcr die N\u00d6 Verkehrspolitik\u201c, so der Gr\u00fcne Landtagsabgeordnete Georg Ecker. Er fordert die \u00d6VP auf, nicht nur an den Bund heranzutreten und um Geld zu bitten, &#8230;<\/p>\n","protected":false},"author":16,"featured_media":20827,"comment_status":"closed","ping_status":"closed","sticky":false,"template":"","format":"standard","meta":{"footnotes":""},"categories":[20],"tags":[23,22],"class_list":["post-20825","post","type-post","status-publish","format-standard","has-post-thumbnail","hentry","category-niederoesterreich","tag-infrastruktur","tag-verkehrspolitik"],"yoast_head":"<!-- This site is optimized with the Yoast SEO plugin v26.9 - https:\/\/yoast.com\/product\/yoast-seo-wordpress\/ -->\n<title>Gr\u00fcne N\u00d6: \u00d6VP Nieder\u00f6sterreich soll endlich beim \u00f6ffentlichen Verkehr seine Hausaufgaben machen - Radlobby Nieder\u00f6sterreich<\/title>\n<meta name=\"robots\" content=\"index, follow, max-snippet:-1, max-image-preview:large, max-video-preview:-1\" \/>\n<link rel=\"canonical\" href=\"https:\/\/www.radlobby.org\/noe\/gruene-noe-oevp-niederoesterreich-soll-endlich-beim-oeffentlichen-verkehr-seine-hausaufgaben-machen\/\" \/>\n<meta property=\"og:locale\" content=\"de_DE\" \/>\n<meta property=\"og:type\" content=\"article\" \/>\n<meta property=\"og:title\" content=\"Gr\u00fcne N\u00d6: \u00d6VP Nieder\u00f6sterreich soll endlich beim \u00f6ffentlichen Verkehr seine Hausaufgaben machen - Radlobby Nieder\u00f6sterreich\" \/>\n<meta property=\"og:description\" content=\"Kein einziges eigenes konkretes Projekt, das die N\u00d6 Landesregierung im Land umsetzen m\u00f6chte. Das ist ein Armutszeugnis f\u00fcr die N\u00d6 Verkehrspolitik\u201c, so der Gr\u00fcne Landtagsabgeordnete Georg Ecker. Er fordert die \u00d6VP auf, nicht nur an den Bund heranzutreten und um Geld zu bitten, ...\" \/>\n<meta property=\"og:url\" content=\"https:\/\/www.radlobby.org\/noe\/gruene-noe-oevp-niederoesterreich-soll-endlich-beim-oeffentlichen-verkehr-seine-hausaufgaben-machen\/\" \/>\n<meta property=\"og:site_name\" content=\"Radlobby Nieder\u00f6sterreich\" \/>\n<meta property=\"article:publisher\" content=\"https:\/\/www.facebook.com\/groups\/radfahren.in.noe\/\" \/>\n<meta property=\"article:published_time\" content=\"2021-10-22T05:38:34+00:00\" \/>\n<meta property=\"article:modified_time\" content=\"2021-10-22T07:39:36+00:00\" \/>\n<meta property=\"og:image\" content=\"https:\/\/www.radlobby.org\/noe\/wp-content\/uploads\/Logo-Die-Gruenen.jpg\" \/>\n\t<meta property=\"og:image:width\" content=\"709\" \/>\n\t<meta property=\"og:image:height\" content=\"709\" \/>\n\t<meta property=\"og:image:type\" content=\"image\/jpeg\" \/>\n<meta name=\"author\" content=\"Karl Zauner - Admin\" \/>\n<meta name=\"twitter:card\" content=\"summary_large_image\" \/>\n<meta name=\"twitter:label1\" content=\"Verfasst von\" \/>\n\t<meta name=\"twitter:data1\" content=\"Karl Zauner - Admin\" \/>\n\t<meta name=\"twitter:label2\" content=\"Gesch\u00e4tzte Lesezeit\" \/>\n\t<meta name=\"twitter:data2\" content=\"1\u00a0Minute\" \/>\n<script type=\"application\/ld+json\" class=\"yoast-schema-graph\">{\"@context\":\"https:\/\/schema.org\",\"@graph\":[{\"@type\":\"Article\",\"@id\":\"https:\/\/www.radlobby.org\/noe\/gruene-noe-oevp-niederoesterreich-soll-endlich-beim-oeffentlichen-verkehr-seine-hausaufgaben-machen\/#article\",\"isPartOf\":{\"@id\":\"https:\/\/www.radlobby.org\/noe\/gruene-noe-oevp-niederoesterreich-soll-endlich-beim-oeffentlichen-verkehr-seine-hausaufgaben-machen\/\"},\"author\":{\"name\":\"Karl Zauner - Admin\",\"@id\":\"https:\/\/www.radlobby.org\/noe\/#\/schema\/person\/10547574c40a9e9ea65f92c73f3c516b\"},\"headline\":\"Gr\u00fcne N\u00d6: \u00d6VP Nieder\u00f6sterreich soll endlich beim \u00f6ffentlichen Verkehr seine Hausaufgaben machen\",\"datePublished\":\"2021-10-22T05:38:34+00:00\",\"dateModified\":\"2021-10-22T07:39:36+00:00\",\"mainEntityOfPage\":{\"@id\":\"https:\/\/www.radlobby.org\/noe\/gruene-noe-oevp-niederoesterreich-soll-endlich-beim-oeffentlichen-verkehr-seine-hausaufgaben-machen\/\"},\"wordCount\":42,\"publisher\":{\"@id\":\"https:\/\/www.radlobby.org\/noe\/#organization\"},\"image\":{\"@id\":\"https:\/\/www.radlobby.org\/noe\/gruene-noe-oevp-niederoesterreich-soll-endlich-beim-oeffentlichen-verkehr-seine-hausaufgaben-machen\/#primaryimage\"},\"thumbnailUrl\":\"https:\/\/www.radlobby.org\/noe\/wp-content\/uploads\/Logo-Die-Gruenen.jpg\",\"keywords\":[\"Infrastruktur\",\"Verkehrspolitik\"],\"articleSection\":[\"Radlobby Nieder\u00f6sterreich\"],\"inLanguage\":\"de\"},{\"@type\":\"WebPage\",\"@id\":\"https:\/\/www.radlobby.org\/noe\/gruene-noe-oevp-niederoesterreich-soll-endlich-beim-oeffentlichen-verkehr-seine-hausaufgaben-machen\/\",\"url\":\"https:\/\/www.radlobby.org\/noe\/gruene-noe-oevp-niederoesterreich-soll-endlich-beim-oeffentlichen-verkehr-seine-hausaufgaben-machen\/\",\"name\":\"Gr\u00fcne N\u00d6: \u00d6VP Nieder\u00f6sterreich soll endlich beim \u00f6ffentlichen Verkehr seine Hausaufgaben machen - Radlobby Nieder\u00f6sterreich\",\"isPartOf\":{\"@id\":\"https:\/\/www.radlobby.org\/noe\/#website\"},\"primaryImageOfPage\":{\"@id\":\"https:\/\/www.radlobby.org\/noe\/gruene-noe-oevp-niederoesterreich-soll-endlich-beim-oeffentlichen-verkehr-seine-hausaufgaben-machen\/#primaryimage\"},\"image\":{\"@id\":\"https:\/\/www.radlobby.org\/noe\/gruene-noe-oevp-niederoesterreich-soll-endlich-beim-oeffentlichen-verkehr-seine-hausaufgaben-machen\/#primaryimage\"},\"thumbnailUrl\":\"https:\/\/www.radlobby.org\/noe\/wp-content\/uploads\/Logo-Die-Gruenen.jpg\",\"datePublished\":\"2021-10-22T05:38:34+00:00\",\"dateModified\":\"2021-10-22T07:39:36+00:00\",\"breadcrumb\":{\"@id\":\"https:\/\/www.radlobby.org\/noe\/gruene-noe-oevp-niederoesterreich-soll-endlich-beim-oeffentlichen-verkehr-seine-hausaufgaben-machen\/#breadcrumb\"},\"inLanguage\":\"de\",\"potentialAction\":[{\"@type\":\"ReadAction\",\"target\":[\"https:\/\/www.radlobby.org\/noe\/gruene-noe-oevp-niederoesterreich-soll-endlich-beim-oeffentlichen-verkehr-seine-hausaufgaben-machen\/\"]}]},{\"@type\":\"ImageObject\",\"inLanguage\":\"de\",\"@id\":\"https:\/\/www.radlobby.org\/noe\/gruene-noe-oevp-niederoesterreich-soll-endlich-beim-oeffentlichen-verkehr-seine-hausaufgaben-machen\/#primaryimage\",\"url\":\"https:\/\/www.radlobby.org\/noe\/wp-content\/uploads\/Logo-Die-Gruenen.jpg\",\"contentUrl\":\"https:\/\/www.radlobby.org\/noe\/wp-content\/uploads\/Logo-Die-Gruenen.jpg\",\"width\":709,\"height\":709},{\"@type\":\"BreadcrumbList\",\"@id\":\"https:\/\/www.radlobby.org\/noe\/gruene-noe-oevp-niederoesterreich-soll-endlich-beim-oeffentlichen-verkehr-seine-hausaufgaben-machen\/#breadcrumb\",\"itemListElement\":[{\"@type\":\"ListItem\",\"position\":1,\"name\":\"Startseite\",\"item\":\"https:\/\/www.radlobby.org\/noe\/\"},{\"@type\":\"ListItem\",\"position\":2,\"name\":\"Gr\u00fcne N\u00d6: \u00d6VP Nieder\u00f6sterreich soll endlich beim \u00f6ffentlichen Verkehr seine Hausaufgaben machen\"}]},{\"@type\":\"WebSite\",\"@id\":\"https:\/\/www.radlobby.org\/noe\/#website\",\"url\":\"https:\/\/www.radlobby.org\/noe\/\",\"name\":\"Radlobby Nieder\u00f6sterreich\",\"description\":\"Radverkehr, Fahrrad, Radfahren, Radreisen, Radtouren, Radweg\",\"publisher\":{\"@id\":\"https:\/\/www.radlobby.org\/noe\/#organization\"},\"potentialAction\":[{\"@type\":\"SearchAction\",\"target\":{\"@type\":\"EntryPoint\",\"urlTemplate\":\"https:\/\/www.radlobby.org\/noe\/?s={search_term_string}\"},\"query-input\":{\"@type\":\"PropertyValueSpecification\",\"valueRequired\":true,\"valueName\":\"search_term_string\"}}],\"inLanguage\":\"de\"},{\"@type\":\"Organization\",\"@id\":\"https:\/\/www.radlobby.org\/noe\/#organization\",\"name\":\"Radlobby Nieder\u00f6sterreich\",\"url\":\"https:\/\/www.radlobby.org\/noe\/\",\"logo\":{\"@type\":\"ImageObject\",\"inLanguage\":\"de\",\"@id\":\"https:\/\/www.radlobby.org\/noe\/#\/schema\/logo\/image\/\",\"url\":\"https:\/\/www.radlobby.org\/noe\/wp-content\/uploads\/2017\/01\/cropped-Logo_Radlobby_Niederoesterreich_50-400px_quer-1.jpg\",\"contentUrl\":\"https:\/\/www.radlobby.org\/noe\/wp-content\/uploads\/2017\/01\/cropped-Logo_Radlobby_Niederoesterreich_50-400px_quer-1.jpg\",\"width\":450,\"height\":124,\"caption\":\"Radlobby Nieder\u00f6sterreich\"},\"image\":{\"@id\":\"https:\/\/www.radlobby.org\/noe\/#\/schema\/logo\/image\/\"},\"sameAs\":[\"https:\/\/www.facebook.com\/groups\/radfahren.in.noe\/\"]},{\"@type\":\"Person\",\"@id\":\"https:\/\/www.radlobby.org\/noe\/#\/schema\/person\/10547574c40a9e9ea65f92c73f3c516b\",\"name\":\"Karl Zauner - Admin\",\"image\":{\"@type\":\"ImageObject\",\"inLanguage\":\"de\",\"@id\":\"https:\/\/www.radlobby.org\/noe\/#\/schema\/person\/image\/\",\"url\":\"https:\/\/secure.gravatar.com\/avatar\/c0be6303c1ffe16a7b1c79e07b12d4b29176a733c2a5e811b749965d4be12138?s=96&d=mm&r=g\",\"contentUrl\":\"https:\/\/secure.gravatar.com\/avatar\/c0be6303c1ffe16a7b1c79e07b12d4b29176a733c2a5e811b749965d4be12138?s=96&d=mm&r=g\",\"caption\":\"Karl Zauner - Admin\"},\"url\":\"https:\/\/www.radlobby.org\/noe\/author\/karlzauneradmin\/\"}]}<\/script>\n<!-- \/ Yoast SEO plugin. -->","yoast_head_json":{"title":"Gr\u00fcne N\u00d6: \u00d6VP Nieder\u00f6sterreich soll endlich beim \u00f6ffentlichen Verkehr seine Hausaufgaben machen - Radlobby Nieder\u00f6sterreich","robots":{"index":"index","follow":"follow","max-snippet":"max-snippet:-1","max-image-preview":"max-image-preview:large","max-video-preview":"max-video-preview:-1"},"canonical":"https:\/\/www.radlobby.org\/noe\/gruene-noe-oevp-niederoesterreich-soll-endlich-beim-oeffentlichen-verkehr-seine-hausaufgaben-machen\/","og_locale":"de_DE","og_type":"article","og_title":"Gr\u00fcne N\u00d6: \u00d6VP Nieder\u00f6sterreich soll endlich beim \u00f6ffentlichen Verkehr seine Hausaufgaben machen - Radlobby Nieder\u00f6sterreich","og_description":"Kein einziges eigenes konkretes Projekt, das die N\u00d6 Landesregierung im Land umsetzen m\u00f6chte. Das ist ein Armutszeugnis f\u00fcr die N\u00d6 Verkehrspolitik\u201c, so der Gr\u00fcne Landtagsabgeordnete Georg Ecker. Er fordert die \u00d6VP auf, nicht nur an den Bund heranzutreten und um Geld zu bitten, ...","og_url":"https:\/\/www.radlobby.org\/noe\/gruene-noe-oevp-niederoesterreich-soll-endlich-beim-oeffentlichen-verkehr-seine-hausaufgaben-machen\/","og_site_name":"Radlobby Nieder\u00f6sterreich","article_publisher":"https:\/\/www.facebook.com\/groups\/radfahren.in.noe\/","article_published_time":"2021-10-22T05:38:34+00:00","article_modified_time":"2021-10-22T07:39:36+00:00","og_image":[{"width":709,"height":709,"url":"https:\/\/www.radlobby.org\/noe\/wp-content\/uploads\/Logo-Die-Gruenen.jpg","type":"image\/jpeg"}],"author":"Karl Zauner - Admin","twitter_card":"summary_large_image","twitter_misc":{"Verfasst von":"Karl Zauner - Admin","Gesch\u00e4tzte Lesezeit":"1\u00a0Minute"},"schema":{"@context":"https:\/\/schema.org","@graph":[{"@type":"Article","@id":"https:\/\/www.radlobby.org\/noe\/gruene-noe-oevp-niederoesterreich-soll-endlich-beim-oeffentlichen-verkehr-seine-hausaufgaben-machen\/#article","isPartOf":{"@id":"https:\/\/www.radlobby.org\/noe\/gruene-noe-oevp-niederoesterreich-soll-endlich-beim-oeffentlichen-verkehr-seine-hausaufgaben-machen\/"},"author":{"name":"Karl Zauner - Admin","@id":"https:\/\/www.radlobby.org\/noe\/#\/schema\/person\/10547574c40a9e9ea65f92c73f3c516b"},"headline":"Gr\u00fcne N\u00d6: \u00d6VP Nieder\u00f6sterreich soll endlich beim \u00f6ffentlichen Verkehr seine Hausaufgaben machen","datePublished":"2021-10-22T05:38:34+00:00","dateModified":"2021-10-22T07:39:36+00:00","mainEntityOfPage":{"@id":"https:\/\/www.radlobby.org\/noe\/gruene-noe-oevp-niederoesterreich-soll-endlich-beim-oeffentlichen-verkehr-seine-hausaufgaben-machen\/"},"wordCount":42,"publisher":{"@id":"https:\/\/www.radlobby.org\/noe\/#organization"},"image":{"@id":"https:\/\/www.radlobby.org\/noe\/gruene-noe-oevp-niederoesterreich-soll-endlich-beim-oeffentlichen-verkehr-seine-hausaufgaben-machen\/#primaryimage"},"thumbnailUrl":"https:\/\/www.radlobby.org\/noe\/wp-content\/uploads\/Logo-Die-Gruenen.jpg","keywords":["Infrastruktur","Verkehrspolitik"],"articleSection":["Radlobby Nieder\u00f6sterreich"],"inLanguage":"de"},{"@type":"WebPage","@id":"https:\/\/www.radlobby.org\/noe\/gruene-noe-oevp-niederoesterreich-soll-endlich-beim-oeffentlichen-verkehr-seine-hausaufgaben-machen\/","url":"https:\/\/www.radlobby.org\/noe\/gruene-noe-oevp-niederoesterreich-soll-endlich-beim-oeffentlichen-verkehr-seine-hausaufgaben-machen\/","name":"Gr\u00fcne N\u00d6: \u00d6VP Nieder\u00f6sterreich soll endlich beim \u00f6ffentlichen Verkehr seine Hausaufgaben machen - Radlobby Nieder\u00f6sterreich","isPartOf":{"@id":"https:\/\/www.radlobby.org\/noe\/#website"},"primaryImageOfPage":{"@id":"https:\/\/www.radlobby.org\/noe\/gruene-noe-oevp-niederoesterreich-soll-endlich-beim-oeffentlichen-verkehr-seine-hausaufgaben-machen\/#primaryimage"},"image":{"@id":"https:\/\/www.radlobby.org\/noe\/gruene-noe-oevp-niederoesterreich-soll-endlich-beim-oeffentlichen-verkehr-seine-hausaufgaben-machen\/#primaryimage"},"thumbnailUrl":"https:\/\/www.radlobby.org\/noe\/wp-content\/uploads\/Logo-Die-Gruenen.jpg","datePublished":"2021-10-22T05:38:34+00:00","dateModified":"2021-10-22T07:39:36+00:00","breadcrumb":{"@id":"https:\/\/www.radlobby.org\/noe\/gruene-noe-oevp-niederoesterreich-soll-endlich-beim-oeffentlichen-verkehr-seine-hausaufgaben-machen\/#breadcrumb"},"inLanguage":"de","potentialAction":[{"@type":"ReadAction","target":["https:\/\/www.radlobby.org\/noe\/gruene-noe-oevp-niederoesterreich-soll-endlich-beim-oeffentlichen-verkehr-seine-hausaufgaben-machen\/"]}]},{"@type":"ImageObject","inLanguage":"de","@id":"https:\/\/www.radlobby.org\/noe\/gruene-noe-oevp-niederoesterreich-soll-endlich-beim-oeffentlichen-verkehr-seine-hausaufgaben-machen\/#primaryimage","url":"https:\/\/www.radlobby.org\/noe\/wp-content\/uploads\/Logo-Die-Gruenen.jpg","contentUrl":"https:\/\/www.radlobby.org\/noe\/wp-content\/uploads\/Logo-Die-Gruenen.jpg","width":709,"height":709},{"@type":"BreadcrumbList","@id":"https:\/\/www.radlobby.org\/noe\/gruene-noe-oevp-niederoesterreich-soll-endlich-beim-oeffentlichen-verkehr-seine-hausaufgaben-machen\/#breadcrumb","itemListElement":[{"@type":"ListItem","position":1,"name":"Startseite","item":"https:\/\/www.radlobby.org\/noe\/"},{"@type":"ListItem","position":2,"name":"Gr\u00fcne N\u00d6: \u00d6VP Nieder\u00f6sterreich soll endlich beim \u00f6ffentlichen Verkehr seine Hausaufgaben machen"}]},{"@type":"WebSite","@id":"https:\/\/www.radlobby.org\/noe\/#website","url":"https:\/\/www.radlobby.org\/noe\/","name":"Radlobby Nieder\u00f6sterreich","description":"Radverkehr, Fahrrad, Radfahren, Radreisen, Radtouren, Radweg","publisher":{"@id":"https:\/\/www.radlobby.org\/noe\/#organization"},"potentialAction":[{"@type":"SearchAction","target":{"@type":"EntryPoint","urlTemplate":"https:\/\/www.radlobby.org\/noe\/?s={search_term_string}"},"query-input":{"@type":"PropertyValueSpecification","valueRequired":true,"valueName":"search_term_string"}}],"inLanguage":"de"},{"@type":"Organization","@id":"https:\/\/www.radlobby.org\/noe\/#organization","name":"Radlobby Nieder\u00f6sterreich","url":"https:\/\/www.radlobby.org\/noe\/","logo":{"@type":"ImageObject","inLanguage":"de","@id":"https:\/\/www.radlobby.org\/noe\/#\/schema\/logo\/image\/","url":"https:\/\/www.radlobby.org\/noe\/wp-content\/uploads\/2017\/01\/cropped-Logo_Radlobby_Niederoesterreich_50-400px_quer-1.jpg","contentUrl":"https:\/\/www.radlobby.org\/noe\/wp-content\/uploads\/2017\/01\/cropped-Logo_Radlobby_Niederoesterreich_50-400px_quer-1.jpg","width":450,"height":124,"caption":"Radlobby Nieder\u00f6sterreich"},"image":{"@id":"https:\/\/www.radlobby.org\/noe\/#\/schema\/logo\/image\/"},"sameAs":["https:\/\/www.facebook.com\/groups\/radfahren.in.noe\/"]},{"@type":"Person","@id":"https:\/\/www.radlobby.org\/noe\/#\/schema\/person\/10547574c40a9e9ea65f92c73f3c516b","name":"Karl Zauner - Admin","image":{"@type":"ImageObject","inLanguage":"de","@id":"https:\/\/www.radlobby.org\/noe\/#\/schema\/person\/image\/","url":"https:\/\/secure.gravatar.com\/avatar\/c0be6303c1ffe16a7b1c79e07b12d4b29176a733c2a5e811b749965d4be12138?s=96&d=mm&r=g","contentUrl":"https:\/\/secure.gravatar.com\/avatar\/c0be6303c1ffe16a7b1c79e07b12d4b29176a733c2a5e811b749965d4be12138?s=96&d=mm&r=g","caption":"Karl Zauner - Admin"},"url":"https:\/\/www.radlobby.org\/noe\/author\/karlzauneradmin\/"}]}},"_links":{"self":[{"href":"https:\/\/www.radlobby.org\/noe\/wp-json\/wp\/v2\/posts\/20825","targetHints":{"allow":["GET"]}}],"collection":[{"href":"https:\/\/www.radlobby.org\/noe\/wp-json\/wp\/v2\/posts"}],"about":[{"href":"https:\/\/www.radlobby.org\/noe\/wp-json\/wp\/v2\/types\/post"}],"author":[{"embeddable":true,"href":"https:\/\/www.radlobby.org\/noe\/wp-json\/wp\/v2\/users\/16"}],"replies":[{"embeddable":true,"href":"https:\/\/www.radlobby.org\/noe\/wp-json\/wp\/v2\/comments?post=20825"}],"version-history":[{"count":0,"href":"https:\/\/www.radlobby.org\/noe\/wp-json\/wp\/v2\/posts\/20825\/revisions"}],"wp:featuredmedia":[{"embeddable":true,"href":"https:\/\/www.radlobby.org\/noe\/wp-json\/wp\/v2\/media\/20827"}],"wp:attachment":[{"href":"https:\/\/www.radlobby.org\/noe\/wp-json\/wp\/v2\/media?parent=20825"}],"wp:term":[{"taxonomy":"category","embeddable":true,"href":"https:\/\/www.radlobby.org\/noe\/wp-json\/wp\/v2\/categories?post=20825"},{"taxonomy":"post_tag","embeddable":true,"href":"https:\/\/www.radlobby.org\/noe\/wp-json\/wp\/v2\/tags?post=20825"}],"curies":[{"name":"wp","href":"https:\/\/api.w.org\/{rel}","templated":true}]}}