{"id":20741,"date":"2021-10-11T20:13:18","date_gmt":"2021-10-11T18:13:18","guid":{"rendered":"https:\/\/www.radlobby.org\/noe\/?p=20741"},"modified":"2022-01-15T17:13:35","modified_gmt":"2022-01-15T16:13:35","slug":"krems-vorschlaege-und-verbesserungsideen","status":"publish","type":"post","link":"https:\/\/www.radlobby.org\/noe\/krems-vorschlaege-und-verbesserungsideen\/","title":{"rendered":"Krems: Vorschl\u00e4ge und Verbesserungsideen"},"content":{"rendered":"<p><a href=\"https:\/\/www.radlobby.org\/noe\/wp-content\/uploads\/Vorschlaege-Krems-2021-10.jpg\" data-src=\"https:\/\/www.radlobby.org\/noe\/wp-content\/uploads\/Vorschlaege-Krems-2021-10.jpg\" data-thumb=\"https:\/\/www.radlobby.org\/noe\/wp-content\/uploads\/Vorschlaege-Krems-2021-10-300x204.jpg\" class=\"ml-lightbox-enabled\"><img loading=\"lazy\" decoding=\"async\" class=\"alignleft wp-image-20744 size-medium\" src=\"https:\/\/www.radlobby.org\/noe\/wp-content\/uploads\/Vorschlaege-Krems-2021-10-300x204.jpg\" alt=\"\" width=\"300\" height=\"204\" srcset=\"https:\/\/www.radlobby.org\/noe\/wp-content\/uploads\/Vorschlaege-Krems-2021-10-300x204.jpg 300w, https:\/\/www.radlobby.org\/noe\/wp-content\/uploads\/Vorschlaege-Krems-2021-10-768x523.jpg 768w, https:\/\/www.radlobby.org\/noe\/wp-content\/uploads\/Vorschlaege-Krems-2021-10.jpg 1332w\" sizes=\"auto, (max-width: 300px) 100vw, 300px\" \/><\/a>Im Zuge der Diskussion nach dem Film &#8220;Bikes vs. Cars&#8221; gab es zahlreiche Vorschl\u00e4ge f\u00fcr Erleichterungen f\u00fcr Radfahren (in Krems), so Martin Kalchhauser in den Nieder\u00f6sterreichischen Nachrichten 40\/2021. Den gesamten Bericht lesen Sie nach Klick auf das Foto.<\/p>\n<p>&nbsp;<\/p>\n<p>&nbsp;<\/p>\n<p>&nbsp;<\/p>\n<figure id=\"attachment_21655\" aria-describedby=\"caption-attachment-21655\" style=\"width: 300px\" class=\"wp-caption alignnone\"><img loading=\"lazy\" decoding=\"async\" class=\"size-medium wp-image-21655\" src=\"https:\/\/www.radlobby.org\/noe\/wp-content\/uploads\/21-09-21-radlobby-krems-film-bikes-vs-cars-1-300x225.jpg\" alt=\"\" width=\"300\" height=\"225\" srcset=\"https:\/\/www.radlobby.org\/noe\/wp-content\/uploads\/21-09-21-radlobby-krems-film-bikes-vs-cars-1-300x225.jpg 300w, https:\/\/www.radlobby.org\/noe\/wp-content\/uploads\/21-09-21-radlobby-krems-film-bikes-vs-cars-1-768x576.jpg 768w, https:\/\/www.radlobby.org\/noe\/wp-content\/uploads\/21-09-21-radlobby-krems-film-bikes-vs-cars-1-1536x1152.jpg 1536w, https:\/\/www.radlobby.org\/noe\/wp-content\/uploads\/21-09-21-radlobby-krems-film-bikes-vs-cars-1-2048x1536.jpg 2048w\" sizes=\"auto, (max-width: 300px) 100vw, 300px\" \/><figcaption id=\"caption-attachment-21655\" class=\"wp-caption-text\">Film- und Diskussionsabend &#8220;Bikes vs. Cars&#8221;: Jakob Pachschw\u00f6ll von der Radlobby Krems, Ulrich Leth (Verkehrsplaner), Moderatorin Katharina Kreutzer, Maria Z\u00f6gernitz von verkehrswendepunkt.at, Gerhard Hahel (RL Krems) und Marlene Nutz von FFF Krems (von links). Foto: Martin Kalchhauser<\/figcaption><\/figure>\n","protected":false},"excerpt":{"rendered":"<p>Im Zuge der Diskussion nach dem Film &#8220;Bikes vs. Cars&#8221; gab es zahlreiche Vorschl\u00e4ge f\u00fcr Erleichterungen f\u00fcr Radfahren (in Krems) &#8230;<\/p>\n","protected":false},"author":48,"featured_media":20743,"comment_status":"closed","ping_status":"closed","sticky":false,"template":"","format":"standard","meta":{"footnotes":""},"categories":[1,384,383,15],"tags":[465,349],"class_list":["post-20741","post","type-post","status-publish","format-standard","has-post-thumbnail","hentry","category-allgemein","category-gemeinden-betriebe","category-presse-medien","category-krems","tag-krems-kunstmeile","tag-krems-veranstaltungen"],"yoast_head":"<!-- This site is optimized with the Yoast SEO plugin v26.9 - https:\/\/yoast.com\/product\/yoast-seo-wordpress\/ -->\n<title>Krems: Vorschl\u00e4ge und Verbesserungsideen - Radlobby Nieder\u00f6sterreich<\/title>\n<meta name=\"robots\" content=\"index, follow, max-snippet:-1, max-image-preview:large, max-video-preview:-1\" \/>\n<link rel=\"canonical\" href=\"https:\/\/www.radlobby.org\/noe\/krems-vorschlaege-und-verbesserungsideen\/\" \/>\n<meta property=\"og:locale\" content=\"de_DE\" \/>\n<meta property=\"og:type\" content=\"article\" \/>\n<meta property=\"og:title\" content=\"Krems: Vorschl\u00e4ge und Verbesserungsideen - Radlobby Nieder\u00f6sterreich\" \/>\n<meta property=\"og:description\" content=\"Im Zuge der Diskussion nach dem Film &quot;Bikes vs. Cars&quot; gab es zahlreiche Vorschl\u00e4ge f\u00fcr Erleichterungen f\u00fcr Radfahren (in Krems) ...\" \/>\n<meta property=\"og:url\" content=\"https:\/\/www.radlobby.org\/noe\/krems-vorschlaege-und-verbesserungsideen\/\" \/>\n<meta property=\"og:site_name\" content=\"Radlobby Nieder\u00f6sterreich\" \/>\n<meta property=\"article:publisher\" content=\"https:\/\/www.facebook.com\/groups\/radfahren.in.noe\/\" \/>\n<meta property=\"article:published_time\" content=\"2021-10-11T18:13:18+00:00\" \/>\n<meta property=\"article:modified_time\" content=\"2022-01-15T16:13:35+00:00\" \/>\n<meta property=\"og:image\" content=\"https:\/\/www.radlobby.org\/noe\/wp-content\/uploads\/21-09-21-radlobby-krems-film-bikes-vs-cars-scaled.jpg\" \/>\n\t<meta property=\"og:image:width\" content=\"2560\" \/>\n\t<meta property=\"og:image:height\" content=\"1920\" \/>\n\t<meta property=\"og:image:type\" content=\"image\/jpeg\" \/>\n<meta name=\"author\" content=\"Thomas M\u00fcller\" \/>\n<meta name=\"twitter:card\" content=\"summary_large_image\" \/>\n<meta name=\"twitter:label1\" content=\"Verfasst von\" \/>\n\t<meta name=\"twitter:data1\" content=\"Thomas M\u00fcller\" \/>\n<script type=\"application\/ld+json\" class=\"yoast-schema-graph\">{\"@context\":\"https:\/\/schema.org\",\"@graph\":[{\"@type\":\"Article\",\"@id\":\"https:\/\/www.radlobby.org\/noe\/krems-vorschlaege-und-verbesserungsideen\/#article\",\"isPartOf\":{\"@id\":\"https:\/\/www.radlobby.org\/noe\/krems-vorschlaege-und-verbesserungsideen\/\"},\"author\":{\"name\":\"Thomas M\u00fcller\",\"@id\":\"https:\/\/www.radlobby.org\/noe\/#\/schema\/person\/c6eda4938429780078162c3c1203f741\"},\"headline\":\"Krems: Vorschl\u00e4ge und Verbesserungsideen\",\"datePublished\":\"2021-10-11T18:13:18+00:00\",\"dateModified\":\"2022-01-15T16:13:35+00:00\",\"mainEntityOfPage\":{\"@id\":\"https:\/\/www.radlobby.org\/noe\/krems-vorschlaege-und-verbesserungsideen\/\"},\"wordCount\":96,\"publisher\":{\"@id\":\"https:\/\/www.radlobby.org\/noe\/#organization\"},\"image\":{\"@id\":\"https:\/\/www.radlobby.org\/noe\/krems-vorschlaege-und-verbesserungsideen\/#primaryimage\"},\"thumbnailUrl\":\"https:\/\/www.radlobby.org\/noe\/wp-content\/uploads\/21-09-21-radlobby-krems-film-bikes-vs-cars-scaled.jpg\",\"keywords\":[\"Krems-Kunstmeile\",\"Krems-Veranstaltungen\"],\"articleSection\":{\"1\":\"Gemeinden &amp; Betriebe\",\"2\":\"Presse &amp; Medien\",\"3\":\"Radlobby Krems\"},\"inLanguage\":\"de\"},{\"@type\":\"WebPage\",\"@id\":\"https:\/\/www.radlobby.org\/noe\/krems-vorschlaege-und-verbesserungsideen\/\",\"url\":\"https:\/\/www.radlobby.org\/noe\/krems-vorschlaege-und-verbesserungsideen\/\",\"name\":\"Krems: Vorschl\u00e4ge und Verbesserungsideen - Radlobby Nieder\u00f6sterreich\",\"isPartOf\":{\"@id\":\"https:\/\/www.radlobby.org\/noe\/#website\"},\"primaryImageOfPage\":{\"@id\":\"https:\/\/www.radlobby.org\/noe\/krems-vorschlaege-und-verbesserungsideen\/#primaryimage\"},\"image\":{\"@id\":\"https:\/\/www.radlobby.org\/noe\/krems-vorschlaege-und-verbesserungsideen\/#primaryimage\"},\"thumbnailUrl\":\"https:\/\/www.radlobby.org\/noe\/wp-content\/uploads\/21-09-21-radlobby-krems-film-bikes-vs-cars-scaled.jpg\",\"datePublished\":\"2021-10-11T18:13:18+00:00\",\"dateModified\":\"2022-01-15T16:13:35+00:00\",\"breadcrumb\":{\"@id\":\"https:\/\/www.radlobby.org\/noe\/krems-vorschlaege-und-verbesserungsideen\/#breadcrumb\"},\"inLanguage\":\"de\",\"potentialAction\":[{\"@type\":\"ReadAction\",\"target\":[\"https:\/\/www.radlobby.org\/noe\/krems-vorschlaege-und-verbesserungsideen\/\"]}]},{\"@type\":\"ImageObject\",\"inLanguage\":\"de\",\"@id\":\"https:\/\/www.radlobby.org\/noe\/krems-vorschlaege-und-verbesserungsideen\/#primaryimage\",\"url\":\"https:\/\/www.radlobby.org\/noe\/wp-content\/uploads\/21-09-21-radlobby-krems-film-bikes-vs-cars-scaled.jpg\",\"contentUrl\":\"https:\/\/www.radlobby.org\/noe\/wp-content\/uploads\/21-09-21-radlobby-krems-film-bikes-vs-cars-scaled.jpg\",\"width\":2560,\"height\":1920,\"caption\":\"Film- und Diskussionsabend \\\"Bikes vs. Cars\\\": Jakob Pachschw\u00f6ll von der Radlobby Krems, Ulrich Leth (Verkehrsplaner), Moderatorin Katharina Kreutzer, Maria Z\u00f6gernitz von verkehrswendepunkt.at, Gerhard Hahel (RL Krems) und Marlene Nutz von FFF Krems (von links). Foto: Martin Kalchhauser\"},{\"@type\":\"BreadcrumbList\",\"@id\":\"https:\/\/www.radlobby.org\/noe\/krems-vorschlaege-und-verbesserungsideen\/#breadcrumb\",\"itemListElement\":[{\"@type\":\"ListItem\",\"position\":1,\"name\":\"Startseite\",\"item\":\"https:\/\/www.radlobby.org\/noe\/\"},{\"@type\":\"ListItem\",\"position\":2,\"name\":\"Krems: Vorschl\u00e4ge und Verbesserungsideen\"}]},{\"@type\":\"WebSite\",\"@id\":\"https:\/\/www.radlobby.org\/noe\/#website\",\"url\":\"https:\/\/www.radlobby.org\/noe\/\",\"name\":\"Radlobby Nieder\u00f6sterreich\",\"description\":\"Radverkehr, Fahrrad, Radfahren, Radreisen, Radtouren, Radweg\",\"publisher\":{\"@id\":\"https:\/\/www.radlobby.org\/noe\/#organization\"},\"potentialAction\":[{\"@type\":\"SearchAction\",\"target\":{\"@type\":\"EntryPoint\",\"urlTemplate\":\"https:\/\/www.radlobby.org\/noe\/?s={search_term_string}\"},\"query-input\":{\"@type\":\"PropertyValueSpecification\",\"valueRequired\":true,\"valueName\":\"search_term_string\"}}],\"inLanguage\":\"de\"},{\"@type\":\"Organization\",\"@id\":\"https:\/\/www.radlobby.org\/noe\/#organization\",\"name\":\"Radlobby Nieder\u00f6sterreich\",\"url\":\"https:\/\/www.radlobby.org\/noe\/\",\"logo\":{\"@type\":\"ImageObject\",\"inLanguage\":\"de\",\"@id\":\"https:\/\/www.radlobby.org\/noe\/#\/schema\/logo\/image\/\",\"url\":\"https:\/\/www.radlobby.org\/noe\/wp-content\/uploads\/2017\/01\/cropped-Logo_Radlobby_Niederoesterreich_50-400px_quer-1.jpg\",\"contentUrl\":\"https:\/\/www.radlobby.org\/noe\/wp-content\/uploads\/2017\/01\/cropped-Logo_Radlobby_Niederoesterreich_50-400px_quer-1.jpg\",\"width\":450,\"height\":124,\"caption\":\"Radlobby Nieder\u00f6sterreich\"},\"image\":{\"@id\":\"https:\/\/www.radlobby.org\/noe\/#\/schema\/logo\/image\/\"},\"sameAs\":[\"https:\/\/www.facebook.com\/groups\/radfahren.in.noe\/\"]},{\"@type\":\"Person\",\"@id\":\"https:\/\/www.radlobby.org\/noe\/#\/schema\/person\/c6eda4938429780078162c3c1203f741\",\"name\":\"Thomas M\u00fcller\",\"image\":{\"@type\":\"ImageObject\",\"inLanguage\":\"de\",\"@id\":\"https:\/\/www.radlobby.org\/noe\/#\/schema\/person\/image\/\",\"url\":\"https:\/\/secure.gravatar.com\/avatar\/f1818e00affac820aba8a33b55a6fad12a172bc79c6ece4a489d7d38f3c00777?s=96&d=mm&r=g\",\"contentUrl\":\"https:\/\/secure.gravatar.com\/avatar\/f1818e00affac820aba8a33b55a6fad12a172bc79c6ece4a489d7d38f3c00777?s=96&d=mm&r=g\",\"caption\":\"Thomas M\u00fcller\"},\"url\":\"https:\/\/www.radlobby.org\/noe\/author\/thomas-mueller\/\"}]}<\/script>\n<!-- \/ Yoast SEO plugin. -->","yoast_head_json":{"title":"Krems: Vorschl\u00e4ge und Verbesserungsideen - Radlobby Nieder\u00f6sterreich","robots":{"index":"index","follow":"follow","max-snippet":"max-snippet:-1","max-image-preview":"max-image-preview:large","max-video-preview":"max-video-preview:-1"},"canonical":"https:\/\/www.radlobby.org\/noe\/krems-vorschlaege-und-verbesserungsideen\/","og_locale":"de_DE","og_type":"article","og_title":"Krems: Vorschl\u00e4ge und Verbesserungsideen - Radlobby Nieder\u00f6sterreich","og_description":"Im Zuge der Diskussion nach dem Film \"Bikes vs. Cars\" gab es zahlreiche Vorschl\u00e4ge f\u00fcr Erleichterungen f\u00fcr Radfahren (in Krems) ...","og_url":"https:\/\/www.radlobby.org\/noe\/krems-vorschlaege-und-verbesserungsideen\/","og_site_name":"Radlobby Nieder\u00f6sterreich","article_publisher":"https:\/\/www.facebook.com\/groups\/radfahren.in.noe\/","article_published_time":"2021-10-11T18:13:18+00:00","article_modified_time":"2022-01-15T16:13:35+00:00","og_image":[{"width":2560,"height":1920,"url":"https:\/\/www.radlobby.org\/noe\/wp-content\/uploads\/21-09-21-radlobby-krems-film-bikes-vs-cars-scaled.jpg","type":"image\/jpeg"}],"author":"Thomas M\u00fcller","twitter_card":"summary_large_image","twitter_misc":{"Verfasst von":"Thomas M\u00fcller"},"schema":{"@context":"https:\/\/schema.org","@graph":[{"@type":"Article","@id":"https:\/\/www.radlobby.org\/noe\/krems-vorschlaege-und-verbesserungsideen\/#article","isPartOf":{"@id":"https:\/\/www.radlobby.org\/noe\/krems-vorschlaege-und-verbesserungsideen\/"},"author":{"name":"Thomas M\u00fcller","@id":"https:\/\/www.radlobby.org\/noe\/#\/schema\/person\/c6eda4938429780078162c3c1203f741"},"headline":"Krems: Vorschl\u00e4ge und Verbesserungsideen","datePublished":"2021-10-11T18:13:18+00:00","dateModified":"2022-01-15T16:13:35+00:00","mainEntityOfPage":{"@id":"https:\/\/www.radlobby.org\/noe\/krems-vorschlaege-und-verbesserungsideen\/"},"wordCount":96,"publisher":{"@id":"https:\/\/www.radlobby.org\/noe\/#organization"},"image":{"@id":"https:\/\/www.radlobby.org\/noe\/krems-vorschlaege-und-verbesserungsideen\/#primaryimage"},"thumbnailUrl":"https:\/\/www.radlobby.org\/noe\/wp-content\/uploads\/21-09-21-radlobby-krems-film-bikes-vs-cars-scaled.jpg","keywords":["Krems-Kunstmeile","Krems-Veranstaltungen"],"articleSection":{"1":"Gemeinden &amp; Betriebe","2":"Presse &amp; Medien","3":"Radlobby Krems"},"inLanguage":"de"},{"@type":"WebPage","@id":"https:\/\/www.radlobby.org\/noe\/krems-vorschlaege-und-verbesserungsideen\/","url":"https:\/\/www.radlobby.org\/noe\/krems-vorschlaege-und-verbesserungsideen\/","name":"Krems: Vorschl\u00e4ge und Verbesserungsideen - Radlobby Nieder\u00f6sterreich","isPartOf":{"@id":"https:\/\/www.radlobby.org\/noe\/#website"},"primaryImageOfPage":{"@id":"https:\/\/www.radlobby.org\/noe\/krems-vorschlaege-und-verbesserungsideen\/#primaryimage"},"image":{"@id":"https:\/\/www.radlobby.org\/noe\/krems-vorschlaege-und-verbesserungsideen\/#primaryimage"},"thumbnailUrl":"https:\/\/www.radlobby.org\/noe\/wp-content\/uploads\/21-09-21-radlobby-krems-film-bikes-vs-cars-scaled.jpg","datePublished":"2021-10-11T18:13:18+00:00","dateModified":"2022-01-15T16:13:35+00:00","breadcrumb":{"@id":"https:\/\/www.radlobby.org\/noe\/krems-vorschlaege-und-verbesserungsideen\/#breadcrumb"},"inLanguage":"de","potentialAction":[{"@type":"ReadAction","target":["https:\/\/www.radlobby.org\/noe\/krems-vorschlaege-und-verbesserungsideen\/"]}]},{"@type":"ImageObject","inLanguage":"de","@id":"https:\/\/www.radlobby.org\/noe\/krems-vorschlaege-und-verbesserungsideen\/#primaryimage","url":"https:\/\/www.radlobby.org\/noe\/wp-content\/uploads\/21-09-21-radlobby-krems-film-bikes-vs-cars-scaled.jpg","contentUrl":"https:\/\/www.radlobby.org\/noe\/wp-content\/uploads\/21-09-21-radlobby-krems-film-bikes-vs-cars-scaled.jpg","width":2560,"height":1920,"caption":"Film- und Diskussionsabend \"Bikes vs. Cars\": Jakob Pachschw\u00f6ll von der Radlobby Krems, Ulrich Leth (Verkehrsplaner), Moderatorin Katharina Kreutzer, Maria Z\u00f6gernitz von verkehrswendepunkt.at, Gerhard Hahel (RL Krems) und Marlene Nutz von FFF Krems (von links). Foto: Martin Kalchhauser"},{"@type":"BreadcrumbList","@id":"https:\/\/www.radlobby.org\/noe\/krems-vorschlaege-und-verbesserungsideen\/#breadcrumb","itemListElement":[{"@type":"ListItem","position":1,"name":"Startseite","item":"https:\/\/www.radlobby.org\/noe\/"},{"@type":"ListItem","position":2,"name":"Krems: Vorschl\u00e4ge und Verbesserungsideen"}]},{"@type":"WebSite","@id":"https:\/\/www.radlobby.org\/noe\/#website","url":"https:\/\/www.radlobby.org\/noe\/","name":"Radlobby Nieder\u00f6sterreich","description":"Radverkehr, Fahrrad, Radfahren, Radreisen, Radtouren, Radweg","publisher":{"@id":"https:\/\/www.radlobby.org\/noe\/#organization"},"potentialAction":[{"@type":"SearchAction","target":{"@type":"EntryPoint","urlTemplate":"https:\/\/www.radlobby.org\/noe\/?s={search_term_string}"},"query-input":{"@type":"PropertyValueSpecification","valueRequired":true,"valueName":"search_term_string"}}],"inLanguage":"de"},{"@type":"Organization","@id":"https:\/\/www.radlobby.org\/noe\/#organization","name":"Radlobby Nieder\u00f6sterreich","url":"https:\/\/www.radlobby.org\/noe\/","logo":{"@type":"ImageObject","inLanguage":"de","@id":"https:\/\/www.radlobby.org\/noe\/#\/schema\/logo\/image\/","url":"https:\/\/www.radlobby.org\/noe\/wp-content\/uploads\/2017\/01\/cropped-Logo_Radlobby_Niederoesterreich_50-400px_quer-1.jpg","contentUrl":"https:\/\/www.radlobby.org\/noe\/wp-content\/uploads\/2017\/01\/cropped-Logo_Radlobby_Niederoesterreich_50-400px_quer-1.jpg","width":450,"height":124,"caption":"Radlobby Nieder\u00f6sterreich"},"image":{"@id":"https:\/\/www.radlobby.org\/noe\/#\/schema\/logo\/image\/"},"sameAs":["https:\/\/www.facebook.com\/groups\/radfahren.in.noe\/"]},{"@type":"Person","@id":"https:\/\/www.radlobby.org\/noe\/#\/schema\/person\/c6eda4938429780078162c3c1203f741","name":"Thomas M\u00fcller","image":{"@type":"ImageObject","inLanguage":"de","@id":"https:\/\/www.radlobby.org\/noe\/#\/schema\/person\/image\/","url":"https:\/\/secure.gravatar.com\/avatar\/f1818e00affac820aba8a33b55a6fad12a172bc79c6ece4a489d7d38f3c00777?s=96&d=mm&r=g","contentUrl":"https:\/\/secure.gravatar.com\/avatar\/f1818e00affac820aba8a33b55a6fad12a172bc79c6ece4a489d7d38f3c00777?s=96&d=mm&r=g","caption":"Thomas M\u00fcller"},"url":"https:\/\/www.radlobby.org\/noe\/author\/thomas-mueller\/"}]}},"_links":{"self":[{"href":"https:\/\/www.radlobby.org\/noe\/wp-json\/wp\/v2\/posts\/20741","targetHints":{"allow":["GET"]}}],"collection":[{"href":"https:\/\/www.radlobby.org\/noe\/wp-json\/wp\/v2\/posts"}],"about":[{"href":"https:\/\/www.radlobby.org\/noe\/wp-json\/wp\/v2\/types\/post"}],"author":[{"embeddable":true,"href":"https:\/\/www.radlobby.org\/noe\/wp-json\/wp\/v2\/users\/48"}],"replies":[{"embeddable":true,"href":"https:\/\/www.radlobby.org\/noe\/wp-json\/wp\/v2\/comments?post=20741"}],"version-history":[{"count":0,"href":"https:\/\/www.radlobby.org\/noe\/wp-json\/wp\/v2\/posts\/20741\/revisions"}],"wp:featuredmedia":[{"embeddable":true,"href":"https:\/\/www.radlobby.org\/noe\/wp-json\/wp\/v2\/media\/20743"}],"wp:attachment":[{"href":"https:\/\/www.radlobby.org\/noe\/wp-json\/wp\/v2\/media?parent=20741"}],"wp:term":[{"taxonomy":"category","embeddable":true,"href":"https:\/\/www.radlobby.org\/noe\/wp-json\/wp\/v2\/categories?post=20741"},{"taxonomy":"post_tag","embeddable":true,"href":"https:\/\/www.radlobby.org\/noe\/wp-json\/wp\/v2\/tags?post=20741"}],"curies":[{"name":"wp","href":"https:\/\/api.w.org\/{rel}","templated":true}]}}