{"id":19217,"date":"2021-06-20T20:33:22","date_gmt":"2021-06-20T18:33:22","guid":{"rendered":"https:\/\/www.radlobby.org\/noe\/?p=19217"},"modified":"2022-01-06T18:58:08","modified_gmt":"2022-01-06T17:58:08","slug":"testmoeglichkeit-fuer-lastenraeder","status":"publish","type":"post","link":"https:\/\/www.radlobby.org\/noe\/testmoeglichkeit-fuer-lastenraeder\/","title":{"rendered":"Testm\u00f6glichkeit f\u00fcr Lastenr\u00e4der"},"content":{"rendered":"<p>Wer \u00fcberlegt, sich ein E-Lastenrad anzuschaffen, hat oft wenig M\u00f6glichkeiten, verschieden Modelle zu testen.<\/p>\n<h2>Cargobike Roadshow<\/h2>\n<p>Im Juli gibt\u00b4s eine <a href=\"https:\/\/cargobikeroadshow.org\/\">Cargobike Roadshow<\/a>.<\/p>\n<p>Auf dem \u00f6ffentlichen Testparcours k\u00f6nnen die zwei- und dreir\u00e4drigen E-Lastenr\u00e4der nach kompetenter Einweisung mehrere Stunden getestet werden. Ausgestattet sind die zw\u00f6lf Test-Lastenr\u00e4der mit Aufbauten f\u00fcr die private Nutzung \u2013 Kindertransport inklusive.<\/p>\n<p>Das Roadshow-Team bietet unabh\u00e4ngige Beratung. Es besteht kein wirtschaftliches Interesse am Verkauf der R\u00e4der. Alle Teammitglieder sind Cargobike-Fans mit Expertise in unterschiedlichen Schwerpunkten.<\/p>\n<p><a href=\"https:\/\/www.radlobby.org\/noe\/wp-content\/uploads\/2021_Radparade_Wien_60.jpg\" data-src=\"https:\/\/www.radlobby.org\/noe\/wp-content\/uploads\/2021_Radparade_Wien_60.jpg\" data-thumb=\"https:\/\/www.radlobby.org\/noe\/wp-content\/uploads\/2021_Radparade_Wien_60-300x225.jpg\" class=\"ml-lightbox-enabled\"><img loading=\"lazy\" decoding=\"async\" class=\"alignnone size-medium wp-image-18386\" src=\"https:\/\/www.radlobby.org\/noe\/wp-content\/uploads\/2021_Radparade_Wien_60-300x225.jpg\" alt=\"\" width=\"300\" height=\"225\" srcset=\"https:\/\/www.radlobby.org\/noe\/wp-content\/uploads\/2021_Radparade_Wien_60-300x225.jpg 300w, https:\/\/www.radlobby.org\/noe\/wp-content\/uploads\/2021_Radparade_Wien_60-768x576.jpg 768w, https:\/\/www.radlobby.org\/noe\/wp-content\/uploads\/2021_Radparade_Wien_60.jpg 1312w\" sizes=\"auto, (max-width: 300px) 100vw, 300px\" \/> <\/a><a href=\"https:\/\/www.radlobby.org\/noe\/wp-content\/uploads\/2021_Radparade_Wien_58.jpg\" data-src=\"https:\/\/www.radlobby.org\/noe\/wp-content\/uploads\/2021_Radparade_Wien_58.jpg\" data-thumb=\"https:\/\/www.radlobby.org\/noe\/wp-content\/uploads\/2021_Radparade_Wien_58-300x212.jpg\" class=\"ml-lightbox-enabled\"><img loading=\"lazy\" decoding=\"async\" class=\"alignnone size-medium wp-image-18385\" src=\"https:\/\/www.radlobby.org\/noe\/wp-content\/uploads\/2021_Radparade_Wien_58-300x212.jpg\" alt=\"\" width=\"300\" height=\"212\" srcset=\"https:\/\/www.radlobby.org\/noe\/wp-content\/uploads\/2021_Radparade_Wien_58-300x212.jpg 300w, https:\/\/www.radlobby.org\/noe\/wp-content\/uploads\/2021_Radparade_Wien_58-768x543.jpg 768w, https:\/\/www.radlobby.org\/noe\/wp-content\/uploads\/2021_Radparade_Wien_58.jpg 1079w\" sizes=\"auto, (max-width: 300px) 100vw, 300px\" \/><\/a><\/p>\n<p>Hier die Termine:<\/p>\n<p>MI 07.07 | 13-18:00 |\u00a0<strong>Innsbruck\u00a0<\/strong>@ Platz vor dem Landestheater \/ Haus der Musik<br \/>\nDO 08.07 | 10-15:00 |\u00a0<strong>Salzburg<\/strong>\u00a0@ Platz vor Paracelsusbad<br \/>\nFR 09.07 | 13-18:00 |\u00a0<strong>Wels<\/strong>\u00a0@ Messepark b. Austria Tabak Pavillon<br \/>\nSA 10.07 | 08-13:00 |\u00a0<strong>St. P\u00f6lten<\/strong>\u00a0@ Domplatz \/ Wochenmarkt<br \/>\nSO 11.07 | 09-14:00 |\u00a0<strong>Neufelder See\u00a0<\/strong>@ Strandbad<br \/>\nMO 12.07 | 13-18:00 | <strong>Bad Tatzmannsdorf<\/strong> @ Josef Haydn-Platz<br \/>\nDI 13.07 | 13-18:00 |\u00a0<strong>Gleisdorf<\/strong>\u00a0<strong>@\u00a0<\/strong>Hauptplatz<br \/>\nMI 14.07 | 15-18:00 |\u00a0<strong>Graz<\/strong>\u00a0@ Mariahilferplatz<\/p>\n<p>&nbsp;<\/p>\n<p>&nbsp;<\/p>\n<p>&nbsp;<\/p>\n<p>&nbsp;<\/p>\n<p>&nbsp;<\/p>\n<p>&nbsp;<\/p>\n<p>&nbsp;<\/p>\n<p>&nbsp;<\/p>\n","protected":false},"excerpt":{"rendered":"<p>Wer \u00fcberlegt, sich ein E-Lastenrad anzuschaffen, hat oft wenig M\u00f6glichkeiten, verschieden Modelle zu testen. Cargobike Roadshow Im Juli gibt\u00b4s eine Cargobike Roadshow. Auf dem \u00f6ffentlichen Testparcours k\u00f6nnen die zwei- und dreir\u00e4drigen E-Lastenr\u00e4der nach kompetenter Einweisung mehrere Stunden getestet werden. Ausgestattet<\/p>\n","protected":false},"author":3,"featured_media":16888,"comment_status":"closed","ping_status":"closed","sticky":false,"template":"","format":"standard","meta":{"footnotes":""},"categories":[14,195,375,392,80,343,266,321,411,282,295,11,15,365,9,6,5,20,185,374,283,184,12,28,380,13,342,8,7,16],"tags":[],"class_list":["post-19217","post","type-post","status-publish","format-standard","has-post-thumbnail","hentry","category-bad-sauerbrunn","category-baden","category-bruck-an-der-leitha","category-carnuntum","category-deutsch-wagram","category-ebreichsdorf","category-eichgraben","category-enns-donauwinkel","category-gaenserndorf","category-gmuend","category-klosterneuburg","category-korneuburg","category-krems","category-leithaebene","category-melk","category-mistelbach","category-moedling","category-niederoesterreich","category-poysdorf","category-pressbaum","category-purkersdorf","category-retzer-land","category-schwarzatal","category-st-poelten","category-stockerau","category-tulln","category-waidhofenthaya","category-waidhofenybbs","category-wiener-neustadt","category-wolkersdorf"],"yoast_head":"<!-- This site is optimized with the Yoast SEO plugin v26.9 - https:\/\/yoast.com\/product\/yoast-seo-wordpress\/ -->\n<title>Testm\u00f6glichkeit f\u00fcr Lastenr\u00e4der - Radlobby Nieder\u00f6sterreich<\/title>\n<meta name=\"robots\" content=\"index, follow, max-snippet:-1, max-image-preview:large, max-video-preview:-1\" \/>\n<link rel=\"canonical\" href=\"https:\/\/www.radlobby.org\/noe\/testmoeglichkeit-fuer-lastenraeder\/\" \/>\n<meta property=\"og:locale\" content=\"de_DE\" \/>\n<meta property=\"og:type\" content=\"article\" \/>\n<meta property=\"og:title\" content=\"Testm\u00f6glichkeit f\u00fcr Lastenr\u00e4der - Radlobby Nieder\u00f6sterreich\" \/>\n<meta property=\"og:description\" content=\"Wer \u00fcberlegt, sich ein E-Lastenrad anzuschaffen, hat oft wenig M\u00f6glichkeiten, verschieden Modelle zu testen. Cargobike Roadshow Im Juli gibt\u00b4s eine Cargobike Roadshow. Auf dem \u00f6ffentlichen Testparcours k\u00f6nnen die zwei- und dreir\u00e4drigen E-Lastenr\u00e4der nach kompetenter Einweisung mehrere Stunden getestet werden. Ausgestattet\" \/>\n<meta property=\"og:url\" content=\"https:\/\/www.radlobby.org\/noe\/testmoeglichkeit-fuer-lastenraeder\/\" \/>\n<meta property=\"og:site_name\" content=\"Radlobby Nieder\u00f6sterreich\" \/>\n<meta property=\"article:publisher\" content=\"https:\/\/www.facebook.com\/groups\/radfahren.in.noe\/\" \/>\n<meta property=\"article:published_time\" content=\"2021-06-20T18:33:22+00:00\" \/>\n<meta property=\"article:modified_time\" content=\"2022-01-06T17:58:08+00:00\" \/>\n<meta property=\"og:image\" content=\"https:\/\/www.radlobby.org\/noe\/wp-content\/uploads\/Radlerin_Winter2021_Charlotte_1.jpg\" \/>\n\t<meta property=\"og:image:width\" content=\"1247\" \/>\n\t<meta property=\"og:image:height\" content=\"915\" \/>\n\t<meta property=\"og:image:type\" content=\"image\/jpeg\" \/>\n<meta name=\"author\" content=\"Hermann Hiebner\" \/>\n<meta name=\"twitter:card\" content=\"summary_large_image\" \/>\n<meta name=\"twitter:label1\" content=\"Verfasst von\" \/>\n\t<meta name=\"twitter:data1\" content=\"Hermann Hiebner\" \/>\n\t<meta name=\"twitter:label2\" content=\"Gesch\u00e4tzte Lesezeit\" \/>\n\t<meta name=\"twitter:data2\" content=\"2\u00a0Minuten\" \/>\n<script type=\"application\/ld+json\" class=\"yoast-schema-graph\">{\"@context\":\"https:\/\/schema.org\",\"@graph\":[{\"@type\":\"Article\",\"@id\":\"https:\/\/www.radlobby.org\/noe\/testmoeglichkeit-fuer-lastenraeder\/#article\",\"isPartOf\":{\"@id\":\"https:\/\/www.radlobby.org\/noe\/testmoeglichkeit-fuer-lastenraeder\/\"},\"author\":{\"name\":\"Hermann Hiebner\",\"@id\":\"https:\/\/www.radlobby.org\/noe\/#\/schema\/person\/c91605b70aca449bea4cb27190b0dbe2\"},\"headline\":\"Testm\u00f6glichkeit f\u00fcr Lastenr\u00e4der\",\"datePublished\":\"2021-06-20T18:33:22+00:00\",\"dateModified\":\"2022-01-06T17:58:08+00:00\",\"mainEntityOfPage\":{\"@id\":\"https:\/\/www.radlobby.org\/noe\/testmoeglichkeit-fuer-lastenraeder\/\"},\"wordCount\":152,\"publisher\":{\"@id\":\"https:\/\/www.radlobby.org\/noe\/#organization\"},\"image\":{\"@id\":\"https:\/\/www.radlobby.org\/noe\/testmoeglichkeit-fuer-lastenraeder\/#primaryimage\"},\"thumbnailUrl\":\"https:\/\/www.radlobby.org\/noe\/wp-content\/uploads\/Radlerin_Winter2021_Charlotte_1.jpg\",\"articleSection\":[\"Radlobby Bad Sauerbrunn\",\"Radlobby Baden\",\"Radlobby Bruck an der Leitha\",\"Radlobby Carnuntum\",\"Radlobby Deutsch-Wagram\",\"Radlobby Ebreichsdorf\",\"Radlobby Eichgraben\",\"Radlobby Enns-Donauwinkel\",\"Radlobby G\u00e4nserndorf\",\"Radlobby Gm\u00fcnd\",\"Radlobby Klosterneuburg\",\"Radlobby Korneuburg\",\"Radlobby Krems\",\"Radlobby Leithaebene\",\"Radlobby Melk\",\"Radlobby Mistelbach\",\"Radlobby M\u00f6dling\",\"Radlobby Nieder\u00f6sterreich\",\"Radlobby Poysdorf\",\"Radlobby Pressbaum\",\"Radlobby Purkersdorf\",\"Radlobby Retzer-Land\",\"Radlobby Schwarzatal\",\"Radlobby St. P\u00f6lten\",\"Radlobby Stockerau\",\"Radlobby Tulln\",\"Radlobby WaidhofenThaya\",\"Radlobby WaidhofenYbbs\",\"Radlobby Wiener Neustadt\",\"Radlobby Wolkersdorf\"],\"inLanguage\":\"de\"},{\"@type\":\"WebPage\",\"@id\":\"https:\/\/www.radlobby.org\/noe\/testmoeglichkeit-fuer-lastenraeder\/\",\"url\":\"https:\/\/www.radlobby.org\/noe\/testmoeglichkeit-fuer-lastenraeder\/\",\"name\":\"Testm\u00f6glichkeit f\u00fcr Lastenr\u00e4der - Radlobby Nieder\u00f6sterreich\",\"isPartOf\":{\"@id\":\"https:\/\/www.radlobby.org\/noe\/#website\"},\"primaryImageOfPage\":{\"@id\":\"https:\/\/www.radlobby.org\/noe\/testmoeglichkeit-fuer-lastenraeder\/#primaryimage\"},\"image\":{\"@id\":\"https:\/\/www.radlobby.org\/noe\/testmoeglichkeit-fuer-lastenraeder\/#primaryimage\"},\"thumbnailUrl\":\"https:\/\/www.radlobby.org\/noe\/wp-content\/uploads\/Radlerin_Winter2021_Charlotte_1.jpg\",\"datePublished\":\"2021-06-20T18:33:22+00:00\",\"dateModified\":\"2022-01-06T17:58:08+00:00\",\"breadcrumb\":{\"@id\":\"https:\/\/www.radlobby.org\/noe\/testmoeglichkeit-fuer-lastenraeder\/#breadcrumb\"},\"inLanguage\":\"de\",\"potentialAction\":[{\"@type\":\"ReadAction\",\"target\":[\"https:\/\/www.radlobby.org\/noe\/testmoeglichkeit-fuer-lastenraeder\/\"]}]},{\"@type\":\"ImageObject\",\"inLanguage\":\"de\",\"@id\":\"https:\/\/www.radlobby.org\/noe\/testmoeglichkeit-fuer-lastenraeder\/#primaryimage\",\"url\":\"https:\/\/www.radlobby.org\/noe\/wp-content\/uploads\/Radlerin_Winter2021_Charlotte_1.jpg\",\"contentUrl\":\"https:\/\/www.radlobby.org\/noe\/wp-content\/uploads\/Radlerin_Winter2021_Charlotte_1.jpg\",\"width\":1247,\"height\":915},{\"@type\":\"BreadcrumbList\",\"@id\":\"https:\/\/www.radlobby.org\/noe\/testmoeglichkeit-fuer-lastenraeder\/#breadcrumb\",\"itemListElement\":[{\"@type\":\"ListItem\",\"position\":1,\"name\":\"Startseite\",\"item\":\"https:\/\/www.radlobby.org\/noe\/\"},{\"@type\":\"ListItem\",\"position\":2,\"name\":\"Testm\u00f6glichkeit f\u00fcr Lastenr\u00e4der\"}]},{\"@type\":\"WebSite\",\"@id\":\"https:\/\/www.radlobby.org\/noe\/#website\",\"url\":\"https:\/\/www.radlobby.org\/noe\/\",\"name\":\"Radlobby Nieder\u00f6sterreich\",\"description\":\"Radverkehr, Fahrrad, Radfahren, Radreisen, Radtouren, Radweg\",\"publisher\":{\"@id\":\"https:\/\/www.radlobby.org\/noe\/#organization\"},\"potentialAction\":[{\"@type\":\"SearchAction\",\"target\":{\"@type\":\"EntryPoint\",\"urlTemplate\":\"https:\/\/www.radlobby.org\/noe\/?s={search_term_string}\"},\"query-input\":{\"@type\":\"PropertyValueSpecification\",\"valueRequired\":true,\"valueName\":\"search_term_string\"}}],\"inLanguage\":\"de\"},{\"@type\":\"Organization\",\"@id\":\"https:\/\/www.radlobby.org\/noe\/#organization\",\"name\":\"Radlobby Nieder\u00f6sterreich\",\"url\":\"https:\/\/www.radlobby.org\/noe\/\",\"logo\":{\"@type\":\"ImageObject\",\"inLanguage\":\"de\",\"@id\":\"https:\/\/www.radlobby.org\/noe\/#\/schema\/logo\/image\/\",\"url\":\"https:\/\/www.radlobby.org\/noe\/wp-content\/uploads\/2017\/01\/cropped-Logo_Radlobby_Niederoesterreich_50-400px_quer-1.jpg\",\"contentUrl\":\"https:\/\/www.radlobby.org\/noe\/wp-content\/uploads\/2017\/01\/cropped-Logo_Radlobby_Niederoesterreich_50-400px_quer-1.jpg\",\"width\":450,\"height\":124,\"caption\":\"Radlobby Nieder\u00f6sterreich\"},\"image\":{\"@id\":\"https:\/\/www.radlobby.org\/noe\/#\/schema\/logo\/image\/\"},\"sameAs\":[\"https:\/\/www.facebook.com\/groups\/radfahren.in.noe\/\"]},{\"@type\":\"Person\",\"@id\":\"https:\/\/www.radlobby.org\/noe\/#\/schema\/person\/c91605b70aca449bea4cb27190b0dbe2\",\"name\":\"Hermann Hiebner\",\"image\":{\"@type\":\"ImageObject\",\"inLanguage\":\"de\",\"@id\":\"https:\/\/www.radlobby.org\/noe\/#\/schema\/person\/image\/\",\"url\":\"https:\/\/secure.gravatar.com\/avatar\/d9d442cd70d260be25a46bab5f85206043aabce00da594192c593e7d4fc65f72?s=96&d=mm&r=g\",\"contentUrl\":\"https:\/\/secure.gravatar.com\/avatar\/d9d442cd70d260be25a46bab5f85206043aabce00da594192c593e7d4fc65f72?s=96&d=mm&r=g\",\"caption\":\"Hermann Hiebner\"},\"url\":\"https:\/\/www.radlobby.org\/noe\/author\/hermannhiebner\/\"}]}<\/script>\n<!-- \/ Yoast SEO plugin. -->","yoast_head_json":{"title":"Testm\u00f6glichkeit f\u00fcr Lastenr\u00e4der - Radlobby Nieder\u00f6sterreich","robots":{"index":"index","follow":"follow","max-snippet":"max-snippet:-1","max-image-preview":"max-image-preview:large","max-video-preview":"max-video-preview:-1"},"canonical":"https:\/\/www.radlobby.org\/noe\/testmoeglichkeit-fuer-lastenraeder\/","og_locale":"de_DE","og_type":"article","og_title":"Testm\u00f6glichkeit f\u00fcr Lastenr\u00e4der - Radlobby Nieder\u00f6sterreich","og_description":"Wer \u00fcberlegt, sich ein E-Lastenrad anzuschaffen, hat oft wenig M\u00f6glichkeiten, verschieden Modelle zu testen. Cargobike Roadshow Im Juli gibt\u00b4s eine Cargobike Roadshow. Auf dem \u00f6ffentlichen Testparcours k\u00f6nnen die zwei- und dreir\u00e4drigen E-Lastenr\u00e4der nach kompetenter Einweisung mehrere Stunden getestet werden. Ausgestattet","og_url":"https:\/\/www.radlobby.org\/noe\/testmoeglichkeit-fuer-lastenraeder\/","og_site_name":"Radlobby Nieder\u00f6sterreich","article_publisher":"https:\/\/www.facebook.com\/groups\/radfahren.in.noe\/","article_published_time":"2021-06-20T18:33:22+00:00","article_modified_time":"2022-01-06T17:58:08+00:00","og_image":[{"width":1247,"height":915,"url":"https:\/\/www.radlobby.org\/noe\/wp-content\/uploads\/Radlerin_Winter2021_Charlotte_1.jpg","type":"image\/jpeg"}],"author":"Hermann Hiebner","twitter_card":"summary_large_image","twitter_misc":{"Verfasst von":"Hermann Hiebner","Gesch\u00e4tzte Lesezeit":"2\u00a0Minuten"},"schema":{"@context":"https:\/\/schema.org","@graph":[{"@type":"Article","@id":"https:\/\/www.radlobby.org\/noe\/testmoeglichkeit-fuer-lastenraeder\/#article","isPartOf":{"@id":"https:\/\/www.radlobby.org\/noe\/testmoeglichkeit-fuer-lastenraeder\/"},"author":{"name":"Hermann Hiebner","@id":"https:\/\/www.radlobby.org\/noe\/#\/schema\/person\/c91605b70aca449bea4cb27190b0dbe2"},"headline":"Testm\u00f6glichkeit f\u00fcr Lastenr\u00e4der","datePublished":"2021-06-20T18:33:22+00:00","dateModified":"2022-01-06T17:58:08+00:00","mainEntityOfPage":{"@id":"https:\/\/www.radlobby.org\/noe\/testmoeglichkeit-fuer-lastenraeder\/"},"wordCount":152,"publisher":{"@id":"https:\/\/www.radlobby.org\/noe\/#organization"},"image":{"@id":"https:\/\/www.radlobby.org\/noe\/testmoeglichkeit-fuer-lastenraeder\/#primaryimage"},"thumbnailUrl":"https:\/\/www.radlobby.org\/noe\/wp-content\/uploads\/Radlerin_Winter2021_Charlotte_1.jpg","articleSection":["Radlobby Bad Sauerbrunn","Radlobby Baden","Radlobby Bruck an der Leitha","Radlobby Carnuntum","Radlobby Deutsch-Wagram","Radlobby Ebreichsdorf","Radlobby Eichgraben","Radlobby Enns-Donauwinkel","Radlobby G\u00e4nserndorf","Radlobby Gm\u00fcnd","Radlobby Klosterneuburg","Radlobby Korneuburg","Radlobby Krems","Radlobby Leithaebene","Radlobby Melk","Radlobby Mistelbach","Radlobby M\u00f6dling","Radlobby Nieder\u00f6sterreich","Radlobby Poysdorf","Radlobby Pressbaum","Radlobby Purkersdorf","Radlobby Retzer-Land","Radlobby Schwarzatal","Radlobby St. P\u00f6lten","Radlobby Stockerau","Radlobby Tulln","Radlobby WaidhofenThaya","Radlobby WaidhofenYbbs","Radlobby Wiener Neustadt","Radlobby Wolkersdorf"],"inLanguage":"de"},{"@type":"WebPage","@id":"https:\/\/www.radlobby.org\/noe\/testmoeglichkeit-fuer-lastenraeder\/","url":"https:\/\/www.radlobby.org\/noe\/testmoeglichkeit-fuer-lastenraeder\/","name":"Testm\u00f6glichkeit f\u00fcr Lastenr\u00e4der - Radlobby Nieder\u00f6sterreich","isPartOf":{"@id":"https:\/\/www.radlobby.org\/noe\/#website"},"primaryImageOfPage":{"@id":"https:\/\/www.radlobby.org\/noe\/testmoeglichkeit-fuer-lastenraeder\/#primaryimage"},"image":{"@id":"https:\/\/www.radlobby.org\/noe\/testmoeglichkeit-fuer-lastenraeder\/#primaryimage"},"thumbnailUrl":"https:\/\/www.radlobby.org\/noe\/wp-content\/uploads\/Radlerin_Winter2021_Charlotte_1.jpg","datePublished":"2021-06-20T18:33:22+00:00","dateModified":"2022-01-06T17:58:08+00:00","breadcrumb":{"@id":"https:\/\/www.radlobby.org\/noe\/testmoeglichkeit-fuer-lastenraeder\/#breadcrumb"},"inLanguage":"de","potentialAction":[{"@type":"ReadAction","target":["https:\/\/www.radlobby.org\/noe\/testmoeglichkeit-fuer-lastenraeder\/"]}]},{"@type":"ImageObject","inLanguage":"de","@id":"https:\/\/www.radlobby.org\/noe\/testmoeglichkeit-fuer-lastenraeder\/#primaryimage","url":"https:\/\/www.radlobby.org\/noe\/wp-content\/uploads\/Radlerin_Winter2021_Charlotte_1.jpg","contentUrl":"https:\/\/www.radlobby.org\/noe\/wp-content\/uploads\/Radlerin_Winter2021_Charlotte_1.jpg","width":1247,"height":915},{"@type":"BreadcrumbList","@id":"https:\/\/www.radlobby.org\/noe\/testmoeglichkeit-fuer-lastenraeder\/#breadcrumb","itemListElement":[{"@type":"ListItem","position":1,"name":"Startseite","item":"https:\/\/www.radlobby.org\/noe\/"},{"@type":"ListItem","position":2,"name":"Testm\u00f6glichkeit f\u00fcr Lastenr\u00e4der"}]},{"@type":"WebSite","@id":"https:\/\/www.radlobby.org\/noe\/#website","url":"https:\/\/www.radlobby.org\/noe\/","name":"Radlobby Nieder\u00f6sterreich","description":"Radverkehr, Fahrrad, Radfahren, Radreisen, Radtouren, Radweg","publisher":{"@id":"https:\/\/www.radlobby.org\/noe\/#organization"},"potentialAction":[{"@type":"SearchAction","target":{"@type":"EntryPoint","urlTemplate":"https:\/\/www.radlobby.org\/noe\/?s={search_term_string}"},"query-input":{"@type":"PropertyValueSpecification","valueRequired":true,"valueName":"search_term_string"}}],"inLanguage":"de"},{"@type":"Organization","@id":"https:\/\/www.radlobby.org\/noe\/#organization","name":"Radlobby Nieder\u00f6sterreich","url":"https:\/\/www.radlobby.org\/noe\/","logo":{"@type":"ImageObject","inLanguage":"de","@id":"https:\/\/www.radlobby.org\/noe\/#\/schema\/logo\/image\/","url":"https:\/\/www.radlobby.org\/noe\/wp-content\/uploads\/2017\/01\/cropped-Logo_Radlobby_Niederoesterreich_50-400px_quer-1.jpg","contentUrl":"https:\/\/www.radlobby.org\/noe\/wp-content\/uploads\/2017\/01\/cropped-Logo_Radlobby_Niederoesterreich_50-400px_quer-1.jpg","width":450,"height":124,"caption":"Radlobby Nieder\u00f6sterreich"},"image":{"@id":"https:\/\/www.radlobby.org\/noe\/#\/schema\/logo\/image\/"},"sameAs":["https:\/\/www.facebook.com\/groups\/radfahren.in.noe\/"]},{"@type":"Person","@id":"https:\/\/www.radlobby.org\/noe\/#\/schema\/person\/c91605b70aca449bea4cb27190b0dbe2","name":"Hermann Hiebner","image":{"@type":"ImageObject","inLanguage":"de","@id":"https:\/\/www.radlobby.org\/noe\/#\/schema\/person\/image\/","url":"https:\/\/secure.gravatar.com\/avatar\/d9d442cd70d260be25a46bab5f85206043aabce00da594192c593e7d4fc65f72?s=96&d=mm&r=g","contentUrl":"https:\/\/secure.gravatar.com\/avatar\/d9d442cd70d260be25a46bab5f85206043aabce00da594192c593e7d4fc65f72?s=96&d=mm&r=g","caption":"Hermann Hiebner"},"url":"https:\/\/www.radlobby.org\/noe\/author\/hermannhiebner\/"}]}},"_links":{"self":[{"href":"https:\/\/www.radlobby.org\/noe\/wp-json\/wp\/v2\/posts\/19217","targetHints":{"allow":["GET"]}}],"collection":[{"href":"https:\/\/www.radlobby.org\/noe\/wp-json\/wp\/v2\/posts"}],"about":[{"href":"https:\/\/www.radlobby.org\/noe\/wp-json\/wp\/v2\/types\/post"}],"author":[{"embeddable":true,"href":"https:\/\/www.radlobby.org\/noe\/wp-json\/wp\/v2\/users\/3"}],"replies":[{"embeddable":true,"href":"https:\/\/www.radlobby.org\/noe\/wp-json\/wp\/v2\/comments?post=19217"}],"version-history":[{"count":0,"href":"https:\/\/www.radlobby.org\/noe\/wp-json\/wp\/v2\/posts\/19217\/revisions"}],"wp:featuredmedia":[{"embeddable":true,"href":"https:\/\/www.radlobby.org\/noe\/wp-json\/wp\/v2\/media\/16888"}],"wp:attachment":[{"href":"https:\/\/www.radlobby.org\/noe\/wp-json\/wp\/v2\/media?parent=19217"}],"wp:term":[{"taxonomy":"category","embeddable":true,"href":"https:\/\/www.radlobby.org\/noe\/wp-json\/wp\/v2\/categories?post=19217"},{"taxonomy":"post_tag","embeddable":true,"href":"https:\/\/www.radlobby.org\/noe\/wp-json\/wp\/v2\/tags?post=19217"}],"curies":[{"name":"wp","href":"https:\/\/api.w.org\/{rel}","templated":true}]}}