{"id":19174,"date":"2021-07-02T01:52:00","date_gmt":"2021-07-01T23:52:00","guid":{"rendered":"https:\/\/www.radlobby.org\/noe\/?p=19174"},"modified":"2021-07-02T10:12:38","modified_gmt":"2021-07-02T08:12:38","slug":"moedling-petitionsstart-alltagsradfahren","status":"publish","type":"post","link":"https:\/\/www.radlobby.org\/noe\/moedling-petitionsstart-alltagsradfahren\/","title":{"rendered":"Radlobby M\u00f6dling startet Onlinepetition &#8220;Alltagsradfahren mit Zukunft&#8221; f\u00fcr Radweg M\u00f6dling-Gaaden"},"content":{"rendered":"<p>24.06.2021<a href=\"http:\/\/mein.aufstehn.at\/p\/alltagsradfahren\"><img loading=\"lazy\" decoding=\"async\" class=\"alignright wp-image-19082 size-medium\" src=\"https:\/\/www.radlobby.org\/noe\/wp-content\/uploads\/Petitionsbild4_Foto_ohne_Radsymbole-300x211.jpg\" alt=\"\" width=\"300\" height=\"211\" srcset=\"https:\/\/www.radlobby.org\/noe\/wp-content\/uploads\/Petitionsbild4_Foto_ohne_Radsymbole-300x211.jpg 300w, https:\/\/www.radlobby.org\/noe\/wp-content\/uploads\/Petitionsbild4_Foto_ohne_Radsymbole-768x541.jpg 768w, https:\/\/www.radlobby.org\/noe\/wp-content\/uploads\/Petitionsbild4_Foto_ohne_Radsymbole.jpg 1191w\" sizes=\"auto, (max-width: 300px) 100vw, 300px\" \/><\/a><\/p>\n<p><strong>Im Abschnitt Vorderbr\u00fchl wird die Landesstra\u00dfe B11 derzeit saniert. Die Erfordernisse des Radverkehrs werden dabei unzureichend ber\u00fccksichtigt. Um eine geeignete Radwegverbindung f\u00fcr den Alltagsverkehr von M\u00f6dling \u00fcber die Hinterbr\u00fchl nach Gaaden durchzusetzen, startet die Radlobby M\u00f6dling eine<\/strong> <a href=\"http:\/\/mein.aufstehn.at\/p\/alltagsradfahren\"><strong>Online-Petition.<\/strong><\/a><\/p>\n<p>Wenn die B11 im Bereich der Klausen in den n\u00e4chsten Jahren saniert wird, muss die Gelegenheit, hier einen Radweg zu errichten, gen\u00fctzt werden.<\/p>\n<p>Im Bereich der Vorderbr\u00fchl ist die bestehende Radroute teils eng und verwinkelt, und Spazierg\u00e4nger verhindern oft eine z\u00fcgiges Radfahrtempo.<\/p>\n<p>Au\u00dferdem muss der Radweg-L\u00fcckenschluss zwischen Hinterbr\u00fchl und Gaaden, \u00fcber den seit Jahren diskutiert wird, endlich realisiert werden, der zugleich auch das letzte Teilst\u00fcck der touristisch wichtigen Radroute von Baden \u00fcber Heiligenkreuz und die Hinterbr\u00fchl (Seegrotte) nach M\u00f6dling darstellt.<\/p>\n<p>Die Radlobby M\u00f6dling fordert auch eine automatische und verbindliche Einbeziehung von Radverkehrsplanungs-ExpertInnen bei Stra\u00dfensanierungen im Bezirk, um in Zukunft die Radmobilit\u00e4t besser zu ber\u00fccksichtigen.<\/p>\n<p>Die Petition ist an die B\u00fcrgermeister der betroffenen Gemeinden sowie an die Landeshauptfrau und den Verkehrslandesrat gerichtet und kann ab sofort unter<\/p>\n<p style=\"text-align: center;\"><a href=\"http:\/\/mein.aufstehn.at\/p\/alltagsradfahren\">http:\/\/mein.aufstehn.at\/p\/alltagsradfahren<\/a><\/p>\n<p>unterzeichnet werden.<\/p>\n<p><a href=\"https:\/\/www.radlobby.org\/noe\/moedling-petition-alltagsradfahren\">Inhalt und Hintergrundinformationen zur Petition<\/a><\/p>\n","protected":false},"excerpt":{"rendered":"<p>24.06.2021 Im Abschnitt Vorderbr\u00fchl wird die Landesstra\u00dfe B11 derzeit saniert. Die Erfordernisse des Radverkehrs werden dabei unzureichend ber\u00fccksichtigt. Um eine geeignete Radwegverbindung f\u00fcr den Alltagsverkehr von M\u00f6dling \u00fcber die Hinterbr\u00fchl nach Gaaden durchzusetzen, startet die Radlobby M\u00f6dling eine Online-Petition. Wenn<\/p>\n","protected":false},"author":7,"featured_media":19082,"comment_status":"closed","ping_status":"closed","sticky":false,"template":"","format":"standard","meta":{"footnotes":""},"categories":[5,20],"tags":[446,23,323,233,193,22],"class_list":["post-19174","post","type-post","status-publish","format-standard","has-post-thumbnail","hentry","category-moedling","category-niederoesterreich","tag-alltagsradfahren","tag-infrastruktur","tag-petition","tag-radlobby","tag-radpolitik","tag-verkehrspolitik"],"yoast_head":"<!-- This site is optimized with the Yoast SEO plugin v26.9 - https:\/\/yoast.com\/product\/yoast-seo-wordpress\/ -->\n<title>Radlobby M\u00f6dling startet Onlinepetition &quot;Alltagsradfahren mit Zukunft&quot; f\u00fcr Radweg M\u00f6dling-Gaaden - Radlobby Nieder\u00f6sterreich<\/title>\n<meta name=\"robots\" content=\"index, follow, max-snippet:-1, max-image-preview:large, max-video-preview:-1\" \/>\n<link rel=\"canonical\" href=\"https:\/\/www.radlobby.org\/noe\/moedling-petitionsstart-alltagsradfahren\/\" \/>\n<meta property=\"og:locale\" content=\"de_DE\" \/>\n<meta property=\"og:type\" content=\"article\" \/>\n<meta property=\"og:title\" content=\"Radlobby M\u00f6dling startet Onlinepetition &quot;Alltagsradfahren mit Zukunft&quot; f\u00fcr Radweg M\u00f6dling-Gaaden - Radlobby Nieder\u00f6sterreich\" \/>\n<meta property=\"og:description\" content=\"24.06.2021 Im Abschnitt Vorderbr\u00fchl wird die Landesstra\u00dfe B11 derzeit saniert. Die Erfordernisse des Radverkehrs werden dabei unzureichend ber\u00fccksichtigt. Um eine geeignete Radwegverbindung f\u00fcr den Alltagsverkehr von M\u00f6dling \u00fcber die Hinterbr\u00fchl nach Gaaden durchzusetzen, startet die Radlobby M\u00f6dling eine Online-Petition. Wenn\" \/>\n<meta property=\"og:url\" content=\"https:\/\/www.radlobby.org\/noe\/moedling-petitionsstart-alltagsradfahren\/\" \/>\n<meta property=\"og:site_name\" content=\"Radlobby Nieder\u00f6sterreich\" \/>\n<meta property=\"article:publisher\" content=\"https:\/\/www.facebook.com\/groups\/radfahren.in.noe\/\" \/>\n<meta property=\"article:published_time\" content=\"2021-07-01T23:52:00+00:00\" \/>\n<meta property=\"article:modified_time\" content=\"2021-07-02T08:12:38+00:00\" \/>\n<meta property=\"og:image\" content=\"https:\/\/www.radlobby.org\/noe\/wp-content\/uploads\/Petitionsbild4_Foto_ohne_Radsymbole.jpg\" \/>\n\t<meta property=\"og:image:width\" content=\"1191\" \/>\n\t<meta property=\"og:image:height\" content=\"839\" \/>\n\t<meta property=\"og:image:type\" content=\"image\/jpeg\" \/>\n<meta name=\"author\" content=\"Alfred Tr\u00f6tzm\u00fcller\" \/>\n<meta name=\"twitter:card\" content=\"summary_large_image\" \/>\n<meta name=\"twitter:label1\" content=\"Verfasst von\" \/>\n\t<meta name=\"twitter:data1\" content=\"Alfred Tr\u00f6tzm\u00fcller\" \/>\n\t<meta name=\"twitter:label2\" content=\"Gesch\u00e4tzte Lesezeit\" \/>\n\t<meta name=\"twitter:data2\" content=\"1\u00a0Minute\" \/>\n<script type=\"application\/ld+json\" class=\"yoast-schema-graph\">{\"@context\":\"https:\/\/schema.org\",\"@graph\":[{\"@type\":\"Article\",\"@id\":\"https:\/\/www.radlobby.org\/noe\/moedling-petitionsstart-alltagsradfahren\/#article\",\"isPartOf\":{\"@id\":\"https:\/\/www.radlobby.org\/noe\/moedling-petitionsstart-alltagsradfahren\/\"},\"author\":{\"name\":\"Alfred Tr\u00f6tzm\u00fcller\",\"@id\":\"https:\/\/www.radlobby.org\/noe\/#\/schema\/person\/750e869438f4a484aa9e8e88a6b753c1\"},\"headline\":\"Radlobby M\u00f6dling startet Onlinepetition &#8220;Alltagsradfahren mit Zukunft&#8221; f\u00fcr Radweg M\u00f6dling-Gaaden\",\"datePublished\":\"2021-07-01T23:52:00+00:00\",\"dateModified\":\"2021-07-02T08:12:38+00:00\",\"mainEntityOfPage\":{\"@id\":\"https:\/\/www.radlobby.org\/noe\/moedling-petitionsstart-alltagsradfahren\/\"},\"wordCount\":213,\"publisher\":{\"@id\":\"https:\/\/www.radlobby.org\/noe\/#organization\"},\"image\":{\"@id\":\"https:\/\/www.radlobby.org\/noe\/moedling-petitionsstart-alltagsradfahren\/#primaryimage\"},\"thumbnailUrl\":\"https:\/\/www.radlobby.org\/noe\/wp-content\/uploads\/Petitionsbild4_Foto_ohne_Radsymbole.jpg\",\"keywords\":[\"Alltagsradfahren\",\"Infrastruktur\",\"Petition\",\"Radlobby\",\"Radpolitik\",\"Verkehrspolitik\"],\"articleSection\":[\"Radlobby M\u00f6dling\",\"Radlobby Nieder\u00f6sterreich\"],\"inLanguage\":\"de\"},{\"@type\":\"WebPage\",\"@id\":\"https:\/\/www.radlobby.org\/noe\/moedling-petitionsstart-alltagsradfahren\/\",\"url\":\"https:\/\/www.radlobby.org\/noe\/moedling-petitionsstart-alltagsradfahren\/\",\"name\":\"Radlobby M\u00f6dling startet Onlinepetition \\\"Alltagsradfahren mit Zukunft\\\" f\u00fcr Radweg M\u00f6dling-Gaaden - Radlobby Nieder\u00f6sterreich\",\"isPartOf\":{\"@id\":\"https:\/\/www.radlobby.org\/noe\/#website\"},\"primaryImageOfPage\":{\"@id\":\"https:\/\/www.radlobby.org\/noe\/moedling-petitionsstart-alltagsradfahren\/#primaryimage\"},\"image\":{\"@id\":\"https:\/\/www.radlobby.org\/noe\/moedling-petitionsstart-alltagsradfahren\/#primaryimage\"},\"thumbnailUrl\":\"https:\/\/www.radlobby.org\/noe\/wp-content\/uploads\/Petitionsbild4_Foto_ohne_Radsymbole.jpg\",\"datePublished\":\"2021-07-01T23:52:00+00:00\",\"dateModified\":\"2021-07-02T08:12:38+00:00\",\"breadcrumb\":{\"@id\":\"https:\/\/www.radlobby.org\/noe\/moedling-petitionsstart-alltagsradfahren\/#breadcrumb\"},\"inLanguage\":\"de\",\"potentialAction\":[{\"@type\":\"ReadAction\",\"target\":[\"https:\/\/www.radlobby.org\/noe\/moedling-petitionsstart-alltagsradfahren\/\"]}]},{\"@type\":\"ImageObject\",\"inLanguage\":\"de\",\"@id\":\"https:\/\/www.radlobby.org\/noe\/moedling-petitionsstart-alltagsradfahren\/#primaryimage\",\"url\":\"https:\/\/www.radlobby.org\/noe\/wp-content\/uploads\/Petitionsbild4_Foto_ohne_Radsymbole.jpg\",\"contentUrl\":\"https:\/\/www.radlobby.org\/noe\/wp-content\/uploads\/Petitionsbild4_Foto_ohne_Radsymbole.jpg\",\"width\":1191,\"height\":839},{\"@type\":\"BreadcrumbList\",\"@id\":\"https:\/\/www.radlobby.org\/noe\/moedling-petitionsstart-alltagsradfahren\/#breadcrumb\",\"itemListElement\":[{\"@type\":\"ListItem\",\"position\":1,\"name\":\"Startseite\",\"item\":\"https:\/\/www.radlobby.org\/noe\/\"},{\"@type\":\"ListItem\",\"position\":2,\"name\":\"Radlobby M\u00f6dling startet Onlinepetition &#8222;Alltagsradfahren mit Zukunft&#8220; f\u00fcr Radweg M\u00f6dling-Gaaden\"}]},{\"@type\":\"WebSite\",\"@id\":\"https:\/\/www.radlobby.org\/noe\/#website\",\"url\":\"https:\/\/www.radlobby.org\/noe\/\",\"name\":\"Radlobby Nieder\u00f6sterreich\",\"description\":\"Radverkehr, Fahrrad, Radfahren, Radreisen, Radtouren, Radweg\",\"publisher\":{\"@id\":\"https:\/\/www.radlobby.org\/noe\/#organization\"},\"potentialAction\":[{\"@type\":\"SearchAction\",\"target\":{\"@type\":\"EntryPoint\",\"urlTemplate\":\"https:\/\/www.radlobby.org\/noe\/?s={search_term_string}\"},\"query-input\":{\"@type\":\"PropertyValueSpecification\",\"valueRequired\":true,\"valueName\":\"search_term_string\"}}],\"inLanguage\":\"de\"},{\"@type\":\"Organization\",\"@id\":\"https:\/\/www.radlobby.org\/noe\/#organization\",\"name\":\"Radlobby Nieder\u00f6sterreich\",\"url\":\"https:\/\/www.radlobby.org\/noe\/\",\"logo\":{\"@type\":\"ImageObject\",\"inLanguage\":\"de\",\"@id\":\"https:\/\/www.radlobby.org\/noe\/#\/schema\/logo\/image\/\",\"url\":\"https:\/\/www.radlobby.org\/noe\/wp-content\/uploads\/2017\/01\/cropped-Logo_Radlobby_Niederoesterreich_50-400px_quer-1.jpg\",\"contentUrl\":\"https:\/\/www.radlobby.org\/noe\/wp-content\/uploads\/2017\/01\/cropped-Logo_Radlobby_Niederoesterreich_50-400px_quer-1.jpg\",\"width\":450,\"height\":124,\"caption\":\"Radlobby Nieder\u00f6sterreich\"},\"image\":{\"@id\":\"https:\/\/www.radlobby.org\/noe\/#\/schema\/logo\/image\/\"},\"sameAs\":[\"https:\/\/www.facebook.com\/groups\/radfahren.in.noe\/\"]},{\"@type\":\"Person\",\"@id\":\"https:\/\/www.radlobby.org\/noe\/#\/schema\/person\/750e869438f4a484aa9e8e88a6b753c1\",\"name\":\"Alfred Tr\u00f6tzm\u00fcller\",\"image\":{\"@type\":\"ImageObject\",\"inLanguage\":\"de\",\"@id\":\"https:\/\/www.radlobby.org\/noe\/#\/schema\/person\/image\/\",\"url\":\"https:\/\/secure.gravatar.com\/avatar\/93dc2b71e118ddb0931253faf4e910225c3db7d9f714c252cc4b3889fee1db01?s=96&d=mm&r=g\",\"contentUrl\":\"https:\/\/secure.gravatar.com\/avatar\/93dc2b71e118ddb0931253faf4e910225c3db7d9f714c252cc4b3889fee1db01?s=96&d=mm&r=g\",\"caption\":\"Alfred Tr\u00f6tzm\u00fcller\"},\"url\":\"https:\/\/www.radlobby.org\/noe\/author\/alfredtroetzmueller\/\"}]}<\/script>\n<!-- \/ Yoast SEO plugin. -->","yoast_head_json":{"title":"Radlobby M\u00f6dling startet Onlinepetition \"Alltagsradfahren mit Zukunft\" f\u00fcr Radweg M\u00f6dling-Gaaden - Radlobby Nieder\u00f6sterreich","robots":{"index":"index","follow":"follow","max-snippet":"max-snippet:-1","max-image-preview":"max-image-preview:large","max-video-preview":"max-video-preview:-1"},"canonical":"https:\/\/www.radlobby.org\/noe\/moedling-petitionsstart-alltagsradfahren\/","og_locale":"de_DE","og_type":"article","og_title":"Radlobby M\u00f6dling startet Onlinepetition \"Alltagsradfahren mit Zukunft\" f\u00fcr Radweg M\u00f6dling-Gaaden - Radlobby Nieder\u00f6sterreich","og_description":"24.06.2021 Im Abschnitt Vorderbr\u00fchl wird die Landesstra\u00dfe B11 derzeit saniert. Die Erfordernisse des Radverkehrs werden dabei unzureichend ber\u00fccksichtigt. Um eine geeignete Radwegverbindung f\u00fcr den Alltagsverkehr von M\u00f6dling \u00fcber die Hinterbr\u00fchl nach Gaaden durchzusetzen, startet die Radlobby M\u00f6dling eine Online-Petition. Wenn","og_url":"https:\/\/www.radlobby.org\/noe\/moedling-petitionsstart-alltagsradfahren\/","og_site_name":"Radlobby Nieder\u00f6sterreich","article_publisher":"https:\/\/www.facebook.com\/groups\/radfahren.in.noe\/","article_published_time":"2021-07-01T23:52:00+00:00","article_modified_time":"2021-07-02T08:12:38+00:00","og_image":[{"width":1191,"height":839,"url":"https:\/\/www.radlobby.org\/noe\/wp-content\/uploads\/Petitionsbild4_Foto_ohne_Radsymbole.jpg","type":"image\/jpeg"}],"author":"Alfred Tr\u00f6tzm\u00fcller","twitter_card":"summary_large_image","twitter_misc":{"Verfasst von":"Alfred Tr\u00f6tzm\u00fcller","Gesch\u00e4tzte Lesezeit":"1\u00a0Minute"},"schema":{"@context":"https:\/\/schema.org","@graph":[{"@type":"Article","@id":"https:\/\/www.radlobby.org\/noe\/moedling-petitionsstart-alltagsradfahren\/#article","isPartOf":{"@id":"https:\/\/www.radlobby.org\/noe\/moedling-petitionsstart-alltagsradfahren\/"},"author":{"name":"Alfred Tr\u00f6tzm\u00fcller","@id":"https:\/\/www.radlobby.org\/noe\/#\/schema\/person\/750e869438f4a484aa9e8e88a6b753c1"},"headline":"Radlobby M\u00f6dling startet Onlinepetition &#8220;Alltagsradfahren mit Zukunft&#8221; f\u00fcr Radweg M\u00f6dling-Gaaden","datePublished":"2021-07-01T23:52:00+00:00","dateModified":"2021-07-02T08:12:38+00:00","mainEntityOfPage":{"@id":"https:\/\/www.radlobby.org\/noe\/moedling-petitionsstart-alltagsradfahren\/"},"wordCount":213,"publisher":{"@id":"https:\/\/www.radlobby.org\/noe\/#organization"},"image":{"@id":"https:\/\/www.radlobby.org\/noe\/moedling-petitionsstart-alltagsradfahren\/#primaryimage"},"thumbnailUrl":"https:\/\/www.radlobby.org\/noe\/wp-content\/uploads\/Petitionsbild4_Foto_ohne_Radsymbole.jpg","keywords":["Alltagsradfahren","Infrastruktur","Petition","Radlobby","Radpolitik","Verkehrspolitik"],"articleSection":["Radlobby M\u00f6dling","Radlobby Nieder\u00f6sterreich"],"inLanguage":"de"},{"@type":"WebPage","@id":"https:\/\/www.radlobby.org\/noe\/moedling-petitionsstart-alltagsradfahren\/","url":"https:\/\/www.radlobby.org\/noe\/moedling-petitionsstart-alltagsradfahren\/","name":"Radlobby M\u00f6dling startet Onlinepetition \"Alltagsradfahren mit Zukunft\" f\u00fcr Radweg M\u00f6dling-Gaaden - Radlobby Nieder\u00f6sterreich","isPartOf":{"@id":"https:\/\/www.radlobby.org\/noe\/#website"},"primaryImageOfPage":{"@id":"https:\/\/www.radlobby.org\/noe\/moedling-petitionsstart-alltagsradfahren\/#primaryimage"},"image":{"@id":"https:\/\/www.radlobby.org\/noe\/moedling-petitionsstart-alltagsradfahren\/#primaryimage"},"thumbnailUrl":"https:\/\/www.radlobby.org\/noe\/wp-content\/uploads\/Petitionsbild4_Foto_ohne_Radsymbole.jpg","datePublished":"2021-07-01T23:52:00+00:00","dateModified":"2021-07-02T08:12:38+00:00","breadcrumb":{"@id":"https:\/\/www.radlobby.org\/noe\/moedling-petitionsstart-alltagsradfahren\/#breadcrumb"},"inLanguage":"de","potentialAction":[{"@type":"ReadAction","target":["https:\/\/www.radlobby.org\/noe\/moedling-petitionsstart-alltagsradfahren\/"]}]},{"@type":"ImageObject","inLanguage":"de","@id":"https:\/\/www.radlobby.org\/noe\/moedling-petitionsstart-alltagsradfahren\/#primaryimage","url":"https:\/\/www.radlobby.org\/noe\/wp-content\/uploads\/Petitionsbild4_Foto_ohne_Radsymbole.jpg","contentUrl":"https:\/\/www.radlobby.org\/noe\/wp-content\/uploads\/Petitionsbild4_Foto_ohne_Radsymbole.jpg","width":1191,"height":839},{"@type":"BreadcrumbList","@id":"https:\/\/www.radlobby.org\/noe\/moedling-petitionsstart-alltagsradfahren\/#breadcrumb","itemListElement":[{"@type":"ListItem","position":1,"name":"Startseite","item":"https:\/\/www.radlobby.org\/noe\/"},{"@type":"ListItem","position":2,"name":"Radlobby M\u00f6dling startet Onlinepetition &#8222;Alltagsradfahren mit Zukunft&#8220; f\u00fcr Radweg M\u00f6dling-Gaaden"}]},{"@type":"WebSite","@id":"https:\/\/www.radlobby.org\/noe\/#website","url":"https:\/\/www.radlobby.org\/noe\/","name":"Radlobby Nieder\u00f6sterreich","description":"Radverkehr, Fahrrad, Radfahren, Radreisen, Radtouren, Radweg","publisher":{"@id":"https:\/\/www.radlobby.org\/noe\/#organization"},"potentialAction":[{"@type":"SearchAction","target":{"@type":"EntryPoint","urlTemplate":"https:\/\/www.radlobby.org\/noe\/?s={search_term_string}"},"query-input":{"@type":"PropertyValueSpecification","valueRequired":true,"valueName":"search_term_string"}}],"inLanguage":"de"},{"@type":"Organization","@id":"https:\/\/www.radlobby.org\/noe\/#organization","name":"Radlobby Nieder\u00f6sterreich","url":"https:\/\/www.radlobby.org\/noe\/","logo":{"@type":"ImageObject","inLanguage":"de","@id":"https:\/\/www.radlobby.org\/noe\/#\/schema\/logo\/image\/","url":"https:\/\/www.radlobby.org\/noe\/wp-content\/uploads\/2017\/01\/cropped-Logo_Radlobby_Niederoesterreich_50-400px_quer-1.jpg","contentUrl":"https:\/\/www.radlobby.org\/noe\/wp-content\/uploads\/2017\/01\/cropped-Logo_Radlobby_Niederoesterreich_50-400px_quer-1.jpg","width":450,"height":124,"caption":"Radlobby Nieder\u00f6sterreich"},"image":{"@id":"https:\/\/www.radlobby.org\/noe\/#\/schema\/logo\/image\/"},"sameAs":["https:\/\/www.facebook.com\/groups\/radfahren.in.noe\/"]},{"@type":"Person","@id":"https:\/\/www.radlobby.org\/noe\/#\/schema\/person\/750e869438f4a484aa9e8e88a6b753c1","name":"Alfred Tr\u00f6tzm\u00fcller","image":{"@type":"ImageObject","inLanguage":"de","@id":"https:\/\/www.radlobby.org\/noe\/#\/schema\/person\/image\/","url":"https:\/\/secure.gravatar.com\/avatar\/93dc2b71e118ddb0931253faf4e910225c3db7d9f714c252cc4b3889fee1db01?s=96&d=mm&r=g","contentUrl":"https:\/\/secure.gravatar.com\/avatar\/93dc2b71e118ddb0931253faf4e910225c3db7d9f714c252cc4b3889fee1db01?s=96&d=mm&r=g","caption":"Alfred Tr\u00f6tzm\u00fcller"},"url":"https:\/\/www.radlobby.org\/noe\/author\/alfredtroetzmueller\/"}]}},"_links":{"self":[{"href":"https:\/\/www.radlobby.org\/noe\/wp-json\/wp\/v2\/posts\/19174","targetHints":{"allow":["GET"]}}],"collection":[{"href":"https:\/\/www.radlobby.org\/noe\/wp-json\/wp\/v2\/posts"}],"about":[{"href":"https:\/\/www.radlobby.org\/noe\/wp-json\/wp\/v2\/types\/post"}],"author":[{"embeddable":true,"href":"https:\/\/www.radlobby.org\/noe\/wp-json\/wp\/v2\/users\/7"}],"replies":[{"embeddable":true,"href":"https:\/\/www.radlobby.org\/noe\/wp-json\/wp\/v2\/comments?post=19174"}],"version-history":[{"count":0,"href":"https:\/\/www.radlobby.org\/noe\/wp-json\/wp\/v2\/posts\/19174\/revisions"}],"wp:featuredmedia":[{"embeddable":true,"href":"https:\/\/www.radlobby.org\/noe\/wp-json\/wp\/v2\/media\/19082"}],"wp:attachment":[{"href":"https:\/\/www.radlobby.org\/noe\/wp-json\/wp\/v2\/media?parent=19174"}],"wp:term":[{"taxonomy":"category","embeddable":true,"href":"https:\/\/www.radlobby.org\/noe\/wp-json\/wp\/v2\/categories?post=19174"},{"taxonomy":"post_tag","embeddable":true,"href":"https:\/\/www.radlobby.org\/noe\/wp-json\/wp\/v2\/tags?post=19174"}],"curies":[{"name":"wp","href":"https:\/\/api.w.org\/{rel}","templated":true}]}}