{"id":18531,"date":"2021-06-03T12:59:03","date_gmt":"2021-06-03T10:59:03","guid":{"rendered":"https:\/\/www.radlobby.org\/noe\/?p=18531"},"modified":"2021-06-03T12:59:03","modified_gmt":"2021-06-03T10:59:03","slug":"krems-verkehrsspiegel-fuer-radfahrerinnen-montiert","status":"publish","type":"post","link":"https:\/\/www.radlobby.org\/noe\/krems-verkehrsspiegel-fuer-radfahrerinnen-montiert\/","title":{"rendered":"Krems &#8211; Verkehrsspiegel f\u00fcr RadfahrerInnen montiert"},"content":{"rendered":"<div class=\"\" dir=\"auto\">\n<div id=\"jsc_c_h0\" class=\"ecm0bbzt hv4rvrfc ihqw7lf3 dati1w0a\" data-ad-comet-preview=\"message\" data-ad-preview=\"message\">\n<div class=\"j83agx80 cbu4d94t ew0dbk1b irj2b8pg\">\n<div class=\"qzhwtbm6 knvmm38d\">\n<div class=\"kvgmc6g5 cxmmr5t8 oygrvhab hcukyx3x c1et5uql ii04i59q\">\n<div dir=\"auto\"><img loading=\"lazy\" decoding=\"async\" class=\"size-medium wp-image-18533 alignleft\" src=\"https:\/\/www.radlobby.org\/noe\/wp-content\/uploads\/DSC_2519-300x225.jpg\" alt=\"\" width=\"300\" height=\"225\" srcset=\"https:\/\/www.radlobby.org\/noe\/wp-content\/uploads\/DSC_2519-300x225.jpg 300w, https:\/\/www.radlobby.org\/noe\/wp-content\/uploads\/DSC_2519-768x577.jpg 768w, https:\/\/www.radlobby.org\/noe\/wp-content\/uploads\/DSC_2519.jpg 959w\" sizes=\"auto, (max-width: 300px) 100vw, 300px\" \/>23. Mai 2021: Zwei Verkehrsspiegel wurden im Bereich der Unterf\u00fchrung von der Kerschbaumerstra\u00dfe zur Dr. Franz Riel Promenade (Unterf\u00fchrung unter der Bahn in Richtung Donau nahe der evangelischen Kirche) zur besseren Sicht im Kreuzungsbereich angebracht. Danke an die Stadt (Amt f\u00fcr Sicherheit und Ordnung sowie Wirtschaftshof)!<\/div>\n<div dir=\"auto\">(Fotos und Plan von Wolfgang Hiller)<\/div>\n<div dir=\"auto\"><img loading=\"lazy\" decoding=\"async\" class=\"alignnone wp-image-18536\" src=\"https:\/\/www.radlobby.org\/noe\/wp-content\/uploads\/DSC_2520-Detail-300x198.jpg\" alt=\"\" width=\"162\" height=\"107\" srcset=\"https:\/\/www.radlobby.org\/noe\/wp-content\/uploads\/DSC_2520-Detail-300x198.jpg 300w, https:\/\/www.radlobby.org\/noe\/wp-content\/uploads\/DSC_2520-Detail.jpg 340w\" sizes=\"auto, (max-width: 162px) 100vw, 162px\" \/><\/div>\n<\/div>\n<\/div>\n<\/div>\n<\/div>\n<\/div>\n","protected":false},"excerpt":{"rendered":"<p>23. Mai 2021: Zwei Verkehrsspiegel wurden im Bereich der Unterf\u00fchrung von der Kerschbaumerstra\u00dfe zur Dr. Franz Riel Promenade (Unterf\u00fchrung unter der Bahn in Richtung Donau nahe der evangelischen Kirche) zur besseren Sicht im Kreuzungsbereich angebracht. Danke an die Stadt (Amt<\/p>\n","protected":false},"author":48,"featured_media":18536,"comment_status":"closed","ping_status":"closed","sticky":false,"template":"","format":"standard","meta":{"footnotes":""},"categories":[15],"tags":[430],"class_list":["post-18531","post","type-post","status-publish","format-standard","has-post-thumbnail","hentry","category-krems","tag-verkehrsspiegel"],"yoast_head":"<!-- This site is optimized with the Yoast SEO plugin v26.9 - https:\/\/yoast.com\/product\/yoast-seo-wordpress\/ -->\n<title>Krems - Verkehrsspiegel f\u00fcr RadfahrerInnen montiert - Radlobby Nieder\u00f6sterreich<\/title>\n<meta name=\"robots\" content=\"index, follow, max-snippet:-1, max-image-preview:large, max-video-preview:-1\" \/>\n<link rel=\"canonical\" href=\"https:\/\/www.radlobby.org\/noe\/krems-verkehrsspiegel-fuer-radfahrerinnen-montiert\/\" \/>\n<meta property=\"og:locale\" content=\"de_DE\" \/>\n<meta property=\"og:type\" content=\"article\" \/>\n<meta property=\"og:title\" content=\"Krems - Verkehrsspiegel f\u00fcr RadfahrerInnen montiert - Radlobby Nieder\u00f6sterreich\" \/>\n<meta property=\"og:description\" content=\"23. Mai 2021: Zwei Verkehrsspiegel wurden im Bereich der Unterf\u00fchrung von der Kerschbaumerstra\u00dfe zur Dr. Franz Riel Promenade (Unterf\u00fchrung unter der Bahn in Richtung Donau nahe der evangelischen Kirche) zur besseren Sicht im Kreuzungsbereich angebracht. Danke an die Stadt (Amt\" \/>\n<meta property=\"og:url\" content=\"https:\/\/www.radlobby.org\/noe\/krems-verkehrsspiegel-fuer-radfahrerinnen-montiert\/\" \/>\n<meta property=\"og:site_name\" content=\"Radlobby Nieder\u00f6sterreich\" \/>\n<meta property=\"article:publisher\" content=\"https:\/\/www.facebook.com\/groups\/radfahren.in.noe\/\" \/>\n<meta property=\"article:published_time\" content=\"2021-06-03T10:59:03+00:00\" \/>\n<meta property=\"og:image\" content=\"https:\/\/www.radlobby.org\/noe\/wp-content\/uploads\/DSC_2520-Detail.jpg\" \/>\n\t<meta property=\"og:image:width\" content=\"340\" \/>\n\t<meta property=\"og:image:height\" content=\"224\" \/>\n\t<meta property=\"og:image:type\" content=\"image\/jpeg\" \/>\n<meta name=\"author\" content=\"Thomas M\u00fcller\" \/>\n<meta name=\"twitter:card\" content=\"summary_large_image\" \/>\n<meta name=\"twitter:label1\" content=\"Verfasst von\" \/>\n\t<meta name=\"twitter:data1\" content=\"Thomas M\u00fcller\" \/>\n\t<meta name=\"twitter:label2\" content=\"Gesch\u00e4tzte Lesezeit\" \/>\n\t<meta name=\"twitter:data2\" content=\"1\u00a0Minute\" \/>\n<script type=\"application\/ld+json\" class=\"yoast-schema-graph\">{\"@context\":\"https:\/\/schema.org\",\"@graph\":[{\"@type\":\"Article\",\"@id\":\"https:\/\/www.radlobby.org\/noe\/krems-verkehrsspiegel-fuer-radfahrerinnen-montiert\/#article\",\"isPartOf\":{\"@id\":\"https:\/\/www.radlobby.org\/noe\/krems-verkehrsspiegel-fuer-radfahrerinnen-montiert\/\"},\"author\":{\"name\":\"Thomas M\u00fcller\",\"@id\":\"https:\/\/www.radlobby.org\/noe\/#\/schema\/person\/c6eda4938429780078162c3c1203f741\"},\"headline\":\"Krems &#8211; Verkehrsspiegel f\u00fcr RadfahrerInnen montiert\",\"datePublished\":\"2021-06-03T10:59:03+00:00\",\"mainEntityOfPage\":{\"@id\":\"https:\/\/www.radlobby.org\/noe\/krems-verkehrsspiegel-fuer-radfahrerinnen-montiert\/\"},\"wordCount\":61,\"publisher\":{\"@id\":\"https:\/\/www.radlobby.org\/noe\/#organization\"},\"image\":{\"@id\":\"https:\/\/www.radlobby.org\/noe\/krems-verkehrsspiegel-fuer-radfahrerinnen-montiert\/#primaryimage\"},\"thumbnailUrl\":\"https:\/\/www.radlobby.org\/noe\/wp-content\/uploads\/DSC_2520-Detail.jpg\",\"keywords\":[\"Verkehrsspiegel\"],\"articleSection\":[\"Radlobby Krems\"],\"inLanguage\":\"de\"},{\"@type\":\"WebPage\",\"@id\":\"https:\/\/www.radlobby.org\/noe\/krems-verkehrsspiegel-fuer-radfahrerinnen-montiert\/\",\"url\":\"https:\/\/www.radlobby.org\/noe\/krems-verkehrsspiegel-fuer-radfahrerinnen-montiert\/\",\"name\":\"Krems - Verkehrsspiegel f\u00fcr RadfahrerInnen montiert - Radlobby Nieder\u00f6sterreich\",\"isPartOf\":{\"@id\":\"https:\/\/www.radlobby.org\/noe\/#website\"},\"primaryImageOfPage\":{\"@id\":\"https:\/\/www.radlobby.org\/noe\/krems-verkehrsspiegel-fuer-radfahrerinnen-montiert\/#primaryimage\"},\"image\":{\"@id\":\"https:\/\/www.radlobby.org\/noe\/krems-verkehrsspiegel-fuer-radfahrerinnen-montiert\/#primaryimage\"},\"thumbnailUrl\":\"https:\/\/www.radlobby.org\/noe\/wp-content\/uploads\/DSC_2520-Detail.jpg\",\"datePublished\":\"2021-06-03T10:59:03+00:00\",\"breadcrumb\":{\"@id\":\"https:\/\/www.radlobby.org\/noe\/krems-verkehrsspiegel-fuer-radfahrerinnen-montiert\/#breadcrumb\"},\"inLanguage\":\"de\",\"potentialAction\":[{\"@type\":\"ReadAction\",\"target\":[\"https:\/\/www.radlobby.org\/noe\/krems-verkehrsspiegel-fuer-radfahrerinnen-montiert\/\"]}]},{\"@type\":\"ImageObject\",\"inLanguage\":\"de\",\"@id\":\"https:\/\/www.radlobby.org\/noe\/krems-verkehrsspiegel-fuer-radfahrerinnen-montiert\/#primaryimage\",\"url\":\"https:\/\/www.radlobby.org\/noe\/wp-content\/uploads\/DSC_2520-Detail.jpg\",\"contentUrl\":\"https:\/\/www.radlobby.org\/noe\/wp-content\/uploads\/DSC_2520-Detail.jpg\",\"width\":340,\"height\":224},{\"@type\":\"BreadcrumbList\",\"@id\":\"https:\/\/www.radlobby.org\/noe\/krems-verkehrsspiegel-fuer-radfahrerinnen-montiert\/#breadcrumb\",\"itemListElement\":[{\"@type\":\"ListItem\",\"position\":1,\"name\":\"Startseite\",\"item\":\"https:\/\/www.radlobby.org\/noe\/\"},{\"@type\":\"ListItem\",\"position\":2,\"name\":\"Krems &#8211; Verkehrsspiegel f\u00fcr RadfahrerInnen montiert\"}]},{\"@type\":\"WebSite\",\"@id\":\"https:\/\/www.radlobby.org\/noe\/#website\",\"url\":\"https:\/\/www.radlobby.org\/noe\/\",\"name\":\"Radlobby Nieder\u00f6sterreich\",\"description\":\"Radverkehr, Fahrrad, Radfahren, Radreisen, Radtouren, Radweg\",\"publisher\":{\"@id\":\"https:\/\/www.radlobby.org\/noe\/#organization\"},\"potentialAction\":[{\"@type\":\"SearchAction\",\"target\":{\"@type\":\"EntryPoint\",\"urlTemplate\":\"https:\/\/www.radlobby.org\/noe\/?s={search_term_string}\"},\"query-input\":{\"@type\":\"PropertyValueSpecification\",\"valueRequired\":true,\"valueName\":\"search_term_string\"}}],\"inLanguage\":\"de\"},{\"@type\":\"Organization\",\"@id\":\"https:\/\/www.radlobby.org\/noe\/#organization\",\"name\":\"Radlobby Nieder\u00f6sterreich\",\"url\":\"https:\/\/www.radlobby.org\/noe\/\",\"logo\":{\"@type\":\"ImageObject\",\"inLanguage\":\"de\",\"@id\":\"https:\/\/www.radlobby.org\/noe\/#\/schema\/logo\/image\/\",\"url\":\"https:\/\/www.radlobby.org\/noe\/wp-content\/uploads\/2017\/01\/cropped-Logo_Radlobby_Niederoesterreich_50-400px_quer-1.jpg\",\"contentUrl\":\"https:\/\/www.radlobby.org\/noe\/wp-content\/uploads\/2017\/01\/cropped-Logo_Radlobby_Niederoesterreich_50-400px_quer-1.jpg\",\"width\":450,\"height\":124,\"caption\":\"Radlobby Nieder\u00f6sterreich\"},\"image\":{\"@id\":\"https:\/\/www.radlobby.org\/noe\/#\/schema\/logo\/image\/\"},\"sameAs\":[\"https:\/\/www.facebook.com\/groups\/radfahren.in.noe\/\"]},{\"@type\":\"Person\",\"@id\":\"https:\/\/www.radlobby.org\/noe\/#\/schema\/person\/c6eda4938429780078162c3c1203f741\",\"name\":\"Thomas M\u00fcller\",\"image\":{\"@type\":\"ImageObject\",\"inLanguage\":\"de\",\"@id\":\"https:\/\/www.radlobby.org\/noe\/#\/schema\/person\/image\/\",\"url\":\"https:\/\/secure.gravatar.com\/avatar\/f1818e00affac820aba8a33b55a6fad12a172bc79c6ece4a489d7d38f3c00777?s=96&d=mm&r=g\",\"contentUrl\":\"https:\/\/secure.gravatar.com\/avatar\/f1818e00affac820aba8a33b55a6fad12a172bc79c6ece4a489d7d38f3c00777?s=96&d=mm&r=g\",\"caption\":\"Thomas M\u00fcller\"},\"url\":\"https:\/\/www.radlobby.org\/noe\/author\/thomas-mueller\/\"}]}<\/script>\n<!-- \/ Yoast SEO plugin. -->","yoast_head_json":{"title":"Krems - Verkehrsspiegel f\u00fcr RadfahrerInnen montiert - Radlobby Nieder\u00f6sterreich","robots":{"index":"index","follow":"follow","max-snippet":"max-snippet:-1","max-image-preview":"max-image-preview:large","max-video-preview":"max-video-preview:-1"},"canonical":"https:\/\/www.radlobby.org\/noe\/krems-verkehrsspiegel-fuer-radfahrerinnen-montiert\/","og_locale":"de_DE","og_type":"article","og_title":"Krems - Verkehrsspiegel f\u00fcr RadfahrerInnen montiert - Radlobby Nieder\u00f6sterreich","og_description":"23. Mai 2021: Zwei Verkehrsspiegel wurden im Bereich der Unterf\u00fchrung von der Kerschbaumerstra\u00dfe zur Dr. Franz Riel Promenade (Unterf\u00fchrung unter der Bahn in Richtung Donau nahe der evangelischen Kirche) zur besseren Sicht im Kreuzungsbereich angebracht. Danke an die Stadt (Amt","og_url":"https:\/\/www.radlobby.org\/noe\/krems-verkehrsspiegel-fuer-radfahrerinnen-montiert\/","og_site_name":"Radlobby Nieder\u00f6sterreich","article_publisher":"https:\/\/www.facebook.com\/groups\/radfahren.in.noe\/","article_published_time":"2021-06-03T10:59:03+00:00","og_image":[{"width":340,"height":224,"url":"https:\/\/www.radlobby.org\/noe\/wp-content\/uploads\/DSC_2520-Detail.jpg","type":"image\/jpeg"}],"author":"Thomas M\u00fcller","twitter_card":"summary_large_image","twitter_misc":{"Verfasst von":"Thomas M\u00fcller","Gesch\u00e4tzte Lesezeit":"1\u00a0Minute"},"schema":{"@context":"https:\/\/schema.org","@graph":[{"@type":"Article","@id":"https:\/\/www.radlobby.org\/noe\/krems-verkehrsspiegel-fuer-radfahrerinnen-montiert\/#article","isPartOf":{"@id":"https:\/\/www.radlobby.org\/noe\/krems-verkehrsspiegel-fuer-radfahrerinnen-montiert\/"},"author":{"name":"Thomas M\u00fcller","@id":"https:\/\/www.radlobby.org\/noe\/#\/schema\/person\/c6eda4938429780078162c3c1203f741"},"headline":"Krems &#8211; Verkehrsspiegel f\u00fcr RadfahrerInnen montiert","datePublished":"2021-06-03T10:59:03+00:00","mainEntityOfPage":{"@id":"https:\/\/www.radlobby.org\/noe\/krems-verkehrsspiegel-fuer-radfahrerinnen-montiert\/"},"wordCount":61,"publisher":{"@id":"https:\/\/www.radlobby.org\/noe\/#organization"},"image":{"@id":"https:\/\/www.radlobby.org\/noe\/krems-verkehrsspiegel-fuer-radfahrerinnen-montiert\/#primaryimage"},"thumbnailUrl":"https:\/\/www.radlobby.org\/noe\/wp-content\/uploads\/DSC_2520-Detail.jpg","keywords":["Verkehrsspiegel"],"articleSection":["Radlobby Krems"],"inLanguage":"de"},{"@type":"WebPage","@id":"https:\/\/www.radlobby.org\/noe\/krems-verkehrsspiegel-fuer-radfahrerinnen-montiert\/","url":"https:\/\/www.radlobby.org\/noe\/krems-verkehrsspiegel-fuer-radfahrerinnen-montiert\/","name":"Krems - Verkehrsspiegel f\u00fcr RadfahrerInnen montiert - Radlobby Nieder\u00f6sterreich","isPartOf":{"@id":"https:\/\/www.radlobby.org\/noe\/#website"},"primaryImageOfPage":{"@id":"https:\/\/www.radlobby.org\/noe\/krems-verkehrsspiegel-fuer-radfahrerinnen-montiert\/#primaryimage"},"image":{"@id":"https:\/\/www.radlobby.org\/noe\/krems-verkehrsspiegel-fuer-radfahrerinnen-montiert\/#primaryimage"},"thumbnailUrl":"https:\/\/www.radlobby.org\/noe\/wp-content\/uploads\/DSC_2520-Detail.jpg","datePublished":"2021-06-03T10:59:03+00:00","breadcrumb":{"@id":"https:\/\/www.radlobby.org\/noe\/krems-verkehrsspiegel-fuer-radfahrerinnen-montiert\/#breadcrumb"},"inLanguage":"de","potentialAction":[{"@type":"ReadAction","target":["https:\/\/www.radlobby.org\/noe\/krems-verkehrsspiegel-fuer-radfahrerinnen-montiert\/"]}]},{"@type":"ImageObject","inLanguage":"de","@id":"https:\/\/www.radlobby.org\/noe\/krems-verkehrsspiegel-fuer-radfahrerinnen-montiert\/#primaryimage","url":"https:\/\/www.radlobby.org\/noe\/wp-content\/uploads\/DSC_2520-Detail.jpg","contentUrl":"https:\/\/www.radlobby.org\/noe\/wp-content\/uploads\/DSC_2520-Detail.jpg","width":340,"height":224},{"@type":"BreadcrumbList","@id":"https:\/\/www.radlobby.org\/noe\/krems-verkehrsspiegel-fuer-radfahrerinnen-montiert\/#breadcrumb","itemListElement":[{"@type":"ListItem","position":1,"name":"Startseite","item":"https:\/\/www.radlobby.org\/noe\/"},{"@type":"ListItem","position":2,"name":"Krems &#8211; Verkehrsspiegel f\u00fcr RadfahrerInnen montiert"}]},{"@type":"WebSite","@id":"https:\/\/www.radlobby.org\/noe\/#website","url":"https:\/\/www.radlobby.org\/noe\/","name":"Radlobby Nieder\u00f6sterreich","description":"Radverkehr, Fahrrad, Radfahren, Radreisen, Radtouren, Radweg","publisher":{"@id":"https:\/\/www.radlobby.org\/noe\/#organization"},"potentialAction":[{"@type":"SearchAction","target":{"@type":"EntryPoint","urlTemplate":"https:\/\/www.radlobby.org\/noe\/?s={search_term_string}"},"query-input":{"@type":"PropertyValueSpecification","valueRequired":true,"valueName":"search_term_string"}}],"inLanguage":"de"},{"@type":"Organization","@id":"https:\/\/www.radlobby.org\/noe\/#organization","name":"Radlobby Nieder\u00f6sterreich","url":"https:\/\/www.radlobby.org\/noe\/","logo":{"@type":"ImageObject","inLanguage":"de","@id":"https:\/\/www.radlobby.org\/noe\/#\/schema\/logo\/image\/","url":"https:\/\/www.radlobby.org\/noe\/wp-content\/uploads\/2017\/01\/cropped-Logo_Radlobby_Niederoesterreich_50-400px_quer-1.jpg","contentUrl":"https:\/\/www.radlobby.org\/noe\/wp-content\/uploads\/2017\/01\/cropped-Logo_Radlobby_Niederoesterreich_50-400px_quer-1.jpg","width":450,"height":124,"caption":"Radlobby Nieder\u00f6sterreich"},"image":{"@id":"https:\/\/www.radlobby.org\/noe\/#\/schema\/logo\/image\/"},"sameAs":["https:\/\/www.facebook.com\/groups\/radfahren.in.noe\/"]},{"@type":"Person","@id":"https:\/\/www.radlobby.org\/noe\/#\/schema\/person\/c6eda4938429780078162c3c1203f741","name":"Thomas M\u00fcller","image":{"@type":"ImageObject","inLanguage":"de","@id":"https:\/\/www.radlobby.org\/noe\/#\/schema\/person\/image\/","url":"https:\/\/secure.gravatar.com\/avatar\/f1818e00affac820aba8a33b55a6fad12a172bc79c6ece4a489d7d38f3c00777?s=96&d=mm&r=g","contentUrl":"https:\/\/secure.gravatar.com\/avatar\/f1818e00affac820aba8a33b55a6fad12a172bc79c6ece4a489d7d38f3c00777?s=96&d=mm&r=g","caption":"Thomas M\u00fcller"},"url":"https:\/\/www.radlobby.org\/noe\/author\/thomas-mueller\/"}]}},"_links":{"self":[{"href":"https:\/\/www.radlobby.org\/noe\/wp-json\/wp\/v2\/posts\/18531","targetHints":{"allow":["GET"]}}],"collection":[{"href":"https:\/\/www.radlobby.org\/noe\/wp-json\/wp\/v2\/posts"}],"about":[{"href":"https:\/\/www.radlobby.org\/noe\/wp-json\/wp\/v2\/types\/post"}],"author":[{"embeddable":true,"href":"https:\/\/www.radlobby.org\/noe\/wp-json\/wp\/v2\/users\/48"}],"replies":[{"embeddable":true,"href":"https:\/\/www.radlobby.org\/noe\/wp-json\/wp\/v2\/comments?post=18531"}],"version-history":[{"count":0,"href":"https:\/\/www.radlobby.org\/noe\/wp-json\/wp\/v2\/posts\/18531\/revisions"}],"wp:featuredmedia":[{"embeddable":true,"href":"https:\/\/www.radlobby.org\/noe\/wp-json\/wp\/v2\/media\/18536"}],"wp:attachment":[{"href":"https:\/\/www.radlobby.org\/noe\/wp-json\/wp\/v2\/media?parent=18531"}],"wp:term":[{"taxonomy":"category","embeddable":true,"href":"https:\/\/www.radlobby.org\/noe\/wp-json\/wp\/v2\/categories?post=18531"},{"taxonomy":"post_tag","embeddable":true,"href":"https:\/\/www.radlobby.org\/noe\/wp-json\/wp\/v2\/tags?post=18531"}],"curies":[{"name":"wp","href":"https:\/\/api.w.org\/{rel}","templated":true}]}}