{"id":18110,"date":"2021-05-22T09:35:13","date_gmt":"2021-05-22T07:35:13","guid":{"rendered":"https:\/\/www.radlobby.org\/noe\/?p=18110"},"modified":"2021-06-14T21:31:06","modified_gmt":"2021-06-14T19:31:06","slug":"mobile-fahrradparkplaetze","status":"publish","type":"post","link":"https:\/\/www.radlobby.org\/noe\/mobile-fahrradparkplaetze\/","title":{"rendered":"Mobile Fahrradst\u00e4nder"},"content":{"rendered":"<h1>Mobile Abstellanlagen<\/h1>\n<p><span style=\"background-color: #ccffcc;\"><a style=\"background-color: #ccffcc;\" href=\"https:\/\/www.radlobby.org\/noe\/chaos-in-der-alten-au\/\">Status quo in Stockerau<\/a><\/span><\/p>\n<p>Gerade bei Veranstaltungen, aber auch beim <strong>Impf- und Testzentrum in Stockerau<\/strong> m\u00f6ge die Gemeinde dem Verkehrschaos in der Alten Au entgegenwirken. Da die Impf- &amp; Testphase noch einige Monate dauern wird, w\u00e4ren mobile Abstellanlagen ein schnelle L\u00f6sung.<\/p>\n<p>Als einfachste und kosteng\u00fcnstigste Variante k\u00f6nnten Absperrgitter verwendet werden.<\/p>\n<p><span style=\"font-size: 14pt;\"><strong>Hier einige Beispiele f\u00fcr mobile Abstellanlagen<\/strong><\/span><\/p>\n<p><a href=\"https:\/\/www.radlobby.org\/noe\/wp-content\/uploads\/Absperrgitter.jpg\" data-src=\"https:\/\/www.radlobby.org\/noe\/wp-content\/uploads\/Absperrgitter.jpg\" data-thumb=\"https:\/\/www.radlobby.org\/noe\/wp-content\/uploads\/Absperrgitter-300x200.jpg\" class=\"ml-lightbox-enabled\"><img loading=\"lazy\" decoding=\"async\" class=\"wp-image-18090\" src=\"https:\/\/www.radlobby.org\/noe\/wp-content\/uploads\/Absperrgitter-300x200.jpg\" alt=\"Absperrgitter als mobiler Fahrradparkplatz\" width=\"750\" height=\"499\" srcset=\"https:\/\/www.radlobby.org\/noe\/wp-content\/uploads\/Absperrgitter-300x200.jpg 300w, https:\/\/www.radlobby.org\/noe\/wp-content\/uploads\/Absperrgitter-768x511.jpg 768w, https:\/\/www.radlobby.org\/noe\/wp-content\/uploads\/Absperrgitter.jpg 850w\" sizes=\"auto, (max-width: 750px) 100vw, 750px\" \/><\/a><span style=\"font-size: 10pt;\"><em>Absperrgitter als mobiler Fahrradparkplatz\u00a0 Gro\u00dfer Vorteil, sofort aufstellbar, da die Gitter in der Gemeinde vorr\u00e4tig sind.\u00a0 \u00a0 \u00a0 \u00a0 \u00a0 Foto (c) Margit Palman<\/em><\/span><\/p>\n<p>&nbsp;<\/p>\n<p><a href=\"https:\/\/www.radlobby.org\/noe\/wp-content\/uploads\/Anlehnbuegel_mobil_Hofburg.jpg\" data-src=\"https:\/\/www.radlobby.org\/noe\/wp-content\/uploads\/Anlehnbuegel_mobil_Hofburg.jpg\" data-thumb=\"https:\/\/www.radlobby.org\/noe\/wp-content\/uploads\/Anlehnbuegel_mobil_Hofburg-300x197.jpg\" class=\"ml-lightbox-enabled\"><img loading=\"lazy\" decoding=\"async\" class=\"wp-image-18092\" src=\"https:\/\/www.radlobby.org\/noe\/wp-content\/uploads\/Anlehnbuegel_mobil_Hofburg-300x197.jpg\" alt=\"Mobile Anlehnb\u00fcgel (c) Margit Palman\" width=\"750\" height=\"491\" srcset=\"https:\/\/www.radlobby.org\/noe\/wp-content\/uploads\/Anlehnbuegel_mobil_Hofburg-300x197.jpg 300w, https:\/\/www.radlobby.org\/noe\/wp-content\/uploads\/Anlehnbuegel_mobil_Hofburg-768x503.jpg 768w, https:\/\/www.radlobby.org\/noe\/wp-content\/uploads\/Anlehnbuegel_mobil_Hofburg.jpg 850w\" sizes=\"auto, (max-width: 750px) 100vw, 750px\" \/><\/a><\/p>\n<p><em><span style=\"font-size: 10pt;\">\u00a0Mobiler Anlehnb\u00fcgel Foto (c) Margit Palman<\/span><\/em><\/p>\n<p>&nbsp;<\/p>\n<p><a href=\"https:\/\/www.radlobby.org\/noe\/wp-content\/uploads\/MA48_mobiler-Parkplatz.jpg\" data-src=\"https:\/\/www.radlobby.org\/noe\/wp-content\/uploads\/MA48_mobiler-Parkplatz.jpg\" data-thumb=\"https:\/\/www.radlobby.org\/noe\/wp-content\/uploads\/MA48_mobiler-Parkplatz-300x200.jpg\" class=\"ml-lightbox-enabled\"><img loading=\"lazy\" decoding=\"async\" class=\"wp-image-18093\" src=\"https:\/\/www.radlobby.org\/noe\/wp-content\/uploads\/MA48_mobiler-Parkplatz-300x200.jpg\" alt=\"Containerparkplatz (c) Margit Palman\" width=\"750\" height=\"500\" srcset=\"https:\/\/www.radlobby.org\/noe\/wp-content\/uploads\/MA48_mobiler-Parkplatz-300x200.jpg 300w, https:\/\/www.radlobby.org\/noe\/wp-content\/uploads\/MA48_mobiler-Parkplatz-768x512.jpg 768w, https:\/\/www.radlobby.org\/noe\/wp-content\/uploads\/MA48_mobiler-Parkplatz.jpg 850w\" sizes=\"auto, (max-width: 750px) 100vw, 750px\" \/><\/a><em><span style=\"font-size: 10pt;\">Containerparkplatz (c) Margit Palman<\/span><\/em><\/p>\n<p>&nbsp;<\/p>\n<p><a href=\"https:\/\/www.radlobby.org\/noe\/wp-content\/uploads\/Anlehnbuegel-Mobil.jpg\" data-src=\"https:\/\/www.radlobby.org\/noe\/wp-content\/uploads\/Anlehnbuegel-Mobil.jpg\" data-thumb=\"https:\/\/www.radlobby.org\/noe\/wp-content\/uploads\/Anlehnbuegel-Mobil-300x200.jpg\" class=\"ml-lightbox-enabled\"><img loading=\"lazy\" decoding=\"async\" class=\"wp-image-18094\" src=\"https:\/\/www.radlobby.org\/noe\/wp-content\/uploads\/Anlehnbuegel-Mobil-300x200.jpg\" alt=\"Tempor\u00e4rer B\u00fcgel vor der Hofburg (c) Margit Palman\" width=\"750\" height=\"500\" srcset=\"https:\/\/www.radlobby.org\/noe\/wp-content\/uploads\/Anlehnbuegel-Mobil-300x200.jpg 300w, https:\/\/www.radlobby.org\/noe\/wp-content\/uploads\/Anlehnbuegel-Mobil-768x512.jpg 768w, https:\/\/www.radlobby.org\/noe\/wp-content\/uploads\/Anlehnbuegel-Mobil.jpg 850w\" sizes=\"auto, (max-width: 750px) 100vw, 750px\" \/><\/a><span style=\"font-size: 10pt;\"><em>Tempor\u00e4rer B\u00fcgel vor der Hofburg Foto (c) Margit Palman<\/em><\/span><\/p>\n<p>&nbsp;<\/p>\n<p><a href=\"https:\/\/www.radlobby.org\/noe\/wp-content\/uploads\/188465205_4169401959784048_1457066061165249012_n.jpg\" data-src=\"https:\/\/www.radlobby.org\/noe\/wp-content\/uploads\/188465205_4169401959784048_1457066061165249012_n.jpg\" data-thumb=\"https:\/\/www.radlobby.org\/noe\/wp-content\/uploads\/188465205_4169401959784048_1457066061165249012_n-300x225.jpg\" class=\"ml-lightbox-enabled\"><img loading=\"lazy\" decoding=\"async\" class=\"wp-image-18105\" src=\"https:\/\/www.radlobby.org\/noe\/wp-content\/uploads\/188465205_4169401959784048_1457066061165249012_n-300x225.jpg\" alt=\"Anlehnb\u00fcgel Eigenbau, bei einem B\u00fcrokomplex in Wien (c) Daniel Pernhold\" width=\"750\" height=\"563\" srcset=\"https:\/\/www.radlobby.org\/noe\/wp-content\/uploads\/188465205_4169401959784048_1457066061165249012_n-300x225.jpg 300w, https:\/\/www.radlobby.org\/noe\/wp-content\/uploads\/188465205_4169401959784048_1457066061165249012_n.jpg 500w\" sizes=\"auto, (max-width: 750px) 100vw, 750px\" \/><\/a><em><span style=\"font-size: 10pt;\">Anlehnb\u00fcgel Eigenbau, bei einem B\u00fcrokomplex in Wien, der Winkel ist variabel somit l\u00e4sst sich der B\u00fcgel zum Lagern einfach zusammenklappen Foto (c) Daniel Pernhold<\/span><\/em><\/p>\n","protected":false},"excerpt":{"rendered":"<p>Mobile Abstellanlagen, die schnelle und einfache L\u00f6sung, bei Veranstaltungen&#8230;&#8230;<\/p>\n","protected":false},"author":47,"featured_media":18090,"comment_status":"closed","ping_status":"closed","sticky":false,"template":"","format":"standard","meta":{"footnotes":""},"categories":[380],"tags":[418,401,400,311,428,427],"class_list":["post-18110","post","type-post","status-publish","format-standard","has-post-thumbnail","hentry","category-stockerau","tag-abstellanlage","tag-anlehnbuegel","tag-buegel","tag-fahrrad","tag-improvisiert","tag-temporaer"],"yoast_head":"<!-- This site is optimized with the Yoast SEO plugin v26.9 - https:\/\/yoast.com\/product\/yoast-seo-wordpress\/ -->\n<title>Mobile Fahrradst\u00e4nder - Radlobby Nieder\u00f6sterreich<\/title>\n<meta name=\"robots\" content=\"index, follow, max-snippet:-1, max-image-preview:large, max-video-preview:-1\" \/>\n<link rel=\"canonical\" href=\"https:\/\/www.radlobby.org\/noe\/mobile-fahrradparkplaetze\/\" \/>\n<meta property=\"og:locale\" content=\"de_DE\" \/>\n<meta property=\"og:type\" content=\"article\" \/>\n<meta property=\"og:title\" content=\"Mobile Fahrradst\u00e4nder - Radlobby Nieder\u00f6sterreich\" \/>\n<meta property=\"og:description\" content=\"Mobile Abstellanlagen, die schnelle und einfache L\u00f6sung, bei Veranstaltungen......\" \/>\n<meta property=\"og:url\" content=\"https:\/\/www.radlobby.org\/noe\/mobile-fahrradparkplaetze\/\" \/>\n<meta property=\"og:site_name\" content=\"Radlobby Nieder\u00f6sterreich\" \/>\n<meta property=\"article:publisher\" content=\"https:\/\/www.facebook.com\/groups\/radfahren.in.noe\/\" \/>\n<meta property=\"article:published_time\" content=\"2021-05-22T07:35:13+00:00\" \/>\n<meta property=\"article:modified_time\" content=\"2021-06-14T19:31:06+00:00\" \/>\n<meta property=\"og:image\" content=\"https:\/\/www.radlobby.org\/noe\/wp-content\/uploads\/Absperrgitter.jpg\" \/>\n\t<meta property=\"og:image:width\" content=\"850\" \/>\n\t<meta property=\"og:image:height\" content=\"566\" \/>\n\t<meta property=\"og:image:type\" content=\"image\/jpeg\" \/>\n<meta name=\"author\" content=\"Stoffelix\" \/>\n<meta name=\"twitter:card\" content=\"summary_large_image\" \/>\n<meta name=\"twitter:label1\" content=\"Verfasst von\" \/>\n\t<meta name=\"twitter:data1\" content=\"Stoffelix\" \/>\n\t<meta name=\"twitter:label2\" content=\"Gesch\u00e4tzte Lesezeit\" \/>\n\t<meta name=\"twitter:data2\" content=\"2\u00a0Minuten\" \/>\n<script type=\"application\/ld+json\" class=\"yoast-schema-graph\">{\"@context\":\"https:\/\/schema.org\",\"@graph\":[{\"@type\":\"Article\",\"@id\":\"https:\/\/www.radlobby.org\/noe\/mobile-fahrradparkplaetze\/#article\",\"isPartOf\":{\"@id\":\"https:\/\/www.radlobby.org\/noe\/mobile-fahrradparkplaetze\/\"},\"author\":{\"name\":\"Stoffelix\",\"@id\":\"https:\/\/www.radlobby.org\/noe\/#\/schema\/person\/c33ee2648a519cc7eee4bb919afba50d\"},\"headline\":\"Mobile Fahrradst\u00e4nder\",\"datePublished\":\"2021-05-22T07:35:13+00:00\",\"dateModified\":\"2021-06-14T19:31:06+00:00\",\"mainEntityOfPage\":{\"@id\":\"https:\/\/www.radlobby.org\/noe\/mobile-fahrradparkplaetze\/\"},\"wordCount\":143,\"publisher\":{\"@id\":\"https:\/\/www.radlobby.org\/noe\/#organization\"},\"image\":{\"@id\":\"https:\/\/www.radlobby.org\/noe\/mobile-fahrradparkplaetze\/#primaryimage\"},\"thumbnailUrl\":\"https:\/\/www.radlobby.org\/noe\/wp-content\/uploads\/Absperrgitter.jpg\",\"keywords\":[\"Abstellanlage\",\"Anlehnb\u00fcgel\",\"B\u00fcgel\",\"Fahrrad\",\"improvisiert\",\"tempor\u00e4r\"],\"articleSection\":[\"Radlobby Stockerau\"],\"inLanguage\":\"de\"},{\"@type\":\"WebPage\",\"@id\":\"https:\/\/www.radlobby.org\/noe\/mobile-fahrradparkplaetze\/\",\"url\":\"https:\/\/www.radlobby.org\/noe\/mobile-fahrradparkplaetze\/\",\"name\":\"Mobile Fahrradst\u00e4nder - Radlobby Nieder\u00f6sterreich\",\"isPartOf\":{\"@id\":\"https:\/\/www.radlobby.org\/noe\/#website\"},\"primaryImageOfPage\":{\"@id\":\"https:\/\/www.radlobby.org\/noe\/mobile-fahrradparkplaetze\/#primaryimage\"},\"image\":{\"@id\":\"https:\/\/www.radlobby.org\/noe\/mobile-fahrradparkplaetze\/#primaryimage\"},\"thumbnailUrl\":\"https:\/\/www.radlobby.org\/noe\/wp-content\/uploads\/Absperrgitter.jpg\",\"datePublished\":\"2021-05-22T07:35:13+00:00\",\"dateModified\":\"2021-06-14T19:31:06+00:00\",\"breadcrumb\":{\"@id\":\"https:\/\/www.radlobby.org\/noe\/mobile-fahrradparkplaetze\/#breadcrumb\"},\"inLanguage\":\"de\",\"potentialAction\":[{\"@type\":\"ReadAction\",\"target\":[\"https:\/\/www.radlobby.org\/noe\/mobile-fahrradparkplaetze\/\"]}]},{\"@type\":\"ImageObject\",\"inLanguage\":\"de\",\"@id\":\"https:\/\/www.radlobby.org\/noe\/mobile-fahrradparkplaetze\/#primaryimage\",\"url\":\"https:\/\/www.radlobby.org\/noe\/wp-content\/uploads\/Absperrgitter.jpg\",\"contentUrl\":\"https:\/\/www.radlobby.org\/noe\/wp-content\/uploads\/Absperrgitter.jpg\",\"width\":850,\"height\":566,\"caption\":\"Absperrgitter als mobiler Fahrradparkplatz\"},{\"@type\":\"BreadcrumbList\",\"@id\":\"https:\/\/www.radlobby.org\/noe\/mobile-fahrradparkplaetze\/#breadcrumb\",\"itemListElement\":[{\"@type\":\"ListItem\",\"position\":1,\"name\":\"Startseite\",\"item\":\"https:\/\/www.radlobby.org\/noe\/\"},{\"@type\":\"ListItem\",\"position\":2,\"name\":\"Mobile Fahrradst\u00e4nder\"}]},{\"@type\":\"WebSite\",\"@id\":\"https:\/\/www.radlobby.org\/noe\/#website\",\"url\":\"https:\/\/www.radlobby.org\/noe\/\",\"name\":\"Radlobby Nieder\u00f6sterreich\",\"description\":\"Radverkehr, Fahrrad, Radfahren, Radreisen, Radtouren, Radweg\",\"publisher\":{\"@id\":\"https:\/\/www.radlobby.org\/noe\/#organization\"},\"potentialAction\":[{\"@type\":\"SearchAction\",\"target\":{\"@type\":\"EntryPoint\",\"urlTemplate\":\"https:\/\/www.radlobby.org\/noe\/?s={search_term_string}\"},\"query-input\":{\"@type\":\"PropertyValueSpecification\",\"valueRequired\":true,\"valueName\":\"search_term_string\"}}],\"inLanguage\":\"de\"},{\"@type\":\"Organization\",\"@id\":\"https:\/\/www.radlobby.org\/noe\/#organization\",\"name\":\"Radlobby Nieder\u00f6sterreich\",\"url\":\"https:\/\/www.radlobby.org\/noe\/\",\"logo\":{\"@type\":\"ImageObject\",\"inLanguage\":\"de\",\"@id\":\"https:\/\/www.radlobby.org\/noe\/#\/schema\/logo\/image\/\",\"url\":\"https:\/\/www.radlobby.org\/noe\/wp-content\/uploads\/2017\/01\/cropped-Logo_Radlobby_Niederoesterreich_50-400px_quer-1.jpg\",\"contentUrl\":\"https:\/\/www.radlobby.org\/noe\/wp-content\/uploads\/2017\/01\/cropped-Logo_Radlobby_Niederoesterreich_50-400px_quer-1.jpg\",\"width\":450,\"height\":124,\"caption\":\"Radlobby Nieder\u00f6sterreich\"},\"image\":{\"@id\":\"https:\/\/www.radlobby.org\/noe\/#\/schema\/logo\/image\/\"},\"sameAs\":[\"https:\/\/www.facebook.com\/groups\/radfahren.in.noe\/\"]},{\"@type\":\"Person\",\"@id\":\"https:\/\/www.radlobby.org\/noe\/#\/schema\/person\/c33ee2648a519cc7eee4bb919afba50d\",\"name\":\"Stoffelix\",\"image\":{\"@type\":\"ImageObject\",\"inLanguage\":\"de\",\"@id\":\"https:\/\/www.radlobby.org\/noe\/#\/schema\/person\/image\/\",\"url\":\"https:\/\/secure.gravatar.com\/avatar\/cbbd4609d4e6f9ee3f68a6390d6d226e86fb3b3e54cb99c7da882fb1b87a7e34?s=96&d=mm&r=g\",\"contentUrl\":\"https:\/\/secure.gravatar.com\/avatar\/cbbd4609d4e6f9ee3f68a6390d6d226e86fb3b3e54cb99c7da882fb1b87a7e34?s=96&d=mm&r=g\",\"caption\":\"Stoffelix\"},\"url\":\"https:\/\/www.radlobby.org\/noe\/author\/christopher-ohmeyer\/\"}]}<\/script>\n<!-- \/ Yoast SEO plugin. -->","yoast_head_json":{"title":"Mobile Fahrradst\u00e4nder - Radlobby Nieder\u00f6sterreich","robots":{"index":"index","follow":"follow","max-snippet":"max-snippet:-1","max-image-preview":"max-image-preview:large","max-video-preview":"max-video-preview:-1"},"canonical":"https:\/\/www.radlobby.org\/noe\/mobile-fahrradparkplaetze\/","og_locale":"de_DE","og_type":"article","og_title":"Mobile Fahrradst\u00e4nder - Radlobby Nieder\u00f6sterreich","og_description":"Mobile Abstellanlagen, die schnelle und einfache L\u00f6sung, bei Veranstaltungen......","og_url":"https:\/\/www.radlobby.org\/noe\/mobile-fahrradparkplaetze\/","og_site_name":"Radlobby Nieder\u00f6sterreich","article_publisher":"https:\/\/www.facebook.com\/groups\/radfahren.in.noe\/","article_published_time":"2021-05-22T07:35:13+00:00","article_modified_time":"2021-06-14T19:31:06+00:00","og_image":[{"width":850,"height":566,"url":"https:\/\/www.radlobby.org\/noe\/wp-content\/uploads\/Absperrgitter.jpg","type":"image\/jpeg"}],"author":"Stoffelix","twitter_card":"summary_large_image","twitter_misc":{"Verfasst von":"Stoffelix","Gesch\u00e4tzte Lesezeit":"2\u00a0Minuten"},"schema":{"@context":"https:\/\/schema.org","@graph":[{"@type":"Article","@id":"https:\/\/www.radlobby.org\/noe\/mobile-fahrradparkplaetze\/#article","isPartOf":{"@id":"https:\/\/www.radlobby.org\/noe\/mobile-fahrradparkplaetze\/"},"author":{"name":"Stoffelix","@id":"https:\/\/www.radlobby.org\/noe\/#\/schema\/person\/c33ee2648a519cc7eee4bb919afba50d"},"headline":"Mobile Fahrradst\u00e4nder","datePublished":"2021-05-22T07:35:13+00:00","dateModified":"2021-06-14T19:31:06+00:00","mainEntityOfPage":{"@id":"https:\/\/www.radlobby.org\/noe\/mobile-fahrradparkplaetze\/"},"wordCount":143,"publisher":{"@id":"https:\/\/www.radlobby.org\/noe\/#organization"},"image":{"@id":"https:\/\/www.radlobby.org\/noe\/mobile-fahrradparkplaetze\/#primaryimage"},"thumbnailUrl":"https:\/\/www.radlobby.org\/noe\/wp-content\/uploads\/Absperrgitter.jpg","keywords":["Abstellanlage","Anlehnb\u00fcgel","B\u00fcgel","Fahrrad","improvisiert","tempor\u00e4r"],"articleSection":["Radlobby Stockerau"],"inLanguage":"de"},{"@type":"WebPage","@id":"https:\/\/www.radlobby.org\/noe\/mobile-fahrradparkplaetze\/","url":"https:\/\/www.radlobby.org\/noe\/mobile-fahrradparkplaetze\/","name":"Mobile Fahrradst\u00e4nder - Radlobby Nieder\u00f6sterreich","isPartOf":{"@id":"https:\/\/www.radlobby.org\/noe\/#website"},"primaryImageOfPage":{"@id":"https:\/\/www.radlobby.org\/noe\/mobile-fahrradparkplaetze\/#primaryimage"},"image":{"@id":"https:\/\/www.radlobby.org\/noe\/mobile-fahrradparkplaetze\/#primaryimage"},"thumbnailUrl":"https:\/\/www.radlobby.org\/noe\/wp-content\/uploads\/Absperrgitter.jpg","datePublished":"2021-05-22T07:35:13+00:00","dateModified":"2021-06-14T19:31:06+00:00","breadcrumb":{"@id":"https:\/\/www.radlobby.org\/noe\/mobile-fahrradparkplaetze\/#breadcrumb"},"inLanguage":"de","potentialAction":[{"@type":"ReadAction","target":["https:\/\/www.radlobby.org\/noe\/mobile-fahrradparkplaetze\/"]}]},{"@type":"ImageObject","inLanguage":"de","@id":"https:\/\/www.radlobby.org\/noe\/mobile-fahrradparkplaetze\/#primaryimage","url":"https:\/\/www.radlobby.org\/noe\/wp-content\/uploads\/Absperrgitter.jpg","contentUrl":"https:\/\/www.radlobby.org\/noe\/wp-content\/uploads\/Absperrgitter.jpg","width":850,"height":566,"caption":"Absperrgitter als mobiler Fahrradparkplatz"},{"@type":"BreadcrumbList","@id":"https:\/\/www.radlobby.org\/noe\/mobile-fahrradparkplaetze\/#breadcrumb","itemListElement":[{"@type":"ListItem","position":1,"name":"Startseite","item":"https:\/\/www.radlobby.org\/noe\/"},{"@type":"ListItem","position":2,"name":"Mobile Fahrradst\u00e4nder"}]},{"@type":"WebSite","@id":"https:\/\/www.radlobby.org\/noe\/#website","url":"https:\/\/www.radlobby.org\/noe\/","name":"Radlobby Nieder\u00f6sterreich","description":"Radverkehr, Fahrrad, Radfahren, Radreisen, Radtouren, Radweg","publisher":{"@id":"https:\/\/www.radlobby.org\/noe\/#organization"},"potentialAction":[{"@type":"SearchAction","target":{"@type":"EntryPoint","urlTemplate":"https:\/\/www.radlobby.org\/noe\/?s={search_term_string}"},"query-input":{"@type":"PropertyValueSpecification","valueRequired":true,"valueName":"search_term_string"}}],"inLanguage":"de"},{"@type":"Organization","@id":"https:\/\/www.radlobby.org\/noe\/#organization","name":"Radlobby Nieder\u00f6sterreich","url":"https:\/\/www.radlobby.org\/noe\/","logo":{"@type":"ImageObject","inLanguage":"de","@id":"https:\/\/www.radlobby.org\/noe\/#\/schema\/logo\/image\/","url":"https:\/\/www.radlobby.org\/noe\/wp-content\/uploads\/2017\/01\/cropped-Logo_Radlobby_Niederoesterreich_50-400px_quer-1.jpg","contentUrl":"https:\/\/www.radlobby.org\/noe\/wp-content\/uploads\/2017\/01\/cropped-Logo_Radlobby_Niederoesterreich_50-400px_quer-1.jpg","width":450,"height":124,"caption":"Radlobby Nieder\u00f6sterreich"},"image":{"@id":"https:\/\/www.radlobby.org\/noe\/#\/schema\/logo\/image\/"},"sameAs":["https:\/\/www.facebook.com\/groups\/radfahren.in.noe\/"]},{"@type":"Person","@id":"https:\/\/www.radlobby.org\/noe\/#\/schema\/person\/c33ee2648a519cc7eee4bb919afba50d","name":"Stoffelix","image":{"@type":"ImageObject","inLanguage":"de","@id":"https:\/\/www.radlobby.org\/noe\/#\/schema\/person\/image\/","url":"https:\/\/secure.gravatar.com\/avatar\/cbbd4609d4e6f9ee3f68a6390d6d226e86fb3b3e54cb99c7da882fb1b87a7e34?s=96&d=mm&r=g","contentUrl":"https:\/\/secure.gravatar.com\/avatar\/cbbd4609d4e6f9ee3f68a6390d6d226e86fb3b3e54cb99c7da882fb1b87a7e34?s=96&d=mm&r=g","caption":"Stoffelix"},"url":"https:\/\/www.radlobby.org\/noe\/author\/christopher-ohmeyer\/"}]}},"_links":{"self":[{"href":"https:\/\/www.radlobby.org\/noe\/wp-json\/wp\/v2\/posts\/18110","targetHints":{"allow":["GET"]}}],"collection":[{"href":"https:\/\/www.radlobby.org\/noe\/wp-json\/wp\/v2\/posts"}],"about":[{"href":"https:\/\/www.radlobby.org\/noe\/wp-json\/wp\/v2\/types\/post"}],"author":[{"embeddable":true,"href":"https:\/\/www.radlobby.org\/noe\/wp-json\/wp\/v2\/users\/47"}],"replies":[{"embeddable":true,"href":"https:\/\/www.radlobby.org\/noe\/wp-json\/wp\/v2\/comments?post=18110"}],"version-history":[{"count":0,"href":"https:\/\/www.radlobby.org\/noe\/wp-json\/wp\/v2\/posts\/18110\/revisions"}],"wp:featuredmedia":[{"embeddable":true,"href":"https:\/\/www.radlobby.org\/noe\/wp-json\/wp\/v2\/media\/18090"}],"wp:attachment":[{"href":"https:\/\/www.radlobby.org\/noe\/wp-json\/wp\/v2\/media?parent=18110"}],"wp:term":[{"taxonomy":"category","embeddable":true,"href":"https:\/\/www.radlobby.org\/noe\/wp-json\/wp\/v2\/categories?post=18110"},{"taxonomy":"post_tag","embeddable":true,"href":"https:\/\/www.radlobby.org\/noe\/wp-json\/wp\/v2\/tags?post=18110"}],"curies":[{"name":"wp","href":"https:\/\/api.w.org\/{rel}","templated":true}]}}