{"id":17373,"date":"2021-03-18T09:39:21","date_gmt":"2021-03-18T08:39:21","guid":{"rendered":"https:\/\/www.radlobby.org\/noe\/?p=17373"},"modified":"2021-04-15T15:02:46","modified_gmt":"2021-04-15T13:02:46","slug":"noen-monatelange-radwegsperre-im-kamptal-unmut-waechst","status":"publish","type":"post","link":"https:\/\/www.radlobby.org\/noe\/noen-monatelange-radwegsperre-im-kamptal-unmut-waechst\/","title":{"rendered":"N\u00d6N: Monatelange Radwegsperre im Kamptal <br>Unmut w\u00e4chst"},"content":{"rendered":"<p><strong>Der Geh- und Radweg entlang der B34 ist seit Juli 2020 &#8211; seit 9 Monaten! &#8211; wegen eines Felssturzes gesperrt. <\/strong><\/p>\n<p><strong>Wenn es sich um eine Kfz-Fahrbahn auf der B34 handeln w\u00fcrde, w\u00e4re der Felsblock binnen eines Tages entfernt und eine Armada von Sachverst\u00e4ndigen und die Stra\u00dfenbauabteilung des Landes w\u00fcrde sich mit Baumaschinen um die Sanierung des Hanges k\u00fcmmern.<\/strong><\/p>\n<p>Das Land ist Betreiber der gef\u00e4hrlichen Landesstra\u00dfe B34. Hier sind 100 km\/h erlaubt. Es wird nat\u00fcrlich schneller gefahren. Daher ist ein Radweg die einzige Alternative. Das Land schiebt bei Radwegen die Zust\u00e4ndigkeit auf die Gemeinden, die derartige Probleme kaum stemmen k\u00f6nnen. Dabei ist das Land als Betreiber einer gef\u00e4hrlichen Landesstra\u00dfe Verursacher des Problems. Die Radlobby N\u00d6 fordert, dass das Land N\u00d6 f\u00fcr die Planung, Errichtung und f\u00fcr den Betrieb von Radwegen entlang von Landesstra\u00dfen zust\u00e4ndig ist.<\/p>\n<p><img loading=\"lazy\" decoding=\"async\" class=\"alignnone size-full wp-image-2060\" src=\"https:\/\/www.radlobby.org\/noe\/wp-content\/uploads\/2017\/01\/NOEN_logo_100px.gif\" alt=\"\" width=\"100\" height=\"75\" \/><\/p>\n<p><img decoding=\"async\" src=\"https:\/\/www.radlobby.org\/noe\/wp-content\/uploads\/20210317-NOEN-Horn-Bericht-Kamptalradweg-gesperrt-scaled.jpg\" alt=\"\" width=\"750\" \/><\/p>\n<p>&nbsp;<\/p>\n<p>&nbsp;<\/p>\n<h4><img loading=\"lazy\" decoding=\"async\" class=\"alignnone wp-image-6941 size-full\" src=\"http:\/\/www.radlobby.org\/noe\/wp-content\/uploads\/linie_gruen_c1c400.gif\" alt=\"\" width=\"750\" height=\"2\" \/><br \/>\nWeitere Infos aus Nieder\u00f6sterreich<\/h4>\n<style>.wp-show-posts-columns#wpsp-4993 {margin-left: -2em; }.wp-show-posts-columns#wpsp-4993 .wp-show-posts-inner {margin: 0 0 2em 2em; }<\/style><section id=\"wpsp-4993\" class=\" wp-show-posts-columns wp-show-posts\" style=\"\"><article class=\" wp-show-posts-single post-42747 post type-post status-publish format-standard has-post-thumbnail hentry category-eichgraben category-mauerbach category-neulengbach category-niederoesterreich category-pressbaum tag-kidicalmass tag-kidicalmasspressbaum tag-kinderfreundlich tag-klimafittestadt tag-radfahren tag-radparade wpsp-col-6\" itemtype=\"http:\/\/schema.org\/CreativeWork\" itemscope><div class=\"wp-show-posts-inner\" style=\"\">\t\t<div class=\"wp-show-posts-image  wpsp-image-left \">\n\t\t\t<a href=\"https:\/\/www.radlobby.org\/noe\/samstag-19-09-2026einladung-kidical-mass-pressbaum\/\"  title=\"Samstag, 19.09.2026Einladung Kidical Mass Pressbaum\">\t\t\t\t\t<img decoding=\"async\" src=\"https:\/\/www.radlobby.org\/noe\/wp-content\/uploads\/Kidical-Mass-Pressbaum-P-19092026-180x255.png\" alt=\"Samstag, 19.09.2026<br>Einladung Kidical Mass Pressbaum\" itemprop=\"image\" class=\"left\" \/>\n\t\t\t\t<\/a>\t\t<\/div>\n\t\t\t\t\t\t\t\t<header class=\"wp-show-posts-entry-header\">\n\t\t\t\t\t\t\t<p class=\"wp-show-posts-entry-title\" itemprop=\"headline\"><a href=\"https:\/\/www.radlobby.org\/noe\/samstag-19-09-2026einladung-kidical-mass-pressbaum\/\" rel=\"bookmark\">Samstag, 19.09.2026<br>Einladung Kidical Mass Pressbaum<\/a><\/p>\t\t\t\t\t\t<\/header><!-- .entry-header -->\n\t\t\t\t\t\t\t\t\t\t\t<div class=\"wp-show-posts-entry-summary\" itemprop=\"text\">\n\t\t\t\t\t\t\t<p>Pressbaum braucht endlich multimodale Stra\u00dfen und einen baulich getrennten Radweg entlang der B44!<\/p>\n\t\t\t\t\t\t<\/div><!-- .entry-summary -->\n\t\t\t\t\t<\/div><!-- wp-show-posts-inner --><\/article><article class=\" wp-show-posts-single post-42719 post type-post status-publish format-standard has-post-thumbnail hentry category-krems category-niederoesterreich wpsp-col-6\" itemtype=\"http:\/\/schema.org\/CreativeWork\" itemscope><div class=\"wp-show-posts-inner\" style=\"\">\t\t<div class=\"wp-show-posts-image  wpsp-image-left \">\n\t\t\t<a href=\"https:\/\/www.radlobby.org\/noe\/krems-radlobby-exkursion-wien\/\"  title=\"Krems &#8211; Radlobby Exkursion Wien\">\t\t\t\t\t<img decoding=\"async\" src=\"https:\/\/www.radlobby.org\/noe\/wp-content\/uploads\/Argentinierstrasse_Baustelle-180x101.png\" alt=\"Krems &#8211; Radlobby Exkursion Wien\" itemprop=\"image\" class=\"left\" \/>\n\t\t\t\t<\/a>\t\t<\/div>\n\t\t\t\t\t\t\t\t<header class=\"wp-show-posts-entry-header\">\n\t\t\t\t\t\t\t<p class=\"wp-show-posts-entry-title\" itemprop=\"headline\"><a href=\"https:\/\/www.radlobby.org\/noe\/krems-radlobby-exkursion-wien\/\" rel=\"bookmark\">Krems &#8211; Radlobby Exkursion Wien<\/a><\/p>\t\t\t\t\t\t<\/header><!-- .entry-header -->\n\t\t\t\t\t\t\t\t\t\t\t<div class=\"wp-show-posts-entry-summary\" itemprop=\"text\">\n\t\t\t\t\t\t\t<p>18. September 2026 Befahrung einiger Fahrradinfrastrukturprojekte der Stadt Wien An- und Abreise per Zug ab Bhf Krems 13:48 Uhr &nbsp; Anmeldung erbeten an krems@radlobby.at Im&#8230;<\/p>\n\t\t\t\t\t\t<\/div><!-- .entry-summary -->\n\t\t\t\t\t<\/div><!-- wp-show-posts-inner --><\/article><article class=\" wp-show-posts-single post-42709 post type-post status-publish format-standard has-post-thumbnail hentry category-krems category-niederoesterreich wpsp-col-6\" itemtype=\"http:\/\/schema.org\/CreativeWork\" itemscope><div class=\"wp-show-posts-inner\" style=\"\">\t\t<div class=\"wp-show-posts-image  wpsp-image-left \">\n\t\t\t<a href=\"https:\/\/www.radlobby.org\/noe\/krems-stammtisch-am-16-9-2026-in-gedersdorf\/\"  title=\"Krems &#8211; Stammtisch am 16.9.2026 in Gedersdorf\">\t\t\t\t\t<img decoding=\"async\" src=\"https:\/\/www.radlobby.org\/noe\/wp-content\/uploads\/RL_Stammtisch_frei-1-180x130.png\" alt=\"Krems &#8211; Stammtisch am 16.9.2026 in Gedersdorf\" itemprop=\"image\" class=\"left\" \/>\n\t\t\t\t<\/a>\t\t<\/div>\n\t\t\t\t\t\t\t\t<header class=\"wp-show-posts-entry-header\">\n\t\t\t\t\t\t\t<p class=\"wp-show-posts-entry-title\" itemprop=\"headline\"><a href=\"https:\/\/www.radlobby.org\/noe\/krems-stammtisch-am-16-9-2026-in-gedersdorf\/\" rel=\"bookmark\">Krems &#8211; Stammtisch am 16.9.2026 in Gedersdorf<\/a><\/p>\t\t\t\t\t\t<\/header><!-- .entry-header -->\n\t\t\t\t\t\t\t\t\t\t\t<div class=\"wp-show-posts-entry-summary\" itemprop=\"text\">\n\t\t\t\t\t\t\t<p>Stammtisch der Radlobbygruppe Krems u.U. am 16.9.2026, 19:00 Uhr im Gasthaus Knechtl, Rechte Bahnzeile 1 in 3494 Gedersdorf<\/p>\n\t\t\t\t\t\t<\/div><!-- .entry-summary -->\n\t\t\t\t\t<\/div><!-- wp-show-posts-inner --><\/article><article class=\" wp-show-posts-single post-42694 post type-post status-publish format-standard has-post-thumbnail hentry category-krems category-niederoesterreich wpsp-col-6\" itemtype=\"http:\/\/schema.org\/CreativeWork\" itemscope><div class=\"wp-show-posts-inner\" style=\"\">\t\t<div class=\"wp-show-posts-image  wpsp-image-left \">\n\t\t\t<a href=\"https:\/\/www.radlobby.org\/noe\/krems-8-kidical-mass-in-krems-rohrendorf-2\/\"  title=\"Krems &#8211; 8. Kidical Mass in Krems &#038; Mautern &#038; Rohrendorf\">\t\t\t\t\t<img decoding=\"async\" src=\"https:\/\/www.radlobby.org\/noe\/wp-content\/uploads\/KM_Quadrat_ohne-Datum-180x180.png\" alt=\"Krems &#8211; 8. Kidical Mass in Krems &#038; Mautern &#038; Rohrendorf\" itemprop=\"image\" class=\"left\" \/>\n\t\t\t\t<\/a>\t\t<\/div>\n\t\t\t\t\t\t\t\t<header class=\"wp-show-posts-entry-header\">\n\t\t\t\t\t\t\t<p class=\"wp-show-posts-entry-title\" itemprop=\"headline\"><a href=\"https:\/\/www.radlobby.org\/noe\/krems-8-kidical-mass-in-krems-rohrendorf-2\/\" rel=\"bookmark\">Krems &#8211; 8. Kidical Mass in Krems &#038; Mautern &#038; Rohrendorf<\/a><\/p>\t\t\t\t\t\t<\/header><!-- .entry-header -->\n\t\t\t\t\t\t\t\t\t\t\t<div class=\"wp-show-posts-entry-summary\" itemprop=\"text\">\n\t\t\t\t\t\t\t<p>Die 8. Kremser Kidical Mass findet am 19. September 2026 statt, Start: 14:30 Uhr gleichzeitig in Krems, Mautern und Rohrendorf<\/p>\n\t\t\t\t\t\t<\/div><!-- .entry-summary -->\n\t\t\t\t\t<\/div><!-- wp-show-posts-inner --><\/article><article class=\" wp-show-posts-single post-42673 post type-post status-publish format-standard has-post-thumbnail hentry category-amstetten category-niederoesterreich wpsp-col-6\" itemtype=\"http:\/\/schema.org\/CreativeWork\" itemscope><div class=\"wp-show-posts-inner\" style=\"\">\t\t<div class=\"wp-show-posts-image  wpsp-image-left \">\n\t\t\t<a href=\"https:\/\/www.radlobby.org\/noe\/herzliche-einladung-zum-naechsten-treffen-der-radlobby-amstetten-2-2\/\"  title=\"Wir laden ein zur 2. Critical Mass in Amstetten 18.9.2026\">\t\t\t\t\t<img decoding=\"async\" src=\"https:\/\/www.radlobby.org\/noe\/wp-content\/uploads\/Critical-180x155.jpg\" alt=\"Wir laden ein zur 2. Critical Mass in Amstetten 18.9.2026\" itemprop=\"image\" class=\"left\" \/>\n\t\t\t\t<\/a>\t\t<\/div>\n\t\t\t\t\t\t\t\t<header class=\"wp-show-posts-entry-header\">\n\t\t\t\t\t\t\t<p class=\"wp-show-posts-entry-title\" itemprop=\"headline\"><a href=\"https:\/\/www.radlobby.org\/noe\/herzliche-einladung-zum-naechsten-treffen-der-radlobby-amstetten-2-2\/\" rel=\"bookmark\">Wir laden ein zur 2. Critical Mass in Amstetten 18.9.2026<\/a><\/p>\t\t\t\t\t\t<\/header><!-- .entry-header -->\n\t\t\t\t\t\t\t\t\t\t\t<div class=\"wp-show-posts-entry-summary\" itemprop=\"text\">\n\t\t\t\t\t\t\t<p>Freitag, 18.09.2026 um 16 Uhr\u00a0\u00a0\u00a0\u00a0 Treffpunkt: Hauptplatz Herzliche Einladung zur zweiten Critical Mass in Amstetten! Wir treffen uns am 18.9.24 um 16 Uhr am Hauptplatz&#8230;<\/p>\n\t\t\t\t\t\t<\/div><!-- .entry-summary -->\n\t\t\t\t\t<\/div><!-- wp-show-posts-inner --><\/article><article class=\" wp-show-posts-single post-42637 post type-post status-publish format-standard has-post-thumbnail hentry category-niederoesterreich category-wiener-neustadt wpsp-col-6\" itemtype=\"http:\/\/schema.org\/CreativeWork\" itemscope><div class=\"wp-show-posts-inner\" style=\"\">\t\t<div class=\"wp-show-posts-image  wpsp-image-left \">\n\t\t\t<a href=\"https:\/\/www.radlobby.org\/noe\/radtour-des-monats-wiener-neustadt-neue-welt\/\"  title=\"Radtour des Monats: Wiener Neustadt &#8211; Neue Welt\">\t\t\t\t\t<img decoding=\"async\" src=\"https:\/\/www.radlobby.org\/noe\/wp-content\/uploads\/RLWN-01-180x107.jpg\" alt=\"Radtour des Monats: Wiener Neustadt &#8211; Neue Welt\" itemprop=\"image\" class=\"left\" \/>\n\t\t\t\t<\/a>\t\t<\/div>\n\t\t\t\t\t\t\t\t<header class=\"wp-show-posts-entry-header\">\n\t\t\t\t\t\t\t<p class=\"wp-show-posts-entry-title\" itemprop=\"headline\"><a href=\"https:\/\/www.radlobby.org\/noe\/radtour-des-monats-wiener-neustadt-neue-welt\/\" rel=\"bookmark\">Radtour des Monats: Wiener Neustadt &#8211; Neue Welt<\/a><\/p>\t\t\t\t\t\t<\/header><!-- .entry-header -->\n\t\t\t\t\t\t\t\t\t\t\t<div class=\"wp-show-posts-entry-summary\" itemprop=\"text\">\n\t\t\t\t\t\t\t<p>Hier erscheinen monatlich neue Radtouren-Vorschl\u00e4ge &#8230;. schaue immer wieder bei uns rein! Diesmal in die Neue Welt! <\/p>\n\t\t\t\t\t\t<\/div><!-- .entry-summary -->\n\t\t\t\t\t<\/div><!-- wp-show-posts-inner --><\/article><article class=\" wp-show-posts-single post-42602 post type-post status-publish format-standard has-post-thumbnail hentry category-aktion category-melk category-niederoesterreich tag-tweedride-melk wpsp-col-6\" itemtype=\"http:\/\/schema.org\/CreativeWork\" itemscope><div class=\"wp-show-posts-inner\" style=\"\">\t\t<div class=\"wp-show-posts-image  wpsp-image-left \">\n\t\t\t<a href=\"https:\/\/www.radlobby.org\/noe\/tweedridemelk\/\"  title=\"Mit Stil und R\u00fcckenwind durch Melk &#8211; Warum der Melker Tweedride mehr ist als eine nostalgische Radausfahrt\">\t\t\t\t\t<img decoding=\"async\" src=\"https:\/\/www.radlobby.org\/noe\/wp-content\/uploads\/TRM2026-180x120.png\" alt=\"Mit Stil und R\u00fcckenwind durch Melk &#8211; Warum der Melker Tweedride mehr ist als eine nostalgische Radausfahrt\" itemprop=\"image\" class=\"left\" \/>\n\t\t\t\t<\/a>\t\t<\/div>\n\t\t\t\t\t\t\t\t<header class=\"wp-show-posts-entry-header\">\n\t\t\t\t\t\t\t<p class=\"wp-show-posts-entry-title\" itemprop=\"headline\"><a href=\"https:\/\/www.radlobby.org\/noe\/tweedridemelk\/\" rel=\"bookmark\">Mit Stil und R\u00fcckenwind durch Melk &#8211; Warum der Melker Tweedride mehr ist als eine nostalgische Radausfahrt<\/a><\/p>\t\t\t\t\t\t<\/header><!-- .entry-header -->\n\t\t\t\t\t\t\t\t\t\t\t<div class=\"wp-show-posts-entry-summary\" itemprop=\"text\">\n\t\t\t\t\t\t\t<p>Was auf den ersten Blick nach einer Zeitreise aussieht, ist l\u00e4ngst eine Melker Tradition: Einmal im Jahr steigen elegant gekleidete Radfahrer:innen auf (zum Teil) historische&#8230;<\/p>\n\t\t\t\t\t\t<\/div><!-- .entry-summary -->\n\t\t\t\t\t<\/div><!-- wp-show-posts-inner --><\/article><article class=\" wp-show-posts-single post-42586 post type-post status-publish format-standard has-post-thumbnail hentry category-melk category-niederoesterreich tag-aktionen wpsp-col-6\" itemtype=\"http:\/\/schema.org\/CreativeWork\" itemscope><div class=\"wp-show-posts-inner\" style=\"\">\t\t<div class=\"wp-show-posts-image  wpsp-image-left \">\n\t\t\t<a href=\"https:\/\/www.radlobby.org\/noe\/tweedride-melk-2026\/\"  title=\"Save the date: 13. Tweedride\/Radcorso der Radlobby Melk &#8211; Sa. 19. Sept. 2026, 14 Uhr\">\t\t\t\t\t<img decoding=\"async\" src=\"https:\/\/www.radlobby.org\/noe\/wp-content\/uploads\/Tweedride-Melk_2019_IMG_0625-scaled-180x120.jpg\" alt=\"Save the date: 13. Tweedride\/Radcorso der Radlobby Melk &#8211; Sa. 19. Sept. 2026, 14 Uhr\" itemprop=\"image\" class=\"left\" \/>\n\t\t\t\t<\/a>\t\t<\/div>\n\t\t\t\t\t\t\t\t<header class=\"wp-show-posts-entry-header\">\n\t\t\t\t\t\t\t<p class=\"wp-show-posts-entry-title\" itemprop=\"headline\"><a href=\"https:\/\/www.radlobby.org\/noe\/tweedride-melk-2026\/\" rel=\"bookmark\">Save the date: 13. Tweedride\/Radcorso der Radlobby Melk &#8211; Sa. 19. Sept. 2026, 14 Uhr<\/a><\/p>\t\t\t\t\t\t<\/header><!-- .entry-header -->\n\t\t\t\t\t\t\t\t\t\t\t<div class=\"wp-show-posts-entry-summary\" itemprop=\"text\">\n\t\t\t\t\t\t\t<p>Um 14 Uhr Treffpunkt im pr\u00e4chtigen Pr\u00e4latenhof\u00a0 des Stiftes Melk. Der Tweedride Melk, der traditionsreichste Tweedride \u00d6sterreichs, macht es wieder augenf\u00e4llig: Radfahren ist sch\u00f6n \u2013&#8230;<\/p>\n\t\t\t\t\t\t<\/div><!-- .entry-summary -->\n\t\t\t\t\t<\/div><!-- wp-show-posts-inner --><\/article><article class=\" wp-show-posts-single post-33779 post type-post status-publish format-standard has-post-thumbnail hentry category-aktion category-amstetten category-melk category-neulengbach category-niederoesterreich category-pressbaum category-st-poelten category-wiener-neustadt tag-biken tag-kidical-mass tag-kinder-rad tag-radfahren wpsp-col-6\" itemtype=\"http:\/\/schema.org\/CreativeWork\" itemscope><div class=\"wp-show-posts-inner\" style=\"\">\t\t<div class=\"wp-show-posts-image  wpsp-image-left \">\n\t\t\t<a href=\"https:\/\/www.radlobby.org\/noe\/kidicalmass\/\"  title=\"Kidical Mass in Nieder\u00f6sterreich 2026 &#8211; Kinder fahren Rad\">\t\t\t\t\t<img decoding=\"async\" src=\"https:\/\/www.radlobby.org\/noe\/wp-content\/uploads\/kidicalmass-1-180x181.jpg\" alt=\"Kidical Mass in Nieder\u00f6sterreich 2026 &#8211; Kinder fahren Rad\" itemprop=\"image\" class=\"left\" \/>\n\t\t\t\t<\/a>\t\t<\/div>\n\t\t\t\t\t\t\t\t<header class=\"wp-show-posts-entry-header\">\n\t\t\t\t\t\t\t<p class=\"wp-show-posts-entry-title\" itemprop=\"headline\"><a href=\"https:\/\/www.radlobby.org\/noe\/kidicalmass\/\" rel=\"bookmark\">Kidical Mass in Nieder\u00f6sterreich 2026 &#8211; Kinder fahren Rad<\/a><\/p>\t\t\t\t\t\t<\/header><!-- .entry-header -->\n\t\t\t\t\t\t\t\t\t\t\t<div class=\"wp-show-posts-entry-summary\" itemprop=\"text\">\n\t\t\t\t\t\t\t<p>Kinder fahren Rad!<br \/>\nUnser Engagement gilt dem Einsatz f\u00fcr kinderfreundliche und lebenswerte D\u00f6rfer und St\u00e4dte.<\/p>\n\t\t\t\t\t\t<\/div><!-- .entry-summary -->\n\t\t\t\t\t<\/div><!-- wp-show-posts-inner --><\/article><article class=\" wp-show-posts-single post-41915 post type-post status-publish format-standard has-post-thumbnail hentry category-niederoesterreich category-st-poelten wpsp-col-6\" itemtype=\"http:\/\/schema.org\/CreativeWork\" itemscope><div class=\"wp-show-posts-inner\" style=\"\">\t\t<div class=\"wp-show-posts-image  wpsp-image-left \">\n\t\t\t<a href=\"https:\/\/www.radlobby.org\/noe\/kidicalmass-2026\/\"  title=\"4. Kidical Mass St. P\u00f6lten, 19. September 2026\">\t\t\t\t\t<img decoding=\"async\" src=\"https:\/\/www.radlobby.org\/noe\/wp-content\/uploads\/Kidicalmass_Stpoelten-180x234.jpg\" alt=\"4. Kidical Mass St. P\u00f6lten, 19. September 2026\" itemprop=\"image\" class=\"left\" \/>\n\t\t\t\t<\/a>\t\t<\/div>\n\t\t\t\t\t\t\t\t<header class=\"wp-show-posts-entry-header\">\n\t\t\t\t\t\t\t<p class=\"wp-show-posts-entry-title\" itemprop=\"headline\"><a href=\"https:\/\/www.radlobby.org\/noe\/kidicalmass-2026\/\" rel=\"bookmark\">4. Kidical Mass St. P\u00f6lten, 19. September 2026<\/a><\/p>\t\t\t\t\t\t<\/header><!-- .entry-header -->\n\t\t\t\t\t\t\t\t\t\t\t<div class=\"wp-show-posts-entry-summary\" itemprop=\"text\">\n\t\t\t\t\t\t\t<p>Kinderradparade am 19. September 2026 in St. P\u00f6lten<\/p>\n\t\t\t\t\t\t<\/div><!-- .entry-summary -->\n\t\t\t\t\t<\/div><!-- wp-show-posts-inner --><\/article><article class=\" wp-show-posts-single post-42479 post type-post status-publish format-standard has-post-thumbnail hentry category-klosterneuburg category-niederoesterreich wpsp-col-6\" itemtype=\"http:\/\/schema.org\/CreativeWork\" itemscope><div class=\"wp-show-posts-inner\" style=\"\">\t\t<div class=\"wp-show-posts-image  wpsp-image-left \">\n\t\t\t<a href=\"https:\/\/www.radlobby.org\/noe\/drei-jahre-radeln-ohne-alter-klosterneuburg\/\"  title=\"Drei Jahre Radeln ohne Alter Klosterneuburg\">\t\t\t\t\t<img decoding=\"async\" src=\"https:\/\/www.radlobby.org\/noe\/wp-content\/uploads\/Bildschirmfoto-2026-06-22-um-13.43.35-2-180x101.png\" alt=\"Drei Jahre Radeln ohne Alter Klosterneuburg\" itemprop=\"image\" class=\"left\" \/>\n\t\t\t\t<\/a>\t\t<\/div>\n\t\t\t\t\t\t\t\t<header class=\"wp-show-posts-entry-header\">\n\t\t\t\t\t\t\t<p class=\"wp-show-posts-entry-title\" itemprop=\"headline\"><a href=\"https:\/\/www.radlobby.org\/noe\/drei-jahre-radeln-ohne-alter-klosterneuburg\/\" rel=\"bookmark\">Drei Jahre Radeln ohne Alter Klosterneuburg<\/a><\/p>\t\t\t\t\t\t<\/header><!-- .entry-header -->\n\t\t\t\t\t\t\t\t\t\t\t<div class=\"wp-show-posts-entry-summary\" itemprop=\"text\">\n\t\t\t\t\t\t\t<p>Seit Sommer 2023 bef\u00f6rdert \u201eRadeln ohne Alter (RoA) Klosterneuburg\u201c mobilit\u00e4tseingeschr\u00e4nkte Menschen kostenlos mit der Rikscha. Ein \u201eGeburtstagsvideo\u201c zeigt, was dieses soziale Umweltprojekt ausmacht. Wie viel&#8230;<\/p>\n\t\t\t\t\t\t<\/div><!-- .entry-summary -->\n\t\t\t\t\t<\/div><!-- wp-show-posts-inner --><\/article><article class=\" wp-show-posts-single post-42501 post type-post status-publish format-standard has-post-thumbnail hentry category-niederoesterreich wpsp-col-6\" itemtype=\"http:\/\/schema.org\/CreativeWork\" itemscope><div class=\"wp-show-posts-inner\" style=\"\">\t\t<div class=\"wp-show-posts-image  wpsp-image-left \">\n\t\t\t<a href=\"https:\/\/www.radlobby.org\/noe\/radlobby-melk-auf-mobilitaets-und-kultur-exkursion-in-scheibbs\/\"  title=\"Radlobby Melk auf Mobilit\u00e4ts- und Kultur-Exkursion in Scheibbs\">\t\t\t\t\t<img decoding=\"async\" src=\"https:\/\/www.radlobby.org\/noe\/wp-content\/uploads\/signal-2026-07-05-18-57-25-853-3-180x320.jpg\" alt=\"Radlobby Melk auf Mobilit\u00e4ts- und Kultur-Exkursion in Scheibbs\" itemprop=\"image\" class=\"left\" \/>\n\t\t\t\t<\/a>\t\t<\/div>\n\t\t\t\t\t\t\t\t<header class=\"wp-show-posts-entry-header\">\n\t\t\t\t\t\t\t<p class=\"wp-show-posts-entry-title\" itemprop=\"headline\"><a href=\"https:\/\/www.radlobby.org\/noe\/radlobby-melk-auf-mobilitaets-und-kultur-exkursion-in-scheibbs\/\" rel=\"bookmark\">Radlobby Melk auf Mobilit\u00e4ts- und Kultur-Exkursion in Scheibbs<\/a><\/p>\t\t\t\t\t\t<\/header><!-- .entry-header -->\n\t\t\t\t\t\t\t\t\t\t\t<div class=\"wp-show-posts-entry-summary\" itemprop=\"text\">\n\t\t\t\t\t\t\t<p>Am Sonntag, dem 5. Juli 2026, unternahm die Radlobby Melk ihre traditionelle j\u00e4hrliche Exkursion. Einmal im Jahr besucht die Ortsgruppe eine Nachbarstadt, um sich \u00fcber&#8230;<\/p>\n\t\t\t\t\t\t<\/div><!-- .entry-summary -->\n\t\t\t\t\t<\/div><!-- wp-show-posts-inner --><\/article><article class=\" wp-show-posts-single post-42493 post type-post status-publish format-standard has-post-thumbnail hentry category-allgemein category-niederoesterreich category-st-poelten wpsp-col-6\" itemtype=\"http:\/\/schema.org\/CreativeWork\" itemscope><div class=\"wp-show-posts-inner\" style=\"\">\t\t<div class=\"wp-show-posts-image  wpsp-image-left \">\n\t\t\t<a href=\"https:\/\/www.radlobby.org\/noe\/in-st-poelten-werden-ueberholabstaende-gemessen-mitmachen-und-unser-projekt-unterstuetzen\/\"  title=\"In St. P\u00f6lten werden \u00dcberholabst\u00e4nde gemessen &#8211; Mitmachen und unser Projekt unterst\u00fctzen\">\t\t\t\t\t<img decoding=\"async\" src=\"https:\/\/www.radlobby.org\/noe\/wp-content\/uploads\/OpenbikeSensor_stp_2026-180x101.jpg\" alt=\"In St. P\u00f6lten werden \u00dcberholabst\u00e4nde gemessen &#8211; Mitmachen und unser Projekt unterst\u00fctzen\" itemprop=\"image\" class=\"left\" \/>\n\t\t\t\t<\/a>\t\t<\/div>\n\t\t\t\t\t\t\t\t<header class=\"wp-show-posts-entry-header\">\n\t\t\t\t\t\t\t<p class=\"wp-show-posts-entry-title\" itemprop=\"headline\"><a href=\"https:\/\/www.radlobby.org\/noe\/in-st-poelten-werden-ueberholabstaende-gemessen-mitmachen-und-unser-projekt-unterstuetzen\/\" rel=\"bookmark\">In St. P\u00f6lten werden \u00dcberholabst\u00e4nde gemessen &#8211; Mitmachen und unser Projekt unterst\u00fctzen<\/a><\/p>\t\t\t\t\t\t<\/header><!-- .entry-header -->\n\t\t\t\t\t\t\t\t\t\t\t<div class=\"wp-show-posts-entry-summary\" itemprop=\"text\">\n\t\t\t\t\t\t\t<p>Die Radlobby St. P\u00f6lten misst ab sofort bis etwa Oktober 2026 im Raum St. P\u00f6lten die \u00dcberholabst\u00e4nde.<br \/>\nDie \u00dcberholvorg\u00e4nge werden ausgewertet. Die Messungen dienen auch der Identifizierung von Gefahrenstellen und sind eine wichtige Grundlage f\u00fcr unfallpr\u00e4ventive Verkehrsplanung.<\/p>\n\t\t\t\t\t\t<\/div><!-- .entry-summary -->\n\t\t\t\t\t<\/div><!-- wp-show-posts-inner --><\/article><article class=\" wp-show-posts-single post-42467 post type-post status-publish format-standard has-post-thumbnail hentry category-eichgraben category-mauerbach category-niederoesterreich category-pressbaum category-purkersdorf tag-christophorus-aktion tag-fahrradsegnung tag-purkersdorf tag-radlobby tag-schutzausruestung wpsp-col-6\" itemtype=\"http:\/\/schema.org\/CreativeWork\" itemscope><div class=\"wp-show-posts-inner\" style=\"\">\t\t<div class=\"wp-show-posts-image  wpsp-image-left \">\n\t\t\t<a href=\"https:\/\/www.radlobby.org\/noe\/buntes-fest-fuer-gross-und-klein-fahrradsegnung-zur-christophorus-aktion-in-purkersdorf\/\"  title=\"Buntes Fest f\u00fcr Gro\u00df und Klein: Fahrradsegnung zur Christophorus-Aktion in Purkersdorf\">\t\t\t\t\t<img decoding=\"async\" src=\"https:\/\/www.radlobby.org\/noe\/wp-content\/uploads\/IMG_20260628_102925311_censored-180x227.jpg\" alt=\"Buntes Fest f\u00fcr Gro\u00df und Klein: Fahrradsegnung zur Christophorus-Aktion in Purkersdorf\" itemprop=\"image\" class=\"left\" \/>\n\t\t\t\t<\/a>\t\t<\/div>\n\t\t\t\t\t\t\t\t<header class=\"wp-show-posts-entry-header\">\n\t\t\t\t\t\t\t<p class=\"wp-show-posts-entry-title\" itemprop=\"headline\"><a href=\"https:\/\/www.radlobby.org\/noe\/buntes-fest-fuer-gross-und-klein-fahrradsegnung-zur-christophorus-aktion-in-purkersdorf\/\" rel=\"bookmark\">Buntes Fest f\u00fcr Gro\u00df und Klein: Fahrradsegnung zur Christophorus-Aktion in Purkersdorf<\/a><\/p>\t\t\t\t\t\t<\/header><!-- .entry-header -->\n\t\t\t\t\t\t\t\t\t\t\t<div class=\"wp-show-posts-entry-summary\" itemprop=\"text\">\n\t\t\t\t\t\t\t<p>Am 28. Juni 2026 stand die Jakobuskirche in Purkersdorf ganz im Zeichen nachhaltiger Mobilit\u00e4t. Im Rahmen der traditionellen Christophorus-Aktion feierten zahlreiche Familien eine lebendige Familienmesse,&#8230;<\/p>\n\t\t\t\t\t\t<\/div><!-- .entry-summary -->\n\t\t\t\t\t<\/div><!-- wp-show-posts-inner --><\/article><article class=\" wp-show-posts-single post-42416 post type-post status-publish format-standard has-post-thumbnail hentry category-gmuend category-niederoesterreich tag-baustellen tag-umleitung wpsp-col-6\" itemtype=\"http:\/\/schema.org\/CreativeWork\" itemscope><div class=\"wp-show-posts-inner\" style=\"\">\t\t<div class=\"wp-show-posts-image  wpsp-image-left \">\n\t\t\t<a href=\"https:\/\/www.radlobby.org\/noe\/gd-lainsitzbruecke-bericht\/\"  title=\"Umleitung in Gm\u00fcnd: Radverkehr nicht mitgedacht\">\t\t\t\t\t<img decoding=\"async\" src=\"https:\/\/www.radlobby.org\/noe\/wp-content\/uploads\/gd-beitragsbild-umleitung-180x180.jpg\" alt=\"Umleitung in Gm\u00fcnd: Radverkehr nicht mitgedacht\" itemprop=\"image\" class=\"left\" \/>\n\t\t\t\t<\/a>\t\t<\/div>\n\t\t\t\t\t\t\t\t<header class=\"wp-show-posts-entry-header\">\n\t\t\t\t\t\t\t<p class=\"wp-show-posts-entry-title\" itemprop=\"headline\"><a href=\"https:\/\/www.radlobby.org\/noe\/gd-lainsitzbruecke-bericht\/\" rel=\"bookmark\">Umleitung in Gm\u00fcnd: Radverkehr nicht mitgedacht<\/a><\/p>\t\t\t\t\t\t<\/header><!-- .entry-header -->\n\t\t\t\t\t\t\t\t\t\t\t<div class=\"wp-show-posts-entry-summary\" itemprop=\"text\">\n\t\t\t\t\t\t\t<p>Br\u00fccke 3 Monate gesperrt, Umleitung 21 km: und keine Infos f\u00fcr den Radverkehr [erg\u00e4nzt am 27. Juni] Die Br\u00fccke \u00fcber die Lainsitz in Gm\u00fcnd ist&#8230;<\/p>\n\t\t\t\t\t\t<\/div><!-- .entry-summary -->\n\t\t\t\t\t<\/div><!-- wp-show-posts-inner --><\/article><article class=\" wp-show-posts-single post-42387 post type-post status-publish format-standard has-post-thumbnail hentry category-eichgraben category-mauerbach category-niederoesterreich category-pressbaum category-purkersdorf tag-8-80-city tag-kidical-mass tag-purkersdorf tag-radlobby tag-radparade tag-schulweg tag-sicherheit tag-stammtisch tag-ueberparteilich wpsp-col-6\" itemtype=\"http:\/\/schema.org\/CreativeWork\" itemscope><div class=\"wp-show-posts-inner\" style=\"\">\t\t<div class=\"wp-show-posts-image  wpsp-image-left \">\n\t\t\t<a href=\"https:\/\/www.radlobby.org\/noe\/42387-2\/\"  title=\"Radl-Stammtisch mit neuen Gesichtern &#8211; Austausch mit neuen Perspektiven\">\t\t\t\t\t<img decoding=\"async\" src=\"https:\/\/www.radlobby.org\/noe\/wp-content\/uploads\/Radl-Stammtisch-Logo2-180x125.png\" alt=\"Radl-Stammtisch mit neuen Gesichtern &#8211; Austausch mit neuen Perspektiven\" itemprop=\"image\" class=\"left\" \/>\n\t\t\t\t<\/a>\t\t<\/div>\n\t\t\t\t\t\t\t\t<header class=\"wp-show-posts-entry-header\">\n\t\t\t\t\t\t\t<p class=\"wp-show-posts-entry-title\" itemprop=\"headline\"><a href=\"https:\/\/www.radlobby.org\/noe\/42387-2\/\" rel=\"bookmark\">Radl-Stammtisch mit neuen Gesichtern &#8211; Austausch mit neuen Perspektiven<\/a><\/p>\t\t\t\t\t\t<\/header><!-- .entry-header -->\n\t\t\t\t\t\t\t\t\t\t\t<div class=\"wp-show-posts-entry-summary\" itemprop=\"text\">\n\t\t\t\t\t\t\t<p>PURKERSDORF, Juni 2026 \u2013 Am 17. Juni 2026 fand der Radl-Stammtisch der Radlobby Purkersdorf im Linko\u2019s Bachst\u00fcberl statt. Im Fokus standen der Abschluss der Schulweg-Umfrage,&#8230;<\/p>\n\t\t\t\t\t\t<\/div><!-- .entry-summary -->\n\t\t\t\t\t<\/div><!-- wp-show-posts-inner --><\/article><article class=\" wp-show-posts-single post-42355 post type-post status-publish format-standard has-post-thumbnail hentry category-gmuend category-niederoesterreich tag-baustellen tag-umleitung wpsp-col-6\" itemtype=\"http:\/\/schema.org\/CreativeWork\" itemscope><div class=\"wp-show-posts-inner\" style=\"\">\t\t<div class=\"wp-show-posts-image  wpsp-image-left \">\n\t\t\t<a href=\"https:\/\/www.radlobby.org\/noe\/gd-lainsitzbruecke-umleitung\/\"  title=\"Information zur Sperre der Lainsitzbr\u00fccke \/ Informace pro cyklisty a chodce\">\t\t\t\t\t<img decoding=\"async\" src=\"https:\/\/www.radlobby.org\/noe\/wp-content\/uploads\/gd_260619_beitragsbild-180x160.jpg\" alt=\"Information zur Sperre der Lainsitzbr\u00fccke \/ Informace pro cyklisty a chodce\" itemprop=\"image\" class=\"left\" \/>\n\t\t\t\t<\/a>\t\t<\/div>\n\t\t\t\t\t\t\t\t<header class=\"wp-show-posts-entry-header\">\n\t\t\t\t\t\t\t<p class=\"wp-show-posts-entry-title\" itemprop=\"headline\"><a href=\"https:\/\/www.radlobby.org\/noe\/gd-lainsitzbruecke-umleitung\/\" rel=\"bookmark\">Information zur Sperre der Lainsitzbr\u00fccke \/ Informace pro cyklisty a chodce<\/a><\/p>\t\t\t\t\t\t<\/header><!-- .entry-header -->\n\t\t\t\t\t\t\t\t\t\t\t<div class=\"wp-show-posts-entry-summary\" itemprop=\"text\">\n\t\t\t\t\t\t\t<p>Die Br\u00fccke \u00fcber die Lainsitz ist von 26. 5. bis 21. 9. 2026 wegen Bauarbeiten f\u00fcr den gesamten Verkehr gesperrt. Leider sind die Umfahrungen noch&#8230;<\/p>\n\t\t\t\t\t\t<\/div><!-- .entry-summary -->\n\t\t\t\t\t<\/div><!-- wp-show-posts-inner --><\/article><article class=\" wp-show-posts-single post-42281 post type-post status-publish format-standard has-post-thumbnail hentry category-melk category-niederoesterreich tag-aktionen wpsp-col-6\" itemtype=\"http:\/\/schema.org\/CreativeWork\" itemscope><div class=\"wp-show-posts-inner\" style=\"\">\t\t<div class=\"wp-show-posts-image  wpsp-image-left \">\n\t\t\t<a href=\"https:\/\/www.radlobby.org\/noe\/stadtfest-stadtgarten-melk-2026\/\"  title=\"Save the date! Stra\u00dfenfest \u201eStadtgarten Melk \u2013 Vom Parkplatz zum gr\u00fcnen Wohnzimmer f\u00fcr alle\u201c &#8211; 24. 6 2026, von 14 bis 18 h\">\t\t\t\t\t<img decoding=\"async\" src=\"https:\/\/www.radlobby.org\/noe\/wp-content\/uploads\/Plakat_impaQt_MELK-Strassenfest-pdf-180x254.jpg\" alt=\"Save the date! Stra\u00dfenfest \u201eStadtgarten Melk \u2013 Vom Parkplatz zum gr\u00fcnen Wohnzimmer f\u00fcr alle\u201c &#8211; 24. 6 2026, von 14 bis 18 h\" itemprop=\"image\" class=\"left\" \/>\n\t\t\t\t<\/a>\t\t<\/div>\n\t\t\t\t\t\t\t\t<header class=\"wp-show-posts-entry-header\">\n\t\t\t\t\t\t\t<p class=\"wp-show-posts-entry-title\" itemprop=\"headline\"><a href=\"https:\/\/www.radlobby.org\/noe\/stadtfest-stadtgarten-melk-2026\/\" rel=\"bookmark\">Save the date! Stra\u00dfenfest \u201eStadtgarten Melk \u2013 Vom Parkplatz zum gr\u00fcnen Wohnzimmer f\u00fcr alle\u201c &#8211; 24. 6 2026, von 14 bis 18 h<\/a><\/p>\t\t\t\t\t\t<\/header><!-- .entry-header -->\n\t\t\t\t\t\t\t\t\t\t\t<div class=\"wp-show-posts-entry-summary\" itemprop=\"text\">\n\t\t\t\t\t\t\t<p>Am Sparkassen-Parkplatz in der Abbe-Stadler-Gasse in Melk\u00a0(Ort des zuk\u00fcnftigen Stadtgartens). F\u00fcr einen Nachmittag wird \u00f6ffentlicher Raum als Treffpunkt mit Spielm\u00f6glichkeiten, Raum f\u00fcr Austausch, Beteiligung und&#8230;<\/p>\n\t\t\t\t\t\t<\/div><!-- .entry-summary -->\n\t\t\t\t\t<\/div><!-- wp-show-posts-inner --><\/article><article class=\" wp-show-posts-single post-42248 post type-post status-publish format-standard has-post-thumbnail hentry category-niederoesterreich category-traismauer wpsp-col-6\" itemtype=\"http:\/\/schema.org\/CreativeWork\" itemscope><div class=\"wp-show-posts-inner\" style=\"\">\t\t<div class=\"wp-show-posts-image  wpsp-image-left \">\n\t\t\t<a href=\"https:\/\/www.radlobby.org\/noe\/traismaurer-rad-genuss-tag-2\/\"  title=\"Traismaurer Rad &#8211; Genuss &#8211; Tag\">\t\t\t\t\t<img decoding=\"async\" src=\"https:\/\/www.radlobby.org\/noe\/wp-content\/uploads\/2026-06-07_RL-Stand-Foto-Reischauer-scaled-180x120.jpg\" alt=\"Traismaurer Rad &#8211; Genuss &#8211; Tag\" itemprop=\"image\" class=\"left\" \/>\n\t\t\t\t<\/a>\t\t<\/div>\n\t\t\t\t\t\t\t\t<header class=\"wp-show-posts-entry-header\">\n\t\t\t\t\t\t\t<p class=\"wp-show-posts-entry-title\" itemprop=\"headline\"><a href=\"https:\/\/www.radlobby.org\/noe\/traismaurer-rad-genuss-tag-2\/\" rel=\"bookmark\">Traismaurer Rad &#8211; Genuss &#8211; Tag<\/a><\/p>\t\t\t\t\t\t<\/header><!-- .entry-header -->\n\t\t\t\t\t\t\t\t\t\t\t<div class=\"wp-show-posts-entry-summary\" itemprop=\"text\">\n\t\t\t\t\t\t\t<p>Der heuer erstmals im Gemeindegebiet von Traismauer durchgef\u00fchrte Rad-Genuss-Tag wurde dank der vielf\u00e4ltigen Stationen und idealem \u201eRadlwetter\u201c \u00fcberraschend gut angenommen. Neben den vielen passionierten Radfahrerinnen&#8230;<\/p>\n\t\t\t\t\t\t<\/div><!-- .entry-summary -->\n\t\t\t\t\t<\/div><!-- wp-show-posts-inner --><\/article><article class=\" wp-show-posts-single post-42236 post type-post status-publish format-standard has-post-thumbnail hentry category-aktion category-eichgraben category-neulengbach category-niederoesterreich category-pressbaum category-purkersdorf tag-fuerdenradweginpressbaum tag-kidicalmass tag-kidicalmasspressbaum tag-radlobby tag-radparade tag-vcoe wpsp-col-6\" itemtype=\"http:\/\/schema.org\/CreativeWork\" itemscope><div class=\"wp-show-posts-inner\" style=\"\">\t\t<div class=\"wp-show-posts-image  wpsp-image-left \">\n\t\t\t<a href=\"https:\/\/www.radlobby.org\/noe\/samstag-13-juni-2026-kidical-mass-pressbaumvielfalt-leben-theaterschminke-bike-bell-orchestra-seid-dabei-um-1415-gehts-los\/\"  title=\"Samstag, 13. Juni 2026, Kidical Mass Pressbaum f\u00fcr den Radweg in PressbaumVielfalt leben, Theaterschminke um 14:15Bike Bell Orchestra, Seid dabei!\">\t\t\t\t\t<img decoding=\"async\" src=\"https:\/\/www.radlobby.org\/noe\/wp-content\/uploads\/Kidical-Mass-13062026-VS-180x254.png\" alt=\"Samstag, 13. Juni 2026, Kidical Mass Pressbaum f\u00fcr den Radweg in Pressbaum<br>Vielfalt leben, Theaterschminke um 14:15<br>Bike Bell Orchestra, Seid dabei!\" itemprop=\"image\" class=\"left\" \/>\n\t\t\t\t<\/a>\t\t<\/div>\n\t\t\t\t\t\t\t\t<header class=\"wp-show-posts-entry-header\">\n\t\t\t\t\t\t\t<p class=\"wp-show-posts-entry-title\" itemprop=\"headline\"><a href=\"https:\/\/www.radlobby.org\/noe\/samstag-13-juni-2026-kidical-mass-pressbaumvielfalt-leben-theaterschminke-bike-bell-orchestra-seid-dabei-um-1415-gehts-los\/\" rel=\"bookmark\">Samstag, 13. Juni 2026, Kidical Mass Pressbaum f\u00fcr den Radweg in Pressbaum<br>Vielfalt leben, Theaterschminke um 14:15<br>Bike Bell Orchestra, Seid dabei!<\/a><\/p>\t\t\t\t\t\t<\/header><!-- .entry-header -->\n\t\t\t\t\t\t\t\t\t\t\t<div class=\"wp-show-posts-entry-summary\" itemprop=\"text\">\n\t\t\t\t\t\t\t<p>F\u00fcr den durchgehenden Radweg in Pressbaum entlang der B44! F\u00fcr kinderfreundliche Stra\u00dfen!<\/p>\n\t\t\t\t\t\t<\/div><!-- .entry-summary -->\n\t\t\t\t\t<\/div><!-- wp-show-posts-inner --><\/article><div class=\"wpsp-clear\"><\/div><\/section><!-- .wp-show-posts --><div class=\"wpsp-load-more\"><span aria-current=\"page\" class=\"page-numbers current\">1<\/span>\n<a class=\"page-numbers\" href=\"https:\/\/www.radlobby.org\/noe\/wp-json\/wp\/v2\/posts\/17373\/page\/2\/\">2<\/a>\n<span class=\"page-numbers dots\">&hellip;<\/span>\n<a class=\"page-numbers\" href=\"https:\/\/www.radlobby.org\/noe\/wp-json\/wp\/v2\/posts\/17373\/page\/65\/\">65<\/a>\n<a class=\"next page-numbers\" href=\"https:\/\/www.radlobby.org\/noe\/wp-json\/wp\/v2\/posts\/17373\/page\/2\/\">N\u00e4chste &rarr;<\/a><\/div>\n","protected":false},"excerpt":{"rendered":"<p>Der Geh- und Radweg entlang der B34 ist seit Juli 2020 wegen eines Felssturzes gesperrt. <\/p>\n","protected":false},"author":2,"featured_media":17375,"comment_status":"closed","ping_status":"closed","sticky":false,"template":"","format":"standard","meta":{"footnotes":""},"categories":[383,20],"tags":[],"class_list":["post-17373","post","type-post","status-publish","format-standard","has-post-thumbnail","hentry","category-presse-medien","category-niederoesterreich"],"yoast_head":"<!-- This site is optimized with the Yoast SEO plugin v28.3 - https:\/\/yoast.com\/product\/yoast-seo-wordpress\/ -->\n<title>N\u00d6N: Monatelange Radwegsperre im Kamptal Unmut w\u00e4chst - Radlobby Nieder\u00f6sterreich<\/title>\n<meta name=\"robots\" content=\"index, follow, max-snippet:-1, max-image-preview:large, max-video-preview:-1\" \/>\n<link rel=\"canonical\" href=\"https:\/\/www.radlobby.org\/noe\/noen-monatelange-radwegsperre-im-kamptal-unmut-waechst\/\" \/>\n<meta property=\"og:locale\" content=\"de_DE\" \/>\n<meta property=\"og:type\" content=\"article\" \/>\n<meta property=\"og:title\" content=\"N\u00d6N: Monatelange Radwegsperre im Kamptal Unmut w\u00e4chst - Radlobby Nieder\u00f6sterreich\" \/>\n<meta property=\"og:description\" content=\"Der Geh- und Radweg entlang der B34 ist seit Juli 2020 wegen eines Felssturzes gesperrt.\" \/>\n<meta property=\"og:url\" content=\"https:\/\/www.radlobby.org\/noe\/noen-monatelange-radwegsperre-im-kamptal-unmut-waechst\/\" \/>\n<meta property=\"og:site_name\" content=\"Radlobby Nieder\u00f6sterreich\" \/>\n<meta property=\"article:publisher\" content=\"https:\/\/www.facebook.com\/groups\/radfahren.in.noe\/\" \/>\n<meta property=\"article:published_time\" content=\"2021-03-18T08:39:21+00:00\" \/>\n<meta property=\"article:modified_time\" content=\"2021-04-15T13:02:46+00:00\" \/>\n<meta property=\"og:image\" content=\"https:\/\/www.radlobby.org\/noe\/wp-content\/uploads\/20210317-NOEN-Horn-Bericht-Kamptalradweg-gesperrt-Vorschau.jpg\" \/>\n\t<meta property=\"og:image:width\" content=\"650\" \/>\n\t<meta property=\"og:image:height\" content=\"399\" \/>\n\t<meta property=\"og:image:type\" content=\"image\/jpeg\" \/>\n<meta name=\"author\" content=\"Karl Zauner\" \/>\n<meta name=\"twitter:card\" content=\"summary_large_image\" \/>\n<meta name=\"twitter:label1\" content=\"Verfasst von\" \/>\n\t<meta name=\"twitter:data1\" content=\"Karl Zauner\" \/>\n\t<meta name=\"twitter:label2\" content=\"Gesch\u00e4tzte Lesezeit\" \/>\n\t<meta name=\"twitter:data2\" content=\"2\u00a0Minuten\" \/>\n<script type=\"application\/ld+json\" class=\"yoast-schema-graph\">{\"@context\":\"https:\\\/\\\/schema.org\",\"@graph\":[{\"@type\":\"Article\",\"@id\":\"https:\\\/\\\/www.radlobby.org\\\/noe\\\/noen-monatelange-radwegsperre-im-kamptal-unmut-waechst\\\/#article\",\"isPartOf\":{\"@id\":\"https:\\\/\\\/www.radlobby.org\\\/noe\\\/noen-monatelange-radwegsperre-im-kamptal-unmut-waechst\\\/\"},\"author\":{\"name\":\"Karl Zauner\",\"@id\":\"https:\\\/\\\/www.radlobby.org\\\/noe\\\/#\\\/schema\\\/person\\\/9288f5d21436830e82180c4b00a2593f\"},\"headline\":\"N\u00d6N: Monatelange Radwegsperre im Kamptal Unmut w\u00e4chst\",\"datePublished\":\"2021-03-18T08:39:21+00:00\",\"dateModified\":\"2021-04-15T13:02:46+00:00\",\"mainEntityOfPage\":{\"@id\":\"https:\\\/\\\/www.radlobby.org\\\/noe\\\/noen-monatelange-radwegsperre-im-kamptal-unmut-waechst\\\/\"},\"wordCount\":169,\"publisher\":{\"@id\":\"https:\\\/\\\/www.radlobby.org\\\/noe\\\/#organization\"},\"image\":{\"@id\":\"https:\\\/\\\/www.radlobby.org\\\/noe\\\/noen-monatelange-radwegsperre-im-kamptal-unmut-waechst\\\/#primaryimage\"},\"thumbnailUrl\":\"https:\\\/\\\/www.radlobby.org\\\/noe\\\/wp-content\\\/uploads\\\/20210317-NOEN-Horn-Bericht-Kamptalradweg-gesperrt-Vorschau.jpg\",\"articleSection\":[\"Presse &amp; Medien\",\"Radlobby Nieder\u00f6sterreich\"],\"inLanguage\":\"de\"},{\"@type\":\"WebPage\",\"@id\":\"https:\\\/\\\/www.radlobby.org\\\/noe\\\/noen-monatelange-radwegsperre-im-kamptal-unmut-waechst\\\/\",\"url\":\"https:\\\/\\\/www.radlobby.org\\\/noe\\\/noen-monatelange-radwegsperre-im-kamptal-unmut-waechst\\\/\",\"name\":\"N\u00d6N: Monatelange Radwegsperre im Kamptal Unmut w\u00e4chst - Radlobby Nieder\u00f6sterreich\",\"isPartOf\":{\"@id\":\"https:\\\/\\\/www.radlobby.org\\\/noe\\\/#website\"},\"primaryImageOfPage\":{\"@id\":\"https:\\\/\\\/www.radlobby.org\\\/noe\\\/noen-monatelange-radwegsperre-im-kamptal-unmut-waechst\\\/#primaryimage\"},\"image\":{\"@id\":\"https:\\\/\\\/www.radlobby.org\\\/noe\\\/noen-monatelange-radwegsperre-im-kamptal-unmut-waechst\\\/#primaryimage\"},\"thumbnailUrl\":\"https:\\\/\\\/www.radlobby.org\\\/noe\\\/wp-content\\\/uploads\\\/20210317-NOEN-Horn-Bericht-Kamptalradweg-gesperrt-Vorschau.jpg\",\"datePublished\":\"2021-03-18T08:39:21+00:00\",\"dateModified\":\"2021-04-15T13:02:46+00:00\",\"breadcrumb\":{\"@id\":\"https:\\\/\\\/www.radlobby.org\\\/noe\\\/noen-monatelange-radwegsperre-im-kamptal-unmut-waechst\\\/#breadcrumb\"},\"inLanguage\":\"de\",\"potentialAction\":[{\"@type\":\"ReadAction\",\"target\":[\"https:\\\/\\\/www.radlobby.org\\\/noe\\\/noen-monatelange-radwegsperre-im-kamptal-unmut-waechst\\\/\"]}]},{\"@type\":\"ImageObject\",\"inLanguage\":\"de\",\"@id\":\"https:\\\/\\\/www.radlobby.org\\\/noe\\\/noen-monatelange-radwegsperre-im-kamptal-unmut-waechst\\\/#primaryimage\",\"url\":\"https:\\\/\\\/www.radlobby.org\\\/noe\\\/wp-content\\\/uploads\\\/20210317-NOEN-Horn-Bericht-Kamptalradweg-gesperrt-Vorschau.jpg\",\"contentUrl\":\"https:\\\/\\\/www.radlobby.org\\\/noe\\\/wp-content\\\/uploads\\\/20210317-NOEN-Horn-Bericht-Kamptalradweg-gesperrt-Vorschau.jpg\",\"width\":650,\"height\":399},{\"@type\":\"BreadcrumbList\",\"@id\":\"https:\\\/\\\/www.radlobby.org\\\/noe\\\/noen-monatelange-radwegsperre-im-kamptal-unmut-waechst\\\/#breadcrumb\",\"itemListElement\":[{\"@type\":\"ListItem\",\"position\":1,\"name\":\"Startseite\",\"item\":\"https:\\\/\\\/www.radlobby.org\\\/noe\\\/\"},{\"@type\":\"ListItem\",\"position\":2,\"name\":\"N\u00d6N: Monatelange Radwegsperre im Kamptal Unmut w\u00e4chst\"}]},{\"@type\":\"WebSite\",\"@id\":\"https:\\\/\\\/www.radlobby.org\\\/noe\\\/#website\",\"url\":\"https:\\\/\\\/www.radlobby.org\\\/noe\\\/\",\"name\":\"Radlobby Nieder\u00f6sterreich\",\"description\":\"Radverkehr, Fahrrad, Radfahren, Radreisen, Radtouren, Radweg\",\"publisher\":{\"@id\":\"https:\\\/\\\/www.radlobby.org\\\/noe\\\/#organization\"},\"potentialAction\":[{\"@type\":\"SearchAction\",\"target\":{\"@type\":\"EntryPoint\",\"urlTemplate\":\"https:\\\/\\\/www.radlobby.org\\\/noe\\\/?s={search_term_string}\"},\"query-input\":{\"@type\":\"PropertyValueSpecification\",\"valueRequired\":true,\"valueName\":\"search_term_string\"}}],\"inLanguage\":\"de\"},{\"@type\":\"Organization\",\"@id\":\"https:\\\/\\\/www.radlobby.org\\\/noe\\\/#organization\",\"name\":\"Radlobby Nieder\u00f6sterreich\",\"url\":\"https:\\\/\\\/www.radlobby.org\\\/noe\\\/\",\"logo\":{\"@type\":\"ImageObject\",\"inLanguage\":\"de\",\"@id\":\"https:\\\/\\\/www.radlobby.org\\\/noe\\\/#\\\/schema\\\/logo\\\/image\\\/\",\"url\":\"https:\\\/\\\/www.radlobby.org\\\/noe\\\/wp-content\\\/uploads\\\/2017\\\/01\\\/cropped-Logo_Radlobby_Niederoesterreich_50-400px_quer-1.jpg\",\"contentUrl\":\"https:\\\/\\\/www.radlobby.org\\\/noe\\\/wp-content\\\/uploads\\\/2017\\\/01\\\/cropped-Logo_Radlobby_Niederoesterreich_50-400px_quer-1.jpg\",\"width\":450,\"height\":124,\"caption\":\"Radlobby Nieder\u00f6sterreich\"},\"image\":{\"@id\":\"https:\\\/\\\/www.radlobby.org\\\/noe\\\/#\\\/schema\\\/logo\\\/image\\\/\"},\"sameAs\":[\"https:\\\/\\\/www.facebook.com\\\/groups\\\/radfahren.in.noe\\\/\"]},{\"@type\":\"Person\",\"@id\":\"https:\\\/\\\/www.radlobby.org\\\/noe\\\/#\\\/schema\\\/person\\\/9288f5d21436830e82180c4b00a2593f\",\"name\":\"Karl Zauner\",\"image\":{\"@type\":\"ImageObject\",\"inLanguage\":\"de\",\"@id\":\"https:\\\/\\\/secure.gravatar.com\\\/avatar\\\/caa97b2b400b51988ae6176d068fec88ddae75cb02cc26e2fda958cc39dfc138?s=96&d=mm&r=g\",\"url\":\"https:\\\/\\\/secure.gravatar.com\\\/avatar\\\/caa97b2b400b51988ae6176d068fec88ddae75cb02cc26e2fda958cc39dfc138?s=96&d=mm&r=g\",\"contentUrl\":\"https:\\\/\\\/secure.gravatar.com\\\/avatar\\\/caa97b2b400b51988ae6176d068fec88ddae75cb02cc26e2fda958cc39dfc138?s=96&d=mm&r=g\",\"caption\":\"Karl Zauner\"},\"url\":\"https:\\\/\\\/www.radlobby.org\\\/noe\\\/author\\\/karlzauner\\\/\"}]}<\/script>\n<!-- \/ Yoast SEO plugin. -->","yoast_head_json":{"title":"N\u00d6N: Monatelange Radwegsperre im Kamptal Unmut w\u00e4chst - Radlobby Nieder\u00f6sterreich","robots":{"index":"index","follow":"follow","max-snippet":"max-snippet:-1","max-image-preview":"max-image-preview:large","max-video-preview":"max-video-preview:-1"},"canonical":"https:\/\/www.radlobby.org\/noe\/noen-monatelange-radwegsperre-im-kamptal-unmut-waechst\/","og_locale":"de_DE","og_type":"article","og_title":"N\u00d6N: Monatelange Radwegsperre im Kamptal Unmut w\u00e4chst - Radlobby Nieder\u00f6sterreich","og_description":"Der Geh- und Radweg entlang der B34 ist seit Juli 2020 wegen eines Felssturzes gesperrt.","og_url":"https:\/\/www.radlobby.org\/noe\/noen-monatelange-radwegsperre-im-kamptal-unmut-waechst\/","og_site_name":"Radlobby Nieder\u00f6sterreich","article_publisher":"https:\/\/www.facebook.com\/groups\/radfahren.in.noe\/","article_published_time":"2021-03-18T08:39:21+00:00","article_modified_time":"2021-04-15T13:02:46+00:00","og_image":[{"width":650,"height":399,"url":"https:\/\/www.radlobby.org\/noe\/wp-content\/uploads\/20210317-NOEN-Horn-Bericht-Kamptalradweg-gesperrt-Vorschau.jpg","type":"image\/jpeg"}],"author":"Karl Zauner","twitter_card":"summary_large_image","twitter_misc":{"Verfasst von":"Karl Zauner","Gesch\u00e4tzte Lesezeit":"2\u00a0Minuten"},"schema":{"@context":"https:\/\/schema.org","@graph":[{"@type":"Article","@id":"https:\/\/www.radlobby.org\/noe\/noen-monatelange-radwegsperre-im-kamptal-unmut-waechst\/#article","isPartOf":{"@id":"https:\/\/www.radlobby.org\/noe\/noen-monatelange-radwegsperre-im-kamptal-unmut-waechst\/"},"author":{"name":"Karl Zauner","@id":"https:\/\/www.radlobby.org\/noe\/#\/schema\/person\/9288f5d21436830e82180c4b00a2593f"},"headline":"N\u00d6N: Monatelange Radwegsperre im Kamptal Unmut w\u00e4chst","datePublished":"2021-03-18T08:39:21+00:00","dateModified":"2021-04-15T13:02:46+00:00","mainEntityOfPage":{"@id":"https:\/\/www.radlobby.org\/noe\/noen-monatelange-radwegsperre-im-kamptal-unmut-waechst\/"},"wordCount":169,"publisher":{"@id":"https:\/\/www.radlobby.org\/noe\/#organization"},"image":{"@id":"https:\/\/www.radlobby.org\/noe\/noen-monatelange-radwegsperre-im-kamptal-unmut-waechst\/#primaryimage"},"thumbnailUrl":"https:\/\/www.radlobby.org\/noe\/wp-content\/uploads\/20210317-NOEN-Horn-Bericht-Kamptalradweg-gesperrt-Vorschau.jpg","articleSection":["Presse &amp; Medien","Radlobby Nieder\u00f6sterreich"],"inLanguage":"de"},{"@type":"WebPage","@id":"https:\/\/www.radlobby.org\/noe\/noen-monatelange-radwegsperre-im-kamptal-unmut-waechst\/","url":"https:\/\/www.radlobby.org\/noe\/noen-monatelange-radwegsperre-im-kamptal-unmut-waechst\/","name":"N\u00d6N: Monatelange Radwegsperre im Kamptal Unmut w\u00e4chst - Radlobby Nieder\u00f6sterreich","isPartOf":{"@id":"https:\/\/www.radlobby.org\/noe\/#website"},"primaryImageOfPage":{"@id":"https:\/\/www.radlobby.org\/noe\/noen-monatelange-radwegsperre-im-kamptal-unmut-waechst\/#primaryimage"},"image":{"@id":"https:\/\/www.radlobby.org\/noe\/noen-monatelange-radwegsperre-im-kamptal-unmut-waechst\/#primaryimage"},"thumbnailUrl":"https:\/\/www.radlobby.org\/noe\/wp-content\/uploads\/20210317-NOEN-Horn-Bericht-Kamptalradweg-gesperrt-Vorschau.jpg","datePublished":"2021-03-18T08:39:21+00:00","dateModified":"2021-04-15T13:02:46+00:00","breadcrumb":{"@id":"https:\/\/www.radlobby.org\/noe\/noen-monatelange-radwegsperre-im-kamptal-unmut-waechst\/#breadcrumb"},"inLanguage":"de","potentialAction":[{"@type":"ReadAction","target":["https:\/\/www.radlobby.org\/noe\/noen-monatelange-radwegsperre-im-kamptal-unmut-waechst\/"]}]},{"@type":"ImageObject","inLanguage":"de","@id":"https:\/\/www.radlobby.org\/noe\/noen-monatelange-radwegsperre-im-kamptal-unmut-waechst\/#primaryimage","url":"https:\/\/www.radlobby.org\/noe\/wp-content\/uploads\/20210317-NOEN-Horn-Bericht-Kamptalradweg-gesperrt-Vorschau.jpg","contentUrl":"https:\/\/www.radlobby.org\/noe\/wp-content\/uploads\/20210317-NOEN-Horn-Bericht-Kamptalradweg-gesperrt-Vorschau.jpg","width":650,"height":399},{"@type":"BreadcrumbList","@id":"https:\/\/www.radlobby.org\/noe\/noen-monatelange-radwegsperre-im-kamptal-unmut-waechst\/#breadcrumb","itemListElement":[{"@type":"ListItem","position":1,"name":"Startseite","item":"https:\/\/www.radlobby.org\/noe\/"},{"@type":"ListItem","position":2,"name":"N\u00d6N: Monatelange Radwegsperre im Kamptal Unmut w\u00e4chst"}]},{"@type":"WebSite","@id":"https:\/\/www.radlobby.org\/noe\/#website","url":"https:\/\/www.radlobby.org\/noe\/","name":"Radlobby Nieder\u00f6sterreich","description":"Radverkehr, Fahrrad, Radfahren, Radreisen, Radtouren, Radweg","publisher":{"@id":"https:\/\/www.radlobby.org\/noe\/#organization"},"potentialAction":[{"@type":"SearchAction","target":{"@type":"EntryPoint","urlTemplate":"https:\/\/www.radlobby.org\/noe\/?s={search_term_string}"},"query-input":{"@type":"PropertyValueSpecification","valueRequired":true,"valueName":"search_term_string"}}],"inLanguage":"de"},{"@type":"Organization","@id":"https:\/\/www.radlobby.org\/noe\/#organization","name":"Radlobby Nieder\u00f6sterreich","url":"https:\/\/www.radlobby.org\/noe\/","logo":{"@type":"ImageObject","inLanguage":"de","@id":"https:\/\/www.radlobby.org\/noe\/#\/schema\/logo\/image\/","url":"https:\/\/www.radlobby.org\/noe\/wp-content\/uploads\/2017\/01\/cropped-Logo_Radlobby_Niederoesterreich_50-400px_quer-1.jpg","contentUrl":"https:\/\/www.radlobby.org\/noe\/wp-content\/uploads\/2017\/01\/cropped-Logo_Radlobby_Niederoesterreich_50-400px_quer-1.jpg","width":450,"height":124,"caption":"Radlobby Nieder\u00f6sterreich"},"image":{"@id":"https:\/\/www.radlobby.org\/noe\/#\/schema\/logo\/image\/"},"sameAs":["https:\/\/www.facebook.com\/groups\/radfahren.in.noe\/"]},{"@type":"Person","@id":"https:\/\/www.radlobby.org\/noe\/#\/schema\/person\/9288f5d21436830e82180c4b00a2593f","name":"Karl Zauner","image":{"@type":"ImageObject","inLanguage":"de","@id":"https:\/\/secure.gravatar.com\/avatar\/caa97b2b400b51988ae6176d068fec88ddae75cb02cc26e2fda958cc39dfc138?s=96&d=mm&r=g","url":"https:\/\/secure.gravatar.com\/avatar\/caa97b2b400b51988ae6176d068fec88ddae75cb02cc26e2fda958cc39dfc138?s=96&d=mm&r=g","contentUrl":"https:\/\/secure.gravatar.com\/avatar\/caa97b2b400b51988ae6176d068fec88ddae75cb02cc26e2fda958cc39dfc138?s=96&d=mm&r=g","caption":"Karl Zauner"},"url":"https:\/\/www.radlobby.org\/noe\/author\/karlzauner\/"}]}},"_links":{"self":[{"href":"https:\/\/www.radlobby.org\/noe\/wp-json\/wp\/v2\/posts\/17373","targetHints":{"allow":["GET"]}}],"collection":[{"href":"https:\/\/www.radlobby.org\/noe\/wp-json\/wp\/v2\/posts"}],"about":[{"href":"https:\/\/www.radlobby.org\/noe\/wp-json\/wp\/v2\/types\/post"}],"author":[{"embeddable":true,"href":"https:\/\/www.radlobby.org\/noe\/wp-json\/wp\/v2\/users\/2"}],"replies":[{"embeddable":true,"href":"https:\/\/www.radlobby.org\/noe\/wp-json\/wp\/v2\/comments?post=17373"}],"version-history":[{"count":0,"href":"https:\/\/www.radlobby.org\/noe\/wp-json\/wp\/v2\/posts\/17373\/revisions"}],"wp:featuredmedia":[{"embeddable":true,"href":"https:\/\/www.radlobby.org\/noe\/wp-json\/wp\/v2\/media\/17375"}],"wp:attachment":[{"href":"https:\/\/www.radlobby.org\/noe\/wp-json\/wp\/v2\/media?parent=17373"}],"wp:term":[{"taxonomy":"category","embeddable":true,"href":"https:\/\/www.radlobby.org\/noe\/wp-json\/wp\/v2\/categories?post=17373"},{"taxonomy":"post_tag","embeddable":true,"href":"https:\/\/www.radlobby.org\/noe\/wp-json\/wp\/v2\/tags?post=17373"}],"curies":[{"name":"wp","href":"https:\/\/api.w.org\/{rel}","templated":true}]}}