{"id":15428,"date":"2020-09-25T17:58:58","date_gmt":"2020-09-25T15:58:58","guid":{"rendered":"http:\/\/www.radlobby.org\/noe\/?p=15428"},"modified":"2023-11-21T10:43:58","modified_gmt":"2023-11-21T09:43:58","slug":"radlobby-ebreichsdorf-beim-klimastreik","status":"publish","type":"post","link":"https:\/\/www.radlobby.org\/noe\/radlobby-ebreichsdorf-beim-klimastreik\/","title":{"rendered":"Radlobby Ebreichsdorf beim Klimastreik"},"content":{"rendered":"<p>\u201cNo one is too small to make a difference\u201d, diesem Motto von Greta Thunberg sind wir von der Radlobby Ebreichsdorf gefolgt und haben teilgenommen beim mittleierweile 6. globalen Klimastreik am 25.9.2020.<\/p>\n<h4><strong>Kleine Schritte vorw\u00e4rts<\/strong><\/h4>\n<p>\u00d6sterreich ist von den gesetzten Zielen die CO2 Emissionen zu reduzieren weit entfernt und wird zuk\u00fcnftig Milliarden an Zahlungen f\u00fcr Emissionszertifikate leisten m\u00fcssen. Eine Wende der bisherigen Politik ist zwar in Ans\u00e4tzen erkennbar, aber die Schritte in Richtung Klimaschutz sind klein.<\/p>\n<h4><strong>Radlobby tritt ein f\u00fcr Klimaschutz<\/strong><\/h4>\n<p>Als Radlobby treten wir f\u00fcr den Klimaschutz ein und fordern eine ver\u00e4nderte Ausrichtung der bisherigen Verkehrspolitik und Verwaltungsabl\u00e4ufe. Dem Radverkehr muss mehr Platz, mehr Komfort und mehr Wertsch\u00e4tzung zukommen als bisher.<\/p>\n<h4><strong>Kritisch entscheiden<\/strong><\/h4>\n<p>Der h\u00f6chste Anteil der sch\u00e4dlichen Emissionen im Stra\u00dfenverkehr ist auf den PKW-Verkehr zur\u00fcckzuf\u00fchren. Gefragt sind hier alle AutofahrerInnen sich zu \u00fcberlegen, ob sie kurze Strecken tats\u00e4chlich mit dem Auto zur\u00fccklegen m\u00fcssen. In \u00d6sterreich sind die H\u00e4lfte aller Autofahrten k\u00fcrzer als 5km, das sind Strecken, die mit dem Rad in ca. 15 Minuten zur\u00fcckgelegt werden k\u00f6nnen. Die t\u00e4gliche Bewegung und die Zeit an der frischen Luft sind da schon inklusive! Jeder gefahrene Autokilometer verursacht 150 Gramm CO2. Die\/der durchschnittliche \u00d6sterreicherIn f\u00e4hrt pro Jahr 9000 Kilometer und st\u00f6\u00dft damit fast 1,4 Tonnen CO2 aus. Es geht nicht darum nicht mehr mit dem Auto zu fahren, sondern kritischer bei der Entscheidung zu sein, das Auto f\u00fcr einen Weg zu nutzen.<\/p>\n<h4><strong>Radfahren von 0-99<\/strong><\/h4>\n<p>Es ist f\u00fcr uns nachvollziehbar, dass sich viele nicht mit dem Rad im Stra\u00dfenverkehr fahren trauen, deshalb setzen wir uns daf\u00fcr ein, dass ALLE von 0-99 sich mit dem Rad komfortabel, sicher und mit Freude fortbewegen k\u00f6nnen.<\/p>\n<p>Und weil niemand zu klein ist, um etwas bewegen zu k\u00f6nnen, m\u00f6chten wir um eure Mithilfe ersuchen: schickt uns Fotos und kurze Beschreibungen von Stellen, die problematisch sind f\u00fcrs Radfahren, entweder an ebreichsdorf@radlobby.at oder ruft an unter 0680\/11 68690.<\/p>\n<p>&nbsp;<\/p>\n","protected":false},"excerpt":{"rendered":"<p>\u201cNo one is too small to make a difference\u201d, diesem Motto von Greta Thunberg sind wir von der Radlobby Ebreichsdorf gefolgt und haben teilgenommen beim mittleierweile 6. globalen Klimastreik am 25.9.2020. Kleine Schritte vorw\u00e4rts \u00d6sterreich ist von den gesetzten Zielen<\/p>\n","protected":false},"author":42,"featured_media":15141,"comment_status":"closed","ping_status":"closed","sticky":false,"template":"","format":"standard","meta":{"footnotes":""},"categories":[382,343],"tags":[372],"class_list":["post-15428","post","type-post","status-publish","format-standard","has-post-thumbnail","hentry","category-klima","category-ebreichsdorf","tag-klima"],"yoast_head":"<!-- This site is optimized with the Yoast SEO plugin v26.9 - https:\/\/yoast.com\/product\/yoast-seo-wordpress\/ -->\n<title>Radlobby Ebreichsdorf beim Klimastreik - Radlobby Nieder\u00f6sterreich<\/title>\n<meta name=\"robots\" content=\"index, follow, max-snippet:-1, max-image-preview:large, max-video-preview:-1\" \/>\n<link rel=\"canonical\" href=\"https:\/\/www.radlobby.org\/noe\/radlobby-ebreichsdorf-beim-klimastreik\/\" \/>\n<meta property=\"og:locale\" content=\"de_DE\" \/>\n<meta property=\"og:type\" content=\"article\" \/>\n<meta property=\"og:title\" content=\"Radlobby Ebreichsdorf beim Klimastreik - Radlobby Nieder\u00f6sterreich\" \/>\n<meta property=\"og:description\" content=\"\u201cNo one is too small to make a difference\u201d, diesem Motto von Greta Thunberg sind wir von der Radlobby Ebreichsdorf gefolgt und haben teilgenommen beim mittleierweile 6. globalen Klimastreik am 25.9.2020. Kleine Schritte vorw\u00e4rts \u00d6sterreich ist von den gesetzten Zielen\" \/>\n<meta property=\"og:url\" content=\"https:\/\/www.radlobby.org\/noe\/radlobby-ebreichsdorf-beim-klimastreik\/\" \/>\n<meta property=\"og:site_name\" content=\"Radlobby Nieder\u00f6sterreich\" \/>\n<meta property=\"article:publisher\" content=\"https:\/\/www.facebook.com\/groups\/radfahren.in.noe\/\" \/>\n<meta property=\"article:published_time\" content=\"2020-09-25T15:58:58+00:00\" \/>\n<meta property=\"article:modified_time\" content=\"2023-11-21T09:43:58+00:00\" \/>\n<meta property=\"og:image\" content=\"https:\/\/www.radlobby.org\/noe\/wp-content\/uploads\/20200925-Klimaprotest-Weltweiter-Klimastreik-fight-every-crisis-FLYER.jpg\" \/>\n\t<meta property=\"og:image:width\" content=\"726\" \/>\n\t<meta property=\"og:image:height\" content=\"1024\" \/>\n\t<meta property=\"og:image:type\" content=\"image\/jpeg\" \/>\n<meta name=\"author\" content=\"Elisabeth F\u00fcssl\" \/>\n<meta name=\"twitter:card\" content=\"summary_large_image\" \/>\n<meta name=\"twitter:label1\" content=\"Verfasst von\" \/>\n\t<meta name=\"twitter:data1\" content=\"Elisabeth F\u00fcssl\" \/>\n\t<meta name=\"twitter:label2\" content=\"Gesch\u00e4tzte Lesezeit\" \/>\n\t<meta name=\"twitter:data2\" content=\"2\u00a0Minuten\" \/>\n<script type=\"application\/ld+json\" class=\"yoast-schema-graph\">{\"@context\":\"https:\/\/schema.org\",\"@graph\":[{\"@type\":\"Article\",\"@id\":\"https:\/\/www.radlobby.org\/noe\/radlobby-ebreichsdorf-beim-klimastreik\/#article\",\"isPartOf\":{\"@id\":\"https:\/\/www.radlobby.org\/noe\/radlobby-ebreichsdorf-beim-klimastreik\/\"},\"author\":{\"name\":\"Elisabeth F\u00fcssl\",\"@id\":\"https:\/\/www.radlobby.org\/noe\/#\/schema\/person\/18e43e1a260d8e6fa8d3ddcfea65577c\"},\"headline\":\"Radlobby Ebreichsdorf beim Klimastreik\",\"datePublished\":\"2020-09-25T15:58:58+00:00\",\"dateModified\":\"2023-11-21T09:43:58+00:00\",\"mainEntityOfPage\":{\"@id\":\"https:\/\/www.radlobby.org\/noe\/radlobby-ebreichsdorf-beim-klimastreik\/\"},\"wordCount\":342,\"publisher\":{\"@id\":\"https:\/\/www.radlobby.org\/noe\/#organization\"},\"image\":{\"@id\":\"https:\/\/www.radlobby.org\/noe\/radlobby-ebreichsdorf-beim-klimastreik\/#primaryimage\"},\"thumbnailUrl\":\"https:\/\/www.radlobby.org\/noe\/wp-content\/uploads\/20200925-Klimaprotest-Weltweiter-Klimastreik-fight-every-crisis-FLYER.jpg\",\"keywords\":[\"klima\"],\"articleSection\":[\"Klima\",\"Radlobby Ebreichsdorf\"],\"inLanguage\":\"de\"},{\"@type\":\"WebPage\",\"@id\":\"https:\/\/www.radlobby.org\/noe\/radlobby-ebreichsdorf-beim-klimastreik\/\",\"url\":\"https:\/\/www.radlobby.org\/noe\/radlobby-ebreichsdorf-beim-klimastreik\/\",\"name\":\"Radlobby Ebreichsdorf beim Klimastreik - Radlobby Nieder\u00f6sterreich\",\"isPartOf\":{\"@id\":\"https:\/\/www.radlobby.org\/noe\/#website\"},\"primaryImageOfPage\":{\"@id\":\"https:\/\/www.radlobby.org\/noe\/radlobby-ebreichsdorf-beim-klimastreik\/#primaryimage\"},\"image\":{\"@id\":\"https:\/\/www.radlobby.org\/noe\/radlobby-ebreichsdorf-beim-klimastreik\/#primaryimage\"},\"thumbnailUrl\":\"https:\/\/www.radlobby.org\/noe\/wp-content\/uploads\/20200925-Klimaprotest-Weltweiter-Klimastreik-fight-every-crisis-FLYER.jpg\",\"datePublished\":\"2020-09-25T15:58:58+00:00\",\"dateModified\":\"2023-11-21T09:43:58+00:00\",\"breadcrumb\":{\"@id\":\"https:\/\/www.radlobby.org\/noe\/radlobby-ebreichsdorf-beim-klimastreik\/#breadcrumb\"},\"inLanguage\":\"de\",\"potentialAction\":[{\"@type\":\"ReadAction\",\"target\":[\"https:\/\/www.radlobby.org\/noe\/radlobby-ebreichsdorf-beim-klimastreik\/\"]}]},{\"@type\":\"ImageObject\",\"inLanguage\":\"de\",\"@id\":\"https:\/\/www.radlobby.org\/noe\/radlobby-ebreichsdorf-beim-klimastreik\/#primaryimage\",\"url\":\"https:\/\/www.radlobby.org\/noe\/wp-content\/uploads\/20200925-Klimaprotest-Weltweiter-Klimastreik-fight-every-crisis-FLYER.jpg\",\"contentUrl\":\"https:\/\/www.radlobby.org\/noe\/wp-content\/uploads\/20200925-Klimaprotest-Weltweiter-Klimastreik-fight-every-crisis-FLYER.jpg\",\"width\":726,\"height\":1024},{\"@type\":\"BreadcrumbList\",\"@id\":\"https:\/\/www.radlobby.org\/noe\/radlobby-ebreichsdorf-beim-klimastreik\/#breadcrumb\",\"itemListElement\":[{\"@type\":\"ListItem\",\"position\":1,\"name\":\"Startseite\",\"item\":\"https:\/\/www.radlobby.org\/noe\/\"},{\"@type\":\"ListItem\",\"position\":2,\"name\":\"Radlobby Ebreichsdorf beim Klimastreik\"}]},{\"@type\":\"WebSite\",\"@id\":\"https:\/\/www.radlobby.org\/noe\/#website\",\"url\":\"https:\/\/www.radlobby.org\/noe\/\",\"name\":\"Radlobby Nieder\u00f6sterreich\",\"description\":\"Radverkehr, Fahrrad, Radfahren, Radreisen, Radtouren, Radweg\",\"publisher\":{\"@id\":\"https:\/\/www.radlobby.org\/noe\/#organization\"},\"potentialAction\":[{\"@type\":\"SearchAction\",\"target\":{\"@type\":\"EntryPoint\",\"urlTemplate\":\"https:\/\/www.radlobby.org\/noe\/?s={search_term_string}\"},\"query-input\":{\"@type\":\"PropertyValueSpecification\",\"valueRequired\":true,\"valueName\":\"search_term_string\"}}],\"inLanguage\":\"de\"},{\"@type\":\"Organization\",\"@id\":\"https:\/\/www.radlobby.org\/noe\/#organization\",\"name\":\"Radlobby Nieder\u00f6sterreich\",\"url\":\"https:\/\/www.radlobby.org\/noe\/\",\"logo\":{\"@type\":\"ImageObject\",\"inLanguage\":\"de\",\"@id\":\"https:\/\/www.radlobby.org\/noe\/#\/schema\/logo\/image\/\",\"url\":\"https:\/\/www.radlobby.org\/noe\/wp-content\/uploads\/2017\/01\/cropped-Logo_Radlobby_Niederoesterreich_50-400px_quer-1.jpg\",\"contentUrl\":\"https:\/\/www.radlobby.org\/noe\/wp-content\/uploads\/2017\/01\/cropped-Logo_Radlobby_Niederoesterreich_50-400px_quer-1.jpg\",\"width\":450,\"height\":124,\"caption\":\"Radlobby Nieder\u00f6sterreich\"},\"image\":{\"@id\":\"https:\/\/www.radlobby.org\/noe\/#\/schema\/logo\/image\/\"},\"sameAs\":[\"https:\/\/www.facebook.com\/groups\/radfahren.in.noe\/\"]},{\"@type\":\"Person\",\"@id\":\"https:\/\/www.radlobby.org\/noe\/#\/schema\/person\/18e43e1a260d8e6fa8d3ddcfea65577c\",\"name\":\"Elisabeth F\u00fcssl\",\"image\":{\"@type\":\"ImageObject\",\"inLanguage\":\"de\",\"@id\":\"https:\/\/www.radlobby.org\/noe\/#\/schema\/person\/image\/\",\"url\":\"https:\/\/secure.gravatar.com\/avatar\/8da78945c4a86c541704ecb3d3b6f2dacb957459b67a69595a42faf62e078ab3?s=96&d=mm&r=g\",\"contentUrl\":\"https:\/\/secure.gravatar.com\/avatar\/8da78945c4a86c541704ecb3d3b6f2dacb957459b67a69595a42faf62e078ab3?s=96&d=mm&r=g\",\"caption\":\"Elisabeth F\u00fcssl\"},\"url\":\"https:\/\/www.radlobby.org\/noe\/author\/elisabeth-fuessl\/\"}]}<\/script>\n<!-- \/ Yoast SEO plugin. -->","yoast_head_json":{"title":"Radlobby Ebreichsdorf beim Klimastreik - Radlobby Nieder\u00f6sterreich","robots":{"index":"index","follow":"follow","max-snippet":"max-snippet:-1","max-image-preview":"max-image-preview:large","max-video-preview":"max-video-preview:-1"},"canonical":"https:\/\/www.radlobby.org\/noe\/radlobby-ebreichsdorf-beim-klimastreik\/","og_locale":"de_DE","og_type":"article","og_title":"Radlobby Ebreichsdorf beim Klimastreik - Radlobby Nieder\u00f6sterreich","og_description":"\u201cNo one is too small to make a difference\u201d, diesem Motto von Greta Thunberg sind wir von der Radlobby Ebreichsdorf gefolgt und haben teilgenommen beim mittleierweile 6. globalen Klimastreik am 25.9.2020. Kleine Schritte vorw\u00e4rts \u00d6sterreich ist von den gesetzten Zielen","og_url":"https:\/\/www.radlobby.org\/noe\/radlobby-ebreichsdorf-beim-klimastreik\/","og_site_name":"Radlobby Nieder\u00f6sterreich","article_publisher":"https:\/\/www.facebook.com\/groups\/radfahren.in.noe\/","article_published_time":"2020-09-25T15:58:58+00:00","article_modified_time":"2023-11-21T09:43:58+00:00","og_image":[{"width":726,"height":1024,"url":"https:\/\/www.radlobby.org\/noe\/wp-content\/uploads\/20200925-Klimaprotest-Weltweiter-Klimastreik-fight-every-crisis-FLYER.jpg","type":"image\/jpeg"}],"author":"Elisabeth F\u00fcssl","twitter_card":"summary_large_image","twitter_misc":{"Verfasst von":"Elisabeth F\u00fcssl","Gesch\u00e4tzte Lesezeit":"2\u00a0Minuten"},"schema":{"@context":"https:\/\/schema.org","@graph":[{"@type":"Article","@id":"https:\/\/www.radlobby.org\/noe\/radlobby-ebreichsdorf-beim-klimastreik\/#article","isPartOf":{"@id":"https:\/\/www.radlobby.org\/noe\/radlobby-ebreichsdorf-beim-klimastreik\/"},"author":{"name":"Elisabeth F\u00fcssl","@id":"https:\/\/www.radlobby.org\/noe\/#\/schema\/person\/18e43e1a260d8e6fa8d3ddcfea65577c"},"headline":"Radlobby Ebreichsdorf beim Klimastreik","datePublished":"2020-09-25T15:58:58+00:00","dateModified":"2023-11-21T09:43:58+00:00","mainEntityOfPage":{"@id":"https:\/\/www.radlobby.org\/noe\/radlobby-ebreichsdorf-beim-klimastreik\/"},"wordCount":342,"publisher":{"@id":"https:\/\/www.radlobby.org\/noe\/#organization"},"image":{"@id":"https:\/\/www.radlobby.org\/noe\/radlobby-ebreichsdorf-beim-klimastreik\/#primaryimage"},"thumbnailUrl":"https:\/\/www.radlobby.org\/noe\/wp-content\/uploads\/20200925-Klimaprotest-Weltweiter-Klimastreik-fight-every-crisis-FLYER.jpg","keywords":["klima"],"articleSection":["Klima","Radlobby Ebreichsdorf"],"inLanguage":"de"},{"@type":"WebPage","@id":"https:\/\/www.radlobby.org\/noe\/radlobby-ebreichsdorf-beim-klimastreik\/","url":"https:\/\/www.radlobby.org\/noe\/radlobby-ebreichsdorf-beim-klimastreik\/","name":"Radlobby Ebreichsdorf beim Klimastreik - Radlobby Nieder\u00f6sterreich","isPartOf":{"@id":"https:\/\/www.radlobby.org\/noe\/#website"},"primaryImageOfPage":{"@id":"https:\/\/www.radlobby.org\/noe\/radlobby-ebreichsdorf-beim-klimastreik\/#primaryimage"},"image":{"@id":"https:\/\/www.radlobby.org\/noe\/radlobby-ebreichsdorf-beim-klimastreik\/#primaryimage"},"thumbnailUrl":"https:\/\/www.radlobby.org\/noe\/wp-content\/uploads\/20200925-Klimaprotest-Weltweiter-Klimastreik-fight-every-crisis-FLYER.jpg","datePublished":"2020-09-25T15:58:58+00:00","dateModified":"2023-11-21T09:43:58+00:00","breadcrumb":{"@id":"https:\/\/www.radlobby.org\/noe\/radlobby-ebreichsdorf-beim-klimastreik\/#breadcrumb"},"inLanguage":"de","potentialAction":[{"@type":"ReadAction","target":["https:\/\/www.radlobby.org\/noe\/radlobby-ebreichsdorf-beim-klimastreik\/"]}]},{"@type":"ImageObject","inLanguage":"de","@id":"https:\/\/www.radlobby.org\/noe\/radlobby-ebreichsdorf-beim-klimastreik\/#primaryimage","url":"https:\/\/www.radlobby.org\/noe\/wp-content\/uploads\/20200925-Klimaprotest-Weltweiter-Klimastreik-fight-every-crisis-FLYER.jpg","contentUrl":"https:\/\/www.radlobby.org\/noe\/wp-content\/uploads\/20200925-Klimaprotest-Weltweiter-Klimastreik-fight-every-crisis-FLYER.jpg","width":726,"height":1024},{"@type":"BreadcrumbList","@id":"https:\/\/www.radlobby.org\/noe\/radlobby-ebreichsdorf-beim-klimastreik\/#breadcrumb","itemListElement":[{"@type":"ListItem","position":1,"name":"Startseite","item":"https:\/\/www.radlobby.org\/noe\/"},{"@type":"ListItem","position":2,"name":"Radlobby Ebreichsdorf beim Klimastreik"}]},{"@type":"WebSite","@id":"https:\/\/www.radlobby.org\/noe\/#website","url":"https:\/\/www.radlobby.org\/noe\/","name":"Radlobby Nieder\u00f6sterreich","description":"Radverkehr, Fahrrad, Radfahren, Radreisen, Radtouren, Radweg","publisher":{"@id":"https:\/\/www.radlobby.org\/noe\/#organization"},"potentialAction":[{"@type":"SearchAction","target":{"@type":"EntryPoint","urlTemplate":"https:\/\/www.radlobby.org\/noe\/?s={search_term_string}"},"query-input":{"@type":"PropertyValueSpecification","valueRequired":true,"valueName":"search_term_string"}}],"inLanguage":"de"},{"@type":"Organization","@id":"https:\/\/www.radlobby.org\/noe\/#organization","name":"Radlobby Nieder\u00f6sterreich","url":"https:\/\/www.radlobby.org\/noe\/","logo":{"@type":"ImageObject","inLanguage":"de","@id":"https:\/\/www.radlobby.org\/noe\/#\/schema\/logo\/image\/","url":"https:\/\/www.radlobby.org\/noe\/wp-content\/uploads\/2017\/01\/cropped-Logo_Radlobby_Niederoesterreich_50-400px_quer-1.jpg","contentUrl":"https:\/\/www.radlobby.org\/noe\/wp-content\/uploads\/2017\/01\/cropped-Logo_Radlobby_Niederoesterreich_50-400px_quer-1.jpg","width":450,"height":124,"caption":"Radlobby Nieder\u00f6sterreich"},"image":{"@id":"https:\/\/www.radlobby.org\/noe\/#\/schema\/logo\/image\/"},"sameAs":["https:\/\/www.facebook.com\/groups\/radfahren.in.noe\/"]},{"@type":"Person","@id":"https:\/\/www.radlobby.org\/noe\/#\/schema\/person\/18e43e1a260d8e6fa8d3ddcfea65577c","name":"Elisabeth F\u00fcssl","image":{"@type":"ImageObject","inLanguage":"de","@id":"https:\/\/www.radlobby.org\/noe\/#\/schema\/person\/image\/","url":"https:\/\/secure.gravatar.com\/avatar\/8da78945c4a86c541704ecb3d3b6f2dacb957459b67a69595a42faf62e078ab3?s=96&d=mm&r=g","contentUrl":"https:\/\/secure.gravatar.com\/avatar\/8da78945c4a86c541704ecb3d3b6f2dacb957459b67a69595a42faf62e078ab3?s=96&d=mm&r=g","caption":"Elisabeth F\u00fcssl"},"url":"https:\/\/www.radlobby.org\/noe\/author\/elisabeth-fuessl\/"}]}},"_links":{"self":[{"href":"https:\/\/www.radlobby.org\/noe\/wp-json\/wp\/v2\/posts\/15428","targetHints":{"allow":["GET"]}}],"collection":[{"href":"https:\/\/www.radlobby.org\/noe\/wp-json\/wp\/v2\/posts"}],"about":[{"href":"https:\/\/www.radlobby.org\/noe\/wp-json\/wp\/v2\/types\/post"}],"author":[{"embeddable":true,"href":"https:\/\/www.radlobby.org\/noe\/wp-json\/wp\/v2\/users\/42"}],"replies":[{"embeddable":true,"href":"https:\/\/www.radlobby.org\/noe\/wp-json\/wp\/v2\/comments?post=15428"}],"version-history":[{"count":1,"href":"https:\/\/www.radlobby.org\/noe\/wp-json\/wp\/v2\/posts\/15428\/revisions"}],"predecessor-version":[{"id":32596,"href":"https:\/\/www.radlobby.org\/noe\/wp-json\/wp\/v2\/posts\/15428\/revisions\/32596"}],"wp:featuredmedia":[{"embeddable":true,"href":"https:\/\/www.radlobby.org\/noe\/wp-json\/wp\/v2\/media\/15141"}],"wp:attachment":[{"href":"https:\/\/www.radlobby.org\/noe\/wp-json\/wp\/v2\/media?parent=15428"}],"wp:term":[{"taxonomy":"category","embeddable":true,"href":"https:\/\/www.radlobby.org\/noe\/wp-json\/wp\/v2\/categories?post=15428"},{"taxonomy":"post_tag","embeddable":true,"href":"https:\/\/www.radlobby.org\/noe\/wp-json\/wp\/v2\/tags?post=15428"}],"curies":[{"name":"wp","href":"https:\/\/api.w.org\/{rel}","templated":true}]}}