{"id":15044,"date":"2020-09-01T21:38:37","date_gmt":"2020-09-01T19:38:37","guid":{"rendered":"http:\/\/www.radlobby.org\/noe\/?p=15044"},"modified":"2020-09-25T18:23:52","modified_gmt":"2020-09-25T16:23:52","slug":"lastenrad-in-ebreichsdorf","status":"publish","type":"post","link":"https:\/\/www.radlobby.org\/noe\/lastenrad-in-ebreichsdorf\/","title":{"rendered":"Das Radlobby-Lastenrad macht Station in Ebreichsdorf"},"content":{"rendered":"<p>Angefangen von \u00c4pfeln, Gem\u00fcseernte, Gartenwerkzeug, H\u00fchnerfutter, Kindern, Erwachsenen bis hin zu Schuttk\u00fcbeln, Leergut oder Zelten, mit dem Lastenrad haben wir schon einiges transportiert. Das Lastenrad der Radlobby N\u00d6 macht f\u00fcr einige Monate in Ebreichsdorf Station und in den paar Wochen seit es in Ebreichsdorf ist, sind schon einige Kilometer damit geradelt worden.<\/p>\n<p><a href=\"https:\/\/www.radlobby.org\/noe\/wp-content\/uploads\/Lastrad-01-scaled.jpg\" data-src=\"https:\/\/www.radlobby.org\/noe\/wp-content\/uploads\/Lastrad-01-scaled.jpg\" data-thumb=\"http:\/\/www.radlobby.org\/noe\/wp-content\/uploads\/Lastrad-01-300x225.jpg\" class=\"ml-lightbox-enabled\"><img loading=\"lazy\" decoding=\"async\" class=\"aligncenter size-medium wp-image-15053\" src=\"http:\/\/www.radlobby.org\/noe\/wp-content\/uploads\/Lastrad-01-300x225.jpg\" alt=\"\" width=\"300\" height=\"225\" srcset=\"https:\/\/www.radlobby.org\/noe\/wp-content\/uploads\/Lastrad-01-300x225.jpg 300w, https:\/\/www.radlobby.org\/noe\/wp-content\/uploads\/Lastrad-01-768x576.jpg 768w, https:\/\/www.radlobby.org\/noe\/wp-content\/uploads\/Lastrad-01-1536x1152.jpg 1536w, https:\/\/www.radlobby.org\/noe\/wp-content\/uploads\/Lastrad-01-2048x1536.jpg 2048w\" sizes=\"auto, (max-width: 300px) 100vw, 300px\" \/><\/a>Das tolle an dem Bakfiets-Lastenrad ist, dass es einen tiefen Einstieg hat, der Sattel leicht zu verstellen ist und das Anfahren und Abstellen v\u00f6llig problemlos funktioniert. Es ist somit f\u00fcr kleinere, k\u00f6rperlich weniger kr\u00e4ftige Menschen genauso gut nutzbar wie f\u00fcr gro\u00dfe, starke. \u00dcberraschend ist auch wie viel in der Kiste (ca. 70x50x50) verstaubar ist.<\/p>\n<p><a href=\"http:\/\/www.radlobby.org\/noe\/wp-content\/uploads\/Lastenrad-02.jpg\" data-src=\"http:\/\/www.radlobby.org\/noe\/wp-content\/uploads\/Lastenrad-02.jpg\" data-thumb=\"http:\/\/www.radlobby.org\/noe\/wp-content\/uploads\/Lastenrad-02-e1598988900963-300x169.jpg\" class=\"ml-lightbox-enabled\"><img loading=\"lazy\" decoding=\"async\" class=\"aligncenter wp-image-15054 size-medium\" src=\"http:\/\/www.radlobby.org\/noe\/wp-content\/uploads\/Lastenrad-02-e1598988900963-300x169.jpg\" alt=\"\" width=\"300\" height=\"169\" srcset=\"https:\/\/www.radlobby.org\/noe\/wp-content\/uploads\/Lastenrad-02-e1598988900963-300x169.jpg 300w, https:\/\/www.radlobby.org\/noe\/wp-content\/uploads\/Lastenrad-02-e1598988900963-768x432.jpg 768w, https:\/\/www.radlobby.org\/noe\/wp-content\/uploads\/Lastenrad-02-e1598988900963-1536x864.jpg 1536w, https:\/\/www.radlobby.org\/noe\/wp-content\/uploads\/Lastenrad-02-e1598988900963.jpg 2048w\" sizes=\"auto, (max-width: 300px) 100vw, 300px\" \/><\/a>Seit einigen Jahren erlebt das Lastenrad eine Renaissance. Die praktischen R\u00e4der mit den unterschiedlichen Aufbauten erfreuen sich wachsender Beliebtheit. Es gibt sie mit und ohne E-Antrieb, als 3-R\u00e4der oder 2-R\u00e4der, mit fixen Boxen, schicken Holzkisten oder Ladefl\u00e4chen. In vielen europ\u00e4ischen St\u00e4dten geh\u00f6ren sie zum fixen Stadtbild, aber auch in kleineren St\u00e4dten und Gemeinden werden sie zunehmend genutzt.<\/p>\n<p>Paketzustellungen oder Essen auf R\u00e4dern sind nur zwei von zahlreichen Beispielen, die zeigen, dass das Lastenrad eine ernstzunehmende Alternative ist zum herk\u00f6mmlichen KFZ und eine Menge Vorteile mit sich bringt. Die Anschaffungskosten sind bei hochwertigen Modellen mit E-Motor und Spezialaufbauten zwar \u00e4hnlich denen eines Kleinwagens, aber daf\u00fcr sind die weiteren Kosten ungleich geringer: Akkuladen anstatt Tanken, keine Kosten f\u00fcrs Parken, geringere Versicherungskosten, flexibler in der Handhabung, direkt von T\u00fcr zu T\u00fcr fahren \u2026<\/p>\n<p>Wer noch nie mit einem Lastenrad gefahren ist und gerne eines ausprobieren m\u00f6chte, wer \u00fcberlegt eines zu kaufen (F\u00f6rderungen gibt es derzeit zahlreiche \u2013 siehe <a href=\"https:\/\/www.radlobby.at\/foerderungen-fuer-transportraeder#:~:text=Siehe%20Infoblatt%20unten-,Wieviel%20wird%20gef%C3%B6rdert%3A,gilt%20f%C3%BCr%20neu%20gekaufte%20Transportfahrr%C3%A4der\">Artikel zu F\u00f6rderungen<\/a>) oder wer anstatt des PKW eine alternative Transportm\u00f6glichkeit nutzen m\u00f6chte, kann bis zum Fr\u00fchjahr 2021 das Bakfiets bei der Radlobby Ebreichsdorf ausborgen.<\/p>\n<p>Das Ausborgen ist denkbar einfach: anrufen unter 0680\/11 68 690 und anfragen, ob es frei ist!<\/p>\n<p>F\u00fcr Radlobby-Mitglieder ist das Ausborgen kostenlos, Nicht-Mitglieder k\u00f6nnen gegen eine Spende das Lastenrad ausborgen.<\/p>\n","protected":false},"excerpt":{"rendered":"<p>Angefangen von \u00c4pfeln, Gem\u00fcseernte, Gartenwerkzeug, H\u00fchnerfutter, Kindern, Erwachsenen bis hin zu Schuttk\u00fcbeln, Leergut oder Zelten, mit dem Lastenrad haben wir schon einiges transportiert. Das Lastenrad der Radlobby N\u00d6 macht f\u00fcr einige Monate in Ebreichsdorf Station und in den paar Wochen<\/p>\n","protected":false},"author":42,"featured_media":0,"comment_status":"closed","ping_status":"closed","sticky":false,"template":"","format":"standard","meta":{"footnotes":""},"categories":[343],"tags":[],"class_list":["post-15044","post","type-post","status-publish","format-standard","hentry","category-ebreichsdorf"],"yoast_head":"<!-- This site is optimized with the Yoast SEO plugin v26.9 - https:\/\/yoast.com\/product\/yoast-seo-wordpress\/ -->\n<title>Das Radlobby-Lastenrad macht Station in Ebreichsdorf - Radlobby Nieder\u00f6sterreich<\/title>\n<meta name=\"robots\" content=\"index, follow, max-snippet:-1, max-image-preview:large, max-video-preview:-1\" \/>\n<link rel=\"canonical\" href=\"https:\/\/www.radlobby.org\/noe\/lastenrad-in-ebreichsdorf\/\" \/>\n<meta property=\"og:locale\" content=\"de_DE\" \/>\n<meta property=\"og:type\" content=\"article\" \/>\n<meta property=\"og:title\" content=\"Das Radlobby-Lastenrad macht Station in Ebreichsdorf - Radlobby Nieder\u00f6sterreich\" \/>\n<meta property=\"og:description\" content=\"Angefangen von \u00c4pfeln, Gem\u00fcseernte, Gartenwerkzeug, H\u00fchnerfutter, Kindern, Erwachsenen bis hin zu Schuttk\u00fcbeln, Leergut oder Zelten, mit dem Lastenrad haben wir schon einiges transportiert. Das Lastenrad der Radlobby N\u00d6 macht f\u00fcr einige Monate in Ebreichsdorf Station und in den paar Wochen\" \/>\n<meta property=\"og:url\" content=\"https:\/\/www.radlobby.org\/noe\/lastenrad-in-ebreichsdorf\/\" \/>\n<meta property=\"og:site_name\" content=\"Radlobby Nieder\u00f6sterreich\" \/>\n<meta property=\"article:publisher\" content=\"https:\/\/www.facebook.com\/groups\/radfahren.in.noe\/\" \/>\n<meta property=\"article:published_time\" content=\"2020-09-01T19:38:37+00:00\" \/>\n<meta property=\"article:modified_time\" content=\"2020-09-25T16:23:52+00:00\" \/>\n<meta property=\"og:image\" content=\"http:\/\/www.radlobby.org\/noe\/wp-content\/uploads\/Lastrad-01-300x225.jpg\" \/>\n<meta name=\"author\" content=\"Elisabeth F\u00fcssl\" \/>\n<meta name=\"twitter:card\" content=\"summary_large_image\" \/>\n<meta name=\"twitter:label1\" content=\"Verfasst von\" \/>\n\t<meta name=\"twitter:data1\" content=\"Elisabeth F\u00fcssl\" \/>\n\t<meta name=\"twitter:label2\" content=\"Gesch\u00e4tzte Lesezeit\" \/>\n\t<meta name=\"twitter:data2\" content=\"2\u00a0Minuten\" \/>\n<script type=\"application\/ld+json\" class=\"yoast-schema-graph\">{\"@context\":\"https:\/\/schema.org\",\"@graph\":[{\"@type\":\"Article\",\"@id\":\"https:\/\/www.radlobby.org\/noe\/lastenrad-in-ebreichsdorf\/#article\",\"isPartOf\":{\"@id\":\"https:\/\/www.radlobby.org\/noe\/lastenrad-in-ebreichsdorf\/\"},\"author\":{\"name\":\"Elisabeth F\u00fcssl\",\"@id\":\"https:\/\/www.radlobby.org\/noe\/#\/schema\/person\/18e43e1a260d8e6fa8d3ddcfea65577c\"},\"headline\":\"Das Radlobby-Lastenrad macht Station in Ebreichsdorf\",\"datePublished\":\"2020-09-01T19:38:37+00:00\",\"dateModified\":\"2020-09-25T16:23:52+00:00\",\"mainEntityOfPage\":{\"@id\":\"https:\/\/www.radlobby.org\/noe\/lastenrad-in-ebreichsdorf\/\"},\"wordCount\":349,\"publisher\":{\"@id\":\"https:\/\/www.radlobby.org\/noe\/#organization\"},\"image\":{\"@id\":\"https:\/\/www.radlobby.org\/noe\/lastenrad-in-ebreichsdorf\/#primaryimage\"},\"thumbnailUrl\":\"http:\/\/www.radlobby.org\/noe\/wp-content\/uploads\/Lastrad-01-300x225.jpg\",\"articleSection\":[\"Radlobby Ebreichsdorf\"],\"inLanguage\":\"de\"},{\"@type\":\"WebPage\",\"@id\":\"https:\/\/www.radlobby.org\/noe\/lastenrad-in-ebreichsdorf\/\",\"url\":\"https:\/\/www.radlobby.org\/noe\/lastenrad-in-ebreichsdorf\/\",\"name\":\"Das Radlobby-Lastenrad macht Station in Ebreichsdorf - Radlobby Nieder\u00f6sterreich\",\"isPartOf\":{\"@id\":\"https:\/\/www.radlobby.org\/noe\/#website\"},\"primaryImageOfPage\":{\"@id\":\"https:\/\/www.radlobby.org\/noe\/lastenrad-in-ebreichsdorf\/#primaryimage\"},\"image\":{\"@id\":\"https:\/\/www.radlobby.org\/noe\/lastenrad-in-ebreichsdorf\/#primaryimage\"},\"thumbnailUrl\":\"http:\/\/www.radlobby.org\/noe\/wp-content\/uploads\/Lastrad-01-300x225.jpg\",\"datePublished\":\"2020-09-01T19:38:37+00:00\",\"dateModified\":\"2020-09-25T16:23:52+00:00\",\"breadcrumb\":{\"@id\":\"https:\/\/www.radlobby.org\/noe\/lastenrad-in-ebreichsdorf\/#breadcrumb\"},\"inLanguage\":\"de\",\"potentialAction\":[{\"@type\":\"ReadAction\",\"target\":[\"https:\/\/www.radlobby.org\/noe\/lastenrad-in-ebreichsdorf\/\"]}]},{\"@type\":\"ImageObject\",\"inLanguage\":\"de\",\"@id\":\"https:\/\/www.radlobby.org\/noe\/lastenrad-in-ebreichsdorf\/#primaryimage\",\"url\":\"http:\/\/www.radlobby.org\/noe\/wp-content\/uploads\/Lastrad-01-300x225.jpg\",\"contentUrl\":\"http:\/\/www.radlobby.org\/noe\/wp-content\/uploads\/Lastrad-01-300x225.jpg\"},{\"@type\":\"BreadcrumbList\",\"@id\":\"https:\/\/www.radlobby.org\/noe\/lastenrad-in-ebreichsdorf\/#breadcrumb\",\"itemListElement\":[{\"@type\":\"ListItem\",\"position\":1,\"name\":\"Startseite\",\"item\":\"https:\/\/www.radlobby.org\/noe\/\"},{\"@type\":\"ListItem\",\"position\":2,\"name\":\"Das Radlobby-Lastenrad macht Station in Ebreichsdorf\"}]},{\"@type\":\"WebSite\",\"@id\":\"https:\/\/www.radlobby.org\/noe\/#website\",\"url\":\"https:\/\/www.radlobby.org\/noe\/\",\"name\":\"Radlobby Nieder\u00f6sterreich\",\"description\":\"Radverkehr, Fahrrad, Radfahren, Radreisen, Radtouren, Radweg\",\"publisher\":{\"@id\":\"https:\/\/www.radlobby.org\/noe\/#organization\"},\"potentialAction\":[{\"@type\":\"SearchAction\",\"target\":{\"@type\":\"EntryPoint\",\"urlTemplate\":\"https:\/\/www.radlobby.org\/noe\/?s={search_term_string}\"},\"query-input\":{\"@type\":\"PropertyValueSpecification\",\"valueRequired\":true,\"valueName\":\"search_term_string\"}}],\"inLanguage\":\"de\"},{\"@type\":\"Organization\",\"@id\":\"https:\/\/www.radlobby.org\/noe\/#organization\",\"name\":\"Radlobby Nieder\u00f6sterreich\",\"url\":\"https:\/\/www.radlobby.org\/noe\/\",\"logo\":{\"@type\":\"ImageObject\",\"inLanguage\":\"de\",\"@id\":\"https:\/\/www.radlobby.org\/noe\/#\/schema\/logo\/image\/\",\"url\":\"https:\/\/www.radlobby.org\/noe\/wp-content\/uploads\/2017\/01\/cropped-Logo_Radlobby_Niederoesterreich_50-400px_quer-1.jpg\",\"contentUrl\":\"https:\/\/www.radlobby.org\/noe\/wp-content\/uploads\/2017\/01\/cropped-Logo_Radlobby_Niederoesterreich_50-400px_quer-1.jpg\",\"width\":450,\"height\":124,\"caption\":\"Radlobby Nieder\u00f6sterreich\"},\"image\":{\"@id\":\"https:\/\/www.radlobby.org\/noe\/#\/schema\/logo\/image\/\"},\"sameAs\":[\"https:\/\/www.facebook.com\/groups\/radfahren.in.noe\/\"]},{\"@type\":\"Person\",\"@id\":\"https:\/\/www.radlobby.org\/noe\/#\/schema\/person\/18e43e1a260d8e6fa8d3ddcfea65577c\",\"name\":\"Elisabeth F\u00fcssl\",\"image\":{\"@type\":\"ImageObject\",\"inLanguage\":\"de\",\"@id\":\"https:\/\/www.radlobby.org\/noe\/#\/schema\/person\/image\/\",\"url\":\"https:\/\/secure.gravatar.com\/avatar\/8da78945c4a86c541704ecb3d3b6f2dacb957459b67a69595a42faf62e078ab3?s=96&d=mm&r=g\",\"contentUrl\":\"https:\/\/secure.gravatar.com\/avatar\/8da78945c4a86c541704ecb3d3b6f2dacb957459b67a69595a42faf62e078ab3?s=96&d=mm&r=g\",\"caption\":\"Elisabeth F\u00fcssl\"},\"url\":\"https:\/\/www.radlobby.org\/noe\/author\/elisabeth-fuessl\/\"}]}<\/script>\n<!-- \/ Yoast SEO plugin. -->","yoast_head_json":{"title":"Das Radlobby-Lastenrad macht Station in Ebreichsdorf - Radlobby Nieder\u00f6sterreich","robots":{"index":"index","follow":"follow","max-snippet":"max-snippet:-1","max-image-preview":"max-image-preview:large","max-video-preview":"max-video-preview:-1"},"canonical":"https:\/\/www.radlobby.org\/noe\/lastenrad-in-ebreichsdorf\/","og_locale":"de_DE","og_type":"article","og_title":"Das Radlobby-Lastenrad macht Station in Ebreichsdorf - Radlobby Nieder\u00f6sterreich","og_description":"Angefangen von \u00c4pfeln, Gem\u00fcseernte, Gartenwerkzeug, H\u00fchnerfutter, Kindern, Erwachsenen bis hin zu Schuttk\u00fcbeln, Leergut oder Zelten, mit dem Lastenrad haben wir schon einiges transportiert. Das Lastenrad der Radlobby N\u00d6 macht f\u00fcr einige Monate in Ebreichsdorf Station und in den paar Wochen","og_url":"https:\/\/www.radlobby.org\/noe\/lastenrad-in-ebreichsdorf\/","og_site_name":"Radlobby Nieder\u00f6sterreich","article_publisher":"https:\/\/www.facebook.com\/groups\/radfahren.in.noe\/","article_published_time":"2020-09-01T19:38:37+00:00","article_modified_time":"2020-09-25T16:23:52+00:00","og_image":[{"url":"http:\/\/www.radlobby.org\/noe\/wp-content\/uploads\/Lastrad-01-300x225.jpg","type":"","width":"","height":""}],"author":"Elisabeth F\u00fcssl","twitter_card":"summary_large_image","twitter_misc":{"Verfasst von":"Elisabeth F\u00fcssl","Gesch\u00e4tzte Lesezeit":"2\u00a0Minuten"},"schema":{"@context":"https:\/\/schema.org","@graph":[{"@type":"Article","@id":"https:\/\/www.radlobby.org\/noe\/lastenrad-in-ebreichsdorf\/#article","isPartOf":{"@id":"https:\/\/www.radlobby.org\/noe\/lastenrad-in-ebreichsdorf\/"},"author":{"name":"Elisabeth F\u00fcssl","@id":"https:\/\/www.radlobby.org\/noe\/#\/schema\/person\/18e43e1a260d8e6fa8d3ddcfea65577c"},"headline":"Das Radlobby-Lastenrad macht Station in Ebreichsdorf","datePublished":"2020-09-01T19:38:37+00:00","dateModified":"2020-09-25T16:23:52+00:00","mainEntityOfPage":{"@id":"https:\/\/www.radlobby.org\/noe\/lastenrad-in-ebreichsdorf\/"},"wordCount":349,"publisher":{"@id":"https:\/\/www.radlobby.org\/noe\/#organization"},"image":{"@id":"https:\/\/www.radlobby.org\/noe\/lastenrad-in-ebreichsdorf\/#primaryimage"},"thumbnailUrl":"http:\/\/www.radlobby.org\/noe\/wp-content\/uploads\/Lastrad-01-300x225.jpg","articleSection":["Radlobby Ebreichsdorf"],"inLanguage":"de"},{"@type":"WebPage","@id":"https:\/\/www.radlobby.org\/noe\/lastenrad-in-ebreichsdorf\/","url":"https:\/\/www.radlobby.org\/noe\/lastenrad-in-ebreichsdorf\/","name":"Das Radlobby-Lastenrad macht Station in Ebreichsdorf - Radlobby Nieder\u00f6sterreich","isPartOf":{"@id":"https:\/\/www.radlobby.org\/noe\/#website"},"primaryImageOfPage":{"@id":"https:\/\/www.radlobby.org\/noe\/lastenrad-in-ebreichsdorf\/#primaryimage"},"image":{"@id":"https:\/\/www.radlobby.org\/noe\/lastenrad-in-ebreichsdorf\/#primaryimage"},"thumbnailUrl":"http:\/\/www.radlobby.org\/noe\/wp-content\/uploads\/Lastrad-01-300x225.jpg","datePublished":"2020-09-01T19:38:37+00:00","dateModified":"2020-09-25T16:23:52+00:00","breadcrumb":{"@id":"https:\/\/www.radlobby.org\/noe\/lastenrad-in-ebreichsdorf\/#breadcrumb"},"inLanguage":"de","potentialAction":[{"@type":"ReadAction","target":["https:\/\/www.radlobby.org\/noe\/lastenrad-in-ebreichsdorf\/"]}]},{"@type":"ImageObject","inLanguage":"de","@id":"https:\/\/www.radlobby.org\/noe\/lastenrad-in-ebreichsdorf\/#primaryimage","url":"http:\/\/www.radlobby.org\/noe\/wp-content\/uploads\/Lastrad-01-300x225.jpg","contentUrl":"http:\/\/www.radlobby.org\/noe\/wp-content\/uploads\/Lastrad-01-300x225.jpg"},{"@type":"BreadcrumbList","@id":"https:\/\/www.radlobby.org\/noe\/lastenrad-in-ebreichsdorf\/#breadcrumb","itemListElement":[{"@type":"ListItem","position":1,"name":"Startseite","item":"https:\/\/www.radlobby.org\/noe\/"},{"@type":"ListItem","position":2,"name":"Das Radlobby-Lastenrad macht Station in Ebreichsdorf"}]},{"@type":"WebSite","@id":"https:\/\/www.radlobby.org\/noe\/#website","url":"https:\/\/www.radlobby.org\/noe\/","name":"Radlobby Nieder\u00f6sterreich","description":"Radverkehr, Fahrrad, Radfahren, Radreisen, Radtouren, Radweg","publisher":{"@id":"https:\/\/www.radlobby.org\/noe\/#organization"},"potentialAction":[{"@type":"SearchAction","target":{"@type":"EntryPoint","urlTemplate":"https:\/\/www.radlobby.org\/noe\/?s={search_term_string}"},"query-input":{"@type":"PropertyValueSpecification","valueRequired":true,"valueName":"search_term_string"}}],"inLanguage":"de"},{"@type":"Organization","@id":"https:\/\/www.radlobby.org\/noe\/#organization","name":"Radlobby Nieder\u00f6sterreich","url":"https:\/\/www.radlobby.org\/noe\/","logo":{"@type":"ImageObject","inLanguage":"de","@id":"https:\/\/www.radlobby.org\/noe\/#\/schema\/logo\/image\/","url":"https:\/\/www.radlobby.org\/noe\/wp-content\/uploads\/2017\/01\/cropped-Logo_Radlobby_Niederoesterreich_50-400px_quer-1.jpg","contentUrl":"https:\/\/www.radlobby.org\/noe\/wp-content\/uploads\/2017\/01\/cropped-Logo_Radlobby_Niederoesterreich_50-400px_quer-1.jpg","width":450,"height":124,"caption":"Radlobby Nieder\u00f6sterreich"},"image":{"@id":"https:\/\/www.radlobby.org\/noe\/#\/schema\/logo\/image\/"},"sameAs":["https:\/\/www.facebook.com\/groups\/radfahren.in.noe\/"]},{"@type":"Person","@id":"https:\/\/www.radlobby.org\/noe\/#\/schema\/person\/18e43e1a260d8e6fa8d3ddcfea65577c","name":"Elisabeth F\u00fcssl","image":{"@type":"ImageObject","inLanguage":"de","@id":"https:\/\/www.radlobby.org\/noe\/#\/schema\/person\/image\/","url":"https:\/\/secure.gravatar.com\/avatar\/8da78945c4a86c541704ecb3d3b6f2dacb957459b67a69595a42faf62e078ab3?s=96&d=mm&r=g","contentUrl":"https:\/\/secure.gravatar.com\/avatar\/8da78945c4a86c541704ecb3d3b6f2dacb957459b67a69595a42faf62e078ab3?s=96&d=mm&r=g","caption":"Elisabeth F\u00fcssl"},"url":"https:\/\/www.radlobby.org\/noe\/author\/elisabeth-fuessl\/"}]}},"_links":{"self":[{"href":"https:\/\/www.radlobby.org\/noe\/wp-json\/wp\/v2\/posts\/15044","targetHints":{"allow":["GET"]}}],"collection":[{"href":"https:\/\/www.radlobby.org\/noe\/wp-json\/wp\/v2\/posts"}],"about":[{"href":"https:\/\/www.radlobby.org\/noe\/wp-json\/wp\/v2\/types\/post"}],"author":[{"embeddable":true,"href":"https:\/\/www.radlobby.org\/noe\/wp-json\/wp\/v2\/users\/42"}],"replies":[{"embeddable":true,"href":"https:\/\/www.radlobby.org\/noe\/wp-json\/wp\/v2\/comments?post=15044"}],"version-history":[{"count":0,"href":"https:\/\/www.radlobby.org\/noe\/wp-json\/wp\/v2\/posts\/15044\/revisions"}],"wp:attachment":[{"href":"https:\/\/www.radlobby.org\/noe\/wp-json\/wp\/v2\/media?parent=15044"}],"wp:term":[{"taxonomy":"category","embeddable":true,"href":"https:\/\/www.radlobby.org\/noe\/wp-json\/wp\/v2\/categories?post=15044"},{"taxonomy":"post_tag","embeddable":true,"href":"https:\/\/www.radlobby.org\/noe\/wp-json\/wp\/v2\/tags?post=15044"}],"curies":[{"name":"wp","href":"https:\/\/api.w.org\/{rel}","templated":true}]}}