{"id":14825,"date":"2020-08-04T20:34:11","date_gmt":"2020-08-04T18:34:11","guid":{"rendered":"http:\/\/www.radlobby.org\/noe\/?p=14825"},"modified":"2020-08-04T20:34:11","modified_gmt":"2020-08-04T18:34:11","slug":"wer-macht-den-radverkehr-in-ebreichsdorf","status":"publish","type":"post","link":"https:\/\/www.radlobby.org\/noe\/wer-macht-den-radverkehr-in-ebreichsdorf\/","title":{"rendered":"Wer macht den Radverkehr in Ebreichsdorf?"},"content":{"rendered":"<p><strong>Wer macht den Radverkehr in der Stadtgemeinde Ebreichsdorf?<\/strong><\/p>\n<p>Im Rahmen der Serie \u201eWer macht den Radverkehr\u201c in der Stadtgemeinde Ebreichsdorf wollen wir jene Menschen vorstellen, die in Sachen Radverkehr die Weichen stellen, Entscheidungen treffen und f\u00fcr die Umsetzung zust\u00e4ndig sind.<\/p>\n<p>Vorab gleich de Warnung: ganz so einfach zu durchschauen, wer was entscheidet und wie die Gemeinden, die Bezirke, Bundesl\u00e4nder und der Bund zusammenwirken in Sachen Radverkehr ist es nicht.<\/p>\n<p>Die Radlobby Ebreichsdorf m\u00f6chte hier dennoch Licht in die Sache bringen.<br \/>\nWir treffen PolitikerInnen unterschiedlicher Parteien in Ebreichsdorf und fragen nach, was sie eigentlich f\u00fcr den Radverkehr in Ebreichsdorf tun (k\u00f6nnen).<\/p>\n","protected":false},"excerpt":{"rendered":"<p>Wer macht den Radverkehr in der Stadtgemeinde Ebreichsdorf? Im Rahmen der Serie \u201eWer macht den Radverkehr\u201c in der Stadtgemeinde Ebreichsdorf wollen wir jene Menschen vorstellen, die in Sachen Radverkehr die Weichen stellen, Entscheidungen treffen und f\u00fcr die Umsetzung zust\u00e4ndig sind.<\/p>\n","protected":false},"author":42,"featured_media":0,"comment_status":"closed","ping_status":"closed","sticky":false,"template":"","format":"standard","meta":{"footnotes":""},"categories":[343],"tags":[],"class_list":["post-14825","post","type-post","status-publish","format-standard","hentry","category-ebreichsdorf"],"yoast_head":"<!-- This site is optimized with the Yoast SEO plugin v26.9 - https:\/\/yoast.com\/product\/yoast-seo-wordpress\/ -->\n<title>Wer macht den Radverkehr in Ebreichsdorf? - Radlobby Nieder\u00f6sterreich<\/title>\n<meta name=\"robots\" content=\"index, follow, max-snippet:-1, max-image-preview:large, max-video-preview:-1\" \/>\n<link rel=\"canonical\" href=\"https:\/\/www.radlobby.org\/noe\/wer-macht-den-radverkehr-in-ebreichsdorf\/\" \/>\n<meta property=\"og:locale\" content=\"de_DE\" \/>\n<meta property=\"og:type\" content=\"article\" \/>\n<meta property=\"og:title\" content=\"Wer macht den Radverkehr in Ebreichsdorf? - Radlobby Nieder\u00f6sterreich\" \/>\n<meta property=\"og:description\" content=\"Wer macht den Radverkehr in der Stadtgemeinde Ebreichsdorf? Im Rahmen der Serie \u201eWer macht den Radverkehr\u201c in der Stadtgemeinde Ebreichsdorf wollen wir jene Menschen vorstellen, die in Sachen Radverkehr die Weichen stellen, Entscheidungen treffen und f\u00fcr die Umsetzung zust\u00e4ndig sind.\" \/>\n<meta property=\"og:url\" content=\"https:\/\/www.radlobby.org\/noe\/wer-macht-den-radverkehr-in-ebreichsdorf\/\" \/>\n<meta property=\"og:site_name\" content=\"Radlobby Nieder\u00f6sterreich\" \/>\n<meta property=\"article:publisher\" content=\"https:\/\/www.facebook.com\/groups\/radfahren.in.noe\/\" \/>\n<meta property=\"article:published_time\" content=\"2020-08-04T18:34:11+00:00\" \/>\n<meta property=\"og:image\" content=\"https:\/\/www.radlobby.org\/noe\/wp-content\/uploads\/20200101-RLWN-Neujahrsaradeln-DSC_0105a_1900px-1.jpg\" \/>\n\t<meta property=\"og:image:width\" content=\"1900\" \/>\n\t<meta property=\"og:image:height\" content=\"770\" \/>\n\t<meta property=\"og:image:type\" content=\"image\/jpeg\" \/>\n<meta name=\"author\" content=\"Elisabeth F\u00fcssl\" \/>\n<meta name=\"twitter:card\" content=\"summary_large_image\" \/>\n<meta name=\"twitter:label1\" content=\"Verfasst von\" \/>\n\t<meta name=\"twitter:data1\" content=\"Elisabeth F\u00fcssl\" \/>\n\t<meta name=\"twitter:label2\" content=\"Gesch\u00e4tzte Lesezeit\" \/>\n\t<meta name=\"twitter:data2\" content=\"1\u00a0Minute\" \/>\n<script type=\"application\/ld+json\" class=\"yoast-schema-graph\">{\"@context\":\"https:\/\/schema.org\",\"@graph\":[{\"@type\":\"Article\",\"@id\":\"https:\/\/www.radlobby.org\/noe\/wer-macht-den-radverkehr-in-ebreichsdorf\/#article\",\"isPartOf\":{\"@id\":\"https:\/\/www.radlobby.org\/noe\/wer-macht-den-radverkehr-in-ebreichsdorf\/\"},\"author\":{\"name\":\"Elisabeth F\u00fcssl\",\"@id\":\"https:\/\/www.radlobby.org\/noe\/#\/schema\/person\/18e43e1a260d8e6fa8d3ddcfea65577c\"},\"headline\":\"Wer macht den Radverkehr in Ebreichsdorf?\",\"datePublished\":\"2020-08-04T18:34:11+00:00\",\"mainEntityOfPage\":{\"@id\":\"https:\/\/www.radlobby.org\/noe\/wer-macht-den-radverkehr-in-ebreichsdorf\/\"},\"wordCount\":112,\"publisher\":{\"@id\":\"https:\/\/www.radlobby.org\/noe\/#organization\"},\"articleSection\":[\"Radlobby Ebreichsdorf\"],\"inLanguage\":\"de\"},{\"@type\":\"WebPage\",\"@id\":\"https:\/\/www.radlobby.org\/noe\/wer-macht-den-radverkehr-in-ebreichsdorf\/\",\"url\":\"https:\/\/www.radlobby.org\/noe\/wer-macht-den-radverkehr-in-ebreichsdorf\/\",\"name\":\"Wer macht den Radverkehr in Ebreichsdorf? - Radlobby Nieder\u00f6sterreich\",\"isPartOf\":{\"@id\":\"https:\/\/www.radlobby.org\/noe\/#website\"},\"datePublished\":\"2020-08-04T18:34:11+00:00\",\"breadcrumb\":{\"@id\":\"https:\/\/www.radlobby.org\/noe\/wer-macht-den-radverkehr-in-ebreichsdorf\/#breadcrumb\"},\"inLanguage\":\"de\",\"potentialAction\":[{\"@type\":\"ReadAction\",\"target\":[\"https:\/\/www.radlobby.org\/noe\/wer-macht-den-radverkehr-in-ebreichsdorf\/\"]}]},{\"@type\":\"BreadcrumbList\",\"@id\":\"https:\/\/www.radlobby.org\/noe\/wer-macht-den-radverkehr-in-ebreichsdorf\/#breadcrumb\",\"itemListElement\":[{\"@type\":\"ListItem\",\"position\":1,\"name\":\"Startseite\",\"item\":\"https:\/\/www.radlobby.org\/noe\/\"},{\"@type\":\"ListItem\",\"position\":2,\"name\":\"Wer macht den Radverkehr in Ebreichsdorf?\"}]},{\"@type\":\"WebSite\",\"@id\":\"https:\/\/www.radlobby.org\/noe\/#website\",\"url\":\"https:\/\/www.radlobby.org\/noe\/\",\"name\":\"Radlobby Nieder\u00f6sterreich\",\"description\":\"Radverkehr, Fahrrad, Radfahren, Radreisen, Radtouren, Radweg\",\"publisher\":{\"@id\":\"https:\/\/www.radlobby.org\/noe\/#organization\"},\"potentialAction\":[{\"@type\":\"SearchAction\",\"target\":{\"@type\":\"EntryPoint\",\"urlTemplate\":\"https:\/\/www.radlobby.org\/noe\/?s={search_term_string}\"},\"query-input\":{\"@type\":\"PropertyValueSpecification\",\"valueRequired\":true,\"valueName\":\"search_term_string\"}}],\"inLanguage\":\"de\"},{\"@type\":\"Organization\",\"@id\":\"https:\/\/www.radlobby.org\/noe\/#organization\",\"name\":\"Radlobby Nieder\u00f6sterreich\",\"url\":\"https:\/\/www.radlobby.org\/noe\/\",\"logo\":{\"@type\":\"ImageObject\",\"inLanguage\":\"de\",\"@id\":\"https:\/\/www.radlobby.org\/noe\/#\/schema\/logo\/image\/\",\"url\":\"https:\/\/www.radlobby.org\/noe\/wp-content\/uploads\/2017\/01\/cropped-Logo_Radlobby_Niederoesterreich_50-400px_quer-1.jpg\",\"contentUrl\":\"https:\/\/www.radlobby.org\/noe\/wp-content\/uploads\/2017\/01\/cropped-Logo_Radlobby_Niederoesterreich_50-400px_quer-1.jpg\",\"width\":450,\"height\":124,\"caption\":\"Radlobby Nieder\u00f6sterreich\"},\"image\":{\"@id\":\"https:\/\/www.radlobby.org\/noe\/#\/schema\/logo\/image\/\"},\"sameAs\":[\"https:\/\/www.facebook.com\/groups\/radfahren.in.noe\/\"]},{\"@type\":\"Person\",\"@id\":\"https:\/\/www.radlobby.org\/noe\/#\/schema\/person\/18e43e1a260d8e6fa8d3ddcfea65577c\",\"name\":\"Elisabeth F\u00fcssl\",\"image\":{\"@type\":\"ImageObject\",\"inLanguage\":\"de\",\"@id\":\"https:\/\/www.radlobby.org\/noe\/#\/schema\/person\/image\/\",\"url\":\"https:\/\/secure.gravatar.com\/avatar\/8da78945c4a86c541704ecb3d3b6f2dacb957459b67a69595a42faf62e078ab3?s=96&d=mm&r=g\",\"contentUrl\":\"https:\/\/secure.gravatar.com\/avatar\/8da78945c4a86c541704ecb3d3b6f2dacb957459b67a69595a42faf62e078ab3?s=96&d=mm&r=g\",\"caption\":\"Elisabeth F\u00fcssl\"},\"url\":\"https:\/\/www.radlobby.org\/noe\/author\/elisabeth-fuessl\/\"}]}<\/script>\n<!-- \/ Yoast SEO plugin. -->","yoast_head_json":{"title":"Wer macht den Radverkehr in Ebreichsdorf? - Radlobby Nieder\u00f6sterreich","robots":{"index":"index","follow":"follow","max-snippet":"max-snippet:-1","max-image-preview":"max-image-preview:large","max-video-preview":"max-video-preview:-1"},"canonical":"https:\/\/www.radlobby.org\/noe\/wer-macht-den-radverkehr-in-ebreichsdorf\/","og_locale":"de_DE","og_type":"article","og_title":"Wer macht den Radverkehr in Ebreichsdorf? - Radlobby Nieder\u00f6sterreich","og_description":"Wer macht den Radverkehr in der Stadtgemeinde Ebreichsdorf? Im Rahmen der Serie \u201eWer macht den Radverkehr\u201c in der Stadtgemeinde Ebreichsdorf wollen wir jene Menschen vorstellen, die in Sachen Radverkehr die Weichen stellen, Entscheidungen treffen und f\u00fcr die Umsetzung zust\u00e4ndig sind.","og_url":"https:\/\/www.radlobby.org\/noe\/wer-macht-den-radverkehr-in-ebreichsdorf\/","og_site_name":"Radlobby Nieder\u00f6sterreich","article_publisher":"https:\/\/www.facebook.com\/groups\/radfahren.in.noe\/","article_published_time":"2020-08-04T18:34:11+00:00","og_image":[{"width":1900,"height":770,"url":"https:\/\/www.radlobby.org\/noe\/wp-content\/uploads\/20200101-RLWN-Neujahrsaradeln-DSC_0105a_1900px-1.jpg","type":"image\/jpeg"}],"author":"Elisabeth F\u00fcssl","twitter_card":"summary_large_image","twitter_misc":{"Verfasst von":"Elisabeth F\u00fcssl","Gesch\u00e4tzte Lesezeit":"1\u00a0Minute"},"schema":{"@context":"https:\/\/schema.org","@graph":[{"@type":"Article","@id":"https:\/\/www.radlobby.org\/noe\/wer-macht-den-radverkehr-in-ebreichsdorf\/#article","isPartOf":{"@id":"https:\/\/www.radlobby.org\/noe\/wer-macht-den-radverkehr-in-ebreichsdorf\/"},"author":{"name":"Elisabeth F\u00fcssl","@id":"https:\/\/www.radlobby.org\/noe\/#\/schema\/person\/18e43e1a260d8e6fa8d3ddcfea65577c"},"headline":"Wer macht den Radverkehr in Ebreichsdorf?","datePublished":"2020-08-04T18:34:11+00:00","mainEntityOfPage":{"@id":"https:\/\/www.radlobby.org\/noe\/wer-macht-den-radverkehr-in-ebreichsdorf\/"},"wordCount":112,"publisher":{"@id":"https:\/\/www.radlobby.org\/noe\/#organization"},"articleSection":["Radlobby Ebreichsdorf"],"inLanguage":"de"},{"@type":"WebPage","@id":"https:\/\/www.radlobby.org\/noe\/wer-macht-den-radverkehr-in-ebreichsdorf\/","url":"https:\/\/www.radlobby.org\/noe\/wer-macht-den-radverkehr-in-ebreichsdorf\/","name":"Wer macht den Radverkehr in Ebreichsdorf? - Radlobby Nieder\u00f6sterreich","isPartOf":{"@id":"https:\/\/www.radlobby.org\/noe\/#website"},"datePublished":"2020-08-04T18:34:11+00:00","breadcrumb":{"@id":"https:\/\/www.radlobby.org\/noe\/wer-macht-den-radverkehr-in-ebreichsdorf\/#breadcrumb"},"inLanguage":"de","potentialAction":[{"@type":"ReadAction","target":["https:\/\/www.radlobby.org\/noe\/wer-macht-den-radverkehr-in-ebreichsdorf\/"]}]},{"@type":"BreadcrumbList","@id":"https:\/\/www.radlobby.org\/noe\/wer-macht-den-radverkehr-in-ebreichsdorf\/#breadcrumb","itemListElement":[{"@type":"ListItem","position":1,"name":"Startseite","item":"https:\/\/www.radlobby.org\/noe\/"},{"@type":"ListItem","position":2,"name":"Wer macht den Radverkehr in Ebreichsdorf?"}]},{"@type":"WebSite","@id":"https:\/\/www.radlobby.org\/noe\/#website","url":"https:\/\/www.radlobby.org\/noe\/","name":"Radlobby Nieder\u00f6sterreich","description":"Radverkehr, Fahrrad, Radfahren, Radreisen, Radtouren, Radweg","publisher":{"@id":"https:\/\/www.radlobby.org\/noe\/#organization"},"potentialAction":[{"@type":"SearchAction","target":{"@type":"EntryPoint","urlTemplate":"https:\/\/www.radlobby.org\/noe\/?s={search_term_string}"},"query-input":{"@type":"PropertyValueSpecification","valueRequired":true,"valueName":"search_term_string"}}],"inLanguage":"de"},{"@type":"Organization","@id":"https:\/\/www.radlobby.org\/noe\/#organization","name":"Radlobby Nieder\u00f6sterreich","url":"https:\/\/www.radlobby.org\/noe\/","logo":{"@type":"ImageObject","inLanguage":"de","@id":"https:\/\/www.radlobby.org\/noe\/#\/schema\/logo\/image\/","url":"https:\/\/www.radlobby.org\/noe\/wp-content\/uploads\/2017\/01\/cropped-Logo_Radlobby_Niederoesterreich_50-400px_quer-1.jpg","contentUrl":"https:\/\/www.radlobby.org\/noe\/wp-content\/uploads\/2017\/01\/cropped-Logo_Radlobby_Niederoesterreich_50-400px_quer-1.jpg","width":450,"height":124,"caption":"Radlobby Nieder\u00f6sterreich"},"image":{"@id":"https:\/\/www.radlobby.org\/noe\/#\/schema\/logo\/image\/"},"sameAs":["https:\/\/www.facebook.com\/groups\/radfahren.in.noe\/"]},{"@type":"Person","@id":"https:\/\/www.radlobby.org\/noe\/#\/schema\/person\/18e43e1a260d8e6fa8d3ddcfea65577c","name":"Elisabeth F\u00fcssl","image":{"@type":"ImageObject","inLanguage":"de","@id":"https:\/\/www.radlobby.org\/noe\/#\/schema\/person\/image\/","url":"https:\/\/secure.gravatar.com\/avatar\/8da78945c4a86c541704ecb3d3b6f2dacb957459b67a69595a42faf62e078ab3?s=96&d=mm&r=g","contentUrl":"https:\/\/secure.gravatar.com\/avatar\/8da78945c4a86c541704ecb3d3b6f2dacb957459b67a69595a42faf62e078ab3?s=96&d=mm&r=g","caption":"Elisabeth F\u00fcssl"},"url":"https:\/\/www.radlobby.org\/noe\/author\/elisabeth-fuessl\/"}]}},"_links":{"self":[{"href":"https:\/\/www.radlobby.org\/noe\/wp-json\/wp\/v2\/posts\/14825","targetHints":{"allow":["GET"]}}],"collection":[{"href":"https:\/\/www.radlobby.org\/noe\/wp-json\/wp\/v2\/posts"}],"about":[{"href":"https:\/\/www.radlobby.org\/noe\/wp-json\/wp\/v2\/types\/post"}],"author":[{"embeddable":true,"href":"https:\/\/www.radlobby.org\/noe\/wp-json\/wp\/v2\/users\/42"}],"replies":[{"embeddable":true,"href":"https:\/\/www.radlobby.org\/noe\/wp-json\/wp\/v2\/comments?post=14825"}],"version-history":[{"count":0,"href":"https:\/\/www.radlobby.org\/noe\/wp-json\/wp\/v2\/posts\/14825\/revisions"}],"wp:attachment":[{"href":"https:\/\/www.radlobby.org\/noe\/wp-json\/wp\/v2\/media?parent=14825"}],"wp:term":[{"taxonomy":"category","embeddable":true,"href":"https:\/\/www.radlobby.org\/noe\/wp-json\/wp\/v2\/categories?post=14825"},{"taxonomy":"post_tag","embeddable":true,"href":"https:\/\/www.radlobby.org\/noe\/wp-json\/wp\/v2\/tags?post=14825"}],"curies":[{"name":"wp","href":"https:\/\/api.w.org\/{rel}","templated":true}]}}