{"id":14611,"date":"2020-07-24T10:06:30","date_gmt":"2020-07-24T08:06:30","guid":{"rendered":"http:\/\/www.radlobby.org\/noe\/?p=14611"},"modified":"2022-09-27T20:41:42","modified_gmt":"2022-09-27T18:41:42","slug":"klimaentlaster-zentrale-amstetten-3-transportraeder-testen","status":"publish","type":"post","link":"https:\/\/www.radlobby.org\/noe\/klimaentlaster-zentrale-amstetten-3-transportraeder-testen\/","title":{"rendered":"KlimaEntlaster-Zentrale Amstetten <br>3 Transportr\u00e4der testen \u2022 einfach probieren"},"content":{"rendered":"<p><strong>Am 9. Juli 2020 fand am Hauptplatz von Amstetten die feierliche Er\u00f6ffnung der \u201eKlimaEnlaster-Zentrale Amstetten\u201c statt. Dabei wurden die ersten drei Transportr\u00e4der den RadlgeberInnen offiziell \u00fcbergeben. Der Verleih der drei Transportr\u00e4der Andi, Alex und Anita hat hiermit gestartet!<\/strong><\/p>\n<p><iframe loading=\"lazy\" style=\"border: none; overflow: hidden;\" src=\"https:\/\/www.facebook.com\/plugins\/video.php?href=https%3A%2F%2Fwww.facebook.com%2Fm4tv.at%2Fvideos%2F222671325517083%2F&amp;show_text=0&amp;width=560\" width=\"750\" height=\"440\" frameborder=\"0\" scrolling=\"no\" allowfullscreen=\"allowfullscreen\"><span data-mce-type=\"bookmark\" style=\"display: inline-block; width: 0px; overflow: hidden; line-height: 0;\" class=\"mce_SELRES_start\">\ufeff<\/span><\/iframe><\/p>\n<p>Mehr auf der &gt; <a href=\"https:\/\/www.klimaentlaster.at\/aktuelles\/n\/feierliche-eroeffnung-der-klimaentlaster-zentrale-amstetten_43\/\" target=\"_blank\" rel=\"noopener noreferrer\">Homepage der Klimaentlaster<\/a>.<br \/>\n<iframe loading=\"lazy\" style=\"border: none; overflow: hidden;\" src=\"https:\/\/www.klimaentlaster.at\/aktuelles\/n\/feierliche-eroeffnung-der-klimaentlaster-zentrale-amstetten_43\/\" width=\"100%\" height=\"2700\" frameborder=\"0\" scrolling=\"no\" allowfullscreen=\"allowfullscreen\"><span data-mce-type=\"bookmark\" style=\"display: inline-block; width: 0px; overflow: hidden; line-height: 0;\" class=\"mce_SELRES_start\">\ufeff<\/span><span data-mce-type=\"bookmark\" style=\"display: inline-block; width: 0px; overflow: hidden; line-height: 0;\" class=\"mce_SELRES_start\">\ufeff<\/span><span data-mce-type=\"bookmark\" style=\"display: inline-block; width: 0px; overflow: hidden; line-height: 0;\" class=\"mce_SELRES_start\">\ufeff<\/span><\/iframe><\/p>\n<p><img loading=\"lazy\" decoding=\"async\" class=\"alignnone wp-image-6941 size-full\" src=\"http:\/\/www.radlobby.org\/noe\/wp-content\/uploads\/linie_gruen_c1c400.gif\" alt=\"\" width=\"750\" height=\"2\" \/><\/p>\n<h5>Weitere Infos aus Nieder\u00f6sterreich<\/h5>\n<style>.wp-show-posts-columns#wpsp-4993 {margin-left: -2em; }.wp-show-posts-columns#wpsp-4993 .wp-show-posts-inner {margin: 0 0 2em 2em; }<\/style><section id=\"wpsp-4993\" class=\" wp-show-posts-columns wp-show-posts\" style=\"\"><article class=\" wp-show-posts-single post-41959 post type-post status-publish format-standard has-post-thumbnail hentry category-niederoesterreich category-st-poelten wpsp-col-6\" itemtype=\"http:\/\/schema.org\/CreativeWork\" itemscope><div class=\"wp-show-posts-inner\" style=\"\">\t\t<div class=\"wp-show-posts-image  wpsp-image-left \">\n\t\t\t<a href=\"https:\/\/www.radlobby.org\/noe\/bike-filmtour-season-2\/\"  title=\"Bike Filmtour &#8211; Season 2\">\t\t\t\t\t<img decoding=\"async\" src=\"https:\/\/www.radlobby.org\/noe\/wp-content\/uploads\/IMG_20221021_200853-scaled-180x135.jpg\" alt=\"Bike Filmtour &#8211; Season 2\" itemprop=\"image\" class=\"left\" \/>\n\t\t\t\t<\/a>\t\t<\/div>\n\t\t\t\t\t\t\t\t<header class=\"wp-show-posts-entry-header\">\n\t\t\t\t\t\t\t<p class=\"wp-show-posts-entry-title\" itemprop=\"headline\"><a href=\"https:\/\/www.radlobby.org\/noe\/bike-filmtour-season-2\/\" rel=\"bookmark\">Bike Filmtour &#8211; Season 2<\/a><\/p>\t\t\t\t\t\t<\/header><!-- .entry-header -->\n\t\t\t\t\t\t\t\t\t\t\t<div class=\"wp-show-posts-entry-summary\" itemprop=\"text\">\n\t\t\t\t\t\t\t<p>So., 21. Juni 2026, 11:30 Uhr 6 neue Kurzfilme \u00fcber den Radsport kostenloses Radservice von 9 bis 12:00 Uhr direkt vor dem Cinema Paradiso in&#8230;<\/p>\n\t\t\t\t\t\t<\/div><!-- .entry-summary -->\n\t\t\t\t\t<\/div><!-- wp-show-posts-inner --><\/article><article class=\" wp-show-posts-single post-41259 post type-post status-publish format-standard has-post-thumbnail hentry category-deutsch-wagram category-korneuburg category-mistelbach category-niederoesterreich category-wolkersdorf tag-radparade tag-wolkersdorf wpsp-col-6\" itemtype=\"http:\/\/schema.org\/CreativeWork\" itemscope><div class=\"wp-show-posts-inner\" style=\"\">\t\t<div class=\"wp-show-posts-image  wpsp-image-left \">\n\t\t\t<a href=\"https:\/\/www.radlobby.org\/noe\/7-wolkersdorfer-radparade\/\"  title=\"7. Wolkersdorfer RADpaRADe\">\t\t\t\t\t<img decoding=\"async\" src=\"https:\/\/www.radlobby.org\/noe\/wp-content\/uploads\/6_Radparade_Wodo_9-180x135.jpg\" alt=\"7. Wolkersdorfer RADpaRADe\" itemprop=\"image\" class=\"left\" \/>\n\t\t\t\t<\/a>\t\t<\/div>\n\t\t\t\t\t\t\t\t<header class=\"wp-show-posts-entry-header\">\n\t\t\t\t\t\t\t<p class=\"wp-show-posts-entry-title\" itemprop=\"headline\"><a href=\"https:\/\/www.radlobby.org\/noe\/7-wolkersdorfer-radparade\/\" rel=\"bookmark\">7. Wolkersdorfer RADpaRADe<\/a><\/p>\t\t\t\t\t\t<\/header><!-- .entry-header -->\n\t\t\t\t\t\t\t\t\t\t\t<div class=\"wp-show-posts-entry-summary\" itemprop=\"text\">\n\t\t\t\t\t\t\t<p>Setzen wir wieder gemeinsam ein Zeichen, dass der \u00f6ffentliche Raum \u2013 dazu z\u00e4hlen vor allem auch die Stra\u00dfen \u2013 uns allen geh\u00f6rt. Eingeladen sind nat\u00fcrlich&#8230;<\/p>\n\t\t\t\t\t\t<\/div><!-- .entry-summary -->\n\t\t\t\t\t<\/div><!-- wp-show-posts-inner --><\/article><article class=\" wp-show-posts-single post-41921 post type-post status-publish format-standard has-post-thumbnail hentry category-niederoesterreich category-st-poelten wpsp-col-6\" itemtype=\"http:\/\/schema.org\/CreativeWork\" itemscope><div class=\"wp-show-posts-inner\" style=\"\">\t\t<div class=\"wp-show-posts-image  wpsp-image-left \">\n\t\t\t<a href=\"https:\/\/www.radlobby.org\/noe\/stadtlandfluss-2026\/\"  title=\"Kunterbunte Zwischenr\u00e4ume &#8211; Beitrag der Radlobby St. P\u00f6lten 2026\">\t\t\t\t\t<img decoding=\"async\" src=\"https:\/\/www.radlobby.org\/noe\/wp-content\/uploads\/2024-06-22_RL-St.Poelten_Foto-Reischauer-2-1-180x120.jpeg\" alt=\"Kunterbunte Zwischenr\u00e4ume &#8211; Beitrag der Radlobby St. P\u00f6lten 2026\" itemprop=\"image\" class=\"left\" \/>\n\t\t\t\t<\/a>\t\t<\/div>\n\t\t\t\t\t\t\t\t<header class=\"wp-show-posts-entry-header\">\n\t\t\t\t\t\t\t<p class=\"wp-show-posts-entry-title\" itemprop=\"headline\"><a href=\"https:\/\/www.radlobby.org\/noe\/stadtlandfluss-2026\/\" rel=\"bookmark\">Kunterbunte Zwischenr\u00e4ume &#8211; Beitrag der Radlobby St. P\u00f6lten 2026<\/a><\/p>\t\t\t\t\t\t<\/header><!-- .entry-header -->\n\t\t\t\t\t\t\t\t\t\t\t<div class=\"wp-show-posts-entry-summary\" itemprop=\"text\">\n\t\t\t\t\t\t\t<p>Komm und diskutiere mit der Radlobby St. P\u00f6lten \u00fcber kunterbunte Zwischenr\u00e4ume im Radwegenetz, zur Radlkarte.at und Radeln mit Kindern in der Stadt und au\u00dferhalb.<\/p>\n\t\t\t\t\t\t<\/div><!-- .entry-summary -->\n\t\t\t\t\t<\/div><!-- wp-show-posts-inner --><\/article><article class=\" wp-show-posts-single post-41915 post type-post status-publish format-standard has-post-thumbnail hentry category-niederoesterreich category-st-poelten wpsp-col-6\" itemtype=\"http:\/\/schema.org\/CreativeWork\" itemscope><div class=\"wp-show-posts-inner\" style=\"\">\t\t<div class=\"wp-show-posts-image  wpsp-image-left \">\n\t\t\t<a href=\"https:\/\/www.radlobby.org\/noe\/kidicalmass-2026\/\"  title=\"4. Kidical Mass St. P\u00f6lten, 19. September 2026\">\t\t\t\t\t<img decoding=\"async\" src=\"https:\/\/www.radlobby.org\/noe\/wp-content\/uploads\/Kidicalmass_Stpoelten-180x234.jpg\" alt=\"4. Kidical Mass St. P\u00f6lten, 19. September 2026\" itemprop=\"image\" class=\"left\" \/>\n\t\t\t\t<\/a>\t\t<\/div>\n\t\t\t\t\t\t\t\t<header class=\"wp-show-posts-entry-header\">\n\t\t\t\t\t\t\t<p class=\"wp-show-posts-entry-title\" itemprop=\"headline\"><a href=\"https:\/\/www.radlobby.org\/noe\/kidicalmass-2026\/\" rel=\"bookmark\">4. Kidical Mass St. P\u00f6lten, 19. September 2026<\/a><\/p>\t\t\t\t\t\t<\/header><!-- .entry-header -->\n\t\t\t\t\t\t\t\t\t\t\t<div class=\"wp-show-posts-entry-summary\" itemprop=\"text\">\n\t\t\t\t\t\t\t<p>Kinderradparade am 19. September 2026 in St. P\u00f6lten<\/p>\n\t\t\t\t\t\t<\/div><!-- .entry-summary -->\n\t\t\t\t\t<\/div><!-- wp-show-posts-inner --><\/article><article class=\" wp-show-posts-single post-33779 post type-post status-publish format-standard has-post-thumbnail hentry category-aktion category-amstetten category-melk category-neulengbach category-niederoesterreich category-pressbaum category-st-poelten category-wiener-neustadt tag-biken tag-kidical-mass tag-kinder-rad tag-radfahren wpsp-col-6\" itemtype=\"http:\/\/schema.org\/CreativeWork\" itemscope><div class=\"wp-show-posts-inner\" style=\"\">\t\t<div class=\"wp-show-posts-image  wpsp-image-left \">\n\t\t\t<a href=\"https:\/\/www.radlobby.org\/noe\/kidicalmass\/\"  title=\"Kidical Mass in Nieder\u00f6sterreich 2026 &#8211; Kinder fahren Rad\">\t\t\t\t\t<img decoding=\"async\" src=\"https:\/\/www.radlobby.org\/noe\/wp-content\/uploads\/kidicalmass-1-180x181.jpg\" alt=\"Kidical Mass in Nieder\u00f6sterreich 2026 &#8211; Kinder fahren Rad\" itemprop=\"image\" class=\"left\" \/>\n\t\t\t\t<\/a>\t\t<\/div>\n\t\t\t\t\t\t\t\t<header class=\"wp-show-posts-entry-header\">\n\t\t\t\t\t\t\t<p class=\"wp-show-posts-entry-title\" itemprop=\"headline\"><a href=\"https:\/\/www.radlobby.org\/noe\/kidicalmass\/\" rel=\"bookmark\">Kidical Mass in Nieder\u00f6sterreich 2026 &#8211; Kinder fahren Rad<\/a><\/p>\t\t\t\t\t\t<\/header><!-- .entry-header -->\n\t\t\t\t\t\t\t\t\t\t\t<div class=\"wp-show-posts-entry-summary\" itemprop=\"text\">\n\t\t\t\t\t\t\t<p>Kinder fahren Rad!<br \/>\nUnser Engagement gilt dem Einsatz f\u00fcr kinderfreundliche und lebenswerte D\u00f6rfer und St\u00e4dte.<\/p>\n\t\t\t\t\t\t<\/div><!-- .entry-summary -->\n\t\t\t\t\t<\/div><!-- wp-show-posts-inner --><\/article><article class=\" wp-show-posts-single post-41814 post type-post status-publish format-standard has-post-thumbnail hentry category-niederoesterreich wpsp-col-6\" itemtype=\"http:\/\/schema.org\/CreativeWork\" itemscope><div class=\"wp-show-posts-inner\" style=\"\">\t\t<div class=\"wp-show-posts-image  wpsp-image-left \">\n\t\t\t<a href=\"https:\/\/www.radlobby.org\/noe\/bericht-kinder-eis-anradeln-2026\/\"  title=\"Bericht Kinder-Eis-Anradeln 2026\">\t\t\t\t\t<img decoding=\"async\" src=\"https:\/\/www.radlobby.org\/noe\/wp-content\/uploads\/Eisanradeln-Klosterneuburg-2026-4-180x135.jpeg\" alt=\"Bericht Kinder-Eis-Anradeln 2026\" itemprop=\"image\" class=\"left\" \/>\n\t\t\t\t<\/a>\t\t<\/div>\n\t\t\t\t\t\t\t\t<header class=\"wp-show-posts-entry-header\">\n\t\t\t\t\t\t\t<p class=\"wp-show-posts-entry-title\" itemprop=\"headline\"><a href=\"https:\/\/www.radlobby.org\/noe\/bericht-kinder-eis-anradeln-2026\/\" rel=\"bookmark\">Bericht Kinder-Eis-Anradeln 2026<\/a><\/p>\t\t\t\t\t\t<\/header><!-- .entry-header -->\n\t\t\t\t\t\t\t\t\t\t\t<div class=\"wp-show-posts-entry-summary\" itemprop=\"text\">\n\t\t\t\t\t\t\t<p>Kinder-Eis-Anradeln mit 300 Teilnehmer*innen Zum f\u00fcnften Mal lud die Radlobby Klosterneuburg zum Kinder-Eis-Anradeln, um Radsaison und Eissaison feierlich einzul\u00e4uten. Von sieben Startpunkten wurde losgeradelt. 150&#8230;<\/p>\n\t\t\t\t\t\t<\/div><!-- .entry-summary -->\n\t\t\t\t\t<\/div><!-- wp-show-posts-inner --><\/article><article class=\" wp-show-posts-single post-41869 post type-post status-publish format-standard has-post-thumbnail hentry category-melk category-niederoesterreich tag-aktionen wpsp-col-6\" itemtype=\"http:\/\/schema.org\/CreativeWork\" itemscope><div class=\"wp-show-posts-inner\" style=\"\">\t\t<div class=\"wp-show-posts-image  wpsp-image-left \">\n\t\t\t<a href=\"https:\/\/www.radlobby.org\/noe\/kidical-mass-melk-2026_termin\/\"  title=\"&#8220;Kidicial Mass Melk 2026 \u2013 Radparade f\u00fcr Gro\u00df und Klein\u201c in Melk am Sa. 9. Mai 2026, 14 Uhr\">\t\t\t\t\t<img decoding=\"async\" src=\"https:\/\/www.radlobby.org\/noe\/wp-content\/uploads\/Ankuendigung-Kidical-Mass-2026_image-180x255.png\" alt=\"&#8220;Kidicial Mass Melk 2026 \u2013 Radparade f\u00fcr Gro\u00df und Klein\u201c in Melk am Sa. 9. Mai 2026, 14 Uhr\" itemprop=\"image\" class=\"left\" \/>\n\t\t\t\t<\/a>\t\t<\/div>\n\t\t\t\t\t\t\t\t<header class=\"wp-show-posts-entry-header\">\n\t\t\t\t\t\t\t<p class=\"wp-show-posts-entry-title\" itemprop=\"headline\"><a href=\"https:\/\/www.radlobby.org\/noe\/kidical-mass-melk-2026_termin\/\" rel=\"bookmark\">&#8220;Kidicial Mass Melk 2026 \u2013 Radparade f\u00fcr Gro\u00df und Klein\u201c in Melk am Sa. 9. Mai 2026, 14 Uhr<\/a><\/p>\t\t\t\t\t\t<\/header><!-- .entry-header -->\n\t\t\t\t\t\t\t\t\t\t\t<div class=\"wp-show-posts-entry-summary\" itemprop=\"text\">\n\t\t\t\t\t\t\t<p>Treffpunkt:\u00a0 14 Uhr, bei der Volks- &amp; Mittelschule (Abt-Karl-Stra\u00dfe 41) Macht mit bei der Kidical Mass 2026! mit dem Kinderrad mit dem Laufrad mit dem&#8230;<\/p>\n\t\t\t\t\t\t<\/div><!-- .entry-summary -->\n\t\t\t\t\t<\/div><!-- wp-show-posts-inner --><\/article><article class=\" wp-show-posts-single post-41298 post type-post status-publish format-standard has-post-thumbnail hentry category-melk category-niederoesterreich tag-aktionen wpsp-col-6\" itemtype=\"http:\/\/schema.org\/CreativeWork\" itemscope><div class=\"wp-show-posts-inner\" style=\"\">\t\t<div class=\"wp-show-posts-image  wpsp-image-left \">\n\t\t\t<a href=\"https:\/\/www.radlobby.org\/noe\/fahrrad-boerse-2026-save-the-date\/\"  title=\"Save the date: FAHRRAD-B\u00f6rse der Radlobby Melk am Sa. 30.5.2026\">\t\t\t\t\t<img decoding=\"async\" src=\"https:\/\/www.radlobby.org\/noe\/wp-content\/uploads\/20250425_163942-scaled-180x135.jpg\" alt=\"Save the date: FAHRRAD-B\u00f6rse der Radlobby Melk am Sa. 30.5.2026\" itemprop=\"image\" class=\"left\" \/>\n\t\t\t\t<\/a>\t\t<\/div>\n\t\t\t\t\t\t\t\t<header class=\"wp-show-posts-entry-header\">\n\t\t\t\t\t\t\t<p class=\"wp-show-posts-entry-title\" itemprop=\"headline\"><a href=\"https:\/\/www.radlobby.org\/noe\/fahrrad-boerse-2026-save-the-date\/\" rel=\"bookmark\">Save the date: FAHRRAD-B\u00f6rse der Radlobby Melk am Sa. 30.5.2026<\/a><\/p>\t\t\t\t\t\t<\/header><!-- .entry-header -->\n\t\t\t\t\t\t\t\t\t\t\t<div class=\"wp-show-posts-entry-summary\" itemprop=\"text\">\n\t\t\t\t\t\t\t<p>Ort: Hof der Tischlerei Melk Kulturwerkstatt, Abt Karl-Stra\u00dfe 27a, Melk Machen Sie Ihr altes Fahrrad zu Geld &#8211; und\/oder &#8211; Kaufen Sie g\u00fcnstig ein Gebraucht-Rad!&#8230;<\/p>\n\t\t\t\t\t\t<\/div><!-- .entry-summary -->\n\t\t\t\t\t<\/div><!-- wp-show-posts-inner --><\/article><article class=\" wp-show-posts-single post-41670 post type-post status-publish format-standard has-post-thumbnail hentry category-klosterneuburg category-niederoesterreich wpsp-col-6\" itemtype=\"http:\/\/schema.org\/CreativeWork\" itemscope><div class=\"wp-show-posts-inner\" style=\"\">\t\t<div class=\"wp-show-posts-image  wpsp-image-left \">\n\t\t\t<a href=\"https:\/\/www.radlobby.org\/noe\/lernen-von-oesterreichs-fahrradgemeinde-nr-1\/\"  title=\"Lernen von \u00d6sterreichs Fahrradgemeinde Nr. 1\">\t\t\t\t\t<img decoding=\"async\" src=\"https:\/\/www.radlobby.org\/noe\/wp-content\/uploads\/Bildschirmfoto-2026-04-02-um-17.15.22-2-180x101.png\" alt=\"Lernen von \u00d6sterreichs Fahrradgemeinde Nr. 1\" itemprop=\"image\" class=\"left\" \/>\n\t\t\t\t<\/a>\t\t<\/div>\n\t\t\t\t\t\t\t\t<header class=\"wp-show-posts-entry-header\">\n\t\t\t\t\t\t\t<p class=\"wp-show-posts-entry-title\" itemprop=\"headline\"><a href=\"https:\/\/www.radlobby.org\/noe\/lernen-von-oesterreichs-fahrradgemeinde-nr-1\/\" rel=\"bookmark\">Lernen von \u00d6sterreichs Fahrradgemeinde Nr. 1<\/a><\/p>\t\t\t\t\t\t<\/header><!-- .entry-header -->\n\t\t\t\t\t\t\t\t\t\t\t<div class=\"wp-show-posts-entry-summary\" itemprop=\"text\">\n\t\t\t\t\t\t\t<p>Wie man 34 Prozent Radverkehrsanteil erreicht und Kindern selbstst\u00e4ndige Mobilit\u00e4t erm\u00f6glicht \u2013 das waren die Kernthemen beim Besuch des ehemaligen Lustenauer Langzeitb\u00fcrgermeisters Kurt Fischer im&#8230;<\/p>\n\t\t\t\t\t\t<\/div><!-- .entry-summary -->\n\t\t\t\t\t<\/div><!-- wp-show-posts-inner --><\/article><article class=\" wp-show-posts-single post-41546 post type-post status-publish format-standard has-post-thumbnail hentry category-klosterneuburg category-niederoesterreich wpsp-col-6\" itemtype=\"http:\/\/schema.org\/CreativeWork\" itemscope><div class=\"wp-show-posts-inner\" style=\"\">\t\t<div class=\"wp-show-posts-image  wpsp-image-left \">\n\t\t\t<a href=\"https:\/\/www.radlobby.org\/noe\/kinder-eis-anradeln-2026\/\"  title=\"Kinder-Eis-Anradeln Klosterneuburg 2026\">\t\t\t\t\t<img decoding=\"async\" src=\"https:\/\/www.radlobby.org\/noe\/wp-content\/uploads\/eisanradeln_2026_Beitragsbild-180x154.png\" alt=\"Kinder-Eis-Anradeln Klosterneuburg 2026\" itemprop=\"image\" class=\"left\" \/>\n\t\t\t\t<\/a>\t\t<\/div>\n\t\t\t\t\t\t\t\t<header class=\"wp-show-posts-entry-header\">\n\t\t\t\t\t\t\t<p class=\"wp-show-posts-entry-title\" itemprop=\"headline\"><a href=\"https:\/\/www.radlobby.org\/noe\/kinder-eis-anradeln-2026\/\" rel=\"bookmark\">Kinder-Eis-Anradeln Klosterneuburg 2026<\/a><\/p>\t\t\t\t\t\t<\/header><!-- .entry-header -->\n\t\t\t\t\t\t\t\t\t\t\t<div class=\"wp-show-posts-entry-summary\" itemprop=\"text\">\n\t\t\t\t\t\t\t<p>Kinder-Eis-Anradeln 2026, am 11.4., 13 Uhr Treffpunkt ist um 13 Uhr bei den Volksschulen, der ASO Klosterneuburg und beim Bahnhof Kritzendorf. Von dort radeln kleine&#8230;<\/p>\n\t\t\t\t\t\t<\/div><!-- .entry-summary -->\n\t\t\t\t\t<\/div><!-- wp-show-posts-inner --><\/article><article class=\" wp-show-posts-single post-41515 post type-post status-publish format-standard has-post-thumbnail hentry category-niederoesterreich category-traismauer wpsp-col-6\" itemtype=\"http:\/\/schema.org\/CreativeWork\" itemscope><div class=\"wp-show-posts-inner\" style=\"\">\t\t<div class=\"wp-show-posts-image  wpsp-image-left \">\n\t\t\t<a href=\"https:\/\/www.radlobby.org\/noe\/schloss-traismauer-treffpunkt-fuer-radreisende\/\"  title=\"Schloss Traismauer &#8211; Treffpunkt f\u00fcr Radreisende\">\t\t\t\t\t<img decoding=\"async\" src=\"https:\/\/www.radlobby.org\/noe\/wp-content\/uploads\/2026-03-21_Traismauer_E.Reischauer-scaled-180x120.jpg\" alt=\"Schloss Traismauer &#8211; Treffpunkt f\u00fcr Radreisende\" itemprop=\"image\" class=\"left\" \/>\n\t\t\t\t<\/a>\t\t<\/div>\n\t\t\t\t\t\t\t\t<header class=\"wp-show-posts-entry-header\">\n\t\t\t\t\t\t\t<p class=\"wp-show-posts-entry-title\" itemprop=\"headline\"><a href=\"https:\/\/www.radlobby.org\/noe\/schloss-traismauer-treffpunkt-fuer-radreisende\/\" rel=\"bookmark\">Schloss Traismauer &#8211; Treffpunkt f\u00fcr Radreisende<\/a><\/p>\t\t\t\t\t\t<\/header><!-- .entry-header -->\n\t\t\t\t\t\t\t\t\t\t\t<div class=\"wp-show-posts-entry-summary\" itemprop=\"text\">\n\t\t\t\t\t\t\t<p>Am Samstag, den 21. M\u00e4rz 2026 trafen sich auf Einladung der Radlobby Traismauer 31 Radreisende aus \u00d6sterreich im Schloss Traismauer zum j\u00e4hrlichen Erfahrungsaustausch. Den Hauptteil&#8230;<\/p>\n\t\t\t\t\t\t<\/div><!-- .entry-summary -->\n\t\t\t\t\t<\/div><!-- wp-show-posts-inner --><\/article><article class=\" wp-show-posts-single post-41500 post type-post status-publish format-standard has-post-thumbnail hentry category-melk category-niederoesterreich tag-aktionen wpsp-col-6\" itemtype=\"http:\/\/schema.org\/CreativeWork\" itemscope><div class=\"wp-show-posts-inner\" style=\"\">\t\t<div class=\"wp-show-posts-image  wpsp-image-left \">\n\t\t\t<a href=\"https:\/\/www.radlobby.org\/noe\/radlobby-melk-stopp-littering-2026\/\"  title=\"Radlobby sammelt M\u00fcll im Melker Naherholungsgebiet\">\t\t\t\t\t<img decoding=\"async\" src=\"https:\/\/www.radlobby.org\/noe\/wp-content\/uploads\/IMG_2897_1-180x175.jpg\" alt=\"Radlobby sammelt M\u00fcll im Melker Naherholungsgebiet\" itemprop=\"image\" class=\"left\" \/>\n\t\t\t\t<\/a>\t\t<\/div>\n\t\t\t\t\t\t\t\t<header class=\"wp-show-posts-entry-header\">\n\t\t\t\t\t\t\t<p class=\"wp-show-posts-entry-title\" itemprop=\"headline\"><a href=\"https:\/\/www.radlobby.org\/noe\/radlobby-melk-stopp-littering-2026\/\" rel=\"bookmark\">Radlobby sammelt M\u00fcll im Melker Naherholungsgebiet<\/a><\/p>\t\t\t\t\t\t<\/header><!-- .entry-header -->\n\t\t\t\t\t\t\t\t\t\t\t<div class=\"wp-show-posts-entry-summary\" itemprop=\"text\">\n\t\t\t\t\t\t\t<p>Die Radlobby Melk hat sich am Freitag 20. M\u00e4rz 2026 wieder an der j\u00e4hrlichen &#8220;Stopp Littering-Aktion&#8221; beteiligt. Im Bereich Donauarm\/B1 sowie entlang des Donauradwegs\/Rollf\u00e4hrestra\u00dfe bis&#8230;<\/p>\n\t\t\t\t\t\t<\/div><!-- .entry-summary -->\n\t\t\t\t\t<\/div><!-- wp-show-posts-inner --><\/article><article class=\" wp-show-posts-single post-41432 post type-post status-publish format-standard has-post-thumbnail hentry category-aktion category-allgemein category-radlobby-akademie-webinare-vortraege category-bruck-an-der-leitha category-carnuntum category-niederoesterreich wpsp-col-6\" itemtype=\"http:\/\/schema.org\/CreativeWork\" itemscope><div class=\"wp-show-posts-inner\" style=\"\">\t\t<div class=\"wp-show-posts-image  wpsp-image-left \">\n\t\t\t<a href=\"https:\/\/www.radlobby.org\/noe\/talk-im-club-nachhaltige-mobilitaet-im-laendlichen-raum\/\"  title=\"Talk im Club: \u201eNachhaltige Mobilit\u00e4t im l\u00e4ndlichen Raum\u201c\">\t\t\t\t\t<img decoding=\"async\" src=\"https:\/\/www.radlobby.org\/noe\/wp-content\/uploads\/Frey_C_Stephan_Huger-1-214x300-1-180x252.jpg\" alt=\"Talk im Club: \u201eNachhaltige Mobilit\u00e4t im l\u00e4ndlichen Raum\u201c\" itemprop=\"image\" class=\"left\" \/>\n\t\t\t\t<\/a>\t\t<\/div>\n\t\t\t\t\t\t\t\t<header class=\"wp-show-posts-entry-header\">\n\t\t\t\t\t\t\t<p class=\"wp-show-posts-entry-title\" itemprop=\"headline\"><a href=\"https:\/\/www.radlobby.org\/noe\/talk-im-club-nachhaltige-mobilitaet-im-laendlichen-raum\/\" rel=\"bookmark\">Talk im Club: \u201eNachhaltige Mobilit\u00e4t im l\u00e4ndlichen Raum\u201c<\/a><\/p>\t\t\t\t\t\t<\/header><!-- .entry-header -->\n\t\t\t\t\t\t\t\t\t\t\t<div class=\"wp-show-posts-entry-summary\" itemprop=\"text\">\n\t\t\t\t\t\t\t<p>18. M\u00e4rz 2026 18:00\u00a0&#8211;\u00a020:00 Uhr \u201eNachhaltige Mobilit\u00e4t im l\u00e4ndlichen Raum\u201c<br \/>\nDI Dr. Harald Frey, TU Wien<\/p>\n\t\t\t\t\t\t<\/div><!-- .entry-summary -->\n\t\t\t\t\t<\/div><!-- wp-show-posts-inner --><\/article><article class=\" wp-show-posts-single post-34860 post type-post status-publish format-standard has-post-thumbnail hentry category-aktion category-presse-medien category-bruck-an-der-leitha category-niederoesterreich category-radpolitik-in-noe tag-abstand tag-mindestabstand wpsp-col-6\" itemtype=\"http:\/\/schema.org\/CreativeWork\" itemscope><div class=\"wp-show-posts-inner\" style=\"\">\t\t<div class=\"wp-show-posts-image  wpsp-image-left \">\n\t\t\t<a href=\"https:\/\/www.radlobby.org\/noe\/abstand\/\"  title=\"Seit 2024 in N\u00d6: Kampagne &#8220;Sei ein Kavalier &#8211; halte Abstand&#8221;\">\t\t\t\t\t<img decoding=\"async\" src=\"https:\/\/www.radlobby.org\/noe\/wp-content\/uploads\/12062023_Radlobby-MB_Sujet-Abstand-scaled-180x120.jpg\" alt=\"Seit 2024 in N\u00d6: Kampagne &#8220;Sei ein Kavalier &#8211; halte Abstand&#8221;\" itemprop=\"image\" class=\"left\" \/>\n\t\t\t\t<\/a>\t\t<\/div>\n\t\t\t\t\t\t\t\t<header class=\"wp-show-posts-entry-header\">\n\t\t\t\t\t\t\t<p class=\"wp-show-posts-entry-title\" itemprop=\"headline\"><a href=\"https:\/\/www.radlobby.org\/noe\/abstand\/\" rel=\"bookmark\">Seit 2024 in N\u00d6: Kampagne &#8220;Sei ein Kavalier &#8211; halte Abstand&#8221;<\/a><\/p>\t\t\t\t\t\t<\/header><!-- .entry-header -->\n\t\t\t\t\t\t\t\t\t\t\t<div class=\"wp-show-posts-entry-summary\" itemprop=\"text\">\n\t\t\t\t\t\t\t<p>Kampagne &#8220;Sei ein Kavalier &#8211; halte Abstand&#8221; breit unterst\u00fctzt<\/p>\n\t\t\t\t\t\t<\/div><!-- .entry-summary -->\n\t\t\t\t\t<\/div><!-- wp-show-posts-inner --><\/article><article class=\" wp-show-posts-single post-41418 post type-post status-publish format-standard has-post-thumbnail hentry category-aktion category-niederoesterreich category-pressbaum category-purkersdorf wpsp-col-6\" itemtype=\"http:\/\/schema.org\/CreativeWork\" itemscope><div class=\"wp-show-posts-inner\" style=\"\">\t\t<div class=\"wp-show-posts-image  wpsp-image-left \">\n\t\t\t<a href=\"https:\/\/www.radlobby.org\/noe\/kidical-mass-purkersdorf-31-mai-2026\/\"  title=\"Kidical Mass Purkersdorf \u2013 Kinderfahrraddemo am 31. Mai 2026\">\t\t\t\t\t<img decoding=\"async\" src=\"https:\/\/www.radlobby.org\/noe\/wp-content\/uploads\/Kidical-Mass-Logo-180x111.jpg\" alt=\"Kidical Mass Purkersdorf \u2013 Kinderfahrraddemo am 31. Mai 2026\" itemprop=\"image\" class=\"left\" \/>\n\t\t\t\t<\/a>\t\t<\/div>\n\t\t\t\t\t\t\t\t<header class=\"wp-show-posts-entry-header\">\n\t\t\t\t\t\t\t<p class=\"wp-show-posts-entry-title\" itemprop=\"headline\"><a href=\"https:\/\/www.radlobby.org\/noe\/kidical-mass-purkersdorf-31-mai-2026\/\" rel=\"bookmark\">Kidical Mass Purkersdorf \u2013 Kinderfahrraddemo am 31. Mai 2026<\/a><\/p>\t\t\t\t\t\t<\/header><!-- .entry-header -->\n\t\t\t\t\t\t\t\t\t\t\t<div class=\"wp-show-posts-entry-summary\" itemprop=\"text\">\n\t\t\t\t\t\t\t<p>\u00dcberall in \u00d6sterreich: Sichere Fahrradwege f\u00fcr Kinder Damit sich Kinder sicher und selbstst\u00e4ndig mit dem Fahrrad bewegen k\u00f6nnen, ben\u00f6tigt es bessere und sicherere Radwege. Denn&#8230;<\/p>\n\t\t\t\t\t\t<\/div><!-- .entry-summary -->\n\t\t\t\t\t<\/div><!-- wp-show-posts-inner --><\/article><article class=\" wp-show-posts-single post-41409 post type-post status-publish format-standard has-post-thumbnail hentry category-melk category-niederoesterreich tag-aktionen wpsp-col-6\" itemtype=\"http:\/\/schema.org\/CreativeWork\" itemscope><div class=\"wp-show-posts-inner\" style=\"\">\t\t<div class=\"wp-show-posts-image  wpsp-image-left \">\n\t\t\t<a href=\"https:\/\/www.radlobby.org\/noe\/radlobby-melk-baumpatenschaft\/\"  title=\"Radlobby Melk \u00fcbernimmt Baumpatenschaft\">\t\t\t\t\t<img decoding=\"async\" src=\"https:\/\/www.radlobby.org\/noe\/wp-content\/uploads\/Baumpatenschaft_Radlobby-Melk_2026-03-09-scaled-180x135.jpg\" alt=\"Radlobby Melk \u00fcbernimmt Baumpatenschaft\" itemprop=\"image\" class=\"left\" \/>\n\t\t\t\t<\/a>\t\t<\/div>\n\t\t\t\t\t\t\t\t<header class=\"wp-show-posts-entry-header\">\n\t\t\t\t\t\t\t<p class=\"wp-show-posts-entry-title\" itemprop=\"headline\"><a href=\"https:\/\/www.radlobby.org\/noe\/radlobby-melk-baumpatenschaft\/\" rel=\"bookmark\">Radlobby Melk \u00fcbernimmt Baumpatenschaft<\/a><\/p>\t\t\t\t\t\t<\/header><!-- .entry-header -->\n\t\t\t\t\t\t\t\t\t\t\t<div class=\"wp-show-posts-entry-summary\" itemprop=\"text\">\n\t\t\t\t\t\t\t<p>Die Radlobby Melk beteiligt sich bei der Aktion Baumpatenschaft in Melk und hat einen Mehlbeerbaum (Baum des Jahres 2025) im \u00d6ffentlichen Raum (bei der \u201eRiegler-Kreuzung\u201c)&#8230;<\/p>\n\t\t\t\t\t\t<\/div><!-- .entry-summary -->\n\t\t\t\t\t<\/div><!-- wp-show-posts-inner --><\/article><article class=\" wp-show-posts-single post-41406 post type-post status-publish format-standard has-post-thumbnail hentry category-melk category-niederoesterreich tag-aktionen wpsp-col-6\" itemtype=\"http:\/\/schema.org\/CreativeWork\" itemscope><div class=\"wp-show-posts-inner\" style=\"\">\t\t<div class=\"wp-show-posts-image  wpsp-image-left \">\n\t\t\t<a href=\"https:\/\/www.radlobby.org\/noe\/radfahren-als-klimaanpassung\/\"  title=\"Auch Gehen und Radfahren ist Klimaanpassung\">\t\t\t\t\t<img decoding=\"async\" src=\"https:\/\/www.radlobby.org\/noe\/wp-content\/uploads\/20190228_113127-scaled-180x101.jpg\" alt=\"Auch Gehen und Radfahren ist Klimaanpassung\" itemprop=\"image\" class=\"left\" \/>\n\t\t\t\t<\/a>\t\t<\/div>\n\t\t\t\t\t\t\t\t<header class=\"wp-show-posts-entry-header\">\n\t\t\t\t\t\t\t<p class=\"wp-show-posts-entry-title\" itemprop=\"headline\"><a href=\"https:\/\/www.radlobby.org\/noe\/radfahren-als-klimaanpassung\/\" rel=\"bookmark\">Auch Gehen und Radfahren ist Klimaanpassung<\/a><\/p>\t\t\t\t\t\t<\/header><!-- .entry-header -->\n\t\t\t\t\t\t\t\t\t\t\t<div class=\"wp-show-posts-entry-summary\" itemprop=\"text\">\n\t\t\t\t\t\t\t<p>Die Radlobby Melk hat bereits im Dezember 2024 ihre Vorschl\u00e4ge f\u00fcr m\u00f6gliche Klimaanpassungsma\u00dfnahmen zur KLimawandel-AnpassungsmodellRegion KLAR! (Melk ist Mitglied) in den Diskussionsprozess eingebracht. Was ist&#8230;<\/p>\n\t\t\t\t\t\t<\/div><!-- .entry-summary -->\n\t\t\t\t\t<\/div><!-- wp-show-posts-inner --><\/article><article class=\" wp-show-posts-single post-41354 post type-post status-publish format-standard has-post-thumbnail hentry category-niederoesterreich category-traismauer wpsp-col-6\" itemtype=\"http:\/\/schema.org\/CreativeWork\" itemscope><div class=\"wp-show-posts-inner\" style=\"\">\t\t<div class=\"wp-show-posts-image  wpsp-image-left \">\n\t\t\t<a href=\"https:\/\/www.radlobby.org\/noe\/erfahrungsaustausch-radreisen-schloss-traismauer-21-maerz-2026\/\"  title=\"Erfahrungsaustausch Radreisen, Schloss Traismauer, 21. M\u00e4rz 2026\">\t\t\t\t\t<img decoding=\"async\" src=\"https:\/\/www.radlobby.org\/noe\/wp-content\/uploads\/2025-07-04_Egerradtour_Foto_E.Reischauer_komp-1-scaled-180x120.jpg\" alt=\"Erfahrungsaustausch Radreisen, Schloss Traismauer, 21. M\u00e4rz 2026\" itemprop=\"image\" class=\"left\" \/>\n\t\t\t\t<\/a>\t\t<\/div>\n\t\t\t\t\t\t\t\t<header class=\"wp-show-posts-entry-header\">\n\t\t\t\t\t\t\t<p class=\"wp-show-posts-entry-title\" itemprop=\"headline\"><a href=\"https:\/\/www.radlobby.org\/noe\/erfahrungsaustausch-radreisen-schloss-traismauer-21-maerz-2026\/\" rel=\"bookmark\">Erfahrungsaustausch Radreisen, Schloss Traismauer, 21. M\u00e4rz 2026<\/a><\/p>\t\t\t\t\t\t<\/header><!-- .entry-header -->\n\t\t\t\t\t\t\t\t\t\t\t<div class=\"wp-show-posts-entry-summary\" itemprop=\"text\">\n\t\t\t\t\t\t\t<p>Die Radlobby Traismauer l\u00e4dt am Samstag, den 21. M\u00e4rz 2026 von 13 bis 17 Uhr Radreisende in das Schloss Traismauer zu einem lockeren Erfahrungsaustausch ein.\u00a0&#8230;<\/p>\n\t\t\t\t\t\t<\/div><!-- .entry-summary -->\n\t\t\t\t\t<\/div><!-- wp-show-posts-inner --><\/article><article class=\" wp-show-posts-single post-41272 post type-post status-publish format-standard has-post-thumbnail hentry category-badvoeslau category-baden category-niederoesterreich category-schwarzatal category-wiener-neustadt wpsp-col-6\" itemtype=\"http:\/\/schema.org\/CreativeWork\" itemscope><div class=\"wp-show-posts-inner\" style=\"\">\t\t<div class=\"wp-show-posts-image  wpsp-image-left \">\n\t\t\t<a href=\"https:\/\/www.radlobby.org\/noe\/wiener-neustadt-chr-watz-mobilitaetspolitik\/\"  title=\"Wiener Neustadt: Christoph Watz zum Thema \u201eMobilit\u00e4tspolitik\u201c\">\t\t\t\t\t<img decoding=\"async\" src=\"https:\/\/www.radlobby.org\/noe\/wp-content\/uploads\/20260221-Chr.Watz-Mobilitaet@BildungszentrumSt.-Bernhard-180x257.png\" alt=\"Wiener Neustadt: Christoph Watz zum Thema \u201eMobilit\u00e4tspolitik\u201c\" itemprop=\"image\" class=\"left\" \/>\n\t\t\t\t<\/a>\t\t<\/div>\n\t\t\t\t\t\t\t\t<header class=\"wp-show-posts-entry-header\">\n\t\t\t\t\t\t\t<p class=\"wp-show-posts-entry-title\" itemprop=\"headline\"><a href=\"https:\/\/www.radlobby.org\/noe\/wiener-neustadt-chr-watz-mobilitaetspolitik\/\" rel=\"bookmark\">Wiener Neustadt: Christoph Watz zum Thema \u201eMobilit\u00e4tspolitik\u201c<\/a><\/p>\t\t\t\t\t\t<\/header><!-- .entry-header -->\n\t\t\t\t\t\t\t\t\t\t\t<div class=\"wp-show-posts-entry-summary\" itemprop=\"text\">\n\t\t\t\t\t\t\t<p>Christoph Watz sprach am Samstag, 21.2.2026 im Bildungszentrum St. Bernhard in Wiener Neustadt zum Thema &#8220;Mobilit\u00e4tspolitik&#8220;. Wir brauchen eine andere Mobilit\u00e4tspolitik, sagt Christoph Watz (Generalsekret\u00e4r&#8230;<\/p>\n\t\t\t\t\t\t<\/div><!-- .entry-summary -->\n\t\t\t\t\t<\/div><!-- wp-show-posts-inner --><\/article><article class=\" wp-show-posts-single post-41323 post type-post status-publish format-standard has-post-thumbnail hentry category-niederoesterreich category-schwarzatal wpsp-col-6\" itemtype=\"http:\/\/schema.org\/CreativeWork\" itemscope><div class=\"wp-show-posts-inner\" style=\"\">\t\t<div class=\"wp-show-posts-image  wpsp-image-left \">\n\t\t\t<a href=\"https:\/\/www.radlobby.org\/noe\/ein-kleiner-schritt-in-die-richtige-richtung-fuer-payerbach\/\"  title=\"Ein kleiner Schritt in die richtige Richtung f\u00fcr Payerbach\">\t\t\t\t\t<img decoding=\"async\" src=\"https:\/\/www.radlobby.org\/noe\/wp-content\/uploads\/payerbach50_thumb-180x158.jpg\" alt=\"Ein kleiner Schritt in die richtige Richtung f\u00fcr Payerbach\" itemprop=\"image\" class=\"left\" \/>\n\t\t\t\t<\/a>\t\t<\/div>\n\t\t\t\t\t\t\t\t<header class=\"wp-show-posts-entry-header\">\n\t\t\t\t\t\t\t<p class=\"wp-show-posts-entry-title\" itemprop=\"headline\"><a href=\"https:\/\/www.radlobby.org\/noe\/ein-kleiner-schritt-in-die-richtige-richtung-fuer-payerbach\/\" rel=\"bookmark\">Ein kleiner Schritt in die richtige Richtung f\u00fcr Payerbach<\/a><\/p>\t\t\t\t\t\t<\/header><!-- .entry-header -->\n\t\t\t\t\t\t\t\t\t\t\t<div class=\"wp-show-posts-entry-summary\" itemprop=\"text\">\n\t\t\t\t\t\t\t<p>Zwischen Payerbach und Gloggnitz verlaufen gleich drei Verbindungen mit Tempo 100 km\/h. Schon vor einigen Jahren hat die Radlobby \u00d6sterreich die Situation im Gemeinderat von&#8230;<\/p>\n\t\t\t\t\t\t<\/div><!-- .entry-summary -->\n\t\t\t\t\t<\/div><!-- wp-show-posts-inner --><\/article><div class=\"wpsp-clear\"><\/div><\/section><!-- .wp-show-posts --><div class=\"wpsp-load-more\"><span aria-current=\"page\" class=\"page-numbers current\">1<\/span>\n<a class=\"page-numbers\" href=\"https:\/\/www.radlobby.org\/noe\/wp-json\/wp\/v2\/posts\/14611\/page\/2\/\">2<\/a>\n<span class=\"page-numbers dots\">&hellip;<\/span>\n<a class=\"page-numbers\" href=\"https:\/\/www.radlobby.org\/noe\/wp-json\/wp\/v2\/posts\/14611\/page\/64\/\">64<\/a>\n<a class=\"next page-numbers\" href=\"https:\/\/www.radlobby.org\/noe\/wp-json\/wp\/v2\/posts\/14611\/page\/2\/\">N\u00e4chste &rarr;<\/a><\/div>\n","protected":false},"excerpt":{"rendered":"<p>Am 9. Juli 2020 fand am Hauptplatz von Amstetten die feierliche Er\u00f6ffnung der \u201eKlimaEnlaster-Zentrale Amstetten\u201c statt. Dabei wurden die ersten drei Transportr\u00e4der den RadlgeberInnen offiziell \u00fcbergeben. Der Verleih der drei Transportr\u00e4der Andi, Alex und Anita hat hiermit gestartet! \ufeff Mehr<\/p>\n","protected":false},"author":16,"featured_media":13876,"comment_status":"closed","ping_status":"closed","sticky":false,"template":"","format":"standard","meta":{"footnotes":""},"categories":[382,579,20],"tags":[],"class_list":["post-14611","post","type-post","status-publish","format-standard","has-post-thumbnail","hentry","category-klima","category-amstetten","category-niederoesterreich"],"yoast_head":"<!-- This site is optimized with the Yoast SEO plugin v26.9 - https:\/\/yoast.com\/product\/yoast-seo-wordpress\/ -->\n<title>KlimaEntlaster-Zentrale Amstetten 3 Transportr\u00e4der testen \u2022 einfach probieren - Radlobby Nieder\u00f6sterreich<\/title>\n<meta name=\"robots\" content=\"index, follow, max-snippet:-1, max-image-preview:large, max-video-preview:-1\" \/>\n<link rel=\"canonical\" href=\"https:\/\/www.radlobby.org\/noe\/klimaentlaster-zentrale-amstetten-3-transportraeder-testen\/\" \/>\n<meta property=\"og:locale\" content=\"de_DE\" \/>\n<meta property=\"og:type\" content=\"article\" \/>\n<meta property=\"og:title\" content=\"KlimaEntlaster-Zentrale Amstetten 3 Transportr\u00e4der testen \u2022 einfach probieren - Radlobby Nieder\u00f6sterreich\" \/>\n<meta property=\"og:description\" content=\"Am 9. Juli 2020 fand am Hauptplatz von Amstetten die feierliche Er\u00f6ffnung der \u201eKlimaEnlaster-Zentrale Amstetten\u201c statt. Dabei wurden die ersten drei Transportr\u00e4der den RadlgeberInnen offiziell \u00fcbergeben. Der Verleih der drei Transportr\u00e4der Andi, Alex und Anita hat hiermit gestartet! \ufeff Mehr\" \/>\n<meta property=\"og:url\" content=\"https:\/\/www.radlobby.org\/noe\/klimaentlaster-zentrale-amstetten-3-transportraeder-testen\/\" \/>\n<meta property=\"og:site_name\" content=\"Radlobby Nieder\u00f6sterreich\" \/>\n<meta property=\"article:publisher\" content=\"https:\/\/www.facebook.com\/groups\/radfahren.in.noe\/\" \/>\n<meta property=\"article:published_time\" content=\"2020-07-24T08:06:30+00:00\" \/>\n<meta property=\"article:modified_time\" content=\"2022-09-27T18:41:42+00:00\" \/>\n<meta property=\"og:image\" content=\"https:\/\/www.radlobby.org\/noe\/wp-content\/uploads\/klimaentlaster_sujet.jpg\" \/>\n\t<meta property=\"og:image:width\" content=\"420\" \/>\n\t<meta property=\"og:image:height\" content=\"100\" \/>\n\t<meta property=\"og:image:type\" content=\"image\/jpeg\" \/>\n<meta name=\"author\" content=\"Karl Zauner - Admin\" \/>\n<meta name=\"twitter:card\" content=\"summary_large_image\" \/>\n<meta name=\"twitter:label1\" content=\"Verfasst von\" \/>\n\t<meta name=\"twitter:data1\" content=\"Karl Zauner - Admin\" \/>\n\t<meta name=\"twitter:label2\" content=\"Gesch\u00e4tzte Lesezeit\" \/>\n\t<meta name=\"twitter:data2\" content=\"1\u00a0Minute\" \/>\n<script type=\"application\/ld+json\" class=\"yoast-schema-graph\">{\"@context\":\"https:\/\/schema.org\",\"@graph\":[{\"@type\":\"Article\",\"@id\":\"https:\/\/www.radlobby.org\/noe\/klimaentlaster-zentrale-amstetten-3-transportraeder-testen\/#article\",\"isPartOf\":{\"@id\":\"https:\/\/www.radlobby.org\/noe\/klimaentlaster-zentrale-amstetten-3-transportraeder-testen\/\"},\"author\":{\"name\":\"Karl Zauner - Admin\",\"@id\":\"https:\/\/www.radlobby.org\/noe\/#\/schema\/person\/10547574c40a9e9ea65f92c73f3c516b\"},\"headline\":\"KlimaEntlaster-Zentrale Amstetten 3 Transportr\u00e4der testen \u2022 einfach probieren\",\"datePublished\":\"2020-07-24T08:06:30+00:00\",\"dateModified\":\"2022-09-27T18:41:42+00:00\",\"mainEntityOfPage\":{\"@id\":\"https:\/\/www.radlobby.org\/noe\/klimaentlaster-zentrale-amstetten-3-transportraeder-testen\/\"},\"wordCount\":62,\"publisher\":{\"@id\":\"https:\/\/www.radlobby.org\/noe\/#organization\"},\"image\":{\"@id\":\"https:\/\/www.radlobby.org\/noe\/klimaentlaster-zentrale-amstetten-3-transportraeder-testen\/#primaryimage\"},\"thumbnailUrl\":\"https:\/\/www.radlobby.org\/noe\/wp-content\/uploads\/klimaentlaster_sujet.jpg\",\"articleSection\":[\"Klima\",\"Radlobby Amstetten\",\"Radlobby Nieder\u00f6sterreich\"],\"inLanguage\":\"de\"},{\"@type\":\"WebPage\",\"@id\":\"https:\/\/www.radlobby.org\/noe\/klimaentlaster-zentrale-amstetten-3-transportraeder-testen\/\",\"url\":\"https:\/\/www.radlobby.org\/noe\/klimaentlaster-zentrale-amstetten-3-transportraeder-testen\/\",\"name\":\"KlimaEntlaster-Zentrale Amstetten 3 Transportr\u00e4der testen \u2022 einfach probieren - Radlobby Nieder\u00f6sterreich\",\"isPartOf\":{\"@id\":\"https:\/\/www.radlobby.org\/noe\/#website\"},\"primaryImageOfPage\":{\"@id\":\"https:\/\/www.radlobby.org\/noe\/klimaentlaster-zentrale-amstetten-3-transportraeder-testen\/#primaryimage\"},\"image\":{\"@id\":\"https:\/\/www.radlobby.org\/noe\/klimaentlaster-zentrale-amstetten-3-transportraeder-testen\/#primaryimage\"},\"thumbnailUrl\":\"https:\/\/www.radlobby.org\/noe\/wp-content\/uploads\/klimaentlaster_sujet.jpg\",\"datePublished\":\"2020-07-24T08:06:30+00:00\",\"dateModified\":\"2022-09-27T18:41:42+00:00\",\"breadcrumb\":{\"@id\":\"https:\/\/www.radlobby.org\/noe\/klimaentlaster-zentrale-amstetten-3-transportraeder-testen\/#breadcrumb\"},\"inLanguage\":\"de\",\"potentialAction\":[{\"@type\":\"ReadAction\",\"target\":[\"https:\/\/www.radlobby.org\/noe\/klimaentlaster-zentrale-amstetten-3-transportraeder-testen\/\"]}]},{\"@type\":\"ImageObject\",\"inLanguage\":\"de\",\"@id\":\"https:\/\/www.radlobby.org\/noe\/klimaentlaster-zentrale-amstetten-3-transportraeder-testen\/#primaryimage\",\"url\":\"https:\/\/www.radlobby.org\/noe\/wp-content\/uploads\/klimaentlaster_sujet.jpg\",\"contentUrl\":\"https:\/\/www.radlobby.org\/noe\/wp-content\/uploads\/klimaentlaster_sujet.jpg\",\"width\":420,\"height\":100},{\"@type\":\"BreadcrumbList\",\"@id\":\"https:\/\/www.radlobby.org\/noe\/klimaentlaster-zentrale-amstetten-3-transportraeder-testen\/#breadcrumb\",\"itemListElement\":[{\"@type\":\"ListItem\",\"position\":1,\"name\":\"Startseite\",\"item\":\"https:\/\/www.radlobby.org\/noe\/\"},{\"@type\":\"ListItem\",\"position\":2,\"name\":\"KlimaEntlaster-Zentrale Amstetten 3 Transportr\u00e4der testen \u2022 einfach probieren\"}]},{\"@type\":\"WebSite\",\"@id\":\"https:\/\/www.radlobby.org\/noe\/#website\",\"url\":\"https:\/\/www.radlobby.org\/noe\/\",\"name\":\"Radlobby Nieder\u00f6sterreich\",\"description\":\"Radverkehr, Fahrrad, Radfahren, Radreisen, Radtouren, Radweg\",\"publisher\":{\"@id\":\"https:\/\/www.radlobby.org\/noe\/#organization\"},\"potentialAction\":[{\"@type\":\"SearchAction\",\"target\":{\"@type\":\"EntryPoint\",\"urlTemplate\":\"https:\/\/www.radlobby.org\/noe\/?s={search_term_string}\"},\"query-input\":{\"@type\":\"PropertyValueSpecification\",\"valueRequired\":true,\"valueName\":\"search_term_string\"}}],\"inLanguage\":\"de\"},{\"@type\":\"Organization\",\"@id\":\"https:\/\/www.radlobby.org\/noe\/#organization\",\"name\":\"Radlobby Nieder\u00f6sterreich\",\"url\":\"https:\/\/www.radlobby.org\/noe\/\",\"logo\":{\"@type\":\"ImageObject\",\"inLanguage\":\"de\",\"@id\":\"https:\/\/www.radlobby.org\/noe\/#\/schema\/logo\/image\/\",\"url\":\"https:\/\/www.radlobby.org\/noe\/wp-content\/uploads\/2017\/01\/cropped-Logo_Radlobby_Niederoesterreich_50-400px_quer-1.jpg\",\"contentUrl\":\"https:\/\/www.radlobby.org\/noe\/wp-content\/uploads\/2017\/01\/cropped-Logo_Radlobby_Niederoesterreich_50-400px_quer-1.jpg\",\"width\":450,\"height\":124,\"caption\":\"Radlobby Nieder\u00f6sterreich\"},\"image\":{\"@id\":\"https:\/\/www.radlobby.org\/noe\/#\/schema\/logo\/image\/\"},\"sameAs\":[\"https:\/\/www.facebook.com\/groups\/radfahren.in.noe\/\"]},{\"@type\":\"Person\",\"@id\":\"https:\/\/www.radlobby.org\/noe\/#\/schema\/person\/10547574c40a9e9ea65f92c73f3c516b\",\"name\":\"Karl Zauner - Admin\",\"image\":{\"@type\":\"ImageObject\",\"inLanguage\":\"de\",\"@id\":\"https:\/\/www.radlobby.org\/noe\/#\/schema\/person\/image\/\",\"url\":\"https:\/\/secure.gravatar.com\/avatar\/c0be6303c1ffe16a7b1c79e07b12d4b29176a733c2a5e811b749965d4be12138?s=96&d=mm&r=g\",\"contentUrl\":\"https:\/\/secure.gravatar.com\/avatar\/c0be6303c1ffe16a7b1c79e07b12d4b29176a733c2a5e811b749965d4be12138?s=96&d=mm&r=g\",\"caption\":\"Karl Zauner - Admin\"},\"url\":\"https:\/\/www.radlobby.org\/noe\/author\/karlzauneradmin\/\"}]}<\/script>\n<!-- \/ Yoast SEO plugin. -->","yoast_head_json":{"title":"KlimaEntlaster-Zentrale Amstetten 3 Transportr\u00e4der testen \u2022 einfach probieren - Radlobby Nieder\u00f6sterreich","robots":{"index":"index","follow":"follow","max-snippet":"max-snippet:-1","max-image-preview":"max-image-preview:large","max-video-preview":"max-video-preview:-1"},"canonical":"https:\/\/www.radlobby.org\/noe\/klimaentlaster-zentrale-amstetten-3-transportraeder-testen\/","og_locale":"de_DE","og_type":"article","og_title":"KlimaEntlaster-Zentrale Amstetten 3 Transportr\u00e4der testen \u2022 einfach probieren - Radlobby Nieder\u00f6sterreich","og_description":"Am 9. Juli 2020 fand am Hauptplatz von Amstetten die feierliche Er\u00f6ffnung der \u201eKlimaEnlaster-Zentrale Amstetten\u201c statt. Dabei wurden die ersten drei Transportr\u00e4der den RadlgeberInnen offiziell \u00fcbergeben. Der Verleih der drei Transportr\u00e4der Andi, Alex und Anita hat hiermit gestartet! \ufeff Mehr","og_url":"https:\/\/www.radlobby.org\/noe\/klimaentlaster-zentrale-amstetten-3-transportraeder-testen\/","og_site_name":"Radlobby Nieder\u00f6sterreich","article_publisher":"https:\/\/www.facebook.com\/groups\/radfahren.in.noe\/","article_published_time":"2020-07-24T08:06:30+00:00","article_modified_time":"2022-09-27T18:41:42+00:00","og_image":[{"width":420,"height":100,"url":"https:\/\/www.radlobby.org\/noe\/wp-content\/uploads\/klimaentlaster_sujet.jpg","type":"image\/jpeg"}],"author":"Karl Zauner - Admin","twitter_card":"summary_large_image","twitter_misc":{"Verfasst von":"Karl Zauner - Admin","Gesch\u00e4tzte Lesezeit":"1\u00a0Minute"},"schema":{"@context":"https:\/\/schema.org","@graph":[{"@type":"Article","@id":"https:\/\/www.radlobby.org\/noe\/klimaentlaster-zentrale-amstetten-3-transportraeder-testen\/#article","isPartOf":{"@id":"https:\/\/www.radlobby.org\/noe\/klimaentlaster-zentrale-amstetten-3-transportraeder-testen\/"},"author":{"name":"Karl Zauner - Admin","@id":"https:\/\/www.radlobby.org\/noe\/#\/schema\/person\/10547574c40a9e9ea65f92c73f3c516b"},"headline":"KlimaEntlaster-Zentrale Amstetten 3 Transportr\u00e4der testen \u2022 einfach probieren","datePublished":"2020-07-24T08:06:30+00:00","dateModified":"2022-09-27T18:41:42+00:00","mainEntityOfPage":{"@id":"https:\/\/www.radlobby.org\/noe\/klimaentlaster-zentrale-amstetten-3-transportraeder-testen\/"},"wordCount":62,"publisher":{"@id":"https:\/\/www.radlobby.org\/noe\/#organization"},"image":{"@id":"https:\/\/www.radlobby.org\/noe\/klimaentlaster-zentrale-amstetten-3-transportraeder-testen\/#primaryimage"},"thumbnailUrl":"https:\/\/www.radlobby.org\/noe\/wp-content\/uploads\/klimaentlaster_sujet.jpg","articleSection":["Klima","Radlobby Amstetten","Radlobby Nieder\u00f6sterreich"],"inLanguage":"de"},{"@type":"WebPage","@id":"https:\/\/www.radlobby.org\/noe\/klimaentlaster-zentrale-amstetten-3-transportraeder-testen\/","url":"https:\/\/www.radlobby.org\/noe\/klimaentlaster-zentrale-amstetten-3-transportraeder-testen\/","name":"KlimaEntlaster-Zentrale Amstetten 3 Transportr\u00e4der testen \u2022 einfach probieren - Radlobby Nieder\u00f6sterreich","isPartOf":{"@id":"https:\/\/www.radlobby.org\/noe\/#website"},"primaryImageOfPage":{"@id":"https:\/\/www.radlobby.org\/noe\/klimaentlaster-zentrale-amstetten-3-transportraeder-testen\/#primaryimage"},"image":{"@id":"https:\/\/www.radlobby.org\/noe\/klimaentlaster-zentrale-amstetten-3-transportraeder-testen\/#primaryimage"},"thumbnailUrl":"https:\/\/www.radlobby.org\/noe\/wp-content\/uploads\/klimaentlaster_sujet.jpg","datePublished":"2020-07-24T08:06:30+00:00","dateModified":"2022-09-27T18:41:42+00:00","breadcrumb":{"@id":"https:\/\/www.radlobby.org\/noe\/klimaentlaster-zentrale-amstetten-3-transportraeder-testen\/#breadcrumb"},"inLanguage":"de","potentialAction":[{"@type":"ReadAction","target":["https:\/\/www.radlobby.org\/noe\/klimaentlaster-zentrale-amstetten-3-transportraeder-testen\/"]}]},{"@type":"ImageObject","inLanguage":"de","@id":"https:\/\/www.radlobby.org\/noe\/klimaentlaster-zentrale-amstetten-3-transportraeder-testen\/#primaryimage","url":"https:\/\/www.radlobby.org\/noe\/wp-content\/uploads\/klimaentlaster_sujet.jpg","contentUrl":"https:\/\/www.radlobby.org\/noe\/wp-content\/uploads\/klimaentlaster_sujet.jpg","width":420,"height":100},{"@type":"BreadcrumbList","@id":"https:\/\/www.radlobby.org\/noe\/klimaentlaster-zentrale-amstetten-3-transportraeder-testen\/#breadcrumb","itemListElement":[{"@type":"ListItem","position":1,"name":"Startseite","item":"https:\/\/www.radlobby.org\/noe\/"},{"@type":"ListItem","position":2,"name":"KlimaEntlaster-Zentrale Amstetten 3 Transportr\u00e4der testen \u2022 einfach probieren"}]},{"@type":"WebSite","@id":"https:\/\/www.radlobby.org\/noe\/#website","url":"https:\/\/www.radlobby.org\/noe\/","name":"Radlobby Nieder\u00f6sterreich","description":"Radverkehr, Fahrrad, Radfahren, Radreisen, Radtouren, Radweg","publisher":{"@id":"https:\/\/www.radlobby.org\/noe\/#organization"},"potentialAction":[{"@type":"SearchAction","target":{"@type":"EntryPoint","urlTemplate":"https:\/\/www.radlobby.org\/noe\/?s={search_term_string}"},"query-input":{"@type":"PropertyValueSpecification","valueRequired":true,"valueName":"search_term_string"}}],"inLanguage":"de"},{"@type":"Organization","@id":"https:\/\/www.radlobby.org\/noe\/#organization","name":"Radlobby Nieder\u00f6sterreich","url":"https:\/\/www.radlobby.org\/noe\/","logo":{"@type":"ImageObject","inLanguage":"de","@id":"https:\/\/www.radlobby.org\/noe\/#\/schema\/logo\/image\/","url":"https:\/\/www.radlobby.org\/noe\/wp-content\/uploads\/2017\/01\/cropped-Logo_Radlobby_Niederoesterreich_50-400px_quer-1.jpg","contentUrl":"https:\/\/www.radlobby.org\/noe\/wp-content\/uploads\/2017\/01\/cropped-Logo_Radlobby_Niederoesterreich_50-400px_quer-1.jpg","width":450,"height":124,"caption":"Radlobby Nieder\u00f6sterreich"},"image":{"@id":"https:\/\/www.radlobby.org\/noe\/#\/schema\/logo\/image\/"},"sameAs":["https:\/\/www.facebook.com\/groups\/radfahren.in.noe\/"]},{"@type":"Person","@id":"https:\/\/www.radlobby.org\/noe\/#\/schema\/person\/10547574c40a9e9ea65f92c73f3c516b","name":"Karl Zauner - Admin","image":{"@type":"ImageObject","inLanguage":"de","@id":"https:\/\/www.radlobby.org\/noe\/#\/schema\/person\/image\/","url":"https:\/\/secure.gravatar.com\/avatar\/c0be6303c1ffe16a7b1c79e07b12d4b29176a733c2a5e811b749965d4be12138?s=96&d=mm&r=g","contentUrl":"https:\/\/secure.gravatar.com\/avatar\/c0be6303c1ffe16a7b1c79e07b12d4b29176a733c2a5e811b749965d4be12138?s=96&d=mm&r=g","caption":"Karl Zauner - Admin"},"url":"https:\/\/www.radlobby.org\/noe\/author\/karlzauneradmin\/"}]}},"_links":{"self":[{"href":"https:\/\/www.radlobby.org\/noe\/wp-json\/wp\/v2\/posts\/14611","targetHints":{"allow":["GET"]}}],"collection":[{"href":"https:\/\/www.radlobby.org\/noe\/wp-json\/wp\/v2\/posts"}],"about":[{"href":"https:\/\/www.radlobby.org\/noe\/wp-json\/wp\/v2\/types\/post"}],"author":[{"embeddable":true,"href":"https:\/\/www.radlobby.org\/noe\/wp-json\/wp\/v2\/users\/16"}],"replies":[{"embeddable":true,"href":"https:\/\/www.radlobby.org\/noe\/wp-json\/wp\/v2\/comments?post=14611"}],"version-history":[{"count":0,"href":"https:\/\/www.radlobby.org\/noe\/wp-json\/wp\/v2\/posts\/14611\/revisions"}],"wp:featuredmedia":[{"embeddable":true,"href":"https:\/\/www.radlobby.org\/noe\/wp-json\/wp\/v2\/media\/13876"}],"wp:attachment":[{"href":"https:\/\/www.radlobby.org\/noe\/wp-json\/wp\/v2\/media?parent=14611"}],"wp:term":[{"taxonomy":"category","embeddable":true,"href":"https:\/\/www.radlobby.org\/noe\/wp-json\/wp\/v2\/categories?post=14611"},{"taxonomy":"post_tag","embeddable":true,"href":"https:\/\/www.radlobby.org\/noe\/wp-json\/wp\/v2\/tags?post=14611"}],"curies":[{"name":"wp","href":"https:\/\/api.w.org\/{rel}","templated":true}]}}