{"id":14499,"date":"2020-07-16T15:34:57","date_gmt":"2020-07-16T13:34:57","guid":{"rendered":"http:\/\/www.radlobby.org\/noe\/?p=14499"},"modified":"2020-07-16T16:22:55","modified_gmt":"2020-07-16T14:22:55","slug":"gmuend-stadtland-tv-aufnahmen","status":"publish","type":"post","link":"https:\/\/www.radlobby.org\/noe\/gmuend-stadtland-tv-aufnahmen\/","title":{"rendered":"Thema Alltagsradeln bei stadtland.tv"},"content":{"rendered":"<p><strong>Radfahren im Alltag wird Thema eines der n\u00e4chsten Beitr\u00e4ge von stadtland.tv. Die Gesch\u00e4ftsf\u00fchrerin der Waldviertel-Akademie, Simone Brodesser, hat uns dazu um ein Interview gebeten. Heute fanden die Aufnahmen statt.<\/strong><\/p>\n<p>Wir freuen uns, dass Alltagsradeln mehr und mehr zum Thema wird, und dass wir in dem Beitrag zu Wort kommen. Wir haben \u00fcber die Freuden des Radelns gesprochen, aber auch \u00fcber diverse Hindernisse f\u00fcrs t\u00e4gliche Radeln, zumal mit Kindern, sowie \u00fcber M\u00e4ngel in der Infrastruktur in Gm\u00fcnd und in der Kleinregion. Wir sind schon recht gespannt auf das Ergebnis.<\/p>\n<p>Eine Erfahrung aus Jahrzehnten des t\u00e4glichen Radelns best\u00e4tigte sich \u00fcbrigens auch heute: Man wird eigentlich recht selten nass. Wir konnten die Regenpausen nutzen, erst ganz am Ende der Dreharbeiten begann es wieder st\u00e4rker zu regnen.<\/p>\n<p>Im j\u00fcngsten Beitrag von stadtland.tv ging es um die Teichwirtschaft<strong>: \u00a0<\/strong><strong><a title=\"StadtLandTV Juni 2020\" href=\"https:\/\/www.youtube.com\/watch?v=evpYQDgAmVY\" target=\"_blank\" rel=\"noopener noreferrer\">StadtLand-TV Juni 2020.<\/a><\/strong><\/p>\n<figure style=\"width: 1713px\" class=\"wp-caption alignnone\"><a href=\"https:\/\/www.radlobby.org\/noe\/wp-content\/uploads\/200716_gmuend_stadtlandtv-gruppe.jpg\" data-src=\"https:\/\/www.radlobby.org\/noe\/wp-content\/uploads\/200716_gmuend_stadtlandtv-gruppe.jpg\" data-thumb=\"http:\/\/www.radlobby.org\/noe\/wp-content\/uploads\/200716_gmuend_stadtlandtv-gruppe.jpg\" class=\"ml-lightbox-enabled\"><img loading=\"lazy\" decoding=\"async\" src=\"http:\/\/www.radlobby.org\/noe\/wp-content\/uploads\/200716_gmuend_stadtlandtv-gruppe.jpg\" alt=\"Radlobby-Gruppe Gm\u00fcnd bei den Aufnahmen f\u00fcr stadtland.tv\" width=\"1713\" height=\"1188\" \/><\/a><figcaption class=\"wp-caption-text\">Anton Reiterer, Gr\u00fcndungsmitglied der Radlobby-Gruppe Gm\u00fcnd, spricht mit Simone Brodesser von der Waldviertel-Akademie \u00fcber Schwierigkeiten beim Radeln mit Kindern.<\/figcaption><\/figure>\n","protected":false},"excerpt":{"rendered":"<p>Radfahren im Alltag wird Thema eines der n\u00e4chsten Beitr\u00e4ge von stadtland.tv. Die Gesch\u00e4ftsf\u00fchrerin der Waldviertel-Akademie, Simone Brodesser, hat uns dazu um ein Interview gebeten. Heute fanden die Aufnahmen statt. Wir freuen uns, dass Alltagsradeln mehr und mehr zum Thema wird,<\/p>\n","protected":false},"author":27,"featured_media":14502,"comment_status":"closed","ping_status":"closed","sticky":false,"template":"","format":"standard","meta":{"footnotes":""},"categories":[282],"tags":[72,23,359],"class_list":["post-14499","post","type-post","status-publish","format-standard","has-post-thumbnail","hentry","category-gmuend","tag-gemeinden","tag-infrastruktur","tag-oeffentlichkeitsarbeit"],"yoast_head":"<!-- This site is optimized with the Yoast SEO plugin v26.9 - https:\/\/yoast.com\/product\/yoast-seo-wordpress\/ -->\n<title>Thema Alltagsradeln bei stadtland.tv - Radlobby Nieder\u00f6sterreich<\/title>\n<meta name=\"description\" content=\"Anton Reiterer, Radlobby Gm\u00fcnd, spricht mit Simone Brodesser von der Waldviertel-Akademie \u00fcber Schwierigkeiten beim Radfahren mit Kindern.\" \/>\n<meta name=\"robots\" content=\"index, follow, max-snippet:-1, max-image-preview:large, max-video-preview:-1\" \/>\n<link rel=\"canonical\" href=\"https:\/\/www.radlobby.org\/noe\/gmuend-stadtland-tv-aufnahmen\/\" \/>\n<meta property=\"og:locale\" content=\"de_DE\" \/>\n<meta property=\"og:type\" content=\"article\" \/>\n<meta property=\"og:title\" content=\"Thema Alltagsradeln bei stadtland.tv - Radlobby Nieder\u00f6sterreich\" \/>\n<meta property=\"og:description\" content=\"Anton Reiterer, Radlobby Gm\u00fcnd, spricht mit Simone Brodesser von der Waldviertel-Akademie \u00fcber Schwierigkeiten beim Radfahren mit Kindern.\" \/>\n<meta property=\"og:url\" content=\"https:\/\/www.radlobby.org\/noe\/gmuend-stadtland-tv-aufnahmen\/\" \/>\n<meta property=\"og:site_name\" content=\"Radlobby Nieder\u00f6sterreich\" \/>\n<meta property=\"article:publisher\" content=\"https:\/\/www.facebook.com\/groups\/radfahren.in.noe\/\" \/>\n<meta property=\"article:published_time\" content=\"2020-07-16T13:34:57+00:00\" \/>\n<meta property=\"article:modified_time\" content=\"2020-07-16T14:22:55+00:00\" \/>\n<meta property=\"og:image\" content=\"https:\/\/www.radlobby.org\/noe\/wp-content\/uploads\/200716_gmuend_stadtlandtv-interview-1.jpg\" \/>\n\t<meta property=\"og:image:width\" content=\"1713\" \/>\n\t<meta property=\"og:image:height\" content=\"1382\" \/>\n\t<meta property=\"og:image:type\" content=\"image\/jpeg\" \/>\n<meta name=\"author\" content=\"Kristin Harrich\" \/>\n<meta name=\"twitter:card\" content=\"summary_large_image\" \/>\n<meta name=\"twitter:label1\" content=\"Verfasst von\" \/>\n\t<meta name=\"twitter:data1\" content=\"Kristin Harrich\" \/>\n\t<meta name=\"twitter:label2\" content=\"Gesch\u00e4tzte Lesezeit\" \/>\n\t<meta name=\"twitter:data2\" content=\"1\u00a0Minute\" \/>\n<script type=\"application\/ld+json\" class=\"yoast-schema-graph\">{\"@context\":\"https:\/\/schema.org\",\"@graph\":[{\"@type\":\"Article\",\"@id\":\"https:\/\/www.radlobby.org\/noe\/gmuend-stadtland-tv-aufnahmen\/#article\",\"isPartOf\":{\"@id\":\"https:\/\/www.radlobby.org\/noe\/gmuend-stadtland-tv-aufnahmen\/\"},\"author\":{\"name\":\"Kristin Harrich\",\"@id\":\"https:\/\/www.radlobby.org\/noe\/#\/schema\/person\/6b0053ef563e368f14308d7792bfbfc0\"},\"headline\":\"Thema Alltagsradeln bei stadtland.tv\",\"datePublished\":\"2020-07-16T13:34:57+00:00\",\"dateModified\":\"2020-07-16T14:22:55+00:00\",\"mainEntityOfPage\":{\"@id\":\"https:\/\/www.radlobby.org\/noe\/gmuend-stadtland-tv-aufnahmen\/\"},\"wordCount\":181,\"publisher\":{\"@id\":\"https:\/\/www.radlobby.org\/noe\/#organization\"},\"image\":{\"@id\":\"https:\/\/www.radlobby.org\/noe\/gmuend-stadtland-tv-aufnahmen\/#primaryimage\"},\"thumbnailUrl\":\"https:\/\/www.radlobby.org\/noe\/wp-content\/uploads\/200716_gmuend_stadtlandtv-interview-1.jpg\",\"keywords\":[\"Gemeinden\",\"Infrastruktur\",\"\u00d6ffentlichkeitsarbeit\"],\"articleSection\":[\"Radlobby Gm\u00fcnd\"],\"inLanguage\":\"de\"},{\"@type\":\"WebPage\",\"@id\":\"https:\/\/www.radlobby.org\/noe\/gmuend-stadtland-tv-aufnahmen\/\",\"url\":\"https:\/\/www.radlobby.org\/noe\/gmuend-stadtland-tv-aufnahmen\/\",\"name\":\"Thema Alltagsradeln bei stadtland.tv - Radlobby Nieder\u00f6sterreich\",\"isPartOf\":{\"@id\":\"https:\/\/www.radlobby.org\/noe\/#website\"},\"primaryImageOfPage\":{\"@id\":\"https:\/\/www.radlobby.org\/noe\/gmuend-stadtland-tv-aufnahmen\/#primaryimage\"},\"image\":{\"@id\":\"https:\/\/www.radlobby.org\/noe\/gmuend-stadtland-tv-aufnahmen\/#primaryimage\"},\"thumbnailUrl\":\"https:\/\/www.radlobby.org\/noe\/wp-content\/uploads\/200716_gmuend_stadtlandtv-interview-1.jpg\",\"datePublished\":\"2020-07-16T13:34:57+00:00\",\"dateModified\":\"2020-07-16T14:22:55+00:00\",\"description\":\"Anton Reiterer, Radlobby Gm\u00fcnd, spricht mit Simone Brodesser von der Waldviertel-Akademie \u00fcber Schwierigkeiten beim Radfahren mit Kindern.\",\"breadcrumb\":{\"@id\":\"https:\/\/www.radlobby.org\/noe\/gmuend-stadtland-tv-aufnahmen\/#breadcrumb\"},\"inLanguage\":\"de\",\"potentialAction\":[{\"@type\":\"ReadAction\",\"target\":[\"https:\/\/www.radlobby.org\/noe\/gmuend-stadtland-tv-aufnahmen\/\"]}]},{\"@type\":\"ImageObject\",\"inLanguage\":\"de\",\"@id\":\"https:\/\/www.radlobby.org\/noe\/gmuend-stadtland-tv-aufnahmen\/#primaryimage\",\"url\":\"https:\/\/www.radlobby.org\/noe\/wp-content\/uploads\/200716_gmuend_stadtlandtv-interview-1.jpg\",\"contentUrl\":\"https:\/\/www.radlobby.org\/noe\/wp-content\/uploads\/200716_gmuend_stadtlandtv-interview-1.jpg\",\"width\":1713,\"height\":1382,\"caption\":\"Anton Reiterer spricht mit Simone Brodesser \u00fcber die Schwierigkeiten beim Radfahren mit Kindern.\"},{\"@type\":\"BreadcrumbList\",\"@id\":\"https:\/\/www.radlobby.org\/noe\/gmuend-stadtland-tv-aufnahmen\/#breadcrumb\",\"itemListElement\":[{\"@type\":\"ListItem\",\"position\":1,\"name\":\"Startseite\",\"item\":\"https:\/\/www.radlobby.org\/noe\/\"},{\"@type\":\"ListItem\",\"position\":2,\"name\":\"Thema Alltagsradeln bei stadtland.tv\"}]},{\"@type\":\"WebSite\",\"@id\":\"https:\/\/www.radlobby.org\/noe\/#website\",\"url\":\"https:\/\/www.radlobby.org\/noe\/\",\"name\":\"Radlobby Nieder\u00f6sterreich\",\"description\":\"Radverkehr, Fahrrad, Radfahren, Radreisen, Radtouren, Radweg\",\"publisher\":{\"@id\":\"https:\/\/www.radlobby.org\/noe\/#organization\"},\"potentialAction\":[{\"@type\":\"SearchAction\",\"target\":{\"@type\":\"EntryPoint\",\"urlTemplate\":\"https:\/\/www.radlobby.org\/noe\/?s={search_term_string}\"},\"query-input\":{\"@type\":\"PropertyValueSpecification\",\"valueRequired\":true,\"valueName\":\"search_term_string\"}}],\"inLanguage\":\"de\"},{\"@type\":\"Organization\",\"@id\":\"https:\/\/www.radlobby.org\/noe\/#organization\",\"name\":\"Radlobby Nieder\u00f6sterreich\",\"url\":\"https:\/\/www.radlobby.org\/noe\/\",\"logo\":{\"@type\":\"ImageObject\",\"inLanguage\":\"de\",\"@id\":\"https:\/\/www.radlobby.org\/noe\/#\/schema\/logo\/image\/\",\"url\":\"https:\/\/www.radlobby.org\/noe\/wp-content\/uploads\/2017\/01\/cropped-Logo_Radlobby_Niederoesterreich_50-400px_quer-1.jpg\",\"contentUrl\":\"https:\/\/www.radlobby.org\/noe\/wp-content\/uploads\/2017\/01\/cropped-Logo_Radlobby_Niederoesterreich_50-400px_quer-1.jpg\",\"width\":450,\"height\":124,\"caption\":\"Radlobby Nieder\u00f6sterreich\"},\"image\":{\"@id\":\"https:\/\/www.radlobby.org\/noe\/#\/schema\/logo\/image\/\"},\"sameAs\":[\"https:\/\/www.facebook.com\/groups\/radfahren.in.noe\/\"]},{\"@type\":\"Person\",\"@id\":\"https:\/\/www.radlobby.org\/noe\/#\/schema\/person\/6b0053ef563e368f14308d7792bfbfc0\",\"name\":\"Kristin Harrich\",\"image\":{\"@type\":\"ImageObject\",\"inLanguage\":\"de\",\"@id\":\"https:\/\/www.radlobby.org\/noe\/#\/schema\/person\/image\/\",\"url\":\"https:\/\/secure.gravatar.com\/avatar\/fae3c9085f86cf2c3d0ec7ea03ae71cda2f36050a7f451f72c07840cdab68d7c?s=96&d=mm&r=g\",\"contentUrl\":\"https:\/\/secure.gravatar.com\/avatar\/fae3c9085f86cf2c3d0ec7ea03ae71cda2f36050a7f451f72c07840cdab68d7c?s=96&d=mm&r=g\",\"caption\":\"Kristin Harrich\"},\"url\":\"https:\/\/www.radlobby.org\/noe\/author\/kristinharrich\/\"}]}<\/script>\n<!-- \/ Yoast SEO plugin. -->","yoast_head_json":{"title":"Thema Alltagsradeln bei stadtland.tv - Radlobby Nieder\u00f6sterreich","description":"Anton Reiterer, Radlobby Gm\u00fcnd, spricht mit Simone Brodesser von der Waldviertel-Akademie \u00fcber Schwierigkeiten beim Radfahren mit Kindern.","robots":{"index":"index","follow":"follow","max-snippet":"max-snippet:-1","max-image-preview":"max-image-preview:large","max-video-preview":"max-video-preview:-1"},"canonical":"https:\/\/www.radlobby.org\/noe\/gmuend-stadtland-tv-aufnahmen\/","og_locale":"de_DE","og_type":"article","og_title":"Thema Alltagsradeln bei stadtland.tv - Radlobby Nieder\u00f6sterreich","og_description":"Anton Reiterer, Radlobby Gm\u00fcnd, spricht mit Simone Brodesser von der Waldviertel-Akademie \u00fcber Schwierigkeiten beim Radfahren mit Kindern.","og_url":"https:\/\/www.radlobby.org\/noe\/gmuend-stadtland-tv-aufnahmen\/","og_site_name":"Radlobby Nieder\u00f6sterreich","article_publisher":"https:\/\/www.facebook.com\/groups\/radfahren.in.noe\/","article_published_time":"2020-07-16T13:34:57+00:00","article_modified_time":"2020-07-16T14:22:55+00:00","og_image":[{"width":1713,"height":1382,"url":"https:\/\/www.radlobby.org\/noe\/wp-content\/uploads\/200716_gmuend_stadtlandtv-interview-1.jpg","type":"image\/jpeg"}],"author":"Kristin Harrich","twitter_card":"summary_large_image","twitter_misc":{"Verfasst von":"Kristin Harrich","Gesch\u00e4tzte Lesezeit":"1\u00a0Minute"},"schema":{"@context":"https:\/\/schema.org","@graph":[{"@type":"Article","@id":"https:\/\/www.radlobby.org\/noe\/gmuend-stadtland-tv-aufnahmen\/#article","isPartOf":{"@id":"https:\/\/www.radlobby.org\/noe\/gmuend-stadtland-tv-aufnahmen\/"},"author":{"name":"Kristin Harrich","@id":"https:\/\/www.radlobby.org\/noe\/#\/schema\/person\/6b0053ef563e368f14308d7792bfbfc0"},"headline":"Thema Alltagsradeln bei stadtland.tv","datePublished":"2020-07-16T13:34:57+00:00","dateModified":"2020-07-16T14:22:55+00:00","mainEntityOfPage":{"@id":"https:\/\/www.radlobby.org\/noe\/gmuend-stadtland-tv-aufnahmen\/"},"wordCount":181,"publisher":{"@id":"https:\/\/www.radlobby.org\/noe\/#organization"},"image":{"@id":"https:\/\/www.radlobby.org\/noe\/gmuend-stadtland-tv-aufnahmen\/#primaryimage"},"thumbnailUrl":"https:\/\/www.radlobby.org\/noe\/wp-content\/uploads\/200716_gmuend_stadtlandtv-interview-1.jpg","keywords":["Gemeinden","Infrastruktur","\u00d6ffentlichkeitsarbeit"],"articleSection":["Radlobby Gm\u00fcnd"],"inLanguage":"de"},{"@type":"WebPage","@id":"https:\/\/www.radlobby.org\/noe\/gmuend-stadtland-tv-aufnahmen\/","url":"https:\/\/www.radlobby.org\/noe\/gmuend-stadtland-tv-aufnahmen\/","name":"Thema Alltagsradeln bei stadtland.tv - Radlobby Nieder\u00f6sterreich","isPartOf":{"@id":"https:\/\/www.radlobby.org\/noe\/#website"},"primaryImageOfPage":{"@id":"https:\/\/www.radlobby.org\/noe\/gmuend-stadtland-tv-aufnahmen\/#primaryimage"},"image":{"@id":"https:\/\/www.radlobby.org\/noe\/gmuend-stadtland-tv-aufnahmen\/#primaryimage"},"thumbnailUrl":"https:\/\/www.radlobby.org\/noe\/wp-content\/uploads\/200716_gmuend_stadtlandtv-interview-1.jpg","datePublished":"2020-07-16T13:34:57+00:00","dateModified":"2020-07-16T14:22:55+00:00","description":"Anton Reiterer, Radlobby Gm\u00fcnd, spricht mit Simone Brodesser von der Waldviertel-Akademie \u00fcber Schwierigkeiten beim Radfahren mit Kindern.","breadcrumb":{"@id":"https:\/\/www.radlobby.org\/noe\/gmuend-stadtland-tv-aufnahmen\/#breadcrumb"},"inLanguage":"de","potentialAction":[{"@type":"ReadAction","target":["https:\/\/www.radlobby.org\/noe\/gmuend-stadtland-tv-aufnahmen\/"]}]},{"@type":"ImageObject","inLanguage":"de","@id":"https:\/\/www.radlobby.org\/noe\/gmuend-stadtland-tv-aufnahmen\/#primaryimage","url":"https:\/\/www.radlobby.org\/noe\/wp-content\/uploads\/200716_gmuend_stadtlandtv-interview-1.jpg","contentUrl":"https:\/\/www.radlobby.org\/noe\/wp-content\/uploads\/200716_gmuend_stadtlandtv-interview-1.jpg","width":1713,"height":1382,"caption":"Anton Reiterer spricht mit Simone Brodesser \u00fcber die Schwierigkeiten beim Radfahren mit Kindern."},{"@type":"BreadcrumbList","@id":"https:\/\/www.radlobby.org\/noe\/gmuend-stadtland-tv-aufnahmen\/#breadcrumb","itemListElement":[{"@type":"ListItem","position":1,"name":"Startseite","item":"https:\/\/www.radlobby.org\/noe\/"},{"@type":"ListItem","position":2,"name":"Thema Alltagsradeln bei stadtland.tv"}]},{"@type":"WebSite","@id":"https:\/\/www.radlobby.org\/noe\/#website","url":"https:\/\/www.radlobby.org\/noe\/","name":"Radlobby Nieder\u00f6sterreich","description":"Radverkehr, Fahrrad, Radfahren, Radreisen, Radtouren, Radweg","publisher":{"@id":"https:\/\/www.radlobby.org\/noe\/#organization"},"potentialAction":[{"@type":"SearchAction","target":{"@type":"EntryPoint","urlTemplate":"https:\/\/www.radlobby.org\/noe\/?s={search_term_string}"},"query-input":{"@type":"PropertyValueSpecification","valueRequired":true,"valueName":"search_term_string"}}],"inLanguage":"de"},{"@type":"Organization","@id":"https:\/\/www.radlobby.org\/noe\/#organization","name":"Radlobby Nieder\u00f6sterreich","url":"https:\/\/www.radlobby.org\/noe\/","logo":{"@type":"ImageObject","inLanguage":"de","@id":"https:\/\/www.radlobby.org\/noe\/#\/schema\/logo\/image\/","url":"https:\/\/www.radlobby.org\/noe\/wp-content\/uploads\/2017\/01\/cropped-Logo_Radlobby_Niederoesterreich_50-400px_quer-1.jpg","contentUrl":"https:\/\/www.radlobby.org\/noe\/wp-content\/uploads\/2017\/01\/cropped-Logo_Radlobby_Niederoesterreich_50-400px_quer-1.jpg","width":450,"height":124,"caption":"Radlobby Nieder\u00f6sterreich"},"image":{"@id":"https:\/\/www.radlobby.org\/noe\/#\/schema\/logo\/image\/"},"sameAs":["https:\/\/www.facebook.com\/groups\/radfahren.in.noe\/"]},{"@type":"Person","@id":"https:\/\/www.radlobby.org\/noe\/#\/schema\/person\/6b0053ef563e368f14308d7792bfbfc0","name":"Kristin Harrich","image":{"@type":"ImageObject","inLanguage":"de","@id":"https:\/\/www.radlobby.org\/noe\/#\/schema\/person\/image\/","url":"https:\/\/secure.gravatar.com\/avatar\/fae3c9085f86cf2c3d0ec7ea03ae71cda2f36050a7f451f72c07840cdab68d7c?s=96&d=mm&r=g","contentUrl":"https:\/\/secure.gravatar.com\/avatar\/fae3c9085f86cf2c3d0ec7ea03ae71cda2f36050a7f451f72c07840cdab68d7c?s=96&d=mm&r=g","caption":"Kristin Harrich"},"url":"https:\/\/www.radlobby.org\/noe\/author\/kristinharrich\/"}]}},"_links":{"self":[{"href":"https:\/\/www.radlobby.org\/noe\/wp-json\/wp\/v2\/posts\/14499","targetHints":{"allow":["GET"]}}],"collection":[{"href":"https:\/\/www.radlobby.org\/noe\/wp-json\/wp\/v2\/posts"}],"about":[{"href":"https:\/\/www.radlobby.org\/noe\/wp-json\/wp\/v2\/types\/post"}],"author":[{"embeddable":true,"href":"https:\/\/www.radlobby.org\/noe\/wp-json\/wp\/v2\/users\/27"}],"replies":[{"embeddable":true,"href":"https:\/\/www.radlobby.org\/noe\/wp-json\/wp\/v2\/comments?post=14499"}],"version-history":[{"count":0,"href":"https:\/\/www.radlobby.org\/noe\/wp-json\/wp\/v2\/posts\/14499\/revisions"}],"wp:featuredmedia":[{"embeddable":true,"href":"https:\/\/www.radlobby.org\/noe\/wp-json\/wp\/v2\/media\/14502"}],"wp:attachment":[{"href":"https:\/\/www.radlobby.org\/noe\/wp-json\/wp\/v2\/media?parent=14499"}],"wp:term":[{"taxonomy":"category","embeddable":true,"href":"https:\/\/www.radlobby.org\/noe\/wp-json\/wp\/v2\/categories?post=14499"},{"taxonomy":"post_tag","embeddable":true,"href":"https:\/\/www.radlobby.org\/noe\/wp-json\/wp\/v2\/tags?post=14499"}],"curies":[{"name":"wp","href":"https:\/\/api.w.org\/{rel}","templated":true}]}}