{"id":14252,"date":"2020-07-04T19:34:39","date_gmt":"2020-07-04T17:34:39","guid":{"rendered":"http:\/\/www.radlobby.org\/noe\/?p=14252"},"modified":"2021-08-16T15:39:46","modified_gmt":"2021-08-16T13:39:46","slug":"mehr-als-100-menschen-bei-der-radparade-platz-fuer-klosterneuburg","status":"publish","type":"post","link":"https:\/\/www.radlobby.org\/noe\/mehr-als-100-menschen-bei-der-radparade-platz-fuer-klosterneuburg\/","title":{"rendered":"Mehr als 100 Menschen bei der Radparade \u201ePlatz f\u00fcr Klosterneuburg\u201c"},"content":{"rendered":"<div dir=\"auto\">\n<p><strong><img loading=\"lazy\" decoding=\"async\" class=\"size-medium wp-image-13988 alignright\" src=\"http:\/\/www.radlobby.org\/noe\/wp-content\/uploads\/banner-750-300x136.png\" alt=\"\" width=\"300\" height=\"136\" srcset=\"https:\/\/www.radlobby.org\/noe\/wp-content\/uploads\/banner-750-300x136.png 300w, https:\/\/www.radlobby.org\/noe\/wp-content\/uploads\/banner-750.png 750w\" sizes=\"auto, (max-width: 300px) 100vw, 300px\" \/>Mehr als 100 Menschen nahmen am 1. Juli 2020 an der Radparade \u201ePlatz f\u00fcr Klosterneuburg\u201c teil. <\/strong><\/p>\n<p>Viele von ihnen lauschten bei der Abschlusskundgebung trotz einsetzenden Regens den Reden von <strong>Prof. Hermann Knoflacher<\/strong>, <strong>Werner Palfinger<\/strong> (Radlobby Klosterneuburg), <strong>Ilse Wrbka<\/strong> (Parents for Future Klosterneuburg), <strong>Barbara Laa<\/strong> (Platz f\u00fcr Wien) sowie der <strong>Studentin Vroni<\/strong>.<\/p>\n<p>Hier geht&#8217;s zum <a href=\"https:\/\/youtu.be\/fq7s0wLrbWM\">Video<\/a>.<br \/>\n<a href=\"https:\/\/youtu.be\/fq7s0wLrbWM\"><img loading=\"lazy\" decoding=\"async\" class=\"alignnone wp-image-14416 size-full\" src=\"http:\/\/www.radlobby.org\/noe\/wp-content\/uploads\/20200701-Video-Radparade-Klosterneuburg.jpg\" alt=\"\" width=\"848\" height=\"484\" srcset=\"https:\/\/www.radlobby.org\/noe\/wp-content\/uploads\/20200701-Video-Radparade-Klosterneuburg.jpg 848w, https:\/\/www.radlobby.org\/noe\/wp-content\/uploads\/20200701-Video-Radparade-Klosterneuburg-300x171.jpg 300w, https:\/\/www.radlobby.org\/noe\/wp-content\/uploads\/20200701-Video-Radparade-Klosterneuburg-768x438.jpg 768w\" sizes=\"auto, (max-width: 848px) 100vw, 848px\" \/><\/a><\/p>\n<div id=\"metaslider-id-14282\" style=\"width: 100%;\" class=\"ml-slider-3-105-0 metaslider metaslider-nivo metaslider-14282 ml-slider has-dots-nav ml-slider-lightbox-2-22-0 firelight-lightbox-2-3-17 ms-theme-default\" role=\"region\" aria-label=\"Radlobby Klosterneuburg \u00b7 Radparade \u201ePlatz f\u00fcr Klosterneuburg\u201c\" data-height=\"900\" data-width=\"2000\">\n    <div id=\"metaslider_container_14282\">\n        <div class='slider-wrapper theme-default'><div class='ribbon'><\/div><div id='metaslider_14282' class='nivoSlider'><a href=\"https:\/\/www.radlobby.org\/noe\/wp-content\/uploads\/a-20200701-RL-Klosterneubrug-Radparade-08.jpg\" data-src=\"https:\/\/www.radlobby.org\/noe\/wp-content\/uploads\/a-20200701-RL-Klosterneubrug-Radparade-08.jpg\" data-thumb=\"https:\/\/www.radlobby.org\/noe\/wp-content\/uploads\/a-20200701-RL-Klosterneubrug-Radparade-08.jpg\" class=\"ml-lightbox-enabled\"><img loading=\"lazy\" decoding=\"async\" width=\"2000\" height=\"1338\" src=\"https:\/\/www.radlobby.org\/noe\/wp-content\/uploads\/a-20200701-RL-Klosterneubrug-Radparade-08.jpg\" class=\"slider-14282 slide-14350 msDefaultImage\" alt=\"\" data-caption=\"\" data-thumb=\"\" title=\"a 20200701 RL Klosterneubrug Radparade 08\" rel=\"\" srcset=\"https:\/\/www.radlobby.org\/noe\/wp-content\/uploads\/a-20200701-RL-Klosterneubrug-Radparade-08.jpg 2000w, https:\/\/www.radlobby.org\/noe\/wp-content\/uploads\/a-20200701-RL-Klosterneubrug-Radparade-08-300x201.jpg 300w, https:\/\/www.radlobby.org\/noe\/wp-content\/uploads\/a-20200701-RL-Klosterneubrug-Radparade-08-768x514.jpg 768w, https:\/\/www.radlobby.org\/noe\/wp-content\/uploads\/a-20200701-RL-Klosterneubrug-Radparade-08-1536x1028.jpg 1536w\" sizes=\"auto, (max-width: 2000px) 100vw, 2000px\" \/><\/a><a href=\"https:\/\/www.radlobby.org\/noe\/wp-content\/uploads\/a-20200701-RL-Klosterneubrug-Radparade-03.jpg\" data-src=\"https:\/\/www.radlobby.org\/noe\/wp-content\/uploads\/a-20200701-RL-Klosterneubrug-Radparade-03.jpg\" data-thumb=\"https:\/\/www.radlobby.org\/noe\/wp-content\/uploads\/a-20200701-RL-Klosterneubrug-Radparade-03.jpg\" class=\"ml-lightbox-enabled\"><img loading=\"lazy\" decoding=\"async\" width=\"2000\" height=\"1332\" src=\"https:\/\/www.radlobby.org\/noe\/wp-content\/uploads\/a-20200701-RL-Klosterneubrug-Radparade-03.jpg\" class=\"slider-14282 slide-14328 msDefaultImage\" alt=\"\" data-caption=\"\" data-thumb=\"\" title=\"a 20200701 RL Klosterneubrug Radparade 03\" rel=\"\" srcset=\"https:\/\/www.radlobby.org\/noe\/wp-content\/uploads\/a-20200701-RL-Klosterneubrug-Radparade-03.jpg 2000w, https:\/\/www.radlobby.org\/noe\/wp-content\/uploads\/a-20200701-RL-Klosterneubrug-Radparade-03-300x200.jpg 300w, https:\/\/www.radlobby.org\/noe\/wp-content\/uploads\/a-20200701-RL-Klosterneubrug-Radparade-03-768x511.jpg 768w, https:\/\/www.radlobby.org\/noe\/wp-content\/uploads\/a-20200701-RL-Klosterneubrug-Radparade-03-1536x1023.jpg 1536w\" sizes=\"auto, (max-width: 2000px) 100vw, 2000px\" \/><\/a><a href=\"https:\/\/www.radlobby.org\/noe\/wp-content\/uploads\/a-20200701-RL-Klosterneubrug-Radparade-24.jpg\" data-src=\"https:\/\/www.radlobby.org\/noe\/wp-content\/uploads\/a-20200701-RL-Klosterneubrug-Radparade-24.jpg\" data-thumb=\"https:\/\/www.radlobby.org\/noe\/wp-content\/uploads\/a-20200701-RL-Klosterneubrug-Radparade-24.jpg\" class=\"ml-lightbox-enabled\"><img loading=\"lazy\" decoding=\"async\" width=\"2000\" height=\"1482\" src=\"https:\/\/www.radlobby.org\/noe\/wp-content\/uploads\/a-20200701-RL-Klosterneubrug-Radparade-24.jpg\" class=\"slider-14282 slide-14334 msDefaultImage\" alt=\"\" data-caption=\"\" data-thumb=\"\" title=\"a 20200701 RL Klosterneubrug Radparade 24\" rel=\"\" srcset=\"https:\/\/www.radlobby.org\/noe\/wp-content\/uploads\/a-20200701-RL-Klosterneubrug-Radparade-24.jpg 2000w, https:\/\/www.radlobby.org\/noe\/wp-content\/uploads\/a-20200701-RL-Klosterneubrug-Radparade-24-300x222.jpg 300w, https:\/\/www.radlobby.org\/noe\/wp-content\/uploads\/a-20200701-RL-Klosterneubrug-Radparade-24-768x569.jpg 768w, https:\/\/www.radlobby.org\/noe\/wp-content\/uploads\/a-20200701-RL-Klosterneubrug-Radparade-24-1536x1138.jpg 1536w\" sizes=\"auto, (max-width: 2000px) 100vw, 2000px\" \/><\/a><a href=\"https:\/\/www.radlobby.org\/noe\/wp-content\/uploads\/a-20200701-RL-Klosterneubrug-Radparade-02.jpg\" data-src=\"https:\/\/www.radlobby.org\/noe\/wp-content\/uploads\/a-20200701-RL-Klosterneubrug-Radparade-02.jpg\" data-thumb=\"https:\/\/www.radlobby.org\/noe\/wp-content\/uploads\/a-20200701-RL-Klosterneubrug-Radparade-02.jpg\" class=\"ml-lightbox-enabled\"><img loading=\"lazy\" decoding=\"async\" width=\"2000\" height=\"1460\" src=\"https:\/\/www.radlobby.org\/noe\/wp-content\/uploads\/a-20200701-RL-Klosterneubrug-Radparade-02.jpg\" class=\"slider-14282 slide-14329 msDefaultImage\" alt=\"\" data-caption=\"\" data-thumb=\"\" title=\"a 20200701 RL Klosterneubrug Radparade 02\" rel=\"\" srcset=\"https:\/\/www.radlobby.org\/noe\/wp-content\/uploads\/a-20200701-RL-Klosterneubrug-Radparade-02.jpg 2000w, https:\/\/www.radlobby.org\/noe\/wp-content\/uploads\/a-20200701-RL-Klosterneubrug-Radparade-02-300x219.jpg 300w, https:\/\/www.radlobby.org\/noe\/wp-content\/uploads\/a-20200701-RL-Klosterneubrug-Radparade-02-768x561.jpg 768w, https:\/\/www.radlobby.org\/noe\/wp-content\/uploads\/a-20200701-RL-Klosterneubrug-Radparade-02-1536x1121.jpg 1536w\" sizes=\"auto, (max-width: 2000px) 100vw, 2000px\" \/><\/a><a href=\"https:\/\/www.radlobby.org\/noe\/wp-content\/uploads\/a-20200701-RL-Klosterneubrug-Radparade-01.jpg\" data-src=\"https:\/\/www.radlobby.org\/noe\/wp-content\/uploads\/a-20200701-RL-Klosterneubrug-Radparade-01.jpg\" data-thumb=\"https:\/\/www.radlobby.org\/noe\/wp-content\/uploads\/a-20200701-RL-Klosterneubrug-Radparade-01.jpg\" class=\"ml-lightbox-enabled\"><img loading=\"lazy\" decoding=\"async\" width=\"2000\" height=\"1420\" src=\"https:\/\/www.radlobby.org\/noe\/wp-content\/uploads\/a-20200701-RL-Klosterneubrug-Radparade-01.jpg\" class=\"slider-14282 slide-14330 msDefaultImage\" alt=\"\" data-caption=\"\" data-thumb=\"\" title=\"a 20200701 RL Klosterneubrug Radparade 01\" rel=\"\" srcset=\"https:\/\/www.radlobby.org\/noe\/wp-content\/uploads\/a-20200701-RL-Klosterneubrug-Radparade-01.jpg 2000w, https:\/\/www.radlobby.org\/noe\/wp-content\/uploads\/a-20200701-RL-Klosterneubrug-Radparade-01-300x213.jpg 300w, https:\/\/www.radlobby.org\/noe\/wp-content\/uploads\/a-20200701-RL-Klosterneubrug-Radparade-01-768x545.jpg 768w, https:\/\/www.radlobby.org\/noe\/wp-content\/uploads\/a-20200701-RL-Klosterneubrug-Radparade-01-1536x1091.jpg 1536w\" sizes=\"auto, (max-width: 2000px) 100vw, 2000px\" \/><\/a><a href=\"https:\/\/www.radlobby.org\/noe\/wp-content\/uploads\/a-20200701-RL-Klosterneubrug-Radparade-27.jpg\" data-src=\"https:\/\/www.radlobby.org\/noe\/wp-content\/uploads\/a-20200701-RL-Klosterneubrug-Radparade-27.jpg\" data-thumb=\"https:\/\/www.radlobby.org\/noe\/wp-content\/uploads\/a-20200701-RL-Klosterneubrug-Radparade-27.jpg\" class=\"ml-lightbox-enabled\"><img loading=\"lazy\" decoding=\"async\" width=\"2000\" height=\"1286\" src=\"https:\/\/www.radlobby.org\/noe\/wp-content\/uploads\/a-20200701-RL-Klosterneubrug-Radparade-27.jpg\" class=\"slider-14282 slide-14331 msDefaultImage\" alt=\"\" data-caption=\"\" data-thumb=\"\" title=\"a 20200701 RL Klosterneubrug Radparade 27\" rel=\"\" srcset=\"https:\/\/www.radlobby.org\/noe\/wp-content\/uploads\/a-20200701-RL-Klosterneubrug-Radparade-27.jpg 2000w, https:\/\/www.radlobby.org\/noe\/wp-content\/uploads\/a-20200701-RL-Klosterneubrug-Radparade-27-300x193.jpg 300w, https:\/\/www.radlobby.org\/noe\/wp-content\/uploads\/a-20200701-RL-Klosterneubrug-Radparade-27-768x494.jpg 768w, https:\/\/www.radlobby.org\/noe\/wp-content\/uploads\/a-20200701-RL-Klosterneubrug-Radparade-27-1536x988.jpg 1536w\" sizes=\"auto, (max-width: 2000px) 100vw, 2000px\" \/><\/a><a href=\"https:\/\/www.radlobby.org\/noe\/wp-content\/uploads\/a-20200701-RL-Klosterneubrug-Radparade-26.jpg\" data-src=\"https:\/\/www.radlobby.org\/noe\/wp-content\/uploads\/a-20200701-RL-Klosterneubrug-Radparade-26.jpg\" data-thumb=\"https:\/\/www.radlobby.org\/noe\/wp-content\/uploads\/a-20200701-RL-Klosterneubrug-Radparade-26.jpg\" class=\"ml-lightbox-enabled\"><img loading=\"lazy\" decoding=\"async\" width=\"2000\" height=\"1258\" src=\"https:\/\/www.radlobby.org\/noe\/wp-content\/uploads\/a-20200701-RL-Klosterneubrug-Radparade-26.jpg\" class=\"slider-14282 slide-14332 msDefaultImage\" alt=\"\" data-caption=\"\" data-thumb=\"\" title=\"a 20200701 RL Klosterneubrug Radparade 26\" rel=\"\" srcset=\"https:\/\/www.radlobby.org\/noe\/wp-content\/uploads\/a-20200701-RL-Klosterneubrug-Radparade-26.jpg 2000w, https:\/\/www.radlobby.org\/noe\/wp-content\/uploads\/a-20200701-RL-Klosterneubrug-Radparade-26-300x189.jpg 300w, https:\/\/www.radlobby.org\/noe\/wp-content\/uploads\/a-20200701-RL-Klosterneubrug-Radparade-26-768x483.jpg 768w, https:\/\/www.radlobby.org\/noe\/wp-content\/uploads\/a-20200701-RL-Klosterneubrug-Radparade-26-1536x966.jpg 1536w\" sizes=\"auto, (max-width: 2000px) 100vw, 2000px\" \/><\/a><a href=\"https:\/\/www.radlobby.org\/noe\/wp-content\/uploads\/a-20200701-RL-Klosterneubrug-Radparade-25.jpg\" data-src=\"https:\/\/www.radlobby.org\/noe\/wp-content\/uploads\/a-20200701-RL-Klosterneubrug-Radparade-25.jpg\" data-thumb=\"https:\/\/www.radlobby.org\/noe\/wp-content\/uploads\/a-20200701-RL-Klosterneubrug-Radparade-25.jpg\" class=\"ml-lightbox-enabled\"><img loading=\"lazy\" decoding=\"async\" width=\"2000\" height=\"1424\" src=\"https:\/\/www.radlobby.org\/noe\/wp-content\/uploads\/a-20200701-RL-Klosterneubrug-Radparade-25.jpg\" class=\"slider-14282 slide-14333 msDefaultImage\" alt=\"\" data-caption=\"\" data-thumb=\"\" title=\"a 20200701 RL Klosterneubrug Radparade 25\" rel=\"\" srcset=\"https:\/\/www.radlobby.org\/noe\/wp-content\/uploads\/a-20200701-RL-Klosterneubrug-Radparade-25.jpg 2000w, https:\/\/www.radlobby.org\/noe\/wp-content\/uploads\/a-20200701-RL-Klosterneubrug-Radparade-25-300x214.jpg 300w, https:\/\/www.radlobby.org\/noe\/wp-content\/uploads\/a-20200701-RL-Klosterneubrug-Radparade-25-768x547.jpg 768w, https:\/\/www.radlobby.org\/noe\/wp-content\/uploads\/a-20200701-RL-Klosterneubrug-Radparade-25-1536x1094.jpg 1536w\" sizes=\"auto, (max-width: 2000px) 100vw, 2000px\" \/><\/a><a href=\"https:\/\/www.radlobby.org\/noe\/wp-content\/uploads\/a-20200701-RL-Klosterneubrug-Radparade-23.jpg\" data-src=\"https:\/\/www.radlobby.org\/noe\/wp-content\/uploads\/a-20200701-RL-Klosterneubrug-Radparade-23.jpg\" data-thumb=\"https:\/\/www.radlobby.org\/noe\/wp-content\/uploads\/a-20200701-RL-Klosterneubrug-Radparade-23.jpg\" class=\"ml-lightbox-enabled\"><img loading=\"lazy\" decoding=\"async\" width=\"2000\" height=\"1372\" src=\"https:\/\/www.radlobby.org\/noe\/wp-content\/uploads\/a-20200701-RL-Klosterneubrug-Radparade-23.jpg\" class=\"slider-14282 slide-14335 msDefaultImage\" alt=\"\" data-caption=\"\" data-thumb=\"\" title=\"a 20200701 RL Klosterneubrug Radparade 23\" rel=\"\" srcset=\"https:\/\/www.radlobby.org\/noe\/wp-content\/uploads\/a-20200701-RL-Klosterneubrug-Radparade-23.jpg 2000w, https:\/\/www.radlobby.org\/noe\/wp-content\/uploads\/a-20200701-RL-Klosterneubrug-Radparade-23-300x206.jpg 300w, https:\/\/www.radlobby.org\/noe\/wp-content\/uploads\/a-20200701-RL-Klosterneubrug-Radparade-23-768x527.jpg 768w, https:\/\/www.radlobby.org\/noe\/wp-content\/uploads\/a-20200701-RL-Klosterneubrug-Radparade-23-1536x1054.jpg 1536w\" sizes=\"auto, (max-width: 2000px) 100vw, 2000px\" \/><\/a><a href=\"https:\/\/www.radlobby.org\/noe\/wp-content\/uploads\/a-20200701-RL-Klosterneubrug-Radparade-22.jpg\" data-src=\"https:\/\/www.radlobby.org\/noe\/wp-content\/uploads\/a-20200701-RL-Klosterneubrug-Radparade-22.jpg\" data-thumb=\"https:\/\/www.radlobby.org\/noe\/wp-content\/uploads\/a-20200701-RL-Klosterneubrug-Radparade-22.jpg\" class=\"ml-lightbox-enabled\"><img loading=\"lazy\" decoding=\"async\" width=\"2000\" height=\"1376\" src=\"https:\/\/www.radlobby.org\/noe\/wp-content\/uploads\/a-20200701-RL-Klosterneubrug-Radparade-22.jpg\" class=\"slider-14282 slide-14336 msDefaultImage\" alt=\"\" data-caption=\"\" data-thumb=\"\" title=\"a 20200701 RL Klosterneubrug Radparade 22\" rel=\"\" srcset=\"https:\/\/www.radlobby.org\/noe\/wp-content\/uploads\/a-20200701-RL-Klosterneubrug-Radparade-22.jpg 2000w, https:\/\/www.radlobby.org\/noe\/wp-content\/uploads\/a-20200701-RL-Klosterneubrug-Radparade-22-300x206.jpg 300w, https:\/\/www.radlobby.org\/noe\/wp-content\/uploads\/a-20200701-RL-Klosterneubrug-Radparade-22-768x528.jpg 768w, https:\/\/www.radlobby.org\/noe\/wp-content\/uploads\/a-20200701-RL-Klosterneubrug-Radparade-22-1536x1057.jpg 1536w\" sizes=\"auto, (max-width: 2000px) 100vw, 2000px\" \/><\/a><a href=\"https:\/\/www.radlobby.org\/noe\/wp-content\/uploads\/a-20200701-RL-Klosterneubrug-Radparade-19.jpg\" data-src=\"https:\/\/www.radlobby.org\/noe\/wp-content\/uploads\/a-20200701-RL-Klosterneubrug-Radparade-19.jpg\" data-thumb=\"https:\/\/www.radlobby.org\/noe\/wp-content\/uploads\/a-20200701-RL-Klosterneubrug-Radparade-19.jpg\" class=\"ml-lightbox-enabled\"><img loading=\"lazy\" decoding=\"async\" width=\"2000\" height=\"1280\" src=\"https:\/\/www.radlobby.org\/noe\/wp-content\/uploads\/a-20200701-RL-Klosterneubrug-Radparade-19.jpg\" class=\"slider-14282 slide-14339 msDefaultImage\" alt=\"\" data-caption=\"\" data-thumb=\"\" title=\"a 20200701 RL Klosterneubrug Radparade 19\" rel=\"\" srcset=\"https:\/\/www.radlobby.org\/noe\/wp-content\/uploads\/a-20200701-RL-Klosterneubrug-Radparade-19.jpg 2000w, https:\/\/www.radlobby.org\/noe\/wp-content\/uploads\/a-20200701-RL-Klosterneubrug-Radparade-19-300x192.jpg 300w, https:\/\/www.radlobby.org\/noe\/wp-content\/uploads\/a-20200701-RL-Klosterneubrug-Radparade-19-768x492.jpg 768w, https:\/\/www.radlobby.org\/noe\/wp-content\/uploads\/a-20200701-RL-Klosterneubrug-Radparade-19-1536x983.jpg 1536w\" sizes=\"auto, (max-width: 2000px) 100vw, 2000px\" \/><\/a><a href=\"https:\/\/www.radlobby.org\/noe\/wp-content\/uploads\/a-20200701-RL-Klosterneubrug-Radparade-20.jpg\" data-src=\"https:\/\/www.radlobby.org\/noe\/wp-content\/uploads\/a-20200701-RL-Klosterneubrug-Radparade-20.jpg\" data-thumb=\"https:\/\/www.radlobby.org\/noe\/wp-content\/uploads\/a-20200701-RL-Klosterneubrug-Radparade-20.jpg\" class=\"ml-lightbox-enabled\"><img loading=\"lazy\" decoding=\"async\" width=\"2000\" height=\"1292\" src=\"https:\/\/www.radlobby.org\/noe\/wp-content\/uploads\/a-20200701-RL-Klosterneubrug-Radparade-20.jpg\" class=\"slider-14282 slide-14338 msDefaultImage\" alt=\"\" data-caption=\"\" data-thumb=\"\" title=\"a 20200701 RL Klosterneubrug Radparade 20\" rel=\"\" srcset=\"https:\/\/www.radlobby.org\/noe\/wp-content\/uploads\/a-20200701-RL-Klosterneubrug-Radparade-20.jpg 2000w, https:\/\/www.radlobby.org\/noe\/wp-content\/uploads\/a-20200701-RL-Klosterneubrug-Radparade-20-300x194.jpg 300w, https:\/\/www.radlobby.org\/noe\/wp-content\/uploads\/a-20200701-RL-Klosterneubrug-Radparade-20-768x496.jpg 768w, https:\/\/www.radlobby.org\/noe\/wp-content\/uploads\/a-20200701-RL-Klosterneubrug-Radparade-20-1536x992.jpg 1536w\" sizes=\"auto, (max-width: 2000px) 100vw, 2000px\" \/><\/a><a href=\"https:\/\/www.radlobby.org\/noe\/wp-content\/uploads\/a-20200701-RL-Klosterneubrug-Radparade-16.jpg\" data-src=\"https:\/\/www.radlobby.org\/noe\/wp-content\/uploads\/a-20200701-RL-Klosterneubrug-Radparade-16.jpg\" data-thumb=\"https:\/\/www.radlobby.org\/noe\/wp-content\/uploads\/a-20200701-RL-Klosterneubrug-Radparade-16.jpg\" class=\"ml-lightbox-enabled\"><img loading=\"lazy\" decoding=\"async\" width=\"2000\" height=\"1258\" src=\"https:\/\/www.radlobby.org\/noe\/wp-content\/uploads\/a-20200701-RL-Klosterneubrug-Radparade-16.jpg\" class=\"slider-14282 slide-14342 msDefaultImage\" alt=\"\" data-caption=\"\" data-thumb=\"\" title=\"a 20200701 RL Klosterneubrug Radparade 16\" rel=\"\" srcset=\"https:\/\/www.radlobby.org\/noe\/wp-content\/uploads\/a-20200701-RL-Klosterneubrug-Radparade-16.jpg 2000w, https:\/\/www.radlobby.org\/noe\/wp-content\/uploads\/a-20200701-RL-Klosterneubrug-Radparade-16-300x189.jpg 300w, https:\/\/www.radlobby.org\/noe\/wp-content\/uploads\/a-20200701-RL-Klosterneubrug-Radparade-16-768x483.jpg 768w, https:\/\/www.radlobby.org\/noe\/wp-content\/uploads\/a-20200701-RL-Klosterneubrug-Radparade-16-1536x966.jpg 1536w\" sizes=\"auto, (max-width: 2000px) 100vw, 2000px\" \/><\/a><a href=\"https:\/\/www.radlobby.org\/noe\/wp-content\/uploads\/a-20200701-RL-Klosterneubrug-Radparade-05.jpg\" data-src=\"https:\/\/www.radlobby.org\/noe\/wp-content\/uploads\/a-20200701-RL-Klosterneubrug-Radparade-05.jpg\" data-thumb=\"https:\/\/www.radlobby.org\/noe\/wp-content\/uploads\/a-20200701-RL-Klosterneubrug-Radparade-05.jpg\" class=\"ml-lightbox-enabled\"><img loading=\"lazy\" decoding=\"async\" width=\"2000\" height=\"1304\" src=\"https:\/\/www.radlobby.org\/noe\/wp-content\/uploads\/a-20200701-RL-Klosterneubrug-Radparade-05.jpg\" class=\"slider-14282 slide-14353 msDefaultImage\" alt=\"\" data-caption=\"\" data-thumb=\"\" title=\"a 20200701 RL Klosterneubrug Radparade 05\" rel=\"\" srcset=\"https:\/\/www.radlobby.org\/noe\/wp-content\/uploads\/a-20200701-RL-Klosterneubrug-Radparade-05.jpg 2000w, https:\/\/www.radlobby.org\/noe\/wp-content\/uploads\/a-20200701-RL-Klosterneubrug-Radparade-05-300x196.jpg 300w, https:\/\/www.radlobby.org\/noe\/wp-content\/uploads\/a-20200701-RL-Klosterneubrug-Radparade-05-768x501.jpg 768w, https:\/\/www.radlobby.org\/noe\/wp-content\/uploads\/a-20200701-RL-Klosterneubrug-Radparade-05-1536x1001.jpg 1536w\" sizes=\"auto, (max-width: 2000px) 100vw, 2000px\" \/><\/a><a href=\"https:\/\/www.radlobby.org\/noe\/wp-content\/uploads\/a-20200701-RL-Klosterneubrug-Radparade-14.jpg\" data-src=\"https:\/\/www.radlobby.org\/noe\/wp-content\/uploads\/a-20200701-RL-Klosterneubrug-Radparade-14.jpg\" data-thumb=\"https:\/\/www.radlobby.org\/noe\/wp-content\/uploads\/a-20200701-RL-Klosterneubrug-Radparade-14.jpg\" class=\"ml-lightbox-enabled\"><img loading=\"lazy\" decoding=\"async\" width=\"2000\" height=\"1294\" src=\"https:\/\/www.radlobby.org\/noe\/wp-content\/uploads\/a-20200701-RL-Klosterneubrug-Radparade-14.jpg\" class=\"slider-14282 slide-14344 msDefaultImage\" alt=\"\" data-caption=\"\" data-thumb=\"\" title=\"a 20200701 RL Klosterneubrug Radparade 14\" rel=\"\" srcset=\"https:\/\/www.radlobby.org\/noe\/wp-content\/uploads\/a-20200701-RL-Klosterneubrug-Radparade-14.jpg 2000w, https:\/\/www.radlobby.org\/noe\/wp-content\/uploads\/a-20200701-RL-Klosterneubrug-Radparade-14-300x194.jpg 300w, https:\/\/www.radlobby.org\/noe\/wp-content\/uploads\/a-20200701-RL-Klosterneubrug-Radparade-14-768x497.jpg 768w, https:\/\/www.radlobby.org\/noe\/wp-content\/uploads\/a-20200701-RL-Klosterneubrug-Radparade-14-1536x994.jpg 1536w\" sizes=\"auto, (max-width: 2000px) 100vw, 2000px\" \/><\/a><a href=\"https:\/\/www.radlobby.org\/noe\/wp-content\/uploads\/a-20200701-RL-Klosterneubrug-Radparade-21.jpg\" data-src=\"https:\/\/www.radlobby.org\/noe\/wp-content\/uploads\/a-20200701-RL-Klosterneubrug-Radparade-21.jpg\" data-thumb=\"https:\/\/www.radlobby.org\/noe\/wp-content\/uploads\/a-20200701-RL-Klosterneubrug-Radparade-21.jpg\" class=\"ml-lightbox-enabled\"><img loading=\"lazy\" decoding=\"async\" width=\"2000\" height=\"1390\" src=\"https:\/\/www.radlobby.org\/noe\/wp-content\/uploads\/a-20200701-RL-Klosterneubrug-Radparade-21.jpg\" class=\"slider-14282 slide-14337 msDefaultImage\" alt=\"\" data-caption=\"\" data-thumb=\"\" title=\"a 20200701 RL Klosterneubrug Radparade 21\" rel=\"\" srcset=\"https:\/\/www.radlobby.org\/noe\/wp-content\/uploads\/a-20200701-RL-Klosterneubrug-Radparade-21.jpg 2000w, https:\/\/www.radlobby.org\/noe\/wp-content\/uploads\/a-20200701-RL-Klosterneubrug-Radparade-21-300x209.jpg 300w, https:\/\/www.radlobby.org\/noe\/wp-content\/uploads\/a-20200701-RL-Klosterneubrug-Radparade-21-768x534.jpg 768w, https:\/\/www.radlobby.org\/noe\/wp-content\/uploads\/a-20200701-RL-Klosterneubrug-Radparade-21-1536x1068.jpg 1536w\" sizes=\"auto, (max-width: 2000px) 100vw, 2000px\" \/><\/a><a href=\"https:\/\/www.radlobby.org\/noe\/wp-content\/uploads\/a-20200701-RL-Klosterneubrug-Radparade-18.jpg\" data-src=\"https:\/\/www.radlobby.org\/noe\/wp-content\/uploads\/a-20200701-RL-Klosterneubrug-Radparade-18.jpg\" data-thumb=\"https:\/\/www.radlobby.org\/noe\/wp-content\/uploads\/a-20200701-RL-Klosterneubrug-Radparade-18.jpg\" class=\"ml-lightbox-enabled\"><img loading=\"lazy\" decoding=\"async\" width=\"2000\" height=\"1328\" src=\"https:\/\/www.radlobby.org\/noe\/wp-content\/uploads\/a-20200701-RL-Klosterneubrug-Radparade-18.jpg\" class=\"slider-14282 slide-14340 msDefaultImage\" alt=\"\" data-caption=\"\" data-thumb=\"\" title=\"a 20200701 RL Klosterneubrug Radparade 18\" rel=\"\" srcset=\"https:\/\/www.radlobby.org\/noe\/wp-content\/uploads\/a-20200701-RL-Klosterneubrug-Radparade-18.jpg 2000w, https:\/\/www.radlobby.org\/noe\/wp-content\/uploads\/a-20200701-RL-Klosterneubrug-Radparade-18-300x199.jpg 300w, https:\/\/www.radlobby.org\/noe\/wp-content\/uploads\/a-20200701-RL-Klosterneubrug-Radparade-18-768x510.jpg 768w, https:\/\/www.radlobby.org\/noe\/wp-content\/uploads\/a-20200701-RL-Klosterneubrug-Radparade-18-1536x1020.jpg 1536w\" sizes=\"auto, (max-width: 2000px) 100vw, 2000px\" \/><\/a><a href=\"https:\/\/www.radlobby.org\/noe\/wp-content\/uploads\/a-20200701-RL-Klosterneubrug-Radparade-15.jpg\" data-src=\"https:\/\/www.radlobby.org\/noe\/wp-content\/uploads\/a-20200701-RL-Klosterneubrug-Radparade-15.jpg\" data-thumb=\"https:\/\/www.radlobby.org\/noe\/wp-content\/uploads\/a-20200701-RL-Klosterneubrug-Radparade-15.jpg\" class=\"ml-lightbox-enabled\"><img loading=\"lazy\" decoding=\"async\" width=\"2000\" height=\"1376\" src=\"https:\/\/www.radlobby.org\/noe\/wp-content\/uploads\/a-20200701-RL-Klosterneubrug-Radparade-15.jpg\" class=\"slider-14282 slide-14343 msDefaultImage\" alt=\"\" data-caption=\"\" data-thumb=\"\" title=\"a 20200701 RL Klosterneubrug Radparade 15\" rel=\"\" srcset=\"https:\/\/www.radlobby.org\/noe\/wp-content\/uploads\/a-20200701-RL-Klosterneubrug-Radparade-15.jpg 2000w, https:\/\/www.radlobby.org\/noe\/wp-content\/uploads\/a-20200701-RL-Klosterneubrug-Radparade-15-300x206.jpg 300w, https:\/\/www.radlobby.org\/noe\/wp-content\/uploads\/a-20200701-RL-Klosterneubrug-Radparade-15-768x528.jpg 768w, https:\/\/www.radlobby.org\/noe\/wp-content\/uploads\/a-20200701-RL-Klosterneubrug-Radparade-15-1536x1057.jpg 1536w\" sizes=\"auto, (max-width: 2000px) 100vw, 2000px\" \/><\/a><a href=\"https:\/\/www.radlobby.org\/noe\/wp-content\/uploads\/a-20200701-RL-Klosterneubrug-Radparade-17.jpg\" data-src=\"https:\/\/www.radlobby.org\/noe\/wp-content\/uploads\/a-20200701-RL-Klosterneubrug-Radparade-17.jpg\" data-thumb=\"https:\/\/www.radlobby.org\/noe\/wp-content\/uploads\/a-20200701-RL-Klosterneubrug-Radparade-17.jpg\" class=\"ml-lightbox-enabled\"><img loading=\"lazy\" decoding=\"async\" width=\"2000\" height=\"1332\" src=\"https:\/\/www.radlobby.org\/noe\/wp-content\/uploads\/a-20200701-RL-Klosterneubrug-Radparade-17.jpg\" class=\"slider-14282 slide-14341 msDefaultImage\" alt=\"\" data-caption=\"\" data-thumb=\"\" title=\"a 20200701 RL Klosterneubrug Radparade 17\" rel=\"\" srcset=\"https:\/\/www.radlobby.org\/noe\/wp-content\/uploads\/a-20200701-RL-Klosterneubrug-Radparade-17.jpg 2000w, https:\/\/www.radlobby.org\/noe\/wp-content\/uploads\/a-20200701-RL-Klosterneubrug-Radparade-17-300x200.jpg 300w, https:\/\/www.radlobby.org\/noe\/wp-content\/uploads\/a-20200701-RL-Klosterneubrug-Radparade-17-768x511.jpg 768w, https:\/\/www.radlobby.org\/noe\/wp-content\/uploads\/a-20200701-RL-Klosterneubrug-Radparade-17-1536x1023.jpg 1536w\" sizes=\"auto, (max-width: 2000px) 100vw, 2000px\" \/><\/a><a href=\"https:\/\/www.radlobby.org\/noe\/wp-content\/uploads\/a-20200701-RL-Klosterneubrug-Radparade-13.jpg\" data-src=\"https:\/\/www.radlobby.org\/noe\/wp-content\/uploads\/a-20200701-RL-Klosterneubrug-Radparade-13.jpg\" data-thumb=\"https:\/\/www.radlobby.org\/noe\/wp-content\/uploads\/a-20200701-RL-Klosterneubrug-Radparade-13.jpg\" class=\"ml-lightbox-enabled\"><img loading=\"lazy\" decoding=\"async\" width=\"2000\" height=\"1220\" src=\"https:\/\/www.radlobby.org\/noe\/wp-content\/uploads\/a-20200701-RL-Klosterneubrug-Radparade-13.jpg\" class=\"slider-14282 slide-14345 msDefaultImage\" alt=\"\" data-caption=\"\" data-thumb=\"\" title=\"a 20200701 RL Klosterneubrug Radparade 13\" rel=\"\" srcset=\"https:\/\/www.radlobby.org\/noe\/wp-content\/uploads\/a-20200701-RL-Klosterneubrug-Radparade-13.jpg 2000w, https:\/\/www.radlobby.org\/noe\/wp-content\/uploads\/a-20200701-RL-Klosterneubrug-Radparade-13-300x183.jpg 300w, https:\/\/www.radlobby.org\/noe\/wp-content\/uploads\/a-20200701-RL-Klosterneubrug-Radparade-13-768x468.jpg 768w, https:\/\/www.radlobby.org\/noe\/wp-content\/uploads\/a-20200701-RL-Klosterneubrug-Radparade-13-1536x937.jpg 1536w\" sizes=\"auto, (max-width: 2000px) 100vw, 2000px\" \/><\/a><a href=\"https:\/\/www.radlobby.org\/noe\/wp-content\/uploads\/a-20200701-RL-Klosterneubrug-Radparade-09.jpg\" data-src=\"https:\/\/www.radlobby.org\/noe\/wp-content\/uploads\/a-20200701-RL-Klosterneubrug-Radparade-09.jpg\" data-thumb=\"https:\/\/www.radlobby.org\/noe\/wp-content\/uploads\/a-20200701-RL-Klosterneubrug-Radparade-09.jpg\" class=\"ml-lightbox-enabled\"><img loading=\"lazy\" decoding=\"async\" width=\"2000\" height=\"1332\" src=\"https:\/\/www.radlobby.org\/noe\/wp-content\/uploads\/a-20200701-RL-Klosterneubrug-Radparade-09.jpg\" class=\"slider-14282 slide-14349 msDefaultImage\" alt=\"\" data-caption=\"\" data-thumb=\"\" title=\"a 20200701 RL Klosterneubrug Radparade 09\" rel=\"\" srcset=\"https:\/\/www.radlobby.org\/noe\/wp-content\/uploads\/a-20200701-RL-Klosterneubrug-Radparade-09.jpg 2000w, https:\/\/www.radlobby.org\/noe\/wp-content\/uploads\/a-20200701-RL-Klosterneubrug-Radparade-09-300x200.jpg 300w, https:\/\/www.radlobby.org\/noe\/wp-content\/uploads\/a-20200701-RL-Klosterneubrug-Radparade-09-768x511.jpg 768w, https:\/\/www.radlobby.org\/noe\/wp-content\/uploads\/a-20200701-RL-Klosterneubrug-Radparade-09-1536x1023.jpg 1536w\" sizes=\"auto, (max-width: 2000px) 100vw, 2000px\" \/><\/a><a href=\"https:\/\/www.radlobby.org\/noe\/wp-content\/uploads\/a-20200701-RL-Klosterneubrug-Radparade-12.jpg\" data-src=\"https:\/\/www.radlobby.org\/noe\/wp-content\/uploads\/a-20200701-RL-Klosterneubrug-Radparade-12.jpg\" data-thumb=\"https:\/\/www.radlobby.org\/noe\/wp-content\/uploads\/a-20200701-RL-Klosterneubrug-Radparade-12.jpg\" class=\"ml-lightbox-enabled\"><img loading=\"lazy\" decoding=\"async\" width=\"2000\" height=\"1362\" src=\"https:\/\/www.radlobby.org\/noe\/wp-content\/uploads\/a-20200701-RL-Klosterneubrug-Radparade-12.jpg\" class=\"slider-14282 slide-14346 msDefaultImage\" alt=\"\" data-caption=\"\" data-thumb=\"\" title=\"a 20200701 RL Klosterneubrug Radparade 12\" rel=\"\" srcset=\"https:\/\/www.radlobby.org\/noe\/wp-content\/uploads\/a-20200701-RL-Klosterneubrug-Radparade-12.jpg 2000w, https:\/\/www.radlobby.org\/noe\/wp-content\/uploads\/a-20200701-RL-Klosterneubrug-Radparade-12-300x204.jpg 300w, https:\/\/www.radlobby.org\/noe\/wp-content\/uploads\/a-20200701-RL-Klosterneubrug-Radparade-12-768x523.jpg 768w, https:\/\/www.radlobby.org\/noe\/wp-content\/uploads\/a-20200701-RL-Klosterneubrug-Radparade-12-1536x1046.jpg 1536w\" sizes=\"auto, (max-width: 2000px) 100vw, 2000px\" \/><\/a><a href=\"https:\/\/www.radlobby.org\/noe\/wp-content\/uploads\/a-20200701-RL-Klosterneubrug-Radparade-11.jpg\" data-src=\"https:\/\/www.radlobby.org\/noe\/wp-content\/uploads\/a-20200701-RL-Klosterneubrug-Radparade-11.jpg\" data-thumb=\"https:\/\/www.radlobby.org\/noe\/wp-content\/uploads\/a-20200701-RL-Klosterneubrug-Radparade-11.jpg\" class=\"ml-lightbox-enabled\"><img loading=\"lazy\" decoding=\"async\" width=\"2000\" height=\"1332\" src=\"https:\/\/www.radlobby.org\/noe\/wp-content\/uploads\/a-20200701-RL-Klosterneubrug-Radparade-11.jpg\" class=\"slider-14282 slide-14347 msDefaultImage\" alt=\"\" data-caption=\"\" data-thumb=\"\" title=\"a 20200701 RL Klosterneubrug Radparade 11\" rel=\"\" srcset=\"https:\/\/www.radlobby.org\/noe\/wp-content\/uploads\/a-20200701-RL-Klosterneubrug-Radparade-11.jpg 2000w, https:\/\/www.radlobby.org\/noe\/wp-content\/uploads\/a-20200701-RL-Klosterneubrug-Radparade-11-300x200.jpg 300w, https:\/\/www.radlobby.org\/noe\/wp-content\/uploads\/a-20200701-RL-Klosterneubrug-Radparade-11-768x511.jpg 768w, https:\/\/www.radlobby.org\/noe\/wp-content\/uploads\/a-20200701-RL-Klosterneubrug-Radparade-11-1536x1023.jpg 1536w\" sizes=\"auto, (max-width: 2000px) 100vw, 2000px\" \/><\/a><a href=\"https:\/\/www.radlobby.org\/noe\/wp-content\/uploads\/a-20200701-RL-Klosterneubrug-Radparade-10.jpg\" data-src=\"https:\/\/www.radlobby.org\/noe\/wp-content\/uploads\/a-20200701-RL-Klosterneubrug-Radparade-10.jpg\" data-thumb=\"https:\/\/www.radlobby.org\/noe\/wp-content\/uploads\/a-20200701-RL-Klosterneubrug-Radparade-10.jpg\" class=\"ml-lightbox-enabled\"><img loading=\"lazy\" decoding=\"async\" width=\"2000\" height=\"1332\" src=\"https:\/\/www.radlobby.org\/noe\/wp-content\/uploads\/a-20200701-RL-Klosterneubrug-Radparade-10.jpg\" class=\"slider-14282 slide-14348 msDefaultImage\" alt=\"\" data-caption=\"\" data-thumb=\"\" title=\"a 20200701 RL Klosterneubrug Radparade 10\" rel=\"\" srcset=\"https:\/\/www.radlobby.org\/noe\/wp-content\/uploads\/a-20200701-RL-Klosterneubrug-Radparade-10.jpg 2000w, https:\/\/www.radlobby.org\/noe\/wp-content\/uploads\/a-20200701-RL-Klosterneubrug-Radparade-10-300x200.jpg 300w, https:\/\/www.radlobby.org\/noe\/wp-content\/uploads\/a-20200701-RL-Klosterneubrug-Radparade-10-768x511.jpg 768w, https:\/\/www.radlobby.org\/noe\/wp-content\/uploads\/a-20200701-RL-Klosterneubrug-Radparade-10-1536x1023.jpg 1536w\" sizes=\"auto, (max-width: 2000px) 100vw, 2000px\" \/><\/a><a href=\"https:\/\/www.radlobby.org\/noe\/wp-content\/uploads\/a-20200701-RL-Klosterneubrug-Radparade-07.jpg\" data-src=\"https:\/\/www.radlobby.org\/noe\/wp-content\/uploads\/a-20200701-RL-Klosterneubrug-Radparade-07.jpg\" data-thumb=\"https:\/\/www.radlobby.org\/noe\/wp-content\/uploads\/a-20200701-RL-Klosterneubrug-Radparade-07.jpg\" class=\"ml-lightbox-enabled\"><img loading=\"lazy\" decoding=\"async\" width=\"2000\" height=\"1350\" src=\"https:\/\/www.radlobby.org\/noe\/wp-content\/uploads\/a-20200701-RL-Klosterneubrug-Radparade-07.jpg\" class=\"slider-14282 slide-14351 msDefaultImage\" alt=\"\" data-caption=\"\" data-thumb=\"\" title=\"a 20200701 RL Klosterneubrug Radparade 07\" rel=\"\" srcset=\"https:\/\/www.radlobby.org\/noe\/wp-content\/uploads\/a-20200701-RL-Klosterneubrug-Radparade-07.jpg 2000w, https:\/\/www.radlobby.org\/noe\/wp-content\/uploads\/a-20200701-RL-Klosterneubrug-Radparade-07-300x203.jpg 300w, https:\/\/www.radlobby.org\/noe\/wp-content\/uploads\/a-20200701-RL-Klosterneubrug-Radparade-07-768x518.jpg 768w, https:\/\/www.radlobby.org\/noe\/wp-content\/uploads\/a-20200701-RL-Klosterneubrug-Radparade-07-1536x1037.jpg 1536w\" sizes=\"auto, (max-width: 2000px) 100vw, 2000px\" \/><\/a><a href=\"https:\/\/www.radlobby.org\/noe\/wp-content\/uploads\/a-20200701-RL-Klosterneubrug-Radparade-06.jpg\" data-src=\"https:\/\/www.radlobby.org\/noe\/wp-content\/uploads\/a-20200701-RL-Klosterneubrug-Radparade-06.jpg\" data-thumb=\"https:\/\/www.radlobby.org\/noe\/wp-content\/uploads\/a-20200701-RL-Klosterneubrug-Radparade-06.jpg\" class=\"ml-lightbox-enabled\"><img loading=\"lazy\" decoding=\"async\" width=\"2000\" height=\"1210\" src=\"https:\/\/www.radlobby.org\/noe\/wp-content\/uploads\/a-20200701-RL-Klosterneubrug-Radparade-06.jpg\" class=\"slider-14282 slide-14352 msDefaultImage\" alt=\"\" data-caption=\"\" data-thumb=\"\" title=\"a 20200701 RL Klosterneubrug Radparade 06\" rel=\"\" srcset=\"https:\/\/www.radlobby.org\/noe\/wp-content\/uploads\/a-20200701-RL-Klosterneubrug-Radparade-06.jpg 2000w, https:\/\/www.radlobby.org\/noe\/wp-content\/uploads\/a-20200701-RL-Klosterneubrug-Radparade-06-300x182.jpg 300w, https:\/\/www.radlobby.org\/noe\/wp-content\/uploads\/a-20200701-RL-Klosterneubrug-Radparade-06-768x465.jpg 768w, https:\/\/www.radlobby.org\/noe\/wp-content\/uploads\/a-20200701-RL-Klosterneubrug-Radparade-06-1536x929.jpg 1536w\" sizes=\"auto, (max-width: 2000px) 100vw, 2000px\" \/><\/a><a href=\"https:\/\/www.radlobby.org\/noe\/wp-content\/uploads\/a-20200701-RL-Klosterneubrug-Radparade-04.jpg\" data-src=\"https:\/\/www.radlobby.org\/noe\/wp-content\/uploads\/a-20200701-RL-Klosterneubrug-Radparade-04.jpg\" data-thumb=\"https:\/\/www.radlobby.org\/noe\/wp-content\/uploads\/a-20200701-RL-Klosterneubrug-Radparade-04.jpg\" class=\"ml-lightbox-enabled\"><img loading=\"lazy\" decoding=\"async\" width=\"2000\" height=\"1310\" src=\"https:\/\/www.radlobby.org\/noe\/wp-content\/uploads\/a-20200701-RL-Klosterneubrug-Radparade-04.jpg\" class=\"slider-14282 slide-14354 msDefaultImage\" alt=\"\" data-caption=\"\" data-thumb=\"\" title=\"a 20200701 RL Klosterneubrug Radparade 04\" rel=\"\" srcset=\"https:\/\/www.radlobby.org\/noe\/wp-content\/uploads\/a-20200701-RL-Klosterneubrug-Radparade-04.jpg 2000w, https:\/\/www.radlobby.org\/noe\/wp-content\/uploads\/a-20200701-RL-Klosterneubrug-Radparade-04-300x197.jpg 300w, https:\/\/www.radlobby.org\/noe\/wp-content\/uploads\/a-20200701-RL-Klosterneubrug-Radparade-04-768x503.jpg 768w, https:\/\/www.radlobby.org\/noe\/wp-content\/uploads\/a-20200701-RL-Klosterneubrug-Radparade-04-1536x1006.jpg 1536w\" sizes=\"auto, (max-width: 2000px) 100vw, 2000px\" \/><\/a><\/div><\/div>\n        \n    <\/div>\n<\/div>\n<p>Wir danken:<\/p>\n<ul>\n<li>allen ReferntInnen sowie Gerhard Allg\u00e4uer und Marie f\u00fcr die Moderation,<\/li>\n<li>den Stadtr\u00e4dten Johannes Kehrer und Sepp Wimmer sowie den Gemeinder\u00e4ten Stefan Hehberger und Matthias Finkentey \u2013 und allen anderen RadfahrerInnen \u2013 f\u00fcrs Dabeisein,<\/li>\n<li>der Pfarre Kritzendorf f\u00fcr die B\u00fchne,<\/li>\n<li>Sue und Tom f\u00fcr die Tonanlage,<\/li>\n<li>der Radlobby Wien f\u00fcr das Sound-Lastenrad,<\/li>\n<li>Michael f\u00fcr die tollen Fotos,<\/li>\n<li>der Stadtgemeinde f\u00fcr den Strom auf dem Rathausplatz,<\/li>\n<li>Robin Food f\u00fcr die Verpflegung aus dem Lastenrad<\/li>\n<li>und last but not least der Polizei f\u00fcr die Begleitung und Sicherung der Radparade sowie f\u00fcr ihre Flexibilit\u00e4t zur Einhaltung unseres Zeitplans.<\/li>\n<\/ul>\n<\/div>\n<div dir=\"auto\" style=\"text-align: right;\"><img loading=\"lazy\" decoding=\"async\" class=\"alignnone wp-image-6941 size-full alignleft\" src=\"http:\/\/www.radlobby.org\/noe\/wp-content\/uploads\/linie_gruen_c1c400.gif\" alt=\"\" width=\"750\" height=\"2\" \/><\/div>\n<div dir=\"auto\"><\/div>\n<h5 dir=\"auto\">Raddemo \u201ePlatz f\u00fcr Klosterneuburg\u201c am 1.7.2020<br \/>\nRadfahrerInnen als \u201egutes G&#8217;sch\u00e4ft f\u00fcr uns alle\u201c<\/h5>\n<div dir=\"auto\">\n<p><strong>F\u00fcr eine gerechtere Aufteilung des \u00f6ffentlichen Raums, Verkehrsberuhigung, sichere Rad- und Fu\u00dfwege sowie f\u00fcr mehr Gr\u00fcn in der Stadt zogen mehr als 100 RadfahrerInnen durch die Stadt. Die Polizei leistete gute Arbeit und geleitete den Pulk sicher \u00fcber die Wiener Stra\u00dfe und die Kierlinger Stra\u00dfe. Professor Hermann Knoflacher gratulierte den VeranstalterInnen \u2013 Radlobby Klosterneuburg und die Parents for Future Klosterneuburg \u2013 bei der Abschlusskundgebung zu dieser \u201enotwendigen Aktion auf sehr hartem Boden\u201c.<\/strong><\/p>\n<p>\u201eWenn man das Auto im Kopf hat, ist der Mensch weg\u201c, sagte Knoflacher. Betrachte man die nackten Zahlen \u2013 Fl\u00e4chenverbrauch, Energieverbrauch, Luftbelastung, Verkehrsunf\u00e4lle und die im Vergleich zu RadfahrerInnen h\u00f6heren Gesundheitskosten der AutofahrerInnen \u2013 seien RadfahrerInnen ein \u201egutes G&#8217;sch\u00e4ft f\u00fcr uns alle, weil sie uns finanziell entlasten. Au\u00dferdem: \u201eDer Radfahrer l\u00e4sst das Geld eher im<br \/>\nOrt als der Autofahrer.\u201c Dass das Auto den Gesch\u00e4ftsleuten Geld bringe, sei \u201eBl\u00f6dsinn\u201c. \u201eDenn wer \u2013 bei gleichem Gehalt \u2013 kein Auto hat, verf\u00fcgt \u00fcber mehr Geld als jemand mit Auto\u201c, so Knoflacher. Das durch einen Autoverzicht eingesparte Geld k\u00f6nne f\u00fcr andere Dinge ausgegeben werden.<\/p>\n<p><strong>Werner Palfinger<\/strong>, Sprecher der Radlobby Klosterneuburg, skizzierte das Ausma\u00df der Herausforderungen zur Erreichung der im STEK 2030+ festgeschriebenen Ziele sowie der Ziele des Pariser Klimaabkommens: \u201eWir m\u00fcssen j\u00e4hrlich so viel CO2 einsparen, wie heuer durch die Corona-Pandemie vermieden wurden.\u201c Palfinger kritisierte die Unt\u00e4tigkeit der Klosterneuburger Politik in Sachen zukunftsorientierter Verkehrspolitik in scharfen Worten und zitierte dazu auch Albert Einstein:<br \/>\n\u201eWahnsinn ist, immer wieder das Gleiche zu tun und andere Ergebnisse zu erwarten.\u201c<\/p>\n<p>F\u00fcr die Parents for Future Klosterneuburg (PFF) sprach die Landschafts\u00f6kologin und Gartenberaterin <strong>Ilse Wrbka-Fuchsig<\/strong>. Sie betonte die vielf\u00e4ltige positive Wirkung von alten B\u00e4umen als Staubfilter, als Lebensraum f\u00fcr bedrohte Tierarten als Schattenspender und nat\u00fcrliche Klimaanlage in der Stadt. \u201eEine hundertj\u00e4hrige Eiche kann etwa ein Drittel jener CO2-Menge speichern, die \u00d6sterreichInnen durchschnittlich pro Person und Jahr emittieren \u2013 oder so viel wie 100 zehnj\u00e4hrige B\u00e4ume\u201c, erkl\u00e4rte Wrbka-Fuchsig. \u201eDer Schutz dieser alten B\u00e4ume ist daher enorm wichtig und wir sollten m\u00f6glichst rasch neue B\u00e4ume in der Stadt pflanzen \u2013 mit entsprechendem Wurzelraum, der ein l\u00e4ngeres<br \/>\n\u00dcberleben gew\u00e4hrleistet.\u201c<\/p>\n<p>PFF-Kollege <strong>Gerhard Allg\u00e4uer<\/strong> richtete ein Gru\u00dfbotschaft an B\u00fcrgermeister Stefan Schmuckenschlager \u2013 die Frage, wie er einmal in die Annalen der Stadtgeschichte eingehen m\u00f6chte:<br \/>\n<em><strong>\u201eAls jemand, der den Klimawandel rechtzeitig erkannt und, solange es m\u00f6glich war, etwas dagegen getan hat \u2013 oder als einer, der nichts getan hat. Diese Frage wird er auch seinen und unseren Kindern beantworten m\u00fcssen.\u201c<\/strong><\/em><\/p>\n<p>\u201eWenn von politischer Seite nichts unternommen wird, muss man eben aus der Bev\u00f6lkerung heraus Druck erzeugen\u201c, sprach <strong>Barbara Laa<\/strong>, Mit-Initiatorin von \u201ePlatz f\u00fcr Wien\u201c, den anwesenden KlosterneuburgerInnen Mut zu. Platz f\u00fcr Wien hat inzwischen mehr als 20.000 Unterschriften f\u00fcr eine faire Gestaltung des \u00f6ffentlichen Raums gesammelt \u2013 und diente auch den OrganisatorInnen von \u201ePlatz f\u00fcr Klosterneuburg\u201c als Vorbild.<\/p>\n<p>Last but not least erkl\u00e4rte <strong>Vroni Wrbka<\/strong>, eine aus Klosterneuburg stammende und derzeit in Wien lebende Studentin, warum sie fr\u00fcher kaum das Fahrrad nutzte, es jetzt aber ihr Hauptverkehrsmittel ist:<br \/>\n\u201eIn Wien gibt es Radwege.\u201c In Klosterneuburg dagegen sei die Radverkehrsinfrastruktur l\u00fccken- und mangelhaft. Ihren Schulweg hatte sie hier nur selten mit dem Rad zur\u00fcckgelegt. Denn das Fahren im Mischverkehr erlebte sie als \u201eunangenehme Situation\u201c. Weiters h\u00e4tte sie sich als Jugendliche in Klosterneuburg angenehme, wettergesch\u00fctzte Aufenthaltsr\u00e4ume ohne Konsumzwang gew\u00fcnscht.<\/p>\n<p>Hermann Knoflacher lobte ausdr\u00fccklich das <strong>Positionspapier der Radlobby Klosterneuburg mit \u00fcber 60 Vorschl\u00e4gen<\/strong> zur Verbesserung der aktuellen Situation.<br \/>\nNur eine Forderung vermisste er darin: PolitikerInnen, die \u00fcber Fahrradprojekte abstimmen, und VerwaltungsmitarbeiterInnen, die mit der Umsetzung befasst sind, m\u00fcssen sich auch selbst aufs Rad schwingen und die betreffenden Bereiche<br \/>\nabfahren. Sie m\u00fcssen sp\u00fcren, wie sich das anf\u00fchlt. Nur so k\u00f6nne das Verst\u00e4ndnis der Politik und der Verwaltung f\u00fcr die Anliegen der RadfahrerInnen erzielt werden.<\/p>\n<p>Das Positionspapier wurde vor zwei Wochen allen Stadt- und Gemeinder\u00e4tInnen sowie B\u00fcrgermeister Stefan Schmuckenschlager per E-Mail \u00fcbermittelt. Die geplante Pr\u00e4sentation der Anliegen vor dem Gemeinderat am 3. Juli blieb den OrganisatorInnen verwehrt. Der \u201eSpeakers Corner\u201c, seit zehn Jahren eigentlich fixer Bestandteil der Gemeinderatssitzungen, wurde kurzfristig abgesagt, die Pr\u00e4sentation auf die n\u00e4chste Gemeinderatssitzung im Herbst verschoben. \u201eWir begr\u00fc\u00dfen den heutigen Beschluss zur Herstellung einer Radfahrer\u00fcberfahrt im Bereich der Agnesbr\u00fccke und den Anschluss der Volksschule Anton Bruckner-Gasse ans Radnetz\u201c, sagt Palfinger. \u201eDas ist ein wichtiger erster Schritt, viele weitere m\u00fcssen nun m\u00f6glichst rasch folgen.\u201c<\/p>\n<p>&#8212;&#8212;&#8212;&#8212;&#8212;&#8212;&#8211;<\/p>\n<\/div>\n<p>Weitere Zitate k\u00f6nnen Sie unserem elfmin\u00fctigem Video entnehmen. Dieses Video darf auch verlinkt, geteilt und eingebettet werden. Bitte f\u00fchren Sie dabei \u201e<strong>Robert Koch<\/strong>\u201c oder \u201eRadlobby Klosterneuburg\u201c als Quelle an.<\/p>\n<p>&nbsp;<\/p>\n<div dir=\"auto\">\n<p><strong>Weitere Informationen:<\/strong><br \/>\n<a href=\"http:\/\/klosterneuburg.radlobby.at\">klosterneuburg.radlobby.at<\/a><br \/>\nSocial Media: <a href=\"http:\/\/facebook.com\/radlobbyklbg\" target=\"_blank\" rel=\"noopener noreferrer\">facebook.com\/radlobbyklbg<\/a><br \/>\nFacebook-Gruppe Radfahren in Klosterneuburg<\/p>\n<p><strong>R\u00fcckfragen bitte an:<\/strong><br \/>\n<strong>Werner Palfinger, <\/strong>Radlobby Klosterneuburg<br \/>\n<a href=\"mailto:klosterneuburg@radlobby.at\">klosterneuburg@radlobby.at<\/a><br \/>\n<strong>Gerhard Allg\u00e4uer<\/strong>, Parents For Future Klosterneuburg<br \/>\n<a href=\"mailto:klosterneuburg@parentsforfuture.at\">klosterneuburg@parentsforfuture.at<\/a><\/p>\n<\/div>\n<p>&nbsp;<\/p>\n<p>&nbsp;<\/p>\n<p>&nbsp;<\/p>\n<p>&nbsp;<\/p>\n","protected":false},"excerpt":{"rendered":"<p>Mehr als 100 Menschen nahmen am 1. Juli 2020 an der Radparade \u201ePlatz f\u00fcr Klosterneuburg\u201c teil. Viele von ihnen lauschten bei der Abschlusskundgebung trotz einsetzenden Regens den Reden von Prof. Hermann Knoflacher, Werner Palfinger (Radlobby Klosterneuburg), Ilse Wrbka (Parents for<\/p>\n","protected":false},"author":16,"featured_media":14257,"comment_status":"closed","ping_status":"closed","sticky":false,"template":"","format":"standard","meta":{"footnotes":""},"categories":[382,295,20],"tags":[30],"class_list":["post-14252","post","type-post","status-publish","format-standard","has-post-thumbnail","hentry","category-klima","category-klosterneuburg","category-niederoesterreich","tag-radparade"],"yoast_head":"<!-- This site is optimized with the Yoast SEO plugin v26.9 - https:\/\/yoast.com\/product\/yoast-seo-wordpress\/ -->\n<title>Mehr als 100 Menschen bei der Radparade \u201ePlatz f\u00fcr Klosterneuburg\u201c - Radlobby Nieder\u00f6sterreich<\/title>\n<meta name=\"robots\" content=\"index, follow, max-snippet:-1, max-image-preview:large, max-video-preview:-1\" \/>\n<link rel=\"canonical\" href=\"https:\/\/www.radlobby.org\/noe\/mehr-als-100-menschen-bei-der-radparade-platz-fuer-klosterneuburg\/\" \/>\n<meta property=\"og:locale\" content=\"de_DE\" \/>\n<meta property=\"og:type\" content=\"article\" \/>\n<meta property=\"og:title\" content=\"Mehr als 100 Menschen bei der Radparade \u201ePlatz f\u00fcr Klosterneuburg\u201c - Radlobby Nieder\u00f6sterreich\" \/>\n<meta property=\"og:description\" content=\"Mehr als 100 Menschen nahmen am 1. Juli 2020 an der Radparade \u201ePlatz f\u00fcr Klosterneuburg\u201c teil. Viele von ihnen lauschten bei der Abschlusskundgebung trotz einsetzenden Regens den Reden von Prof. Hermann Knoflacher, Werner Palfinger (Radlobby Klosterneuburg), Ilse Wrbka (Parents for\" \/>\n<meta property=\"og:url\" content=\"https:\/\/www.radlobby.org\/noe\/mehr-als-100-menschen-bei-der-radparade-platz-fuer-klosterneuburg\/\" \/>\n<meta property=\"og:site_name\" content=\"Radlobby Nieder\u00f6sterreich\" \/>\n<meta property=\"article:publisher\" content=\"https:\/\/www.facebook.com\/groups\/radfahren.in.noe\/\" \/>\n<meta property=\"article:published_time\" content=\"2020-07-04T17:34:39+00:00\" \/>\n<meta property=\"article:modified_time\" content=\"2021-08-16T13:39:46+00:00\" \/>\n<meta property=\"og:image\" content=\"https:\/\/www.radlobby.org\/noe\/wp-content\/uploads\/a-20200701-RL-Klosterneubrug-Radparade-08.jpg\" \/>\n\t<meta property=\"og:image:width\" content=\"2000\" \/>\n\t<meta property=\"og:image:height\" content=\"1338\" \/>\n\t<meta property=\"og:image:type\" content=\"image\/jpeg\" \/>\n<meta name=\"author\" content=\"Karl Zauner - Admin\" \/>\n<meta name=\"twitter:card\" content=\"summary_large_image\" \/>\n<meta name=\"twitter:label1\" content=\"Verfasst von\" \/>\n\t<meta name=\"twitter:data1\" content=\"Karl Zauner - Admin\" \/>\n\t<meta name=\"twitter:label2\" content=\"Gesch\u00e4tzte Lesezeit\" \/>\n\t<meta name=\"twitter:data2\" content=\"5\u00a0Minuten\" \/>\n<script type=\"application\/ld+json\" class=\"yoast-schema-graph\">{\"@context\":\"https:\/\/schema.org\",\"@graph\":[{\"@type\":\"Article\",\"@id\":\"https:\/\/www.radlobby.org\/noe\/mehr-als-100-menschen-bei-der-radparade-platz-fuer-klosterneuburg\/#article\",\"isPartOf\":{\"@id\":\"https:\/\/www.radlobby.org\/noe\/mehr-als-100-menschen-bei-der-radparade-platz-fuer-klosterneuburg\/\"},\"author\":{\"name\":\"Karl Zauner - Admin\",\"@id\":\"https:\/\/www.radlobby.org\/noe\/#\/schema\/person\/10547574c40a9e9ea65f92c73f3c516b\"},\"headline\":\"Mehr als 100 Menschen bei der Radparade \u201ePlatz f\u00fcr Klosterneuburg\u201c\",\"datePublished\":\"2020-07-04T17:34:39+00:00\",\"dateModified\":\"2021-08-16T13:39:46+00:00\",\"mainEntityOfPage\":{\"@id\":\"https:\/\/www.radlobby.org\/noe\/mehr-als-100-menschen-bei-der-radparade-platz-fuer-klosterneuburg\/\"},\"wordCount\":1023,\"publisher\":{\"@id\":\"https:\/\/www.radlobby.org\/noe\/#organization\"},\"image\":{\"@id\":\"https:\/\/www.radlobby.org\/noe\/mehr-als-100-menschen-bei-der-radparade-platz-fuer-klosterneuburg\/#primaryimage\"},\"thumbnailUrl\":\"https:\/\/www.radlobby.org\/noe\/wp-content\/uploads\/a-20200701-RL-Klosterneubrug-Radparade-08.jpg\",\"keywords\":[\"Radparade\"],\"articleSection\":[\"Klima\",\"Radlobby Klosterneuburg\",\"Radlobby Nieder\u00f6sterreich\"],\"inLanguage\":\"de\"},{\"@type\":\"WebPage\",\"@id\":\"https:\/\/www.radlobby.org\/noe\/mehr-als-100-menschen-bei-der-radparade-platz-fuer-klosterneuburg\/\",\"url\":\"https:\/\/www.radlobby.org\/noe\/mehr-als-100-menschen-bei-der-radparade-platz-fuer-klosterneuburg\/\",\"name\":\"Mehr als 100 Menschen bei der Radparade \u201ePlatz f\u00fcr Klosterneuburg\u201c - Radlobby Nieder\u00f6sterreich\",\"isPartOf\":{\"@id\":\"https:\/\/www.radlobby.org\/noe\/#website\"},\"primaryImageOfPage\":{\"@id\":\"https:\/\/www.radlobby.org\/noe\/mehr-als-100-menschen-bei-der-radparade-platz-fuer-klosterneuburg\/#primaryimage\"},\"image\":{\"@id\":\"https:\/\/www.radlobby.org\/noe\/mehr-als-100-menschen-bei-der-radparade-platz-fuer-klosterneuburg\/#primaryimage\"},\"thumbnailUrl\":\"https:\/\/www.radlobby.org\/noe\/wp-content\/uploads\/a-20200701-RL-Klosterneubrug-Radparade-08.jpg\",\"datePublished\":\"2020-07-04T17:34:39+00:00\",\"dateModified\":\"2021-08-16T13:39:46+00:00\",\"breadcrumb\":{\"@id\":\"https:\/\/www.radlobby.org\/noe\/mehr-als-100-menschen-bei-der-radparade-platz-fuer-klosterneuburg\/#breadcrumb\"},\"inLanguage\":\"de\",\"potentialAction\":[{\"@type\":\"ReadAction\",\"target\":[\"https:\/\/www.radlobby.org\/noe\/mehr-als-100-menschen-bei-der-radparade-platz-fuer-klosterneuburg\/\"]}]},{\"@type\":\"ImageObject\",\"inLanguage\":\"de\",\"@id\":\"https:\/\/www.radlobby.org\/noe\/mehr-als-100-menschen-bei-der-radparade-platz-fuer-klosterneuburg\/#primaryimage\",\"url\":\"https:\/\/www.radlobby.org\/noe\/wp-content\/uploads\/a-20200701-RL-Klosterneubrug-Radparade-08.jpg\",\"contentUrl\":\"https:\/\/www.radlobby.org\/noe\/wp-content\/uploads\/a-20200701-RL-Klosterneubrug-Radparade-08.jpg\",\"width\":2000,\"height\":1338},{\"@type\":\"BreadcrumbList\",\"@id\":\"https:\/\/www.radlobby.org\/noe\/mehr-als-100-menschen-bei-der-radparade-platz-fuer-klosterneuburg\/#breadcrumb\",\"itemListElement\":[{\"@type\":\"ListItem\",\"position\":1,\"name\":\"Startseite\",\"item\":\"https:\/\/www.radlobby.org\/noe\/\"},{\"@type\":\"ListItem\",\"position\":2,\"name\":\"Mehr als 100 Menschen bei der Radparade \u201ePlatz f\u00fcr Klosterneuburg\u201c\"}]},{\"@type\":\"WebSite\",\"@id\":\"https:\/\/www.radlobby.org\/noe\/#website\",\"url\":\"https:\/\/www.radlobby.org\/noe\/\",\"name\":\"Radlobby Nieder\u00f6sterreich\",\"description\":\"Radverkehr, Fahrrad, Radfahren, Radreisen, Radtouren, Radweg\",\"publisher\":{\"@id\":\"https:\/\/www.radlobby.org\/noe\/#organization\"},\"potentialAction\":[{\"@type\":\"SearchAction\",\"target\":{\"@type\":\"EntryPoint\",\"urlTemplate\":\"https:\/\/www.radlobby.org\/noe\/?s={search_term_string}\"},\"query-input\":{\"@type\":\"PropertyValueSpecification\",\"valueRequired\":true,\"valueName\":\"search_term_string\"}}],\"inLanguage\":\"de\"},{\"@type\":\"Organization\",\"@id\":\"https:\/\/www.radlobby.org\/noe\/#organization\",\"name\":\"Radlobby Nieder\u00f6sterreich\",\"url\":\"https:\/\/www.radlobby.org\/noe\/\",\"logo\":{\"@type\":\"ImageObject\",\"inLanguage\":\"de\",\"@id\":\"https:\/\/www.radlobby.org\/noe\/#\/schema\/logo\/image\/\",\"url\":\"https:\/\/www.radlobby.org\/noe\/wp-content\/uploads\/2017\/01\/cropped-Logo_Radlobby_Niederoesterreich_50-400px_quer-1.jpg\",\"contentUrl\":\"https:\/\/www.radlobby.org\/noe\/wp-content\/uploads\/2017\/01\/cropped-Logo_Radlobby_Niederoesterreich_50-400px_quer-1.jpg\",\"width\":450,\"height\":124,\"caption\":\"Radlobby Nieder\u00f6sterreich\"},\"image\":{\"@id\":\"https:\/\/www.radlobby.org\/noe\/#\/schema\/logo\/image\/\"},\"sameAs\":[\"https:\/\/www.facebook.com\/groups\/radfahren.in.noe\/\"]},{\"@type\":\"Person\",\"@id\":\"https:\/\/www.radlobby.org\/noe\/#\/schema\/person\/10547574c40a9e9ea65f92c73f3c516b\",\"name\":\"Karl Zauner - Admin\",\"image\":{\"@type\":\"ImageObject\",\"inLanguage\":\"de\",\"@id\":\"https:\/\/www.radlobby.org\/noe\/#\/schema\/person\/image\/\",\"url\":\"https:\/\/secure.gravatar.com\/avatar\/c0be6303c1ffe16a7b1c79e07b12d4b29176a733c2a5e811b749965d4be12138?s=96&d=mm&r=g\",\"contentUrl\":\"https:\/\/secure.gravatar.com\/avatar\/c0be6303c1ffe16a7b1c79e07b12d4b29176a733c2a5e811b749965d4be12138?s=96&d=mm&r=g\",\"caption\":\"Karl Zauner - Admin\"},\"url\":\"https:\/\/www.radlobby.org\/noe\/author\/karlzauneradmin\/\"}]}<\/script>\n<!-- \/ Yoast SEO plugin. -->","yoast_head_json":{"title":"Mehr als 100 Menschen bei der Radparade \u201ePlatz f\u00fcr Klosterneuburg\u201c - Radlobby Nieder\u00f6sterreich","robots":{"index":"index","follow":"follow","max-snippet":"max-snippet:-1","max-image-preview":"max-image-preview:large","max-video-preview":"max-video-preview:-1"},"canonical":"https:\/\/www.radlobby.org\/noe\/mehr-als-100-menschen-bei-der-radparade-platz-fuer-klosterneuburg\/","og_locale":"de_DE","og_type":"article","og_title":"Mehr als 100 Menschen bei der Radparade \u201ePlatz f\u00fcr Klosterneuburg\u201c - Radlobby Nieder\u00f6sterreich","og_description":"Mehr als 100 Menschen nahmen am 1. Juli 2020 an der Radparade \u201ePlatz f\u00fcr Klosterneuburg\u201c teil. Viele von ihnen lauschten bei der Abschlusskundgebung trotz einsetzenden Regens den Reden von Prof. Hermann Knoflacher, Werner Palfinger (Radlobby Klosterneuburg), Ilse Wrbka (Parents for","og_url":"https:\/\/www.radlobby.org\/noe\/mehr-als-100-menschen-bei-der-radparade-platz-fuer-klosterneuburg\/","og_site_name":"Radlobby Nieder\u00f6sterreich","article_publisher":"https:\/\/www.facebook.com\/groups\/radfahren.in.noe\/","article_published_time":"2020-07-04T17:34:39+00:00","article_modified_time":"2021-08-16T13:39:46+00:00","og_image":[{"width":2000,"height":1338,"url":"https:\/\/www.radlobby.org\/noe\/wp-content\/uploads\/a-20200701-RL-Klosterneubrug-Radparade-08.jpg","type":"image\/jpeg"}],"author":"Karl Zauner - Admin","twitter_card":"summary_large_image","twitter_misc":{"Verfasst von":"Karl Zauner - Admin","Gesch\u00e4tzte Lesezeit":"5\u00a0Minuten"},"schema":{"@context":"https:\/\/schema.org","@graph":[{"@type":"Article","@id":"https:\/\/www.radlobby.org\/noe\/mehr-als-100-menschen-bei-der-radparade-platz-fuer-klosterneuburg\/#article","isPartOf":{"@id":"https:\/\/www.radlobby.org\/noe\/mehr-als-100-menschen-bei-der-radparade-platz-fuer-klosterneuburg\/"},"author":{"name":"Karl Zauner - Admin","@id":"https:\/\/www.radlobby.org\/noe\/#\/schema\/person\/10547574c40a9e9ea65f92c73f3c516b"},"headline":"Mehr als 100 Menschen bei der Radparade \u201ePlatz f\u00fcr Klosterneuburg\u201c","datePublished":"2020-07-04T17:34:39+00:00","dateModified":"2021-08-16T13:39:46+00:00","mainEntityOfPage":{"@id":"https:\/\/www.radlobby.org\/noe\/mehr-als-100-menschen-bei-der-radparade-platz-fuer-klosterneuburg\/"},"wordCount":1023,"publisher":{"@id":"https:\/\/www.radlobby.org\/noe\/#organization"},"image":{"@id":"https:\/\/www.radlobby.org\/noe\/mehr-als-100-menschen-bei-der-radparade-platz-fuer-klosterneuburg\/#primaryimage"},"thumbnailUrl":"https:\/\/www.radlobby.org\/noe\/wp-content\/uploads\/a-20200701-RL-Klosterneubrug-Radparade-08.jpg","keywords":["Radparade"],"articleSection":["Klima","Radlobby Klosterneuburg","Radlobby Nieder\u00f6sterreich"],"inLanguage":"de"},{"@type":"WebPage","@id":"https:\/\/www.radlobby.org\/noe\/mehr-als-100-menschen-bei-der-radparade-platz-fuer-klosterneuburg\/","url":"https:\/\/www.radlobby.org\/noe\/mehr-als-100-menschen-bei-der-radparade-platz-fuer-klosterneuburg\/","name":"Mehr als 100 Menschen bei der Radparade \u201ePlatz f\u00fcr Klosterneuburg\u201c - Radlobby Nieder\u00f6sterreich","isPartOf":{"@id":"https:\/\/www.radlobby.org\/noe\/#website"},"primaryImageOfPage":{"@id":"https:\/\/www.radlobby.org\/noe\/mehr-als-100-menschen-bei-der-radparade-platz-fuer-klosterneuburg\/#primaryimage"},"image":{"@id":"https:\/\/www.radlobby.org\/noe\/mehr-als-100-menschen-bei-der-radparade-platz-fuer-klosterneuburg\/#primaryimage"},"thumbnailUrl":"https:\/\/www.radlobby.org\/noe\/wp-content\/uploads\/a-20200701-RL-Klosterneubrug-Radparade-08.jpg","datePublished":"2020-07-04T17:34:39+00:00","dateModified":"2021-08-16T13:39:46+00:00","breadcrumb":{"@id":"https:\/\/www.radlobby.org\/noe\/mehr-als-100-menschen-bei-der-radparade-platz-fuer-klosterneuburg\/#breadcrumb"},"inLanguage":"de","potentialAction":[{"@type":"ReadAction","target":["https:\/\/www.radlobby.org\/noe\/mehr-als-100-menschen-bei-der-radparade-platz-fuer-klosterneuburg\/"]}]},{"@type":"ImageObject","inLanguage":"de","@id":"https:\/\/www.radlobby.org\/noe\/mehr-als-100-menschen-bei-der-radparade-platz-fuer-klosterneuburg\/#primaryimage","url":"https:\/\/www.radlobby.org\/noe\/wp-content\/uploads\/a-20200701-RL-Klosterneubrug-Radparade-08.jpg","contentUrl":"https:\/\/www.radlobby.org\/noe\/wp-content\/uploads\/a-20200701-RL-Klosterneubrug-Radparade-08.jpg","width":2000,"height":1338},{"@type":"BreadcrumbList","@id":"https:\/\/www.radlobby.org\/noe\/mehr-als-100-menschen-bei-der-radparade-platz-fuer-klosterneuburg\/#breadcrumb","itemListElement":[{"@type":"ListItem","position":1,"name":"Startseite","item":"https:\/\/www.radlobby.org\/noe\/"},{"@type":"ListItem","position":2,"name":"Mehr als 100 Menschen bei der Radparade \u201ePlatz f\u00fcr Klosterneuburg\u201c"}]},{"@type":"WebSite","@id":"https:\/\/www.radlobby.org\/noe\/#website","url":"https:\/\/www.radlobby.org\/noe\/","name":"Radlobby Nieder\u00f6sterreich","description":"Radverkehr, Fahrrad, Radfahren, Radreisen, Radtouren, Radweg","publisher":{"@id":"https:\/\/www.radlobby.org\/noe\/#organization"},"potentialAction":[{"@type":"SearchAction","target":{"@type":"EntryPoint","urlTemplate":"https:\/\/www.radlobby.org\/noe\/?s={search_term_string}"},"query-input":{"@type":"PropertyValueSpecification","valueRequired":true,"valueName":"search_term_string"}}],"inLanguage":"de"},{"@type":"Organization","@id":"https:\/\/www.radlobby.org\/noe\/#organization","name":"Radlobby Nieder\u00f6sterreich","url":"https:\/\/www.radlobby.org\/noe\/","logo":{"@type":"ImageObject","inLanguage":"de","@id":"https:\/\/www.radlobby.org\/noe\/#\/schema\/logo\/image\/","url":"https:\/\/www.radlobby.org\/noe\/wp-content\/uploads\/2017\/01\/cropped-Logo_Radlobby_Niederoesterreich_50-400px_quer-1.jpg","contentUrl":"https:\/\/www.radlobby.org\/noe\/wp-content\/uploads\/2017\/01\/cropped-Logo_Radlobby_Niederoesterreich_50-400px_quer-1.jpg","width":450,"height":124,"caption":"Radlobby Nieder\u00f6sterreich"},"image":{"@id":"https:\/\/www.radlobby.org\/noe\/#\/schema\/logo\/image\/"},"sameAs":["https:\/\/www.facebook.com\/groups\/radfahren.in.noe\/"]},{"@type":"Person","@id":"https:\/\/www.radlobby.org\/noe\/#\/schema\/person\/10547574c40a9e9ea65f92c73f3c516b","name":"Karl Zauner - Admin","image":{"@type":"ImageObject","inLanguage":"de","@id":"https:\/\/www.radlobby.org\/noe\/#\/schema\/person\/image\/","url":"https:\/\/secure.gravatar.com\/avatar\/c0be6303c1ffe16a7b1c79e07b12d4b29176a733c2a5e811b749965d4be12138?s=96&d=mm&r=g","contentUrl":"https:\/\/secure.gravatar.com\/avatar\/c0be6303c1ffe16a7b1c79e07b12d4b29176a733c2a5e811b749965d4be12138?s=96&d=mm&r=g","caption":"Karl Zauner - Admin"},"url":"https:\/\/www.radlobby.org\/noe\/author\/karlzauneradmin\/"}]}},"_links":{"self":[{"href":"https:\/\/www.radlobby.org\/noe\/wp-json\/wp\/v2\/posts\/14252","targetHints":{"allow":["GET"]}}],"collection":[{"href":"https:\/\/www.radlobby.org\/noe\/wp-json\/wp\/v2\/posts"}],"about":[{"href":"https:\/\/www.radlobby.org\/noe\/wp-json\/wp\/v2\/types\/post"}],"author":[{"embeddable":true,"href":"https:\/\/www.radlobby.org\/noe\/wp-json\/wp\/v2\/users\/16"}],"replies":[{"embeddable":true,"href":"https:\/\/www.radlobby.org\/noe\/wp-json\/wp\/v2\/comments?post=14252"}],"version-history":[{"count":0,"href":"https:\/\/www.radlobby.org\/noe\/wp-json\/wp\/v2\/posts\/14252\/revisions"}],"wp:featuredmedia":[{"embeddable":true,"href":"https:\/\/www.radlobby.org\/noe\/wp-json\/wp\/v2\/media\/14257"}],"wp:attachment":[{"href":"https:\/\/www.radlobby.org\/noe\/wp-json\/wp\/v2\/media?parent=14252"}],"wp:term":[{"taxonomy":"category","embeddable":true,"href":"https:\/\/www.radlobby.org\/noe\/wp-json\/wp\/v2\/categories?post=14252"},{"taxonomy":"post_tag","embeddable":true,"href":"https:\/\/www.radlobby.org\/noe\/wp-json\/wp\/v2\/tags?post=14252"}],"curies":[{"name":"wp","href":"https:\/\/api.w.org\/{rel}","templated":true}]}}