{"id":14249,"date":"2020-07-02T11:55:03","date_gmt":"2020-07-02T09:55:03","guid":{"rendered":"http:\/\/www.radlobby.org\/noe\/?p=14249"},"modified":"2022-09-27T20:42:14","modified_gmt":"2022-09-27T18:42:14","slug":"eroeffnung-der-klimaentlaster-zentrale-amstetten-do-9-juli-2020-%c2%b7-9-12-uhr","status":"publish","type":"post","link":"https:\/\/www.radlobby.org\/noe\/eroeffnung-der-klimaentlaster-zentrale-amstetten-do-9-juli-2020-%c2%b7-9-12-uhr\/","title":{"rendered":"Er\u00f6ffnung der \u201eKlimaEntLaster-Zentrale Amstetten\u201c <br>Do. 9. Juli 2020 \u00b7 9-12 Uhr"},"content":{"rendered":"<div class=\"kvgmc6g5 cxmmr5t8 oygrvhab hcukyx3x c1et5uql\"><img loading=\"lazy\" decoding=\"async\" class=\"alignnone wp-image-14250\" src=\"http:\/\/www.radlobby.org\/noe\/wp-content\/uploads\/Klimaentlaster.jpg\" alt=\"\" width=\"749\" height=\"383\" srcset=\"https:\/\/www.radlobby.org\/noe\/wp-content\/uploads\/Klimaentlaster.jpg 1198w, https:\/\/www.radlobby.org\/noe\/wp-content\/uploads\/Klimaentlaster-300x154.jpg 300w, https:\/\/www.radlobby.org\/noe\/wp-content\/uploads\/Klimaentlaster-768x393.jpg 768w\" sizes=\"auto, (max-width: 749px) 100vw, 749px\" \/><\/div>\n<div class=\"kvgmc6g5 cxmmr5t8 oygrvhab hcukyx3x c1et5uql\">Am 9. Juli 2020 findet am Hauptplatz von Amstetten von 9:00-12:00 Uhr die feierliche Er\u00f6ffnung der \u201eKlimaEnlaster-Zentrale Amstetten\u201c statt.<\/div>\n<div><\/div>\n<div class=\"kvgmc6g5 cxmmr5t8 oygrvhab hcukyx3x c1et5uql\">Dabei werden die ersten drei Transportr\u00e4der den ersten RadlgeberInnen offiziell \u00fcbergeben. Im Anschluss daran haben Sie die M\u00f6glichkeit die Transportr\u00e4der selbst zu testen und Probe zu fahren. Zu dieser Veranstaltung m\u00f6chten wir Sie herzlich einladen.<\/div>\n<div class=\"o9v6fnle cxmmr5t8 oygrvhab hcukyx3x c1et5uql\">Bei der Er\u00f6ffnungsfeier wird au\u00dferdem N\u00d6-Regional und die Energie- und Umweltberatung N\u00d6 (eNu) vor Ort sein und \u00fcber ihre Aktivit\u00e4ten zum Thema Stadterneuerungsprozesse und Mobilit\u00e4t informieren.<\/div>\n<div class=\"o9v6fnle cxmmr5t8 oygrvhab hcukyx3x c1et5uql\">Die ersten Transportr\u00e4der stehen dann ab Mitte Juli f\u00fcr Sie \u00fcber die Plattform\u00a0<a class=\"oajrlxb2 g5ia77u1 qu0x051f esr5mh6w e9989ue4 r7d6kgcz rq0escxv nhd2j8a9 nc684nl6 p7hjln8o kvgmc6g5 cxmmr5t8 oygrvhab hcukyx3x jb3vyjys rz4wbd8a qt6c0cv9 a8nywdso i1ao9s8h esuyzwwr f1sip0of lzcic4wl py34i1dx gpro0wi8\" tabindex=\"0\" role=\"link\" href=\"https:\/\/l.facebook.com\/l.php?u=https%3A%2F%2Fwww.klimaentlaster.at%2Ffahrradleihe%2F%3Ffbclid%3DIwAR2kovjUKcGnFBae3P0lChwM6EUXBaHFwSCV2ObA5SNpBb2QTXJ2ZyWiIIY&amp;h=AT2IrDniTLwzAIFmw6OW5Pt1iJl96C_ifTNfCGWe3-EiHNjXaRbB60gBlx1vIyH9lTwFXMhm3nmYSD4jbkhas1CvJ_EUx8H9xZdiZLv6gGbHjbkKDpi6NynjmVsSWaZGFg\" target=\"_blank\" rel=\"nofollow noopener noreferrer\">https:\/\/www.klimaentlaster.at\/fahrradleihe\/<\/a>\u00a0zum Ausborgen bereit.<\/div>\n<div class=\"o9v6fnle cxmmr5t8 oygrvhab hcukyx3x c1et5uql\">Wir freuen uns auf ein zahlreiches Kommen und auf eine vielseitige Nutzung der Transportr\u00e4der!<\/div>\n","protected":false},"excerpt":{"rendered":"<p>Am 9. Juli 2020 findet am Hauptplatz von Amstetten von 9:00-12:00 Uhr die feierliche Er\u00f6ffnung der \u201eKlimaEnlaster-Zentrale Amstetten\u201c statt. Dabei werden die ersten drei Transportr\u00e4der den ersten RadlgeberInnen offiziell \u00fcbergeben. Im Anschluss daran haben Sie die M\u00f6glichkeit die Transportr\u00e4der selbst<\/p>\n","protected":false},"author":16,"featured_media":14250,"comment_status":"closed","ping_status":"closed","sticky":false,"template":"","format":"standard","meta":{"footnotes":""},"categories":[382,579,321,9,20,8],"tags":[68],"class_list":["post-14249","post","type-post","status-publish","format-standard","has-post-thumbnail","hentry","category-klima","category-amstetten","category-enns-donauwinkel","category-melk","category-niederoesterreich","category-waidhofenybbs","tag-lastenraeder"],"yoast_head":"<!-- This site is optimized with the Yoast SEO plugin v26.9 - https:\/\/yoast.com\/product\/yoast-seo-wordpress\/ -->\n<title>Er\u00f6ffnung der \u201eKlimaEntLaster-Zentrale Amstetten\u201c Do. 9. Juli 2020 \u00b7 9-12 Uhr - Radlobby Nieder\u00f6sterreich<\/title>\n<meta name=\"robots\" content=\"index, follow, max-snippet:-1, max-image-preview:large, max-video-preview:-1\" \/>\n<link rel=\"canonical\" href=\"https:\/\/www.radlobby.org\/noe\/eroeffnung-der-klimaentlaster-zentrale-amstetten-do-9-juli-2020-\u00b7-9-12-uhr\/\" \/>\n<meta property=\"og:locale\" content=\"de_DE\" \/>\n<meta property=\"og:type\" content=\"article\" \/>\n<meta property=\"og:title\" content=\"Er\u00f6ffnung der \u201eKlimaEntLaster-Zentrale Amstetten\u201c Do. 9. Juli 2020 \u00b7 9-12 Uhr - Radlobby Nieder\u00f6sterreich\" \/>\n<meta property=\"og:description\" content=\"Am 9. Juli 2020 findet am Hauptplatz von Amstetten von 9:00-12:00 Uhr die feierliche Er\u00f6ffnung der \u201eKlimaEnlaster-Zentrale Amstetten\u201c statt. Dabei werden die ersten drei Transportr\u00e4der den ersten RadlgeberInnen offiziell \u00fcbergeben. Im Anschluss daran haben Sie die M\u00f6glichkeit die Transportr\u00e4der selbst\" \/>\n<meta property=\"og:url\" content=\"https:\/\/www.radlobby.org\/noe\/eroeffnung-der-klimaentlaster-zentrale-amstetten-do-9-juli-2020-\u00b7-9-12-uhr\/\" \/>\n<meta property=\"og:site_name\" content=\"Radlobby Nieder\u00f6sterreich\" \/>\n<meta property=\"article:publisher\" content=\"https:\/\/www.facebook.com\/groups\/radfahren.in.noe\/\" \/>\n<meta property=\"article:published_time\" content=\"2020-07-02T09:55:03+00:00\" \/>\n<meta property=\"article:modified_time\" content=\"2022-09-27T18:42:14+00:00\" \/>\n<meta property=\"og:image\" content=\"https:\/\/www.radlobby.org\/noe\/wp-content\/uploads\/Klimaentlaster.jpg\" \/>\n\t<meta property=\"og:image:width\" content=\"1198\" \/>\n\t<meta property=\"og:image:height\" content=\"613\" \/>\n\t<meta property=\"og:image:type\" content=\"image\/jpeg\" \/>\n<meta name=\"author\" content=\"Karl Zauner - Admin\" \/>\n<meta name=\"twitter:card\" content=\"summary_large_image\" \/>\n<meta name=\"twitter:label1\" content=\"Verfasst von\" \/>\n\t<meta name=\"twitter:data1\" content=\"Karl Zauner - Admin\" \/>\n\t<meta name=\"twitter:label2\" content=\"Gesch\u00e4tzte Lesezeit\" \/>\n\t<meta name=\"twitter:data2\" content=\"1\u00a0Minute\" \/>\n<script type=\"application\/ld+json\" class=\"yoast-schema-graph\">{\"@context\":\"https:\/\/schema.org\",\"@graph\":[{\"@type\":\"Article\",\"@id\":\"https:\/\/www.radlobby.org\/noe\/eroeffnung-der-klimaentlaster-zentrale-amstetten-do-9-juli-2020-%c2%b7-9-12-uhr\/#article\",\"isPartOf\":{\"@id\":\"https:\/\/www.radlobby.org\/noe\/eroeffnung-der-klimaentlaster-zentrale-amstetten-do-9-juli-2020-%c2%b7-9-12-uhr\/\"},\"author\":{\"name\":\"Karl Zauner - Admin\",\"@id\":\"https:\/\/www.radlobby.org\/noe\/#\/schema\/person\/10547574c40a9e9ea65f92c73f3c516b\"},\"headline\":\"Er\u00f6ffnung der \u201eKlimaEntLaster-Zentrale Amstetten\u201c Do. 9. Juli 2020 \u00b7 9-12 Uhr\",\"datePublished\":\"2020-07-02T09:55:03+00:00\",\"dateModified\":\"2022-09-27T18:42:14+00:00\",\"mainEntityOfPage\":{\"@id\":\"https:\/\/www.radlobby.org\/noe\/eroeffnung-der-klimaentlaster-zentrale-amstetten-do-9-juli-2020-%c2%b7-9-12-uhr\/\"},\"wordCount\":135,\"publisher\":{\"@id\":\"https:\/\/www.radlobby.org\/noe\/#organization\"},\"image\":{\"@id\":\"https:\/\/www.radlobby.org\/noe\/eroeffnung-der-klimaentlaster-zentrale-amstetten-do-9-juli-2020-%c2%b7-9-12-uhr\/#primaryimage\"},\"thumbnailUrl\":\"https:\/\/www.radlobby.org\/noe\/wp-content\/uploads\/Klimaentlaster.jpg\",\"keywords\":[\"Lastenr\u00e4der\"],\"articleSection\":[\"Klima\",\"Radlobby Amstetten\",\"Radlobby Enns-Donauwinkel\",\"Radlobby Melk\",\"Radlobby Nieder\u00f6sterreich\",\"Radlobby WaidhofenYbbs\"],\"inLanguage\":\"de\"},{\"@type\":\"WebPage\",\"@id\":\"https:\/\/www.radlobby.org\/noe\/eroeffnung-der-klimaentlaster-zentrale-amstetten-do-9-juli-2020-%c2%b7-9-12-uhr\/\",\"url\":\"https:\/\/www.radlobby.org\/noe\/eroeffnung-der-klimaentlaster-zentrale-amstetten-do-9-juli-2020-%c2%b7-9-12-uhr\/\",\"name\":\"Er\u00f6ffnung der \u201eKlimaEntLaster-Zentrale Amstetten\u201c Do. 9. Juli 2020 \u00b7 9-12 Uhr - Radlobby Nieder\u00f6sterreich\",\"isPartOf\":{\"@id\":\"https:\/\/www.radlobby.org\/noe\/#website\"},\"primaryImageOfPage\":{\"@id\":\"https:\/\/www.radlobby.org\/noe\/eroeffnung-der-klimaentlaster-zentrale-amstetten-do-9-juli-2020-%c2%b7-9-12-uhr\/#primaryimage\"},\"image\":{\"@id\":\"https:\/\/www.radlobby.org\/noe\/eroeffnung-der-klimaentlaster-zentrale-amstetten-do-9-juli-2020-%c2%b7-9-12-uhr\/#primaryimage\"},\"thumbnailUrl\":\"https:\/\/www.radlobby.org\/noe\/wp-content\/uploads\/Klimaentlaster.jpg\",\"datePublished\":\"2020-07-02T09:55:03+00:00\",\"dateModified\":\"2022-09-27T18:42:14+00:00\",\"breadcrumb\":{\"@id\":\"https:\/\/www.radlobby.org\/noe\/eroeffnung-der-klimaentlaster-zentrale-amstetten-do-9-juli-2020-%c2%b7-9-12-uhr\/#breadcrumb\"},\"inLanguage\":\"de\",\"potentialAction\":[{\"@type\":\"ReadAction\",\"target\":[\"https:\/\/www.radlobby.org\/noe\/eroeffnung-der-klimaentlaster-zentrale-amstetten-do-9-juli-2020-%c2%b7-9-12-uhr\/\"]}]},{\"@type\":\"ImageObject\",\"inLanguage\":\"de\",\"@id\":\"https:\/\/www.radlobby.org\/noe\/eroeffnung-der-klimaentlaster-zentrale-amstetten-do-9-juli-2020-%c2%b7-9-12-uhr\/#primaryimage\",\"url\":\"https:\/\/www.radlobby.org\/noe\/wp-content\/uploads\/Klimaentlaster.jpg\",\"contentUrl\":\"https:\/\/www.radlobby.org\/noe\/wp-content\/uploads\/Klimaentlaster.jpg\",\"width\":1198,\"height\":613},{\"@type\":\"BreadcrumbList\",\"@id\":\"https:\/\/www.radlobby.org\/noe\/eroeffnung-der-klimaentlaster-zentrale-amstetten-do-9-juli-2020-%c2%b7-9-12-uhr\/#breadcrumb\",\"itemListElement\":[{\"@type\":\"ListItem\",\"position\":1,\"name\":\"Startseite\",\"item\":\"https:\/\/www.radlobby.org\/noe\/\"},{\"@type\":\"ListItem\",\"position\":2,\"name\":\"Er\u00f6ffnung der \u201eKlimaEntLaster-Zentrale Amstetten\u201c Do. 9. Juli 2020 \u00b7 9-12 Uhr\"}]},{\"@type\":\"WebSite\",\"@id\":\"https:\/\/www.radlobby.org\/noe\/#website\",\"url\":\"https:\/\/www.radlobby.org\/noe\/\",\"name\":\"Radlobby Nieder\u00f6sterreich\",\"description\":\"Radverkehr, Fahrrad, Radfahren, Radreisen, Radtouren, Radweg\",\"publisher\":{\"@id\":\"https:\/\/www.radlobby.org\/noe\/#organization\"},\"potentialAction\":[{\"@type\":\"SearchAction\",\"target\":{\"@type\":\"EntryPoint\",\"urlTemplate\":\"https:\/\/www.radlobby.org\/noe\/?s={search_term_string}\"},\"query-input\":{\"@type\":\"PropertyValueSpecification\",\"valueRequired\":true,\"valueName\":\"search_term_string\"}}],\"inLanguage\":\"de\"},{\"@type\":\"Organization\",\"@id\":\"https:\/\/www.radlobby.org\/noe\/#organization\",\"name\":\"Radlobby Nieder\u00f6sterreich\",\"url\":\"https:\/\/www.radlobby.org\/noe\/\",\"logo\":{\"@type\":\"ImageObject\",\"inLanguage\":\"de\",\"@id\":\"https:\/\/www.radlobby.org\/noe\/#\/schema\/logo\/image\/\",\"url\":\"https:\/\/www.radlobby.org\/noe\/wp-content\/uploads\/2017\/01\/cropped-Logo_Radlobby_Niederoesterreich_50-400px_quer-1.jpg\",\"contentUrl\":\"https:\/\/www.radlobby.org\/noe\/wp-content\/uploads\/2017\/01\/cropped-Logo_Radlobby_Niederoesterreich_50-400px_quer-1.jpg\",\"width\":450,\"height\":124,\"caption\":\"Radlobby Nieder\u00f6sterreich\"},\"image\":{\"@id\":\"https:\/\/www.radlobby.org\/noe\/#\/schema\/logo\/image\/\"},\"sameAs\":[\"https:\/\/www.facebook.com\/groups\/radfahren.in.noe\/\"]},{\"@type\":\"Person\",\"@id\":\"https:\/\/www.radlobby.org\/noe\/#\/schema\/person\/10547574c40a9e9ea65f92c73f3c516b\",\"name\":\"Karl Zauner - Admin\",\"image\":{\"@type\":\"ImageObject\",\"inLanguage\":\"de\",\"@id\":\"https:\/\/www.radlobby.org\/noe\/#\/schema\/person\/image\/\",\"url\":\"https:\/\/secure.gravatar.com\/avatar\/c0be6303c1ffe16a7b1c79e07b12d4b29176a733c2a5e811b749965d4be12138?s=96&d=mm&r=g\",\"contentUrl\":\"https:\/\/secure.gravatar.com\/avatar\/c0be6303c1ffe16a7b1c79e07b12d4b29176a733c2a5e811b749965d4be12138?s=96&d=mm&r=g\",\"caption\":\"Karl Zauner - Admin\"},\"url\":\"https:\/\/www.radlobby.org\/noe\/author\/karlzauneradmin\/\"}]}<\/script>\n<!-- \/ Yoast SEO plugin. -->","yoast_head_json":{"title":"Er\u00f6ffnung der \u201eKlimaEntLaster-Zentrale Amstetten\u201c Do. 9. Juli 2020 \u00b7 9-12 Uhr - Radlobby Nieder\u00f6sterreich","robots":{"index":"index","follow":"follow","max-snippet":"max-snippet:-1","max-image-preview":"max-image-preview:large","max-video-preview":"max-video-preview:-1"},"canonical":"https:\/\/www.radlobby.org\/noe\/eroeffnung-der-klimaentlaster-zentrale-amstetten-do-9-juli-2020-\u00b7-9-12-uhr\/","og_locale":"de_DE","og_type":"article","og_title":"Er\u00f6ffnung der \u201eKlimaEntLaster-Zentrale Amstetten\u201c Do. 9. Juli 2020 \u00b7 9-12 Uhr - Radlobby Nieder\u00f6sterreich","og_description":"Am 9. Juli 2020 findet am Hauptplatz von Amstetten von 9:00-12:00 Uhr die feierliche Er\u00f6ffnung der \u201eKlimaEnlaster-Zentrale Amstetten\u201c statt. Dabei werden die ersten drei Transportr\u00e4der den ersten RadlgeberInnen offiziell \u00fcbergeben. Im Anschluss daran haben Sie die M\u00f6glichkeit die Transportr\u00e4der selbst","og_url":"https:\/\/www.radlobby.org\/noe\/eroeffnung-der-klimaentlaster-zentrale-amstetten-do-9-juli-2020-\u00b7-9-12-uhr\/","og_site_name":"Radlobby Nieder\u00f6sterreich","article_publisher":"https:\/\/www.facebook.com\/groups\/radfahren.in.noe\/","article_published_time":"2020-07-02T09:55:03+00:00","article_modified_time":"2022-09-27T18:42:14+00:00","og_image":[{"width":1198,"height":613,"url":"https:\/\/www.radlobby.org\/noe\/wp-content\/uploads\/Klimaentlaster.jpg","type":"image\/jpeg"}],"author":"Karl Zauner - Admin","twitter_card":"summary_large_image","twitter_misc":{"Verfasst von":"Karl Zauner - Admin","Gesch\u00e4tzte Lesezeit":"1\u00a0Minute"},"schema":{"@context":"https:\/\/schema.org","@graph":[{"@type":"Article","@id":"https:\/\/www.radlobby.org\/noe\/eroeffnung-der-klimaentlaster-zentrale-amstetten-do-9-juli-2020-%c2%b7-9-12-uhr\/#article","isPartOf":{"@id":"https:\/\/www.radlobby.org\/noe\/eroeffnung-der-klimaentlaster-zentrale-amstetten-do-9-juli-2020-%c2%b7-9-12-uhr\/"},"author":{"name":"Karl Zauner - Admin","@id":"https:\/\/www.radlobby.org\/noe\/#\/schema\/person\/10547574c40a9e9ea65f92c73f3c516b"},"headline":"Er\u00f6ffnung der \u201eKlimaEntLaster-Zentrale Amstetten\u201c Do. 9. Juli 2020 \u00b7 9-12 Uhr","datePublished":"2020-07-02T09:55:03+00:00","dateModified":"2022-09-27T18:42:14+00:00","mainEntityOfPage":{"@id":"https:\/\/www.radlobby.org\/noe\/eroeffnung-der-klimaentlaster-zentrale-amstetten-do-9-juli-2020-%c2%b7-9-12-uhr\/"},"wordCount":135,"publisher":{"@id":"https:\/\/www.radlobby.org\/noe\/#organization"},"image":{"@id":"https:\/\/www.radlobby.org\/noe\/eroeffnung-der-klimaentlaster-zentrale-amstetten-do-9-juli-2020-%c2%b7-9-12-uhr\/#primaryimage"},"thumbnailUrl":"https:\/\/www.radlobby.org\/noe\/wp-content\/uploads\/Klimaentlaster.jpg","keywords":["Lastenr\u00e4der"],"articleSection":["Klima","Radlobby Amstetten","Radlobby Enns-Donauwinkel","Radlobby Melk","Radlobby Nieder\u00f6sterreich","Radlobby WaidhofenYbbs"],"inLanguage":"de"},{"@type":"WebPage","@id":"https:\/\/www.radlobby.org\/noe\/eroeffnung-der-klimaentlaster-zentrale-amstetten-do-9-juli-2020-%c2%b7-9-12-uhr\/","url":"https:\/\/www.radlobby.org\/noe\/eroeffnung-der-klimaentlaster-zentrale-amstetten-do-9-juli-2020-%c2%b7-9-12-uhr\/","name":"Er\u00f6ffnung der \u201eKlimaEntLaster-Zentrale Amstetten\u201c Do. 9. Juli 2020 \u00b7 9-12 Uhr - Radlobby Nieder\u00f6sterreich","isPartOf":{"@id":"https:\/\/www.radlobby.org\/noe\/#website"},"primaryImageOfPage":{"@id":"https:\/\/www.radlobby.org\/noe\/eroeffnung-der-klimaentlaster-zentrale-amstetten-do-9-juli-2020-%c2%b7-9-12-uhr\/#primaryimage"},"image":{"@id":"https:\/\/www.radlobby.org\/noe\/eroeffnung-der-klimaentlaster-zentrale-amstetten-do-9-juli-2020-%c2%b7-9-12-uhr\/#primaryimage"},"thumbnailUrl":"https:\/\/www.radlobby.org\/noe\/wp-content\/uploads\/Klimaentlaster.jpg","datePublished":"2020-07-02T09:55:03+00:00","dateModified":"2022-09-27T18:42:14+00:00","breadcrumb":{"@id":"https:\/\/www.radlobby.org\/noe\/eroeffnung-der-klimaentlaster-zentrale-amstetten-do-9-juli-2020-%c2%b7-9-12-uhr\/#breadcrumb"},"inLanguage":"de","potentialAction":[{"@type":"ReadAction","target":["https:\/\/www.radlobby.org\/noe\/eroeffnung-der-klimaentlaster-zentrale-amstetten-do-9-juli-2020-%c2%b7-9-12-uhr\/"]}]},{"@type":"ImageObject","inLanguage":"de","@id":"https:\/\/www.radlobby.org\/noe\/eroeffnung-der-klimaentlaster-zentrale-amstetten-do-9-juli-2020-%c2%b7-9-12-uhr\/#primaryimage","url":"https:\/\/www.radlobby.org\/noe\/wp-content\/uploads\/Klimaentlaster.jpg","contentUrl":"https:\/\/www.radlobby.org\/noe\/wp-content\/uploads\/Klimaentlaster.jpg","width":1198,"height":613},{"@type":"BreadcrumbList","@id":"https:\/\/www.radlobby.org\/noe\/eroeffnung-der-klimaentlaster-zentrale-amstetten-do-9-juli-2020-%c2%b7-9-12-uhr\/#breadcrumb","itemListElement":[{"@type":"ListItem","position":1,"name":"Startseite","item":"https:\/\/www.radlobby.org\/noe\/"},{"@type":"ListItem","position":2,"name":"Er\u00f6ffnung der \u201eKlimaEntLaster-Zentrale Amstetten\u201c Do. 9. Juli 2020 \u00b7 9-12 Uhr"}]},{"@type":"WebSite","@id":"https:\/\/www.radlobby.org\/noe\/#website","url":"https:\/\/www.radlobby.org\/noe\/","name":"Radlobby Nieder\u00f6sterreich","description":"Radverkehr, Fahrrad, Radfahren, Radreisen, Radtouren, Radweg","publisher":{"@id":"https:\/\/www.radlobby.org\/noe\/#organization"},"potentialAction":[{"@type":"SearchAction","target":{"@type":"EntryPoint","urlTemplate":"https:\/\/www.radlobby.org\/noe\/?s={search_term_string}"},"query-input":{"@type":"PropertyValueSpecification","valueRequired":true,"valueName":"search_term_string"}}],"inLanguage":"de"},{"@type":"Organization","@id":"https:\/\/www.radlobby.org\/noe\/#organization","name":"Radlobby Nieder\u00f6sterreich","url":"https:\/\/www.radlobby.org\/noe\/","logo":{"@type":"ImageObject","inLanguage":"de","@id":"https:\/\/www.radlobby.org\/noe\/#\/schema\/logo\/image\/","url":"https:\/\/www.radlobby.org\/noe\/wp-content\/uploads\/2017\/01\/cropped-Logo_Radlobby_Niederoesterreich_50-400px_quer-1.jpg","contentUrl":"https:\/\/www.radlobby.org\/noe\/wp-content\/uploads\/2017\/01\/cropped-Logo_Radlobby_Niederoesterreich_50-400px_quer-1.jpg","width":450,"height":124,"caption":"Radlobby Nieder\u00f6sterreich"},"image":{"@id":"https:\/\/www.radlobby.org\/noe\/#\/schema\/logo\/image\/"},"sameAs":["https:\/\/www.facebook.com\/groups\/radfahren.in.noe\/"]},{"@type":"Person","@id":"https:\/\/www.radlobby.org\/noe\/#\/schema\/person\/10547574c40a9e9ea65f92c73f3c516b","name":"Karl Zauner - Admin","image":{"@type":"ImageObject","inLanguage":"de","@id":"https:\/\/www.radlobby.org\/noe\/#\/schema\/person\/image\/","url":"https:\/\/secure.gravatar.com\/avatar\/c0be6303c1ffe16a7b1c79e07b12d4b29176a733c2a5e811b749965d4be12138?s=96&d=mm&r=g","contentUrl":"https:\/\/secure.gravatar.com\/avatar\/c0be6303c1ffe16a7b1c79e07b12d4b29176a733c2a5e811b749965d4be12138?s=96&d=mm&r=g","caption":"Karl Zauner - Admin"},"url":"https:\/\/www.radlobby.org\/noe\/author\/karlzauneradmin\/"}]}},"_links":{"self":[{"href":"https:\/\/www.radlobby.org\/noe\/wp-json\/wp\/v2\/posts\/14249","targetHints":{"allow":["GET"]}}],"collection":[{"href":"https:\/\/www.radlobby.org\/noe\/wp-json\/wp\/v2\/posts"}],"about":[{"href":"https:\/\/www.radlobby.org\/noe\/wp-json\/wp\/v2\/types\/post"}],"author":[{"embeddable":true,"href":"https:\/\/www.radlobby.org\/noe\/wp-json\/wp\/v2\/users\/16"}],"replies":[{"embeddable":true,"href":"https:\/\/www.radlobby.org\/noe\/wp-json\/wp\/v2\/comments?post=14249"}],"version-history":[{"count":0,"href":"https:\/\/www.radlobby.org\/noe\/wp-json\/wp\/v2\/posts\/14249\/revisions"}],"wp:featuredmedia":[{"embeddable":true,"href":"https:\/\/www.radlobby.org\/noe\/wp-json\/wp\/v2\/media\/14250"}],"wp:attachment":[{"href":"https:\/\/www.radlobby.org\/noe\/wp-json\/wp\/v2\/media?parent=14249"}],"wp:term":[{"taxonomy":"category","embeddable":true,"href":"https:\/\/www.radlobby.org\/noe\/wp-json\/wp\/v2\/categories?post=14249"},{"taxonomy":"post_tag","embeddable":true,"href":"https:\/\/www.radlobby.org\/noe\/wp-json\/wp\/v2\/tags?post=14249"}],"curies":[{"name":"wp","href":"https:\/\/api.w.org\/{rel}","templated":true}]}}